{"id":44971,"date":"2022-04-20T06:26:51","date_gmt":"2022-04-20T05:26:51","guid":{"rendered":"https:\/\/speyer24news.com\/?p=44971"},"modified":"2022-04-20T06:26:53","modified_gmt":"2022-04-20T05:26:53","slug":"polizei-783","status":"publish","type":"post","link":"https:\/\/speyer24news.com\/?p=44971","title":{"rendered":"Polizei"},"content":{"rendered":"<style type=\"text\/css\">\r\n\t.ads_top_disp{}\r\n\t.ads_top_corner_disp{ float:left; margin:0px 10px 10px 0px; }\r\n\t.ads_first_p_disp{}\r\n\t.ads_bottom_disp{}\r\n\t<\/style>\n<h2 class=\"wp-block-heading\">Polizeimeldungen vom Ostermontag &amp; Dienstag (18.04. &amp; 19.04.2022)<\/h2>\n\n\n\n<div class=\"wp-block-image\"><figure class=\"aligncenter size-full\"><img decoding=\"async\" loading=\"lazy\" width=\"375\" height=\"500\" src=\"https:\/\/speyer24news.com\/wp-content\/uploads\/2022\/03\/Aktuelles-Polizeilogo.jpg\" alt=\"\" class=\"wp-image-43591\" srcset=\"https:\/\/speyer24news.com\/wp-content\/uploads\/2022\/03\/Aktuelles-Polizeilogo.jpg 375w, https:\/\/speyer24news.com\/wp-content\/uploads\/2022\/03\/Aktuelles-Polizeilogo-225x300.jpg 225w\" sizes=\"(max-width: 375px) 100vw, 375px\" \/><\/figure><\/div>\n\n\n\n<p><\/p>\n\n\n\n<h2 class=\"wp-block-heading\">(Speyer) &#8211; Geldb\u00f6rse auf der Fr\u00fchjahrsmesse gestohlen<\/h2>\n\n\n\n<p>Am 18.04.2022 um 18:15 Uhr kam es zum Diebstahl einer Geldb\u00f6rse auf der Fr\u00fchjahrsmesse in Speyer. Ein 51-j\u00e4hriger Mann besuchte mit seiner Familie die Fr\u00fchjahrsmesse. Als er einige S\u00fc\u00dfwaren bezahlen wollte, bemerkte der Mann, dass ihm die Geldb\u00f6rse aus der hinteren Hosentasche gestohlen wurde. <\/p>\n\n\n\n<h4 class=\"wp-block-heading\">F\u00fcr einen sicheren Besuch empfiehlt die Polizei:<\/h4>\n\n\n\n<ul><li><strong>Lassen Sie ihre Taschen oder Wertgegenst\u00e4nde nie unbeaufsichtigt und tragen Sie diese immer so nah wie m\u00f6glich am K\u00f6rper.<\/strong><\/li><li><strong>Sollten Ihnen Zahlungskarten abhandengekommen sein, lassen Sie diese umgehend f\u00fcr den weiteren Gebrauch \u00fcber den bundesweiten Sperr-Notruf (0049) 116 116 sperren.<\/strong><\/li><li><strong>Informieren Sie umgehend die Polizei.<\/strong><\/li><\/ul>\n\n\n\n<h2 class=\"wp-block-heading\">(Speyer) &#8211; Geschwindigkeitskontrollen im Stadtgebiet<\/h2>\n\n\n\n<p>Am Montag, zwischen 10:30 Und 14:30 Uhr, wurden durch die Polizei mehrere Geschwindigkeitsmessungen im Stadtgebiet von Speyer eingerichtet.<\/p>\n\n\n\n<p>Es wurde zwischen 10:45 und 11:45 Uhr eine Geschwindigkeitsmessung in der Landauer Stra\u00dfe durchgef\u00fchrt. Bei hier erlaubten 30 km\/h konnten insgesamt acht \u00dcberschreitungen gemessen werden, wobei die gemessene H\u00f6chstgeschwindigkeit 51 km\/h betrug.<\/p>\n\n\n\n<p>Eine weitere Geschwindigkeitsmessung erfolgte zwischen 13:20 und 13:50 Uhr in der Burgstra\u00dfe in Speyer. Bei hier ebenfalls erlaubten 30 km\/h kam es zu f\u00fcnf Verst\u00f6\u00dfen. Der Spitzenreiter wurde mit 45 km\/h gemessen.<\/p>\n\n\n\n<p>Von 14:00 bis 14:30 Uhr wurde zudem eine Messstelle in der Paul-Egell-Stra\u00dfe eingerichtet. Auch hier betr\u00e4gt die zul\u00e4ssige H\u00f6chstgeschwindigkeit 30 km\/h. Bei einer maximal gemessenen Geschwindigkeit von 47 km\/h kam es insgesamt zu 6 Verst\u00f6\u00dfen.<\/p>\n\n\n\n<h2 class=\"wp-block-heading\">(Speyer) &#8211; Alkoholisierte Radfahrer kollidiert mit PKW<\/h2>\n\n\n\n<p>Ein 31j\u00e4hriger Mann aus Speyer meldet Montagfr\u00fch \u00fcber Notruf, dass er von mehreren Personen angegangen wird. Vor Ort stellte sich heraus, dass der 31j\u00e4hrige mit seinem Fahrrad ein parkendes Fahrzeug streifte und dadurch zu Fall kam. Dies wurde von mehreren Zeugen beobachtet, die den 31j\u00e4hrigen aufforderten, stehen zu bleiben, was dem 31j\u00e4hrigen missfiel. Grund hierf\u00fcr k\u00f6nnte die vor Ort festgestellte Alkoholisierung des Fahrradfahrers gewesen sein. Ein Atemalkoholtest ergab n\u00e4mlich einen Wert von 3,81 Promille, ihm wurde eine Blutprobe entnommen und ein Strafverfahren wegen Trunkenheit im Verkehr eingeleitet. Verletzt wurde er durch den Sturz nicht, Schaden am parkenden Fahrzeug und am Fahrrad entstand keiner.<\/p>\n\n\n\n<h2 class=\"wp-block-heading\">(Speyer) &#8211; Versuchter Einbruch in Pfarrhaus<a href=\"https:\/\/www.facebook.com\/sharer.php?u=https%3A%2F%2Fwww.presseportal.de%2Fblaulicht%2Fpm%2F117688%2F5198827%2F%3Futm_source%3Dfacebook%26utm_medium%3Dsocial\"><\/a><a href=\"https:\/\/twitter.com\/intent\/tweet?text=POL-PDLU%3A%20Versuchter%20Einbruch%20in%20Pfarrhaus&amp;url=https%3A%2F%2Fwww.presseportal.de%2Fblaulicht%2Fpm%2F117688%2F5198827%2F%3Futm_source%3Dtwitter%26utm_medium%3Dsocial&amp;hashtags=ots&amp;lang=de\"><\/a><a href=\"https:\/\/web.whatsapp.com\/send?text=POL-PDLU%3A%20Versuchter%20Einbruch%20in%20Pfarrhaus%0A%0Ahttps%3A%2F%2Fwww.presseportal.de%2Fblaulicht%2Fpm%2F117688%2F5198827%2F%3Futm_source%3Dwhatsapp%26utm_medium%3Dsocial\"><\/a><a href=\"https:\/\/www.xing.com\/app\/user?op=share;url=https%3A%2F%2Fwww.presseportal.de%2Fblaulicht%2Fpm%2F117688%2F5198827%2F%3Futm_source%3Dxing%26utm_medium%3Dsocial\"><\/a><a href=\"http:\/\/www.linkedin.com\/shareArticle?mini=true&amp;url=https%3A%2F%2Fwww.presseportal.de%2Fblaulicht%2Fpm%2F117688%2F5198827%2F%3Futm_source%3Dlinkedin%26utm_medium%3Dsocial&amp;title=POL-PDLU%3A+Versuchter+Einbruch+in+Pfarrhaus\"><\/a><a href=\"mailto:?subject=POL-PDLU%3A%20Versuchter%20Einbruch%20in%20Pfarrhaus&amp;body=https:\/\/www.presseportal.de\/blaulicht\/pm\/117688\/5198827\"><\/a><\/h2>\n\n\n\n<p>Ein 61j\u00e4hriger Zeuge beobachtete Sonntagmittag zwei m\u00e4nnliche Personen, die versuchten in das Pfarrhaus in der Gilgenstra\u00dfe zu gelangen. Einer der T\u00e4ter versuchte die Rolll\u00e4den hochzuschieben, w\u00e4hrend der andere &#8222;Schmiere&#8220; stand. Als sie den Zeugen bemerkten, verlie\u00dfen sie fu\u00dfl\u00e4ufig die \u00d6rtlichkeit. Die T\u00e4ter hatten auff\u00e4llige Kleidung getragen, einer trug eine camouflagefarbene Jogginghose, der zweite T\u00e4ter einen rosafarbenen Kapuzenpullover. N\u00e4heres nicht bekannt<\/p>\n\n\n\n<p>Zeugen, die zur Mittagszeit verd\u00e4chtige Beobachtungen rund um die Innenstadt wahrnahmen oder Angaben zu den oben genannten Personen machen k\u00f6nnen, werden gebeten sich bei der Polizei in Speyer unter der Tel. 06232\/137-0 oder per Email an\u00a0<a href=\"mailto:pispeyer@polizei.rlp.de\">pispeyer@polizei.rlp.de<\/a>\u00a0zu melden.<\/p>\n\n\n\n<h2 class=\"wp-block-heading\">(Otterstadt) &#8211; Alkoholisierter E-Bike Fahrer<\/h2>\n\n\n\n<p>Zeugen melden Sonntagnacht einen gest\u00fcrzten Fahrradfahrer in der Speyerer Stra\u00dfe in Otterstadt. Vor Ort konnte bei dem 55j\u00e4hriger Mann, der mit seinem E-Bike unterwegs war, Alkoholgeruch wahrgenommen werden. Ein Atemalkoholtest ergab einen Wert von 2,08 Promille. Der E-Bike- Fahrer verletzte sich leicht bei dem Sturz im Kopfbereich und an den H\u00e4nden, er wurde deshalb zwecks medizinischer Versorgung in ein Speyerer Krankenhaus verbracht, dort wurde ihm aufgrund der Alkoholisierung auch eine Blutprobe entnommen, ihn erwartet nun ein Ermittlungsverfahren wegen Gef\u00e4hrdung des Stra\u00dfenverkehrs.<\/p>\n\n\n\n<h2 class=\"wp-block-heading\">(Schifferstadt) &#8211; Kontrolle der Polizei<\/h2>\n\n\n\n<p>Beamte der Polizeiinspektion Schifferstadt haben in der Nacht vom Montag auf Dienstag zwischen 23:00 Uhr und 00:30 Uhr eine Kontrollstelle in der Speyerer Stra\u00dfe eingerichtet. Dabei wurden mehrere Fahrzeuge angehalten und kontrolliert. Hierbei konnten drei Gurtverst\u00f6\u00dfe festgestellt und geahndet.<\/p>\n\n\n\n<h2 class=\"wp-block-heading\">(Schifferstadt) &#8211; Diebstahl eines Rasenm\u00e4hers \/ Gesch\u00e4digte gesucht<\/h2>\n\n\n\n<p>Am Montag den 18.04.2022 um 01:20 Uhr meldet sich ein Mann aus der Joseph-Haydn-Stra\u00dfe telefonisch auf hiesiger Dienststelle und teilt mit, dass er auf seiner Kamera am Garten zwei m\u00e4nnliche, dunkel gekleidete Personen erkennen w\u00fcrde, die sich auff\u00e4llig umschauen w\u00fcrden. Er selbst w\u00e4re gerade auf dem Weg nach Hause. Vor Ort konnte nur der Mitteiler angetroffen werden. Auf der Videoaufnahme war zu sehen, wie zwei m\u00e4nnliche Personen mit Fahrr\u00e4dern mehrfach an dem Anwesen vorbeigelaufen sind und sich umgeschaut haben. Bei der letzten Aufnahme zog einer der M\u00e4nner neben seinem Fahrrad zus\u00e4tzlich einen Rasenm\u00e4her hinter sich her. Die beiden M\u00e4nner sind dabei in Richtung Richard-Strau\u00df-Stra\u00dfe gelaufen. Bei einer durchgef\u00fchrten Nachschau bei den umliegenden G\u00e4rten konnte nicht eruiert werden, woher der Rasenm\u00e4her stammt. Da sich die M\u00e4nner mehrfach in den G\u00e4rten umgeschaut haben und anfangs ohne Rasenm\u00e4her gelaufen sind, ist davon auszugehen, dass dieser entwendet wurde. Eine durchgef\u00fchrte Nahbereichsfahndung nach den Personen verlief negativ. Zeugen, die Angaben zu den genannten Personen machen k\u00f6nnen oder Gesch\u00e4digte eines Rasenm\u00e4herdiebstahls, werden gebeten, sich mit der Polizeiinspektion Schifferstadt unter 06235 495-0 oder\u00a0<a href=\"mailto:pischifferstadt@polizei.rlp.de\">pischifferstadt@polizei.rlp.de<\/a>\u00a0in Verbindung zu setzen.<\/p>\n\n\n\n<h2 class=\"wp-block-heading\">(Schifferstadt) &#8211; Ladendieb auf frischer Tat erfasst<\/h2>\n\n\n\n<p>Am 16.04.2022, gegen 14:00 Uhr, beobachte ein Mitarbeiter eines Supermarkts in der Waldseer Stra\u00dfe einen 65-j\u00e4hrigen Mann, wie dieser zwei Steaks aus der Verpackung entnommen und diese in seinen Rucksack gesteckt hat. Der Mann wurde durch den Mitarbeiter angesprochen und entgegnete zu seiner Verteidigung, dass er die Steaks lediglich platzsparend transportieren wollte. Der Mann erhielt ein Hausverbot in dem Supermarkt und ihn erwartet ein Strafverfahren wegen versuchtem Ladendiebstahl.<\/p>\n\n\n\n<h2 class=\"wp-block-heading\">(Altrip) &#8211; Streitigkeiten um eine Gartenparzelle f\u00fchren zur K\u00f6rperverletzung mit drei leichtverletzten Personen.<\/h2>\n\n\n\n<p>Am Montag den 18.04.2022 kam es im Karpfenzug zwischen einem getrennten Paar und deren neuen Partnern zun\u00e4chst zu Streitigkeiten bez\u00fcglich der Nutzung einer dort befindlichen Gartenparzelle. Im Verlaufe des Streites schlugen zun\u00e4chst die M\u00e4nner aufeinander ein. Eine der anwesenden Damen mischte sich ebenfalls in die Handgreiflichkeiten ein, sodass am Ende alle drei leicht verletzt wurden. Es wurden mehrere Anzeigen wegen wechselseitiger K\u00f6perverletzung aufgenommen.<\/p>\n\n\n\n<h2 class=\"wp-block-heading\">(Altrip) &#8211; Wildunfall mit leicht verletztem Motorradfahrer<\/h2>\n\n\n\n<p>Am 17.04.2022 kurz vor Mitternacht wurde \u00fcber die Integrierte Rettungsleitstelle ein Unfall mit leicht verletztem Motorradfahrer auf der K12 gemeldet. Vor Ort konnte ein 18-j\u00e4hriger Mann unter seinem Motorrad liegend festgestellt werden. Dieser klagte \u00fcber Schmerzen an einer Hand und einem Bein. Er teilte mit, dass er mit seinem Motorrad die K12 in Fahrtrichtung Altrip befuhr, als ein Hase die Fahrbahn von links nach rechts kreuzte. Der Fahrer erschrak dabei und st\u00fcrzte im Gr\u00fcnstreifen. Er wurde anschlie\u00dfend durch den Rettungsdienst in ein Krankenhaus nach Ludwigshafen verbracht. Die K12 wurde zum Zwecke der Unfallaufnahme f\u00fcr circa 20 Minuten gesperrt.<\/p>\n\n\n\n<h2 class=\"wp-block-heading\">(Mutterstadt) &#8211; Versto\u00df gegen das Pflichtversicherungsgesetz<\/h2>\n\n\n\n<p>Am 18.04.2022 gegen 16:20 Uhr wurde im Rahmen der Streife ein 19-j\u00e4hriger Mann einer Verkehrskontrolle unterzogen. Dieser f\u00fchrte ein Elektrokleinstfahrzeuges (E-Scooters) ohne erforderliche Versicherungsplakette. Der E-Scooter bewegte sich ohne Tretbewegungen des Fahrers. Der Beschuldigte gab an, dass er den E-Scooter erst k\u00fcrzlich beim Elektronik-Fachhandel erworben hatte und er sei sich nicht bewusst gewesen, dass er daf\u00fcr eine Versicherung h\u00e4tte abschlie\u00dfen m\u00fcssen. Er konnte keinerlei Dokumente vorweisen. Die Weiterfahrt wurde dem Mann untersagt. Die Elektrokleinstfahrzeuge-Verordnung regelt unter welchen Umst\u00e4nden solche Fahrzeuge versichert sein m\u00fcssen.<\/p>\n\n\n\n<h2 class=\"wp-block-heading\">(Mutterstadt) &#8211; Verkehrsunfallflucht \/ Zeugen gesucht<\/h2>\n\n\n\n<p>Am Freitag, den 15.04.2022 , stellte eine 28-j\u00e4hrige Frau ihren Skoda am Anzweg H\u00f6he Hausnummer 83 ab. Als ihr Ehemann gegen 21:00 Uhr an das Fahrzeug kam bemerkte er, dass der dahinterstehende Peugeot an dem Auto seiner Ehefrau stand. Die Fahrerin dieses Fahrzeugs war zuf\u00e4llig auf dem gleichen Geburtstag wie dessen Ehefrau. Die Peugeotfahrerin teilte mit, dass sie gegen 16:00 Uhr ihr Fahrzeug mit Abstand hinter dem Skoda parkte. Bei einer Schadenbegutachtung stellten die Beteiligten fest, dass auch der Peugeot im Heckbereich besch\u00e4digt war, sodass man davon ausgehen konnte, dass ein unbekanntes Fahrzeug auf den Peugeot auffuhr und diesem auf dem Skoda schob. Es entstand ein Sachschaden von ca. 5000 Euro. Zum Unfallbeteiligten Fahrzeug sind keinerlei Hinweise bekannt. Zeugen, die Angaben zu dem Unfallgeschehen machen k\u00f6nnen, werden gebeten, sich mit der Polizeiinspektion Schifferstadt unter 06235 495-0 oder\u00a0<a href=\"mailto:pischifferstadt@polizei.rlp.de\">pischifferstadt@polizei.rlp.de<\/a>\u00a0in Verbindung zu setzen.<\/p>\n\n\n\n<h2 class=\"wp-block-heading\">(Schwegenheim) &#8211; Trinkgelage unter Fernfahrern mit Folgen<\/h2>\n\n\n\n<p>Zu einem Trinkgelage unter mehreren Fernfahrern kam es am Sonntag Nachmittag auf dem Autohof in Schwegenheim, in dessen Verlauf es mit zunehmender Alkoholisierung zwischen zwei Beteiligten zu einer k\u00f6rperlichen Auseinandersetzung kam. Hierbei verlor der Gesch\u00e4digte nach einem Sto\u00df des Beschuldigten und einem daraus resultierenden Sturz zwei Schneidez\u00e4hne. Gegen den Beschuldigten wurde ein Strafverfahren eingeleitet. Weiter wurde ihm aufgrund seines Alkoholgehalts von 2,2 Promille die m\u00f6gliche Weiterfahrt untersagt. Hierf\u00fcr wurde die Fahrerkarte pr\u00e4ventiv sichergestellt. Der Gesch\u00e4digte wurde im Krankenhaus versorgt.<\/p>\n\n\n\n<h2 class=\"wp-block-heading\">(Germersheim) &#8211; 12-j\u00e4hrige aus Germersheim wurde angetroffen \/ R\u00fccknahme der \u00d6ffentlichkeitsfahndung<\/h2>\n\n\n\n<p>Die vermisste 12-j\u00e4hrige Maram ABO ABED konnte im Stadtgebiet von Germersheim von ihren Eltern wohlbehalten angetroffen werden. Die ausgestrahlte \u00d6ffentlichkeitsfahndung wird zur\u00fcckgenommen<\/p>\n\n\n\n<h2 class=\"wp-block-heading\">(Herxheim) &#8211; Aktuelle Warnmeldung der Polizeidirektion Landau Betrugsmasche &#8222;falsche Polizeibeamte&#8220;, aktuell mehrere betr\u00fcgerische Anrufe, insbesondere im Raum Herxheim bei Landau<\/h2>\n\n\n\n<p>Die Polizeidirektion Landau m\u00f6chte Sie darauf hinweisen, dass es aktuell (19.04.2022 \u2013 17:08) im Bereich Herxheim, Kreis S\u00dcW, vermehrt zu Anrufen bei \u00e4lteren Menschen kommt, bei denen es sich um Betrugsversuche im Bereich &#8222;falsche Polizeibeamte&#8220; handeln k\u00f6nnte.<\/p>\n\n\n\n<ul><li><strong>Geben Sie am Telefon keine Auskunft \u00fcber Ihre pers\u00f6nlichen und finanziellen Verh\u00e4ltnisse oder andere sensible Daten.<\/strong><\/li><li><strong>\u00d6ffnen Sie unbekannten Personen nicht die T\u00fcr. Ziehen Sie gegebenenfalls eine Vertrauensperson hinzu, z. B. Nachbarn oder nahe Verwandte.<\/strong><\/li><li><strong>\u00dcbergeben Sie unbekannten Personen kein Geld oder Wertsachen. Wenden Sie sich an das \u00f6rtliche Polizeirevier. Erz\u00e4hlen Sie der Polizei von den Anrufen. <\/strong><\/li><\/ul>\n\n\n\n<p>Die Polizeidirektion Landau ist f\u00fcr Sie da! Telefonnummer: 06341-287-0.<\/p>\n\n\n\n<h2 class=\"wp-block-heading\">(Birkweiler) &#8211; Motorradfahrer bei Unfall schwer verletzt<\/h2>\n\n\n\n<p>Am Montag, um 15:30 Uhr wurde ein 52-j\u00e4hriger Motorradfahrer bei einem Unfall auf der L508 zwischen Ranschbach und Birkweiler schwer verletzt. Ein 27-j\u00e4hriger Autofahrer hatte die L508 in Richtung Birkweiler befahren und wollte nach links in einen Feldweg einbiegen. Hierbei \u00fcbersah er einen entgegenkommenden Motorradfahrer und es kam zum Zusammensto\u00df zwischen den beiden Fahrzeugen. Der Motorradfahrer musste aufgrund seiner Verletzungen mit einem Rettungshubschrauber in ein Krankenhaus gebracht werden, der Autofahrer blieb unverletzt. An beiden Fahrzeugen entstand ein Sachschaden in H\u00f6he von insgesamt 15000 Euro. Die L508 wurde f\u00fcr die Dauer der Unfallaufnahme voll gesperrt.<\/p>\n\n\n\n<h2 class=\"wp-block-heading\">(Edenkoben) &#8211; Zeugenaufruf nach Trunkenheitsfahrt und Unfallflucht<\/h2>\n\n\n\n<p>Am 18.04.2022 gegen 23:40 Uhr erging durch eine aufmerksame Zeugin der Hinweis, dass eine augenscheinlich stark alkoholisierte Person am Paul-Gillet-Platz in Edenkoben in ihr Fahrzeug stieg und losfuhr. Aufgrund des bekannten Kennzeichens konnte die Person wenige Minuten sp\u00e4ter an ihrer Wohnanschrift angetroffen und zur Dienststelle gebracht werden, da sich die Mitteilungen der Zeugin best\u00e4tigten. Neben der Entnahme einer Blutprobe erfolgte die Sicherstellung des F\u00fchrerscheins.<\/p>\n\n\n\n<p>Bei der \u00dcberpr\u00fcfung des genutzten Fahrzeuges wurde ein frischer Unfallschaden festgestellt, welcher bislang nicht zugeordnet werden konnte. Als m\u00f6gliche Unfallorte kommen insbesondere die Stra\u00dfen zwischen dem Paul-Gillet-Platz und dem Landauer Weg infrage.<\/p>\n\n\n\n<p>Die Polizei bittet m\u00f6gliche Zeugen sowie Gesch\u00e4digte, sich telefonisch oder per E-Mail an\u00a0<a href=\"mailto:piedenkoben@polizei.rlp.de\">piedenkoben@polizei.rlp.de<\/a>\u00a0zu melden.<\/p>\n\n\n\n<h2 class=\"wp-block-heading\">(Edenkoben) &#8211; Betrunkener Radfahrer<\/h2>\n\n\n\n<p>In der Nacht von Sonntag auf Montag konnte durch eine Streife der PI Edenkoben ein Fahrradfahrer festgestellt werden, welcher sichtlich Probleme hatte, sein Gef\u00e4hrt sicher zu f\u00fchren. Im Verlauf einer daraufhin durchgef\u00fchrten Verkehrskontrolle wurde bei dem 36j\u00e4hrigen Fahrer Atemalkoholgeruch sowie eine verwaschene Aussprache festgestellt. Ein durchgef\u00fchrter Atemalkoholtest ergab einen Wert von 1,77Promille. Dem Fahrzeugf\u00fchrer wurde die Weiterfahrt untersagt und eine Blutprobe entnommen.<\/p>\n\n\n\n<h2 class=\"wp-block-heading\">(Neustadt) &#8211; Fahrzeug erneut unter Einfluss von Bet\u00e4ubungsmitteln gef\u00fchrt<\/h2>\n\n\n\n<p>Nachdem ein 43-J\u00e4hriger aus dem Bereich Neustadt am Vortag einen Verkehrsunfall unter Einfluss von Bet\u00e4ubungsmitteln verursacht hatte, rief er in der Nacht zum 17.04.2022 bei der Polizeiinspektion Neustadt an, da er sein Fahrzeug nicht mehr finden konnte. Als die Beamten an die durch den Mann geschilderte \u00d6rtlichkeit in der Hetzelstra\u00dfe kamen, konnten sie ihn fahrend in seinem vermeintlich verloren gegangenen PKW feststellen. Er wurde einer Verkehrskontrolle unterzogen, im Rahmen derer erneut drogentypische Auffallerscheinungen bei ihm festgestellt wurden. Ein durchgef\u00fchrter freiwilliger Urintest reagierte wieder positiv auf Opiate. Dem 43-J\u00e4hrigen wurde auf hiesiger Dienststelle erneut eine Blutprobe entnommen. Sein Fahrzeugschl\u00fcssel wurde zur Verhinderung weiterer Straftaten sichergestellt. Ihn erwartet ein weiteres Strafverfahren wegen Trunkenheit im Verkehr.<\/p>\n\n\n\n<h2 class=\"wp-block-heading\">(Bad D\u00fcrkheim) &#8211; Verkehrsunfall mit leichtverletzter Person<\/h2>\n\n\n\n<p>Am 18.04.2022 kam es auf der K31 zwischen Leistadt und H\u00f6ningen zu einem Verkehrsunfall zwischen einem Motorrad und einem Auto. Die beiden Fahrzeuge befuhren die K31 in entgegengesetzter Richtung. Auf H\u00f6he des Forsthauses Lindemannsruhe kam es zum Zusammensto\u00df zwischen dem Motorrad und dem PKW. Der 16-j\u00e4hrige Motorradfahrer aus Lambsheim st\u00fcrzte von seinem Motorrad und verletzte sich hierbei gl\u00fccklicherweise nur leicht. Er wurde durch den hinzugezogenen Rettungsdienst behandelt und kam anschlie\u00dfend zur vorsorglichen Untersuchung in ein umliegendes Krankenhaus. Der 78-j\u00e4hrige Autofahrer aus Bad D\u00fcrkheim blieb bei dem Zusammensto\u00df unverletzt. Beide Unfallbeteiligten gaben vor Ort an, dass der jeweils andere zu weit in der Mitte der Fahrbahn gefahren w\u00e4re und es deswegen zum Unfall kam. Durch den Unfall entstand an beiden Fahrzeugen ein Sachschaden in einer H\u00f6he von insgesamt circa 5.500EUR. Zeugen, welche den Unfallhergang beobachtet haben werden gebeten sich mit der Polizeiinspektion Bad D\u00fcrkheim unter der Tel. 06322\/963-0 oder per E-Mail&nbsp;<a href=\"mailto:pibadduerkheim@polizei.rlp.de.de\">pibadduerkheim@polizei.rlp.de.de<\/a>&nbsp;in Verbindung zu setzen.<\/p>\n\n\n\n<h2 class=\"wp-block-heading\">(Bad D\u00fcrkheim) &#8211; Geparktes Auto mutwillig zerkratzt<\/h2>\n\n\n\n<p>Im Zeitraum vom 17.04.2022 gegen 20:00 Uhr bis zum 18.04.2022 gegen 12:30 Uhr wurde ein in der Schillerstra\u00dfe in Bad D\u00fcrkheim abgestellter schwarzer Hyundai Tucson von bislang unbekannten T\u00e4tern besch\u00e4digt. Die hintere rechte Fahrzeugt\u00fcr des PKW wurde mit einem unbekannten Gegenstand zerkratzt. Weiterhin wurden zwei Reifen zerstochen, an einem dritten Reifen wurde die Luft abgelassen. Es entstand ein Gesamtschaden von circa 1.000EUR. Hinweise bitte an die Polizeiinspektion Bad D\u00fcrkheim, Tel. 06322\/963-0, oder\u00a0<a href=\"mailto:pibadduerkheim@polizei.rlp.de\">pibadduerkheim@polizei.rlp.de<\/a><\/p>\n\n\n\n<h2 class=\"wp-block-heading\">(Ellerstadt) &#8211; Einbruch in ein Einfamilienhaus<\/h2>\n\n\n\n<p>Am 18.04.2022 gegen 13:40 Uhr wurde ein Einbruch in der Speyerer Stra\u00dfe in Ellerstadt in ein dortiges Einfamilienhaus gemeldet. Vor Ort konnte festgestellt werden, dass bislang unbekannte T\u00e4ter die r\u00fcckseitige Terrassent\u00fcr eingeschlagen haben und anschlie\u00dfend in das Haus gelangten. Im Anwesen wurden mehrere Schr\u00e4nke durchw\u00fchlt. Bislang ist das genaue Diebesgut noch unbekannt. Hinweise bitte an die Polizeiinspektion Bad D\u00fcrkheim, Tel. 06322\/963-0, oder\u00a0<a href=\"mailto:pibadduerkheim@polizei.rlp.de\">pibadduerkheim@polizei.rlp.de<\/a><\/p>\n\n\n\n<h2 class=\"wp-block-heading\">(A 6 \/ Kirchheim a.d.W.) &#8211; Fahrzeug ger\u00e4t auf der BAB 6 in Brand<\/h2>\n\n\n\n<p>Am Dienstag kam es auf der BAB 6 an der Anschlussstelle Gr\u00fcnstadt in Fahrtrichtung Kaiserslautern zu einem Fahrzeugvollbrand. Der 27-j\u00e4hrige Fahrzeugf\u00fchrer aus der Vorderpfalz bemerkte bereits beim Fahren auf der Autobahn eine Rauchentwicklung an seinem BMW und fuhr deshalb an der Anschlussstelle Gr\u00fcnstadt von der Autobahn. Er konnte das Fahrzeug noch kontrolliert am Fahrbahnrand abstellen und unverletzt verlassen. Der Vollbrand des BMWs war jedoch auch durch die schnell anwesende Feuerwehr Gr\u00fcnstadt nicht mehr zu verhindern. W\u00e4hrend der L\u00f6scharbeiten musste die Anschlussstelle Gr\u00fcnstadt kurzzeitig voll gesperrt werden. Am Fahrzeug entstand Totalschaden in H\u00f6he von ca. 15.000 Euro. Verletzt wurde niemand. Neben den beiden Streifen der Autobahnpolizei Ruchheim waren die Feuerwehr Gr\u00fcnstadt mit 18 Mann und ein Fahrzeug der Autobahnmeisterei Wattenheim im Einsatz. Die Reste des Fahrzeugs mussten durch einen Abschlepper mit dem Kran aufgeladen werden.<\/p>\n\n\n\n<h2 class=\"wp-block-heading\">(Pr\u00e4sidialbereich Rheinpfalz) &#8211; Polizeiliche Einsatzma\u00dfnahmen anl\u00e4sslich erneuter Aufrufe zu sogenannten &#8222;Montagsspazierg\u00e4ngen&#8220;<\/h2>\n\n\n\n<div class=\"wp-block-image\"><figure class=\"aligncenter size-large\"><img decoding=\"async\" loading=\"lazy\" width=\"1024\" height=\"512\" src=\"https:\/\/speyer24news.com\/wp-content\/uploads\/2022\/01\/Demonstration-1024x512.png\" alt=\"\" class=\"wp-image-43221\" srcset=\"https:\/\/speyer24news.com\/wp-content\/uploads\/2022\/01\/Demonstration-1024x512.png 1024w, https:\/\/speyer24news.com\/wp-content\/uploads\/2022\/01\/Demonstration-300x150.png 300w, https:\/\/speyer24news.com\/wp-content\/uploads\/2022\/01\/Demonstration-768x384.png 768w, https:\/\/speyer24news.com\/wp-content\/uploads\/2022\/01\/Demonstration.png 1200w\" sizes=\"(max-width: 1024px) 100vw, 1024px\" \/><\/figure><\/div>\n\n\n\n<p>F\u00fcr den Abend des Ostermontages (18.04.2022) wurde erneut auf verschiedenen Plattformen dazu aufgerufen, sich \u00f6ffentlich zu treffen, um ein Zeichen gegen die Corona-Ma\u00dfnahmen zu setzen. Nach unseren vorbereiteten Einsatzkonzepten waren wir mit Polizeikr\u00e4ften an relevanten Orten pr\u00e4sent. Dabei konnten wir rund 180 Personen als sogenannte &#8222;Spazierg\u00e4nger&#8220; feststellen. Die nicht angemeldeten Versammlungen blieben friedlich und verliefen st\u00f6rungsfrei.<\/p>\n\n\n\n<h2 class=\"wp-block-heading\">(Ludwigshafen) &#8211; Versuchter Einbruch in die Minigolf-Anlage im Ebertpark<\/h2>\n\n\n\n<p>Ein Sicherheitsdienst meldete der Polizei einen Einbruchsalarm am 19. April 2022 um kurz nach 05:00 Uhr morgens in das Geb\u00e4ude einer Minigolf-Anlage. Unbekannte brachen ein Fenster auf, welches jedoch durch ein Gitter gesichert war, so dass die T\u00e4ter nicht in das Geb\u00e4ude kamen und nichts entwendet wurde. Der genaue Sachschaden steht noch nicht fest.<\/p>\n\n\n\n<p>Wer hat im Ebertpark verd\u00e4chtige Ger\u00e4usche oder auch Personen in der N\u00e4he der Minigolf-Anlage wahrgenommen?<\/p>\n\n\n\n<p>Sachdienliche Hinweise bitte an die Polizeiinspektion Ludwigshafen 2, Telefonnummer 0621 963-2222 oder per E-Mail&nbsp;<a href=\"mailto:piludwigshafen2@polizei.rlp.de\">piludwigshafen2@polizei.rlp.de<\/a>&nbsp;.<\/p>\n\n\n\n<p>Eine gute Sicherung Ihres Geb\u00e4udes kann Einbr\u00fcche verhindern! Auf Wunsch geben wir Ihnen gerne, nat\u00fcrlich kostenlos, weitere Tipps in Sachen Einbruchschutz. Nach vorheriger Terminabsprache besuchen wir Sie und pr\u00fcfen die vorhandenen M\u00f6glichkeiten an Ihrem Anwesen. Wenden Sie sich hierf\u00fcr an:<\/p>\n\n\n\n<ul><li><strong>Polizeipr\u00e4sidium Rheinpfalz<\/strong><\/li><li><strong>Zentrale Pr\u00e4vention<\/strong><\/li><li><strong>Bismarckstra\u00dfe 116<\/strong><\/li><li><strong>67059 Ludwigshafen<\/strong><\/li><li><strong>Tel.: 0621-963-1151<\/strong><\/li><\/ul>\n\n\n\n<p>Weitere Informationen im Internet:\u00a0<a target=\"_blank\" rel=\"noreferrer noopener\" href=\"http:\/\/www.polizei-beratung.de\/\">www.polizei-beratung.de<\/a>\u00a0oder\u00a0<a target=\"_blank\" rel=\"noreferrer noopener\" href=\"http:\/\/www.k-einbruch.de\/\">www.k-einbruch.de<\/a><\/p>\n\n\n\n<h2 class=\"wp-block-heading\">(Ludwigshafen) &#8211; Einbruch in Kiosk in der Sch\u00fctzenstra\u00dfe<\/h2>\n\n\n\n<p>In der Zeit von Montag, 18.04., 17:00 Uhr bis zum Dienstag, 19.04.2022, gegen 05:00 Uhr morgens brachen Unbekannte eine T\u00fcr eines Mehrfamilienhauses auf, welche zu dem Vorraum eines Kiosks f\u00fchrte. Dort konnten die Unbekannten einige Zigarettenstangen entwenden. Der Gesamtschaden liegt bei ca. 2.000 Euro.<\/p>\n\n\n\n<p>Wer hat verd\u00e4chtige Personen an dem Kiosk festgestellt?<\/p>\n\n\n\n<p>Sachdienliche Hinweise bitte an die Polizeiinspektion Ludwigshafen 1, Telefonnummer 0621 963-2122 oder per E-Mail\u00a0<a href=\"mailto:piludwigshafen1@polizei.rlp.de\">piludwigshafen1@polizei.rlp.de<\/a>\u00a0.<\/p>\n\n\n\n<h2 class=\"wp-block-heading\">(Ludwigshafen) &#8211; Unter Drogeneinfluss Auto gefahren<\/h2>\n\n\n\n<p>Am Dienstag, den 19.04.2022, um 00:55 Uhr, kontrollierten Polizeibeamte einen BMW-Fahrer in der Kaiser-Wilhelm-Stra\u00dfe und stellten bei ihm einen Einfluss von Drogen fest. Ein freiwillig angebotener Drogenschnelltest verlief positiv auf Kokain. Dem 29-j\u00e4hrigen Fahrer wurde eine Blutprobe entnommen und die Weiterfahrt untersagt. Gegen den Fahrer wurde eine Ordnungswidrigkeitsanzeige erstattet, welche mit bis zu 3.000 Euro geahndet werden kann. Die F\u00fchrerscheinstelle kann die Geeignet des Fahrers \u00fcberpr\u00fcfen.<\/p>\n\n\n\n<p>Wer unter Alkohol- oder Drogeneinfluss f\u00e4hrt, gef\u00e4hrdet nicht nur sich, sondern auch andere. Wer dies missachtet, begeht eine Ordnungswidrigkeit oder sogar eine Straftat.<\/p>\n\n\n\n<h2 class=\"wp-block-heading\">(Ludwigshafen) &#8211; Werkzeug aus Transporter gestohlen<\/h2>\n\n\n\n<p>In der Frankenthaler Stra\u00dfe betraten Unbekannte der Zeit vom 14.04.2022, 16:00 Uhr bis zum 18.04.2022, 21:00 Uhr ein Firmengel\u00e4nde und schlugen an einem Mercedes Benz Transporter die Heckscheibe ein und entwendeten Werkzeug. Die genaue Schadensh\u00f6he ist bisher noch nicht bekannt.<\/p>\n\n\n\n<p>Wer hat verd\u00e4chtige Personen in der N\u00e4he des Vito-Transporters festgestellt?<\/p>\n\n\n\n<p>Sachdienliche Hinweise bitte an die Polizeiinspektion Ludwigshafen 2, Telefonnummer 0621 963-2222 oder per E-Mail&nbsp;<a href=\"mailto:piludwigshafen2@polizei.rlp.de\">piludwigshafen2@polizei.rlp.de<\/a>&nbsp;.<\/p>\n\n\n\n<ul><li><strong>Auto-Einbrecher haben es in der Regel besonders auf Navigationsger\u00e4te, Mobiltelefone, Notebooks sowie sonstige zur\u00fcckgelassene Wertsachen wie Handtaschen oder Kleidung mit Scheckkarten, Papieren und Bargeld abgesehen.<\/strong><\/li><li><strong>Lassen Sie keine Wertsachen im Fahrzeug zur\u00fcck!<\/strong><\/li><li><strong>Verschlie\u00dfen Sie Ihr Fahrzeug auch bei kurzer Parkdauer und \u00fcberpr\u00fcfen Sie den Schlie\u00dfzustand. Achten Sie beim Verlassen des Fahrzeugs auf verd\u00e4chtige Personen in Ihrem Umkreis.<\/strong><\/li><\/ul>\n\n\n\n<p>Weiterf\u00fchrende Informationen zu diesem und auch anderen Themen finden Sie auf der Internetpr\u00e4senz der polizeilichen Kriminalpr\u00e4vention unter\u00a0<a target=\"_blank\" rel=\"noreferrer noopener\" href=\"http:\/\/www.polizei-beratung.de\/\">www.polizei-beratung.de<\/a>\u00a0.<\/p>\n\n\n\n<h2 class=\"wp-block-heading\">(Ludwigshafen) &#8211; Verkehrsunfallflucht<\/h2>\n\n\n\n<p>In der Zeit von Montag, 18.04.2022, 08:30 Uhr bis 11:00 Uhr, parkte eine 75-J\u00e4hrige ihren grauen Mercedes Benz in einer Parkbucht vor dem Ren\u00e9-Bohn-Haus in der Ren\u00e9-Bohn-Stra\u00dfe. Ein Unbekannter besch\u00e4digte beim Ein- oder Ausparken mit seinem Auto den Mercedes Benz an der rechten hinteren T\u00fcr und entfernte sich von dem Unfallort, ohne sich um den entstandenen Schaden zu k\u00fcmmern. Der entstandene Schaden liegt bei ca. 300 Euro.<\/p>\n\n\n\n<p>Wer hat den Unfall gesehen und kann Angaben zum Verursacher machen?<\/p>\n\n\n\n<p>Sachdienliche Hinweise bitte an die Polizeiinspektion Ludwigshafen 2, Telefonnummer 0621 963-2222 oder per E-Mail&nbsp;<a href=\"mailto:piludwigshafen2@polizei.rlp.de\">piludwigshafen2@polizei.rlp.de<\/a>&nbsp;.<\/p>\n\n\n\n<h4 class=\"wp-block-heading\">Ein Gro\u00dfteil der Unfallfluchten wird auf Parkpl\u00e4tzen oder an am Stra\u00dfenrand geparkten Fahrzeugen begangen. Daher r\u00e4t die Polizei:<\/h4>\n\n\n\n<ul><li><strong>Meiden Sie sehr enge Parkboxen.<\/strong><\/li><li><strong>Merken oder fotografieren Sie sich das Kennzeichen der neben Ihnen stehenden Fahrzeuge.<\/strong><\/li><li><strong>Gehen Sie lieber ein paar Schritte mehr.<\/strong><\/li><li><strong>Klappen Sie den Au\u00dfenspiegel ein.<\/strong><\/li><\/ul>\n\n\n\n<h2 class=\"wp-block-heading\">(Ludwigshafen) &#8211; T\u00fcrschloss eines Wohnmobils besch\u00e4digt<\/h2>\n\n\n\n<p>In der Zeit von Samstag, 16.04., 18:00 Uhr bis zum Montag, 18.04.2022, 08:30 Uhr, versuchten Unbekannte ein Wohnmobil in der Ernst-Kunz-Stra\u00dfe in Oggersheim (Melm) aufzubrechen, was nicht gelang. Es wurde das T\u00fcrschloss besch\u00e4digt. Der Schaden liegt bei ca. 150 Euro.<\/p>\n\n\n\n<p>Wer hat an dem Wohnmobil verd\u00e4chtige Personen wahrgenommen?<\/p>\n\n\n\n<p>Sachdienliche Hinweise bitte an die Polizeiinspektion Ludwigshafen 2, Telefonnummer 0621 963-2222 oder per E-Mail\u00a0<a href=\"mailto:piludwigshafen2@polizei.rlp.de\">piludwigshafen2@polizei.rlp.de<\/a>\u00a0.<\/p>\n\n\n\n<h2 class=\"wp-block-heading\">(Ludwigshafen) &#8211; Verkehrsunfall mit Personenschaden unter Alkoholeinfluss<\/h2>\n\n\n\n<p>Durch eine aufmerksame Verkehrsteilnehmerin wurde am 18.04.2022, gegen 03:00 Uhr, ein am Boden liegender Fahrradfahrer in der Bannwasserstra\u00dfe gemeldet. Im Rahmen der Sachverhaltsaufnahme stellte sich heraus, dass der 51-j\u00e4hrige Radfahrer aus Ludwigshafen nach einer Feier auf dem Weg nach Hause war und hierbei st\u00fcrzte. Er verletzte sich leicht und wurde durch den Rettungsdienst vor Ort ambulant behandelt. Im Rahmen der Aufnahme konnte Alkoholgeruch festgestellt werden. Ein durchgef\u00fchrter Test vor Ort ergab einen Wert von 2,15 Promille. Das Fahrrad wurde sichergestellt und der Radfahrer zwecks Entnahme einer Blutprobe auf die Dienststelle verbracht. Dieser muss sich nun bzgl. einer Straftat der Trunkenheit im Verkehr verantworten.<\/p>\n\n\n\n<p>Zeugen des Verkehrsunfalls werden gebeten sich bei der Polizeiinspektion Ludwigshafen 2 unter der Telefonnummer 0621\/963-2222 oder der E-Mail:\u00a0<a href=\"mailto:piludwigshafen2@polizei.rlp.de\">piludwigshafen2@polizei.rlp.de<\/a>\u00a0zu melden.<\/p>\n\n\n\n<h2 class=\"wp-block-heading\">(Ludwigshafen) &#8211; PKW ohne Versicherungsschutz kontrolliert<\/h2>\n\n\n\n<p>Am 18.04.2022, gegen 02:10 Uhr, wurde durch eine Funkstreife ein PKW Opel mit einem 27-j\u00e4hrigen Fahrzeugf\u00fchrer einer Verkehrskontrolle unterzogen. Hierbei stellte sich heraus, dass der PKW nicht versichert war. Die Weiterfahrt wurde untersagt. Der Fahrzeugf\u00fchrer muss sich nun wegen eines Versto\u00dfes nach dem Pflichtversicherungsgesetz verantworten.<\/p>\n\n\n\n<h2 class=\"wp-block-heading\">(Ludwigshafen) &#8211; Fahrt unter Drogeneinfluss<\/h2>\n\n\n\n<p>Im Rahmen einer Kontrollstelle am 18.04.2022, gegen 00:45 Uhr, wurde in der Brunckstra\u00dfe in Ludwigshafen &#8211; Friesenheim eine 20-j\u00e4hrige Fahrzeugf\u00fchrerin aus Ludwigshafen mit ihrem PKW einer Verkehrskontrolle unterzogen. Im Rahmen der Kontrolle zeigten sich Auff\u00e4lligkeiten bzgl. einer m\u00f6glichen Beeinflussung durch verbotene Substanzen. Die Weiterfahrt wurde unterbunden und der Fahrzeugf\u00fchrerin auf der Dienststelle eine Blutprobe entnommen. Ein Ordnungswidrigkeitenverfahren wurde eingeleitet. Sollte sich der Verdacht best\u00e4tigten, wird dies mit einem Bu\u00dfgeld und einem Fahrverbot geahndet.<\/p>\n\n\n\n<h2 class=\"wp-block-heading\">(Ludwigshafen) &#8211; Fahrt unter Alkoholeinfluss<\/h2>\n\n\n\n<p>Im Rahmen einer Verkehrskontrolle am 18.04.2022, gegen 00:30 Uhr, wurde ein PKW mit einem 38-j\u00e4hrigen Fahrzeugf\u00fchrer aus Ludwigshafen in der Brunckstra\u00dfe einer Kontrolle unterzogen. Nach Feststellung von Alkoholgeruch ergab ein entsprechender Test vor Ort einen Wert von 1,61 Promille. Die Weiterfahrt wurde unterbunden und eine Blutprobe auf der Dienststelle entnommen. Der F\u00fchrerschein wurde sichergestellt. Der Fahrzeugf\u00fchrer muss sich nun bzgl. einer Straftat der Trunkenheit im Verkehr verantworten.<\/p>\n\n\n\n<h2 class=\"wp-block-heading\">(Ludwigshafen) &#8211; Verkehrsgef\u00e4hrdung<\/h2>\n\n\n\n<p>Am 17.04.2022, gegen 21:20 Uhr, fiel einer Funkstreife auf der Brunckstra\u00dfe in Fahrtrichtung L 523 in Ludwigshafen &#8211; Friesenheim ein PKW BMW auf, welcher mit deutlich \u00fcberh\u00f6hter Geschwindigkeit fuhr. An der Kreuzung zur Ammoniakstra\u00dfe wechselte die Lichtzeichenanlage auf Rot. Nur durch eine Vollbremsung und ein Ausweichen auf eine Fahrspur nach rechts, konnte ein Zusammensto\u00df mit einem bereits wartenden Fahrzeug verhindert werden und der PKW kam mittig auf der Kreuzung zum Stehen. Anschlie\u00dfend konnte der 24-j\u00e4hrige Fahrzeugf\u00fchrer einer Kontrolle unterzogen werden. Hierbei fielen mehrere nicht genehmigte Umbauten am Fahrzeug auf. Neben mehreren festgestellten Verkehrsordnungswidrigkeiten muss sich der Fahrzeugf\u00fchrer auch wegen einer Straftat der Gef\u00e4hrdung des Stra\u00dfenverkehrs verantworten.<\/p>\n\n\n\n<p>Zeugen des Vorfalls, auch bereits im Vorfeld, werden gebeten sich bei der Polizeiinspektion Ludwigshafen 2 unter der Telefonnummer 0621\/963-2222 oder der E-Mail:\u00a0<a href=\"mailto:piludwigshafen2@polizei.rlp.de\">piludwigshafen2@polizei.rlp.de<\/a>\u00a0zu melden.<\/p>\n\n\n\n<h2 class=\"wp-block-heading\">(Ludwigshafen) &#8211; Verkehrsunfall mit fl\u00fcchtigem Verursacher<\/h2>\n\n\n\n<p>Am 17.04.2022, gegen 17:00 Uhr, fielen einer Funkstreife im Kurvenbereich der Langgartenstra\u00dfe \/ Weiherstra\u00dfe in Ludwigshafen &#8211; Friesenheim zwei besch\u00e4digte Warnbaken auf. Aufgrund der Spurenlage vor Ort, wird davon ausgegangen, dass ein Kraftfahrzeug mit \u00fcberh\u00f6hter Geschwindigkeit von der Fahrbahn abkam und die Warnbaken besch\u00e4digte. Der entstandene Schaden wird mit 800 Euro beziffert.<\/p>\n\n\n\n<p>Zeugen des Verkehrsunfalls werden gebeten sich bei der Polizeiinspektion Ludwigshafen 2 unter der Telefonnummer 0621\/963-2222 oder der E-Mail:&nbsp;<a href=\"mailto:piludwigshafen2@polizei.rlp.de\">piludwigshafen2@polizei.rlp.de<\/a>&nbsp;zu melden.<\/p>\n\n\n\n<h2 class=\"wp-block-heading\">(Ludwigshafen) &#8211; Verkehrsunfall unter Drogeneinfluss und fehlender Fahrerlaubnis<\/h2>\n\n\n\n<p>Am 17.04.2022, gegen 12:15 Uhr, befuhr ein 27-j\u00e4hriger Fahrzeugf\u00fchrer aus Ludwigshafen &#8211; Oppau mit seinem PKW die Bauhausstra\u00dfe und missachtete hier die Vorfahrt einer 33-j\u00e4hrigen Fahrzeugf\u00fchrerin aus Ludwigshafen, welche mit ihrem PKW die Kirchenstra\u00dfe befuhr. An beiden Fahrzeugen entstand ein gesch\u00e4tzter Gesamtschaden von ca. 6.000 Euro. Im Rahmen der Verkehrsunfallaufnahme stellte sich heraus, dass der Unfallverursacher nicht im Besitz einer g\u00fcltigen Fahrerlaubnis war. Dieser wies sich zun\u00e4chst mit Ausweisdokumenten eines Angeh\u00f6rigen aus. Zudem zeigten sich Auffallerscheinungen bzgl. einer m\u00f6glichen Beeinflussung berauschender Mittel. Dies konnte auf der Dienststelle mittels eines entsprechenden Tests best\u00e4tigt werden. Dem Unfallverursacher wurde eine Blutprobe entnommen. Dieser muss sich nun wegen einer Stra\u00dfenverkehrsgef\u00e4hrdung unter dem Einfluss von berauschenden Mittel, dem F\u00fchren eines Kraftfahrzeugs ohne Fahrerlaubnis und der missbr\u00e4uchlichen Nutzung von Ausweisdokumenten verantworten. Zudem wurden gegen den Halter des Fahrzeugs und dem Angeh\u00f6rigen, welcher die Ausweisdokumente \u00fcberlassen hatte, entsprechende Strafverfahren eingeleitet. Ein Kleinkind, welches im Fahrzeug der Gesch\u00e4digten sa\u00df, wurde vorsorglich durch den Rettungsdienst in ein Krankenhaus zur Untersuchung verbracht.<\/p>\n\n\n\n<h2 class=\"wp-block-heading\">(Mannheim-Innenstadt) &#8211; 42-J\u00e4hrige besch\u00e4digt Mercedes \/ Festnahme<\/h2>\n\n\n\n<div class=\"wp-block-image\"><figure class=\"aligncenter size-full\"><img decoding=\"async\" loading=\"lazy\" width=\"800\" height=\"600\" src=\"https:\/\/speyer24news.com\/wp-content\/uploads\/2019\/06\/Ausn\u00fcchterungszelle.jpg\" alt=\"\" class=\"wp-image-15212\" srcset=\"https:\/\/speyer24news.com\/wp-content\/uploads\/2019\/06\/Ausn\u00fcchterungszelle.jpg 800w, https:\/\/speyer24news.com\/wp-content\/uploads\/2019\/06\/Ausn\u00fcchterungszelle-300x225.jpg 300w, https:\/\/speyer24news.com\/wp-content\/uploads\/2019\/06\/Ausn\u00fcchterungszelle-768x576.jpg 768w, https:\/\/speyer24news.com\/wp-content\/uploads\/2019\/06\/Ausn\u00fcchterungszelle-678x509.jpg 678w, https:\/\/speyer24news.com\/wp-content\/uploads\/2019\/06\/Ausn\u00fcchterungszelle-326x245.jpg 326w, https:\/\/speyer24news.com\/wp-content\/uploads\/2019\/06\/Ausn\u00fcchterungszelle-80x60.jpg 80w\" sizes=\"(max-width: 800px) 100vw, 800px\" \/><\/figure><\/div>\n\n\n\n<p>Ein aufmerksamer Passant verst\u00e4ndigte am Sonntagabend gegen 21:50 Uhr die Polizei, nachdem er im Bereich eines Parkhauses in den N-Quadraten eine Frau festgestellt hatte, die einen geparkten Mercedes zerkratzt und ein Pl\u00fcschtier in den Auspuff des PKWs gesteckt hatte. Sofort suchten Einsatzkr\u00e4fte des Polizeireviers Mannheim-Oststadt die Tat\u00f6rtlichkeit auf. Neben dem 31-j\u00e4hrigen Zeugen trafen die Polizeibeamten auch auf die 42-j\u00e4hrige Randaliererin. Diese konnte noch vor Ort widerstandslos festgenommen werden. Da sich die 42-J\u00e4hrige im Rahmen der vorherigen Tathandlung an der Hand verletzt hatte, wurde ein Rettungswagen hinzugezogen. Nachdem sie medizinisch versorgt war, wurde die Frau, die sich offenbar in einem psychischen Ausnahmezustand befand, zur weiteren Abkl\u00e4rung mit auf das Polizeirevier genommen. Dort stellte sich heraus, dass die 42-J\u00e4hrige bereits in anderer Sache polizeilich gesucht wurde. Die H\u00f6he des entstandenen Sachschadens ist derzeit noch nicht bekannt.<\/p>\n\n\n\n<p>Nach Abschluss der polizeilichen Ma\u00dfnahmen wurde die 42-J\u00e4hrige in eine psychiatrische Einrichtung gebracht. Das Polizeirevier Mannheim-Oststadt hat unterdessen die weiteren Ermittlungen wegen des Verdachts der Sachbesch\u00e4digung aufgenommen.<\/p>\n\n\n\n<h2 class=\"wp-block-heading\">(Mannheim-Innenstadt) &#8211; Einbrecher stehlen Weinkisten \/ Zeugen gesucht<\/h2>\n\n\n\n<p>Am Freitagnachmittag gegen 15 Uhr brachen bisher unbekannte T\u00e4ter in eine Gastst\u00e4tte im Quadrat P6 ein. Die Unbekannten kletterten \u00fcber vor Ort befindliches Au\u00dfenmobiliar auf eine Markise und gelangten so \u00fcber ein Fenster in das Obergeschoss des Objekts. Aus dem dort gelegenen Lagerraum entwendeten die T\u00e4ter zwei Kisten Wein. Da das Lager verschlossen war, konnten die T\u00e4ter in keine weiteren R\u00e4ume vordringen. Bei der Tatortaufnahme konnten die eingesetzten Beamtinnen und Beamten des Polizeireviers Mannheim-Innenstadt DNA-Spuren sichern. Diese werden nun durch die zentrale Kriminaltechnik ausgewertet. Die genaue Schadensh\u00f6he wird im Rahmen der Ermittlungen wegen Einbruchsdiebstahls noch beziffert. Zeugen, welche Hinweise zu den T\u00e4tern oder dem Tatgeschehen geben k\u00f6nnen, werden gebeten, sich unter Tel.: 0621-1258-0 zu melden.<\/p>\n\n\n\n<h2 class=\"wp-block-heading\">(Mannheim-Oststadt) &#8211; Heckscheibe eines PKW besch\u00e4digt \/ Zeugen gesucht<\/h2>\n\n\n\n<p>Am fr\u00fchen Sonntagmorgen zwischen 0 und 1 Uhr besch\u00e4digten bisher unbekannte T\u00e4ter die Heckscheibe eines geparkten BMWs in der Lessingstra\u00dfe. Der Eigent\u00fcmer fand seinen PKW einige Stunden sp\u00e4ter besch\u00e4digt vor und verst\u00e4ndigte die Polizei. Diese stellte eine leere Glasflasche im Innern des Fahrzeuges fest, welche nun als Spurentr\u00e4ger dient. Ersten Zeugenhinweisen zur Folge k\u00f6nnte eine 5 bis 6-k\u00f6pfige Personengruppe im vorgenannten Zeitraum f\u00fcr die Tat verantwortlich sein. Die Zeugenangaben und die gesicherten Spuren werden im Verlauf der Ermittlungen wegen Sachbesch\u00e4digung jetzt weiter ausgewertet. Der Sachschaden liegt bei mindestens 1.000 Euro. Zeugenhinweise werden beim Polizeirevier Mannheim-Oststadt unter Tel.: 0621\/174-3310 entgegengenommen.<\/p>\n\n\n\n<h2 class=\"wp-block-heading\">(Mannheim-Herzogenried) &#8211; Zeugen halten betrunkenen Autofahrer fest \/ Weitere Zeugen und Gesch\u00e4digte gesucht<\/h2>\n\n\n\n<p>Einen betrunkenen Autofahrer beobachteten mehrere Zeugen am fr\u00fchen Samstagmorgen im Stadtteil Herzogenried und hielten ihn bis zum Eintreffen der Polizei fest. Der Kia-Fahrer fiel mehreren Zeugen aufgrund seiner auff\u00e4lligen Fahrweise sowie erkennbaren Unfallsch\u00e4den in der Stra\u00dfe &#8222;Zum Herrenried&#8220; auf. Sie stoppten ihn an der Einm\u00fcndung zur Herzogenriedstra\u00dfe und verst\u00e4ndigten aufgrund deutlichen Alkoholgeruchs die Polizei. Beim Eintreffen einer Polizeistreife bemerkten die Beamten ebenfalls deutlichen Alkoholgeruch im Atem des 55-j\u00e4hrigen Kia-Fahrers. Ein Alkoholtest ergab einen Wert von \u00fcber 2,3 Promille.<\/p>\n\n\n\n<p>Aufgrund der frischen Unfallsch\u00e4den am Fahrzeug des 55-J\u00e4hrigen muss davon ausgegangen werden, dass der Mann w\u00e4hren seiner Fahrt vom Stadtteil Gartenstadt bis zum Kontrollort offenbar einen Unfall verursacht haben muss. Zudem wurde durch die Zeugen beobachtet, wie er weitere Verkehrsteilnehmer gef\u00e4hrdet haben soll.<\/p>\n\n\n\n<p>Gegen den Mann wird nun wegen Stra\u00dfenverkehrsgef\u00e4hrdung sowie des Verdachts der Unfallflucht ermittelt.<\/p>\n\n\n\n<p>Weitere Zeugen sowie Gesch\u00e4digte, die durch die Fahrweise des 55-J\u00e4hrigen gef\u00e4hrdet wurden oder gar zu Schaden kamen, werden gebeten, sich beim Polizeirevier Mannheim-Neckarstadt, Tel.: 0621\/3301-0 zu melden.<\/p>\n\n\n\n<h2 class=\"wp-block-heading\">(Mannheim-Almenhof) &#8211; Falsche Wasserwerker vermutlich mehrfach &#8222;aktiv&#8220;<\/h2>\n\n\n\n<p>Neben einer 77-j\u00e4hrigen Seniorin (wir berichteten) wurde am vergangenen Dienstag zwischen 12:00 Uhr und 12:30 Uhr ein weiterer Senior Opfer vermeintlicher Handwerker im Bereich der Steubenstra\u00dfe. Zwei bisher unbekannte M\u00e4nner hatten an der Wohnung des 77-J\u00e4hrigen geklingelt und sich unter Vorhalt eines Wasserschadens Zutritt in die Wohnung verschafft. Einer der beiden M\u00e4nner hielt sich mit dem Senior im Badezimmer auf, w\u00e4hrenddessen vermutlich der Zweite unbemerkt aus dem Schlafzimmer Schmuck im Wert von mehreren zehntausend Euro entwendete. Das Fehlen des Schmucks stellte der Mann am Abend fest und vertraute sich dann seiner Ehefrau an, welche zum Zeitpunkt der &#8222;Reparatur&#8220; durch den angeblichen Handwerker nicht in der Wohnung war.<\/p>\n\n\n\n<h4 class=\"wp-block-heading\">Die beiden M\u00e4nner werden wie folgt beschrieben:<\/h4>\n\n\n\n<ol><li><strong>Etwa 30 &#8211; 35 Jahre alt, ca. 180 cm gro\u00df, etwa 140 kg schwer, s\u00fcdeurop\u00e4ischer Ph\u00e4notyp. Der Mann soll dunkles, kurzgeschnittenes Haar und einen Vollbart gehabt haben. Er soll von korpulenter, untrainierter Statur gewesen sein und eine blaue Jacke, sowie darunter ein Hemd getragen haben.<\/strong><\/li><li><strong>Ebenfalls 30 &#8211; 35 Jahre alt, ca. 160 &#8211; 165 cm gro\u00df, ca. 140 kg, ebenfalls korpulent und untrainiert. Auch der zweite T\u00e4ter voll s\u00fcdeurop\u00e4ischen Ph\u00e4notyps gewesen sein und braunes, kurzes Haar gehabt haben. Der Mann soll eine grau\/beige Jacke mit gerafftem Bund getragen haben.<\/strong><\/li><\/ol>\n\n\n\n<p>Das Polizeirevier Mannheim-Neckarau bittet Zeugen, die Personen auf welche die Beschreibung zutrifft beobachtet, oder selbst Opfer geworden sind, sich unter der Rufnummer 0621 83397-0 zu melden. Ob es sich um dieselben T\u00e4ter handelt, die auch der 77-J\u00e4hrigen Schmuck entwendeten ist Gegenstand der weiteren Ermittlungen.<\/p>\n\n\n\n<h2 class=\"wp-block-heading\">(Mannheim-Rheinau) &#8211; Smartphone aus Rucksack entwendet<\/h2>\n\n\n\n<p>Offenbar hatten zwei Taschendiebe am Samstagnachmittag schon ein Auge auf das Smartphone einer 52-J\u00e4hrigen geworfen, das sie nach dem telefonieren in einer Tasche ihres Rucksacks verstaute und anschlie\u00dfend in eine Bahn an der Haltestelle Waldseestra\u00dfe einstieg. Noch beim Betreten der Bahn versp\u00fcrte die Frau einen leichten Zusammensto\u00df zwischen ihr und einem von zwei M\u00e4nnern die ebenfalls einstiegen, schenkte diesem aber keine Beachtung. Erst sp\u00e4ter, beim Einkaufen, bemerkte die 52-J\u00e4hrige, dass ihre Tasche am Rucksack offenstand und das Smartphone fehlte. Trotz der sofortigen Alarmierung der Polizei und der eingeleiteten Fahndung, fehlt von dem vermeintlichen T\u00e4ter jede Spur. Das Polizeirevier Mannheim-Oststadt sucht Zeugen, die Verd\u00e4chtiges im Zeitraum von 13:25 und 13:40 Uhr an der Haltestelle oder in Stra\u00dfenbahnlinie 1 beobachtet haben. Diese werden gebeten, sich unter 0621 174-3310 zu melden.<\/p>\n\n\n\n<h2 class=\"wp-block-heading\">(Mannheim-Neckarau) &#8211; 82-j\u00e4hriger Manfred G. wohlbehalten wiederaufgetaucht \/ Suchma\u00dfnahmen beendet<\/h2>\n\n\n\n<p>Der seit dem 09.04.2022 vermisste Manfred G. ist am vergangenen Samstagmorgen wieder in die Pflegeeinrichtung zur\u00fcckgekehrt, welche ihn als vermisst gemeldet hatte. Er wurde dort bei guter Gesundheit wiederaufgenommen. Die polizeilichen Suchma\u00dfnahmen sind somit beendet.<\/p>\n\n\n\n<h2 class=\"wp-block-heading\">(Mannheim-K\u00e4fertal) &#8211; Stra\u00dfenbahnhaltestelle besch\u00e4digt \/ Weitere Zeugen gesucht<\/h2>\n\n\n\n<p>In der Nacht von Sonntag auf Montag warf ein augenscheinlich junger Mann die Glasscheibe der Haltestelle &#8222;Mannheimer Stra\u00dfe&#8220; ein und stieg kurze Zeit sp\u00e4ter mit seinen Begleitern in eine Stra\u00dfenbahn in Richtung Innenstadt davon. Ein Zeuge beobachtete das Treiben um 1:25 Uhr und verst\u00e4ndigte sofort die Polizei. Die Stra\u00dfenbahn konnte von den Uniformierten mehrere Haltestellen sp\u00e4ter gestoppt werden, allerdings hatte der vermeintliche T\u00e4ter und seine zwei Begleiter die Bahn zuvor schon verlassen. <\/p>\n\n\n\n<h4 class=\"wp-block-heading\">Der Gesuchte kann wie folgt beschrieben werden: <\/h4>\n\n\n\n<ul><li><strong>m\u00e4nnlich<\/strong><\/li><li><strong>zwischen 17 und 25 Jahre alt<\/strong><\/li><li><strong>trug Blue-Jeans und eine Jacke mit auff\u00e4lligem Fellbesatz an der Kapuze<\/strong><\/li><\/ul>\n\n\n\n<p>Weitere Zeugen oder Hinweisgeber werden gebeten, sich unter 0621 718490 mit dem ermittelnden Polizeirevier Mannheim-K\u00e4fertal in Verbindung zu setzen.<\/p>\n\n\n\n<h2 class=\"wp-block-heading\">(A 5 &#8211; Gem. Heidelberg) &#8211; Verkehrsunfall mit vier Pkw, mehrere verletzte Personen, BAB 5 Fahrtrichtung Karlsuhre gesperrt<\/h2>\n\n\n\n<h3 class=\"has-text-align-center wp-block-heading\">Pressemeldung Nr. 1<\/h3>\n\n\n\n<p>Kurz vor 14:00 Uhr kam es am Ostermontag zu einem Verkehrsunfall mit vier beteiligten Pkw auf der BAB 5 zwischen dem Kreuz Heidelberg und der Anschlussstelle Heidelberg\/Schwetzingen. Aufgrund von mehreren Verletzten sind neben der Polizei auch Rettungskr\u00e4fte auf der Autobahn im Einsatz. Hierdurch ist aktuell die Autobahn in Fahrtrichtung Karlsruhe ab dem Kreuz Heidelberg gesperrt. Verkehrsteilnehmer mit Fahrtziel Karlsruhe werden gebeten bereits ab dem Kreuz Weinheim auf die BAB 659 und ab dem Kreuz Viernheim auf die BAB 6 bis zum Kreuz Walldorf auszuweichen. Zurzeit hat sich ein R\u00fcckstau in H\u00f6he von 5 km gebildet.<\/p>\n\n\n\n<h3 class=\"has-text-align-center wp-block-heading\">Pressemeldung Nr. 2<\/h3>\n\n\n\n<p>Am Ostermontag, kurz vor 14 Uhr, musste ein Audi auf dem linken Fahrstreifen der BAB 5 zwischen dem Kreuz Heidelberg und der Anschlussstelle in Fahrtrichtung Karlsruhe verkehrsbedingt bis zum Stillstand abbremsen. Ein dahinterfahrender BMW-Fahrer erkannte die Verkehrssituation noch rechtzeitig und konnte seinen Pkw ebenfalls bis zum Stillstand abbremsen. Ein nachfolgender Fahrer eines Opel Insignia konnte w\u00e4hrenddessen nicht mehr rechtzeitig abbremsen und stie\u00df mit dem BMW zusammen und schob diesen im weiteren Verlauf auf den davorstehenden Audi. Durch den Zusammenprall wird der BMW in die Betongleitwand abgewiesen und bleibt in der Folge quer auf dem linken Fahrstreifen stehen. Der unfallverursachende Opel Insignia schleudert auf den Standstreifen und kommt dort zum Stehen. Eine weitere nachfolgende Fahrerin eines Kleintransporters erkannte die Unfallstelle aufgrund von nicht angepasster Geschwindigkeit zu sp\u00e4t und st\u00f6\u00dft nochmals mit dem Audi und dem BMW auf dem linken Fahrstreifen zusammen.<\/p>\n\n\n\n<p>Die drei Insassen des Audi, darunter ein S\u00e4ugling, werden ebenso wie der BMW-Fahrer sowie der Fahrerin des Kleintransporters leicht verletzt und zur weiteren Abkl\u00e4rung in umliegende Krankenh\u00e4user gebracht. Der Fahrer des Opel Insignia bleibt unverletzt. An den Unfallfahrzeugen entstand insgesamt gesch\u00e4tzter Sachschaden in H\u00f6he von 45.000 EUR.<\/p>\n\n\n\n<p>F\u00fcr die Dauer der Unfallaufnahme und Bergung der Unfallfahrzeuge musste die BAB 5 zwischen dem Kreuz Heidelberg und der Anschlussstelle Heidelberg\/Schwetzingen gesperrt werden. Seit 15:13 Uhr ist die Bergung abgeschlossen und der Verkehr wieder auf beiden Fahrstreifen freigegeben.<\/p>\n\n\n\n<p>Der wegen des Unfalls entstandene R\u00fcckstau von f\u00fcnf Kilometern l\u00f6st sich langsam auf. Auf der Gegenfahrbahn bildete sich aufgrund von Neugierigen ebenfalls ein Stau in der Spitze von vier Kilometern.<\/p>\n\n\n\n<h2 class=\"wp-block-heading\">(Heidelberg-Bahnstadt) &#8211; Mehrere Cabrio-D\u00e4cher besch\u00e4digt \/ Polizei sucht Zeugen<\/h2>\n\n\n\n<p>Am vergangenen Wochenende wurden in zwei verschiedenen Tiefgaragen im Bereich Langer Anger \/ Simferopol- \/ Bautzenstra\u00dfe durch einen oder mehrere Unbekannte insgesamt vier Cabrio-D\u00e4cher besch\u00e4digt. Vermutlich in der Zeit von Freitag, 18:00 Uhr, bis Samstagmorgen, 07:15 Uhr, verschafften sich der oder die T\u00e4ter auf bisher unbekannte Weise Zutritt zu den Tiefgaragen und schnitten je das Stoffverdeck des besch\u00e4digten PKW auf. Aus zumindest einem PKW wurde zus\u00e4tzlich etwa 20.- Euro M\u00fcnzgeld entwendet. Ob ein Zusammenhang zwischen den beiden Taten besteht, ist Gegenstand der Ermittlungen des Polizeireviers Heidelberg-Mitte.<\/p>\n\n\n\n<p>Zeugen, die in diesem Bereich zur genannten Zeit verd\u00e4chtige Wahrnehmungen gemacht haben, werden gebeten, sich unter der Rufnummer 06221 99-1700 mit der Polizei in Verbindung zu setzen.<\/p>\n\n\n\n<h2 class=\"wp-block-heading\">(Heidelberg-Kirchheim) &#8211; Gartenhaus ger\u00e4t in Brand \/ Ursache bislang unklar; Polizei bittet um Hinweise<\/h2>\n\n\n\n<p>Am fr\u00fchen Dienstagmorgen gegen 04:00 Uhr verst\u00e4ndigten mehrere Autofahrer die Rettungsleitstelle, nachdem sie aufsteigenden Rauch, ausgehend von der Kleingartenanlage im Leimer Weg, festgestellt hatten.<\/p>\n\n\n\n<p>Sofort r\u00fcckten Polizei und Feuerwehr aus. Beim Eintreffen vor Ort stand bereits ein ca. 15 x 15 Meter gro\u00dfes Gartenhaus in Flammen. Die Einsatzkr\u00e4fte der Feuerwehr Heidelberg und der Freiwilligen Feuerwehr Kirchheim begannen sofort mit den L\u00f6schma\u00dfnahmen. Es entstand ein gesch\u00e4tzter Gesamtsachschaden in H\u00f6he von rund 20.000 Euro. Die Brandursache ist derzeit noch unklar und Gegenstand der aktuellen Ermittlungen des Polizeireviers Heidelberg-S\u00fcd.<\/p>\n\n\n\n<p>Zeugen, die verd\u00e4chtige Personen gesehen oder verd\u00e4chtige Wahrnehmungen gemacht haben, werden gebeten, sich unter der Tel.: 06221 34180 zu melden.<\/p>\n\n\n\n<h2 class=\"wp-block-heading\">(Plankstadt \/ Rhein-Neckar-Kreis) &#8211; 70.000.- Euro in Goldbarren erbeutet; falsche Polizeibeamte f\u00fchren Seniorin in die Irre; Zeugen gesucht<\/h2>\n\n\n\n<div class=\"wp-block-image\"><figure class=\"aligncenter size-full\"><img decoding=\"async\" loading=\"lazy\" width=\"800\" height=\"550\" src=\"https:\/\/speyer24news.com\/wp-content\/uploads\/2022\/04\/Gold-Barren-Nuggets.jpg\" alt=\"\" class=\"wp-image-44975\" srcset=\"https:\/\/speyer24news.com\/wp-content\/uploads\/2022\/04\/Gold-Barren-Nuggets.jpg 800w, https:\/\/speyer24news.com\/wp-content\/uploads\/2022\/04\/Gold-Barren-Nuggets-300x206.jpg 300w, https:\/\/speyer24news.com\/wp-content\/uploads\/2022\/04\/Gold-Barren-Nuggets-768x528.jpg 768w\" sizes=\"(max-width: 800px) 100vw, 800px\" \/><\/figure><\/div>\n\n\n\n<p>70.000.- Euro in Goldbarren erbeuteten bislang unbekannte T\u00e4ter am fr\u00fchen Karfreitagmorgen von einer weit \u00fcber 80 Jahren alten Seniorin in Plankstadt.<\/p>\n\n\n\n<p>Die T\u00e4ter, vermeintliche Polizeibeamte, f\u00fchrten die Frau mit einer altbekannten Masche und nach mehreren mehrst\u00fcndigen Telefonaten derart in die Irre, dass sie im Laufe des Gr\u00fcndonnerstages ihre Goldbarren aus ihrem Bankschlie\u00dffach holte und am Karfreitag, gegen 4 Uhr, einer unbekannten weiblich Person \u00fcbergab.<\/p>\n\n\n\n<p>Bereits am sp\u00e4ten Mittwochabend des 13. April hatte ein &#8222;falscher&#8220; Polizeibeamter bei der Seniorin angerufen und von der Festnahme dreier Bulgaren erz\u00e4hlt. Deren Komplize, ein Mitarbeiter der Plankstadter Volksbank, h\u00e4tte ihre Goldbarren gegen Attrappen ausgetauscht. Bei einer Razzia seien die Original-Goldbarren bei dem Volksbank-Mitarbeiter sichergestellt worden. Um Fingerabdr\u00fccke zu sichern, solle die Seniorin die Attrappen aus ihrem Schlie\u00dffach holen und einer verdeckten Ermittlerin \u00fcbergeben. Selbstverst\u00e4ndlich solle die Frau Niemandem von der geheimen Aktion erz\u00e4hlen.<\/p>\n\n\n\n<p>Die Seniorin, die offenbar durch die langen, teilweise \u00fcber eine Stunde dauernde Telefonate, nicht mehr Aus noch Ein wusste, \u00fcbergab die Goldbaren schlie\u00dflich vor ihrer Wohnung in der Berliner Stra\u00dfe an eine junge Frau (ca. 25 Jahre; 165 cm; normale Statur; akzentfreies Deutsch; rote Mund-Nasen-Bedeckung).<\/p>\n\n\n\n<p>Die Plankstadterin bemerkte schnell ihren Fehler und informierte einen Angeh\u00f6rigen, der seinerseits Anzeige bei der Polizei erstattete.<\/p>\n\n\n\n<p>Das Betrugsdezernat der Kriminalpolizeidirektion Heidelberg hat die weiteren Ermittlungen \u00fcbernommen.<\/p>\n\n\n\n<p>In diesem Zusammenhang weisen die Ermittler wiederholt und eindringlich darauf hin, keine Geldbetr\u00e4ge vor der Haust\u00fcr an fremde Menschen zu \u00fcbergeben oder vor der T\u00fcr zu hinterlegen. Die Polizei holt NIE Geld, Schmuck oder Wertgegenst\u00e4nde an der Haust\u00fcr ab oder l\u00e4sst diese von Boten abholen.<\/p>\n\n\n\n<p>Hinweise bitte an den Kriminaldauerdienst, Tel.: 0621\/174-4444.<\/p>\n\n\n\n<h2 class=\"wp-block-heading\">(L 722 bzw. AS Hockenheim-Nord \/ Schwetzingen \/ Rhein-Neckar-Kreis) &#8211; Unfall zwischen Pkw und Motorrad am &#8222;Hockenheimer Achter&#8220;<\/h2>\n\n\n\n<h3 class=\"has-text-align-center wp-block-heading\">Pressemeldung Nr. 1<\/h3>\n\n\n\n<p>Am 18.04.22 gegen 16:45 Uhr wurde dem F\u00fchrungs- und Lagezentrum ein Verkehrsunfall unter Beteiligung eines Motorrades und eines Pkw gemeldet. Nach ersten Meldungen soll es hierbei einen Verletzten gegeben haben. Die Unfallstelle befindet sich auf der L 722 unterhalb der Anschlussstelle Hockenheim-Nord der B 39. Polizei und Rettungskr\u00e4fte sind im Einsatz. \u00dcber weitere Einzelheiten ist noch nichts bekannt. Die Anschlussstelle Hockenheim-Nord der B 39 von Schwetzingen kommend ist zurzeit gesperrt. Des Weiteren ist auch die L722 ab der Talhauskreuzung in Richtung B 39 gesperrt.<\/p>\n\n\n\n<h3 class=\"has-text-align-center wp-block-heading\">Pressemeldung Nr. 2<\/h3>\n\n\n\n<p>Auf der Landesstra\u00dfe 722 in H\u00f6he der Anschlussstelle Hockenheim-Nord unterhalb der Bundesstra\u00dfe 39 kam es am Montagnachmittag, gegen 16:45 Uhr, zu einem Verkehrsunfall zwischen einem Pkw und einem Motorrad. Die ersten Ermittlungen ergaben, dass der 23-j\u00e4hrige Aprilia-Fahrers die B 39 in Richtung Schwetzingen fahrend an der AS Hockenheim-Nord verlie\u00df und weiter auf der L 722 in Richtung Talhauskreuzung unterwegs war. Ein 30-j\u00e4hriger BMW-Fahrer, der aus Richtung Schwetzingen kommend die B39 verlie\u00df und ebenso auf die L 722 einbiegen wollte, missachtete die Vorfahrt des Motorradfahrers an der folgenden Einm\u00fcndung und stie\u00df mit dem Aprilia-Fahrer seitlich zusammen. Der Motorradfahrer wurde daraufhin \u00fcber den Pkw abgeworfen. Hierbei verletzte sich der Motorradfahrer gl\u00fccklicherweise nur mittelschwer und kam nach erster Behandlung durch einen zuf\u00e4llig vor Ort befindlichen Arzt mit einem Rettungswagen in ein umliegendes Krankenhaus.<\/p>\n\n\n\n<p>Das Motorrad und der Pkw wurden bei dem Unfall stark besch\u00e4digt und mussten beide durch Abschleppdienste geborgen werden. Es entstand gesch\u00e4tzter Sachschaden in H\u00f6he von ca. 30.000 EUR.<\/p>\n\n\n\n<h2 class=\"wp-block-heading\">(Schwetzingen \/ Rhein-Neckar-Kreis) &#8211; 27-J\u00e4hriger wegen Verdachts des Handeltreibens mit Bet\u00e4ubungsmitteln in nicht geringer Menge in Untersuchungshaft<\/h2>\n\n\n\n<h3 class=\"wp-block-heading\">Gemeinsame Pressemitteilung der Staatsanwaltschaft Mannheim und des Polizeipr\u00e4sidiums Mannheim:<\/h3>\n\n\n\n<div class=\"wp-block-image\"><figure class=\"aligncenter size-full\"><img decoding=\"async\" loading=\"lazy\" width=\"800\" height=\"533\" src=\"https:\/\/speyer24news.com\/wp-content\/uploads\/2020\/06\/Zelle.jpg\" alt=\"\" class=\"wp-image-28203\" srcset=\"https:\/\/speyer24news.com\/wp-content\/uploads\/2020\/06\/Zelle.jpg 800w, https:\/\/speyer24news.com\/wp-content\/uploads\/2020\/06\/Zelle-300x200.jpg 300w, https:\/\/speyer24news.com\/wp-content\/uploads\/2020\/06\/Zelle-768x512.jpg 768w\" sizes=\"(max-width: 800px) 100vw, 800px\" \/><\/figure><\/div>\n\n\n\n<p>Am vergangenen Freitag wurde ein 27-j\u00e4hriger Deutscher vorl\u00e4ufig festgenommen, nachdem Beamtinnen und Beamte des Polizeireviers Schwetzingen bei der Vollziehung eines Durchsuchungsbeschlusses in seiner Wohnung insgesamt etwa 2 kg Amphetamin und 3 kg Marihuana aufgefunden hatten.<\/p>\n\n\n\n<p>Aufgrund der Menge an sichergestellten Bet\u00e4ubungsmitteln bestand der dringende Verdacht des Handeltreibens. Der 27-J\u00e4hrige wurde nach Beantragung eines Haftbefehls durch die Staatsanwaltschaft Mannheim am Samstag der zust\u00e4ndigen Haftrichterin beim Amtsgericht Mannheim vorgef\u00fchrt. Diese erlie\u00df Haftbefehl wegen Flucht- und Verdunkelungsgefahr. Der Haftbefehl wurde in Vollzug gesetzt und der Mann in eine Haftanstalt eingewiesen.<\/p>\n\n\n\n<p>Die Ermittlungen der Staatsanwaltschaft Mannheim und des Ermittlungsdezernats Rauschgift der Kriminalpolizeidirektion Heidelberg dauern an.<\/p>\n\n\n\n<h2 class=\"wp-block-heading\">(A 6 \/ Gem. Ketsch \/ Rhein-Neckar-Kreis) &#8211; Fahrzeugbrand \/ Vollsperrung beider Richtungsfahrbahnen aufgrund Rauchentwicklung<\/h2>\n\n\n\n<h3 class=\"has-text-align-center wp-block-heading\">Pressemeldung Nr. 1<\/h3>\n\n\n\n<p>Kurz nach 20:00 Uhr am Montagabend wurde dem F\u00fchrungs- und Lagezentrum der Polizei ein Fahrzeugbrand auf der BAB 6 zwischen der Anschlussstelle Schwetzingen\/Hockenheim und Mannheim-Rheinau\/Schwetzingen gemeldet. Die Feuerwehr und die Polizei ist bereits vor Ort. Aufgrund der starken Rauchentwicklung ist momentan die BAB 6 zwischen den beiden Anschlussstellen vollgesperrt.<\/p>\n\n\n\n<h3 class=\"has-text-align-center wp-block-heading\">Pressemeldung Nr. 2<\/h3>\n\n\n\n<p>Kurz nach 20:00 Uhr am Montagabend wurde dem F\u00fchrungs- und Lagezentrum der Polizei ein Fahrzeugbrand auf der BAB 6 zwischen der Anschlussstelle Schwetzingen\/Hockenheim und Mannheim-Rheinau\/Schwetzingen gemeldet. Aufgrund der starken Rauchentwicklung wurde die BAB 6 f\u00fcr etwa 30 Minuten in beide Fahrtrichtungen gesperrt. Mittlerweile wurde die Fahrbahn in Fahrtrichtung S\u00fcden wieder freigegeben. In der entgegengesetzten Richtung ist die linke Fahrspur wieder befahrbar. Die Bergungsarbeiten dauern derzeit noch an. Die Ursache des Fahrzeugbrandes ist bislang noch unklar, es ist jedoch von einem technischen Defekt auszugehen. Verletzt wurde bei dem Brand gl\u00fccklicherweise niemand. Die Au\u00dfenstelle Walldorf des Verkehrsdienstes Heidelberg sichert derzeit noch die Gefahrenstelle ab und hat die Ermittlungen \u00fcbernommen.<\/p>\n\n\n\n<h2 class=\"wp-block-heading\">(Leimen \/ Rhein-Neckar-Kreis) &#8211; Bei Einbruch in Gartengrundst\u00fcck drei Puten gestohlen \/ Polizei sucht Zeugen<\/h2>\n\n\n\n<p>Bereits in der Nacht von Mittwoch auf Gr\u00fcndonnerstag lie\u00dfen unbekannte T\u00e4ter bei einem Einbruch in ein Gartengrundst\u00fcck in Leimen drei Puten mitgehen. Die Einbrecher \u00fcberstiegen zwischen Mittwoch, 20.30 Uhr und Donnerstag, 14.30 Uhr die Eingangst\u00fcr des umz\u00e4unten Grundst\u00fccks zwischen L 598 und B 3, s\u00fcdlich der Judenchaussee, und entwendeten dort drei Puten. Diese Puten werden durch den Gesch\u00e4digten nicht f\u00fcr den Verzehr, sondern zu Wettbewerbszwecken bei Ausstellungen gez\u00fcchtet. Bei den entwendeten Puten handelt es sich nach Angaben des Besitzers um dessen beste Tiere.<\/p>\n\n\n\n<p>Zeugen, die verd\u00e4chtige Wahrnehmungen gemacht haben und sachdienliche Hinweise zu den entwendeten Tieren oder den T\u00e4tern geben k\u00f6nnen, werden gebeten, sich beim Polizeirevier in Wiesloch, Tel.: 06222\/5709-0 zu melden.<\/p>\n\n\n\n<h2 class=\"wp-block-heading\">(Reilingen \/ Rhein-Neckar-Kreis) &#8211; R\u00fccksichtsloser Autofahrer n\u00f6tigt Fu\u00dfg\u00e4nger \/ Zeugen gesucht<\/h2>\n\n\n\n<p>Ein r\u00fccksichtsloser Autofahrer n\u00f6tigte am Montagabend in Reilingen einen Fu\u00dfg\u00e4nger. Der 19-j\u00e4hrige Mann befand sich gegen 21.45 Uhr zu Fu\u00df auf dem Gel\u00e4nde einer Tankstelle in der Hauptstra\u00dfe als pl\u00f6tzlich ein Unbekannter mit seinem BWM mit hoher Geschwindigkeit auf das Gel\u00e4nde gefahren kam und dabei sehr nahe an dem 19-J\u00e4hrigen vorbeifuhr. Im Anschluss wendete der Unbekannte, kam mit hoher Geschwindigkeit auf den jungen Mann zugefahren, bremste schlie\u00dflich kurz vor diesem ab und kam kurz vor ihm zum Stehen. Der 19-J\u00e4hrige wich noch vorsichtshalber zur Seite, konkret gef\u00e4hrdet f\u00fchlte er sich jedoch nicht. Nachdem der BMW-Fahrer sein Fahrzeug getankt hatte, dr\u00e4ngelte er sich an den an der Kasse Wartenden vorbei, legte einen Geldschein auf den Tresen und verlie\u00df, mit der Bemerkung es eilig zu haben, die Tankstelle wieder und fuhr.<\/p>\n\n\n\n<h4 class=\"wp-block-heading\">Der Mann wird wie folgt beschrieben:<\/h4>\n\n\n\n<ul><li><strong>Ca. 30 bis 35 Jahre als<\/strong><\/li><li><strong>Ca. 190 cm gro\u00df<\/strong><\/li><li><strong>Hatte braune Haare und einen Dreitage-Bart<\/strong><\/li><li><strong>Sprach mit Akzent<\/strong><\/li><li><strong>War bekleidet mit Jeans und wei\u00dfem bedrucktem T-Shirt<\/strong><\/li><li><strong>Trug einen Kapuzenpulli<\/strong><\/li><li><strong>Fuhr einen BMW mit HD-Kennzeichen<\/strong><\/li><\/ul>\n\n\n\n<p>Zeugen, die den Vorfall beobachtet haben und sachdienliche Hinweise zum Fahrer oder dessen Fahrzeug geben k\u00f6nnen, werden gebeten, sich beim Polizeirevier Hockenheim, Tel.: 06205\/2860-0 zu melden.<\/p>\n\n\n\n<h2 class=\"wp-block-heading\">(A 5 \/ St-Leon-Rot \/ Rhein-Neckar-Kreis) &#8211; Schwerer Verkehrsunfall, Lkw umgekippt, zwei Fahrstreifen gesperrt<\/h2>\n\n\n\n<h3 class=\"has-text-align-center wp-block-heading\">Pressemeldung Nr. 1<\/h3>\n\n\n\n<p>Nach einem schweren Verkehrsunfall auf der A 5 in Fahrtrichtung Frankfurt am Dienstagnachmittag ist Fahrbahn zwischen der Anschlussstelle Kronau und dem Autobahnkreuz Walldorf voll gesperrt. Der Verkehr aus Richtung Karlsruhe wird an der Anschlussstelle Kronau ausgeleitet. Nach ersten Informationen sollen ein Pkw und ein Lastwagen beteiligt sein. Der Lkw sei in die Leitplanken geprallt und umgekippt. Weitergehende Informationen zu Verletzten liegen momentan noch nicht vor. Derzeit herrscht R\u00fcckstau von mindestens 4 Kilometern L\u00e4nge.<\/p>\n\n\n\n<h3 class=\"has-text-align-center wp-block-heading\">Pressemeldung Nr. 2<\/h3>\n\n\n\n<p>Nach schwerem Verkehrsunfall auf der A 5 zwischen der Anschlussstelle Kronau und dem Autobahnkreuz Walldorf sind weiterhin der rechte und mittlere Fahrstreifen in Fahrtrichtung Frankfurt gesperrt.<\/p>\n\n\n\n<p>Kurz vor 15 Uhr war der ein 51-j\u00e4hriger Mann mit einem Sattelzug auf der A 5 in Richtung Frankfurt unterwegs. In H\u00f6he St. Leon Rot fuhr er aus bislang unbekannter Ursache einem voranfahrenden BMW auf, prallte anschlie\u00dfend in die Leitplanken und letztlich kippte der mit Metallteilen beladene Sattelzug auf die Seite. Der Fahrer des BMW wurde durch den Aufprall im Fahrzeug eingeklemmt und musste durch die Feuerwehr befreit werden. Er wurde anschlie\u00dfend mit schweren Verletzungen in einem Rettungshubschrauber in eine Klinik geflogen. Auch der Beifahrer im BMW wurde schwer verletzt und mit einem Rettungswagen in eine Klinik eingeliefert. Beide befinden sich nach Auskunft der Not\u00e4rzte in kritischem Zustand. Der Fahrer des Sattelzugs blieb unverletzt.<\/p>\n\n\n\n<p>Beide Fahrzeuge waren nicht mehr fahrbereit und mussten abgeschleppt werden. Der Sachschaden wird auf rund 100.000 Euro gesch\u00e4tzt.<\/p>\n\n\n\n<p>Bis ca. 16 Uhr war die Fahrbahn in Fahrtrichtung Frankfurt voll gesperrt. Nach Abflug des Rettungshubschraubers wurde die linke Fahrspur wieder f\u00fcr den Verkehr freigegeben. Die Ma\u00dfnahmen zur Unfallaufnahme sowie die Aufr\u00e4umarbeiten dauern an. Derzeit ist ein R\u00fcckstau von ca. 5 Kilometern L\u00e4nge feststellbar.<\/p>\n\n\n\n<h3 class=\"has-text-align-center wp-block-heading\">Pressemeldung Nr. 3<\/h3>\n\n\n\n<p>Die erste Vollsperrung der BAB 5 in Fahrtrichtung Norden dauerte zun\u00e4chst bis ca. 16.00 Uhr an. Hierzu erfolgte eine Ausleitung des Verkehrs an der Anschlussstelle Kronau. Es kam zu einem R\u00fcckstau von bis zu 12 km L\u00e4nge. Aufgrund weiterer Bergungsma\u00dfnahmen musste die BAB 5 in Fahrtrichtung Norden in der Zeit von 19.15 Uhr bis 21.00 Uhr nochmals voll gesperrt werden. Seither flie\u00dft der Verkehr wieder \u00fcber die linke Fahrspur. Die Autobahnmeisterei ist derzeit noch mit letzten Arbeiten besch\u00e4ftigt, die Fahrbahn wird jedoch voraussichtlich in K\u00fcrze wieder komplett freigegeben werden k\u00f6nnen.<\/p>\n\n\n\n<h2 class=\"wp-block-heading\">(St-Leon-Rot &amp; Wilhelmsfeld \/ Rhein-Neckar-Kreis) &#8211; Sekundenschlaf sorgt f\u00fcr zwei Unf\u00e4lle in der Region<\/h2>\n\n\n\n<p>Am Sonntagmorgen kam es gleich zu zwei Unf\u00e4llen bei denen die jeweiligen Verursacher offenbar w\u00e4hrend der Fahrt kurzzeitig einschliefen.<\/p>\n\n\n\n<p>Zun\u00e4chst kam ein 28-J\u00e4hriger in St. Leon-Rot von der Fahrbahn ab und stie\u00df dabei um 6:40 Uhr gegen einen geparkten Pkw im Erlengrund. Neben einem Sachschaden von mehr als 12.000 Euro verletzte sich der Unfallverursacher leicht. Sein Auto, ein Mercedes, musste abgeschleppt werden.<\/p>\n\n\n\n<p>Gegen 7.30 Uhr verlor ein 33-J\u00e4hriger in Wilhelmsfeld kurzzeitig die Kontrolle \u00fcber seinen Opel und fuhr dabei \u00fcber eine Verkehrsinsel in der Schriesheimer Stra\u00dfe und besch\u00e4digte zwei Verkehrsschilder. Es entstand ein Sachschaden von mindestens 10.000 Euro &#8211; der Fahrer blieb unverletzt.<\/p>\n\n\n\n<p>Gegen beide M\u00e4nner wird nun strafrechtlich wegen Stra\u00dfenverkehrsgef\u00e4hrdung ermittelt. In beiden F\u00e4llen wurde der F\u00fchrerschein vorerst einbehalten.<\/p>\n\n\n\n<h2 class=\"wp-block-heading\">(Rauenberg \/ Rhein-Neckar-Kreis) &#8211; 16-J\u00e4hriger bei Verkehrsunfall am 13. April schwer verletzt; entgegenkommende Autofahrer\/Autofahrerinnen dringend als Zeugin gesucht<\/h2>\n\n\n\n<p>Bereits am Mittwoch, den 13. April wurde ein 16-j\u00e4hriger Motorradfahrer bei einem Auffahrunfall auf der K 4169, zwischen Rauenberg und Malschenberg schwer verletzt.<\/p>\n\n\n\n<p>Zur Kl\u00e4rung des Unfallhergangs werden Autofahrer\/Autofahrerinnen gesucht, die zum Unfallzeitpunkt in entgegengesetzte Richtung fuhren, weswegen eine VW-Fahrerin verkehrsbedingt anhalten musste, um anschlie\u00dfend in die Friedhofstra\u00dfe abbiegen zu k\u00f6nnen.<\/p>\n\n\n\n<p>Der junge Motorradfahrer hatte offenbar die Situation falsch eingesch\u00e4tzt und war auf den wartenden VW aufgefahren.<\/p>\n\n\n\n<p>Diese Autofahrer\/Autofahrerinnen, die wichtige zeugen sein k\u00f6nnen, werden gebeten, sich bei den Unfallermittlern der Verkehrspolizei Heidelberg, Tel.: 0621\/174-4111 oder beim Polizeirevier Wiesloch, Tel.: 06222\/5709-0 zu melden.<\/p>\n\n\n\n<h2 class=\"wp-block-heading\">(Bammental \/ Rhein-Neckar-Kreis) &#8211; Beim Vorbeifahren Auto besch\u00e4digt \/ Zeugen gesucht<\/h2>\n\n\n\n<p>Einen Verkehrsunfall verursachte am fr\u00fchen Samstagnachmittag ein unbekannter Autofahrer in Bammental. Der Unbekannte streifte beim Vorbeifahren einen auf einem Feldweg parallel zur K 4140 zwischen Gauangeloch und Bammental geparkten Ford-Transporter. Anschlie\u00dfend fuhr er, ohne sich um den Schaden zu k\u00fcmmern, einfach davon. Der entstandene Schaden wird auf rund 4.000 Euro gesch\u00e4tzt.<\/p>\n\n\n\n<p>Zeugen, die auf den Unfall aufmerksam geworden sind und sachdienliche Hinweise zum unfallverursachenden Fahrzeug und dessen Fahrers geben k\u00f6nnen, werden gebeten, sich beim Polizeirevier Neckargem\u00fcnd, Tel.: 06223\/9254-0 zu melden.<\/p>\n\n\n\n<h2 class=\"wp-block-heading\">(Sinsheim \/ Rhein-Neckar-Kreis) &#8211; Betrunken, aber ohne F\u00fchrerschein mit dem Auto unterwegs<\/h2>\n\n\n\n<p>Ein 26-j\u00e4hriger Mann war am Montagabend betrunken mit dem Auto in Sinsheim unterwegs, obwohl er nicht im Besitz eines F\u00fchrerscheins war. Der Mann fiel einer Polizeistreife im Rahmen einer Verkehrskontrolle in der Dietmar-Hopp-Stra\u00dfe auf und sollte \u00fcberpr\u00fcft werden. Er hielt zwar zun\u00e4chst aufgrund der Anhalteaufforderung mittels Kelle einer Beamtin an, fuhr dann jedoch einfach in Richtung Autobahn davon. Der Beamtin fiel sofort deutlicher Alkoholgeruch auf, der ihr aus dem Fahrzeug entgegenschlug. Auch das Kennzeichen des BMW konnte sich wahrnehmen und notieren. Die Polizisten folgten dem Fahrzeug sogleich mit Blaulicht und Martinshorn, verloren es jedoch schlie\u00dflich aus den Augen. Eine Fahndung im Nahbereich f\u00fchrte nicht mehr zum Auffinden des Fahrzeugs.<\/p>\n\n\n\n<p>Durch weitergehende Ermittlungen konnte jedoch der Fahrer des Fahrzeugs ermittelt werden. Der BMW und dessen Fahrer konnten durch Beamte der Polizei der PI Speyer an der Halteranschrift angetroffen werden. Dem 26-j\u00e4hrigen Fahrer wurde eine Blutprobe entnommen. Bei der weiteren \u00dcberpr\u00fcfung wurde festgestellt, dass der 26-J\u00e4hrige nicht im Besitz einer Fahrerlaubnis ist. Gegen ihn wird nun wegen Trunkenheit im Stra\u00dfenverkehr und Fahrens ohne Fahrerlaubnis ermittelt.<\/p>\n\n\n\n<h2 class=\"wp-block-heading\">(Sinsheim \/ Rhein-Neckar-Kreis) &#8211; Zwei Verletzte nach Auseinandersetzung vor Disco; Kripo ermittelt; Zeugen gesucht<\/h2>\n\n\n\n<p>Zwei M\u00e4nner im Alter von 17 und 20 Jahren wurden bei einer Auseinandersetzung am fr\u00fchen Montagmorgen vor einer Diskothek in der Neulandstra\u00dfe verletzt, einer von ihnen schwer.<\/p>\n\n\n\n<p>Die beiden M\u00e4nner, denen zun\u00e4chst der Zutritt zur Disco verwehrt worden war, gerieten kurz vor 2 Uhr mit mehreren Personen vor dem Eingangsbereich aus bislang unbekannten Gr\u00fcnden in Streit.<\/p>\n\n\n\n<p>Im Laufe dieser Auseinandersetzung wurden die beiden jungen M\u00e4nnern von der mindestens vierk\u00f6pfigen Personengruppe zusammengeschlagen. Einer aus dieser Gruppe trat dem 20-J\u00e4hrigen, der am Boden lag, zucdem noch gegen den Kopf.<\/p>\n\n\n\n<p>Mit dem Verdacht, eine schwere Kopfverletzung erlitten zu haben, wurde der 20-J\u00e4hrige zusammen mit seinem leicht verletzten Begleiter mit zwei Rettungswagen in eine Klinik gebracht.<\/p>\n\n\n\n<h4 class=\"wp-block-heading\">Von vier M\u00e4nnern aus der Personengruppe liegen folgende Beschreibungen vor:<\/h4>\n\n\n\n<ol><li><strong>T\u00e4ter: schmale Figur; mittelbraune Haare; hellblaue Hose; schwarze Oberbekleidung; schwarze Adidas-Turnschuhe (trat gegen den Kopf des 20-J\u00e4hrigen)<\/strong><\/li><li><strong>T\u00e4ter: schmale Statur; roter Pullover; wei\u00dfe Nike-kappe; schwarze Hose; wei\u00dfe Nike-Turnschuhe.<\/strong><\/li><li><strong>T\u00e4ter: helle Jeans; wei\u00dfer Pullover; wei\u00dfe Schuhe.<\/strong><\/li><li><strong>T\u00e4ter: schwarze Jacke; mehr noch nicht bekannt.<\/strong><\/li><\/ol>\n\n\n\n<p>Die Kriminalpolizeidirektion Heidelberg hat die weiteren Ermittlungen \u00fcbernommen.<\/p>\n\n\n\n<p>Zeugen wenden sich bitte an den Kriminaldauerdienst, Tel.: 0621\/714-4444 oder an das Polizeirevier Sinsheim, Tel.: 07261\/690-0.<\/p>\n\n\n\n<h2 class=\"wp-block-heading\">(Sinsheim-Hilsbach \/ Rhein-Neckar-Kreis) &#8211; Wohnungseinbruch, Tresor entwendet; Zeugen gesucht<\/h2>\n\n\n\n<p>Bislang unbekannte T\u00e4ter drangen am Karsamstag, zwischen 16 Uhr und Mitternacht in eine Wohnung in der Tiergartenstra\u00dfe ein und entwendeten einen tragbaren Tresor, in dem sich Bargeld in noch unbekannter H\u00f6he sowie die Schl\u00fcssel eines Motorrades befanden.<\/p>\n\n\n\n<p>Nach den derzeitigen Erkenntnissen nutzen die Eindringliche ein gekipptes Fenster, um ins Wohnungsinnere zu gelangen.<\/p>\n\n\n\n<p>Zeugen, die Hinweise zur Tat und\/oder den T\u00e4tern geben k\u00f6nnen, werden gebeten, sich beim Polizeirevier Sinsheim, Tel.: 07261\/690-0 zu melden.<\/p>\n\n\n\n<h2 class=\"wp-block-heading\">(Eberbach \/ Rhein-Neckar-Kreis) &#8211; Beim Parkvorgang Fahrzeug besch\u00e4digt \/ Wer hat den Unfall beobachtet?<\/h2>\n\n\n\n<p>Ein unbekannter Autofahrer besch\u00e4digte am Gr\u00fcndonnerstag in Eberbach einen geparkten VW-Passat. Der Gesch\u00e4digte stellte sein Fahrzeug gegen 11.30 Uhr ordnungsgem\u00e4\u00df und unbesch\u00e4digt auf dem Parkplatz eines Einkaufsmarktes in der Stra\u00dfe &#8222;Neuer Weg Nord&#8220; ab. Als er gegen 12.30 Uhr zu seinem VW zur\u00fcckkehrte, stellte er fest, dass das Fahrzeug nun an der linken, hinteren Fahrzeugseite Besch\u00e4digungen in Form von Kratzern aufwies. Der Schaden wird auf rund 1.000 Euro gesch\u00e4tzt. Offenbar war ein Unbekannter mit seinem Fahrzeug beim Ein- oder Ausparken gegen den VW gesto\u00dfen.<\/p>\n\n\n\n<p>Zeugen, die den Unfall beobachtet haben und sachdienliche Hinweise zum unfallverursachenden Fahrzeug und dessen Fahrer geben k\u00f6nnen, werden gebeten, sich beim Polizeirevier Eberbach, Tel.: 06271\/9210-0 zu melden.<\/p>\n\n\n\n<h2 class=\"wp-block-heading\">(Edingen-Neckarhausen \/ Rhein-Neckar-Kreis) &#8211; Einbruch in Wohnhaus; Wer kann Hinweise geben?<\/h2>\n\n\n\n<p>Ein oder mehrere bislang unbekannte T\u00e4ter verschafften sich in der Zeit von Donnerstag, 14.April, 16:30 Uhr bis Sonntag, 17.April, 09:42 Uhr gewaltsam Zutritt zu einem Einfamilienhaus in der K\u00f6rnerstra\u00dfe, indem sie die Glasscheibe einer Terrassent\u00fcr einschlugen. Die Einbrecher waren offenbar auf der Suche nach Wertgegenst\u00e4nden und durchsuchten das Haus. Letztendlich entwendeten sie eine Musikbox sowie Schmuckst\u00fccke von noch unbekanntem Wert. Auch die H\u00f6he des entstandenen Sachschadens ist bislang noch nicht bekannt.<\/p>\n\n\n\n<p>Die Ermittlungsgruppe Eigentum der Kriminalpolizeidirektion Heidelberg hat die weiteren Ermittlungen aufgenommen und sucht Zeugen, die sachdienliche Hinweise geben k\u00f6nnen. Diese werden gebeten, sich unter dem kriminalpolizeilichen Hinweistelefon, Tel.: 0621 174 4444 zu melden.<\/p>\n\n\n\n<h2 class=\"wp-block-heading\">(Weinheim \/ Rhein-Neckar-Kreis) &#8211; Zwei Unfallfluchten mit jeweils hohem Schaden; Zeugen gesucht<\/h2>\n\n\n\n<p>Das Polizeirevier Weinheim hat die Ermittlungen zu zwei Verkehrsunf\u00e4llen am Karsamstag aufgenommen, bei denen die Verursacher anschlie\u00dfend weiterfuhren und hohe Sachsch\u00e4den von jeweils rund 4.000.- Euro hinterlie\u00dfen. Aufgrund der Schadensbilder ist es nicht ausgeschlossen, dass die Verursacherfahrzeuge ebenfalls deutlich sichtbare Schaden davontrugen.<\/p>\n\n\n\n<p>Ein unbekannter Autofahrer besch\u00e4digte einen 3er BMW vermutlich beim Ein- oder Ausparken, der zwischen 15.30 Uhr und 16.15 Uhr auf dem Parkplatz des Multzentrums geparkt war.<\/p>\n\n\n\n<p>Wenige Stunden zuvor wurde ein 1er BMW besch\u00e4digt, der in der Sachsenstra\u00dfe, H\u00f6he Anwesen Nr. 84 im Ortsteil Hohensachsen abgestellt war. Ein Zeuge hatte gegen 11 Uhr einen lauten Knall wahrgenommen, der von diesem Unfall herr\u00fchren d\u00fcrfte.<\/p>\n\n\n\n<p>Zu beiden F\u00e4llen wenden sich Zeugen bitte an die Unfallfluchtermittler des Polizeireviers Weinheim, Tel.: 06201\/1003-0.<\/p>\n","protected":false},"excerpt":{"rendered":"<div class=\"mh-excerpt\"><p>Polizeimeldungen vom Ostermontag &amp; Dienstag (18.04. &amp; 19.04.2022) (Speyer) &#8211; Geldb\u00f6rse auf der Fr\u00fchjahrsmesse gestohlen Am 18.04.2022 um 18:15 Uhr kam es zum Diebstahl einer Geldb\u00f6rse auf der Fr\u00fchjahrsmesse in Speyer. Ein 51-j\u00e4hriger Mann besuchte <a class=\"mh-excerpt-more\" href=\"https:\/\/speyer24news.com\/?p=44971\" title=\"Polizei\">[&#8230;]<\/a><\/p>\n<\/div>","protected":false},"author":3,"featured_media":26162,"comment_status":"open","ping_status":"open","sticky":false,"template":"","format":"standard","meta":{"_monsterinsights_skip_tracking":false,"_monsterinsights_sitenote_active":false,"_monsterinsights_sitenote_note":"","_monsterinsights_sitenote_category":0,"footnotes":""},"categories":[12],"tags":[702,61,2555,6955,6986,6263,63,105,11150,6987,53,4854,13534,4683,1548,4905,11592,102,213,13541,55,6368,5261,103,106,2803,2423,427,2625,380,62,104,979,1565],"aioseo_notices":[],"amp_enabled":true,"_links":{"self":[{"href":"https:\/\/speyer24news.com\/index.php?rest_route=\/wp\/v2\/posts\/44971"}],"collection":[{"href":"https:\/\/speyer24news.com\/index.php?rest_route=\/wp\/v2\/posts"}],"about":[{"href":"https:\/\/speyer24news.com\/index.php?rest_route=\/wp\/v2\/types\/post"}],"author":[{"embeddable":true,"href":"https:\/\/speyer24news.com\/index.php?rest_route=\/wp\/v2\/users\/3"}],"replies":[{"embeddable":true,"href":"https:\/\/speyer24news.com\/index.php?rest_route=%2Fwp%2Fv2%2Fcomments&post=44971"}],"version-history":[{"count":1,"href":"https:\/\/speyer24news.com\/index.php?rest_route=\/wp\/v2\/posts\/44971\/revisions"}],"predecessor-version":[{"id":44976,"href":"https:\/\/speyer24news.com\/index.php?rest_route=\/wp\/v2\/posts\/44971\/revisions\/44976"}],"wp:featuredmedia":[{"embeddable":true,"href":"https:\/\/speyer24news.com\/index.php?rest_route=\/wp\/v2\/media\/26162"}],"wp:attachment":[{"href":"https:\/\/speyer24news.com\/index.php?rest_route=%2Fwp%2Fv2%2Fmedia&parent=44971"}],"wp:term":[{"taxonomy":"category","embeddable":true,"href":"https:\/\/speyer24news.com\/index.php?rest_route=%2Fwp%2Fv2%2Fcategories&post=44971"},{"taxonomy":"post_tag","embeddable":true,"href":"https:\/\/speyer24news.com\/index.php?rest_route=%2Fwp%2Fv2%2Ftags&post=44971"}],"curies":[{"name":"wp","href":"https:\/\/api.w.org\/{rel}","templated":true}]}}