{"id":45057,"date":"2022-04-25T06:19:38","date_gmt":"2022-04-25T05:19:38","guid":{"rendered":"https:\/\/speyer24news.com\/?p=45057"},"modified":"2022-04-25T07:01:12","modified_gmt":"2022-04-25T06:01:12","slug":"mannheimer-messe","status":"publish","type":"post","link":"https:\/\/speyer24news.com\/?p=45057","title":{"rendered":"Mannheimer Messe"},"content":{"rendered":"<style type=\"text\/css\">\r\n\t.ads_top_disp{}\r\n\t.ads_top_corner_disp{ float:left; margin:0px 10px 10px 0px; }\r\n\t.ads_first_p_disp{}\r\n\t.ads_bottom_disp{}\r\n\t<\/style>\n<h2 class=\"wp-block-heading\">B\u00fcrgermeister Michael Gr\u00f6tsch er\u00f6ffnet die Mannheimer Messe<\/h2>\n\n\n\n<h3 class=\"wp-block-heading\">Vom 23.04. \u2013 08.05.22 findet das gr\u00f6\u00dfte Volksfest der Region auf dem Neuen Messplatz in Mannheim statt<\/h3>\n\n\n\n<h4 class=\"wp-block-heading\">Gewinnen sie einen von 10 Bummelp\u00e4ssen f\u00fcr die Messe<\/h4>\n\n\n\n<figure class=\"wp-block-image size-full\"><img decoding=\"async\" loading=\"lazy\" width=\"800\" height=\"579\" src=\"https:\/\/speyer24news.com\/wp-content\/uploads\/2022\/04\/Messe-Mannheim-2022-PK-3.jpg\" alt=\"\" class=\"wp-image-45024\" srcset=\"https:\/\/speyer24news.com\/wp-content\/uploads\/2022\/04\/Messe-Mannheim-2022-PK-3.jpg 800w, https:\/\/speyer24news.com\/wp-content\/uploads\/2022\/04\/Messe-Mannheim-2022-PK-3-300x217.jpg 300w, https:\/\/speyer24news.com\/wp-content\/uploads\/2022\/04\/Messe-Mannheim-2022-PK-3-768x556.jpg 768w\" sizes=\"(max-width: 800px) 100vw, 800px\" \/><figcaption>Lockt wieder viele Besucher\/innen an bis zum 08.05.2022, der Messplatz der Mannheimer Messe.<\/figcaption><\/figure>\n\n\n\n<p>Was haben die Menschen nach Spa\u00df und Unterhaltung ged\u00fcrstet in den letzten 2 Jahren. So sah man am Samstagnachmittag bereits \u00fcberdurchschnittlich viele Besucher\/innen \u00fcber die Maimesse bummeln.<\/p>\n\n\n\n<p>Traditionell fand am Samstagvormittag ein kleiner Festumzug durch die Mannheimer Innenstadt statt. Bei diesem verteilten die Schausteller Fahrchips und Pl\u00fcschtiere an die Zuschauer\/innen. Begleitet wurden sie durch den Guggemusikzug \u201eNewwlfezza\u201c.<\/p>\n\n\n\n<div class=\"wp-block-image\"><figure class=\"aligncenter size-full\"><img decoding=\"async\" loading=\"lazy\" width=\"800\" height=\"575\" src=\"https:\/\/speyer24news.com\/wp-content\/uploads\/2022\/04\/Eroeffnung-Mannheimer-Maimesse-2022-41.jpg\" alt=\"\" class=\"wp-image-45098\" srcset=\"https:\/\/speyer24news.com\/wp-content\/uploads\/2022\/04\/Eroeffnung-Mannheimer-Maimesse-2022-41.jpg 800w, https:\/\/speyer24news.com\/wp-content\/uploads\/2022\/04\/Eroeffnung-Mannheimer-Maimesse-2022-41-300x216.jpg 300w, https:\/\/speyer24news.com\/wp-content\/uploads\/2022\/04\/Eroeffnung-Mannheimer-Maimesse-2022-41-768x552.jpg 768w\" sizes=\"(max-width: 800px) 100vw, 800px\" \/><figcaption>Die EP Mannheim bietet wieder einen attraktiven Platz an, hier ein Blick aus dem Riesenrad auf einen Teil.<\/figcaption><\/figure><\/div>\n\n\n\n<p>Auf dem Neuen Messplatz selbst lockten bereits 110 Schausteller\/innen mit ihren Angeboten. Diese reichen von Fahr- und Schaugesch\u00e4ften, vielen Angeboten f\u00fcr Kinder und Familien bis hin zum gastronomischen Angebot von Bratwurst, von gebrannte Mandeln bis hin zu k\u00fchlen und erfrischenden Getr\u00e4nken, sei es alkoholischer oder antialkoholischer Natur.<\/p>\n\n\n\n<p>Christine Igel, die Gesch\u00e4ftsf\u00fchrerin der EP Mannheim, hat wieder einen \u00e4u\u00dferst attraktiven Platz gestalten k\u00f6nnen. Gibt es in diesem Jahr zwar keine \u201eQuerungsg\u00e4nge\u201c, kommt es einem dennoch so vor, als ob es wie immer w\u00e4re. F\u00fcr Gro\u00df und Klein, f\u00fcr Jung und Alt, f\u00fcr Adrenalinjunky bis zum ruhigen Genie\u00dfer\u2026 f\u00fcr alle findet sich etwas auf der Messe.<\/p>\n\n\n\n<div class=\"wp-block-image\"><figure class=\"aligncenter size-full\"><img decoding=\"async\" loading=\"lazy\" width=\"800\" height=\"600\" src=\"https:\/\/speyer24news.com\/wp-content\/uploads\/2022\/04\/Eroeffnung-Mannheimer-Maimesse-2022-37.jpg\" alt=\"\" class=\"wp-image-45094\" srcset=\"https:\/\/speyer24news.com\/wp-content\/uploads\/2022\/04\/Eroeffnung-Mannheimer-Maimesse-2022-37.jpg 800w, https:\/\/speyer24news.com\/wp-content\/uploads\/2022\/04\/Eroeffnung-Mannheimer-Maimesse-2022-37-300x225.jpg 300w, https:\/\/speyer24news.com\/wp-content\/uploads\/2022\/04\/Eroeffnung-Mannheimer-Maimesse-2022-37-768x576.jpg 768w, https:\/\/speyer24news.com\/wp-content\/uploads\/2022\/04\/Eroeffnung-Mannheimer-Maimesse-2022-37-678x509.jpg 678w, https:\/\/speyer24news.com\/wp-content\/uploads\/2022\/04\/Eroeffnung-Mannheimer-Maimesse-2022-37-326x245.jpg 326w, https:\/\/speyer24news.com\/wp-content\/uploads\/2022\/04\/Eroeffnung-Mannheimer-Maimesse-2022-37-80x60.jpg 80w\" sizes=\"(max-width: 800px) 100vw, 800px\" \/><figcaption>Das White Star Riesenrad der Familie G\u00f6bel. <\/figcaption><\/figure><\/div>\n\n\n\n<p>\u00dcber allem thront das 48m hohe White Star Riesenrad der Familie G\u00f6bel, welches 36 geschlossene Gondeln hat.Diese bieten einen herrlichen Ausblick \u00fcber den Festplatz, Mannheim und Ludwigshafen sowie die gesamte Region, wenn das Wetter stimmt. In jedem Fall ist es eine sehr sch\u00f6ne Angelegenheit und geh\u00f6rt, zumindest f\u00fcr uns, quasi \u201ezur Pflicht\u201c beim Besuch einer Messe.<\/p>\n\n\n\n<p>Einzig das Bierzelt beim K\u00fcbler &amp; Sch\u00fc\u00dfler Gastro GmbH fehlt\u2026 ist allerdings bestens ersetzt worden. Im Biergarten stehen nun gro\u00dfe Sonnenschirme, welche n\u00f6tigenfalls auch Regen abhalten w\u00fcrden. Zus\u00e4tzlich konnten durch den Zeltverleih Jakel Bossert zwei gro\u00dfe Pavillons gemietet werden.<\/p>\n\n\n\n<div class=\"wp-block-image\"><figure class=\"aligncenter size-full\"><img decoding=\"async\" loading=\"lazy\" width=\"800\" height=\"579\" src=\"https:\/\/speyer24news.com\/wp-content\/uploads\/2022\/04\/Eroeffnung-Mannheimer-Maimesse-2022-61.jpg\" alt=\"\" class=\"wp-image-45118\" srcset=\"https:\/\/speyer24news.com\/wp-content\/uploads\/2022\/04\/Eroeffnung-Mannheimer-Maimesse-2022-61.jpg 800w, https:\/\/speyer24news.com\/wp-content\/uploads\/2022\/04\/Eroeffnung-Mannheimer-Maimesse-2022-61-300x217.jpg 300w, https:\/\/speyer24news.com\/wp-content\/uploads\/2022\/04\/Eroeffnung-Mannheimer-Maimesse-2022-61-768x556.jpg 768w\" sizes=\"(max-width: 800px) 100vw, 800px\" \/><figcaption>v.l.: B\u00fcrgermeister Michael Gr\u00f6tsch (nur der R\u00fccken noch zu sehen), Vorsitzender des Schaustellerverband Mannheim, Stephan Schuster und sein Stellvertreter sowie Gesch\u00e4ftsf\u00fchrerin der EP Mannheim GmbH Christine Igel.<\/figcaption><\/figure><\/div>\n\n\n\n<p>In dieser gem\u00fctlichen Atmosph\u00e4re war es dann nach einigen St\u00fccken des Polizeimusikkorps Mannheim unter der Leitung von Wolfgang Rothenheber so weit\u2026 B\u00fcrgermeister Michael Gr\u00f6tsch konnte die zahlreichen G\u00e4ste begr\u00fc\u00dfen. Neben Bekanntem, wie dem Rabatt von 2,50 \u20ac, wenn man mit dem VRN-Tages-Ticket zur Messe f\u00e4hrt, oder auch den Familientagen am 28.04. und 05.05.22, an welchen man an allen Fahrgesch\u00e4ften zum halben Preis fahren kann\u2026 gab es auch Neuerungen.<\/p>\n\n\n\n<p>So findet dieses Jahr KEIN Feuerwerk statt. In Zeiten, in denen in Europa leider wieder scharf geschossen werde, sei dies ein falsches Signal. Zumal bereits auch viele Menschen aus der Ukraine in der Quadrate Stadt eine Zuflucht gefunden h\u00e4tten. So freute sich Stephan Schuster, der Vorsitzende des Mannheimer Schaustellerverbandes, dass man am 4. Mai einen Kindernachmittag f\u00fcr gefl\u00fcchtete Kinder aus der Ukraine realisieren konnte. Man hoffe, so den Kindern wieder ein wenig Lebensfreude und vielleicht auch ein L\u00e4cheln zur\u00fcckgeben zu k\u00f6nnen.<\/p>\n\n\n\n<div class=\"wp-block-image\"><figure class=\"aligncenter size-full\"><img decoding=\"async\" loading=\"lazy\" width=\"800\" height=\"600\" src=\"https:\/\/speyer24news.com\/wp-content\/uploads\/2022\/04\/Eroeffnung-Mannheimer-Maimesse-2022-53.jpg\" alt=\"\" class=\"wp-image-45110\" srcset=\"https:\/\/speyer24news.com\/wp-content\/uploads\/2022\/04\/Eroeffnung-Mannheimer-Maimesse-2022-53.jpg 800w, https:\/\/speyer24news.com\/wp-content\/uploads\/2022\/04\/Eroeffnung-Mannheimer-Maimesse-2022-53-300x225.jpg 300w, https:\/\/speyer24news.com\/wp-content\/uploads\/2022\/04\/Eroeffnung-Mannheimer-Maimesse-2022-53-768x576.jpg 768w, https:\/\/speyer24news.com\/wp-content\/uploads\/2022\/04\/Eroeffnung-Mannheimer-Maimesse-2022-53-678x509.jpg 678w, https:\/\/speyer24news.com\/wp-content\/uploads\/2022\/04\/Eroeffnung-Mannheimer-Maimesse-2022-53-326x245.jpg 326w, https:\/\/speyer24news.com\/wp-content\/uploads\/2022\/04\/Eroeffnung-Mannheimer-Maimesse-2022-53-80x60.jpg 80w\" sizes=\"(max-width: 800px) 100vw, 800px\" \/><figcaption>Hat es nicht verlernt, B\u00fcrgermeister Michael Gr\u00f6tsch zapft das Fa\u00df gekonnt an. <\/figcaption><\/figure><\/div>\n\n\n\n<p>B\u00fcrgermeister Gr\u00f6tsch brauchte gerade einmal zwei Schl\u00e4ge, um das Bierfass der Welde Brauerei anzuschlagen, nach \u00fcber zwei Jahren Pandemiepause also nichts verlernt. Und so prosteten sich alle auf zwei ausgelassene Wochen voller Spa\u00df und Lebensfreude zu.<\/p>\n\n\n\n<h4 class=\"wp-block-heading\">\u00d6ffnungszeiten: 23.04. bis 08.05.2022<\/h4>\n\n\n\n<ul><li><strong>Sonntag bis Donnerstag: 13:00 bis 23:00 Uhr<\/strong><\/li><li><strong>Freitag, Samstag sowie vor Feiertagen: 13:00 bis 24:00 Uhr<\/strong><\/li><\/ul>\n\n\n\n<p><strong>Mehr unter Facebook:&nbsp;<\/strong><a href=\"https:\/\/www.facebook.com\/EPM.Mannheim\/?ref=page_internal\">(17) Event &amp; Promotion Mannheim GmbH | Facebook<\/a><\/p>\n\n\n\n<div class=\"wp-block-image\"><figure class=\"aligncenter size-full\"><img decoding=\"async\" loading=\"lazy\" width=\"800\" height=\"600\" src=\"https:\/\/speyer24news.com\/wp-content\/uploads\/2022\/04\/Eroeffnung-Mannheimer-Maimesse-2022-57.jpg\" alt=\"\" class=\"wp-image-45114\" srcset=\"https:\/\/speyer24news.com\/wp-content\/uploads\/2022\/04\/Eroeffnung-Mannheimer-Maimesse-2022-57.jpg 800w, https:\/\/speyer24news.com\/wp-content\/uploads\/2022\/04\/Eroeffnung-Mannheimer-Maimesse-2022-57-300x225.jpg 300w, https:\/\/speyer24news.com\/wp-content\/uploads\/2022\/04\/Eroeffnung-Mannheimer-Maimesse-2022-57-768x576.jpg 768w, https:\/\/speyer24news.com\/wp-content\/uploads\/2022\/04\/Eroeffnung-Mannheimer-Maimesse-2022-57-678x509.jpg 678w, https:\/\/speyer24news.com\/wp-content\/uploads\/2022\/04\/Eroeffnung-Mannheimer-Maimesse-2022-57-326x245.jpg 326w, https:\/\/speyer24news.com\/wp-content\/uploads\/2022\/04\/Eroeffnung-Mannheimer-Maimesse-2022-57-80x60.jpg 80w\" sizes=\"(max-width: 800px) 100vw, 800px\" \/><\/figure><\/div>\n\n\n\n<h2 class=\"has-text-align-center wp-block-heading\">Gewinnspiel f\u00fcr jeweils einen von Zehn Bummelp\u00e4ssen<\/h2>\n\n\n\n<div class=\"wp-block-image\"><figure class=\"aligncenter size-full\"><img decoding=\"async\" loading=\"lazy\" width=\"802\" height=\"598\" src=\"https:\/\/speyer24news.com\/wp-content\/uploads\/2022\/04\/Bummelpass.jpg\" alt=\"\" class=\"wp-image-45125\" srcset=\"https:\/\/speyer24news.com\/wp-content\/uploads\/2022\/04\/Bummelpass.jpg 802w, https:\/\/speyer24news.com\/wp-content\/uploads\/2022\/04\/Bummelpass-300x224.jpg 300w, https:\/\/speyer24news.com\/wp-content\/uploads\/2022\/04\/Bummelpass-768x573.jpg 768w, https:\/\/speyer24news.com\/wp-content\/uploads\/2022\/04\/Bummelpass-80x60.jpg 80w\" sizes=\"(max-width: 802px) 100vw, 802px\" \/><\/figure><\/div>\n\n\n\n<p>Gemeinsam mit dem Schaustellerverband Mannheim freuen wir uns, Ihnen, liebe Leser\/innen, die M\u00f6glichkeit zu geben, einen von 10 Bummelp\u00e4ssen f\u00fcr die Mannheimer Maimesse zu gewinnen. Dieser beinhaltet 10 Freifahrten f\u00fcr ein Fahrgesch\u00e4ft Ihrer Wahl, 3 Gutscheine \u00fcber 1 \u20ac f\u00fcr ein Spiel- oder Schie\u00dfgesch\u00e4ft, 4 Gutscheine f\u00fcr 1,50 \u20ac Erm\u00e4\u00dfigung an einem Verkaufsstand und jeweils zwei 50% Gutscheine f\u00fcr eine Bratwurst, eine Portion Pommes, ein alkoholisches Getr\u00e4nk und ein antialkoholisches Getr\u00e4nk.<\/p>\n\n\n\n<p>Senden Sie uns hierzu einfach eine E-Mail, WhatsApp oder Kommentar mit dem Stichwort \u201eMaimesse\u201c sowie Ihrem Namen und einer Kontaktm\u00f6glichkeit, <strong>bis zum 28.04.22<\/strong>. Der\/die Gewinner\/innen k\u00f6nnen ihren Bummelpass dann in unserer Redaktion in Speyer abholen kommen. Eine Barauszahlung ist, ebenso wie der Rechtsweg, ausgeschlossen. Das Gewinnspiel steht in keinerlei Zusammenhang mit Facebook.<\/p>\n\n\n\n<h3 class=\"wp-block-heading\">Sehen Sie hier ein Video der Er\u00f6ffnung:<\/h3>\n\n\n\n<figure class=\"wp-block-embed is-type-video is-provider-youtube wp-block-embed-youtube wp-embed-aspect-16-9 wp-has-aspect-ratio\"><div class=\"wp-block-embed__wrapper\">\n<iframe loading=\"lazy\" title=\"Er\u00f6ffnung Mannheimer Maimesse 2022\" width=\"500\" height=\"281\" src=\"https:\/\/www.youtube.com\/embed\/4RanEi7d7WY?feature=oembed\" frameborder=\"0\" allow=\"accelerometer; autoplay; clipboard-write; encrypted-media; gyroscope; picture-in-picture\" allowfullscreen><\/iframe>\n<\/div><\/figure>\n\n\n\n<h3 class=\"wp-block-heading\">Sehen Sie hier das Fotoalbum zur Er\u00f6ffnung:<\/h3>\n\n\n\n<figure class=\"wp-block-gallery columns-2 is-cropped wp-block-gallery-1 is-layout-flex wp-block-gallery-is-layout-flex\"><ul class=\"blocks-gallery-grid\"><li class=\"blocks-gallery-item\"><figure><img decoding=\"async\" loading=\"lazy\" width=\"800\" height=\"600\" src=\"https:\/\/speyer24news.com\/wp-content\/uploads\/2022\/04\/Eroeffnung-Mannheimer-Maimesse-2022-1.jpg\" alt=\"\" data-id=\"45058\" data-link=\"https:\/\/speyer24news.com\/?attachment_id=45058\" class=\"wp-image-45058\" srcset=\"https:\/\/speyer24news.com\/wp-content\/uploads\/2022\/04\/Eroeffnung-Mannheimer-Maimesse-2022-1.jpg 800w, https:\/\/speyer24news.com\/wp-content\/uploads\/2022\/04\/Eroeffnung-Mannheimer-Maimesse-2022-1-300x225.jpg 300w, https:\/\/speyer24news.com\/wp-content\/uploads\/2022\/04\/Eroeffnung-Mannheimer-Maimesse-2022-1-768x576.jpg 768w, https:\/\/speyer24news.com\/wp-content\/uploads\/2022\/04\/Eroeffnung-Mannheimer-Maimesse-2022-1-678x509.jpg 678w, https:\/\/speyer24news.com\/wp-content\/uploads\/2022\/04\/Eroeffnung-Mannheimer-Maimesse-2022-1-326x245.jpg 326w, https:\/\/speyer24news.com\/wp-content\/uploads\/2022\/04\/Eroeffnung-Mannheimer-Maimesse-2022-1-80x60.jpg 80w\" sizes=\"(max-width: 800px) 100vw, 800px\" \/><\/figure><\/li><li class=\"blocks-gallery-item\"><figure><img decoding=\"async\" loading=\"lazy\" width=\"800\" height=\"579\" src=\"https:\/\/speyer24news.com\/wp-content\/uploads\/2022\/04\/Eroeffnung-Mannheimer-Maimesse-2022-2.jpg\" alt=\"\" data-id=\"45059\" data-link=\"https:\/\/speyer24news.com\/?attachment_id=45059\" class=\"wp-image-45059\" srcset=\"https:\/\/speyer24news.com\/wp-content\/uploads\/2022\/04\/Eroeffnung-Mannheimer-Maimesse-2022-2.jpg 800w, https:\/\/speyer24news.com\/wp-content\/uploads\/2022\/04\/Eroeffnung-Mannheimer-Maimesse-2022-2-300x217.jpg 300w, https:\/\/speyer24news.com\/wp-content\/uploads\/2022\/04\/Eroeffnung-Mannheimer-Maimesse-2022-2-768x556.jpg 768w\" sizes=\"(max-width: 800px) 100vw, 800px\" \/><\/figure><\/li><li class=\"blocks-gallery-item\"><figure><img decoding=\"async\" loading=\"lazy\" width=\"800\" height=\"600\" src=\"https:\/\/speyer24news.com\/wp-content\/uploads\/2022\/04\/Eroeffnung-Mannheimer-Maimesse-2022-3.jpg\" alt=\"\" data-id=\"45060\" data-link=\"https:\/\/speyer24news.com\/?attachment_id=45060\" class=\"wp-image-45060\" srcset=\"https:\/\/speyer24news.com\/wp-content\/uploads\/2022\/04\/Eroeffnung-Mannheimer-Maimesse-2022-3.jpg 800w, https:\/\/speyer24news.com\/wp-content\/uploads\/2022\/04\/Eroeffnung-Mannheimer-Maimesse-2022-3-300x225.jpg 300w, https:\/\/speyer24news.com\/wp-content\/uploads\/2022\/04\/Eroeffnung-Mannheimer-Maimesse-2022-3-768x576.jpg 768w, https:\/\/speyer24news.com\/wp-content\/uploads\/2022\/04\/Eroeffnung-Mannheimer-Maimesse-2022-3-678x509.jpg 678w, https:\/\/speyer24news.com\/wp-content\/uploads\/2022\/04\/Eroeffnung-Mannheimer-Maimesse-2022-3-326x245.jpg 326w, https:\/\/speyer24news.com\/wp-content\/uploads\/2022\/04\/Eroeffnung-Mannheimer-Maimesse-2022-3-80x60.jpg 80w\" sizes=\"(max-width: 800px) 100vw, 800px\" \/><\/figure><\/li><li class=\"blocks-gallery-item\"><figure><img decoding=\"async\" loading=\"lazy\" width=\"800\" height=\"600\" src=\"https:\/\/speyer24news.com\/wp-content\/uploads\/2022\/04\/Eroeffnung-Mannheimer-Maimesse-2022-4.jpg\" alt=\"\" data-id=\"45061\" data-link=\"https:\/\/speyer24news.com\/?attachment_id=45061\" class=\"wp-image-45061\" srcset=\"https:\/\/speyer24news.com\/wp-content\/uploads\/2022\/04\/Eroeffnung-Mannheimer-Maimesse-2022-4.jpg 800w, https:\/\/speyer24news.com\/wp-content\/uploads\/2022\/04\/Eroeffnung-Mannheimer-Maimesse-2022-4-300x225.jpg 300w, https:\/\/speyer24news.com\/wp-content\/uploads\/2022\/04\/Eroeffnung-Mannheimer-Maimesse-2022-4-768x576.jpg 768w, https:\/\/speyer24news.com\/wp-content\/uploads\/2022\/04\/Eroeffnung-Mannheimer-Maimesse-2022-4-678x509.jpg 678w, https:\/\/speyer24news.com\/wp-content\/uploads\/2022\/04\/Eroeffnung-Mannheimer-Maimesse-2022-4-326x245.jpg 326w, https:\/\/speyer24news.com\/wp-content\/uploads\/2022\/04\/Eroeffnung-Mannheimer-Maimesse-2022-4-80x60.jpg 80w\" sizes=\"(max-width: 800px) 100vw, 800px\" \/><\/figure><\/li><li class=\"blocks-gallery-item\"><figure><img decoding=\"async\" loading=\"lazy\" width=\"800\" height=\"600\" src=\"https:\/\/speyer24news.com\/wp-content\/uploads\/2022\/04\/Eroeffnung-Mannheimer-Maimesse-2022-5.jpg\" alt=\"\" data-id=\"45062\" data-link=\"https:\/\/speyer24news.com\/?attachment_id=45062\" class=\"wp-image-45062\" srcset=\"https:\/\/speyer24news.com\/wp-content\/uploads\/2022\/04\/Eroeffnung-Mannheimer-Maimesse-2022-5.jpg 800w, https:\/\/speyer24news.com\/wp-content\/uploads\/2022\/04\/Eroeffnung-Mannheimer-Maimesse-2022-5-300x225.jpg 300w, https:\/\/speyer24news.com\/wp-content\/uploads\/2022\/04\/Eroeffnung-Mannheimer-Maimesse-2022-5-768x576.jpg 768w, https:\/\/speyer24news.com\/wp-content\/uploads\/2022\/04\/Eroeffnung-Mannheimer-Maimesse-2022-5-678x509.jpg 678w, https:\/\/speyer24news.com\/wp-content\/uploads\/2022\/04\/Eroeffnung-Mannheimer-Maimesse-2022-5-326x245.jpg 326w, https:\/\/speyer24news.com\/wp-content\/uploads\/2022\/04\/Eroeffnung-Mannheimer-Maimesse-2022-5-80x60.jpg 80w\" sizes=\"(max-width: 800px) 100vw, 800px\" \/><\/figure><\/li><li class=\"blocks-gallery-item\"><figure><img decoding=\"async\" loading=\"lazy\" width=\"800\" height=\"600\" src=\"https:\/\/speyer24news.com\/wp-content\/uploads\/2022\/04\/Eroeffnung-Mannheimer-Maimesse-2022-6.jpg\" alt=\"\" data-id=\"45063\" data-link=\"https:\/\/speyer24news.com\/?attachment_id=45063\" class=\"wp-image-45063\" srcset=\"https:\/\/speyer24news.com\/wp-content\/uploads\/2022\/04\/Eroeffnung-Mannheimer-Maimesse-2022-6.jpg 800w, https:\/\/speyer24news.com\/wp-content\/uploads\/2022\/04\/Eroeffnung-Mannheimer-Maimesse-2022-6-300x225.jpg 300w, https:\/\/speyer24news.com\/wp-content\/uploads\/2022\/04\/Eroeffnung-Mannheimer-Maimesse-2022-6-768x576.jpg 768w, https:\/\/speyer24news.com\/wp-content\/uploads\/2022\/04\/Eroeffnung-Mannheimer-Maimesse-2022-6-678x509.jpg 678w, https:\/\/speyer24news.com\/wp-content\/uploads\/2022\/04\/Eroeffnung-Mannheimer-Maimesse-2022-6-326x245.jpg 326w, https:\/\/speyer24news.com\/wp-content\/uploads\/2022\/04\/Eroeffnung-Mannheimer-Maimesse-2022-6-80x60.jpg 80w\" sizes=\"(max-width: 800px) 100vw, 800px\" \/><\/figure><\/li><li class=\"blocks-gallery-item\"><figure><img decoding=\"async\" loading=\"lazy\" width=\"800\" height=\"600\" src=\"https:\/\/speyer24news.com\/wp-content\/uploads\/2022\/04\/Eroeffnung-Mannheimer-Maimesse-2022-7.jpg\" alt=\"\" data-id=\"45064\" data-link=\"https:\/\/speyer24news.com\/?attachment_id=45064\" class=\"wp-image-45064\" srcset=\"https:\/\/speyer24news.com\/wp-content\/uploads\/2022\/04\/Eroeffnung-Mannheimer-Maimesse-2022-7.jpg 800w, https:\/\/speyer24news.com\/wp-content\/uploads\/2022\/04\/Eroeffnung-Mannheimer-Maimesse-2022-7-300x225.jpg 300w, https:\/\/speyer24news.com\/wp-content\/uploads\/2022\/04\/Eroeffnung-Mannheimer-Maimesse-2022-7-768x576.jpg 768w, https:\/\/speyer24news.com\/wp-content\/uploads\/2022\/04\/Eroeffnung-Mannheimer-Maimesse-2022-7-678x509.jpg 678w, https:\/\/speyer24news.com\/wp-content\/uploads\/2022\/04\/Eroeffnung-Mannheimer-Maimesse-2022-7-326x245.jpg 326w, https:\/\/speyer24news.com\/wp-content\/uploads\/2022\/04\/Eroeffnung-Mannheimer-Maimesse-2022-7-80x60.jpg 80w\" sizes=\"(max-width: 800px) 100vw, 800px\" \/><\/figure><\/li><li class=\"blocks-gallery-item\"><figure><img decoding=\"async\" loading=\"lazy\" width=\"800\" height=\"600\" src=\"https:\/\/speyer24news.com\/wp-content\/uploads\/2022\/04\/Eroeffnung-Mannheimer-Maimesse-2022-8.jpg\" alt=\"\" data-id=\"45065\" data-link=\"https:\/\/speyer24news.com\/?attachment_id=45065\" class=\"wp-image-45065\" srcset=\"https:\/\/speyer24news.com\/wp-content\/uploads\/2022\/04\/Eroeffnung-Mannheimer-Maimesse-2022-8.jpg 800w, https:\/\/speyer24news.com\/wp-content\/uploads\/2022\/04\/Eroeffnung-Mannheimer-Maimesse-2022-8-300x225.jpg 300w, https:\/\/speyer24news.com\/wp-content\/uploads\/2022\/04\/Eroeffnung-Mannheimer-Maimesse-2022-8-768x576.jpg 768w, https:\/\/speyer24news.com\/wp-content\/uploads\/2022\/04\/Eroeffnung-Mannheimer-Maimesse-2022-8-678x509.jpg 678w, https:\/\/speyer24news.com\/wp-content\/uploads\/2022\/04\/Eroeffnung-Mannheimer-Maimesse-2022-8-326x245.jpg 326w, https:\/\/speyer24news.com\/wp-content\/uploads\/2022\/04\/Eroeffnung-Mannheimer-Maimesse-2022-8-80x60.jpg 80w\" sizes=\"(max-width: 800px) 100vw, 800px\" \/><\/figure><\/li><li class=\"blocks-gallery-item\"><figure><img decoding=\"async\" loading=\"lazy\" width=\"800\" height=\"600\" src=\"https:\/\/speyer24news.com\/wp-content\/uploads\/2022\/04\/Eroeffnung-Mannheimer-Maimesse-2022-9.jpg\" alt=\"\" data-id=\"45066\" data-link=\"https:\/\/speyer24news.com\/?attachment_id=45066\" class=\"wp-image-45066\" srcset=\"https:\/\/speyer24news.com\/wp-content\/uploads\/2022\/04\/Eroeffnung-Mannheimer-Maimesse-2022-9.jpg 800w, https:\/\/speyer24news.com\/wp-content\/uploads\/2022\/04\/Eroeffnung-Mannheimer-Maimesse-2022-9-300x225.jpg 300w, https:\/\/speyer24news.com\/wp-content\/uploads\/2022\/04\/Eroeffnung-Mannheimer-Maimesse-2022-9-768x576.jpg 768w, https:\/\/speyer24news.com\/wp-content\/uploads\/2022\/04\/Eroeffnung-Mannheimer-Maimesse-2022-9-678x509.jpg 678w, https:\/\/speyer24news.com\/wp-content\/uploads\/2022\/04\/Eroeffnung-Mannheimer-Maimesse-2022-9-326x245.jpg 326w, https:\/\/speyer24news.com\/wp-content\/uploads\/2022\/04\/Eroeffnung-Mannheimer-Maimesse-2022-9-80x60.jpg 80w\" sizes=\"(max-width: 800px) 100vw, 800px\" \/><\/figure><\/li><li class=\"blocks-gallery-item\"><figure><img decoding=\"async\" loading=\"lazy\" width=\"800\" height=\"600\" src=\"https:\/\/speyer24news.com\/wp-content\/uploads\/2022\/04\/Eroeffnung-Mannheimer-Maimesse-2022-10.jpg\" alt=\"\" data-id=\"45067\" data-link=\"https:\/\/speyer24news.com\/?attachment_id=45067\" class=\"wp-image-45067\" srcset=\"https:\/\/speyer24news.com\/wp-content\/uploads\/2022\/04\/Eroeffnung-Mannheimer-Maimesse-2022-10.jpg 800w, https:\/\/speyer24news.com\/wp-content\/uploads\/2022\/04\/Eroeffnung-Mannheimer-Maimesse-2022-10-300x225.jpg 300w, https:\/\/speyer24news.com\/wp-content\/uploads\/2022\/04\/Eroeffnung-Mannheimer-Maimesse-2022-10-768x576.jpg 768w, https:\/\/speyer24news.com\/wp-content\/uploads\/2022\/04\/Eroeffnung-Mannheimer-Maimesse-2022-10-678x509.jpg 678w, https:\/\/speyer24news.com\/wp-content\/uploads\/2022\/04\/Eroeffnung-Mannheimer-Maimesse-2022-10-326x245.jpg 326w, https:\/\/speyer24news.com\/wp-content\/uploads\/2022\/04\/Eroeffnung-Mannheimer-Maimesse-2022-10-80x60.jpg 80w\" sizes=\"(max-width: 800px) 100vw, 800px\" \/><\/figure><\/li><li class=\"blocks-gallery-item\"><figure><img decoding=\"async\" loading=\"lazy\" width=\"800\" height=\"600\" src=\"https:\/\/speyer24news.com\/wp-content\/uploads\/2022\/04\/Eroeffnung-Mannheimer-Maimesse-2022-11.jpg\" alt=\"\" data-id=\"45068\" data-link=\"https:\/\/speyer24news.com\/?attachment_id=45068\" class=\"wp-image-45068\" srcset=\"https:\/\/speyer24news.com\/wp-content\/uploads\/2022\/04\/Eroeffnung-Mannheimer-Maimesse-2022-11.jpg 800w, https:\/\/speyer24news.com\/wp-content\/uploads\/2022\/04\/Eroeffnung-Mannheimer-Maimesse-2022-11-300x225.jpg 300w, https:\/\/speyer24news.com\/wp-content\/uploads\/2022\/04\/Eroeffnung-Mannheimer-Maimesse-2022-11-768x576.jpg 768w, https:\/\/speyer24news.com\/wp-content\/uploads\/2022\/04\/Eroeffnung-Mannheimer-Maimesse-2022-11-678x509.jpg 678w, https:\/\/speyer24news.com\/wp-content\/uploads\/2022\/04\/Eroeffnung-Mannheimer-Maimesse-2022-11-326x245.jpg 326w, https:\/\/speyer24news.com\/wp-content\/uploads\/2022\/04\/Eroeffnung-Mannheimer-Maimesse-2022-11-80x60.jpg 80w\" sizes=\"(max-width: 800px) 100vw, 800px\" \/><\/figure><\/li><li class=\"blocks-gallery-item\"><figure><img decoding=\"async\" loading=\"lazy\" width=\"800\" height=\"600\" src=\"https:\/\/speyer24news.com\/wp-content\/uploads\/2022\/04\/Eroeffnung-Mannheimer-Maimesse-2022-12.jpg\" alt=\"\" data-id=\"45069\" data-link=\"https:\/\/speyer24news.com\/?attachment_id=45069\" class=\"wp-image-45069\" srcset=\"https:\/\/speyer24news.com\/wp-content\/uploads\/2022\/04\/Eroeffnung-Mannheimer-Maimesse-2022-12.jpg 800w, https:\/\/speyer24news.com\/wp-content\/uploads\/2022\/04\/Eroeffnung-Mannheimer-Maimesse-2022-12-300x225.jpg 300w, https:\/\/speyer24news.com\/wp-content\/uploads\/2022\/04\/Eroeffnung-Mannheimer-Maimesse-2022-12-768x576.jpg 768w, https:\/\/speyer24news.com\/wp-content\/uploads\/2022\/04\/Eroeffnung-Mannheimer-Maimesse-2022-12-678x509.jpg 678w, https:\/\/speyer24news.com\/wp-content\/uploads\/2022\/04\/Eroeffnung-Mannheimer-Maimesse-2022-12-326x245.jpg 326w, https:\/\/speyer24news.com\/wp-content\/uploads\/2022\/04\/Eroeffnung-Mannheimer-Maimesse-2022-12-80x60.jpg 80w\" sizes=\"(max-width: 800px) 100vw, 800px\" \/><\/figure><\/li><li class=\"blocks-gallery-item\"><figure><img decoding=\"async\" loading=\"lazy\" width=\"800\" height=\"600\" src=\"https:\/\/speyer24news.com\/wp-content\/uploads\/2022\/04\/Eroeffnung-Mannheimer-Maimesse-2022-13.jpg\" alt=\"\" data-id=\"45070\" data-link=\"https:\/\/speyer24news.com\/?attachment_id=45070\" class=\"wp-image-45070\" srcset=\"https:\/\/speyer24news.com\/wp-content\/uploads\/2022\/04\/Eroeffnung-Mannheimer-Maimesse-2022-13.jpg 800w, https:\/\/speyer24news.com\/wp-content\/uploads\/2022\/04\/Eroeffnung-Mannheimer-Maimesse-2022-13-300x225.jpg 300w, https:\/\/speyer24news.com\/wp-content\/uploads\/2022\/04\/Eroeffnung-Mannheimer-Maimesse-2022-13-768x576.jpg 768w, https:\/\/speyer24news.com\/wp-content\/uploads\/2022\/04\/Eroeffnung-Mannheimer-Maimesse-2022-13-678x509.jpg 678w, https:\/\/speyer24news.com\/wp-content\/uploads\/2022\/04\/Eroeffnung-Mannheimer-Maimesse-2022-13-326x245.jpg 326w, https:\/\/speyer24news.com\/wp-content\/uploads\/2022\/04\/Eroeffnung-Mannheimer-Maimesse-2022-13-80x60.jpg 80w\" sizes=\"(max-width: 800px) 100vw, 800px\" \/><\/figure><\/li><li class=\"blocks-gallery-item\"><figure><img decoding=\"async\" loading=\"lazy\" width=\"800\" height=\"600\" src=\"https:\/\/speyer24news.com\/wp-content\/uploads\/2022\/04\/Eroeffnung-Mannheimer-Maimesse-2022-14.jpg\" alt=\"\" data-id=\"45071\" data-link=\"https:\/\/speyer24news.com\/?attachment_id=45071\" class=\"wp-image-45071\" srcset=\"https:\/\/speyer24news.com\/wp-content\/uploads\/2022\/04\/Eroeffnung-Mannheimer-Maimesse-2022-14.jpg 800w, https:\/\/speyer24news.com\/wp-content\/uploads\/2022\/04\/Eroeffnung-Mannheimer-Maimesse-2022-14-300x225.jpg 300w, https:\/\/speyer24news.com\/wp-content\/uploads\/2022\/04\/Eroeffnung-Mannheimer-Maimesse-2022-14-768x576.jpg 768w, https:\/\/speyer24news.com\/wp-content\/uploads\/2022\/04\/Eroeffnung-Mannheimer-Maimesse-2022-14-678x509.jpg 678w, https:\/\/speyer24news.com\/wp-content\/uploads\/2022\/04\/Eroeffnung-Mannheimer-Maimesse-2022-14-326x245.jpg 326w, https:\/\/speyer24news.com\/wp-content\/uploads\/2022\/04\/Eroeffnung-Mannheimer-Maimesse-2022-14-80x60.jpg 80w\" sizes=\"(max-width: 800px) 100vw, 800px\" \/><\/figure><\/li><li class=\"blocks-gallery-item\"><figure><img decoding=\"async\" loading=\"lazy\" width=\"800\" height=\"600\" src=\"https:\/\/speyer24news.com\/wp-content\/uploads\/2022\/04\/Eroeffnung-Mannheimer-Maimesse-2022-15.jpg\" alt=\"\" data-id=\"45072\" data-link=\"https:\/\/speyer24news.com\/?attachment_id=45072\" class=\"wp-image-45072\" srcset=\"https:\/\/speyer24news.com\/wp-content\/uploads\/2022\/04\/Eroeffnung-Mannheimer-Maimesse-2022-15.jpg 800w, https:\/\/speyer24news.com\/wp-content\/uploads\/2022\/04\/Eroeffnung-Mannheimer-Maimesse-2022-15-300x225.jpg 300w, https:\/\/speyer24news.com\/wp-content\/uploads\/2022\/04\/Eroeffnung-Mannheimer-Maimesse-2022-15-768x576.jpg 768w, https:\/\/speyer24news.com\/wp-content\/uploads\/2022\/04\/Eroeffnung-Mannheimer-Maimesse-2022-15-678x509.jpg 678w, https:\/\/speyer24news.com\/wp-content\/uploads\/2022\/04\/Eroeffnung-Mannheimer-Maimesse-2022-15-326x245.jpg 326w, https:\/\/speyer24news.com\/wp-content\/uploads\/2022\/04\/Eroeffnung-Mannheimer-Maimesse-2022-15-80x60.jpg 80w\" sizes=\"(max-width: 800px) 100vw, 800px\" \/><\/figure><\/li><li class=\"blocks-gallery-item\"><figure><img decoding=\"async\" loading=\"lazy\" width=\"800\" height=\"593\" src=\"https:\/\/speyer24news.com\/wp-content\/uploads\/2022\/04\/Eroeffnung-Mannheimer-Maimesse-2022-16.jpg\" alt=\"\" data-id=\"45073\" data-link=\"https:\/\/speyer24news.com\/?attachment_id=45073\" class=\"wp-image-45073\" srcset=\"https:\/\/speyer24news.com\/wp-content\/uploads\/2022\/04\/Eroeffnung-Mannheimer-Maimesse-2022-16.jpg 800w, https:\/\/speyer24news.com\/wp-content\/uploads\/2022\/04\/Eroeffnung-Mannheimer-Maimesse-2022-16-300x222.jpg 300w, https:\/\/speyer24news.com\/wp-content\/uploads\/2022\/04\/Eroeffnung-Mannheimer-Maimesse-2022-16-768x569.jpg 768w, https:\/\/speyer24news.com\/wp-content\/uploads\/2022\/04\/Eroeffnung-Mannheimer-Maimesse-2022-16-80x60.jpg 80w\" sizes=\"(max-width: 800px) 100vw, 800px\" \/><\/figure><\/li><li class=\"blocks-gallery-item\"><figure><img decoding=\"async\" loading=\"lazy\" width=\"800\" height=\"600\" src=\"https:\/\/speyer24news.com\/wp-content\/uploads\/2022\/04\/Eroeffnung-Mannheimer-Maimesse-2022-17.jpg\" alt=\"\" data-id=\"45074\" data-link=\"https:\/\/speyer24news.com\/?attachment_id=45074\" class=\"wp-image-45074\" srcset=\"https:\/\/speyer24news.com\/wp-content\/uploads\/2022\/04\/Eroeffnung-Mannheimer-Maimesse-2022-17.jpg 800w, https:\/\/speyer24news.com\/wp-content\/uploads\/2022\/04\/Eroeffnung-Mannheimer-Maimesse-2022-17-300x225.jpg 300w, https:\/\/speyer24news.com\/wp-content\/uploads\/2022\/04\/Eroeffnung-Mannheimer-Maimesse-2022-17-768x576.jpg 768w, https:\/\/speyer24news.com\/wp-content\/uploads\/2022\/04\/Eroeffnung-Mannheimer-Maimesse-2022-17-678x509.jpg 678w, https:\/\/speyer24news.com\/wp-content\/uploads\/2022\/04\/Eroeffnung-Mannheimer-Maimesse-2022-17-326x245.jpg 326w, https:\/\/speyer24news.com\/wp-content\/uploads\/2022\/04\/Eroeffnung-Mannheimer-Maimesse-2022-17-80x60.jpg 80w\" sizes=\"(max-width: 800px) 100vw, 800px\" \/><\/figure><\/li><li class=\"blocks-gallery-item\"><figure><img decoding=\"async\" loading=\"lazy\" width=\"800\" height=\"600\" src=\"https:\/\/speyer24news.com\/wp-content\/uploads\/2022\/04\/Eroeffnung-Mannheimer-Maimesse-2022-18.jpg\" alt=\"\" data-id=\"45075\" data-link=\"https:\/\/speyer24news.com\/?attachment_id=45075\" class=\"wp-image-45075\" srcset=\"https:\/\/speyer24news.com\/wp-content\/uploads\/2022\/04\/Eroeffnung-Mannheimer-Maimesse-2022-18.jpg 800w, https:\/\/speyer24news.com\/wp-content\/uploads\/2022\/04\/Eroeffnung-Mannheimer-Maimesse-2022-18-300x225.jpg 300w, https:\/\/speyer24news.com\/wp-content\/uploads\/2022\/04\/Eroeffnung-Mannheimer-Maimesse-2022-18-768x576.jpg 768w, https:\/\/speyer24news.com\/wp-content\/uploads\/2022\/04\/Eroeffnung-Mannheimer-Maimesse-2022-18-678x509.jpg 678w, https:\/\/speyer24news.com\/wp-content\/uploads\/2022\/04\/Eroeffnung-Mannheimer-Maimesse-2022-18-326x245.jpg 326w, https:\/\/speyer24news.com\/wp-content\/uploads\/2022\/04\/Eroeffnung-Mannheimer-Maimesse-2022-18-80x60.jpg 80w\" sizes=\"(max-width: 800px) 100vw, 800px\" \/><\/figure><\/li><li class=\"blocks-gallery-item\"><figure><img decoding=\"async\" loading=\"lazy\" width=\"800\" height=\"600\" src=\"https:\/\/speyer24news.com\/wp-content\/uploads\/2022\/04\/Eroeffnung-Mannheimer-Maimesse-2022-19.jpg\" alt=\"\" data-id=\"45076\" data-link=\"https:\/\/speyer24news.com\/?attachment_id=45076\" class=\"wp-image-45076\" srcset=\"https:\/\/speyer24news.com\/wp-content\/uploads\/2022\/04\/Eroeffnung-Mannheimer-Maimesse-2022-19.jpg 800w, https:\/\/speyer24news.com\/wp-content\/uploads\/2022\/04\/Eroeffnung-Mannheimer-Maimesse-2022-19-300x225.jpg 300w, https:\/\/speyer24news.com\/wp-content\/uploads\/2022\/04\/Eroeffnung-Mannheimer-Maimesse-2022-19-768x576.jpg 768w, https:\/\/speyer24news.com\/wp-content\/uploads\/2022\/04\/Eroeffnung-Mannheimer-Maimesse-2022-19-678x509.jpg 678w, https:\/\/speyer24news.com\/wp-content\/uploads\/2022\/04\/Eroeffnung-Mannheimer-Maimesse-2022-19-326x245.jpg 326w, https:\/\/speyer24news.com\/wp-content\/uploads\/2022\/04\/Eroeffnung-Mannheimer-Maimesse-2022-19-80x60.jpg 80w\" sizes=\"(max-width: 800px) 100vw, 800px\" \/><\/figure><\/li><li class=\"blocks-gallery-item\"><figure><img decoding=\"async\" loading=\"lazy\" width=\"800\" height=\"600\" src=\"https:\/\/speyer24news.com\/wp-content\/uploads\/2022\/04\/Eroeffnung-Mannheimer-Maimesse-2022-20.jpg\" alt=\"\" data-id=\"45077\" data-link=\"https:\/\/speyer24news.com\/?attachment_id=45077\" class=\"wp-image-45077\" srcset=\"https:\/\/speyer24news.com\/wp-content\/uploads\/2022\/04\/Eroeffnung-Mannheimer-Maimesse-2022-20.jpg 800w, https:\/\/speyer24news.com\/wp-content\/uploads\/2022\/04\/Eroeffnung-Mannheimer-Maimesse-2022-20-300x225.jpg 300w, https:\/\/speyer24news.com\/wp-content\/uploads\/2022\/04\/Eroeffnung-Mannheimer-Maimesse-2022-20-768x576.jpg 768w, https:\/\/speyer24news.com\/wp-content\/uploads\/2022\/04\/Eroeffnung-Mannheimer-Maimesse-2022-20-678x509.jpg 678w, https:\/\/speyer24news.com\/wp-content\/uploads\/2022\/04\/Eroeffnung-Mannheimer-Maimesse-2022-20-326x245.jpg 326w, https:\/\/speyer24news.com\/wp-content\/uploads\/2022\/04\/Eroeffnung-Mannheimer-Maimesse-2022-20-80x60.jpg 80w\" sizes=\"(max-width: 800px) 100vw, 800px\" \/><\/figure><\/li><li class=\"blocks-gallery-item\"><figure><img decoding=\"async\" loading=\"lazy\" width=\"800\" height=\"600\" src=\"https:\/\/speyer24news.com\/wp-content\/uploads\/2022\/04\/Eroeffnung-Mannheimer-Maimesse-2022-21.jpg\" alt=\"\" data-id=\"45078\" data-link=\"https:\/\/speyer24news.com\/?attachment_id=45078\" class=\"wp-image-45078\" srcset=\"https:\/\/speyer24news.com\/wp-content\/uploads\/2022\/04\/Eroeffnung-Mannheimer-Maimesse-2022-21.jpg 800w, https:\/\/speyer24news.com\/wp-content\/uploads\/2022\/04\/Eroeffnung-Mannheimer-Maimesse-2022-21-300x225.jpg 300w, https:\/\/speyer24news.com\/wp-content\/uploads\/2022\/04\/Eroeffnung-Mannheimer-Maimesse-2022-21-768x576.jpg 768w, https:\/\/speyer24news.com\/wp-content\/uploads\/2022\/04\/Eroeffnung-Mannheimer-Maimesse-2022-21-678x509.jpg 678w, https:\/\/speyer24news.com\/wp-content\/uploads\/2022\/04\/Eroeffnung-Mannheimer-Maimesse-2022-21-326x245.jpg 326w, https:\/\/speyer24news.com\/wp-content\/uploads\/2022\/04\/Eroeffnung-Mannheimer-Maimesse-2022-21-80x60.jpg 80w\" sizes=\"(max-width: 800px) 100vw, 800px\" \/><\/figure><\/li><li class=\"blocks-gallery-item\"><figure><img decoding=\"async\" loading=\"lazy\" width=\"800\" height=\"600\" src=\"https:\/\/speyer24news.com\/wp-content\/uploads\/2022\/04\/Eroeffnung-Mannheimer-Maimesse-2022-22.jpg\" alt=\"\" data-id=\"45079\" data-link=\"https:\/\/speyer24news.com\/?attachment_id=45079\" class=\"wp-image-45079\" srcset=\"https:\/\/speyer24news.com\/wp-content\/uploads\/2022\/04\/Eroeffnung-Mannheimer-Maimesse-2022-22.jpg 800w, https:\/\/speyer24news.com\/wp-content\/uploads\/2022\/04\/Eroeffnung-Mannheimer-Maimesse-2022-22-300x225.jpg 300w, https:\/\/speyer24news.com\/wp-content\/uploads\/2022\/04\/Eroeffnung-Mannheimer-Maimesse-2022-22-768x576.jpg 768w, https:\/\/speyer24news.com\/wp-content\/uploads\/2022\/04\/Eroeffnung-Mannheimer-Maimesse-2022-22-678x509.jpg 678w, https:\/\/speyer24news.com\/wp-content\/uploads\/2022\/04\/Eroeffnung-Mannheimer-Maimesse-2022-22-326x245.jpg 326w, https:\/\/speyer24news.com\/wp-content\/uploads\/2022\/04\/Eroeffnung-Mannheimer-Maimesse-2022-22-80x60.jpg 80w\" sizes=\"(max-width: 800px) 100vw, 800px\" \/><\/figure><\/li><li class=\"blocks-gallery-item\"><figure><img decoding=\"async\" loading=\"lazy\" width=\"800\" height=\"600\" src=\"https:\/\/speyer24news.com\/wp-content\/uploads\/2022\/04\/Eroeffnung-Mannheimer-Maimesse-2022-23.jpg\" alt=\"\" data-id=\"45080\" data-link=\"https:\/\/speyer24news.com\/?attachment_id=45080\" class=\"wp-image-45080\" srcset=\"https:\/\/speyer24news.com\/wp-content\/uploads\/2022\/04\/Eroeffnung-Mannheimer-Maimesse-2022-23.jpg 800w, https:\/\/speyer24news.com\/wp-content\/uploads\/2022\/04\/Eroeffnung-Mannheimer-Maimesse-2022-23-300x225.jpg 300w, https:\/\/speyer24news.com\/wp-content\/uploads\/2022\/04\/Eroeffnung-Mannheimer-Maimesse-2022-23-768x576.jpg 768w, https:\/\/speyer24news.com\/wp-content\/uploads\/2022\/04\/Eroeffnung-Mannheimer-Maimesse-2022-23-678x509.jpg 678w, https:\/\/speyer24news.com\/wp-content\/uploads\/2022\/04\/Eroeffnung-Mannheimer-Maimesse-2022-23-326x245.jpg 326w, https:\/\/speyer24news.com\/wp-content\/uploads\/2022\/04\/Eroeffnung-Mannheimer-Maimesse-2022-23-80x60.jpg 80w\" sizes=\"(max-width: 800px) 100vw, 800px\" \/><\/figure><\/li><li class=\"blocks-gallery-item\"><figure><img decoding=\"async\" loading=\"lazy\" width=\"800\" height=\"600\" src=\"https:\/\/speyer24news.com\/wp-content\/uploads\/2022\/04\/Eroeffnung-Mannheimer-Maimesse-2022-24.jpg\" alt=\"\" data-id=\"45081\" data-link=\"https:\/\/speyer24news.com\/?attachment_id=45081\" class=\"wp-image-45081\" srcset=\"https:\/\/speyer24news.com\/wp-content\/uploads\/2022\/04\/Eroeffnung-Mannheimer-Maimesse-2022-24.jpg 800w, https:\/\/speyer24news.com\/wp-content\/uploads\/2022\/04\/Eroeffnung-Mannheimer-Maimesse-2022-24-300x225.jpg 300w, https:\/\/speyer24news.com\/wp-content\/uploads\/2022\/04\/Eroeffnung-Mannheimer-Maimesse-2022-24-768x576.jpg 768w, https:\/\/speyer24news.com\/wp-content\/uploads\/2022\/04\/Eroeffnung-Mannheimer-Maimesse-2022-24-678x509.jpg 678w, https:\/\/speyer24news.com\/wp-content\/uploads\/2022\/04\/Eroeffnung-Mannheimer-Maimesse-2022-24-326x245.jpg 326w, https:\/\/speyer24news.com\/wp-content\/uploads\/2022\/04\/Eroeffnung-Mannheimer-Maimesse-2022-24-80x60.jpg 80w\" sizes=\"(max-width: 800px) 100vw, 800px\" \/><\/figure><\/li><li class=\"blocks-gallery-item\"><figure><img decoding=\"async\" loading=\"lazy\" width=\"800\" height=\"600\" src=\"https:\/\/speyer24news.com\/wp-content\/uploads\/2022\/04\/Eroeffnung-Mannheimer-Maimesse-2022-25.jpg\" alt=\"\" data-id=\"45082\" data-link=\"https:\/\/speyer24news.com\/?attachment_id=45082\" class=\"wp-image-45082\" srcset=\"https:\/\/speyer24news.com\/wp-content\/uploads\/2022\/04\/Eroeffnung-Mannheimer-Maimesse-2022-25.jpg 800w, https:\/\/speyer24news.com\/wp-content\/uploads\/2022\/04\/Eroeffnung-Mannheimer-Maimesse-2022-25-300x225.jpg 300w, https:\/\/speyer24news.com\/wp-content\/uploads\/2022\/04\/Eroeffnung-Mannheimer-Maimesse-2022-25-768x576.jpg 768w, https:\/\/speyer24news.com\/wp-content\/uploads\/2022\/04\/Eroeffnung-Mannheimer-Maimesse-2022-25-678x509.jpg 678w, https:\/\/speyer24news.com\/wp-content\/uploads\/2022\/04\/Eroeffnung-Mannheimer-Maimesse-2022-25-326x245.jpg 326w, https:\/\/speyer24news.com\/wp-content\/uploads\/2022\/04\/Eroeffnung-Mannheimer-Maimesse-2022-25-80x60.jpg 80w\" sizes=\"(max-width: 800px) 100vw, 800px\" \/><\/figure><\/li><li class=\"blocks-gallery-item\"><figure><img decoding=\"async\" loading=\"lazy\" width=\"800\" height=\"600\" src=\"https:\/\/speyer24news.com\/wp-content\/uploads\/2022\/04\/Eroeffnung-Mannheimer-Maimesse-2022-26.jpg\" alt=\"\" data-id=\"45083\" data-link=\"https:\/\/speyer24news.com\/?attachment_id=45083\" class=\"wp-image-45083\" srcset=\"https:\/\/speyer24news.com\/wp-content\/uploads\/2022\/04\/Eroeffnung-Mannheimer-Maimesse-2022-26.jpg 800w, https:\/\/speyer24news.com\/wp-content\/uploads\/2022\/04\/Eroeffnung-Mannheimer-Maimesse-2022-26-300x225.jpg 300w, https:\/\/speyer24news.com\/wp-content\/uploads\/2022\/04\/Eroeffnung-Mannheimer-Maimesse-2022-26-768x576.jpg 768w, https:\/\/speyer24news.com\/wp-content\/uploads\/2022\/04\/Eroeffnung-Mannheimer-Maimesse-2022-26-678x509.jpg 678w, https:\/\/speyer24news.com\/wp-content\/uploads\/2022\/04\/Eroeffnung-Mannheimer-Maimesse-2022-26-326x245.jpg 326w, https:\/\/speyer24news.com\/wp-content\/uploads\/2022\/04\/Eroeffnung-Mannheimer-Maimesse-2022-26-80x60.jpg 80w\" sizes=\"(max-width: 800px) 100vw, 800px\" \/><\/figure><\/li><li class=\"blocks-gallery-item\"><figure><img decoding=\"async\" loading=\"lazy\" width=\"800\" height=\"600\" src=\"https:\/\/speyer24news.com\/wp-content\/uploads\/2022\/04\/Eroeffnung-Mannheimer-Maimesse-2022-27.jpg\" alt=\"\" data-id=\"45084\" data-link=\"https:\/\/speyer24news.com\/?attachment_id=45084\" class=\"wp-image-45084\" srcset=\"https:\/\/speyer24news.com\/wp-content\/uploads\/2022\/04\/Eroeffnung-Mannheimer-Maimesse-2022-27.jpg 800w, https:\/\/speyer24news.com\/wp-content\/uploads\/2022\/04\/Eroeffnung-Mannheimer-Maimesse-2022-27-300x225.jpg 300w, https:\/\/speyer24news.com\/wp-content\/uploads\/2022\/04\/Eroeffnung-Mannheimer-Maimesse-2022-27-768x576.jpg 768w, https:\/\/speyer24news.com\/wp-content\/uploads\/2022\/04\/Eroeffnung-Mannheimer-Maimesse-2022-27-678x509.jpg 678w, https:\/\/speyer24news.com\/wp-content\/uploads\/2022\/04\/Eroeffnung-Mannheimer-Maimesse-2022-27-326x245.jpg 326w, https:\/\/speyer24news.com\/wp-content\/uploads\/2022\/04\/Eroeffnung-Mannheimer-Maimesse-2022-27-80x60.jpg 80w\" sizes=\"(max-width: 800px) 100vw, 800px\" \/><\/figure><\/li><li class=\"blocks-gallery-item\"><figure><img decoding=\"async\" loading=\"lazy\" width=\"800\" height=\"600\" src=\"https:\/\/speyer24news.com\/wp-content\/uploads\/2022\/04\/Eroeffnung-Mannheimer-Maimesse-2022-28.jpg\" alt=\"\" data-id=\"45085\" data-link=\"https:\/\/speyer24news.com\/?attachment_id=45085\" class=\"wp-image-45085\" srcset=\"https:\/\/speyer24news.com\/wp-content\/uploads\/2022\/04\/Eroeffnung-Mannheimer-Maimesse-2022-28.jpg 800w, https:\/\/speyer24news.com\/wp-content\/uploads\/2022\/04\/Eroeffnung-Mannheimer-Maimesse-2022-28-300x225.jpg 300w, https:\/\/speyer24news.com\/wp-content\/uploads\/2022\/04\/Eroeffnung-Mannheimer-Maimesse-2022-28-768x576.jpg 768w, https:\/\/speyer24news.com\/wp-content\/uploads\/2022\/04\/Eroeffnung-Mannheimer-Maimesse-2022-28-678x509.jpg 678w, https:\/\/speyer24news.com\/wp-content\/uploads\/2022\/04\/Eroeffnung-Mannheimer-Maimesse-2022-28-326x245.jpg 326w, https:\/\/speyer24news.com\/wp-content\/uploads\/2022\/04\/Eroeffnung-Mannheimer-Maimesse-2022-28-80x60.jpg 80w\" sizes=\"(max-width: 800px) 100vw, 800px\" \/><\/figure><\/li><li class=\"blocks-gallery-item\"><figure><img decoding=\"async\" loading=\"lazy\" width=\"800\" height=\"600\" src=\"https:\/\/speyer24news.com\/wp-content\/uploads\/2022\/04\/Eroeffnung-Mannheimer-Maimesse-2022-29.jpg\" alt=\"\" data-id=\"45086\" data-link=\"https:\/\/speyer24news.com\/?attachment_id=45086\" class=\"wp-image-45086\" srcset=\"https:\/\/speyer24news.com\/wp-content\/uploads\/2022\/04\/Eroeffnung-Mannheimer-Maimesse-2022-29.jpg 800w, https:\/\/speyer24news.com\/wp-content\/uploads\/2022\/04\/Eroeffnung-Mannheimer-Maimesse-2022-29-300x225.jpg 300w, https:\/\/speyer24news.com\/wp-content\/uploads\/2022\/04\/Eroeffnung-Mannheimer-Maimesse-2022-29-768x576.jpg 768w, https:\/\/speyer24news.com\/wp-content\/uploads\/2022\/04\/Eroeffnung-Mannheimer-Maimesse-2022-29-678x509.jpg 678w, https:\/\/speyer24news.com\/wp-content\/uploads\/2022\/04\/Eroeffnung-Mannheimer-Maimesse-2022-29-326x245.jpg 326w, https:\/\/speyer24news.com\/wp-content\/uploads\/2022\/04\/Eroeffnung-Mannheimer-Maimesse-2022-29-80x60.jpg 80w\" sizes=\"(max-width: 800px) 100vw, 800px\" \/><\/figure><\/li><li class=\"blocks-gallery-item\"><figure><img decoding=\"async\" loading=\"lazy\" width=\"800\" height=\"600\" src=\"https:\/\/speyer24news.com\/wp-content\/uploads\/2022\/04\/Eroeffnung-Mannheimer-Maimesse-2022-30.jpg\" alt=\"\" data-id=\"45087\" data-link=\"https:\/\/speyer24news.com\/?attachment_id=45087\" class=\"wp-image-45087\" srcset=\"https:\/\/speyer24news.com\/wp-content\/uploads\/2022\/04\/Eroeffnung-Mannheimer-Maimesse-2022-30.jpg 800w, https:\/\/speyer24news.com\/wp-content\/uploads\/2022\/04\/Eroeffnung-Mannheimer-Maimesse-2022-30-300x225.jpg 300w, https:\/\/speyer24news.com\/wp-content\/uploads\/2022\/04\/Eroeffnung-Mannheimer-Maimesse-2022-30-768x576.jpg 768w, https:\/\/speyer24news.com\/wp-content\/uploads\/2022\/04\/Eroeffnung-Mannheimer-Maimesse-2022-30-678x509.jpg 678w, https:\/\/speyer24news.com\/wp-content\/uploads\/2022\/04\/Eroeffnung-Mannheimer-Maimesse-2022-30-326x245.jpg 326w, https:\/\/speyer24news.com\/wp-content\/uploads\/2022\/04\/Eroeffnung-Mannheimer-Maimesse-2022-30-80x60.jpg 80w\" sizes=\"(max-width: 800px) 100vw, 800px\" \/><\/figure><\/li><li class=\"blocks-gallery-item\"><figure><img decoding=\"async\" loading=\"lazy\" width=\"500\" height=\"667\" src=\"https:\/\/speyer24news.com\/wp-content\/uploads\/2022\/04\/Eroeffnung-Mannheimer-Maimesse-2022-31.jpg\" alt=\"\" data-id=\"45088\" data-link=\"https:\/\/speyer24news.com\/?attachment_id=45088\" class=\"wp-image-45088\" srcset=\"https:\/\/speyer24news.com\/wp-content\/uploads\/2022\/04\/Eroeffnung-Mannheimer-Maimesse-2022-31.jpg 500w, https:\/\/speyer24news.com\/wp-content\/uploads\/2022\/04\/Eroeffnung-Mannheimer-Maimesse-2022-31-225x300.jpg 225w\" sizes=\"(max-width: 500px) 100vw, 500px\" \/><\/figure><\/li><li class=\"blocks-gallery-item\"><figure><img decoding=\"async\" loading=\"lazy\" width=\"800\" height=\"615\" src=\"https:\/\/speyer24news.com\/wp-content\/uploads\/2022\/04\/Eroeffnung-Mannheimer-Maimesse-2022-32.jpg\" alt=\"\" data-id=\"45089\" data-link=\"https:\/\/speyer24news.com\/?attachment_id=45089\" class=\"wp-image-45089\" srcset=\"https:\/\/speyer24news.com\/wp-content\/uploads\/2022\/04\/Eroeffnung-Mannheimer-Maimesse-2022-32.jpg 800w, https:\/\/speyer24news.com\/wp-content\/uploads\/2022\/04\/Eroeffnung-Mannheimer-Maimesse-2022-32-300x231.jpg 300w, https:\/\/speyer24news.com\/wp-content\/uploads\/2022\/04\/Eroeffnung-Mannheimer-Maimesse-2022-32-768x590.jpg 768w\" sizes=\"(max-width: 800px) 100vw, 800px\" \/><\/figure><\/li><li class=\"blocks-gallery-item\"><figure><img decoding=\"async\" loading=\"lazy\" width=\"800\" height=\"600\" src=\"https:\/\/speyer24news.com\/wp-content\/uploads\/2022\/04\/Eroeffnung-Mannheimer-Maimesse-2022-33.jpg\" alt=\"\" data-id=\"45090\" data-link=\"https:\/\/speyer24news.com\/?attachment_id=45090\" class=\"wp-image-45090\" srcset=\"https:\/\/speyer24news.com\/wp-content\/uploads\/2022\/04\/Eroeffnung-Mannheimer-Maimesse-2022-33.jpg 800w, https:\/\/speyer24news.com\/wp-content\/uploads\/2022\/04\/Eroeffnung-Mannheimer-Maimesse-2022-33-300x225.jpg 300w, https:\/\/speyer24news.com\/wp-content\/uploads\/2022\/04\/Eroeffnung-Mannheimer-Maimesse-2022-33-768x576.jpg 768w, https:\/\/speyer24news.com\/wp-content\/uploads\/2022\/04\/Eroeffnung-Mannheimer-Maimesse-2022-33-678x509.jpg 678w, https:\/\/speyer24news.com\/wp-content\/uploads\/2022\/04\/Eroeffnung-Mannheimer-Maimesse-2022-33-326x245.jpg 326w, https:\/\/speyer24news.com\/wp-content\/uploads\/2022\/04\/Eroeffnung-Mannheimer-Maimesse-2022-33-80x60.jpg 80w\" sizes=\"(max-width: 800px) 100vw, 800px\" \/><\/figure><\/li><li class=\"blocks-gallery-item\"><figure><img decoding=\"async\" loading=\"lazy\" width=\"800\" height=\"600\" src=\"https:\/\/speyer24news.com\/wp-content\/uploads\/2022\/04\/Eroeffnung-Mannheimer-Maimesse-2022-34.jpg\" alt=\"\" data-id=\"45091\" data-link=\"https:\/\/speyer24news.com\/?attachment_id=45091\" class=\"wp-image-45091\" srcset=\"https:\/\/speyer24news.com\/wp-content\/uploads\/2022\/04\/Eroeffnung-Mannheimer-Maimesse-2022-34.jpg 800w, https:\/\/speyer24news.com\/wp-content\/uploads\/2022\/04\/Eroeffnung-Mannheimer-Maimesse-2022-34-300x225.jpg 300w, https:\/\/speyer24news.com\/wp-content\/uploads\/2022\/04\/Eroeffnung-Mannheimer-Maimesse-2022-34-768x576.jpg 768w, https:\/\/speyer24news.com\/wp-content\/uploads\/2022\/04\/Eroeffnung-Mannheimer-Maimesse-2022-34-678x509.jpg 678w, https:\/\/speyer24news.com\/wp-content\/uploads\/2022\/04\/Eroeffnung-Mannheimer-Maimesse-2022-34-326x245.jpg 326w, https:\/\/speyer24news.com\/wp-content\/uploads\/2022\/04\/Eroeffnung-Mannheimer-Maimesse-2022-34-80x60.jpg 80w\" sizes=\"(max-width: 800px) 100vw, 800px\" \/><\/figure><\/li><li class=\"blocks-gallery-item\"><figure><img decoding=\"async\" loading=\"lazy\" width=\"800\" height=\"600\" src=\"https:\/\/speyer24news.com\/wp-content\/uploads\/2022\/04\/Eroeffnung-Mannheimer-Maimesse-2022-35.jpg\" alt=\"\" data-id=\"45092\" data-link=\"https:\/\/speyer24news.com\/?attachment_id=45092\" class=\"wp-image-45092\" srcset=\"https:\/\/speyer24news.com\/wp-content\/uploads\/2022\/04\/Eroeffnung-Mannheimer-Maimesse-2022-35.jpg 800w, https:\/\/speyer24news.com\/wp-content\/uploads\/2022\/04\/Eroeffnung-Mannheimer-Maimesse-2022-35-300x225.jpg 300w, https:\/\/speyer24news.com\/wp-content\/uploads\/2022\/04\/Eroeffnung-Mannheimer-Maimesse-2022-35-768x576.jpg 768w, https:\/\/speyer24news.com\/wp-content\/uploads\/2022\/04\/Eroeffnung-Mannheimer-Maimesse-2022-35-678x509.jpg 678w, https:\/\/speyer24news.com\/wp-content\/uploads\/2022\/04\/Eroeffnung-Mannheimer-Maimesse-2022-35-326x245.jpg 326w, https:\/\/speyer24news.com\/wp-content\/uploads\/2022\/04\/Eroeffnung-Mannheimer-Maimesse-2022-35-80x60.jpg 80w\" sizes=\"(max-width: 800px) 100vw, 800px\" \/><\/figure><\/li><li class=\"blocks-gallery-item\"><figure><img decoding=\"async\" loading=\"lazy\" width=\"800\" height=\"600\" src=\"https:\/\/speyer24news.com\/wp-content\/uploads\/2022\/04\/Eroeffnung-Mannheimer-Maimesse-2022-36.jpg\" alt=\"\" data-id=\"45093\" data-link=\"https:\/\/speyer24news.com\/?attachment_id=45093\" class=\"wp-image-45093\" srcset=\"https:\/\/speyer24news.com\/wp-content\/uploads\/2022\/04\/Eroeffnung-Mannheimer-Maimesse-2022-36.jpg 800w, https:\/\/speyer24news.com\/wp-content\/uploads\/2022\/04\/Eroeffnung-Mannheimer-Maimesse-2022-36-300x225.jpg 300w, https:\/\/speyer24news.com\/wp-content\/uploads\/2022\/04\/Eroeffnung-Mannheimer-Maimesse-2022-36-768x576.jpg 768w, https:\/\/speyer24news.com\/wp-content\/uploads\/2022\/04\/Eroeffnung-Mannheimer-Maimesse-2022-36-678x509.jpg 678w, https:\/\/speyer24news.com\/wp-content\/uploads\/2022\/04\/Eroeffnung-Mannheimer-Maimesse-2022-36-326x245.jpg 326w, https:\/\/speyer24news.com\/wp-content\/uploads\/2022\/04\/Eroeffnung-Mannheimer-Maimesse-2022-36-80x60.jpg 80w\" sizes=\"(max-width: 800px) 100vw, 800px\" \/><\/figure><\/li><li class=\"blocks-gallery-item\"><figure><img decoding=\"async\" loading=\"lazy\" width=\"800\" height=\"600\" src=\"https:\/\/speyer24news.com\/wp-content\/uploads\/2022\/04\/Eroeffnung-Mannheimer-Maimesse-2022-37.jpg\" alt=\"\" data-id=\"45094\" data-link=\"https:\/\/speyer24news.com\/?attachment_id=45094\" class=\"wp-image-45094\" srcset=\"https:\/\/speyer24news.com\/wp-content\/uploads\/2022\/04\/Eroeffnung-Mannheimer-Maimesse-2022-37.jpg 800w, https:\/\/speyer24news.com\/wp-content\/uploads\/2022\/04\/Eroeffnung-Mannheimer-Maimesse-2022-37-300x225.jpg 300w, https:\/\/speyer24news.com\/wp-content\/uploads\/2022\/04\/Eroeffnung-Mannheimer-Maimesse-2022-37-768x576.jpg 768w, https:\/\/speyer24news.com\/wp-content\/uploads\/2022\/04\/Eroeffnung-Mannheimer-Maimesse-2022-37-678x509.jpg 678w, https:\/\/speyer24news.com\/wp-content\/uploads\/2022\/04\/Eroeffnung-Mannheimer-Maimesse-2022-37-326x245.jpg 326w, https:\/\/speyer24news.com\/wp-content\/uploads\/2022\/04\/Eroeffnung-Mannheimer-Maimesse-2022-37-80x60.jpg 80w\" sizes=\"(max-width: 800px) 100vw, 800px\" \/><\/figure><\/li><li class=\"blocks-gallery-item\"><figure><img decoding=\"async\" loading=\"lazy\" width=\"800\" height=\"600\" src=\"https:\/\/speyer24news.com\/wp-content\/uploads\/2022\/04\/Eroeffnung-Mannheimer-Maimesse-2022-38.jpg\" alt=\"\" data-id=\"45095\" data-link=\"https:\/\/speyer24news.com\/?attachment_id=45095\" class=\"wp-image-45095\" srcset=\"https:\/\/speyer24news.com\/wp-content\/uploads\/2022\/04\/Eroeffnung-Mannheimer-Maimesse-2022-38.jpg 800w, https:\/\/speyer24news.com\/wp-content\/uploads\/2022\/04\/Eroeffnung-Mannheimer-Maimesse-2022-38-300x225.jpg 300w, https:\/\/speyer24news.com\/wp-content\/uploads\/2022\/04\/Eroeffnung-Mannheimer-Maimesse-2022-38-768x576.jpg 768w, https:\/\/speyer24news.com\/wp-content\/uploads\/2022\/04\/Eroeffnung-Mannheimer-Maimesse-2022-38-678x509.jpg 678w, https:\/\/speyer24news.com\/wp-content\/uploads\/2022\/04\/Eroeffnung-Mannheimer-Maimesse-2022-38-326x245.jpg 326w, https:\/\/speyer24news.com\/wp-content\/uploads\/2022\/04\/Eroeffnung-Mannheimer-Maimesse-2022-38-80x60.jpg 80w\" sizes=\"(max-width: 800px) 100vw, 800px\" \/><\/figure><\/li><li class=\"blocks-gallery-item\"><figure><img decoding=\"async\" loading=\"lazy\" width=\"800\" height=\"545\" src=\"https:\/\/speyer24news.com\/wp-content\/uploads\/2022\/04\/Eroeffnung-Mannheimer-Maimesse-2022-39.jpg\" alt=\"\" data-id=\"45096\" data-link=\"https:\/\/speyer24news.com\/?attachment_id=45096\" class=\"wp-image-45096\" srcset=\"https:\/\/speyer24news.com\/wp-content\/uploads\/2022\/04\/Eroeffnung-Mannheimer-Maimesse-2022-39.jpg 800w, https:\/\/speyer24news.com\/wp-content\/uploads\/2022\/04\/Eroeffnung-Mannheimer-Maimesse-2022-39-300x204.jpg 300w, https:\/\/speyer24news.com\/wp-content\/uploads\/2022\/04\/Eroeffnung-Mannheimer-Maimesse-2022-39-768x523.jpg 768w\" sizes=\"(max-width: 800px) 100vw, 800px\" \/><\/figure><\/li><li class=\"blocks-gallery-item\"><figure><img decoding=\"async\" loading=\"lazy\" width=\"800\" height=\"600\" src=\"https:\/\/speyer24news.com\/wp-content\/uploads\/2022\/04\/Eroeffnung-Mannheimer-Maimesse-2022-40.jpg\" alt=\"\" data-id=\"45097\" data-link=\"https:\/\/speyer24news.com\/?attachment_id=45097\" class=\"wp-image-45097\" srcset=\"https:\/\/speyer24news.com\/wp-content\/uploads\/2022\/04\/Eroeffnung-Mannheimer-Maimesse-2022-40.jpg 800w, https:\/\/speyer24news.com\/wp-content\/uploads\/2022\/04\/Eroeffnung-Mannheimer-Maimesse-2022-40-300x225.jpg 300w, https:\/\/speyer24news.com\/wp-content\/uploads\/2022\/04\/Eroeffnung-Mannheimer-Maimesse-2022-40-768x576.jpg 768w, https:\/\/speyer24news.com\/wp-content\/uploads\/2022\/04\/Eroeffnung-Mannheimer-Maimesse-2022-40-678x509.jpg 678w, https:\/\/speyer24news.com\/wp-content\/uploads\/2022\/04\/Eroeffnung-Mannheimer-Maimesse-2022-40-326x245.jpg 326w, https:\/\/speyer24news.com\/wp-content\/uploads\/2022\/04\/Eroeffnung-Mannheimer-Maimesse-2022-40-80x60.jpg 80w\" sizes=\"(max-width: 800px) 100vw, 800px\" \/><\/figure><\/li><li class=\"blocks-gallery-item\"><figure><img decoding=\"async\" loading=\"lazy\" width=\"800\" height=\"575\" src=\"https:\/\/speyer24news.com\/wp-content\/uploads\/2022\/04\/Eroeffnung-Mannheimer-Maimesse-2022-41.jpg\" alt=\"\" data-id=\"45098\" data-link=\"https:\/\/speyer24news.com\/?attachment_id=45098\" class=\"wp-image-45098\" srcset=\"https:\/\/speyer24news.com\/wp-content\/uploads\/2022\/04\/Eroeffnung-Mannheimer-Maimesse-2022-41.jpg 800w, https:\/\/speyer24news.com\/wp-content\/uploads\/2022\/04\/Eroeffnung-Mannheimer-Maimesse-2022-41-300x216.jpg 300w, https:\/\/speyer24news.com\/wp-content\/uploads\/2022\/04\/Eroeffnung-Mannheimer-Maimesse-2022-41-768x552.jpg 768w\" sizes=\"(max-width: 800px) 100vw, 800px\" \/><\/figure><\/li><li class=\"blocks-gallery-item\"><figure><img decoding=\"async\" loading=\"lazy\" width=\"800\" height=\"600\" src=\"https:\/\/speyer24news.com\/wp-content\/uploads\/2022\/04\/Eroeffnung-Mannheimer-Maimesse-2022-42.jpg\" alt=\"\" data-id=\"45099\" data-link=\"https:\/\/speyer24news.com\/?attachment_id=45099\" class=\"wp-image-45099\" srcset=\"https:\/\/speyer24news.com\/wp-content\/uploads\/2022\/04\/Eroeffnung-Mannheimer-Maimesse-2022-42.jpg 800w, https:\/\/speyer24news.com\/wp-content\/uploads\/2022\/04\/Eroeffnung-Mannheimer-Maimesse-2022-42-300x225.jpg 300w, https:\/\/speyer24news.com\/wp-content\/uploads\/2022\/04\/Eroeffnung-Mannheimer-Maimesse-2022-42-768x576.jpg 768w, https:\/\/speyer24news.com\/wp-content\/uploads\/2022\/04\/Eroeffnung-Mannheimer-Maimesse-2022-42-678x509.jpg 678w, https:\/\/speyer24news.com\/wp-content\/uploads\/2022\/04\/Eroeffnung-Mannheimer-Maimesse-2022-42-326x245.jpg 326w, https:\/\/speyer24news.com\/wp-content\/uploads\/2022\/04\/Eroeffnung-Mannheimer-Maimesse-2022-42-80x60.jpg 80w\" sizes=\"(max-width: 800px) 100vw, 800px\" \/><\/figure><\/li><li class=\"blocks-gallery-item\"><figure><img decoding=\"async\" loading=\"lazy\" width=\"800\" height=\"600\" src=\"https:\/\/speyer24news.com\/wp-content\/uploads\/2022\/04\/Eroeffnung-Mannheimer-Maimesse-2022-43.jpg\" alt=\"\" data-id=\"45100\" data-link=\"https:\/\/speyer24news.com\/?attachment_id=45100\" class=\"wp-image-45100\" srcset=\"https:\/\/speyer24news.com\/wp-content\/uploads\/2022\/04\/Eroeffnung-Mannheimer-Maimesse-2022-43.jpg 800w, https:\/\/speyer24news.com\/wp-content\/uploads\/2022\/04\/Eroeffnung-Mannheimer-Maimesse-2022-43-300x225.jpg 300w, https:\/\/speyer24news.com\/wp-content\/uploads\/2022\/04\/Eroeffnung-Mannheimer-Maimesse-2022-43-768x576.jpg 768w, https:\/\/speyer24news.com\/wp-content\/uploads\/2022\/04\/Eroeffnung-Mannheimer-Maimesse-2022-43-678x509.jpg 678w, https:\/\/speyer24news.com\/wp-content\/uploads\/2022\/04\/Eroeffnung-Mannheimer-Maimesse-2022-43-326x245.jpg 326w, https:\/\/speyer24news.com\/wp-content\/uploads\/2022\/04\/Eroeffnung-Mannheimer-Maimesse-2022-43-80x60.jpg 80w\" sizes=\"(max-width: 800px) 100vw, 800px\" \/><\/figure><\/li><li class=\"blocks-gallery-item\"><figure><img decoding=\"async\" loading=\"lazy\" width=\"800\" height=\"600\" src=\"https:\/\/speyer24news.com\/wp-content\/uploads\/2022\/04\/Eroeffnung-Mannheimer-Maimesse-2022-44.jpg\" alt=\"\" data-id=\"45101\" data-link=\"https:\/\/speyer24news.com\/?attachment_id=45101\" class=\"wp-image-45101\" srcset=\"https:\/\/speyer24news.com\/wp-content\/uploads\/2022\/04\/Eroeffnung-Mannheimer-Maimesse-2022-44.jpg 800w, https:\/\/speyer24news.com\/wp-content\/uploads\/2022\/04\/Eroeffnung-Mannheimer-Maimesse-2022-44-300x225.jpg 300w, https:\/\/speyer24news.com\/wp-content\/uploads\/2022\/04\/Eroeffnung-Mannheimer-Maimesse-2022-44-768x576.jpg 768w, https:\/\/speyer24news.com\/wp-content\/uploads\/2022\/04\/Eroeffnung-Mannheimer-Maimesse-2022-44-678x509.jpg 678w, https:\/\/speyer24news.com\/wp-content\/uploads\/2022\/04\/Eroeffnung-Mannheimer-Maimesse-2022-44-326x245.jpg 326w, https:\/\/speyer24news.com\/wp-content\/uploads\/2022\/04\/Eroeffnung-Mannheimer-Maimesse-2022-44-80x60.jpg 80w\" sizes=\"(max-width: 800px) 100vw, 800px\" \/><\/figure><\/li><li class=\"blocks-gallery-item\"><figure><img decoding=\"async\" loading=\"lazy\" width=\"800\" height=\"600\" src=\"https:\/\/speyer24news.com\/wp-content\/uploads\/2022\/04\/Eroeffnung-Mannheimer-Maimesse-2022-45.jpg\" alt=\"\" data-id=\"45102\" data-link=\"https:\/\/speyer24news.com\/?attachment_id=45102\" class=\"wp-image-45102\" srcset=\"https:\/\/speyer24news.com\/wp-content\/uploads\/2022\/04\/Eroeffnung-Mannheimer-Maimesse-2022-45.jpg 800w, https:\/\/speyer24news.com\/wp-content\/uploads\/2022\/04\/Eroeffnung-Mannheimer-Maimesse-2022-45-300x225.jpg 300w, https:\/\/speyer24news.com\/wp-content\/uploads\/2022\/04\/Eroeffnung-Mannheimer-Maimesse-2022-45-768x576.jpg 768w, https:\/\/speyer24news.com\/wp-content\/uploads\/2022\/04\/Eroeffnung-Mannheimer-Maimesse-2022-45-678x509.jpg 678w, https:\/\/speyer24news.com\/wp-content\/uploads\/2022\/04\/Eroeffnung-Mannheimer-Maimesse-2022-45-326x245.jpg 326w, https:\/\/speyer24news.com\/wp-content\/uploads\/2022\/04\/Eroeffnung-Mannheimer-Maimesse-2022-45-80x60.jpg 80w\" sizes=\"(max-width: 800px) 100vw, 800px\" \/><\/figure><\/li><li class=\"blocks-gallery-item\"><figure><img decoding=\"async\" loading=\"lazy\" width=\"800\" height=\"600\" src=\"https:\/\/speyer24news.com\/wp-content\/uploads\/2022\/04\/Eroeffnung-Mannheimer-Maimesse-2022-46.jpg\" alt=\"\" data-id=\"45103\" data-link=\"https:\/\/speyer24news.com\/?attachment_id=45103\" class=\"wp-image-45103\" srcset=\"https:\/\/speyer24news.com\/wp-content\/uploads\/2022\/04\/Eroeffnung-Mannheimer-Maimesse-2022-46.jpg 800w, https:\/\/speyer24news.com\/wp-content\/uploads\/2022\/04\/Eroeffnung-Mannheimer-Maimesse-2022-46-300x225.jpg 300w, https:\/\/speyer24news.com\/wp-content\/uploads\/2022\/04\/Eroeffnung-Mannheimer-Maimesse-2022-46-768x576.jpg 768w, https:\/\/speyer24news.com\/wp-content\/uploads\/2022\/04\/Eroeffnung-Mannheimer-Maimesse-2022-46-678x509.jpg 678w, https:\/\/speyer24news.com\/wp-content\/uploads\/2022\/04\/Eroeffnung-Mannheimer-Maimesse-2022-46-326x245.jpg 326w, https:\/\/speyer24news.com\/wp-content\/uploads\/2022\/04\/Eroeffnung-Mannheimer-Maimesse-2022-46-80x60.jpg 80w\" sizes=\"(max-width: 800px) 100vw, 800px\" \/><\/figure><\/li><li class=\"blocks-gallery-item\"><figure><img decoding=\"async\" loading=\"lazy\" width=\"800\" height=\"600\" src=\"https:\/\/speyer24news.com\/wp-content\/uploads\/2022\/04\/Eroeffnung-Mannheimer-Maimesse-2022-47.jpg\" alt=\"\" data-id=\"45104\" data-link=\"https:\/\/speyer24news.com\/?attachment_id=45104\" class=\"wp-image-45104\" srcset=\"https:\/\/speyer24news.com\/wp-content\/uploads\/2022\/04\/Eroeffnung-Mannheimer-Maimesse-2022-47.jpg 800w, https:\/\/speyer24news.com\/wp-content\/uploads\/2022\/04\/Eroeffnung-Mannheimer-Maimesse-2022-47-300x225.jpg 300w, https:\/\/speyer24news.com\/wp-content\/uploads\/2022\/04\/Eroeffnung-Mannheimer-Maimesse-2022-47-768x576.jpg 768w, https:\/\/speyer24news.com\/wp-content\/uploads\/2022\/04\/Eroeffnung-Mannheimer-Maimesse-2022-47-678x509.jpg 678w, https:\/\/speyer24news.com\/wp-content\/uploads\/2022\/04\/Eroeffnung-Mannheimer-Maimesse-2022-47-326x245.jpg 326w, https:\/\/speyer24news.com\/wp-content\/uploads\/2022\/04\/Eroeffnung-Mannheimer-Maimesse-2022-47-80x60.jpg 80w\" sizes=\"(max-width: 800px) 100vw, 800px\" \/><\/figure><\/li><li class=\"blocks-gallery-item\"><figure><img decoding=\"async\" loading=\"lazy\" width=\"800\" height=\"600\" src=\"https:\/\/speyer24news.com\/wp-content\/uploads\/2022\/04\/Eroeffnung-Mannheimer-Maimesse-2022-48.jpg\" alt=\"\" data-id=\"45105\" data-link=\"https:\/\/speyer24news.com\/?attachment_id=45105\" class=\"wp-image-45105\" srcset=\"https:\/\/speyer24news.com\/wp-content\/uploads\/2022\/04\/Eroeffnung-Mannheimer-Maimesse-2022-48.jpg 800w, https:\/\/speyer24news.com\/wp-content\/uploads\/2022\/04\/Eroeffnung-Mannheimer-Maimesse-2022-48-300x225.jpg 300w, https:\/\/speyer24news.com\/wp-content\/uploads\/2022\/04\/Eroeffnung-Mannheimer-Maimesse-2022-48-768x576.jpg 768w, https:\/\/speyer24news.com\/wp-content\/uploads\/2022\/04\/Eroeffnung-Mannheimer-Maimesse-2022-48-678x509.jpg 678w, https:\/\/speyer24news.com\/wp-content\/uploads\/2022\/04\/Eroeffnung-Mannheimer-Maimesse-2022-48-326x245.jpg 326w, https:\/\/speyer24news.com\/wp-content\/uploads\/2022\/04\/Eroeffnung-Mannheimer-Maimesse-2022-48-80x60.jpg 80w\" sizes=\"(max-width: 800px) 100vw, 800px\" \/><\/figure><\/li><li class=\"blocks-gallery-item\"><figure><img decoding=\"async\" loading=\"lazy\" width=\"800\" height=\"600\" src=\"https:\/\/speyer24news.com\/wp-content\/uploads\/2022\/04\/Eroeffnung-Mannheimer-Maimesse-2022-49.jpg\" alt=\"\" data-id=\"45106\" data-link=\"https:\/\/speyer24news.com\/?attachment_id=45106\" class=\"wp-image-45106\" srcset=\"https:\/\/speyer24news.com\/wp-content\/uploads\/2022\/04\/Eroeffnung-Mannheimer-Maimesse-2022-49.jpg 800w, https:\/\/speyer24news.com\/wp-content\/uploads\/2022\/04\/Eroeffnung-Mannheimer-Maimesse-2022-49-300x225.jpg 300w, https:\/\/speyer24news.com\/wp-content\/uploads\/2022\/04\/Eroeffnung-Mannheimer-Maimesse-2022-49-768x576.jpg 768w, https:\/\/speyer24news.com\/wp-content\/uploads\/2022\/04\/Eroeffnung-Mannheimer-Maimesse-2022-49-678x509.jpg 678w, https:\/\/speyer24news.com\/wp-content\/uploads\/2022\/04\/Eroeffnung-Mannheimer-Maimesse-2022-49-326x245.jpg 326w, https:\/\/speyer24news.com\/wp-content\/uploads\/2022\/04\/Eroeffnung-Mannheimer-Maimesse-2022-49-80x60.jpg 80w\" sizes=\"(max-width: 800px) 100vw, 800px\" \/><\/figure><\/li><li class=\"blocks-gallery-item\"><figure><img decoding=\"async\" loading=\"lazy\" width=\"800\" height=\"600\" src=\"https:\/\/speyer24news.com\/wp-content\/uploads\/2022\/04\/Eroeffnung-Mannheimer-Maimesse-2022-50.jpg\" alt=\"\" data-id=\"45107\" data-link=\"https:\/\/speyer24news.com\/?attachment_id=45107\" class=\"wp-image-45107\" srcset=\"https:\/\/speyer24news.com\/wp-content\/uploads\/2022\/04\/Eroeffnung-Mannheimer-Maimesse-2022-50.jpg 800w, https:\/\/speyer24news.com\/wp-content\/uploads\/2022\/04\/Eroeffnung-Mannheimer-Maimesse-2022-50-300x225.jpg 300w, https:\/\/speyer24news.com\/wp-content\/uploads\/2022\/04\/Eroeffnung-Mannheimer-Maimesse-2022-50-768x576.jpg 768w, https:\/\/speyer24news.com\/wp-content\/uploads\/2022\/04\/Eroeffnung-Mannheimer-Maimesse-2022-50-678x509.jpg 678w, https:\/\/speyer24news.com\/wp-content\/uploads\/2022\/04\/Eroeffnung-Mannheimer-Maimesse-2022-50-326x245.jpg 326w, https:\/\/speyer24news.com\/wp-content\/uploads\/2022\/04\/Eroeffnung-Mannheimer-Maimesse-2022-50-80x60.jpg 80w\" sizes=\"(max-width: 800px) 100vw, 800px\" \/><\/figure><\/li><li class=\"blocks-gallery-item\"><figure><img decoding=\"async\" loading=\"lazy\" width=\"800\" height=\"600\" src=\"https:\/\/speyer24news.com\/wp-content\/uploads\/2022\/04\/Eroeffnung-Mannheimer-Maimesse-2022-51.jpg\" alt=\"\" data-id=\"45108\" data-link=\"https:\/\/speyer24news.com\/?attachment_id=45108\" class=\"wp-image-45108\" srcset=\"https:\/\/speyer24news.com\/wp-content\/uploads\/2022\/04\/Eroeffnung-Mannheimer-Maimesse-2022-51.jpg 800w, https:\/\/speyer24news.com\/wp-content\/uploads\/2022\/04\/Eroeffnung-Mannheimer-Maimesse-2022-51-300x225.jpg 300w, https:\/\/speyer24news.com\/wp-content\/uploads\/2022\/04\/Eroeffnung-Mannheimer-Maimesse-2022-51-768x576.jpg 768w, https:\/\/speyer24news.com\/wp-content\/uploads\/2022\/04\/Eroeffnung-Mannheimer-Maimesse-2022-51-678x509.jpg 678w, https:\/\/speyer24news.com\/wp-content\/uploads\/2022\/04\/Eroeffnung-Mannheimer-Maimesse-2022-51-326x245.jpg 326w, https:\/\/speyer24news.com\/wp-content\/uploads\/2022\/04\/Eroeffnung-Mannheimer-Maimesse-2022-51-80x60.jpg 80w\" sizes=\"(max-width: 800px) 100vw, 800px\" \/><\/figure><\/li><li class=\"blocks-gallery-item\"><figure><img decoding=\"async\" loading=\"lazy\" width=\"800\" height=\"603\" src=\"https:\/\/speyer24news.com\/wp-content\/uploads\/2022\/04\/Eroeffnung-Mannheimer-Maimesse-2022-52.jpg\" alt=\"\" data-id=\"45109\" data-link=\"https:\/\/speyer24news.com\/?attachment_id=45109\" class=\"wp-image-45109\" srcset=\"https:\/\/speyer24news.com\/wp-content\/uploads\/2022\/04\/Eroeffnung-Mannheimer-Maimesse-2022-52.jpg 800w, https:\/\/speyer24news.com\/wp-content\/uploads\/2022\/04\/Eroeffnung-Mannheimer-Maimesse-2022-52-300x226.jpg 300w, https:\/\/speyer24news.com\/wp-content\/uploads\/2022\/04\/Eroeffnung-Mannheimer-Maimesse-2022-52-768x579.jpg 768w, https:\/\/speyer24news.com\/wp-content\/uploads\/2022\/04\/Eroeffnung-Mannheimer-Maimesse-2022-52-326x245.jpg 326w, https:\/\/speyer24news.com\/wp-content\/uploads\/2022\/04\/Eroeffnung-Mannheimer-Maimesse-2022-52-80x60.jpg 80w\" sizes=\"(max-width: 800px) 100vw, 800px\" \/><\/figure><\/li><li class=\"blocks-gallery-item\"><figure><img decoding=\"async\" loading=\"lazy\" width=\"800\" height=\"600\" src=\"https:\/\/speyer24news.com\/wp-content\/uploads\/2022\/04\/Eroeffnung-Mannheimer-Maimesse-2022-53.jpg\" alt=\"\" data-id=\"45110\" data-link=\"https:\/\/speyer24news.com\/?attachment_id=45110\" class=\"wp-image-45110\" srcset=\"https:\/\/speyer24news.com\/wp-content\/uploads\/2022\/04\/Eroeffnung-Mannheimer-Maimesse-2022-53.jpg 800w, https:\/\/speyer24news.com\/wp-content\/uploads\/2022\/04\/Eroeffnung-Mannheimer-Maimesse-2022-53-300x225.jpg 300w, https:\/\/speyer24news.com\/wp-content\/uploads\/2022\/04\/Eroeffnung-Mannheimer-Maimesse-2022-53-768x576.jpg 768w, https:\/\/speyer24news.com\/wp-content\/uploads\/2022\/04\/Eroeffnung-Mannheimer-Maimesse-2022-53-678x509.jpg 678w, https:\/\/speyer24news.com\/wp-content\/uploads\/2022\/04\/Eroeffnung-Mannheimer-Maimesse-2022-53-326x245.jpg 326w, https:\/\/speyer24news.com\/wp-content\/uploads\/2022\/04\/Eroeffnung-Mannheimer-Maimesse-2022-53-80x60.jpg 80w\" sizes=\"(max-width: 800px) 100vw, 800px\" \/><\/figure><\/li><li class=\"blocks-gallery-item\"><figure><img decoding=\"async\" loading=\"lazy\" width=\"800\" height=\"600\" src=\"https:\/\/speyer24news.com\/wp-content\/uploads\/2022\/04\/Eroeffnung-Mannheimer-Maimesse-2022-54.jpg\" alt=\"\" data-id=\"45111\" data-link=\"https:\/\/speyer24news.com\/?attachment_id=45111\" class=\"wp-image-45111\" srcset=\"https:\/\/speyer24news.com\/wp-content\/uploads\/2022\/04\/Eroeffnung-Mannheimer-Maimesse-2022-54.jpg 800w, https:\/\/speyer24news.com\/wp-content\/uploads\/2022\/04\/Eroeffnung-Mannheimer-Maimesse-2022-54-300x225.jpg 300w, https:\/\/speyer24news.com\/wp-content\/uploads\/2022\/04\/Eroeffnung-Mannheimer-Maimesse-2022-54-768x576.jpg 768w, https:\/\/speyer24news.com\/wp-content\/uploads\/2022\/04\/Eroeffnung-Mannheimer-Maimesse-2022-54-678x509.jpg 678w, https:\/\/speyer24news.com\/wp-content\/uploads\/2022\/04\/Eroeffnung-Mannheimer-Maimesse-2022-54-326x245.jpg 326w, https:\/\/speyer24news.com\/wp-content\/uploads\/2022\/04\/Eroeffnung-Mannheimer-Maimesse-2022-54-80x60.jpg 80w\" sizes=\"(max-width: 800px) 100vw, 800px\" \/><\/figure><\/li><li class=\"blocks-gallery-item\"><figure><img decoding=\"async\" loading=\"lazy\" width=\"800\" height=\"598\" src=\"https:\/\/speyer24news.com\/wp-content\/uploads\/2022\/04\/Eroeffnung-Mannheimer-Maimesse-2022-55.jpg\" alt=\"\" data-id=\"45112\" data-link=\"https:\/\/speyer24news.com\/?attachment_id=45112\" class=\"wp-image-45112\" srcset=\"https:\/\/speyer24news.com\/wp-content\/uploads\/2022\/04\/Eroeffnung-Mannheimer-Maimesse-2022-55.jpg 800w, https:\/\/speyer24news.com\/wp-content\/uploads\/2022\/04\/Eroeffnung-Mannheimer-Maimesse-2022-55-300x224.jpg 300w, https:\/\/speyer24news.com\/wp-content\/uploads\/2022\/04\/Eroeffnung-Mannheimer-Maimesse-2022-55-768x574.jpg 768w, https:\/\/speyer24news.com\/wp-content\/uploads\/2022\/04\/Eroeffnung-Mannheimer-Maimesse-2022-55-326x245.jpg 326w, https:\/\/speyer24news.com\/wp-content\/uploads\/2022\/04\/Eroeffnung-Mannheimer-Maimesse-2022-55-80x60.jpg 80w\" sizes=\"(max-width: 800px) 100vw, 800px\" \/><\/figure><\/li><li class=\"blocks-gallery-item\"><figure><img decoding=\"async\" loading=\"lazy\" width=\"800\" height=\"600\" src=\"https:\/\/speyer24news.com\/wp-content\/uploads\/2022\/04\/Eroeffnung-Mannheimer-Maimesse-2022-56.jpg\" alt=\"\" data-id=\"45113\" data-link=\"https:\/\/speyer24news.com\/?attachment_id=45113\" class=\"wp-image-45113\" srcset=\"https:\/\/speyer24news.com\/wp-content\/uploads\/2022\/04\/Eroeffnung-Mannheimer-Maimesse-2022-56.jpg 800w, https:\/\/speyer24news.com\/wp-content\/uploads\/2022\/04\/Eroeffnung-Mannheimer-Maimesse-2022-56-300x225.jpg 300w, https:\/\/speyer24news.com\/wp-content\/uploads\/2022\/04\/Eroeffnung-Mannheimer-Maimesse-2022-56-768x576.jpg 768w, https:\/\/speyer24news.com\/wp-content\/uploads\/2022\/04\/Eroeffnung-Mannheimer-Maimesse-2022-56-678x509.jpg 678w, https:\/\/speyer24news.com\/wp-content\/uploads\/2022\/04\/Eroeffnung-Mannheimer-Maimesse-2022-56-326x245.jpg 326w, https:\/\/speyer24news.com\/wp-content\/uploads\/2022\/04\/Eroeffnung-Mannheimer-Maimesse-2022-56-80x60.jpg 80w\" sizes=\"(max-width: 800px) 100vw, 800px\" \/><\/figure><\/li><li class=\"blocks-gallery-item\"><figure><img decoding=\"async\" loading=\"lazy\" width=\"800\" height=\"600\" src=\"https:\/\/speyer24news.com\/wp-content\/uploads\/2022\/04\/Eroeffnung-Mannheimer-Maimesse-2022-57.jpg\" alt=\"\" data-id=\"45114\" data-link=\"https:\/\/speyer24news.com\/?attachment_id=45114\" class=\"wp-image-45114\" srcset=\"https:\/\/speyer24news.com\/wp-content\/uploads\/2022\/04\/Eroeffnung-Mannheimer-Maimesse-2022-57.jpg 800w, https:\/\/speyer24news.com\/wp-content\/uploads\/2022\/04\/Eroeffnung-Mannheimer-Maimesse-2022-57-300x225.jpg 300w, https:\/\/speyer24news.com\/wp-content\/uploads\/2022\/04\/Eroeffnung-Mannheimer-Maimesse-2022-57-768x576.jpg 768w, https:\/\/speyer24news.com\/wp-content\/uploads\/2022\/04\/Eroeffnung-Mannheimer-Maimesse-2022-57-678x509.jpg 678w, https:\/\/speyer24news.com\/wp-content\/uploads\/2022\/04\/Eroeffnung-Mannheimer-Maimesse-2022-57-326x245.jpg 326w, https:\/\/speyer24news.com\/wp-content\/uploads\/2022\/04\/Eroeffnung-Mannheimer-Maimesse-2022-57-80x60.jpg 80w\" sizes=\"(max-width: 800px) 100vw, 800px\" \/><\/figure><\/li><li class=\"blocks-gallery-item\"><figure><img decoding=\"async\" loading=\"lazy\" width=\"500\" height=\"757\" src=\"https:\/\/speyer24news.com\/wp-content\/uploads\/2022\/04\/Eroeffnung-Mannheimer-Maimesse-2022-58.jpg\" alt=\"\" data-id=\"45115\" data-link=\"https:\/\/speyer24news.com\/?attachment_id=45115\" class=\"wp-image-45115\" srcset=\"https:\/\/speyer24news.com\/wp-content\/uploads\/2022\/04\/Eroeffnung-Mannheimer-Maimesse-2022-58.jpg 500w, https:\/\/speyer24news.com\/wp-content\/uploads\/2022\/04\/Eroeffnung-Mannheimer-Maimesse-2022-58-198x300.jpg 198w\" sizes=\"(max-width: 500px) 100vw, 500px\" \/><\/figure><\/li><li class=\"blocks-gallery-item\"><figure><img decoding=\"async\" loading=\"lazy\" width=\"800\" height=\"606\" src=\"https:\/\/speyer24news.com\/wp-content\/uploads\/2022\/04\/Eroeffnung-Mannheimer-Maimesse-2022-59.jpg\" alt=\"\" data-id=\"45116\" data-link=\"https:\/\/speyer24news.com\/?attachment_id=45116\" class=\"wp-image-45116\" srcset=\"https:\/\/speyer24news.com\/wp-content\/uploads\/2022\/04\/Eroeffnung-Mannheimer-Maimesse-2022-59.jpg 800w, https:\/\/speyer24news.com\/wp-content\/uploads\/2022\/04\/Eroeffnung-Mannheimer-Maimesse-2022-59-300x227.jpg 300w, https:\/\/speyer24news.com\/wp-content\/uploads\/2022\/04\/Eroeffnung-Mannheimer-Maimesse-2022-59-768x582.jpg 768w, https:\/\/speyer24news.com\/wp-content\/uploads\/2022\/04\/Eroeffnung-Mannheimer-Maimesse-2022-59-80x60.jpg 80w\" sizes=\"(max-width: 800px) 100vw, 800px\" \/><\/figure><\/li><li class=\"blocks-gallery-item\"><figure><img decoding=\"async\" loading=\"lazy\" width=\"800\" height=\"581\" src=\"https:\/\/speyer24news.com\/wp-content\/uploads\/2022\/04\/Eroeffnung-Mannheimer-Maimesse-2022-60.jpg\" alt=\"\" data-id=\"45117\" data-link=\"https:\/\/speyer24news.com\/?attachment_id=45117\" class=\"wp-image-45117\" srcset=\"https:\/\/speyer24news.com\/wp-content\/uploads\/2022\/04\/Eroeffnung-Mannheimer-Maimesse-2022-60.jpg 800w, https:\/\/speyer24news.com\/wp-content\/uploads\/2022\/04\/Eroeffnung-Mannheimer-Maimesse-2022-60-300x218.jpg 300w, https:\/\/speyer24news.com\/wp-content\/uploads\/2022\/04\/Eroeffnung-Mannheimer-Maimesse-2022-60-768x558.jpg 768w\" sizes=\"(max-width: 800px) 100vw, 800px\" \/><\/figure><\/li><li class=\"blocks-gallery-item\"><figure><img decoding=\"async\" loading=\"lazy\" width=\"800\" height=\"579\" src=\"https:\/\/speyer24news.com\/wp-content\/uploads\/2022\/04\/Eroeffnung-Mannheimer-Maimesse-2022-61.jpg\" alt=\"\" data-id=\"45118\" data-link=\"https:\/\/speyer24news.com\/?attachment_id=45118\" class=\"wp-image-45118\" srcset=\"https:\/\/speyer24news.com\/wp-content\/uploads\/2022\/04\/Eroeffnung-Mannheimer-Maimesse-2022-61.jpg 800w, https:\/\/speyer24news.com\/wp-content\/uploads\/2022\/04\/Eroeffnung-Mannheimer-Maimesse-2022-61-300x217.jpg 300w, https:\/\/speyer24news.com\/wp-content\/uploads\/2022\/04\/Eroeffnung-Mannheimer-Maimesse-2022-61-768x556.jpg 768w\" sizes=\"(max-width: 800px) 100vw, 800px\" \/><\/figure><\/li><li class=\"blocks-gallery-item\"><figure><img decoding=\"async\" loading=\"lazy\" width=\"800\" height=\"600\" src=\"https:\/\/speyer24news.com\/wp-content\/uploads\/2022\/04\/Eroeffnung-Mannheimer-Maimesse-2022-64.jpg\" alt=\"\" data-id=\"45119\" data-link=\"https:\/\/speyer24news.com\/?attachment_id=45119\" class=\"wp-image-45119\" srcset=\"https:\/\/speyer24news.com\/wp-content\/uploads\/2022\/04\/Eroeffnung-Mannheimer-Maimesse-2022-64.jpg 800w, https:\/\/speyer24news.com\/wp-content\/uploads\/2022\/04\/Eroeffnung-Mannheimer-Maimesse-2022-64-300x225.jpg 300w, https:\/\/speyer24news.com\/wp-content\/uploads\/2022\/04\/Eroeffnung-Mannheimer-Maimesse-2022-64-768x576.jpg 768w, https:\/\/speyer24news.com\/wp-content\/uploads\/2022\/04\/Eroeffnung-Mannheimer-Maimesse-2022-64-678x509.jpg 678w, https:\/\/speyer24news.com\/wp-content\/uploads\/2022\/04\/Eroeffnung-Mannheimer-Maimesse-2022-64-326x245.jpg 326w, https:\/\/speyer24news.com\/wp-content\/uploads\/2022\/04\/Eroeffnung-Mannheimer-Maimesse-2022-64-80x60.jpg 80w\" sizes=\"(max-width: 800px) 100vw, 800px\" \/><\/figure><\/li><li class=\"blocks-gallery-item\"><figure><img decoding=\"async\" loading=\"lazy\" width=\"800\" height=\"594\" src=\"https:\/\/speyer24news.com\/wp-content\/uploads\/2022\/04\/Eroeffnung-Mannheimer-Maimesse-2022-65.jpg\" alt=\"\" data-id=\"45120\" data-link=\"https:\/\/speyer24news.com\/?attachment_id=45120\" class=\"wp-image-45120\" srcset=\"https:\/\/speyer24news.com\/wp-content\/uploads\/2022\/04\/Eroeffnung-Mannheimer-Maimesse-2022-65.jpg 800w, https:\/\/speyer24news.com\/wp-content\/uploads\/2022\/04\/Eroeffnung-Mannheimer-Maimesse-2022-65-300x223.jpg 300w, https:\/\/speyer24news.com\/wp-content\/uploads\/2022\/04\/Eroeffnung-Mannheimer-Maimesse-2022-65-768x570.jpg 768w, https:\/\/speyer24news.com\/wp-content\/uploads\/2022\/04\/Eroeffnung-Mannheimer-Maimesse-2022-65-80x60.jpg 80w\" sizes=\"(max-width: 800px) 100vw, 800px\" \/><\/figure><\/li><li class=\"blocks-gallery-item\"><figure><img decoding=\"async\" loading=\"lazy\" width=\"1024\" height=\"768\" src=\"https:\/\/speyer24news.com\/wp-content\/uploads\/2022\/04\/Eroeffnung-Mannheimer-Maimesse-2022-66-1024x768.jpg\" alt=\"\" data-id=\"45121\" data-link=\"https:\/\/speyer24news.com\/?attachment_id=45121\" class=\"wp-image-45121\" srcset=\"https:\/\/speyer24news.com\/wp-content\/uploads\/2022\/04\/Eroeffnung-Mannheimer-Maimesse-2022-66-1024x768.jpg 1024w, https:\/\/speyer24news.com\/wp-content\/uploads\/2022\/04\/Eroeffnung-Mannheimer-Maimesse-2022-66-300x225.jpg 300w, https:\/\/speyer24news.com\/wp-content\/uploads\/2022\/04\/Eroeffnung-Mannheimer-Maimesse-2022-66-768x576.jpg 768w, https:\/\/speyer24news.com\/wp-content\/uploads\/2022\/04\/Eroeffnung-Mannheimer-Maimesse-2022-66-1536x1152.jpg 1536w, https:\/\/speyer24news.com\/wp-content\/uploads\/2022\/04\/Eroeffnung-Mannheimer-Maimesse-2022-66-2048x1536.jpg 2048w, https:\/\/speyer24news.com\/wp-content\/uploads\/2022\/04\/Eroeffnung-Mannheimer-Maimesse-2022-66-678x509.jpg 678w, https:\/\/speyer24news.com\/wp-content\/uploads\/2022\/04\/Eroeffnung-Mannheimer-Maimesse-2022-66-326x245.jpg 326w, https:\/\/speyer24news.com\/wp-content\/uploads\/2022\/04\/Eroeffnung-Mannheimer-Maimesse-2022-66-80x60.jpg 80w\" sizes=\"(max-width: 1024px) 100vw, 1024px\" \/><\/figure><\/li><li class=\"blocks-gallery-item\"><figure><img decoding=\"async\" loading=\"lazy\" width=\"800\" height=\"600\" src=\"https:\/\/speyer24news.com\/wp-content\/uploads\/2022\/04\/Eroeffnung-Mannheimer-Maimesse-2022-70.jpg\" alt=\"\" data-id=\"45123\" data-link=\"https:\/\/speyer24news.com\/?attachment_id=45123\" class=\"wp-image-45123\" srcset=\"https:\/\/speyer24news.com\/wp-content\/uploads\/2022\/04\/Eroeffnung-Mannheimer-Maimesse-2022-70.jpg 800w, https:\/\/speyer24news.com\/wp-content\/uploads\/2022\/04\/Eroeffnung-Mannheimer-Maimesse-2022-70-300x225.jpg 300w, https:\/\/speyer24news.com\/wp-content\/uploads\/2022\/04\/Eroeffnung-Mannheimer-Maimesse-2022-70-768x576.jpg 768w, https:\/\/speyer24news.com\/wp-content\/uploads\/2022\/04\/Eroeffnung-Mannheimer-Maimesse-2022-70-678x509.jpg 678w, https:\/\/speyer24news.com\/wp-content\/uploads\/2022\/04\/Eroeffnung-Mannheimer-Maimesse-2022-70-326x245.jpg 326w, https:\/\/speyer24news.com\/wp-content\/uploads\/2022\/04\/Eroeffnung-Mannheimer-Maimesse-2022-70-80x60.jpg 80w\" sizes=\"(max-width: 800px) 100vw, 800px\" \/><\/figure><\/li><li class=\"blocks-gallery-item\"><figure><img decoding=\"async\" loading=\"lazy\" width=\"800\" height=\"592\" src=\"https:\/\/speyer24news.com\/wp-content\/uploads\/2022\/04\/Eroeffnung-Mannheimer-Maimesse-2022-71.jpg\" alt=\"\" data-id=\"45124\" data-link=\"https:\/\/speyer24news.com\/?attachment_id=45124\" class=\"wp-image-45124\" srcset=\"https:\/\/speyer24news.com\/wp-content\/uploads\/2022\/04\/Eroeffnung-Mannheimer-Maimesse-2022-71.jpg 800w, https:\/\/speyer24news.com\/wp-content\/uploads\/2022\/04\/Eroeffnung-Mannheimer-Maimesse-2022-71-300x222.jpg 300w, https:\/\/speyer24news.com\/wp-content\/uploads\/2022\/04\/Eroeffnung-Mannheimer-Maimesse-2022-71-768x568.jpg 768w, https:\/\/speyer24news.com\/wp-content\/uploads\/2022\/04\/Eroeffnung-Mannheimer-Maimesse-2022-71-80x60.jpg 80w\" sizes=\"(max-width: 800px) 100vw, 800px\" \/><\/figure><\/li><li class=\"blocks-gallery-item\"><figure><img decoding=\"async\" loading=\"lazy\" width=\"802\" height=\"598\" src=\"https:\/\/speyer24news.com\/wp-content\/uploads\/2022\/04\/Bummelpass.jpg\" alt=\"\" data-id=\"45125\" data-full-url=\"https:\/\/speyer24news.com\/wp-content\/uploads\/2022\/04\/Bummelpass.jpg\" data-link=\"https:\/\/speyer24news.com\/?attachment_id=45125\" class=\"wp-image-45125\" srcset=\"https:\/\/speyer24news.com\/wp-content\/uploads\/2022\/04\/Bummelpass.jpg 802w, https:\/\/speyer24news.com\/wp-content\/uploads\/2022\/04\/Bummelpass-300x224.jpg 300w, https:\/\/speyer24news.com\/wp-content\/uploads\/2022\/04\/Bummelpass-768x573.jpg 768w, https:\/\/speyer24news.com\/wp-content\/uploads\/2022\/04\/Bummelpass-80x60.jpg 80w\" sizes=\"(max-width: 802px) 100vw, 802px\" \/><\/figure><\/li><\/ul><\/figure>\n\n\n\n<p><em>Text: Speyer 24\/7 News, sos Foto &amp; Video: Speyer 24\/7 News, dak Lektorin: Speyer 24\/7 News, ank<br>24.04.2022<\/em><\/p>\n","protected":false},"excerpt":{"rendered":"<div class=\"mh-excerpt\"><p>B\u00fcrgermeister Michael Gr\u00f6tsch er\u00f6ffnet die Mannheimer Messe Vom 23.04. \u2013 08.05.22 findet das gr\u00f6\u00dfte Volksfest der Region auf dem Neuen Messplatz in Mannheim statt Gewinnen sie einen von 10 Bummelp\u00e4ssen f\u00fcr die Messe Was haben <a class=\"mh-excerpt-more\" href=\"https:\/\/speyer24news.com\/?p=45057\" title=\"Mannheimer Messe\">[&#8230;]<\/a><\/p>\n<\/div>","protected":false},"author":3,"featured_media":45036,"comment_status":"open","ping_status":"open","sticky":false,"template":"","format":"standard","meta":{"_monsterinsights_skip_tracking":false,"_monsterinsights_sitenote_active":false,"_monsterinsights_sitenote_note":"","_monsterinsights_sitenote_category":0,"footnotes":""},"categories":[11,2010,6753],"tags":[8053,12900,14028,56,14021,14027,14022,14026,6263,13555,14034,14032,14033,14035,3999,14024,14031,14029,14030],"aioseo_notices":[],"amp_enabled":true,"_links":{"self":[{"href":"https:\/\/speyer24news.com\/index.php?rest_route=\/wp\/v2\/posts\/45057"}],"collection":[{"href":"https:\/\/speyer24news.com\/index.php?rest_route=\/wp\/v2\/posts"}],"about":[{"href":"https:\/\/speyer24news.com\/index.php?rest_route=\/wp\/v2\/types\/post"}],"author":[{"embeddable":true,"href":"https:\/\/speyer24news.com\/index.php?rest_route=\/wp\/v2\/users\/3"}],"replies":[{"embeddable":true,"href":"https:\/\/speyer24news.com\/index.php?rest_route=%2Fwp%2Fv2%2Fcomments&post=45057"}],"version-history":[{"count":2,"href":"https:\/\/speyer24news.com\/index.php?rest_route=\/wp\/v2\/posts\/45057\/revisions"}],"predecessor-version":[{"id":45135,"href":"https:\/\/speyer24news.com\/index.php?rest_route=\/wp\/v2\/posts\/45057\/revisions\/45135"}],"wp:featuredmedia":[{"embeddable":true,"href":"https:\/\/speyer24news.com\/index.php?rest_route=\/wp\/v2\/media\/45036"}],"wp:attachment":[{"href":"https:\/\/speyer24news.com\/index.php?rest_route=%2Fwp%2Fv2%2Fmedia&parent=45057"}],"wp:term":[{"taxonomy":"category","embeddable":true,"href":"https:\/\/speyer24news.com\/index.php?rest_route=%2Fwp%2Fv2%2Fcategories&post=45057"},{"taxonomy":"post_tag","embeddable":true,"href":"https:\/\/speyer24news.com\/index.php?rest_route=%2Fwp%2Fv2%2Ftags&post=45057"}],"curies":[{"name":"wp","href":"https:\/\/api.w.org\/{rel}","templated":true}]}}