{"id":45189,"date":"2022-04-26T16:23:51","date_gmt":"2022-04-26T15:23:51","guid":{"rendered":"https:\/\/speyer24news.com\/?p=45189"},"modified":"2022-04-26T16:23:54","modified_gmt":"2022-04-26T15:23:54","slug":"polizei-790","status":"publish","type":"post","link":"https:\/\/speyer24news.com\/?p=45189","title":{"rendered":"Polizei"},"content":{"rendered":"<style type=\"text\/css\">\r\n\t.ads_top_disp{}\r\n\t.ads_top_corner_disp{ float:left; margin:0px 10px 10px 0px; }\r\n\t.ads_first_p_disp{}\r\n\t.ads_bottom_disp{}\r\n\t<\/style>\n<h2 class=\"wp-block-heading\">Polizeimeldungen vom Dienstag (26.04.2022)<\/h2>\n\n\n\n<div class=\"wp-block-image\"><figure class=\"aligncenter size-full\"><img decoding=\"async\" loading=\"lazy\" width=\"375\" height=\"500\" src=\"https:\/\/speyer24news.com\/wp-content\/uploads\/2022\/03\/Aktuelles-Polizeilogo.jpg\" alt=\"\" class=\"wp-image-43591\" srcset=\"https:\/\/speyer24news.com\/wp-content\/uploads\/2022\/03\/Aktuelles-Polizeilogo.jpg 375w, https:\/\/speyer24news.com\/wp-content\/uploads\/2022\/03\/Aktuelles-Polizeilogo-225x300.jpg 225w\" sizes=\"(max-width: 375px) 100vw, 375px\" \/><\/figure><\/div>\n\n\n\n<h2 class=\"wp-block-heading\">(Speyer) &#8211; Polizeiliche Bilanz der Fr\u00fchjahrsmesse 2022<\/h2>\n\n\n\n<div class=\"wp-block-image\"><figure class=\"aligncenter size-full\"><img decoding=\"async\" loading=\"lazy\" width=\"640\" height=\"335\" src=\"https:\/\/speyer24news.com\/wp-content\/uploads\/2022\/04\/Eroeffnung-Fruehjahrsmesse-40.jpg\" alt=\"\" class=\"wp-image-44325\" srcset=\"https:\/\/speyer24news.com\/wp-content\/uploads\/2022\/04\/Eroeffnung-Fruehjahrsmesse-40.jpg 640w, https:\/\/speyer24news.com\/wp-content\/uploads\/2022\/04\/Eroeffnung-Fruehjahrsmesse-40-300x157.jpg 300w\" sizes=\"(max-width: 640px) 100vw, 640px\" \/><\/figure><\/div>\n\n\n\n<p>In der Zeit vom 08.04.2022 bis zum 24.04.2022 fand in Speyer die diesj\u00e4hrige Fr\u00fchjahrsmesse auf dem Festplatz statt. Kr\u00e4fte der Polizei Speyer bestreiften die erste Messe seit Beginn der Corona-Pandemie regelm\u00e4\u00dfig. Um f\u00fcr die B\u00fcrgerinnen und B\u00fcrger auf dem Messegel\u00e4nde jederzeit deutlich wahrnehmbar und ansprechbar zu sein, wurden mehrfach t\u00e4glich Fu\u00df- und Pr\u00e4ventionsstreifen durchgef\u00fchrt. Auch Jugendschutzkontrollen waren Bestandteil des polizeilichen Ma\u00dfnahmenkonzepts. Die Polizei Speyer verzeichnete w\u00e4hrend der 17-t\u00e4gigen Veranstaltung insgesamt 32 Eins\u00e4tze. Dabei kam es zu 14 K\u00f6rperverletzungsdelikten, einem Taschendiebstahl, zwei sexuellen Bel\u00e4stigungen sowie zu einem Widerstand gegen Vollstreckungsbeamte, bei dem ein Polizeibeamter einen Nasenbeinbruch erlitt. Dar\u00fcber hinaus wurden sechs Verst\u00f6\u00dfe gegen das Bet\u00e4ubungsmittelgesetz und zwei Verst\u00f6\u00dfe gegen das Waffengesetz geahndet. Zwei der Eins\u00e4tze endeten mit Ingewahrsamnahmen von jeweils einem St\u00f6rer durch die Polizei. Die vorgenannten Zahlen belegen zwar einerseits eine geringe Anzahl an Eigentumsdelikten trotz des deutlich gestiegenen Besucheraufkommens &#8211; die polizeilichen Pr\u00e4senzma\u00dfnahmen d\u00fcrften also durchaus Wirkung entfaltet haben. Andererseits stieg die Anzahl der Rohheitsdelikte im Vergleich zur letzten Fr\u00fchjahresmesse 2019 erkennbar an. Hintergr\u00fcnde dieses Anstiegs d\u00fcrften ein erh\u00f6htes Besucheraufkommen, gelockerte Hygieneschutzbestimmungen und nicht zuletzt eine begrenzte Auswahl an Alternativveranstaltungen in der Region sein. Auff\u00e4llig war zudem, dass bei 17 von 32 Eins\u00e4tzen mindestens einer der Beteiligten alkoholisiert war und bei 22 Eins\u00e4tzen Jugendliche oder Heranwachsende beteiligt waren. Die Polizei Speyer zieht trotz einer gestiegenen Anzahl von Eins\u00e4tzen im Vergleich zur letzten Fr\u00fchjahrsmesse insgesamt eine positive Bilanz. Die allermeisten Besucher feierten friedlich und gut gelaunt die erste Fr\u00fchjahrsmesse seit drei Jahren.<\/p>\n\n\n\n<h2 class=\"wp-block-heading\">(Speyer) &#8211; Polizei stellt Dealer<\/h2>\n\n\n\n<p>Am 25.04.2022 kam es um 17:21 Uhr im Emanuel-Geibel-Weg in Speyer zu einem Einsatz mit einer Gruppe dealender Jugendlicher. Ein aufmerksamer Zeuge beobachtete die Gruppe in einem Geb\u00fcsch und informierte die Polizei. Die Gruppe ergriff beim Anblick der Polizei die Flucht. Drei Personen konnten allerdings gestellt und kontrolliert werden. Im Rahmen der Kontrolle wurden mehrere T\u00fctchen mit Cannabis und Haschisch sowie Bargeld aufgefunden. Bei zwei der Personen wurde die Durchsuchung angeordnet. Im Anschluss wurden die Beteiligten auf freien Fu\u00df entlassen.<\/p>\n\n\n\n<h2 class=\"wp-block-heading\">(B\u00f6hl-Iggelheim) &#8211; Einbruch und PKW Diebstahl in Bauhof<\/h2>\n\n\n\n<p>W\u00e4hrend des letzten Wochenende (23.04.2022 bis 25.04.2022) schnitten bislang unbekannte T\u00e4ter ein Loch in den Maschendrahtzaun und gelangten so auf das Gel\u00e4nde des Bauhofs\/Wertstoffhofs. Sie brachen dort eine Lagerhalle auf und gelangten so in das dortige B\u00fcro. Es wurden mehrere Werkzeuge sowie ein Dienstfahrzeug entwendet. Durch die Polizei Speyer wurde das entwendete Fahrzeug auf einem Parkplatz in Dudenhofen in der N\u00e4he eines Kindergartens aufgefunden. An den T\u00fcren und Fenstern des Kindergartens konnten ebenfalls Hebelspuren festgestellt werden. Zeugen, die Angaben zu dem Tatgeschehen machen k\u00f6nnen, werden gebeten, sich mit der Polizeiinspektion Schifferstadt unter 06235 495-0 oder&nbsp;<a href=\"mailto:pischifferstadt@polizei.rlp.de\">pischifferstadt@polizei.rlp.de<\/a>&nbsp;in Verbindung zu setzen.<\/p>\n\n\n\n<h2 class=\"wp-block-heading\">(Limburgerhof) &#8211; Gef\u00e4hrliche Nachahmer<\/h2>\n\n\n\n<p>Der 44-j\u00e4hrige Gesch\u00e4digte fuhr mit seinem PKW von Schifferstadt kommend in Fahrtrichtung Limburgerhof, als er pl\u00f6tzlich einen lauten Schlag an seinem Fahrzeug wahrnahm. Er sah, dass seine Windschutzscheibe einen riesigen Steinschlag hatte. Da weder vor noch hinter ihm ein weiterer PKW war, hielt der Gesch\u00e4digte an und entdeckte hinter einer Hecke ein 8 und ein 13-j\u00e4hriges M\u00e4dchen. Die Beiden gaben an, dass sie in einem Videoportal einen Beitrag gesehen h\u00e4tten, bei welchem ein gleichgelagerter Sachverhalt gezeigt wurde. Dies wollten die M\u00e4dchen nachahmen um zu sehen was passiert. Den Kindern war die aufgezeigte Gefahr der Aktion nicht bewusst. Die Polizei warnt, wenn ein Fahrzeugf\u00fchrer nicht besonnen reagiert, kann es bei solchen Taten zu folgenschweren Unf\u00e4llen kommen. Zeugen oder weitere Gesch\u00e4digte, die Angaben zum Unfallgeschehen oder Hinweise geben k\u00f6nnen, werden gebeten, sich mit der Polizeiinspektion Schifferstadt unter 06235 495-0 oder\u00a0<a href=\"mailto:pischifferstadt@polizei.rlp.de\">pischifferstadt@polizei.rlp.de<\/a>\u00a0in Verbindung zu setzen.<\/p>\n\n\n\n<h2 class=\"wp-block-heading\">(Mutterstadt) &#8211; Erdkabel und hochwertige Maschinenteile im Gewerbegebiet entwendet<\/h2>\n\n\n\n<p>In der Zeit vom 22.04.2022 bis 25.04.2022 schnitten bislang unbekannte T\u00e4ter den Maschendrahtzaun auf einem Gel\u00e4nde am Flo\u00dfbach auf und entwendeten dort ca. 400 m Kupferkabel. Au\u00dferdem wurde ein Container aufgehebelt. In der unmittelbaren N\u00e4he wurden die Werkshalle einer Firma aufgebrochen und im Innern mehrere hochwertige Maschinenteile im Gesamtwert von ca. 20.000 Euro entwendet. Hinweise auf die T\u00e4ter oder verd\u00e4chtige Wahrnehmungen bitte an die Polizei Schifferstadt unter Tel. 06235 \/ 495-0 oder Email&nbsp;<a href=\"mailto:pischifferstadt@polizei.rlp.de\">pischifferstadt@polizei.rlp.de<\/a>.<\/p>\n\n\n\n<h2 class=\"wp-block-heading\">(Dudenhofen) &#8211; Einsatz von Videotechnik beim Spiel der Meisterrunde gegen Eintracht Trier<\/h2>\n\n\n\n<p>Am kommenden Samstag den 30.04.2022 trifft in der Meisterrunde der Fu\u00dfball-Oberliga Rheinland-Pfalz\/Saar der FV Dudenhofen auf die G\u00e4ste aus Trier. Zu der Fu\u00dfballpartie werden etwa 350 Fans erwartet. Ansto\u00df an der Iggelheimer Stra\u00dfe ist um 14:30 Uhr.<\/p>\n\n\n\n<p>Die Partie wurde seitens der Polizei als risikobehaftetes Spiel eingestuft. Sie wird mit ihren Einsatzkr\u00e4ften den reibungslosen und sicheren Verlauf der Veranstaltung gew\u00e4hrleisten und St\u00f6rungen konsequent unterbinden. Hierf\u00fcr ist eine Trennung beider Fan-Lager vorgesehen.<\/p>\n\n\n\n<p>W\u00e4hrend des Einsatzes setzt die Polizei Video\u00fcberwachung zur Verhinderung, aber auch zur beweissicheren Verfolgung von Straftaten ein. Dadurch soll ein st\u00f6rungsfreier Verlauf gew\u00e4hrleistet werden. Vor Ort werden Hinweisschilder aufgestellt. Die Polizei verweist auf die Datenschutzbestimmungen des Landes. Informationen hierzu finden sie unter&nbsp;<a target=\"_blank\" rel=\"noreferrer noopener\" href=\"https:\/\/www.polizei.rlp.de\/de\/Service\/datenschutzinformationen\">https:\/\/www.polizei.rlp.de\/de\/Service\/datenschutzinformationen<\/a>&nbsp;sowie auf einem Infoblatt, welches bei der Polizeiinspektion Speyer eingesehen werden kann.<\/p>\n\n\n\n<h2 class=\"wp-block-heading\">(Dudenhofen) &#8211; Verkehrsunfall mit Fahrradfahrer<\/h2>\n\n\n\n<p>Am 25.04.2022 um 19:36 Uhr ereignete sich in Dudenhofen im Boligweg ein Verkehrsunfall. Beteiligt war hierbei 12-j\u00e4hriges Kind. Das Kind befuhr mit seinem Fahrrad den Boligweg in Richtung der Kettelerstra\u00dfe und wollte diese geradeaus \u00fcberqueren. An der Kreuzung beider Stra\u00dfen kam es zum Konflikt mit einer von rechts kommenden 54-j\u00e4hrigen PKW-Fahrerin. Diese wollte den Boligweg geradeaus \u00fcberqueren als es zum Zusammensto\u00df kam. Der 12-J\u00e4hrige st\u00fcrzte und kam mit Schmerzen im Beinbereich in ein umliegendes Krankennhaus.<\/p>\n\n\n\n<h2 class=\"wp-block-heading\">(Lingenfeld) &#8211; Dieseldiebstahl<\/h2>\n\n\n\n<p>Im Zeitraum von 23.04 &#8211; 25.04.2022 verschafften sich bislang unbekannte T\u00e4ter Zutritt zu einem Firmengel\u00e4nde in der Karl-L\u00f6sch-Stra\u00dfe in Lingenfeld. Dort entwendeten sie aus mehreren Fahrzeugen Dieselkraftstoff im Wert von etwa 3500 Euro. Die Polizeiinspektion Germersheim hat die Ermittlungen aufgenommen und bittet alle Zeugen sich unter der Telefonnummer 07274-9580 oder per Mail an\u00a0<a href=\"mailto:pigermersheim@polizei.rlp.de\">pigermersheim@polizei.rlp.de<\/a>\u00a0zu melden.<\/p>\n\n\n\n<h2 class=\"wp-block-heading\">(Insheim) &#8211; Verkehrsunfallflucht<\/h2>\n\n\n\n<div class=\"wp-block-image\"><figure class=\"aligncenter size-full\"><img decoding=\"async\" loading=\"lazy\" width=\"800\" height=\"600\" src=\"https:\/\/speyer24news.com\/wp-content\/uploads\/2022\/04\/A65.jpeg\" alt=\"\" class=\"wp-image-45199\" srcset=\"https:\/\/speyer24news.com\/wp-content\/uploads\/2022\/04\/A65.jpeg 800w, https:\/\/speyer24news.com\/wp-content\/uploads\/2022\/04\/A65-300x225.jpeg 300w, https:\/\/speyer24news.com\/wp-content\/uploads\/2022\/04\/A65-768x576.jpeg 768w, https:\/\/speyer24news.com\/wp-content\/uploads\/2022\/04\/A65-678x509.jpeg 678w, https:\/\/speyer24news.com\/wp-content\/uploads\/2022\/04\/A65-326x245.jpeg 326w, https:\/\/speyer24news.com\/wp-content\/uploads\/2022\/04\/A65-80x60.jpeg 80w\" sizes=\"(max-width: 800px) 100vw, 800px\" \/><\/figure><\/div>\n\n\n\n<p>Zu einer Verkehrsunfallflucht mit Totalschaden kam es am Montag, gegen 08.40 Uhr, auf der A 65 in H\u00f6he der Ausfahrt Insheim Richtung Karlsruhe. Der Fahrer eines wei\u00dfen Sprinters \u00fcberholte einen auf dem rechten Fahrstreifen fahrenden grauen Mercedes SLK und scherte unmittelbar davor wieder nach rechts ein. Um hierbei einen Zusammensto\u00df zu vermeiden, wich der SLK-Fahrer aus und verlor anschlie\u00dfend die Kontrolle \u00fcber sein Fahrzeug, wodurch er in die rechte Leitplanke stie\u00df und abgeschleppt werden musste. Am PKW entstand Sachschaden von mehreren Tausend Euro. Der Fahrer des Sprinters entfernte sich im Anschluss unerlaubt von der Unfallstelle. Ein Kennzeichen oder n\u00e4here Angaben zum Fahrzeug sind nicht bekannt.<\/p>\n\n\n\n<p>Zeugen m\u00f6gen sich bitte mit der Polizei Edenkoben in Verbindung setzen.<\/p>\n\n\n\n<h2 class=\"wp-block-heading\">(Kirrweiler) &#8211; Verkehrsunfallflucht<\/h2>\n\n\n\n<p>Innerhalb von nur f\u00fcnf Minuten ereignete sich in der Hauptstra\u00dfe 4 in Kirrweiler am Montag, kurz nach 17.00 Uhr, eine Unfallflucht. Der Fahrer eines hellblauen Mazda parkte hier sein Fahrzeug und kam nach wenigen Minuten wieder zu seinem PKW zur\u00fcck. Innerhalb dieser Zeit stie\u00df ein nicht bekanntes Fahrzeug gegen den linken Au\u00dfenspiegel und besch\u00e4digte diesen. Es entstand Schaden von ca. 250 Euro. Der Verursacher entfernte sich danach unerlaubt von der Unfallstelle.<\/p>\n\n\n\n<p>Zeugen m\u00f6gen sich bitte bei der Polizei Edenkoben melden.<\/p>\n\n\n\n<h2 class=\"wp-block-heading\">(Ha\u00dfloch) &#8211; Zu viel &#8222;getankt&#8220;<\/h2>\n\n\n\n<p>In der Brunnengasse auf der Fahrbahn gewendet und dabei eine Mauer besch\u00e4digt, hat am Montagnachmittag (25. April, 15 Uhr) der Fahrer eines Mazda. Die Polizeibeamten bemerkten eine verwaschene Aussprache und Alkoholgeruch bei dem 57-J\u00e4hrigen. Ein Test ergab 1,27 Promille. Ihm wurde eine Blutprobe entnommen, den F\u00fchrerschein stellten die Beamten sicher. Der Mann muss sich nun wegen Trunkenheit im Verkehr verantworten.<\/p>\n\n\n\n<h2 class=\"wp-block-heading\">(Bad D\u00fcrkheim) &#8211; Unfall verursacht und gefl\u00fcchtet<\/h2>\n\n\n\n<p>Am Montag, den 25.04.22 kam es im Zeitraum von 10:30 bis 12:30 Uhr zu einer Verkehrsunfallflucht in der Stra\u00dfe Im Obergarten in Bad D\u00fcrkheim. Der bislang unbekannte Unfallverursacher fuhr vermutlich beim Wenden gegen eine Grundst\u00fccksmauer eines dortigen Wohnanwesens. Aufgrund der Spurenlage an der Mauer, kann davon ausgegangen werden, dass es sich um ein gr\u00fcnes Fahrzeug gehandelt haben muss. Der Schaden an der Mauer bel\u00e4uft sich auf circa 500EUR. Sollten Sie Angaben zu dem Unfall machen k\u00f6nnen, bittet die Polizei Bad D\u00fcrkheim um Ihre Hinweise unter 06322 963 0 oder per E-Mail an\u00a0<a href=\"mailto:pibadduerkheim@polizei.rlp.de\">pibadduerkheim@polizei.rlp.de<\/a>.<\/p>\n\n\n\n<h2 class=\"wp-block-heading\">(Ellerstadt) &#8211; Sachbesch\u00e4digung durch Steinwurf<\/h2>\n\n\n\n<p>Im Tatzeitraum vom 23.03.22, 10:30 Uhr bis zum 25.04.22, 05:30 Uhr wurden zwei Fensterscheiben der Grundschule in Ellerstadt durch bislang unbekannte T\u00e4ter mit Steinen eingeworfen. Aufgrund der Gr\u00f6\u00dfe der Einwurfl\u00f6cher, kann ein Einbruch ausgeschlossen werden. Die Schadensh\u00f6he bel\u00e4uft sich auf insgesamt circa 400EUR. Die Polizei bittet Zeugen, die Angaben zur Tat oder verd\u00e4chtigen Personen machen k\u00f6nnen, sich bei der Polizei Bad D\u00fcrkheim unter Tel.: 06322 963-0 oder per E-Mail an\u00a0<a href=\"mailto:pibadduerkheim@polizei.rlp.de\">pibadduerkheim@polizei.rlp.de<\/a>\u00a0zu melden.<\/p>\n\n\n\n<h2 class=\"wp-block-heading\">(Pr\u00e4sidialbereich Rheinpfalz) &#8211; Polizeiliche Einsatzma\u00dfnahmen anl\u00e4sslich zwei angemeldeter Versammlungen und erneuten Aufrufen zu sogenannten &#8222;Montagsspazierg\u00e4ngen&#8220;<\/h2>\n\n\n\n<div class=\"wp-block-image\"><figure class=\"aligncenter size-large\"><img decoding=\"async\" loading=\"lazy\" width=\"1024\" height=\"512\" src=\"https:\/\/speyer24news.com\/wp-content\/uploads\/2022\/01\/Demonstration-1024x512.png\" alt=\"\" class=\"wp-image-43221\" srcset=\"https:\/\/speyer24news.com\/wp-content\/uploads\/2022\/01\/Demonstration-1024x512.png 1024w, https:\/\/speyer24news.com\/wp-content\/uploads\/2022\/01\/Demonstration-300x150.png 300w, https:\/\/speyer24news.com\/wp-content\/uploads\/2022\/01\/Demonstration-768x384.png 768w, https:\/\/speyer24news.com\/wp-content\/uploads\/2022\/01\/Demonstration.png 1200w\" sizes=\"(max-width: 1024px) 100vw, 1024px\" \/><\/figure><\/div>\n\n\n\n<p>Am gestrigen Montagabend (25.04.2022) fanden in Bellheim und Bad D\u00fcrkheim angemeldete Versammlungen von Kritikern der Corona-Ma\u00dfnahmen statt. An diesen Versammlungen nahmen rund 180 Personen (ca. 80 in Bellheim und ca. 100 in Bad D\u00fcrkheim) teil. Die Versammlungen verliefen friedlich und st\u00f6rungsfrei.<\/p>\n\n\n\n<p>Daneben wurde auf verschiedenen Plattformen erneut dazu aufgerufen, sich \u00f6ffentlich zu treffen, um ein Zeichen gegen die Corona-Ma\u00dfnahmen zu setzen. Nach unseren vorbereiteten Einsatzkonzepten waren wir mit Polizeikr\u00e4ften an relevanten Orten pr\u00e4sent. Dabei konnten wir rund 320 Personen als sogenannte &#8222;Spazierg\u00e4nger&#8220; feststellen. Auch die nicht angemeldeten Versammlungen blieben friedlich und verliefen st\u00f6rungsfrei.<\/p>\n\n\n\n<h2 class=\"wp-block-heading\">(Ludwigshafen) &#8211; Autofahrerin bei Unfall leicht verletzt \/ Zeugen gesucht<\/h2>\n\n\n\n<p>Am Dienstagmorgen (26.04.2022), gegen 06:00 Uhr, kam es an der Kreuzung Sternstra\u00dfe\/Bastenhorstweg\/Industriestra\u00dfe zu einem Verkehrsunfall, bei welchem eine 33-j\u00e4hrige Autofahrerin verletzt wurde. Die Ampelanlage an der Kreuzung soll zum Unfallzeitpunkt au\u00dfer Betrieb gewesen sein, weswegen die Vorfahrt durch die aufgestellten Verkehrszeichen geregelt war. Ein 59-j\u00e4hriger Autofahrer soll die Vorfahrt der 33-J\u00e4hrigen missachtet haben. Die Fahrerin verlor in Folge des Zusammensto\u00dfes die Kontrolle \u00fcber ihr Auto. Das Auto kam neben der Fahrbahn auf der Leitplanke zum Stehen. Die 33-J\u00e4hrige wurde durch den Unfall leicht verletzt. Sie wurde zur Untersuchung mit dem Krankenwagen in ein Krankenhaus gebracht. Durch den Unfall entstand ein Sachschaden in H\u00f6he von ca. 10.000,- Euro.<\/p>\n\n\n\n<p>Personen die den Unfall beobachtet haben werden gebeten sich mit der Polizeiinspektion Ludwigshafen 2, Telefonnummer 0621 963-2222 oder per E-Mail&nbsp;<a href=\"mailto:piludwigshafen2@polizei.rlp.de\">piludwigshafen2@polizei.rlp.de<\/a>&nbsp;zu setzen.<\/p>\n\n\n\n<h2 class=\"wp-block-heading\">(Ludwigshafen) &#8211; Streit in Stra\u00dfenbahn eskaliert<\/h2>\n\n\n\n<p>Am Abend des 25.04.2022, gegen 20:00 Uhr, wurde der Polizei Ludwigshafen eine Schl\u00e4gerei mit mehreren Beteiligten in der Bad-Aussee-Stra\u00dfe gemeldet. Vor Ort stellte sich heraus, dass ein 12- und 14-J\u00e4hriger in der Stra\u00dfenbahn in Streit geraten waren und dieser in einer handgreiflichen Auseinandersetzung endete. Im Verlauf des Streites habe der 14-J\u00e4hrige den 12-J\u00e4hrigen zudem mit einem Messer bedroht. Der 14-J\u00e4hrige stritt die Vorw\u00fcrfe ab.<\/p>\n\n\n\n<h2 class=\"wp-block-heading\">(Ludwigshafen) &#8211; Fahrrad fahrendes Kind bei Verkehrsunfall verletzt<\/h2>\n\n\n\n<p>Am Montagabend (25.04.2022), gegen 18:00 Uhr, wurde ein 10-j\u00e4hriger Fahrradfahrer bei einem Verkehrsunfall leicht verletzt. Ein 61-j\u00e4hriger Autofahrer \u00fcbersah das Kind beim Abbiegen von der Trifelsstra\u00dfe in die Rheing\u00f6nheimer Stra\u00dfe. Der Junge st\u00fcrzte und zog sich leichte Verletzungen zu. Er wurde mit einem Krankenwagen zur Untersuchung in ein Krankenhaus gebracht.<\/p>\n\n\n\n<h2 class=\"wp-block-heading\">(Ludwigshafen) &#8211; Mehrere Betrugsversuche am Telefon<\/h2>\n\n\n\n<p>Am Montag wurden der Polizei Ludwigshafen wieder mehrere Betrugsversuche gemeldet. Drei Ludwigshafener wurden mehrfach von Unbekannten angerufen. Eine Bandansage, welche angeblich von Europol stamme, teilte mit, dass die ID-Karten missbr\u00e4uchlich benutzt w\u00fcrden. Alle Angerufenen erkannten die Betrugsmasche und beendeten das Gespr\u00e4ch.<\/p>\n\n\n\n<h2 class=\"wp-block-heading\">(Ludwigshafen) &#8211; Versuchter Raub anschlie\u00dfend Polizisten bedroht und beleidigt<\/h2>\n\n\n\n<p>Am Montagnachmittag (25.04.2022), gegen 14:30 Uhr, forderte ein 12-J\u00e4hriger in der Passadenaallee von zwei 11-J\u00e4hrigen aggressiv die Herausgabe von Geld. Nachdem diese ihm nichts gegeben hatten, durchsuchte er die Taschen der Kinder und ging weg. Die verst\u00e4ndigten Polizeibeamten konnten den 12-j\u00e4hrigen in der N\u00e4he kontrollieren. Das Kind beleidigte und bedrohte die Polizeibeamten w\u00e4hrend des Einsatzes massiv. Er wurde im Anschluss an seine Mutter \u00fcbergeben.<\/p>\n\n\n\n<h2 class=\"wp-block-heading\">(Ludwigshafen) &#8211; Kabel von Baustelle gestohlen \/ Zeugen gesucht<\/h2>\n\n\n\n<p>In der Zeit vom 22.04., 10:00 Uhr &#8211; 25.04.2022, 07:00 Uhr stahlen Unbekannte mehrere Stromkabel von der Baustelle an der Anne-Frank-Realschule Plus. Die genaue Schadensh\u00f6he ist derzeit noch nicht bekannt.<\/p>\n\n\n\n<p>Wer hat am vergangenen Wochenende Personen oder Fahrzeuge an der Baustelle gesehen?<\/p>\n\n\n\n<p>Sachdienliche Hinweise bitte an die Polizeiinspektion Ludwigshafen 2, Telefonnummer 0621 963-2222 oder per E-Mail\u00a0<a href=\"mailto:piludwigshafen2@polizei.rlp.de\">piludwigshafen2@polizei.rlp.de<\/a>\u00a0.<\/p>\n\n\n\n<h2 class=\"wp-block-heading\">(Ludwigshafen) &#8211; Trickbetr\u00fcger unterwegs<\/h2>\n\n\n\n<p>Bereits am Nachmittag des 21.04.2022 erschien ein Unbekannter bei einem 60-J\u00e4hrigen in Friesenheim und gab sich als Vodafone-Mitarbeiter aus. Unter dem Vorwand, dass in seinem Wohngebiet alle Vertr\u00e4ge auf Vodafone umgestellt werden m\u00fcssten, verlangte er den Personalausweis und die Bankkarte des 60-J\u00e4hrigen. Nachdem er nichts mehr geh\u00f6rt hatte, erkundigten sich Angeh\u00f6rige des Gesch\u00e4digten bei der Firma Vodafone. Hier stellte sich heraus, dass der Unbekannte nicht von der Firma stamme und es sich vermutlich um einen Betrug handelte.<\/p>\n\n\n\n<h4 class=\"wp-block-heading\">Beachten Sie die Tipps Ihrer Polizei, um sich vor betr\u00fcgerischen Haust\u00fcrgesch\u00e4ften zu sch\u00fctzen:<\/h4>\n\n\n\n<ul><li><strong>Kaufen oder unterschreiben Sie niemals etwas an der Haust\u00fcr. Lassen Sie sich die Vertragsunterlagen aush\u00e4ndigen und pr\u00fcfen Sie diese sorgf\u00e4ltig. Fragen Sie ggfls. beim offiziellen Vertragspartner nach.<\/strong><\/li><li><strong>Lassen Sie unaufgefordert kommende &#8222;Vertreter&#8220; oder &#8222;Verk\u00e4ufer&#8220; nicht in Ihre Wohnung.<\/strong><\/li><\/ul>\n\n\n\n<h2 class=\"wp-block-heading\">(Mannheim-Innenstadt) &#8211; Kaffeeautomat aus Firmenr\u00e4umen gestohlen \/ Polizei sucht Zeugen<\/h2>\n\n\n\n<p>In der Zeit zwischen Freitag, 22.04.2022 und Montag, 25.04.2022 entwendeten unbekannte T\u00e4ter aus den R\u00e4umlichkeiten einer Firma in der Mannheimer Innenstadt einen Kaffeeautomaten. Die Unbekannten drangen auf unbekannte Art und Weise in die R\u00e4umlichkeiten in einem B\u00fcrogeb\u00e4ude am Willy-Brand-Platz ein und entwendeten einen in der K\u00fcche im 5. OG aufgestellten Kaffeevollautomat. Der Schaden wird auf fast 5.000 Euro gesch\u00e4tzt. Die Aufnahmen der im Geb\u00e4ude installierte Video\u00fcberwachungsanlage wurden gesichert und werden ausgewertet.<\/p>\n\n\n\n<p>Zeugen, die verd\u00e4chtige Wahrnehmungen gemacht haben und sachdienliche Hinweise geben k\u00f6nnen, werden gebeten, sich beim Polizeirevier Mannheim-Oststadt, Tel.: 0621\/174-3310 zu melden.<\/p>\n\n\n\n<h2 class=\"wp-block-heading\">(Mannheim-Oststadt) &#8211; Unfall mit zwei leicht verletzten Personen<\/h2>\n\n\n\n<p>Am Montag gegen 11:45 Uhr kollidierte im Kreuzungsbereich Karl-Ludwig-Stra\u00dfe \/ Augustaanlage ein 52-j\u00e4hriger KIA-Fahrer mit einem 54-j\u00e4hrigen Skoda-Fahrer, wodurch der KIA-Fahrer und dessen 50-j\u00e4hriger Beifahrer leicht verletzt wurden. Der Fahrer des Skodas wollte von der Karl-Ludwig-Stra\u00dfe in die Augustaanlage abbiegen und \u00fcbersah hierbei den KIA. Bei dem Unfall verletzten sich beide Insassen des KIAs leicht und wurden vorsorglich durch den Rettungsdienst in ein nahegelegenes Krankenhaus gebracht. Die beiden Autos waren so stark besch\u00e4digt, dass sie abgeschleppt werden mussten. Insgesamt entstand ein Sachschaden in H\u00f6he von mehr als 15.000 Euro.<\/p>\n\n\n\n<h2 class=\"wp-block-heading\">(Mannheim-Schwetzingerstadt) &#8211; Einbruch in Firmenr\u00e4ume \/ Zeugen gesucht<\/h2>\n\n\n\n<p>In der Nacht von Sonntag auf Montag brachen unbekannte T\u00e4ter in die R\u00e4ume einer Firma in der Schwetzingerstadt ein. Die Einbrecher hebelten zwischen 20 Uhr und 08.15 Uhr die Eingangst\u00fcr der Firma im 4. OG eines Anwesens in der Keplerstra\u00dfe auf und drangen in die R\u00e4umlichkeiten ein. Inwiefern sie dabei etwas mitgehen lie\u00dfen, muss noch ermittelt werden. Die H\u00f6he des entstandenen Sachschadens l\u00e4sst sich derzeit nicht beziffern.<\/p>\n\n\n\n<p>Zeugen, die verd\u00e4chtige Beobachtungen gemacht haben und sachdienliche Hinweise zu den T\u00e4tern geben k\u00f6nnen, werden gebeten, sich beim Polizeirevier Mannheim-Oststadt, Tel.: 0621\/174-3310 zu melden.<\/p>\n\n\n\n<h2 class=\"wp-block-heading\">(Mannheim-Neckarstadt) &#8211; Mehrere Akkuschrauber entwendet<\/h2>\n\n\n\n<p>Am Montagabend gegen 17:45 Uhr wurde ein Mitarbeiter eines Automobilwerkes in der Hanns-Martin-Schleyer-Stra\u00dfe dabei beobachtet, wie er zwei M\u00fclls\u00e4cke mit insgesamt 13 Akkuschraubern in sein Auto lud. Die Akkuschrauber stehen im Eigentum des Werkes und haben einen Wert von etwa 19.000 Euro. In j\u00fcngster Zeit sollen in dem Werk mehrere Arbeitsger\u00e4te, unter anderem auch Akkuschrauber, entwendet worden sein. Der Schaden bel\u00e4uft sich hier auf rund 30.000 Euro.<\/p>\n\n\n\n<p>Das Polizeirevier Mannheim-Neckarstadt ermittelt nun wegen Verdachts des Diebstahls gegen den 24-J\u00e4hrigen.<\/p>\n\n\n\n<h2 class=\"wp-block-heading\">(Mannheim-Neckarstadt) &#8211; Versuchter Einbruch in Schule \/ Zeugen gesucht!<\/h2>\n\n\n\n<p>Im Zeitraum von Sonntag, gegen 12:00 Uhr bis Montag, gegen 14:30 Uhr versuchten bislang unbekannte T\u00e4ter eine T\u00fcr einer Schule in der Diesterwegstra\u00dfe aufzuhebeln, scheiterten jedoch. Bei dem Einbruchsversuch entstand ein Sachschaden von mehreren Tausend Euro. Das Polizeirevier Mannheim-Neckarstadt sucht nun Zeugen und bittet diese, sich unter der Telefonnummer 0621\/3301-0 zu melden.<\/p>\n\n\n\n<h2 class=\"wp-block-heading\">(Mannheim-Neckarau) &#8211; Scheibe an PKW eingeschlagen und Werkzeug entwendet \/ Zeugen gesucht<\/h2>\n\n\n\n<p>Zwischen Samstagnachmittag, 15 Uhr, und Montagvormittag, 6 Uhr, schlug ein bisher unbekannter T\u00e4ter die Scheibe an der Beifahrerseite eines in der Rheintalbahnstra\u00dfe geparkten Citro\u00ebn ein. Im Anschluss durchw\u00fchlte der Unbekannte das Fahrzeug und stahl einen Werkzeugkoffer mit einer Kreiss\u00e4ge. Der Gesamtschaden liegt bei 500 Euro. Das Polizeirevier Mannheim-Neckarau hat die Ermittlungen wegen besonders schweren Falls des Diebstahls aufgenommen. Zeugenhinweise werden unter 0621\/83397-0 entgegengenommen.<\/p>\n\n\n\n<h2 class=\"wp-block-heading\">(Heidelberg) &#8211; Kind von Pritschenwagen \u00fcberrollt; Fahrer unter Drogen; Blutentnahme; F\u00fchrerschein sichergestellt<\/h2>\n\n\n\n<h3 class=\"has-text-align-center wp-block-heading\">Pressemitteilung Nr. 3<\/h3>\n\n\n\n<p>Der 35-J\u00e4hrige Fahrer des Pritschenwagens, der am Montagnachmittag den 6-j\u00e4hrigen Jungen, der mit einem Fahrrad \u00fcber den Zebrastreifen an der Einm\u00fcndung Rohrbacher Stra\u00dfe\/Poststra\u00dfe fuhr, erfasste und \u00fcberrollte, stand nach Erkenntnissen der Verkehrspolizei Heidelberg unter Drogeneinfluss.<\/p>\n\n\n\n<p>Ein erster Test ergab Hinweise auf die Einnahme von Kokain. Eine Blutentnahme wurde im Anschluss durchgef\u00fchrt, sein F\u00fchrerschein einbehalten. Nach Zahlung einer Sicherheitsleistung von 1.800.- Euro wurde der 35-J\u00e4hrige wieder auf freien Fu\u00df gesetzt.<\/p>\n\n\n\n<p>Ein Gutachter wurde zur Unfallrekonstruktion hinzugezogen. Der Pritschenwagen wurde sichergestellt.<\/p>\n\n\n\n<p>Der Junge wird weiter in einer Klinik behandelt und befindet sich auf dem Weg der Besserung.<\/p>\n\n\n\n<p>Die Ermittlungen dauern an.<\/p>\n\n\n\n<h2 class=\"wp-block-heading\">(Heidelberg-Weststadt) &#8211; 6.000 Euro Sachschaden durch Kellerbrand<\/h2>\n\n\n\n<p>Am fr\u00fchen Dienstagmorgen gegen 3 Uhr kam es in der Bunsenstra\u00dfe zu einer Rauchentwicklung aus dem Keller eines Mehrfamilienhauses. Die vor Ort eingesetzte Feuerwehr konnte kurz darauf den Brand im Keller des Anwesens l\u00f6schen. Die Brandursache ist derzeit noch unklar. Ein fahrl\u00e4ssiges Handeln kann derzeit nicht ausgeschlossen werden und wird derzeit noch durch das Polizeirevier Heidelberg-Mitte ermittelt. Der entstandene Sachschaden liegt bei 6.000 Euro. Personen wurden nicht verletzt.<\/p>\n\n\n\n<h2 class=\"wp-block-heading\">(Heidelberg-Bergheim) &#8211; Unbelehrbarer 29-J\u00e4hriger ohne F\u00fchrerschein unterwegs<\/h2>\n\n\n\n<p>Beamte des Polizeireviers Heidelberg-Mitte stellten am Montagabend gegen 18:20 Uhr bei einer Fahrzeugkontrolle in der Bergheimer Stra\u00dfe fest, dass der Fahrer eines Audi ohne g\u00fcltige Fahrerlaubnis unterwegs war. Dem 29-J\u00e4hrigen war in der Vergangenheit die Fahrerlaubnis entzogen worden, weshalb gegen ihn nun wegen Fahren ohne Fahrerlaubnis ermittelt wird. Er gelangte in der Vergangenheit bereits mehrfach wegen dieses Delikts zur Anzeige.<\/p>\n\n\n\n<h2 class=\"wp-block-heading\">(Schwetzingen \/ Rhein-Neckar-Kreis) &#8211; Gemeinsame Melderechtliche Kontrolle von Stadt und Polizei in drei Wohnh\u00e4usern brachte Meldeverst\u00f6\u00dfe und Baum\u00e4ngel zu Tage<\/h2>\n\n\n\n<p>Die Stadt Schwetzingen und die Polizei haben im Rahmen eines beh\u00f6rden\u00fcbergreifenden Einsatzes in den fr\u00fchen Morgenstunden des 26. April insgesamt drei Wohnobjekte im Stadtgebiet melderechtlich \u00fcberpr\u00fcft. Aufgrund beh\u00f6rdeninterner Erkenntnisse und Hinweisen aus der Bev\u00f6lkerung, war die Stadt zuvor auf dortige sicherheitsrelevante M\u00e4ngel aufmerksam geworden.<\/p>\n\n\n\n<p>In erster Linie ging es bei dem Einsatz um die melderechtliche \u00dcberpr\u00fcfung. Hier waren Mitarbeiterinnen und Mitarbeiter des Ausl\u00e4nderamtes, des B\u00fcrgerb\u00fcros und der Ortspolizeibeh\u00f6rde beteiligt. Zur \u00dcberpr\u00fcfung des Brandschutzes war auch die Feuerwehr Schwetzingen in die Kontrolle eingebunden.<\/p>\n\n\n\n<p>Das Polizeipr\u00e4sidium Mannheim unterst\u00fctzte die Ma\u00dfnahmen der Stadt Schwetzingen mit Beamten des Polizeireviers Schwetzingen. Zudem war die Zentrale Kriminaltechnik der Kriminalpolizeidirektion Heidelberg zur Echtheitspr\u00fcfung von Dokumenten mit vor Ort, sowie Beamte des Polizeipr\u00e4sidium Einsatz.<\/p>\n\n\n\n<p>Insgesamt wurden 29 Personen kontrolliert. An einer Wohnanschrift gab es keinerlei Auff\u00e4lligkeiten. In den beiden anderen Objekten wurden insgesamt sieben Meldeverst\u00f6\u00dfe, 1 Gewerbeversto\u00df und ein Versto\u00df im Bereich des Gastst\u00e4ttenrechts festgestellt. Zudem wurden Baum\u00e4ngel und Brandschutzm\u00e4ngel festgestellt, die nun von der Baurechtsbeh\u00f6rde weiter gepr\u00fcft werden. Auch bez\u00fcglich der Mietpreisgestaltung erfolgen weitere Ermittlungen gegen den Eigent\u00fcmer. Neben Verst\u00f6\u00dfen im Zust\u00e4ndigkeitsbereich der Stadt Schwetzingen als Ortspolizeibeh\u00f6rde wurden durch das Polizeirevier Schwetzingen zwei Ermittlungsverfahren wegen Urkundenf\u00e4lschung eingeleitet und werden nach Abschluss der Ermittlungen an die Staatsanwaltschaft Mannheim vorgelegt. Bei der \u00dcberpr\u00fcfung von Identit\u00e4tspapieren waren bei zwei Dokumenten F\u00e4lschungsmerkmale festgestellt worden.<\/p>\n\n\n\n<p>Ziel der Aktion war, festgestellte Missst\u00e4nde und M\u00e4ngel zu dokumentieren, um deren Beseitigung zu veranlassen. Unter anderem wurde gepr\u00fcft, ob Wohnungen erkennbar \u00fcberbelegt sind oder ob zu Wohnzwecken genutzte R\u00e4ume \u00fcberhaupt die baurechtlichen Voraussetzungen erf\u00fcllen. Damit m\u00f6chte die Stadt auch ausschlie\u00dfen, dass die Bewohnerinnen und Bewohner &#8211; insbesondere wenn Kinder und Jugendliche betroffen sind &#8211; unzumutbaren oder gar gef\u00e4hrlichen Wohnverh\u00e4ltnisse ausgesetzt sind.<\/p>\n\n\n\n<h2 class=\"wp-block-heading\">(Ketsch \/ Rhein-Neckar-Kreis) &#8211; Erneut versuchten Betr\u00fcger mehrere Tausend Euro zu erbeuten \/ Erfolglos<\/h2>\n\n\n\n<p>In Ketsch waren Betr\u00fcger erneut mit einer neuen Betrugsmasche unterwegs und versuchten einer 73-J\u00e4hrigen fast 2.500 Euro abzunehmen. Die T\u00e4ter kontaktierten eine 73-j\u00e4hrige Frau \u00fcber den Messenger-Dienst &#8222;WhatsApp&#8220; und gaben sich als deren Sohn aus. Sie t\u00e4uschten der Frau vor, dass das Online-Banking auf dem angeblich neuen Handy noch nicht funktionierte und baten die 73-J\u00e4hrige um eine \u00dcberweisung in H\u00f6he von knapp 2.500 Euro. Dem kam die Frau auch nach, bis sie kurz darauf tats\u00e4chlich Kontakt mit ihrem Sohn hatte und der Betrug aufflog. Gl\u00fccklicherweise konnte die Bank die \u00dcberweisung stornieren und das Geld zur\u00fcckbuchen.<\/p>\n\n\n\n<h2 class=\"wp-block-heading\">(Walldorf \/ Rhein-Neckar-Kreis) &#8211; Verkehrsunfall mit zwei Verletzten und betr\u00e4chtlichem Sachschaden \/ Unfallhergang noch unklar &#8211; Zeugen gesucht<\/h2>\n\n\n\n<p>Zwei verletzte Beteiligte und erheblicher Sachschaden sind die Bilanz eines Verkehrsunfalls am Montagmittag auf der L 723 bei Walldorf. Ein 41-j\u00e4hriger Mann war gegen 11.45 Uhr mit seinem Opel auf der L 723 in Richtung Wiesloch unterwegs. An der Einm\u00fcndung zur K 4256 bog er an der dortigen ampelgeregelten Einm\u00fcndung nach links ab. Dabei stie\u00df der mit einem entgegenkommenden 52-j\u00e4hrigen Porsche-Fahrer, der von Wiesloch kommend in Richtung Autobahn unterwegs war, zusammen. Hierbei zogen sich beide Beteiligten Verletzungen zu.<\/p>\n\n\n\n<p>W\u00e4hrend der Fahrer des Porsche vor Ort durch Rettungskr\u00e4fte versorgt werden konnte, wurde der Opel-Fahrer zur Behandlung in eine Klinik eingeliefert.<\/p>\n\n\n\n<p>Die beiden Fahrzeuge waren nicht mehr fahrbereit und mussten abgeschleppt werden. Der Sachschaden wird auf 70.000 Euro gesch\u00e4tzt.<\/p>\n\n\n\n<p>Da beide beteiligten Fahrzeuglenker unterschiedliche Schilderungen des Unfallablaufs abgaben, sucht die Polizei Zeugen, die den Unfall beobachtet haben und sachdienliche Hinweise zum Unfallhergang geben k\u00f6nnen. Diese werden gebeten, sich beim Polizeirevier Wiesloch, Tel.: 06222\/5709-0 zu melden.<\/p>\n\n\n\n<h2 class=\"wp-block-heading\">(Hockenheim \/ Rhein-Neckar-Kreis) &#8211; Baucontainer samt Inhalt entwendet \/ Wer kann Hinweise geben?<\/h2>\n\n\n\n<p>Einen Baucontainer samt Inhalt wurde in der Zeit von Samstagabend bis Montagmittag von einem Schotterparkplatz in der D\u00fcrkheimer Stra\u00dfe entwendet. Die T\u00e4ter durchtrennten daf\u00fcr ein Schloss an der Umz\u00e4unung, die rund um den Container und der dort gelagerten Arbeitsmaterialien aufgestellt war und zogen den mehrere hundert Kilo schweren Beh\u00e4lter aus der Umz\u00e4unung. Mit schwerem Ger\u00e4t wurde der Container anschlie\u00dfend wohl auf einen Lkw geladen und abtransportiert. Der blaue Baucontainer, in dem diverse Werkzeuge gelagert wurden, ist knapp 2,5 Meter lang und \u00fcber 2 Meter breit und hoch. Der Diebstahlsschaden bel\u00e4uft sich auf mehrere tausend Euro.<\/p>\n\n\n\n<p>Das Polizeirevier Hockenheim sucht nach Zeugen, die in der Zeit von 21 Uhr am Samstag bis Montagmittag um 11.50 Uhr m\u00f6glicherweise den Abtransport beobachtet haben oder sachdienliche Hinweise geben k\u00f6nnen. Diese werden gebeten, sich unter Tel.: 06205 28600 zu melden.<\/p>\n\n\n\n<h2 class=\"wp-block-heading\">(Reilingen \/ Rhein-Neckar-Kreis) &#8211; Verkehrsunfall mit zwei verletzten Personen<\/h2>\n\n\n\n<p>Bei einem Verkehrsunfall am fr\u00fchen Montagnachmittag auf der L 723 bei Reilingen wurden zwei Beteiligte leicht verletzt. Ein 28-j\u00e4hriger Mann war gegen 13.45 Uhr mit seinem VW auf der Walldorfer Stra\u00dfe in Richtung L 723 unterwegs. An der Einm\u00fcndung zur L 723 wollte er nach links in Richtung Hockenheim abbiegen. Dabei \u00fcbersah er eine 51-j\u00e4hrige Ford-Fahrerin, die die L 723 in Richtung Walldorf befuhr, und stie\u00df mit ihr zusammen. Dabei erlitten beide Beteiligte Verletzungen und wurden zur Behandlung in Krankenh\u00e4user eingeliefert. \u00dcber Art und Schwere ihrer Verletzungen liegen keine weiteren Informationen vor.<\/p>\n\n\n\n<p>An beiden Fahrzeugen hatten die Airbags aufgel\u00f6st. Zudem waren sich nicht mehr fahrbereit und mussten abgeschleppt werden. Der Sachschaden wird auf rund 15.000 Euro gesch\u00e4tzt.<\/p>\n\n\n\n<p>W\u00e4hrend der Unfallaufnahme musste die L 723 vor\u00fcbergehend in beide Fahrtrichtungen gesperrt werden. Dadurch ergaben sich erhebliche Verkehrsbeeintr\u00e4chtigungen.<\/p>\n\n\n\n<h2 class=\"wp-block-heading\">(St.Leon-Rot \/ Rhein-Neckar-Kreis) &#8211; Vorfahrt missachtet und Unfall verursacht<\/h2>\n\n\n\n<p>Ein Verkehrsunfall mit erheblichem Sachschaden ereignete sich am Montagnachmittag in St. Leon-Rot. Ein 60-j\u00e4hriger Mann wollte gegen 15.30 Uhr mit seinem Ford aus einer untergeordneten Stra\u00dfe auf die Marktstra\u00dfe einbiegen. Dabei missachtete der die Vorfahrt eines 27-j\u00e4hrigen BMW-Fahrers, der auf der Marktstra\u00dfe in Richtung Kreisverkehr fuhr. Im Einm\u00fcndungsbereich kam es schlie\u00dflich zum Zusammensto\u00df, durch den beide Fahrzeuge stark besch\u00e4digt wurden. Der Sachschaden wird auf rund 10.000 Euro gesch\u00e4tzt. Die beiden Fahrer kamen mit dem Schrecken davon und blieben unverletzt.<\/p>\n\n\n\n<h2 class=\"wp-block-heading\">(L 550 \/ Sinsheim \/ Rhein-Neckar-Kreis) &#8211; Unfallflucht auf L 550; Zeugen gesucht<\/h2>\n\n\n\n<p>Am Montagnachmittag kam es auf der L 550, zwischen Sinsheim und Weiler zu einem Verkehrsunfall, bei dem ein noch nicht n\u00e4her bezifferbarer Schaden entstand.<\/p>\n\n\n\n<p>Nach den bisherigen Erkenntnissen war der Fahrer eines blauen Opel von Weiler in Richtung Sinsheim unterwegs, als er kurz nach 16 Uhr auf der Gef\u00e4llstrecke, kurz vor der Abfahrt Hammerau, in einer Rechtskurve zu weit nach links geriet und einen entgegenkommenden roten Opel Astra streifte. Verletzt wurde niemand. Der Fahrer des blauen Opel setzte seine Fahrt in Richtung Sinsheim fort.<\/p>\n\n\n\n<p>Zeugen, die Hinweise zum Unfallhergang und dem gesuchten Fahrzeug geben k\u00f6nnen, werden gebeten, sich beim Polizeirevier Sinsheim, Tel.: 07261\/690-0 zu melden.<\/p>\n\n\n\n<h2 class=\"wp-block-heading\">(A 6 \/ Sinsheim \/ Rhein-Neckar-Kreis) &#8211; Schwerpunktkontrollen zur ganzheitlichen \u00dcberwachung des Stra\u00dfenverkehrs auf Bundesautobahnen<\/h2>\n\n\n\n<div class=\"wp-block-image\"><figure class=\"aligncenter size-full\"><img decoding=\"async\" src=\"https:\/\/speyer24news.com\/wp-content\/uploads\/2021\/03\/Kontrolle-2.jpg\" alt=\"\" class=\"wp-image-34584\"\/><\/figure><\/div>\n\n\n\n<p>Unter der Federf\u00fchrung der Verkehrspolizeiinspektion f\u00fchrte das Polizeipr\u00e4sidium Mannheim am Montag, 25.04.2022 auf der A 6 bei Sinsheim gro\u00dfangelegte Schwerpunktma\u00dfnahmen zur \u00dcberwachung des Stra\u00dfenverkehrs auf Bundesautobahnen durch. Hierzu wurden in der Zeit zwischen 6.00 Uhr und 15.00 Uhr auf der Autobahnrastst\u00e4tte Kraichgau-S\u00fcd Kontrollstellen eingerichtet und betrieben. Hauptaugenmerk lag auf der Bek\u00e4mpfung der \u00fcberregionalen Kriminalit\u00e4t, der Erkennung von alkohol- und drogenbeeinflussten Fahrzeugf\u00fchrern sowie der Kontrolle des Schwerlastverkehrs. Zur Unterst\u00fctzung waren Kr\u00e4fte Bereitschaftspolizei Bruchsal an den Kontrollstellen eingesetzt.<\/p>\n\n\n\n<p>Mit rund 70 Einsatzkr\u00e4ften wurden insgesamt 104 Fahrzeuge und 190 Personen \u00fcberpr\u00fcft.<\/p>\n\n\n\n<h4 class=\"wp-block-heading\">Dabei wurden zahlreiche Verst\u00f6\u00dfe in Form von Straftaten und Ordnungswidrigkeiten gegen verschiedenste Vorschriften festgestellt:<\/h4>\n\n\n\n<ul><li><strong>6 x Fahren unter Alkohol- und Drogeneinfluss<\/strong><\/li><li><strong>4 x Verdacht Drogenbesitz<\/strong><\/li><li><strong>2 x Fahren ohne Fahrerlaubnis, einmal Erm\u00e4chtigen hierzu<\/strong><\/li><li><strong>1 Versto\u00df gegen das Pflichtversicherungsgesetz und ein Versto\u00df gegen das Kraftfahrzeugsteuergesetz<\/strong><\/li><li><strong>Einmal Unterschlagung von Ausweispapieren, 1 x Urkundenf\u00e4lschung (F\u00fchrerschein) und 1 x Missbrauch von Ausweispapieren<\/strong><\/li><li><strong>14 Verst\u00f6\u00dfe gegen die StVO und die StVZO<\/strong><\/li><li><strong>16 Zuwiderhandlungen gegen Sozialvorschriften<\/strong><\/li><li><strong>Drei gefahrgutrechtliche Verst\u00f6\u00dfe<\/strong><\/li><li><strong>Sicherstellung von kleineren Mengen verschiedener Rauschgifte<\/strong><\/li><li><strong>Bei der Kontrolle eines Pkw aus K\u00f6ln h\u00e4ndigte der Fahrer einen total gef\u00e4lschten tschechischen F\u00fchrerschein aus. Zudem stand der Mann unter Drogeneinfluss. Gegen ihn wird nun wegen Fahrens ohne Fahrerlaubnis, Versto\u00df gegen das Bet\u00e4ubungsmittelgesetz und der Urkundenf\u00e4lschung ermittelt. Sein Beifahrer h\u00e4ndigte bei der Kontrolle ebenfalls Ausweispapiere aus, die nicht f\u00fcr ihn ausgestellt waren. Er f\u00fchrte kleinere Mengen verschiedener Rauschgifte mit sich. Eine weitere \u00dcberpr\u00fcfung des Mannes ergab, dass dieser zur Festnahme ausgeschrieben war und eine Restfreiheitsstrafe von \u00fcber 500 Tagen zu verb\u00fc\u00dfen hat. Er wurde in eine Justizvollzugsanstalt eingeliefert. Gegen ihn wird jetzt wegen Missbrauchs von Ausweispapieren und Drogenbesitzes ermittelt.<\/strong><\/li><\/ul>\n\n\n\n<p>Das Ergebnis der Kontrollen zeigt deutlich die Wichtigkeit solcher ganzheitlichen Schwerpunktma\u00dfnahmen, weshalb diese zur Steigerung der Verkehrssicherheit regelm\u00e4\u00dfig fortgesetzt werden.<\/p>\n\n\n\n<h2 class=\"wp-block-heading\">(Eppelheim \/ Rhein-Neckar-Kreis) &#8211; Falscher Wasserwerker erbeutet Schmuck<\/h2>\n\n\n\n<p>Gegen\u00fcber einer Bewohnerin der Schubertstra\u00dfe gab sich am Montagnachmittag ein bislang unbekannter Mann als Mitarbeiter der Stadtwerke aus und verschaffte sich so Zutritt in deren Wohnung. Ein angeblicher Unfall in der vorherigen Woche soll zu einer Verunreinigung des Grundwassers gef\u00fchrt haben, was er nun \u00fcberpr\u00fcfen m\u00fcsse. Im Bad lie\u00df der Mann daraufhin mehrere Minuten das Wasser laufen und tippte dabei auf seinem Tablet herum, bis er die Wohnung letztlich wieder verlie\u00df. Kurz hierauf stellte die Bewohnerin fest, dass Schmuck aus einer Schatulle im Schlafzimmer entwendet wurde. Der angebliche Wasserwerker nutzte offenbar kurze Abwesenheiten der Bewohnerin bei der zu vorigen \u00dcberpr\u00fcfung aus und entwendet dabei Ringe, Ketten und Anh\u00e4nger in unbekanntem Wert.<\/p>\n\n\n\n<p>Der unbekannte Mann kann wie folgt beschrieben werden: ca. 185 cm gro\u00df, auffallend dick und &#8222;pausb\u00e4ckig&#8220;, kurze dunkle Haare, bekleidet mit gr\u00fcner Arbeitshose und einem passenden gr\u00fcnen Pullover.<\/p>\n\n\n\n<p>Das Polizeirevier Heidelberg-S\u00fcd hat die Ermittlungen wegen Diebstahls aufgenommen und sucht nach Zeugen, die m\u00f6glicherweise gegen 15.30 Uhr Verd\u00e4chtiges beobachtet haben oder denen \u00e4hnliches widerfahren ist. Diese werden gebeten, sich unter Tel.: 06221 34180 zu melden.<\/p>\n\n\n\n<h2 class=\"wp-block-heading\">(Weinheim \/ Rhein-Neckar-Kreis) &#8211; Auto nach Zusammensto\u00df auf die Seite gekippt<\/h2>\n\n\n\n<p>In Weinheim ist am Montagmorgen eine 42-j\u00e4hrige Autofahrerin mit ihrem Fahrzeug auf die Seite gekippt und erlitt dabei Verletzungen. Die Frau befuhr gegen 7.30 Uhr mit ihrem Suzuki die Prankelstra\u00dfe. Dabei kam sie aus bislang unklarer Ursache nach rechts von der Fahrbahn ab und stie\u00df gegen einen am Fahrbahnrand geparkten Opel. Hierbei st\u00fcrzte der Suzuki der Frau auf die Seite, wo es zum Liegen kam. Das Fahrzeug wurde durch die Feuerwehr wieder auf die R\u00e4der gestellt und die Fahrerin aus dem Fahrzeug befreit. Sie wurde anschlie\u00dfend zur Untersuchung und Behandlung in eine Klinik eingeliefert. Der Suzuki war nicht mehr fahrbereit und musste abgeschleppt werden. Der Sachschaden wird auf rund 15.000 Euro gesch\u00e4tzt.<\/p>\n","protected":false},"excerpt":{"rendered":"<div class=\"mh-excerpt\"><p>Polizeimeldungen vom Dienstag (26.04.2022) (Speyer) &#8211; Polizeiliche Bilanz der Fr\u00fchjahrsmesse 2022 In der Zeit vom 08.04.2022 bis zum 24.04.2022 fand in Speyer die diesj\u00e4hrige Fr\u00fchjahrsmesse auf dem Festplatz statt. Kr\u00e4fte der Polizei Speyer bestreiften die <a class=\"mh-excerpt-more\" href=\"https:\/\/speyer24news.com\/?p=45189\" title=\"Polizei\">[&#8230;]<\/a><\/p>\n<\/div>","protected":false},"author":3,"featured_media":26162,"comment_status":"open","ping_status":"open","sticky":false,"template":"","format":"standard","meta":{"_monsterinsights_skip_tracking":false,"_monsterinsights_sitenote_active":false,"_monsterinsights_sitenote_note":"","_monsterinsights_sitenote_category":0,"footnotes":""},"categories":[12],"tags":[7243,7244,3614,702,61,2555,6955,6986,6263,63,105,11150,6987,53,4854,13534,4683,1548,4905,102,213,13541,55,6368,103,106,2803,2423,427,2625,380,62,104,979,1565],"aioseo_notices":[],"amp_enabled":true,"_links":{"self":[{"href":"https:\/\/speyer24news.com\/index.php?rest_route=\/wp\/v2\/posts\/45189"}],"collection":[{"href":"https:\/\/speyer24news.com\/index.php?rest_route=\/wp\/v2\/posts"}],"about":[{"href":"https:\/\/speyer24news.com\/index.php?rest_route=\/wp\/v2\/types\/post"}],"author":[{"embeddable":true,"href":"https:\/\/speyer24news.com\/index.php?rest_route=\/wp\/v2\/users\/3"}],"replies":[{"embeddable":true,"href":"https:\/\/speyer24news.com\/index.php?rest_route=%2Fwp%2Fv2%2Fcomments&post=45189"}],"version-history":[{"count":2,"href":"https:\/\/speyer24news.com\/index.php?rest_route=\/wp\/v2\/posts\/45189\/revisions"}],"predecessor-version":[{"id":45200,"href":"https:\/\/speyer24news.com\/index.php?rest_route=\/wp\/v2\/posts\/45189\/revisions\/45200"}],"wp:featuredmedia":[{"embeddable":true,"href":"https:\/\/speyer24news.com\/index.php?rest_route=\/wp\/v2\/media\/26162"}],"wp:attachment":[{"href":"https:\/\/speyer24news.com\/index.php?rest_route=%2Fwp%2Fv2%2Fmedia&parent=45189"}],"wp:term":[{"taxonomy":"category","embeddable":true,"href":"https:\/\/speyer24news.com\/index.php?rest_route=%2Fwp%2Fv2%2Fcategories&post=45189"},{"taxonomy":"post_tag","embeddable":true,"href":"https:\/\/speyer24news.com\/index.php?rest_route=%2Fwp%2Fv2%2Ftags&post=45189"}],"curies":[{"name":"wp","href":"https:\/\/api.w.org\/{rel}","templated":true}]}}