{"id":45220,"date":"2022-04-28T05:44:06","date_gmt":"2022-04-28T04:44:06","guid":{"rendered":"https:\/\/speyer24news.com\/?p=45220"},"modified":"2022-04-28T05:58:28","modified_gmt":"2022-04-28T04:58:28","slug":"kirchen-4","status":"publish","type":"post","link":"https:\/\/speyer24news.com\/?p=45220","title":{"rendered":"Kirchen"},"content":{"rendered":"<style type=\"text\/css\">\r\n\t.ads_top_disp{}\r\n\t.ads_top_corner_disp{ float:left; margin:0px 10px 10px 0px; }\r\n\t.ads_first_p_disp{}\r\n\t.ads_bottom_disp{}\r\n\t<\/style>\n<h2 class=\"wp-block-heading\">Uhu-Nachwuchs am Speyerer Dom<\/h2>\n\n\n\n<h3 class=\"wp-block-heading\">Drei junge Uhus gesichtet<\/h3>\n\n\n\n<div class=\"wp-block-image\"><figure class=\"aligncenter size-full\"><img decoding=\"async\" loading=\"lazy\" width=\"800\" height=\"579\" src=\"https:\/\/speyer24news.com\/wp-content\/uploads\/2022\/04\/IMG-20220425-WA0031.jpg\" alt=\"\" class=\"wp-image-45231\" srcset=\"https:\/\/speyer24news.com\/wp-content\/uploads\/2022\/04\/IMG-20220425-WA0031.jpg 800w, https:\/\/speyer24news.com\/wp-content\/uploads\/2022\/04\/IMG-20220425-WA0031-300x217.jpg 300w, https:\/\/speyer24news.com\/wp-content\/uploads\/2022\/04\/IMG-20220425-WA0031-768x556.jpg 768w\" sizes=\"(max-width: 800px) 100vw, 800px\" \/><\/figure><\/div>\n\n\n\n<p><strong>Speyer &#8211; <\/strong>Die Freude am Dom ist gro\u00df: Es gibt wieder Uhu-Nachwuchs. Drei junge Uhus h\u00fcpfen bereits abseits des Nests herum und ein Uhu-Junges unternimmt bereits erste Ausfl\u00fcge in die Umgebung. \u201eDie Jungen sind wohl Mitte M\u00e4rz geschl\u00fcpft\u201c, sagt der Vogel-Sachverst\u00e4ndige des Doms Sven Ofer. \u201eSie befinden sich jetzt im \u00c4stlingsstadium\u201c. Das bedeutet, dass sie das Nest gelegentlich schon verlassen aber von den Altv\u00f6geln noch mitversorgt werden. Die drei Jung-Uhus haben bereits eine stattliche Gr\u00f6\u00dfe und die ersten richtigen Federn. Mindestens ein Uhu-Junges wurde bereits im Domgarten gesichtet.<\/p>\n\n\n\n<p>\u201eWir freuen uns sehr \u00fcber den Uhunachwuchs am Dom\u201c, sagt Dombaumeisterin Hedwig Drabik. \u201eUnsere Schutzma\u00dfnahmen, wie die Sperrung der Aufg\u00e4nge zu den T\u00fcrmen und Hinweise an alle am Dom t\u00e4tigen Handwerker waren offensichtlich erfolgreich\u201c. \u201eWichtig ist jetzt, dass Menschen, die den Domgarten besuchen, unbedingt ihre Hunde anleinen und keine Einfangversuche unternehmen sondern den Fund eines Uhus bei der Feuerwehr melden\u201c, erg\u00e4nzt Ofer. Schilder im Domgarten weisen auf die Uhu-Jungen hin. Die untere Naturschutzbeh\u00f6rde der Stadt Speyer ist ebenfalls informiert, denn Uhus sind streng gesch\u00fctzt und eine Gef\u00e4hrdung der Tiere kann teure Strafen nach sich ziehen.<\/p>\n\n\n\n<div class=\"wp-block-image\"><figure class=\"aligncenter size-full\"><img decoding=\"async\" loading=\"lazy\" width=\"600\" height=\"688\" src=\"https:\/\/speyer24news.com\/wp-content\/uploads\/2022\/04\/20220425_094511.jpg\" alt=\"\" class=\"wp-image-45232\" srcset=\"https:\/\/speyer24news.com\/wp-content\/uploads\/2022\/04\/20220425_094511.jpg 600w, https:\/\/speyer24news.com\/wp-content\/uploads\/2022\/04\/20220425_094511-262x300.jpg 262w\" sizes=\"(max-width: 600px) 100vw, 600px\" \/><\/figure><\/div>\n\n\n\n<p>Sven Ofer, der sich ehrenamtlich bereits seit vielen Jahren um die Greifv\u00f6gel und Eulen am Speyerer Dom k\u00fcmmert, hatte das Brutpaar Anfang des Jahres immer wieder einmal von unten aus beobachtet. Eine Begehung der T\u00fcrme war erst m\u00f6glich, nachdem eine St\u00f6rung und damit Gef\u00e4hrdung der Brut ausgeschlossen war. Inspiziert hat das Brutpaar mehrere der insgesamt drei Brutk\u00e4sten am Dom. Entschieden hat es dann f\u00fcr einen bereits vormals bebr\u00fcteten Kasten im Ostteil. Anfang der Woche konnte er dort zusammen mit Dom-Techniker G\u00fcnther Frey drei junge Uhus sichten.<\/p>\n\n\n\n<p><em>Text: Bistum Speyer Foto: Vogelsachverst\u00e4ndiger Sven Ofer<br>27.04.2022<\/em><\/p>\n\n\n\n<h2 class=\"wp-block-heading\">Terminkalender des Bistum Speyer im Mai 2022<\/h2>\n\n\n\n<div class=\"wp-block-image\"><figure class=\"aligncenter size-full\"><img decoding=\"async\" loading=\"lazy\" width=\"375\" height=\"500\" src=\"https:\/\/speyer24news.com\/wp-content\/uploads\/2020\/03\/Dom.jpg\" alt=\"\" class=\"wp-image-25911\" srcset=\"https:\/\/speyer24news.com\/wp-content\/uploads\/2020\/03\/Dom.jpg 375w, https:\/\/speyer24news.com\/wp-content\/uploads\/2020\/03\/Dom-225x300.jpg 225w\" sizes=\"(max-width: 375px) 100vw, 375px\" \/><\/figure><\/div>\n\n\n\n<figure class=\"wp-block-table\"><table><tbody><tr><td><strong>1.5.<\/strong><strong><\/strong><\/td><td>10 Uhr Pontifikalamt mit Bischof Dr. Karl-Heinz Wiesemann anl\u00e4sslich des 100-j\u00e4hrigen Jubil\u00e4ums der Kirche St. Josef in Lautersheim.<\/td><\/tr><tr><td><strong>1.5.<\/strong><strong><\/strong><\/td><td>16 Uhr \u00d6kumenischer Gottesdienst im Speyerer Dom zur Er\u00f6ffnung der Woche der Inklusion mit Weihbischof Otto Georgens.<\/td><\/tr><tr><td><strong>1. \u2013 8.5.<\/strong><strong><\/strong><\/td><td>Woche der Inklusion 2022 Verschiedene Aktionen im Bistum rund um das Thema Inklusion.<\/td><\/tr><tr><td><strong>2.5.<\/strong><strong><\/strong><\/td><td>16.30 Uhr bis 18 Uhr Maria-Ward-Schule, Landau; Veranstaltung: \u201eSchule als Segensort\u201c mit den Referent*innen: Dr. Irina Kreusch, Nico K\u00f6rber, Speyer<\/td><\/tr><tr><td><strong>2.5.<\/strong><strong><\/strong><\/td><td>\u201eLebenskreuzwege\u201c \u2013 Offene Andacht f\u00fcr Trauernde 18.30 Uhr in der Seminarkirche des Priesterseminars St. German in Speyer (Am Germansberg 60).<\/td><\/tr><tr><td><strong>4.5.<\/strong><strong><\/strong><\/td><td>Gedenktag des Seligen Guido von Pomposa und Tag der \u00dcberf\u00fchrung seiner Gebeine nach Speyer (Reliquie in der Katharinenkapelle).<\/td><\/tr><tr><td><strong>4.5.<\/strong><strong><\/strong><\/td><td>16 Uhr bis 18 Uhr \u201eBunte T\u00f6ne und Kl\u00e4nge\u201c \u2013 Singen und Musizieren f\u00fcr M\u00e4dchen und Frauen mit und ohne Behinderung im Haus der Kirchenmusik in Speyer (Hasenpfuhlstr. 33 b) Veranstaltung im Rahmen der Woche der Inklusion.<\/td><\/tr><tr><td><strong>6.5.<\/strong><strong><\/strong><\/td><td>18 Uhr Firmung durch Regens Markus Magin in W\u00f6rth, Hl. Christophorus.<\/td><\/tr><tr><td><strong>6.5.<\/strong><strong><\/strong><\/td><td>18.30 Uhr bis 21.30 Uhr Workshop f\u00fcr Paare \u201eReden statt Rosen\u201c im Kloster Neustadt, Waldstr. 145, 67434 Neustadt. Veranstaltung der Katholischen Erwachsenenbildung. Referent\/-in: Sonja Haub, KEB Pfalz und Timo Haas, Heilpraktiker (Psychotherapie) und Geistlicher Begleiter.<\/td><\/tr><tr><td><strong>7.5.<\/strong><strong><\/strong><\/td><td>Neumitgliederf\u00fchrungen des Dombauvereins Speyer. Die F\u00fchrungen finden vormittags in mehreren Gruppen statt.<\/td><\/tr><tr><td><strong>7.5.<\/strong><strong><\/strong><\/td><td>Wallfahrtsfest in Pirmasens zum 200. Geburtstag von Paul Josef Nardini. 10 Uhr Gottesdienst in der Kirche St. Pirmin mit Weihbischof Otto Georgens und Erzbischof Dr. Nikola Eterovic, Apostolischer Nuntius in Deutschland.<\/td><\/tr><tr><td><strong>7.5.<\/strong><strong><\/strong><\/td><td>14 Uhr bis 16 Uhr Workshop \u201cPopulare Kirchenmusik an der Orgel\u201d in der Kirche St. Martin in Bad Bergzabern (Weinstr. 38). In dieser Fortbildung werden Begleitformen neuerer Kirchenlieder im Popularmusikstil vorgestellt und erarbeitet. Leitung: Dekanatskantor Horst Christill<\/td><\/tr><tr><td><strong>7.5.<\/strong><strong><\/strong><\/td><td>18 Uhr Maiandacht unter dem Titel \u201eHalte.Punkt.Maria\u201c im Speyerer Dom.<\/td><\/tr><tr><td><strong>7.5.<\/strong><strong><\/strong><\/td><td>18 Uhr Firmung durch Regens Markus Magin in W\u00f6rth, Hl. Christophorus.<\/td><\/tr><tr><td><strong>8.5.<\/strong><strong><\/strong><\/td><td>10 Uhr und 14 Uhr Firmung durch Bischof Dr. Karl-Heinz Wiesemann in Sch\u00f6nenberg-K\u00fcbelberg, Hl. Christophorus.<\/td><\/tr><tr><td><strong>8.5.<\/strong><strong><\/strong><\/td><td>10 Uhr Firmung durch Weihbischof Otto Georgens in der Pfarrei Feilbingert.<\/td><\/tr><tr><td><strong>8.5.<\/strong><strong><\/strong><\/td><td>16.30 Uhr bis 17.30 Uhr Orgelspaziergang in Speyer.<\/td><\/tr><tr><td><strong>10.5.<\/strong><strong><\/strong><\/td><td>17 Uhr, die Di\u00f6zesanversammlung des Bistums Speyer (Synodales Gremium auf Di\u00f6zesanebene) tagt digital.<\/td><\/tr><tr><td><strong>10.\/11.5.<\/strong><strong><\/strong><\/td><td>Jahrestagung der Schulseelsorger*innen des Bistums im Bisch\u00f6fllichen Priesterseminar St. German in Speyer. Thema: Erstellung eines Schutzkonzeptes f\u00fcr die Schulseelsorge mit Christine Lormes (Pr\u00e4ventionsbeauftragte des Bistums Speyer).<\/td><\/tr><tr><td><strong>11.5.<\/strong><strong><\/strong><\/td><td>Pressetermin zum Abschluss der Restaurierung der Vierungskuppel des Speyerer Doms, mit Ehrung des Dombauvereins.<\/td><\/tr><tr><td><strong>12.5.<\/strong><strong><\/strong><\/td><td>50 Jahre Katholisches B\u00fcro Saarland \u2013 Willi-Graf-Empfang 2022 18 Uhr Festakt mit Bischof Dr. Karl-Heinz Wiesemann und Bischof Dr. Stephan Ackermann in der Congresshalle, Saal West, Hafenstr. 12, 66111 Saarbr\u00fccken<\/td><\/tr><tr><td><strong>13.5.<\/strong><strong><\/strong><\/td><td>19 Uhr bis 20.30 Uhr Vortrag und Gespr\u00e4ch mit der Autorin und Friedensp\u00e4dagogin Prof. Dr. Sumaya Farhat-Naser zum Thema \u201cEin Leben f\u00fcr den Frieden im Heiligen Land\u201d im Pfarrzentrum St. Bernhard in Neustadt. Veranstalter: Frauenseelsorge im Bistum Speyer und kfd-Di\u00f6zesanverband Speyer in Kooperation mit der Kath. Familienbildungsst\u00e4tte Pirmasens. Weiterer Termin: 14. Mai 2022, 16 Uhr bis 18 Uhr in der Kath. Familienbildungsst\u00e4tte Pirmasens.<\/td><\/tr><tr><td><strong>13. \u2013 15.5.<\/strong><strong><\/strong><\/td><td>Bildungs- und Besinnungswochenende mit Domdekan und Domkustos Dr. Christoph Kohl unter dem Thema \u201cHimmlisches f\u00fcr unser Leben\u201d \u2013 Den Speyerer Dom intensiv erfahren.<\/td><\/tr><tr><td><strong>14.5.<\/strong><strong><\/strong><\/td><td>10 Uhr und 16 Uhr Firmung durch Weihbischof Otto Georgens in der Pfarrei Homburg Johannes XXIII.<\/td><\/tr><tr><td><strong>14.5.<\/strong><strong><\/strong><\/td><td>14.30 Uhr bis 16 Uhr Kurs \u201cVom Blatt singen lernen und im Chor lehren\u201d im Pfarrheim St. Maria in Kaiserslautern (St. Marien-Platz 22). Fortbildung f\u00fcr Chors\u00e4ngerinnen und \u2013s\u00e4nger. Leitung: Dekanatskantor Maximilian Rajczyk.<\/td><\/tr><tr><td><strong>14.5.<\/strong><strong><\/strong><\/td><td>Ab 18 Uhr Speyerer Chornacht der Dommusik im Dom zu Speyer.<\/td><\/tr><tr><td><strong>15.5.<\/strong><strong><\/strong><\/td><td>10 Uhr und 16 Uhr Firmung durch Weihbischof Otto Georgens in der Pfarrei Dahn.<\/td><\/tr><tr><td><strong>16.5.<\/strong><strong><\/strong><\/td><td>18.30 Uhr digitales Gespr\u00e4chsformat mit Bischof Dr. Karl-Heinz Wiesemann und Firmlingen.<\/td><\/tr><tr><td><strong>16.5.<\/strong><strong><\/strong><\/td><td>19.30 Uhr Online-Vortrags- und Gespr\u00e4chsabend zu \u201cGotteshaus und Menschenhaus \u2013 Die offene Kirche Elisabethen ist Kirche f\u00fcr Menschen, die nicht (mehr) in die Kirche gehen\u201d mit Frank Lorenz, dem Pfarrer der Offene Kirche Elisabethen (OKE); Moderation: Ingo Faus, KEB Bistum Speyer; Veranstaltung der Katholischen Erwachsenenbildung.<\/td><\/tr><tr><td><strong>18.\/19.5.<\/strong><strong><\/strong><\/td><td>Visitation durch Bischof Dr. Karl-Heinz Wiesemann in Blieskastel, Hl. Familie.<\/td><\/tr><tr><td><strong>19.5.<\/strong><strong><\/strong><\/td><td>1822, Domweihe\/\u201cWiederinbetriebnahme\u201c durch Bischof Matth\u00e4us Georg von Chandelle (vor 200 Jahren).<\/td><\/tr><tr><td><strong>19.5.<\/strong><strong><\/strong><\/td><td>8.30 Uhr Frauenfr\u00fchst\u00fcck und Vortrag unter dem Thema \u201cFreude und Kraft aus den Worten des Magnifikat sch\u00f6pfen\u201d mit Monika Kreiner, Referentin der Frauenseelsorge im Bistum Speyer, im Sch\u00f6nstatt-Zentrum Marienpfalz in Herxheim.<\/td><\/tr><tr><td><strong>19.5.<\/strong><strong><\/strong><\/td><td>19 Uhr in der Aula des Nikolaus-von-Weis-Gymnasiums (Eingang Holzstra\u00dfe 8), Speyer. 1. Wissenschaftliches Forum des Dombauvereins Speyer zum Thema: &nbsp;\u201eHeinrich H\u00fcbsch und der Westbau des Speyerer Doms \u2013 das au\u00dfergew\u00f6hnliche Werk eines au\u00dfergew\u00f6hnlichen Architekten\u201c. Referent: Kunst- und Architekturhistoriker PD Dr. habil. Ulrich Maximilian Schumann<\/td><\/tr><tr><td><strong>20.5.<\/strong><strong><\/strong><\/td><td>15 Uhr bis 19 Uhr Fortbildungstag \u201cTrauer braucht (k)einen Ort\u201d im Bisch\u00f6flichen Priesterseminar St. German in Speyer. Referentinnen: Kerstin Fleischer, Hospiz- und Trauerseelsorge und Sonja Haub, KEB Pfalz<\/td><\/tr><tr><td><strong>21.5.<\/strong><strong><\/strong><\/td><td>10 Uhr bis 16.30 Uhr Frida 2022 \u2013 \u00d6kumenischer Frauentag mit Inspiration, Diskussion und Austausch unter dem Thema \u201cVerbunden sein. Ich bin, weil Du bist\u201d in Kaiserslautern \u2013 Alte Eintracht.<\/td><\/tr><tr><td><strong>21.5.<\/strong><strong><\/strong><\/td><td>18 Uhr Maiandacht unter dem Titel \u201eHalte.Punkt.Maria\u201c im Speyerer Dom.<\/td><\/tr><tr><td><strong>22.5.<\/strong><strong><\/strong><\/td><td>Wallfahrt der muttersprachlichen Gemeinden zum Speyerer Dom. 10 Uhr Pontifikalamt mit Weihbischof Otto Georgens im Speyerer Dom.<\/td><\/tr><tr><td><strong>25.5.<\/strong><strong><\/strong><\/td><td>17.30 Uhr Dankfeier f\u00fcr langj\u00e4hrige Mitarbeiterinnen und Mitarbeiter des Bistums im Bisch\u00f6flichen Priesterseminar St. German in Speyer mit Generalvikar Andreas Sturm.<\/td><\/tr><tr><td><strong>25. \u2013 29.5.<\/strong><strong><\/strong><\/td><td>102. Deutscher Katholikentag in Stuttgart unter dem Motto \u201cLeben teilen\u201d. Das Bistum Speyer ist mit einem Stand zum Thema \u201eSegensorte\u201c vertreten.<br>Veranstaltungen mit Bischof Dr. Karl-Heinz Wiesemann im Rahmen des Katholikentagprogramms:<br><br>28.05., 14 Uhr bis 15.30 Uhr Podiumsdiskussion mit Bischof Dr. Karl-Heinz Wiesemann unter dem Thema \u201cVollmacht? Ohnmacht? Macht nix? \u2013 Gewaltenteilung: Gesellschaft ja \u2013 Kirche nein? \u2013 Der Synodale Weg im Kontext\u201d.<br>28.05., 16.30 Uhr bis 18.00 Uhr Podiumsdiskussion mit Bischof Dr. Karl-Heinz Wiesemann unter dem Thema \u201eGeteiltes Leben, geteiltes Leid? 500 Jahre T\u00e4ufertum 1525-2025: Eine \u00f6kumenische Zumutung oder Chance?\u201d<\/td><\/tr><tr><td><strong>26.5.<\/strong><strong><\/strong><\/td><td>10 Uhr Gottesdienst mit Weihbischof Otto Georgens in Schleithal\/Elsass.<\/td><\/tr><tr><td><strong>28.5.<\/strong><strong><\/strong><\/td><td>18 Uhr Maiandacht unter dem Titel \u201eHalte.Punkt.Maria\u201c mit Weihbischof Otto Georgens im Speyerer Dom.<\/td><\/tr><tr><td><strong>29.5.<\/strong><strong><\/strong><\/td><td>10.30 Uhr Pontifikalamt mit Bischof Dr. Karl-Heinz Wiesemann in Bruchsal anl\u00e4sslich des 300-j\u00e4hrigen Jubil\u00e4ums des Schlosses Bruchsal.<\/td><\/tr><tr><td><strong>30.5.<\/strong><strong><\/strong><\/td><td>19 Uhr bis 20 Uhr \u201eBrot &amp; Palaver\u201c \u2013 Online-Dialogreihe des Bundes der Deutschen Katholischen Jugend (BDKJ) Speyer.<\/td><\/tr><tr><td><strong>30.5.<\/strong><strong><\/strong><\/td><td>19.30 Uhr bis 21 Uhr Veranstaltung \u201eChristlich sein heute und \u00f6kumenische Beziehungen vertiefen\u201c im Friedrich-Spee-Haus, Edith-Stein-Platz 6, Speyer. Veranstaltung des Forums Katholische Akademie. Referentinnen: Sabine Clasani, Pfarrerin der Alt-Katholischen Gemeinde Mannheim und Vorstand im ACK Mannheim, Prof. Johanna Rahner, Direktorin des Instituts f\u00fcr \u00d6kumenische und Interreligi\u00f6se Forschung an der Eberhard Karls Universit\u00e4t T\u00fcbingen, Dorothee W\u00fcst, Kirchenpr\u00e4sidentin der Evangelischen Kirche der Pfalz, Speyer Moderation: Ulrike Gentner, Direktorin Bildung Heinrich Pesch Haus, Ludwigshafen Veranstalter: Katholische Erwachsenenbildung (KEB) Bistum Speyer, Heinrich Pesch Haus und Dompfarrei pax christi<\/td><\/tr><\/tbody><\/table><\/figure>\n\n\n\n<p><em>Text: Bistum Speyer Foto: Speyer 24\/7 News<br>26.04.2022<\/em><\/p>\n\n\n\n<h2 class=\"wp-block-heading\">\u201eInklusion bedeutet Teilhabe und Teilgabe\u201c<\/h2>\n\n\n\n<h3 class=\"wp-block-heading\">5. Mai ist Protesttag zur Gleichstellung von Menschen mit Behinderung<\/h3>\n\n\n\n<h4 class=\"wp-block-heading\">Menschen mit Behinderung sollen nicht nur dabei sein, sondern aktiv und mittendrin. Aber wie weit sind Gesellschaft und Kirche hierbei? Antworten gibt Thomas Jakubowski, der Beauftragte f\u00fcr Behindertenseelsorge.<\/h4>\n\n\n\n<div class=\"wp-block-image\"><figure class=\"aligncenter size-full\"><img decoding=\"async\" loading=\"lazy\" width=\"800\" height=\"534\" src=\"https:\/\/speyer24news.com\/wp-content\/uploads\/2022\/04\/image005.jpg\" alt=\"\" class=\"wp-image-45229\" srcset=\"https:\/\/speyer24news.com\/wp-content\/uploads\/2022\/04\/image005.jpg 800w, https:\/\/speyer24news.com\/wp-content\/uploads\/2022\/04\/image005-300x200.jpg 300w, https:\/\/speyer24news.com\/wp-content\/uploads\/2022\/04\/image005-768x513.jpg 768w\" sizes=\"(max-width: 800px) 100vw, 800px\" \/><figcaption><strong>Postkarten<\/strong>&nbsp;werden beim \u00f6kumenischen Er\u00f6ffnungsgottesdienst der \u201eWoche der Inklusion\u201c verteilt. Sie verweisen auf wichtige Forderungen der Gleichstellung.<br><em>Foto: lk<\/em><\/figcaption><\/figure><\/div>\n\n\n\n<p><strong>Speyer <em>(lk)<\/em> &#8211; <\/strong>Am 5. Mai ist Europ\u00e4ischer Protesttag zur Gleichstellung von Menschen mit Behinderung. Wie steht es mit der Gleichstellung? Das erkl\u00e4rt Pfarrer Thomas Jakubowski, Beauftragter f\u00fcr Behindertenseelsorge der Evangelischen Kirche der Pfalz. Er nennt die wichtigsten Voraussetzungen f\u00fcr ein Miteinander und erl\u00e4utert, warum Menschen mit Behinderung aktiv protestieren sollen.<\/p>\n\n\n\n<h4 class=\"wp-block-heading\"><em>Herr Jakubowski, wie weit sind Gesellschaft und Kirche bei der Gleichstellung von Menschen mit Behinderung vorangekommen?<\/em><\/h4>\n\n\n\n<p>In der rechtlichen Gleichstellung gibt es noch viele H\u00fcrden, aber wir sind auf einem guten Weg. Durch das Bundesteilhabegesetz und die UN-Behindertenrechtskonvention hat sich viel getan. Der Begriff Behinderung wird nun weit gefasst.<\/p>\n\n\n\n<h4 class=\"wp-block-heading\"><em>K\u00f6nnen Sie das erkl\u00e4ren?<\/em><\/h4>\n\n\n\n<p>Als behindert gelten Menschen, die Schwierigkeiten im Alltag haben &#8211; aus welchen Gr\u00fcnden auch immer. Genau genommen sind sie nicht behindert, sondern sie werden behindert am gesellschaftlichen Leben teilzunehmen. Die Weichen f\u00fcr Inklusion sind gestellt. Jetzt gilt es, die finanziellen und strukturellen Ressourcen bereitzustellen.<\/p>\n\n\n\n<h4 class=\"wp-block-heading\"><em>Wie reagiert Kirche darauf?<\/em><\/h4>\n\n\n\n<p>Nat\u00fcrlich gelten die Gesetze auch f\u00fcr die Kirche. Aber die gesetzlichen Vorgaben sind letztlich Mittel zum Zweck. Menschen mit Behinderung m\u00fcssen in Gesellschaft und Kirche dabei sein. Das muss selbstverst\u00e4ndlich werden. Daf\u00fcr brauchen wir ein Verst\u00e4ndnis und eine bestimmte Haltung. Wir m\u00fcssen einander wahrnehmen und sehen, welche Bed\u00fcrfnisse einzelne haben. Diese Haltung muss in die Kultur der Gesellschaft und Kirche vorangebracht werden. So hat sich die Landeskirche schon 2009 selbst verpflichtet, kirchliche Einrichtungen und Angebote barrierefrei zu gestalten. Das betrifft nicht nur die bauliche Barrierefreiheit, um Orte zu erreichen, sondern auch Barrierefreiheit beim Sehen, H\u00f6ren und Verstehen.<\/p>\n\n\n\n<h4 class=\"wp-block-heading\"><em>Was bedeutet das praktisch?<\/em><\/h4>\n\n\n\n<p>F\u00fcr Kirchengemeinden hei\u00dft es, das Leben so zu organisieren, dass alle dabei sind. Sie sollen f\u00fcr alle offen sein. Aber auch Menschen mit Beeintr\u00e4chtigung haben die Aufgabe, ihre Anspr\u00fcche laut und deutlich zu formulieren. Dazu gibt der Protesttag Anlass. Inklusion bedeutet Teilhabe und Teilgabe, nicht nur stille Teilnahme. Es geht nicht nur ums Dabeisein, sondern ein aktiver Teil der Gemeinschaft zu sein.&nbsp;<\/p>\n\n\n\n<div class=\"wp-block-image\"><figure class=\"aligncenter size-full\"><img decoding=\"async\" loading=\"lazy\" width=\"246\" height=\"363\" src=\"https:\/\/speyer24news.com\/wp-content\/uploads\/2022\/04\/image006.jpg\" alt=\"\" class=\"wp-image-45230\" srcset=\"https:\/\/speyer24news.com\/wp-content\/uploads\/2022\/04\/image006.jpg 246w, https:\/\/speyer24news.com\/wp-content\/uploads\/2022\/04\/image006-203x300.jpg 203w\" sizes=\"(max-width: 246px) 100vw, 246px\" \/><figcaption>Pfarrer Thomas Jakubowski, Beauftragter f\u00fcr Behindertenseelsorge der Evangelischen Kirche der Pfalz.<br><em>Foto: lk\/Klaus Venus<\/em><\/figcaption><\/figure><\/div>\n\n\n\n<h4 class=\"wp-block-heading\"><em>Wie kann man das praktisch umsetzen?<\/em><\/h4>\n\n\n\n<p>Wir m\u00fcssen die Menschen fragen, was sie brauchen \u2013 und vor allem jene, die wegen Hindernissen nicht in die Kirche kommen. Es ist nicht immer einfach, Barrierefreiheit zu schaffen. Zum Beispiel sind barrierefreie Zug\u00e4nge wegen des Denkmalschutzes oft nicht m\u00f6glich. Wenn eine Kirche nicht barrierefrei ist, ist es vielleicht das Gemeindezentrum. Dort k\u00f6nnen auch Gottesdienste gefeiert werden.<\/p>\n\n\n\n<h4 class=\"wp-block-heading\"><strong><em>Wie hat sich die Corona-Pandemie auf die Gleichstellung ausgewirkt?<\/em><\/strong><\/h4>\n\n\n\n<p>Es sind neue barrierefreie Angebote entstanden. Zum Beispiel haben wir mit Video-Gottesdiensten Menschen erreicht, f\u00fcr die der Weg in die Kirche zu beschwerlich ist. Nat\u00fcrlich bedeutet die Technik eine neue H\u00fcrde. Andererseits ist in einem gut gemachten Video-Gottesdienst die Sprache besser zu h\u00f6ren und zu verstehen, die Akteure sind besser zu sehen. Es ist wichtig, dass wir das weiterf\u00fchren, was wir an Neuem gelernt haben. Es erg\u00e4nzt das bestehende Angebot.&nbsp;<\/p>\n\n\n\n<h4 class=\"wp-block-heading\"><em>Wie wird der Protesttag dieses Jahr begangen?<\/em><\/h4>\n\n\n\n<p>Der Protesttag hat in der Pfalz eine lange Tradition mit besonderen Aktionen. Katholische und protestantische Kirche, Caritas und Diakonie arbeiten eng zusammen. Dieses Jahr organisiert das Bistum rund um den Protesttag eine \u201eWoche der Inklusion\u201c, an der sich auch die Landeskirche beteiligt. Beim Er\u00f6ffnungsgottesdienst weise ich auf das Sozialrechtlich-Politische hin und stelle den Orientierungsrahmen der Evangelischen Kirche Deutschlands vor, der gerade erarbeitet wurde. Und wir machen den Anspruch der Kirche deutlich: Nach christlichem Verst\u00e4ndnis sollen wir ein Miteinander erm\u00f6glichen und leben \u2013 gem\u00e4\u00df dem Bibelwort \u201eNehmt einander an, wie auch Christus dich angenommen hat zu Ehre Gottes\u201c.<\/p>\n\n\n\n<h4 class=\"wp-block-heading\">Info<\/h4>\n\n\n\n<p>\u00d6kumenischer Gottesdienst zur Er\u00f6ffnung der Woche der Inklusion:<\/p>\n\n\n\n<p>Sonntag, 1. Mai 2022, 16 bis 17 Uhr, Dom zu Speyer<\/p>\n\n\n\n<p><em>26.04.2022<\/em><\/p>\n\n\n\n<h2 class=\"wp-block-heading\">Pontifikalamt zum Kirchenjubil\u00e4um in Lautersheim<\/h2>\n\n\n\n<h3 class=\"wp-block-heading\">Bischof Wiesemann feiert am 1. Mai Festgottesdienst in der Kirche St. Joseph<\/h3>\n\n\n\n<div class=\"wp-block-image\"><figure class=\"aligncenter size-full\"><img decoding=\"async\" loading=\"lazy\" width=\"800\" height=\"533\" src=\"https:\/\/speyer24news.com\/wp-content\/uploads\/2020\/03\/Bischof-WiesemannIMG_7761.jpg\" alt=\"\" class=\"wp-image-25558\" srcset=\"https:\/\/speyer24news.com\/wp-content\/uploads\/2020\/03\/Bischof-WiesemannIMG_7761.jpg 800w, https:\/\/speyer24news.com\/wp-content\/uploads\/2020\/03\/Bischof-WiesemannIMG_7761-300x200.jpg 300w, https:\/\/speyer24news.com\/wp-content\/uploads\/2020\/03\/Bischof-WiesemannIMG_7761-768x512.jpg 768w\" sizes=\"(max-width: 800px) 100vw, 800px\" \/><\/figure><\/div>\n\n\n\n<p><strong>Lautersheim &#8211; <\/strong>Die Kirche St. Joseph in Lautersheim (Pfarrei Hl. Philipp der Einsiedler, G\u00f6llheim, Donnersbergkreis) wird 100 Jahre alt. Das Jubil\u00e4um wird am Sonntag, 1. Mai, zugleich mit dem Patrozinium gefeiert. Das Pontifikalamt zum Festtag mit Bischof Dr. Karl-Heinz Wiesemann beginnt um 9 Uhr. Die von der Nepomukband G\u00f6llheim und Organist Severin G\u00fcnther mitgestaltete Messe wird in die Gemeindehalle Lautersheim sowie ins Internet \u00fcbertragen.<\/p>\n\n\n\n<p>Gegen 11.30 Uhr beginnt in der Gemeindehalle der Fr\u00fchschoppen mit verschiedenen Gru\u00dfworten, musikalisch gestaltet von der Kolpingkapelle Zell, das Mittagessen sowie Kaffee und Kuchen schlie\u00dfen sich an. Um 15 Uhr beginnt ein Jugendkonzert in der Gemeindehalle mit Cris Cosmo, unter anderem bekannt vom \u00f6kumenischen Kirchentag in Speyer 2015 und von der Teilnahme am Bundesvision-Song-Contest 2012. Um 18 Uhr wird nochmals in die Kirche eingeladen, wo eine Schlussandacht zum 100. Geburtstag der Kirche St. Joseph gestaltet wird.<\/p>\n\n\n\n<h4 class=\"wp-block-heading\">Der Link zur Live-\u00dcbertragung des Pontifikalamtes:&nbsp;&nbsp;<a href=\"https:\/\/deref-web.de\/mail\/client\/bvav4YnDWEI\/dereferrer\/?redirectUrl=https%3A%2F%2Fwww.youtube.com%2Fwatch%3Fv%3DQvkEHBOLW6w\" target=\"_blank\" rel=\"noreferrer noopener\">https:\/\/www.youtube.com\/watch?v=QvkEHBOLW6w<\/a><\/h4>\n\n\n\n<p><em>Bistum Speyer<br>26.04.2022<\/em><\/p>\n\n\n\n<h2 class=\"wp-block-heading\">Internationaler Orgelzyklus im Dom zu Speyer startet am 30. April<\/h2>\n\n\n\n<h3 class=\"wp-block-heading\">Zweiter Domorganist Christoph Keggenhoff er\u00f6ffnet mit Werken von Bach, Buxtehude, Letocart und Fleury<\/h3>\n\n\n\n<div class=\"wp-block-image\"><figure class=\"aligncenter size-full\"><img decoding=\"async\" loading=\"lazy\" width=\"800\" height=\"595\" src=\"https:\/\/speyer24news.com\/wp-content\/uploads\/2019\/07\/Christoph-Keggenhoff-an-der-Domorgel.jpg\" alt=\"\" class=\"wp-image-15914\" srcset=\"https:\/\/speyer24news.com\/wp-content\/uploads\/2019\/07\/Christoph-Keggenhoff-an-der-Domorgel.jpg 800w, https:\/\/speyer24news.com\/wp-content\/uploads\/2019\/07\/Christoph-Keggenhoff-an-der-Domorgel-300x223.jpg 300w, https:\/\/speyer24news.com\/wp-content\/uploads\/2019\/07\/Christoph-Keggenhoff-an-der-Domorgel-768x571.jpg 768w, https:\/\/speyer24news.com\/wp-content\/uploads\/2019\/07\/Christoph-Keggenhoff-an-der-Domorgel-80x60.jpg 80w\" sizes=\"(max-width: 800px) 100vw, 800px\" \/><figcaption>Der Zweite Domorganist Christoph Keggenhoff an der Hauptorgel des Speyerer Doms<br><em>Foto: Klaus Landry<\/em><\/figcaption><\/figure><\/div>\n\n\n\n<p><strong>Speyer &#8211; <\/strong>Auch in diesem Jahr hat der Speyerer Domorganist Markus Eichenlaub als k\u00fcnstlerischer Leiter des Internationalen Orgelzyklus hochkar\u00e4tige Gastorganisten eingeladen. Im Rahmen von zehn Konzerten werden namhafte Interpreten aus der Schweiz, Frankreich, England, der Slowakei und Deutschland sowie eine Organistin aus Spanien zu h\u00f6ren sein. Mit der Gesamtauff\u00fchrung der gro\u00dfen Orgelwerke von C\u00e9sar Franck, dessen Geburtstag sich in diesem Jahr zum 200. Mal j\u00e4hrt, wird Markus Eichenlaub selbst in drei dicht aufeinander folgenden Konzerten im Juni zu h\u00f6ren sein.<\/p>\n\n\n\n<p>Der diesj\u00e4hrige Orgelzyklus wird am 30. April um 19.30 Uhr vom Zweiten Domorganisten Christoph Keggenhoff er\u00f6ffnet. Der Orgelabend beginnt klassisch mit einem Zyklus von sechs Choralbearbeitungen der Kar- und Osterzeit aus dem \u201eOrgelb\u00fcchlein\u201c von Johann Sebastian Bach. Mit dem \u201eTe Deum\u201c folgt das mit Abstand umfangreichste Orgelwerk des L\u00fcbecker Marienorganisten Dieterich Buxtehude. Mit einem Anflug von impressionistischen Kl\u00e4ngen darf sich das Publikum auf eine suitenartige Zusammenstellung von f\u00fcnf St\u00fccken des C\u00e9sar Franck Sch\u00fclers Henri Letocart freuen. Mit der Trilogie \u201ePr\u00e9lude, Andante et Toccata\u201c aus der Feder des Letocart-Sch\u00fclers Andr\u00e9 Fleury geht das Er\u00f6ffnungskonzert zu Ende.<\/p>\n\n\n\n<p>Bereits um 18.45 Uhr startet vor diesem und allen folgenden Konzerten das sogenannte \u201ePraeludium\u201c \u2013 ein 30-min\u00fctiges Gespr\u00e4ch, in dessen Rahmen die Konzertbesucher Unterhaltsames und Informatives von und \u00fcber die einzelnen Interpreten und deren Programm erfahren k\u00f6nnen. Treffpunkt ist das Chorpodest auf dem K\u00f6nigschor gegen\u00fcber der Chororgel.<\/p>\n\n\n\n<p>Einen \u00dcberblick \u00fcber alle Konzerte des Internationalen Orgelzyklus, die einzelnen Programme und Interpreten gibt es auf der Homepage der Dommusik&nbsp;<a href=\"https:\/\/deref-web.de\/mail\/client\/S9sYuEWHVLY\/dereferrer\/?redirectUrl=https%3A%2F%2Fwww.dom-zu-speyer.de%2Fdommusik%2Fkonzerte%2Forgelkonzerte%2F\" target=\"_blank\" rel=\"noreferrer noopener\">https:\/\/www.dom-zu-speyer.de\/dommusik\/konzerte\/orgelkonzerte\/<\/a>&nbsp;Der Eintritt zu den Konzerten betr\u00e4gt je 12 Euro (erm\u00e4\u00dfigt 5 Euro). Wiederum bietet die Dommusik ein Abonnement f\u00fcr alle zehn Orgelkonzerte zu einem Preis von 100 Euro (ohne Erm\u00e4\u00dfigung) an. Die Karten sind \u00fcbertragbar und k\u00f6nnen auf Wunsch zugestellt werden.<\/p>\n\n\n\n<p>Karten und Abonnement sind bei der Dom-Info, der Tourist-Information der Stadt Speyer und bundesweit bei allen Reservix-Vorverkaufsstellen sowie online \u00fcber&nbsp;<a href=\"https:\/\/deref-web.de\/mail\/client\/ov0pl1L77mM\/dereferrer\/?redirectUrl=https%3A%2F%2Fwww.reservix.de%2Ftickets-internationaler-orgelzyklus-dom-zu-speyer%2Ft15643\" target=\"_blank\" rel=\"noreferrer noopener\">Reservix<\/a>&nbsp;erh\u00e4ltlich. Die Abendkasse \u00f6ffnet jeweils um 18.30 Uhr.<\/p>\n\n\n\n<h4 class=\"wp-block-heading\">Internationaler Orgelzyklus 2022<\/h4>\n\n\n\n<p><strong>Beginn der Konzerte um jeweils 19:30 Uhr<\/strong><\/p>\n\n\n\n<p>Samstag, 30. April 2022<br>Christoph Keggenhoff, Speyer<br>Werke von Bach, Buxtehude (Te Deum laudamus), Letocart, Fleury<\/p>\n\n\n\n<p>Mittwoch, 25. Mai 2022<br>Loreto Amarendi, San Sebastian (Spanien)<br>Werke von Buxtehude, Liszt (Fun\u00e9railles), Saint-Sa\u00ebns, Faur\u00e9<\/p>\n\n\n\n<p>C\u00c9SAR FRANCK ZUM 200. GEBURTSTAG<br>Domorganist Markus Eichenlaub spielt s\u00e4mtliche Orgelwerke<\/p>\n\n\n\n<p>1. Konzert \u2013 Samstag, 11. Juni 2022<br>C\u00e9sar Franck und seine Sch\u00fcler<\/p>\n\n\n\n<p>2. Konzert \u2013 Mittwoch, 15. Juni 2022<br>C\u00e9sar Franck und die Nachfolger an St. Clotilde<\/p>\n\n\n\n<p>3. Konzert \u2013 Samstag, 18. Juni 2022<br>Einfach nur C\u00e9sar Franck &#8230;<\/p>\n\n\n\n<p>Samstag, 16. Juli 2022<br>Gabriel Dessauer, Wiesbaden<br>Werke von H\u00f6ller (Ricercar), Hakim, Strauss, Bedard<\/p>\n\n\n\n<p>Samstag, 13. August 2022<br>Stanislav \u0160urin, Bratislava (Slowakei)<br>Werke von Bach, Eben, Nosetti, Jan\u00e1\u02c7cek, \u0160urin<\/p>\n\n\n\n<p>Samstag, 10. September 2022<br>Andreas Jetter, Chur (Schweiz)<br>Hans Rott, 1. Symphonie E-Dur<\/p>\n\n\n\n<p>Mittwoch 28. September 2022<br>Donnerstag 29. September 2022<\/p>\n\n\n\n<p>Meisterkurs mit Prof. Daniel Roth \u2013 Die Orgelwerke von C\u00e9sar Franck<br>M\u00f6glichkeit zur aktiven und passiven Teilnahme (In Kooperation mit der Hochschule f\u00fcr Musik und Darstellende Kunst Frankfurt am Main und der Hochschule f\u00fcr Musik Saar)<\/p>\n\n\n\n<p>Freitag, 30. September 2022<br>Daniel Roth, Paris (Frankreich)<br>Werke von Franck (R\u00e9demption),<br>Roth (Hommage \u00e0 C\u00e9sar Franck), Improvisation&nbsp;(im Rahmen der \u201eInternationalen Musiktage Dom zu Speyer\u201c)<\/p>\n\n\n\n<p>Samstag, 8. Oktober 2022<br>Daniel Cook, Durham (England)<br>Werke von Byrd, Willan, Whitlock, Vierne, Darke und Jongen (Sonata Ero\u00efca)<\/p>\n\n\n\n<p>Samstag, 12. November 2022<br>Heinrich Walther, Colmar (Frankreich)<br>Werke von Sweelinck und C\u00e9sar Franck (Psyche)<\/p>\n\n\n\n<p><strong>Beginn der Konzerte um jeweils 19:30 Uhr<\/strong><\/p>\n\n\n\n<h4 class=\"wp-block-heading\">PRAELUDIUM \u2013 Einf\u00fchrung zum Orgelkonzert<\/h4>\n\n\n\n<p>18:45-19:15 Uhr<\/p>\n\n\n\n<p>Die Organisten stellen sich und ihre Programme vor dem jeweiligen Konzert in einer von Dr. Klaus Ga\u00dfner und Markus Eichenlaub moderierten Gespr\u00e4chsrunde vor.<\/p>\n\n\n\n<p>Treffpunkt im Dom: Chorpodest gegen\u00fcber der Chororgel<\/p>\n\n\n\n<p><em>Text: Bistum Speyer Foto: Klaus Landry<br>26.04.2022<\/em><\/p>\n\n\n\n<h2 class=\"wp-block-heading\">Bischof Wiesemann feiert Festgottesdienst mit Hildegardisschwestern<\/h2>\n\n\n\n<h3 class=\"wp-block-heading\">Feier zum rund 100-j\u00e4hrigen Bestehen der Gemeinschaft in Pirmasens<\/h3>\n\n\n\n<div class=\"wp-block-image\"><figure class=\"aligncenter size-full\"><img decoding=\"async\" loading=\"lazy\" width=\"600\" height=\"636\" src=\"https:\/\/speyer24news.com\/wp-content\/uploads\/2021\/09\/Bischof-Wiesemann.jpg\" alt=\"\" class=\"wp-image-40406\" srcset=\"https:\/\/speyer24news.com\/wp-content\/uploads\/2021\/09\/Bischof-Wiesemann.jpg 600w, https:\/\/speyer24news.com\/wp-content\/uploads\/2021\/09\/Bischof-Wiesemann-283x300.jpg 283w\" sizes=\"(max-width: 600px) 100vw, 600px\" \/><\/figure><\/div>\n\n\n\n<p><strong>Pirmasens &#8211; <\/strong>Seit etwas mehr als 100 Jahren gibt es die Gemeinschaft der Hildegardisschwestern vom katholischen Apostolat im Bistum Speyer. Am Freitag, 29. April, feiern die Schwestern dieses Jubil\u00e4um mit einem Festgottesdienst um 12 Uhr in der Kirche St. Anton in Pirmasens mit Bischof Dr. Karl-Heinz Wiesemann. Die Feier wird live \u00fcber den Youtube-Kanal der Pfarrei Paul Josef Nardini \u00fcbertragen. Im Anschluss an die Messe findet ein Empfang mit geladenen G\u00e4sten statt.<\/p>\n\n\n\n<h4 class=\"wp-block-heading\">Gr\u00fcndung der Gemeinschaft vor etwas mehr als 100 Jahren<\/h4>\n\n\n\n<p>Am 3. November 1921, also vor etwas mehr als 100 Jahren, gr\u00fcndet der Pallottinerpater Adolf Panzer unter dem Namen \u201eApostolatsschwestern\u201c in Limburg eine Frauengemeinschaft. Es ist eine Notzeit nach dem Weltkrieg, mit sozialen, wirtschaftlichen und politischen Spannungen. Der Ordensmann hat, angelehnt an Vinzenz Pallottis Ideen, den Gedanken, eine menschennahe Seelsorge aufzubauen.<\/p>\n\n\n\n<p>F\u00fcr die wachsende Schwesterngemeinschaft spielen die Familienhilfe und der Caritasdienst eine wichtige Rolle. Als sie Ende 1922 nach Ludwigshafen gerufen werden, kommen die Frauen in eine junge, aufstrebende Stadt mit wachsenden Stadtteilen und einer gro\u00dfen Arbeiterschaft. Sie arbeiten als Pfarreischwestern in den Pfarreien St. Ludwig und St. Dreifaltigkeit und im ebenfalls jungen Caritasb\u00fcro mit. Caritassekret\u00e4r Jakob Franz vermittelt der Gemeinschaft ein Anwesen nahe Gr\u00fcnstadt: Das gepachtete \u201eHaus Nazareth\u201c (Bo\u00dfweiler Hof) wird Mutterhaus der ab 1927 als \u201eSt. Hildegardisschwestern vom Katholischen Apostolat\u201c bezeichneten Gemeinschaft.<\/p>\n\n\n\n<p>Pater Adolf Panzer verstirbt bereits 1925. Den Frauen gab er mit auf den Weg: \u201eMutig, tapfer und froh sollen meine Schwestern sein durch ihre Arbeit, ihr Gebet und gutes Beispiel, die S\u00fcnde zu verh\u00fcten, jede christliche Tugend, besonders aber den Glauben und die gegenseitige Liebe, zu f\u00f6rdern suchen.\u201c Im Bistum Speyer kommen ab 1927 neue Schwesternstationen hinzu: In Grethen-Hardenberg, Neuleiningen, Speyer, Roschbach, Kaiserslautern, Ensheim, Niedersimten und weiteren Orten, insgesamt 15 an der Zahl. Nach dem Wunsch des Gr\u00fcnders sollten die Schwestern hier wirken \u201ewie die frommen Frauen zur Zeit der Apostel\u201c. Familien- und Krankenpflege, die Kinderschule, Hilfsdienste in der Seelsorge und die Bahnhofsmission z\u00e4hlen zu ihren Aufgaben. Weil gr\u00f6\u00dfere Investitionen im nur gepachteten Bo\u00dfweiler Hof anstehen, sucht die Gemeinschaft ein neues Mutterhaus. 1956 wird es in Neustadt\/Weinstra\u00dfe gefunden. Es handelt sich um die ehemalige Sommerresidenz des Reichsrats von Buhl in Hildenbrandseck. Die Schwestern entscheiden sich, das Anwesen zu kaufen.<\/p>\n\n\n\n<h4 class=\"wp-block-heading\">Sch\u00fclerinnen und Schwestern aus Spanien und Indien<\/h4>\n\n\n\n<p>1960 beginnen die Hildegardisschwestern eine Zusammenarbeit mit den Theresienschwestern vom Katholischen Apostolat und starten gemeinsam in Spanien ein Projekt, um Nachwuchs f\u00fcr sich zu gewinnen. In Hildenbrandseck wird eigens eine Schule f\u00fcr die jungen M\u00e4dchen aus Spanien eingerichtet. Heute sind noch vier spanische Schwestern da, die J\u00fcngsten der Gemeinschaft. \u201eF\u00fcr einige von uns ist die Pfalz so zur Heimat geworden, dass wir die deutsche Staatsangeh\u00f6rigkeit angenommen haben\u201c, sagen sie. Kontakt zu den Wurzeln in Spanien besteht nat\u00fcrlich immer noch.<br>Auch Frauen aus Indien wurden im Kloster Hildenbrandseck ausgebildet. Die Khristsevikas (Christusdienerinnen) wollten in ihrer Heimat ein S\u00e4kularinstitut gr\u00fcnden. Auch heute bestehen gute pers\u00f6nliche Kontakte nach Indien, wo die \u201eChristusdienerinnen\u201c bei ihren Missionsaufgaben und bei Projekten f\u00fcr Kinder und arme Menschen unterst\u00fctzt werden.<\/p>\n\n\n\n<h4 class=\"wp-block-heading\">Umzug nach Pirmasens<\/h4>\n\n\n\n<p>2004 beschlie\u00dft die Gemeinschaft, weil sie nicht mehr w\u00e4chst, ein kleineres Mutterhaus zu suchen \u2013 und wird in Pirmasens f\u00fcndig. In einem ehemaligen Schwesternhaus neben der Kirche St. Anton bezieht die damals aus 22 Frauen bestehende Gemeinschaft ihr neues Domizil, das ihr von der Gemeinde langfristig \u00fcberlassen wurde. Heute engagieren sich die Schwestern vor Ort in der Gemeinde und ihrer Kirche St. Anton, im Mutterhaus, das auch Anlaufstelle f\u00fcr Notleidende ist \u2013 aber auch bistumsweit, etwa mit spirituellen Angeboten.<br>An einen nochmaligen Umzug denken die Schwestern nicht, an Ver\u00e4nderungen aber schon: F\u00fcr die Zukunft planen sie, ihr Haus zu einer Wohnpflege-Gemeinschaft umzugestalten, um darin das Leben selbstbestimmt mit anderen Seniorinnen zu teilen.<\/p>\n\n\n\n<p>Einblicke in die Gemeinschaft der Hildegardisschwestern und in ihre 100-j\u00e4hrige Geschichte gibt es auf der neuen&nbsp;<strong>Internetseite des Ordens<\/strong>&nbsp;unter&nbsp;<a href=\"https:\/\/deref-web.de\/mail\/client\/o9jY4Z1WgOE\/dereferrer\/?redirectUrl=http%3A%2F%2Fwww.hildegardisschwestern.de\" target=\"_blank\" rel=\"noreferrer noopener\">www.hildegardisschwestern.de<\/a><\/p>\n\n\n\n<h4 class=\"wp-block-heading\">Link zur \u00dcbertragung des Gottesdienstes am 29. April:&nbsp;<a href=\"https:\/\/deref-web.de\/mail\/client\/5E3ywhP56Fg\/dereferrer\/?redirectUrl=https%3A%2F%2Fwww.youtube.com%2Fwatch%3Fv%3D9N7nL5xBhBY\" target=\"_blank\" rel=\"noreferrer noopener\">https:\/\/www.youtube.com\/watch?v=9N7nL5xBhBY<\/a><\/h4>\n\n\n\n<p><em>Bistum Speyer<br>26.04.2022<\/em><\/p>\n\n\n\n<h2 class=\"wp-block-heading\">Neue Ger\u00fcste am Dom<\/h2>\n\n\n\n<h3 class=\"wp-block-heading\">Untersuchungen an Fresken, Fenstern und Zugstangen<\/h3>\n\n\n\n<div class=\"wp-block-image\"><figure class=\"aligncenter size-full\"><img decoding=\"async\" loading=\"lazy\" width=\"800\" height=\"637\" src=\"https:\/\/speyer24news.com\/wp-content\/uploads\/2022\/04\/IMG_9751_m.jpg\" alt=\"\" class=\"wp-image-45226\" srcset=\"https:\/\/speyer24news.com\/wp-content\/uploads\/2022\/04\/IMG_9751_m.jpg 800w, https:\/\/speyer24news.com\/wp-content\/uploads\/2022\/04\/IMG_9751_m-300x239.jpg 300w, https:\/\/speyer24news.com\/wp-content\/uploads\/2022\/04\/IMG_9751_m-768x612.jpg 768w\" sizes=\"(max-width: 800px) 100vw, 800px\" \/><figcaption>Ohne Ger\u00fcste geht es nicht.<br><em>Foto: Domkapitel Speyer<\/em><\/figcaption><\/figure><\/div>\n\n\n\n<p><strong>Speyer &#8211; <\/strong>Die Nordseite des Doms und das Dominnere haben in diesen Tagen ein weiteres Ger\u00fcst erhalten. Das Ger\u00fcst im Innern steht im vierten Joch des Langhauses. Es dient der Voruntersuchung der Fresken durch eine Restauratorin bei denen bei einer Befahrung mittels eines Hubsteigers bereits Sch\u00e4den festgestellt wurden. Die Voruntersuchung und kleinen Musterfl\u00e4chen dienen der Entwicklung eines Restaurierungskonzeptes, welches auf alle Fresken Anwendung finden wird.<\/p>\n\n\n\n<div class=\"wp-block-image\"><figure class=\"aligncenter size-full\"><img decoding=\"async\" loading=\"lazy\" width=\"500\" height=\"667\" src=\"https:\/\/speyer24news.com\/wp-content\/uploads\/2022\/04\/IMG_9755_m.jpg\" alt=\"\" class=\"wp-image-45227\" srcset=\"https:\/\/speyer24news.com\/wp-content\/uploads\/2022\/04\/IMG_9755_m.jpg 500w, https:\/\/speyer24news.com\/wp-content\/uploads\/2022\/04\/IMG_9755_m-225x300.jpg 225w\" sizes=\"(max-width: 500px) 100vw, 500px\" \/><\/figure><\/div>\n\n\n\n<p>Weitere Untersuchungen gelten Steinfl\u00e4chen, der Fensterverglasung und den Zugst\u00e4ben im Mittelschiff. Besonders im Fokus steht dabei die Statik: \u201eAn dieser Stelle steht das Geb\u00e4ude unterer besonderer Spannung, da sich dort eine Baunaht an der Verbindung vom in der Barockzeit wieder aufgebauten Dom zum mittelalterlichen Ostteil befindet.\u201c, erl\u00e4utert Dombaumeisterin Drabik. Im November des vergangenen Jahres hatte sich ein Eisenkeil aus einer der Fensterw\u00f6lbungen gel\u00f6st, was eine Untersuchung und Sicherung des Bereichs nach sich gezogen hatte. Immer wieder fallen kleine Putzst\u00fcck ab, so dass nun in gr\u00f6\u00dferem Umfang nach der Ursache gesucht wird. So dient auch das Ger\u00fcst an der Au\u00dfenseite zur Untersuchung der Baunaht und den dort herrschenden Kr\u00e4ften.<\/p>\n\n\n\n<div class=\"wp-block-image\"><figure class=\"aligncenter size-full\"><img decoding=\"async\" loading=\"lazy\" width=\"500\" height=\"667\" src=\"https:\/\/speyer24news.com\/wp-content\/uploads\/2022\/04\/IMG_9758_m.jpg\" alt=\"\" class=\"wp-image-45228\" srcset=\"https:\/\/speyer24news.com\/wp-content\/uploads\/2022\/04\/IMG_9758_m.jpg 500w, https:\/\/speyer24news.com\/wp-content\/uploads\/2022\/04\/IMG_9758_m-225x300.jpg 225w\" sizes=\"(max-width: 500px) 100vw, 500px\" \/><\/figure><\/div>\n\n\n\n<p>\u00dcber das Ger\u00fcst an der Nordwand wird versucht, an den im Mauerwerk befestigten Zuganker zu kommen. \u201eDieser bindet in die Wand ein und hat seinen Spannverschluss vermutlich von au\u00dfen\u201c, sagt Drabik. \u201eDie Stelle wird von au\u00dfen ge\u00f6ffnet werden, um so den Anker in Augenschein nehmen zu k\u00f6nnen. Zudem k\u00f6nnen \u00fcber das Ger\u00fcst auch die Fensterfl\u00e4chen von au\u00dfen n\u00e4her begutachtet werden\u201c, erkl\u00e4rt die Dombaumeisterin. Die Ma\u00dfnahmen erfolgen nun unmittelbar nach Ostern, damit das Ger\u00fcst nach M\u00f6glichkeit bis Pfingsten wieder abgebaut werden kann. Der Innenraum soll so schnell wie m\u00f6glich wieder vollst\u00e4ndig nutzbar sein.<\/p>\n\n\n\n<p><em>Text: Bistum Speyer Foto: Domkapitel Speyer<br>25.04.2022<\/em><\/p>\n\n\n\n<h2 class=\"wp-block-heading\">Katholisch in 75 Jahren Rheinland-Pfalz<\/h2>\n\n\n\n<h3 class=\"wp-block-heading\">Buch zum Landesjubil\u00e4um mit zahlreichen Beitr\u00e4gen zur Geschichte des Bistums Speyer<\/h3>\n\n\n\n<div class=\"wp-block-image\"><figure class=\"aligncenter size-full\"><img decoding=\"async\" loading=\"lazy\" width=\"500\" height=\"750\" src=\"https:\/\/speyer24news.com\/wp-content\/uploads\/2022\/04\/Cover75JahreRLP.jpg\" alt=\"\" class=\"wp-image-45225\" srcset=\"https:\/\/speyer24news.com\/wp-content\/uploads\/2022\/04\/Cover75JahreRLP.jpg 500w, https:\/\/speyer24news.com\/wp-content\/uploads\/2022\/04\/Cover75JahreRLP-200x300.jpg 200w\" sizes=\"(max-width: 500px) 100vw, 500px\" \/><figcaption><strong>Buchtipp:<\/strong>&nbsp;Katholisch in 75 Jahren Rheinland-Pfalz. Personen, Orte, Ereignisse, Ideen, hg. von Ulli Roth, M\u00fcnster 2022, 391 Seiten, 29,80 Euro, ISBN 978-3-402-26636-6<\/figcaption><\/figure><\/div>\n\n\n\n<p><strong>Speyer<em> (is) <\/em>&#8211; <\/strong>Rheinland-Pfalz feiert in diesem Jahr sein 75-j\u00e4hriges Bestehen. Aus diesem Anlass ist jetzt in der Reihe \u201eQuellen und Abhandlungen zur mittelrheinischen Kirchengeschichte\u201c der Sammelband \u201eKatholisch in 75 Jahren Rheinland-Pfalz\u201c erschienen.<\/p>\n\n\n\n<p>Autorinnen und Autoren aus den Theologischen Fakult\u00e4ten und Instituten, den Di\u00f6zesanarchiven, geschichtlichen Forschungsstellen und historischen Vereinen der f\u00fcnf Di\u00f6zesen des Landes \u2013 K\u00f6ln, Limburg, Mainz, Speyer und Trier \u2013 lassen die Jahre seit 1947 in 75 Kurzartikeln unter dem Gesichtspunkt \u201eKatholisch\u201c Revue passieren. Sie heben den Reichtum der j\u00fcngsten Landesgeschichte hervor, der oftmals \u00fcber die lokale Bedeutsamkeit in gesamtdeutsche oder globale Relevanz hinausreicht. Dazu beleuchtet der Band Personen, Orte, Ereignisse und Ideen in kurzen Portr\u00e4ts sowie mit eindr\u00fccklichen Bildern. \u201eIn einer zunehmend kurzatmiger und disparater werdenden Zeit bedarf es auch des Zuspruchs einer reichen, gemeinsam geteilten Herkunft\u201c, betont Herausgeber Professor Dr. Ulli Roth (Koblenz) im Vorwort.<\/p>\n\n\n\n<p>Neben Beitr\u00e4gen, die Entwicklungen des gesamten Bundeslandes historisch einordnen, nehmen zahlreiche Artikel auch unmittelbar auf Ereignisse oder Pers\u00f6nlichkeiten im Bistum Speyer Bezug. Um die Verbindung Edith Steins zu Rheinland-Pfalz und die Gr\u00fcndung der Edith-Stein-Gesellschaft 1994 in Speyer geht es in dem Beitrag des Mainzer Regens\u2018 Dr. Tonke Dennebaum. Dr. Thomas Fandel, Leiter des Bistumsarchivs Speyer, beschreibt das kirchliche Engagement beim Wiederaufbau nach 1945 in der Pfalz sowie die Bedeutung des Speyerer Doms f\u00fcr das politische Wirken Helmut Kohls. Die Friedenskirche St. Bernhard in Speyer als Symbol der deutsch-franz\u00f6sischen Vers\u00f6hnung steht im Fokus eines Beitrags von Pastoralreferent Dr. Markus Lothar Lamm. Ebenfalls kirchlichen Impulsen zur deutsch-franz\u00f6sischen Vers\u00f6hnung wie der Aktion \u201eContact Abb\u00e9\u201c oder der Errichtung von Friedenskreuzen widmet sich Pastoralreferentin Dr. Bettina Reichmann. Ein weiterer Artikel Lamms \u2013 gemeinsam verfasst mit Servet \u00d6zel, dem langj\u00e4hrigen Vorsitzenden der t\u00fcrkisch-islamischen Gemeinde Speyer \u2013 hat den christlich-islamischen Dialog, vor allem am Beispiel des Interreligi\u00f6sen Forums Speyer, zum Thema.<\/p>\n\n\n\n<p>Drei Beitr\u00e4ge stammen aus der Feder Professor Dr. Hans Ammerichs. Der ehemalige Leiter des Bistumsarchivs Speyer schildert franz\u00f6sische Versuche zur Bildung einer \u201eSaardi\u00f6zese\u201c nach 1945, erinnert an die Seligsprechung des Pf\u00e4lzer Di\u00f6zesanpriesters Paul Josef Nardini 2006 und widmet sich den Jakobswegen in der Pfalz. Auf 40 Jahre Partnerschaft der Di\u00f6zesen Speyer und Cyangugu (Ruanda) blickt Dr. Katharina Peetz zur\u00fcck. Natalie Benzing und Isabelle Schreiner w\u00fcrdigen Professor Ludwig Volz, der ein Vierteljahrhundert als Dozent am Speyerer Priesterseminar wirkte, als wichtigen Impulsgeber f\u00fcr \u201eeinen zukunftsorientierten Religionsunterricht\u201c.<\/p>\n\n\n\n<p>\u201eDas Buch macht neugierig, den 75 Jahren \u201akatholisch in Rheinland-Pfalz\u2018 nachzusp\u00fcren\u201c, so Ministerpr\u00e4sidentin Malu Dreyer im Gru\u00dfwort der Publikation.<\/p>\n\n\n\n<p><em>25.04.2022<\/em><\/p>\n\n\n\n<h2 class=\"wp-block-heading\">Gott ist Lobbyist der Schwachen<\/h2>\n\n\n\n<h3 class=\"wp-block-heading\">Kirchenpr\u00e4sidentin W\u00fcst predigt zur ersten Sitzung des neuen saarl\u00e4ndischen Landtags<\/h3>\n\n\n\n<h4 class=\"wp-block-heading\">Soziale Gerechtigkeit, Solidarit\u00e4t mit den Schwachen und eine Politik, die aus der \u201eIch-Angst\u201c ein \u201eWir-Gef\u00fchl\u201c wachsen l\u00e4sst: Die pf\u00e4lzische Kirchenpr\u00e4sidentin stellt den gesellschaftlichen Zusammenhalt in den Mittelpunkt ihrer Predigt zur Neukonstituierung des saarl\u00e4ndischen Landtags.<\/h4>\n\n\n\n<div class=\"wp-block-image\"><figure class=\"aligncenter size-full\"><img decoding=\"async\" loading=\"lazy\" width=\"800\" height=\"609\" src=\"https:\/\/speyer24news.com\/wp-content\/uploads\/2021\/02\/0214-Dorothee-W\u00fcst-neue-pf\u00e4lzische-Kirchenpr\u00e4sidentin_Foto-Landeskirche-Klaus-Landry.jpg\" alt=\"\" class=\"wp-image-33218\" srcset=\"https:\/\/speyer24news.com\/wp-content\/uploads\/2021\/02\/0214-Dorothee-W\u00fcst-neue-pf\u00e4lzische-Kirchenpr\u00e4sidentin_Foto-Landeskirche-Klaus-Landry.jpg 800w, https:\/\/speyer24news.com\/wp-content\/uploads\/2021\/02\/0214-Dorothee-W\u00fcst-neue-pf\u00e4lzische-Kirchenpr\u00e4sidentin_Foto-Landeskirche-Klaus-Landry-300x228.jpg 300w, https:\/\/speyer24news.com\/wp-content\/uploads\/2021\/02\/0214-Dorothee-W\u00fcst-neue-pf\u00e4lzische-Kirchenpr\u00e4sidentin_Foto-Landeskirche-Klaus-Landry-768x585.jpg 768w, https:\/\/speyer24news.com\/wp-content\/uploads\/2021\/02\/0214-Dorothee-W\u00fcst-neue-pf\u00e4lzische-Kirchenpr\u00e4sidentin_Foto-Landeskirche-Klaus-Landry-80x60.jpg 80w\" sizes=\"(max-width: 800px) 100vw, 800px\" \/><figcaption>Kirchenpr\u00e4sidentin Dorothee W\u00fcst<br><em>Foto: Evangelische Landeskirche, Klaus Landry<\/em><br><\/figcaption><\/figure><\/div>\n\n\n\n<p><strong>Speyer <em>(lk)<\/em> &#8211; <\/strong>Kirchenpr\u00e4sidentin Dorothee W\u00fcst hat die Mitglieder des saarl\u00e4ndischen Landtags aufgefordert, besonders die Schwachen der Gesellschaft ins Zentrum ihrer Politik zu r\u00fccken. \u201eGott ist Lobbyist f\u00fcr die, die in dieser Welt zu den Verlierern z\u00e4hlen\u201c, sagte W\u00fcst am Montagmorgen im \u00f6kumenischen Gottesdienst in der Saarbr\u00fccker Christk\u00f6nig-Kirche. Den Gottesdienst gestalteten zudem Thorsten Latzel, Evangelische Kirche im Rheinland, Weihbischof Otto Georgens, Bistum Speyer und Bischof Dr. Stephan Ackermann, Bistum Trier. Ebenso beteiligt waren die kirchlichen Beauftragten, Kirchenrat Frank-Matthias Hofmann, Evangelisches B\u00fcro Saarland und Ordinariatsdirektorin Katja G\u00f6bel, Katholisches B\u00fcro Saarland. Im Anschluss an den Gottesdienst waren die Vertreter der Kirchen zur konstituierenden Sitzung des neuen saarl\u00e4ndischen Landtags eingeladen.<\/p>\n\n\n\n<p>In ihrer Predigt betonte W\u00fcst die Bedeutung sozialer Gerechtigkeit. Diese sei unabdingbar f\u00fcr eine funktionierende Gesellschaft. In einem Klima, das immer mehr von Konkurrenzdenken, Sozialneid und Existenzangst gepr\u00e4gt sei, brauche es eine mitf\u00fchlende Politik. \u201eF\u00fcr Hans Becker, der um seinen Arbeitsplatz f\u00fcrchtet. F\u00fcr Gudrun Schmitt, die einen Kita-Platz braucht. F\u00fcr Liesel Meyer, die nicht wei\u00df, wie sie den neuen K\u00fchlschrank bezahlen soll. F\u00fcr Horst M\u00fcller, der niemanden in Kurzarbeit schicken will. F\u00fcr Adil, der sich kaum noch an Syrien erinnert und doch nicht wirklich ankommt in seiner neuen Heimat.\u201c<\/p>\n\n\n\n<p>Sie sei sich bewusst, dass Politik eine hohe Kunst sei, so W\u00fcst. \u201eWeil sie auf keinem Auge blind sein darf. Weil sie ein h\u00f6rendes Herz braucht, wie es sich der biblische K\u00f6nig Salomo gew\u00fcnscht hat. Ein h\u00f6rendes Herz. Politik mit allen Sinnen. Mit Herz und Verstand.\u201c Die in die Wohnzimmer und Fabrikhallen hineinf\u00fchle und ernst nehme, was Menschen umtreibt. Nur so k\u00f6nne aus einer Ich-Angst ein Wir-Gef\u00fchl werden. Wie anders solle so etwas wie Solidarit\u00e4t funktionieren, ohne die jede Gesellschaft auseinanderfalle in ein Hauen und Stechen? In diesem Sinne sei Gott auch ein Lobbyist der Freiheit. Mit Freiheit habe er die Menschen begabt und beschenkt. \u201eWir sind frei zu glauben und zu denken und zu f\u00fchlen. Wir sind frei, aus unserem Leben das zu machen, was zu uns passt. Und wir sind frei, das in R\u00fccksicht auf und in Achtung vor und in Verantwortung f\u00fcr unseren N\u00e4chsten zu tun.\u201c<\/p>\n\n\n\n<p>Eingeladen zu dem Gottesdienst waren neben den&nbsp;neuen und ehemaligen Mitgliedern des Landtages auch der Landtagspr\u00e4sident, der Landtagsdirektor und die Mitarbeitenden des Landtags ebenso wie die \u00d6ffentlichkeit.<\/p>\n\n\n\n<p>Die Kollekte war bestimmt f\u00fcr die Arbeit der \u00f6kumenischen Telefonseelsorge Saar, die seit Beginn der Coronakrise und des Krieges in der Ukraine besonders stark in Anspruch genommen wird.<\/p>\n\n\n\n<p><em>Foto: Evangelische Landeskirche, Klaus Landry<br>25.04.2022<\/em><\/p>\n\n\n\n<h2 class=\"wp-block-heading\">Gottesdienst im Dom \u2013 mal anders<\/h2>\n\n\n\n<h3 class=\"wp-block-heading\">Neue Gottesdienstformate mit mediativem Charakter, jeweils am ersten Sonntag im Monat um 20 Uhr<\/h3>\n\n\n\n<div class=\"wp-block-image\"><figure class=\"aligncenter size-full\"><img decoding=\"async\" loading=\"lazy\" width=\"800\" height=\"544\" src=\"https:\/\/speyer24news.com\/wp-content\/uploads\/2022\/04\/Dom-Speyer-04022015-3-von-9.jpg\" alt=\"\" class=\"wp-image-45224\" srcset=\"https:\/\/speyer24news.com\/wp-content\/uploads\/2022\/04\/Dom-Speyer-04022015-3-von-9.jpg 800w, https:\/\/speyer24news.com\/wp-content\/uploads\/2022\/04\/Dom-Speyer-04022015-3-von-9-300x204.jpg 300w, https:\/\/speyer24news.com\/wp-content\/uploads\/2022\/04\/Dom-Speyer-04022015-3-von-9-768x522.jpg 768w\" sizes=\"(max-width: 800px) 100vw, 800px\" \/><figcaption>\u201eRuhe f\u00fcr die Seele\u201c im Dunkeln Dom.<br><em>Foto: \u00a9 Domkapitel Speyer, Simon Stelgens<\/em><\/figcaption><\/figure><\/div>\n\n\n\n<p>Ab Anfang Mai bietet das Domkapitel zus\u00e4tzliche, neue Gottesdienst-Formate im Dom an. Jeweils am ersten Sonntag im Monat um 20 Uhr werden unter der \u00dcberschrift \u201eGottesdienst im Dom \u2013 mal anders\u201c bewusst meditative Formate an das Ende der Woche gesetzt. Gestaltet werden die Gottesdienstfeiern, die jeden Monat eine anderen Schwerpunkt haben, im Wesentlichen von Domdekan Dr. Christoph Maria Kohl. \u201eDie Gottesdienste haben einen meditativen Grundcharakter und sind so gestaltet, dass die Mitfeiernden zur Ruhe und zu sich kommen k\u00f6nnen und sich so einbringen k\u00f6nnen, wie sie m\u00f6chten\u201c, erkl\u00e4rt der Domdekan die Idee der neuen Formate.<\/p>\n\n\n\n<p>Eine solche Gottesdienstform, mit der es am 1. Mai um 20 Uhr beginnen soll, ist \u201eIn Stille im Dom \u2013 Ruhe f\u00fcr die Seele\u201c. Die Gottesdienstbesucher k\u00f6nnen dann, in den hinteren B\u00e4nken sitzend, eine halbe Stunde lang den Dom in Stille (und ohne Innenbeleuchtung) auf sich wirken lassen. Abgeschlossen wird der Gottesdienst mit einem Gebet und Segen.<\/p>\n\n\n\n<p>Im Mittelpunkt des Gottesdienstes \u201eDie Kraft der Psalmen\u201c am 5. Juni steht jeweils ein bestimmter Psalm, in den sich die Mitfeiernden vertiefen k\u00f6nnen durch Psalmengebet und Psalmengesang und mit Hilfe einer Psalm-Betrachtung, auch im Austausch dar\u00fcber, was der Psalm den Einzelnen f\u00fcr ihr Leben sagt und mitgibt.<\/p>\n\n\n\n<p>\u201eMesse intensiv\u201c ist eine Form, die am 3. Juli erstmals gefeiert wird. Es ist eine Eucharistiefeier in kleinerer Gruppe. Der Wortgottesdienst mit Predigtgespr\u00e4ch findet im Stuhlkreis in der Apsis statt. Bei der Mahlfeier ab der Gabenbereitung stehen die Mitfeiernden direkt um den Vierungsaltar. So wird ein besonders intensives Erleben der Messfeier m\u00f6glich. Da die Teilnehmerzahl an diesem Abend begrenzt ist, wird um vorherige Anmeldung per Mail an&nbsp;<a href=\"mailto:domdekan-domkustos@bistum-speyer.de\" target=\"_blank\" rel=\"noreferrer noopener\">domdekan-domkustos@bistum-speyer.de<\/a>&nbsp;gebeten.<\/p>\n\n\n\n<p>\u201eAuf steige mein Gebet zu dir wie Weihrauch vor dein Angesicht\u201c \u2013 unter diesem Thema (in Anklang an Psalm 141, 2) steht ein weiterer, meditativ-ganzheitlicher Gottesdienst. Dabei wird eine gro\u00dfe Weihrauch-Schale aufgestellt, in die die Mitfeiernden \u201eihre\u201c Weihrauchk\u00f6rner einlegen k\u00f6nnen, mit denen sie ihre pers\u00f6nlichen F\u00fcrbitten verbinden k\u00f6nnen. Musik und Gebet runden diesen Gottesdienst ab.<\/p>\n\n\n\n<p>F\u00fcr die dunklere Jahreszeit ist dann auch ein Gottesdienst als besondere Lichtfeier vorgesehen, bei der der Dom nur von Kerzenlicht erf\u00fcllt ist.<\/p>\n\n\n\n<p>Zu diesen Gottesdiensten in der neuen Reihe \u201eGottesdienst im Dom \u2013 mal anders\u201c am ersten Sonntag im Monat um 20 Uhr im Dom sind alle herzlich eingeladen. Treffpunkt ist jeweils vor dem Nord-westlichen Seitenportal des Doms.<\/p>\n\n\n\n<p><em>Text: Bistum Speyer <em>Foto: \u00a9 Domkapitel Speyer, Simon Stelgens<\/em><br>20.04.2022<\/em><\/p>\n\n\n\n<h2 class=\"wp-block-heading\">F\u00fcr Gerechtigkeit zwischen den Geschlechtern<\/h2>\n\n\n\n<h3 class=\"wp-block-heading\">Pilger-Aktion in der Pfalz<\/h3>\n\n\n\n<h4 class=\"wp-block-heading\">\u201eGo for Gender Justice\u201c hei\u00dft eine Initiative der Evangelischen Kirche Deutschlands, die sich f\u00fcr Gerechtigkeit zwischen den Geschlechtern einsetzt. Auch die Protestantische Landeskirche der Pfalz schlie\u00dft sich an.<\/h4>\n\n\n\n<div class=\"wp-block-image\"><figure class=\"aligncenter size-full\"><img decoding=\"async\" loading=\"lazy\" width=\"600\" height=\"268\" src=\"https:\/\/speyer24news.com\/wp-content\/uploads\/2022\/04\/Go-for-Gender-Justice.png\" alt=\"\" class=\"wp-image-45222\" srcset=\"https:\/\/speyer24news.com\/wp-content\/uploads\/2022\/04\/Go-for-Gender-Justice.png 600w, https:\/\/speyer24news.com\/wp-content\/uploads\/2022\/04\/Go-for-Gender-Justice-300x134.png 300w\" sizes=\"(max-width: 600px) 100vw, 600px\" \/><\/figure><\/div>\n\n\n\n<p><strong>Speyer <em>(lk)<\/em> &#8211; <\/strong>Ideen f\u00fcr mehr Gerechtigkeit und weniger Diskriminierung sammeln die Teilnehmenden der Pilger-Aktion \u201eGo for Gender Justice\u201c vom 13. bis 15. Mai. Die Beitr\u00e4ge stellen sie auf der 11. Vollversammlung des \u00d6kumenischen Rates der Kirchen (\u00d6RK) vom 31. August bis 8. September in Karlsruhe vor.<\/p>\n\n\n\n<p>In der Pfalz steht ein Pilgerwochenende im Mittelpunkt, das auf dem Hambacher Schloss in Neustadt beginnt, wo die Demokratie in Deutschland begr\u00fcndet wurde. Er\u00f6ffnet wird es am <strong>Freitag, 13. Mai, 15 Uhr<\/strong>, von Kirchenpr\u00e4sidentin Dorothee W\u00fcst und der SPD-Landtagsabgeordneten Giorgina Kazungu-Ha\u00df.<\/p>\n\n\n\n<p>Am Nachmittag wird zum Austausch eingeladen. \u201eMenschen verschiedener Generationen kommen \u00fcber Geschlechtergerechtigkeit ins Gespr\u00e4ch\u201c, erl\u00e4utert Annette Heinemeyer von der Gleichstellungsstelle der Evangelischen Kirche der Pfalz. Die Teilnehmenden sprechen \u00fcber ihre pers\u00f6nlichen Erfahrungen. Sie loten H\u00f6hen und Tiefen der Geschlechtergerechtigkeit in Kirche, Religion und Gesellschaft aus.<\/p>\n\n\n\n<p>Ein Bus-Shuttle verkehrt ab 14.30 vom Hauptbahnhof Neustadt zum Hambacher Schloss und ab 17 Uhr zur\u00fcck. Bei schlechtem Wetter findet die Auftaktveranstaltung in der Evangelischen Kirchengemeinde Hambach (Dr.-Wirth-Stra\u00dfe 17) statt.<\/p>\n\n\n\n<div class=\"wp-block-image\"><figure class=\"aligncenter size-full\"><img decoding=\"async\" loading=\"lazy\" width=\"800\" height=\"532\" src=\"https:\/\/speyer24news.com\/wp-content\/uploads\/2022\/04\/kirche-foto.png\" alt=\"\" class=\"wp-image-45223\" srcset=\"https:\/\/speyer24news.com\/wp-content\/uploads\/2022\/04\/kirche-foto.png 800w, https:\/\/speyer24news.com\/wp-content\/uploads\/2022\/04\/kirche-foto-300x200.png 300w, https:\/\/speyer24news.com\/wp-content\/uploads\/2022\/04\/kirche-foto-768x511.png 768w\" sizes=\"(max-width: 800px) 100vw, 800px\" \/><figcaption><em>Foto: lk\/Wagner<\/em><\/figcaption><\/figure><\/div>\n\n\n\n<p>Am <strong>Samstag, 14. Mai<\/strong>, ist eine Pilgerwanderung von der Jugendherberge Neustadt nach Landau ins Butenschoen-Haus geplant. Auf diesem 21 Kilometer langen Weg k\u00f6nnen sich Pilgerinnen und Pilger an verschiedenen Bahnh\u00f6fen der Gruppe anschlie\u00dfen oder von dort mit dem Zug weiter nach Landau fahren (Start in Neustadt 9.15 Uhr, Edenkoben ca. 14.30 Uhr, Edesheim ca. 15.15 Uhr, Kn\u00f6ringen ca. 16.15 Uhr). Wer nicht laufen m\u00f6chte, kann direkt einzelne Stationen ansteuern.<\/p>\n\n\n\n<p>Am <strong>Sonntag, 15. Mai, 10 Uhr<\/strong>, l\u00e4dt die Evangelische Jugend der Pfalz ins Butenschoen-Haus zu \u201eTalk &amp; Gender\u201c ein. Kirchenpr\u00e4sidentin W\u00fcst, Landtagsabgeordnete Kazungu-Ha\u00df und Dominic Blauth, Synodaler der Evangelischen Kirche Deutschlands, diskutieren \u00fcber Geschlechtergerechtigkeit in Kirche und Gesellschaft.<\/p>\n\n\n\n<p>Bereits am Dienstag, 10. Mai, startet eine Pilgerwanderung von Schopp (Kirchenbezirk Kaiserslautern) nach Neustadt. Hier arbeiten die Evangelische Erwachsenenbildung Zweibr\u00fccken, der Gemeindep\u00e4dagogische Dienst Kaiserslautern und das Landesjugendpfarramt zusammen. Die Evangelische Jugend der Pfalz kooperiert bei \u201eGo for Gender Justice\u201c eng mit der landeskirchlichen Gleichstellungsstelle. Unter anderem greifen die jungen Menschen das Thema Geschlechtergerechtigkeit im Vorfeld des Pilgerwochenendes in sozialen Medien auf.<\/p>\n\n\n\n<p>Tr\u00e4gerin von \u201eGo f\u00fcr Gender Justice\u201c ist die Konferenz der Gender-Referate und Gleichstellungsstellen in den evangelischen Landeskirchen.<\/p>\n\n\n\n<h3 class=\"wp-block-heading\">Anmeldung<\/h3>\n\n\n\n<p>F\u00fcr die einzelnen Veranstaltungen werden Anmeldungen erbeten bis Montag, 2. Mai 2022, bei der landeskirchlichen Gleichstellungsstelle, Tel: 0 62 32 \u2013 66 72 42 oder 0173 &#8211; 34 98 065, E-Mail <a href=\"mailto:gleichstellungsstelle@evkirchepfalz.de\">gleichstellungsstelle@evkirchepfalz.de<\/a><\/p>\n\n\n\n<h4 class=\"wp-block-heading\">Infos auch unter <a href=\"http:\/\/www.go-for-gender-justice.de\/pilgerevents\/gemeinsam-auf-dem-weg\/\">www.go-for-gender-justice.de\/pilgerevents\/gemeinsam-auf-dem-weg\/<\/a><\/h4>\n\n\n\n<p><em>Foto: lk\/Wagner<br>19.04.2022<\/em><\/p>\n","protected":false},"excerpt":{"rendered":"<div class=\"mh-excerpt\"><p>Uhu-Nachwuchs am Speyerer Dom Drei junge Uhus gesichtet Speyer &#8211; Die Freude am Dom ist gro\u00df: Es gibt wieder Uhu-Nachwuchs. Drei junge Uhus h\u00fcpfen bereits abseits des Nests herum und ein Uhu-Junges unternimmt bereits erste <a class=\"mh-excerpt-more\" href=\"https:\/\/speyer24news.com\/?p=45220\" title=\"Kirchen\">[&#8230;]<\/a><\/p>\n<\/div>","protected":false},"author":3,"featured_media":26096,"comment_status":"open","ping_status":"open","sticky":false,"template":"","format":"standard","meta":{"_monsterinsights_skip_tracking":false,"_monsterinsights_sitenote_active":false,"_monsterinsights_sitenote_note":"","_monsterinsights_sitenote_category":0,"footnotes":""},"categories":[120],"tags":[14090,14082,174,14085,187,2360,5132,14088,14089,14091,14092,14087,1824,2068,7554,10422,9693,121,14084,9417,14083,2069,14094,14093,10659,6888,6889,6890,14086],"aioseo_notices":[],"amp_enabled":true,"_links":{"self":[{"href":"https:\/\/speyer24news.com\/index.php?rest_route=\/wp\/v2\/posts\/45220"}],"collection":[{"href":"https:\/\/speyer24news.com\/index.php?rest_route=\/wp\/v2\/posts"}],"about":[{"href":"https:\/\/speyer24news.com\/index.php?rest_route=\/wp\/v2\/types\/post"}],"author":[{"embeddable":true,"href":"https:\/\/speyer24news.com\/index.php?rest_route=\/wp\/v2\/users\/3"}],"replies":[{"embeddable":true,"href":"https:\/\/speyer24news.com\/index.php?rest_route=%2Fwp%2Fv2%2Fcomments&post=45220"}],"version-history":[{"count":2,"href":"https:\/\/speyer24news.com\/index.php?rest_route=\/wp\/v2\/posts\/45220\/revisions"}],"predecessor-version":[{"id":45235,"href":"https:\/\/speyer24news.com\/index.php?rest_route=\/wp\/v2\/posts\/45220\/revisions\/45235"}],"wp:featuredmedia":[{"embeddable":true,"href":"https:\/\/speyer24news.com\/index.php?rest_route=\/wp\/v2\/media\/26096"}],"wp:attachment":[{"href":"https:\/\/speyer24news.com\/index.php?rest_route=%2Fwp%2Fv2%2Fmedia&parent=45220"}],"wp:term":[{"taxonomy":"category","embeddable":true,"href":"https:\/\/speyer24news.com\/index.php?rest_route=%2Fwp%2Fv2%2Fcategories&post=45220"},{"taxonomy":"post_tag","embeddable":true,"href":"https:\/\/speyer24news.com\/index.php?rest_route=%2Fwp%2Fv2%2Ftags&post=45220"}],"curies":[{"name":"wp","href":"https:\/\/api.w.org\/{rel}","templated":true}]}}