{"id":45236,"date":"2022-04-28T06:40:03","date_gmt":"2022-04-28T05:40:03","guid":{"rendered":"https:\/\/speyer24news.com\/?p=45236"},"modified":"2022-04-28T06:40:05","modified_gmt":"2022-04-28T05:40:05","slug":"polizei-791","status":"publish","type":"post","link":"https:\/\/speyer24news.com\/?p=45236","title":{"rendered":"Polizei"},"content":{"rendered":"<style type=\"text\/css\">\r\n\t.ads_top_disp{}\r\n\t.ads_top_corner_disp{ float:left; margin:0px 10px 10px 0px; }\r\n\t.ads_first_p_disp{}\r\n\t.ads_bottom_disp{}\r\n\t<\/style>\n<h2 class=\"wp-block-heading\">Polizeimeldungen vom Mittwoch (27.04.2022)<\/h2>\n\n\n\n<div class=\"wp-block-image\"><figure class=\"aligncenter size-full\"><img decoding=\"async\" loading=\"lazy\" width=\"375\" height=\"500\" src=\"https:\/\/speyer24news.com\/wp-content\/uploads\/2022\/03\/Aktuelles-Polizeilogo.jpg\" alt=\"\" class=\"wp-image-43591\" srcset=\"https:\/\/speyer24news.com\/wp-content\/uploads\/2022\/03\/Aktuelles-Polizeilogo.jpg 375w, https:\/\/speyer24news.com\/wp-content\/uploads\/2022\/03\/Aktuelles-Polizeilogo-225x300.jpg 225w\" sizes=\"(max-width: 375px) 100vw, 375px\" \/><\/figure><\/div>\n\n\n\n<h2 class=\"wp-block-heading\">(Speyer) &#8211; Frontalunfall mit hohem Sachschaden und zwei verletzten Personen<\/h2>\n\n\n\n<p>Am Dienstag, 26.04.2022, gegen 15.00 Uhr, befuhr eine 32j\u00e4hrige Speyererin mit ihrem Opel die Franz-Kirrmaier-Stra\u00dfe aus Richtung Auestra\u00dfe. Im H\u00f6he der Zufahrt zum Industriehof kam sie aufgrund eines pl\u00f6tzlichen Schw\u00e4cheanfalls nach links in den Gegenverkehr und rammte dort einen entgegenkommenden Ford Focus frontal. Der Fahrer, 32 Jahre, Speyer, wurde dabei leicht verletzt und wurde durch das verst\u00e4ndigte DRK in ein Krankenhaus zur weiteren Abkl\u00e4rung eingeliefert. Die Unfallverursacherin verletzte sich nur leicht am Knie (Prellung) Beide Fahrzeuge wurden total besch\u00e4digt &#8211; Gesamtschaden bel\u00e4uft sich auf ca. 22 000 Euro. Beide Fahrzeuge wurden abgeschleppt. F\u00fcr die Bergung der Fahrzeuge und die Unfallaufnahme musste die Franz-Kirrmaier-Stra\u00dfe zwischen 15:00 &#8211; 17:00 Uhr in beide Richtungen voll gesperrt werden. Es waren die Polizei, das DRK und die Feuerwehr Speyer im Einsatz.<\/p>\n\n\n\n<h2 class=\"wp-block-heading\">(Speyer) &#8211; Parf\u00fcmdiebstahl f\u00fchrt direkt ins Gef\u00e4ngnis<\/h2>\n\n\n\n<div class=\"wp-block-image\"><figure class=\"aligncenter size-full\"><img decoding=\"async\" loading=\"lazy\" width=\"800\" height=\"600\" src=\"https:\/\/speyer24news.com\/wp-content\/uploads\/2019\/06\/Ausn\u00fcchterungszelle.jpg\" alt=\"\" class=\"wp-image-15212\" srcset=\"https:\/\/speyer24news.com\/wp-content\/uploads\/2019\/06\/Ausn\u00fcchterungszelle.jpg 800w, https:\/\/speyer24news.com\/wp-content\/uploads\/2019\/06\/Ausn\u00fcchterungszelle-300x225.jpg 300w, https:\/\/speyer24news.com\/wp-content\/uploads\/2019\/06\/Ausn\u00fcchterungszelle-768x576.jpg 768w, https:\/\/speyer24news.com\/wp-content\/uploads\/2019\/06\/Ausn\u00fcchterungszelle-678x509.jpg 678w, https:\/\/speyer24news.com\/wp-content\/uploads\/2019\/06\/Ausn\u00fcchterungszelle-326x245.jpg 326w, https:\/\/speyer24news.com\/wp-content\/uploads\/2019\/06\/Ausn\u00fcchterungszelle-80x60.jpg 80w\" sizes=\"(max-width: 800px) 100vw, 800px\" \/><\/figure><\/div>\n\n\n\n<p>Am 26.04.2022 um 13:25 Uhr entwendete ein 37-J\u00e4hriger in einem Einkaufszentrum in der Maximilianstra\u00dfe mehrere Parf\u00fcms, indem er diese in seine Tragetasche steckte und den Kassenbereich passierte. Eine aufmerksame Zeugin verfolgte den Tatverd\u00e4chtigen und hielt telefonisch Kontakt zur Polizeileitstelle. Aufgrund der guten Zeugenangaben stellten die Beamten den Tatverd\u00e4chtigen wenig sp\u00e4ter am St. Guido-Stifts-Platz fest. Die acht entwendeten Parf\u00fcms im Wert von ca. 500 Euro befanden sich noch bei ihm. Im Verlauf der Kontrolle des 37-J\u00e4hrigen stellten die Beamten fest, dass gegen ihn ein Haftbefehl wegen fr\u00fcherer Delikte bestand. Schlie\u00dflich lieferten die Beamten den Tatverd\u00e4chtigen in eine Justizvollzugsanstalt ein und \u00fcbergaben das Diebesgut an das Einkaufszentrum.<\/p>\n\n\n\n<h2 class=\"wp-block-heading\">(Speyer) &#8211; Kontrollen der Polizei Speyer am Dienstag<\/h2>\n\n\n\n<p>Zwischen 7:30 Uhr und 8 Uhr f\u00fchrte die Polizei Schulwegkontrollen in der Kardinal-Wendel-Stra\u00dfe durch. Hierbei wurden zun\u00e4chst keine Verst\u00f6\u00dfe festgestellt. Kurz vor Schulbeginn erblickten die Beamten zwei Motorroller und nahmen per Dienstfahrzeug die Verfolgung auf, da an einem der Roller das Versicherungskennzeichen abgedeckt war. Nachdem der Blickkontakt zu den Rollern abriss, stellten die Beamten die Fahrzeuge wenig sp\u00e4ter geparkt in der Josef-Schmitt-Stra\u00dfe fest. Ermittlungen f\u00fchrten die Beamten zu den 18- und 15-j\u00e4hrigen Rollerfahrern, die sich im Nahbereich befanden. Der 15-J\u00e4hrige war im Besitz des Schl\u00fcssels f\u00fcr den Roller mit abgedecktem Kennzeichen, dessen H\u00f6chstgeschwindigkeit bei 50 km\/h liegen soll. Da der 15-J\u00e4hrige nicht im Besitz einer Fahrerlaubnis ist und da das Gef\u00e4hrt nicht versichert ist, werden gegen ihn Strafverfahren wegen Fahrens ohne Fahrerlaubnis und Versto\u00dfes gegen das Pflichtversicherungsgesetz eingeleitet. Au\u00dferdem stellten die Beamten den Motorroller mit dem Ziel der Verwertung sicher.<\/p>\n\n\n\n<p>Gegen 9 Uhr stellte eine Polizeistreife einen 26-J\u00e4hrigen auf einem E-Scooter ohne Versicherungskennzeichen in der Lebkuchengasse fest. Der Fahrer r\u00e4umte ein, das Gef\u00e4hrt ohne Versicherungsschutz gef\u00fchrt zu haben. Gegen ihn wurde ein Strafverfahren eingeleitet. Die Weiterfahrt wurde untersagt.<\/p>\n\n\n\n<p>Um 09:30 Uhr kontrollierte eine Polizeistreife einen 26-j\u00e4hrigen PKW-Fahrer in der Viehtriftstra\u00dfe. Dieser wies Anzeichen f\u00fcr eine akute Beeinflussung mit Rauschmitteln auf, weswegen ihm ein Urintest angeboten wurde. Der Test reagierte positiv auf Kokain. Dem 26-J\u00e4hrige wurde eine Blutprobe entnommen und ihm wurde die Weiterfahrt untersagt. Ihn erwartet ein Ordnungswidrigkeitsverfahren. Au\u00dferdem setzt die Polizei die F\u00fchrerscheinstelle in Kenntnis.<\/p>\n\n\n\n<h2 class=\"wp-block-heading\">(B\u00f6hl-Iggelheim) &#8211; Traktorfahrer nach Unfallflucht in B\u00f6hl-Iggelheim gesucht<\/h2>\n\n\n\n<p>Ein 15-J\u00e4hriger fuhr am 22.04.2022 gegen 17:15 Uhr mit seinem Mofa die Langgasse in B\u00f6hl-Iggelheim den Feldweg entlang. Dort kam ihm ein Traktor entgegen. Kurz bevor sich beide Fahrzeuge begegneten, scherte der Traktor pl\u00f6tzlich ein St\u00fcck nach links aus, wodurch der Mofafahrer ausweichen musste und ins Straucheln kam. Im Anschluss st\u00fcrzte der 15-J\u00e4hrige mit seinem Roller bei niedriger Geschwindigkeit in den Gr\u00fcnstreifen. Der Roller wurde leicht besch\u00e4digt, der Fahrer blieb unverletzt. Ein Kennzeichen konnte sich der 15-J\u00e4hrige nicht merken. Zeugen, die Angaben zu dem Unfallgeschehen machen k\u00f6nnen, werden gebeten, sich mit der Polizeiinspektion Schifferstadt unter 06235 495-0 oder\u00a0<a href=\"mailto:pischifferstadt@polizei.rlp.de\">pischifferstadt@polizei.rlp.de<\/a>\u00a0in Verbindung zu setzen.<\/p>\n\n\n\n<h2 class=\"wp-block-heading\">(Dudenhofen) &#8211; Betr\u00fcgerischer Anruf mit hoher Schadenssumme<\/h2>\n\n\n\n<div class=\"wp-block-image\"><figure class=\"aligncenter size-full\"><img decoding=\"async\" loading=\"lazy\" width=\"800\" height=\"539\" src=\"https:\/\/speyer24news.com\/wp-content\/uploads\/2020\/02\/important-1702878_1280.png\" alt=\"\" class=\"wp-image-25020\" srcset=\"https:\/\/speyer24news.com\/wp-content\/uploads\/2020\/02\/important-1702878_1280.png 800w, https:\/\/speyer24news.com\/wp-content\/uploads\/2020\/02\/important-1702878_1280-300x202.png 300w, https:\/\/speyer24news.com\/wp-content\/uploads\/2020\/02\/important-1702878_1280-768x517.png 768w\" sizes=\"(max-width: 800px) 100vw, 800px\" \/><\/figure><\/div>\n\n\n\n<p>Am 26.04.2022 gegen 09:30 Uhr riefen unbekannte T\u00e4ter bei einer 83-J\u00e4hrigen aus Dudenhofen an. Zun\u00e4chst t\u00e4uschte eine unbekannte T\u00e4terin hochemotional vor, die Tochter der Angerufenen zu sein und soeben einen schweren Verkehrsunfall verursacht zu haben, der zum Tod eines Menschen gef\u00fchrt habe. Ein m\u00e4nnlicher T\u00e4ter \u00fcbernahm das Gespr\u00e4ch und gab sich als Rechtsanwalt aus, der die 83-J\u00e4hrige zur Abwendung einer angeblichen Gef\u00e4ngnisstrafe f\u00fcr ihre Tochter zur Zahlung einer Kaution in H\u00f6he von 140.000 Euro aufforderte und nach Bargeld oder Schmuck fragte. Der angebliche Rechtsanwalt forderte die 83-J\u00e4hrige im weiteren Verlauf dazu auf, mit einer T\u00fcte voller Bargeld und Schmuck auf die Stra\u00dfe zu gehen, wo ein Mann die T\u00fcte entgegennehmen und zum vermeintlichen Oberstaatsanwalt bringen werde. Die 83-J\u00e4hrige \u00fcbergab schlie\u00dflich eine T\u00fcte mit Schmuck und Bargeld im hohen f\u00fcnfstelligen Wert an einen unbekannten T\u00e4ter auf der Stra\u00dfe.<\/p>\n\n\n\n<h4 class=\"wp-block-heading\">Die Polizei r\u00e4t:<\/h4>\n\n\n\n<ul><li><strong>Mitarbeiter und Mitarbeiterinnen von Firmen oder Beh\u00f6rden werden Sie am Telefon nicht bitten, Geld zu \u00fcberweisen.<\/strong><\/li><li><strong>Wenn Sie das Gef\u00fchl haben, dass Sie einen Betr\u00fcger in der Leitung haben, fragen Sie den Anrufer nach einer Erreichbarkeit, unter der Sie zur\u00fcckrufen k\u00f6nnen und rufen Sie bei der Firma oder Beh\u00f6rde direkt an, um herauszufinden, ob es diesen Mitarbeiter wirklich gibt.<\/strong><\/li><li><strong>Geben Sie am Telefon keine Ausk\u00fcnfte \u00fcber Ihre finanziellen Verh\u00e4ltnisse.<\/strong><\/li><li><strong>Geben Sie niemals pers\u00f6nliche Informationen weiter: keine Telefonnummern und Adressen, Kontodaten, Bankleitzahlen, Kreditkartennummern oder \u00c4hnliches.<\/strong><\/li><li><strong>Denken Sie daran: Die Polizei wird Sie niemals um Geldbetr\u00e4ge bitten oder dazu auffordern, Geld oder Wertsachen herauszugeben.<\/strong><\/li><li><strong>Lassen Sie Ihren Vornamen im Telefonbuch abk\u00fcrzen. So k\u00f6nnen die T\u00e4ter Sie nicht mehr ausfindig machen. Zum \u00c4ndern eines Telefonbucheintrags wenden Sie sich an ihren Telefonanbieter.<\/strong><\/li><li><strong>Weisen Sie unberechtigte Geldforderungen zur\u00fcck.Lassen Sie sich am Telefon nicht unter Druck setzen! Geben Sie den Betr\u00fcgern keine Chance und legen Sie einfach den H\u00f6rer auf! Nur so werden Sie Betr\u00fcger los.<\/strong><\/li><li><strong>Lassen Sie sich am Telefon nicht unter Druck setzen! Geben Sie den Betr\u00fcgern keine Chance und legen Sie einfach den H\u00f6rer auf! Nur so werden Sie Betr\u00fcger los.<\/strong><\/li><li><strong>Wenden Sie sich auf jeden Fall an die Polizei, wenn Sie einen verd\u00e4chtigen Anruf erhalten haben. Benutzen Sie dabei nicht die R\u00fcckruftaste, da Sie sonst m\u00f6glicherweise wieder bei den Betr\u00fcgern landen, sondern suchen Sie die Nummer selbst heraus.<\/strong><\/li><\/ul>\n\n\n\n<h2 class=\"wp-block-heading\">(Lingenfeld) &#8211; Verkehrskontrollen am Hirschgraben<\/h2>\n\n\n\n<p>Zwischen 8:30 Uhr und 9:15 Uhr wurde durch die Polizei Germersheim am 27.4.2022 eine Verkehrs\u00fcberwachung im Bereich Hirschgraben in Lingenfeld durchgef\u00fchrt. Hierbei wurden vier Verst\u00f6\u00dfe gegen das Durchfahrtsverbot festgestellt und geahndet. Weiterhin wiesen zwei Fahrzeuge M\u00e4ngel auf; entsprechende Kontrollaufforderungen wurden ausgestellt.<\/p>\n\n\n\n<h2 class=\"wp-block-heading\">(Lingenfeld) &#8211; Goldberghalle mit Farbe bespr\u00fcht<\/h2>\n\n\n\n<p>Am vergangenen Wochenende bespr\u00fchten bislang unbekannte T\u00e4ter die Fassade der Goldberghalle mit Farbe. Die genaue Schadensh\u00f6he ist noch nicht bekannt. Die Polizei Germersheim hat die entsprechenden Ermittlungen aufgenommen und bittet alle Zeugen sich unter der Telefonnummer 07274-9580 oder per Mail an\u00a0<a href=\"mailto:pigermersheim@polizei.rlp.de\">pigermersheim@polizei.rlp.de<\/a>\u00a0zu melden.<\/p>\n\n\n\n<h2 class=\"wp-block-heading\">(Lustadt) &#8211; R\u00fccksichtslos \u00fcberholt und Unfall verursacht<\/h2>\n\n\n\n<p>Dienstagabend fuhr ein 46-j\u00e4hriger Autofahrer auf der Bundesstra\u00dfe 272 in Richtung Landau. Gegen 22:30 Uhr wollte er auf die Kreisstra\u00dfe 2 in Richtung Lustadt abbiegen. Der hinter ihm fahrende Autofahrer \u00fcberholte ihn verbotenerweise \u00fcber die Abbiegespur. Der 46-J\u00e4hrige brach sein Abbiegevorgang ab, wich nach rechts aus und kollidierte mit der Leitplanke. Der r\u00fccksichtslose Unfallverursacher fl\u00fcchtete anschlie\u00dfend \u00fcber die B272 in Richtung Landau. Der Sachschaden bel\u00e4uft sich auf etwa 10.000 Euro. Die Polizeiinspektion Germersheim hat die Ermittlungen aufgenommen und bittet alle Zeugen sich unter der Telefonnummer 07274-9580 oder per Mail an\u00a0<a href=\"mailto:pigermersheim@polizei.rlp.de\">pigermersheim@polizei.rlp.de<\/a>\u00a0zu melden.<\/p>\n\n\n\n<h2 class=\"wp-block-heading\">(Bellheim) &#8211; Mofafahrerin zu schnell unterwegs<\/h2>\n\n\n\n<p>Eine 15-j\u00e4hrige Mofafahrerin befuhr gestern Nachmittag den Adenauerring in Bellheim. Beim Bremsvorgang verlor sie aufgrund nicht angepasster Geschwindigkeit die Kontrolle \u00fcber ihr Fahrzeug und st\u00fcrzte. Gl\u00fccklicherweise wurde die junge Frau bei ihrem Sturz nur leicht verletzt.<\/p>\n\n\n\n<h2 class=\"wp-block-heading\">(R\u00fclzheim) &#8211; Gut sichtbare Kontrollen, ern\u00fcchterndes Ergebnis<\/h2>\n\n\n\n<p>Am 27.4.2022 zwischen 9:00 Uhr und 11:00 Uhr sowie zwischen 12:30 Uhr und 14:00 Uhr wurden in R\u00fclzheim, am Kreisverkehr Friedhof \/ Rheinzaberner Stra\u00dfe, ebenfalls durch die Polizeiinspektion Germersheim Verkehrskontrollen durchgef\u00fchrt.<\/p>\n\n\n\n<p>Angesichts der gut sichtbaren Kontrollkr\u00e4fte kann das Ergebnis als ern\u00fcchternd f\u00fcr die Verkehrssicherheit betrachtet werden: Insgesamt ergaben sich 25 Gurtverst\u00f6\u00dfe, ein ungesichertes Kind sowie zwei Handyverst\u00f6\u00dfe.<\/p>\n\n\n\n<p>Neben diesen Feststellungen mussten zudem f\u00fcr 22 Fahrzeuge Kontrollaufforderungen aufgrund festgestellter M\u00e4ngel ausgestellt werden.<\/p>\n\n\n\n<p>Einem weiteren Fahrzeugf\u00fchrer musste aufgrund seiner Alkoholisierung die Weiterfahrt untersagt werden.<\/p>\n\n\n\n<p>Zuletzt konnte noch ein Versto\u00df gegen das Waffengesetz durch das Mitf\u00fchren eines entsprechenden Messers festgestellt werden.<\/p>\n\n\n\n<h2 class=\"wp-block-heading\">(Waldrohrbach-Birkenh\u00f6rdt &amp; Steinfeld) &#8211; Verkehrskontrollen<\/h2>\n\n\n\n<div class=\"wp-block-image\"><figure class=\"aligncenter size-full\"><img decoding=\"async\" loading=\"lazy\" width=\"500\" height=\"699\" src=\"https:\/\/speyer24news.com\/wp-content\/uploads\/2022\/04\/Ladung2.jpg\" alt=\"\" class=\"wp-image-45237\" srcset=\"https:\/\/speyer24news.com\/wp-content\/uploads\/2022\/04\/Ladung2.jpg 500w, https:\/\/speyer24news.com\/wp-content\/uploads\/2022\/04\/Ladung2-215x300.jpg 215w\" sizes=\"(max-width: 500px) 100vw, 500px\" \/><\/figure><\/div>\n\n\n\n<p>Am Dienstag, 26.04.2022, f\u00fchrten Beamte der Polizeiinspektion Bad Bergzabern in Waldrohrbach eine Geschwindigkeitskontrolle durch. Hier musste nur ein Verkehrsteilnehmer mit einem Verwarnungsgeld sanktioniert werden. In der Ortsdurchfahrt Birkenh\u00f6rdt, 30-Km\/h-Bereich waren zwischen 09:00 und 10:00 Uhr gleich 12 Verkehrsteilnehmer zu schnell unterwegs. Ein Fahrzeugf\u00fchrer hatte zudem das Mobiltelefon verbotenerweise w\u00e4hrend der Fahrt benutzt. In Steinfeld auf der L 546 wurden bei einer Geschwindigkeitskontrolle zwischen 11:00 und 11:45 Uhr, insgesamt 9 Verkehrsteilnehmer mit einem Verwarnungsgeld belegt. Der Fahrer eines Pick-up hatte das geladene D\u00e4mmungsmaterial nicht ordnungsgem\u00e4\u00df gesichert und durfte bis zur vorschriftsm\u00e4\u00dfigen Sicherung nicht weiterfahren.<\/p>\n\n\n\n<h2 class=\"wp-block-heading\">(Klingenm\u00fcnster) &#8211; Polizeibeamte t\u00e4tlich angegriffen und verletzt<\/h2>\n\n\n\n<div class=\"wp-block-image\"><figure class=\"aligncenter size-full\"><img decoding=\"async\" loading=\"lazy\" width=\"800\" height=\"533\" src=\"https:\/\/speyer24news.com\/wp-content\/uploads\/2021\/11\/Schlaegerei.jpg\" alt=\"\" class=\"wp-image-42366\" srcset=\"https:\/\/speyer24news.com\/wp-content\/uploads\/2021\/11\/Schlaegerei.jpg 800w, https:\/\/speyer24news.com\/wp-content\/uploads\/2021\/11\/Schlaegerei-300x200.jpg 300w, https:\/\/speyer24news.com\/wp-content\/uploads\/2021\/11\/Schlaegerei-768x512.jpg 768w\" sizes=\"(max-width: 800px) 100vw, 800px\" \/><\/figure><\/div>\n\n\n\n<p>Am Mittwoch, 27.04.22, gegen 05:50 Uhr, wurden in der Steinstra\u00dfe drei Personen einer polizeilichen Kontrolle unterzogen, nachdem sie zuvor auf der Fahrbahn liefen und den Fahrzeugverkehr behinderten. Im Rahmen der Personenkontrolle schlug einer der drei unter Alkoholeinfluss stehenden Personen gegen das Polizeifahrzeug. Der Aufforderung dies zu unterlassen kam die Person nicht nach, sondern schlug einem eingesetzten Polizeibeamten unvermittelt ins Gesicht. Der Schl\u00e4ger konnte zu Boden gebracht und gefesselt werden. W\u00e4hrend der Ma\u00dfnahmen beleidigte und bespuckte der 27-J\u00e4hrige zudem die eingesetzten Beamten. Die beiden Polizeibeamten im Alter von 40 und 52 Jahren wurden leicht verletzt. Dem Aggressor wurde anschlie\u00dfend eine Blutprobe entnommen und mehrere Strafverfahren eingeleitet. Im Rahmen der sp\u00e4teren \u00dcberpr\u00fcfung wurde in der n\u00e4heren Umgebung der Kontroll\u00f6rtlichkeit ein, vermutlich von der Gruppe demolierter schwarzer Pkw VW Golf festgestellt. Hinweise nimmt die Polizeiinspektion Bad Bergzabern unter 06343\/93340 oder&nbsp;<a href=\"mailto:pibadbergzabern@polizei.rlp.de\">pibadbergzabern@polizei.rlp.de<\/a>&nbsp;entgegen.<\/p>\n\n\n\n<h2 class=\"wp-block-heading\">(Leinsweiler) &#8211; Mann mit Messer verletzt<\/h2>\n\n\n\n<p>In der Nacht auf Mittwoch, 27.04.2022, wurde gegen Mitternacht ein 26-J\u00e4hriger in seinem Zimmer von seinem 29-j\u00e4hrigen Mitbewohner mit einem Messer angegriffen. Ein 33-J\u00e4hriger soll dem Angreifer geholfen haben, indem er den 26-J\u00e4hrigen festhielt. Der Angegriffene konnte sich losrei\u00dfen und fl\u00fcchten. Der 26-j\u00e4hrige erlitt ein tiefe Schnittverletzung im Gesicht und musste im Krankenhaus behandelt werden. Die Ermittlungen zum Tatgeschehen und den Hintergr\u00fcnden dauern an.<\/p>\n\n\n\n<h2 class=\"wp-block-heading\">(Edenkoben) &#8211; 38-J\u00e4hrige leicht alkoholisiert<\/h2>\n\n\n\n<p>Eine 38 Jahre alte Frau aus dem Kreis D\u00dcW wurde am sp\u00e4ten Abend (26.04.2022, 23.40 Uhr) in der Staatstra\u00dfe kontrolliert. Bei der Kontrolle schlug den Beamten aus dem Wagen Alkoholgeruch entgegen, weshalb die Fahrerin zum Test gebeten wurde. Weil sie 0,42 Promille pustete, musste sie ihr Fahrzeug stehen lassen. Die Polizei warnt: Alkoholkonsum f\u00fchrt zu verlangsamter Reaktion, Enthemmung und Situationsverkennung.<\/p>\n\n\n\n<h2 class=\"wp-block-heading\">(Edenkoben) &#8211; Zugedr\u00f6hnt zur Polizei<\/h2>\n\n\n\n<p>Ein 25 Jahre alter Autofahrer aus Neustadt erschien am Dienstagmorgen (26.04.2022) auf der Dienststelle, um seine Fahrerlaubnis abzuholen, die ihm am vergangenen Samstag sichergestellt wurde, weil er unter Drogeneinfluss mit seinem Fahrzeug am \u00f6ffentlichen Stra\u00dfenverkehr teilnahm. Da seine Reaktionsf\u00e4higkeit erheblich eingeschr\u00e4nkt war und er zudem sehr ger\u00f6tete und w\u00e4ssrige Augen hatte, wurde er erneut zum Schnelltest gebeten. Der Fahrzeugschl\u00fcssel wurde ihm nicht ausgeh\u00e4ndigt, weil er wiederholt unter Drogeneinfluss stand. Die Polizei warnt: Der Abbau bei den meisten Drogen ist je nach Person unterschiedlich. Werden mehrere gleichzeitig unterschiedliche Drogen konsumiert, wird der Auf- und Abbau von einzelnen Substanzen durch die gegenseitige Beeinflussung v\u00f6llig unkalkulierbar. Schlimmstenfalls besteht eine Wirkung noch nach Tagen. Man f\u00fchlt sich l\u00e4ngst wieder &#8222;normal&#8220;. Tats\u00e4chlich ist man jedoch noch beispielsweise in der Reaktions- oder Konzentrationsf\u00e4higkeit eingeschr\u00e4nkt. Das Fahren wird zum nicht mehr \u00fcbersehbaren Risiko.<\/p>\n\n\n\n<h2 class=\"wp-block-heading\">(Neustadt) &#8211; Berauscht auf dem Nachhauseweg<\/h2>\n\n\n\n<p>Am 28.04.2022 um 02:00 Uhr wurde ein 30-J\u00e4hriger aus Neustadt auf der L516 zwischen Neustadt\/W. und Maikammer mit seinem Fahrzeug einer anlassunabh\u00e4ngigen Verkehrskontrolle unterzogen. Dieser befand sich zu diesem Zeitpunkt auf dem Heimweg. Im Rahmen der \u00dcberpr\u00fcfung der Verkehrst\u00fcchtigkeit des Mannes konnten mehrere Auff\u00e4lligkeiten festgestellt werden, welche auf einen zeitnahen Bet\u00e4ubungsmittelkonsum hindeuteten. Aufgrund dieser Tatsache musste der Neustadter die Beamten auf die Dienststelle begleiten, wo ihm eine Blutprobe entnommen wurde. Der Fahrzeugschl\u00fcssel des Mannes wurde beschlagnahmt. Diesen erwartet nun ein Straf-, sowie ein Ordnungswidrigkeitenverfahren. Zudem wird die zust\u00e4ndige F\u00fchrerscheinstelle \u00fcber den Vorfall in Kenntnis gesetzt.<\/p>\n\n\n\n<h2 class=\"wp-block-heading\">(Neustadt) &#8211; Eigene Anzeigenerstattung f\u00fchrt zu Trunkenheitsfahrt<\/h2>\n\n\n\n<p>Eine 29-j\u00e4hrige Frau aus Neustadt\/W. teilte am 27.04.2022 um 23:30 Uhr mit, dass sie Streit mit ihrer Nachbarin habe und von dieser auch beleidigt und bedroht wurde. Nach Eintreffen der eingesetzten Beamten vor Ort konnte neben der durch die Neustadterin erl\u00e4uterten Straftaten festgestellt werden, dass diese vor dem Eintreffen der Streife mit ihrem Fahrzeug an die \u00d6rtlichkeit gefahren ist. Bei der 29-J\u00e4hrigen konnten im weiteren Verlauf drogentypische Auff\u00e4lligkeiten festgestellt werden, welche durch einen Vortest in der hiesigen Dienststelle best\u00e4tigt werden konnten. Daher musste diese eine Blutprobe abgeben und ihren Fahrzeugschl\u00fcssel einer Bekannten \u00fcbergeben. Die Dame erwartet nun ein Strafverfahren-, sowie ein Ordnungswidrigkeitenverfahren. Des Weiteren wird die zust\u00e4ndige F\u00fchrerscheinstelle \u00fcber den Sachverhalt informiert.<\/p>\n\n\n\n<h2 class=\"wp-block-heading\">(Neustadt-Geinsheim) &#8211; Verkehrsunfall mit schwerverletztem Motorradfahrer<\/h2>\n\n\n\n<p>Am Mittwoch, den 27.04.2022, befuhr ein 70-j\u00e4hriger Neustadter gegen 17:30Uhr mit seinem Motorrad die L530 von Geinsheim kommend in Fahrtrichtung Ha\u00dfloch. In einer Linkskurve verlor er die Kontrolle \u00fcber sein Fahrzeug, kam von der Fahrbahn ab und kollidierte im weiteren Verlauf, nachdem er sein Motorrad wieder zur\u00fcck auf die Fahrbahn gelenkt hatte, mit dem Anh\u00e4nger eines entgegenkommenden PKWs. Durch den Zusammensto\u00df st\u00fcrzte der Motorradfahrer zu Boden und rutschte in einen bereits stehenden PKW eines weiteren Unfallbeteiligten. Aufgrund der beschriebenen Ereignisse wurde der Motorradfahrer schwer verletzt und musste mittels Rettungshubschrauber in ein Krankenhaus geflogen werden. Die \u00fcbrigen Unfallbeteiligten wurden vor Ort psychologisch betreut. Im Rahmen der Unfallaufnahme musste die gesamte L530 zwischen Ha\u00dfloch und Geinsheim f\u00fcr 2,5 Stunden voll gesperrt werden.<\/p>\n\n\n\n<h2 class=\"wp-block-heading\">(Ha\u00dfloch) &#8211; Zeugen gesucht nach K\u00f6rperverletzung im Supermarkt<\/h2>\n\n\n\n<p>Am Mittwoch, den 27.04.2022 kam es gegen 10:55 Uhr im Kassenbereich eines Supermarktes in der Lindenstra\u00dfe in Ha\u00dfloch zu einer verbalen und k\u00f6rperlichen Auseinandersetzung zwischen einer 40j\u00e4hrigen Frau und einem 52j\u00e4hrigen Mann. Die Zwistigkeiten setzten sich auf dem Parkplatz des Supermarktes fort, wo anschlie\u00dfend noch weitere Personen involviert wurden. Zeugen des Geschehens werden gebeten, sich mit der Polizeiinspektion Ha\u00dfloch in Verbindung zu setzen.<\/p>\n\n\n\n<h2 class=\"wp-block-heading\">(Ha\u00dfloch) &#8211; T\u00f6tungsdelikt \/ Tatverd\u00e4chtiger vorl\u00e4ufig festgenommen<\/h2>\n\n\n\n<h3 class=\"wp-block-heading\">Gemeinsame Pressemitteilung von Staatsanwaltschaft Frankenthal und Polizeipr\u00e4sidium Rheinpfalz<\/h3>\n\n\n\n<div class=\"wp-block-image\"><figure class=\"aligncenter size-full\"><img decoding=\"async\" loading=\"lazy\" width=\"800\" height=\"533\" src=\"https:\/\/speyer24news.com\/wp-content\/uploads\/2020\/06\/Zelle.jpg\" alt=\"\" class=\"wp-image-28203\" srcset=\"https:\/\/speyer24news.com\/wp-content\/uploads\/2020\/06\/Zelle.jpg 800w, https:\/\/speyer24news.com\/wp-content\/uploads\/2020\/06\/Zelle-300x200.jpg 300w, https:\/\/speyer24news.com\/wp-content\/uploads\/2020\/06\/Zelle-768x512.jpg 768w\" sizes=\"(max-width: 800px) 100vw, 800px\" \/><\/figure><\/div>\n\n\n\n<p>Am Dienstagmorgen (26.04.2022) wurde in einer Kleingartenanlage (Neustadter Stra\u00dfe\/Pfalzm\u00fchlenweg) in Ha\u00dfloch ein toter Mann aufgefunden. Bei dem Verstorbenen handelt es sich um den 62-j\u00e4hrigen Nutzer des Gartengrundst\u00fcckes. Die festgestellten Verletzungen und die Spurenlage lassen auf ein T\u00f6tungsdelikt schlie\u00dfen.<\/p>\n\n\n\n<p>Die Staatsanwaltschaft Frankenthal und die Kriminalpolizei Ludwigshafen haben die Ermittlungen aufgenommen.<\/p>\n\n\n\n<p>Ein 43-j\u00e4hriger Tatverd\u00e4chtiger wurde am 26.04.2022 vorl\u00e4ufig festgenommen und wird im Laufe des Tages dem Haftrichter vorgef\u00fchrt. Die Obduktion der Leiche soll zeitnah stattfinden.<\/p>\n\n\n\n<p>Aus ermittlungstaktischen Gr\u00fcnden k\u00f6nnen derzeit keine weiteren Informationen ver\u00f6ffentlicht werden. Es wird unaufgefordert nachberichtet.<\/p>\n\n\n\n<h4 class=\"wp-block-heading\">Die Polizei sucht Zeugen, die zur Tataufkl\u00e4rung beitragen k\u00f6nnen: <\/h4>\n\n\n\n<ul><li><strong>Wer hat in der Zeit vom 25.04., ca. 23:00 Uhr, bis zum 26.04.2022, 07:30 Uhr, etwas Auff\u00e4lliges oder Ungew\u00f6hnliches in der Kleingartenanlage gesehen?<\/strong><\/li><\/ul>\n\n\n\n<p>Sachdienliche Hinweise nimmt die Kriminalpolizei Ludwigshafen unter der Telefonnummer 0621\/963-2773 oder per E-Mail\u00a0<a target=\"_blank\" rel=\"noreferrer noopener\" href=\"mailto:kiludwigshafen.k1.kdd@polizei.rlp.de\">kiludwigshafen.k1.kdd@polizei.rlp.de<\/a>\u00a0entgegen.<\/p>\n\n\n\n<h3 class=\"has-text-align-center wp-block-heading\">1. Nachtrag zur Pressemeldung vom 26.04.2022<\/h3>\n\n\n\n<h4 class=\"wp-block-heading\">Gemeinsame Pressemitteilung von Staatsanwaltschaft Frankenthal und Polizeipr\u00e4sidium Rheinpfalz<\/h4>\n\n\n\n<p>Der bereits gestern vorl\u00e4ufig festgenommene 43-j\u00e4hrige Tatverd\u00e4chtige wurde heute (27.04.2022) dem Haftrichter des Amtsgerichts Frankenthal vorgef\u00fchrt. Dabei machte er keine Angaben zur Sache. Der Haftrichter erlie\u00df auf Antrag der Staatsanwaltschaft Frankenthal Untersuchungshaftbefehl wegen des dringenden Verdachts des Totschlages. Der Beschuldigte kam in eine Justizvollzugsanstalt.<\/p>\n\n\n\n<p>Nach dem Ergebnis der heutigen Obduktion des 62-J\u00e4hrigen war ein inneres Verbluten nach einem Stich in den Oberk\u00f6rper todesurs\u00e4chlich.<\/p>\n\n\n\n<p>Die Ermittlungen der Staatsanwaltschaft Frankenthal und der Kriminalpolizei Ludwigshafen zu den Umst\u00e4nden der Tat, insbesondere zu dem Motiv, dauern weiter an.<\/p>\n\n\n\n<p>Sachdienliche Hinweise nimmt die Kriminalpolizei Ludwigshafen unter der Telefonnummer 0621\/963-2773 oder per E-Mail\u00a0<a href=\"mailto:kiludwigshafen.k1.kdd@polizei.rlp.de\">kiludwigshafen.k1.kdd@polizei.rlp.de<\/a>\u00a0entgegen.<\/p>\n\n\n\n<h2 class=\"wp-block-heading\">(Maxdorf) &#8211; 1. B\u00fcrgerforum &#8222;Betrugsdelikte&#8220;<\/h2>\n\n\n\n<div class=\"wp-block-image\"><figure class=\"aligncenter size-full\"><img decoding=\"async\" loading=\"lazy\" width=\"500\" height=\"672\" src=\"https:\/\/speyer24news.com\/wp-content\/uploads\/2022\/04\/Plakat_Buergerforum_Maxdorf.jpg\" alt=\"\" class=\"wp-image-45238\" srcset=\"https:\/\/speyer24news.com\/wp-content\/uploads\/2022\/04\/Plakat_Buergerforum_Maxdorf.jpg 500w, https:\/\/speyer24news.com\/wp-content\/uploads\/2022\/04\/Plakat_Buergerforum_Maxdorf-223x300.jpg 223w\" sizes=\"(max-width: 500px) 100vw, 500px\" \/><\/figure><\/div>\n\n\n\n<p>Insbesondere \u00e4ltere Menschen werden mit immer neuen Betrugsmaschen konfrontiert. Die Betr\u00fcger sind erfinderisch und passen Ihr Vorgehen immer wieder an. Der Seniorenbeirat der Verbandsgemeinde Maxdorf in Kooperation mit der Polizeiwache Maxdorf m\u00f6chte in einem B\u00fcrgerforum am <strong>Mittwoch, 04 Mai 2022<\/strong>, von 18:00 bis 20:00 Uhr, im Dorfgemeinschaftshaus Birkenheide, Eyersheimer Stra\u00dfe 11, \u00fcber Betrugsdelikte informieren und sich mit den B\u00fcrgerinnen und B\u00fcrgern auszutauschen. Hierzu laden wir alle B\u00fcrgerinnen und B\u00fcrger recht herzlich ein.<\/p>\n\n\n\n<h2 class=\"wp-block-heading\">(Pr\u00e4sidialbereich Rheinpfalz) &#8211; Geschwindigkeitskontrollen des Polizeipr\u00e4sidiums Rheinpfalz im Mai 2022<\/h2>\n\n\n\n<div class=\"wp-block-image\"><figure class=\"aligncenter size-full\"><img decoding=\"async\" loading=\"lazy\" width=\"800\" height=\"450\" src=\"https:\/\/speyer24news.com\/wp-content\/uploads\/2020\/12\/Blitzer-Logo.jpg\" alt=\"\" class=\"wp-image-31938\" srcset=\"https:\/\/speyer24news.com\/wp-content\/uploads\/2020\/12\/Blitzer-Logo.jpg 800w, https:\/\/speyer24news.com\/wp-content\/uploads\/2020\/12\/Blitzer-Logo-300x169.jpg 300w, https:\/\/speyer24news.com\/wp-content\/uploads\/2020\/12\/Blitzer-Logo-768x432.jpg 768w, https:\/\/speyer24news.com\/wp-content\/uploads\/2020\/12\/Blitzer-Logo-678x381.jpg 678w\" sizes=\"(max-width: 800px) 100vw, 800px\" \/><\/figure><\/div>\n\n\n\n<h4 class=\"wp-block-heading\">Im Bereich der<strong> Polizeidirektion Ludwigshafen <\/strong>finden wie folgt Kontrollen statt:<\/h4>\n\n\n\n<ul><li><strong>Freitag, den 06.05.2022, im Bereich Dudenhofen<\/strong><\/li><li><strong>Donnerstag, den 12.05.2022, im Bereich Altrip<\/strong><\/li><li><strong>Mittwoch, den 18.05.2022, im Bereich Ludwigshafen<\/strong><\/li><li><strong>Dienstag, den 24.05.2022, im Bereich Lambsheim<\/strong><\/li><\/ul>\n\n\n\n<h4 class=\"wp-block-heading\">Im Bereich der<strong> Polizeidirektion Landau<\/strong> finden wie folgt Kontrollen statt:<\/h4>\n\n\n\n<ul><li><strong>Montag, den 02.05.2022, im Bereich Freimersheim<\/strong><\/li><li><strong>Dienstag, den 10.05.2022, im Bereich G\u00f6cklingen<\/strong><\/li><li><strong>Montag, den 16.05.2022, im Bereich Edesheim<\/strong><\/li><li><strong>Freitag, den 27.05.2022, im Bereich Bad Bergzabern<\/strong><\/li><\/ul>\n\n\n\n<h4 class=\"wp-block-heading\">Im Bereich der <strong>Polizeidirektion Neustadt<\/strong> finden wie folgt Kontrollen statt:<\/h4>\n\n\n\n<ul><li><strong>Mittwoch, 04.05.2022, im Bereich Deidesheim<\/strong><\/li><li><strong>Donnerstag, den 05.05.2022, in Bereich Meckenheim<\/strong><\/li><li><strong>Mittwoch, den 11.05.2022, im Bereich Ruppertsberg<\/strong><\/li><li><strong>Dienstag, den 24.05.2022, im Bereich Weisenheim am Berg<\/strong><\/li><\/ul>\n\n\n\n<p>Die Polizei weist ausdr\u00fccklich darauf hin, dass Geschwindigkeitskontrollen auch au\u00dferhalb der genannten Zeiten und \u00d6rtlichkeiten stattfinden.<\/p>\n\n\n\n<h2 class=\"wp-block-heading\">(Ludwigshafen) &#8211; Schl\u00e4gerei rechtzeitig verhindert<\/h2>\n\n\n\n<p>Mehrere Zeugen meldeten sich am Dienstagabend (26.04.2022), um 20.55 Uhr, dass eine Schl\u00e4gerei zwischen drei M\u00e4nnern bevorstehen w\u00fcrde. Die Polizei traf die M\u00e4nner im Bereich der Roonstra\u00dfe an, die im Begriff waren sich in diesem Moment zu schlagen. Die Polizeibeamten schritten sofort ein und trennte die M\u00e4nner. Alle M\u00e4nner im Alter von 33 bis 43 Jahren waren stark alkoholisiert (1,72 bis 1,86 Promille). Ein 41-J\u00e4hriger Mann verhielt sich derart aggressiv, dass er die Nacht im Polizeigewahrsam verbringen musste.<\/p>\n\n\n\n<p>Sachdienliche Hinweise bitte an die Polizeiinspektion Ludwigshafen 1, Telefonnummer 0621 963-2122 oder per E-Mail&nbsp;<a href=\"mailto:piludwigshafen1@polizei.rlp.de\">piludwigshafen1@polizei.rlp.de<\/a>&nbsp;.<\/p>\n\n\n\n<h2 class=\"wp-block-heading\">(Ludwigshafen) &#8211; Betrunken Unfall verursacht und abgehauen<\/h2>\n\n\n\n<p>Einem 21-J\u00e4hrigen wurde am Dienstag (26.04.2022) eine Blutprobe entnommen, weil er zuvor alkoholisiert einen Unfall verursacht hatte. Gegen 19 Uhr meldeten sich ein 33-J\u00e4hriger bei der Polizei und teilte mit, dass ein Mann mit einem PKW r\u00fcckw\u00e4rts gegen sein geparkten PKW gefahren sei. Anschlie\u00dfend fl\u00fcchtete der Unfallverursacher zu Fu\u00df. W\u00e4hrend der polizeilichen Unfallaufnahme vor Ort erschien der Fl\u00fcchtige und gab vor, nichts von einem Zusammensto\u00df bemerkt zu haben. Hierbei bemerkte die Polizeibeamten den starken Atemalkoholgeruch des 21-j\u00e4hrigen Unfallverursachers. Ein Atemalkoholtest ergab einen Promillewert von 1,63. Im Anschluss wurde ihm eine Blutprobe entnommen. Den F\u00fchrerschein stellte die Polizei sicher. Insgesamt entstand ein Sachschaden in H\u00f6he von 600 Euro.<\/p>\n\n\n\n<h2 class=\"wp-block-heading\">(Ludwigshafen) &#8211; Versuchte Betrugsf\u00e4lle am Telefon<\/h2>\n\n\n\n<p>Am Dienstag (26.04.2022) wurden im Stadtgebiet wieder Betrugsversuche am Telefon registriert. Zun\u00e4chst versuchte ein angeblicher Sparkassenmitarbeiter an die Kontodaten einer 68-J\u00e4hrigen zu gelangen. Dieser Versuch misslang, da die Frau sofort den Betrug erkannte. In einem weiteren Fall meldete sich eine unbekannte Frau bei einem 88-J\u00e4hrigen und teilte ihm mit, dass dessen Sohn angeblich schwer verletzt in einem Krankenhaus und zwingend auf ein teures Medikament (27.000 Euro) angewiesen sei. Als der Senior nach dem zust\u00e4ndigen Arzt verlangte, legte die Frau auf. Ein 84-J\u00e4hriger wurde von einer unbekannten Frau angerufen, die sich als Enkelin ausgab. W\u00e4hrend des Gespr\u00e4chs nahm auch ein falscher Polizeibeamter teil, der die Glaubw\u00fcrdigkeit des Anrufs unterstreichen sollte. Auch dieser Senior erkannte letztendlich den Betrugsversuch und beendete das Telefonat.<\/p>\n\n\n\n<h2 class=\"wp-block-heading\">(Ludwigshafen) &#8211; Auseinandersetzung im Bus<\/h2>\n\n\n\n<p>Zwischen zwei M\u00e4nnern entwickelte sich am Dienstag (26.04.2022) eine k\u00f6rperliche Auseinandersetzung in einem Bus. Beide M\u00e4nner im Alter von 29 und 44 Jahren befanden sich gegen 10 Uhr in einem Bus der Linie 74 im Bereich Pasadenaallee, als sich ein Streit entwickelt. Hierbei entwendete der 29-J\u00e4hrige dem 44-J\u00e4hrigen dessen Basecap und beide schlugen aufeinander ein. Der Busfahrer stoppte daraufhin den Bus, woraufhin der 29-J\u00e4hrige mit der Basecap den Bus verlie\u00df. Die Polizei konnten den 29-J\u00e4hrigen noch im Nahbereich feststellen. Durch die Auseinandersetzung wurde der 44-J\u00e4hrige leicht verletzt. Sachdienliche Hinweise bitte an die Polizeiinspektion Ludwigshafen 1, Telefonnummer 0621 963-2122 oder per E-Mail\u00a0<a href=\"mailto:piludwigshafen1@polizei.rlp.de\">piludwigshafen1@polizei.rlp.de<\/a>\u00a0.<\/p>\n\n\n\n<h2 class=\"wp-block-heading\">(Mannheim) &#8211; Reifen an bislang sieben Autos platt gestochen; weitere Gesch\u00e4digte und Zeugen bitte melden<\/h2>\n\n\n\n<div class=\"wp-block-image\"><figure class=\"aligncenter size-full\"><img decoding=\"async\" loading=\"lazy\" width=\"800\" height=\"586\" src=\"https:\/\/speyer24news.com\/wp-content\/uploads\/2022\/04\/Autoreifen-platt-zerstochen.jpg\" alt=\"\" class=\"wp-image-45239\" srcset=\"https:\/\/speyer24news.com\/wp-content\/uploads\/2022\/04\/Autoreifen-platt-zerstochen.jpg 800w, https:\/\/speyer24news.com\/wp-content\/uploads\/2022\/04\/Autoreifen-platt-zerstochen-300x220.jpg 300w, https:\/\/speyer24news.com\/wp-content\/uploads\/2022\/04\/Autoreifen-platt-zerstochen-768x563.jpg 768w, https:\/\/speyer24news.com\/wp-content\/uploads\/2022\/04\/Autoreifen-platt-zerstochen-80x60.jpg 80w\" sizes=\"(max-width: 800px) 100vw, 800px\" \/><figcaption>Beispielfoto eines platt gestochenen Reifens.<\/figcaption><\/figure><\/div>\n\n\n\n<p>Von Sonntag auf Montag wurden bislang insgesamt sieben Autos von einem unbekannten T\u00e4ter besch\u00e4digt, die in der Lohengrinstra\u00dfe, im Hans-Sachs-Ring und in der Sentastra\u00dfe abgestellt waren.<\/p>\n\n\n\n<p>Jeweils mindestens ein Reifen pro Fahrzeug wurde offenbar mit einem Messer platt gestochen.<\/p>\n\n\n\n<p>Der Schaden bel\u00e4uft sich mehrere hundert Euro.<\/p>\n\n\n\n<p>Weitere Gesch\u00e4digte, aber auch wichtige Zeugen werden gebeten, sich beim Polizeirevier MA-Neckarau, Tel.: 0621\/83397-0 zu melden.<\/p>\n\n\n\n<h2 class=\"wp-block-heading\">(Heidelberg-Bahnstadt) &#8211; Unbekannte besch\u00e4digen mehrere Cabriolets in Tiefgaragen \/ Polizei sucht Zeugen<\/h2>\n\n\n\n<p>\u00dcber das verl\u00e4ngerte Osterwochenende kam es vom 15.04 auf den 16.04, sowie vom 19.04 auf den 20.04 in mehreren Tiefgaragen entlang der Stra\u00dfe &#8222;Langer Anger&#8220; zu Diebst\u00e4hlen aus Cabriolets. Hierzu wurden die Verdecke der Fahrzeuge mittels eines Schnittwerkzeugs aufgeschlitzt. An bisher insgesamt 27 Fahrzeugen machten sich der oder die unbekannten T\u00e4ter zu schaffen. Der Diebstahlsschaden d\u00fcrfte sich im hohen dreistelligen Bereich bewegen. Der oder die T\u00e4ter entwendeten teilweise pers\u00f6nliche Gegenst\u00e4nde oder die Fernsteuerungen f\u00fcr die Tiefgarageneinfahrt. Der Schaden an den Fahrzeugen jedoch d\u00fcrfte sich im f\u00fcnfstelligen Bereich bewegen.<\/p>\n\n\n\n<p>Der oder die T\u00e4ter konnten vermutlich \u00fcber die Ein- und oder Ausfahrten in die jeweiligen Tiefgaragen gelangen, nachdem diese durch Anwohner benutzt worden waren.<\/p>\n\n\n\n<p>Die Zentrale Kriminaltechnik f\u00fchrte Spurensicherungsma\u00dfnahmen vor Ort durch.<\/p>\n\n\n\n<p>Auch aus den Tiefgaragen eines Anwesens am Czernyring und eines Anwesens in der Vangerowstra\u00dfe wurden aus Cabriolets mittels der selben Vorgehensweise Gegenst\u00e4nde entwendet. Ein genauer Tatzeitraum l\u00e4sst sich hier aktuell nicht eingrenzen. Ob diese Taten in Zusammenhang mit den Taten entlang des &#8222;Langen Angers&#8220; stehen, ist Gegenstand der Ermittlungen des Polizeireviers Heidelberg-Mitte. Dieses bittet Zeugen, die in den relevanten Tatzeitr\u00e4umen verd\u00e4chtige Personen im Bereich der dortigen Tiefgarageneinfahrten gesehen haben, sich unter der Rufnummer 06221-99 1700 zu melden.<\/p>\n\n\n\n<h2 class=\"wp-block-heading\">(Heidelberg-Wieblingen) &#8211; Personenunfall mit Stra\u00dfenbahn<\/h2>\n\n\n\n<p>Nach einem Personenunfall unter Beteiligung einer Stra\u00dfenbahn sind derzeit (27.04.2022 \u2013 16:56) Rettungskr\u00e4fte im Bereich des Grenzh\u00f6fer Wegs in Heidelberg-Wieblingen im Einsatz. N\u00e4here Information liegen derzeit noch nicht vor. Es wird nachberichtet.<\/p>\n\n\n\n<h3 class=\"has-text-align-center wp-block-heading\">Pressemeldung Nr. 2<\/h3>\n\n\n\n<p>Wie bereits berichtet, kam es aus noch nicht bekannter Ursache, um 16.40 Uhr, zu einer Kollision zwischen einem Fu\u00dfg\u00e4nger und einer Stra\u00dfenbahn im Bereich des Grenzh\u00f6fer Wegs in Heidelberg-Wieblingen. Der verletzte 64-j\u00e4hrige Fu\u00dfg\u00e4nger konnte durch den verst\u00e4ndigten Rettungsdienst umgehend versorgt werden, da er gl\u00fccklicherweise nicht unter die Stra\u00dfenbahn geraten war. Er wurde zur weiteren Behandlung in ein nahegelegenes Krankenhaus eingeliefert. Der Verkehrsunfalldienst Heidelberg hat die Unfallaufnahme und weiteren Ermittlungen zur Unfallursache \u00fcbernommen.<\/p>\n\n\n\n<h2 class=\"wp-block-heading\">(Ketsch \/ Rhein-Neckar-Kreis) &#8211; Farbschmierereien an Schulgeb\u00e4uden richtigen enormen Schaden an; Zeugen gesucht<\/h2>\n\n\n\n<p>Einen enormen Schaden richtete ein bislang unbekannter Schmierfink in der Nacht von Montag auf Dienstag an zwei Schulgeb\u00e4uden in der Gartenstra\u00dfe an.<\/p>\n\n\n\n<p>Mit blauer und gelber Farbe bespr\u00fchte er Au\u00dfenw\u00e4nde und Fensterfronten der Neurottschule und der Neurotthalle, sodass nach ersten Sch\u00e4tzungen ein Schaden von \u00fcber 10.000.- Euro entstand.<\/p>\n\n\n\n<p>Bereits von Dienstag auf Mittwoch, 15.\/16. Februar wurden Teile der Fassade sowie Fensterfronten derselben Schule mit schwarzer Farbe bespr\u00fcht. Seinerzeit war ein Schaden von rund 8.000.- Euro entstanden.<\/p>\n\n\n\n<p>Ob beide Taten im Zusammenhang stehen und vom selben T\u00e4ter begangen wurden, ist Gegenstand weiterer Ermittlungen.<\/p>\n\n\n\n<p>Hinweise bitte an den Polizeiposten Ketsch, Tel.: 06202\/61696 oder an das Polizeirevier Schwetzingen, Tel.: 06202\/288-0.<\/p>\n\n\n\n<h2 class=\"wp-block-heading\">(Altlu\u00dfheim \/ Rhein-Neckar-Kreis) &#8211; Anh\u00e4nger l\u00f6st sich von Auto und kollidiert mit Gegenverkehr<\/h2>\n\n\n\n<p>Am Dienstag gegen 11:30 Uhr l\u00f6ste sich auf der K4250 der Anh\u00e4nger eines VW Tourans und kollidierte mit einem entgegenkommenden VW Golf. Der 54-j\u00e4hrige Fahrer des Tourans war von Altlu\u00dfheim in Richtung Ketsch unterwegs, als sich die Anh\u00e4ngerkupplung von dessen Auto l\u00f6ste und der mit Sand beladene Anh\u00e4nger unkontrolliert in den Gegenverkehr geriet. Durch den Zusammensto\u00df verletzte sich der 64-j\u00e4hrige Golf-Fahrer so schwer, dass er durch den Rettungsdienst in ein nahegelegenes Krankenhaus gebracht werden musste. Der Golf war nicht mehr fahrbereit und wurde abgeschleppt. Ersten Ermittlungen zufolge war die Anh\u00e4ngerkupplung nicht korrekt am Auto befestigt, weshalb sich diese w\u00e4hrend der Fahrt l\u00f6ste.<\/p>\n\n\n\n<h2 class=\"wp-block-heading\">(Hockenheim \/ Rhein-Neckar-Kreis) &#8211; Verkehrsunfall zwischen PKW und Motorrad auf der B39 \/ Aktuelle Vollsperrung der B39 in Fahrtrichtung S\u00fcden<\/h2>\n\n\n\n<div class=\"wp-block-image\"><figure class=\"aligncenter size-full\"><img decoding=\"async\" loading=\"lazy\" width=\"640\" height=\"428\" src=\"https:\/\/speyer24news.com\/wp-content\/uploads\/2021\/02\/Feuerwehr-Polizei.jpg\" alt=\"\" class=\"wp-image-33096\" srcset=\"https:\/\/speyer24news.com\/wp-content\/uploads\/2021\/02\/Feuerwehr-Polizei.jpg 640w, https:\/\/speyer24news.com\/wp-content\/uploads\/2021\/02\/Feuerwehr-Polizei-300x201.jpg 300w\" sizes=\"(max-width: 640px) 100vw, 640px\" \/><\/figure><\/div>\n\n\n\n<p>Am 27.04.2022 kam es auf der B39 zwischen Hockenheim-Mitte und Hockenheim-S\u00fcd in Fahrtrichtung Bruchsal gegen ca. 16:20 Uhr zu einem Verkehrsunfall zwischen einem PKW und einem Motorrad. Die Fahrbahn in Fahrtrichtung S\u00fcden ist aktuell voll gesperrt. Polizei und Rettungskr\u00e4fte befinden sich vor Ort im Einsatz.<\/p>\n\n\n\n<h3 class=\"has-text-align-center wp-block-heading\">Pressemeldung Nummer 2<\/h3>\n\n\n\n<p>Gegen 16:20 Uhr befuhr ein 31-j\u00e4hriger Mann auf seinem Motorrad, einer Harley-Davidson, die B 39 in s\u00fcdlicher Richtung. Kurz hinter der Abfahrt Hockenheim &#8211; Talhaus bemerkte der Motorradfahrer zu sp\u00e4t, dass der vor ihm fahrende PKW verkehrsbedingt abbremsen musste und fuhr in das Heck des PKWs. Im Anschluss st\u00fcrzte er mit seinem Motorrad und blieb auf der Fahrbahn liegen. Zur Unfallaufnahme musste die B 39 kurzfristig voll gesperrt werden. Der Motorradfahrer wurde in ein Krankenhaus gebracht, das genaue Verletzungsbild ist noch unbekannt, es besteht aber keine Lebensgefahr bei dem Mann. Der 79-j\u00e4hrige PKW Fahrer wurde durch den Zusammensto\u00df gl\u00fccklicherweise nicht verletzt. Der Sachschaden betr\u00e4gt sch\u00e4tzungsweise 7500 Euro.<\/p>\n\n\n\n<h2 class=\"wp-block-heading\">(Hockenheim \/ Rhein-Neckar-Kreis) &#8211; Brand einer Sattelzugmaschine; Schaden rund 200.000.- Euro; Ursache unklar<\/h2>\n\n\n\n<p>Aus unklarer Ursache geriet eine holl\u00e4ndische Sattelzugmaschine am Mittwochvormittag, kurz vor 9.30 Uhr, auf der Tank- und Rastanlage Hockenheim-West in Brand.<\/p>\n\n\n\n<p>Die Freiwillige Feuerwehr Hockenheim war mit 15 Mann im Einsatz, l\u00f6schten den brennenden Lkw, konnte jedoch nicht mehr verhindern, dass die Zugmaschine vollst\u00e4ndig ausbrannte. Dar\u00fcber hinaus kam es zus\u00e4tzlich noch zu Besch\u00e4digungen am Auflieger und auf dem Asphalt.<\/p>\n\n\n\n<p>Der Gesamtschaden d\u00fcrfte sich auf rund 200.000.- Euro belaufen.<\/p>\n\n\n\n<p>Verletzt wurde niemand. Der Fahrer hatte sich zum Zeitpunkt des Brandausbruchs nicht im Fahrzeug aufgehalten. Im Laufe des Mittwochs wurde der Sattelzug abgeschleppt.<\/p>\n\n\n\n<p>Die Ermittlungen zur Ursache dauern an.<\/p>\n\n\n\n<h2 class=\"wp-block-heading\">(Rauenberg \/ Rhein-Neckar-Kreis) &#8211; Unfallflucht; hoher Schaden; Zeugen gesucht<\/h2>\n\n\n\n<p>Wegen des Verdachts der &#8222;Unfallflucht&#8220; ermittelt das Polizeirevier Wiesloch gegen einen noch unbekannten Autofahrer.<\/p>\n\n\n\n<p>Dieser besch\u00e4digte am Dienstagvormittag einen VW Golf, der zwischen 09.30 &#8211; 11.45 Uhr, vor dem Anwesen Nr. 2 in er Stra\u00dfe &#8222;Am Rosenwingert&#8220; abgestellt war. Dabei wurde die Fahrerseite des VW erheblich besch\u00e4digt.<\/p>\n\n\n\n<p>Ersten Sch\u00e4tzungen zufolge entstand ein Sachschaden von rund 5.000.- Euro.<\/p>\n\n\n\n<p>Aufgrund des Schadensbildes d\u00fcrfte auch das Fahrzeug des Unfallverursachers deutlich sichtbar besch\u00e4digt worden sein.<\/p>\n\n\n\n<p>Zeugen, die Hinweise zum Unfallhergang und dem Fahrzeug des Verursachers und zu diesem selbst, geben k\u00f6nnen, werden gebeten, sich an die Unfallermittler des Polizeireviers Wiesloch, Tel.: 06222\/5709-0 zu wenden.<\/p>\n","protected":false},"excerpt":{"rendered":"<div class=\"mh-excerpt\"><p>Polizeimeldungen vom Mittwoch (27.04.2022) (Speyer) &#8211; Frontalunfall mit hohem Sachschaden und zwei verletzten Personen Am Dienstag, 26.04.2022, gegen 15.00 Uhr, befuhr eine 32j\u00e4hrige Speyererin mit ihrem Opel die Franz-Kirrmaier-Stra\u00dfe aus Richtung Auestra\u00dfe. Im H\u00f6he der <a class=\"mh-excerpt-more\" href=\"https:\/\/speyer24news.com\/?p=45236\" title=\"Polizei\">[&#8230;]<\/a><\/p>\n<\/div>","protected":false},"author":3,"featured_media":26162,"comment_status":"open","ping_status":"open","sticky":false,"template":"","format":"standard","meta":{"_monsterinsights_skip_tracking":false,"_monsterinsights_sitenote_active":false,"_monsterinsights_sitenote_note":"","_monsterinsights_sitenote_category":0,"footnotes":""},"categories":[12],"tags":[7243,7244,3614,702,61,2555,6955,6986,6263,63,105,11150,6987,53,4854,13534,4683,1548,4905,11592,102,213,13541,55,6368,5261,103,106,2803,2423,427,2625,380,62,104,979,1565],"aioseo_notices":[],"amp_enabled":true,"_links":{"self":[{"href":"https:\/\/speyer24news.com\/index.php?rest_route=\/wp\/v2\/posts\/45236"}],"collection":[{"href":"https:\/\/speyer24news.com\/index.php?rest_route=\/wp\/v2\/posts"}],"about":[{"href":"https:\/\/speyer24news.com\/index.php?rest_route=\/wp\/v2\/types\/post"}],"author":[{"embeddable":true,"href":"https:\/\/speyer24news.com\/index.php?rest_route=\/wp\/v2\/users\/3"}],"replies":[{"embeddable":true,"href":"https:\/\/speyer24news.com\/index.php?rest_route=%2Fwp%2Fv2%2Fcomments&post=45236"}],"version-history":[{"count":1,"href":"https:\/\/speyer24news.com\/index.php?rest_route=\/wp\/v2\/posts\/45236\/revisions"}],"predecessor-version":[{"id":45240,"href":"https:\/\/speyer24news.com\/index.php?rest_route=\/wp\/v2\/posts\/45236\/revisions\/45240"}],"wp:featuredmedia":[{"embeddable":true,"href":"https:\/\/speyer24news.com\/index.php?rest_route=\/wp\/v2\/media\/26162"}],"wp:attachment":[{"href":"https:\/\/speyer24news.com\/index.php?rest_route=%2Fwp%2Fv2%2Fmedia&parent=45236"}],"wp:term":[{"taxonomy":"category","embeddable":true,"href":"https:\/\/speyer24news.com\/index.php?rest_route=%2Fwp%2Fv2%2Fcategories&post=45236"},{"taxonomy":"post_tag","embeddable":true,"href":"https:\/\/speyer24news.com\/index.php?rest_route=%2Fwp%2Fv2%2Ftags&post=45236"}],"curies":[{"name":"wp","href":"https:\/\/api.w.org\/{rel}","templated":true}]}}