{"id":45269,"date":"2022-04-29T07:37:05","date_gmt":"2022-04-29T06:37:05","guid":{"rendered":"https:\/\/speyer24news.com\/?p=45269"},"modified":"2022-04-29T07:37:06","modified_gmt":"2022-04-29T06:37:06","slug":"stadtnotiz-verkehrsnotizen-aus-speyer","status":"publish","type":"post","link":"https:\/\/speyer24news.com\/?p=45269","title":{"rendered":"Stadtnotiz &#038; Verkehrsnotizen aus Speyer"},"content":{"rendered":"<style type=\"text\/css\">\r\n\t.ads_top_disp{}\r\n\t.ads_top_corner_disp{ float:left; margin:0px 10px 10px 0px; }\r\n\t.ads_first_p_disp{}\r\n\t.ads_bottom_disp{}\r\n\t<\/style>\n<h1 class=\"has-text-align-center wp-block-heading\">Stadtnotiz<\/h1>\n\n\n\n<div class=\"wp-block-image\"><figure class=\"aligncenter size-full\"><img decoding=\"async\" loading=\"lazy\" width=\"800\" height=\"600\" src=\"https:\/\/speyer24news.com\/wp-content\/uploads\/2020\/01\/Speyer-Stadtnachrichten-2.jpg\" alt=\"\" class=\"wp-image-23901\" srcset=\"https:\/\/speyer24news.com\/wp-content\/uploads\/2020\/01\/Speyer-Stadtnachrichten-2.jpg 800w, https:\/\/speyer24news.com\/wp-content\/uploads\/2020\/01\/Speyer-Stadtnachrichten-2-300x225.jpg 300w, https:\/\/speyer24news.com\/wp-content\/uploads\/2020\/01\/Speyer-Stadtnachrichten-2-768x576.jpg 768w, https:\/\/speyer24news.com\/wp-content\/uploads\/2020\/01\/Speyer-Stadtnachrichten-2-678x509.jpg 678w, https:\/\/speyer24news.com\/wp-content\/uploads\/2020\/01\/Speyer-Stadtnachrichten-2-326x245.jpg 326w, https:\/\/speyer24news.com\/wp-content\/uploads\/2020\/01\/Speyer-Stadtnachrichten-2-80x60.jpg 80w\" sizes=\"(max-width: 800px) 100vw, 800px\" \/><\/figure><\/div>\n\n\n\n<h2 class=\"wp-block-heading\">Zehn Jahre Fr\u00fche Hilfen und Haus der Familie K.E.K.S. &#8211; Familienfest zum Jubil\u00e4um<\/h2>\n\n\n\n<div class=\"wp-block-image\"><figure class=\"aligncenter size-full\"><img decoding=\"async\" loading=\"lazy\" width=\"800\" height=\"508\" src=\"https:\/\/speyer24news.com\/wp-content\/uploads\/2022\/04\/Fruehe-Hilfe-10-Jahre.png\" alt=\"\" class=\"wp-image-45272\" srcset=\"https:\/\/speyer24news.com\/wp-content\/uploads\/2022\/04\/Fruehe-Hilfe-10-Jahre.png 800w, https:\/\/speyer24news.com\/wp-content\/uploads\/2022\/04\/Fruehe-Hilfe-10-Jahre-300x191.png 300w, https:\/\/speyer24news.com\/wp-content\/uploads\/2022\/04\/Fruehe-Hilfe-10-Jahre-768x488.png 768w\" sizes=\"(max-width: 800px) 100vw, 800px\" \/><\/figure><\/div>\n\n\n\n<p>Die Fr\u00fchen Hilfen und das Haus der Familie K.E.K.S. laden zum Familienfest am Sonntag, den 15. Mai 2022 von 13 bis 16 Uhr Eltern mit Kleinkindern, Kooperationspartner*innen, Nachbar*innen und Interessierte herzlich ein, um das Doppeljubil\u00e4um \u201eZehn Jahre Fr\u00fche Hilfen und Haus der Familie K.E.K.S. in Q+H\u201c zu begehen. Eine bunte Mischung aus Musik, Spiel- und Bastelangeboten, Informationen und das eigens engagierte Mitmachtheater mit dem Clown Zopp versprechen einen unterhaltsamen Sonntagnachmittag. Mehrere Kooperationspartner*innen der beiden st\u00e4dtischen Einrichtungen beteiligen sich mit vielf\u00e4ltigen Beitr\u00e4gen: Bewegung, Kreatives, eine Teddyklinik und Informationsst\u00e4nde runden das Familien- und Begegnungsfest ab. Bei gutem Wetter wird in und rund um Q+H (Heinrich-Heine-Str. 8 in Speyer) und in der Gr\u00fcnen Mitte gefeiert. Auch f\u00fcr das leibliche Wohl ist gesorgt.<\/p>\n\n\n\n<p>Die Begegnungsst\u00e4tte Q+H (= Quartiersmensa plus St. Hedwig) wurde vor zehn Jahren er\u00f6ffnet und verschiedene Einrichtungen und Angebote f\u00fcllen seither das Haus mit Leben; Einrichtungen der ersten Stunde sind die 2011 gegr\u00fcndeten Fr\u00fchen Hilfen und die schon l\u00e4nger bestehende Begegnungsst\u00e4tte f\u00fcr Familien K.E.K.S. (<strong>K<\/strong>ontakte f\u00fcr\u00a0<strong>E<\/strong>ltern und\u00a0<strong>K<\/strong>inder in\u00a0<strong>S<\/strong>peyer), die sich als Angebote f\u00fcr werdende Eltern mit Babys und Kleinkindern in Speyer etabliert haben und von Anfang an eng zusammenarbeiten.<\/p>\n\n\n\n<div class=\"wp-block-image\"><figure class=\"aligncenter size-full\"><img decoding=\"async\" loading=\"lazy\" width=\"800\" height=\"555\" src=\"https:\/\/speyer24news.com\/wp-content\/uploads\/2022\/04\/Fruehe-Hilfe-10-Jahre-1.png\" alt=\"\" class=\"wp-image-45273\" srcset=\"https:\/\/speyer24news.com\/wp-content\/uploads\/2022\/04\/Fruehe-Hilfe-10-Jahre-1.png 800w, https:\/\/speyer24news.com\/wp-content\/uploads\/2022\/04\/Fruehe-Hilfe-10-Jahre-1-300x208.png 300w, https:\/\/speyer24news.com\/wp-content\/uploads\/2022\/04\/Fruehe-Hilfe-10-Jahre-1-768x533.png 768w\" sizes=\"(max-width: 800px) 100vw, 800px\" \/><\/figure><\/div>\n\n\n\n<p>Mit der Gr\u00fcndung der Fr\u00fchen Hilfen ist ein neuartiges Beratungs- und Hilfeangebot f\u00fcr werdende Eltern und Familien mit Kleinkindern bis drei Jahren entstanden, welches pr\u00e4ventiv das gesunde Aufwachsen von Kindern und den sicheren Umgang der Eltern mit ihren Neugeborenen unterst\u00fctzen und f\u00f6rdern will. So geh\u00f6ren von Anfang an die Willkommensbesuche nach der Geburt eines Speyerer Kindes, die Vermittlung einer sozialp\u00e4dagogisch ausgebildeten Gesundheitsfachkraft (Familienhebamme oder Familien-Gesundheits- und Kinderkrankenpflegerin) sowie Gruppenangebote zum Kernangebot. Je nach Bedarf wird dieses ver\u00e4ndert und so z\u00e4hlt der Einsatz der ehrenamtlich t\u00e4tigen und eigens geschulten Familienpat*innen inzwischen zum sehr nachgefragten Angebot. Den Fr\u00fchen Hilfen ist es ein weiteres besonderes Anliegen, M\u00fctter und V\u00e4ter bei der Bew\u00e4ltigung von seelischen Belastungen rund um Geburt und in den ersten Lebensjahren des Kindes zu beraten und Begegnungsm\u00f6glichkeiten zu schaffen: Neben der seit Jahren bestehenden Gespr\u00e4chsgruppe f\u00fcr belastete M\u00fctter wird in Kooperation mit K.E.K.S. zuk\u00fcnftig im Babycaf\u00e9 ein neues Format angeboten: Eine erfahrene Dipl.-Psychologin wird im Format \u201eMutterSeelenAllein\u201c einen kurzen Input geben und die Anwesenden zum Austausch und zur Einzelberatung einladen.<\/p>\n\n\n\n<p>Die Angebote der Fr\u00fchen Hilfen stehen allen Speyerer Familien offen \u2013 sie sind kostenfrei und k\u00f6nnen unb\u00fcrokratisch in Anspruch genommen werden. Das Fachkr\u00e4fteteam der Fr\u00fchen Hilfen ist w\u00e4hrend den B\u00fcrozeiten erreichbar und bietet auch Hausbesuche an. Aktuelle Informationen sind auf der Homepage verf\u00fcgbar:\u00a0<a href=\"https:\/\/deref-web.de\/mail\/client\/bjtMA2UMxV0\/dereferrer\/?redirectUrl=http%3A%2F%2Fwww.speyer.de%2Ffruehehilfen\" target=\"_blank\" rel=\"noreferrer noopener\">www.speyer.de\/fruehehilfen<\/a>.<\/p>\n\n\n\n<div class=\"wp-block-image\"><figure class=\"aligncenter size-full\"><img decoding=\"async\" loading=\"lazy\" width=\"800\" height=\"506\" src=\"https:\/\/speyer24news.com\/wp-content\/uploads\/2022\/04\/Fruehe-Hilfe-10-Jahre-2.png\" alt=\"\" class=\"wp-image-45274\" srcset=\"https:\/\/speyer24news.com\/wp-content\/uploads\/2022\/04\/Fruehe-Hilfe-10-Jahre-2.png 800w, https:\/\/speyer24news.com\/wp-content\/uploads\/2022\/04\/Fruehe-Hilfe-10-Jahre-2-300x190.png 300w, https:\/\/speyer24news.com\/wp-content\/uploads\/2022\/04\/Fruehe-Hilfe-10-Jahre-2-768x486.png 768w\" sizes=\"(max-width: 800px) 100vw, 800px\" \/><\/figure><\/div>\n\n\n\n<p>Das Haus der Familie K.E.K.S. blickt auf eine langj\u00e4hrige Geschichte zur\u00fcck; vor \u00fcber 20 Jahren wurde in einer Arbeitsgruppe die Idee geboren, eine Anlaufstelle f\u00fcr junge Familien zu schaffen; es gr\u00fcndete sich zuerst eine Elterninitiative, im Jahr 2001 folgte schlie\u00dflich die Vereinsgr\u00fcndung von K.E.K.S. e.V. Ziel war von Anfang an, ein Begegnungsort f\u00fcr Eltern und Familien zu sein, wo Informationen zu erziehungsrelevanten Themen und Selbsthilfeangeboten eingeholt werden k\u00f6nnen. Seit Januar 2021 ist das Haus der Familie K.E.K.S. in st\u00e4dtischer Tr\u00e4gerschaft unter hauptamtlicher Leitung der Dipl.-P\u00e4dagogin Lisa Fedun. Engagierte Eltern sind im F\u00f6rderverein K.E.K.S zusammengeschlossen und gestalten nach wie vor das Angebot mit. Der F\u00f6rderverein freut sich daher immer \u00fcber Unterst\u00fctzung und aktive Mitwirkung.<\/p>\n\n\n\n<p>Baby- und Familiencaf\u00e9, V\u00e4ter-Kind-Treff und weitere thematische Angebote laden M\u00fctter, V\u00e4ter und Angeh\u00f6rige in gro\u00dfz\u00fcgigen R\u00e4umen mit kleinkindgerechter Ausstattung im Innenraum und im eigenem Gartenbereich zur Begegnung, zur Information und zum gemeinsamem Spiel ein. Regelm\u00e4\u00dfige Angebote, auch mit Kooperationspartner*innen, sind au\u00dferdem: Mehrlingstreff, Pinocchiogruppe, Alleinerziehendentreff, Schatzinselgruppe. Familien k\u00f6nnen einfach vorbeikommen. Es ist keine Anmeldung erforderlich und i.d.R. entstehen keine Kosten.<\/p>\n\n\n\n<p>Daneben finden Kurse statt wie beispielsweise die Trageberatung, Musikkurse und anderes mehr, f\u00fcr die ein Kostenbeitrag entrichtet werden muss. Gerne angenommen werden auch die Ferienangebote f\u00fcr die ganze Familie, die in Zusammenarbeit mit der st\u00e4dtischen Familienbildung und verschiedenen Kooperationspartner*innen angeboten werden. Die Homepage\u00a0<a href=\"https:\/\/deref-web.de\/mail\/client\/uHJH2D6e1fU\/dereferrer\/?redirectUrl=http%3A%2F%2Fwww.speyer.de%2Fkeks\" target=\"_blank\" rel=\"noreferrer noopener\">www.speyer.de\/keks<\/a>\u00a0\u00a0informiert \u00fcber das gesamte Angebot.<\/p>\n\n\n\n<p><em>Stadtverwaltung Speyer<br>28.04.2022<\/em><\/p>\n\n\n\n<h1 class=\"has-text-align-center wp-block-heading\">Verkehrsnotizen<\/h1>\n\n\n\n<div class=\"wp-block-image\"><figure class=\"aligncenter\"><img decoding=\"async\" loading=\"lazy\" width=\"800\" height=\"565\" src=\"https:\/\/speyer24news.com\/wp-content\/uploads\/2020\/01\/Baustelle-2.jpg\" alt=\"\" class=\"wp-image-23900\" srcset=\"https:\/\/speyer24news.com\/wp-content\/uploads\/2020\/01\/Baustelle-2.jpg 800w, https:\/\/speyer24news.com\/wp-content\/uploads\/2020\/01\/Baustelle-2-300x212.jpg 300w, https:\/\/speyer24news.com\/wp-content\/uploads\/2020\/01\/Baustelle-2-768x542.jpg 768w\" sizes=\"(max-width: 800px) 100vw, 800px\" \/><\/figure><\/div>\n\n\n\n<h2 class=\"wp-block-heading\">Knotenpunkt Heydenreichstra\u00dfe \u2013 Hellergasse \u2013 Kutschergasse gesperrt<\/h2>\n\n\n\n<div class=\"wp-block-image\"><figure class=\"aligncenter\"><img decoding=\"async\" loading=\"lazy\" width=\"640\" height=\"480\" src=\"https:\/\/speyer24news.com\/wp-content\/uploads\/2020\/01\/Vollsperrung-1.jpg\" alt=\"\" class=\"wp-image-24649\" srcset=\"https:\/\/speyer24news.com\/wp-content\/uploads\/2020\/01\/Vollsperrung-1.jpg 640w, https:\/\/speyer24news.com\/wp-content\/uploads\/2020\/01\/Vollsperrung-1-300x225.jpg 300w, https:\/\/speyer24news.com\/wp-content\/uploads\/2020\/01\/Vollsperrung-1-326x245.jpg 326w, https:\/\/speyer24news.com\/wp-content\/uploads\/2020\/01\/Vollsperrung-1-80x60.jpg 80w\" sizes=\"(max-width: 640px) 100vw, 640px\" \/><\/figure><\/div>\n\n\n\n<p>Aufgrund von Bauarbeiten im Auftrag der Stadtwerke Speyer ist der Knotenpunkt Heydenreichstra\u00dfe \u2013 Hellergasse \u2013 Kutschergasse <strong>seit Donnerstag, 28. April bis voraussichtlich 3. Juni 2022<\/strong> f\u00fcr den Individualverkehr voll gesperrt.<\/p>\n\n\n\n<p>Die Einbahnregelung der Ro\u00dfmarktstra\u00dfe bleibt aufgehoben. Die Zufahrt zum Parkhaus \u00fcber die Ludwigstra\u00dfe ist frei. Die Zufahrt zur Kutschergasse wird \u00fcber die Gro\u00dfe S\u00e4mergasse sichergestellt. Heydenreichstra\u00dfe, Hellergasse und Kutschergasse werden als Sackgassen ausgewiesen.<\/p>\n\n\n\n<p>R\u00fcckfragen beantwortet die Stra\u00dfenverkehrsbeh\u00f6rde unter der Telefonnummer 14-2938.<\/p>\n\n\n\n<p><em>Text: Stadtverwaltung Speyer Foto: Speyer 24\/7 News, archiv<br>27.04.2022<\/em><\/p>\n\n\n\n<h2 class=\"wp-block-heading\">Hans-Purrmann-Allee gesperrt<\/h2>\n\n\n\n<p>Aufgrund von Kanalarbeiten ist die Hans-Purrmann-Allee auf H\u00f6he der Hausnummer 25&nbsp;<strong>seit Montag, 25. April bis voraussichtlich 31. Mai 2022&nbsp;<\/strong>f\u00fcr den Durchgangsverkehr komplett gesperrt. &nbsp;&nbsp;&nbsp;&nbsp;<br>Die Stra\u00dfe wird&nbsp;beidseitig als Sackgasse ausgewiesen. Die Einbahnstra\u00dfenregelung zwischen Humboldtweg und Wichernstra\u00dfe wird w\u00e4hrend der Bauzeit aufgehoben.<\/p>\n\n\n\n<p>F\u00fcr R\u00fcckfragen steht die Stra\u00dfenverkehrsbeh\u00f6rde unter der Telefonnummer 14-2938 zur Verf\u00fcgung.<\/p>\n\n\n\n<p><em>Stadtverwaltung Speyer<br>22.04.2022<\/em><\/p>\n\n\n\n<h2 class=\"wp-block-heading\">Baustellen\u00fcbersicht der Stadt Speyer<\/h2>\n\n\n\n<div class=\"wp-block-image\"><figure class=\"aligncenter\"><img decoding=\"async\" loading=\"lazy\" width=\"800\" height=\"384\" src=\"https:\/\/speyer24news.com\/wp-content\/uploads\/2022\/03\/Baustelle-Speyer-Facebook.jpg\" alt=\"\" class=\"wp-image-43610\" srcset=\"https:\/\/speyer24news.com\/wp-content\/uploads\/2022\/03\/Baustelle-Speyer-Facebook.jpg 800w, https:\/\/speyer24news.com\/wp-content\/uploads\/2022\/03\/Baustelle-Speyer-Facebook-300x144.jpg 300w, https:\/\/speyer24news.com\/wp-content\/uploads\/2022\/03\/Baustelle-Speyer-Facebook-768x369.jpg 768w\" sizes=\"(max-width: 800px) 100vw, 800px\" \/><\/figure><\/div>\n\n\n\n<p>Ab sofort stellt die Stadt Speyer eine neue Baustellenliste zur Verf\u00fcgung, die die bisherige Kommunikation von laufenden und kommenden Baustellen erweitert und b\u00fcrgerfreundlicher gestaltet.<\/p>\n\n\n\n<p>Die bisher zur Verf\u00fcgung gestellte Liste \u201eAlle Baustellen\u201c f\u00fchrt alle Baustellen, die sich innerhalb des Speyerer Stadtgebiets befinden, stichpunktartig auf. Diese technische Liste gibt auch einen \u00dcberblick \u00fcber die betroffenen Sparten wie Strom, Gas, oder Wasser.<\/p>\n\n\n\n<p>Die nun neu hinzugekommene Liste \u201eWichtigste Baustellen\u201c beinhaltet Baustellen, von denen ein bedeutender Teil der Verkehrsteilnehmenden in Speyer signifikant betroffen ist, beispielsweise wegen ihrer lange Dauer und\/oder weil wichtige Stra\u00dfen im Netz betroffen sind. Es werden zus\u00e4tzlich zu den Baustellen im Speyerer Stadtgebiet auch wichtige Baustellen in der n\u00e4heren Umgebung aufgef\u00fchrt, beispielsweise auf der B9 und B39. Dar\u00fcber hinaus soll auch der in den Jahren 2023 und 2024 geplante Verkehrsversuch zum Postplatz Eingang in diese Auflistung finden. Neben dem voraussichtlichen Zeitraum und der Ursache werden auch die Umleitungen f\u00fcr die verschiedenen Verkehrsarten und bei Bedarf erg\u00e4nzende Informationen dargestellt. Am Ende der Liste findet sich ferner eine \u00dcbersicht zu m\u00f6glichen Ansprechpartner*innen.<\/p>\n\n\n\n<p>Die neue Baustellenliste ist chronologisch sortiert, sodass die B\u00fcrger*innen auf den ersten Blick neu hinzukommende Baustellen erkennen und f\u00fcr ihre n\u00e4chste Fahrt ber\u00fccksichtigen k\u00f6nnen \u2013 ohne frustriert erst an der Baustellenabsperrung wenden m\u00fcssen. Zeit- und nervenschonend f\u00fcr die B\u00fcrgerschaft \u2013 aber auch gut f\u00fcr die Umwelt, da unn\u00f6tiger Verkehr vermieden wird. Eine neu in Kalenderwoche 12 hinzukommende Vollsperrung befindet sich in der Alten Schwegenheimer Stra\u00dfe.<\/p>\n\n\n\n<p>Die \u00dcbersicht \u00fcber die Baustellensituation wird immer freitags aktualisiert und ist unter&nbsp;<a href=\"http:\/\/www.speyer.de\/baustellen\">www.speyer.de\/baustellen<\/a>&nbsp;im NEWS-TICKER zu finden.<br>Des Weiteren gibt es auf der Baustellenseite der Stadt Speyer wie gewohnt detaillierte Informationen zu laufenden und kommenden Gro\u00dfbaustellen.<\/p>\n\n\n\n<p><em>Stadtverwaltung Speyer<br>18.03.2022<\/em><\/p>\n","protected":false},"excerpt":{"rendered":"<div class=\"mh-excerpt\"><p>Stadtnotiz Zehn Jahre Fr\u00fche Hilfen und Haus der Familie K.E.K.S. &#8211; Familienfest zum Jubil\u00e4um Die Fr\u00fchen Hilfen und das Haus der Familie K.E.K.S. laden zum Familienfest am Sonntag, den 15. Mai 2022 von 13 bis <a class=\"mh-excerpt-more\" href=\"https:\/\/speyer24news.com\/?p=45269\" title=\"Stadtnotiz &#038; Verkehrsnotizen aus Speyer\">[&#8230;]<\/a><\/p>\n<\/div>","protected":false},"author":3,"featured_media":23902,"comment_status":"open","ping_status":"open","sticky":false,"template":"","format":"standard","meta":{"_monsterinsights_skip_tracking":false,"_monsterinsights_sitenote_active":false,"_monsterinsights_sitenote_note":"","_monsterinsights_sitenote_category":0,"footnotes":""},"categories":[47],"tags":[14105,13640,14106,8774,7485,11268,14107,12803,8965,8411,6,657,1296,658,1114],"aioseo_notices":[],"amp_enabled":true,"_links":{"self":[{"href":"https:\/\/speyer24news.com\/index.php?rest_route=\/wp\/v2\/posts\/45269"}],"collection":[{"href":"https:\/\/speyer24news.com\/index.php?rest_route=\/wp\/v2\/posts"}],"about":[{"href":"https:\/\/speyer24news.com\/index.php?rest_route=\/wp\/v2\/types\/post"}],"author":[{"embeddable":true,"href":"https:\/\/speyer24news.com\/index.php?rest_route=\/wp\/v2\/users\/3"}],"replies":[{"embeddable":true,"href":"https:\/\/speyer24news.com\/index.php?rest_route=%2Fwp%2Fv2%2Fcomments&post=45269"}],"version-history":[{"count":1,"href":"https:\/\/speyer24news.com\/index.php?rest_route=\/wp\/v2\/posts\/45269\/revisions"}],"predecessor-version":[{"id":45275,"href":"https:\/\/speyer24news.com\/index.php?rest_route=\/wp\/v2\/posts\/45269\/revisions\/45275"}],"wp:featuredmedia":[{"embeddable":true,"href":"https:\/\/speyer24news.com\/index.php?rest_route=\/wp\/v2\/media\/23902"}],"wp:attachment":[{"href":"https:\/\/speyer24news.com\/index.php?rest_route=%2Fwp%2Fv2%2Fmedia&parent=45269"}],"wp:term":[{"taxonomy":"category","embeddable":true,"href":"https:\/\/speyer24news.com\/index.php?rest_route=%2Fwp%2Fv2%2Fcategories&post=45269"},{"taxonomy":"post_tag","embeddable":true,"href":"https:\/\/speyer24news.com\/index.php?rest_route=%2Fwp%2Fv2%2Ftags&post=45269"}],"curies":[{"name":"wp","href":"https:\/\/api.w.org\/{rel}","templated":true}]}}