{"id":45283,"date":"2022-04-30T05:40:27","date_gmt":"2022-04-30T04:40:27","guid":{"rendered":"https:\/\/speyer24news.com\/?p=45283"},"modified":"2022-05-01T06:51:46","modified_gmt":"2022-05-01T05:51:46","slug":"polizei-793","status":"publish","type":"post","link":"https:\/\/speyer24news.com\/?p=45283","title":{"rendered":"Polizei"},"content":{"rendered":"<style type=\"text\/css\">\r\n\t.ads_top_disp{}\r\n\t.ads_top_corner_disp{ float:left; margin:0px 10px 10px 0px; }\r\n\t.ads_first_p_disp{}\r\n\t.ads_bottom_disp{}\r\n\t<\/style>\n<h2 class=\"wp-block-heading\">Polizeimeldungen vom Freitag (29.04.2022)<\/h2>\n\n\n\n<div class=\"wp-block-image\"><figure class=\"aligncenter size-full\"><img decoding=\"async\" loading=\"lazy\" width=\"375\" height=\"500\" src=\"https:\/\/speyer24news.com\/wp-content\/uploads\/2022\/03\/Aktuelles-Polizeilogo.jpg\" alt=\"\" class=\"wp-image-43591\" srcset=\"https:\/\/speyer24news.com\/wp-content\/uploads\/2022\/03\/Aktuelles-Polizeilogo.jpg 375w, https:\/\/speyer24news.com\/wp-content\/uploads\/2022\/03\/Aktuelles-Polizeilogo-225x300.jpg 225w\" sizes=\"(max-width: 375px) 100vw, 375px\" \/><\/figure><\/div>\n\n\n\n<h2 class=\"wp-block-heading\">(Speyer) &#8211; Zeugen nach Verkehrsunfall gesucht<\/h2>\n\n\n\n<p>Am Mittwoch den 27.04.2022 um 15:30 Uhr bemerkte ein 39-J\u00e4hriger einen Sachschaden an seinem in der Ruhhecke in Speyer geparkten Peugeot. Zuvor hatte ein unbekanntes Fahrzeug Sch\u00e4den an mehreren geparkten PKW verursacht. Im Anschluss war der T\u00e4ter unerkannt gefl\u00fcchtet. Die Polizei sucht nach Zeugenhinweisen. <\/p>\n\n\n\n<ul><li><strong>Wer hat in der Zeit vom 27.04.2022 zwischen 14:00 und 15:30 verd\u00e4chtige Personen oder Fahrzeuge im Bereich der Ruhhecke in Speyer gesehen? <\/strong><\/li><\/ul>\n\n\n\n<p>Hinweise bitte telefonisch an die Polizei Speyer unter der 06232 \/ 137-0 oder per E-Mail an&nbsp;<a href=\"mailto:pispeyer@polizei.rlp.de\">pispeyer@polizei.rlp.de<\/a><\/p>\n\n\n\n<h2 class=\"wp-block-heading\">(Waldsee) &#8211; Verfolgungsfahrt endet mit Verkehrsunfall<\/h2>\n\n\n\n<p>Die Verfolgung eines Motorradfahrers durch eine Funkstreife der Polizeiinspektion Speyer endetet am 28.04.2022, um 11.45 Uhr, an der Anschlussstelle Rehh\u00fctte, B9 Fahrtrichtung Ludwigshafen, mit einem Verkehrsunfall zwischen dem Motorrad und dem Polizeiauto. Das Motorrad fiel den Polizeibeamten der Polizeiinspektion Speyer auf der K1 in Richtung Otterstadt auf. Da an diesem keine Kennzeichen angebracht waren, wollten die Polizisten das Fahrzeug anhalten und kontrollieren. Der Motorradfahrer versuchte daraufhin unmittelbar sich der polizeilichen Kontrolle zu entziehen. Er wendete und fuhr zur B9. Hier fuhr er mit stark \u00fcberh\u00f6hter Geschwindigkeit auf die B9 in Richtung Ludwigshafen. An der Anschlussstelle Rehh\u00fctte bremste der Motorradfahrer ab und fuhr in die Ausfahrt. Hier konnte das Polizeiauto aufschlie\u00dfen und neben das Motorrad fahren. Beim \u00dcberholen kollidierte das Motorrad mit dem Polizeifahrzeug. Nach dem Sturz fl\u00fcchtete der Motorradfahrer zu Fu\u00df von der Unfallstelle. Auf der Flucht konnte der Fahrer von anderen Polizisten der Speyerer Polizei gestellt und vorl\u00e4ufig festgenommen werden. Der 20-j\u00e4hrige Speyerer ist nicht im Besitz einer Fahrerlaubnis. Das Motorrad war nicht zugelassen. Ungekl\u00e4rt sind auch die Eigentumsverh\u00e4ltnisse. W\u00e4hrend der Unfallaufnahme stellten die Beamten der Polizeiautobahn Ruchheim Anhaltspunkte einer Drogenbeeinflussung des 20-J\u00e4hrigen fest. Dem jungen Mann wurde daraufhin eine Blutprobe entnommen. Die Ermittlungen dauern an.<\/p>\n\n\n\n<h2 class=\"wp-block-heading\">(Schifferstadt) &#8211; Verkehrskontrollen der Polizei Schifferstadt<\/h2>\n\n\n\n<p>Am 28.04.2022, zwischen 08:45 Uhr-13:45 Uhr, haben Beamte der Polizeiinspektion Schifferstadt im Dienstgebiet zahlreiche Verkehrskontrollen durchgef\u00fchrt. Dabei konnten 9 Verst\u00f6\u00dfe gegen die Gurtpflicht geahndet werden. Au\u00dferdem wurde ein Fahrzeug ohne jegliche Kennzeichen festgestellt. Bei der Kontrolle stellte sich heraus, dass der Fahrer eine Probefahrt durchf\u00fchrte und keine ben\u00f6tigten rote Kennzeichen angebracht hatte. Es wurde ein entsprechendes Bu\u00dfgeldverfahren eingeleitet.<\/p>\n\n\n\n<h2 class=\"wp-block-heading\">(Schifferstadt) &#8211; Ver\u00f6ffentlichung der Verkehrsunfall- und Kriminalit\u00e4tsstatistik der Polizeiinspektion Schifferstadt f\u00fcr das Jahr 2021<a href=\"https:\/\/www.facebook.com\/sharer.php?u=https%3A%2F%2Fwww.presseportal.de%2Fblaulicht%2Fpm%2F117688%2F5209047%2F%3Futm_source%3Dfacebook%26utm_medium%3Dsocial\"><\/a><a href=\"https:\/\/twitter.com\/intent\/tweet?text=POL-PDLU%3A%20Ver%C3%B6ffentlichung%20der%20Verkehrsunfall-%20und%20Kriminalit%C3%A4tsstatistik%20der%20Polizeiinspektion%20Schifferstadt%20f%C3%BCr%20das%20Jahr%202021&amp;url=https%3A%2F%2Fwww.presseportal.de%2Fblaulicht%2Fpm%2F117688%2F5209047%2F%3Futm_source%3Dtwitter%26utm_medium%3Dsocial&amp;hashtags=ots&amp;lang=de\"><\/a><a href=\"https:\/\/web.whatsapp.com\/send?text=POL-PDLU%3A%20Ver%C3%B6ffentlichung%20der%20Verkehrsunfall-%20und%20Kriminalit%C3%A4tsstatistik%20der%20Polizeiinspektion%20Schifferstadt%20f%C3%BCr%20das%20Jahr%202021%0A%0Ahttps%3A%2F%2Fwww.presseportal.de%2Fblaulicht%2Fpm%2F117688%2F5209047%2F%3Futm_source%3Dwhatsapp%26utm_medium%3Dsocial\"><\/a><a href=\"https:\/\/www.xing.com\/app\/user?op=share;url=https%3A%2F%2Fwww.presseportal.de%2Fblaulicht%2Fpm%2F117688%2F5209047%2F%3Futm_source%3Dxing%26utm_medium%3Dsocial\"><\/a><a href=\"http:\/\/www.linkedin.com\/shareArticle?mini=true&amp;url=https%3A%2F%2Fwww.presseportal.de%2Fblaulicht%2Fpm%2F117688%2F5209047%2F%3Futm_source%3Dlinkedin%26utm_medium%3Dsocial&amp;title=POL-PDLU%3A+Ver%C3%B6ffentlichung+der+Verkehrsunfall-+und+Kriminalit%C3%A4tsstatistik+der+Polizeiinspektion+Schifferstadt+f%C3%BCr+das+Jahr+2021\"><\/a><a href=\"mailto:?subject=POL-PDLU%3A%20Ver%C3%B6ffentlichung%20der%20Verkehrsunfall-%20und%20Kriminalit%C3%A4tsstatistik%20der%20Polizeiinspektion%20Schifferstadt%20f%C3%BCr%20das%20Jahr%202021&amp;body=https:\/\/www.presseportal.de\/blaulicht\/pm\/117688\/5209047\"><\/a><\/h2>\n\n\n\n<p>Im Jahr 2021 ereigneten sich im Dienstgebiet der Polizeiinspektion Schifferstadt 1886 Verkehrsunf\u00e4lle. Bei 207 Unf\u00e4llen wurde zumindest eine Person verletzt. Seit 2017 sind die Gesamtumfallzahlen um 7%, die Unf\u00e4lle mit Personensch\u00e4den um 14,5% gesunken. Im Jahr 2021 entstand bei den Unf\u00e4llen Sachschaden von insgesamt etwa 4.020.000 Euro. \u00dcber 50% der Unf\u00e4lle sind &#8222;Bagatellunf\u00e4lle&#8220;, welche im Zusammenhang mit dem ruhenden Verkehr stehen. Die Aufkl\u00e4rungsquote bei den Verkehrsunfallfluchten betrug im Jahr 2021 43,35%. Die Hauptunfallursache ist mangelnder Abstand. Auch bei der Kriminalit\u00e4tsstatistik 2021 ist ein R\u00fcckgang der Straftaten um 253 F\u00e4lle zu verzeichnen. Insgesamt ereigneten sich 3819 Straftaten. Mit 59,5 % kann die PI Schifferstadt die zweith\u00f6chste Aufkl\u00e4rungsquote der letzten 5 Jahre verzeichnen. Mit einer H\u00e4ufigkeitszahl von 4257 (Straftaten pro 100.000 Einwohnern) liegt die Polizeiinspektion Schifferstadt deutlich unter dem Landesdurchschnitt. <\/p>\n\n\n\n<h4 class=\"wp-block-heading\">Informationen zur den Statistiken der Polizeiinspektion Schifferstadt finden Sie unter: <a href=\"https:\/\/www.polizei.rlp.de\/de\/die-polizei\/ueber-uns\/dienststellen\/polizeipraesidium-rheinpfalz\/polizeidirektion-ludwigshafen\/polizeiinspektion-schifferstadt\/\">https:\/\/www.polizei.rlp.de\/de\/die-polizei\/ueber-uns\/dienststellen\/polizeipraesidium-rheinpfalz\/polizeidirektion-ludwigshafen\/polizeiinspektion-schifferstadt\/<\/a><\/h4>\n\n\n\n<h2 class=\"wp-block-heading\">(Mutterstadt) &#8211; Einbruchsdiebstahl auf einer Baustelle<\/h2>\n\n\n\n<p>Am 29.04.2022 gegen 00:30 Uhr wurde \u00fcber eine Sicherheitsfirma gemeldet, dass sich auf der Baustelle Am Flo\u00dfbach zwei maskierte Personen auf dem umz\u00e4unten Gel\u00e4nde aufhalten w\u00fcrden. Die \u00d6rtlichkeit wurde umgehend angefahren. Vor Ort wurde das Gel\u00e4nde umstellt und dann zusammen mit einem Diensthundef\u00fchrer begangen. Dabei konnte an einem Container eine aufgehebelte T\u00fcr vorgefunden werden. Im Rahmen der Nahbereichsfahndung konnte ein verd\u00e4chtiger PKW entdeckt werden, welcher beim Erblicken der Streife fluchtartig wendete. Dieses Fahrzeug konnte einer Kontrolle unterzogen werden. Im und am Fahrzeug befanden sich zwei M\u00e4nner, welche deutlich nach Diesel rochen. Eine Nachschau im Geb\u00fcsch f\u00fchrte zum Auffinden von drei gef\u00fcllten Kanistern Diesel. Bei der PKW Durchsuchung konnte diverses Werkzeug aufgefunden und sichergestellt werden. Im Rahmen der Tatortsuche konnten Baustellenfahrzeuge mit ge\u00f6ffnetem Tankdeckel festgestellt werden. Beide Beschuldigte wurden erkennungsdienstlich behandelt. Zeugen, die Angaben zu dem Tatgeschehen machen k\u00f6nnen, werden gebeten, sich mit der Polizeiinspektion Schifferstadt unter 06235 495-0 oder&nbsp;<a href=\"mailto:pischifferstadt@polizei.rlp.de\">pischifferstadt@polizei.rlp.de<\/a>&nbsp;in Verbindung zu setzen.<\/p>\n\n\n\n<h2 class=\"wp-block-heading\">(Mutterstadt) &#8211; Trunkenheit im Verkehr und anschlie\u00dfende Ingewahrsamnahme<\/h2>\n\n\n\n<div class=\"wp-block-image\"><figure class=\"aligncenter size-full\"><img decoding=\"async\" loading=\"lazy\" width=\"800\" height=\"600\" src=\"https:\/\/speyer24news.com\/wp-content\/uploads\/2019\/06\/Ausn\u00fcchterungszelle.jpg\" alt=\"\" class=\"wp-image-15212\" srcset=\"https:\/\/speyer24news.com\/wp-content\/uploads\/2019\/06\/Ausn\u00fcchterungszelle.jpg 800w, https:\/\/speyer24news.com\/wp-content\/uploads\/2019\/06\/Ausn\u00fcchterungszelle-300x225.jpg 300w, https:\/\/speyer24news.com\/wp-content\/uploads\/2019\/06\/Ausn\u00fcchterungszelle-768x576.jpg 768w, https:\/\/speyer24news.com\/wp-content\/uploads\/2019\/06\/Ausn\u00fcchterungszelle-678x509.jpg 678w, https:\/\/speyer24news.com\/wp-content\/uploads\/2019\/06\/Ausn\u00fcchterungszelle-326x245.jpg 326w, https:\/\/speyer24news.com\/wp-content\/uploads\/2019\/06\/Ausn\u00fcchterungszelle-80x60.jpg 80w\" sizes=\"(max-width: 800px) 100vw, 800px\" \/><\/figure><\/div>\n\n\n\n<p>Am Donnerstagmittag, gegen 17:30 Uhr, wurde eine augenscheinliche betrunkene Person gemeldet, welcher G\u00e4ste eines Caf\u00e9s anp\u00f6beln w\u00fcrde. Vor Ort konnte der stark alkoholisierte Beschuldigte im Au\u00dfenbereich des Caf\u00e9s sitzend neben seinem Fahrrad angetroffen werden. Er hatte starke Stimmungsschwankungen und unterschritt mehrmals den durch die Beamten geforderten Abstand, weshalb er aus Eigensicherungsgr\u00fcnden gefesselt wurde. Durch einen Zeugen wurde zudem beobachtet, dass der 57-j\u00e4hrige Mann zuvor mit seinem Fahrrad zu dem Caf\u00e9 gefahren kam. Hierbei habe der Mann schon stark alkoholisiert gewirkt. Im Anschluss habe er im Caf\u00e9 selbst mitgebrachten Alkohol konsumiert. Ein Atemalkoholtest war aufgrund der Alkoholisierung nicht m\u00f6glich. Dem Mann wurde auf hiesiger Dienststelle eine Blutprobe entnommen. Das mitgef\u00fchrte Fahrrad wurde pr\u00e4ventiv sichergestellt. Der Beschuldigte musste au\u00dferdem aufgrund der starken Alkoholisierung und fehlender Wegef\u00e4higkeit in Schutzgewahrsam genommen werden.<\/p>\n\n\n\n<h2 class=\"wp-block-heading\">(Dudenhofen) &#8211; Verkehrsunfall durch 32-j\u00e4hrigen PKW-Fahrer<\/h2>\n\n\n\n<p>Am Donnerstag um 17:06 Uhr befuhr ein 32-j\u00e4hriger Auto-Fahrer die B39 aus Richtung Speyer kommend in Richtung Neustadt\/Weinstra\u00dfe. In H\u00f6he der Einm\u00fcndung Dudenhofen-S\u00fcd kam er ohne Fremdeinwirkung nach rechts von der Fahrbahn ab, \u00fcberfuhr eine dortige Leitplanke und kam an einem Verkehrszeichen zum Stehen.<\/p>\n\n\n\n<p>Der Fahrer wurde nicht verletzt. Es waren keine weiteren Fahrzeuge beteiligt.<\/p>\n\n\n\n<p>Eine Beeinflussung durch Alkohol oder Drogen konnte ausgeschlossen werden.<\/p>\n\n\n\n<h2 class=\"wp-block-heading\">(Germersheim) &#8211; Handy am Ohr und Betriebserlaubnis erloschen<\/h2>\n\n\n\n<p>Ein 28-j\u00e4hriger Autofahrer wurde am Mittwoch in der August-Keiler-Stra\u00dfe in Germersheim w\u00e4hrend der Fahrt mit dem Handy in der Hand erwischt. Bei der anschlie\u00dfenden Verkehrskontrolle stellten die Polizeibeamten fest, dass er an seinem Fahrzeug technische Ver\u00e4nderungen vorgenommen hatte, die zum Erl\u00f6schen der Betriebserlaubnis f\u00fchrten. Auf ihn kommt ein entsprechendes Bu\u00dfgeldverfahren und ein M\u00e4ngelbericht zu.<\/p>\n\n\n\n<h2 class=\"wp-block-heading\">(Germersheim) &#8211; Schulwegkontrolle<\/h2>\n\n\n\n<p>Mittwochmorgen f\u00fchrte der Bezirksbeamte der Stadt Germersheim an der Eduard-Orth-Schule in Germersheim eine Schulwegkontrolle durch. Dabei kam es lediglich zu einem Versto\u00df, der mit 50 Euro geb\u00fchrenpflichtig verwarnt wurde.<\/p>\n\n\n\n<h2 class=\"wp-block-heading\">(L 540 zw. W\u00f6rth &amp; Jockgrim) &#8211; Polizei sucht wei\u00dfen Kastenwagen<\/h2>\n\n\n\n<p>Am 29.04.2022 um 18:20 Uhr \u00fcberfuhr die Fahrerin eines wei\u00dfen Kastenwagens eine Verkehrsinsel im Bereich der L540 zwischen W\u00f6rth und Jockgrim. Hierbei wurde ein Verkehrszeichen besch\u00e4digt. Die junge Frau ist dabei beobachtet worden wie sie nach dem Unfall einfach weitergefahren ist. Kennzeichenfragmente konnten abgelesen werden. Weitere Zeugen k\u00f6nnen sich unter 07271-92210 oder&nbsp;<a href=\"mailto:piwoerth@polizei.rlp.de\">piwoerth@polizei.rlp.de<\/a>&nbsp;mit der Polizei in Verbindung setzen.<\/p>\n\n\n\n<h2 class=\"wp-block-heading\">(Oberotterbach) &#8211; Verkehrsunfall endet glimpflich<\/h2>\n\n\n\n<div class=\"wp-block-image\"><figure class=\"aligncenter size-full\"><img decoding=\"async\" loading=\"lazy\" width=\"800\" height=\"598\" src=\"https:\/\/speyer24news.com\/wp-content\/uploads\/2022\/04\/unfall-1.jpg\" alt=\"\" class=\"wp-image-45284\" srcset=\"https:\/\/speyer24news.com\/wp-content\/uploads\/2022\/04\/unfall-1.jpg 800w, https:\/\/speyer24news.com\/wp-content\/uploads\/2022\/04\/unfall-1-300x224.jpg 300w, https:\/\/speyer24news.com\/wp-content\/uploads\/2022\/04\/unfall-1-768x574.jpg 768w, https:\/\/speyer24news.com\/wp-content\/uploads\/2022\/04\/unfall-1-326x245.jpg 326w, https:\/\/speyer24news.com\/wp-content\/uploads\/2022\/04\/unfall-1-80x60.jpg 80w\" sizes=\"(max-width: 800px) 100vw, 800px\" \/><\/figure><\/div>\n\n\n\n<p>Am 29.04.2022 gegen 09:40 Uhr befuhr der 86-j\u00e4hrige Unfallverursacher mit seinem Mercedes-Benz die Weinstra\u00dfe in Oberotterbach in Fahrtrichtung Bad Bergzabern. Am Stoppschild zur B38 missachtete er die Vorfahrt des von links kommenden PKW-Fahrers eines Audi TTs. Es kam zum Zusammensto\u00df im Einm\u00fcndungsbereich. Der Audi wurde durch den Zusammensto\u00df auf die Leitplanke geschleudert. Beide PKWs waren nicht mehr fahrbereit und mussten abgeschleppt werden. Gl\u00fccklicherweise wurde bei dem Unfall niemand verletzt. Im Rahmen der Unfallaufnahme musste die B38 kurzzeitig voll gesperrt werden. Der Sachschaden wird auf ca. 30.000 Euro gesch\u00e4tzt.<\/p>\n\n\n\n<h2 class=\"wp-block-heading\">(Klingenm\u00fcnster) &#8211; Vermisstensuche mit Hubschrauber<\/h2>\n\n\n\n<div class=\"wp-block-image\"><figure class=\"aligncenter size-full\"><img decoding=\"async\" src=\"https:\/\/speyer24news.com\/wp-content\/uploads\/2020\/06\/Hubschraubersuche-der-Polizei.jpg\" alt=\"\" class=\"wp-image-28380\"\/><\/figure><\/div>\n\n\n\n<p>Derzeit (28.04.2022, 17:20 Uhr) sucht die Polizei mit Hubschrauber und etlichen Einsatzkr\u00e4ften der Polizei und Feuerwehr im Bereich in- und um Klingenm\u00fcnster nach einer 19-j\u00e4hrigen Frau. Diese wurde letztmalig gegen 15.00 Uhr im Bereich Klingenm\u00fcnster gesehen. <\/p>\n\n\n\n<ul><li><strong>Die junge Frau ist ca. 171 cm gro\u00df, hat mittellange, dunkle Haare. <\/strong><\/li><li><strong>Sie ist bekleidet mit einer braun\/wei\u00dfen Weste und tr\u00e4gt eine blau\/wei\u00dfe Hose mit Schiffsankern bedruckt.<\/strong><\/li><\/ul>\n\n\n\n<p>Sachdienliche Hinweise nimmt die Polizeiinspektion Bad Bergzabern unter der Telefonnummer 06343 9334-0 oder per E-Mail unter&nbsp;<a href=\"mailto:pibadbergzabern@polizei.rlp.de\">pibadbergzabern@polizei.rlp.de<\/a>&nbsp;entgegen.<\/p>\n\n\n\n<h2 class=\"has-text-align-center wp-block-heading\">Nachtrag zur Vermisstensuche<\/h2>\n\n\n\n<p>Die vermisste 19-j\u00e4hrige Frau aus dem Raum Klingenm\u00fcnster wurde am Freitagmorgen durch die Polizei Mannheim in einem Krankenhaus angetroffen und befindet sich in medizinischer Behandlung. Die gestrige Suche, u.a. mit Unterst\u00fctzung eines Hubschraubers, wurde gegen 23:00 Uhr vor\u00fcbergehend eingestellt.<\/p>\n\n\n\n<h2 class=\"wp-block-heading\">(Landau) &#8211; Gemeinsame Pressemitteilung der Staatsanwaltschaft Landau und der Kriminalinspektion Landau Leinsweiler: Mann mit Messer verletzt<\/h2>\n\n\n\n<h3 class=\"has-text-align-center wp-block-heading\">Folgemitteilung zur Pressemitteilung der Kriminalinspektion Landau vom 27.04.2022<\/h3>\n\n\n\n<div class=\"wp-block-image\"><figure class=\"aligncenter size-full\"><img decoding=\"async\" loading=\"lazy\" width=\"800\" height=\"533\" src=\"https:\/\/speyer24news.com\/wp-content\/uploads\/2020\/06\/Zelle.jpg\" alt=\"\" class=\"wp-image-28203\" srcset=\"https:\/\/speyer24news.com\/wp-content\/uploads\/2020\/06\/Zelle.jpg 800w, https:\/\/speyer24news.com\/wp-content\/uploads\/2020\/06\/Zelle-300x200.jpg 300w, https:\/\/speyer24news.com\/wp-content\/uploads\/2020\/06\/Zelle-768x512.jpg 768w\" sizes=\"(max-width: 800px) 100vw, 800px\" \/><\/figure><\/div>\n\n\n\n<p>Auf Antrag der Staatsanwaltschaft Landau hat der Ermittlungsrichter des Amtsgerichts Landau Donnerstagnachmittag Haftbefehl gegen die beiden 29 und 33 Jahre alten M\u00e4nner erlassen, die verd\u00e4chtig sind, in der Nacht auf Mittwoch, den 27.04.2022, ihren Mitbewohner mit einem Messer angegriffen zu haben. Nach den derzeit vorliegenden Erkenntnissen soll der 29-j\u00e4hrige Beschuldigte dem Gesch\u00e4digten eine tiefe Schnittverletzung im Gesicht beigebracht haben, w\u00e4hrend der 33-J\u00e4hrige den Gesch\u00e4digten festhielt. Gegen die beiden M\u00e4nner besteht der dringende Tatverdacht der gemeinschaftlich begangenen schweren K\u00f6rperverletzung. Die beiden Beschuldigten kamen in eine Justizvollzugsanstalt.<\/p>\n\n\n\n<p>Die Ermittlungen zu den Hintergr\u00fcnden der Tat dauern an.<\/p>\n\n\n\n<h2 class=\"wp-block-heading\">(Landau) &#8211; K\u00f6rperverletzung \/ Zeuge gesucht<\/h2>\n\n\n\n<p>Zu einer k\u00f6rperlichen Auseinandersetzung zwischen einem 33-J\u00e4hrigen und zwei 17-J\u00e4hrigen kam es am Mittwochvormittag in der Damm\u00fchlstra\u00dfe in Landau. Der 33-J\u00e4hrige soll zun\u00e4chst die beiden 17-J\u00e4hrigen beleidigt haben, als es dann zu k\u00f6rperlichen Auseinandersetzung kam. Ein bislang unbekannter Zeuge trennte die beiden Parteien. Die Polizei Landau bittet diesen Zeugen, sich per Email an&nbsp;<a href=\"mailto:pilandau@polizei.rlp.de\">pilandau@polizei.rlp.de<\/a>&nbsp;oder telefonisch unter 06341\/2870 sich bei der Polizeiinspektion Landau zu melden. Gegen alle Beteiligten wurde ein Strafverfahren wegen K\u00f6rperverletzung eingeleitet.<\/p>\n\n\n\n<h2 class=\"wp-block-heading\">(Roschbach) &#8211; 126km\/h statt 70km\/h<\/h2>\n\n\n\n<p>Am Freitagvormittag wurde durch die Polizei Edenkoben die Einhaltung der Geschwindigkeitsbegrenzung im Bereich der Kreuzung L516\/K54 \u00fcberwacht. In weniger als zwei Stunden mussten 24 Fahrzeugf\u00fchrer einer Verkehrskontrolle unterzogen werden, da sie die erlaubten 70km\/h \u00fcberschritten. Die beiden unr\u00fchmlichen Spitzenreiter waren mit 125km\/h bzw. 126km\/h unterwegs. Diese beiden erwartet ein Bu\u00dfgeld von mindestens 480 Euro, zwei Punkte im Fahrerlaubnisregister und ein Monat Fahrverbot.<\/p>\n\n\n\n<h2 class=\"wp-block-heading\">(Hainfeld) &#8211; Unfall mit leichtverletzter Radfahrerin<\/h2>\n\n\n\n<p>Weil eine 58 Jahre alte Autofahrerin am Donnerstagnachmittag (28.04.2022, 15.30 Uhr) eine 61-j\u00e4hrige Radfahrerin an der Kreuzung Edesheimer Stra\u00dfe\/Weinstra\u00dfe \u00fcbersah, kam es zu einem Verkehrsunfall, bei dem sich die Radfahrerin Sch\u00fcrfwunden zuzog. Die Kreuzung ist mit einem Stopp-Schild versehen, dass die Autofahrerin aus unbekannten Gr\u00fcnden \u00fcbersah. Die Polizei weist darauf hin: Stoppschilder sollen Unf\u00e4lle an vielbefahrenen oder schlecht einsehbaren Kreuzungen verhindern.<\/p>\n\n\n\n<h2 class=\"wp-block-heading\">(Edenkoben) &#8211; Und wer f\u00fchrt das Fahrzeug?<\/h2>\n\n\n\n<p>In der Luitpoldstra\u00dfe wurde Donnerstagvormittag (28.04.2022, 11.45 Uhr) eine 43 Jahre alte Autofahrerin kontrolliert, die in der linken Hand \u00fcber ihre &#8222;ToDo-Liste&#8220; gr\u00fcbelte, w\u00e4hrend sie gleichzeitig mit der rechten Hand ihr Smartphone bediente. In einem Gespr\u00e4ch wurde die Frau darauf hingewiesen, dass das Smartphone erst dann benutzt werden darf, wenn das Fahrzeug steht und der Motor ausgeschaltet ist. Sie erwartet ein Bu\u00dfgeld von 100 Euro sowie einen Punkt in der Flensburger Verkehrss\u00fcnderkartei. Weil zwei weitere Autofahrer telefonierten, m\u00fcssen sie die gleiche Geldbu\u00dfe zahlen. 30 Euro m\u00fcssen drei Autofahrer verrichten, weil sie den vorgeschriebenen Sicherheitsgurt nicht trugen. Laut Unfallforschung k\u00f6nnen j\u00e4hrlich rund 200 Verkehrstote und 1.500 Schwerverletzte vermieden werden, wenn sich alle Autoinsassen immer korrekt anschnallen w\u00fcrden. Untersuchungen zeigen, dass bereits bei einem Aufprall mit einer Geschwindigkeit von 20 km\/h die Arme eines 75 Kilogramm schweren Menschen ein Gewicht von 1.800 Kilogramm abst\u00fctzen m\u00fcssen.<\/p>\n\n\n\n<h2 class=\"wp-block-heading\">(Edenkoben) &#8211; Wildschwein fl\u00fcchtet von der Unfallstelle<\/h2>\n\n\n\n<div class=\"wp-block-image\"><figure class=\"aligncenter size-full\"><img decoding=\"async\" loading=\"lazy\" width=\"800\" height=\"483\" src=\"https:\/\/speyer24news.com\/wp-content\/uploads\/2022\/04\/BeschaedigterTiguan.jpg\" alt=\"\" class=\"wp-image-45285\" srcset=\"https:\/\/speyer24news.com\/wp-content\/uploads\/2022\/04\/BeschaedigterTiguan.jpg 800w, https:\/\/speyer24news.com\/wp-content\/uploads\/2022\/04\/BeschaedigterTiguan-300x181.jpg 300w, https:\/\/speyer24news.com\/wp-content\/uploads\/2022\/04\/BeschaedigterTiguan-768x464.jpg 768w\" sizes=\"(max-width: 800px) 100vw, 800px\" \/><\/figure><\/div>\n\n\n\n<p>Spektakul\u00e4r war ein Wildunfall Donnerstagmorgen (28.04.2022, 8 Uhr) auf der L 512 zwischen Maikammer und Edenkoben. Von einer ca. 2 Meter hohen Sandsteinmauer sprang eine Wildsau auf die Motorhaube eines vorbeifahrenden Tiguan, schlug dabei auf die rechte A-S\u00e4ule auf und besch\u00e4digte im Fallen die komplette rechte Fahrzeugseite. W\u00e4hrend an dem Fahrzeug erheblicher Sachschaden entstand, fl\u00fcchtete der Schwarzkittel nach einem kr\u00e4ftigen Sch\u00fctteln in den angrenzenden Wingert. Die Schadensh\u00f6he liegt bei \u00fcber 10.000 Euro.<\/p>\n\n\n\n<h2 class=\"wp-block-heading\">(Bad D\u00fcrkheim) &#8211; Mit getuntem Fahrzeug und gef\u00e4lschten Ausweispapieren aus dem Verkehr gezogen<\/h2>\n\n\n\n<div class=\"wp-block-image\"><figure class=\"aligncenter size-full\"><img decoding=\"async\" loading=\"lazy\" width=\"800\" height=\"511\" src=\"https:\/\/speyer24news.com\/wp-content\/uploads\/2022\/04\/220428TuningCLS_PIDUeW.jpg\" alt=\"\" class=\"wp-image-45287\" srcset=\"https:\/\/speyer24news.com\/wp-content\/uploads\/2022\/04\/220428TuningCLS_PIDUeW.jpg 800w, https:\/\/speyer24news.com\/wp-content\/uploads\/2022\/04\/220428TuningCLS_PIDUeW-300x192.jpg 300w, https:\/\/speyer24news.com\/wp-content\/uploads\/2022\/04\/220428TuningCLS_PIDUeW-768x491.jpg 768w\" sizes=\"(max-width: 800px) 100vw, 800px\" \/><\/figure><\/div>\n\n\n\n<p>Am 27.04.2022 gegen 18:30 Uhr konnte der Fahrer eines Mercedes CLS in der Bruchstra\u00dfe in Bad D\u00fcrkheim einer Verkehrskontrolle unterzogen werden. Zuvor war er einer Streifenbesatzung aufgefallen, als er auf der B271, mit deutlich \u00fcberh\u00f6hter Geschwindigkeit, zwei PKW im \u00dcberholverbot \u00fcberholte. Der 31-J\u00e4hrige legte den Beamten einen lettischen F\u00fchrerschein und Reisepasses vor. Bei der n\u00e4heren Kontrolle der Ausweisdokumente konnten jedoch Unstimmigkeiten festgestellt werden, die sich Rahmen der Ermittlungen auf der Dienststelle erh\u00e4rteten. Schlie\u00dflich konnte ermittelt werden, dass der 31-J\u00e4hrige, unter der Angabe von falschen Personalien eine Meldeanschrift in Lettland erlangt und sich damit sowohl den F\u00fchrerschein als auch den Reisepass besorgt hatte. Den Mercedes, den er angeblich von einem Bekannten geliehen h\u00e4tte, war aber auf seinen richtigen Namen angemeldet. Weitere Ermittlungen ergaben, dass ihm in Deutschland die Fahrerlaubnis entzogen worden war. Daher wird gegen ihn wegen Urkundenf\u00e4lschung und Fahren ohne Fahrerlaubnis ermittelt. Bei der Kontrolle des Mercedes CLS konnten diverse \u00c4nderungen festgestellt werden. Sowohl das Luftfahrwerk, die Felgen und der Luftfilter waren nicht ordnungsgem\u00e4\u00df durch den T\u00dcV abgenommen und eingetragen. Im Unterboden des Kofferraumes war eine Methanol-Einspritzanlage verbaut. Weiterhin wurden der KAT und die Endschalld\u00e4mpfer der Abgasanlage ausgebaut. Aufgrund der festgestellten Umbauten \u00e4ndert sich das Abgasverhalten des PKW derart, dass ein Versto\u00df gegen das Kraftfahrzeugsteuergesetz vorliegt. Zwecks Erstellung eines Gutachtens wurde der Mercedes sichergestellt. Durch die Umbauten war die Betriebserlaubnis erloschen.<\/p>\n\n\n\n<h2 class=\"wp-block-heading\">(Bad D\u00fcrkheim) &#8211; Bettler \u00fcbersteigen Zaun an Wohnhaus<\/h2>\n\n\n\n<p>Am 27.04.2022 gegen 11:45 Uhr kam es in der Schenkenb\u00f6hlstra\u00dfe in Bad D\u00fcrkheim zu einem Hausfriedensbruch. Zwei zu diesem Zeitpunkt noch unbekannte Personen \u00fcberstiegen den Zaum des Vorgartens einer \u00e4lteren Dame und klingelten ununterbrochen an der Hauseingangst\u00fcr. Die \u00e4ltere Dame reagierte vorbildlich und \u00f6ffnete die T\u00fcr nicht. Im Anschluss hielten die zwei Personen einen Zettel an ihr Fenster. Hierauf stand, dass man Kinder und keine Arbeit h\u00e4tte. Weiterhin wollten sie Geld haben. Da die \u00e4ltere Dame darauf nicht reagiert, w\u00e4ren die Person wieder \u00fcber den Zaun geklettert und h\u00e4tten sich fu\u00dfl\u00e4ufig in Richtung Seebach entfernt. Im Rahmen der sofort eingeleiteten Fahndung, konnten die beiden Personen an der Kreuzung Holzweg\/Heinrich-B\u00e4hrmann-Stra\u00dfe einer Personenkontrolle unterzogen werden. Bei der Durchsuchung konnten bei beiden Personen Zettel, mit den oben genannten Inhalten, aufgefunden und sichergestellt werden. Gegen den 27-J\u00e4hrigen und die 22-J\u00e4hrige wird nun wegen Hausfriedensbruchs ermittelt.<\/p>\n\n\n\n<h2 class=\"wp-block-heading\">(Kleinniedesheim) &#8211; Alleinunfall mit anschlie\u00dfender Flucht<\/h2>\n\n\n\n<p>Am 28.04.2022, gegen 21.25 Uhr, wurde durch Zeugen ein Alleinunfall eines Kleinkraftradfahrers in der Stra\u00dfe Kleine Hohl gemeldet. Der Fahrer rannte nach seinem Sturz von der Unfallstelle weg. Im Rahmen der Fahndung meldeten sich Zeugen aus der Bobenheimer Stra\u00dfe, dass sich ein ihnen unbekannter Mann in deren Gartenhaus befinden w\u00fcrde. Dort konnte der Fahrer, ein 30-j\u00e4hriger Mann aus Heuchelheim, letztendlich durch die Streife angetroffen werden. Aufgrund seiner Verletzungen, Sch\u00fcrfwunden an Schulter und Armen, wurde er durch den Rettungsdienst in ein Krankenhaus verbracht. Dort wurde ihm auch, aufgrund seiner augenscheinlichen Alkoholisierung, eine Blutprobe entnommen. Weiterhin wurde festgestellt, dass er derzeit nicht in Besitz einer Fahrerlaubnis ist. Entsprechende Ermittlungsverfahren wurden gegen ihn eingeleitet.<\/p>\n\n\n\n<p>Zeugen werden gebeten sich an die Polizeiinspektion Frankenthal unter der Tel.-Nr.: 06233\/313-0 oder an die Polizeiwache Maxdorf unter der Tel.-Nr.: 06237\/934-1100 zu wenden. Gerne nehmen wir Ihre Hinweise auch per E-Mail unter&nbsp;<a href=\"mailto:pifrankenthal@polizei.rlp.de\">pifrankenthal@polizei.rlp.de<\/a>&nbsp;entgegen.<\/p>\n\n\n\n<h2 class=\"wp-block-heading\">(A 6 \/ Frankenthal) &#8211; Verkehrsunfall mit einer leicht und einer schwerverletzten Person auf der A6 bei Frankenthal<\/h2>\n\n\n\n<p>Am Donnerstagabend, 28.04. gegen 19:15, befuhren ein 31-j\u00e4hriger Honda-Fahrer und eine 42-j\u00e4hrige VW-Fahrerin die A6 aus Richtung Kaiserslautern kommend in Fahrtrichtung Mannheim. Ca. einen Kilometer vor der Anschlussstelle Frankenthal stoppte der Honda-Fahrer sein Fahrzeug aus bisher nicht gekl\u00e4rter Ursache auf dem rechten Fahrstreifen. Die VW-Fahrerin erkannte dies zu sp\u00e4t und fuhr trotz Ausweichversuchs auf den stehenden Honda auf. Durch den Aufprall wurde die VW-Fahrerin leicht verletzt und vor Ort durch den Rettungsdienst behandelt. Der Honda-Fahrer wurde schwer verletzt, musste durch die Feuerwehr unter Einsatz technischer Hilfsmittel aus seinem Fahrzeug gerettet werden und wurde mittels Rettungshubschrauber ins Krankenhaus gebracht. Beide Fahrzeuge waren nicht mehr fahrbereit und wurden abgeschleppt. Es entstand ein Sachschaden von ca. 14000EUR. Im Rahmen der Unfallaufnahme musste die Fahrbahn der A6 in Richtung Mannheim f\u00fcr etwa eine Stunde voll gesperrt werden.<\/p>\n\n\n\n<h2 class=\"wp-block-heading\">(Frankenthal) &#8211; Unfallflucht durch Fahrradfahrer<\/h2>\n\n\n\n<p>Am 28.04.2022, gegen 15.30 Uhr, befuhr ein bislang unbekannter Fahrradfahrer die Welschgasse in Richtung Bahnhofstra\u00dfe. Etwa in H\u00f6he der Hausnummer 24 kollidierte er mit einem parkenden Pkw und besch\u00e4digte diesen im Bereich der Fahrert\u00fcr. Der Fahrradfahrer wird als m\u00e4nnlich, heller Hauttyp, etwa 35 Jahre alt, d\u00fcnner dunkler Bart, dunkle Haare, bekleidet mit cremefarbener Bauarbeiterkleidung beschrieben. Er f\u00fchrte einen Rucksack mit sich. Der Schaden wird auf etwa 1000 Euro gesch\u00e4tzt.<\/p>\n\n\n\n<p>Zeugen werden gebeten sich an die Polizeiinspektion Frankenthal unter der Tel.-Nr.: 06233\/313-0 oder an die Polizeiwache Maxdorf unter der Tel.-Nr.: 06237\/934-1100 zu wenden. Gerne nehmen wir Ihre Hinweise auch per E-Mail unter&nbsp;<a href=\"mailto:pifrankenthal@polizei.rlp.de\">pifrankenthal@polizei.rlp.de<\/a>&nbsp;entgegen.<\/p>\n\n\n\n<h2 class=\"wp-block-heading\">(Ludwigshafen) &#8211; 37-J\u00e4hriger leicht verletzt \/ Auseinandersetzung auf Stra\u00dfe<\/h2>\n\n\n\n<p>Ein 37-J\u00e4hriger wurde am Donnerstag (28.04.2022), gegen 20.30 Uhr, w\u00e4hrend einer k\u00f6rperlichen Auseinandersetzung mit vier weiteren Beteiligten, im Alter von 16 bis 29 Jahren, leicht verletzt. Die Schl\u00e4gerei entwickelte sich im Bereich der Bleichstra\u00dfe. W\u00e4hrend der Auseinandersetzung wurden auch ein Kettenschloss und Steine verwendet. Der Ausl\u00f6ser ist bisher unklar. Die Polizei sucht deshalb Zeugen. Sachdienliche Hinweise bitte an die Polizeiinspektion Ludwigshafen 1, Telefonnummer 0621 963-2122 oder per E-Mail&nbsp;<a href=\"mailto:piludwigshafen1@polizei.rlp.de\">piludwigshafen1@polizei.rlp.de<\/a><\/p>\n\n\n\n<h2 class=\"wp-block-heading\">(Ludwigshafen) &#8211; Unfall im Kreuzungsbereich<\/h2>\n\n\n\n<p>Zwei Autofahrer kollidierten am Donnerstag (28.04.2022), um 15.10 Uhr, im Kreuzungsbereich der Hauptstra\u00dfe und K7 und wurden hierbei verletzt. Beide Autofahrer, im Alter von 23 und 34 Jahren, wurden in ein Krankenhaus eingeliefert. Der entstandene Sachschaden bel\u00e4uft sich auf mindestens 10.000 Euro. W\u00e4hrend der Verkehrsunfallaufnahme bildete sich ein R\u00fcckstau, der zweitweise zu Verkehrsbeeintr\u00e4chtigungen f\u00fchrte. Die Polizei sucht noch weitere Verkehrsunfallzeugen. Sachdienliche Hinweise bitte an die Polizeiinspektion Ludwigshafen 1, Telefonnummer 0621 963-2122 oder per E-Mail&nbsp;<a href=\"mailto:piludwigshafen1@polizei.rlp.de\">piludwigshafen1@polizei.rlp.de<\/a>&nbsp;.<\/p>\n\n\n\n<h2 class=\"wp-block-heading\">(Ludwigshafen) &#8211; Fu\u00dfg\u00e4ngerin angefahren<\/h2>\n\n\n\n<p>Ein 28-j\u00e4hriger Autofahrer kollidierte am Donnerstag (28.04.2022) mit einer 61-j\u00e4hrigen Fu\u00dfg\u00e4ngerin und verletzte sie hierbei. Der Autofahrer bog um 14.34 Uhr von der Sternstra\u00dfe in die Mannheimer Stra\u00dfe ab und \u00fcbersah hierbei die bevorrechtigte Fu\u00dfg\u00e4ngerin, die in diesem Moment die Stra\u00dfe \u00fcberquerte. Die 61-J\u00e4hrige musste anschlie\u00dfend schwer verletzt in ein Krankenhaus eingeliefert werden.<\/p>\n\n\n\n<h2 class=\"wp-block-heading\">(Ludwigshafen) &#8211; Verfolgungsfahrt \/ Zeugen gesucht<\/h2>\n\n\n\n<p>Eine Polizeistreife wollte am Donnerstag (28.04.2022), gegen 11.15 Uhr, eine Mercedes E-Klasse mit vier Personen im Bereich der Hemshofstra\u00dfe kontrollieren. Der bisher unbekannte Fahrer ignorierte die Anhaltsignale des Streifenwagens und beschleunigte. Die Verfolgungsfahrt erstreckte sich von der Hemshofstra\u00dfe aus \u00fcber die Karl-M\u00fcller-Stra\u00dfe in Richtung B\u00f6hlstra\u00dfe. Teilweise erreichte der Fl\u00fcchtige 100 km\/h in der 50er-Zone. Im Bereich der Hemshofstra\u00dfe\/B\u00f6hlstra\u00dfe stellte die Polizei den besch\u00e4digten Mercedes ohne Insassen fest. Die Polizei sucht Zeugen, die Hinweise zu den Insassen geben k\u00f6nnen. Sachdienliche Hinweise bitte an die Polizeiinspektion Ludwigshafen 2, Telefonnummer 0621 963-2222 oder per E-Mail&nbsp;<a href=\"mailto:piludwigshafen2@polizei.rlp.de\">piludwigshafen2@polizei.rlp.de<\/a>&nbsp;.<\/p>\n\n\n\n<h2 class=\"wp-block-heading\">(Ludwigshafen) &#8211; Zwei Betrugsversuche am Telefon<\/h2>\n\n\n\n<p>Am Donnerstag (28.04.2022) wurden im Stadtgebiet wieder Betrugsversuche am Telefon registriert. Zun\u00e4chst meldete sich ein angeblicher Microsoftmitarbeiter bei einer 81-J\u00e4hrigen. Die Frau erkannte den Betrug und legte auf. In einem weiteren Fall meldete sich eine automatische Ansage von Interpol bei einer 62-J\u00e4hrigen. Auch diese Seniorin erkannte den Betrugsversuch und beendete das Telefonat.<\/p>\n\n\n\n<h4 class=\"wp-block-heading\">Beachten Sie die Tipps Ihrer Polizei, um sich vor Betrug am Telefon zu sch\u00fctzen:<\/h4>\n\n\n\n<ul><li><strong>Legen Sie den H\u00f6rer auf, wenn Ihnen ein Gespr\u00e4ch verd\u00e4chtig vorkommt! Das ist nicht unh\u00f6flich.<\/strong><\/li><li><strong>Geben Sie keine pers\u00f6nlichen Daten \u00fcber das Telefon preis.<\/strong><\/li><li><strong>\u00dcbergeben Sie nie Geld oder Wertsachen an Unbekannte.<\/strong><\/li><li><strong>Nutzen Sie nicht die R\u00fcckwahltaste! Geben Sie bei R\u00fcckfragen an die Polizei die Telefonnummer der \u00f6rtlichen Dienststelle selbst \u00fcber die Tasten ein.<\/strong><\/li><li><strong>Erstatten Sie Anzeige, falls Sie Opfer geworden sind!<\/strong><\/li><li><strong>Im Notfall w\u00e4hlen Sie die 110, Notruf Polizei!<\/strong><\/li><\/ul>\n\n\n\n<p>Auf der Internet-Seite&nbsp;<a target=\"_blank\" rel=\"noreferrer noopener\" href=\"http:\/\/www.polizei-beratung.de\/\">www.polizei-beratung.de<\/a>&nbsp;finden Sie umfangreiche Informationen zu diesem Thema<\/p>\n\n\n\n<h2 class=\"wp-block-heading\">(Ludwigshafen) &#8211; Betrugsversuch \/ Trickdiebe ertappt<\/h2>\n\n\n\n<p>Drei weibliche Trickdiebe im Alter von 14 bis 29 gaben sich am Donnerstag (28.04.2022) als Wasserableser aus und versuchten so in mindestens drei Wohnungen in der K\u00f6nigsbacher Stra\u00dfe zu gelangen. Eine 66-J\u00e4hrige verst\u00e4ndigte sofort die Polizei. Diese konnte das Trio in der N\u00e4he antreffen. Die drei Trickdiebinnen wurden im Anschluss zu einer Polizeidienstelle gebracht, wo sie erkennungsdienstlich behandelt wurden.<\/p>\n\n\n\n<h2 class=\"wp-block-heading\">(Ludwigshafen) &#8211; Einbruch in Kellerabteile<\/h2>\n\n\n\n<p>Unbekannte brachen in der Zeit vom 24.04.2022 bis 26.04.2022 zwei Kellerabteile eines Anwesens in der Merianstra\u00dfe auf und entwendeten 10 Wurstkonserven. Die Kellerabteilte wurden vermutlich mit einem Bolzenschneider ge\u00f6ffnet. Hinweise werden an die Polizeiwache Oggersheim unter Tel. 0621 963 &#8211; 2403 oder per Mail&nbsp;<a href=\"mailto:pwoggersheim@polizei.rlp.de\">pwoggersheim@polizei.rlp.de<\/a>&nbsp;erbeten.<\/p>\n\n\n\n<h2 class=\"wp-block-heading\">(Mannheim-Innenstadt) &#8211; Farbschmiererei an Geb\u00e4udefassade; T\u00e4terfestnahme<\/h2>\n\n\n\n<p>In der Nacht von Donnerstag auf Freitag stellten Einsatzkr\u00e4fte des Polizeireviers Mannheim-Innenstadt auf ihrer Streifenfahrt eine Person fest, welche gerade dabei war, eine Geb\u00e4udefassade in den O-Quadraten mit roter Farbe zu beschmieren. Daraufhin nahmen die Polizeibeamten den 20 Jahre alten Mann noch an Ort und Stelle fest. Die Spr\u00fchdose mit roter Farbe wurde au\u00dferdem sichergestellt. Die H\u00f6he des entstandenen Sachschadens ist derzeit noch nicht bekannt. Der junge Mann sieht nun einer Strafanzeige wegen des Verdachts der Sachbesch\u00e4digung entgegen.<\/p>\n\n\n\n<h2 class=\"wp-block-heading\">(Mannheim-Innenstadt) &#8211; Rauchentwicklung in Wohnung \/ Person durch Feuerwehr geborgen<\/h2>\n\n\n\n<p>Nach einer Rauchentwicklung in einer Wohnung im Stadtteil Jungbusch wurde eine Person bewusstlos durch die Feuerwehr aus der Wohnung geborgen und vor Ort dem Rettungsdienst \u00fcbergeben. Die Wohnung musste durch die Feuerwehr nur gel\u00fcftet werden. Weitere Informationen liegen aktuell nicht vor.<\/p>\n\n\n\n<h2 class=\"wp-block-heading\">(Mannheim-Neckarstadt) &#8211; Schwerer Verkehrsunfall, Rettungskr\u00e4fte im Einsatz<\/h2>\n\n\n\n<p>Aktuell (28.04.2022 \u2013 21:20) sind Rettungs- und Einsatzkr\u00e4fte nach einem schweren Verkehrsunfall mit Pkw im Bereich der Mannheimer Unterm\u00fchlaustra\u00dfe im Einsatz. Weitere Informationen liegen derzeit noch nicht vor. Es wird nachberichtet.<\/p>\n\n\n\n<h3 class=\"has-text-align-center wp-block-heading\">Pressemitteilung Nr. 2<\/h3>\n\n\n\n<p>Wie bereits berichtet, ereignete sich am Donnerstagabend, um 20.30 Uhr, auf der Unterm\u00fchlaustra\u00dfe in Mannheim ein schwerer Verkehrsunfall, bei dem der 29-j\u00e4hrige Fahrer in seinem Pkw BMW eingeklemmt und durch die Feuerwehr geborgen werden musste. Der verletzte Fahrer wurde anschlie\u00dfend durch einen Rettungswagen in ein nahegelegenes Krankenhaus eingeliefert. Nach derzeitigem Sachstand verlor der 29-J\u00e4hrige aus noch unbekannter Ursache die Kontrolle \u00fcber seinen BMW, prallte gegen parkende Fahrzeuge am Fahrbahnrand, bis er schlie\u00dflich an einer Hauswand zum Stillstand kam. Hierbei wurde er gl\u00fccklicherweise nur leicht verletzt. An dem BMW des 29-j\u00e4hrigen entstand Totalschaden. Der Verkehrsdienst Mannheim hat die Unfallaufnahme und die weiteren Ermittlungen \u00fcbernommen.<\/p>\n\n\n\n<h2 class=\"wp-block-heading\">(Mannheim-Neckarstadt) &#8211; 29-J\u00e4hriger verliert Kontrolle \u00fcber sein Fahrzeug und verursacht Unfall \/ Eine Person verletzt<\/h2>\n\n\n\n<p>Ein 29-j\u00e4hriger BMW-Fahrer verlor am Donnerstagabend im Stadtteil Neckarstadt die Kontrolle \u00fcber sein Fahrzeug und verursachte einen Verkehrsunfall mit einer verletzten Person und erheblichem Sachschaden.<\/p>\n\n\n\n<p>Der Mann war mit seinem 3er-BMW in der Unterm\u00fchlaustra\u00dfe stadteinw\u00e4rts unterwegs. An der Ampel in H\u00f6he der Hansastra\u00dfe musste er bei Rotlicht anhalten. Beim Umschalten auf Gr\u00fcn fuhr der 29-J\u00e4hrige stark beschleunigend mit quietschenden und durchdrehenden Reifen los. Anschlie\u00dfend wechselte er mehrfach von der linken auf die rechte Fahrspur, um Fahrzeuge zu \u00fcberholen. Als der schlie\u00dflich wieder nach rechts wechseln wollte, verriss der Mann das Lenkrand, verlor die Kontrolle \u00fcber das Fahrzeug und kam nach rechts von der Fahrbahn ab. Er prallte in der Folge gegen einen am Fahrbahnrand abgestellten Kleinlaster und wurde anschlie\u00dfend gegen eine Hauswand geschleudert. Der Kleinlaster wurde durch die Wucht des Aufpralls gegen einen davor geparkten Opel geschoben.<\/p>\n\n\n\n<p>Der 29-J\u00e4hrige wurde in seinem Fahrzeug eingeklemmt und musste durch die Feuerwehr mit schwerem Ger\u00e4t daraus befreit werden. Er hatte Verletzungen erlitten und wurde zur Untersuchung und Behandlung in ein Krankenhaus eingeliefert, das er nach ambulanter Behandlung jedoch wieder verlassen konnte.<\/p>\n\n\n\n<p>Der BMW des 29-J\u00e4hrigen musste abgeschleppt werden. Der Sachschaden wird auf rund 25.000 Euro gesch\u00e4tzt.<\/p>\n\n\n\n<p>Die weiteren Ermittlungen ergaben, dass der Mann den Sicherheitsgurt nicht angelegt hatte.<\/p>\n\n\n\n<p>Gegen den Mann wird nun wegen Verdachts der Teilnahme an einem verbotenen Kraftfahrzeugrennen sowie Stra\u00dfenverkehrsgef\u00e4hrdung ermittelt.<\/p>\n\n\n\n<p>Verkehrsteilnehmer, die durch die Fahrweise des BMW-Fahrers gef\u00e4hrdet wurden oder sachdienliche Hinweise zu dessen Fahrweise geben k\u00f6nnen, werden gebeten, sich beim Verkehrsdienst Mannheim, Tel.: 0624\/174-4222 zu melden.<\/p>\n\n\n\n<h2 class=\"wp-block-heading\">(Mannheim-Jungbusch) &#8211; Rauchentwicklung durch angebranntes Essen \/ Eine verstorbene Person aufgefunden<\/h2>\n\n\n\n<div class=\"wp-block-image\"><figure class=\"aligncenter size-full\"><img decoding=\"async\" loading=\"lazy\" width=\"800\" height=\"533\" src=\"https:\/\/speyer24news.com\/wp-content\/uploads\/2021\/01\/Ruhe-in-Frieden.jpg\" alt=\"\" class=\"wp-image-32361\" srcset=\"https:\/\/speyer24news.com\/wp-content\/uploads\/2021\/01\/Ruhe-in-Frieden.jpg 800w, https:\/\/speyer24news.com\/wp-content\/uploads\/2021\/01\/Ruhe-in-Frieden-300x200.jpg 300w, https:\/\/speyer24news.com\/wp-content\/uploads\/2021\/01\/Ruhe-in-Frieden-768x512.jpg 768w\" sizes=\"(max-width: 800px) 100vw, 800px\" \/><\/figure><\/div>\n\n\n\n<p>Wegen Rauchentwicklung in einer Wohnung im Stadtteil Jungbusch wurden am Donnerstagabend Polizei und Feuerwehr alarmiert. Ein Zeuge stellte kurz nach 20 Uhr, bei der Heimkehr in seine mit einem 71-j\u00e4hrigen Mann gemeinsam genutzte Wohnung, starke Rauchentwicklung beim Betreten der R\u00e4ume fest. In der K\u00fcche fand er seinen Mitbewohner leblos am Boden liegend vor. Auf dem eingeschalteten Herd befand sich eine Pfanne mit verkohltem Essen, das f\u00fcr die Rauchentwicklung sorgte.<\/p>\n\n\n\n<p>Reanimationsversuche von Rettungskr\u00e4ften und Notarzt verliefen erfolglos. Im Rahmen weiterer \u00e4rztlicher und kriminalpolizeilicher Untersuchungen ergaben sich keine Hinweise auf eine Rauchgasvergiftung als Todesursache. Vielmehr wurde ermittelt, dass der 71-J\u00e4hrige unter Vorerkrankungen litt und bereits am Vorabend \u00fcber starke Atemprobleme klagte. Daher ist davon auszugehen, dass der 71-J\u00e4hrige aufgrund dessen verstorben ist und sich der Rauch durch das angebrannte Essen erst im Nachhinein entwickelt hatte.<\/p>\n\n\n\n<h2 class=\"wp-block-heading\">(Mannheim-Vogelstang) &#8211; Unbekannte dringen in Schulgeb\u00e4ude ein \/ Zeugen gesucht<\/h2>\n\n\n\n<p>Am fr\u00fchen Freitagmorgen drangen unbekannte T\u00e4ter in ein Schulgeb\u00e4ude im Stadtteil Vogelstang ein. Kurz nach vier Uhr meldeten Zeugen, dass sich auf dem Dach des Geb\u00e4udes der Werkrealschule im Warnem\u00fcnder Weg zwei Personen befinden wurden und er das Ger\u00e4usch von splitterndem Glas geh\u00f6rt habe.<\/p>\n\n\n\n<p>Bei der \u00e4u\u00dferlichen \u00dcberpr\u00fcfung des Geb\u00e4udes konnten tats\u00e4chlich zwei Personen im Geb\u00e4ude gesichtet. Das Geb\u00e4ude wurde daraufhin durch mehrere Polizeistreifen umstellt und anschlie\u00dfend mithilfe eines Polizeihunds durchsucht. Dabei konnte im Obergeschoss eine besch\u00e4digte Fensterscheibe festgestellt, ein Einsteigen durch dieses Fenster kann jedoch ausgeschlossen werden, da dies zu erheblichen Verletzungen gef\u00fchrt h\u00e4tte. Zudem wurde durch die Eindringlinge ein Schl\u00fcsselkasten im Geb\u00e4udeinneren aufgebrochen. Inwiefern etwas entwendet wurde, bedarf weiterer Ermittlungen.<\/p>\n\n\n\n<p>Personen konnten im Geb\u00e4ude nicht mehr angetroffen werden. Bislang ist unklar, auf welche Weise die Unbekannten ins Geb\u00e4ude eingedrungen sind und wie sie es wieder verlassen haben.<\/p>\n\n\n\n<p>Zeugen, die verd\u00e4chtige Wahrnehmungen gemacht haben und sachdienliche Hinweise zu den T\u00e4tern geben k\u00f6nnen, werden gebeten, sich beim Polizeirevier Mannheim-K\u00e4fertal, Tel.: 0621\/71849-0 zu melden.<\/p>\n\n\n\n<h2 class=\"wp-block-heading\">(Mannheim-K\u00e4fertal) &#8211; Unfallflucht vorget\u00e4uscht \/ Zeugen gesucht!<\/h2>\n\n\n\n<div class=\"wp-block-image\"><figure class=\"aligncenter size-full\"><img decoding=\"async\" loading=\"lazy\" width=\"801\" height=\"600\" src=\"https:\/\/speyer24news.com\/wp-content\/uploads\/2020\/05\/Zeugen-gesucht-Neutral.jpg\" alt=\"\" class=\"wp-image-26598\" srcset=\"https:\/\/speyer24news.com\/wp-content\/uploads\/2020\/05\/Zeugen-gesucht-Neutral.jpg 801w, https:\/\/speyer24news.com\/wp-content\/uploads\/2020\/05\/Zeugen-gesucht-Neutral-300x225.jpg 300w, https:\/\/speyer24news.com\/wp-content\/uploads\/2020\/05\/Zeugen-gesucht-Neutral-768x575.jpg 768w, https:\/\/speyer24news.com\/wp-content\/uploads\/2020\/05\/Zeugen-gesucht-Neutral-678x509.jpg 678w, https:\/\/speyer24news.com\/wp-content\/uploads\/2020\/05\/Zeugen-gesucht-Neutral-326x245.jpg 326w, https:\/\/speyer24news.com\/wp-content\/uploads\/2020\/05\/Zeugen-gesucht-Neutral-80x60.jpg 80w\" sizes=\"(max-width: 801px) 100vw, 801px\" \/><\/figure><\/div>\n\n\n\n<p>Mit dem Anzeigen einer Unfallflucht versuchte ein 24-J\u00e4hriger am Donnerstagmittag einen selbst verursachten Schaden an seinem Auto als Fremdverschulden zu verschleiern &#8211; vergebens.<\/p>\n\n\n\n<p>Wenig plausibel erschienen die Schilderungen des 24-J\u00e4hrigen, weshalb die Beamten des Polizeireviers Mannheim-K\u00e4fertal das Auto in der Therese-Blase-Stra\u00dfe genauer unter die Lupe nahmen. Auch die feststellbaren Sch\u00e4den in H\u00f6he von knapp 8.000 Euro am Fahrzeug sowie im unmittelbaren Umfeld lie\u00dfen den jungen Mann auffliegen, da diese nicht in Einklang mit den Schilderungen noch einer Unfallflucht in der Stra\u00dfe zu bringen waren. Der Schaden entstand demnach an einer anderen Unfallstelle. Da der 24-J\u00e4hrige zudem offenbar unter dem Einfluss von Drogen stand und angab, dass Fahrzeug kurze Zeit zuvor noch &#8222;richtig&#8220; geparkt h\u00e4tte, wurde ihm ein freiwilliger Test angeboten. Dieser best\u00e4tigte den Verdacht, weshalb dem 24-J\u00e4hrigen in der Dienststelle eine Blutprobe entnommen. Das Auto, ein VW Golf Kombi mit Wiesbadener Zulassung (WI) wurde zur weiteren Beweissicherung sichergestellt und abgeschleppt. Die weiteren Ermittlungen f\u00fchrt nun der Verkehrsdienst Mannheim.<\/p>\n\n\n\n<p>Da nicht auszuschlie\u00dfen ist, dass der 24-J\u00e4hrige im Zeitraum von Dienstag, den 26.04., bis Donnerstag ein anderes Fahrzeug im Bereich Mannheim bei einem Unfall besch\u00e4digte und anschlie\u00dfend fl\u00fcchtete, suchen die Ermittler nach Zeugen. Personen die Hinweise geben k\u00f6nnen, werden gebeten, sich unter Tel.: 0621 174-4222 zu melden.<\/p>\n\n\n\n<h2 class=\"wp-block-heading\">(Mannheim-Rheinau) &#8211; 33-j\u00e4hrige Frau verursacht unter Alkoholeinfluss Verkehrsunfall und verh\u00e4lt sich gegen\u00fcber Rettungskr\u00e4ften renitent<\/h2>\n\n\n\n<p>Am Donnerstagabend gegen 20:30 Uhr geriet eine 33-j\u00e4hrige BMW-Fahrerin an der Einm\u00fcndung &#8222;Otterstadter Stra\u00dfe\/ D\u00e4nischer Tisch&#8220; auf die Gegenfahrbahn und stie\u00df mit einem 65-j\u00e4hrigen VW-Fahrer zusammen. Hierbei wurde die 33 Jahre alte Frau verletzt. Der 65-J\u00e4hrige blieb hingegen unverletzt. Beide Fahrzeuge waren in der Folge nicht mehr fahrbereit und mussten abgeschleppt werden. Insgesamt entstand ein Sachschaden in gesch\u00e4tzter H\u00f6he von rund 30.000 Euro. Im Rahmen der Unfallaufnahme stellten die Einsatzkr\u00e4fte einen deutlichen Alkoholgeruch in der Atemluft der 33-J\u00e4hrigen fest. Als die Frau zu Untersuchungszwecken sowie zum Zweck der Blutentnahme in eine Klinik gebracht werden sollte, verhielt sie sich gegen\u00fcber den Rettungskr\u00e4ften derart aggressiv, dass der Transport durch Polizeikr\u00e4fte begleitet werden musste. Die Ermittlungen des Verkehrsdienst Mannheim dauern derzeit weiter an.<\/p>\n\n\n\n<h2 class=\"wp-block-heading\">(Mannheim-Rheinau) &#8211; Verkehrsunfall mit verletztem Motorradfahrer \/ B 36 in Fahrtrichtung Mannheim gesperrt<\/h2>\n\n\n\n<p>Wegen eines Verkehrsunfalls mit einem verletzten Motorradfahrer auf der B 36 in H\u00f6he der Ausfahrt Rheinau-S\u00fcd ist die Fahrbahn in Fahrtrichtung Mannheim derzeit (29.04.2022 \u2013 12:41) voll gesperrt. Polizei und Rettungsdienst sind an der Unfallstelle im Einsatz. N\u00e4here Informationen zum Unfallhergang und weiteren Beteiligten und Verletzten liegen derzeit nicht vor. Die Ma\u00dfnahmen der Unfallaufnahme dauern an.<\/p>\n\n\n\n<h3 class=\"has-text-align-center wp-block-heading\">Pressemeldung Nr. 2<\/h3>\n\n\n\n<p>Nach einem Verkehrsunfall gegen 12.15 Uhr auf der B 36 in H\u00f6he der Ausfahrt Rheinau-S\u00fcd musste vor\u00fcbergehend die Fahrbahn in Fahrtrichtung Mannheim gesperrt werden. Diese konnte gegen 13.45 Uhr wieder freigegeben werden. Nach derzeitigem Informationsstand wurde ein beteiligter Motorradfahrer bei dem Verkehrsunfall schwer verletzt und in ein Krankenhaus eingeliefert.<\/p>\n\n\n\n<h3 class=\"has-text-align-center wp-block-heading\">Pressemeldung Nr. 3<\/h3>\n\n\n\n<p>Ein schwerverletzter Motorradfahrer und mehrere tausend Euro Sachschaden sind die Bilanz eines Verkehrsunfalls, der sich am Freitagmittag auf der B 36 bei Mannheim-Rheinau ereignete. Ein Unbekannter fuhr gegen 12.15 Uhr mit seinem Auto an der Zufahrt &#8222;Rheinau-S\u00fcd&#8220; auf die B 36 in Richtung Mannheim auf. Dabei wechselte er unachtsam und ohne zu blinken vom Beschleunigungsstreifen direkt vor einem von hinten herannahenden 60-j\u00e4hrigen VW-Fahrer auf die rechte Fahrspur. Dieser musste infolgedessen auf die linke Fahrspur ausweichen, um eine Kollision zu vermeiden. Hierbei stie\u00df er mit einem 69-j\u00e4hrigen Motorradfahrer zusammen, der sich gerade neben ihm im \u00dcberholvorgang befand. Der 69-J\u00e4hrige st\u00fcrzte und zog sich schwere Verletzungen am Becken und Oberk\u00f6rper zu. Der unbekannte Unfallverursacher hielt kurz an, fuhr dann aber einfach davon.<\/p>\n\n\n\n<p>Mit einem Rettungswagen wurde der 69-j\u00e4hrige Motorradfahrer in eine Klinik eingeliefert. Lebensgefahr besteht nach derzeitigem Kenntnisstand nicht.<\/p>\n\n\n\n<p>Das Motorrad war so stark besch\u00e4digt, dass es abgeschleppt werden musste. W\u00e4hrend der Unfallaufnahme musste die B 36 linke Fahrspur in Fahrtrichtung Mannheim bis ca. 13.45 Uhr gesperrt werden.<\/p>\n\n\n\n<p>Nach Aussage von Zeugen soll es sich bei dem unfallverursachenden Fahrzeug um einen dunklen Fiat gehandelt haben. N\u00e4heres zum Fahrer ist nicht bekannt.<\/p>\n\n\n\n<p>Zeugen, die den Unfall beobachtet haben und sachdienliche Hinweise zum unfallverursachenden Fahrzeug und dessen Fahrers geben k\u00f6nnen, werden gebeten, sich bei der Verkehrspolizei Mannheim, Tel.: 0621\/174-4222 zu melden.<\/p>\n\n\n\n<h2 class=\"wp-block-heading\">(Mannheim \/ Heidelberg \/ Rhein-Neckar-Kreis) &#8211; M\u00f6gliches Diebesgut bei Festnahme sichergestellt \/ Eigent\u00fcmer gesucht<\/h2>\n\n\n\n<div class=\"wp-block-image\"><figure class=\"aligncenter size-full\"><img decoding=\"async\" loading=\"lazy\" width=\"866\" height=\"690\" src=\"https:\/\/speyer24news.com\/wp-content\/uploads\/2022\/04\/Schmuck-HD-MA.png\" alt=\"\" class=\"wp-image-45289\" srcset=\"https:\/\/speyer24news.com\/wp-content\/uploads\/2022\/04\/Schmuck-HD-MA.png 866w, https:\/\/speyer24news.com\/wp-content\/uploads\/2022\/04\/Schmuck-HD-MA-300x239.png 300w, https:\/\/speyer24news.com\/wp-content\/uploads\/2022\/04\/Schmuck-HD-MA-768x612.png 768w\" sizes=\"(max-width: 866px) 100vw, 866px\" \/><\/figure><\/div>\n\n\n\n<p>Nachdem am 17.03.2022 zwei Tatverd\u00e4chtige eines Wohnungseinbruchsdiebstahls festgenommen worden waren (wir berichteten&nbsp;<a target=\"_blank\" rel=\"noreferrer noopener\" href=\"https:\/\/www.presseportal.de\/blaulicht\/pm\/14915\/5174225\">https:\/\/www.presseportal.de\/blaulicht\/pm\/14915\/5174225<\/a>), sucht die Kriminalpolizei nun nach Eigent\u00fcmern m\u00f6glichen Diebesguts. Bei den beiden Tatverd\u00e4chtigen waren Schmuckst\u00fccke aufgefunden worden, deren Eigentumsverh\u00e4ltnisse bisher ungekl\u00e4rt sind. Die Kriminalpolizei geht davon aus, dass diese aus weiteren Taten stammen k\u00f6nnten.<\/p>\n\n\n\n<h4 class=\"wp-block-heading\">Lichtbilder des vermeintlichen Diebesguts sind unter dem folgenden Link zu finden:&nbsp;<a target=\"_blank\" rel=\"noreferrer noopener\" href=\"https:\/\/ppmannheim.polizei-bw.de\/leimen-mutmassliches-diebesgut-schmuck-sichergestellt\/\">https:\/\/ppmannheim.polizei-bw.de\/leimen-mutmassliches-diebesgut-schmuck-sichergestellt\/<\/a><\/h4>\n\n\n\n<p>Personen, die auf den Lichtbildern ihr Eigentum wieder erkennen, werden gebeten, sich an den Kriminaldauerdienst unter der Rufnummer 0621 174 &#8211; 4444 zu wenden.<\/p>\n\n\n\n<h2 class=\"wp-block-heading\">(Heidelberg) &#8211; Autofahrer fl\u00fcchtet nach Unfall \u00fcber Gehweg \/ Zeugen gesucht!<\/h2>\n\n\n\n<p>Am Donnerstag gegen 18:15 Uhr fl\u00fcchtete in der Bismarkstra\u00dfe ein bislang unbekannter VW-Fahrer nach einem Zusammensto\u00df mit einer 63-j\u00e4hrigen Mini-Fahrerin \u00fcber den Gehweg und fuhr \u00fcber eine rote Ampel. Die Mini-Fahrerin wollte von der rechten auf die linke Fahrspur wechseln, als der von hinten kommende VW mit dem Mini kollidierte. Nach dem Unfall fuhr der Unbekannte nach links auf den Gehweg des Bismarkplatzes, \u00fcberholte die an der roten Ampel wartenden Autos, missachtete die rote Ampel und fl\u00fcchtete. Er soll einen dunkelgr\u00fcnen VW Golf gefahren sein. Zeugen, die den Vorfall beobachtet haben oder Hinweise zu dem Fahrer geben k\u00f6nnen, werden gebeten, sich unter der Telefonnummer 06221\/99-1700 beim Polizeirevier Heidelberg-Mitte zu melden.<\/p>\n\n\n\n<h2 class=\"wp-block-heading\">(Heidelberg) &#8211; Verkehrsunfall zwischen Roller- und Fahrradfahrer, beide verletzt; Rettungsdienste im Einsatz<\/h2>\n\n\n\n<p>Am Donnerstagnachmittag, kurz nach 15.30 Uhr, kollidierten in H\u00f6he der Stadtb\u00fccherei in der Kurf\u00fcrstenanlage ein Rollerfahrer und ein Fahrradfahrer miteinander. Beide Zweiradfahrer sind verletzt. \u00dcber die Schwere ist noch nichts bekannt. Die Rettungsdienste sind im Einsatz.<\/p>\n\n\n\n<p>Der Unfallhergang ist noch unklar.<\/p>\n\n\n\n<p>Zeugen werden gebeten, sich mit den Unfallermittlern der Verkehrspolizei Heidelberg, Tel.: 0621\/174-4111 in Verbindung zu setzen.<\/p>\n\n\n\n<h3 class=\"has-text-align-center wp-block-heading\">Pressemitteilung Nr. 2<\/h3>\n\n\n\n<p>Wie bereits berichtet, ereignete sich kurz nach 15.30 Uhr, im Bereich der Haltestelle Stadtb\u00fccherei auf der Heidelberger Kurf\u00fcrstenanlage, ein Verkehrsunfall zwischen einem Motorrad- und einem Radfahrer. Nach derzeitigem Ermittlungsstand \u00fcberquerte ein 48-j\u00e4hriger Radfahrer trotz Rotlicht zeigender Ampel die Fahrbahn und kollidierte hier mit einem 64-j\u00e4hrigen Motorradfahrer. Durch den Zusammensto\u00df wurden beide Personen verletzt und mit dem angeforderten Rettungsdienst in ein nahegelegenes Krankenhaus eingeliefert. An den beteiligten Fahrzeugen entstand ein Sachschaden in H\u00f6he von 5000EUR, davon 4000EUR am Motorrad der Marke BMW. Die Verkehrsdienst Heidelberg hat die weiteren Ermittlungen aufgenommen.<\/p>\n\n\n\n<h2 class=\"wp-block-heading\">(Heidelberg) &#8211; LKW touchiert Radfahrerin \/ Schwer verletzt<\/h2>\n\n\n\n<p>Am Donnerstag gegen 11:30 Uhr touchierte ein 35-j\u00e4hriger LKW-Fahrer in der Speyrer Stra\u00dfe eine 56-j\u00e4hrige Radfahrerin, wodurch diese st\u00fcrzte und sich schwer verletzte. Beide waren in Fahrtrichtung Schwetzingen unterwegs, als der LKW-Fahrer auf H\u00f6he der Stra\u00dfe Langer Anger zu nah an der 56-J\u00e4hrigen vorbeifuhr und diese zu Fall brachte. Sie musste durch den Rettungsdienst in ein nahegelegenes Krankenhaus gebracht werden.<\/p>\n\n\n\n<h2 class=\"wp-block-heading\">(Heidelberg-Kirchheim) &#8211; Nach Farbschmierereien Zeugen gesucht<\/h2>\n\n\n\n<p>Vermutlich am Donnerstagvormittag beschmierte ein unbekannter T\u00e4ter mit einem kreide-\u00e4hnlichen Gegenstand mehrere Stromk\u00e4sten, ein Verkehrszeichen und Plakate im Bereich des St\u00fcckerwegs. Mit blauer Farbe kritzelte der T\u00e4ter dort Symbole auf, die nicht ohne weiteres zu entfernen sind. Das Polizeirevier Heidelberg-S\u00fcd hat die Ermittlungen wegen Sachbesch\u00e4digung aufgenommen und sucht in diesem Zusammenhang nach Zeugen des Geschehens. Diese werden gebeten, sich unter Tel.: 06221 34180 zu melden.<\/p>\n\n\n\n<h2 class=\"wp-block-heading\">(Schwetzingen \/ Rhein-Neckar-Kreis) &#8211; Um 80.000.- Euro betrogen; Schwetzingerin \u00fcberweist an angebliche Europol-Beamte unglaublich hohe Summe<\/h2>\n\n\n\n<ul><li><strong>Europol meldet sich nicht telefonisch!!!<\/strong><\/li><li><strong>An Europol wird kein Geld \u00fcberwiesen!!!<\/strong><\/li><li><strong>Europolbeamte holen kein Geld vor der Haust\u00fcr ab!!!<\/strong><\/li><\/ul>\n\n\n\n<div class=\"wp-block-image\"><figure class=\"aligncenter size-full\"><img decoding=\"async\" loading=\"lazy\" width=\"800\" height=\"588\" src=\"https:\/\/speyer24news.com\/wp-content\/uploads\/2021\/01\/Telefonbetrug.jpg\" alt=\"\" class=\"wp-image-32080\" srcset=\"https:\/\/speyer24news.com\/wp-content\/uploads\/2021\/01\/Telefonbetrug.jpg 800w, https:\/\/speyer24news.com\/wp-content\/uploads\/2021\/01\/Telefonbetrug-300x221.jpg 300w, https:\/\/speyer24news.com\/wp-content\/uploads\/2021\/01\/Telefonbetrug-768x564.jpg 768w, https:\/\/speyer24news.com\/wp-content\/uploads\/2021\/01\/Telefonbetrug-80x60.jpg 80w\" sizes=\"(max-width: 800px) 100vw, 800px\" \/><figcaption>Symbolbild eines erfolgreichen Telefonbetruges<\/figcaption><\/figure><\/div>\n\n\n\n<p>Leider wieder erfolgreich war die Telefonbetrugsmasche, mit der falsche Mitarbeiter von Europol mehrere tausend Euro erbeuteten. Von einer Schwetzingerin ergaunerten auf diese Art und Weise rund 80.000.- Euro.<\/p>\n\n\n\n<p>Die 62-J\u00e4hrige erhielt im Laufe des Donnerstagnachmittages mehrere Anrufe eines angeblichen Anthony Daniels, der Mitarbeiter bei Europol sei.<\/p>\n\n\n\n<p>Unter Vorspiegelung falscher Tatsachen brachte er die Frau dazu, eine App auf ihren Computer herunterzuladen und mehrere hohe Geldbetr\u00e4ge zu \u00fcberweisen, die sich schlie\u00dflich auf 80.000.- Euro summierten.<\/p>\n\n\n\n<p>Als ihr am Donnerstagabend bei einem neuerlichen, langen Telefonat mit Anthony Daniels pl\u00f6tzlich Zweifel an dessen Identit\u00e4t kamen, holte sie sich Informationen \u00fcber eine Suchmaschine im Internet ein und erkannte dabei die Betrugsmasche.<\/p>\n\n\n\n<p>Das Geld war allerdings bereits \u00fcberwiesen. Ob es zur\u00fcckgeholt werden kann, steht noch nicht fest.<\/p>\n\n\n\n<h4 class=\"wp-block-heading\">Das Betrugsdezernat der Kriminalpolizeidirektion Heidelberg hat die weiteren Ermittlungen \u00fcbernommen. In diesem Zusammenhang weisen die Fahnder nochmals darauf hin:<\/h4>\n\n\n\n<ul><li><strong>Lassen Sie sich nicht dr\u00e4ngen und unter Druck setzen.<\/strong><\/li><li><strong>Nehmen Sie sich Zeit, um die Angaben des Anrufers zu \u00fcberpr\u00fcfen.<\/strong><\/li><li><strong>Rufen Sie die jeweilige Person oder Institution unter der Ihnen bekannten Nummer an und lassen Sie sich den Sachverhalt best\u00e4tigen.<\/strong><\/li><\/ul>\n\n\n\n<h4 class=\"wp-block-heading\">Wenn ein Anrufer Geld, Wertsachen oder sensible Daten von Ihnen fordert:<\/h4>\n\n\n\n<ul><li><strong>Ziehen Sie unbedingt eine Vertrauensperson hinzu und besprechen Sie dies mit Familienangeh\u00f6rigen oder anderen Ihnen nahestehenden Personen.<\/strong><\/li><li><strong>Geben Sie keine pers\u00f6nlichen Daten, Zugangspassw\u00f6rter, PINs oder sonstige Bankdaten preis.<\/strong><\/li><li><strong>Kommt Ihnen ein Anruf verd\u00e4chtig vor, legen Sie auf und informieren Sie unverz\u00fcglich die Polizei unter der Nummer 110.<\/strong><\/li><\/ul>\n\n\n\n<h2 class=\"wp-block-heading\">(Leimen \/ Rhein-Neckar-Kreis) &#8211; Unbekannte zerkratzen Auto \/ Zeugen gesucht!<\/h2>\n\n\n\n<p>Am Donnerstag zwischen 17:00 Uhr und 20:15 Uhr zerkratzten bislang unbekannte T\u00e4ter ein Auto, das in der Festhallenstra\u00dfe abgestellt war. Sie besch\u00e4digten die gesamte Fahrerseite, die Heckklappe sowie eine Fensterscheibe. Des Weiteren verteilten die T\u00e4ter Kieselsteine sowie Erde auf dem Auto. Es entstand ein Sachschaden von mehreren Tausend Euro. Zeugen, die verd\u00e4chtige Wahrnehmungen gemacht haben, werden gebeten, sich unter der Telefonnummer 06222\/5709-0 beim Polizeirevier Wiesloch zu melden.<\/p>\n\n\n\n<h2 class=\"wp-block-heading\">(Altlu\u00dfheim \/ Rhein-Neckar-Kreis) &#8211; Auffahrunfall mit zwei leicht Verletzten<\/h2>\n\n\n\n<p>Am Donnerstag gegen 15:45 Uhr fuhr auf der L560 eine 59-j\u00e4hrige VW-Fahrerin einer vorausfahrenden 33-j\u00e4hrigen VW-Fahrerin ins Heck, wodurch beide leicht verletzt wurde. Die beiden Autofahrerinnen waren in Richtung Neulu\u00dfheim unterwegs, als die 33-J\u00e4hrige verkehrsbedingt bremsen musste. Die nachfolgende 59-J\u00e4hrige erkannte die Situation zu sp\u00e4t und fuhr der Vorausfahrenden ins Heck. Beide mussten durch den Rettungsdienst in ein nahegelegenes Krankenhaus gebracht werden. Die Autos waren so stark besch\u00e4digt, dass sie abgeschleppt werden mussten. Da die Fahrbahn durch auslaufendes \u00d6l verunreinigt wurde, musste diese durch eine Fachfirma gereinigt werden. Es entstand ein Sachschaden von mehr als 8.000 Euro.<\/p>\n\n\n\n<h2 class=\"wp-block-heading\">(Wiesloch \/ Rhein-Neckar-Kreis) &#8211; 84-j\u00e4hriger Fu\u00dfg\u00e4nger von Auto angefahren; Fahrerin unter Alkohol zun\u00e4chst fl\u00fcchtig<\/h2>\n\n\n\n<p>Dank eines 14-j\u00e4hrigen M\u00e4dchens konnte ein Unfall am Donnerstagnachmittag schnell rekonstruiert werden. Die junge Zeugin hatte beobachtet, wie kurz nach 15 Uhr eine Autofahrerin beim R\u00fcckw\u00e4rtsausparken in der Kirchengrundstra\u00dfe einen 84-j\u00e4hrigen Mann anstie\u00df, der gerade die Stra\u00dfe \u00fcberquerte. Der Mann verletzte sich dabei leicht, die Frau fuhr zun\u00e4chst weiter.<\/p>\n\n\n\n<p>Anwohner k\u00fcmmerten sich um den am Boden liegenden Senior. W\u00e4hrend der Unfallaufnahme kam die Autofahrerin jedoch zur\u00fcck, wobei die aufnehmenden Beamten feststellten, dass sie unter Alkoholeinwirkung stand. Ein erster Test ergab \u00fcber 0,7 Promille.<\/p>\n\n\n\n<p>Da ein Nachtrunk nicht ausgeschlossen war, wurden der 55-j\u00e4hrigen zwei Blutproben entnommen und ihr F\u00fchrerschein sichergestellt.<\/p>\n\n\n\n<p>Der 84-J\u00e4hrige wurde vor Ort versorgt.<\/p>\n\n\n\n<h2 class=\"wp-block-heading\">(Rhein-Neckar-Raum \/ Ruhrgebiet) &#8211; 34-J\u00e4hriger, 27-J\u00e4hriger und 25-J\u00e4hrige wegen Verdachts des schweren Bandendiebstahls in mehreren F\u00e4llen in Untersuchungshaft<\/h2>\n\n\n\n<h3 class=\"wp-block-heading\">Gemeinsame Pressemitteilung der Staatsanwaltschaft Mannheim und des Polizeipr\u00e4sidiums Mannheim<\/h3>\n\n\n\n<div class=\"wp-block-image\"><figure class=\"aligncenter size-full\"><img decoding=\"async\" loading=\"lazy\" width=\"800\" height=\"533\" src=\"https:\/\/speyer24news.com\/wp-content\/uploads\/2021\/10\/Festnahme-Handschellen.jpg\" alt=\"\" class=\"wp-image-41224\" srcset=\"https:\/\/speyer24news.com\/wp-content\/uploads\/2021\/10\/Festnahme-Handschellen.jpg 800w, https:\/\/speyer24news.com\/wp-content\/uploads\/2021\/10\/Festnahme-Handschellen-300x200.jpg 300w, https:\/\/speyer24news.com\/wp-content\/uploads\/2021\/10\/Festnahme-Handschellen-768x512.jpg 768w\" sizes=\"(max-width: 800px) 100vw, 800px\" \/><\/figure><\/div>\n\n\n\n<p>Nach intensiven Ermittlungs- und Fahndungsma\u00dfnahmen konnten Staatsanwaltschaft und die f\u00fcr Eigentumsdelikte zust\u00e4ndige Kriminalinspektion der Polizeidirektion Heidelberg mit Fahndungskr\u00e4ften des Polizeipr\u00e4sidiums Mannheim am Donnerstag drei deutsche Staatsangeh\u00f6rige festnehmen, gegen die zuvor vom Amtsgericht Mannheim Haftbefehle erlassen worden waren.<\/p>\n\n\n\n<p>Die beiden M\u00e4nner und die Frau stehen im Verdacht, in wechselnder Besetzung und mit weiteren, bisher unbekannten T\u00e4tern, in zumindest vier F\u00e4llen \u00e4ltere Mitb\u00fcrger unter Nutzung unterschiedlicher Betrugsmaschen um mehrere Tausend Euro erleichtert zu haben. Die Tatverd\u00e4chtigen sollen sich als Mitarbeiter der Krankenkasse oder des Ordnungsamtes ausgegeben haben und gelangten so unter dem Vorwand, sie m\u00fcssten den Impfstatus \u00fcberpr\u00fcfen, in die Wohnungen ihrer Opfer. Hierzu sollen sie zur Legitimierung ihrer Person auch entsprechende Dokumente vorgezeigt haben. W\u00e4hrend eine der Personen die jeweils Gesch\u00e4digten in ein Gespr\u00e4ch verwickelte, sollen die weiteren Mitglieder der Bande unbemerkt in die R\u00e4umlichkeiten eingedrungen und Bargeld sowie wertvolle Gegenst\u00e4nde entwendet haben. Auch sollen sich die Tatverd\u00e4chtigen als Mitarbeiter der Stadtwerke ausgegeben oder den Gesch\u00e4digten vorgegeben haben, als Mitarbeiter des Gesundheitsamtes Hygienekontrollen durchzuf\u00fchren.<\/p>\n\n\n\n<p>In drei weiteren F\u00e4llen erkannten die potentiellen Opfer den Schwindel, so dass es zu keinem Verm\u00f6gensschaden kam.<\/p>\n\n\n\n<p>Nachdem es den Ermittlerinnen und Ermittlern gelungen war, die Tatzusammenh\u00e4nge herzustellen und die Identit\u00e4ten der Tatverd\u00e4chtigen offenzulegen, wurden durch die Staatsanwaltschaft Mannheim bei dem zust\u00e4ndigen Amtsgericht Haftbefehle gegen die drei wegen Flucht- und Verdunkelungsgefahr beantragt und von dort erlassen.<\/p>\n\n\n\n<p>Nach ihrer Festnahme wurden die drei Tatverd\u00e4chtigen dem zust\u00e4ndigen Ermittlungsrichter vorgef\u00fchrt, welcher die Haftbefehle in Vollzug setzte. Sie wurden anschlie\u00dfend in verschiedene Justizvollzugsanstalten eingeliefert.<\/p>\n\n\n\n<p>Die Ermittlungen von Staatsanwaltschaft und Kriminalpolizei zu den weiteren, bisher noch unbekannten Mitt\u00e4tern sowie weiteren, bisher nicht bekannten Taten, dauern derzeit noch an. Zudem wird ermittelt, ob Zusammenh\u00e4nge zu weiteren, bereits bekannten Taten bestehen.<\/p>\n\n\n\n<p>Gesch\u00e4digte, welche sich bisher noch nicht an die Polizei gewandt haben, werden gebeten, dies unter der Rufnummer 0621 174 4444 beim Kriminaldauerdienst zu tun.<\/p>\n\n\n\n<h2 class=\"wp-block-heading\">(Sinsheim \/ Rhein-Neckar-Kreis) &#8211; Motorradfahrer bei Unfall leicht verletzt<\/h2>\n\n\n\n<p>Bei einem Verkehrsunfall am Donnerstagmorgen, kurz nach 7 Uhr, auf der K 4283, zwischen Adersbach und Steinsfurt wurde ein 35-j\u00e4hriger Motorradfahrer leicht verletzt.<\/p>\n\n\n\n<p>Wie die bisherigen Ermittlungen ergaben, wollte er an einem Lkw vorbeifahren, der angehalten hatte, um nach links auf einen Waldparkplatz zu fahren. Dabei prallte er gegen das Vorderrad des Lkw und st\u00fcrzte. Dabei wurde der Biker leicht verletzt und nach seiner not\u00e4rztlichen Behandlung mit einem Rettungswagen in eine Klinik gebracht.<\/p>\n\n\n\n<p>Seine Kawasaki wurde total besch\u00e4digt. Der Gesamtschaden d\u00fcrfte sich auf mehrere tausend Euro belaufen.<\/p>\n\n\n\n<h2 class=\"wp-block-heading\">(Lobbach-Waldwimmersbach \/ Rhein-Neckar-Kreis) &#8211; Frontalzusammensto\u00df zweier Fahrzeuge zwischen Waldwimmersbach und Haag; L 595 voll gesperrt; Unfallhergang und Anzahl der Verletzten noch unklar<\/h2>\n\n\n\n<h3 class=\"has-text-align-center wp-block-heading\">Pressemitteilung Nr. 1<a href=\"https:\/\/www.facebook.com\/sharer.php?u=https%3A%2F%2Fwww.presseportal.de%2Fblaulicht%2Fpm%2F14915%2F5209428%2F%3Futm_source%3Dfacebook%26utm_medium%3Dsocial\"><\/a><a href=\"https:\/\/twitter.com\/intent\/tweet?text=POL-MA%3A%20Lobbach-Waldwimmersbach%3A%20Frontalzusammensto%C3%9F%20zweier%20Fahrzeuge%20zwischen%20Waldwimmersbach%20und%20Haag%3B%20L%20595%20voll%20gesperrt%3B%20Unfallhergang%20und%20Anzahl%20der%20Verletzten%20noch%20unklar%2C%20Pressemitteilung%20Nr.%201&amp;url=https%3A%2F%2Fwww.presseportal.de%2Fblaulicht%2Fpm%2F14915%2F5209428%2F%3Futm_source%3Dtwitter%26utm_medium%3Dsocial&amp;hashtags=ots&amp;lang=de\"><\/a><a href=\"https:\/\/web.whatsapp.com\/send?text=POL-MA%3A%20Lobbach-Waldwimmersbach%3A%20Frontalzusammensto%C3%9F%20zweier%20Fahrzeuge%20zwischen%20Waldwimmersbach%20und%20Haag%3B%20L%20595%20voll%20gesperrt%3B%20Unfallhergang%20und%20Anzahl%20der%20Verletzten%20noch%20unklar%2C%20Pressemitteilung%20Nr.%201%0A%0Ahttps%3A%2F%2Fwww.presseportal.de%2Fblaulicht%2Fpm%2F14915%2F5209428%2F%3Futm_source%3Dwhatsapp%26utm_medium%3Dsocial\"><\/a><a href=\"https:\/\/www.xing.com\/app\/user?op=share;url=https%3A%2F%2Fwww.presseportal.de%2Fblaulicht%2Fpm%2F14915%2F5209428%2F%3Futm_source%3Dxing%26utm_medium%3Dsocial\"><\/a><a href=\"http:\/\/www.linkedin.com\/shareArticle?mini=true&amp;url=https%3A%2F%2Fwww.presseportal.de%2Fblaulicht%2Fpm%2F14915%2F5209428%2F%3Futm_source%3Dlinkedin%26utm_medium%3Dsocial&amp;title=POL-MA%3A+Lobbach-Waldwimmersbach%3A+Frontalzusammensto%C3%9F+zweier+Fahrzeuge+zwischen+Waldwimmersbach+und+Haag%3B+L+595+voll+gesperrt%3B+Unfallhergang+und+Anzahl+der+Verletzten+noch+unklar%2C+Pressemitteilung+Nr.+1\"><\/a><a href=\"mailto:?subject=POL-MA%3A%20Lobbach-Waldwimmersbach%3A%20Frontalzusammensto%C3%9F%20zweier%20Fahrzeuge%20zwischen%20Waldwimmersbach%20und%20Haag%3B%20L%20595%20voll%20gesperrt%3B%20Unfallhergang%20und%20Anzahl%20der%20Verletzten%20noch%20unklar%2C%20Pressemitteilung%20Nr.%201&amp;body=https:\/\/www.presseportal.de\/blaulicht\/pm\/14915\/5209428\"><\/a><\/h3>\n\n\n\n<p>Wegen eines schweren Verkehrsunfalls ist die L 595 derzeit (29.04.2022 \u2013 16:30) voll gesperrt.<\/p>\n\n\n\n<p>Nach ersten Erkenntnissen stie\u00dfen kurz nach 16 Uhr zwei Autos zwischen Waldwimmersbach und Haag frontal zusammen. Eine Person wurde dabei in ihrem Fahrzeug eingeklemmt. Die Rettungskr\u00e4fte befinden sich bereits im Einsatz.<\/p>\n\n\n\n<p>Weitere Erkenntnisse zum Unfallhergang, zum Schadensausma\u00df sowie zur Anzahl der Verletzten liegen noch nicht vor.<\/p>\n\n\n\n<h3 class=\"has-text-align-center wp-block-heading\">Pressemitteilung Nr. 2<\/h3>\n\n\n\n<p>Am Freitagnachmittag gegen 16.00 Uhr befuhr die 28-j\u00e4hrige Fahrzeugf\u00fchrerin eines Kia Picanto die L595 von Waldwimmersbach kommend in Richtung Haag. Hierbei kam sie zun\u00e4chst, aus bislang unbekannter Ursache, nach rechts von der Fahrbahn ab. Im weiteren Verlauf geriet sie mit ihrem Pkw in den Gegenverkehr, wo sie nur noch durch starkes Gegenlenken einen Frontalzusammensto\u00df mit dem ihr entgegenkommenden BMW vermeiden konnte. Durch die Gegenlenkbewegung geriet der Kia ins Schleudern und kollidierte schlie\u00dflich im Bereich der C-S\u00e4ule mit der linken Fahrzeugfront des ihr entgegenkommenden BMW X1. In Folge dessen \u00fcberschlug sich die Unfallverursacherin mit ihrem Fahrzeug und kam in einem angrenzenden Graben auf dem Dach zum Liegen. Die 28-J\u00e4hrige wurde hierbei in ihrem Pkw eingeklemmt und konnte durch die hinzugerufene Feuerwehr aus Lobbach gerettet werden. Gl\u00fccklicherweise zog sich die Frau hierbei lediglich leichte Verletzungen zu. Ebenso wurde der 28-j\u00e4hrige BMW-Fahrer nur leicht verletzt. Beide am Unfall beteiligte Fahrzeugf\u00fchrer wurden in umliegende Krankenh\u00e4user verbracht. An dem Kia entstand Totalschaden in H\u00f6he von ca. 5.000 Euro. An dem BMW entstand ebenfalls Totalschaden in H\u00f6he von ca. 25.000 Euro. Beide Fahrzeuge mussten im Anschluss an die Unfallaufnahme abgeschleppt werden. Die Feuerwehr aus Lobbach war mit insgesamt 4 Fahrzeugen und 17 Einsatzkr\u00e4ften vor Ort. Die L595 war bis ca. 18.45 Uhr voll gesperrt. Die Unfallaufnahme erfolgte durch den Verkehrsdienst Heidelberg.<\/p>\n\n\n\n<h2 class=\"wp-block-heading\">(Lobbach-Waldwimmersbach \/ Rhein-Neckar-Kreis) &#8211; Motorradunfall unter Drogeneinfluss<\/h2>\n\n\n\n<p>Am sp\u00e4ten Donnerstagvormittag kam es auf der L 595, zwischen Sch\u00f6nbrunn-Haag und Lobbach-Waldwimmersbach zu einem Verkehrsunfall, bei dem der verursachende Motorradfahrer, wie sich bei der Unfallaufnahme herausstellte, unter Drogeneinfluss stand.<\/p>\n\n\n\n<p>Der 27-J\u00e4hrige war gegen 11.40 Uhr mit seiner Honda in Richtung Waldwimmersbach unterwegs und fuhr in H\u00f6he der Haager M\u00fchle auf einen vorausfahrenden Traktor auf, der von einem 84-J\u00e4hrigen gefahren wurde.<\/p>\n\n\n\n<p>Durch den Aufprall st\u00fcrzte der Biker, wobei sich seine 25-j\u00e4hrige Sozia leicht verletzte. Sie wurde mit einem Rettungswagen zur Untersuchung in eine Klinik gebracht.<\/p>\n\n\n\n<p>Der 27-J\u00e4hrige, dem eine Blutprobe entnommen und dessen F\u00fchrerschein sichergestellt wurde, blieb wie der der Traktorfahrer auch, unverletzt.<\/p>\n\n\n\n<p>Der Schaden bel\u00e4uft sich auf rund 3.000.- Euro.<\/p>\n\n\n\n<h2 class=\"wp-block-heading\">(Weinheim \/ Rhein-Neckar-Kreis) &#8211; Unfall mit Beteiligung eines Rettungswagens \/ Polizei sucht Zeugen<\/h2>\n\n\n\n<p>Vier leichtverletzte Personen und erheblicher Sachschaden sind die Bilanz eines Verkehrsunfalls am Freitagmorgen in Weinheim. Ein 61-j\u00e4hriger Mann war kurz nach 8 Uhr mit seinem Skoda auf der B 38 stadteinw\u00e4rts unterwegs. An der Einm\u00fcndung zur Mannheimer Stra\u00dfe missachtete er das Sondersignal eines Rettungswagens, der mit Blaulicht und Martinshorn aus der Mannheimer Stra\u00dfe nach links auf die B 38 in Richtung Autobahn abbiegen wollte. Im Kreuzungsbereich kam es zum Zusammensto\u00df der beiden Fahrzeuge. Hierbei wurden der 61-j\u00e4hrige Seat-Fahrer sowie der 32-j\u00e4hrige Fahrer des Rettungswagens und seine beiden Mitfahrerinnen im Alter von 22 und 54-Jahren verletzt. Ein Patient befand sich nicht im Fahrzeug. Alle Verletzten wurden nach Erstversorgung vor Ort und zur ambulanten Behandlung in ein nahegelegenes Krankenhaus gebracht.<\/p>\n\n\n\n<p>Beide Fahrzeuge waren so stark besch\u00e4digt, dass sie abgeschleppt werden mussten. Der Sachschaden wird auf rund 20.000 Euro gesch\u00e4tzt.<\/p>\n\n\n\n<p>W\u00e4hrend der Unfallaufnahme kam es zu vor\u00fcbergehenden Verkehrsbeeintr\u00e4chtigungen.<\/p>\n\n\n\n<p>Da der genaue Unfallablauf noch nicht abschlie\u00dfend gekl\u00e4rt werden konnte, sucht die Polizei Zeugen, die den Unfall beobachtet haben und sachdienliche Hinweise zum Unfallhergang geben k\u00f6nnen. Diese werden gebeten, sich bei der Verkehrspolizei Mannheim, Tel.: 0621\/174-4222 zu melden.<\/p>\n\n\n\n<h2 class=\"wp-block-heading\">(Weinheim \/ Rhein-Neckar-Kreis) &#8211; Auf dem Nachhauseweg \u00fcberfallen \/ Polizei sucht Zeugen<\/h2>\n\n\n\n<div class=\"wp-block-image\"><figure class=\"aligncenter size-full\"><img decoding=\"async\" loading=\"lazy\" width=\"801\" height=\"600\" src=\"https:\/\/speyer24news.com\/wp-content\/uploads\/2020\/05\/Zeugen-gesucht-Neutral.jpg\" alt=\"\" class=\"wp-image-26598\" srcset=\"https:\/\/speyer24news.com\/wp-content\/uploads\/2020\/05\/Zeugen-gesucht-Neutral.jpg 801w, https:\/\/speyer24news.com\/wp-content\/uploads\/2020\/05\/Zeugen-gesucht-Neutral-300x225.jpg 300w, https:\/\/speyer24news.com\/wp-content\/uploads\/2020\/05\/Zeugen-gesucht-Neutral-768x575.jpg 768w, https:\/\/speyer24news.com\/wp-content\/uploads\/2020\/05\/Zeugen-gesucht-Neutral-678x509.jpg 678w, https:\/\/speyer24news.com\/wp-content\/uploads\/2020\/05\/Zeugen-gesucht-Neutral-326x245.jpg 326w, https:\/\/speyer24news.com\/wp-content\/uploads\/2020\/05\/Zeugen-gesucht-Neutral-80x60.jpg 80w\" sizes=\"(max-width: 801px) 100vw, 801px\" \/><\/figure><\/div>\n\n\n\n<p>Ein 25-j\u00e4hriger Mann wurde am fr\u00fchen Freitagmorgen in Weinheim \u00fcberfallen. Der Mann war kurz nach Mitternacht vom Hauptbahnhof in Weinheim zu Fu\u00df auf dem Weg nach Hause. Dabei folgte ihm eine unbekannte Person. In der Hauptstra\u00dfe sprach ihn der Unbekannte schlie\u00dflich an und forderte, mit der Drohung, ihn mit einem Messer niederzustechen, die Herausgabe von Bargeld. Der 25-J\u00e4hrige h\u00e4ndige daraufhin sein mitgef\u00fchrtes Bargeld aus. Der Unbekannte entriss ihm daraufhin dennoch die Geldb\u00f6rse und suchte nach weiterem Bargeld. Als er nicht f\u00fcndig wurde, warf er den Geldbeutel zu Boden und fl\u00fcchtete in Richtung Marktplatz.<\/p>\n\n\n\n<p>Eine sofort nach dem Notruf des 25-J\u00e4hrigen eingeleitete Fahndung verlief ergebnislos.<\/p>\n\n\n\n<h4 class=\"wp-block-heading\">Der m\u00e4nnliche T\u00e4ter wird wie folgt beschrieben:<\/h4>\n\n\n\n<ul><li><strong>Ca. 180 cm gro\u00df<\/strong><\/li><li><strong>Kr\u00e4ftige Statur<\/strong><\/li><li><strong>War bekleidet mit einem dunkelgrauen Pulli mit \u00fcber den Kopf gezogener Kapuze<\/strong><\/li><li><strong>Trug eine schwarze Maske<\/strong><\/li><\/ul>\n\n\n\n<p>Zeugen, die auf die Tat aufmerksam geworden sind und sachdienliche Hinweise geben k\u00f6nnen, werden gebeten, sich beim Kriminaldauerdienst der Kriminalpolizeidirektion Heidelberg, Tel.: 0621\/174-4444 zu melden.<\/p>\n","protected":false},"excerpt":{"rendered":"<div class=\"mh-excerpt\"><p>Polizeimeldungen vom Freitag (29.04.2022) (Speyer) &#8211; Zeugen nach Verkehrsunfall gesucht Am Mittwoch den 27.04.2022 um 15:30 Uhr bemerkte ein 39-J\u00e4hriger einen Sachschaden an seinem in der Ruhhecke in Speyer geparkten Peugeot. Zuvor hatte ein unbekanntes <a class=\"mh-excerpt-more\" href=\"https:\/\/speyer24news.com\/?p=45283\" title=\"Polizei\">[&#8230;]<\/a><\/p>\n<\/div>","protected":false},"author":3,"featured_media":26162,"comment_status":"open","ping_status":"open","sticky":false,"template":"","format":"standard","meta":{"_monsterinsights_skip_tracking":false,"_monsterinsights_sitenote_active":false,"_monsterinsights_sitenote_note":"","_monsterinsights_sitenote_category":0,"footnotes":""},"categories":[12],"tags":[702,61,2555,6955,6986,6263,63,105,11150,6987,53,4854,13534,4683,1548,4905,102,213,13541,55,6368,5261,103,106,2803,2423,427,2625,380,62,104,979,1565],"aioseo_notices":[],"amp_enabled":true,"_links":{"self":[{"href":"https:\/\/speyer24news.com\/index.php?rest_route=\/wp\/v2\/posts\/45283"}],"collection":[{"href":"https:\/\/speyer24news.com\/index.php?rest_route=\/wp\/v2\/posts"}],"about":[{"href":"https:\/\/speyer24news.com\/index.php?rest_route=\/wp\/v2\/types\/post"}],"author":[{"embeddable":true,"href":"https:\/\/speyer24news.com\/index.php?rest_route=\/wp\/v2\/users\/3"}],"replies":[{"embeddable":true,"href":"https:\/\/speyer24news.com\/index.php?rest_route=%2Fwp%2Fv2%2Fcomments&post=45283"}],"version-history":[{"count":3,"href":"https:\/\/speyer24news.com\/index.php?rest_route=\/wp\/v2\/posts\/45283\/revisions"}],"predecessor-version":[{"id":45426,"href":"https:\/\/speyer24news.com\/index.php?rest_route=\/wp\/v2\/posts\/45283\/revisions\/45426"}],"wp:featuredmedia":[{"embeddable":true,"href":"https:\/\/speyer24news.com\/index.php?rest_route=\/wp\/v2\/media\/26162"}],"wp:attachment":[{"href":"https:\/\/speyer24news.com\/index.php?rest_route=%2Fwp%2Fv2%2Fmedia&parent=45283"}],"wp:term":[{"taxonomy":"category","embeddable":true,"href":"https:\/\/speyer24news.com\/index.php?rest_route=%2Fwp%2Fv2%2Fcategories&post=45283"},{"taxonomy":"post_tag","embeddable":true,"href":"https:\/\/speyer24news.com\/index.php?rest_route=%2Fwp%2Fv2%2Ftags&post=45283"}],"curies":[{"name":"wp","href":"https:\/\/api.w.org\/{rel}","templated":true}]}}