{"id":45465,"date":"2022-05-01T14:36:44","date_gmt":"2022-05-01T13:36:44","guid":{"rendered":"https:\/\/speyer24news.com\/?p=45465"},"modified":"2022-05-01T14:36:47","modified_gmt":"2022-05-01T13:36:47","slug":"kirchen-5","status":"publish","type":"post","link":"https:\/\/speyer24news.com\/?p=45465","title":{"rendered":"Kirchen"},"content":{"rendered":"<style type=\"text\/css\">\r\n\t.ads_top_disp{}\r\n\t.ads_top_corner_disp{ float:left; margin:0px 10px 10px 0px; }\r\n\t.ads_first_p_disp{}\r\n\t.ads_bottom_disp{}\r\n\t<\/style>\n<h2 class=\"wp-block-heading\">Der Dombauverein pr\u00e4sentiert seine neue Domwein-Edition 2022<\/h2>\n\n\n\n<h3 class=\"wp-block-heading\">Weingut Werner Anselmann spendet 10 000 Euro, der Winzerverein Deidesheim 9 000 Euro aus dem Erl\u00f6s der Domwein-Edition 2021<\/h3>\n\n\n\n<div class=\"wp-block-image\"><figure class=\"aligncenter size-full\"><img decoding=\"async\" loading=\"lazy\" width=\"800\" height=\"595\" src=\"https:\/\/speyer24news.com\/wp-content\/uploads\/2022\/05\/Praesentation-des-Domwein2_m.jpg\" alt=\"\" class=\"wp-image-45470\" srcset=\"https:\/\/speyer24news.com\/wp-content\/uploads\/2022\/05\/Praesentation-des-Domwein2_m.jpg 800w, https:\/\/speyer24news.com\/wp-content\/uploads\/2022\/05\/Praesentation-des-Domwein2_m-300x223.jpg 300w, https:\/\/speyer24news.com\/wp-content\/uploads\/2022\/05\/Praesentation-des-Domwein2_m-768x571.jpg 768w, https:\/\/speyer24news.com\/wp-content\/uploads\/2022\/05\/Praesentation-des-Domwein2_m-80x60.jpg 80w\" sizes=\"(max-width: 800px) 100vw, 800px\" \/><figcaption>Die neuen Domweine des Dombauvereins Speyer<br><em>Foto: Klaus Landry<\/em><\/figcaption><\/figure><\/div>\n\n\n\n<p><strong>Speyer &#8211; <\/strong>Fr\u00fchlingsfrisch sieht er aus, der neue Domwein, Edition 2022, den der Dombauverein wieder zum Kauf anbietet. Vorgestellt wurden die Weine am 28. April im Historischen Ratssaal der Stadt Speyer von der pf\u00e4lzischen Weink\u00f6nigin Sophia Hanke, die in Begleitung der Weinprinzessinnen\u00a0Sabina Kobek und Laura Wessa gekommen war. Feingliedrig elegant, mit leicht mineralischen Nuancen und feinschmelzigem Abgang \u2013 so wird der 2021er Wei\u00dfburgunder trocken des Winzervereins Deidesheim charakterisiert. Der 2020er St. Laurent Rotwein trocken, Edesheimer Ordensgut des Weinguts Werner Anselmann aus Edesheim, besitzt eine ausgewogene Balance, ist fruchtbetont mit samtig weichen Tanninen und komplexem Charakter. Beide Weine kosten jeweils 7,50 Euro und sind bei der Dom-Info, der Gesch\u00e4ftsstelle des Dombauvereins sowie in einer Reihe von Gesch\u00e4ften, nat\u00fcrlich auch bei den Weing\u00fctern selbst, erh\u00e4ltlich. Angeboten werden beide Weine auch in einer sch\u00f6nen Geschenkverpackung f\u00fcr zusammen 17,90 Euro. Diese kann auch zuz\u00fcglich der Versandkosten direkt bei den beiden Weing\u00fctern bestellt werden.<\/p>\n\n\n\n<div class=\"wp-block-image\"><figure class=\"aligncenter size-full\"><img decoding=\"async\" loading=\"lazy\" width=\"800\" height=\"577\" src=\"https:\/\/speyer24news.com\/wp-content\/uploads\/2022\/05\/Praesentation-des-Domwein4_m.jpg\" alt=\"\" class=\"wp-image-45471\" srcset=\"https:\/\/speyer24news.com\/wp-content\/uploads\/2022\/05\/Praesentation-des-Domwein4_m.jpg 800w, https:\/\/speyer24news.com\/wp-content\/uploads\/2022\/05\/Praesentation-des-Domwein4_m-300x216.jpg 300w, https:\/\/speyer24news.com\/wp-content\/uploads\/2022\/05\/Praesentation-des-Domwein4_m-768x554.jpg 768w\" sizes=\"(max-width: 800px) 100vw, 800px\" \/><figcaption>Speyer, Pr\u00e4sentation des Domweins des Speyerer Dombauvereins , v.l.n.r.: Anna-Lisa L\u00fctge vom Winzerverein Deidesheim, Weihbischof Otto Georgens, Weink\u00f6nigin Sophia Hanke, Weinprinzessin Sabina Kobek, Dr. Gottfried Jung, Vorstandsvorsitzender des Dombauvereins, Weinprinzessin Laura Wessa und Louisa Anselmann vom Weingut Anselmann<br><em>Foto: Klaus Landry<\/em><\/figcaption><\/figure><\/div>\n\n\n\n<p>Die Domweine sind nicht nur etwas f\u00fcr den Gaumen. Geboten wird zugleich etwas f\u00fcr das Auge: Auch in diesem Jahr befinden sich auf den Etiketten der Flaschen Motive des Dudenhofer K\u00fcnstlers Oliver Schollenberger. Weitere Werke mit dem Dom als Motiv k\u00f6nnen beim ihm im Atelier angeschaut und gekauft werden.<\/p>\n\n\n\n<p>Bei der Vorstellung der neuen Domwein-Edition \u00fcberreichte Louisa Anselmann f\u00fcr ihr Weingut an den Dombauverein einen Scheck \u00fcber 10 000 Euro. Anna-Lisa L\u00fctge \u00fcberreichte f\u00fcr den Winzerverein Deidesheim einen Scheck \u00fcber 9 000 Euro. F\u00fcr jede verkaufte Flasche Domwein der Edition 2021 wurden wieder von den Weing\u00fctern 2 Euro an den Dombauverein gespendet. Die beachtliche Gesamtsumme von 19 000 Euro stellt der Verein dem Domkapitel f\u00fcr den kostenintensiven Erhalt des Kaiser- und Mariendoms zur Verf\u00fcgung.<\/p>\n\n\n\n<p>Die sehr gut besuchte Veranstaltung wurde bereichert mit Gru\u00dfworten von Weihbischof Otto Georgens und der Speyerer B\u00fcrgermeisterin Monika Kabs. Der vielfach preisgekr\u00f6nte Mundartdichter Matthias Zech gab mehrere Gedichte und ein Prosast\u00fcck zum Besten. Mit viel Beifall versehene musikalische Beitr\u00e4ge lieferten Sch\u00fclerinnen der st\u00e4dtischen Musikschule Speyer. Es ist eine gute Tradition, dass der Dombauverein jungen Sch\u00fclerinnen und Sch\u00fclern der Musikschule eine Plattform bietet.<\/p>\n\n\n\n<p><em>Text: Bistum Speyer Foto: Klaus Landry<br>29.04.2022<\/em><\/p>\n\n\n\n<h2 class=\"wp-block-heading\">Innenminister Roger Lewentz zu Besuch am Speyerer Dom<\/h2>\n\n\n\n<h3 class=\"wp-block-heading\">Begegnung vor Ort mit Weihbischof und Dompropst Otto Georgens und weiteren Dom-Verantwortlichen<\/h3>\n\n\n\n<div class=\"wp-block-image\"><figure class=\"aligncenter size-full\"><img decoding=\"async\" loading=\"lazy\" width=\"800\" height=\"621\" src=\"https:\/\/speyer24news.com\/wp-content\/uploads\/2022\/05\/P1070403_m.jpg\" alt=\"\" class=\"wp-image-45469\" srcset=\"https:\/\/speyer24news.com\/wp-content\/uploads\/2022\/05\/P1070403_m.jpg 800w, https:\/\/speyer24news.com\/wp-content\/uploads\/2022\/05\/P1070403_m-300x233.jpg 300w, https:\/\/speyer24news.com\/wp-content\/uploads\/2022\/05\/P1070403_m-768x596.jpg 768w\" sizes=\"(max-width: 800px) 100vw, 800px\" \/><figcaption>Weihbischof und Dompropst Otto Georgens, Domdekan und Domkustos Dr. Christoph Kohl und der rheinland-pf\u00e4lzische Innenminister Roger Lewentz beim Besuch des Ministers am 28. April 2022 vor dem Speyerer Dom.<br><em>Foto: <em>\u00a9<\/em><\/em> <em>Domkapitel Speyer<\/em><\/figcaption><\/figure><\/div>\n\n\n\n<p>Am Donnerstag, 28. April 2022 besuchte Innenminister Roger Lewentz den Speyerer Dom. Nach der Landtagswahl sowie der Regierungsneubildung im Mai 2021 wurde die Generaldirektion Kulturelles Erbe und damit auch die Landesdenkmalpflege thematisch dem Innenministerium zugeordnet. Nachdem bereits Innenstaatssekret\u00e4rin Nicole Steinga\u00df den Dom besucht und sich vor Ort ein Bild von der beinahe tausend Jahre alten Kathedrale gemacht hatte, war nun der Innenminister selbst vor Ort und sprach mit den Verantwortlichen.<\/p>\n\n\n\n<p>Begr\u00fc\u00dft wurde er von Weihbischof und Dompropst Otto Georgens. Als oberster Vertreter des Domkapitels, des f\u00fcr den Dom zust\u00e4ndigen Gremiums, freute dieser sich \u00fcber das Interesse des Ministers an der Kathedrale und UNESCO-Welterbest\u00e4tte. \u201eF\u00fcr die Menschen der Region und des Landes ist der Speyerer Dom ein wichtiges St\u00fcck ihrer Identit\u00e4t. Dieser Verantwortung sind wir uns bewusst, sie ist uns Ehre und Ansporn\u201c, sagte der Dompropst. \u201eWir freuen uns \u00fcber die Begeisterung, mit der die Menschen \u201aihrem\u2018 Dom begegnen, und wir sind dankbar f\u00fcr die Wertsch\u00e4tzung, welche ihm von Seiten der Entscheidungstr\u00e4ger auf Landesebene immer wieder entgegengebracht wird.\u201c<\/p>\n\n\n\n<div class=\"wp-block-image\"><figure class=\"aligncenter size-full\"><img decoding=\"async\" loading=\"lazy\" width=\"800\" height=\"600\" src=\"https:\/\/speyer24news.com\/wp-content\/uploads\/2022\/05\/P1070384_m.jpg\" alt=\"\" class=\"wp-image-45468\" srcset=\"https:\/\/speyer24news.com\/wp-content\/uploads\/2022\/05\/P1070384_m.jpg 800w, https:\/\/speyer24news.com\/wp-content\/uploads\/2022\/05\/P1070384_m-300x225.jpg 300w, https:\/\/speyer24news.com\/wp-content\/uploads\/2022\/05\/P1070384_m-768x576.jpg 768w, https:\/\/speyer24news.com\/wp-content\/uploads\/2022\/05\/P1070384_m-678x509.jpg 678w, https:\/\/speyer24news.com\/wp-content\/uploads\/2022\/05\/P1070384_m-326x245.jpg 326w, https:\/\/speyer24news.com\/wp-content\/uploads\/2022\/05\/P1070384_m-80x60.jpg 80w\" sizes=\"(max-width: 800px) 100vw, 800px\" \/><\/figure><\/div>\n\n\n\n<p>\u201eIm vergangenen Jahr hat sich die Zahl der UNESCO-Welterbest\u00e4tten in Rheinland-Pfalz durch die Aufnahme von Bad Ems als Teil der Great Spas of Europe, des Niedergermanischen Limes und der SchUM-St\u00e4tten von vier auf sieben erh\u00f6ht. Bereits 40 Jahre zuvor wurde der Speyerer Dom als erste Weltkulturerbest\u00e4tte in Rheinland-Pfalz anerkannt. Darauf sind wir besonders stolz. Er ist der gr\u00f6\u00dfte erhaltene romanische Kirchenbau der Welt und beeindruckt mit seinen Ausma\u00dfen und seiner erhabenen Schlichtheit. Mit seiner weit \u00fcber die Landesgrenzen hinausreichenden Bekanntheit steht der Speyerer Dom sinnbildlich f\u00fcr die herausragenden kulturellen Sch\u00e4tze, die Rheinland-Pfalz zu bieten hat. Einen Besuch dieses gro\u00dfartigen Bauwerks kann ich absolut empfehlen\u201c, sagte Innenminister Roger Lewentz anl\u00e4sslich seines Besuchs.<\/p>\n\n\n\n<p>Domdekan und Domkustos Dr. Christoph Maria Kohl f\u00fchrte Innenminister Lewentz im Anschluss durch den Dom und wies auf die Besonderheiten des beinahe 1000 Jahre alten Kirchenbaus hin. \u201eDer Speyerer Dom ist in seiner Architektur steingewordener Glaube\u201c, so der Domdekan. Er teilte seine \u00dcberzeugung mit, \u201edass niemand so aus dem Dom hinaus geht, wie er hinein gegangen ist\u201c. In Vor-Corona-Jahren besuchten j\u00e4hrlich bis zu einer Million Menschen den Dom. Mit F\u00fchrungen, digitalen Informationsangeboten aber auch mit Flyern vor Ort mache das Domkapitel hier den Menschen Angebote, den Dom besser kennen zu lernen und in ihn \u201eeinzutauchen\u201c. Ausdruck der herausragenden Bedeutung des Doms sei auch der bereits 1981 verliehene Titel als UNESCO-Welterbest\u00e4tte. Im vergangenen Jahr war der 40. Jahrestag der Aufnahme auf die Welterbeliste gefeiert worden.<\/p>\n\n\n\n<div class=\"wp-block-image\"><figure class=\"aligncenter size-full\"><img decoding=\"async\" loading=\"lazy\" width=\"500\" height=\"666\" src=\"https:\/\/speyer24news.com\/wp-content\/uploads\/2022\/05\/P1070416_m.jpg\" alt=\"\" class=\"wp-image-45467\" srcset=\"https:\/\/speyer24news.com\/wp-content\/uploads\/2022\/05\/P1070416_m.jpg 500w, https:\/\/speyer24news.com\/wp-content\/uploads\/2022\/05\/P1070416_m-225x300.jpg 225w\" sizes=\"(max-width: 500px) 100vw, 500px\" \/><figcaption>Dombaumeisterin Hedwig Drabik erl\u00e4utert Innenminister Roger Lewentz (Mitte) die abgeschlossenen Restaurierungsma\u00dfnahmen in der Vorhalle des Doms, linkst daneben Domdekan und Domkustos Dr. Christoph Kohl.<br><em>Foto: <em>\u00a9<\/em><\/em> <em>Domkapitel Speyer<\/em><\/figcaption><\/figure><\/div>\n\n\n\n<p>Ein besonderes Augenmerk bei dem Besuch galt den laufenden Bau- und Instandhaltungsma\u00dfnahmen, die am Dom jedes Jahr durchgef\u00fchrt werden. Dombaumeisterin Hedwig Drabik erl\u00e4uterte die gerade abgeschlossene umfangreiche Ma\u00dfnahme der Restaurierung der Vierungskuppel. Aktuell finden Untersuchungen zur Statik sowie an den Fenster- und Steinfl\u00e4chen des Mittelschiffs statt, wozu im Innern und \u00c4u\u00dfern Ger\u00fcste gestellt wurden. \u201eDie Arbeit am Dom wird uns so schnell nicht ausgehen\u201c, ist sich Dombaumeisterin Hedwig Drabik sicher. \u201eIn den kommenden Jahren werden uns die Ostt\u00fcrme besch\u00e4ftigen, die zuletzt in den 1980er Jahren teilrestauriert wurden\u201c, erkl\u00e4rte sie vor Ort. Das Land Rheinland-Pfalz unterst\u00fctzt die substanzerhaltenden Ma\u00dfnahmen am Dom mit einer Beteiligung von 40 Prozent an den Baukosten.<\/p>\n\n\n\n<p><em>Text: Bistum Speyer Foto: Domkapitel Speyer<br>28.04.2022<\/em><\/p>\n\n\n\n<h2 class=\"wp-block-heading\">Netzwerken f\u00fcr die Inklusion<\/h2>\n\n\n\n<h3 class=\"wp-block-heading\">Weihbischof Otto Georgens er\u00f6ffnet Woche der Inklusion<\/h3>\n\n\n\n<div class=\"wp-block-image\"><figure class=\"aligncenter size-full\"><img decoding=\"async\" loading=\"lazy\" width=\"800\" height=\"566\" src=\"https:\/\/speyer24news.com\/wp-content\/uploads\/2022\/05\/Logo.jpg\" alt=\"\" class=\"wp-image-45466\" srcset=\"https:\/\/speyer24news.com\/wp-content\/uploads\/2022\/05\/Logo.jpg 800w, https:\/\/speyer24news.com\/wp-content\/uploads\/2022\/05\/Logo-300x212.jpg 300w, https:\/\/speyer24news.com\/wp-content\/uploads\/2022\/05\/Logo-768x543.jpg 768w\" sizes=\"(max-width: 800px) 100vw, 800px\" \/><\/figure><\/div>\n\n\n\n<p><strong>Speyer &#8211;<\/strong> Am <strong>Sonntag, dem 1. Mai,<\/strong> findet <strong>um 16 Uhr<\/strong> ein <strong>\u00f6kumenischer Gottesdienst im Dom zu Speyer<\/strong> statt. Weihbischof Otto Georgens und seine evangelischen Kolleg:innen Josephine Lew und Thomas Jakubowski er\u00f6ffnen die Woche der Inklusion. Die Seelsorge f\u00fcr Menschen mit Behinderung im Bistum Speyer m\u00f6chte mit der Woche darauf aufmerksam machen, dass jeder Mensch in der Kirche mitmachen kann und seine Meinung \u00e4u\u00dfern kann, wie Kirche sein soll. \u201eWir laden alle Interessierten dazu ein, sich mit uns und den beteiligten Akteur:innen zu vernetzen. Wir hoffen, dass unser Netzwerk auch nach der Woche der Inklusion noch weiter w\u00e4chst\u201c, so Katharina Kintz von der Abteilung Seelsorge f\u00fcr Menschen mit Behinderung.<\/p>\n\n\n\n<p>Der Er\u00f6ffnungsgottesdienst zur Woche der Inklusion wird musikalisch gestaltet von der Trommelgruppe des Inklusionstreffs Regenbogen, dem Geb\u00e4rdenchor der Geh\u00f6rlosenseelsorge und der BDKJ-Band. Eine Geb\u00e4rdendolmetscherin wird den gesamten Gottesdienst f\u00fcr Geh\u00f6rlose \u00fcbersetzen. Der Gottesdienst wird auch als Stream verf\u00fcgbar sein, inklusive Geb\u00e4rden\u00fcbersetzung.<\/p>\n\n\n\n<p>Eine Anmeldung zum Gottesdienst f\u00fcr Einzelpersonen ist nicht notwendig. Gr\u00f6\u00dfere Gruppen k\u00f6nnen sich nach Anmeldung einen Platz vorab reservieren. Zur Anmeldung:\u00a0<a href=\"https:\/\/deref-web.de\/mail\/client\/O8GVV29SJiY\/dereferrer\/?redirectUrl=https%3A%2F%2Fbit.ly%2F3rVXAGl\" target=\"_blank\" rel=\"noreferrer noopener\">https:\/\/www.wochederinklusion-speyer.de\/aktuelles\/terminkalender\/?no_cache=1&amp;tx_csbistumevents_eventlist%5Bevent%5D=494776&amp;tx_csbistumevents_eventlist%5Baction%5D=show&amp;tx_csbistumevents_eventlist%5Bcontroller%5D=Event&amp;cHash=e825194f98084a9b146f601a63d428d2<\/a><\/p>\n\n\n\n<p><strong>Corona-Hinweis:<\/strong> Es gilt die 3-G-Regel (geimpft, genesen oder getestet). Bitte bringen Sie daher zum Gottesdienstbesuch Ihren Lichtbildausweis sowie Ihren Immunisierungs- oder Genesungsnachweis oder einen aktuellen, zertifizierten Testnachweis mit. Eine Testm\u00f6glichkeit vor Ort besteht nicht! Ebenso wird darum gebeten, eine medizinische Maske zu tragen (OP-Maske oder FFP2-Maske). Die Maske kann am Platz abgenommen werden.<\/p>\n\n\n\n<p>Im Anschluss an den Gottesdienst findet neben dem Dom ab 17 Uhr die Mitmachaktion \u201eInklusion Jetzt!\u201c statt, die von Aktion Mensch gef\u00f6rdert wird. \u201eAlle sind eingeladen uns ihr Statement zum Thema Inklusion zu geben. Wir freuen uns, dass viele verschiedene Akteur:innen bei der Woche der Inklusion mitmachen: Ehren- und Hauptamtliche, Einrichtungen, Verb\u00e4nde, Vereine und Gruppen aus Pfarreien\u201c, kommentiert Kintz.<\/p>\n\n\n\n<h3 class=\"wp-block-heading\">Programm\u00fcbersicht zur Woche der Inklusion:<\/h3>\n\n\n\n<ul><li><strong>2. 5. Workshop zu N\u00e4he und Distanz (St. Ingbert)<\/strong><\/li><li><strong>3. 5. Rendezvous mit den Bornheimer St\u00f6rchen (Bornheim)<\/strong><\/li><li><strong>3. 5\u00a0 Offenes Atelier &#8211; Kunstworkshop (Kaiserslautern)<\/strong><\/li><li><strong>4. 5. Bunte T\u00f6ne und Kl\u00e4nge (Speyer)<\/strong><\/li><li><strong>4. 5. Geb\u00e4rdenstammtisch (Frankenthal)<\/strong><\/li><li><strong>5. 5. Mediencafe zum Thema Inklusion (Ludwigshafen)<\/strong><\/li><li><strong>5. 5. Offenes Atelier &#8211; Kunstworkshop (Kaiserslautern)<\/strong><\/li><li><strong>6. 5. Begegnung im Mai (Speyer)<\/strong><\/li><li><strong>7. 5. Beat it! Trommelworkshop (Herxheim)<\/strong><\/li><li><strong>7. 5. Frauenfr\u00fchst\u00fcck (Deidesheim)<\/strong><\/li><\/ul>\n\n\n\n<p><strong>Zu den Programmpunkten im Detail (PDF):\u00a0<a href=\"https:\/\/deref-web.de\/mail\/client\/JEioyfD_CpI\/dereferrer\/?redirectUrl=https%3A%2F%2Fwww.wochederinklusion-speyer.de%2Ffileadmin%2Fuser_upload%2F1-0-20-inklusion%2FDownload%2FWdI_Veranstaltungs%25C3%25BCbersicht_2022-04-26.pdf\" target=\"_blank\" rel=\"noreferrer noopener\">https:\/\/www.wochederinklusion-speyer.de\/fileadmin\/user_upload\/1-0-20-inklusion\/Download\/WdI_Veranstaltungs\u00fcbersicht_2022-04-26.pdf<\/a><\/strong><\/p>\n\n\n\n<p>\u201eMit dem 8. Mai ist das Thema Inklusion selbstverst\u00e4ndlich nicht abgeschlossen. Wir freuen uns \u00fcber weitere Aktionen, die noch stattfinden werden. Im Juni findet zum Beispiel ein inklusiver Gottesdienst in Landau-Queichheim statt\u201c, verweist Katharina Kintz von der Abteilung Seelsorge f\u00fcr Menschen mit Behinderung auf k\u00fcnftige Aktionen.<\/p>\n\n\n\n<ul><li><strong>Weitere Informationen:\u00a0<a href=\"https:\/\/deref-web.de\/mail\/client\/Y8t7CXD1SmI\/dereferrer\/?redirectUrl=https%3A%2F%2Fwww.wochederinklusion-speyer.de\" target=\"_blank\" rel=\"noreferrer noopener\">www.wochederinklusion-speyer.de<\/a><\/strong><\/li><li><strong>Zum Stream des Er\u00f6ffnungsgottesdienstes (YouTube):\u00a0<a href=\"https:\/\/deref-web.de\/mail\/client\/9wDL30hV-Dg\/dereferrer\/?redirectUrl=https%3A%2F%2Fyoutu.be%2FV0HOZXfQNyg\" target=\"_blank\" rel=\"noreferrer noopener\">youtu.be\/V0HOZXfQNyg<\/a><\/strong><\/li><li><strong>Inklusion &#8230;? (Videoerkl\u00e4rung auf YouTube):\u00a0<a href=\"https:\/\/deref-web.de\/mail\/client\/aj6W2zLqGz8\/dereferrer\/?redirectUrl=https%3A%2F%2Fyoutu.be%2FePrgpmvnufQ\" target=\"_blank\" rel=\"noreferrer noopener\">https:\/\/youtu.be\/ePrgpmvnufQ<\/a><\/strong><\/li><\/ul>\n\n\n\n<p><em>Text &amp; Grafik: Abteilung Seelsorge f\u00fcr Menschen mit Behinderung<br>27.04.2022<\/em><\/p>\n","protected":false},"excerpt":{"rendered":"<div class=\"mh-excerpt\"><p>Der Dombauverein pr\u00e4sentiert seine neue Domwein-Edition 2022 Weingut Werner Anselmann spendet 10 000 Euro, der Winzerverein Deidesheim 9 000 Euro aus dem Erl\u00f6s der Domwein-Edition 2021 Speyer &#8211; Fr\u00fchlingsfrisch sieht er aus, der neue Domwein, <a class=\"mh-excerpt-more\" href=\"https:\/\/speyer24news.com\/?p=45465\" title=\"Kirchen\">[&#8230;]<\/a><\/p>\n<\/div>","protected":false},"author":3,"featured_media":26096,"comment_status":"open","ping_status":"open","sticky":false,"template":"","format":"standard","meta":{"_monsterinsights_skip_tracking":false,"_monsterinsights_sitenote_active":false,"_monsterinsights_sitenote_note":"","_monsterinsights_sitenote_category":0,"footnotes":""},"categories":[120],"tags":[174,903,1861,14144,14145,187,2360,5132,1824,14150,935,10422,9693,7933,14147,6,14146,14148,14149],"aioseo_notices":[],"amp_enabled":true,"_links":{"self":[{"href":"https:\/\/speyer24news.com\/index.php?rest_route=\/wp\/v2\/posts\/45465"}],"collection":[{"href":"https:\/\/speyer24news.com\/index.php?rest_route=\/wp\/v2\/posts"}],"about":[{"href":"https:\/\/speyer24news.com\/index.php?rest_route=\/wp\/v2\/types\/post"}],"author":[{"embeddable":true,"href":"https:\/\/speyer24news.com\/index.php?rest_route=\/wp\/v2\/users\/3"}],"replies":[{"embeddable":true,"href":"https:\/\/speyer24news.com\/index.php?rest_route=%2Fwp%2Fv2%2Fcomments&post=45465"}],"version-history":[{"count":1,"href":"https:\/\/speyer24news.com\/index.php?rest_route=\/wp\/v2\/posts\/45465\/revisions"}],"predecessor-version":[{"id":45472,"href":"https:\/\/speyer24news.com\/index.php?rest_route=\/wp\/v2\/posts\/45465\/revisions\/45472"}],"wp:featuredmedia":[{"embeddable":true,"href":"https:\/\/speyer24news.com\/index.php?rest_route=\/wp\/v2\/media\/26096"}],"wp:attachment":[{"href":"https:\/\/speyer24news.com\/index.php?rest_route=%2Fwp%2Fv2%2Fmedia&parent=45465"}],"wp:term":[{"taxonomy":"category","embeddable":true,"href":"https:\/\/speyer24news.com\/index.php?rest_route=%2Fwp%2Fv2%2Fcategories&post=45465"},{"taxonomy":"post_tag","embeddable":true,"href":"https:\/\/speyer24news.com\/index.php?rest_route=%2Fwp%2Fv2%2Ftags&post=45465"}],"curies":[{"name":"wp","href":"https:\/\/api.w.org\/{rel}","templated":true}]}}