{"id":45475,"date":"2022-05-01T15:18:13","date_gmt":"2022-05-01T14:18:13","guid":{"rendered":"https:\/\/speyer24news.com\/?p=45475"},"modified":"2022-05-01T15:18:16","modified_gmt":"2022-05-01T14:18:16","slug":"wirtschaft-finanzen-rente-21","status":"publish","type":"post","link":"https:\/\/speyer24news.com\/?p=45475","title":{"rendered":"Wirtschaft \/ Finanzen \/ Rente"},"content":{"rendered":"<style type=\"text\/css\">\r\n\t.ads_top_disp{}\r\n\t.ads_top_corner_disp{ float:left; margin:0px 10px 10px 0px; }\r\n\t.ads_first_p_disp{}\r\n\t.ads_bottom_disp{}\r\n\t<\/style>\n<h1 class=\"has-text-align-center wp-block-heading\">Bundesagentur f\u00fcr Arbeit<\/h1>\n\n\n\n<div class=\"wp-block-image\"><figure class=\"aligncenter size-full\"><img decoding=\"async\" loading=\"lazy\" width=\"800\" height=\"533\" src=\"https:\/\/speyer24news.com\/wp-content\/uploads\/2021\/02\/Agentur-f\u00fcr-Arbeit.jpg\" alt=\"\" class=\"wp-image-33223\" srcset=\"https:\/\/speyer24news.com\/wp-content\/uploads\/2021\/02\/Agentur-f\u00fcr-Arbeit.jpg 800w, https:\/\/speyer24news.com\/wp-content\/uploads\/2021\/02\/Agentur-f\u00fcr-Arbeit-300x200.jpg 300w, https:\/\/speyer24news.com\/wp-content\/uploads\/2021\/02\/Agentur-f\u00fcr-Arbeit-768x512.jpg 768w\" sizes=\"(max-width: 800px) 100vw, 800px\" \/><\/figure><\/div>\n\n\n\n<h2 class=\"wp-block-heading\">BA beteiligt sich am GirlsDay &amp; BoysDay<\/h2>\n\n\n\n<figure class=\"wp-block-image size-full\"><img decoding=\"async\" loading=\"lazy\" width=\"800\" height=\"451\" src=\"https:\/\/speyer24news.com\/wp-content\/uploads\/2022\/03\/girls_boys_2021.jpg\" alt=\"\" class=\"wp-image-43322\" srcset=\"https:\/\/speyer24news.com\/wp-content\/uploads\/2022\/03\/girls_boys_2021.jpg 800w, https:\/\/speyer24news.com\/wp-content\/uploads\/2022\/03\/girls_boys_2021-300x169.jpg 300w, https:\/\/speyer24news.com\/wp-content\/uploads\/2022\/03\/girls_boys_2021-768x433.jpg 768w, https:\/\/speyer24news.com\/wp-content\/uploads\/2022\/03\/girls_boys_2021-678x381.jpg 678w\" sizes=\"(max-width: 800px) 100vw, 800px\" \/><\/figure>\n\n\n\n<p>Sie baut Boote, arbeitet in einer Werft. Er ist Erzieher, arbeitet mit Kindern. Beides geht heute selbstverst\u00e4ndlich. Gleichwohl bringen mitunter geschlechterspezifische Rollenzuschreibungen nach wie vor M\u00e4dchen und Jungen von einer solchen Berufswahl ab: In Berufen mit einem hohen Anteil an Mathematik, Informatik, Naturwissenschaft und Technik (sogenannte MINT-Berufe) sind 17 Prozent der sozialversicherungspflichtig Besch\u00e4ftigten Frauen. In Berufen etwa f\u00fcr Erzieherinnen und Erzieher und Sozialarbeiterinnen und Sozialarbeiter sind circa 17 Prozent der Besch\u00e4ftigten M\u00e4nner.<\/p>\n\n\n\n<p>Am Donnerstag, den 28. April 2022, findet bundesweit der Girls\u2018Day und Boys\u2018Day statt. M\u00e4dchen gewinnen dann in ganz Deutschland Einblicke in Berufe, in denen meist M\u00e4nner t\u00e4tig sind. F\u00fcr Jungen ist es umgekehrt: Sie erkunden Berufe, die \u00fcberwiegend Frauen w\u00e4hlen. Jugendliche sollen sich so \u00fcber das Berufsangebot in der ganzen Breite informieren k\u00f6nnen, ohne sich an Rollenbildern zu orientieren.<\/p>\n\n\n\n<p>Die Bundesagentur f\u00fcr Arbeit beteiligt sich mit vielen Angeboten am Girls\u2018Day und Boys\u2019Day. Die Beauftragten f\u00fcr Chancengleichheit am Arbeitsmarkt koordinieren bundesweit Aktivit\u00e4ten unter anderem mit Best-Practice-Beispielen aus den Unternehmen digital und auch vor Ort. Arbeitsagenturen, Jobcenter und Jugendberufsagenturen bringen Jugendlichen zum Girls\u2018Day und Boys\u2018Day zudem auch Ausbildungs- und Studienberufe in der Arbeitsverwaltung n\u00e4her. Auf der Suche nach zuk\u00fcnftigen Fachkr\u00e4ften bieten Unternehmen und Einrichtungen in ganz Deutschland den Jugendlichen f\u00fcr die berufliche Orientierung Einblicke hinter die Kulissen. Mithilfe des \u201eRadars\u201c k\u00f6nnen die Jugendlichen auf den Internetseiten&nbsp;<a href=\"https:\/\/deref-web.de\/mail\/client\/mkOH2jazZ8w\/dereferrer\/?redirectUrl=http%3A%2F%2Fwww.girls-day.de\" target=\"_blank\" rel=\"noreferrer noopener\">www.girls-day.de<\/a>&nbsp;und&nbsp;<a href=\"https:\/\/deref-web.de\/mail\/client\/NqjPKYy8M2A\/dereferrer\/?redirectUrl=http%3A%2F%2Fwww.boys-day.de\" target=\"_blank\" rel=\"noreferrer noopener\">www.boys-day.de<\/a>&nbsp;passende Angebote in ihrer N\u00e4he finden.<\/p>\n\n\n\n<p>Detlef Scheele, Vorstandsvorsitzender der Bundesagentur f\u00fcr Arbeit: \u201eF\u00fcr die Jugendlichen ist der Zukunftstag eine inzwischen etablierte und gute M\u00f6glichkeit, ihren Blick auf die Berufswelt zu erweitern, indem sie klischeefrei und geschlechterunabh\u00e4ngig Berufe aktiv kennenlernen k\u00f6nnen. Besonders wichtig sind dabei die Eltern, die Schulen sowie die Lehrerinnen und Lehrer: Sie unterst\u00fctzen die Jungen und M\u00e4dchen in der beruflichen Orientierung, wenn sie ihnen erm\u00f6glichen, an den Angeboten zum Girls\u2018Day und Boys\u2018Day teilzunehmen. Die jungen Menschen k\u00f6nnen so auch erste Kontakte zu Betrieben kn\u00fcpfen \u2013 sei es f\u00fcr ein Praktikum oder eine sp\u00e4tere Ausbildung. Deutschlandweit stellen Arbeitgeber dieses Jahr weit \u00fcber hunderttausend Pl\u00e4tze bereit.\u201c<\/p>\n\n\n\n<h4 class=\"wp-block-heading\">Hintergrund zum Girls\u2019Day und Boys\u2019Day<\/h4>\n\n\n\n<p>Den Girls\u2018Day und Boys\u2018Day gibt es jedes Jahr. Das Bundesministerium f\u00fcr Familie, Senioren, Frauen und Jugend und das Bundesministerium f\u00fcr Bildung und Forschung geh\u00f6ren wie die BA zu den F\u00f6rderern. Daneben sind am Girls\u2018Day und Boys\u2018Day unter anderem auch die Bundesvereinigung der Deutschen Arbeitgeberverb\u00e4nde (BDA), der Deutsche Gewerkschaftsbund (DGB) der Deutsche Industrie- und Handelskammertag (DIHK) und der Deutsche Landkreistag beteiligt.<\/p>\n\n\n\n<p>Mehr Informationen und viele Onlineangebote wie Check-U, das Erkundungstool f\u00fcr Ausbildung und Studium der BA, gibt es auf der Internetseite&nbsp;<a href=\"https:\/\/deref-web.de\/mail\/client\/3R3Q8WQnhPA\/dereferrer\/?redirectUrl=http%3A%2F%2Fwww.arbeitsagentur.de\" target=\"_blank\" rel=\"noreferrer noopener\">www.arbeitsagentur.de<\/a>.<\/p>\n\n\n\n<p><em>Bundesagentur f\u00fcr Arbeit<br>26.04.2022<\/em><\/p>\n\n\n\n<h1 class=\"has-text-align-center wp-block-heading\">Stadtwerke Speyer (SWS) GmbH<\/h1>\n\n\n\n<div class=\"wp-block-image\"><figure class=\"aligncenter size-full\"><img decoding=\"async\" loading=\"lazy\" width=\"600\" height=\"209\" src=\"https:\/\/speyer24news.com\/wp-content\/uploads\/2020\/10\/SWS-Logo-1024x356.jpg\" alt=\"\" class=\"wp-image-30557\" srcset=\"https:\/\/speyer24news.com\/wp-content\/uploads\/2020\/10\/SWS-Logo-1024x356.jpg 600w, https:\/\/speyer24news.com\/wp-content\/uploads\/2020\/10\/SWS-Logo-1024x356-300x105.jpg 300w\" sizes=\"(max-width: 600px) 100vw, 600px\" \/><\/figure><\/div>\n\n\n\n<h2 class=\"wp-block-heading\">Speyer mit Vorreiterrolle: Wasserstoffprojekt und lokale Bioabfallverwertung<\/h2>\n\n\n\n<div class=\"wp-block-image\"><figure class=\"aligncenter size-full\"><img decoding=\"async\" loading=\"lazy\" width=\"800\" height=\"597\" src=\"https:\/\/speyer24news.com\/wp-content\/uploads\/2022\/05\/Abfallsammelfahrzeug.jpg\" alt=\"\" class=\"wp-image-45480\" srcset=\"https:\/\/speyer24news.com\/wp-content\/uploads\/2022\/05\/Abfallsammelfahrzeug.jpg 800w, https:\/\/speyer24news.com\/wp-content\/uploads\/2022\/05\/Abfallsammelfahrzeug-300x224.jpg 300w, https:\/\/speyer24news.com\/wp-content\/uploads\/2022\/05\/Abfallsammelfahrzeug-768x573.jpg 768w, https:\/\/speyer24news.com\/wp-content\/uploads\/2022\/05\/Abfallsammelfahrzeug-80x60.jpg 80w\" sizes=\"(max-width: 800px) 100vw, 800px\" \/><figcaption>M\u00fcllwerker Patrick Pfeiffer, Einsatzleiter Max Arnold, Klimaschutzministerin Katrin Eder, M\u00fcllwerker Patrick Rupp, Umweltdezernentin Irmgard M\u00fcnch-Weinmann, Bereichsleiter Entsorgungsdienstleistungen SWS J\u00fcrgen W\u00f6lle, Oberb\u00fcrgermeisterin Stefanie Seiler, Gesch\u00e4ftsf\u00fchrer SWS Wolfgang B\u00fchring.<br><em>Foto: \u00a9 Stadtwerke Speyer<\/em><\/figcaption><\/figure><\/div>\n\n\n\n<p>Nicht nur unsere Ozeane versinken im Plastikm\u00fcll, auch unser Bioabfall wird Jahr f\u00fcr Jahr mit immer mehr Plastik verunreinigt. F\u00fcr die Entsorgungsbetriebe in Deutschland und somit auch in Speyer wird es zunehmend zur Mammutaufgabe, aus verunreinigtem Bioabfall Kompost herzustellen, der den eigenen Anforderungen und den Qualit\u00e4tsanforderungen der Landwirtschaft gerecht wird.<\/p>\n\n\n\n<p>Um sich von der Situation vor Ort ein Bild zu machen, kam die rheinland-pf\u00e4lzische Klimaschutzministerin Katrin Eder am heutigen Freitag nach Speyer.<\/p>\n\n\n\n<p>&#8222;Bioabfall ist eine wichtige Ressource, denn er liefert uns erneuerbare Energie und ist ein wertvoller D\u00fcnger f\u00fcr die Landwirtschaft. Dazu muss der Bioabfall m\u00f6glichst frei von Plastik sein. Mit der Kampagne #wirfuerbio sehen wir die Chance die B\u00fcrgerinnen und B\u00fcrger bestm\u00f6glich zu beraten, damit wir gemeinsam die Ziele einer nachhaltigen und zukunftsf\u00e4higen Bioabfallverwertung erreichen k\u00f6nnen. Deshalb freut es mich ganz besonders an den Abfallwirtschaftshof in Speyer zu kommen und die Umsetzung der Kampagne vor Ort erleben zu k\u00f6nnen&#8220;, so Klimaschutzministerin Eder.<\/p>\n\n\n\n<p>Die Stadt Speyer und die Gesellschafter der GML \u2013 Gemeinschafts-M\u00fcllheizkraftwerk Ludwigshafen GmbH Ende 2021 sind geschlossen der Kampagne #wirfuerbio beigetreten, um \u00fcber die korrekte Nutzung der Biotonnen aufzukl\u00e4ren.<\/p>\n\n\n\n<p>\u201ePlastik hat im Bioabfall nichts zu suchen \u2013 das gilt auch f\u00fcr vermeintlich kompostierbare Plastikt\u00fcten\u201c, unterstreicht Oberb\u00fcrgermeisterin Stefanie Seiler. \u201eDas richtige Trennen von Biom\u00fcll ist ein aktiver Beitrag zum Klimaschutz und muss als solcher fest im Bewusstsein der Menschen verankert sein\u201c, ruft die Stadtchefin zum Mitmachen auf.<\/p>\n\n\n\n<p>Im Gespr\u00e4ch berichteten die Mitarbeitenden der Stadtwerke und Entsorgungsbetriebe Speyer, wie der St\u00f6rstoffgehalt in der Biotonne minimiert werden und somit ein hochwertiger Biokompost entstehen kann. Der Bereichsleiter Entsorgungsdienstleistungen bei den SWS, J\u00fcrgen W\u00f6lle, merkt an, dass es einer breiten Kommunikation \u00fcber alle zur Verf\u00fcgung stehenden Kan\u00e4le bedurfte, um aufzukl\u00e4ren und f\u00fcr Verst\u00e4ndnis bei der Bev\u00f6lkerung zu werben.<\/p>\n\n\n\n<div class=\"wp-block-image\"><figure class=\"aligncenter size-full\"><img decoding=\"async\" loading=\"lazy\" width=\"800\" height=\"600\" src=\"https:\/\/speyer24news.com\/wp-content\/uploads\/2022\/05\/Klaeranlage.jpg\" alt=\"\" class=\"wp-image-45481\" srcset=\"https:\/\/speyer24news.com\/wp-content\/uploads\/2022\/05\/Klaeranlage.jpg 800w, https:\/\/speyer24news.com\/wp-content\/uploads\/2022\/05\/Klaeranlage-300x225.jpg 300w, https:\/\/speyer24news.com\/wp-content\/uploads\/2022\/05\/Klaeranlage-768x576.jpg 768w, https:\/\/speyer24news.com\/wp-content\/uploads\/2022\/05\/Klaeranlage-678x509.jpg 678w, https:\/\/speyer24news.com\/wp-content\/uploads\/2022\/05\/Klaeranlage-326x245.jpg 326w, https:\/\/speyer24news.com\/wp-content\/uploads\/2022\/05\/Klaeranlage-80x60.jpg 80w\" sizes=\"(max-width: 800px) 100vw, 800px\" \/><figcaption>Hans-Walter Schneichel (Fachabteilung MKUEM), Werkleiter EBS Mathias Kla\u00dfen, Bereichsleiter Entsorgungsdienstleistungen SWS J\u00fcrgen W\u00f6lle, Gesch\u00e4ftsf\u00fchrer SWS Wolfgang B\u00fchring, Prof. Dr. Martin Pudlik (Professor f\u00fcr Regenerative Energiewirtschaft, TH Bingen), Gesch\u00e4ftsf\u00fchrer BHYO Rolf Schmitt, Oberb\u00fcrgermeisterin Stefanie Seiler, Klimaschutzministerin Katrin Eder, Umweltdezernentin Irmgard M\u00fcnch-Weinmann, Gesch\u00e4ftsf\u00fchrer IGATEC J\u00fcrgen Siewerth.<br><em>Foto: \u00a9 Stadtwerke Speyer<\/em> <\/figcaption><\/figure><\/div>\n\n\n\n<p>Im Zentrum des Besuchs der Klimaschutzministerin stand au\u00dferdem ein gemeinsames Forschungs- und Entwicklungsprojekt der Stadtwerke und der Entsorgungsbetriebe Speyer in Zusammenarbeit mit den Unternehmen BHYO und IGATEC: So soll auf der Kl\u00e4ranlage Speyer eine Testanlage zur CO2-neutralen Erzeugung von brennstofftauglichem, \u201egr\u00fcnem\u201c Wasserstoff errichtet werden, im Zuge dessen die bestehende Anlage in Heinsberg nach Speyer umgezogen und um weitere Verfahrensschritte erweitert werden soll.<\/p>\n\n\n\n<p>\u201eAls zust\u00e4ndige Dezernentin f\u00fcr die Entsorgungsbetriebe Speyer bin ich stolz, dass wir lokal auf der Speyerer Kl\u00e4ranlage ein Forschungs- und Entwicklungsprojekt durchf\u00fchren und dabei unseren kommunalen Kl\u00e4rschlamm als Eingangsbiomasse verwerten k\u00f6nnen. So nimmt Speyer im Bereich der energieeffizienten Nutzung nat\u00fcrlicher Ressourcen eine f\u00fchrende Rolle ein und macht einen wichtigen Schritt f\u00fcr die Energiewende\u201c, betont Beigeordnete und Umweltdezernentin Irmgard M\u00fcnch-Weinmann.<\/p>\n\n\n\n<p>Das Wasserstoffprojekt soll Ende des Jahres 2022 \/ Anfang 2023 umgesetzt werden. &nbsp;<\/p>\n\n\n\n<p>Wolfgang B\u00fchring, Gesch\u00e4ftsf\u00fchrer der Stadtwerke Speyer, nutzte die Gelegenheit f\u00fcr einen Appell an die Landesregierung: \u201eUnser Projekt kann ein Zugpferd werden und auch anderen Kommunen die M\u00f6glichkeit er\u00f6ffnen, dezentral aus lokal vorhandenen regenerativen Ressourcen den Energietr\u00e4ger der Zukunft zu produzieren. Eine Unterst\u00fctzung und F\u00f6rderung durch das Land w\u00e4re deshalb eine Investition in die Kreislaufwirtschaft der n\u00e4chsten Generation.\u201c<\/p>\n\n\n\n<p><em>Text: Gemeinsame Medieninformation des MKUEM Rheinland-Pfalz, der Stadt Speyer und der Stadtwerke Speyer Foto: \u00a9 Stadtwerke Speyer<br>29.04.2022<\/em><\/p>\n\n\n\n<h1 class=\"has-text-align-center wp-block-heading\">Sparkasse Vorderpfalz<\/h1>\n\n\n\n<div class=\"wp-block-image\"><figure class=\"aligncenter size-full\"><img decoding=\"async\" loading=\"lazy\" width=\"800\" height=\"229\" src=\"https:\/\/speyer24news.com\/wp-content\/uploads\/2021\/07\/Sparkasse-Vorderpfalz-Logo.png\" alt=\"\" class=\"wp-image-38515\" srcset=\"https:\/\/speyer24news.com\/wp-content\/uploads\/2021\/07\/Sparkasse-Vorderpfalz-Logo.png 800w, https:\/\/speyer24news.com\/wp-content\/uploads\/2021\/07\/Sparkasse-Vorderpfalz-Logo-300x86.png 300w, https:\/\/speyer24news.com\/wp-content\/uploads\/2021\/07\/Sparkasse-Vorderpfalz-Logo-768x220.png 768w\" sizes=\"(max-width: 800px) 100vw, 800px\" \/><\/figure><\/div>\n\n\n\n<h2 class=\"wp-block-heading\">Sparkassenstiftung sch\u00fcttet 71.000 Euro aus<\/h2>\n\n\n\n<div class=\"wp-block-image\"><figure class=\"aligncenter size-full\"><img decoding=\"async\" loading=\"lazy\" width=\"500\" height=\"628\" src=\"https:\/\/speyer24news.com\/wp-content\/uploads\/2021\/05\/csm_Kolb_Oliver_1_7bffdb4594.jpg\" alt=\"\" class=\"wp-image-37103\" srcset=\"https:\/\/speyer24news.com\/wp-content\/uploads\/2021\/05\/csm_Kolb_Oliver_1_7bffdb4594.jpg 500w, https:\/\/speyer24news.com\/wp-content\/uploads\/2021\/05\/csm_Kolb_Oliver_1_7bffdb4594-239x300.jpg 239w\" sizes=\"(max-width: 500px) 100vw, 500px\" \/><figcaption>Oliver Kolb, Vorstandsvorsitzender der Sparkassenstiftung, betont: &#8222;Die Stiftung bleibt weiterhin ein verl\u00e4sslicher F\u00f6rderer. Sie unterst\u00fctzt 20 Projekte und Initiativen aus Ludwigshafen mit insgesamt 71.000\u00a0 Euro.&#8220;<\/figcaption><\/figure><\/div>\n\n\n\n<p>Die Stiftung der ehemaligen Stadtsparkasse Ludwigshafen a. Rh. unterst\u00fctzt 20 Projekte und Initiativen aus Ludwigshafen mit insgesamt 71.000 Euro. Gef\u00f6rdert wird: Der Gruppenunterricht GrooveLab-Stadt Lu, Lucina MAnia mobile Kunst- und Performance K\u00fcche, die Auff\u00fchrung \u201eBlues Brothers &#8211; Im Auftrag des Herren!\u201c, Kleingartenaufarbeitung mit Hilfe eines Landschaftsg\u00e4rtners, Eltern-Kinder Kochtreffen, Theater- und Museumsbesuche der Kindertagesst\u00e4tten in Ludwigshafen, ein Pferdetag der Kindertagesst\u00e4tte Nord auf dem Reiterhof der Kinderhilfe, der SKFM Betreuungsverein, KG Klotzgrumbeer 1909 e.V., ASV 05 Edigheim e.V., das Fr\u00fchlingskonzert des Sinfonischen Blasorchesters Ludwigshafen e.V., das Projekt \u201eLernpat*innen im Hemshof\u201c, die Urauff\u00fchrung des Oratoriums \u201eDas Gleichnis vom verlorenen Sohn\u201c, Projektwoche Jugend-Musical mit Auff\u00fchrung in Ludwigshafen, das Pf\u00e4lzer Turnzentrum, der Reiterhof Kinderhilfe e.V., die Kinder- und Jugendkunstschule unARTig, der Mitmach-Zirkus f\u00fcr sozial benachteiligte Kinder im Stadtteil Nord\/Hemshof, N\u00e4hstunde Gro\u00df und Klein in der KTS Nord sowie die Robotik AG des Geschwister-Scholl-Gymnasiums Ludwigshafen.<\/p>\n\n\n\n<p>Oliver Kolb, Vorstandsvorsitzender der Stiftung, betont: &#8222;Die wertvolle Arbeit ehrenamtlich und b\u00fcrgerschaftlich engagierter Menschen in Ludwigshafen verdient, insbesondere auch in dieser schwierigen Zeit, unser aller Anerkennung, Lob und Unterst\u00fctzung. Mit unserer Stiftung f\u00f6rdern wir gemeinn\u00fctzige Einrichtungen sowie gemeinwohlorientierte Projekte und Aktivit\u00e4ten die der Allgemeinheit zugutekommen. Damit leistet die Sparkassenstiftung seit ihrer Gr\u00fcndung 1985 einen direkten Beitrag f\u00fcr die kulturelle Vielfalt und das soziale Leben in Ludwigshafen\u201c.<\/p>\n\n\n\n<p><em>Sparkasse Vorderpfalz<br>29.04.2022<\/em><\/p>\n\n\n\n<h2 class=\"wp-block-heading\">Losgl\u00fcck: Auto beim PS-Sparen gewonnen<\/h2>\n\n\n\n<div class=\"wp-block-image\"><figure class=\"aligncenter size-full\"><img decoding=\"async\" loading=\"lazy\" width=\"600\" height=\"582\" src=\"https:\/\/speyer24news.com\/wp-content\/uploads\/2022\/05\/210422Auto03Nkl.jpg\" alt=\"\" class=\"wp-image-45476\" srcset=\"https:\/\/speyer24news.com\/wp-content\/uploads\/2022\/05\/210422Auto03Nkl.jpg 600w, https:\/\/speyer24news.com\/wp-content\/uploads\/2022\/05\/210422Auto03Nkl-300x291.jpg 300w\" sizes=\"(max-width: 600px) 100vw, 600px\" \/><figcaption>Freuten sich \u00fcber den Gewinn eines MINI Cooper SE: Eheleute Mandy (2.v.r) und Enrico Banach (r). Die Fahrzeugpapiere und -schl\u00fcssel wurden von Anke Schaadt (l.) \u00fcbergeben.<br><em>Foto Sparkasse Vorderpfalz \/ Klaus Venus<\/em><\/figcaption><\/figure><\/div>\n\n\n\n<p>\u00dcber einen MINI Cooper SE k\u00f6nnen sich die Eheleute Mandy und Enrico Banach aus Waldsee freuen. Bei der Auslosung des PS-Sparens der rheinland-pf\u00e4lzischen Sparkassen fiel der Hauptpreis auf eines ihrer Lose. Die langj\u00e4hrigen PS-Sparer staunten nicht schlecht als Anke Schaadt, Individualkundenberaterin der Sparkasse Vorderpfalz, die frohe Botschaft \u00fcberbrachte.<\/p>\n\n\n\n<p>Um gewinnen zu k\u00f6nnen ben\u00f6tigt man ein PS-Los, das es in allen Gesch\u00e4ftsstellen der Sparkasse Vorderpfalz zum Preis von 5 Euro zu kaufen gibt. Vier Euro wandern auf ein Sparkonto und ein Euro betr\u00e4gt der Einsatz f\u00fcr die Auslosung mit monatlichen Gewinnen bis zu 25.000 Euro und einem Auto. Es profitieren aber nicht nur die Gewinner der monatlichen PS-Auslosungen, denn ein Teil des Los-Einsatzes flie\u00dft wieder in die Region zur\u00fcck, als Spenden an Vereine und gemeinn\u00fctzige Organisationen. Weitere Informationen gibt es unter\u00a0<a href=\"https:\/\/deref-web.de\/mail\/client\/UCWqhCnu_RM\/dereferrer\/?redirectUrl=http%3A%2F%2Fwww.sparkasse-vorderpfalz.de%2Fpslose\" target=\"_blank\" rel=\"noreferrer noopener\">www.sparkasse-vorderpfalz.de\/pslose<\/a>. Dort k\u00f6nnen auch PS-Lose Online gekauft werden.<\/p>\n\n\n\n<p><em>Text: Foto Sparkasse Vorderpfalz Foto: Sparkasse Vorderpfalz \/ Klaus Venus<br>22.04.2022<\/em><\/p>\n\n\n\n<h1 class=\"has-text-align-center wp-block-heading\">Q6 Q7 &#8211; Das Quartier Mannheim<\/h1>\n\n\n\n<div class=\"wp-block-image\"><figure class=\"aligncenter size-full\"><img decoding=\"async\" loading=\"lazy\" width=\"350\" height=\"350\" src=\"https:\/\/speyer24news.com\/wp-content\/uploads\/2020\/01\/q6q7-logo.png\" alt=\"\" class=\"wp-image-24906\" srcset=\"https:\/\/speyer24news.com\/wp-content\/uploads\/2020\/01\/q6q7-logo.png 350w, https:\/\/speyer24news.com\/wp-content\/uploads\/2020\/01\/q6q7-logo-150x150.png 150w, https:\/\/speyer24news.com\/wp-content\/uploads\/2020\/01\/q6q7-logo-300x300.png 300w\" sizes=\"(max-width: 350px) 100vw, 350px\" \/><\/figure><\/div>\n\n\n\n<h2 class=\"wp-block-heading\">Noch einfacher parken in Mannheims beliebtester Tiefgarage<\/h2>\n\n\n\n<ul><li><strong>In Q 6 Q 7 ist kein Ticket mehr n\u00f6tig: Parksystem liest Autokennzeichen<\/strong><\/li><li><strong>Einmal registrieren, immer ticket- und kontaktlos ein- und ausfahren<\/strong><\/li><li><strong>Q 6 Q 7-Chef Hoffmann: \u201eFreuen uns \u00fcber neuen, kostenlosen Service f\u00fcr Kunden und G\u00e4ste\u201c<\/strong><\/li><\/ul>\n\n\n\n<div class=\"wp-block-image\"><figure class=\"aligncenter size-full\"><img decoding=\"async\" loading=\"lazy\" width=\"800\" height=\"533\" src=\"https:\/\/speyer24news.com\/wp-content\/uploads\/2022\/05\/Q6Q7-008.jpg\" alt=\"\" class=\"wp-image-45478\" srcset=\"https:\/\/speyer24news.com\/wp-content\/uploads\/2022\/05\/Q6Q7-008.jpg 800w, https:\/\/speyer24news.com\/wp-content\/uploads\/2022\/05\/Q6Q7-008-300x200.jpg 300w, https:\/\/speyer24news.com\/wp-content\/uploads\/2022\/05\/Q6Q7-008-768x512.jpg 768w\" sizes=\"(max-width: 800px) 100vw, 800px\" \/><figcaption>Von der Fressgasse aus l\u00e4sst sich bequem in die Tiefgarage von Q 6 Q 7 Mannheim \u201eabtauchen\u201c. Fotos: Johannes Vogt f\u00fcr CRM \u2013 Center &amp; Retail Management GmbH<\/figcaption><\/figure><\/div>\n\n\n\n<p><strong>Qlever ParQ ist die neue Park-Option f\u00fcr die Tiefgarage in Q 6 Q 7 Mannheim \u2013 Das Quartier. Parken ohne Parkticket, nie mehr in der Warteschlange stehen und nie wieder Kleingeld-Frust! Damit bringt Q 6 Q 7 das digitalisierte Parken direkt ins Quartier \u2013 und das super-bequem und einfach: Einmalig registrieren, Bezahlmethode w\u00e4hlen und stets bargeld- und kontaktlos zahlen. Ab dann immer ticketlos einfahren, immer ticketlos ausfahren. Quartier-Chef Hendrik Hoffmann: \u201eDas neue System erg\u00e4nzt die bisherigen M\u00f6glichkeiten und st\u00e4rkt die Position unserer Tiefgarage als beliebtestes Parkhaus in Mannheim.\u201c<\/strong><\/p>\n\n\n\n<p>Seit der Er\u00f6ffnung 2016 haben sich Autofahrer daran gew\u00f6hnt, in die Tiefgarage in Q 6 Q 7 besonders bequem einfahren und dort auf einem der \u00fcber 1.300 Parkpl\u00e4tze parken zu k\u00f6nnen. Durch die Position am Anfang der Fressgasse und die N\u00e4he zum Friedrichsring ist die Q 6 Q 7-Tiefgarage ein besonders attraktiver Ausgangspunkt f\u00fcr private und berufliche Erledigungen in der Mannheimer Innenstadt.<\/p>\n\n\n\n<p>Mit Qlever ParQ wird das Parken f\u00fcr alle, die sich f\u00fcr diesen Zusatzservice entscheiden, nun noch bequemer. Sobald sich Autofahrer einmal registrieren, die gew\u00fcnschte Zahlungsmethode und ein oder mehrere Autokennzeichen im Nutzerkonto hinterlegen, kann es losgehen. Bei der Einfahrt in die Q 6 Q 7-Tiefgarage wird das Kennzeichen automatisch erkannt, die Schranke \u00f6ffnet sich und man f\u00e4hrt bequem ohne Parkticket ein.<\/p>\n\n\n\n<p>Nach dem Besuch geht es ohne Stopp am Ticketautomaten direkt zum Auto. Bei der Ausfahrt wird das Kennzeichen wieder erfasst, die Schranke \u00f6ffnet sich automatisch und die Abrechnung erfolgt im Hintergrund.<\/p>\n\n\n\n<p>Qlever ParQ-Nutzer sparen sich den Weg zum Ticketautomaten, etwaige Wartezeiten und ebenso die ewige Suche nach dem passenden Kleingeld: Die Bezahlung l\u00e4uft automatisch \u00fcber das Nutzerkonto.<\/p>\n\n\n\n<p>Und das geht auch mit mehreren Autos: Mit allen Kennzeichen, die im Nutzerkonto hinterlegt sind, kann gleichzeitig in der Tiefgarage geparkt werden. Die Nutzung des Qlever ParQ Services ist kostenlos, zu zahlen sind lediglich die regul\u00e4ren Parkgeb\u00fchren. Dieses neue Parksystem lohnt sich insbesondere bei regelm\u00e4\u00dfiger Nutzung der Tiefgarage in Q 6 Q 7.<\/p>\n\n\n\n<p>Samuel Spaltner, Gesch\u00e4ftsf\u00fchrer der B+B Parkhaus GmbH &amp; Co. KG, die die Tiefgarage in Q 6 Q 7 unterh\u00e4lt: \u201eGerne bieten wir unseren Parkkunden in Q 6 Q 7 Mannheim jetzt schnelles Komfort-Parken zur Selbstverwaltung an, um die hohe Aufenthaltsqualit\u00e4t im Quartier zu unterst\u00fctzen. Unangenehme Erlebnisse beim Ticket-Handling in Ein- und Ausfahrten k\u00f6nnen die Parkkunden mit Qlever ParQ gut vermeiden.\u201c<\/p>\n\n\n\n<p>Hendrik Hoffmann, Gesch\u00e4ftsf\u00fchrer der CRM &#8211; Center &amp; Retail Management GmbH, die Q 6 Q 7 Mannheim \u2013 Das Quartier. betreibt: \u201eWir freuen uns sehr, dass B+B diese M\u00f6glichkeit f\u00fcr die Kunden und G\u00e4ste von Q 6 Q 7 schafft. Diese zus\u00e4tzliche Service-M\u00f6glichkeit kommt jetzt, wo die Menschen nach der langen Hochphase der Corona-Pandemie auch wieder mehr Lust aufs Shoppen haben, nat\u00fcrlich zur richtigen Zeit. Mein Kennzeichen habe ich selbstverst\u00e4ndlich schon registrieren lassen und ich bin begeistert, wie reibungslos das Ein- und Ausfahren l\u00e4uft und wie viel Zeit man damit spart. Ich w\u00fcnsche mir, dass m\u00f6glichst viele unserer Kunden und G\u00e4ste diese kostenlose Service-Option kennen- und sch\u00e4tzen lernen.\u201c<\/p>\n\n\n\n<p><em>Text: tower media GmbH Foto: Johannes Vogt f\u00fcr CRM \u2013 Center &amp; Retail Management GmbH<br>27.04.2022<\/em><\/p>\n\n\n\n<h2 class=\"wp-block-heading\">Q 6 Q 7-Chef blickt nach zwei Jahren Pandemie optimistisch in Zukunft<\/h2>\n\n\n\n<ul><li><strong>Vorl\u00e4ufige Corona-Bilanz von Hendrik Hoffmann f\u00e4llt jedoch ern\u00fcchternd aus<\/strong><\/li><li><strong>Einzelne Shopping-Sparten in Q 6 Q 7 Mannheim waren in der Lage, Angebote anzupassen<\/strong><\/li><li><strong>Freude auf die Bundesgartenschau 2023: Q 6 Q 7 ist Netzwerkpartner<\/strong><\/li><\/ul>\n\n\n\n<div class=\"wp-block-image\"><figure class=\"aligncenter size-full\"><img decoding=\"async\" loading=\"lazy\" width=\"800\" height=\"582\" src=\"https:\/\/speyer24news.com\/wp-content\/uploads\/2022\/05\/BUGA23Countdown140422-1.jpg\" alt=\"\" class=\"wp-image-45477\" srcset=\"https:\/\/speyer24news.com\/wp-content\/uploads\/2022\/05\/BUGA23Countdown140422-1.jpg 800w, https:\/\/speyer24news.com\/wp-content\/uploads\/2022\/05\/BUGA23Countdown140422-1-300x218.jpg 300w, https:\/\/speyer24news.com\/wp-content\/uploads\/2022\/05\/BUGA23Countdown140422-1-768x559.jpg 768w\" sizes=\"(max-width: 800px) 100vw, 800px\" \/><figcaption>Quartier-Chef Hendrik Hoffmann (links) mit BUGA23-Gesch\u00e4ftsf\u00fchrer Michael Schnellbach beim 365-Tage-Countdown auf dem M\u00fcnzplatz von Q 6 Q 7 zur Bundesgartenschau Mannheim im kommenden Jahr.<br><em>Foto: Niklas Wolfmeyer<\/em><\/figcaption><\/figure><\/div>\n\n\n\n<p><strong>Zwei Jahre Corona-Pandemie: Die vorl\u00e4ufige Bilanz von Q 6 Q 7-Chef Hendrik Hoffmann f\u00e4llt ern\u00fcchternd aus. Dennoch blickt er optimistisch in die Zukunft: \u201eDer Einzelhandel hatte sich von der Politik wesentlich mehr Unterst\u00fctzung erhofft; bekommen haben wir Auflagen. F\u00fcr die kommende Zeit hoffen wir, dass vor allem die Verantwortlichen auf st\u00e4dtischer, Landes- und Bundesebene aus der Pandemie gelernt haben. Der Einzelhandel braucht nach wir vor Hilfe! Wir von Q 6 Q 7 freuen uns dar\u00fcber, unsere Kunden aktuell endlich wieder ohne Einschr\u00e4nkungen im Quartier begr\u00fc\u00dfen zu d\u00fcrfen. Besonders freuen wir uns, dass jetzt der 12-Monats-Endspurt zur Bundesgartenschau 2023 begonnen hat und wir als Netzwerkpartner dabei sind.\u201c Vergangene Woche wurde unter anderem auf dem M\u00fcnzplatz von Q 6 Q 7 der Dauerkarten-Vorverkauf f\u00fcr das Mega-Event 2023 aus Blumenschau, Experimentierfeld und Sommerfest gestartet.<\/strong><\/p>\n\n\n\n<p>Die Bundesgartenschau 2023 ist f\u00fcr Hendrik Hoffmann, Gesch\u00e4ftsf\u00fchrer der CRM \u2013 Center- und Retail Management GmbH, die Q 6 Q 7 betreibt, wie f\u00fcr viele Mannheimer ein hoffnungsfroher Zielpunkt in der nahen Zukunft: \u201eNach all der Unsicherheit, den Einschr\u00e4nkungen und auch den Einbu\u00dfen der letzten Zeit freuen wir uns nat\u00fcrlich, wenn wir unsere Kunden und Freunde aus Mannheim und der Metropolregion Rhein-Neckar bald wieder zu Sonderaktionen, die unbeschwert Spa\u00df machen, begr\u00fc\u00dfen k\u00f6nnen. Der Countdown zur Bundesgartenschau spielt dabei nat\u00fcrlich eine ganz besondere Rolle, weil wir fest davon \u00fcberzeugt sind, dass zur Er\u00f6ffnung dieses tollen Ereignisses 2023 die Pandemie wirklich voll und ganz hinter uns liegt und auch die Unw\u00e4gbarkeiten, die dieses Jahr vielleicht noch bringt, \u00fcberstanden sind.\u201c<\/p>\n\n\n\n<p>Seine vorl\u00e4ufige Bilanz nach zwei Jahren Corona f\u00e4llt \u2013 wenig \u00fcberraschend \u2013 ern\u00fcchternd aus: \u201eDie Corona-Pandemie hat dem gesamten Einzelhandel ordentlich zugesetzt, nat\u00fcrlich auch uns im Quartier\u201c, best\u00e4tigt Hendrik Hoffmann. \u201eMit umfangreichen Sicherheitsma\u00dfnahmen waren wir im Vergleich zwar hervorragend aufgestellt. So hatten wir beispielsweise ein COVID19-Schnelltest-Zentrum auf Parkebene 3 in der Tiefgarage eingerichtet. Es war die Fortf\u00fchrung unserer COVID-Strategie, alles daf\u00fcr zu tun, dass sich unsere G\u00e4ste und Kunden sicher bei uns f\u00fchlen. Aber die Tatsache, dass viele Menschen einfach keine Lust auf Shopping hatten und auch, dass die gastronomischen Angebote in weiten Teilen wegen der beh\u00f6rdlichen Vorgaben praktisch ausfallen mussten, war nur bedingt aufzufangen.\u201c<\/p>\n\n\n\n<p>Die Gastronomie hatte es wegen der massiven Beschr\u00e4nkungen besonders hart getroffen: Mehrere Betriebe wie etwa DIE K\u00dcCHE in Q 6 Q 7 und Emma Wolf waren wegen der Pandemie gezwungen, dauerhaft zu schlie\u00dfen. \u201eDennis Maier hatte mit ,Emma Wolf since 1920&#8242; das Leitmotiv von Q 6 Q 7 Mannheim perfekt umgesetzt: einzigartige Konzepte aus der Region f\u00fcr die Region zu bieten, die es so noch nicht gab. Umso mehr schmerzt es, dass wir unseren Kunden und G\u00e4sten dieses Novum der Spitzenk\u00fcche nun nicht mehr bieten k\u00f6nnen\u201c, bedauert Hendrik Hoffmann. \u201eWir setzen alles daran, sobald wir die Pandemie vollst\u00e4ndig hinter uns haben, mit neuen, frischen \u2013 und ungew\u00f6hnlichen \u2013 Ideen zu begeistern.\u201c<\/p>\n\n\n\n<p>Einzelne Shopping-Sparten im Quartier waren in der Lage gewesen, ihr Sortiment ein wenig an die neue Situation anzupassen. So hat beispielsweise REWE sein Angebot weg vom schnellen Mittagsgesch\u00e4ft und Party-Eink\u00e4ufen hin zum Wocheneinkauf modifiziert, weil sich auch die Kundschaft ver\u00e4nderte: Die Zahl der Kunden, die bei REWE einkaufen, weil sie in der Nachbarschaft leben, hat zugenommen. Diejenigen, die zum Arbeiten in die Stadt kommen, sind weniger geworden. \u201eJe nachdem, wie sich die Home-Office-Situation entwickelt, wird das auch nicht mehr ganz zu Vor-Corona-Zeiten zur\u00fcckgehen\u201c, erwartet Hendrik Hoffmann.<\/p>\n\n\n\n<p>Insgesamt war auf niedrigem Niveau ein Auf und Ab zu beobachten. Der Sommer 2021 bis etwa Oktober sah beispielsweise nicht allzu schlecht aus. \u201eIm Juni konnten wir unsere Kunden wieder fast wie vor der Pandemie zur\u00fcck begr\u00fc\u00dfen. Kein Test war mehr notwendig, keine Terminvereinbarung. Lediglich die Maskenpflicht galt weiterhin. Der Sommer hatte in Q 6 Q 7 Einzug gehalten\u201c, erinnert sich Hoffmann. \u201eAuch wenn die Corona-Pandemie noch nicht vollst\u00e4ndig besiegt war, waren wir guten Mutes. Immer mehr Menschen lie\u00dfen sich impfen und trugen damit zum Schutz f\u00fcr uns alle bei. Diese zunehmende Sicherheit hob auch die Shopping-Laune, das haben wir damals ganz deutlich gesp\u00fcrt.\u201c<\/p>\n\n\n\n<p>Im August wurden die COVID-19-Testm\u00f6glichkeiten stark ausgeweitet. Mit einem breiten Impf- und Testangebot luden neben der Apotheke in Q 6 Q 7 jetzt auch Arztpraxen die Mannheimerinnen und Mannheimer ein, sich vor COVID-19 zu wappnen. Q 6 Q 7-Chef Hendrik Hoffmann: \u201eZiel war, unsere T\u00fcren auch nach den Sommerferien offen zu halten \u2013 ohne Einschr\u00e4nkungen. Daf\u00fcr ist ein breiter Impfschutz in der Bev\u00f6lkerung die beste Voraussetzung.\u201c<\/p>\n\n\n\n<p>Im Dezember wurden die Test- um Impfangebote erweitert. Unter dem Motto ,Gemeinsam gegen Corona \u2013 Der gro\u00dfe Impf-Tag in Q 6 Q 7\u2018 startete eine gro\u00dfe Impfinitiative von Mannheimer Urologen, der Universit\u00e4tsmedizin Mannheim, der Stadtverwaltung Mannheim und Q 6 Q 7. An mehreren Aktionstagen bis in den Januar 2022 standen mehrere tausend Dosen des COVID-19-Impfstoffes f\u00fcr Erst- und Boosterimpfungen bereit.<\/p>\n\n\n\n<p>\u201eDer Winter \u2013 das gesamte Weihnachtsgesch\u00e4ft \u2013 war dann wie im Vorjahr eine Katastrophe, auch wenn es diesmal keinen Lockdown gegeben hatte\u201c, bewertet Hendrik Hoffmann den Jahreswechsel 2021\/22. Daf\u00fcr, aber auch f\u00fcr die zahlreichen Vers\u00e4umnisse in den vielen Monaten davor, macht Hendrik Hoffmann auch Politikerinnen und Politiker verantwortlich: \u201eNach fast zwei Jahren Pandemie h\u00e4tte man erwarten m\u00fcssen, dass die Politik Entscheidungen trifft, die die Menschen auch nachvollziehen k\u00f6nnen. Dem war und ist jedoch immer noch nicht so, vielmehr luden Politiker ihren Job auf andere wie beispielsweise uns Einzelh\u00e4ndler ab.\u201c Alleine in Q 6 Q 7 h\u00e4tten so viele unterschiedliche Regeln gegolten, \u201edass diese kein Mensch mehr nachvollziehen konnte. F\u00fcr den Lebensmittelhandel und den Drogeriemarkt im Basement etwa galten keine Einschr\u00e4nkungen, f\u00fcr den anderen Einzelhandel aber galt 2G, f\u00fcr die Au\u00dfengastronomie galt 3G+, drinnen aber war wiederum 2G g\u00fcltig. Im Hotel galt eigentlich ebenfalls 2G, aber f\u00fcr Gesch\u00e4ftsreisende dann wieder 3G. Das Fitnessstudio operierte wiederum unter 2G-Bedingungen. \u201eUnd das alles innerhalb unseres Quartiers!\u201c Eine \u201eSchnell\u00fcbersicht\u201c der Landesregierung hatte es auf 11 Seiten Umfang gebracht! \u201eSolche Vorgaben, die ehrlicherweise keiner mehr aufnehmen kann, sind zum Scheitern verdammt. Die Politik dr\u00fcckt sich um harte Entscheidungen und instrumentalisiert daf\u00fcr andere wie uns vom Einzelhandel \u2013 und das auch noch mit wenigen Stunden Vorlauf: Entscheidungen werden mitten in der Nacht verk\u00fcndet und sollen am n\u00e4chsten Morgen bereits umgesetzt sein. All das ist nach fast zwei Jahren Pandemie absolut nicht mehr akzeptabel.\u201c<\/p>\n\n\n\n<p>\u201eDennoch blicken wir optimistisch in die Zukunft\u201c, versichert Hendrik Hoffmann: \u201eIch habe die gro\u00dfe Hoffnung, dass die Verantwortlichen auf Stadt-, Landes- und Bundesebene die richtigen Schl\u00fcsse gezogen haben und k\u00fcnftige Notlagen, die ab einem gewissen Zeitpunkt auch planbar sind, uns nicht mehr so drastisch treffen.\u201c<\/p>\n\n\n\n<p>Kunden sollen Q 6 Q 7 wieder unbeschwert genie\u00dfen k\u00f6nnen: \u201eUnser Team plant f\u00fcr dieses Fr\u00fchjahr und den Sommer bereits tolle Aktionen, zugegeben noch mit leicht angezogener Handbremse, da in Sachen Corona ja noch der ein oder andere R\u00fcckschritt m\u00f6glich ist. Diese Zur\u00fcckhaltung k\u00f6nnen wir hoffentlich aufgeben, wenn es dann mit der Bundesgartenschau 2023 in die hei\u00dfe Phase geht und wir uns, wie ganz Mannheim, auf dieses gro\u00dfartige Ereignis freuen.\u201c<\/p>\n\n\n\n<p><em>Text: tower media GmbH Vorderpfalz Foto: Niklas Wolfmeyer<br>22.04.2022<\/em><\/p>\n\n\n\n<h1 class=\"has-text-align-center wp-block-heading\">Diringer &amp; Scheidel Unternehmensgruppe<\/h1>\n\n\n\n<div class=\"wp-block-image\"><figure class=\"aligncenter size-full\"><img decoding=\"async\" loading=\"lazy\" width=\"600\" height=\"326\" src=\"https:\/\/speyer24news.com\/wp-content\/uploads\/2021\/06\/Diringer-Scheidel-Unternehmensgruppe-Logo.png\" alt=\"\" class=\"wp-image-37811\" srcset=\"https:\/\/speyer24news.com\/wp-content\/uploads\/2021\/06\/Diringer-Scheidel-Unternehmensgruppe-Logo.png 600w, https:\/\/speyer24news.com\/wp-content\/uploads\/2021\/06\/Diringer-Scheidel-Unternehmensgruppe-Logo-300x163.png 300w\" sizes=\"(max-width: 600px) 100vw, 600px\" \/><\/figure><\/div>\n\n\n\n<h2 class=\"wp-block-heading\">Goethe-Quartier: Name f\u00fcr Projektentwicklung auf dem ehemaligen BAUHAUS-Areal steht fest<\/h2>\n\n\n\n<ul><li><strong>Verbeugung vor dem gro\u00dfen Dichter und Denker Johann Wolfgang von Goethe<\/strong><\/li><li><strong>Alexander Langend\u00f6rfer: \u201eDichter-Feder hat nicht zu untersch\u00e4tzende Symbolkraft\u201c<\/strong><\/li><li><strong>Alexander Dech: \u201eFarbgebung unseres Projekts nimmt auch im Logo die Altstadt auf\u201c<\/strong><\/li><\/ul>\n\n\n\n<div class=\"wp-block-image\"><figure class=\"aligncenter size-full\"><img decoding=\"async\" loading=\"lazy\" width=\"800\" height=\"436\" src=\"https:\/\/speyer24news.com\/wp-content\/uploads\/2022\/05\/DuS_Logo_Goethe_Quartier_RZ_sRGB.jpg\" alt=\"\" class=\"wp-image-45479\" srcset=\"https:\/\/speyer24news.com\/wp-content\/uploads\/2022\/05\/DuS_Logo_Goethe_Quartier_RZ_sRGB.jpg 800w, https:\/\/speyer24news.com\/wp-content\/uploads\/2022\/05\/DuS_Logo_Goethe_Quartier_RZ_sRGB-300x164.jpg 300w, https:\/\/speyer24news.com\/wp-content\/uploads\/2022\/05\/DuS_Logo_Goethe_Quartier_RZ_sRGB-768x419.jpg 768w\" sizes=\"(max-width: 800px) 100vw, 800px\" \/><\/figure><\/div>\n\n\n\n<p><strong>Die Projektentwicklung von DIRINGER &amp; SCHEIDEL auf dem Areal des ehemaligen BAUHAUS-Marktes an der Heidelberger Kurf\u00fcrsten-Anlage wird \u201eGoethe-Quartier\u201c hei\u00dfen. DIRINGER &amp; SCHEIDEL entschied sich f\u00fcr diesen Namen als Zeichen der Verbeugung vor einem der bedeutendsten Dichter und Denker, der auch in Heidelberg deutliche Spuren hinterlassen hat.<\/strong><\/p>\n\n\n\n<p>Die vor 100 Jahren gegr\u00fcndete DIRINGER &amp; SCHEIDEL Unternehmensgruppe ist eines der traditionsreichsten Familienunternehmen in der Metropolregion Rhein-Neckar. Sie entwickelt an der Heidelberger Kurf\u00fcrsten-Anlage in den kommenden Jahren ein architektonisch anspruchsvolles, teils bis zu sechsgeschossiges Geb\u00e4udeensemble.<\/p>\n\n\n\n<p>Die sogenannte Wort- und Bild-Marke \u201eGoethe-Quartier\u201c wurde vom Team um DIRINGER &amp; SCHEIDEL-Marketingleiter Christian Munsch entwickelt. Leiten lie\u00dfen sich die Experten einerseits von dem Gedanken, dass die vorhandene Goethe-Stra\u00dfe in der Heidelberger Weststadt k\u00fcnftig von der Blumenstra\u00dfe \u00fcber die Bahnhofstra\u00dfe und das neue Quartier in Richtung Kurf\u00fcrsten-Anlage erschlossen wird. Diese Entwicklung ist Kern eines st\u00e4dtebaulichen Leitgedankens der Stadt Heidelberg, n\u00e4mlich der \u00d6ffnung der Weststadt hin zu Bergheim, Innenstadt und Neckar.<\/p>\n\n\n\n<p>Andererseits hat Johann Wolfgang von Goethe auch selbst Spuren in Heidelberg hinterlassen. Daran erinnert etwa im Heidelberger Schlossgarten die Goethe-Gedenktafel, ein zwei Meter hohes Goethe-Denkmal sowie die \u201eGoethe-Marianne-Bank\u201c, die der Liebe zwischen dem Dichter und der 35 Jahre j\u00fcngeren Marianne von Willemer gewidmet ist.<\/p>\n\n\n\n<p>Obwohl Johann Wolfgang von Goethe in Heidelberg nur f\u00fcr kurze Zeit verweilte, war die Stadt der Romantiker in seinem Leben und Wirken von hoher Bedeutung. Wie viele sch\u00e4tzte auch Goethe die reizvolle Stadtsilhouette und die attraktive Lage zwischen Fluss und sanft ansteigendem Odenwald und Kraichgau.<\/p>\n\n\n\n<p>\u201eDie Feder-Silhouette im Markenlogo des Goethe-Quartiers steht in erster Linie f\u00fcr den bedeutendsten Sch\u00f6pfer deutschsprachiger Dichtung, Johann Wolfgang von Goethe\u201c, erl\u00e4utert Alexander Langend\u00f6rfer, kaufm\u00e4nnischer Gesch\u00e4ftsf\u00fchrer der DIRINGER &amp; SCHEIDEL St\u00e4dtebau GmbH. \u201eSo leicht und fein wie sie zun\u00e4chst erscheinen mag, so hat sie eine nicht zu untersch\u00e4tzende Symbolkraft. Sie verlieh seinen Worten Ausdruck, die Denkweisen von ganzen Generationen beeinflusst haben.\u201c<\/p>\n\n\n\n<p>Alexander Dech, planerischer Gesch\u00e4ftsf\u00fchrer der DIRINGER &amp; SCHEIDEL St\u00e4dtebau GmbH, erg\u00e4nzt: \u201eDie farbliche Teilung unseres Markenlogos greift in seinen Beige- und Karminrot-T\u00f6nen die Farben der Heidelberger Altstadt auf. Diese Farbgebung wird auch die Fassaden der beiden Geb\u00e4udek\u00f6rper des Goethe-Quartiers bestimmen. Im Zusammenspiel ergibt sich eine Einheit mit dem zentralen Element, der ,Dichter-Feder\u2018.\u201c<\/p>\n\n\n\n<p>Das neu entstehende Geb\u00e4udeensemble \u201eGoethe-Quartier\u201c bietet k\u00fcnftig zahlreiche Wohnungen sowie gen\u00fcgend Platz f\u00fcr B\u00fcros, ein \u00c4rztehaus, Gastronomie und Handel. Zwischen den Geb\u00e4uden wird auch die von der Stadt Heidelberg im Bebauungsplan vorgesehene Nord-S\u00fcd-Verbindung als Verl\u00e4ngerung der Goethestra\u00dfe verwirklicht, die die Weststadt zum Neckar hin \u00f6ffnen soll. Das Projekt soll bis Ende 2026 fertiggestellt sein.<\/p>\n\n\n\n<p><em>Diringer &amp; Scheidel Unternehmensgruppe<br>29.04.2022<\/em><\/p>\n","protected":false},"excerpt":{"rendered":"<div class=\"mh-excerpt\"><p>Bundesagentur f\u00fcr Arbeit BA beteiligt sich am GirlsDay &amp; BoysDay Sie baut Boote, arbeitet in einer Werft. Er ist Erzieher, arbeitet mit Kindern. Beides geht heute selbstverst\u00e4ndlich. Gleichwohl bringen mitunter geschlechterspezifische Rollenzuschreibungen nach wie vor <a class=\"mh-excerpt-more\" href=\"https:\/\/speyer24news.com\/?p=45475\" title=\"Wirtschaft \/ Finanzen \/ Rente\">[&#8230;]<\/a><\/p>\n<\/div>","protected":false},"author":3,"featured_media":30614,"comment_status":"open","ping_status":"open","sticky":false,"template":"","format":"standard","meta":{"_monsterinsights_skip_tracking":false,"_monsterinsights_sitenote_active":false,"_monsterinsights_sitenote_note":"","_monsterinsights_sitenote_category":0,"footnotes":""},"categories":[29],"tags":[14156,14157,13572,551,14154,14153,7892,1088,6612,14152,14158,12140,8068,5708,11045,11046,303,1092,31,13374,13380,14155,1087,14151,6539],"aioseo_notices":[],"amp_enabled":true,"_links":{"self":[{"href":"https:\/\/speyer24news.com\/index.php?rest_route=\/wp\/v2\/posts\/45475"}],"collection":[{"href":"https:\/\/speyer24news.com\/index.php?rest_route=\/wp\/v2\/posts"}],"about":[{"href":"https:\/\/speyer24news.com\/index.php?rest_route=\/wp\/v2\/types\/post"}],"author":[{"embeddable":true,"href":"https:\/\/speyer24news.com\/index.php?rest_route=\/wp\/v2\/users\/3"}],"replies":[{"embeddable":true,"href":"https:\/\/speyer24news.com\/index.php?rest_route=%2Fwp%2Fv2%2Fcomments&post=45475"}],"version-history":[{"count":1,"href":"https:\/\/speyer24news.com\/index.php?rest_route=\/wp\/v2\/posts\/45475\/revisions"}],"predecessor-version":[{"id":45482,"href":"https:\/\/speyer24news.com\/index.php?rest_route=\/wp\/v2\/posts\/45475\/revisions\/45482"}],"wp:featuredmedia":[{"embeddable":true,"href":"https:\/\/speyer24news.com\/index.php?rest_route=\/wp\/v2\/media\/30614"}],"wp:attachment":[{"href":"https:\/\/speyer24news.com\/index.php?rest_route=%2Fwp%2Fv2%2Fmedia&parent=45475"}],"wp:term":[{"taxonomy":"category","embeddable":true,"href":"https:\/\/speyer24news.com\/index.php?rest_route=%2Fwp%2Fv2%2Fcategories&post=45475"},{"taxonomy":"post_tag","embeddable":true,"href":"https:\/\/speyer24news.com\/index.php?rest_route=%2Fwp%2Fv2%2Ftags&post=45475"}],"curies":[{"name":"wp","href":"https:\/\/api.w.org\/{rel}","templated":true}]}}