{"id":45528,"date":"2022-05-02T08:32:55","date_gmt":"2022-05-02T07:32:55","guid":{"rendered":"https:\/\/speyer24news.com\/?p=45528"},"modified":"2022-05-02T08:32:57","modified_gmt":"2022-05-02T07:32:57","slug":"rhein-pfalz-kreis-87","status":"publish","type":"post","link":"https:\/\/speyer24news.com\/?p=45528","title":{"rendered":"Rhein-Pfalz-Kreis"},"content":{"rendered":"<style type=\"text\/css\">\r\n\t.ads_top_disp{}\r\n\t.ads_top_corner_disp{ float:left; margin:0px 10px 10px 0px; }\r\n\t.ads_first_p_disp{}\r\n\t.ads_bottom_disp{}\r\n\t<\/style>\n<h2 class=\"wp-block-heading\">Er\u00f6ffnung der Freibadesaison im Rhein-Pfalz-Kreis<\/h2>\n\n\n\n<div class=\"wp-block-image\"><figure class=\"aligncenter size-full\"><img decoding=\"async\" loading=\"lazy\" width=\"800\" height=\"600\" src=\"https:\/\/speyer24news.com\/wp-content\/uploads\/2022\/05\/Schwimmbad-Schifferstadt-aussen.jpg\" alt=\"\" class=\"wp-image-45531\" srcset=\"https:\/\/speyer24news.com\/wp-content\/uploads\/2022\/05\/Schwimmbad-Schifferstadt-aussen.jpg 800w, https:\/\/speyer24news.com\/wp-content\/uploads\/2022\/05\/Schwimmbad-Schifferstadt-aussen-300x225.jpg 300w, https:\/\/speyer24news.com\/wp-content\/uploads\/2022\/05\/Schwimmbad-Schifferstadt-aussen-768x576.jpg 768w, https:\/\/speyer24news.com\/wp-content\/uploads\/2022\/05\/Schwimmbad-Schifferstadt-aussen-678x509.jpg 678w, https:\/\/speyer24news.com\/wp-content\/uploads\/2022\/05\/Schwimmbad-Schifferstadt-aussen-326x245.jpg 326w, https:\/\/speyer24news.com\/wp-content\/uploads\/2022\/05\/Schwimmbad-Schifferstadt-aussen-80x60.jpg 80w\" sizes=\"(max-width: 800px) 100vw, 800px\" \/><figcaption>Der Freibadbereich des Schwimmbad Schifferstadt \u00f6ffnet wahrscheinlich am Freitag, 13. Mai 2022.<br><em>Foto; Speyer 24\/7 News<\/em><\/figcaption><\/figure><\/div>\n\n\n\n<p>Aufgrund der bereits teilweise sommerlichen Temperaturen, er\u00f6ffnen sukzessive die Kreisb\u00e4der im Rhein-Pfalz-Kreis die Freibadesaison.<\/p>\n\n\n\n<p>Das Freibad Aquabella in Mutterstadt \u00f6ffnete seinen Au\u00dfenbereich mit dem gro\u00dfen Erlebnisbecken am Samstag, 30. April 2022, und steht den Badeg\u00e4sten zu den gewohnten \u00d6ffnungszeiten des Aquabellas zur Verf\u00fcgung.<\/p>\n\n\n\n<p>Der Freibadebereich des Kreisbades Heidespa\u00df in Maxdorf-Lambsheim wird voraussichtlich am Montag, 09. Mai 2022, \u00f6ffnen und das Freibad in Schifferstadt am Freitag, 13. Mai 2022.<\/p>\n\n\n\n<p>Weitere Informationen sind unter <a href=\"http:\/\/www.kreisbaeder.de\">www.kreisbaeder.de<\/a> zu finden.<\/p>\n\n\n\n<p><em>Text: Kreisverwaltung Rhein-Pfalz-Kreis Foto: Speyer 24\/7 News<br>27.04.2022<\/em><\/p>\n\n\n\n<h2 class=\"wp-block-heading\">Frauen und Gesundheit<\/h2>\n\n\n\n<h3 class=\"wp-block-heading\">Fortsetzung der WebTalk-Reihe von Mai 2022 bis September 2022<\/h3>\n\n\n\n<div class=\"wp-block-image\"><figure class=\"aligncenter size-full\"><img decoding=\"async\" loading=\"lazy\" width=\"800\" height=\"441\" src=\"https:\/\/speyer24news.com\/wp-content\/uploads\/2022\/05\/Frauen-und-Gesundheit-Webtalkreihe.png\" alt=\"\" class=\"wp-image-45530\" srcset=\"https:\/\/speyer24news.com\/wp-content\/uploads\/2022\/05\/Frauen-und-Gesundheit-Webtalkreihe.png 800w, https:\/\/speyer24news.com\/wp-content\/uploads\/2022\/05\/Frauen-und-Gesundheit-Webtalkreihe-300x165.png 300w, https:\/\/speyer24news.com\/wp-content\/uploads\/2022\/05\/Frauen-und-Gesundheit-Webtalkreihe-768x423.png 768w\" sizes=\"(max-width: 800px) 100vw, 800px\" \/><\/figure><\/div>\n\n\n\n<p>Von Mai bis September 2022 l\u00e4dt das Heinrich Pesch Haus zu vier WebTalk-Veranstaltungen in der Reihe \u201eFrauen und Gesundheit\u201c ein. Die katholische Akademie Rhein-Neckar f\u00fchrt die Reihe in Kooperation mit der Akademie f\u00fcr Frauen und den Gleichstellungsbeauftragten der St\u00e4dte Ludwigshafen und Frankenthal sowie des Rhein-Pfalz-Kreises durch.&nbsp;&nbsp;&nbsp;&nbsp;&nbsp;&nbsp;&nbsp;&nbsp;&nbsp;&nbsp;&nbsp;&nbsp;&nbsp;&nbsp; &nbsp;&nbsp;&nbsp;&nbsp;&nbsp;&nbsp;&nbsp;&nbsp;&nbsp;&nbsp;&nbsp;&nbsp;&nbsp;&nbsp;&nbsp;&nbsp;&nbsp;&nbsp;&nbsp;&nbsp;&nbsp;&nbsp;&nbsp;&nbsp;&nbsp;&nbsp;&nbsp;&nbsp;&nbsp;&nbsp;&nbsp;&nbsp;&nbsp;&nbsp;&nbsp;&nbsp;&nbsp;&nbsp;&nbsp;&nbsp;&nbsp;&nbsp;&nbsp;&nbsp;&nbsp;&nbsp;&nbsp;&nbsp;&nbsp;&nbsp;&nbsp;&nbsp;&nbsp;&nbsp;&nbsp;&nbsp;&nbsp;&nbsp;&nbsp;&nbsp;&nbsp;&nbsp;&nbsp;&nbsp;&nbsp;&nbsp;&nbsp;&nbsp;&nbsp;&nbsp;&nbsp;&nbsp;&nbsp;&nbsp;&nbsp;&nbsp;&nbsp;&nbsp;&nbsp;&nbsp;&nbsp;&nbsp;&nbsp;&nbsp;&nbsp;<\/p>\n\n\n\n<p>Es ist unbestritten<strong>, Gesundheit hat ein Geschlecht. <\/strong>F\u00fcr die Kooperationspartner*innen ist es aus gleichstellungspolitischer Sicht ein wesentlicher Beitrag, Geschlechtergerechtigkeit gerade auch im Bereich der Medizin zu f\u00f6rdern, denn jedes Geschlecht weist gesundheitliche Besonderheiten auf. So gibt es zum Beispiel spezifische Erkrankungen, die nur Frauen oder nur M\u00e4nner betreffen oder geschlechtsspezifisch geh\u00e4uft auftreten. Diese Aspekte sollen in der Reihe in den Fokus ger\u00fcckt werden.<\/p>\n\n\n\n<p><strong>Vier Expertinnen aus Medizin<em>, <\/em>BeratungundWissenschaft sprechen \u00fcber Themen wie die Belastung von Frauen in Krisenzeiten, Frauen und Autoimmunerkrankungen, sexualisierte Gewalt an Frauen und pl\u00e4dieren f\u00fcr einen weiblichen Blick in der Krebsmedizin.<\/strong><\/p>\n\n\n\n<p>In der ersten Veranstaltung am<strong> Montag, 16. Mai<\/strong> 2022 geht es um Frauengesundheit in Krisenzeiten und das Ph\u00e4nomen Mental Load. Prof. Dr. Stefanie M. Jungmann, Juniorprofessorin in der Abteilung Klinische Psychologie, Psychotherapie und Experimentelle Psychopathologie an der Johannes Gutenberg-Universit\u00e4t Mainz, greift die hohe mentale Belastung gerade von Frauen auf, die in der Pandemie nochmals gestiegen ist.<\/p>\n\n\n\n<p>Am <strong>Montag, 20. Juni<\/strong>, geht es um Autoimmunerkrankungen bei Frauen. Frauen sind h\u00e4ufiger als M\u00e4nner von Autoimmunerkrankungen wie Rheuma, Hashimoto oder Multipler Sklerose betroffen. \u201eDer Einfluss des Geschlechts auf diese Erkrankungen wird in der Medizin jedoch kaum ber\u00fccksichtigt, was einer zielgruppenspezifischen Versorgung und letztlich einem besseren Verst\u00e4ndnis f\u00fcr betroffene Frauen im Weg steht. Priv.-Doz. Dr. med. Ute Seeland, Fach\u00e4rztin f\u00fcr Innere Medizin und GendermedizinerinDGesGM\u00ae erl\u00e4utert die Bedeutung, die der Beitrag der Gendermedizin bei der Erforschung dieser Krankheit hat.<\/p>\n\n\n\n<p>Am <strong>Montag, 11. Juli<\/strong>, sprechen Caroline Bonhage und Mareike Bundschuh von der Fachstelle Wildwasser und Notruf Ludwigshafen e.V. \u00fcber sexualisierte Gewalt an Frauen und M\u00e4dchen. Dieser Vortrag wird einen Einblick in die H\u00e4ufigkeit und Erscheinungsformen sexualisierter Gewalt geben und die Auswirkungen von Trauma und Gewalt in den Blick nehmen.<\/p>\n\n\n\n<p>Mit der Frage \u201eBrauchen wir einen weiblichen Blick in der Krebsmedizin?\u201c befasst sich beim letzten WebTalk am<strong> Montag, 5. September<\/strong>, Prof. Dr. Mandy Mangler, Chef\u00e4rztin der Klinik f\u00fcr Gyn\u00e4kologie und Geburtsmedizin im Vivantes Auguste-Viktoria-Klinikum Neuk\u00f6lln. Ein weiblicher Blick in der Krebsmedizin ist dringend notwendig. Auch im Gesundheitswesen gibt es den Data Gap, was beispielsweise die Wirkungsweisen von Arzneien oder Auswirkungen von Therapien auf Frauen als auch die Grundlagenforschung angeht, die m\u00e4nnlich dominiert sei.<\/p>\n\n\n\n<p>Alle Vortr\u00e4ge beginnen um 19 Uhr und werden online durchgef\u00fchrt. Die Teilnahme ist frei, um eine Spende wird gebeten. Aus organisatorischen Gr\u00fcnden wird um eine Anmeldung bis drei Tage vor Veranstaltungsbeginn auf der Homepage des Heinrich Pesch Hauses unter <a href=\"http:\/\/www.heinrich-pesch-haus.de\/veranstaltungen\">www.heinrich-pesch-haus.de\/veranstaltungen<\/a> gebeten. F\u00fcr den WebTalk wird ein virtueller Konferenzraum von Microsoft Teams genutzt. Die Teilnahme ist \u00fcber die MS-Teams-App oder \u00fcber einen Webbrowser m\u00f6glich. Der Link zum Webinar wird am Tag der Veranstaltung versendet.<\/p>\n\n\n\n<div class=\"wp-block-file\"><object class=\"wp-block-file__embed\" data=\"https:\/\/speyer24news.com\/wp-content\/uploads\/2022\/05\/HPH_webtalk_Frauen-und-Gesundheit_2022.pdf\" type=\"application\/pdf\" style=\"width:100%;height:600px\" aria-label=\"Einbettung von Einbettung von HPH_webtalk_Frauen-und-Gesundheit_2022..\"><\/object><a href=\"https:\/\/speyer24news.com\/wp-content\/uploads\/2022\/05\/HPH_webtalk_Frauen-und-Gesundheit_2022.pdf\">HPH_webtalk_Frauen-und-Gesundheit_2022<\/a><a href=\"https:\/\/speyer24news.com\/wp-content\/uploads\/2022\/05\/HPH_webtalk_Frauen-und-Gesundheit_2022.pdf\" class=\"wp-block-file__button\" download>Herunterladen<\/a><\/div>\n\n\n\n<p><em>Kreisverwaltung Rhein-Pfalz-Kreis<br>26.04.2022<\/em><\/p>\n","protected":false},"excerpt":{"rendered":"<div class=\"mh-excerpt\"><p>Er\u00f6ffnung der Freibadesaison im Rhein-Pfalz-Kreis Aufgrund der bereits teilweise sommerlichen Temperaturen, er\u00f6ffnen sukzessive die Kreisb\u00e4der im Rhein-Pfalz-Kreis die Freibadesaison. Das Freibad Aquabella in Mutterstadt \u00f6ffnete seinen Au\u00dfenbereich mit dem gro\u00dfen Erlebnisbecken am Samstag, 30. April <a class=\"mh-excerpt-more\" href=\"https:\/\/speyer24news.com\/?p=45528\" title=\"Rhein-Pfalz-Kreis\">[&#8230;]<\/a><\/p>\n<\/div>","protected":false},"author":3,"featured_media":25960,"comment_status":"open","ping_status":"open","sticky":false,"template":"","format":"standard","meta":{"_monsterinsights_skip_tracking":false,"_monsterinsights_sitenote_active":false,"_monsterinsights_sitenote_note":"","_monsterinsights_sitenote_category":0,"footnotes":""},"categories":[1564],"tags":[14185,14183,14184,6986,427,1565],"aioseo_notices":[],"amp_enabled":true,"_links":{"self":[{"href":"https:\/\/speyer24news.com\/index.php?rest_route=\/wp\/v2\/posts\/45528"}],"collection":[{"href":"https:\/\/speyer24news.com\/index.php?rest_route=\/wp\/v2\/posts"}],"about":[{"href":"https:\/\/speyer24news.com\/index.php?rest_route=\/wp\/v2\/types\/post"}],"author":[{"embeddable":true,"href":"https:\/\/speyer24news.com\/index.php?rest_route=\/wp\/v2\/users\/3"}],"replies":[{"embeddable":true,"href":"https:\/\/speyer24news.com\/index.php?rest_route=%2Fwp%2Fv2%2Fcomments&post=45528"}],"version-history":[{"count":1,"href":"https:\/\/speyer24news.com\/index.php?rest_route=\/wp\/v2\/posts\/45528\/revisions"}],"predecessor-version":[{"id":45532,"href":"https:\/\/speyer24news.com\/index.php?rest_route=\/wp\/v2\/posts\/45528\/revisions\/45532"}],"wp:featuredmedia":[{"embeddable":true,"href":"https:\/\/speyer24news.com\/index.php?rest_route=\/wp\/v2\/media\/25960"}],"wp:attachment":[{"href":"https:\/\/speyer24news.com\/index.php?rest_route=%2Fwp%2Fv2%2Fmedia&parent=45528"}],"wp:term":[{"taxonomy":"category","embeddable":true,"href":"https:\/\/speyer24news.com\/index.php?rest_route=%2Fwp%2Fv2%2Fcategories&post=45528"},{"taxonomy":"post_tag","embeddable":true,"href":"https:\/\/speyer24news.com\/index.php?rest_route=%2Fwp%2Fv2%2Ftags&post=45528"}],"curies":[{"name":"wp","href":"https:\/\/api.w.org\/{rel}","templated":true}]}}