{"id":45596,"date":"2022-05-04T07:09:28","date_gmt":"2022-05-04T06:09:28","guid":{"rendered":"https:\/\/speyer24news.com\/?p=45596"},"modified":"2022-05-04T07:09:29","modified_gmt":"2022-05-04T06:09:29","slug":"stadtnotizen-aus-speyer-7","status":"publish","type":"post","link":"https:\/\/speyer24news.com\/?p=45596","title":{"rendered":"Stadtnotizen aus Speyer"},"content":{"rendered":"<style type=\"text\/css\">\r\n\t.ads_top_disp{}\r\n\t.ads_top_corner_disp{ float:left; margin:0px 10px 10px 0px; }\r\n\t.ads_first_p_disp{}\r\n\t.ads_bottom_disp{}\r\n\t<\/style>\n<h2 class=\"wp-block-heading\">Sommerferien in der Walderholung: Anmeldungen starten am 09. Mai<\/h2>\n\n\n\n<div class=\"wp-block-image\"><figure class=\"aligncenter size-full\"><img decoding=\"async\" loading=\"lazy\" width=\"800\" height=\"596\" src=\"https:\/\/speyer24news.com\/wp-content\/uploads\/2022\/05\/kettcar.jpg\" alt=\"\" class=\"wp-image-45597\" srcset=\"https:\/\/speyer24news.com\/wp-content\/uploads\/2022\/05\/kettcar.jpg 800w, https:\/\/speyer24news.com\/wp-content\/uploads\/2022\/05\/kettcar-300x224.jpg 300w, https:\/\/speyer24news.com\/wp-content\/uploads\/2022\/05\/kettcar-768x572.jpg 768w, https:\/\/speyer24news.com\/wp-content\/uploads\/2022\/05\/kettcar-80x60.jpg 80w\" sizes=\"(max-width: 800px) 100vw, 800px\" \/><\/figure><\/div>\n\n\n\n<p>In diesem Sommer bietet die Jugendf\u00f6rderung der Stadt Speyer in den ersten vier Sommerferienwochen unter dem Motto \u201eDschungel-Get\u00fcmmel\u201c wieder eine Ganztagsbetreuung in der Walderholung an. <strong>Von Montag, 25. Juli bis einschlie\u00dflich Freitag, 19. August 2022<\/strong> k\u00f6nnen Kinder im Alter von sechs bis elf Jahren von 8 bis 16 Uhr nach Herzenslust spielen, basteln, toben und vieles mehr. Um den Tag gut gest\u00e4rkt meistern zu k\u00f6nnen, wird es Fr\u00fchst\u00fcck und Mittagessen geben.<\/p>\n\n\n\n<p><strong>Anmeldungen zum Sommerferienprogramm sind ab Montag, 9. Mai 2022, 20 Uhr<\/strong> \u00fcber die Website der Jugendf\u00f6rderung (<a href=\"https:\/\/deref-web.de\/mail\/client\/TDaI6i91rbM\/dereferrer\/?redirectUrl=http%3A%2F%2Fwww.juf%C3%B6.de\" target=\"_blank\" rel=\"noreferrer noopener\">www.juf\u00f6.de<\/a>) m\u00f6glich.\u00a0Dort sind auch weitere Informationen zu den einzelnen Veranstaltungen sowie zur Anmeldung zu finden.<\/p>\n\n\n\n<p>Die aktuelle Planung steht unter dem Vorbehalt, dass es nicht zu einer gravierenden Versch\u00e4rfung der Pandemiesituation kommt. Sollte dies doch der Fall sein, k\u00f6nnte es zu kurzfristigen \u00c4nderungen kommen.<\/p>\n\n\n\n<p><em>Text: Stadtverwaltung Speyer \/ Jugendf\u00f6rderung Foto: Stadt Speyer<br>03.05.2022<\/em><\/p>\n\n\n\n<h2 class=\"wp-block-heading\">Lesekreis freut sich \u00fcber weitere Teilnehmende<\/h2>\n\n\n\n<div class=\"wp-block-image\"><figure class=\"aligncenter size-full\"><img decoding=\"async\" loading=\"lazy\" width=\"667\" height=\"500\" src=\"https:\/\/speyer24news.com\/wp-content\/uploads\/2019\/10\/Villa-Ecarius.jpg\" alt=\"\" class=\"wp-image-20878\" srcset=\"https:\/\/speyer24news.com\/wp-content\/uploads\/2019\/10\/Villa-Ecarius.jpg 667w, https:\/\/speyer24news.com\/wp-content\/uploads\/2019\/10\/Villa-Ecarius-300x225.jpg 300w, https:\/\/speyer24news.com\/wp-content\/uploads\/2019\/10\/Villa-Ecarius-326x245.jpg 326w, https:\/\/speyer24news.com\/wp-content\/uploads\/2019\/10\/Villa-Ecarius-80x60.jpg 80w\" sizes=\"(max-width: 667px) 100vw, 667px\" \/><\/figure><\/div>\n\n\n\n<p>Der im April gestartete Lesekreis in der Stadtbibliothek \u201eLesen! Gemeinsam statt einsam.\u201c geht in die zweite Runde und Neueinsteiger*innen sind herzlich willkommen.<\/p>\n\n\n\n<p>Unter Leitung der Gemeindeschwester Plus Alexandra Mika besteht die M\u00f6glichkeit zum unkomplizierten Austausch \u00fcber B\u00fccher, welche die Lesebegeisterten gemeinsam ihrem Interesse nach ausw\u00e4hlen. Eine von der Stadtbibliothek empfohlene Auswahl an B\u00fcchern steht bei den ersten Treffen bereit.<\/p>\n\n\n\n<ul><li><strong>Wann: \u00a01. Donnerstag im Monat, 9.30 Uhr<\/strong><\/li><li><strong>Wo:\u00a0\u00a0\u00a0\u00a0\u00a0\u00a0 Stadtbibliothek Speyer, Bahnhofstr. 54 (Villa Ecarius)<\/strong><\/li><li><strong>Dauer:\u00a0 ca. 45 Minuten<\/strong><\/li><\/ul>\n\n\n\n<p><em>Text: Stadtverwaltung Speyer \/ Stadtbibliothek Foto: Speyer 24\/7 News<br>03.05.2022<\/em><\/p>\n\n\n\n<h2 class=\"wp-block-heading\">F\u00fcnfter\u00a0Speyerer Abendbummel:\u00a0Industriehof\u00a0Spezial am 20. Mai<\/h2>\n\n\n\n<div class=\"wp-block-image\"><figure class=\"aligncenter size-full\"><img decoding=\"async\" loading=\"lazy\" width=\"800\" height=\"598\" src=\"https:\/\/speyer24news.com\/wp-content\/uploads\/2022\/05\/2019-Industriehof-Klaus-Venus-6.jpg\" alt=\"\" class=\"wp-image-45598\" srcset=\"https:\/\/speyer24news.com\/wp-content\/uploads\/2022\/05\/2019-Industriehof-Klaus-Venus-6.jpg 800w, https:\/\/speyer24news.com\/wp-content\/uploads\/2022\/05\/2019-Industriehof-Klaus-Venus-6-300x224.jpg 300w, https:\/\/speyer24news.com\/wp-content\/uploads\/2022\/05\/2019-Industriehof-Klaus-Venus-6-768x574.jpg 768w, https:\/\/speyer24news.com\/wp-content\/uploads\/2022\/05\/2019-Industriehof-Klaus-Venus-6-326x245.jpg 326w, https:\/\/speyer24news.com\/wp-content\/uploads\/2022\/05\/2019-Industriehof-Klaus-Venus-6-80x60.jpg 80w\" sizes=\"(max-width: 800px) 100vw, 800px\" \/><\/figure><\/div>\n\n\n\n<p>Nach dem sehr erfolgreichen\u00a0vierten\u00a0Speyerer Abendbummel\u00a0im\u00a0vergangenen\u00a0Jahr\u00a0legt die Stabsstelle Wirtschaftsf\u00f6rderung, Stadtmarketing und Veranstaltungen nun mit der\u00a0f\u00fcnften\u00a0Auflage des inzwischen etablierten Veranstaltungsformats nach \u2013 dieses Mal mit einem \u201eIndustriehof Spezial\u201c. Am <strong>Freitag, 20. Mai 2022<\/strong> erhalten alle Interessierten die Gelegenheit, einen Blick hinter die Kulissen der ehemaligen Celluloidfabrik zu werfen, wo Handwerk, Kunst, Werken und Wohnen eine einmalige Symbiose eingegangen sind.\u00a0Mehrere im Industriehof angesiedelten Gesch\u00e4fte werden zeigen,\u00a0was sie zu bieten haben. Dabei sind spannende Hintergrundinfos sowie ein kurzweiliger und unterhaltsamer Abend garantiert!<\/p>\n\n\n\n<p>Oberb\u00fcrgermeisterin Stefanie Seiler wird die Teilnehmenden am&nbsp;20.&nbsp;Mai&nbsp;2022&nbsp;um 18 Uhr auf dem&nbsp;Parkplatz des Industriehofes&nbsp;begr\u00fc\u00dfen und anschlie\u00dfend mit ihnen die beteiligten, aber aktuell noch geheimen, Gesch\u00e4fte besuchen.<\/p>\n\n\n\n<p>Wer sich \u00fcberraschen lassen m\u00f6chte, kann sich ab sofort verbindlich zur Teilnahme am f\u00fcnften Speyerer Abendbummel anmelden. Interessierte werden gebeten, sich unter Angabe von Name, Anschrift und Telefonnummer, per E-Mail an\u00a0<a href=\"mailto:heidi.jester@stadt-speyer.de\" target=\"_blank\" rel=\"noreferrer noopener\">heidi.jester@stadt-speyer.de<\/a>\u00a0zu wenden. Die Eintrittskarten werden mit der Post versandt.\u00a0Die Teilnahme ist kostenlos, die Teilnehmerzahl begrenzt. Schnell sein lohnt sich also!<\/p>\n\n\n\n<p><em>Text: Stadtverwaltung Speyer Foto: \u00a9 Klaus Venus<br>03.05.2022<\/em><\/p>\n\n\n\n<h2 class=\"wp-block-heading\">Netzwerkveranstaltung von Wirtschaftsf\u00f6rderung und\u00a0GoodSpaces<\/h2>\n\n\n\n<div class=\"wp-block-image\"><figure class=\"aligncenter size-full\"><img decoding=\"async\" loading=\"lazy\" width=\"800\" height=\"549\" src=\"https:\/\/speyer24news.com\/wp-content\/uploads\/2022\/05\/Teamwork-Networking-Netzwerk-Buisness.jpg\" alt=\"\" class=\"wp-image-45599\" srcset=\"https:\/\/speyer24news.com\/wp-content\/uploads\/2022\/05\/Teamwork-Networking-Netzwerk-Buisness.jpg 800w, https:\/\/speyer24news.com\/wp-content\/uploads\/2022\/05\/Teamwork-Networking-Netzwerk-Buisness-300x206.jpg 300w, https:\/\/speyer24news.com\/wp-content\/uploads\/2022\/05\/Teamwork-Networking-Netzwerk-Buisness-768x527.jpg 768w\" sizes=\"(max-width: 800px) 100vw, 800px\" \/><\/figure><\/div>\n\n\n\n<p>Am <strong>Donnerstag, 12. Mai\u00a02022<\/strong> findet in der RheinVilla Speyer eine Netzwerkveranstaltung\u00a0der\u00a0Wirtschaftsf\u00f6rderung der Stadt Speyer\u00a0zusammen mit dem Start-up-Unternehmen GoodSpaces\u00a0statt.<\/p>\n\n\n\n<p>Neben einer F\u00fchrung durch die Coworking Space\u00a0RheinVilla und einem Impulsvortrag\u00a0von dem\u00a0Gr\u00fcnderinnen-Team des Speyerer Unverpacktladens stellt sich auch\u00a0die st\u00e4dtische Wirtschaftsf\u00f6rderung unter Leitung von Katja Gerwig vor.<\/p>\n\n\n\n<div class=\"wp-block-image\"><figure class=\"aligncenter size-full\"><img decoding=\"async\" loading=\"lazy\" width=\"800\" height=\"597\" src=\"https:\/\/speyer24news.com\/wp-content\/uploads\/2022\/05\/Meeting-Kaffepause-Treffen.jpg\" alt=\"\" class=\"wp-image-45600\" srcset=\"https:\/\/speyer24news.com\/wp-content\/uploads\/2022\/05\/Meeting-Kaffepause-Treffen.jpg 800w, https:\/\/speyer24news.com\/wp-content\/uploads\/2022\/05\/Meeting-Kaffepause-Treffen-300x224.jpg 300w, https:\/\/speyer24news.com\/wp-content\/uploads\/2022\/05\/Meeting-Kaffepause-Treffen-768x573.jpg 768w, https:\/\/speyer24news.com\/wp-content\/uploads\/2022\/05\/Meeting-Kaffepause-Treffen-80x60.jpg 80w\" sizes=\"(max-width: 800px) 100vw, 800px\" \/><\/figure><\/div>\n\n\n\n<p>Mit dem&nbsp;Zusammentreffen innovativer Unternehmerinnen und Unternehmer&nbsp;soll ein optimaler Rahmen geschaffen werden,&nbsp;sich auszutauschen und&nbsp;das Netzwerken zwischen Wirtschaft und st\u00e4dtischen Akteuren zu f\u00f6rdern.&nbsp;In entspannter Atmosph\u00e4re bei Live Musik und kleinem Imbiss sind&nbsp;Start-ups, Gr\u00fcndungswillige und junge Unternehmen ebenso wie \u201ealte Hasen\u201c eingeladen, sich zu vernetzen und Synergien zu schaffen.&nbsp;<\/p>\n\n\n\n<p>Die Veranstaltung in der Hafenstra\u00dfe 39 beginnt um\u00a017 Uhr und geht\u00a0bis circa 20 Uhr. <strong>Anmeldungen sind bis sp\u00e4testens Freitag, 6. Mai 2022 per E-Mail an\u00a0<a href=\"mailto:lorina@goodspaces.de\" target=\"_blank\" rel=\"noreferrer noopener\">lorina@goodspaces.de<\/a>\u00a0m\u00f6glich.<\/strong>\u00a0<\/p>\n\n\n\n<p><em>Text: Stadtverwaltung Speyer Foto: pixabay<br>02.05.2022<\/em><\/p>\n\n\n\n<h2 class=\"wp-block-heading\">Buchpr\u00e4sentation \u201eFred Feuerstein unterwegs: InnenReisen \u2013 Eine Retrospektive durch 5 Jahrzehnte\u201c<\/h2>\n\n\n\n<div class=\"wp-block-image\"><figure class=\"aligncenter size-full\"><img decoding=\"async\" loading=\"lazy\" width=\"800\" height=\"593\" src=\"https:\/\/speyer24news.com\/wp-content\/uploads\/2022\/05\/Buch_Fred-Feuerstein-unterwegs-InnenReisen-Eine-Retrospektive-durch-5-Jahrzehnte-\u00a9-Michael-Lauter.jpeg\" alt=\"\" class=\"wp-image-45601\" srcset=\"https:\/\/speyer24news.com\/wp-content\/uploads\/2022\/05\/Buch_Fred-Feuerstein-unterwegs-InnenReisen-Eine-Retrospektive-durch-5-Jahrzehnte-\u00a9-Michael-Lauter.jpeg 800w, https:\/\/speyer24news.com\/wp-content\/uploads\/2022\/05\/Buch_Fred-Feuerstein-unterwegs-InnenReisen-Eine-Retrospektive-durch-5-Jahrzehnte-\u00a9-Michael-Lauter-300x222.jpeg 300w, https:\/\/speyer24news.com\/wp-content\/uploads\/2022\/05\/Buch_Fred-Feuerstein-unterwegs-InnenReisen-Eine-Retrospektive-durch-5-Jahrzehnte-\u00a9-Michael-Lauter-768x569.jpeg 768w, https:\/\/speyer24news.com\/wp-content\/uploads\/2022\/05\/Buch_Fred-Feuerstein-unterwegs-InnenReisen-Eine-Retrospektive-durch-5-Jahrzehnte-\u00a9-Michael-Lauter-80x60.jpeg 80w\" sizes=\"(max-width: 800px) 100vw, 800px\" \/><figcaption>Buch \u201eFred Feuerstein unterwegs: InnenReisen &#8211; Eine Retrospektive durch 5 Jahrzehnte\u201c<br><em>Foto: \u00a9 Michael Lauter<\/em><\/figcaption><\/figure><\/div>\n\n\n\n<p>Anl\u00e4sslich seines 75. Geburtstags ehrte die Stadt Speyer den K\u00fcnstler Fred Feuerstein im vergangenen Jahr mit der Ausstellung \u201eInnenReisen \u2013 Fred Feuerstein unterwegs\u201c in der St\u00e4dtischen Galerie. Die Retrospektive gab einen umfangreichen R\u00fcckblick auf das k\u00fcnstlerische Schaffen Feuersteins und war zugleich eine Dokumentation seiner vielf\u00e4ltigen k\u00fcnstlerischen Arbeit in Malerei, Zeichnung, Objekten und Installationen.<\/p>\n\n\n\n<p>Im Zusammenhang mit dieser Ausstellung entstand die&nbsp;<strong>Publikation \u201eFred Feuerstein unterwegs: InnenReisen \u2013 Eine Retrospektive durch 5 Jahrzehnte\u201c,&nbsp;<\/strong>die der k\u00fcnstlerische Leiter Franz Dudenh\u00f6ffer gemeinsam mit dem K\u00fcnstler Fred Feuerstein \u2013 der an diesem Tag seinen 76. Geburtstag feiert \u2013 am&nbsp;<strong>Freitag, 13. Mai 2022,&nbsp;<\/strong>um&nbsp;<strong>19 Uhr<\/strong>&nbsp;in der St\u00e4dtischen Galerie vorstellt.<\/p>\n\n\n\n<p>F\u00fcnf Jahrzehnte k\u00fcnstlerischen Schaffens von Fred Feuerstein werden in Beitr\u00e4gen von Weggef\u00e4hrt*innen, darunter die Speyerer Politprominenz, K\u00fcnstlerkolleg*innen, Kooperationspartner*innen, Familie und Freund*innen, und vor allem Abbildungen seiner Werke kaleidoskopartig beleuchtet. Zahlreiche Fotografien sowie eine \u00dcbersicht \u00fcber seine Ausstellungen, Projekte und Publikationen erg\u00e4nzen die farbenfrohe Dokumentation, die von Michael Lauter gestaltet wurde.<\/p>\n\n\n\n<p>Die Herausgabe der Publikation wurde freundlich unterst\u00fctzt von der Vereinigten VR Bank Kur- und Rheinpfalz, der Forschungswerkstatt Natur-Kunst-Technik e.V. und der Kulturstiftung Speyer (aus Mitteln der Clemens J\u00f6ckle-Ged\u00e4chtnisstiftung).<\/p>\n\n\n\n<p>Erh\u00e4ltlich ist die Publikation \u201eFred Feuerstein unterwegs: InnenReisen \u2013 Eine Retrospektive durch 5 Jahrzehnte\u201c (Gro\u00dfformat 22&#215;28 cm, 172 Seiten, \u00fcber 300 farbigen Abb.) zum Preis von 28,- Euro im Kulturhof Flachsgasse (Flachsgasse 3), bei Photo Feuerstein (Maximilianstra\u00dfe 72) und bei Fred Feuerstein pers\u00f6nlich.<\/p>\n\n\n\n<p>Fred Feuerstein, 1946 im badischen Oberhausen geboren und seit 50 Jahren in Speyer lebend, geh\u00f6rt zu den zahlreichen bildenden K\u00fcnstlern, die seit Beginn der siebziger Jahre des vergangenen Jahrhunderts wesentlich dazu beigetragen haben, Speyer als Stadt der modernen Kunst bekanntzumachen. Viele Kunstwerke, z.B. die Speyerer Spinne oder der Waschtag bereichern den \u00d6ffentlichen Raum seiner (Wahl-)Heimatstadt.<\/p>\n\n\n\n<p><em>Text: Stadtverwaltung Speyer Foto: \u00a9 Michael Lauter<br>02.05.2022<\/em><\/p>\n\n\n\n<h2 class=\"wp-block-heading\">Volkshochschule nicht erreichbar<\/h2>\n\n\n\n<div class=\"wp-block-image\"><figure class=\"aligncenter size-full\"><img decoding=\"async\" loading=\"lazy\" width=\"640\" height=\"295\" src=\"https:\/\/speyer24news.com\/wp-content\/uploads\/2020\/03\/VHS-1.png\" alt=\"\" class=\"wp-image-25692\" srcset=\"https:\/\/speyer24news.com\/wp-content\/uploads\/2020\/03\/VHS-1.png 640w, https:\/\/speyer24news.com\/wp-content\/uploads\/2020\/03\/VHS-1-300x138.png 300w\" sizes=\"(max-width: 640px) 100vw, 640px\" \/><\/figure><\/div>\n\n\n\n<p>Die Stadtverwaltung informiert, dass die Volkshochschule aufgrund dringend erforderlicher Netzwerkarbeiten am Montag, 9. Mai 2022, ab 12 Uhr weder telefonisch noch per E-Mail erreichbar sein wird. Ab Dienstag, 10. Mai 2022 sind die Mitarbeitenden wieder wie gewohnt f\u00fcr den Publikumsverkehr da.<\/p>\n\n\n\n<p><em>Stadtverwaltung Speyer<br>02.05.2022<\/em><\/p>\n\n\n\n<h2 class=\"wp-block-heading\">Fr\u00fche Hilfen geschlossen<\/h2>\n\n\n\n<div class=\"wp-block-image\"><figure class=\"aligncenter size-full\"><img decoding=\"async\" loading=\"lazy\" width=\"600\" height=\"351\" src=\"https:\/\/speyer24news.com\/wp-content\/uploads\/2021\/02\/Fr\u00fche-Hilfen-Speyer.png\" alt=\"\" class=\"wp-image-33622\" srcset=\"https:\/\/speyer24news.com\/wp-content\/uploads\/2021\/02\/Fr\u00fche-Hilfen-Speyer.png 600w, https:\/\/speyer24news.com\/wp-content\/uploads\/2021\/02\/Fr\u00fche-Hilfen-Speyer-300x176.png 300w\" sizes=\"(max-width: 600px) 100vw, 600px\" \/><\/figure><\/div>\n\n\n\n<p>Die Stadtverwaltung informiert, dass die B\u00fcros der Fr\u00fchen Hilfen in Q+H, Heinrich-Heine-Str. 8, am Mittwochnachmittag, 4. Mai \u00a0sowie am Dienstag, 10. und Donnerstag, 12. Mai 2022 wegen interner Veranstaltungen nicht besetzt sein werden. Nachrichten k\u00f6nnen auf dem Anrufbeantworter hinterlassen werden; die Mitarbeitenden werden sich zeitnah melden. Am Mittwoch, 11. Mai 2022 sind die Fr\u00fchen Hilfen wie gewohnt von 9 bis 11 Uhr und von 14 bis 16 Uhr pers\u00f6nlich und telefonisch erreichbar. Weitere Informationen:\u00a0<a href=\"https:\/\/deref-web.de\/mail\/client\/bjtMA2UMxV0\/dereferrer\/?redirectUrl=http%3A%2F%2Fwww.speyer.de%2Ffruehehilfen\" target=\"_blank\" rel=\"noreferrer noopener\">www.speyer.de\/fruehehilfen<\/a>.<\/p>\n\n\n\n<p><em>Stadtverwaltung Speyer<br>02.05.2022<\/em><\/p>\n","protected":false},"excerpt":{"rendered":"<div class=\"mh-excerpt\"><p>Sommerferien in der Walderholung: Anmeldungen starten am 09. Mai In diesem Sommer bietet die Jugendf\u00f6rderung der Stadt Speyer in den ersten vier Sommerferienwochen unter dem Motto \u201eDschungel-Get\u00fcmmel\u201c wieder eine Ganztagsbetreuung in der Walderholung an. Von <a class=\"mh-excerpt-more\" href=\"https:\/\/speyer24news.com\/?p=45596\" title=\"Stadtnotizen aus Speyer\">[&#8230;]<\/a><\/p>\n<\/div>","protected":false},"author":3,"featured_media":23901,"comment_status":"open","ping_status":"open","sticky":false,"template":"","format":"standard","meta":{"_monsterinsights_skip_tracking":false,"_monsterinsights_sitenote_active":false,"_monsterinsights_sitenote_note":"","_monsterinsights_sitenote_category":0,"footnotes":""},"categories":[47],"tags":[14226,8519,14230,12403,8774,14227,14228,2323,42,13655,14229,264,7172,7492,7905,6,8518,1434,657,1296,513,8268,3132,6571,3284],"aioseo_notices":[],"amp_enabled":true,"_links":{"self":[{"href":"https:\/\/speyer24news.com\/index.php?rest_route=\/wp\/v2\/posts\/45596"}],"collection":[{"href":"https:\/\/speyer24news.com\/index.php?rest_route=\/wp\/v2\/posts"}],"about":[{"href":"https:\/\/speyer24news.com\/index.php?rest_route=\/wp\/v2\/types\/post"}],"author":[{"embeddable":true,"href":"https:\/\/speyer24news.com\/index.php?rest_route=\/wp\/v2\/users\/3"}],"replies":[{"embeddable":true,"href":"https:\/\/speyer24news.com\/index.php?rest_route=%2Fwp%2Fv2%2Fcomments&post=45596"}],"version-history":[{"count":1,"href":"https:\/\/speyer24news.com\/index.php?rest_route=\/wp\/v2\/posts\/45596\/revisions"}],"predecessor-version":[{"id":45602,"href":"https:\/\/speyer24news.com\/index.php?rest_route=\/wp\/v2\/posts\/45596\/revisions\/45602"}],"wp:featuredmedia":[{"embeddable":true,"href":"https:\/\/speyer24news.com\/index.php?rest_route=\/wp\/v2\/media\/23901"}],"wp:attachment":[{"href":"https:\/\/speyer24news.com\/index.php?rest_route=%2Fwp%2Fv2%2Fmedia&parent=45596"}],"wp:term":[{"taxonomy":"category","embeddable":true,"href":"https:\/\/speyer24news.com\/index.php?rest_route=%2Fwp%2Fv2%2Fcategories&post=45596"},{"taxonomy":"post_tag","embeddable":true,"href":"https:\/\/speyer24news.com\/index.php?rest_route=%2Fwp%2Fv2%2Ftags&post=45596"}],"curies":[{"name":"wp","href":"https:\/\/api.w.org\/{rel}","templated":true}]}}