{"id":45607,"date":"2022-05-05T11:13:08","date_gmt":"2022-05-05T10:13:08","guid":{"rendered":"https:\/\/speyer24news.com\/?p=45607"},"modified":"2022-05-05T11:13:10","modified_gmt":"2022-05-05T10:13:10","slug":"polizei-798","status":"publish","type":"post","link":"https:\/\/speyer24news.com\/?p=45607","title":{"rendered":"Polizei"},"content":{"rendered":"<style type=\"text\/css\">\r\n\t.ads_top_disp{}\r\n\t.ads_top_corner_disp{ float:left; margin:0px 10px 10px 0px; }\r\n\t.ads_first_p_disp{}\r\n\t.ads_bottom_disp{}\r\n\t<\/style>\n<h2 class=\"wp-block-heading\">Polizeimeldungen vom Mittwoch (04.05.2022)<\/h2>\n\n\n\n<div class=\"wp-block-image\"><figure class=\"aligncenter size-full\"><img decoding=\"async\" loading=\"lazy\" width=\"375\" height=\"500\" src=\"https:\/\/speyer24news.com\/wp-content\/uploads\/2022\/03\/Aktuelles-Polizeilogo.jpg\" alt=\"\" class=\"wp-image-43591\" srcset=\"https:\/\/speyer24news.com\/wp-content\/uploads\/2022\/03\/Aktuelles-Polizeilogo.jpg 375w, https:\/\/speyer24news.com\/wp-content\/uploads\/2022\/03\/Aktuelles-Polizeilogo-225x300.jpg 225w\" sizes=\"(max-width: 375px) 100vw, 375px\" \/><\/figure><\/div>\n\n\n\n<h2 class=\"wp-block-heading\">(Speyer) &#8211; Kleinflugzeug verunfallt bei der Landung<\/h2>\n\n\n\n<p>Am Abend des 04.05.2022 kam es gegen 20:18 Uhr bei der Landung eines einmotorigen Kleinflugzeugs zu einem Unfall auf der Landebahn des Speyerer Flugplatzes. Aus noch nicht abschlie\u00dfend gekl\u00e4rter Ursache setzte das Flugzeug bei der Landung mit einer Tragfl\u00e4che auf der Landebahn auf und schlitterte zun\u00e4chst weiter auf der Landebahn. Anschlie\u00dfend kam es im hohen Gras neben der Landebahn zum Stehen. Der 55-j\u00e4hrige Pilot und sein 71-j\u00e4hriger Co-Pilot blieben gl\u00fccklicherweise unverletzt. Der Sachschaden am Flugzeug bel\u00e4uft sich nach einer ersten Sch\u00e4tzung auf ca. 30.000 EUR. Die Ermittlungen zur genauen Unfallursache dauern noch an. Neben der Polizei Speyer war auch die Feuerwehr Speyer und der Rettungsdienst vor Ort.<\/p>\n\n\n\n<h2 class=\"wp-block-heading\">(Speyer) &#8211; Schw\u00e4ne bekommen Eskorte<\/h2>\n\n\n\n<div class=\"wp-block-image\"><figure class=\"aligncenter size-full\"><img decoding=\"async\" loading=\"lazy\" width=\"800\" height=\"583\" src=\"https:\/\/speyer24news.com\/wp-content\/uploads\/2022\/05\/Schwanenfamilie.jpg\" alt=\"\" class=\"wp-image-45609\" srcset=\"https:\/\/speyer24news.com\/wp-content\/uploads\/2022\/05\/Schwanenfamilie.jpg 800w, https:\/\/speyer24news.com\/wp-content\/uploads\/2022\/05\/Schwanenfamilie-300x219.jpg 300w, https:\/\/speyer24news.com\/wp-content\/uploads\/2022\/05\/Schwanenfamilie-768x560.jpg 768w\" sizes=\"(max-width: 800px) 100vw, 800px\" \/><\/figure><\/div>\n\n\n\n<p>Mehrere Fu\u00dfg\u00e4nger und Verkehrsteilnehmer meldeten am Mittwochmorgen im Bereich der Rheinh\u00e4user Stra\u00dfe in Speyer eine Schwanenfamilie. Die zwei Elterntiere machten sich mit ihren f\u00fcnf Jungtieren auf in Richtung Rhein \/ Industriestra\u00dfe. Zum Schutz der eindrucksvollen Tiere bekamen diese eine polizeiliche Eskorte bis zum Rheindamm.<\/p>\n\n\n\n<h2 class=\"wp-block-heading\">(Speyer) &#8211; Kontrollen im Stadtgebiet<\/h2>\n\n\n\n<p>Am 03.05.2022 f\u00fchrten Kr\u00e4fte der Polizei Speyer station\u00e4re Kontrollstellen im Stadtgebiet durch. Zwischen 14:00 und 14:20 Uhr wurden Verkehrsteilnehmer in der Friedrich-Ebert-Stra\u00dfe kontrolliert. Es kam zu einem Versto\u00df gegen die Gurtpflicht und zu einer verbotswidrigen Nutzung eines Mobiltelefons. Eine weitere Kontrollstelle wurde zwischen 15:00 und 16:00 Uhr in der Spaldinger Stra\u00dfe eingerichtet. Dort konnten sowohl PKW als auch Fahrradfahrer Verkehrskontrollen unterzogen werden. Ein Verkehrsteilnehmer verstie\u00df gegen die Gurtpflicht. Weitere f\u00fcnf nutzten unberechtigt ihr Mobiltelefon. Darunter befand sich ein Fahrradfahrer.<\/p>\n\n\n\n<h2 class=\"wp-block-heading\">(Speyer) &#8211; Versuchter Einbruch in Mehrparteienhaus<\/h2>\n\n\n\n<p>In der Nacht vom 01.05.2022 auf den 02.05.2022 kam es in Speyer im Alois-Gruber-Weg zu einem Einbruchsversuch. Unbekannte T\u00e4ter versuchten trotz geschlossener Rolll\u00e4den \u00fcber den Balkon ins Wohnungsinnere zu gelangen. Dies gelang den T\u00e4tern allerdings nicht. Sie verursachten lediglich Sachschaden an der Balkont\u00fcr sowie dem Rollladen. Die Polizei sucht nach Zeugenhinweisen. Wer hat in der Zeit vom 01.05.2022, 20:00 Uhr bis zum 02.05.2022, 22:00 Uhr verd\u00e4chtige Personen oder Fahrzeuge im Bereich des Alois-Gruber-Weg in Speyer gesehen? Hinweise bitte telefonisch an die Polizei Speyer unter der 06232 \/ 137-0 oder per E-Mail an\u00a0<a href=\"mailto:pispeyer@polizei.rlp.de\">pispeyer@polizei.rlp.de<\/a>.<\/p>\n\n\n\n<h2 class=\"wp-block-heading\">(Otterstadt) &#8211; Verkehrsunfall mit verletzter Fahrradfahrerin<\/h2>\n\n\n\n<p>In der Ringstra\u00dfe in Otterstadt kam es am 03.05.2022 um 10:30 Uhr zu einem Verkehrsunfall, bei dem der Unfallverursacher fl\u00fcchtete. Ein 51-j\u00e4hriger Mercedes-Fahrer fuhr r\u00fcckw\u00e4rts aus der Einfahrt einer dortigen Arztpraxis. Dabei streifte er eine 86-j\u00e4hrige Radfahrerin die daraufhin st\u00fcrzte. Obwohl der Fahrer ausstieg und der Dame Hilfe leistete indem er sie in die Praxis begleitete, verlie\u00df er den Tatort ohne auf die Polizei zu warten. Erst nach einem Telefonat mit ihr kehrte er an den Unfallort zur\u00fcck. Da sich der Mercedes-Fahrer zun\u00e4chst von der Unfall\u00f6rtlichkeit entfernte, muss er sich wegen eines unerlaubten Entfernens vom Unfallort verantworten. Der Mann zeigte sich allerdings gutherzig und fuhr die nur leicht verletzte Frau nach der Erstversorgung zur weiteren medizinischen Untersuchung nach Speyer.<\/p>\n\n\n\n<h2 class=\"wp-block-heading\">(Schifferstadt) &#8211; 66-J\u00e4hriger mit 1,2 Promille unterwegs<\/h2>\n\n\n\n<p>In den Fokus einer Polizeistreife geriet gestern gegen 20:45 Uhr ein PKW-Fahrer, der auf der Landstra\u00dfe 532 zwischen B\u00f6hl-Iggelheim und Schifferstadt bei erlaubten 70 km\/h mit 50 km\/h unterwegs war. Zudem n\u00e4herte er sich mehrfach der Mittellinie ohne dabei andere Verkehrsteilnehmende zu gef\u00e4hrden. Bei einer anschlie\u00dfenden Verkehrskontrolle stellten die Beamten bei dem 66-J\u00e4hrigen aus Limburgerhof Alkoholgeruch fest. Ein Alkoholtest best\u00e4tigte den Verdacht. Der Mann hatte einen Wert von 1,2 Promille. Ihm wurde die Weiterfahrt untersagt und eine Blutprobe entnommen. Er muss sich nun wegen Trunkenheit im Verkehr strafrechtlich verantworten.<\/p>\n\n\n\n<h2 class=\"wp-block-heading\">(Dannstadt-Schauernheim) &#8211; 16-j\u00e4hrige Radfahrerin nach Unfall mit Traktor leicht verletzt<\/h2>\n\n\n\n<p>Bei einem Verkehrsunfall leicht verletzt wurde gestern um 15:40 Uhr eine 16-j\u00e4hrige Radfahrerin. Die Jugendliche war auf dem Radweg der Speyerer Stra\u00dfe unterwegs, als ein 30-J\u00e4hriger mit seinem Traktor aus einer Hofeinfahrt auf die Speyerer Stra\u00dfe fuhr und dabei mit dem M\u00e4dchen kollidierte. Die junge Frau kam zu Fall und musste zur weiteren Abkl\u00e4rung in ein Krankenhaus verbracht werden. Ein Sachschaden entstand nicht.<\/p>\n\n\n\n<h2 class=\"wp-block-heading\">(Mutterstadt) &#8211; Vermeintlicher Scherz endet mit Strafanzeigen<\/h2>\n\n\n\n<p>Einen schlechten Scherz erlaubt haben sich am Dienstag gegen 16:30 Uhr eine 15-J\u00e4hrige sowie ein 16-J\u00e4hriger. Das junge P\u00e4rchen wollte einer 16-j\u00e4hrigen Freundin einen Streich spielen und lockte sie hierzu unter einem Vorwand an die Grundschule. Dort wartete der 16-J\u00e4hrige auf die Gesch\u00e4digte, um sich bei ihr zu erkundigen, ob sie schon einmal Todesangst erfahren habe. Kurzerhand dr\u00fcckte er sie auf den Boden und hielt ihr ein Klappmesser an den Hals. Als die junge Frau davonrannte, entdeckte sie ihre vermeintliche Freundin, die ebenso wie der 16-J\u00e4hrige in Gel\u00e4chter ausbrach. Gegen den jungen Mann aus B\u00f6hl-Iggelheim wurden Ermittlungen wegen Bedrohung und hinsichtlich des Versto\u00dfes gegen das Waffengesetz eingeleitet.<\/p>\n\n\n\n<h2 class=\"wp-block-heading\">(Bellheim \/ Westheim) &#8211; Vorsicht vor falschen Microsoft Mitarbeitern<\/h2>\n\n\n\n<p>Sie geben sich als Enkel, Polizisten oder Wasserwerker aus, sie kontaktieren ihre Opfer per Telefon oder \u00fcber Whatsapp &#8211; Mit all diesen Maschen versuchen Betr\u00fcger an das Ersparte ihrer Opfer zu gelangen. Die Polizei warnt deshalb vermehrt vor diesen Betrugsmaschen. Trotzdem gelingt es ihnen durch geschickte Gespr\u00e4chsf\u00fchrung immer wieder, Beute zu machen. Gestern riefen angebliche Microsoft Mitarbeiter in Bellheim und Westheim an. In beiden F\u00e4llen gelang es den Betr\u00fcgern, Zugriff auf den Laptop ihrer Opfer zu bekommen und sensible Daten abzugreifen. Nur durch Gl\u00fcck kam es bislang in keinem der F\u00e4lle zu einem finanziellen Schaden. Die Warnung bleibt also aktuell: Bleiben Sie misstrauisch bei Geldforderungen und informieren Sie im Zweifelsfall immer die Polizei \u00fcber den Notruf 110.<\/p>\n\n\n\n<h2 class=\"wp-block-heading\">(Edenkoben) &#8211; Telefonischer Betrugsversuch<\/h2>\n\n\n\n<p>Erneut kam es in Edenkoben zu einem betr\u00fcgerischen Telefonanruf. Vorliegend wurde einer 70-j\u00e4hrigen Frau per automatischer Bandansage ein angeblicher Strafbefehl er\u00f6ffnet. Die Frau wurde anschlie\u00dfend aufgefordert, bestimmte Tasten auf ihrem Telefon zu bet\u00e4tigen, vermutlich um weitere Anweisungen zur Begleichung des &#8222;Strafbefehls&#8220; zu erhalten. Der Dame kam dies jedoch zu Recht komisch vor, sodass sie das Gespr\u00e4ch umgehend beendete.<\/p>\n\n\n\n<p>Die Polizei Edenkoben weist in diesem Zusammenhang noch einmal darauf hin, sich nicht durch &#8222;falsche Polizeibeamte&#8220; oder angebliche Microsoft-Mitarbeiter t\u00e4uschen zu lassen. Im Zweifelsfall beenden Sie das Gespr\u00e4ch und halten Sie R\u00fccksprache mit Ihrer \u00f6rtlich zust\u00e4ndigen Polizeidienststelle.<\/p>\n\n\n\n<h2 class=\"wp-block-heading\">(Neustadt) &#8211; Mehrere Verst\u00f6\u00dfe bei Kontrollen von E-Scootern festgestellt<\/h2>\n\n\n\n<div class=\"wp-block-image\"><figure class=\"aligncenter size-full\"><img decoding=\"async\" loading=\"lazy\" width=\"800\" height=\"599\" src=\"https:\/\/speyer24news.com\/wp-content\/uploads\/2020\/09\/E-Scooter.jpg\" alt=\"\" class=\"wp-image-30384\" srcset=\"https:\/\/speyer24news.com\/wp-content\/uploads\/2020\/09\/E-Scooter.jpg 800w, https:\/\/speyer24news.com\/wp-content\/uploads\/2020\/09\/E-Scooter-300x225.jpg 300w, https:\/\/speyer24news.com\/wp-content\/uploads\/2020\/09\/E-Scooter-768x575.jpg 768w, https:\/\/speyer24news.com\/wp-content\/uploads\/2020\/09\/E-Scooter-678x509.jpg 678w, https:\/\/speyer24news.com\/wp-content\/uploads\/2020\/09\/E-Scooter-326x245.jpg 326w, https:\/\/speyer24news.com\/wp-content\/uploads\/2020\/09\/E-Scooter-80x60.jpg 80w\" sizes=\"(max-width: 800px) 100vw, 800px\" \/><figcaption>E-Scooter Kontrolle Symbolbild<\/figcaption><\/figure><\/div>\n\n\n\n<p>Am 04.05.2022 im Zeitraum zwischen 14:00 und 17:00 Uhr wurden mehrere Fahrer von E-Scootern im Stadtgebiet Neustadt\/W. durch Beamte der Polizei Neustadt kontrolliert. Hierbei konnten mehrere Verst\u00f6\u00dfe festgestellt werden. Um 15:00 Uhr wurde ein 16-J\u00e4hriger in der Landauer Stra\u00dfe kontrolliert, da an dessen E-Scooter kein Versicherungskennzeichen angebracht war. Des Weiteren wurde bekannt, dass der E-Scooter eine Geschwindigkeit von 25 km\/h vorweist, weshalb dieser sichergestellt wurde. Den jungen Mann erwartet nun eine Strafanzeige wegen des Versto\u00dfes gegen das Pflichtversicherungsgesetz. Um 16:00 Uhr konnte eine 55-j\u00e4hrige Frau auf ihrem E-Scooter in der Wolfsburgstra\u00dfe festgestellt werden. An ihrem E-Scooter war ein Versicherungskennzeichen aus dem letzten Jahr (Farbe: blau) angebracht. Bei diesem E-Scooter konnte zudem eine H\u00f6chstgeschwindigkeit von 33 km\/h festgestellt werden, weshalb die Dame einen F\u00fchrerschein hierf\u00fcr ben\u00f6tigt h\u00e4tte. Diesen konnte die Frau nicht vorlegen, weshalb sie sich neben dem Versto\u00df gegen das Pflichtversicherungsgesetz auch wegen des Fahrens ohne Fahrerlaubnis verantworten muss. Ebenfalls auf eine Strafanzeige wegen des Fahrens ohne Fahrerlaubnis muss sich ein 46-J\u00e4hriger aus der VG Edenkoben einstellen, da dessen E-Scooter, welcher durch Beamte in der Talstra\u00dfe um 17:00 Uhr kontrolliert wurde, eine Geschwindigkeit von 30 km\/h aufwies. Auch dieser Fahrzeugf\u00fchrer war nicht im Besitz eines F\u00fchrerscheines. In diesen beiden F\u00e4llen wurden die Fahrzeuge ebenfalls sichergestellt.<\/p>\n\n\n\n<p>Die Polizei weist daraufhin, dass E-Scooter \u00fcber einen g\u00fcltigen Versicherungsschutz verf\u00fcgen m\u00fcssen und eine bauartbedingte H\u00f6chstgeschwindigkeit von maximal 20 km\/h vorweisen d\u00fcrfen.<\/p>\n\n\n\n<h2 class=\"wp-block-heading\">(Ha\u00dfloch) &#8211; Verkehrsunfall mit Leichtverletztem<\/h2>\n\n\n\n<p>Leicht verletzt wurde ein 67-j\u00e4hriger Mann aus dem s\u00fcdwestpf\u00e4lzischen Ruppertsweiler bei einem Verkehrsunfall am 03.05.22 in Ha\u00dfloch. An der Kreuzung Raiffeisenstra\u00dfe \/ B\u00f6hler Stra\u00dfe missachtete eine 57-j\u00e4hrige Ha\u00dflocherin mit ihrem Fahrzeug die Vorfahrt des Mannes und kollidierte mit ihm im Kreuzungsbereich. Der S\u00fcdwestpf\u00e4lzer wurde durch den Unfall leicht verletzt und musste behandelt werden. Beide Fahrzeuge waren nicht mehr fahrbereit und mussten abgeschleppt werden. Es entstand ein Sachschaden von ca. 10000 Euro.<\/p>\n\n\n\n<h2 class=\"wp-block-heading\">(Ha\u00dfloch) &#8211; Gl\u00fcck im Ungl\u00fcck&#8230;<\/h2>\n\n\n\n<p>&#8230;hatte ein 74-j\u00e4hriger Harth\u00e4user, der am 03.05.22 mit seinem Fahrrad die Holidayparkstra\u00dfe \u00fcberqueren wollte. Er \u00fcbersah n\u00e4mlich einen vorfahrtsberechtigten 34-j\u00e4hrigen Wachenheimer, der mit seinem PKW die Holidayparkstra\u00dfe Richtung Ha\u00dfloch befuhr und kollidierte trotz Vollbremsung beider Fahrzeuge mit diesem. Der Radfahrer blieb gl\u00fccklicherweise unverletzt. Am PKW und dem Fahrrad entstand Sachschaden in H\u00f6he von 3500 Euro.<\/p>\n\n\n\n<h2 class=\"wp-block-heading\">(Ha\u00dfloch) &#8211; Dreisten Betr\u00fcgern zum Opfer gefallen<\/h2>\n\n\n\n<div class=\"wp-block-image\"><figure class=\"aligncenter size-full\"><img decoding=\"async\" loading=\"lazy\" width=\"800\" height=\"588\" src=\"https:\/\/speyer24news.com\/wp-content\/uploads\/2021\/01\/Telefonbetrug.jpg\" alt=\"\" class=\"wp-image-32080\" srcset=\"https:\/\/speyer24news.com\/wp-content\/uploads\/2021\/01\/Telefonbetrug.jpg 800w, https:\/\/speyer24news.com\/wp-content\/uploads\/2021\/01\/Telefonbetrug-300x221.jpg 300w, https:\/\/speyer24news.com\/wp-content\/uploads\/2021\/01\/Telefonbetrug-768x564.jpg 768w, https:\/\/speyer24news.com\/wp-content\/uploads\/2021\/01\/Telefonbetrug-80x60.jpg 80w\" sizes=\"(max-width: 800px) 100vw, 800px\" \/><\/figure><\/div>\n\n\n\n<p>Ein Bitcoin-Investment weckte vor etwa zwei Wochen die Aufmerksamkeit eines Ha\u00dflocher Ehepaares, woraufhin eine Startgeb\u00fchr entrichtet wurde. Kurze Zeit sp\u00e4ter sollte ein Konto er\u00f6ffnet und dort ein gr\u00f6\u00dferer Geldbetrag hin \u00fcberwiesen werden. Telefonisch meldete man sich dann bei dem Ehepaar und wollte online den Gewinn transferieren. Durch geschickte Gespr\u00e4chsf\u00fchrung gelang es den unbekannten T\u00e4tern Zugriff auf den Laptop und das Online-Banking der Gesch\u00e4digten zu erhalten. Mittels einer \u00fcbermittelten TAN r\u00e4umten die T\u00e4ter anschlie\u00dfend das Konto des Paares leer. Insgesamt entstand ein Schaden von ca. 30000 Euro.<\/p>\n\n\n\n<p>Die Polizei warnt an dieser Stelle vor dubiosen Anlagegesch\u00e4ften, die meist online oder telefonisch ablaufen. In keinem Fall soll Unbekannten der Zugriff auf den eigenen Rechner gew\u00e4hrt oder TAN-Nummern preisgegeben werden.<\/p>\n\n\n\n<h2 class=\"wp-block-heading\">(Bad D\u00fcrkheim) &#8211; Beim Ausparken Smart besch\u00e4digt und gefl\u00fcchtet<\/h2>\n\n\n\n<p>Am 03.05.2022 gegen 17:20 Uhr wurde ein auf dem Parkplatz einer Tierarztpraxis in der Hauptstra\u00dfe in Bad D\u00fcrkheim abgestellter Smart besch\u00e4digt. Ein bislang unbekannter Fahrer eines Renault Clio besch\u00e4digte beim Ausparken das Fahrzeugheck des ordnungsgem\u00e4\u00df daneben geparkten Smart und entfernte sich anschlie\u00dfend unerlaubt von der Unfallstelle. Am Smart entstand ein Sachschaden in H\u00f6he von 200 Euro. Der Verkehrsunfall konnte durch einen Zeugen beobachtet werden. Er informierte unverz\u00fcglich die Polizei und konnte das Kennzeichen angeben. Der Fahrer konnte bislang noch nicht ermittelt werden. Die Polizei Bad D\u00fcrkheim hat die Ermittlungen wegen Verkehrsunfallflucht aufgenommen.<\/p>\n\n\n\n<h2 class=\"wp-block-heading\">(Bad D\u00fcrkheim) &#8211; Beim Rangieren Zaun besch\u00e4digt und gefl\u00fcchtet<\/h2>\n\n\n\n<p>Am 03.05.2022 gegen 17:00 Uhr wurde ein am Eichplatz in Bad D\u00fcrkheim ein Gartenzaun besch\u00e4digt. Ein bislang unbekannter Fahrer eines Citroen Berlingo besch\u00e4digte beim Rangieren den Gartenzaun und entfernte sich anschlie\u00dfend unerlaubt von der Unfallstelle. Am Zaun entstand ein Sachschaden in H\u00f6he von 100 Euro. Der Verkehrsunfall konnte durch einen Zeugen beobachtet werden. Er informierte unverz\u00fcglich die Polizei und konnte das Kennzeichen angeben. Der Fahrer konnte an der Firmenanschrift ermittelt werden. Gegen ihn wird nun wegen Verkehrsunfallflucht ermittelt.<\/p>\n\n\n\n<h2 class=\"wp-block-heading\">(Gr\u00fcnstadt) &#8211; Verkehrsunfall mit leicht verletztem Kind<\/h2>\n\n\n\n<p>Am 03.05.22, 17:15 Uhr kam es in Gr\u00fcnstadt, Westring zu einem Verkehrsunfall. Ein 8-j\u00e4hriger Junge trat zwischen zwei am Fahrbahnrand geparkten Fahrzeugen auf die Stra\u00dfe. Hierbei wurde der Junge von einem Fahrzeug erfa\u00dft. Der Junge kam zu Fall und zog sich eine Sch\u00fcrfwunde am Ellenbogen und ein H\u00e4matom am Kopf zu. der 8-j\u00e4hrige wurde im Krankenhaus Gr\u00fcnstadt medizinisch versorgt.<\/p>\n\n\n\n<h2 class=\"wp-block-heading\">(Gr\u00fcnstadt) &#8211; Unter Drogeneinfluss mit E-Scooter unterwegs<\/h2>\n\n\n\n<p>Am 03.05.22, 12:25 Uhr wurde der Fahrer eines E-Scooters einer Verkehrskontrolle unterzogen. Bei der Kontrolle wurden drogentypische Ausfallerscheinungen festgestellt. Ein durchgef\u00fchrter Schnelltest auf Amphetamin war positiv. Der 31-j\u00e4hrige Fahrer muss nun mit einer Anzeige rechnen.<\/p>\n\n\n\n<h2 class=\"wp-block-heading\">(Ludwigshafen) &#8211; Ladendiebe mit Drogen erwischt<\/h2>\n\n\n\n<p>Zwei Jugendliche waren am Dienstagabend (03.05.2022), gegen 20.40 Uhr, in einem Supermarkt in der Ludwigstra\u00dfe unterwegs und steckten sich S\u00fc\u00dfigkeiten in die Jackentasche. Anschlie\u00dfend passierten sie den Kassenbereich ohne die Ware zu bezahlen. Eine 32-j\u00e4hrige Angestellte versuchte noch einen der Diebe festzuhalten und wurde hierbei mitgezogen und in den Schwitzkasten genommen. Gl\u00fccklicherweise war in diesem Moment eine Polizeistreife in der Ludwigsstra\u00dfe unterwegs und nahm die beiden Diebe direkt fest. Bei der Festnahme fiel einem der Jugendlichen eine kleine T\u00fcte mit einer geringen Menage Haschisch aus der Jacke. Beide Jugendliche wurden im Anschluss zu einer Polizeidienstelle gebracht, wo sie von den Erziehungsberechtigten abgeholt wurden.<\/p>\n\n\n\n<h2 class=\"wp-block-heading\">(Ludwigshafen) &#8211; Erneut Betrugsversuche am Telefon<\/h2>\n\n\n\n<p>Am Dienstag (03.05.2022) registrierte die Polizei drei Betrugsversuche via Telefon im Stadtgebiet Ludwigshafen. Die Anrufer gaben sich als falschen Enkel, falsche Interpol- und falsche Microsoftmitarbeitende aus. In allen drei F\u00e4llen legten die Angerufenen direkt auf.<\/p>\n\n\n\n<h2 class=\"wp-block-heading\">(Ludwigshafen) &#8211; E-Bike gestohlen<\/h2>\n\n\n\n<p>Ein Unbekannter stahl am Dienstag (03.05.2022) ein E-Bike im Gesamtwert von 3300 Euro. Das E-Bike war zwischen 12.30 Uhr und 16 Uhr verschlossen in der Pfarrer-Krebs-Stra\u00dfe abgestellt. <\/p>\n\n\n\n<p><strong>Gesucht wird ein unbekannter Mann, der circa 50 Jahre alt und circa 1,80 m gro\u00df ist. Zum Tatzeitpunkt trug er eine Sonnenbrille. <\/strong><\/p>\n\n\n\n<p>Sachdienliche Hinweise bitte an die Polizeiinspektion Ludwigshafen 1, Telefonnummer 0621 963-2122 oder per E-Mail\u00a0<a href=\"mailto:piludwigshafen1@polizei.rlp.de\">piludwigshafen1@polizei.rlp.de<\/a>\u00a0.<\/p>\n\n\n\n<h2 class=\"wp-block-heading\">(Ludwigshafen) &#8211; Unvorsichtig die Fahrzeugt\u00fcr ge\u00f6ffnet \/ Radfahrer verletzt<\/h2>\n\n\n\n<p>Am Dienstagnachmittag (03.05.2022) \u00f6ffnete ein 27-j\u00e4hriger Beifahrer im Bereich des Goerdelerplatzes die rechte T\u00fcr eines Fahrzeuges um auszusteigen, ohne dabei auf den weiteren Verkehr zu achten. Diese traf einen von hinten herannahenden 46-j\u00e4hrigen Fahrradfahrer, welcher daraufhin zun\u00e4chst in ein geparktes Fahrzeug und anschlie\u00dfend zu Boden st\u00fcrzte. Der Radfahrer verletzte sich hierbei leicht. An dem geparkten Fahrzeug entstand Sachschaden. <\/p>\n\n\n\n<h4 class=\"wp-block-heading\">Wir appellieren an alle Autofahrenden: <\/h4>\n\n\n\n<p>Unachtsames \u00d6ffnen der Fahrzeugt\u00fcr kann verheerende Folgen haben. &#8222;Dooring&#8220; hei\u00dft das Ph\u00e4nomen, bei dem meist Rad- oder E-Scooterfahrende betroffen sind. Ein einfacher Griff hilft Autofahrenden, das Risiko zu minimieren, indem Fahrer- oder Beifahrert\u00fcr jeweils mit der Hand ge\u00f6ffnet, die der entsprechenden T\u00fcr abgewandt ist. Dabei wird automatisch die Schulter zur Fahrbahn bzw. Gehweg gedreht und von hinten kommende Fahrzeuge oder Fu\u00dfg\u00e4nger werden so besser gesehen. In den Niederlanden geh\u00f6rt diese Praxis schon lange zur Fahrschulausbildung, daher der Name des ebenso einfachen wie sinnvollen Griffs. <\/p>\n\n\n\n<h4 class=\"wp-block-heading\">Das Landeskriminalamt Rheinland-Pfalz hat hierzu einen Pr\u00e4ventionsclip erstellt:<\/h4>\n\n\n\n<figure class=\"wp-block-embed is-type-video is-provider-youtube wp-block-embed-youtube wp-embed-aspect-16-9 wp-has-aspect-ratio\"><div class=\"wp-block-embed__wrapper\">\n<iframe loading=\"lazy\" title=\"Ph\u00e4nomen \u201eDooring\u201c: Unfallgefahr durch aufgerissene Autot\u00fcren\" width=\"500\" height=\"281\" src=\"https:\/\/www.youtube.com\/embed\/9N-82X6f04Q?feature=oembed\" frameborder=\"0\" allow=\"accelerometer; autoplay; clipboard-write; encrypted-media; gyroscope; picture-in-picture\" allowfullscreen><\/iframe>\n<\/div><\/figure>\n\n\n\n<h2 class=\"wp-block-heading\">(Ludwigshafen) &#8211; Jugendlichen bedroht<\/h2>\n\n\n\n<div class=\"wp-block-image\"><figure class=\"aligncenter size-full\"><img decoding=\"async\" loading=\"lazy\" width=\"801\" height=\"600\" src=\"https:\/\/speyer24news.com\/wp-content\/uploads\/2020\/05\/Zeugen-gesucht-Neutral.jpg\" alt=\"\" class=\"wp-image-26598\" srcset=\"https:\/\/speyer24news.com\/wp-content\/uploads\/2020\/05\/Zeugen-gesucht-Neutral.jpg 801w, https:\/\/speyer24news.com\/wp-content\/uploads\/2020\/05\/Zeugen-gesucht-Neutral-300x225.jpg 300w, https:\/\/speyer24news.com\/wp-content\/uploads\/2020\/05\/Zeugen-gesucht-Neutral-768x575.jpg 768w, https:\/\/speyer24news.com\/wp-content\/uploads\/2020\/05\/Zeugen-gesucht-Neutral-678x509.jpg 678w, https:\/\/speyer24news.com\/wp-content\/uploads\/2020\/05\/Zeugen-gesucht-Neutral-326x245.jpg 326w, https:\/\/speyer24news.com\/wp-content\/uploads\/2020\/05\/Zeugen-gesucht-Neutral-80x60.jpg 80w\" sizes=\"(max-width: 801px) 100vw, 801px\" \/><\/figure><\/div>\n\n\n\n<p>Ein 15-J\u00e4hriger wurde am Dienstag (03.05.2022) von zwei Jugendlichen geschlagen und mit einer Machete bedroht. Der 15-J\u00e4hrige war gegen 13.40 Uhr in der Paul-Ehrlich-Stra\u00dfe unterwegs, als er von zwei m\u00e4nnlichen Jugendlichen abgepasst wurde. Beide waren mit Rollern unterwegs. Einer der Jugendlichen schlug dem 15-J\u00e4hrigen direkt ins Gesicht und stie\u00df ihn zu Boden. Der andere Angreifer zog eine Machete hervor und bedroht ihn. Im Anschluss fl\u00fcchteten die beiden Rollerfahrer. Durch den Angriff zog sich der 15-J\u00e4hrige Prellungen und Sch\u00fcrfwunden zu. Sachdienliche Hinweise bitte an die Polizeiinspektion Ludwigshafen 1, Telefonnummer 0621 963-2122 oder per E-Mail&nbsp;<a href=\"mailto:piludwigshafen1@polizei.rlp.de\">piludwigshafen1@polizei.rlp.de<\/a>&nbsp;.<\/p>\n\n\n\n<h2 class=\"wp-block-heading\">(Ludwigshafen) &#8211; Vandalismus in Gartenlaube<\/h2>\n\n\n\n<p>Am Dienstagvormittag (03.05.2022) meldeten die P\u00e4chter einer Gartenparzelle des Kleingartenvereins &#8222;Zur Werre&#8220;, dass dort eingebrochen wurde. Die Scheibe des Gartenhauses wurde eingeworfen, diverse Gegenst\u00e4nde besch\u00e4digt und Pflanzen aus der Erde gerissen. Ob auch etwas gestohlen wurde stand noch nicht fest. Die P\u00e4chter gaben an, in der Vergangenheit bereits eine m\u00e4nnliche Person auf dem Grundst\u00fcck gesehen zu haben, die ihnen jedoch nicht bekannt gewesen sei. Sachdienliche Hinweise bitte an die Polizeiinspektion Ludwigshafen 2, Telefonnummer 0621 963-2222 oder per E-Mail\u00a0<a href=\"mailto:piludwigshafen2@polizei.rlp.de\">piludwigshafen2@polizei.rlp.de<\/a>.<\/p>\n\n\n\n<h2 class=\"wp-block-heading\">(Ludwigshafen) &#8211; Motorradfahrer bei Unfall leicht verletzt<\/h2>\n\n\n\n<p>Am Dienstagmorgen (03.05.2022) kam es in der Ernst-Kunz-Stra\u00dfe zu einem Verkehrsunfall zwischen einer 19-j\u00e4hrigen PKW-Fahrerin und einem 16-j\u00e4hrigen Motorradfahrer. Beide Fahrzeuge n\u00e4herten sich hier aus unterschiedlichen Richtungen und wollten zeitgleich aus einem verkehrsberuhigten Bereich in den flie\u00dfenden Verkehr einfahren. Hierbei kollidierten PKW und Motorrad, wobei der junge Motorradfahrer st\u00fcrzte und sich leicht verletzte. Am PKW entstand Totalschaden.<\/p>\n\n\n\n<h2 class=\"wp-block-heading\">(Ludwigshafen) &#8211; Kleiner Held ganz gro\u00df<\/h2>\n\n\n\n<div class=\"wp-block-image\"><figure class=\"aligncenter size-full\"><img decoding=\"async\" loading=\"lazy\" width=\"800\" height=\"600\" src=\"https:\/\/speyer24news.com\/wp-content\/uploads\/2022\/05\/Ben1.jpg\" alt=\"\" class=\"wp-image-45610\" srcset=\"https:\/\/speyer24news.com\/wp-content\/uploads\/2022\/05\/Ben1.jpg 800w, https:\/\/speyer24news.com\/wp-content\/uploads\/2022\/05\/Ben1-300x225.jpg 300w, https:\/\/speyer24news.com\/wp-content\/uploads\/2022\/05\/Ben1-768x576.jpg 768w, https:\/\/speyer24news.com\/wp-content\/uploads\/2022\/05\/Ben1-678x509.jpg 678w, https:\/\/speyer24news.com\/wp-content\/uploads\/2022\/05\/Ben1-326x245.jpg 326w, https:\/\/speyer24news.com\/wp-content\/uploads\/2022\/05\/Ben1-80x60.jpg 80w\" sizes=\"(max-width: 800px) 100vw, 800px\" \/><\/figure><\/div>\n\n\n\n<p>Als der 7-j\u00e4hrige Ben am Dienstag, den 19.04.2022 in der Yorckstra\u00dfe ein Portemonnaie findet, in welchem sich neben diversen Karten auch rund 100 Euro Bargeld befinden, gibt es f\u00fcr ihn nur einen richtigen Weg: &#8222;Das muss ich bei der Polizei abgeben!&#8220;<\/p>\n\n\n\n<div class=\"wp-block-image\"><figure class=\"aligncenter size-full\"><img decoding=\"async\" loading=\"lazy\" width=\"800\" height=\"533\" src=\"https:\/\/speyer24news.com\/wp-content\/uploads\/2022\/05\/Ben2.jpg\" alt=\"\" class=\"wp-image-45611\" srcset=\"https:\/\/speyer24news.com\/wp-content\/uploads\/2022\/05\/Ben2.jpg 800w, https:\/\/speyer24news.com\/wp-content\/uploads\/2022\/05\/Ben2-300x200.jpg 300w, https:\/\/speyer24news.com\/wp-content\/uploads\/2022\/05\/Ben2-768x512.jpg 768w\" sizes=\"(max-width: 800px) 100vw, 800px\" \/><\/figure><\/div>\n\n\n\n<p>Diese konnte den 61-j\u00e4hrigen \u00fcbergl\u00fccklichen Eigent\u00fcmer schnell ermitteln. Dass ihm seine pers\u00f6nlichen Gegenst\u00e4nde mit samt dem Bargeld zur\u00fcckgegeben werden konnten, ist nur dem aufrichtigen Verhalten von Ben zu verdanken. Er war an diesem Tag ein Vorbild f\u00fcr viele Kinder und verriet den Beamten ganz nebenbei, dass er auch sp\u00e4ter gerne mal Polizist werden w\u00fcrde. <\/p>\n\n\n\n<div class=\"wp-block-image\"><figure class=\"aligncenter size-full\"><img decoding=\"async\" loading=\"lazy\" width=\"500\" height=\"680\" src=\"https:\/\/speyer24news.com\/wp-content\/uploads\/2022\/05\/Ben3.jpg\" alt=\"\" class=\"wp-image-45612\" srcset=\"https:\/\/speyer24news.com\/wp-content\/uploads\/2022\/05\/Ben3.jpg 500w, https:\/\/speyer24news.com\/wp-content\/uploads\/2022\/05\/Ben3-221x300.jpg 221w\" sizes=\"(max-width: 500px) 100vw, 500px\" \/><\/figure><\/div>\n\n\n\n<p>Als Anerkennung f\u00fcr seine Ehrlichkeit durfte er deshalb schon Mal seinen zuk\u00fcnftigen Arbeitsplatz ein bisschen kennenlernen. Mit einem neuen Rucksack inklusive Polizeiteddy, Brotdose und Stiften wurde der Streifenwagen von Ben genau unter die Lupe genommen, genauso wie das Dienststellengeb\u00e4ude und sogar eine Gef\u00e4ngniszelle. Ben war sich hier jedoch sicher, dass er diese in Zukunft nur von au\u00dfen sehen m\u00f6chte. Gut gemacht, Ben!<\/p>\n\n\n\n<h2 class=\"wp-block-heading\">(Mannheim-Waldhof) &#8211; Hoher Sachschaden bei Verkehrsunfall entstanden<\/h2>\n\n\n\n<p>Hoher Sachschaden entstand bei einem Verkehrsunfall, der sich am fr\u00fchen Dienstagnachmittag ereignete. Ein 35-j\u00e4hriger Mann fuhr gegen 13.30 Uhr mit seinem Mercedes von der Sonderburger Stra\u00dfe kommend auf die Schienenstra\u00dfe in Fahrtrichtung Innenstadt. Zeitgleich fuhr ein 58-J\u00e4hriger mit seinem Sattelzug von der Frankenthaler Stra\u00dfe auf die Schienenstra\u00dfe. Als der Sattelzug in der weiteren Folge an der Zusammenf\u00fchrung der beiden Fahrstreifen nach rechts wechseln wollte, missachtete der Mercedes-Fahrer die Vorfahrt des Sattelzugs, wodurch es zum seitlichen Zusammensto\u00df kam. Hierbei wurde der Mercedes so stark besch\u00e4digt, dass er nicht mehr fahrt\u00fcchtig war und abgeschleppt werden musste. Der Sachschaden wird auf rund 12.000 Euro gesch\u00e4tzt. Beide Fahrer blieben unverletzt.<\/p>\n\n\n\n<h2 class=\"wp-block-heading\">(Mannheim-Gartenstadt) &#8211; Unfall verursacht und abgehauen \/ Zeugen gesucht<\/h2>\n\n\n\n<p>Einen Verkehrsunfall verursachte ein unbekannter Verkehrsteilnehmer am Dienstag im Stadtteil Gartenstadt. Der Unbekannte wollte nach derzeitigem Kenntnisstand vom Oppauer Kreuzweg in den Eulenweg einbiegen und streifte dabei einen am Fahrbahnrand abgestellten Toyota. Anschlie\u00dfend fuhr er einfach davon, ohne sich um den Schaden zu k\u00fcmmern. Es war Sachschaden in H\u00f6he von fast 3.000 Euro entstanden.<\/p>\n\n\n\n<p>Hinweise auf den Unfallverursacher liegen bislang nicht vor.<\/p>\n\n\n\n<p>Zeugen, die auf den Unfall aufmerksam geworden sind und sachdienliche Hinweise zum unfallverursachenden Fahrzeug und dessen Fahrer geben k\u00f6nnen, werden gebeten, sich beim Polizeirevier Mannheim-Sandhofen, Tel.: 0621\/77769-0 zu melden.<\/p>\n\n\n\n<h2 class=\"wp-block-heading\">(Heidelberg-Ziegelhausen) &#8211; Zusammensto\u00df an un\u00fcbersichtlicher Stelle<\/h2>\n\n\n\n<p>Im Stadtteil Ziegelhausen kam es am Dienstagnachmittag zu einem Frontalzusammensto\u00df an einer un\u00fcbersichtlichen Stelle. Ein 23-j\u00e4hriger Mann war kurz nach 16 Uhr mit seinem Ford im K\u00f6pfelweg in Richtung M\u00fchlweg unterwegs. In einer un\u00fcbersichtlichen Rechtskurve kam er auf der engen Fahrbahn aus unklarer Ursache zu weit nach links in den Gegenverkehr und stie\u00df dabei mit einem entgegenkommenden 47-j\u00e4hrigen Toyota-Fahrer zusammen. Dabei entstand Sachschaden in H\u00f6he von rund 3.000 Euro. Beide Fahrer kamen mit dem Schrecken davon und blieben unverletzt.<\/p>\n\n\n\n<h2 class=\"wp-block-heading\">(Plankstadt \/ Rhein-Neckar-Kreis) &#8211; Einbruch in Lagerhalle \/ Polizei sucht Zeugen<\/h2>\n\n\n\n<p>In der Nacht von Montag auf Dienstag brachen unbekannte T\u00e4ter in eine Lagerhalle im Feldgebiet in Plankstadt ein. Die Einbrecher bogen die Metallverkleidung des Schiebetors einer Lagerhalle f\u00fcr landwirtschaftliche Fahrzeuge im R\u00fcb\u00e4ckerweg auf und drangen ins Halleninnere ein. Anschlie\u00dfend entriegelten sie das Schiebetor und \u00f6ffneten es. Hier montierten die Einbrecher an zwei Traktoren und einem M\u00e4hdrescher elektronische Anbauteile ab und lie\u00dfen sie mitgehen. Der Schaden wird auf rund 50.000 Euro gesch\u00e4tzt.<\/p>\n\n\n\n<p>Zeugen, die verd\u00e4chtige Wahrnehmungen gemacht haben und sachdienliche Hinweise geben k\u00f6nnen, werden gebeten, sich beim Polizeirevier Schwetzingen, Tel.: 06202\/288-0 zu melden.<\/p>\n\n\n\n<h2 class=\"wp-block-heading\">(Schwetzingen \/ Rhein-Neckar-Kreis) &#8211; Unbekannte randalieren auf Gel\u00e4nde eines Sportvereins \/ hoher Sachschaden; Polizei ermittelt und bittet um Hinweise<\/h2>\n\n\n\n<div class=\"wp-block-image\"><figure class=\"aligncenter size-full\"><img decoding=\"async\" loading=\"lazy\" width=\"801\" height=\"600\" src=\"https:\/\/speyer24news.com\/wp-content\/uploads\/2020\/05\/Zeugen-gesucht-Neutral.jpg\" alt=\"\" class=\"wp-image-26598\" srcset=\"https:\/\/speyer24news.com\/wp-content\/uploads\/2020\/05\/Zeugen-gesucht-Neutral.jpg 801w, https:\/\/speyer24news.com\/wp-content\/uploads\/2020\/05\/Zeugen-gesucht-Neutral-300x225.jpg 300w, https:\/\/speyer24news.com\/wp-content\/uploads\/2020\/05\/Zeugen-gesucht-Neutral-768x575.jpg 768w, https:\/\/speyer24news.com\/wp-content\/uploads\/2020\/05\/Zeugen-gesucht-Neutral-678x509.jpg 678w, https:\/\/speyer24news.com\/wp-content\/uploads\/2020\/05\/Zeugen-gesucht-Neutral-326x245.jpg 326w, https:\/\/speyer24news.com\/wp-content\/uploads\/2020\/05\/Zeugen-gesucht-Neutral-80x60.jpg 80w\" sizes=\"(max-width: 801px) 100vw, 801px\" \/><\/figure><\/div>\n\n\n\n<p>Wie erst jetzt bekannt wurde, nutzten in der &#8222;Walpurgisnacht&#8220; bislang unbekannte Personen das Gel\u00e4nde eines Sportvereins in der Stamitzstra\u00dfe, um dort zu feiern und zu randalieren. Neben mehreren Sachbesch\u00e4digungen, unter anderem an einer Grundst\u00fccksbegrenzung und einer Dacheindeckung, beschmierten die Unbekannten zus\u00e4tzlich Geb\u00e4udeteile mit Farbe. Zur\u00fccklie\u00dfen die Randalierer neben Unrat auch mehrere Flaschen Alkoholika sowie offenbar zuvor mitgebrachte M\u00f6belst\u00fccke. Die Gegenst\u00e4nde wurden sichergestellt. Die Zentrale Kriminaltechnik der Kriminalpolizeidirektion Heidelberg wurde mit der Spurensicherung an den Beweismitteln beauftragt. Die H\u00f6he des entstandenen Sachschadens wird auf mehrere tausend Euro gesch\u00e4tzt.<\/p>\n\n\n\n<p>Zeugen, die sachdienliche Hinweise geben k\u00f6nnen, werden gebeten, sich beim Polizeirevier Schwetzingen unter der Tel.: 06202 2880 zu melden.<\/p>\n\n\n\n<h2 class=\"wp-block-heading\">(A 5 \/ Walldorf \/ Rhein-Neckar-Kreis) &#8211; Zwei verletzte Autofahrer nach Aquaplaning<\/h2>\n\n\n\n<p>Am Dienstagabend, gegen 20 Uhr, geriet eine 53-j\u00e4hrige BMW-Fahrerin auf der regennassen Fahrbahn der A5 ins Schleudern, prallte gegen die Leitplanke und wurde von einem nachfolgenden 27-j\u00e4hrigen Audi-Fahrer erfasst. Die BMW-Fahrerin war in Fahrtrichtung Heidelberg unterwegs, als sie die Kontrolle \u00fcber das Auto verlor und in die rechte Leitplanke prallte. Hier wurde sie abgewiesen, querte die Fahrbahnen und kollidierte mit der linken Leitplanke. Der nachfolgende Audi-Fahrer erkannte die Gefahrensituation zu sp\u00e4t und verunfallte mit dem BMW. Durch den Zusammensto\u00df verletzten sich beide Fahrzeugf\u00fchrer leicht und mussten mit Rettungsw\u00e4gen in nahegelegene Krankenh\u00e4user gebracht werden. Insgesamt entstand ein Sachschaden von mehr als 30.000 Euro. Beide Autos mussten abgeschleppt werden. W\u00e4hrend der Unfallaufnahme war der linke Fahrstreifen der A5 in Fahrtrichtung Heidelberg gesperrt.<\/p>\n\n\n\n<h2 class=\"wp-block-heading\">(Rauenberg \/ Rhein-Neckar-Kreis) &#8211; PKW-Fahrerin \u00fcbersieht 73-J\u00e4hrige beim Ausparken und f\u00e4hrt davon; Aufmerksame Zeugin verst\u00e4ndigt Polizei und teilt Kennzeichen mit \/ Polizei ermittelt<\/h2>\n\n\n\n<p>Am Dienstagabend gegen 18 Uhr verst\u00e4ndigte eine aufmerksame Zeugin die Polizei, nachdem sie beobachten konnte wie eine Toyota-Fahrerin auf dem Gel\u00e4nde eines Einkaufsmarkts in der Stra\u00dfe &#8222;Franken\u00e4cker&#8220; r\u00fcckw\u00e4rts ausparkte und dabei eine Fu\u00dfg\u00e4ngerin \u00fcbersah. Als sie die Toyota-Fahrerin auf die am Boden liegende, verletzte Frau aufmerksam machte, sei die Unfallverursacherin einfach davongefahren. Sofort suchten Einsatzkr\u00e4fte des Polizeireviers Wiesloch die \u00d6rtlichkeit auf. Bei deren Eintreffen wurde die 73 Jahre alte Frau bereits durch hinzugerufene Rettungskr\u00e4fte versorgt. Sie kam zur weiteren Abkl\u00e4rung in eine Klinik. Die Zeugin hatte sich das Kennzeichen der Toyota-Fahrerin gemerkt und der Polizei mitgeteilt. Daraufhin suchten die Polizeibeamten die Wohnanschrift der vermeintlichen Unfallverursacherin auf und stellten diese zur Rede. Wieso die 53-J\u00e4hrige ihren Pflichten nicht nachgekommen war und einfach weiterfuhr, ist derzeit unklar und Gegenstand der weiteren Ermittlungen. Die 53-J\u00e4hrige muss nun mit mehreren Strafanzeigen, unter anderem wegen des Verdachts der Verkehrsunfallflucht rechnen.<\/p>\n\n\n\n<h2 class=\"wp-block-heading\">(Helmstadt-Bargen \/ Rhein-Neckar-Kreis) &#8211; Brand des &#8222;Dorfkruges&#8220;; Ursache ermittelt<\/h2>\n\n\n\n<h3 class=\"has-text-align-center wp-block-heading\">Pressemitteilung Nr. 3<\/h3>\n\n\n\n<p>Die Ursache, die zum Brand der Gastst\u00e4tte &#8222;Dorfkrug&#8220; im Ortsteil Bargen f\u00fchrte, d\u00fcrfte ermittelt sein.<\/p>\n\n\n\n<p>Wie die Brandexperten des Polizeireviers Sinsheim und der Kriminalpolizeidirektion Heidelberg herausfanden, soll das Feuer aufgrund eines technischen Defekts einer Umw\u00e4lzpumpe, die in einem Whirlpools auf der Terrasse installiert war, entstanden sein.<\/p>\n\n\n\n<p>Durch den Brand war am Sonntagmorgen ein Sachschaden von mehreren hunderttausend Euro entstanden.<\/p>\n\n\n\n<h2 class=\"wp-block-heading\">(Eberbach \/ Rhein-Neckar-Kreis) &#8211; Unbekannte besch\u00e4digen Fahrzeuge; Polizei ermittelt und sucht Zeugen<\/h2>\n\n\n\n<p>Im Zeitraum von Montag, 18 Uhr bis Dienstag, 16 Uhr besch\u00e4digten ein oder mehrere bislang unbekannte T\u00e4ter offenbar mutwillig zwei in der Stra\u00dfe &#8222;Karlstalweg&#8220; geparkte Fahrzeuge, indem sie den Lack eines Fords und eines VWs zerkratzten. Die H\u00f6he der entstandenen Sachsch\u00e4den ist bislang noch nicht bekannt.<\/p>\n\n\n\n<p>Das Polizeirevier Eberbach hat die weiteren Ermittlungen wegen des Verdachts der Sachbesch\u00e4digung aufgenommen und bittet Zeugen, die verd\u00e4chtige Personen in dem Bereich gesehen haben sowie dar\u00fcber hinaus sachdienliche Hinweise geben k\u00f6nnen, sich unter der Tel.: 06271 92100 zu melden.<\/p>\n","protected":false},"excerpt":{"rendered":"<div class=\"mh-excerpt\"><p>Polizeimeldungen vom Mittwoch (04.05.2022) (Speyer) &#8211; Kleinflugzeug verunfallt bei der Landung Am Abend des 04.05.2022 kam es gegen 20:18 Uhr bei der Landung eines einmotorigen Kleinflugzeugs zu einem Unfall auf der Landebahn des Speyerer Flugplatzes. <a class=\"mh-excerpt-more\" href=\"https:\/\/speyer24news.com\/?p=45607\" title=\"Polizei\">[&#8230;]<\/a><\/p>\n<\/div>","protected":false},"author":3,"featured_media":26162,"comment_status":"open","ping_status":"open","sticky":false,"template":"","format":"standard","meta":{"_monsterinsights_skip_tracking":false,"_monsterinsights_sitenote_active":false,"_monsterinsights_sitenote_note":"","_monsterinsights_sitenote_category":0,"footnotes":""},"categories":[12],"tags":[7243,7244,3614,702,61,2555,6955,6986,6263,63,105,11150,6987,53,4854,13534,4683,1548,4905,11592,102,213,13541,55,8277,6368,5261,103,106,2803,2423,427,2625,380,62,104,979,1565],"aioseo_notices":[],"amp_enabled":true,"_links":{"self":[{"href":"https:\/\/speyer24news.com\/index.php?rest_route=\/wp\/v2\/posts\/45607"}],"collection":[{"href":"https:\/\/speyer24news.com\/index.php?rest_route=\/wp\/v2\/posts"}],"about":[{"href":"https:\/\/speyer24news.com\/index.php?rest_route=\/wp\/v2\/types\/post"}],"author":[{"embeddable":true,"href":"https:\/\/speyer24news.com\/index.php?rest_route=\/wp\/v2\/users\/3"}],"replies":[{"embeddable":true,"href":"https:\/\/speyer24news.com\/index.php?rest_route=%2Fwp%2Fv2%2Fcomments&post=45607"}],"version-history":[{"count":1,"href":"https:\/\/speyer24news.com\/index.php?rest_route=\/wp\/v2\/posts\/45607\/revisions"}],"predecessor-version":[{"id":45613,"href":"https:\/\/speyer24news.com\/index.php?rest_route=\/wp\/v2\/posts\/45607\/revisions\/45613"}],"wp:featuredmedia":[{"embeddable":true,"href":"https:\/\/speyer24news.com\/index.php?rest_route=\/wp\/v2\/media\/26162"}],"wp:attachment":[{"href":"https:\/\/speyer24news.com\/index.php?rest_route=%2Fwp%2Fv2%2Fmedia&parent=45607"}],"wp:term":[{"taxonomy":"category","embeddable":true,"href":"https:\/\/speyer24news.com\/index.php?rest_route=%2Fwp%2Fv2%2Fcategories&post=45607"},{"taxonomy":"post_tag","embeddable":true,"href":"https:\/\/speyer24news.com\/index.php?rest_route=%2Fwp%2Fv2%2Ftags&post=45607"}],"curies":[{"name":"wp","href":"https:\/\/api.w.org\/{rel}","templated":true}]}}