{"id":45677,"date":"2022-05-06T08:31:36","date_gmt":"2022-05-06T07:31:36","guid":{"rendered":"https:\/\/speyer24news.com\/?p=45677"},"modified":"2022-05-06T08:31:39","modified_gmt":"2022-05-06T07:31:39","slug":"hockenheim-87","status":"publish","type":"post","link":"https:\/\/speyer24news.com\/?p=45677","title":{"rendered":"Hockenheim"},"content":{"rendered":"<style type=\"text\/css\">\r\n\t.ads_top_disp{}\r\n\t.ads_top_corner_disp{ float:left; margin:0px 10px 10px 0px; }\r\n\t.ads_first_p_disp{}\r\n\t.ads_bottom_disp{}\r\n\t<\/style>\n<h2 class=\"wp-block-heading\">Bek\u00e4mpfung des Eichenprozessionsspinners<\/h2>\n\n\n\n<div class=\"wp-block-image\"><figure class=\"aligncenter size-full\"><img decoding=\"async\" loading=\"lazy\" width=\"800\" height=\"534\" src=\"https:\/\/speyer24news.com\/wp-content\/uploads\/2022\/05\/2022-05-06-Verwaltung_Eichenprozessionsspinner.jpg\" alt=\"\" class=\"wp-image-45686\" srcset=\"https:\/\/speyer24news.com\/wp-content\/uploads\/2022\/05\/2022-05-06-Verwaltung_Eichenprozessionsspinner.jpg 800w, https:\/\/speyer24news.com\/wp-content\/uploads\/2022\/05\/2022-05-06-Verwaltung_Eichenprozessionsspinner-300x200.jpg 300w, https:\/\/speyer24news.com\/wp-content\/uploads\/2022\/05\/2022-05-06-Verwaltung_Eichenprozessionsspinner-768x513.jpg 768w\" sizes=\"(max-width: 800px) 100vw, 800px\" \/><figcaption>K\u00f6nnen schwere allergische Reaktionen ausl\u00f6sen: Die Brennhaare des Eichenprozessionsspinners sind gef\u00e4hrlich f\u00fcr den Menschen.<br><em>Foto: Kleuske\/Wikimedia<\/em><\/figcaption><\/figure><\/div>\n\n\n\n<p>Ab Freitag, den 13. Mai, werden die Eichen im Stadtgebiet Hockenheim unter Verwendung eines zugelassenen Biozids zur Bek\u00e4mpfung des Eichenprozessionsspinners behandelt. Das Mittel wird von einem Traktor mit einer angebauten Spritzpumpe ausgebracht. Es ist f\u00fcr den Menschen und Haustiere sowie Insekten ungef\u00e4hrlich und wirkt selektiv gegen die Raupen des Eichenprozessionsspinners.<\/p>\n\n\n\n<p>W\u00e4hrend der Ausbringung darf es nicht regnen. Deshalb kann sich der Termin verschieben. Behandelt werden die Stra\u00dfenz\u00fcge Ernst-Brauch-Stra\u00dfe, Dresdner Stra\u00dfe, sowie die Eichen im Gartenschaupark, und andere einzelne B\u00e4ume im Stadtgebiet und Gewerbegebiet Talhaus. Am Samstag, den 14. Mai, sollen dann die Eichen am Friedhof behandelt werden.<\/p>\n\n\n\n<p>Die Ma\u00dfnahme ist erforderlich, weil die Raupen Brennhaare ausbilden, die zu Hautirritationen und bei Allergikern auch zu schwerer Atemnot und anderen allergischen Reaktionen f\u00fchren k\u00f6nnen. Wir m\u00f6chten die B\u00fcrger bitten, vom 13. Bis 14. Mai ihre Autos nicht unter Eichen zu parken und in den Stra\u00dfenz\u00fcgen die Absperrungen und Hinweise zu beachten.<\/p>\n\n\n\n<p><em>Text: Stadtverwaltung Hockenheim Foto: Kleuske\/Wikimedia<br>06.05.2022<\/em><\/p>\n\n\n\n<h2 class=\"wp-block-heading\">Voller Veranstaltungskalender in der Stadtbibliothek<\/h2>\n\n\n\n<h3 class=\"wp-block-heading\">Neben dem Bilderbuchkino, den Vorlesestunden und den Kamishibai-Lesungen f\u00fcr die Kleinsten sind im Mai noch viele weitere Veranstaltungen in der Hockenheimer Stadtbibliothek geplant.<\/h3>\n\n\n\n<div class=\"wp-block-image\"><figure class=\"aligncenter size-full\"><img decoding=\"async\" loading=\"lazy\" width=\"800\" height=\"620\" src=\"https:\/\/speyer24news.com\/wp-content\/uploads\/2022\/05\/Hockenheim-Stadtbibliothek.jpg\" alt=\"\" class=\"wp-image-45685\" srcset=\"https:\/\/speyer24news.com\/wp-content\/uploads\/2022\/05\/Hockenheim-Stadtbibliothek.jpg 800w, https:\/\/speyer24news.com\/wp-content\/uploads\/2022\/05\/Hockenheim-Stadtbibliothek-300x233.jpg 300w, https:\/\/speyer24news.com\/wp-content\/uploads\/2022\/05\/Hockenheim-Stadtbibliothek-768x595.jpg 768w\" sizes=\"(max-width: 800px) 100vw, 800px\" \/><\/figure><\/div>\n\n\n\n<p>Am Samstag dem 7. Mai bietet die Stadtbibliothek mit dem Retro-Gaming eine Veranstaltung f\u00fcr Zocker-Freunde. Alle zwischen sechs und 99 Jahren k\u00f6nnen an sechs Spielstationen PacMan, MarioBros. und andere Spiele an alten Spielekonsolen neu erleben. Die interaktive Spielhalle ist zwischen 13 und 18 Uhr ge\u00f6ffnet und wird in der Zehntscheune abgehalten. Der Eintritt kostet f\u00fcr Einzelpersonen zwei Euro und f\u00fcr Kinder in Begleitung drei Euro. Snacks und Getr\u00e4nke k\u00f6nnen vor Ort gekauft werden.<\/p>\n\n\n\n<p>Am 11. Mai schlie\u00dft das \u00dcberraschungskino mittwochs nachmittags von 16 bis 17:30 Uhr f\u00fcr Kinder an. Die Karten sind kostenfrei und k\u00f6nnen ab einer Woche zuvor bis einen Tag vor Veranstaltung an der Theke der Stadtbibliothek abgeholt werden. Vor Ort k\u00f6nnen Popcorn und Getr\u00e4nke gekauft werden. Kinder brauchen eine erwachsene Begleitperson. Das \u00dcberraschungskino findet an jedem dritten Mittwoch eines Monats statt.<\/p>\n\n\n\n<p>Am 14. Mai, einem Samstag, findet der Gratis-Comic-Tag w\u00e4hrend der \u00d6ffnungszeiten in der Bibliothek im 2. OG statt. An diesem Tag k\u00f6nnen sich Kinder bis zu f\u00fcnf Leseproben zu beliebten Comics und Mangas sichern. Um eine altersgem\u00e4\u00dfe Ausgabe gew\u00e4hrleisten zu k\u00f6nnen, werden der Stand von einer Mitarbeiterin betreut und die Hefte f\u00fcr jedes Kind einzeln gepackt.<\/p>\n\n\n\n<p>Nachmittags am selben Tag k\u00f6nnen sich Kinder im Alter von acht bis zw\u00f6lf Jahre f\u00fcr den digitalen Escape Room, der in Kooperation mit dem Pumpwerk Hockenheim stattfindet, anmelden. Hier kann am Computer von zu Hause aus ein Abenteuer mit R\u00e4tseln \u00fcber einen lebenden Avatar in der Bibliothek gel\u00f6st werden. Und ein Blick hinter die Kulissen ist ebenfalls garantiert: Es gibt eine F\u00fchrung um 14 Uhr und um 15 Uhr. Anmeldungen zu der kostenlosen Veranstaltung sind noch m\u00f6glich.<\/p>\n\n\n\n<p>Am Donnerstag dem 19. Mai k\u00f6nnen sich Cineasten wieder auf einen Film f\u00fcr Erwachsene in der Reihe \u201eZehntscheunenkino\u201c freuen. Bei Popcorn, Snacks und Getr\u00e4nken l\u00e4sst sich hier entspannen und mit Freunden einen sch\u00f6nen Abend verbringen. Der Eintritt ist kostenlos und Karten k\u00f6nnen bis einen Tag vor Veranstaltung an der Theke der Stadtbibliothek abgeholt werden.<\/p>\n\n\n\n<p>W\u00e4hrend des Hockenheimer Mai hat die Bibliothek nur zu verk\u00fcrzten Zeiten ge\u00f6ffnet. Freitag, den 20. Mai, ist sie von 10 bis 13 Uhr ge\u00f6ffnet. Am 21. Mai bleibt sie geschlossen. Die Schlie\u00dftage wurden in den Leihfristen bereits ber\u00fccksichtigt.<\/p>\n\n\n\n<p>Weitere Informationen erhalten Sie unter 06205-212451 oder 06205-212452, <a href=\"mailto:stadtbibliothek@hockenheim.de\">stadtbibliothek@hockenheim.de<\/a>, auf der Homepage der Stadtbibliothek <a href=\"http:\/\/www.bibliotheken.komm.one\/hockenheim\/\">www.bibliotheken.komm.one\/hockenheim\/<\/a> oder auf Instagram und <a href=\"https:\/\/www.facebook.com\/StaBiHockenheim\">Facebook<\/a>.<\/p>\n\n\n\n<p><em>Stadtverwaltung Hockenheim<br>04.05.2022<\/em><\/p>\n\n\n\n<h2 class=\"wp-block-heading\">Retro Gaming am 7. Mai<\/h2>\n\n\n\n<div class=\"wp-block-image\"><figure class=\"aligncenter size-full\"><img decoding=\"async\" loading=\"lazy\" width=\"500\" height=\"707\" src=\"https:\/\/speyer24news.com\/wp-content\/uploads\/2022\/05\/retro-gaming_2.png\" alt=\"\" class=\"wp-image-45684\" srcset=\"https:\/\/speyer24news.com\/wp-content\/uploads\/2022\/05\/retro-gaming_2.png 500w, https:\/\/speyer24news.com\/wp-content\/uploads\/2022\/05\/retro-gaming_2-212x300.png 212w\" sizes=\"(max-width: 500px) 100vw, 500px\" \/><\/figure><\/div>\n\n\n\n<p>Am&nbsp;<strong>Samstag, 7. Mai zwischen 13 und 18<\/strong>&nbsp;Uhr erm\u00f6glicht der Videospielexperte Pascal K\u00fchner einen Spielenachmittag der anderen Art. An mehreren Stationen im&nbsp;<strong>Veranstaltungsraum der Zehntscheune<\/strong>&nbsp;<strong>in (<\/strong><strong>Untere M\u00fchlstrasse 4, 68766 Hockenheim)<\/strong>&nbsp;k\u00f6nnen an alten Spielekonsolen Games aus den 70ern, 80ern und 90ern gezockt werden \u2013 Donkey Kong, PacMan, Super Mario und weitere Spiele werden sicher manche Kindheitserinnerungen wecken.<\/p>\n\n\n\n<p>Vor Ort gibt es Snacks und Getr\u00e4nke. Der Eintritt kostet zwei Euro f\u00fcr Einzelpersonen und drei Euro f\u00fcr Kinder in Begleitung eines Erwachsenen.<\/p>\n\n\n\n<p><em>Stadtverwaltung Hockenheim<br>03.05.2022<\/em><\/p>\n\n\n\n<h2 class=\"wp-block-heading\">Von Irland live nach Hockenheim<\/h2>\n\n\n\n<div class=\"wp-block-image\"><figure class=\"aligncenter size-full\"><img decoding=\"async\" loading=\"lazy\" width=\"800\" height=\"567\" src=\"https:\/\/speyer24news.com\/wp-content\/uploads\/2022\/05\/2022-05-03-Pumpwerk_Socks-in-the-Frying-Pan.jpeg\" alt=\"\" class=\"wp-image-45683\" srcset=\"https:\/\/speyer24news.com\/wp-content\/uploads\/2022\/05\/2022-05-03-Pumpwerk_Socks-in-the-Frying-Pan.jpeg 800w, https:\/\/speyer24news.com\/wp-content\/uploads\/2022\/05\/2022-05-03-Pumpwerk_Socks-in-the-Frying-Pan-300x213.jpeg 300w, https:\/\/speyer24news.com\/wp-content\/uploads\/2022\/05\/2022-05-03-Pumpwerk_Socks-in-the-Frying-Pan-768x544.jpeg 768w\" sizes=\"(max-width: 800px) 100vw, 800px\" \/><figcaption>Irish Folk Live: Socks in the Frying Pan treten im Pumpwerk auf.<br><em>Foto: Socks in the Frying Pan<\/em><\/figcaption><\/figure><\/div>\n\n\n\n<p>Die Grafschaft Clare an der irischen Westk\u00fcste ist weit \u00fcber Irland hinaus f\u00fcr ihren reichen Fundus an guten, nein, sehr guten Folkmusikern bekannt. Zuweilen beschleicht einen gar das Gef\u00fchl, diese oder jene Band, dieser oder jener K\u00fcnstler habe den Folk-Zenit nun endg\u00fcltig erreicht, besser kann es nicht mehr werden. Mag durchaus sein, dass man diese Musik nicht mehr besser spielen kann als so manche Folklegende aus dieser \u201eMusikgrafschaft\u201c es das getan hat \u2013 aber man kann sie anders spielen. Und genau das tun drei junge M\u00e4nner aus Clare, die eine Band mit dem witzigen Namen \u201eSocks in the Frying Pan\u201c gegr\u00fcndet haben.<\/p>\n\n\n\n<p>Verwurzelt in der musikalischen Tradition ihrer Heimat, haben sie bereits mit dem Bandnamen klargestellt, dass sie manches anders machen wollen. Mit einem originellen Bandnamen alleine holt man sich allerdings noch nicht die Auszeichnung \u201eNew Band of the Year\u201c der Irish Music Association, man wird auch nicht von allen gro\u00dfen irischen Festivals gebucht, nur weil der Bandname lustig klingt und den US-amerikanischen Markt erobert man ebenfalls nur, wenn man seine Sache wirklich gut macht, denn die Konkurrenz ist gro\u00df. All das ist \u201eSocks in the Frying Pan\u201c gelungen. Zweifellos besticht die Band vornehmlich live, denn neben ihrer musikalischen Virtuosit\u00e4t ist es ihre B\u00fchnenpr\u00e4senz, die ihre Auftrittsorte zum Beben bringt. Eine Band wird aber immer nur zu einem Gesamtkunstwerk, wenn die Einzelakteure ihr Handwerk aus dem Eff Eff beherrschen und bestens aufeinander eingestimmt sind.<\/p>\n\n\n\n<p>Beginn am 06.05 ist um 20 Uhr, Einlass ab 19 Uhr im Pumpwerk Hockenheim. Karten f\u00fcr 16 Euro \/14 Euro erm. gibt es an allen bekannten Vorverkaufsstellen. Unter <a href=\"http:\/\/www.pumpwerk-hockenheim.de\">www.pumpwerk-hockenheim.de<\/a> k\u00f6nnen Karten auch online bestellt werden.<\/p>\n\n\n\n<p><em>Text: Stadtverwaltung Hockenheim \/ Pumpwerk Foto: Socks in the Frying Pan<br>03.05.2022<\/em><\/p>\n\n\n\n<h2 class=\"wp-block-heading\">Sch\u00fclermensa wieder ge\u00f6ffnet<\/h2>\n\n\n\n<p>Die Sch\u00fclermensa in Hockenheim hatte aufgrund der pandemiebedingten Hygieneregeln und -einschr\u00e4nkungen l\u00e4ngere Zeit geschlossen. Nachdem die meisten dieser Regeln gelockert beziehungsweise aufgehoben wurden, kann nun endlich wieder der Betrieb aufgenommen werden.<\/p>\n\n\n\n<p>Der Pausenverkauf in der Sch\u00fclermensa begann wieder am Donnerstag, den 5. Mai. Die Mittagsverpflegung kann ebenfalls wieder aufgenommen werden und beginnt am Montag, den 9. Mai.<\/p>\n\n\n\n<p>Die Speisepl\u00e4ne werden auf der Homepage der Stadt Hockenheim im <a href=\"https:\/\/www.hockenheim.de\/startseite\/bildung\/mensa.html\">Bereich \u201cBildung &#8211; Mensa&#8220;<\/a> ver\u00f6ffentlicht.<\/p>\n\n\n\n<p><em>Stadtverwaltung Hockenheim<br>03.05.2022<\/em><\/p>\n\n\n\n<h2 class=\"wp-block-heading\">Hockenheimring steigt ins Metaverse ein und schlie\u00dft Kooperation mit Animoca Brands<\/h2>\n\n\n\n<h3 class=\"wp-block-heading\">Die Hockenheim-Ring GmbH gibt bekannt, dass sich Animoca Brands die Lizenzrechte gesichert hat, um den Hockenheimring Baden-W\u00fcrttemberg in sein REVV Motorsport-\u00d6kosystem von Blockchain-Rennspielen aufzunehmen.<\/h3>\n\n\n\n<div class=\"wp-block-image\"><figure class=\"aligncenter size-full\"><img decoding=\"async\" loading=\"lazy\" width=\"800\" height=\"533\" src=\"https:\/\/speyer24news.com\/wp-content\/uploads\/2022\/05\/HoRi_Frontal.jpg\" alt=\"\" class=\"wp-image-45682\" srcset=\"https:\/\/speyer24news.com\/wp-content\/uploads\/2022\/05\/HoRi_Frontal.jpg 800w, https:\/\/speyer24news.com\/wp-content\/uploads\/2022\/05\/HoRi_Frontal-300x200.jpg 300w, https:\/\/speyer24news.com\/wp-content\/uploads\/2022\/05\/HoRi_Frontal-768x512.jpg 768w\" sizes=\"(max-width: 800px) 100vw, 800px\" \/><figcaption>Luftbildaufnahme des Hockenheimring.<br><em>Foto: Hockenheim-Ring GmbH<\/em><\/figcaption><\/figure><\/div>\n\n\n\n<p>Das Unternehmen Animoca Brands, das sich darauf spezialisiert hat, digitale Eigentumsrechte f\u00fcr Spiele und das Metaverse voranzutreiben, wird den Hockenheimring in verschiedene Produkte des REVV-Motorsport-\u00d6kosystems integrieren sowie NFTs produzieren und verkaufen, die einen Teil des Eigentums am Hockenheimring innerhalb des REVV-\u00d6kosystems darstellen. Den Fans weltweit wird damit die M\u00f6glichkeit gegeben, nicht nur virtuell auf dem Hockenheimring Rennen zu fahren, sondern ein virtuelles St\u00fcck der traditionsreichen Rennstrecke in Form von NFTs zu erwerben und damit handeln zu k\u00f6nnen. Inhaber von Hockenheimring-NFTs erhalten passiv einen Anteil an den Eintrittsgeldern, Sponsorengeldern und\/oder Veranstaltungseinnahmen, die auf der virtuellen Rennstrecke in allen REVV-basierten Spielen, in denen sie enthalten sind, erzielt werden.<\/p>\n\n\n\n<p>REVV ist das Token, das als prim\u00e4re Nutz-, Kauf- und Aktionsw\u00e4hrung in den REVV Motorsport-Blockchain-Spielen von Animoca Brands dient. REVV wurde entwickelt, um echtes digitales Eigentum an Spiel-Assets zu erm\u00f6glichen und den Spielern Freiheit und Kontrolle \u00fcber ihre NFT-In-Game-Gegenst\u00e4nde in einem wachsenden Metaverse von Rennspielen zu verschaffen, darunter REVV-Racing, MotoGP\u2122 Ignition, Formula E: High Voltage und Torque Drift 2.<\/p>\n\n\n\n<p>\u201eWir sind sehr stolz und froh, unseren ersten Schritt ins Metaverse an der Seite von Animoca Brands zu gehen, eines der f\u00fchrenden Blockchain-Gaming-Unternehmen und ein wahrer Pacemaker im Bereich der Bereitstellung von digitalen Eigentumsrechten f\u00fcr Gamer. Dass wir nun zu den ersten offiziell lizenzierten Rennstrecken von REVV Motorsport geh\u00f6ren, unterstreicht einerseits die St\u00e4rke unserer Marke und \u00f6ffnet uns andererseits den Zugang zu v\u00f6llig neuen Zielgruppen und einer neuen Dimension von Fan-Engagement. Die wirtschaftlichen Potenziale, die daraus f\u00fcr uns als Lizenzgeber resultieren, machen das Ganze auch als Business Case \u00fcberaus interessant\u201c, so Jorn Teske, Gesch\u00e4ftsf\u00fchrer der Hockenheim-Ring GmbH.<\/p>\n\n\n\n<p>Yat Siu, Mitbegr\u00fcnder und Vorstandsvorsitzender von Animoca Brands f\u00fcgt hinzu: \u201eEs ist uns eine Ehre, den Hockenheimring in unserem Metaverse der Rennspiele willkommen zu hei\u00dfen. Die Spieler von REVV Motorsport k\u00f6nnen auf einer der ber\u00fchmtesten Rennstrecken der Welt Rennen fahren und haben sogar die M\u00f6glichkeit, Teile der virtuellen Rennstrecke mit allen damit verbundenen Vorteilen digital zu nutzen.&#8220;<\/p>\n\n\n\n<h4 class=\"wp-block-heading\">\u00dcber Animoca Brands<\/h4>\n\n\n\n<p>Animoca Brands, ein Deloitte Tech Fast-Gewinner ist in der Liste High Growth Companies Asia-Pacific 2021 der Financial Times aufgef\u00fchrt und ist ein f\u00fchrendes Unternehmen in den Bereichen digitale Unterhaltung, Blockchain und Gamification, das sich f\u00fcr die F\u00f6rderung digitaler Eigentumsrechte einsetzt. Das Unternehmen entwickelt und ver\u00f6ffentlicht ein breites Portfolio an Produkten, darunter das REVV-Token und das SAND-Token; Originalspiele wie The Sandbox, Crazy Kings und Crazy Defense Heroes; sowie Produkte, die beliebtes und bekanntes geistiges Eigentum nutzen, darunter Disney, WWE, Snoop Dogg, The Walking Dead, Power Rangers, MotoGP\u2122 und Formula E. Das Unternehmen hat mehrere Tochtergesellschaften, darunter The Sandbox, Blowfish-Studios, Quidd, GAMEE, nWay, Pixowl, Bondly, Lympo, Grease Monkey Games und Eden Games. Animoca Brands verf\u00fcgt \u00fcber ein wachsendes Portfolio von mehr als 170 Investitionen in NFT-bezogene Unternehmen und dezentrale Projekte, die zum Aufbau des Open Metaverse beitragen, darunter Axie Infinity, OpenSea, Dapper Labs (NBA Top Shot), Yield Guild Games, Harmony, Alien Worlds, Star Atlas und andere. F\u00fcr weitere Informationen besuchen Sie www.animocabrands.com oder folgen Sie Animoca Brands auf Twitter oder Facebook.<\/p>\n\n\n\n<h4 class=\"wp-block-heading\">\u00dcber den Hockenheimring<\/h4>\n\n\n\n<p>Der Hockenheimring Baden-W\u00fcrttemberg ist eine der bekanntesten und traditionsreichsten Rennstrecken der Welt. Seit der Er\u00f6ffnung des Hockenheimrings im Jahr 1932 fanden auf der Strecke unz\u00e4hlige Motorsportveranstaltungen statt, darunter der Gro\u00dfe Preis von Deutschland der Formel 1, die FIA GT-Meisterschaft, der Gro\u00dfe Preis von Deutschland f\u00fcr Motorr\u00e4der, die NASCAR Whelen Euro Series, die NitrOlympX und die DTM. Bei einer L\u00e4nge von 4,574 km besteht der Hockenheimring aus 6 Linkskurven, 11 Rechtskurven und 6 Geraden. Neben dem Rennsport ist der Hockenheimring auch als Veranstaltungsort f\u00fcr gro\u00dfe Open-Air-Konzerte bekannt. Als multifunktionaler Veranstaltungsort kann die Rennstrecke f\u00fcr vielf\u00e4ltige Anl\u00e4sse genutzt werden, z. B. f\u00fcr Industrie- und Motorsporttests, Fahrtrainings und -erlebnisse, Workshops und Tagungen, Produktpr\u00e4sentationen, Incentives und Kongresse. Die Rennstrecke verf\u00fcgt \u00fcber 120.000 Zuschauerpl\u00e4tze und zieht j\u00e4hrlich etwa 700.000 Besucher an.<\/p>\n\n\n\n<p><em>Hockenheim-Ring GmbH<br>02.05.2022<\/em><\/p>\n\n\n\n<h2 class=\"wp-block-heading\">Stadt erfasst Hunde<\/h2>\n\n\n\n<div class=\"wp-block-image\"><figure class=\"aligncenter size-full\"><img decoding=\"async\" loading=\"lazy\" width=\"800\" height=\"600\" src=\"https:\/\/speyer24news.com\/wp-content\/uploads\/2022\/05\/IMG_20200711_143859.jpg\" alt=\"\" class=\"wp-image-45681\" srcset=\"https:\/\/speyer24news.com\/wp-content\/uploads\/2022\/05\/IMG_20200711_143859.jpg 800w, https:\/\/speyer24news.com\/wp-content\/uploads\/2022\/05\/IMG_20200711_143859-300x225.jpg 300w, https:\/\/speyer24news.com\/wp-content\/uploads\/2022\/05\/IMG_20200711_143859-768x576.jpg 768w, https:\/\/speyer24news.com\/wp-content\/uploads\/2022\/05\/IMG_20200711_143859-678x509.jpg 678w, https:\/\/speyer24news.com\/wp-content\/uploads\/2022\/05\/IMG_20200711_143859-326x245.jpg 326w, https:\/\/speyer24news.com\/wp-content\/uploads\/2022\/05\/IMG_20200711_143859-80x60.jpg 80w\" sizes=\"(max-width: 800px) 100vw, 800px\" \/><figcaption>Hundesteueranmeldung ist Pflicht, die Empfehlung ist sich auch bei der Tierschutzorganisation Tasso e.V. anzumelden.<br><em>Foto: Speyer 24\/7 News<\/em><\/figcaption><\/figure><\/div>\n\n\n\n<p>Hundehalter m\u00fcssen ihre Vierbeiner steuerlich anmelden. Die Stadtverwaltung Hockenheim f\u00fchrt deshalb bereits seit dem 10. M\u00e4rz bis voraussichtlich September eine Hundebestandsaufnahme im Stadtgebiet durch. Damit soll aus Gr\u00fcnden der Steuergerechtigkeit sichergestellt werden, dass der \u201ebeste Freund des Menschen\u201c ordnungsgem\u00e4\u00df angemeldet ist. Daf\u00fcr werden alle Haushalte im genannten Zeitraum von Mitarbeitern der beauftragten Firma Springer Kommunale Dienste besucht und um Auskunft \u00fcber den Hund gebeten. Die Befragung findet wochentags in der Zeit von 10 bis 20 Uhr und gegebenenfalls samstags von 10 bis 17 Uhr statt.<\/p>\n\n\n\n<p>Die Firma Springer Kommunale Dienste wird durch Befragung den vorhandenen Hundebestand feststellen. Dabei tr\u00e4gt jeder Mitarbeiter sichtbar eine von der Stadt ausgestellte Legitimation mit sich, um sich auszuweisen. Zur Durchf\u00fchrung dieses Auftrages werden die Wohnungen nicht betreten und keine Steuern oder Geb\u00fchren vor Ort erhoben. Die im Zuge der CoronaPandemie geltenden Hygiene- und Abstandsvorschriften werden eingehalten.<\/p>\n\n\n\n<h4 class=\"wp-block-heading\">Bu\u00dfgeld droht bei Nichtanmeldung<\/h4>\n\n\n\n<p>Falls nicht gemeldete Hunde festgestellt werden, m\u00fcssen die betroffenen Hundehalter mit einer r\u00fcckwirkenden Steuerfestsetzung rechnen. Zudem k\u00f6nnen Bu\u00dfgelder bis zu 10.000 Euro geltend gemacht werden. Es empfiehlt sich deshalb, Hunde schnellstens anzumelden. Die j\u00e4hrliche Hundesteuer betr\u00e4gt derzeit 96 Euro f\u00fcr einen Hund. F\u00fcr einen Zweithund fallen 192 Euro an, f\u00fcr einen weiteren Vierbeiner ebenfalls 192 Euro.<\/p>\n\n\n\n<p>Ansprechpartnerin f\u00fcr alle Fragen rund um die Hundesteuer ist Marlene Birkenmeier (Telefon 06205 21-2240, <a href=\"mailto:m.birkenmeier@hockenheim.de\">m.birkenmeier@hockenheim.de<\/a>). Das Formular zur Hundesteueranmeldung ist \u00fcber die Internetseite der Stadt Hockenheim abrufbar oder kann bei Bedarf bei Marlene Birkenmeier angefordert werden. Die Anmeldung ist ausschlie\u00dflich per Post oder E-Mail m\u00f6glich<\/p>\n\n\n\n<p><em>Text: Stadtverwaltung Hockenheim Foto: Speyer 24\/7 News<br>02.05.2022<\/em><\/p>\n\n\n\n<h2 class=\"wp-block-heading\">Bauschutt illegal entsorgt<\/h2>\n\n\n\n<div class=\"wp-block-image\"><figure class=\"aligncenter size-full\"><img decoding=\"async\" loading=\"lazy\" width=\"800\" height=\"604\" src=\"https:\/\/speyer24news.com\/wp-content\/uploads\/2022\/05\/schutt.png\" alt=\"\" class=\"wp-image-45680\" srcset=\"https:\/\/speyer24news.com\/wp-content\/uploads\/2022\/05\/schutt.png 800w, https:\/\/speyer24news.com\/wp-content\/uploads\/2022\/05\/schutt-300x227.png 300w, https:\/\/speyer24news.com\/wp-content\/uploads\/2022\/05\/schutt-768x580.png 768w, https:\/\/speyer24news.com\/wp-content\/uploads\/2022\/05\/schutt-326x245.png 326w, https:\/\/speyer24news.com\/wp-content\/uploads\/2022\/05\/schutt-80x60.png 80w\" sizes=\"(max-width: 800px) 100vw, 800px\" \/><figcaption>Einfach in die Landschaft gekippt: An mehreren Stellen in der Stadt wurde illegal Bauschutt entsorgt.<br><em>Foto: Stadtverwaltung Hockenheim \/ Sascha Weber<\/em><\/figcaption><\/figure><\/div>\n\n\n\n<p>An mehreren Stellen in der Stadt wurde illegalerweise Bauschutt entsorgt. Unter der Br\u00fccke \u00fcber die B39 in Richtung der Benswiesen und an zwei weiteren Bereichen in der N\u00e4he des Segelflugplatzes wurden mehrere gr\u00f6\u00dfere Schutthaufen gefunden. Der Schutt am Flugplatz wurde sogar inmitten mehrerer Schutzgebietstypen (Fauna-Flora-Habitat, Vogelschutzgebiet, Landschaftsschutzgebiet) in den Graben des alten Kraichbachs abgekippt. Da dies eine Umweltverschmutzung ist und f\u00fcr die Entsorgung und entsprechende S\u00e4uberung der Gebiete hohe Kosten entstehen, wird die Stadt entsprechend Anzeige erstatten.<\/p>\n\n\n\n<p>Falls Bauschutt anf\u00e4llt, muss dieser zu den Deponien der AVR in Wiesloch (Bruchwiesen 8, 69168 Wiesloch) oder in Sinsheim (Gewann Saugrund, an der B 292, 74889 Sinsheim) gebracht werden. Wenn der Umfang unter f\u00fcnf Liter betr\u00e4gt, kann dieser auch \u00fcber die Restm\u00fclltonne entsorgt werden. Mehr Informationen zur Entsorgung finden sich auch im Abfall-ABC der AVR.<\/p>\n\n\n\n<p><em>Text: Stadtverwaltung Hockenheim Foto: Stadtverwaltung Hockenheim \/ Sascha Weber<br>29.04.2022<\/em><\/p>\n\n\n\n<h2 class=\"wp-block-heading\">STADTRADELN 2022 \u2013 Hockenheim ist dabei!<\/h2>\n\n\n\n<div class=\"wp-block-image\"><figure class=\"aligncenter size-full\"><img decoding=\"async\" loading=\"lazy\" width=\"800\" height=\"534\" src=\"https:\/\/speyer24news.com\/wp-content\/uploads\/2022\/05\/2022-04-28-Verwaltung_Stadtradeln.jpg\" alt=\"\" class=\"wp-image-45679\" srcset=\"https:\/\/speyer24news.com\/wp-content\/uploads\/2022\/05\/2022-04-28-Verwaltung_Stadtradeln.jpg 800w, https:\/\/speyer24news.com\/wp-content\/uploads\/2022\/05\/2022-04-28-Verwaltung_Stadtradeln-300x200.jpg 300w, https:\/\/speyer24news.com\/wp-content\/uploads\/2022\/05\/2022-04-28-Verwaltung_Stadtradeln-768x513.jpg 768w\" sizes=\"(max-width: 800px) 100vw, 800px\" \/><figcaption>Fahrradfahren ist gesund, macht Spa\u00df und hilft dem Klimaschutz: Ab auf\u2019s Rad und Kilometer sammeln beim STADTRADELN<br><em>Foto: Klima-B\u00fcndnis<\/em><\/figcaption><\/figure><\/div>\n\n\n\n<p>Die Stadt Hockenheim ist dieses Jahr wieder beim STADTRADELN dabei und m\u00f6chte gemeinsam mit allen mitwirkenden Kommunen des Rhein-Neckar-Kreises \u2013 insgesamt 54 \u2013 einen aktiven Beitrag zum Klimaschutz und zur F\u00f6rderung des Radverkehrs in der Region leisten. Der Wettbewerb des Klima-B\u00fcndnis wird in Baden-W\u00fcrttemberg im Rahmen der Landesinitiative RadKULTUR gef\u00f6rdert. Das Ziel: An 21 aufeinander folgenden Tagen sollen m\u00f6glichst viele Kilometer CO2-frei mit dem Rad oder Pedelec zur\u00fcckgelegt werden, dies kann man als Einzelfahrer tun oder auch im Team. Wer mitmachen m\u00f6chte, hat in den drei Wochen <strong>vom Sonntag, den 8. Mai bis Samstag, den 28. Mai<\/strong>, die Chance dazu. Einfach aufs Rad steigen und die geradelten Kilometer z\u00e4hlen. Diese werden dann auf der Internetseite <a href=\"http:\/\/www.stadtradeln.de\/rhein-neckar-kreis\">www.stadtradeln.de\/rhein-neckar-kreis<\/a> bei der jeweiligen Kommune eingetragen.<\/p>\n\n\n\n<p>Alternativ k\u00f6nnen Teilnehmer die Kilometer auch auf dem Flyer, der unter anderem im Rathaus und in der Gesch\u00e4ftsstelle des Hockenheimer Marketing Vereins ausliegt, notieren und bei der Stadt Hockenheim abgeben. Mitmachen lohnt sich doppelt \u2013 f\u00fcr das Klima und am Ende werden die aktivsten Radfahrerinnen, Radfahrer und Teams sowie die fahrradaktivsten Kommunen und Kommunalpolitiker in Deutschland ausgezeichnet. Also worauf noch warten? Einfach gemeinsam mit vielen anderen B\u00fcrgerinnen und B\u00fcrger aus Hockenheim in die Pedale treten. Wir freuen uns \u00fcber jeden Kilometer, der auf dem Rad zur\u00fcckgelegt wird.<\/p>\n\n\n\n<p>Als besonderen Anreiz vergibt die Stadt Hockenheim f\u00fcr die l\u00e4ngste gefahrene Strecke w\u00e4hrend der Aktion eine HMV-Rennstadtkarte im Wert von 44 Euro und verlost eine weitere im selben Wert unter allen Teilnehmern.<\/p>\n\n\n\n<h4 class=\"wp-block-heading\">Digitales Tracking<\/h4>\n\n\n\n<p>Mit der kostenfreien STADTRADELN-App k\u00f6nnen Teilnehmerinnen und Teilnehmer die geradelten Strecken via GPS tracken und direkt ihrem Team und ihrer Kommune gutschreiben. In der Ergebnis\u00fcbersicht ist auf einen Blick erkenntlich, wo das Team und die Kommune stehen. Im Team Chat k\u00f6nnen sich die Mitglieder zu gemeinsamen Touren verabreden oder sich gegenseitig anfeuern.<\/p>\n\n\n\n<h4 class=\"wp-block-heading\">Alle Infos zur Registrierung, zum Online-Radelkalender, Ergebnisse und vieles mehr auf der Internetseite <a href=\"http:\/\/www.stadtradeln.de\">www.stadtradeln.de<\/a>.<\/h4>\n\n\n\n<p><em>Text: Stadtverwaltung Hockenheim Foto: Klima-B\u00fcndnis<br>28.04.2022<\/em><\/p>\n\n\n\n<h2 class=\"wp-block-heading\">Lokale Agenda zeigt Dokumentarfilm<\/h2>\n\n\n\n<div class=\"wp-block-image\"><figure class=\"aligncenter size-full\"><img decoding=\"async\" loading=\"lazy\" width=\"800\" height=\"432\" src=\"https:\/\/speyer24news.com\/wp-content\/uploads\/2022\/05\/2022-04-27-Lokale-Agenda_Film.jpg\" alt=\"\" class=\"wp-image-45678\" srcset=\"https:\/\/speyer24news.com\/wp-content\/uploads\/2022\/05\/2022-04-27-Lokale-Agenda_Film.jpg 800w, https:\/\/speyer24news.com\/wp-content\/uploads\/2022\/05\/2022-04-27-Lokale-Agenda_Film-300x162.jpg 300w, https:\/\/speyer24news.com\/wp-content\/uploads\/2022\/05\/2022-04-27-Lokale-Agenda_Film-768x415.jpg 768w\" sizes=\"(max-width: 800px) 100vw, 800px\" \/><figcaption>Die Zukunft aktiv mitgestalten: Auch Klimaaktivistinnen und \u2013aktivisten werden im Film \u201eDie Welt sind wir\u201c portr\u00e4tiert.<br><em>Foto: Andreas Frickinger<\/em><\/figcaption><\/figure><\/div>\n\n\n\n<p>In was f\u00fcr einer Welt wollen wir leben? Der Dokumentarfilm \u201eDie Welt sind wir\u201c portraitiert Menschen, die aktiv einen Kulturwandel mitgestalten, der von Selbstreflexion, Menschlichkeit und nachhaltigem Denken gepr\u00e4gt ist. Das Team der Fairtrade-Stadt Hockenheim hat eine Vorstellung dieses Films organisiert, er l\u00e4uft am<strong> Donnerstag, 12. Mai <\/strong>um 19.30 Uhr im ersten Stock der Zehntscheune. Der Eintritt ist frei, die Verk\u00f6stigung vor Ort \u00fcbernimmt der Arche-Weltladen.<\/p>\n\n\n\n<p>Wie k\u00f6nnen wir in Zukunft leben, ohne unsere Lebensgrundlage \u2013 und die vieler anderer Lebensformen \u2013 zu zerst\u00f6ren? Die vielschichtigen gesellschaftlichen und \u00f6kologischen Krisen unserer Zeit zeigen immer deutlicher, dass ein tiefgreifender Kulturwandel notwendig ist. Wie k\u00f6nnen wir als Menschheit diese essentielle Krise nutzen, um uns sowohl individuell, aber auch als Gesellschaft weiterzuentwickeln? Wie h\u00e4ngen diese beiden Entwicklungen zusammen?<\/p>\n\n\n\n<p>Um Antworten auf die aufgeworfenen Fragen zu finden, portraitiert der Film inspirierende Menschen, die auf unterschiedliche Weise neue Denk- und Handlungsweisen lebendig werden lassen. Im Fokus steht dabei die Frage: Wie h\u00e4ngt inneres Wachstum und pers\u00f6nliche Weiterentwicklung\u2014insbesondere durch Entschleunigung, Achtsamkeit und mehr Bewusstheit\u2014mit kulturellem und gesellschaftlichem Wandel zusammen?<\/p>\n\n\n\n<p>Nach einer kurzen Anmoderation folgt die Filmvorstellung. Im Anschluss k\u00f6nnen sich die Zuschauerinnen und Zuschauer mit dem Filmemacherpaar Andreas und Melike Frickinger austauschen, die vor Ort sein werden und f\u00fcr Fragen und Gespr\u00e4che zur Verf\u00fcgung stehen.<\/p>\n\n\n\n<p><em>Text: Stadtverwaltung Hockenheim \/ Lokale Agenda Hockenheim <em>Foto: Andreas Frickinger<\/em> <br>27.04.2022<\/em><\/p>\n\n\n\n<h2 class=\"wp-block-heading\">Wenn\u2019s unter der Woche nicht klappt<\/h2>\n\n\n\n<p>Das Rathaus in Hockenheim bietet neben den regul\u00e4ren \u00d6ffnungszeiten zus\u00e4tzlich einmal im Monat einen weiteren \u00d6ffnungstermin am Samstag an, sodass auch die B\u00fcrgerinnen und B\u00fcrger ihre Termine im Rathaus erledigen k\u00f6nnen, bei denen es unter der Woche nicht klappt.<\/p>\n\n\n\n<h4 class=\"wp-block-heading\">Die offenen Samstage finden an den folgenden Tagen statt:<\/h4>\n\n\n\n<ul><li><strong>07.05.2022<\/strong><\/li><li><strong>04.06.2022<\/strong><\/li><li><strong>02.07.2022<\/strong><\/li><li><strong>06.08.2022<\/strong><\/li><li><strong>03.09.2022<\/strong><\/li><li><strong>08.10.2022<\/strong><\/li><li><strong>12.11.2022<\/strong><\/li><li><strong>03.12.2022<\/strong><\/li><\/ul>\n\n\n\n<p>Die \u00d6ffnungszeit an diesen Tagen ist jeweils von 9 bis 12 Uhr. Termine werden ausschlie\u00dflich nach vorheriger Anmeldung \u00fcber unseren Online-Terminkalender oder via Telefon (06205 \u2013 210) vergeben.<br>Das Rathaus m\u00f6chte mit dem zus\u00e4tzlichen Samstag den B\u00fcrgerinnen und B\u00fcrgern zus\u00e4tzlichen Service bieten und so eine weitere M\u00f6glichkeit darstellen, n\u00f6tige Beh\u00f6rdeng\u00e4nge zu erledigen.<\/p>\n\n\n\n<p><em>Stadtverwaltung Hockenheim<br>27.04.2022<\/em><\/p>\n\n\n\n<h1 class=\"has-text-align-center wp-block-heading\">Verkehrsnotiz<\/h1>\n\n\n\n<div class=\"wp-block-image\"><figure class=\"aligncenter size-full\"><img decoding=\"async\" loading=\"lazy\" width=\"800\" height=\"565\" src=\"https:\/\/speyer24news.com\/wp-content\/uploads\/2020\/01\/Baustelle-2.jpg\" alt=\"\" class=\"wp-image-23900\" srcset=\"https:\/\/speyer24news.com\/wp-content\/uploads\/2020\/01\/Baustelle-2.jpg 800w, https:\/\/speyer24news.com\/wp-content\/uploads\/2020\/01\/Baustelle-2-300x212.jpg 300w, https:\/\/speyer24news.com\/wp-content\/uploads\/2020\/01\/Baustelle-2-768x542.jpg 768w\" sizes=\"(max-width: 800px) 100vw, 800px\" \/><\/figure><\/div>\n\n\n\n<h2 class=\"wp-block-heading\">Teilsperrung der Oberen Hauptstra\u00dfe<\/h2>\n\n\n\n<p>Da die Obere Hauptstra\u00dfe in H\u00f6he von Hausnummer 88 <strong>ab dem 9. Mai<\/strong> aufgrund von Bauarbeiten halbseitig gesperrt wird, kann es dort zu Einschr\u00e4nkungen im Stra\u00dfenverkehr kommen. Fu\u00dfg\u00e4nger m\u00fcssen im Baustellenbereich auf die gegen\u00fcberliegende Stra\u00dfenseite ausweichen. Die Arbeiten an diesem Bauabschnitt <strong>dauern l\u00e4ngstens bis zum 31. August 2022.<\/strong><\/p>\n\n\n\n<p><em>Stadtverwaltung Hockenheim<br>04.05.2022<\/em><\/p>\n","protected":false},"excerpt":{"rendered":"<div class=\"mh-excerpt\"><p>Bek\u00e4mpfung des Eichenprozessionsspinners Ab Freitag, den 13. Mai, werden die Eichen im Stadtgebiet Hockenheim unter Verwendung eines zugelassenen Biozids zur Bek\u00e4mpfung des Eichenprozessionsspinners behandelt. Das Mittel wird von einem Traktor mit einer angebauten Spritzpumpe ausgebracht. <a class=\"mh-excerpt-more\" href=\"https:\/\/speyer24news.com\/?p=45677\" title=\"Hockenheim\">[&#8230;]<\/a><\/p>\n<\/div>","protected":false},"author":3,"featured_media":33076,"comment_status":"open","ping_status":"open","sticky":false,"template":"","format":"standard","meta":{"_monsterinsights_skip_tracking":false,"_monsterinsights_sitenote_active":false,"_monsterinsights_sitenote_note":"","_monsterinsights_sitenote_category":0,"footnotes":""},"categories":[489],"tags":[14256,13590,14253,530,14252,108,793,14257,14258,14260,1287,2206,10823,196,6121,14254,14255,1286,13809,2295,14259,9858],"aioseo_notices":[],"amp_enabled":true,"_links":{"self":[{"href":"https:\/\/speyer24news.com\/index.php?rest_route=\/wp\/v2\/posts\/45677"}],"collection":[{"href":"https:\/\/speyer24news.com\/index.php?rest_route=\/wp\/v2\/posts"}],"about":[{"href":"https:\/\/speyer24news.com\/index.php?rest_route=\/wp\/v2\/types\/post"}],"author":[{"embeddable":true,"href":"https:\/\/speyer24news.com\/index.php?rest_route=\/wp\/v2\/users\/3"}],"replies":[{"embeddable":true,"href":"https:\/\/speyer24news.com\/index.php?rest_route=%2Fwp%2Fv2%2Fcomments&post=45677"}],"version-history":[{"count":1,"href":"https:\/\/speyer24news.com\/index.php?rest_route=\/wp\/v2\/posts\/45677\/revisions"}],"predecessor-version":[{"id":45687,"href":"https:\/\/speyer24news.com\/index.php?rest_route=\/wp\/v2\/posts\/45677\/revisions\/45687"}],"wp:featuredmedia":[{"embeddable":true,"href":"https:\/\/speyer24news.com\/index.php?rest_route=\/wp\/v2\/media\/33076"}],"wp:attachment":[{"href":"https:\/\/speyer24news.com\/index.php?rest_route=%2Fwp%2Fv2%2Fmedia&parent=45677"}],"wp:term":[{"taxonomy":"category","embeddable":true,"href":"https:\/\/speyer24news.com\/index.php?rest_route=%2Fwp%2Fv2%2Fcategories&post=45677"},{"taxonomy":"post_tag","embeddable":true,"href":"https:\/\/speyer24news.com\/index.php?rest_route=%2Fwp%2Fv2%2Ftags&post=45677"}],"curies":[{"name":"wp","href":"https:\/\/api.w.org\/{rel}","templated":true}]}}