{"id":45690,"date":"2022-05-06T22:12:49","date_gmt":"2022-05-06T21:12:49","guid":{"rendered":"https:\/\/speyer24news.com\/?p=45690"},"modified":"2022-05-07T05:48:09","modified_gmt":"2022-05-07T04:48:09","slug":"eilmeldung-polizei-vermissten-suche","status":"publish","type":"post","link":"https:\/\/speyer24news.com\/?p=45690","title":{"rendered":"Eilmeldung Polizei \/ Vermissten Suche"},"content":{"rendered":"<style type=\"text\/css\">\r\n\t.ads_top_disp{}\r\n\t.ads_top_corner_disp{ float:left; margin:0px 10px 10px 0px; }\r\n\t.ads_first_p_disp{}\r\n\t.ads_bottom_disp{}\r\n\t<\/style>\n<h2 class=\"wp-block-heading\">R\u00fccknahme der Vermisstensuche nach 14-j\u00e4hrigem M\u00e4dchen aus Herxheim<\/h2>\n\n\n\n<p><strong>(Landau) &#8211;<\/strong> Freitagabend (06.05.2022) wurde durch die Polizei Landau eine \u00d6ffentlichkeitsfahndung nach einer 14-J\u00e4hrigen aus Herxheim ver\u00f6ffentlicht. Die Suche war erfolgreich, die Vermisste konnte wohlbehalten im Stadtgebiet Landau aufgegriffen werden. Die Polizeiinspektion Landau dankt der Bev\u00f6lkerung f\u00fcr die Mithilfe bei der Suche. Wir bitten alle ver\u00f6ffentlichten pers\u00f6nlichen Daten der Minderj\u00e4hrigen, insbesondere die Bilder, zu l\u00f6schen.<\/p>\n\n\n\n<p>Die bereits am Vormittag ver\u00f6ffentliche \u00d6ffentlichkeitsfahndung nach der 15-J\u00e4hrigen Vermissten aus Landau hat weiterhin bestand. (<a target=\"_blank\" rel=\"noreferrer noopener\" href=\"https:\/\/s.rlp.de\/unXn7\">https:\/\/s.rlp.de\/unXn7<\/a>)<\/p>\n\n\n\n<p><em>Polizeidirektion Landau<br>06.05.2022<\/em><\/p>\n\n\n\n<h2 class=\"wp-block-heading\">14-j\u00e4hriges M\u00e4dchen aus Herxheim wird vermisst, h\u00e4lt sich evtl. im Stadtgebiet Landau auf<\/h2>\n\n\n\n<p id=\"block-5a53ec56-2f26-4f76-be23-b61bf0a4a317\"><strong>(Landau) &#8211; <\/strong>Nach der erst am Donnerstag, 05.05.2022, ver\u00f6ffentlichten Fahndung nach einer 15-j\u00e4hrigen Jugendlichen aus Landau wurde heute, Freitag 06.06.2022, ein weiteres, 14-j\u00e4hriges M\u00e4dchen von den Eltern als vermisst gemeldet.<\/p>\n\n\n\n<p id=\"block-5a53ec56-2f26-4f76-be23-b61bf0a4a317\">Die Polizei bittet um Hinweise zum Aufenthalt der 14-j\u00e4hrigen Evelyn Mandy aus Herxheim. Das M\u00e4dchen verschwand heute, den 06.05.2022, nach einem Arzttermin in Landau.<\/p>\n\n\n\n<ul><li><strong>Mandy h\u00f6rt auf den Rufnamen Evelyn, ist 160 cm gro\u00df, hat braune, lange Haare, die sie \u00fcber die Schultern tr\u00e4gt.<\/strong><\/li><li><strong>Evelyn wirkt kindlicher als ihr Alter es vermuten l\u00e4sst. <\/strong><\/li><li><strong>Hinweise auf ihren aktuellen Aufenthalt liegen nicht vor. <\/strong><\/li><li><strong>Zum Zeitpunkt ihres Verschwindens trug sie wei\u00dfe Schuhe \u00e4hnlich Chucks, dreiviertel Jeans (blau, knielang, leicht gestreift), ein blau-weis gestreiftes Kurzarm-Shirt, eine schwarze Sweat-Jacke und keine Socken. <\/strong><\/li><li><strong>Es kann nicht ausgeschlossen werden, dass sich Evelyn in einer hilflosen Lage befindet.<\/strong><\/li><\/ul>\n\n\n\n<p>Hinweise nimmt die Polizei Landau und der Nummer 06341\/287-0 entgegen.<\/p>\n\n\n\n<p><em>Polizeidirektion Landau<br>06.05.2022<\/em><\/p>\n","protected":false},"excerpt":{"rendered":"<div class=\"mh-excerpt\"><p>R\u00fccknahme der Vermisstensuche nach 14-j\u00e4hrigem M\u00e4dchen aus Herxheim (Landau) &#8211; Freitagabend (06.05.2022) wurde durch die Polizei Landau eine \u00d6ffentlichkeitsfahndung nach einer 14-J\u00e4hrigen aus Herxheim ver\u00f6ffentlicht. Die Suche war erfolgreich, die Vermisste konnte wohlbehalten im Stadtgebiet <a class=\"mh-excerpt-more\" href=\"https:\/\/speyer24news.com\/?p=45690\" title=\"Eilmeldung Polizei \/ Vermissten Suche\">[&#8230;]<\/a><\/p>\n<\/div>","protected":false},"author":3,"featured_media":29028,"comment_status":"open","ping_status":"open","sticky":false,"template":"","format":"standard","meta":{"_monsterinsights_skip_tracking":false,"_monsterinsights_sitenote_active":false,"_monsterinsights_sitenote_note":"","_monsterinsights_sitenote_category":0,"footnotes":""},"categories":[12],"tags":[58,2865,14119,14262,359,1117,5513,14261,619,618],"aioseo_notices":[],"amp_enabled":true,"_links":{"self":[{"href":"https:\/\/speyer24news.com\/index.php?rest_route=\/wp\/v2\/posts\/45690"}],"collection":[{"href":"https:\/\/speyer24news.com\/index.php?rest_route=\/wp\/v2\/posts"}],"about":[{"href":"https:\/\/speyer24news.com\/index.php?rest_route=\/wp\/v2\/types\/post"}],"author":[{"embeddable":true,"href":"https:\/\/speyer24news.com\/index.php?rest_route=\/wp\/v2\/users\/3"}],"replies":[{"embeddable":true,"href":"https:\/\/speyer24news.com\/index.php?rest_route=%2Fwp%2Fv2%2Fcomments&post=45690"}],"version-history":[{"count":2,"href":"https:\/\/speyer24news.com\/index.php?rest_route=\/wp\/v2\/posts\/45690\/revisions"}],"predecessor-version":[{"id":45698,"href":"https:\/\/speyer24news.com\/index.php?rest_route=\/wp\/v2\/posts\/45690\/revisions\/45698"}],"wp:featuredmedia":[{"embeddable":true,"href":"https:\/\/speyer24news.com\/index.php?rest_route=\/wp\/v2\/media\/29028"}],"wp:attachment":[{"href":"https:\/\/speyer24news.com\/index.php?rest_route=%2Fwp%2Fv2%2Fmedia&parent=45690"}],"wp:term":[{"taxonomy":"category","embeddable":true,"href":"https:\/\/speyer24news.com\/index.php?rest_route=%2Fwp%2Fv2%2Fcategories&post=45690"},{"taxonomy":"post_tag","embeddable":true,"href":"https:\/\/speyer24news.com\/index.php?rest_route=%2Fwp%2Fv2%2Ftags&post=45690"}],"curies":[{"name":"wp","href":"https:\/\/api.w.org\/{rel}","templated":true}]}}