{"id":45700,"date":"2022-05-07T05:58:12","date_gmt":"2022-05-07T04:58:12","guid":{"rendered":"https:\/\/speyer24news.com\/?p=45700"},"modified":"2022-05-08T08:00:20","modified_gmt":"2022-05-08T07:00:20","slug":"vermissten-suche-oeffentlichkeitsfahndung-3","status":"publish","type":"post","link":"https:\/\/speyer24news.com\/?p=45700","title":{"rendered":"Vermissten Suche \/ \u00d6ffentlichkeitsfahndung"},"content":{"rendered":"<style type=\"text\/css\">\r\n\t.ads_top_disp{}\r\n\t.ads_top_corner_disp{ float:left; margin:0px 10px 10px 0px; }\r\n\t.ads_first_p_disp{}\r\n\t.ads_bottom_disp{}\r\n\t<\/style>\n<h2 class=\"wp-block-heading\">R\u00fccknahme der Vermisstensuche nach 15-j\u00e4hrigem M\u00e4dchen aus Landau<\/h2>\n\n\n\n<p><strong>(Landau) &#8211;<\/strong> Am 06.05.2022 wurde durch die Polizei Landau eine Vermisstenfahndung nach einem 15-j\u00e4hrigen M\u00e4dchen aus Landau ver\u00f6ffentlicht. Die Vermisste konnte wohlbehalten in Obhut genommen werden. Die Polizeiinspektion Landau bedankt sich f\u00fcr die Mithilfe bei der Suche und f\u00fcr die eingegangenen Hinweise.<\/p>\n\n\n\n<p><em>Polizeidirektion Landau<br>07.05.2022<\/em><\/p>\n\n\n\n<h2 class=\"wp-block-heading\">15-J\u00e4hrige aus Landau vermisst \/ \u00d6ffentlichkeitsfahndung<\/h2>\n\n\n\n<p><strong>(Landau) &#8211; <\/strong>Seit Mittwoch, 04.05.2022, wird die 15-j\u00e4hrige Stefanie\u00a0aus Landau\u00a0vermisst. Die 15-J\u00e4hrige wurde zuletzt am 04.05.2022, gegen 8 Uhr, in Landau gesehen. Seitdem ist ihr Aufenthaltsort unbekannt.\u00a0Durch die bisherigen polizeilichen Ma\u00dfnahmen konnte Stefanie nicht aufgefunden werden, sodass die \u00d6ffentlichkeit um Mithilfe gebeten wird.<\/p>\n\n\n\n<h3 class=\"wp-block-heading\">Personenbeschreibung \/ Besondere Hinweise:<\/h3>\n\n\n\n<ul><li><strong>Schwarze\/braune schulterlange Haare<\/strong><\/li><li><strong>blaue zerrissene Jeans<\/strong><\/li><li><strong>Nike-Schuhe (schwarz-wei\u00df)<\/strong><\/li><li><strong>bauchfreies Shirt<\/strong><\/li><li><strong>schwarz-wei\u00dfe Jacke<\/strong><\/li><li><strong>weinroter Rucksack mit wei\u00dfen Schn\u00fcren<\/strong><\/li><\/ul>\n\n\n\n<h3 class=\"wp-block-heading\">Beschreibung \/ Besondere Merkmale:<\/h3>\n\n\n\n<ul><li><strong>Tattoo an Kn\u00f6chel ( &#8222;smile&#8220;)&nbsp;<\/strong><\/li><\/ul>\n\n\n\n<h3 class=\"wp-block-heading\">Gesuchte Hinweise:<\/h3>\n\n\n\n<ul><li><strong>Wer hat Stefanie&nbsp;seit Mittwoch gesehen?<\/strong><\/li><li><strong>Wer kann Hinweise zum derzeitigen Aufenthaltsort von Stefanie&nbsp;geben?<\/strong><\/li><\/ul>\n\n\n\n<p>Hinweise nimmt die&nbsp;<strong>Polizei Landau&nbsp;<\/strong>unter der Telefonnummer unter 06341 287-0 oder per E-Mail unter <a href=\"mailto:pilandau@polizei.rlp.de\">pilandau@polizei.rlp.de<\/a> oder jede andere Polizeidienststelle entgegen.<\/p>\n\n\n\n<p><em>Polizeidirektion Landau<br>06.05.2022<\/em><\/p>\n","protected":false},"excerpt":{"rendered":"<div class=\"mh-excerpt\"><p>R\u00fccknahme der Vermisstensuche nach 15-j\u00e4hrigem M\u00e4dchen aus Landau (Landau) &#8211; Am 06.05.2022 wurde durch die Polizei Landau eine Vermisstenfahndung nach einem 15-j\u00e4hrigen M\u00e4dchen aus Landau ver\u00f6ffentlicht. Die Vermisste konnte wohlbehalten in Obhut genommen werden. Die <a class=\"mh-excerpt-more\" href=\"https:\/\/speyer24news.com\/?p=45700\" title=\"Vermissten Suche \/ \u00d6ffentlichkeitsfahndung\">[&#8230;]<\/a><\/p>\n<\/div>","protected":false},"author":3,"featured_media":29028,"comment_status":"open","ping_status":"open","sticky":false,"template":"","format":"standard","meta":{"_monsterinsights_skip_tracking":false,"_monsterinsights_sitenote_active":false,"_monsterinsights_sitenote_note":"","_monsterinsights_sitenote_category":0,"footnotes":""},"categories":[12],"tags":[58,2388,12093,1117,5513,619,6851,618,8871],"aioseo_notices":[],"amp_enabled":true,"_links":{"self":[{"href":"https:\/\/speyer24news.com\/index.php?rest_route=\/wp\/v2\/posts\/45700"}],"collection":[{"href":"https:\/\/speyer24news.com\/index.php?rest_route=\/wp\/v2\/posts"}],"about":[{"href":"https:\/\/speyer24news.com\/index.php?rest_route=\/wp\/v2\/types\/post"}],"author":[{"embeddable":true,"href":"https:\/\/speyer24news.com\/index.php?rest_route=\/wp\/v2\/users\/3"}],"replies":[{"embeddable":true,"href":"https:\/\/speyer24news.com\/index.php?rest_route=%2Fwp%2Fv2%2Fcomments&post=45700"}],"version-history":[{"count":2,"href":"https:\/\/speyer24news.com\/index.php?rest_route=\/wp\/v2\/posts\/45700\/revisions"}],"predecessor-version":[{"id":45744,"href":"https:\/\/speyer24news.com\/index.php?rest_route=\/wp\/v2\/posts\/45700\/revisions\/45744"}],"wp:featuredmedia":[{"embeddable":true,"href":"https:\/\/speyer24news.com\/index.php?rest_route=\/wp\/v2\/media\/29028"}],"wp:attachment":[{"href":"https:\/\/speyer24news.com\/index.php?rest_route=%2Fwp%2Fv2%2Fmedia&parent=45700"}],"wp:term":[{"taxonomy":"category","embeddable":true,"href":"https:\/\/speyer24news.com\/index.php?rest_route=%2Fwp%2Fv2%2Fcategories&post=45700"},{"taxonomy":"post_tag","embeddable":true,"href":"https:\/\/speyer24news.com\/index.php?rest_route=%2Fwp%2Fv2%2Ftags&post=45700"}],"curies":[{"name":"wp","href":"https:\/\/api.w.org\/{rel}","templated":true}]}}