{"id":45748,"date":"2022-05-08T15:42:03","date_gmt":"2022-05-08T14:42:03","guid":{"rendered":"https:\/\/speyer24news.com\/?p=45748"},"modified":"2022-05-09T06:15:19","modified_gmt":"2022-05-09T05:15:19","slug":"polizei-802","status":"publish","type":"post","link":"https:\/\/speyer24news.com\/?p=45748","title":{"rendered":"Polizei"},"content":{"rendered":"<style type=\"text\/css\">\r\n\t.ads_top_disp{}\r\n\t.ads_top_corner_disp{ float:left; margin:0px 10px 10px 0px; }\r\n\t.ads_first_p_disp{}\r\n\t.ads_bottom_disp{}\r\n\t<\/style>\n<h2 class=\"wp-block-heading\">Polizeimeldungen vom Sonntag (08.05.2022)<\/h2>\n\n\n\n<div class=\"wp-block-image\"><figure class=\"aligncenter size-full\"><img decoding=\"async\" loading=\"lazy\" width=\"375\" height=\"500\" src=\"https:\/\/speyer24news.com\/wp-content\/uploads\/2022\/03\/Aktuelles-Polizeilogo.jpg\" alt=\"\" class=\"wp-image-43591\" srcset=\"https:\/\/speyer24news.com\/wp-content\/uploads\/2022\/03\/Aktuelles-Polizeilogo.jpg 375w, https:\/\/speyer24news.com\/wp-content\/uploads\/2022\/03\/Aktuelles-Polizeilogo-225x300.jpg 225w\" sizes=\"(max-width: 375px) 100vw, 375px\" \/><\/figure><\/div>\n\n\n\n<h2 class=\"wp-block-heading\">(Speyer &amp; Hanhofen) &#8211; Mehrere Unfallfluchten im Dienstgebiet<\/h2>\n\n\n\n<p>Zu mehreren Unfallfluchten kam es im Dienstgebiet der Polizeiinspektion Speyer.<\/p>\n\n\n\n<p>Am 07.05.2022 gegen 23:00 Uhr kam es in der alten Landstra\u00dfe in Hanhofen zu einer Unfallflucht, bei der ein PKW-Fahrer vermutlich beim Wenden gegen einen Vorgartenzaun fuhr und diesen dabei stark besch\u00e4digt. Die Schadensh\u00f6he bel\u00e4uft sich hierbei auf ca. 2000 Euro. Durch eine Zeugin konnte ein blauer Kombi beobachtet werden, dieser war stark besch\u00e4digt und entfernte sich z\u00fcgig von der Unfall\u00f6rtlichkeit.<\/p>\n\n\n\n<p>Am 08.05.2022 gegen 03:20 Uhr kam es zu einer weiteren Unfallflucht auf einem Tankstellengel\u00e4nde in der Landauer Stra\u00dfe in Speyer. Hier fuhr der Fahrer eines Fiat gegen die Eingangsschiebet\u00fcr der Tankstelle und entfernte sich anschlie\u00dfend von der Unfall\u00f6rtlichkeit ohne sich um den entstandenen Schaden zu k\u00fcmmern. Hierbei entstand ein gesch\u00e4tzter Schaden an der T\u00fcr von 5000Euro.<\/p>\n\n\n\n<p>Eine weitere Unfallflucht ereignete sich am 08.05.2022 um 03:45 Uhr ebenfalls auf einem Tankstellengel\u00e4nde hier jedoch in der Industriestra\u00dfe in Speyer. Ein VW Polo Fahrer fuhr gegen einen dortigen Laternenpfahl, der m\u00e4nnliche Fahrer stieg anschlie\u00dfend aus seinem Fahrzeug aus und verlie\u00df die \u00d6rtlichkeit. Sein Fahrzeug lie\u00df er vor Ort zur\u00fcck. Dieses wurde zun\u00e4chst sichergestellt, weitere Ermittlungen bzgl. des Fahrers folgen. Am Laternenpfahl entstand Sachschaden in noch unbekannter H\u00f6he.<\/p>\n\n\n\n<p>Zeugen, die zu den oben aufgef\u00fchrten Unfallfluchten Hinweise geben k\u00f6nnen bzw. in der Nacht von Samstag auf Sonntag an den \u00d6rtlichkeiten verd\u00e4chtige Wahrnehmungen feststellen konnten, werden gebeten sich unter der Tel. 06232\/137-0 oder per Email (pispeyer@polizei.rlp.de) bei der Polizei Speyer zu melden.<\/p>\n\n\n\n<h2 class=\"wp-block-heading\">(Speyer) &#8211; R\u00e4uberischer Diebstahl auf offener Stra\u00dfe<\/h2>\n\n\n\n<div class=\"wp-block-image\"><figure class=\"aligncenter size-full\"><img decoding=\"async\" loading=\"lazy\" width=\"800\" height=\"600\" src=\"https:\/\/speyer24news.com\/wp-content\/uploads\/2019\/06\/Ausn\u00fcchterungszelle.jpg\" alt=\"\" class=\"wp-image-15212\" srcset=\"https:\/\/speyer24news.com\/wp-content\/uploads\/2019\/06\/Ausn\u00fcchterungszelle.jpg 800w, https:\/\/speyer24news.com\/wp-content\/uploads\/2019\/06\/Ausn\u00fcchterungszelle-300x225.jpg 300w, https:\/\/speyer24news.com\/wp-content\/uploads\/2019\/06\/Ausn\u00fcchterungszelle-768x576.jpg 768w, https:\/\/speyer24news.com\/wp-content\/uploads\/2019\/06\/Ausn\u00fcchterungszelle-678x509.jpg 678w, https:\/\/speyer24news.com\/wp-content\/uploads\/2019\/06\/Ausn\u00fcchterungszelle-326x245.jpg 326w, https:\/\/speyer24news.com\/wp-content\/uploads\/2019\/06\/Ausn\u00fcchterungszelle-80x60.jpg 80w\" sizes=\"(max-width: 800px) 100vw, 800px\" \/><\/figure><\/div>\n\n\n\n<p>Am Samstag, 07.05.2022, gegen 18:45 Uhr, stahl ein 26 j\u00e4hriger Bewohner der Gemeinde R\u00f6merberg, einer 28 j\u00e4hrigen Bewohnerin der Gemeinde Waldsee, als sie in Speyer mit Kinderwagen und einem Kind an der Hand die Bahnhofstra\u00dfe Richtung Innenstadt entlang ging, 100 Euro aus der Handtasche. Sie bemerkte den Diebstahl, verfolgte den T\u00e4ter und stellte ihn vor einem Einkaufsmarkt in der Maximilianstra\u00dfe zur Rede. Dabei kam es zu Handgreiflichkeiten, bei der die Gesch\u00e4digte leicht verletzt wurde (Kratzer an den Armen). Passanten konnten eingreifen und den T\u00e4ter fixieren, bis die Polizei vor Ort erschien. <\/p>\n\n\n\n<p>Da der Beschuldigte sich nicht beruhigen lie\u00df, herumschrie und in keinster Weise kooperativ war, musst er in Gewahrsam genommen werden, wo er verblieb, bis er sich soweit im Griff hatte, dass keine Gefahr mehr von ihm ausging. Ein Strafverfahren wegen r\u00e4uberischem Diebstahl wurde gegen den Beschuldigten eingeleitet. <\/p>\n\n\n\n<p>Ob der Beschuldigte unter Alkohol oder Drogen zum Tatzeitpunkt stand, wird erst das Ergebnis einer Blutprobe ergeben. Der Gesch\u00e4digten konnte das gestohlene Geld zur\u00fcckgegeben werden. Weitere Personen wurden nicht verletzt.<\/p>\n\n\n\n<h2 class=\"wp-block-heading\">(Limburgerhof \/ Mannheim) &#8211; Diebstahl aus Pkw in Limburgerhof \/ Aufgekl\u00e4rt in Mannheim, bevor er angezeigt wurde<\/h2>\n\n\n\n<p>Am Freitagmorgen, 06.05.2022, kontrollierten Beamte der Bundespolizei Mannheim einen 19-j\u00e4hrigen Mann am Hauptbahnhof in Mannheim. Der Mann f\u00fchrte u. a. zwei Smartphones mit, wobei er eines davon nicht entsperren konnte. Die Beamten sch\u00f6pften Verdacht und begannen zu ermitteln. Im weiteren Verlauf konnten die Beamten den tats\u00e4chlichen Eigent\u00fcmer &#8211; einen 57-J\u00e4hrigen aus Limburgerhof &#8211; ausfindig machen, der offensichtlich noch nicht den Verlust seines Telefons bemerkt hatte. Es stellte sich heraus, dass das Telefon in der vergangenen Nacht aus seinem geparkten Pkw in Limburgerhof, Untere Hart, zusammen mit weiteren Gegenst\u00e4nden, gestohlen worden ist. Gegen den 19-J\u00e4hrigen wurde ein Strafverfahren wegen Diebstahls aus Pkw eingeleitet.<\/p>\n\n\n\n<h2 class=\"wp-block-heading\">(Bellheim) &#8211; Betrunken die Kontrolle verloren<\/h2>\n\n\n\n<p>Eine 55-j\u00e4hrge Autofahrerin hat vermutlich aufgrund ihres Alkoholkonsums Samstagnachmittag in Bellheim in der Postgrabenstra\u00dfe die Kontrolle \u00fcber ihren Pkw verloren und kam von der Fahrbahn ab und besch\u00e4digte zwei geparkte Pkw, sowie die Bepflanzung des Parkstreifens. Durch den Aufprall wurde die Fahrerin leicht im Gesicht verletzt. Sie wurde in einem Krankenhaus versorgt. Ein Atemalkoholtest ergab bei ihr einen Wert von 2,96 Promille. Die Autofahrerin muss mit einem Strafverfahren rechnen.<\/p>\n\n\n\n<h2 class=\"wp-block-heading\">(B 9 \/ Germersheim) &#8211; Angetrunken hinter dem Steuer<\/h2>\n\n\n\n<p>Eine 41-j\u00e4hrige Mannheimerin wurde Sonntagfr\u00fch mit ihrem Pkw auf der B 9 einer Verkehrskontrolle unterzogen. Hierbei stellten die Polizeibeamten\/ *innen eine Alkoholfahne bei der Fahrerin fest. Ein durchgef\u00fchrter Atemalkoholtest ergab einen Wert von 0,9 Promille. Die 41-j\u00e4hrige musste mit zur Atemalkoholmessung. Die Weiterfahrt mit ihrem Pkw wurde ihr untersagt.<\/p>\n\n\n\n<h2 class=\"wp-block-heading\">(W\u00f6rth) &#8211; Verkehrsunfall mit Stra\u00dfenbahn \/ Gl\u00fcck im Ungl\u00fcck<\/h2>\n\n\n\n<p>Glimpflich ging am 07.05.2022 um 08.30 Uhr ein Zusammensto\u00df zwischen einem PKW und einer Stra\u00dfenbahn in W\u00f6rth aus. Die Stra\u00dfenbahn fuhr vom Bahnhof W\u00f6rth in Richtung Endhaltestelle. Ein PKW, welcher von einem 69-j\u00e4hrigen Autofahrer gef\u00fchrt wurde, befuhr die Stra\u00dfe Im B\u00f6del in Richtung Hanns-Martin-Schleyer-Stra\u00dfe. Nach derzeitigem Stand \u00fcbersah der Autofahrer das Rotlicht der Lichtzeichenanlage und fuhr \u00fcber den Gleisk\u00f6rper, obwohl von rechts sich eine Stra\u00dfenbahn n\u00e4herte. Trotz eingeleiteter Notbremsung der Stra\u00dfenbahn wurde der PKW seitlich erfasst und umhergeschleudert. Zum Gl\u00fcck gab es keinen Personenschaden, jedoch entstand am PKW und der Stra\u00dfenbahn erheblicher Sachschaden. Dieser d\u00fcrfte sich nach ersten Sch\u00e4tzungen im hohen, vielstelligen Bereich bewegen. Aufgrund des Unfalles kam es zu Verkehrsbeeintr\u00e4chtigungen im Verkehr. Die Stra\u00dfe an der Unfallstelle war f\u00fcr ca. 30 Minuten gesperrt, eine \u00f6rtliche Umleitung des Verkehrs erfolgte. Der Verkehrsunfall wird nach Abschluss der Ermittlungen der Bu\u00dfgeldstelle in Speyer vorgelegt. Dem Autofahrer d\u00fcrfte laut Bu\u00dfgeldkatalog ein nicht unerhebliches Bu\u00dfgeld auferlegt werden.<\/p>\n\n\n\n<h2 class=\"wp-block-heading\">(Berg) &#8211; Einbruch in die Gastst\u00e4tte Zollpavillon<\/h2>\n\n\n\n<p>Am 08.05.2022 um 09:00 Uhr meldet telefonisch auf hiesiger Dienststelle der P\u00e4chter der Gastst\u00e4tte Zollpavillon unweit des Grenz\u00fcberganges einen Einbruch. Als Tatzeitraum wird der 07.05.2022 ab 20 Uhr bis zum 08.05.2022 09:00 Uhr angegeben. Die Streife vor Ort stellte fest, dass Unbekannte eine Holzplatte, welche provisorisch am Fenster im r\u00fcckw\u00e4rtigen Bereich montiert war, herausgebrochen hatten. Das Geb\u00e4ude wurde offensichtlich betreten und in einem Raum wurden die Spielautomaten aufgebrochen und eine derzeit noch unbekannte Summe Bargeld entwendet. Eine Strafanzeige wurde aufgenommen, eine Spurensicherung vorgenommen. Zeugenhinweise werden gerne in dieser Angelegenheit bei der Polizeiinspektion W\u00f6rth unter der Rufnummer 07271-9221 oder unter&nbsp;<a href=\"mailto:piwoerth@polizei.rlp.de\">piwoerth@polizei.rlp.de<\/a>&nbsp;entgegengenommen.<\/p>\n\n\n\n<h2 class=\"wp-block-heading\">(Albersweiler) &#8211; Auto f\u00e4hrt in Queich<\/h2>\n\n\n\n<p>Am Samstag morgen gegen 05.00h kam ein 23-j\u00e4hriger Mann mit seinem PKW im Ortseingang Albersweiler von Birkweiler kommend in einer Rechtskurve von der Fahrbahn ab. Er fuhr geradeaus \u00fcber einen Radweg, eine B\u00f6schung hinunter in die Queich. Nach Eintreffen der Rettungskr\u00e4fte und der Polizei wurde der junge Mann vorsorglich in ein Krankenhaus gebracht. Weil Betriebsstoffe austraten, errichtete die Feuerwehr mehrere \u00d6lsperren. Mittels Kran wurde das Fahrzeug aus der Queich geborgen. Als Unfallursache d\u00fcrfte \u00fcberh\u00f6hte Geschwindigkeit und vermutlich Ablenkung mit einem Mobiltelefon in Frage kommen.<\/p>\n\n\n\n<h2 class=\"wp-block-heading\">(Landau) &#8211; R\u00fccknahme der Vermisstensuche nach 15-j\u00e4hrigem M\u00e4dchen<\/h2>\n\n\n\n<p>Am 06.05.2022 wurde durch die Polizei Landau eine Vermisstenfahndung nach einem 15-j\u00e4hrigen M\u00e4dchen aus Landau ver\u00f6ffentlicht. Die Vermisste konnte wohlbehalten in Obhut genommen werden. Die Polizeiinspektion Landau bedankt sich f\u00fcr die Mithilfe bei der Suche und f\u00fcr die eingegangenen Hinweise. Wir bitten sie alle ver\u00f6ffentlichten personenbezogenen Daten der Jugendlichen, insbesondere die Bilder, zu l\u00f6schen.<\/p>\n\n\n\n<h2 class=\"wp-block-heading\">(Roschbach) &#8211; Geschwindigkeitsmessung<\/h2>\n\n\n\n<p>Am Sonntagvormittag wurde durch die Polizei Edenkoben die Einhaltung der Geschwindigkeitsbegrenzung im Bereich der Kreuzung L516\/K54 \u00fcberwacht. Innerhalb von nur einer knappen halben Stunde mussten sieben Fahrzeugf\u00fchrer einer Verkehrskontrolle unterzogen werden, da sie die erlaubten 70 km\/h \u00fcberschritten. Der unr\u00fchmliche Spitzenreiter erreichte eine Geschwindigkeit von 93 km\/h.<\/p>\n\n\n\n<h2 class=\"wp-block-heading\">(Edenkoben) &#8211; Intensive Polizeikontrollen im Zusammenhang mit einer Feier von Rockern<\/h2>\n\n\n\n<figure class=\"wp-block-gallery columns-0 is-cropped wp-block-gallery-1 is-layout-flex wp-block-gallery-is-layout-flex\"><ul class=\"blocks-gallery-grid\"><li class=\"blocks-gallery-item\"><figure><img decoding=\"async\" loading=\"lazy\" width=\"800\" height=\"603\" src=\"https:\/\/speyer24news.com\/wp-content\/uploads\/2022\/05\/2205071.jpg\" alt=\"\" data-id=\"45770\" data-full-url=\"https:\/\/speyer24news.com\/wp-content\/uploads\/2022\/05\/2205071.jpg\" data-link=\"https:\/\/speyer24news.com\/?attachment_id=45770\" class=\"wp-image-45770\" srcset=\"https:\/\/speyer24news.com\/wp-content\/uploads\/2022\/05\/2205071.jpg 800w, https:\/\/speyer24news.com\/wp-content\/uploads\/2022\/05\/2205071-300x226.jpg 300w, https:\/\/speyer24news.com\/wp-content\/uploads\/2022\/05\/2205071-768x579.jpg 768w, https:\/\/speyer24news.com\/wp-content\/uploads\/2022\/05\/2205071-326x245.jpg 326w, https:\/\/speyer24news.com\/wp-content\/uploads\/2022\/05\/2205071-80x60.jpg 80w\" sizes=\"(max-width: 800px) 100vw, 800px\" \/><\/figure><\/li><li class=\"blocks-gallery-item\"><figure><img decoding=\"async\" loading=\"lazy\" width=\"800\" height=\"564\" src=\"https:\/\/speyer24news.com\/wp-content\/uploads\/2022\/05\/2205072.jpg\" alt=\"\" data-id=\"45771\" data-full-url=\"https:\/\/speyer24news.com\/wp-content\/uploads\/2022\/05\/2205072.jpg\" data-link=\"https:\/\/speyer24news.com\/?attachment_id=45771\" class=\"wp-image-45771\" srcset=\"https:\/\/speyer24news.com\/wp-content\/uploads\/2022\/05\/2205072.jpg 800w, https:\/\/speyer24news.com\/wp-content\/uploads\/2022\/05\/2205072-300x212.jpg 300w, https:\/\/speyer24news.com\/wp-content\/uploads\/2022\/05\/2205072-768x541.jpg 768w\" sizes=\"(max-width: 800px) 100vw, 800px\" \/><\/figure><\/li><li class=\"blocks-gallery-item\"><figure><img decoding=\"async\" loading=\"lazy\" width=\"800\" height=\"557\" src=\"https:\/\/speyer24news.com\/wp-content\/uploads\/2022\/05\/2205073.jpeg\" alt=\"\" data-id=\"45772\" data-full-url=\"https:\/\/speyer24news.com\/wp-content\/uploads\/2022\/05\/2205073.jpeg\" data-link=\"https:\/\/speyer24news.com\/?attachment_id=45772\" class=\"wp-image-45772\" srcset=\"https:\/\/speyer24news.com\/wp-content\/uploads\/2022\/05\/2205073.jpeg 800w, https:\/\/speyer24news.com\/wp-content\/uploads\/2022\/05\/2205073-300x209.jpeg 300w, https:\/\/speyer24news.com\/wp-content\/uploads\/2022\/05\/2205073-768x535.jpeg 768w\" sizes=\"(max-width: 800px) 100vw, 800px\" \/><\/figure><\/li><\/ul><\/figure>\n\n\n\n<p>Am Samstagabend (07.05.2022) veranstalteten die Hells Angels des Charter Neustadt eine Feier im Industriegebiet in Edenkoben.<\/p>\n\n\n\n<p>Die Polizei kontrollierte mit starken Kr\u00e4ften die Anreisenden, ihre Fahrzeuge und \u00fcberwachte die Veranstaltung.<\/p>\n\n\n\n<p>Es wurden insgesamt 231 Personen und 116 Fahrzeuge kontrolliert. Die Personen reisten aus dem gesamten Bundesgebiet und dem benachbarten Ausland an.<\/p>\n\n\n\n<p>Neben einem Versto\u00df gegen das Waffengesetz wurden neun Strafanzeigen wegen Verst\u00f6\u00dfen gegen das Vereinsgesetz eingeleitet, weil Personen verbotene Kennzeichen trugen.<\/p>\n\n\n\n<p>Im Einsatz waren \u00fcberwiegend Einsatzkr\u00e4fte des Polizeipr\u00e4sidiums Rheinpfalz und des Polizeipr\u00e4sidiums Einsatz, Logistik und Technik.<\/p>\n\n\n\n<h2 class=\"wp-block-heading\">(Neustadt) &#8211; Verkehrsunfall unter Alkoholeinfluss verursacht<\/h2>\n\n\n\n<p>Am Samstag, den 07.05.2022, gegen 19:50 Uhr befuhr ein 50-j\u00e4rhiger aus Neustadt, mit seinem PKW die A65 in Fahrtrichtung Landau. Zwischen der Anschlussstelle Deidesheim und Neustadt Nord streifte der PKW-Fahrer offensichtlich die linke und rechte Leitplanke. Bei der Unfallaufnahme konnten die Beamten bei dem 50-j\u00e4hrigen PKW-Fahrer deutlichen Alkoholgeruch wahrnehmen. Ein Atemalkoholtest ergab einen Wert von 3,47 Promille, woraufhin eine Blutprobe in der Polizeidienststelle entnommen wurde. Der F\u00fchrerschein wurde sichergestellt und vorl\u00e4ufig entzogen. Das Fahrzeug war nicht mehr fahrbereit und musste angeschleppt werden. Der 50-j\u00e4hrige PKW-Fahrer blieb unverletzt.<\/p>\n\n\n\n<p>Der PKW-Fahrer muss sich nun in einem Strafverfahren verantworten.<\/p>\n\n\n\n<h2 class=\"wp-block-heading\">(Ha\u00dfloch) &#8211; Verkehrsunfall mit Flucht<\/h2>\n\n\n\n<p>Am Samstagabend gegen 21:55 Uhr \u00fcberfuhr ein Pkw in der Forstgasse in Ha\u00dfloch, H\u00f6he Einm\u00fcndung Pfarrgasse, die dortige Verkehrsinsel und besch\u00e4digte Verkehrszeichen. Dabei wurde auch der Pkw vermutlich nicht unerheblich besch\u00e4digt, zahlreiche Fahrzeugteile blieben vor Ort liegen. Der Pkw setzte dann seine Fahrt aber fort und fl\u00fcchtete von der Unfallstelle. Zeugen des Unfallgeschehens werden gebeten, sich mit der Polizeiinspektion Ha\u00dfloch in Verbindung zu setzen.<\/p>\n\n\n\n<h2 class=\"wp-block-heading\">(Bad D\u00fcrkheim) &#8211; Dieb auf Flohmarkt gestellt<\/h2>\n\n\n\n<p>W\u00e4hrend des w\u00f6chentlichen Flohmarktes an den Salinen in Bad D\u00fcrkheim kam es am 07.05.2022, gegen 9:00 Uhr, zum Diebstahl eines Mobiltelefons. Durch eine aufmerksame Zeugin konnte der 19-j\u00e4hrige Beschuldigte im Bereich des Ausgangs gestellt und zur Herausgabe des Mobiltelefons bewegt werden. Nach erfolgter R\u00fcckgabe des Handys fl\u00fcchtete der Mann erneut, konnte jedoch durch die hinzugerufene Polizeistreife aufgegriffen werden. Nach erfolgter Anzeigenaufnahme wurde dem Beschuldigten ein Platzverweis f\u00fcr das Gel\u00e4nde ausgesprochen. Gegen den Mann wird nun wegen eines Diebstahls ermittelt.<\/p>\n\n\n\n<p>Die Polizei r\u00e4t bei stark besuchten Veranstaltungen, Wertgegenst\u00e4nde in verschlossenen Taschen, eng am K\u00f6rper, zu tragen.<\/p>\n\n\n\n<h2 class=\"wp-block-heading\">(Ellerstadt) &#8211; Entwerteten F\u00fchrerschein vorgezeigt<\/h2>\n\n\n\n<p>Einen entwerteten F\u00fchrerschein zeigte ein 75-j\u00e4hriger Verkehrsteilnehmer im Rahmen einer Kontrolle am 07.05.2022, gegen 21 Uhr, in Ellerstadt den eingesetzten Beamten vor. Im Verlauf der Ma\u00dfnahme stellte sich heraus, dass dem PKW-F\u00fchrer in der Vergangenheit die Fahrerlaubnis aufgrund von Trunkenheit im Verkehr entzogen wurde. Den Fahrer erwartet nun eine Strafanzeige wegen Fahrens ohne Fahrerlaubnis. Der entwertete F\u00fchrerschein wurde vor Ort sichergestellt.<\/p>\n\n\n\n<h2 class=\"wp-block-heading\">(Ludwigshafen) &#8211; Mit 3,16 Promille Unfall verursacht \/ F\u00fchrerschein beschlagnahmt<\/h2>\n\n\n\n<p>Am Nachmittag des 07.05.2022 wurde durch den Rettungsdienst bekannt, dass ein Radfahrer in der Pettenkofer Stra\u00dfe gest\u00fcrzt sei. Im Rahmen der Unfallaufnahme stellten die Polizeikr\u00e4fte beim 38-j\u00e4hrigen Ludwigshafener deutlichen Alkoholgeruch fest. Ein anschlie\u00dfend durchgef\u00fchrter Atemalkoholtest wies einen Wert von 3,16 Promille auf. Die Blutprobe wurde angeordnet und der Radfahrer zur medizinischen Versorgung in ein nahegelegenes Krankenhaus verbracht. Der F\u00fchrerschein wurde anschlie\u00dfend beschlagnahmt.<\/p>\n\n\n\n<p>Zeugen des Vorfalls werden gebeten sich bei der Polizeiinspektion 2 unter der 0621-9632222 zu melden.<\/p>\n\n\n\n<h2 class=\"wp-block-heading\">(Ludwigshafen) &#8211; Bedrohung und Verkehrsunfall unter Drogeneinfluss<\/h2>\n\n\n\n<div class=\"wp-block-image\"><figure class=\"aligncenter size-full\"><img decoding=\"async\" loading=\"lazy\" width=\"800\" height=\"533\" src=\"https:\/\/speyer24news.com\/wp-content\/uploads\/2021\/10\/Festnahme-Handschellen.jpg\" alt=\"\" class=\"wp-image-41224\" srcset=\"https:\/\/speyer24news.com\/wp-content\/uploads\/2021\/10\/Festnahme-Handschellen.jpg 800w, https:\/\/speyer24news.com\/wp-content\/uploads\/2021\/10\/Festnahme-Handschellen-300x200.jpg 300w, https:\/\/speyer24news.com\/wp-content\/uploads\/2021\/10\/Festnahme-Handschellen-768x512.jpg 768w\" sizes=\"(max-width: 800px) 100vw, 800px\" \/><\/figure><\/div>\n\n\n\n<p>Am Samstag, den 07.05.2022 gegen 08:45 Uhr traf der 50-J\u00e4hrige Gesch\u00e4digte aus Ludwigshafen in einer Bankfiliale in der Maudacher Stra\u00dfe auf den 29-J\u00e4hrigen Beschuldigten (obdachlos), der diesen offenbar ohne Grund anp\u00f6belte und sogar bedrohte.<\/p>\n\n\n\n<p>Als sich der 50-j\u00e4hrige daraufhin in seinen PKW fl\u00fcchtetet, verfolgte der 29-j\u00e4hrige diesen, trat dort gegen die Fahrert\u00fcr und schlug mit einem Stein gegen die Seitenscheibe.<\/p>\n\n\n\n<p>Beim Eintreffen der Polizeistreife, stieg der 29-j\u00e4hrige auf sein Fahrrad und versuchte zu fl\u00fcchten. Die Flucht endete jedoch nach wenigen Metern, als der 29-j\u00e4hrige gegen das Heck eines am Fahrbahnrand wartenden PKWs einer jungen Frau aus Ludwigshafen fuhr und dadurch zu Boden st\u00fcrzte.<\/p>\n\n\n\n<p>Der aufgebrachte und aggressive 29-J\u00e4hrige wurde gefesselt und fixiert, was ihn jedoch nicht davon abhielt die junge Frau ebenfalls verbal zu bedrohen.<\/p>\n\n\n\n<p>Des Weiteren stand der 29-J\u00e4hrige offenbar unter dem Einfluss von Bet\u00e4ubungsmitteln. Geringe Mengen f\u00fchrte dieser auch mit sich, ebenso wie ein verbotenes Einhandmesser, einen sogenannten Grinder und eine Feinwaage.<\/p>\n\n\n\n<p>Die mitgef\u00fchrten Gegenst\u00e4nde wurden beschlagnahmt und der 29-J\u00e4hrige f\u00fcr eine Blutprobe auf die Dienststelle verbracht.<\/p>\n\n\n\n<p>Verletzt hatte sich niemand.<\/p>\n\n\n\n<p>Der Sachschaden am PKW des 50-j\u00e4hrigen bel\u00e4uft sich auf ca. 3000EUR. Der Sachschaden am PKW der jungen Frau d\u00fcrfte sich auf ca. 1000EUR belaufen. Gegen den 29-J\u00e4hrigen wurden Strafverfahren wegen Gef\u00e4hrdung des Stra\u00dfenverkehrs unter Bet\u00e4ubungsmitteleinflusses, mehrfacher Bedrohung, Sachbesch\u00e4digung und Versto\u00dfes gegen das Bet\u00e4ubungsmittelgesetz eingeleitet.<\/p>\n\n\n\n<h2 class=\"wp-block-heading\">(Ludwigshafen) &#8211; Sachbesch\u00e4digung an PKW<\/h2>\n\n\n\n<p>In der Nacht vom 06.05.2022 auf den 07.05.2022 kam auf dem Parkplatz &#8222;Am Weidenschlag&#8220; zu einer Sachbesch\u00e4digung. Demnach besch\u00e4digte ein unbekannter T\u00e4ter durch Zerkratzen einen schwarzen Skoda eines Anwohners. Es entstand Sachschaden am Skoda in H\u00f6he von ca. 300EUR.<\/p>\n\n\n\n<p>Zeugen werden gebeten sich bei der Polizeiwache Oggersheim unter der 0621-9632403 zu melden.<\/p>\n\n\n\n<h2 class=\"wp-block-heading\">(Mannheim) &#8211; Aufzug durch Mannheimer Innenstadt \/ Geringe Verkehrsbeeintr\u00e4chtigungen<\/h2>\n\n\n\n<div class=\"wp-block-image\"><figure class=\"aligncenter size-large\"><img decoding=\"async\" loading=\"lazy\" width=\"1024\" height=\"512\" src=\"https:\/\/speyer24news.com\/wp-content\/uploads\/2022\/01\/Demonstration-1024x512.png\" alt=\"\" class=\"wp-image-43221\" srcset=\"https:\/\/speyer24news.com\/wp-content\/uploads\/2022\/01\/Demonstration-1024x512.png 1024w, https:\/\/speyer24news.com\/wp-content\/uploads\/2022\/01\/Demonstration-300x150.png 300w, https:\/\/speyer24news.com\/wp-content\/uploads\/2022\/01\/Demonstration-768x384.png 768w, https:\/\/speyer24news.com\/wp-content\/uploads\/2022\/01\/Demonstration.png 1200w\" sizes=\"(max-width: 1024px) 100vw, 1024px\" \/><\/figure><\/div>\n\n\n\n<p>Am Samstagabend fand in den Mannheimer Quadraten eine Versammlung mit etwa 900 Teilnehmern statt. Die Versammlung startete gegen 18:00 Uhr am Marktplatz und zog nach einer Auftaktkundgebung als Aufzug durch die Innenstadt. Im Verlauf kam es wiederholt zum Abbrennen von Pyrotechnik in Form von bengalischen Fackeln, Rauchfackeln sowie zum Z\u00fcnden von B\u00f6llern. Auch wurden das Stadthaus, das Landgericht, das Polizeirevier Mannheim-Innenstadt sowie weitere Geb\u00e4ude mittels W\u00fcrfen durch Farbbeutel und -flaschen sowie Spr\u00fchfarbe besch\u00e4digt. Die Ermittlungen zu den T\u00e4tern dauern an. Es kam zu keinerlei t\u00e4tlichen Angriffen auf die eingesetzten Polizeibeamtinnen und -beamten. Die Versammlung endete gegen 20:20 Uhr wieder am Marktplatz.<\/p>\n\n\n\n<h2 class=\"wp-block-heading\">(Mannheim-Feudenheim) &#8211; Verletzter Schwan auf der Sudetenstra\u00dfe<\/h2>\n\n\n\n<p>Am Samstag morgen gegen 11.00 Uhr meldeten mehrere Verkehrsteilnehmer einen vermutlich verletzten, offensichtlich flugunf\u00e4higen Schwan auf der Sudetenstra\u00dfe. Zusammen mit dem zust\u00e4ndigen Jagdp\u00e4chter wurde der Schwan dann gemeinsam mit einer Streife des Reviers K\u00e4fertal in Richtung Vogelstangsee getrieben, da ein Einfangen das Tier nur noch mehr gestresst h\u00e4tte. Am See besteht nun die beste Chance, dass sich der Schwan wieder erholen kann.<\/p>\n\n\n\n<h2 class=\"wp-block-heading\">(Heidelberg) &#8211; Betrunkener E-Scooter Fahrer nimmt Polizei die Vorfahrt und wird aus dem Verkehr gezogen<\/h2>\n\n\n\n<p>Am fr\u00fchen Sonntagmorgen gegen. ca, 03:00 Uhr befuhr ein 25-j\u00e4hriger E-Scooter Fahrer die Kleine Pl\u00f6ck in Richtung Gro\u00dfe Pl\u00f6ck. Als er die Sofienstra\u00dfe \u00fcberquerte, missachtete er die Vorfahrt eines dort fahrenden Streifenwagens, woraufhin die Beamten den Fahrer einer Verkehrskontrolle unterzogen. Hierbei stellten sie deutlichen Alkoholgeruch ausgehend von dem 25-j\u00e4hrigen fest. Ein im Anschluss durchgef\u00fchrter Atemalkoholtest ergab einen Wert von \u00fcber 1,2 Promille. Der Fahrer musste die Beamten daraufhin zum Polizeirevier begleiten, wo eine Blutentnahme durchgef\u00fchrt wurde. Neben f\u00fchrerscheinrechtlichen Konsequenzen muss sich der Fahrer nun wegen des Vorfahrtsversto\u00dfes und Trunkenheit im Verkehr verantworten.<\/p>\n\n\n\n<h2 class=\"wp-block-heading\">(Heidelberg) &#8211; 26-j\u00e4hriger E-Scooter-Fahrer mit fast 1,1 Promille unterwegs<\/h2>\n\n\n\n<p>In der Nacht von Samstag auf Sonntag, gegen 00.25 Uhr, fiel einer Streife des Polizeireviers Heidelberg-Nord in der Handschuhsheimer Landstra\u00dfe ein E-Scooter auf, der mit einem jungen Mann besetzt war. Bei einer anschlie\u00dfend durchgef\u00fchrten Verkehrskontrolle wurde deutlicher Alkoholgeruch festgestellt, woraufhin der Fahrer angab, sich zuvor in einer Bar aufgehalten und Bier getrunken zu haben. Ein Atemalkoholtest ergab einen Wert von 1,1 Promille. Der Fahrer musste die Beamten daraufhin zum Polizeirevier begleiten, wo eine Blutentnahme durchgef\u00fchrt wurde. Seine Fahrt durfte der Fahrer im Anschluss nat\u00fcrlich nicht fortsetzen. Ihn erwartet nun ein Strafverfahren wegen Trunkenheit im Stra\u00dfenverkehr.<\/p>\n\n\n\n<h2 class=\"wp-block-heading\">(Heidelberg-Rohrbach) &#8211; Zeugenaufruf nach Unfallflucht<\/h2>\n\n\n\n<p>Im Zeitraum von Freitag, den 06.05.2022, 20.00 Uhr bis Samstag, den 07.05.2022, 17.30 Uhr, wurde ein, in der Max-Joseph-Stra\u00dfe in Fahrtrichtung Augustastra\u00dfe geparktes Fahrzeug besch\u00e4digt. Bei dem Pkw handelt es sich um einen Skoda Octavia, der am linken Fahrbahnrand geparkt war und an der Beifahrerseite besch\u00e4digt wurde. Der Sachschaden bel\u00e4uft sich auf ca. 1.000,00 Euro. Zeugen werden gebeten sich mit dem Polizeirevier HD-S\u00fcd, Tel.: 06221\/34180, in Verbindung zu setzen.<\/p>\n\n\n\n<h2 class=\"wp-block-heading\">(A 6 \/ Reilingen \/ Rhein-Neckar-Kreis) &#8211;  T\u00f6dlicher Verkehrsunfall auf BAB 6 \/ Vollsperrung in Fahrtrichtung Mannheim<\/h2>\n\n\n\n<div class=\"wp-block-image\"><figure class=\"aligncenter size-full\"><img decoding=\"async\" loading=\"lazy\" width=\"800\" height=\"533\" src=\"https:\/\/speyer24news.com\/wp-content\/uploads\/2021\/01\/Ruhe-in-Frieden.jpg\" alt=\"\" class=\"wp-image-32361\" srcset=\"https:\/\/speyer24news.com\/wp-content\/uploads\/2021\/01\/Ruhe-in-Frieden.jpg 800w, https:\/\/speyer24news.com\/wp-content\/uploads\/2021\/01\/Ruhe-in-Frieden-300x200.jpg 300w, https:\/\/speyer24news.com\/wp-content\/uploads\/2021\/01\/Ruhe-in-Frieden-768x512.jpg 768w\" sizes=\"(max-width: 800px) 100vw, 800px\" \/><\/figure><\/div>\n\n\n\n<p>Derzeit (08.05.2022 \u2013 03:19) sind die Rettungskr\u00e4fte auf der BAB 6 in Fahrtrichtung Mannheim im Einsatz. Kurz hinter dem Walldorfer Kreuz kam es zu einem Verkehrsunfall. Die Fahrspur in Richtung Mannheim ist derzeit voll gesperrt. \u00dcber Verletzungen oder den Unfallhergang k\u00f6nnen noch keine Aussagen getroffen werden.<\/p>\n\n\n\n<h3 class=\"has-text-align-center wp-block-heading\">Pressemeldung Nr 2<\/h3>\n\n\n\n<p>Am fr\u00fchen Sonntagmorgen gegen ca. 03:00 Uhr kam es auf der BAB A6 zwischen dem AK Walldorf und dem AD Hockenheim zu einem schweren Verkehrsunfall, bei dem eine Person t\u00f6dlich verletzt wurde. Der 19-j\u00e4hrige Fahrer eines BMW befuhr gegen ca. 03:00 Uhr mit insgesamt drei Mitfahrern im Fahrzeug die BAB A6 mit hoher Geschwindigkeit in Fahrtrichtung Mannheim. Aufgrund eines pl\u00f6tzlichen Reifenschadens geriet das Fahrzeug ins Schleudern, kollidierte mit einem auf dem rechten Fahrstreifen fahrenden Sattelzug und kam anschlie\u00dfend von der Fahrbahn ab. In Folge dessen \u00fcberschlug sich der BMW mehrfach und kam schlie\u00dflich im Gr\u00fcnstreifen neben der Fahrbahn zum Stehen. Durch den Unfall erlitt der 20-j\u00e4hrige Beifahrer schwere Kopfverletzungen, an denen er noch an der Unfallstelle verstarb. Der Fahrer und die beiden weiteren 19- und 20-j\u00e4hrigen Mitfahrer wurden schwer verletzt. Sie wurden nach einer vor Ort durchgef\u00fchrten Erstversorgung durch Rettungskr\u00e4fte in umliegende Krankenh\u00e4user eingeliefert. Insgesamt entstand ein Sachschaden von mindestens 40.000 Euro. F\u00fcr die Dauer der Unfallaufnahme und Bergungsarbeiten musste die BAB A6 zwischen dem AK Walldorf und dem AD Hockenheim in Fahrtrichtung Mannheim zwischen 03:10 Uhr und 08:30 Uhr voll gesperrt werden. Das Autobahnpolizeirevier in Walldorf hat die weiteren Ermittlungen zum Unfall \u00fcbernommen.<\/p>\n\n\n\n<h2 class=\"wp-block-heading\">(L 532 \/ Reichartshausen \/ Rhein-Neckar-Kreis) &#8211; Verkehrsunfall unter Beteiligung einer Motorradfahrerin<\/h2>\n\n\n\n<p>Zwischen Reichartshausen und Aglasterhausen auf der Landesstra\u00dfe 532 kam kurz nach 11:30 Uhr aus bislang noch nicht bekannten Gr\u00fcnden eine Motorradfahrerin von der Fahrbahn ab und verunfallte im angrenzenden Gr\u00fcnstreifen. Aufgrund der ersten Meldungen \u00fcber die Verletzungen kommt ein Rettungshubschrauber zur medizinischen Versorgung an die Unfallstelle.<\/p>\n\n\n\n<h2 class=\"wp-block-heading\">(Reisenbach \/ Rhein-Neckar-Kreis) &#8211; Motorradfahrer kommt durch Wildwechsel zu sturz und wird schwer verletzt.<\/h2>\n\n\n\n<p>Am 07.05.2022 kam es gegen 11:30 Uhr auf der K4114 zwischen Gaim\u00fchle und Reisenbach zu einem Verkehrsunfall, bei dem ein Motorradfahrer schwer verletzt wurde. Der 61-j\u00e4hrige Fahrer einer Honda befuhr die K4114 in Richtung Reisenbach, als pl\u00f6tzlich mehrere Rehe aus dem angrenzenden Waldbereich auf die Fahrbahn liefen. Eines der Rehe sprang hierbei seitlich in den vorbeifahrenden Motorradfahrer, wodurch dieser zu Sturz kam und schwer verletzt wurde. Der 61-j\u00e4hrige wird daraufhin durch Rettungskr\u00e4fte erstversorgt und mittels Rettungshubschrauber in ein Krankenhaus eingeliefert. Zum entstandenen Sachschaden liegen aktuell keine Informationen vor. Die K4114 musste f\u00fcr die Dauer der Unfallaufnahme- und bergungsarbeiten f\u00fcr die Dauer von ca. einer Stunde voll gesperrt werden.<\/p>\n\n\n\n<h2 class=\"wp-block-heading\">(Weinheim) &#8211; Nach Unfall zu Fu\u00df gefl\u00fcchtet<\/h2>\n\n\n\n<p>Am fr\u00fchen Sonntag morgen rammte ein betrunkener Skodafahrer in Weinheim in der Ahornstra\u00dfe einen geparkten Landrover, prallte an diesem ab, schleuderte gegen einen geparkten Smart und schob diesen auf den ebenfalls geparkten Golf. Der Fahrer zog sich hierbei leichte Verletzungen zu. Sein eigenes Fahrzeug und der Landrover wurden bei dem Unfall komplett zerst\u00f6rt. Ein Anwohner der Ahornstra\u00dfe wurde aufgrund des lautstarken Aufpralls wach und verst\u00e4ndigte unverz\u00fcglich die Polizei. Als sich weitere Passanten dem Verunfallten n\u00e4herten, stieg dieser aus seinem Fahrzeug und fl\u00fcchtete zu Fu\u00df. Er wurde durch die Passanten und die gerade eingetroffenen Polizeibeamten verfolgt und konnte kurze Zeit sp\u00e4ter festgenommen werden. Aufgrund der Unfallverletzungen musste der sichtlich alkoholisierte Autofahrer zur weiteren Behandlung ins Krankenhaus verbracht werden. Der Unfall wurde durch das Polizeirevier Weinheim aufgenommen und weitere Ermittlungen eingeleitet.<\/p>\n","protected":false},"excerpt":{"rendered":"<div class=\"mh-excerpt\"><p>Polizeimeldungen vom Sonntag (08.05.2022) (Speyer &amp; Hanhofen) &#8211; Mehrere Unfallfluchten im Dienstgebiet Zu mehreren Unfallfluchten kam es im Dienstgebiet der Polizeiinspektion Speyer. Am 07.05.2022 gegen 23:00 Uhr kam es in der alten Landstra\u00dfe in Hanhofen <a class=\"mh-excerpt-more\" href=\"https:\/\/speyer24news.com\/?p=45748\" title=\"Polizei\">[&#8230;]<\/a><\/p>\n<\/div>","protected":false},"author":3,"featured_media":26162,"comment_status":"open","ping_status":"open","sticky":false,"template":"","format":"standard","meta":{"_monsterinsights_skip_tracking":false,"_monsterinsights_sitenote_active":false,"_monsterinsights_sitenote_note":"","_monsterinsights_sitenote_category":0,"footnotes":""},"categories":[12],"tags":[7243,7244,3614,702,61,2555,6955,6986,6263,63,105,11150,6987,53,4854,13534,4683,1548,4905,11592,102,213,13541,55,8277,6368,5261,103,106,2803,2423,427,2625,380,62,104,979,1565],"aioseo_notices":[],"amp_enabled":true,"_links":{"self":[{"href":"https:\/\/speyer24news.com\/index.php?rest_route=\/wp\/v2\/posts\/45748"}],"collection":[{"href":"https:\/\/speyer24news.com\/index.php?rest_route=\/wp\/v2\/posts"}],"about":[{"href":"https:\/\/speyer24news.com\/index.php?rest_route=\/wp\/v2\/types\/post"}],"author":[{"embeddable":true,"href":"https:\/\/speyer24news.com\/index.php?rest_route=\/wp\/v2\/users\/3"}],"replies":[{"embeddable":true,"href":"https:\/\/speyer24news.com\/index.php?rest_route=%2Fwp%2Fv2%2Fcomments&post=45748"}],"version-history":[{"count":5,"href":"https:\/\/speyer24news.com\/index.php?rest_route=\/wp\/v2\/posts\/45748\/revisions"}],"predecessor-version":[{"id":45773,"href":"https:\/\/speyer24news.com\/index.php?rest_route=\/wp\/v2\/posts\/45748\/revisions\/45773"}],"wp:featuredmedia":[{"embeddable":true,"href":"https:\/\/speyer24news.com\/index.php?rest_route=\/wp\/v2\/media\/26162"}],"wp:attachment":[{"href":"https:\/\/speyer24news.com\/index.php?rest_route=%2Fwp%2Fv2%2Fmedia&parent=45748"}],"wp:term":[{"taxonomy":"category","embeddable":true,"href":"https:\/\/speyer24news.com\/index.php?rest_route=%2Fwp%2Fv2%2Fcategories&post=45748"},{"taxonomy":"post_tag","embeddable":true,"href":"https:\/\/speyer24news.com\/index.php?rest_route=%2Fwp%2Fv2%2Ftags&post=45748"}],"curies":[{"name":"wp","href":"https:\/\/api.w.org\/{rel}","templated":true}]}}