{"id":45783,"date":"2022-05-09T07:17:53","date_gmt":"2022-05-09T06:17:53","guid":{"rendered":"https:\/\/speyer24news.com\/?p=45783"},"modified":"2022-05-09T07:17:55","modified_gmt":"2022-05-09T06:17:55","slug":"mannheimer-stadtparks-luisenpark-herzogenriedpark","status":"publish","type":"post","link":"https:\/\/speyer24news.com\/?p=45783","title":{"rendered":"Mannheimer Stadtparks Luisenpark &#038; Herzogenriedpark"},"content":{"rendered":"<style type=\"text\/css\">\r\n\t.ads_top_disp{}\r\n\t.ads_top_corner_disp{ float:left; margin:0px 10px 10px 0px; }\r\n\t.ads_first_p_disp{}\r\n\t.ads_bottom_disp{}\r\n\t<\/style>\n<h2 class=\"wp-block-heading\">Wocheninfo aus den Mannheimer Stadtparks von 12. bis 18. Mai 2022<\/h2>\n\n\n\n<h3 class=\"wp-block-heading\">brandherd goes Muschel<br>Rodeo FM \/\/ Berlin \/\/ Country, Folk &amp; Blues<\/h3>\n\n\n\n<div class=\"wp-block-image\"><figure class=\"aligncenter size-full\"><img decoding=\"async\" loading=\"lazy\" width=\"800\" height=\"532\" src=\"https:\/\/speyer24news.com\/wp-content\/uploads\/2022\/05\/RodeoFM.jpg\" alt=\"\" class=\"wp-image-45790\" srcset=\"https:\/\/speyer24news.com\/wp-content\/uploads\/2022\/05\/RodeoFM.jpg 800w, https:\/\/speyer24news.com\/wp-content\/uploads\/2022\/05\/RodeoFM-300x200.jpg 300w, https:\/\/speyer24news.com\/wp-content\/uploads\/2022\/05\/RodeoFM-768x511.jpg 768w\" sizes=\"(max-width: 800px) 100vw, 800px\" \/><\/figure><\/div>\n\n\n\n<p>Rodeo FM spielen ihren Alt-Country-Americana Mix mit Indie-Rock Attitude seit \u00fcber 15 Jahren &#8211; in Punk-Kellern und auf Vernissagen, auf Hochzeiten und Beerdigungen, in Bierzelten, Saloons und Nachtclubs, auf Jazz Festivals, Weinbergen, Symposien und Demonstrationen. Sie haben Tanzfl\u00e4chen von S\u00fcdfrankreich bis zur Ost-Ukraine gef\u00fcllt. Crosby, Stills, Nash and Young, Whiskeytown, Tom Petty oder The Band sind die Namen mit denen sie verglichen werden. Aber damit nicht genug \u2013 Rodeo FM beschreiben unabl\u00e4ssig den verfaulten Status des (Sp\u00e4t)-Kapitalismus und stehen damit auch in der Tradition von Woody Guthrie, Bob Dylan und Antonio Gramsci. Sie haben erhebliches Lob und gute Kritiken von zahlreichen Blogs und Magazinen bekommen.<\/p>\n\n\n\n<p><a href=\"https:\/\/deref-web.de\/mail\/client\/o1PVaMl4wxE\/dereferrer\/?redirectUrl=https%3A%2F%2Fwww.herzogenriedpark.de%2Fveranstaltungen%2Fbrandherd-goes-muschel%2Frodeo-fm%2F2022%2F05%2F15%2Fwww.rodeo.fm\" target=\"_blank\" rel=\"noreferrer noopener\">www.rodeo.fm<\/a><br><a href=\"https:\/\/deref-web.de\/mail\/client\/KTrK2a62uIM\/dereferrer\/?redirectUrl=http%3A%2F%2Fwww.youtube.com%2Fmrrodeofm%E2%80%A8\" target=\"_blank\" rel=\"noreferrer noopener\">www.youtube.com\/mrrodeofm<\/a><br><a href=\"https:\/\/deref-web.de\/mail\/client\/tuQ6MieG7gw\/dereferrer\/?redirectUrl=https%3A%2F%2Fwww.herzogenriedpark.de%2Fveranstaltungen%2Fbrandherd-goes-muschel%2Frodeo-fm%2F2022%2F05%2F15%2Fwww.rodeofmberlin.bandcamp.com\" target=\"_blank\" rel=\"noreferrer noopener\">www.rodeofmberlin.bandcamp.com<\/a><br><a href=\"https:\/\/deref-web.de\/mail\/client\/ErnWTNpNjBI\/dereferrer\/?redirectUrl=http%3A%2F%2Fwww.facebook.com%2Frodeofm\" target=\"_blank\" rel=\"noreferrer noopener\">www.facebook.com\/rodeofm<\/a><\/p>\n\n\n\n<h4 class=\"wp-block-heading\">So., 15.05.2022, 15\u00a0Uhr,\u00a0Konzertmuschel<\/h4>\n\n\n\n<h2 class=\"wp-block-heading\">Und im\u00a0<strong>Luisenpark\u00a0<\/strong>wird es gr\u00fcn:<\/h2>\n\n\n\n<h3 class=\"wp-block-heading\">FAMILIEN WOCHENEND SPECIAL &#8211; Kamille, Lein und L\u00f6wenzahn<\/h3>\n\n\n\n<div class=\"wp-block-image\"><figure class=\"aligncenter size-full\"><img decoding=\"async\" loading=\"lazy\" width=\"800\" height=\"600\" src=\"https:\/\/speyer24news.com\/wp-content\/uploads\/2022\/05\/Familien-Wochenend-Special_Kamille-Lein-Loewenzahn.jpg\" alt=\"\" class=\"wp-image-45791\" srcset=\"https:\/\/speyer24news.com\/wp-content\/uploads\/2022\/05\/Familien-Wochenend-Special_Kamille-Lein-Loewenzahn.jpg 800w, https:\/\/speyer24news.com\/wp-content\/uploads\/2022\/05\/Familien-Wochenend-Special_Kamille-Lein-Loewenzahn-300x225.jpg 300w, https:\/\/speyer24news.com\/wp-content\/uploads\/2022\/05\/Familien-Wochenend-Special_Kamille-Lein-Loewenzahn-768x576.jpg 768w, https:\/\/speyer24news.com\/wp-content\/uploads\/2022\/05\/Familien-Wochenend-Special_Kamille-Lein-Loewenzahn-678x509.jpg 678w, https:\/\/speyer24news.com\/wp-content\/uploads\/2022\/05\/Familien-Wochenend-Special_Kamille-Lein-Loewenzahn-326x245.jpg 326w, https:\/\/speyer24news.com\/wp-content\/uploads\/2022\/05\/Familien-Wochenend-Special_Kamille-Lein-Loewenzahn-80x60.jpg 80w\" sizes=\"(max-width: 800px) 100vw, 800px\" \/><\/figure><\/div>\n\n\n\n<p>Kranksein ist doof und langweilig. Gibt es eigentlich Pflanzen, die uns bei Bauchweh, Schnupfen oder Husten fix helfen k\u00f6nnen? Manchmal w\u00e4chst \u201eArznei\u201c direkt im eigenen Garten oder sogar wild vor der Haust\u00fcr. Die Naturapotheke h\u00e4lt ganz viele Kr\u00e4utertricks bereit, dass es uns schnell wieder besser geht.<\/p>\n\n\n\n<p><strong>Das Angebot eignet sich f\u00fcr Erwachsene und Kinder ab 7 Jahre. Die Veranstaltungen finden unter den jeweils geltenden Hygiene- und Abstandsregeln statt.\u00a0<br>Dauer: ca. 1 Stunde<br>Geb\u00fchr: 5,- \u20ac Erwachsene, 3,- \u20ac Kinder, zzgl. Parkeintritt<br>Anmeldung: erforderlich<br>N\u00e4here Info, Treffpunkt &amp; Anmeldung:\u00a0<br>GR\u00dcNE SCHULE, Tel. (0621) 4 10 05 54<\/strong><\/p>\n\n\n\n<h4 class=\"wp-block-heading\">So., 15.05.2022, 15\u00a0&#8211;\u00a016\u00a0Uhr<\/h4>\n\n\n\n<h4 class=\"wp-block-heading\">Gr\u00fcne Schule Luisenpark<\/h4>\n\n\n\n<h3 class=\"wp-block-heading\">Seeb\u00fchne rocks! Just for fun<\/h3>\n\n\n\n<div class=\"wp-block-image\"><figure class=\"aligncenter size-full\"><img decoding=\"async\" loading=\"lazy\" width=\"800\" height=\"578\" src=\"https:\/\/speyer24news.com\/wp-content\/uploads\/2022\/05\/Bandfoto-Justforfun.jpg\" alt=\"\" class=\"wp-image-45793\" srcset=\"https:\/\/speyer24news.com\/wp-content\/uploads\/2022\/05\/Bandfoto-Justforfun.jpg 800w, https:\/\/speyer24news.com\/wp-content\/uploads\/2022\/05\/Bandfoto-Justforfun-300x217.jpg 300w, https:\/\/speyer24news.com\/wp-content\/uploads\/2022\/05\/Bandfoto-Justforfun-768x555.jpg 768w\" sizes=\"(max-width: 800px) 100vw, 800px\" \/><\/figure><\/div>\n\n\n\n<p>Sie lieben die pure Lebensfreude, sie leben die Ausgelassenheit des Rock`n\u00b4Roll mit ihrer fantastischen, authentischen B\u00fchnenshow, die musikalisch direkt in die Zeit von Chuck Berry, Jerry Lee Lewis und nat\u00fcrlich allen voran Elvis katapultieren&#8230; &#8222;Just for fun&#8220; steht f\u00fcr erstklassige, handgemachte Musik, die Sounds authentisch und die Mischung? Von explosiv bis melancholisch! Dieser Nachmittag ist vor allem eines: Spa\u00df!\u00a0<\/p>\n\n\n\n<p>Bitte beachten Sie unsere Pandemieregeln:<br>Eine&nbsp;<strong>FFP2- oder medizinische Maske<\/strong>&nbsp;ist beim Betreten des Veranstaltungsbereiches bis zum Einnehmen Ihres Sitzplatzes zu tragen. Das&nbsp;<strong>Abstandsgebot von 1,5 Metern<\/strong>&nbsp;gilt insbesondere auf dem Weg zum Sitzplatz bzw. bei dessen Verlassen.<br><strong>Die Veranstaltung findet nur bei gutem Wetter statt. Eintritt frei!<\/strong><\/p>\n\n\n\n<h4 class=\"wp-block-heading\">So., 15.05.2022, 15\u00a0&#8211;\u00a017\u00a0Uhr<\/h4>\n\n\n\n<h4 class=\"wp-block-heading\">Seeb\u00fchne Luisenpark<\/h4>\n\n\n\n<h3 class=\"wp-block-heading\">F\u00fchrung im Heilpflanzengarten &#8211; Raus-Zeit!<\/h3>\n\n\n\n<div class=\"wp-block-image\"><figure class=\"aligncenter size-full\"><img decoding=\"async\" loading=\"lazy\" width=\"800\" height=\"600\" src=\"https:\/\/speyer24news.com\/wp-content\/uploads\/2022\/05\/Ringelblume_heilt-Wunden.jpg\" alt=\"\" class=\"wp-image-45792\" srcset=\"https:\/\/speyer24news.com\/wp-content\/uploads\/2022\/05\/Ringelblume_heilt-Wunden.jpg 800w, https:\/\/speyer24news.com\/wp-content\/uploads\/2022\/05\/Ringelblume_heilt-Wunden-300x225.jpg 300w, https:\/\/speyer24news.com\/wp-content\/uploads\/2022\/05\/Ringelblume_heilt-Wunden-768x576.jpg 768w, https:\/\/speyer24news.com\/wp-content\/uploads\/2022\/05\/Ringelblume_heilt-Wunden-678x509.jpg 678w, https:\/\/speyer24news.com\/wp-content\/uploads\/2022\/05\/Ringelblume_heilt-Wunden-326x245.jpg 326w, https:\/\/speyer24news.com\/wp-content\/uploads\/2022\/05\/Ringelblume_heilt-Wunden-80x60.jpg 80w\" sizes=\"(max-width: 800px) 100vw, 800px\" \/><\/figure><\/div>\n\n\n\n<p>Verschnupfte Kindernase, Baby-Bauchweh oder selbst lange nicht geschlafen? Dann hilft das hier: Einatmen, ausatmen, neue Energie und vor allem Wissen tanken, und zwar am besten bei Frischluft im Heilpflanzengarten: Es geht bei dieser F\u00fchrung der Gr\u00fcnen Schule um helfende Heilkr\u00e4uter. M\u00e4rchenhafte Geschichten und bew\u00e4hrte Hausmittel \u2013 Heilpflanzen f\u00fcr neugierige Erwachsene und ihre Spr\u00f6sslinge im Kinderwagenalter!<\/p>\n\n\n\n<p><strong>Mi., 18.05.2022, 10&nbsp;&#8211;&nbsp;11&nbsp;Uhr,&nbsp;Heilpflanzengarten<\/strong><\/p>\n\n\n\n<p><strong>Dauer:&nbsp;ca. 1 Stunde<\/strong><\/p>\n\n\n\n<p><strong>Geb\u00fchr:&nbsp;5 \u20ac zzgl. Parkeintritt<\/strong><\/p>\n\n\n\n<p><strong>Treffpunkt:&nbsp;Heilpflanzengarten<\/strong><\/p>\n\n\n\n<p><strong>Anmeldung:&nbsp;erforderlich<\/strong><\/p>\n\n\n\n<p><strong>N\u00e4here Information Treffpunkt und Anmeldung: GR\u00dcNE SCHULE, Tel. (0621) 4 10 05 54<\/strong><\/p>\n\n\n\n<p><em>Stadtpark Mannheim gemeinn\u00fctzige GmbH<br>06.05.2022<\/em><\/p>\n\n\n\n<h2 class=\"wp-block-heading\">Uffbasse, Monnem: Jahreskarte 2021 f\u00fcr die Mannheimer Parks liefen am 30.4. aus<\/h2>\n\n\n\n<h3 class=\"wp-block-heading\">Verl\u00e4ngerung seit 23.4.2022 m\u00f6glich<\/h3>\n\n\n\n<div class=\"wp-block-image\"><figure class=\"aligncenter size-large\"><img decoding=\"async\" loading=\"lazy\" width=\"1024\" height=\"468\" src=\"https:\/\/speyer24news.com\/wp-content\/uploads\/2022\/05\/Dauerkarte-Saisonkarte-2022-1024x468.jpg\" alt=\"\" class=\"wp-image-45785\" srcset=\"https:\/\/speyer24news.com\/wp-content\/uploads\/2022\/05\/Dauerkarte-Saisonkarte-2022-1024x468.jpg 1024w, https:\/\/speyer24news.com\/wp-content\/uploads\/2022\/05\/Dauerkarte-Saisonkarte-2022-300x137.jpg 300w, https:\/\/speyer24news.com\/wp-content\/uploads\/2022\/05\/Dauerkarte-Saisonkarte-2022-768x351.jpg 768w, https:\/\/speyer24news.com\/wp-content\/uploads\/2022\/05\/Dauerkarte-Saisonkarte-2022.jpg 1200w\" sizes=\"(max-width: 1024px) 100vw, 1024px\" \/><\/figure><\/div>\n\n\n\n<p><strong>Die Jahreskarte 2021 f\u00fcr die Mannheimer Parks l\u00e4uft am 30. April 2022 aus und kann ab 23.4.2022 verl\u00e4ngert werden. Auch Jahreskartenbesitzer aus den Vorjahren, die 2021 keine Jahreskarte hatten, k\u00f6nnen ihre Karte f\u00fcr 2022 flott machen. Die Karte f\u00fcr 2021 war den Jahreskartenbesitzern ausnahmsweise um vier Monate verl\u00e4ngert worden, da die Parks im vergangenen Jahr vier Monate lang pandemiebedingt nicht wie gewohnt \u00f6ffnen konnten. Die verl\u00e4ngerte Dauerkarte hat dann eine G\u00fcltigkeit bis einschlie\u00dflich Oktober 2022: Der Luisenpark wird ab November 2022 bis zum Beginn der BUGA 23 seine Tore schlie\u00dfen. Der Herzogenriedpark, f\u00fcr den die Luisenpark-Jahreskarte wie immer ebenso gilt, steht den Dauerkartenbesitzern auch im Jahr 2022 wie gewohnt auch in Herbst und Winter offen.<\/strong><\/p>\n\n\n\n<p>Ab 23. April 2022 k\u00f6nnen Parkfreunde, die eine Jahreskarte 2021 (oder aus \u00e4lteren Jahren) f\u00fcr den Luisenpark und\/oder den Herzogenriedpark besitzen, ihre Jahreskarte verl\u00e4ngern.<\/p>\n\n\n\n<p>F\u00fcr alle, die noch <strong>keine<\/strong> Jahreskarte f\u00fcr die Mannheimer Parks besitzen, gibt es die M\u00f6glichkeit, eine Halbjahreskarte\/Saisonkarte auch ab dem 23. April neu zu erwerben, die dann ab 1.5.2022 g\u00fcltig ist. <strong>In jedem Fall empfiehlt es sich, unter der Woche zu kommen, da das Besucheraufkommen bei gutem Wetter an den Wochenenden immer sehr hoch ist und gerade die Neuausstellung der Dauerkarte <\/strong>Zeit in Anspruch nehmen kann: Vor Ort wird ein Foto des Jahreskartenk\u00e4ufers erstellt und der Ausweis wird neu angefertigt.<\/p>\n\n\n\n<p>Alle Dauerkarten 2022 gelten bis einschlie\u00dflich 31. Oktober 2022, die Preise sind entsprechend angepasst. Bis 31. Oktober deshalb, da der Luisenpark vor der BUGA 23 seine Tore schlie\u00dfen wird, um weitere Pflanzungen und Arbeiten an der Neuen Parkmitte, aber auch Sanierungen am gesamten Wegenetz oder an der Seeb\u00fchne durchf\u00fchren zu k\u00f6nnen. Kurz, es wird dann \u201ean allen Ecken und Enden\u201c gewerkelt, weshalb man dem Bed\u00fcrfnis der Besucher nach Ruhe, Erholung, aber auch Sicherheit nicht mehr gerecht werden kann. Immer wenn bestehende Parkanlagen wie z.B. auch bei der letzten Bundesgartenschau in Erfurt in Bundesgartenschauen mit einbezogen werden, bleibt als beste Option nur die Schlie\u00dfung, zumal die BUGA-Besucher auch im Luisenpark dann nat\u00fcrlich mit einem neuen Auftritt, mit \u201eBesten Aussichten\u201c, \u00fcberrascht werden sollen! <\/p>\n\n\n\n<div class=\"wp-block-image\"><figure class=\"aligncenter size-full\"><img decoding=\"async\" loading=\"lazy\" width=\"800\" height=\"600\" src=\"https:\/\/speyer24news.com\/wp-content\/uploads\/2022\/05\/IMG_20220429_121637.jpg\" alt=\"\" class=\"wp-image-45786\" srcset=\"https:\/\/speyer24news.com\/wp-content\/uploads\/2022\/05\/IMG_20220429_121637.jpg 800w, https:\/\/speyer24news.com\/wp-content\/uploads\/2022\/05\/IMG_20220429_121637-300x225.jpg 300w, https:\/\/speyer24news.com\/wp-content\/uploads\/2022\/05\/IMG_20220429_121637-768x576.jpg 768w, https:\/\/speyer24news.com\/wp-content\/uploads\/2022\/05\/IMG_20220429_121637-678x509.jpg 678w, https:\/\/speyer24news.com\/wp-content\/uploads\/2022\/05\/IMG_20220429_121637-326x245.jpg 326w, https:\/\/speyer24news.com\/wp-content\/uploads\/2022\/05\/IMG_20220429_121637-80x60.jpg 80w\" sizes=\"(max-width: 800px) 100vw, 800px\" \/><\/figure><\/div>\n\n\n\n<h4 class=\"wp-block-heading\">BUGA 23-Rabatt \u00ad\u2013 denn ab 14.4.2023 <em>ist <\/em>der Luisenpark BUGA!<\/h4>\n\n\n\n<p>Sowohl die alten Jahreskarten, die ab 23. April 2022 als Saisonkarte bis Herbst 2022 verl\u00e4ngert werden k\u00f6nnen, als auch die Saisonkarte 2022 f\u00fcr all\u2018 jene, die noch nie eine Jahreskarte besessen haben und das ab 1.5.2021 \u00e4ndern m\u00f6chten, haben zwei Dinge gemeinsam: Mit beiden Karten k\u00f6nnen sich Besitzer einen Rabatt in H\u00f6he von 10,- bzw. 5,- \u20ac f\u00fcr ihr BUGA 23-Dauerticket sichern!<\/p>\n\n\n\n<h4 class=\"wp-block-heading\">Saisonkarte Herzogenriedpark 2022<\/h4>\n\n\n\n<figure class=\"wp-block-image size-full\"><img decoding=\"async\" loading=\"lazy\" width=\"800\" height=\"530\" src=\"https:\/\/speyer24news.com\/wp-content\/uploads\/2022\/05\/UFFBASSE.jpg\" alt=\"\" class=\"wp-image-45787\" srcset=\"https:\/\/speyer24news.com\/wp-content\/uploads\/2022\/05\/UFFBASSE.jpg 800w, https:\/\/speyer24news.com\/wp-content\/uploads\/2022\/05\/UFFBASSE-300x199.jpg 300w, https:\/\/speyer24news.com\/wp-content\/uploads\/2022\/05\/UFFBASSE-768x509.jpg 768w\" sizes=\"(max-width: 800px) 100vw, 800px\" \/><\/figure>\n\n\n\n<p>Im Herzogenriedpark wurde die aktuelle Jahreskarte 2021 ebenfalls wie im Luisenpark bis einschlie\u00dflich April 2022 verl\u00e4ngert. Denn auch der Parkbetrieb in der Neckarstadt war w\u00e4hrend des Lockdowns eingeschr\u00e4nkt. Alle, die die Herzogenriedpark-Jahreskarte schon besitzen, k\u00f6nnen die Karte ab 23. April 2022 verl\u00e4ngern. Sie gilt, da der Herzogenriedpark nicht Teil der Bundesgartenschau ist und somit nicht ab November schlie\u00dft, bis Dezember 2022.<\/p>\n\n\n\n<p>Wer noch keine Jahreskarte f\u00fcr den Herzogenriedpark hat und sich f\u00fcr das kommende Jahr die \u201eGreencard\u201c f\u00fcr den Neckarst\u00e4dter Park zulegen m\u00f6chte, hat jetzt die M\u00f6glichkeit, ab 23.4.2022 eine ab 1. Mai 2022 g\u00fcltige Halbjahreskarte zu erwerben. Beide Karten gelten wie gehabt bis 31.12.2022.<\/p>\n\n\n\n<h4 class=\"wp-block-heading\">Viel zu Erleben \u2013 aber: Wir m\u00fcssen reden!<\/h4>\n\n\n\n<figure class=\"wp-block-image size-full\"><img decoding=\"async\" loading=\"lazy\" width=\"800\" height=\"530\" src=\"https:\/\/speyer24news.com\/wp-content\/uploads\/2022\/05\/Tulpenbluete-Luisenpark.jpg\" alt=\"\" class=\"wp-image-45788\" srcset=\"https:\/\/speyer24news.com\/wp-content\/uploads\/2022\/05\/Tulpenbluete-Luisenpark.jpg 800w, https:\/\/speyer24news.com\/wp-content\/uploads\/2022\/05\/Tulpenbluete-Luisenpark-300x199.jpg 300w, https:\/\/speyer24news.com\/wp-content\/uploads\/2022\/05\/Tulpenbluete-Luisenpark-768x509.jpg 768w\" sizes=\"(max-width: 800px) 100vw, 800px\" \/><\/figure>\n\n\n\n<p>Rund 30 000 Menschen aus der Region haben im letzten Jahr die Stadtpark-Jahreskarte erworben.<\/p>\n\n\n\n<p>In diesem Jahr wird es allerdings einige Besonderheiten f\u00fcr Dauerkartenbesitzer geben.<\/p>\n\n\n\n<p>\u201eAn dieser Stelle m\u00f6chte ich unseren Jahreskartenbesitzern daf\u00fcr danken, dass Sie uns in sehr turbulenten Zeiten den R\u00fccken gest\u00e4rkt haben: Viele Menschen haben trotz der Pandemie eine Jahreskarte gekauft, sie haben uns vertraut, obwohl sie nicht wussten, ob wir werden \u00f6ffnen k\u00f6nnen\u201c, sagt Parkdirektor Joachim K\u00f6ltzsch. \u201eDieses Vertrauen ist nicht selbstverst\u00e4ndlich und daf\u00fcr bin ich als Chef der Mannheimer Stadtparks zutiefst dankbar. Dieses entgegen gebrachte Vertrauen ist es, dass mich nun dazu bewegt, mich ganz offen an die Jahreskartenbesitzern zu wenden: Wir bauen f\u00fcr die Menschen zur BUGA 23, wir alle freuen uns sehr darauf, aber die Baut\u00e4tigkeiten verlangen den Menschen auch Nachsicht ab: Wer sich im Jahr 2022 eine Dauerkarte kauft, muss wissen, dass der Luisenpark weiterhin in der Parkmitte zwischen Pflanzenschauhaus und Kutzerweiher, wo etwa mit Unterwasserwelt, begehbarer, gro\u00dfer Freiflugvoliere und gro\u00dfz\u00fcgiger Pinguinanlage neue Attraktionen geschaffen werden, eine Baustelle sein wird. Aber auch auf einem circa 30 x 60 Meter gro\u00dfen Bereich am Ostrand der Freizeitwiese, wo die Station f\u00fcr die BUGA 23-Seilbahn mit einem gro\u00dfen Pylon aufgestellt wird, sowie an einzelnen neuralgischen Verbindungsstellen, werden in dieser Saison Bauarbeiten stattfinden. Das Pflanzenschauhaus wird energetisch saniert und bleibt ebenfalls bis zur Bundesgartenschau geschlossen.<\/p>\n\n\n\n<p>Dar\u00fcber hinaus bleiben aber weite Teile des Parks vom Haupteingang aus vorbei an den\u00a0 Seerosenbecken am Pflanzenschauhaus bis zum nordwestlichen und n\u00f6rdlichen Parkende an den Eing\u00e4ngen \u201eUnterer Luisenpark\u201c und \u201eFernmeldeturm\u201c von Baut\u00e4tigkeiten auch vollkommen unber\u00fchrt und bieten viele Erholungs- und Bewegungsr\u00e4ume f\u00fcr Ruhesuchende oder Familien mit Kindern. Ge\u00f6ffnet und baustellenfrei bleiben z.B. alle Restaurants und Kioske, der Bauernhof, der Wasserspielplatz, die Minicar-Anlage, alle Themenspielpl\u00e4tze, die KlangOase und bis zum Ende der Pfingstferien auch der Gondolettabetrieb. Allerdings werden die Boote von am 20.6.2022 aufgrund einer infrastrukturellen Ma\u00dfnahme im Kutzerweiher voraussichtlich bis in die ersten Sommerferien-Wochen nicht fahren k\u00f6nnen, wobei die Bauplanung diese Ma\u00dfnahme bewusst weitgehend au\u00dferhalb der Ferienzeit terminiert hat.<\/p>\n\n\n\n<div class=\"wp-block-image\"><figure class=\"aligncenter size-full\"><img decoding=\"async\" loading=\"lazy\" width=\"800\" height=\"533\" src=\"https:\/\/speyer24news.com\/wp-content\/uploads\/2022\/05\/Kamelie-im-Chinesischen-Garten_sie-bluehen-auch-im-Herbst-und-Winter.jpg\" alt=\"\" class=\"wp-image-45789\" srcset=\"https:\/\/speyer24news.com\/wp-content\/uploads\/2022\/05\/Kamelie-im-Chinesischen-Garten_sie-bluehen-auch-im-Herbst-und-Winter.jpg 800w, https:\/\/speyer24news.com\/wp-content\/uploads\/2022\/05\/Kamelie-im-Chinesischen-Garten_sie-bluehen-auch-im-Herbst-und-Winter-300x200.jpg 300w, https:\/\/speyer24news.com\/wp-content\/uploads\/2022\/05\/Kamelie-im-Chinesischen-Garten_sie-bluehen-auch-im-Herbst-und-Winter-768x512.jpg 768w\" sizes=\"(max-width: 800px) 100vw, 800px\" \/><\/figure><\/div>\n\n\n\n<p><strong>Die gute Nachricht f\u00fcr Jahreskartenbesitzer: Wenn der Luisenpark im Herbst schlie\u00dft, wird der Chinesische Garten mit dem neuen Kameliengarten f\u00fcr Jahreskartenbesitzer den ganzen Herbst und Winter \u00fcber offenbleiben, und zwar bis zur BUGA23 mit Start am 14. April 2023! Und die Kamelien bl\u00fchen auch im Herbst und Winter. Auch der Herzogenriedpark bleibt offen und f\u00fcr Besitzer der Luisenpark-Jahreskarte uneingeschr\u00e4nkt nutzbar.<\/strong><\/p>\n\n\n\n<p>\u00dcberdies wird es im Jahr 2022 endlich wieder ein wahres Veranstaltungsfeuerwerk geben: Im Herzogenriedpark mit den beiden beliebten und neuen, jungen Bandreihen \u201ebrandherd goes muschel\u201c und den Sundaybeats in Kooperation mit der Popakademie. Abwechslungsreiche Kinderprogramme wird es dort ebenso wie auf der Seeb\u00fchne im Luisenpark geben, au\u00dferdem gr\u00fcne F\u00fchrungen f\u00fcr Familien, Heilpflanzenbegeisterte, aber auch wieder kirchliche Morgenfeiern unter freiem Himmel. Viele Pop-, Rock- und Bluesbands sitzen in den Startl\u00f6chern, um die zwei Parkb\u00fchnen nach zwei Jahren Veranstaltungspause wieder zu entern! Last but not least darf man sich schon auf laue Sommern\u00e4chte mit ausgezeichneter Unterhaltungskultur beim Seeb\u00fchnenzauber freuen.<\/p>\n\n\n\n<h3 class=\"wp-block-heading\">Preisgef\u00fcge der Dauerkarte f\u00fcr die Mannheimer Stadtparks f\u00fcr 2022<\/h3>\n\n\n\n<h4 class=\"wp-block-heading\">Sonderweg aufgrund pandemiebedingter Parkschlie\u00dfungen mit entsprechender Verl\u00e4ngerung der G\u00fcltigkeit der Jahreskarte 2021 bis April 2022 und aufgrund der Luisenpark-Schlie\u00dfung vor der BUGA 23<\/h4>\n\n\n\n<div class=\"wp-block-image\"><figure class=\"aligncenter size-full\"><img decoding=\"async\" loading=\"lazy\" width=\"800\" height=\"481\" src=\"https:\/\/speyer24news.com\/wp-content\/uploads\/2022\/05\/Luisenpark-Dauer-und-Saisonkarten-2022.jpg\" alt=\"\" class=\"wp-image-45784\" srcset=\"https:\/\/speyer24news.com\/wp-content\/uploads\/2022\/05\/Luisenpark-Dauer-und-Saisonkarten-2022.jpg 800w, https:\/\/speyer24news.com\/wp-content\/uploads\/2022\/05\/Luisenpark-Dauer-und-Saisonkarten-2022-300x180.jpg 300w, https:\/\/speyer24news.com\/wp-content\/uploads\/2022\/05\/Luisenpark-Dauer-und-Saisonkarten-2022-768x462.jpg 768w\" sizes=\"(max-width: 800px) 100vw, 800px\" \/><\/figure><\/div>\n\n\n\n<h4 class=\"wp-block-heading\">Luisenpark \/ (inkl. Herzogenriedpark-Nutzung)<\/h4>\n\n\n\n<p><strong>F\u00fcr alle, die keine Jahreskarte 2021 haben<\/strong><\/p>\n\n\n\n<p><strong>Dauerkarte 2022 f\u00fcr Luisenpark und Herzogenriedpark<br>G\u00fcltigkeit: 10 Monate von 1.1.2022-31.10.2022<\/strong><\/p>\n\n\n\n<ul><li>Erwachsene \u00a0 \u00a0 \u00a0 \u00a0\u00a0\u00a0\u00a0\u00a0\u00a0\u00a0\u00a030,00 \u20ac<\/li><li>Beg\u00fcnstigte \u00a0 \u00a0 \u00a0 \u00a0\u00a0\u00a0\u00a0\u00a0\u00a0\u00a0\u00a023,00 \u20ac<\/li><li>Kinder (6-15 Jahre)\u00a0\u00a0\u00a0\u00a012,00 \u20ac<\/li><\/ul>\n\n\n\n<h4 class=\"wp-block-heading\">Luisenpark \/ (inkl. Herzogenriedpark-Nutzung)<\/h4>\n\n\n\n<p><strong>F\u00fcr Verl\u00e4ngerer (alle, die die Jahreskarte 2021 haben, die bis April 2022 gilt &amp; Neuk\u00e4ufer)<\/strong><br><strong>Saisonkarte 2022 f\u00fcr Luisenpark und Herzogenriedpark<\/strong><strong><\/strong><\/p>\n\n\n\n<p><strong>G\u00fcltigkeit: 6 Monate 1.5.2022-31.10.2022<\/strong><\/p>\n\n\n\n<ul><li>Erwachsene \u00a0 \u00a0 \u00a0 \u00a0\u00a0\u00a0\u00a0\u00a0\u00a0\u00a0\u00a0\u00a0\u00a0\u00a0\u00a024,50 \u20ac<\/li><li>Beg\u00fcnstigte \u00a0 \u00a0 \u00a0\u00a0\u00a0\u00a0\u00a0\u00a0\u00a0\u00a0\u00a0\u00a0\u00a0\u00a0 18,00 \u20ac<\/li><li>Kinder (6-15 Jahre)\u00a0\u00a0\u00a0\u00a0\u00a0\u00a0\u00a0\u00a0 9,00 \u20ac<\/li><\/ul>\n\n\n\n<h4 class=\"wp-block-heading\">Herzogenriedpark:<\/h4>\n\n\n\n<p><strong>F\u00fcr alle, die keine Jahreskarte 2021 haben<\/strong><\/p>\n\n\n\n<p><strong>Dauerkarte 2022 f\u00fcr den Herzogenriedpark<br>G\u00fcltigkeit: 12 Monate von 1.1.2022-31.12.2022<\/strong><\/p>\n\n\n\n<ul><li>Erwachsene\u00a0\u00a0\u00a0\u00a0\u00a0\u00a0\u00a0\u00a0\u00a0\u00a0\u00a0\u00a0\u00a0\u00a0\u00a0\u00a0\u00a0\u00a0\u00a0\u00a0\u00a0 18,00<\/li><li>Beg\u00fcnstigte\u00a0\u00a0\u00a0\u00a0\u00a0\u00a0\u00a0\u00a0\u00a0\u00a0\u00a0\u00a0\u00a0\u00a0\u00a0\u00a0\u00a0\u00a0\u00a0\u00a0 14,00<\/li><li>Kinder (6-15 Jahre) \u00a0 \u00a0\u00a0\u00a0\u00a0\u00a0\u00a0\u00a0 6,50<\/li><\/ul>\n\n\n\n<p><strong>F\u00fcr Verl\u00e4ngerer (alle, die die Jahreskarte 2021 haben, die bis April 2022 gilt &amp; Neuk\u00e4ufer)<\/strong><\/p>\n\n\n\n<p><strong>Saisonkarte 2022 f\u00fcr den Herzogenriedpark<\/strong><\/p>\n\n\n\n<p><strong>G\u00fcltigkeit: 8 Monate von<\/strong> <strong>1.5.-31.12.2022<\/strong><\/p>\n\n\n\n<ul><li>Erwachsene \u00a0 \u00a0 \u00a0 \u00a0\u00a0\u00a0\u00a0\u00a0\u00a0\u00a0\u00a0\u00a0\u00a0\u00a0\u00a0\u00a0 \u00a015,00<\/li><li>Beg\u00fcnstigte \u00a0 \u00a0 \u00a0 \u00a0\u00a0\u00a0\u00a0\u00a0\u00a0\u00a0\u00a0\u00a0\u00a0\u00a0\u00a0\u00a0\u00a0 12,00<\/li><li>Kinder (6-15 Jahre)\u00a0\u00a0\u00a0\u00a0\u00a0\u00a0\u00a0\u00a0\u00a0 \u00a0\u00a0 6,00<\/li><\/ul>\n\n\n\n<p><em>Stadtpark Mannheim gemeinn\u00fctzige GmbH<br>21.04.2022<\/em><\/p>\n","protected":false},"excerpt":{"rendered":"<div class=\"mh-excerpt\"><p>Wocheninfo aus den Mannheimer Stadtparks von 12. bis 18. Mai 2022 brandherd goes MuschelRodeo FM \/\/ Berlin \/\/ Country, Folk &amp; Blues Rodeo FM spielen ihren Alt-Country-Americana Mix mit Indie-Rock Attitude seit \u00fcber 15 Jahren <a class=\"mh-excerpt-more\" href=\"https:\/\/speyer24news.com\/?p=45783\" title=\"Mannheimer Stadtparks Luisenpark &#038; Herzogenriedpark\">[&#8230;]<\/a><\/p>\n<\/div>","protected":false},"author":3,"featured_media":35923,"comment_status":"open","ping_status":"open","sticky":false,"template":"","format":"standard","meta":{"_monsterinsights_skip_tracking":false,"_monsterinsights_sitenote_active":false,"_monsterinsights_sitenote_note":"","_monsterinsights_sitenote_category":0,"footnotes":""},"categories":[11,6753],"tags":[14279,11563,14280,14273,201,12580,2020,14276,279,280,14277,4823,4824,14278,14275,601,3518,56,14271,14272,7856,12400],"aioseo_notices":[],"amp_enabled":true,"_links":{"self":[{"href":"https:\/\/speyer24news.com\/index.php?rest_route=\/wp\/v2\/posts\/45783"}],"collection":[{"href":"https:\/\/speyer24news.com\/index.php?rest_route=\/wp\/v2\/posts"}],"about":[{"href":"https:\/\/speyer24news.com\/index.php?rest_route=\/wp\/v2\/types\/post"}],"author":[{"embeddable":true,"href":"https:\/\/speyer24news.com\/index.php?rest_route=\/wp\/v2\/users\/3"}],"replies":[{"embeddable":true,"href":"https:\/\/speyer24news.com\/index.php?rest_route=%2Fwp%2Fv2%2Fcomments&post=45783"}],"version-history":[{"count":1,"href":"https:\/\/speyer24news.com\/index.php?rest_route=\/wp\/v2\/posts\/45783\/revisions"}],"predecessor-version":[{"id":45794,"href":"https:\/\/speyer24news.com\/index.php?rest_route=\/wp\/v2\/posts\/45783\/revisions\/45794"}],"wp:featuredmedia":[{"embeddable":true,"href":"https:\/\/speyer24news.com\/index.php?rest_route=\/wp\/v2\/media\/35923"}],"wp:attachment":[{"href":"https:\/\/speyer24news.com\/index.php?rest_route=%2Fwp%2Fv2%2Fmedia&parent=45783"}],"wp:term":[{"taxonomy":"category","embeddable":true,"href":"https:\/\/speyer24news.com\/index.php?rest_route=%2Fwp%2Fv2%2Fcategories&post=45783"},{"taxonomy":"post_tag","embeddable":true,"href":"https:\/\/speyer24news.com\/index.php?rest_route=%2Fwp%2Fv2%2Ftags&post=45783"}],"curies":[{"name":"wp","href":"https:\/\/api.w.org\/{rel}","templated":true}]}}