{"id":45836,"date":"2022-05-10T11:53:30","date_gmt":"2022-05-10T10:53:30","guid":{"rendered":"https:\/\/speyer24news.com\/?p=45836"},"modified":"2022-05-10T12:01:26","modified_gmt":"2022-05-10T11:01:26","slug":"kirchen-6","status":"publish","type":"post","link":"https:\/\/speyer24news.com\/?p=45836","title":{"rendered":"Kirchen"},"content":{"rendered":"<style type=\"text\/css\">\r\n\t.ads_top_disp{}\r\n\t.ads_top_corner_disp{ float:left; margin:0px 10px 10px 0px; }\r\n\t.ads_first_p_disp{}\r\n\t.ads_bottom_disp{}\r\n\t<\/style>\n<h2 class=\"wp-block-heading\">Der Tiefen\u00f6kologie auf der Spur&nbsp; &#8211; \u00d6kumenischer Frauentag \u201eFrida\u201c in Kaiserslautern<\/h2>\n\n\n\n<h3 class=\"wp-block-heading\">\u201eVerbundenheit &#8211; Ich bin, weil Du bist\u201c lautet der diesj\u00e4hrige Titel von \u201eFrida\u201c, dem \u00f6kumenischen Frauentag. Er findet am Samstag, 21. Mai, von 10 bis 13 Uhr in Kaiserslautern statt.<\/h3>\n\n\n\n<p><strong>Kaiserslautern\/Speyer <em>(lk\/is)<\/em> &#8211;<\/strong> Ein afrikanisches Sprichwort lautet: \u201eIch bin, weil du bist.\u201c Es dr\u00fcckt aus, dass sich Menschen immer in einem Beziehungsnetz befinden. Wir sind aufeinander angewiesen \u2013 alle sind miteinander verbunden. \u201eGerade nach langen Corona-Zeit ist Verbundenheit ein gro\u00dfes Bed\u00fcrfnis\u201c, stellt Monika Kreiner von der Frauen-Seelsorge des Bistums Speyer fest. \u201eMenschen wollen sich wieder austauschen. Sie wollen miteinander \u00fcber Themen sprechen, die aus dem eigenen Alltag herausf\u00fchren.\u201c Der \u00f6kumenische Frauentag biete dazu Gelegenheit mit einem passenden Thema.<\/p>\n\n\n\n<p>Im Mittelpunkt steht der Vortrag von Christiane Kliemann \u201eTiefen\u00f6kologie \u2013 Menschen sind Verbindungswesen\u201c. Tiefen\u00f6kologie sieht die Erde als ein System, in dem alles miteinander verbunden ist. \u201eEs geht aber nicht nur um Verbundenheit zwischen Menschen, sondern auch zu Tieren und Pflanzen. Letztlich sind wir alle aufeinander angewiesen\u201c, erl\u00e4utert Claudia Kettering, Referentin der Evangelischen Arbeitsstelle Bildung und Gesellschaft. Der Vortrag geht ebenso der Frage nach, warum wir Menschen unsere Lebensgrundlage immer weiter zerst\u00f6ren, obwohl wir dies eigentlich gar nicht wollen. Christiane Kliemann ist freie Journalistin mit dem Schwerpunkt Postwachstum, alternative \u00d6konomie und gesellschaftlicher Wandel.<\/p>\n\n\n\n<p>Der \u00f6kumenische Frauentag will sensibilisieren, wie wir Verbundenheit st\u00e4rker erleben und achtsamer miteinander leben k\u00f6nnen. Deshalb schlie\u00dfen sich an den Vortrag \u00dcbungen an, in denen die Teilnehmenden erfahren, wie das gelingen kann. Die urspr\u00fcnglich f\u00fcr den Nachmittag geplanten Workshops fallen aus organisatorischen Gr\u00fcnden aus. So beschlie\u00dft ein Mittagsimbiss den \u00f6kumenischen Frauentag.<\/p>\n\n\n\n<p>Das Thema \u201eTiefen\u00f6kologie\u201c war bereits vergangenes Jahr geplant. Damals kam die Veranstaltung wegen Corona-Schwierigkeiten nicht zustande.<\/p>\n\n\n\n<p>\u201eFrida\u201c steht f\u00fcr&nbsp;<strong>FR<\/strong>auentag mit&nbsp;<strong>I<\/strong>nspiration,&nbsp;<strong>D<\/strong>iskussion und&nbsp;<strong>A<\/strong>ustausch und ist ein Projekt der Evangelischen Arbeitsstelle Bildung und Gesellschaft und der Frauenseelsorge beim Bisch\u00f6flichen Ordinariat.<\/p>\n\n\n\n<h4 class=\"wp-block-heading\">Info<\/h4>\n\n\n\n<p>Frida &#8211; \u00d6kumenischer Frauentag: Samstag, 21. Mai 2022, 10 bis 13 Uhr, Alte Eintracht (Unionsstra\u00dfe 2), Kaiserslautern<br>Tagungskosten: 9 Euro (Erm\u00e4\u00dfigung auf Anfrage)<\/p>\n\n\n\n<h4 class=\"wp-block-heading\">Anmeldungen bis zum 12. Mai:<\/h4>\n\n\n\n<p>Evangelische Arbeitsstelle Bildung und Gesellschaft, Tel. 0631 3642-232, E-Mail&nbsp;<a>julia.stork@evkirchepfalz.de<\/a><\/p>\n\n\n\n<p>Bisch\u00f6fliches Ordinariat Frauenseelsorge, Tel. 06232 102328, E-Mail&nbsp;<a>frauen@bistum.speyer.de<\/a><\/p>\n\n\n\n<p>Weitere Infos (PDF):&nbsp;<a href=\"https:\/\/deref-web.de\/mail\/client\/xZiKHQylTBI\/dereferrer\/?redirectUrl=https%3A%2F%2Fwww.qsp-elag.de%2Ffiles%2Fdbd2e5fb714871654bf0feace0adc82b.pdf\" target=\"_blank\" rel=\"noreferrer noopener\">https:\/\/www.qsp-elag.de\/files\/dbd2e5fb714871654bf0feace0adc82b.pdf<\/a><\/p>\n\n\n\n<p><em>10.05.2022<\/em><\/p>\n\n\n\n<h2 class=\"wp-block-heading\">Veranstaltungen des Dombauvereins zur Person von Heinrich H\u00fcbsch<\/h2>\n\n\n\n<div class=\"wp-block-image\"><figure class=\"aligncenter size-full\"><img decoding=\"async\" loading=\"lazy\" width=\"500\" height=\"713\" src=\"https:\/\/speyer24news.com\/wp-content\/uploads\/2022\/05\/Speyer_710_Foto_Neubau.jpg\" alt=\"\" class=\"wp-image-45845\" srcset=\"https:\/\/speyer24news.com\/wp-content\/uploads\/2022\/05\/Speyer_710_Foto_Neubau.jpg 500w, https:\/\/speyer24news.com\/wp-content\/uploads\/2022\/05\/Speyer_710_Foto_Neubau-210x300.jpg 210w\" sizes=\"(max-width: 500px) 100vw, 500px\" \/><figcaption>Der Westbau des Speyerer Doms, 1854 bis 1858 errichtet vom Karlsruher Baumeister Heinrich H\u00fcbsch.<br><em>Foto: \u00a9 Historisches Museum der Pfalz \/ Johann Karl Koch<\/em><\/figcaption><\/figure><\/div>\n\n\n\n<p>Mit dem Speyerer Dom ist der Name des Baumeisters Heinrich H\u00fcbsch fest verbunden \u2013 war er es doch, der dem Dom in den Jahren 1854 bis 1861 eine w\u00fcrdevolle, seiner Bedeutung als Denkmal der Deutschen Geschichte und Grabst\u00e4tte der Kaiser und K\u00f6nige des Heiligen R\u00f6mischen Reiches standesgem\u00e4\u00dfe neue Westfassade gegeben hat. Mit dem von ihm geschaffenen Westbau wird der Dom nicht nur als Einheit wahrgenommen, sondern die Fassade wurde mit einer F\u00fclle neuer k\u00fcnstlerischer und religi\u00f6ser Motive bereichert.<\/p>\n\n\n\n<div class=\"wp-block-image\"><figure class=\"alignleft size-full\"><img decoding=\"async\" src=\"https:\/\/speyer24news.com\/wp-content\/uploads\/2019\/06\/Dom.jpg\" alt=\"\" class=\"wp-image-14479\"\/><\/figure><\/div>\n\n\n\n<p>Heinrich H\u00fcbsch war Architekt, Hochschullehrer und gro\u00dfherzoglich-badischer Baubeamter in Karlsruhe. Dort und an vielen anderen Orten existieren vom ihm errichtete markante Geb\u00e4ude.<\/p>\n\n\n\n<p>In diesem Jahr widmet sich der Dombauverein mit drei Veranstaltungen dem Werk von Heinrich H\u00fcbsch:<\/p>\n\n\n\n<p>Am Donnerstag, den <strong>19. Mai<\/strong>, findet unter dem Titel \u201eHeinrich H\u00fcbsch und der Westbau des Speyerer Doms \u2013 das au\u00dfergew\u00f6hnliche Werk eines au\u00dfergew\u00f6hnlichen Architekten\u201c in der Aula des Nikolaus von Weis-Gymnasiums (Eingang Holzstra\u00dfe 8) ein erstes wissenschaftliches Forum statt. Die Veranstaltung beginnt um 19 Uhr. Referent ist der Kunst- und Architekturhistoriker Privatdozent Dr. habil. Ulrich Maximilian Schumann.<\/p>\n\n\n\n<p>Am Samstag, den <strong>2. Juli<\/strong>, findet ein Ausflug nach Karlsruhe statt. Unter fachkundiger F\u00fchrung werden Bauten wie das heutige Regierungspr\u00e4sidium, das H\u00fcbsch\u2018sche Bauensemble im Botanischen Garten und die Staatliche Kunsthalle besichtigt. Den Abschluss bildet die Besichtigung der Bulacher Kirche, ebenfalls ein Werk von Heinrich H\u00fcbsch. Programm und Anmeldung in der Gesch\u00e4ftsstelle des Dombauvereins.<\/p>\n\n\n\n<p>Am Donnerstag, den <strong>6. Oktober<\/strong>, findet unter dem Titel \u201eHeinrich H\u00fcbsch, ein renommierter Architekt des 19. Jahrhunderts\u201c in der Aula des Nikolaus-von-Weis-Gymnasiums ein zweites wissenschaftliches Forum statt. Referentin ist die Architektin und Bauforscherin Prof. Dr.-Ing. Uta Hassler.<\/p>\n\n\n\n<p><em>Text: Dombauverein Speyer e.V. Foto: (1) Historisches Museum der Pfalz \/ Johann Karl Koch; (2) Speyer 24\/7 News<br>09.05.2022<\/em><\/p>\n\n\n\n<h2 class=\"wp-block-heading\">Bischof Wiesemann besucht Pfarrei Heilige Familie Blieskastel<\/h2>\n\n\n\n<h3 class=\"wp-block-heading\">Wiederaufnahme der Visitationen nach zweij\u00e4hriger Unterbrechung wegen Corona<\/h3>\n\n\n\n<div class=\"wp-block-image\"><figure class=\"aligncenter size-full\"><img decoding=\"async\" loading=\"lazy\" width=\"800\" height=\"533\" src=\"https:\/\/speyer24news.com\/wp-content\/uploads\/2020\/03\/Bischof-WiesemannIMG_7761.jpg\" alt=\"\" class=\"wp-image-25558\" srcset=\"https:\/\/speyer24news.com\/wp-content\/uploads\/2020\/03\/Bischof-WiesemannIMG_7761.jpg 800w, https:\/\/speyer24news.com\/wp-content\/uploads\/2020\/03\/Bischof-WiesemannIMG_7761-300x200.jpg 300w, https:\/\/speyer24news.com\/wp-content\/uploads\/2020\/03\/Bischof-WiesemannIMG_7761-768x512.jpg 768w\" sizes=\"(max-width: 800px) 100vw, 800px\" \/><\/figure><\/div>\n\n\n\n<p><strong>Blieskastel &#8211;<\/strong> Bischof Dr. Karl-Heinz Wiesemann wird am 18. und 19. Mai die Pfarrei Heilige Familie in Blieskastel besuchen. Damit starten im Dekanat Saarpfalz wieder die regul\u00e4ren bisch\u00f6flichen Visitationen, die im Zuge der Corona-Pandemie im Bistum Speyer ausgesetzt worden waren. Bereits Ende M\u00e4rz fand die erste Visitation im Dekanat Landau statt, bei der Weihbischof Georgens die Pfarrei Hl. Maria Magdalena in Klingenm\u00fcnster besucht hat.<\/p>\n\n\n\n<p>Im Mittelpunkt der Visitation stehen Gespr\u00e4che und der Austausch mit den ehrenamtlich Engagierten der Pfarrei, den Gemeindeaussch\u00fcssen, dem Verwaltungsrat, dem Pfarreirat, den hauptamtlichen Seelsorgerinnen und Seelsorgern sowie allen Angestellten der Pfarrei. Themen sind die Situation in der Pfarrei sowie Ideen und Pl\u00e4ne zur Weiterentwicklung der Gemeinden.<\/p>\n\n\n\n<p>Bischof Wiesemann wird im Rahmen der Visitation zwei Gottesdienste vor Ort feiern: am Mittwoch, 18. Mai, um 18.30 in der Pfarrkirche St. Mauritius in Blieskastel-Lautzkirchen und am Donnerstag, 19. Mai, um 8.30 Uhr in der Pfarrkirche St. Joseph in Kirkel-Neuh\u00e4usel.<\/p>\n\n\n\n<h3 class=\"wp-block-heading\">Hintergrund:<\/h3>\n\n\n\n<p>Nachdem im Zuge der Corona-Pandemie 2020 die regul\u00e4ren Visitationen im Bistum ausgesetzt worden waren, fanden stattdessen 2021 in allen 70 Pfarreien des Bistums Speyer teils&nbsp;digitale, teils pr\u00e4sentische Pastoralbesuche von Vertreterinnen und Vertretern der Bistumsleitung statt.<\/p>\n\n\n\n<p>Die Visitation geh\u00f6rt nach kanonischem Recht zu den Aufgaben eines Bischofs als \u201eHirte\u201c seiner Di\u00f6zese. Sie besteht aus zwei Teilen: Einer Visitation durch den jeweiligen Dekan im Vorfeld, bei der es vor allem um die Verwaltungsabl\u00e4ufe der Pfarrei geht, und der zweit\u00e4gigen Pastoralen Visitation durch den Bischof bzw. Weihbischof, die eher pastoralen Charakter hat. Die Visitation unterst\u00fctzt die Pfarreien &#8211; und dort das Pastoralteam und die pfarrlichen Gremien &#8211; dabei, ausgehend von der vorgegebenen Situation und vom Pastoralen Konzept mit seiner Schwerpunktsetzung das eigene Handeln zu \u00fcberpr\u00fcfen und zukunftsorientiert anzupassen.<\/p>\n\n\n\n<p>Sie f\u00f6rdert zugleich die Seelsorge des Bistums Speyer insgesamt, indem Erfahrungen aus der Praxis vor Ort in die Abteilungen und Fachstellen des Bisch\u00f6flichen Ordinariates zur\u00fcckflie\u00dfen und die Verwaltung und die Fachstellen in die Lage versetzen, ihr Handeln in Bezug auf die Pfarreien mit ihren Gemeinden zu optimieren. Dabei steht das Miteinander-Sehen, Miteinander-Urteilen und Miteinander-Handeln im Vordergrund. Die Visitation ist so Lernprozess sowohl der Pfarrei als auch der Di\u00f6zese und zugleich Instrument der Qualit\u00e4tssicherung im Sinne der Vision der Di\u00f6zese Speyer.<\/p>\n\n\n\n<p>In der Regel werden je zwei von den zehn Dekanaten des Bistums pro Jahr visitiert. Die Visitationen werden entweder von Bischof Dr. Karl-Heinz Wiesemann oder Weihbischof Otto Georgens durchgef\u00fchrt. Bischof Wiesemann wird im Laufe dieses und des n\u00e4chsten Jahres die Pfarreien im Dekanat Saarpfalz visitieren, Weihbischof Otto Georgens die Pfarreien im Dekanat Landau.<\/p>\n\n\n\n<h4 class=\"wp-block-heading\">Informationen zu der Pfarrei Hl. Familie Blieskastel:<\/h4>\n\n\n\n<p><a href=\"https:\/\/deref-web.de\/mail\/client\/pM2o_stePXY\/dereferrer\/?redirectUrl=https%3A%2F%2Fwww.pfarrei-blk-heilige-familie.de%2F\" target=\"_blank\" rel=\"noreferrer noopener\">https:\/\/www.pfarrei-blk-heilige-familie.de\/<\/a><\/p>\n\n\n\n<p><em>Bistum Speyer<br>09.05.2022<\/em><\/p>\n\n\n\n<h2 class=\"wp-block-heading\">\u201eGotteshaus und Menschenhaus\u201c<\/h2>\n\n\n\n<h3 class=\"wp-block-heading\">Online-Vortrags- und Gespr\u00e4chsabend zur Offenen Kirche Elisabethen am 16. Mai<\/h3>\n\n\n\n<p><strong>Speyer &#8211; <\/strong>\u201eGott ist (jede) Liebe\u201c \u2013 Mit diesem Vers aus dem ersten Johannesbrief und den Farben des Regenbogens gr\u00fc\u00dft die Offene Kirche Elisabethen (OKE) Besucher*innen ihrer Internetseite. Getragen von einem \u00f6kumenischen Verein \u00f6ffnet sie seit bald 30 Jahren t\u00e4glich im Zentrum Basels ihre T\u00fcren f\u00fcr alle Menschen, unabh\u00e4ngig von ihrer Herkunft, ihrer religi\u00f6sen Haltung, ihrer Lebens- oder Liebesweise oder ihrer politischen Einstellung. Einzige Bedingung ist, dass die Toleranz und Akzeptanz geteilt werden, die die OKE den Menschen entgegenbringt.<\/p>\n\n\n\n<p>Dieses Angebot steht im Mittelpunkt eines online Vortrags- und Gespr\u00e4chsabend, zu dem die Katholische Erwachsenenbildung Bistum Speyer am Montag, 16. Mai, um 19:30 Uhr, einl\u00e4dt.<\/p>\n\n\n\n<p>Pfr. Frank Lorenz MBA, Gesch\u00e4ftsf\u00fchrer und Leiter der OKE, wird \u00fcber das Konzept der Offenen Kirche Elisabethen berichten, die als \u201eGotteshaus und Menschenhaus in einem, ein Ort f\u00fcr Stille und Ruhe, aber auch f\u00fcr Feste und Lebensfreude\u201c, beschrieben wird.<\/p>\n\n\n\n<p>Kunstinstallation und Gottesdienst, Caf\u00e9 und Fl\u00fcchtlingsprojekt, \u00dc30-Disco und gesellschaftliches Diskussionsforum, Meditation und Konzert &#8211; die Kirche ist offen, vielf\u00e4ltig und belebt. Ist eine solche Kirche \u2013 ohne konfessionellen Zwang, offen f\u00fcr alle, die einen Gott suchen, und f\u00fcr alle, die noch gar nicht wissen, ob sie das tun \u2013 ein Modell f\u00fcr die Zukunft?&nbsp;Um diese Fragen wird es im Gespr\u00e4ch mit dem Referenten gehen. Die Moderation des Abends liegt in H\u00e4nden von Ingo Faus, Leiter der Katholischen Erwachsenenbildung im Bistum Speyer.<\/p>\n\n\n\n<p>Die Veranstaltung ist kostenfrei.<\/p>\n\n\n\n<h4 class=\"wp-block-heading\">Kontakt und Anmeldung:<\/h4>\n\n\n\n<p>Katholische Erwachsenenbildung<br>Tel. 06232\/102-180<br>E-Mail:&nbsp;<a>keb@bistum-speyer.de<\/a><\/p>\n\n\n\n<p><em>Bistum Speyer, Katholische Erwachsenenbildung<br>09.05.2022<\/em><\/p>\n\n\n\n<h2 class=\"wp-block-heading\">Unabh\u00e4ngige Aufarbeitungskommissionen treten f\u00fcr die Interessen der von sexualisierter Gewalt betroffenen Personen im kirchlichen Bereich ein<\/h2>\n\n\n\n<p><strong>Speyer &#8211; <\/strong>Den sexuellen Missbrauch im Kontext der katholischen Kirche aufzuarbeiten, damit den Betroffenen Gerechtigkeit widerf\u00e4hrt, ist das wichtigste Ziel der Vorsitzenden der bestehenden Unabh\u00e4ngigen Kommissionen zur Aufarbeitung des sexuellen Missbrauchs im Verantwortungsbereich der Deutschen Bist\u00fcmer, die sich am 29.\/30.April in Fulda erstmals zu einer zweit\u00e4gigen Arbeitstagung getroffen haben. Ziel dieses Treffens war, sich \u00fcber den Stand der Entwicklung in den Bist\u00fcmern auszutauschen, voneinander zu lernen, um Synergieeffekte zu erreichen und Strategien der Aufarbeitung abzustimmen, die den Betroffenen bestm\u00f6glich gerecht wird und zuk\u00fcnftigen Missbrauch verhindern hilft.<\/p>\n\n\n\n<p>Die Schaffung dieser Unabh\u00e4ngigen Kommissionen, die insbesondere aus Fachleuten der Justiz, der psychosozialen Versorgung, verschiedener Disziplinen der Wissenschaft und der \u00f6ffentlichen Verwaltung sowie aus in der Regel zwei Mitgliedern des Betroffenenbeirats besteht, hatte die Deutsche Bischofskonferenz (DBK) am 26.Juni 2020 mit dem Unabh\u00e4ngigen Beauftragten der Bundesregierung f\u00fcr Fragen des sexuellen Kindesmissbrauchs in einer Gemeinsamen Erkl\u00e4rung vereinbart. Mittlerweile gibt es in 16 von 27 Bist\u00fcmern Unabh\u00e4ngige Aufarbeitungskommissionen, davon waren 14 durch ihre Vorsitzenden auf der Arbeitstagung vertreten.<\/p>\n\n\n\n<p>Zentrale Aufgabe der jeweiligen Kommissionen ist nach Ansicht der Vorsitzenden die Aufdeckung von Strukturen in der katholischen Kirche, die Missbrauch erm\u00f6glichen, vertuschen und f\u00f6rdern. Die Kommissionen wollen durch die Aufarbeitung sowohl T\u00e4ter identifizieren wie auch Verantwortliche benennen, die mit dem Vertuschen der Taten die Institution Kirche und die T\u00e4ter gesch\u00fctzt haben. Dabei soll bei der Aufarbeitung das Leid der Betroffenen im Vordergrund stehen.<\/p>\n\n\n\n<p>Weitere in der Arbeitstagung bearbeitete Fragen waren, waren: Wie kann die Zusammenarbeit mit den Betroffenenbeir\u00e4ten produktiv gestaltet werden? Welche M\u00f6glichkeiten gibt es, das sogenannte \u201aDunkelfeld\u2018 zu erhellen? Welche rechtlichen Hindernisse gibt es und wie k\u00f6nnen sie \u00fcberwunden werden?<\/p>\n\n\n\n<p>Die Vorsitzenden der Kommissionen werden in ihrer Herbstsitzung eine vorsitzende Person und zwei Stellvertretungen w\u00e4hlen. Zu dieser konstituierenden Sitzung werden die jeweiligen Vertretungen des Betroffenenbeirates der DBK, des Beauftragten der DBK f\u00fcr alle Fragen im Zusammenhang des sexuellen Missbrauchs Minderj\u00e4hriger im kirchlichen Bereich, der Deutschen Ordensobernkonferenz (DOK), der Unabh\u00e4ngigen Beauftragten der Bundesregierung f\u00fcr Fragen des sexuellen Kindesmissbrauchs, des Deutschen Caritasverbandes und des Instituts f\u00fcr Pr\u00e4vention und Aufarbeitung eingeladen.<\/p>\n\n\n\n<p>Die Vorsitzenden der Unabh\u00e4ngigen Kommissionen ermutigen alle Menschen, die bisher \u00fcber ihre Erfahrung mit sexualisierter Gewalt in der katholischen Kirche geschwiegen haben, diese den Unabh\u00e4ngigen Ansprechpersonen bzw. Missbrauchsbeauftragten, die es in allen 27 Bist\u00fcmern gibt, zu berichten, damit diese Erfahrungen anerkannt werden und in die zuk\u00fcnftige Interventions- und Pr\u00e4ventionsarbeit einflie\u00dfen. Kontaktdaten finden sich auf den jeweiligen Internetseiten der Bist\u00fcmer.<\/p>\n\n\n\n<p><em>Unabh\u00e4ngigen Aufarbeitungskommission (UAK) im Bistum Speyer<br>06.05.2022<\/em><\/p>\n\n\n\n<h2 class=\"wp-block-heading\">\u201eEin Leben f\u00fcr den Frieden im Heiligen Land\u201c<\/h2>\n\n\n\n<h3 class=\"wp-block-heading\">Vortrag und Gespr\u00e4ch mit der pal\u00e4stinensischen Autorin und Friedensp\u00e4dagogin Prof. Dr. Sumaya Farhat-Naser am 13. und 14. Mai in Neustadt und Pirmasens<\/h3>\n\n\n\n<p><strong>Neustadt\/Pirmasens &#8211; <\/strong>Was bewegt Menschen, sich auch nach Jahrzehnten von erlebter Gewalt und Ungerechtigkeit weiterhin f\u00fcr den Frieden einzusetzen? Woraus sch\u00f6pfen sie ihre Kraft, um Hoffnungslosigkeit und Resignation zu \u00fcberwinden? \u201eDie Kraft kommt aus dem Glauben, dem Zusammenhalt, der Menschlichkeit und aus den Werten und Idealen unserer Kulturen\u201c, sagt Sumaya Farhat-Naser.<\/p>\n\n\n\n<p>Die pal\u00e4stinensische Schriftstellerin und Universit\u00e4tsprofessorin l\u00e4sst sich nicht entmutigen. In der t\u00e4glichen Arbeit mit Frauen und Jugendlichen muslimischer und christlicher Herkunft setzt sie sich f\u00fcr Dialog und den Verzicht auf Gewalt ein.&nbsp;<\/p>\n\n\n\n<p>Bei zwei Veranstaltungen in Neustadt und Pirmasens am 13. und 14. Mai berichtet Sumaya Farhat-Naser von ihrer Arbeit im besetzten Westjordanland: Kollektive Aktionen wie B\u00e4ume pflanzen und Gem\u00fcseg\u00e4rten anlegen verm\u00f6gen Br\u00fccken zu schlagen, die individuelle Auseinandersetzung mit Angst und Stress ermutigt die Frauen und Jugendlichen, trotz widriger Umst\u00e4nde ihr Leben zu gestalten.<\/p>\n\n\n\n<p>Prof. Dr. Sumaya Farhat-Naser, geboren 1948 in Birzeit, Pal\u00e4stina, studierte Biologie, Geographie und Erziehungswissenschaft an der Universit\u00e4t Hamburg und promovierte in angewandter Botanik. Sie ist Mitbegr\u00fcnderin und Mitglied zahlreicher Organisationen und vielfach international ausgezeichnete Autorin.<\/p>\n\n\n\n<p>Veranstalterinnen der beiden Abende sind die Frauenseelsorge im Bistum Speyer und der Di\u00f6zesanverband der Katholischen Frauengemeinschaft Deutschlands (kfd) in Kooperation mit der katholischen Familienbildungsst\u00e4tte Pirmasens und dem Evangelischen Jerusalemsverein der pf\u00e4lzischen Landeskirche.<\/p>\n\n\n\n<p>Der Eintritt ist frei &#8211; Spenden f\u00fcr die Friedensarbeit werden erbeten.<\/p>\n\n\n\n<p>Eine&nbsp;<strong>Anmeldung<\/strong>&nbsp;ist erforderlich:&nbsp;<a href=\"mailto:frauen@bistum-speyer.de\" target=\"_blank\" rel=\"noreferrer noopener\">frauen@bistum-speyer.de<\/a>, 06232\/102 328<br>Bei den Veranstaltungen gilt die 3-G-Regel.<\/p>\n\n\n\n<h4 class=\"wp-block-heading\">Termine:<\/h4>\n\n\n\n<ul><li><strong>Freitag, den 13. Mai 2022, 19.00 Uhr \u2013 20.30 Uhr, Neustadt\/Weinstra\u00dfe, Pfarrzentrum St. Bernhard, Adolf-Kolping-Str. 119.<\/strong><\/li><li><strong>Samstag, den 14. Mai 2022, 16.00 Uhr \u2013 18.00 Uhr, Pirmasens, Katholische Familienbildungsst\u00e4tte, Unterer Sommerwaldweg 44.<\/strong><\/li><\/ul>\n\n\n\n<p><em>Bistum Speyer<br>06.05.2022<\/em><\/p>\n\n\n\n<h2 class=\"wp-block-heading\">Mit Wissen und Mut Sterbende begleiten<\/h2>\n\n\n\n<h3 class=\"wp-block-heading\">Evangelische Familienbildung bietet \u201eLetzte-Hilfe-Kurs\u201c an<\/h3>\n\n\n\n<p><strong>Der Tod ist ein Teil des Lebens. Und doch zum Tabu geworden. Das Sterben geh\u00f6rt dazu. Doch der Sterbeprozess wird oft ausgeblendet und klinischem Personal \u00fcberlassen. Ein \u201eLetzte-Hilfe-Kurs\u201c der evangelischen Familienbildung will Angeh\u00f6rigen und Freunden von todkranken Menschen die Angst nehmen.<\/strong><\/p>\n\n\n\n<div class=\"wp-block-image\"><figure class=\"aligncenter size-full\"><img decoding=\"async\" loading=\"lazy\" width=\"800\" height=\"533\" src=\"https:\/\/speyer24news.com\/wp-content\/uploads\/2021\/01\/Ruhe-in-Frieden.jpg\" alt=\"\" class=\"wp-image-32361\" srcset=\"https:\/\/speyer24news.com\/wp-content\/uploads\/2021\/01\/Ruhe-in-Frieden.jpg 800w, https:\/\/speyer24news.com\/wp-content\/uploads\/2021\/01\/Ruhe-in-Frieden-300x200.jpg 300w, https:\/\/speyer24news.com\/wp-content\/uploads\/2021\/01\/Ruhe-in-Frieden-768x512.jpg 768w\" sizes=\"(max-width: 800px) 100vw, 800px\" \/><\/figure><\/div>\n\n\n\n<p><strong>Kaiserslautern, Speyer <em>(lk)<\/em> &#8211; <\/strong>Ein gemeinsamer Gedanke liegt \u201eErster Hilfe\u201c und \u201eLetzter Hilfe\u201c zugrunde: Menschen in Not beistehen. W\u00e4hrend die \u201eErste Hilfe\u201c das \u00dcberleben sichern will, m\u00f6chte die \u201eLetzte Hilfe\u201c Leiden lindern und Lebensqualit\u00e4t erhalten. Hilfe f\u00fcr todkranke Menschen bedeutet zum Beispiel Mundpflege, Haltgeben und Dableiben in schwierigen Momenten.<\/p>\n\n\n\n<p>Der Kurs der Evangelischen Arbeitsstelle Bildung und Gesellschaft will Angeh\u00f6rige und Freunde von todkranken Menschen st\u00e4rken. \u201eJemand, der noch nie am Bett eines Sterbenden war, erschrickt, wenn er den sogenannten Rasselatem h\u00f6rt, der h\u00e4ufig eintritt\u201c, schildert Ute Dettweiler, Referentin f\u00fcr Familienbildung der Evangelischen Arbeitsstelle. Wer aber zuvor Informationen zum Sterbeprozess geh\u00f6rt habe, k\u00f6nne sich darauf eher vorbereiten und die eigene Angst und Verzweiflung in solchen Momenten besser bew\u00e4ltigen, sagt sie.<\/p>\n\n\n\n<p>Kurs-Teilnehmende erfahren, wie der Sterbeprozess ablaufen kann. Dazu vermitteln zwei Mitarbeitende des Hospizvereins Kaiserslautern medizinische Informationen, und wie man das Sterben begleiten kann.<\/p>\n\n\n\n<p>Der Kurs richtet sich nicht nur an Betroffene mit schwerkranken Angeh\u00f6rigen. Angesprochen werden auch jene, die im Freundeskreis einen schweren Krankheitsfall beklagen, sowie Menschen mit \u00e4lteren Eltern. &#8222;Es ist wichtig, sich in der Familie mit dem Thema Sterben zu befassen, bevor alle im Krisenmodus sind&#8220;, betont Ute Dettweiler.<\/p>\n\n\n\n<p>Die Teilnehmenden erhalten im \u201eLetzte-Hilfe-Kurs\u201c oft das erste Mal Kontakt zur Palliativ- und Hospiz-Arbeit, die auch das Sterben zu Hause begleitet. &#8222;Die Kurs-Teilnehmenden d\u00fcrfen die Mitarbeitenden des Hospizes alles fragen&#8220;, versichert Ute Dettweiler, die den Kurs organisiert und moderiert. Um daf\u00fcr einen gesch\u00fctzten Rahmen zu bieten, findet er pr\u00e4sent mit maximal zw\u00f6lf Teilnehmenden statt.<\/p>\n\n\n\n<h4 class=\"wp-block-heading\">Info<\/h4>\n\n\n\n<p>Letzte-Hilfe-Kurs, Samstag, 21. Mai, 10 bis 15 Uhr, Heinz-Wilhelmy-Haus Kaiserslautern, Kosten: 20 Euro. <strong><em>Anmeldeschluss ist Samstag, 14. Mai 2022<\/em><\/strong>; die Platzzahl ist begrenzt.<\/p>\n\n\n\n<p>Anmeldung und weitere Infos unter&nbsp;<a href=\"https:\/\/deref-web.de\/mail\/client\/OGbsEY4TiqQ\/dereferrer\/?redirectUrl=https%3A%2F%2Fwww.evangelische-arbeitsstelle.de%2Ftermine%2Fveranstaltungsdetails%2F%3Fqvid%3D1171461%26cHash%3D872c62427b6f96ce73b8bcb056cc2a1c\" target=\"_blank\" rel=\"noreferrer noopener\">www.evangelische-arbeitsstelle.de<\/a>, E-Mail&nbsp;<a>lilli.wagner@evkirchepfalz.de<\/a>&nbsp;oder Telefon 06 31 &#8211; 36 42 228<\/p>\n\n\n\n<p><em>05.05.2022<\/em><\/p>\n\n\n\n<h2 class=\"wp-block-heading\">Domausstecher und Saliergeb\u00e4ck<\/h2>\n\n\n\n<div class=\"wp-block-image\"><figure class=\"aligncenter size-full\"><img decoding=\"async\" loading=\"lazy\" width=\"800\" height=\"600\" src=\"https:\/\/speyer24news.com\/wp-content\/uploads\/2022\/05\/Domausstecher-@-Dombauverein-Speyer-1.jpg\" alt=\"\" class=\"wp-image-45843\" srcset=\"https:\/\/speyer24news.com\/wp-content\/uploads\/2022\/05\/Domausstecher-@-Dombauverein-Speyer-1.jpg 800w, https:\/\/speyer24news.com\/wp-content\/uploads\/2022\/05\/Domausstecher-@-Dombauverein-Speyer-1-300x225.jpg 300w, https:\/\/speyer24news.com\/wp-content\/uploads\/2022\/05\/Domausstecher-@-Dombauverein-Speyer-1-768x576.jpg 768w, https:\/\/speyer24news.com\/wp-content\/uploads\/2022\/05\/Domausstecher-@-Dombauverein-Speyer-1-678x509.jpg 678w, https:\/\/speyer24news.com\/wp-content\/uploads\/2022\/05\/Domausstecher-@-Dombauverein-Speyer-1-326x245.jpg 326w, https:\/\/speyer24news.com\/wp-content\/uploads\/2022\/05\/Domausstecher-@-Dombauverein-Speyer-1-80x60.jpg 80w\" sizes=\"(max-width: 800px) 100vw, 800px\" \/><\/figure><\/div>\n\n\n\n<p><strong>Speyer &#8211; <\/strong>Vor Weihnachten waren sie der gro\u00dfe Renner: Domausstecher in Form der Westfassade des Doms. In k\u00fcrzester Zeit wurden vom Dombauverein 2 000 Ausstecher (aus-)verkauft. Der Verkaufserl\u00f6s kam dem Domerhalt zugute. Mittlerweile stehen nicht nur gen\u00fcgend weitere Ausstecher zum Verkauf. Hinzugekommen ist ein zweiter Ausstecher in Form der Salierkrone. Es lohnt sich, beide Ausstecher zu sammeln.<\/p>\n\n\n\n<p>Und nicht nur das: Jedem Ausstecher ist ein Rezeptblatt f\u00fcr ein Saliergeb\u00e4ck beigef\u00fcgt. Weitere Rezeptvorschl\u00e4ge sind auf der Homepage des Dombauvereins eingestellt. Der Dombauverein will damit deutlich machen, dass die Ausstecher nicht nur f\u00fcr Weihnachtsgeb\u00e4ck, sondern ganzj\u00e4hrig nutzbar sind.<\/p>\n\n\n\n<div class=\"wp-block-image\"><figure class=\"aligncenter size-full\"><img decoding=\"async\" loading=\"lazy\" width=\"800\" height=\"600\" src=\"https:\/\/speyer24news.com\/wp-content\/uploads\/2022\/05\/Domausstecher-@-Dombauverein-Speyer-2.jpg\" alt=\"\" class=\"wp-image-45844\" srcset=\"https:\/\/speyer24news.com\/wp-content\/uploads\/2022\/05\/Domausstecher-@-Dombauverein-Speyer-2.jpg 800w, https:\/\/speyer24news.com\/wp-content\/uploads\/2022\/05\/Domausstecher-@-Dombauverein-Speyer-2-300x225.jpg 300w, https:\/\/speyer24news.com\/wp-content\/uploads\/2022\/05\/Domausstecher-@-Dombauverein-Speyer-2-768x576.jpg 768w, https:\/\/speyer24news.com\/wp-content\/uploads\/2022\/05\/Domausstecher-@-Dombauverein-Speyer-2-678x509.jpg 678w, https:\/\/speyer24news.com\/wp-content\/uploads\/2022\/05\/Domausstecher-@-Dombauverein-Speyer-2-326x245.jpg 326w, https:\/\/speyer24news.com\/wp-content\/uploads\/2022\/05\/Domausstecher-@-Dombauverein-Speyer-2-80x60.jpg 80w\" sizes=\"(max-width: 800px) 100vw, 800px\" \/><\/figure><\/div>\n\n\n\n<p>Das Saliergeb\u00e4ck eignet sich vorz\u00fcglich als Begleiter zu einem guten Glas (Dom-)Wein!<\/p>\n\n\n\n<p>Die Ausstecher sind f\u00fcr jeweils 7,50 Euro nebst Rezeptblatt in der Dom-Info oder direkt in der Vereinsgesch\u00e4ftsstelle erh\u00e4ltlich.<\/p>\n\n\n\n<p><em>Dombauverein Speyer<br>03.05.2022<\/em><\/p>\n\n\n\n<h2 class=\"wp-block-heading\">Strategieprozess und Frauenf\u00f6rderung als Hauptthemen<\/h2>\n\n\n\n<h3 class=\"wp-block-heading\">Di\u00f6zesanversammlung tagt das n\u00e4chste Mal am 10. Mai \u2013 Gabriele Kemper: \u201eRichtungsweisende Themen f\u00fcr die Zukunft der Kirche in Speyer\u201c<\/h3>\n\n\n\n<p><strong>Speyer &#8211; <\/strong>Am 10. Mai findet von 17 bis 21 Uhr die n\u00e4chste digitale Zusammenkunft der Di\u00f6zesanversammlung statt. Ein zentrales Thema wird der Strategieprozess des Bistums Speyer sein. Er dient der Umsetzung der Bistumsvision und der Anpassung der j\u00e4hrlichen Ausgaben an den R\u00fcckgang der Mitglieder und der Kirchensteuereinnahmen. Die Di\u00f6zesanversammlung wird vor allem \u00fcber die strategischen Ziele beraten, die der Lenkungskreis f\u00fcr den Strategieprozess vorgelegt hat.<\/p>\n\n\n\n<p>Ein zweites wichtiges Thema ist der Antrag zum Thema Frauenf\u00f6rderung, den sieben Mitglieder der Di\u00f6zesanversammlung bei der letzten Sitzung am 19. Februar eingebracht hatten. Der Antrag sieht vor, dass sich das Bistum Speyer zur Erreichung einer Frauenquote von mindestens 35 Prozent auf den Leitungsebenen des Bisch\u00f6flichen Ordinariats, der Regionalverwaltungen, der Pfarreien und der pfarrlichen und di\u00f6zesanen Finanzverwaltung verpflichtet. F\u00fcr das Bisch\u00f6fliche Ordinariat und das Pastoralseminar sollen nach dem Wunsch der Antragsteller\/innen parit\u00e4tisch besetzte Doppelspitze gebildet werden. Die Entscheidung \u00fcber den Antrag war bei der Sitzung am 19. Februar vertagt worden.<\/p>\n\n\n\n<p>\u201eBeide Themen sind richtungsweisend f\u00fcr die Zukunft der Kirche in Speyer\u201c, betont Gabriele Kemper, die Vorsitzende der Di\u00f6zesanversammlung. Die zur Beratung stehenden strategischen Ziele beschreiben aus ihrer Sicht den Rahmen, aufgrund dessen in den n\u00e4chsten Monaten konkrete Ma\u00dfnahmen zur Erreichung dieser Ziele votiert werden. \u201eDamit wollen wir als Di\u00f6zesanversammlung unserer Aufgabe gerecht werden, den Bischof bei den anstehenden Entscheidungen bestm\u00f6glich zu beraten\u201c, so Gabriele Kemper. Ebenso richtungsweisend ist f\u00fcr sie die Einf\u00fchrung der Quote zur Geschlechtergerechtigkeit im Bistum Speyer. \u201eNach der Vertagung im Februar steht hier die Entscheidung an\u201c, macht sie deutlich.<\/p>\n\n\n\n<p>Die Mitglieder der Di\u00f6zesanversammlung werden bei ihrem Treffen am 10. Mai au\u00dferdem \u00fcber die Weiterentwicklung der Pfarrgremienwahlen informiert. Die Pfarrgremien im Bistum Speyer werden satzungsgem\u00e4\u00df im kommenden Jahr neu gew\u00e4hlt.<\/p>\n\n\n\n<p>Die Di\u00f6zesanversammlung wird auf dem Youtube-Kanal des Bistums Speyer live \u00fcbertragen.<\/p>\n\n\n\n<h4 class=\"wp-block-heading\">Weitere Informationen zur Di\u00f6zesanversammlung:<\/h4>\n\n\n\n<p><a href=\"https:\/\/www.bistum-speyer.de\/bistum\/aufbau\/raetekommissionen\/dioezesanversammlung\/\">https:\/\/www.bistum-speyer.de\/bistum\/aufbau\/raetekommissionen\/dioezesanversammlung\/<\/a><\/p>\n\n\n\n<h4 class=\"wp-block-heading\">Weitere Informationen zum Strategieprozess des Bistums Speyer:<\/h4>\n\n\n\n<figure class=\"wp-block-embed is-type-wp-embed is-provider-bistum-speyer wp-block-embed-bistum-speyer\"><div class=\"wp-block-embed__wrapper\">\n<blockquote class=\"wp-embedded-content\" data-secret=\"Kba9SFfXy5\"><a href=\"https:\/\/segensorte.bistum-speyer.de\/strategie\/\">Strategie<\/a><\/blockquote><iframe class=\"wp-embedded-content\" sandbox=\"allow-scripts\" security=\"restricted\" style=\"position: absolute; clip: rect(1px, 1px, 1px, 1px);\" title=\"&#8222;Strategie&#8220; &#8212; Bistum Speyer\" src=\"https:\/\/segensorte.bistum-speyer.de\/strategie\/embed\/#?secret=CEaRuiHhjA#?secret=Kba9SFfXy5\" data-secret=\"Kba9SFfXy5\" width=\"500\" height=\"282\" frameborder=\"0\" marginwidth=\"0\" marginheight=\"0\" scrolling=\"no\"><\/iframe>\n<\/div><\/figure>\n\n\n\n<h4 class=\"wp-block-heading\">Link zur Live\u00fcbertragung der Di\u00f6zesanversammlung:<\/h4>\n\n\n\n<figure class=\"wp-block-embed is-type-video is-provider-youtube wp-block-embed-youtube wp-embed-aspect-16-9 wp-has-aspect-ratio\"><div class=\"wp-block-embed__wrapper\">\n<iframe loading=\"lazy\" title=\"Livestream der digitalen Di\u00f6zesanversammlung im Bistum Speyer am 10. Mai 2022\" width=\"500\" height=\"281\" src=\"https:\/\/www.youtube.com\/embed\/pgUdoEajJvM?feature=oembed\" frameborder=\"0\" allow=\"accelerometer; autoplay; clipboard-write; encrypted-media; gyroscope; picture-in-picture\" allowfullscreen><\/iframe>\n<\/div><\/figure>\n\n\n\n<p><em>Bistum Speyer<br>03.05.2022<\/em><\/p>\n\n\n\n<h2 class=\"wp-block-heading\">Musikalische Maiandachten im Dom<\/h2>\n\n\n\n<h3 class=\"wp-block-heading\">Mit \u201eHalte.Punkt.Maria\u201c l\u00e4dt das Domkapitel samstags am fr\u00fchen Abend zur Andacht ein<\/h3>\n\n\n\n<div class=\"wp-block-image\"><figure class=\"aligncenter size-full\"><img decoding=\"async\" loading=\"lazy\" width=\"800\" height=\"532\" src=\"https:\/\/speyer24news.com\/wp-content\/uploads\/2022\/05\/Muttergottes-Statue-im-Speyerer-Dom_m.jpg\" alt=\"\" class=\"wp-image-45842\" srcset=\"https:\/\/speyer24news.com\/wp-content\/uploads\/2022\/05\/Muttergottes-Statue-im-Speyerer-Dom_m.jpg 800w, https:\/\/speyer24news.com\/wp-content\/uploads\/2022\/05\/Muttergottes-Statue-im-Speyerer-Dom_m-300x200.jpg 300w, https:\/\/speyer24news.com\/wp-content\/uploads\/2022\/05\/Muttergottes-Statue-im-Speyerer-Dom_m-768x511.jpg 768w\" sizes=\"(max-width: 800px) 100vw, 800px\" \/><figcaption>Marienstatue im Dom Speyer<br><em>Foto: <em>\u00a9 Domkapitel<\/em><\/em>, <em>Christoph Kohl<\/em><\/figcaption><\/figure><\/div>\n\n\n\n<p><strong>Speyer &#8211; <\/strong>Der Mai gilt als \u201eMarienmonat\u201c und ist in besonderer Weise der Verehrung der Gottesmutter gewidmet. Unter der \u00dcberschrift \u201eHalte.Punkt.Maria\u201c l\u00e4dt das Domkapitel am ersten, dritten und vierten Samstag im Mai, jeweils um 18 Uhr, zu musikalischen Andachten in den Dom ein.<\/p>\n\n\n\n<p>Die Maiandachten begannen am 7. Mai unter der liturgischen Leitung von Domkapitular Franz Vogelgesang. Matthias Lucht (Altus)&nbsp;und&nbsp;Domorganist Markus Eichenlaub gestalteten diese Andacht mit venezianischen Marienmotetten f\u00fcr Alt und Basso continuo von Claudio Monteverdi, Giovanni Rovetta, Bartolomeo Barbarino, Alessandro Grandi.&nbsp;<\/p>\n\n\n\n<p>Am Samstag, 14. Mai findet erstmals die \u201eSpeyerer Chornacht\u201c statt, so dass an diesem Abend keine Maiandacht gefeiert wird.<\/p>\n\n\n\n<p>Dompfarrer Matthias Bender steht der Andacht am 21. Mai vor. Geistliche Musik von Wolfgang Amadeus Mozart &#8211; \u201eSancta Maria Mater Dei\u201c (KV 273), \u201eSub tuum praesidium\u201c (KV 198), \u201eAlma Dei creatoris\u201c (KV 277) und \u201eLitaniae Lauretanae\u201c (KV 109) \u2013 bilden den musikalischen Inhalt. Es musizieren Solostimmen, ein Vokalensemble der Dommusik und ein Streichquintett des Domorchesters.<\/p>\n\n\n\n<p>Den Abschluss der Reihe \u201eHalte.Punkt.Maria\u201c bildet die Andacht am 28. Mai. Weihbischof Otto Georgens ist der Offiziant dieser musikalischen Maiandacht. An diesem Abend ist die Freiburger Domkapelle, der Kammerchor am Freiburger M\u00fcnster, unter der Leitung von Domkapellmeister Boris B\u00f6hmann zu Gast im Dom. Die Musiker aus dem Nachbarbistum, singen marianische Chormusik von&nbsp; Gerhard Weinberger, Boris B\u00f6hmann, Henri Carol und Max Reger.<\/p>\n\n\n\n<h3 class=\"wp-block-heading\">Termine:<\/h3>\n\n\n\n<ul><li><strong>Samstag, 21. Mai 2022<\/strong><\/li><li><strong>18:00 Uhr \u2013 Halte.Punkt.Maria<\/strong><\/li><li><strong>Vokalensemble, Soli, Domorchester<\/strong><\/li><li><strong>Wolfgang Amadeus Mozart:<\/strong><\/li><li><strong>Sancta Maria Mater Dei, KV 273<\/strong><\/li><li><strong>Sub tuum praesidium, KV 198<\/strong><\/li><li><strong>Alma Dei creatoris, KV 277<\/strong><\/li><li><strong>Litaniae Lauretanae, KV 109<\/strong><\/li><\/ul>\n\n\n\n<ul><li><strong>Samstag, 28. Mai 2022<\/strong><\/li><li>18:00 Uhr \u2013 Halte.Punkt.Maria<\/li><li>Freiburger Domkapelle, Leitung: Domkapellmeister Boris B\u00f6hmann<\/li><li>Gerhard Weinberger: Ave Maria<\/li><li>Boris B\u00f6hmann: Inno alla Madonna delle stelle<\/li><li>Henri Carol: Sub tuum praesidium<\/li><li>Max Reger: Unser lieben Frauen Traum<\/li><li>Anonymus 14. Jh.: O virgo splendens<\/li><\/ul>\n\n\n\n<h3 class=\"wp-block-heading\">Zum Hintergrund: Marienmonat Mai, Maiandachten und Marienverehrung in der Musik<\/h3>\n\n\n\n<h4 class=\"wp-block-heading\">Marienmonat Mai<\/h4>\n\n\n\n<p>Schon im fr\u00fchen Christentum wurde der Mutter Jesu eine besondere Verehrung zuteil, weil sie im Besonderen die menschliche Seite des Glaubens verk\u00f6rperte. Etwa seit dem 17. Jahrhundert wird in der katholischen Kirche den ganzen Mai \u00fcber Maria t\u00e4glich besonders verehrt. Die Gottesmutter wird in der christlichen Spiritualit\u00e4t als Sinnbild f\u00fcr die lebensbejahende Kraft des Fr\u00fchlings verstanden. Die Mariensymbolik des Mai ergibt sich aus dem Aufbl\u00fchen der Natur in dieser Zeit. Maria gilt in der katholischen Spiritualit\u00e4t die als \u201edie erste und sch\u00f6nste Bl\u00fcte der Erl\u00f6sung\u201c, weshalb sie h\u00e4ufig mit zahlreichen Blumen dargestellt ist.<\/p>\n\n\n\n<h4 class=\"wp-block-heading\">Maiandachten<\/h4>\n\n\n\n<p>Schon im Mittelalter wurden Maifeste heidnischen Ursprungs christlich umgedeutet. Im Laufe der Zeit kristallisierte sich zunehmend die marianische Pr\u00e4gung dieser Feste heraus. Die Form der Maiandachten ging von der italienischen Stadt Ferrara aus. Dort, in der Kirche der Kamillianer, wurden im Jahre 1784 erstmals \u00f6ffentlich Maiandachten abgehalten. Von Italien aus verbreitete sich die Maiandacht schlie\u00dflich nach Frankreich und in andere europ\u00e4ische L\u00e4nder. Die Bl\u00fctezeit der Maiandacht war zwischen 1850 und 1950.<\/p>\n\n\n\n<h4 class=\"wp-block-heading\">Marienverehrung in der Musik<\/h4>\n\n\n\n<p>In der Musik findet sich in einer nahezu un\u00fcberschaubare Vielzahl an Vertonungen der zentralen lateinischen Texte der Marienverehrung: Die marianischen Antiphonen Salve Regina, Regina coeli, Ave Regina coelorum, Alma redemptoris Mater, Sub tuum praesidium, Ave Maria und das Stabat Mater, das Magnificat und die Lauretanische Litanei sind die wichtigsten, auch Liebesgedichte aus dem Hohen Lied wurden auf Maria hin interpretiert. Nahezu alle katholischen Komponisten haben Kompositionen zu Ehren der Muttergottes geschaffen, im evangelischen Kontext finden sich vor allem Vertonungen des Lobgesang Mariens.<\/p>\n\n\n\n<p>Auch au\u00dferhalb des Gottesdienstes spielt die Marienverehrung in der Musik eine Rolle. Die bekanntesten Beispiele sind die ber\u00fchmten Ave Maria-Kompositionen von Franz Schubert und Charles Gounod. Ein Beispiel aus neuerer Zeit sind die beiden Vertonungen von Rilkes Gedichtzyklus \u201eDas Marienleben\u201c durch Paul Hindemith.<\/p>\n\n\n\n<p><em>Text: Bistum Speyer Foto: \u00a9 Domkapitel, Christoph Kohl<br>02.05.2022<\/em><\/p>\n\n\n\n<h2 class=\"wp-block-heading\">\u201eTrauer braucht einen Ort. Oder?\u201c<\/h2>\n\n\n\n<h3 class=\"wp-block-heading\">Fortbildungsveranstaltung in der Reihe \u201eTr\u00f6sten und Begleiten\u201c im Pastoralseminar St. German in Speyer am 20. Mai<\/h3>\n\n\n\n<div class=\"wp-block-image\"><figure class=\"aligncenter size-full\"><img decoding=\"async\" loading=\"lazy\" width=\"800\" height=\"533\" src=\"https:\/\/speyer24news.com\/wp-content\/uploads\/2021\/02\/candle-2038736_1920.jpg\" alt=\"\" class=\"wp-image-33582\" srcset=\"https:\/\/speyer24news.com\/wp-content\/uploads\/2021\/02\/candle-2038736_1920.jpg 800w, https:\/\/speyer24news.com\/wp-content\/uploads\/2021\/02\/candle-2038736_1920-300x200.jpg 300w, https:\/\/speyer24news.com\/wp-content\/uploads\/2021\/02\/candle-2038736_1920-768x512.jpg 768w\" sizes=\"(max-width: 800px) 100vw, 800px\" \/><\/figure><\/div>\n\n\n\n<p><strong>Speyer &#8211; <\/strong>Das Sterben geh\u00f6rt zum Leben. Sterblichkeit ist eine Erfahrung, die jeden Menschen existentiell betrifft. Doch wie umgehen mit dieser gro\u00dfen Frage des Lebens? Wie kann man Sterbende begleiten? Wie umgehen mit dem Verlust, wenn nahe Angeh\u00f6rige oder Freunde sterben? Um diese Fragen geht es bei der Veranstaltungsreihe zum Jahresthema \u201eTr\u00f6sten und Begleiten\u201c, die das Pastoralseminar St. German in Speyer gemeinsam mit dem Referat f\u00fcr Trauer- und Hospizseelsorge im Bistum Speyer anbietet. Die n\u00e4chste Veranstaltung im Rahmen der Reihe findet am <strong>Freitag, 20. Mai, von 15 bis 19 Uhr<\/strong> zum Thema \u201eTrauer braucht einen Ort. Oder?\u201c statt.<\/p>\n\n\n\n<p>Bei der Fortbildung werden Sonja Haub, Referentin bei der Katholischen Erwachsenenbildung im Bistum, und Kerstin Fleischer, Referentin in der Hospiz- und Trauerseelsorge, den Fragen nachgehen, welche Orte der Trauer vertraut sind und ob es wirklich immer einen Ort der Trauer braucht, um damit umzugehen. Die Fortbildung richtet sich an alle Menschen, die sich in der Begleitung von Trauernden ehren- oder hauptamtlich engagieren und alle Interessierte.<\/p>\n\n\n\n<p><strong>Um eine Anmeldung wird gebeten: <\/strong>Tel. 06232\/ 6030-0 oder per E-Mail an <a href=\"mailto:priesterseminar@sankt-german-speyer.de\">priesterseminar@sankt-german-speyer.de<\/a>.<\/p>\n\n\n\n<p><em>Bistum Speyer<br>02.05.2022<\/em><\/p>\n\n\n\n<h2 class=\"wp-block-heading\">\u201eJeder Mensch hat eine wichtige Aufgabe in der Kirche\u201c<\/h2>\n\n\n\n<h3 class=\"wp-block-heading\">Woche der Inklusion feierlich im Dom zu Speyer er\u00f6ffnet<\/h3>\n\n\n\n<div class=\"wp-block-image\"><figure class=\"aligncenter size-full\"><img decoding=\"async\" loading=\"lazy\" width=\"800\" height=\"614\" src=\"https:\/\/speyer24news.com\/wp-content\/uploads\/2022\/05\/Begegnung.jpg\" alt=\"\" class=\"wp-image-45837\" srcset=\"https:\/\/speyer24news.com\/wp-content\/uploads\/2022\/05\/Begegnung.jpg 800w, https:\/\/speyer24news.com\/wp-content\/uploads\/2022\/05\/Begegnung-300x230.jpg 300w, https:\/\/speyer24news.com\/wp-content\/uploads\/2022\/05\/Begegnung-768x589.jpg 768w, https:\/\/speyer24news.com\/wp-content\/uploads\/2022\/05\/Begegnung-80x60.jpg 80w\" sizes=\"(max-width: 800px) 100vw, 800px\" \/><\/figure><\/div>\n\n\n\n<p><strong>Speyer &#8211; <\/strong>Am Sonntag, dem 1. Mai, wurde im Dom zu Speyer mit einem Gottesdienst die Woche der Inklusion er\u00f6ffnet. Weihbischof Otto Georgens und der evangelische Pfarrer Thomas Jakubowski nahmen in dem \u00f6kumenischen Gottesdienst Bezug auf die Geschichte vom blinden Bartim\u00e4us: Ausgesto\u00dfen und ignoriert sitzt er am Wegesrand, bis Jesus ihn erreicht \u2013 und seinen Wunsch erf\u00fcllt, dazuzugeh\u00f6ren.<\/p>\n\n\n\n<p>\u201eInklusion: Ich will dazugeh\u00f6ren. Ich will mich einbringen. Keiner soll ausgeschlossen werden. Jeder ist willkommen. Mittendrin statt nur dabei\u201c, beschreibt Weihbischof Georgens die Bedeutung von Inklusion. Er zeigte auf, wie diese gelingen kann: \u201eEinige h\u00f6ren wenig oder nicht: Sie k\u00f6nnen Geb\u00e4rden oder einen Dolmetscher benutzen. Einige sehen wenig oder nichts: Sie brauchen Sehhilfen oder B\u00fccher in Blindenschrift. Einige brauchen Platz f\u00fcr ihren Rollstuhl oder Gehhilfen. Viele Menschen brauchen eine einfache Sprache und Bilder.\u201c<\/p>\n\n\n\n<div class=\"wp-block-image\"><figure class=\"aligncenter size-full\"><img decoding=\"async\" loading=\"lazy\" width=\"800\" height=\"551\" src=\"https:\/\/speyer24news.com\/wp-content\/uploads\/2022\/05\/Weihbischof-Georgens.jpg\" alt=\"\" class=\"wp-image-45839\" srcset=\"https:\/\/speyer24news.com\/wp-content\/uploads\/2022\/05\/Weihbischof-Georgens.jpg 800w, https:\/\/speyer24news.com\/wp-content\/uploads\/2022\/05\/Weihbischof-Georgens-300x207.jpg 300w, https:\/\/speyer24news.com\/wp-content\/uploads\/2022\/05\/Weihbischof-Georgens-768x529.jpg 768w\" sizes=\"(max-width: 800px) 100vw, 800px\" \/><\/figure><\/div>\n\n\n\n<p>Dabei erinnerte Georgens auch daran, dass es in unserer Hand liege, die n\u00f6tige Gemeinschaft umzusetzen: \u201eDie Bibel erz\u00e4hlt von Menschen, die blind sind, die nicht gehen k\u00f6nnen oder die Anf\u00e4lle bekommen. In der Bibel steht: Jesus hat sie geheilt. Aber hat er nicht die Behinderung weggemacht. Er hat den anderen Menschen gesagt: Ihr sollt keinen ausgrenzen, weil er behindert ist.\u201c Alle Menschen h\u00e4tten die gleichen Rechte und \u201ejeder Mensch hat eine wichtige Aufgabe in der Kirche.\u201c<\/p>\n\n\n\n<div class=\"wp-block-image\"><figure class=\"aligncenter size-full\"><img decoding=\"async\" loading=\"lazy\" width=\"800\" height=\"571\" src=\"https:\/\/speyer24news.com\/wp-content\/uploads\/2022\/05\/Informationsangebot.jpg\" alt=\"\" class=\"wp-image-45840\" srcset=\"https:\/\/speyer24news.com\/wp-content\/uploads\/2022\/05\/Informationsangebot.jpg 800w, https:\/\/speyer24news.com\/wp-content\/uploads\/2022\/05\/Informationsangebot-300x214.jpg 300w, https:\/\/speyer24news.com\/wp-content\/uploads\/2022\/05\/Informationsangebot-768x548.jpg 768w\" sizes=\"(max-width: 800px) 100vw, 800px\" \/><\/figure><\/div>\n\n\n\n<p>Marianne Steffen, Leiterin der Abteilung Besondere Seelsorgebereiche, begr\u00fc\u00dfte gemeinsam mit Katharina Kintz, Ansprechpartnerin f\u00fcr Inklusion im Bistum und Christoph Sommer, von der Seelsorge f\u00fcr Menschen mit H\u00f6rbehinderung, die Besucherinnen und Besucher des Gottesdienstes. Aus verschiedenen Ecken des Bistums hatten sich Menschen mit und ohne Behinderung im Dom eingefunden. Kintz und Sommer zeigten im Laufe des Gottesdienstes in kurzen Erkl\u00e4rst\u00fccken auf, wie die Vision des Bistums mit den Zielen der Inklusion harmoniert. In einem eingespielten Video wurde deutlich, wie viele unterschiedliche Asoziationen es zum Begriff Inklusion gibt.<\/p>\n\n\n\n<div class=\"wp-block-image\"><figure class=\"aligncenter size-full\"><img decoding=\"async\" loading=\"lazy\" width=\"800\" height=\"564\" src=\"https:\/\/speyer24news.com\/wp-content\/uploads\/2022\/05\/Gebaerdenchor.jpg\" alt=\"\" class=\"wp-image-45838\" srcset=\"https:\/\/speyer24news.com\/wp-content\/uploads\/2022\/05\/Gebaerdenchor.jpg 800w, https:\/\/speyer24news.com\/wp-content\/uploads\/2022\/05\/Gebaerdenchor-300x212.jpg 300w, https:\/\/speyer24news.com\/wp-content\/uploads\/2022\/05\/Gebaerdenchor-768x541.jpg 768w\" sizes=\"(max-width: 800px) 100vw, 800px\" \/><\/figure><\/div>\n\n\n\n<p>Wie inklusive Musik aussieht, zeigten gleich zwei Gruppen. Zum einen der Geb\u00e4rdenchor der Gerh\u00f6rlosenseelsorge unter der Leitung von Edeltraud Ruffing. Komplett lautlos \u00fcbersetzte der Chor per Gestik und Mimik den Gesang der Band Sanctos. Chorleiterin Ruffing \u00fcbersetzte auch die Wortbeitr\u00e4ge im Gottesdienst f\u00fcr die Menschen vor Ort und die Video\u00fcbertragung per Livestream. Zum anderen machte sich die Trommelgruppe des Inklusiontreffs Regenbogen lautstark bemerkbar.<\/p>\n\n\n\n<div class=\"wp-block-image\"><figure class=\"aligncenter size-full\"><img decoding=\"async\" loading=\"lazy\" width=\"800\" height=\"534\" src=\"https:\/\/speyer24news.com\/wp-content\/uploads\/2022\/05\/Trommelgruppe.jpg\" alt=\"\" class=\"wp-image-45841\" srcset=\"https:\/\/speyer24news.com\/wp-content\/uploads\/2022\/05\/Trommelgruppe.jpg 800w, https:\/\/speyer24news.com\/wp-content\/uploads\/2022\/05\/Trommelgruppe-300x200.jpg 300w, https:\/\/speyer24news.com\/wp-content\/uploads\/2022\/05\/Trommelgruppe-768x513.jpg 768w\" sizes=\"(max-width: 800px) 100vw, 800px\" \/><\/figure><\/div>\n\n\n\n<p>Bei den F\u00fcrbitten wirkte die evangelische Geh\u00f6rlosen-Seelsorgerin Jospehine Lew mit, die auch bei den Vorbereitungen zur Woche der Inklusion beteiligt war. Zum Ende des Gottesdienstes wurde symbolisch ein rotes Band zerschnitten, unter anderem von Brigitte Mitsch Behindertenbeauftragte der Stadt Speyer und Vorsitzende der Interessensgemeinschaft Behinderte und ihre Freunde Speyer e.V und Katrin Maino vom Bund der Deutschen Katholischen Jugend (BDKJ), Di\u00f6zese Speyer, das die Woche der Inklusion er\u00f6ffnete. Im Anschluss an die Er\u00f6ffnung wurde neben dem Dom \u00fcber das Thema Inklusion informiert und mit Foto- und Mitmachaktionen geworben. Alle Infos und Veranstaltungen h\u00e4lt die Aktionsseite bereit:&nbsp;<a href=\"https:\/\/deref-web.de\/mail\/client\/Y8t7CXD1SmI\/dereferrer\/?redirectUrl=https%3A%2F%2Fwww.wochederinklusion-speyer.de\" target=\"_blank\" rel=\"noreferrer noopener\">https:\/\/www.wochederinklusion-speyer.de<\/a><\/p>\n\n\n\n<p><em>Text: is, Fotos: Klaus Landry<br>01.05.2022<\/em><\/p>\n","protected":false},"excerpt":{"rendered":"<div class=\"mh-excerpt\"><p>Der Tiefen\u00f6kologie auf der Spur&nbsp; &#8211; \u00d6kumenischer Frauentag \u201eFrida\u201c in Kaiserslautern \u201eVerbundenheit &#8211; Ich bin, weil Du bist\u201c lautet der diesj\u00e4hrige Titel von \u201eFrida\u201c, dem \u00f6kumenischen Frauentag. Er findet am Samstag, 21. Mai, von 10 <a class=\"mh-excerpt-more\" href=\"https:\/\/speyer24news.com\/?p=45836\" title=\"Kirchen\">[&#8230;]<\/a><\/p>\n<\/div>","protected":false},"author":3,"featured_media":26096,"comment_status":"open","ping_status":"open","sticky":false,"template":"","format":"standard","meta":{"_monsterinsights_skip_tracking":false,"_monsterinsights_sitenote_active":false,"_monsterinsights_sitenote_note":"","_monsterinsights_sitenote_category":0,"footnotes":""},"categories":[120],"tags":[174,12851,14307,14305,1861,14303,187,2360,5132,14295,2897,10422,9693,121,14304,14308,59,14298,14293,14294,14309,14297,14302,14301,14306,14299,6,14292,14310,14300,14296,14148,14149],"aioseo_notices":[],"amp_enabled":true,"_links":{"self":[{"href":"https:\/\/speyer24news.com\/index.php?rest_route=\/wp\/v2\/posts\/45836"}],"collection":[{"href":"https:\/\/speyer24news.com\/index.php?rest_route=\/wp\/v2\/posts"}],"about":[{"href":"https:\/\/speyer24news.com\/index.php?rest_route=\/wp\/v2\/types\/post"}],"author":[{"embeddable":true,"href":"https:\/\/speyer24news.com\/index.php?rest_route=\/wp\/v2\/users\/3"}],"replies":[{"embeddable":true,"href":"https:\/\/speyer24news.com\/index.php?rest_route=%2Fwp%2Fv2%2Fcomments&post=45836"}],"version-history":[{"count":2,"href":"https:\/\/speyer24news.com\/index.php?rest_route=\/wp\/v2\/posts\/45836\/revisions"}],"predecessor-version":[{"id":45850,"href":"https:\/\/speyer24news.com\/index.php?rest_route=\/wp\/v2\/posts\/45836\/revisions\/45850"}],"wp:featuredmedia":[{"embeddable":true,"href":"https:\/\/speyer24news.com\/index.php?rest_route=\/wp\/v2\/media\/26096"}],"wp:attachment":[{"href":"https:\/\/speyer24news.com\/index.php?rest_route=%2Fwp%2Fv2%2Fmedia&parent=45836"}],"wp:term":[{"taxonomy":"category","embeddable":true,"href":"https:\/\/speyer24news.com\/index.php?rest_route=%2Fwp%2Fv2%2Fcategories&post=45836"},{"taxonomy":"post_tag","embeddable":true,"href":"https:\/\/speyer24news.com\/index.php?rest_route=%2Fwp%2Fv2%2Ftags&post=45836"}],"curies":[{"name":"wp","href":"https:\/\/api.w.org\/{rel}","templated":true}]}}