{"id":45852,"date":"2022-05-10T12:28:29","date_gmt":"2022-05-10T11:28:29","guid":{"rendered":"https:\/\/speyer24news.com\/?p=45852"},"modified":"2022-05-10T12:28:31","modified_gmt":"2022-05-10T11:28:31","slug":"kirche-kultur","status":"publish","type":"post","link":"https:\/\/speyer24news.com\/?p=45852","title":{"rendered":"Kirche \/ Kultur"},"content":{"rendered":"<style type=\"text\/css\">\r\n\t.ads_top_disp{}\r\n\t.ads_top_corner_disp{ float:left; margin:0px 10px 10px 0px; }\r\n\t.ads_first_p_disp{}\r\n\t.ads_bottom_disp{}\r\n\t<\/style>\n<h2 class=\"wp-block-heading\">Musik am Dom 2022<\/h2>\n\n\n\n<h3 class=\"wp-block-heading\">Domkapellmeister Markus Melchiori und Domkantor Joachim Weller berichten \u00fcber Pl\u00e4ne der Dommusik f\u00fcr 2022<\/h3>\n\n\n\n<div class=\"wp-block-image\"><figure class=\"aligncenter size-full\"><img decoding=\"async\" loading=\"lazy\" width=\"800\" height=\"571\" src=\"https:\/\/speyer24news.com\/wp-content\/uploads\/2022\/05\/Matthaeus-Passion-145_m.jpg\" alt=\"\" class=\"wp-image-45853\" srcset=\"https:\/\/speyer24news.com\/wp-content\/uploads\/2022\/05\/Matthaeus-Passion-145_m.jpg 800w, https:\/\/speyer24news.com\/wp-content\/uploads\/2022\/05\/Matthaeus-Passion-145_m-300x214.jpg 300w, https:\/\/speyer24news.com\/wp-content\/uploads\/2022\/05\/Matthaeus-Passion-145_m-768x548.jpg 768w\" sizes=\"(max-width: 800px) 100vw, 800px\" \/><figcaption>Domkapellmeister Markus Melchiori bei der Auff\u00fchrung der \u201eMatth\u00e4us-Passion\u201c in der Ged\u00e4chtniskirche am 10. April 2022.<br><em><em>Foto: <em>\u00a9 Domkapitel Speyer<\/em>Klaus Landry<\/em><\/em><\/figcaption><\/figure><\/div>\n\n\n\n<p><strong>Speyer &#8211; <\/strong>Eines der Highlights des Jahres liegt bereits hinter der Dommusik. Die Auff\u00fchrung von Bachs monumentaler Matth\u00e4us-Passion am 10. April in der Ged\u00e4chtniskirche. \u00dcberhaupt ist Dommusik w\u00e4hrend der Karwoche und der Ostertage immer besonders gefordert, gilt es doch, die vielen Gottesdienste dieser Zeit auch in w\u00fcrdiger Weise musikalisch zu gestalten. Und genau in dieser Woche war Domkapellmeister Markus Melchiori an Corona erkrankt. Dass trotzdem fast alles wie geplant umgesetzt werden konnte, verdanken die Gottesdienstbesucher Domkantor Joachim Weller, der im Dauereinsatz alle Termine \u00fcbernahm. Beide hoffen, dass das restliche Jahr weitgehend ohne Corona-bedingte Einschr\u00e4nkungen am Dom musiziert werden kann. In einem Medientermin gaben sie nun, zusammen mit Domdekan und Domkustos Dr. Christoph Kohl, einen Ausblick auf das musikalische Programm am Dom 2022.<\/p>\n\n\n\n<p>Domdekan Dr. Kohl, der f\u00fcr die Liturgie und damit auch f\u00fcr die Musik an der Kathedrale zust\u00e4ndig ist, lobte die Arbeit der Dommusik in den beiden letzten Jahren. \u201eDurch unerm\u00fcdlichen Einsatz und mit viel Kreativit\u00e4t, sind wir bestens durch die Corona-Zeit gekommen\u201c. Beleg hierf\u00fcr sei das Wachstum der Chorgruppen, wo andernorts ein Chorsterben eingesetzt habe. Domkapellmeister Melchiori betonte, dass die Dommusik \u201evoller Freude Zuversicht\u201c in das Jahr 2022 gestartet sei. So habe man zum ersten Mal seit zwei Jahren wieder ein gedrucktes Jahresprogramm ver\u00f6ffentlicht, um dieser Zuversicht Ausdruck zu verleihen.<\/p>\n\n\n\n<h3 class=\"wp-block-heading\">Musikalische Andachten und Konzerte<\/h3>\n\n\n\n<p>Erstmals seit zwei Jahren wurde 2021 die traditionelle Konzertreihe \u201eCantate Domino\u201c in der Fastenzeit wieder aufgenommen. Die geistlichen Konzerte laden innerhalb der gepr\u00e4gten Zeiten (Advents- und Fastenzeit) samstags zur Besinnung in den Dom ein.<\/p>\n\n\n\n<p>Die in der Pandemiezeit erfolgreich begr\u00fcndete Reihe musikalischer Andachten wird mit \u201eHalte.Punkt.Maria\u201c im Mai fortgesetzt. Musik spielt in den etwa halbst\u00fcndigen Wortgottesdiensten eine besondere Rolle. Im Marienmonat Mai sind die Andachten der Gottesmutter geweiht, bei entsprechender Auswahl der Musikst\u00fccke. Termine sind der 7., 21. und 28. Mai, jeweils um 18 Uhr.<\/p>\n\n\n\n<p>Am Sonntag, 22. Mai, 15 Uhr, stellen die Nachwuchsch\u00f6re das Kurzmusical \u201eBartim\u00e4us geht ein Licht auf\u201c in der Kirche des Priesterseminars St. German auf die Beine. So bekommen die Kinderchorgruppen ihr eigenes Konzerterlebnis.<\/p>\n\n\n\n<p>Gerade gestartet ist der Internationale Orgelzyklus mit einem Konzert des Zweiten Domorganisten Christoph Keggenhoff. Unter der k\u00fcnstlerischen Leitung von Domorganist Markus Eichenlaub werden in neun weiteren Konzerten namhafte Interpreten aus der Schweiz, Frankreich, England, der Slowakei und Deutschland sowie eine Organistin aus Spanien zu h\u00f6ren sein. Auch hier ist die Hoffnung gro\u00df, dass nach zwei Jahren mit Reiseeinschr\u00e4nkungen die G\u00e4ste aus Europa wieder ungehindert nach Speyer kommen k\u00f6nnen.<\/p>\n\n\n\n<p>Eine Besonderheit wird in diesem Jahr ein Meisterkurs von Prof. Daniel Roth sein. Der Organist, Komponist und Musikp\u00e4dagoge arbeitet beinahe 80-j\u00e4hrig immer noch als Titularorganist an Saint-Sulpice in Paris.<\/p>\n\n\n\n<p>Auf Initiative der Dommusik findet 2022 erstmals eine Speyerer Chornacht statt. Acht Ch\u00f6re pr\u00e4sentieren an vier verschieden Spielorten abwechslungsreiche Chormusik in insgesamt 16 Kurzkonzerten. Ob Renaissance, Klassik, Romantik, Pop oder Rock, ob geistliche oder weltliche Musik, ob Knaben-, M\u00e4dchen-, Jugend-, M\u00e4nner- oder gro\u00dfer gemischter Chor: Ein vielf\u00e4ltiges Programm hochwertiger Chormusik ist zu h\u00f6ren in der Kirche St. Joseph, im Alten Stadtsaal, im Innenhof des Historischen Museums und im Dom, in dem auch um 22:45 Uhr ein gemeinsames Abschluss-Singen aller Ch\u00f6re stattfinden wird. Die teilnehmen Ch\u00f6re bilden eine regionen- und konfessions\u00fcbergreifende Schnittmenge. Es sind dies der Kathedraljugendchor Trier, der M\u00e4dchenchor \u201eCantus Juvenum\u201c Karlsruhe, der Gospelchor Lingenfeld, der Mozartchor Speyer, das Ensemble Vocapella Limburg, die Speyerer Domsingknaben, der M\u00e4dchenchor am Dom zu Speyer und der Domchor Speyer.<\/p>\n\n\n\n<p>Auch bei der \u201eSpeyerer Kult(o)urnacht\u201c am 10. Juni&nbsp; ist die Dommusik dabei. Von 19 bis 22 Uhr spielt Domorganist Markus Eichenlaub beschwingte Musik an den beiden gro\u00dfen Orgeln des Doms.<\/p>\n\n\n\n<p>Am Sonntag, 3. Juli, wirkt der Domchor beim Abschlusskonzert des Musikfestes Speyer der Deutschen Staatsphilharmonie Rheinland-Pfalz in der Ged\u00e4chtniskirche mit. Unter der Leitung von deren Chefdirigenten Michael Francis steht das selten gespielte Oratorium \u201eChristus am \u00d6lberge\u201c von Ludwig van Beethoven auf dem Programm.<\/p>\n\n\n\n<h3 class=\"wp-block-heading\">Die Internationalen Musiktage 2022<\/h3>\n\n\n\n<p>Eine besondere Stellung innerhalb des Jahres nehmen die Internationalen Musiktage Dom zu Speyer ein. In 15 Konzerten im Dom und an anderen Orten der Stadt wird geistliche Musik auf einem Niveau geboten, dass es mit internationalen Festspielen aufnehmen kann. Einen Schwerpunkt bildet 2022 die Musik des Barockkomponisten Georg Friedrich H\u00e4ndel. Mit seinem \u201eUtrechter Te Deum und Jubilate\u201c beginnen die Musiktage am 16. September um 19:30 Uhr im Dom. Neben weiteren St\u00fccken H\u00e4ndels kommt mehrfach Musik von Heinrich Sch\u00fctz zu Geh\u00f6r. Im November 2022 wird seines 350. Todestages gedacht. Daneben stehen Alte Musik aus Nordeuropa und Gregorianik auf dem Programm. Genauso vielf\u00e4ltig wie die St\u00fcckeauswahl sind auch die Konzertformate: Lunchtime-Konzerte zur Mittagszeit, Orgel 3.0 am fr\u00fchen Nachmittag und Nachtkonzerte bieten Gelegenheit, dem eigenen Biorhythmus und dem Musikgeschmack folgend fast rund um die Uhr Konzerte zu besuchen. Vielf\u00e4ltig ist auch die Zusammensetzung der Instrumental- und Gesangsgruppen, die teilweise aus Ensembles der Dommusik und aus G\u00e4sten bestehen. Ein Novum und eine Besonderheit ist der Gastauftritt des Westminster Cathedral Choir am Samstag, 24. September. Die Westminster Cathedral (nicht zur verwechseln mir Westminster Abbey) ist die gr\u00f6\u00dfte katholische Kirche in der britischen Hauptstadt und sein Chor einer der weltweit besten seiner Art, der zudem nur selten au\u00dferhalb Englands aufritt. Beschlossen wird das Festival am Montag, 3. Oktober, in der katholischen Kirche St. Joseph mit dem biblischem Oratorium \u201eJoshua\u201c von H\u00e4ndel. Die Titelrolle singt der englische Startenor James Gilchrist.<\/p>\n\n\n\n<h3 class=\"wp-block-heading\">Schwerpunkt Chorarbeit<\/h3>\n\n\n\n<div class=\"wp-block-image\"><figure class=\"aligncenter size-full\"><img decoding=\"async\" loading=\"lazy\" width=\"800\" height=\"549\" src=\"https:\/\/speyer24news.com\/wp-content\/uploads\/2022\/05\/Dom-Gottesdienst-185_m.jpg\" alt=\"\" class=\"wp-image-45854\" srcset=\"https:\/\/speyer24news.com\/wp-content\/uploads\/2022\/05\/Dom-Gottesdienst-185_m.jpg 800w, https:\/\/speyer24news.com\/wp-content\/uploads\/2022\/05\/Dom-Gottesdienst-185_m-300x206.jpg 300w, https:\/\/speyer24news.com\/wp-content\/uploads\/2022\/05\/Dom-Gottesdienst-185_m-768x527.jpg 768w\" sizes=\"(max-width: 800px) 100vw, 800px\" \/><figcaption> Domweihfest 2021<br><em>Foto: \u00a9 Domkapitel Speyer,  Klaus Landry<\/em> <\/figcaption><\/figure><\/div>\n\n\n\n<p>Die wichtigste Aufgabe der Dommusik ist die musikalische Gestaltung der Gottesdienste. Um diese gew\u00e4hrleisten zu k\u00f6nnen, steht die Chorarbeit innerhalb der Dommusik an erster Stelle. Rund 70 Knabenstimmen und junge M\u00e4nnerstimmen der Domsingknaben, etwa 100 S\u00e4ngerinnen des M\u00e4dchenchores und derzeit rund 70 S\u00e4ngerinnen und S\u00e4nger des Domchores gestalten in wechselnden Formationen die Gottesdienste. Dazu kommen kleinere Ensembles wie die Schola Gregoriana. Au\u00dferdem singen 150 Kinder bereits in den Gruppen f\u00fcr kleinere Kinder und den ersten Grundschulklassen.<\/p>\n\n\n\n<p>Diese Chorarbeit in den zwei zur\u00fcckliegenden Pandemiejahren aufrecht und lebendig zu erhalten, war eine gro\u00dfe Herausforderung. Dass die Mitgliederzahlen nicht gesunken, sondern zuletzt sogar gestiegen sind, spricht f\u00fcr die Qualit\u00e4t in der musikalischen Ausbildung vor allem aber in der Gemeinschaftsarbeit der Speyerer Dommusik. Diese \u00e4u\u00dfert sich beispielsweise in den Angeboten der Karwoche, die \u00fcber die gemeinsamen Proben weit hinaus reichen. So standen an einem Nachmittag verschiedene Sport- und Bastelangebote zu Auswahl, am n\u00e4chsten Tag gab es einen gemeinsamen Ausflug in einen gro\u00dfen Freizeitpark.<\/p>\n\n\n\n<p>Im Rahmen eines besonderen Gottesdienstes werden allj\u00e4hrlich M\u00e4dchen und Jungen am \u00dcbergang von der Grundschulzeit in die weiterf\u00fchrenden Schulen in den A-Chor aufgenommen. Viele von ihnen haben zuvor die Klosterschule St. Magdalena besucht, mit der die Dommusik eng kooperiert. Die Sch\u00fclerinnen und Sch\u00fcler dort sind automatisch Teil der sogenannten B-Ch\u00f6re und wirken bereits gelegentlich bei Gottesdiensten am Dom mit. Der n\u00e4chste Schritt ist dann der \u00dcbergang in den A-Chor gegen Ende der vierten Klasse. Diese Kinder entscheiden sich mit ihren Eltern bewusst daf\u00fcr, weiter in den Chorgruppen der Dommusik mitzusingen.<\/p>\n\n\n\n<h3 class=\"wp-block-heading\">BAULICHE VER\u00c4NDERUNGEN<\/h3>\n\n\n\n<h3 class=\"wp-block-heading\">Die neue Orgel in der Afrakapelle<\/h3>\n\n\n\n<p>Am Papstsonntag, 27. M\u00e4rz, wurde die neue Orgel in der Afrakapelle feierlich durch Bischof Dr. Karl-Heinz Wiesemann geweiht. Die Orgel in der Afrakapelle wurde, wie die bereits im Dom befindliche Truhenorgel, von der niederl\u00e4ndischen Orgelbaufirma Klop gebaut. Auch wenn die Hauptorgel im Dom zehn Mal so viele Pfeifen besitzt, passt die neue Orgel mit ihren 583 Pfeifen genau zu der ihr zugedachten Aufgabe in der Afrakapelle. Sie ist mit zwei Manualen (jeweils ein Umfang des C &#8211; g\u2018\u2018\u2018) sowie Pedal (Umfang C -f\u2018) ausgestattet. Die Klop-Orgel hat nur Holzpfeifen, welche einen kammermusikalischen Klang erzeugen, der klangvoll, \u00fcppig, aber nicht aufdringlich ist. Somit ist die neue Orgel zur Begleitung der Messen in der Afrakapelle sehr gut geeignet.<\/p>\n\n\n\n<h3 class=\"wp-block-heading\">Neue Lautsprecheranlage<\/h3>\n\n\n\n<p>Ehrgeizig war das Ziel der Arbeitsgruppe rund um den Domkustos Dr. Christoph Kohl, die sich seit Beginn des Jahres um die Umsetzung der neuen Lautsprecheranlage k\u00fcmmert. Trotz mehrerer Corona-F\u00e4lle unter den Mitarbeitern und Handwerkern konnte die neue Lautsprecheranlage im Dom an Ostern in Betrieb gehen.<\/p>\n\n\n\n<p>In der Arbeitsgruppe zur Konzeption und dem Einbau einer neuen Lautsprecheranlage im Dom hatte \u00fcber Domkantor Joachim Weller auch die Dommusik entscheidend mitgewirkt. Ein besonderes Augenmerk hatte er dabei auf die Qualit\u00e4t der Musik\u00fcbertragung gelegt. Neben der Sprach\u00fcbertragung wird \u00fcber die Anlage in jedem Gottesdienst auch die Singstimme des Kantors \u00fcbertragen. Die alte Anlage hatte jedoch nicht alle Frequenzen der menschlichen Stimme ber\u00fccksichtigt, sondern war auf die \u00dcbertragung der Sprechstimme ausgelegt. Die neue Anlage kann, zumal sobald die bereits bestellten, aber noch nicht gelieferten neuen Mikrophone eintreffen, die Singstimme so \u00fcbertragen, dass der Gesang sich wesentlich nat\u00fcrlicher anh\u00f6rt. Ebenso wird es m\u00f6glich sein, kleine Chorgruppen zu verst\u00e4rken, die es sonst in dem riesigen Raum eher schwer haben. Und auch moderne Musikstile wurden bei der Planung ber\u00fccksichtigt: \u00dcber die beiden neu angeschafften Subwoofer k\u00f6nnen beispielsweise bei \u201eUnited Praise\u201c die B\u00e4sse eindrucksvoll \u00fcbertragen werden.<\/p>\n\n\n\n<p>\u201eDie Anlage ist derzeit zu 80 Prozent fertig gestellt\u201c, sagt Domkantor Weller. \u201eWir warten derzeit noch auf einige technische Komponenten, wie die neuen Mikrofone, die aufgrund von langen Lieferzeiten erst Mitte Mai erwartet werden.\u201c Zu den Restarbeiten z\u00e4hlt auch der Einbau der induktiven H\u00f6rschleife, die Menschen mit H\u00f6rbeeintr\u00e4chtigungen zu Nutze kommen wird.<\/p>\n\n\n\n<p>Einiges an Arbeit wird noch in die Einstellung der Anlage flie\u00dfen. \u201eHier sind wir auf die R\u00fcckmeldungen von Nutzern und Gottesdienstbesuchern angewiesen, da erst mit der Nutzung die Schwachstellen und das Verbesserungspotenzial erkannt werden k\u00f6nnen.\u201c<\/p>\n\n\n\n<p>Aktuelle Informationen sowie der Programmflyer zum Download:\u00a0<a href=\"https:\/\/deref-web.de\/mail\/client\/0MK1v139OqM\/dereferrer\/?redirectUrl=http%3A%2F%2Fwww.dommusik-speyer.de\" target=\"_blank\" rel=\"noreferrer noopener\">www.dommusik-speyer.de<\/a><\/p>\n\n\n\n<div class=\"wp-block-image\"><figure class=\"aligncenter size-full\"><img decoding=\"async\" loading=\"lazy\" width=\"800\" height=\"595\" src=\"https:\/\/speyer24news.com\/wp-content\/uploads\/2022\/05\/Karfreitag-107_m.jpg\" alt=\"\" class=\"wp-image-45856\" srcset=\"https:\/\/speyer24news.com\/wp-content\/uploads\/2022\/05\/Karfreitag-107_m.jpg 800w, https:\/\/speyer24news.com\/wp-content\/uploads\/2022\/05\/Karfreitag-107_m-300x223.jpg 300w, https:\/\/speyer24news.com\/wp-content\/uploads\/2022\/05\/Karfreitag-107_m-768x571.jpg 768w, https:\/\/speyer24news.com\/wp-content\/uploads\/2022\/05\/Karfreitag-107_m-80x60.jpg 80w\" sizes=\"(max-width: 800px) 100vw, 800px\" \/><figcaption>Domkantor Joachim Weller im Gottesdienst<br><em>Foto: \u00a9 Domkapitel Speyer, Klaus Landry<\/em><\/figcaption><\/figure><\/div>\n\n\n\n<h2 class=\"wp-block-heading\">Programm Internationale Musiktage Dom zu Speyer 2022<\/h2>\n\n\n\n<p>Freitag, 16. September 2022, 19:30 Uhr und Samstag, 17.09.2022, 19:30 Uhr<\/p>\n\n\n\n<ul><li><strong>TE DEUM LAUDAMUS<\/strong><\/li><li>Georg Friedrich H\u00e4ndel (1685-1759)<\/li><li>Utrechter Te Deum &amp; Utrechter Jubilate,<\/li><li>HWV 278 &amp; 279<\/li><li>Vokalsolisten<\/li><li>M\u00e4dchenchor am Dom zu Speyer<\/li><li>Speyerer Domsingknaben<\/li><li>Churpf\u00e4lzische Hofcapelle (auf hist. Instrumenten)<\/li><li>Domkantor Joachim Weller, Leitung<\/li><li>Sonntag, 18. September 2022, 16:00 Uhr, Dom-Krypta<\/li><li>Heinrich Sch\u00fctz (1585-1672)<\/li><\/ul>\n\n\n\n<ul><li><strong>MOTETTEN AUS DER SAMMLUNG \u00bbGEISTLICHE CHORMUSIC\u00ab (1648)<\/strong><\/li><li>Ensemble Polyharmonique<\/li><li>Magdalene Harer &amp; Joowon Chung, Sopran<\/li><li>Alexander Schneider, Altus &amp; primus inter pares<\/li><li>S\u00f6ren Richter &amp; Johannes Gaubitz, Tenor<\/li><li>Matthias Lutze, Bass<\/li><li>Juliane Laake, Violone<\/li><li>Klaus Eichhorn, Orgel<\/li><li>Dienstag, 20. September 2022, 15:00 Uhr, Dom<\/li><\/ul>\n\n\n\n<ul><li><strong>ORGEL 3.0<\/strong><\/li><li>Domorganist Markus Eichenlaub<\/li><li>Mittwoch, 21. September 2022, 12:00 Uhr, Dom-Krypta<\/li><\/ul>\n\n\n\n<ul><li><strong>LUNCHTIME-KONZERT<\/strong><\/li><li>Heinrich Sch\u00fctz (1585-1672)<\/li><li>aus der Sammlung \u00bbKleine Geistliche Concerte\u00ab<\/li><li>Capella Spirensis<\/li><li>Mittwoch, 21. September 2022, 21:00 Uhr, Klosterkirche St. Magdalena<\/li><\/ul>\n\n\n\n<ul><li><strong>NACHTKONZERT<\/strong><\/li><li>Georg Friedrich H\u00e4ndel (1685-1759)<\/li><li>Sonaten f\u00fcr Blockfl\u00f6te und Basso Continuo<\/li><li>Torsten Greis, Blockfl\u00f6te<\/li><li>Robert Sagasser, Gambe<\/li><li>Markus Melchiori, Cembalo<\/li><li>Donnerstag, 22. September 2022, 19:30 Uhr, Dom-Krypta<\/li><\/ul>\n\n\n\n<ul><li><strong>HEINRICH SCH\u00dcTZ UND SEINE SCH\u00dcLER<\/strong><\/li><li>Werke von Sch\u00fctz, Rosenm\u00fcller, Pohle, u.a.<\/li><li>Georg Poplutz, Tenor<\/li><li>Johann-Rosenm\u00fcller-Ensemble<\/li><li>Leitung: Arno Paduch<\/li><li>Freitag, 23. September 2022, 19:30 Uhr, Dom-Krypta<\/li><\/ul>\n\n\n\n<ul><li><strong>MARE BALTICUM &#8211; POMERANIA<\/strong><\/li><li>Musik aus Norddeutschland und Polen<\/li><li>aus dem 14. und 15. Jahrhundert<\/li><li>In Kooperation mit der Reihe \u201eVia Mediaeval\u201c des Kultursommers Rheinland-Pfalz<\/li><li>Ensemble Peregrina,<\/li><li>Leitung: Agnieszka Budzi\u0144ska-Bennett<\/li><li>Samstag, 24. September 2022, 19:30 Uhr, Dom<\/li><\/ul>\n\n\n\n<ul><li><strong>JUBILATE! &#8211; CHORKONZERT<\/strong><\/li><li>mit dem Westminster Cathedral Choir<\/li><li>Leitung: Simon Johnson, Director of Music<\/li><li>Sonntag, 25. September 2022, 17:00 Uhr, Klosterkirche St. Magdalena<\/li><li>Georg Friedrich H\u00e4ndel (1685-1759)<\/li><\/ul>\n\n\n\n<ul><li><strong>NEUN DEUTSCHE ARIEN, HWV 202-210<\/strong><\/li><li>Anabelle Hund, Sopran<\/li><li>Barockensemble L\u2018 arpa festante<\/li><li>Markus Melchiori, Orgel<\/li><li>Dienstag, 27. September 2022, 15:00 Uhr, Dom<\/li><\/ul>\n\n\n\n<ul><li><strong>ORGEL 3.0<\/strong><\/li><li>Zweiter Domorganist Christoph Keggenhoff<\/li><li>Mittwoch, 28. September 2022, 12:00 Uhr, Dom-Krypta<\/li><\/ul>\n\n\n\n<ul><li><strong>LUNCHTIME-KONZERT<\/strong><\/li><li>Heinrich Sch\u00fctz (1585-1672)<\/li><li>aus der Sammlung \u00bbCantiones sacrae\u00ab<\/li><li>Capella Spirensis<\/li><li>Mittwoch, 28. September 2022, 21:00 Uhr, Klosterkirche St. Magdalena<\/li><\/ul>\n\n\n\n<ul><li><strong>NACHTKONZERT<\/strong><\/li><li>Georg Friedrich H\u00e4ndel (1685-1759)<\/li><li>GLORIA D-Dur, HWV 245<\/li><li>TRIOSONATE g-Moll, HWV 390a<\/li><li>Annemarie Pfahler, Sopran<\/li><li>Christine Rox &amp; Hans-Joachim Berg, Violine<\/li><li>Ute Petersilge, Violoncello<\/li><li>Markus Melchiori, Orgel<\/li><li>Donnerstag, 29. September 2022, 19:30 Uhr, Dom-Krypta<\/li><\/ul>\n\n\n\n<ul><li><strong>JUBILATE DEO<\/strong><\/li><li>Schola Cantorum Saliensis<\/li><li>Freitag, 30. September 2022, 19:30 Uhr, Dom<\/li><\/ul>\n\n\n\n<ul><li><strong>ORGELKONZERT<\/strong><\/li><li>mit Prof. Daniel Roth, Paris<\/li><li>Montag, 3. Oktober 2022, 17:00 Uhr, Kath. Kirche St. Joseph<\/li><li>Georg Friedrich H\u00e4ndel (1685-1759)<\/li><\/ul>\n\n\n\n<ul><li><strong>JOSHUA<\/strong><\/li><li>Oratorium in drei Teilen, HWV 64<\/li><li>Joowon Chung, Sopran<\/li><li>David Erler, Countertenor<\/li><li>James Gilchrist, Tenor<\/li><li>Konstantin Wolff, Bass<\/li><li>Domchor Speyer<\/li><li>Barockorchester L\u2018 arpa festante<\/li><li>Markus Melchiori, Leitung<\/li><\/ul>\n\n\n\n<div class=\"wp-block-image\"><figure class=\"aligncenter size-full\"><img decoding=\"async\" loading=\"lazy\" width=\"800\" height=\"556\" src=\"https:\/\/speyer24news.com\/wp-content\/uploads\/2022\/05\/Osternacht-109_m.jpg\" alt=\"\" class=\"wp-image-45855\" srcset=\"https:\/\/speyer24news.com\/wp-content\/uploads\/2022\/05\/Osternacht-109_m.jpg 800w, https:\/\/speyer24news.com\/wp-content\/uploads\/2022\/05\/Osternacht-109_m-300x209.jpg 300w, https:\/\/speyer24news.com\/wp-content\/uploads\/2022\/05\/Osternacht-109_m-768x534.jpg 768w\" sizes=\"(max-width: 800px) 100vw, 800px\" \/><figcaption>Der Domchor bei der Osternacht 2022<br><em>Foto: \u00a9 Domkapitel Speyer, Klaus Landry<\/em><\/figcaption><\/figure><\/div>\n\n\n\n<h3 class=\"wp-block-heading\">KONZERTE<\/h3>\n\n\n\n<h4 class=\"wp-block-heading\">Internationaler Orgelzyklus 2022<\/h4>\n\n\n\n<p>Beginn der Konzerte um jeweils 19:30 Uhr<\/p>\n\n\n\n<ul><li>Samstag, 30. April 2022<\/li><li>Christoph Keggenhoff, Speyer<\/li><li>Werke von Bach, Buxtehude (Te Deum laudamus), Letocart, Fleury<\/li><\/ul>\n\n\n\n<ul><li>Mittwoch, 25. Mai 2022<\/li><li>Loreto Amarendi, San Sebastian (Spanien)<\/li><li>Werke von Buxtehude, Liszt (Fun\u00e9railles), Saint-Sa\u00ebns, Faur\u00e9<\/li><\/ul>\n\n\n\n<p>C\u00c9SAR FRANCK ZUM 200. GEBURTSTAG<\/p>\n\n\n\n<p>Domorganist Markus Eichenlaub spielt s\u00e4mtliche Orgelwerke<\/p>\n\n\n\n<ul><li>1. Konzert \u2013 Samstag, 11. Juni 2022<\/li><li>C\u00e9sar Franck und seine Sch\u00fcler<\/li><\/ul>\n\n\n\n<ul><li>2. Konzert \u2013 Mittwoch, 15. Juni 2022<\/li><li>C\u00e9sar Franck und die Nachfolger an St. Clotilde<\/li><\/ul>\n\n\n\n<ul><li>3. Konzert \u2013 Samstag, 18. Juni 2022<\/li><li>Einfach nur C\u00e9sar Franck &#8230;<\/li><\/ul>\n\n\n\n<ul><li>Samstag, 16. Juli 2022<\/li><li>Gabriel Dessauer, Wiesbaden<\/li><li>Werke von H\u00f6ller (Ricercar), Hakim, Strauss, Bedard<\/li><\/ul>\n\n\n\n<ul><li>Samstag, 13. August 2022<\/li><li>Stanislav \u0160urin, Bratislava (Slowakei)<\/li><li>Werke von Bach, Eben, Nosetti, Jan\u00e1\u02c7cek, \u0160urin<\/li><\/ul>\n\n\n\n<ul><li>Samstag, 10. September 2022<\/li><li>Andreas Jetter, Chur (Schweiz)<\/li><li>Hans Rott, 1. Symphonie E-Dur<\/li><\/ul>\n\n\n\n<ul><li>Mittwoch 28. September 2022<\/li><li>Donnerstag 29. September 2022<\/li><li>Meisterkurs mit Prof. Daniel Roth \u2013 Die Orgelwerke von C\u00e9sar Franck<\/li><li>M\u00f6glichkeit zur aktiven und passiven Teilnahme (In Kooperation mit der Hochschule f\u00fcr Musik und Darstellende Kunst Frankfurt am Main und der Hochschule f\u00fcr Musik Saar)<\/li><\/ul>\n\n\n\n<ul><li>Freitag, 30. September 2022<\/li><li>Daniel Roth, Paris (Frankreich)<\/li><li>Werke von Franck (R\u00e9demption),<\/li><li>Roth (Hommage \u00e0 C\u00e9sar Franck), Improvisation<\/li><li>(im Rahmen der \u201eInternationalen Musiktage Dom zu Speyer\u201c)<\/li><\/ul>\n\n\n\n<ul><li>Samstag, 8. Oktober 2022<\/li><li>Daniel Cook, Durham (England)<\/li><li>Werke von Byrd, Willan, Whitlock, Vierne, Darke und Jongen (Sonata Ero\u00efca)<\/li><\/ul>\n\n\n\n<ul><li>Samstag, 12. November 2022<\/li><li>Heinrich Walther, Colmar (Frankreich)<\/li><li>Werke von Sweelinck und C\u00e9sar Franck (Psyche)<\/li><\/ul>\n\n\n\n<h4 class=\"wp-block-heading\">Beginn der Konzerte um jeweils 19:30 Uhr<\/h4>\n\n\n\n<ul><li>PRAELUDIUM \u2013 Einf\u00fchrung zum Orgelkonzert<\/li><li>18:45-19:15 Uhr<\/li><li>Die Organisten stellen sich und ihre Programme vor dem jeweiligen Konzert in einer von Dr. Klaus Ga\u00dfner und Markus Eichenlaub moderierten Gespr\u00e4chsrunde vor.<\/li><li>Treffpunkt im Dom: Chorpodest gegen\u00fcber der Chororgel<\/li><\/ul>\n\n\n\n<ul><li><strong>Freitag, 10. Juni 2022, Kult(o)urnacht \u2013 Die K\u00f6nigin bittet zum Tanz<\/strong><\/li><li>Beschwingte Orgelmusik jeweils zur vollen Stunde (19:00 Uhr, 20:00 Uhr, 21:00 Uhr, 22:00 Uhr)An den Domorgeln: Markus Eichenlaub<\/li><li>Louis James Alfred Lef\u00e9bure-W\u00e9ly (1817-1869)<\/li><li>Bol\u00e9ro de concert op. 166<\/li><li>Guy Bovet (*1942)<\/li><li>Salamanca<\/li><li>Zsolt G\u00e1rdonyi (*1946)<\/li><li>Mozart changes<\/li><li>Maurice Ravel (1875-1937)<\/li><li>Bol\u00e9ro (f\u00fcr zwei Spieler in der Fassung f\u00fcr Wiedergabe-System und einen Spieler)<\/li><\/ul>\n\n\n\n<ul><li><strong>Sonntag, 3. Juli 2022, 18:00 Uhr, Ged\u00e4chtniskirche Speyer<\/strong><\/li><li><strong>ABSCHLUSSKONZERT MUSIKFEST SPEYER\u00a0<\/strong><\/li><li>Robert Schumann (1810-1856)<\/li><li>Konzert f\u00fcr Klavier und Orchester a-Moll, op. 54<\/li><li>Ludwig van Beethoven (1770-1827)<\/li><li>Christus am \u00d6lberge, op. 85<\/li><li>Oratorium f\u00fcr Soli, Chor und Orchester<\/li><li>Joseph Moog, Klavier<\/li><li>Deutsche Staatsphilharmonie Rheinland-Pfalz<\/li><li>Domchor Speyer<\/li><li>Leitung: Michael Francis<\/li><\/ul>\n\n\n\n<ul><li><strong>\u201eCantate Domino\u201c in der Adventszeit<\/strong><\/li><li>Auch in diesem Jahr l\u00e4dt an allen Samstagen der Adventszeit um 18:00 Uhr eine Stunde Adventsmusik bei freiem Eintritt in den Dom ein.<\/li><\/ul>\n\n\n\n<h3 class=\"wp-block-heading\">SOCIAL MEDIA KAN\u00c4LE DER DOMMUSIK<\/h3>\n\n\n\n<ul><li><strong>Youtube Kanal: <a href=\"https:\/\/www.youtube.com\/channel\/UCyqha1FigTtcpkmHeIPfY0w\">https:\/\/www.youtube.com\/channel\/UCyqha1FigTtcpkmHeIPfY0w<\/a><\/strong><\/li><li><strong>Facebook: <a href=\"https:\/\/www.facebook.com\/dommusikspeyer\">https:\/\/www.facebook.com\/dommusikspeyer<\/a><\/strong><\/li><li><strong>Instagram: <a href=\"https:\/\/www.instagram.com\/dommusikspeyer\/\">https:\/\/www.instagram.com\/dommusikspeyer\/<\/a><\/strong><\/li><\/ul>\n\n\n\n<p><em>Text: Bistum Speyer \/ Dommusik Foto: \u00a9 Domkapitel SpeyerKlaus Landry<br>06.05.2022<\/em><\/p>\n","protected":false},"excerpt":{"rendered":"<div class=\"mh-excerpt\"><p>Musik am Dom 2022 Domkapellmeister Markus Melchiori und Domkantor Joachim Weller berichten \u00fcber Pl\u00e4ne der Dommusik f\u00fcr 2022 Speyer &#8211; Eines der Highlights des Jahres liegt bereits hinter der Dommusik. Die Auff\u00fchrung von Bachs monumentaler <a class=\"mh-excerpt-more\" href=\"https:\/\/speyer24news.com\/?p=45852\" title=\"Kirche \/ Kultur\">[&#8230;]<\/a><\/p>\n<\/div>","protected":false},"author":3,"featured_media":28210,"comment_status":"open","ping_status":"open","sticky":false,"template":"","format":"standard","meta":{"_monsterinsights_skip_tracking":false,"_monsterinsights_sitenote_active":false,"_monsterinsights_sitenote_note":"","_monsterinsights_sitenote_category":0,"footnotes":""},"categories":[120,14],"tags":[174,14313,14312,3000,14311,408,12864,14314,9693,121,4865],"aioseo_notices":[],"amp_enabled":true,"_links":{"self":[{"href":"https:\/\/speyer24news.com\/index.php?rest_route=\/wp\/v2\/posts\/45852"}],"collection":[{"href":"https:\/\/speyer24news.com\/index.php?rest_route=\/wp\/v2\/posts"}],"about":[{"href":"https:\/\/speyer24news.com\/index.php?rest_route=\/wp\/v2\/types\/post"}],"author":[{"embeddable":true,"href":"https:\/\/speyer24news.com\/index.php?rest_route=\/wp\/v2\/users\/3"}],"replies":[{"embeddable":true,"href":"https:\/\/speyer24news.com\/index.php?rest_route=%2Fwp%2Fv2%2Fcomments&post=45852"}],"version-history":[{"count":1,"href":"https:\/\/speyer24news.com\/index.php?rest_route=\/wp\/v2\/posts\/45852\/revisions"}],"predecessor-version":[{"id":45857,"href":"https:\/\/speyer24news.com\/index.php?rest_route=\/wp\/v2\/posts\/45852\/revisions\/45857"}],"wp:featuredmedia":[{"embeddable":true,"href":"https:\/\/speyer24news.com\/index.php?rest_route=\/wp\/v2\/media\/28210"}],"wp:attachment":[{"href":"https:\/\/speyer24news.com\/index.php?rest_route=%2Fwp%2Fv2%2Fmedia&parent=45852"}],"wp:term":[{"taxonomy":"category","embeddable":true,"href":"https:\/\/speyer24news.com\/index.php?rest_route=%2Fwp%2Fv2%2Fcategories&post=45852"},{"taxonomy":"post_tag","embeddable":true,"href":"https:\/\/speyer24news.com\/index.php?rest_route=%2Fwp%2Fv2%2Ftags&post=45852"}],"curies":[{"name":"wp","href":"https:\/\/api.w.org\/{rel}","templated":true}]}}