{"id":45862,"date":"2022-05-10T14:19:26","date_gmt":"2022-05-10T13:19:26","guid":{"rendered":"https:\/\/speyer24news.com\/?p=45862"},"modified":"2022-05-10T14:21:42","modified_gmt":"2022-05-10T13:21:42","slug":"schjifferstadt","status":"publish","type":"post","link":"https:\/\/speyer24news.com\/?p=45862","title":{"rendered":"Schifferstadt"},"content":{"rendered":"<style type=\"text\/css\">\r\n\t.ads_top_disp{}\r\n\t.ads_top_corner_disp{ float:left; margin:0px 10px 10px 0px; }\r\n\t.ads_first_p_disp{}\r\n\t.ads_bottom_disp{}\r\n\t<\/style>\n<h2 class=\"wp-block-heading\">Generationenpark &#8211; Seniorenbeirat benennt Eckpunkte f\u00fcr die weitere Beratung<\/h2>\n\n\n\n<div class=\"wp-block-image\"><figure class=\"aligncenter size-full\"><img decoding=\"async\" loading=\"lazy\" width=\"800\" height=\"400\" src=\"https:\/\/speyer24news.com\/wp-content\/uploads\/2022\/05\/Seniorenbeirat-Schifferstadt.png\" alt=\"\" class=\"wp-image-45865\" srcset=\"https:\/\/speyer24news.com\/wp-content\/uploads\/2022\/05\/Seniorenbeirat-Schifferstadt.png 800w, https:\/\/speyer24news.com\/wp-content\/uploads\/2022\/05\/Seniorenbeirat-Schifferstadt-300x150.png 300w, https:\/\/speyer24news.com\/wp-content\/uploads\/2022\/05\/Seniorenbeirat-Schifferstadt-768x384.png 768w\" sizes=\"(max-width: 800px) 100vw, 800px\" \/><\/figure><\/div>\n\n\n\n<p>Die Neugestaltung des Stadtfriedhofs hin zu einem Generationenpark ist eines der wichtigen Themen im \u201eProjekt Soziale Stadt\u201c. Schon 2016 hat der Stadtrat das Ziel im \u201eIntegrierten Handlungskonzept der Stadt Schifferstadt\u201c festgeschrieben. Die Idee, die Freifl\u00e4che als Potential zu nutzen und einen innerst\u00e4dtischen Park an der Stelle zu entwickeln hat den Seniorenbeirat seit l\u00e4ngerem besch\u00e4ftigt. Bislang wurde im Ausschuss \u201eGenerationen und Soziales\u201c \u00fcber dieses Projekt nicht diskutiert. Im letzten Ausschuss \u201eSoziale Stadt\u201c wurde das Thema dann erstmals in einem Ausschuss aufgegriffen. Beschlossen wurde die Aufteilung in einen \u201eErholungsbereich\u201c und einen \u201eErlebnisbereich\u201c. F\u00fcr die weitere Diskussion hat der Seniorenbeirat einige Anmerkungen zusammengefasst.<\/p>\n\n\n\n<h4 class=\"wp-block-heading\">Zielsetzung<\/h4>\n\n\n\n<ul><li>Mittels einer Bedarfsanalyse sollte gekl\u00e4rt werden, welche Personengruppe besonders erreicht werden soll. Attraktive Angebote f\u00fcr alle denkbaren Nutzungen (Jugendliche, Kleinkinder, Familien, Seniorinnen und Senioren, sportlich ambitionierte Personen, physisch oder psychisch eingeschr\u00e4nkte Menschen oder Personen mit Vorliebe f\u00fcr geselliges Zusammensein) werden nicht gleichzeitig zu erreichen sein.<\/li><li>Um hohe Akzeptanz in der Bev\u00f6lkerung zu gew\u00e4hrleisten, sollten auch Vereine, Religionsgemeinschaften, Schulen und Kinderg\u00e4rten eingebunden werden.<\/li><\/ul>\n\n\n\n<h4 class=\"wp-block-heading\">Erlebnisbereich<\/h4>\n\n\n\n<ul><li>Die Trainings- und Spielger\u00e4te im Erlebnisbereich sollten die M\u00f6glichkeit bieten, Menschen jeden Alters, jeder Herkunft, Trainierten und Untrainierten eine M\u00f6glichkeit ihre Freizeit sinnvoll und gesundheitsorientiert zu gestalten.<\/li><li>F\u00fcr Schulen und Kinderg\u00e4rten k\u00f6nnte das Bewegungsangebot eine Erg\u00e4nzung zum Sportunterricht darstellen, da hierbei wenig Vorbereitungszeit anf\u00e4llt.<\/li><li>Das Angebot f\u00fcr Kinder und Familien sollte so geplant werden, dass es dem Verlust des nat\u00fcrlichen Bewegungsraumes der Kinder entgegenwirkt.<\/li><li>Das Angebot f\u00fcr Seniorinnen und Senioren sollte der gesundheitlichen Pr\u00e4vention und insbesondere der Bewegungsf\u00f6rderung dienen.<\/li><li>Es sollte gepr\u00fcft werden, ob zumindest zu Beginn ein \u201eK\u00fcmmerer\u201c f\u00fcr Belebung und Betreuung sorgt.<\/li><\/ul>\n\n\n\n<h4 class=\"wp-block-heading\">Erholungsbereich<\/h4>\n\n\n\n<ul><li>Ein behindertengerechtes WC, ein Trinkbrunnen, Sonnen- und Schattensitzgelegenheiten und geeignete Tische und B\u00e4nke sind Mindestausstattungsmerkmale f\u00fcr den Erholungsbereich.<\/li><li>Kommunikations-Inseln und Ruhe-Inseln k\u00f6nnten den Erholungsraum vielseitiger machen. Dadurch k\u00f6nnten Angebote mit \u201eOasencharakter\u201c entstehen.<\/li><li>Sitzb\u00e4nke sollten mit R\u00fcckenlehnen und Armlehnen ausgestattet sein.<\/li><li>Es sollte gepr\u00fcft werden, ob die Nutzung als \u201eGrill- bzw. Feiergelegenheit\u201c wirklich zugelassen sein soll.<\/li><\/ul>\n\n\n\n<h4 class=\"wp-block-heading\">Gestaltung<\/h4>\n\n\n\n<ul><li>Die Verkehrswege sollten so gestaltet sein, dass diese keine Personengruppen ausschlie\u00dfen. Z. B. stufenfreier Zugang zum Parkgel\u00e4nde.<\/li><li>Rad fahren oder Roller fahren sollte grunds\u00e4tzlich ausgeschlossen sein. Demzufolge sollten Abstellm\u00f6glichkeiten ber\u00fccksichtigt werden.<\/li><li>Das Gr\u00fcnkonzept bzw. Gestaltungskonzept sollte die ganzj\u00e4hrige Nutzung unterst\u00fctzen (z. B. Laubfall vermeiden) und allwettertauglich sein.<\/li><li>Das Konzept f\u00fcr das vorhandene Geb\u00e4ude sollte variable Nutzungen zulassen (z. B. Cafe, Bistro, kulturelle Veranstaltung, Regenschutz)<\/li><li>Das Beleuchtungskonzept sollte \u201eAngstr\u00e4ume\u201c ausschlie\u00dfen.<\/li><li>Die \u00d6ffnung der Mauer w\u00fcrde das Sicherheitsgef\u00fchl st\u00e4rken und den Stra\u00dfenraum mit dem Park verbinden.<\/li><li>Erholungs- und Erlebnisbereich sollten g\u00e4rtnerisch\/baulich getrennt werden.<\/li><\/ul>\n\n\n\n<p><em>Stadtverwaltung Schifferstadt \/ Seniorenbeirat<br>10.05.2022<\/em><\/p>\n\n\n\n<h2 class=\"wp-block-heading\">Seniorennachmittage in der Adlerstube<\/h2>\n\n\n\n<div class=\"wp-block-image\"><figure class=\"aligncenter size-full\"><img decoding=\"async\" loading=\"lazy\" width=\"800\" height=\"600\" src=\"https:\/\/speyer24news.com\/wp-content\/uploads\/2022\/05\/Adlerstube-Heimatmuseum.jpg\" alt=\"\" class=\"wp-image-45863\" srcset=\"https:\/\/speyer24news.com\/wp-content\/uploads\/2022\/05\/Adlerstube-Heimatmuseum.jpg 800w, https:\/\/speyer24news.com\/wp-content\/uploads\/2022\/05\/Adlerstube-Heimatmuseum-300x225.jpg 300w, https:\/\/speyer24news.com\/wp-content\/uploads\/2022\/05\/Adlerstube-Heimatmuseum-768x576.jpg 768w, https:\/\/speyer24news.com\/wp-content\/uploads\/2022\/05\/Adlerstube-Heimatmuseum-678x509.jpg 678w, https:\/\/speyer24news.com\/wp-content\/uploads\/2022\/05\/Adlerstube-Heimatmuseum-326x245.jpg 326w, https:\/\/speyer24news.com\/wp-content\/uploads\/2022\/05\/Adlerstube-Heimatmuseum-80x60.jpg 80w\" sizes=\"(max-width: 800px) 100vw, 800px\" \/><\/figure><\/div>\n\n\n\n<p>Am <strong>Dienstag, 24. Mai<\/strong>, findet um 14 Uhr nach langer coronabedingter Zwangspause das erste Treffen in der Adlerstube statt. Diese werden dann im 14-t\u00e4gigen Rhythmus wiederholt.<\/p>\n\n\n\n<p>Alle Schifferstadter Seniorinnen und Senioren sind herzlich eingeladen.<\/p>\n\n\n\n<p>F\u00fcr die Er\u00f6ffnungsveranstaltung bitten wir um telefonische Voranmeldung bei Frau Blesinger (Tel.: 06235 44-318) zwischen 08:00 \u2013 12:00 Uhr.<\/p>\n\n\n\n<p>B\u00fcrgermeisterin Ilona Volk, der zust\u00e4ndige Beigeordnete Patrick Poss und das zust\u00e4ndige Referat Generationen und Soziales freuen sich darauf, m\u00f6glichst viele Seniorinnen und Senioren begr\u00fc\u00dfen zu d\u00fcrfen.<\/p>\n\n\n\n<p>Sollten Sie den B\u00fcrgerbus in Anspruch nehmen wollen, denken Sie bitte daran das B\u00fcrgerbus-Team rechtzeitig zu kontaktieren unter: Tel.: 06235 44-555.<\/p>\n\n\n\n<p><em>Stadtverwaltung Schifferstadt<br>04.05.2022<\/em><\/p>\n\n\n\n<h2 class=\"wp-block-heading\">15. Mai: Grundbesitzabgaben und Gewerbesteuer f\u00e4llig<\/h2>\n\n\n\n<div class=\"wp-block-image\"><figure class=\"aligncenter size-full\"><img decoding=\"async\" loading=\"lazy\" width=\"768\" height=\"551\" src=\"https:\/\/speyer24news.com\/wp-content\/uploads\/2021\/01\/Geld.jpg\" alt=\"\" class=\"wp-image-31982\" srcset=\"https:\/\/speyer24news.com\/wp-content\/uploads\/2021\/01\/Geld.jpg 768w, https:\/\/speyer24news.com\/wp-content\/uploads\/2021\/01\/Geld-300x215.jpg 300w\" sizes=\"(max-width: 768px) 100vw, 768px\" \/><\/figure><\/div>\n\n\n\n<p>Am 15. Mai sind die Teilzahlungen f\u00fcr die Grundbesitzabgaben und die Gewerbesteuer f\u00e4llig, da der Termin in diesem Jahr auf einen Sonntag f\u00e4llt, verschiebt sich laut Gesetzgeber die F\u00e4lligkeit auf den n\u00e4chsten Werktag. Bei Abgabepflichtigen, die der Stadtkasse ein SEPA-Lastschriftmandat (Einzugserm\u00e4chtigung) erteilt haben, werden die f\u00e4lligen Betr\u00e4ge eingezogen. Selbstzahler werden gebeten, den F\u00e4lligkeitstermin zu beachten.<\/p>\n\n\n\n<p>Die Stadtkasse bittet alle betroffenen B\u00fcrgerinnen und B\u00fcrger auf die Banklaufzeiten zu achten und das Geld rechtzeitig \u201eauf den Weg zu bringen\u201c, sodass es sp\u00e4testens am 16. Mai eingeht. Nach dem F\u00e4lligkeitstermin m\u00fcssten f\u00fcr dann noch offene bzw. r\u00fcckst\u00e4ndige Forderungen Mahngeb\u00fchren und S\u00e4umniszuschl\u00e4ge erhoben werden. Nach erfolgloser Mahnung sind Vollstreckungsma\u00dfnahmen mit zus\u00e4tzlichen Pf\u00e4ndungsgeb\u00fchren vorgeschrieben. F\u00fcr jeden angefangenen Monat fallen auch weitere S\u00e4umniszuschl\u00e4ge an.<\/p>\n\n\n\n<p>Sie m\u00f6chten sich in Zukunft den Aufwand und eventuelle Mahngeb\u00fchren sparen? Wenn Sie der Stadtkasse eine Einzugserm\u00e4chtigung erteilen, wird die Forderung zum F\u00e4lligkeitszeitpunkt automatisch eingezogen und keine F\u00e4lligkeit mehr vers\u00e4umt. Die Formulare f\u00fcr die Einzugserm\u00e4chtigung finden Sie auf <a href=\"http:\/\/www.schifferstadt.de\">www.schifferstadt.de<\/a>.<\/p>\n\n\n\n<p><em>Stadtverwaltung Schifferstadt<br>03.05.2022<\/em><\/p>\n\n\n\n<h2 class=\"wp-block-heading\">Tag der St\u00e4dtebauf\u00f6rderung mit B\u00fcrgerveranstaltung und Rahmenprogramm<\/h2>\n\n\n\n<div class=\"wp-block-image\"><figure class=\"aligncenter size-full\"><img decoding=\"async\" loading=\"lazy\" width=\"500\" height=\"717\" src=\"https:\/\/speyer24news.com\/wp-content\/uploads\/2022\/05\/Plakat-Tag-der-Staedtebaufoerderung-BILD.jpg\" alt=\"\" class=\"wp-image-45864\" srcset=\"https:\/\/speyer24news.com\/wp-content\/uploads\/2022\/05\/Plakat-Tag-der-Staedtebaufoerderung-BILD.jpg 500w, https:\/\/speyer24news.com\/wp-content\/uploads\/2022\/05\/Plakat-Tag-der-Staedtebaufoerderung-BILD-209x300.jpg 209w\" sizes=\"(max-width: 500px) 100vw, 500px\" \/><\/figure><\/div>\n\n\n\n<p>Am Samstag, 14. Mai, ist der Tag der St\u00e4dtebauf\u00f6rderung.&nbsp; Gemeinsam laden B\u00fcrgermeisterin Ilona Volk, das Team des Fachbereichs Bauen und Umwelt sowie Schifferstadts Quartiersmanagerin Ingrid Schwarz ein, sich \u00fcber die Projekte im Rahmen der \u201eSozialen Stadt\u201c und informieren und sich bei der geplanten Umgestaltung des Stadtfriedhofs zu beteiligen. Denn nur gemeinsam schafft man Wohlf\u00fchlr\u00e4ume.<\/p>\n\n\n\n<p>Los geht es um 12 Uhr auf dem Stadtfriedhof mit einer Begr\u00fc\u00dfung durch Ilona Volk. Musikalische Unterhaltung bieten die Junge Kantorei aus Schifferstadt und die Marching Band \u201eBrass2Go\u201c \u2013 die mit den roten Anz\u00fcgen.<\/p>\n\n\n\n<p>Es gibt ein vielf\u00e4ltiges Kinderprogramm ab 12:30 Uhr: gemeinsam Wohlf\u00fchlr\u00e4ume f\u00fcr V\u00f6gel schaffen, Malen f\u00fcr den Frieden und Schauspieler G\u00fcnter Wei\u00dfkopf mit seinem Bauchladentheater.<\/p>\n\n\n\n<p>Auch f\u00fcr Essen und Trinken ist gesorgt: Die Schifferstadter Vereine der MGV Concordia, der Verein der Garten- und Blumenfreunde, die Junge Kantorei und der Weltladen fahren Getr\u00e4nke, Kaffee, Grillgut, Flammkuchen, Cr\u00eapes und andere Snacks auf.<\/p>\n\n\n\n<p>Um 13 Uhr startet die Informationsveranstaltung zur B\u00fcrgerbeteiligung \u00fcber die Umgestaltung des Stadtfriedhofs. Neben der allgemeinen Vorstellung des Projektes, werden der geplante Erlebnis- und Ruhebereich erl\u00e4utert, um anschlie\u00dfend B\u00fcrgerinnen und B\u00fcrgern die M\u00f6glichkeit zu geben, sich an der Auswahl der Ger\u00e4tschaften zu beteiligen.<\/p>\n\n\n\n<p>Im Anschluss sind alle Interessierten herzlich eingeladen, begleitet von Brass2Go, gemeinsam mit B\u00fcrgermeisterin Ilona Volk und Quartiersmanagerin Ingrid Schwarz zum ehemaligen Tanzsaal des Ochsens aufzubrechen.<\/p>\n\n\n\n<p><em>Stadtverwaltung Schifferstadt<br>03.05.2022<\/em><\/p>\n\n\n\n<h2 class=\"wp-block-heading\">Radtour mit B\u00fcrgermeisterin Ilona Volk am 3. Juni<\/h2>\n\n\n\n<h3 class=\"wp-block-heading\">Stadtradeln in Schifferstadt vom 22.05. \u2013 11.06.22<\/h3>\n\n\n\n<div class=\"wp-block-image\"><figure class=\"aligncenter size-full\"><img decoding=\"async\" loading=\"lazy\" width=\"800\" height=\"613\" src=\"https:\/\/speyer24news.com\/wp-content\/uploads\/2021\/11\/Stadtradeln-Team.jpg\" alt=\"\" class=\"wp-image-42152\" srcset=\"https:\/\/speyer24news.com\/wp-content\/uploads\/2021\/11\/Stadtradeln-Team.jpg 800w, https:\/\/speyer24news.com\/wp-content\/uploads\/2021\/11\/Stadtradeln-Team-300x230.jpg 300w, https:\/\/speyer24news.com\/wp-content\/uploads\/2021\/11\/Stadtradeln-Team-768x588.jpg 768w, https:\/\/speyer24news.com\/wp-content\/uploads\/2021\/11\/Stadtradeln-Team-80x60.jpg 80w\" sizes=\"(max-width: 800px) 100vw, 800px\" \/><\/figure><\/div>\n\n\n\n<p>Am Freitag, 3. Juni, laden B\u00fcrgermeisterin Ilona Volk und der st\u00e4dtische Radfahrer- und Fu\u00dfg\u00e4ngerbeauftragte Martin Moritz im Zuge der STADTRADELN-Aktion zu einer Radtour \u201eRund um Schifferstadt\u201c ein. Treffpunkt ist um 15 Uhr vor der Stadtverwaltung Schifferstadt.<\/p>\n\n\n\n<p>\u201eGemeinsam macht das Radeln gleich doppelt so viel Spa\u00df\u201c, findet Volk. Wie in den Jahren zuvor m\u00f6chte auch sie \u00fcber die drei Wochen STADTRADELN weitestgehend aufs Auto verzichten. \u201eFahrradfahren macht Spa\u00df, man ist an der frischen Luft, tut etwas f\u00fcr seine Gesundheit und spart obendrein noch CO<sub>2<\/sub> ein \u2013 deshalb hoffe ich, dass sich viele Schifferstadterinnen und Schifferstadter unserer Tour anschlie\u00dfen\u201c, so die B\u00fcrgermeisterin.&nbsp;<\/p>\n\n\n\n<p>Wer mitradeln m\u00f6chte, kann sich <strong>bis sp\u00e4testens 31. Mai<\/strong> mit Vor- und Nachnamen per E-Mail anmelden bei Lea Bannas: <a href=\"mailto:lea.bannas@schifferstadt.de\">lea.bannas@schifferstadt.de<\/a>.<\/p>\n\n\n\n<h4 class=\"wp-block-heading\">STADTRADELN<\/h4>\n\n\n\n<p>Von Sonntag, 22. Mai, bis einschlie\u00dflich Samstag, 11. Juni, k\u00f6nnen alle, die in Schifferstadt leben, arbeiten, einem Verein angeh\u00f6ren oder eine Schule besuchen, f\u00fcrs STADTRADELN in die Pedale treten. Die Kampagne des Klima-B\u00fcndnisses ist seit 2019 in der Rettichmetropole beliebt und erfolgreich. Das Ziel: M\u00f6glichst viele Radkilometer sammeln und einen Beitrag zum Klimaschutz leisten.<\/p>\n\n\n\n<p><em>Stadtverwaltung Schifferstadt<br>03.05.2022<\/em><\/p>\n\n\n\n<h2 class=\"wp-block-heading\">Einladung zum B\u00fcrgerempfang<\/h2>\n\n\n\n<h3 class=\"wp-block-heading\">Begegnungen, Feste, Projekte, ein gemeinsames Wiedersehen:<\/h3>\n\n\n\n<div class=\"wp-block-image\"><figure class=\"aligncenter size-full\"><img decoding=\"async\" loading=\"lazy\" width=\"500\" height=\"671\" src=\"https:\/\/speyer24news.com\/wp-content\/uploads\/2022\/04\/Volk-Ilona.jpg\" alt=\"\" class=\"wp-image-43917\" srcset=\"https:\/\/speyer24news.com\/wp-content\/uploads\/2022\/04\/Volk-Ilona.jpg 500w, https:\/\/speyer24news.com\/wp-content\/uploads\/2022\/04\/Volk-Ilona-224x300.jpg 224w\" sizes=\"(max-width: 500px) 100vw, 500px\" \/><\/figure><\/div>\n\n\n\n<p>Am 7. Januar h\u00e4tte eigentlich der traditionelle Neujahrsempfang stattgefunden. Aufgrund coronabedingter Verordnungen musste dieser abgesagt werden. Als Ersatz f\u00fcr den Neujahrsempfang im Januar l\u00e4dt B\u00fcrgermeisterin Ilona Volk in diesem Fr\u00fchling zu einem B\u00fcrgerempfang am<strong> Freitag, 13. Mai 2022, um 19 Uhr<\/strong> in die Aula des Paul-von-Denis Gymnasiums ein. Sie informiert dort alle B\u00fcrgerinnen und B\u00fcrgern \u00fcber Neuigkeiten, Entwicklungen und Geschehnisse in der Stadt.<\/p>\n\n\n\n<p>In diesem Jahr umrahmt der Musiker und Kabarettist Ramon Chormann den Abend. Er pr\u00e4sentiert Ausz\u00fcge aus seinem aktuellen B\u00fchnenprogramm \u201eEs eskaliert sowieso!\u201c.<\/p>\n\n\n\n<p>Ob zu Hause ein Schrank aufgebaut wird oder eine beh\u00f6rdliche Genehmigung beantragt werden muss, ob es um fehlendes Demokratieverst\u00e4ndnis oder schlechte handwerkliche Qualit\u00e4t, um Ausreden, L\u00fcgereien, Aufschieberei oder mangelnde Disziplin geht &#8211; eigentlich egal &#8211; denn \u201ees eskaliert sowieso\u201c.<\/p>\n\n\n\n<p>Somit sei vorweggenommen, warum er sich immer so furchtbar \u201euffreescht\u201c und die fein gezeichneten Alltagsgeschichten so treffsicher auf den Punkt bringt, dass sich jeder in diesen Schilderungen wiedererkennt. Ramon Chormann, dessen Programme ein Wechselbad sind zwischen Kabarett, Satire und Comedy, gespickt mit seinen Liedern am Klavier, verr\u00e4t in seinem mittlerweile neunten B\u00fchnenprogramm, warum die unaufhaltsame Eskalation bevorsteht.<\/p>\n\n\n\n<p>Die Veranstaltung endet mit Gelegenheit zu entspannten Gespr\u00e4chen und Austausch.<\/p>\n\n\n\n<p>Die B\u00fcrgermeisterin und das Stadtmarketing Team freuen sich auf Sie!<\/p>\n\n\n\n<p><em>Stadtverwaltung Schifferstadt<br>02.05.2022<\/em><\/p>\n\n\n\n<h2 class=\"has-text-align-center wp-block-heading\">Veranstaltungen im Mai 2022 in Schifferstadt<\/h2>\n\n\n\n<figure class=\"wp-block-table\"><table><tbody><tr><td>Tag<\/td><td>Termin<\/td><td>Uhr- zeit<\/td><td>Veranstaltung<\/td><td>Veranstalter<\/td><td>Ort<\/td><\/tr><tr><td>Freitag<\/td><td>13.05.<\/td><td>14:30 Uhr<\/td><td>Kinderkleider- und Spielzeugbasar mit Elterncaf\u00e9<\/td><td>Kita am Wald<\/td><td>Kita am Wald, Wolfahrtsweg 1<\/td><\/tr><tr><td>Samstag<\/td><td>14.05.<\/td><td>12:00 \u2013 18:00 Uhr<\/td><td>Tag der St\u00e4dtebauf\u00f6rderung \u2013 mit B\u00fcrgerbeteiligung<\/td><td>Stadtverwaltung und WSW<\/td><td>Stadtfriedhof und zum Ochsen<\/td><\/tr><tr><td>Sonntag<\/td><td>15.05.<\/td><td>Ab 11 Uhr<\/td><td>Bruder Leonardo &#8222;Schweigewochen sind vorbei&#8220;<\/td><td>Schreiwer-Hais\u00b4l<\/td><td>Lillengasse 5<\/td><\/tr><tr><td>Donnerstag<\/td><td>19.05.<\/td><td>19:30 Uhr<\/td><td>Klavierkabarett: Daniel Helfrich \u201eTrennkost ist kein Abschiedsessen\u201c<\/td><td>Stadtb\u00fccherei Schifferstadt<\/td><td>Altes Rathaus, Marktplatz 1<\/td><\/tr><tr><td>Donnerstag<\/td><td>26.05.<\/td><td>Ab 10 Uhr<\/td><td>50. Himmelfahrtsturnier Goldener Hut<\/td><td>Schachclub Schifferstadt<\/td><td>Aula des Paul-von-Denis Schulzentrums, Neust\u00fcckweg<\/td><\/tr><tr><td>Donnerstag<\/td><td>26.05.<\/td><td>Ab 11 Uhr<\/td><td>Musikfest des Musikvereins 1974<\/td><td>Musikverein 1974<\/td><td>Waldfesthalle, Am Waldfestplatz, 67105 Schifferstadt<\/td><\/tr><tr><td>Sonntag<\/td><td>29.05.<\/td><td>Ab 11 Uhr<\/td><td>&#8222;Best of &#8211; Programm&#8220; Gerd Kannegieser<\/td><td>Schreiwer-Hais\u00b4l<\/td><td>Lillengasse 5<\/td><\/tr><tr><td>Freitag<\/td><td>03.06.<\/td><td>Ab 15 Uhr<\/td><td>Radtour mit der B\u00fcrgermeisterin im Rahmen der Aktion Stadtradeln vom 22.05. \u2013 12.06.22<\/td><td>Stadtverwaltung<\/td><td>Treffpunkt zur Radtour: Vor der Stadtverwaltung<\/td><\/tr><\/tbody><\/table><\/figure>\n\n\n\n<p><em>Stadtverwaltung Schifferstadt<br>03.05.2022<\/em><\/p>\n\n\n\n<h2 class=\"has-text-align-center wp-block-heading\">Verkehrsnotiz<\/h2>\n\n\n\n<div class=\"wp-block-image\"><figure class=\"aligncenter size-full\"><img decoding=\"async\" loading=\"lazy\" width=\"800\" height=\"565\" src=\"https:\/\/speyer24news.com\/wp-content\/uploads\/2020\/01\/Baustelle-2.jpg\" alt=\"\" class=\"wp-image-23900\" srcset=\"https:\/\/speyer24news.com\/wp-content\/uploads\/2020\/01\/Baustelle-2.jpg 800w, https:\/\/speyer24news.com\/wp-content\/uploads\/2020\/01\/Baustelle-2-300x212.jpg 300w, https:\/\/speyer24news.com\/wp-content\/uploads\/2020\/01\/Baustelle-2-768x542.jpg 768w\" sizes=\"(max-width: 800px) 100vw, 800px\" \/><\/figure><\/div>\n\n\n\n<h2 class=\"wp-block-heading\">Vollsperrung der Gabriele-M\u00fcnter-Stra\u00dfe<\/h2>\n\n\n\n<p>Die Gabriele-M\u00fcnter-Stra\u00dfe muss auf H\u00f6he der Hausnummer 12<strong> im Zeitraum vom Mittwoch, 18. Mai, bis Samstag, 21.05.2022, (f\u00fcr mindestens zwei Tage) voll gesperrt<\/strong> werden. Der Grund f\u00fcr die Sperrung ist eine private Bauma\u00dfnahme. W\u00e4hrend dieser Bauma\u00dfnahme entstehen aus der Gabriele-M\u00fcnter-Stra\u00dfe zwei separate Sackgassen. Die Zufahrt wird f\u00fcr Kraftfahrzeuge, sowohl aus der Albert-Weisgerber-Stra\u00dfe, als auch aus der Hans-Purrmann-Stra\u00dfe bis zur Vollsperrung hin m\u00f6glich sein. Ein Vorbeikommen an der Vollsperrung f\u00fcr Fu\u00dfg\u00e4ngerinnen und Fu\u00dfg\u00e4nger und Fahrradfahrerinnen und Fahrradfahrer kann nicht sichergestellt werden.&nbsp; F\u00fcr die Restm\u00fcllabholung am Donnerstag, 19. Mai, m\u00fcssen zwei M\u00fcllsammelstellen eingerichtet werden. Dar\u00fcber werden die Anlieger gesondert von den Bauherren informiert.<\/p>\n\n\n\n<p><em>Stadtverwaltung Schifferstadt<br>02.05.2022<\/em><\/p>\n","protected":false},"excerpt":{"rendered":"<div class=\"mh-excerpt\"><p>Generationenpark &#8211; Seniorenbeirat benennt Eckpunkte f\u00fcr die weitere Beratung Die Neugestaltung des Stadtfriedhofs hin zu einem Generationenpark ist eines der wichtigen Themen im \u201eProjekt Soziale Stadt\u201c. Schon 2016 hat der Stadtrat das Ziel im \u201eIntegrierten <a class=\"mh-excerpt-more\" href=\"https:\/\/speyer24news.com\/?p=45862\" title=\"Schifferstadt\">[&#8230;]<\/a><\/p>\n<\/div>","protected":false},"author":3,"featured_media":25696,"comment_status":"open","ping_status":"open","sticky":false,"template":"","format":"standard","meta":{"_monsterinsights_skip_tracking":false,"_monsterinsights_sitenote_active":false,"_monsterinsights_sitenote_note":"","_monsterinsights_sitenote_category":0,"footnotes":""},"categories":[126],"tags":[2297,14320,14323,14316,2630,2629,14319,127,14315,5224,14317,1221,2223,1023,14318,14322,14321,12938],"aioseo_notices":[],"amp_enabled":true,"_links":{"self":[{"href":"https:\/\/speyer24news.com\/index.php?rest_route=\/wp\/v2\/posts\/45862"}],"collection":[{"href":"https:\/\/speyer24news.com\/index.php?rest_route=\/wp\/v2\/posts"}],"about":[{"href":"https:\/\/speyer24news.com\/index.php?rest_route=\/wp\/v2\/types\/post"}],"author":[{"embeddable":true,"href":"https:\/\/speyer24news.com\/index.php?rest_route=\/wp\/v2\/users\/3"}],"replies":[{"embeddable":true,"href":"https:\/\/speyer24news.com\/index.php?rest_route=%2Fwp%2Fv2%2Fcomments&post=45862"}],"version-history":[{"count":2,"href":"https:\/\/speyer24news.com\/index.php?rest_route=\/wp\/v2\/posts\/45862\/revisions"}],"predecessor-version":[{"id":45868,"href":"https:\/\/speyer24news.com\/index.php?rest_route=\/wp\/v2\/posts\/45862\/revisions\/45868"}],"wp:featuredmedia":[{"embeddable":true,"href":"https:\/\/speyer24news.com\/index.php?rest_route=\/wp\/v2\/media\/25696"}],"wp:attachment":[{"href":"https:\/\/speyer24news.com\/index.php?rest_route=%2Fwp%2Fv2%2Fmedia&parent=45862"}],"wp:term":[{"taxonomy":"category","embeddable":true,"href":"https:\/\/speyer24news.com\/index.php?rest_route=%2Fwp%2Fv2%2Fcategories&post=45862"},{"taxonomy":"post_tag","embeddable":true,"href":"https:\/\/speyer24news.com\/index.php?rest_route=%2Fwp%2Fv2%2Ftags&post=45862"}],"curies":[{"name":"wp","href":"https:\/\/api.w.org\/{rel}","templated":true}]}}