{"id":45870,"date":"2022-05-11T11:43:38","date_gmt":"2022-05-11T10:43:38","guid":{"rendered":"https:\/\/speyer24news.com\/?p=45870"},"modified":"2022-05-11T11:54:07","modified_gmt":"2022-05-11T10:54:07","slug":"polizei-804","status":"publish","type":"post","link":"https:\/\/speyer24news.com\/?p=45870","title":{"rendered":"Polizei"},"content":{"rendered":"<style type=\"text\/css\">\r\n\t.ads_top_disp{}\r\n\t.ads_top_corner_disp{ float:left; margin:0px 10px 10px 0px; }\r\n\t.ads_first_p_disp{}\r\n\t.ads_bottom_disp{}\r\n\t<\/style>\n<h2 class=\"wp-block-heading\">Polizeimeldungen vom Dienstag (10.05.2022)<\/h2>\n\n\n\n<div class=\"wp-block-image\"><figure class=\"aligncenter size-full\"><img decoding=\"async\" loading=\"lazy\" width=\"375\" height=\"500\" src=\"https:\/\/speyer24news.com\/wp-content\/uploads\/2022\/03\/Aktuelles-Polizeilogo.jpg\" alt=\"\" class=\"wp-image-43591\" srcset=\"https:\/\/speyer24news.com\/wp-content\/uploads\/2022\/03\/Aktuelles-Polizeilogo.jpg 375w, https:\/\/speyer24news.com\/wp-content\/uploads\/2022\/03\/Aktuelles-Polizeilogo-225x300.jpg 225w\" sizes=\"(max-width: 375px) 100vw, 375px\" \/><\/figure><\/div>\n\n\n\n<h2 class=\"wp-block-heading\">(Speyer) &#8211; Unmittelbare Beschlagnahme eines F\u00fchrerscheins nach deutlicher \u00dcberschreitung der zul\u00e4ssigen H\u00f6chstgeschwindigkeit<\/h2>\n\n\n\n<p>Am 09.05.2022 gegen 19 Uhr stellte eine Polizeistreife ein Motorrad in der G\u00f6teborger Stra\u00dfe fest, welches in die Stockholmer Stra\u00dfe abbog und in Richtung Speyerer Innenstadt beschleunigte. Die Polizeistreife folgte dem Motorrad in die Joachim-Becher-Stra\u00dfe, wo Geschwindigkeiten von bis zu 140 km\/h bei erlaubten 50 km\/h erreicht wurden. Hier bemerkte der Motorradfahrer offenbar das hinterherfahrende Polizeifahrzeug erstmals, bremste ab und wurde einer Verkehrskontrolle unterzogen. Es handelte sich bei ihm um einen 25-J\u00e4hrigen aus Ludwigshafen. Das Motorrad hatte er sich geliehen. Gegen ihn wurde ein Strafverfahren wegen Durchf\u00fchrung verbotener KFZ-Rennen eingeleitet. Sein F\u00fchrerschein wurde noch vor Ort beschlagnahmt.<\/p>\n\n\n\n<p>Die Polizei weist darauf hin, dass eine Straftat auch dann vorliegen kann, wenn sich ein einzelner Verkehrsteilnehmer grob verkehrswidrig und r\u00fccksichtslos mit dem Ziel fortbewegt, eine h\u00f6chstm\u00f6gliche Geschwindigkeit zu erreichen.<\/p>\n\n\n\n<h2 class=\"wp-block-heading\">(Speyer) &#8211; Verkehrsunfall mit Totalschaden und leichtverletztem Kind<\/h2>\n\n\n\n<p>Am 09.05.2022 gegen 15 Uhr befuhr eine 36-j\u00e4hrige PKW-Fahrerin in Begleitung eines 5-j\u00e4hrigen Kindes die an den Kreisverkehr in der Paul-Egell-Stra\u00dfe anschlie\u00dfende Ausfahrt auf die B39 in Fahrtrichtung Ludwigshafen. Der Einf\u00e4delungsstreifen der Ausfahrt ist derzeit aufgrund einer verkehrsbeh\u00f6rdlichen Anordnung tempor\u00e4r verk\u00fcrzt. Hinter dem PKW der 36-J\u00e4hrigen befuhr eine 20-j\u00e4hrige PKW-Fahrerin die Ausfahrt und erkannte zu sp\u00e4t, dass der PKW der 36-J\u00e4hrigen bremste. Sie fuhr auf das Fahrzeugheck der 36-J\u00e4hrigen auf. Die 5-J\u00e4hrige trug hierdurch eine Prellung am Hinterkopf davon, die 20-J\u00e4hrige erlitt infolge des ausgel\u00f6sten Airbags einen Schock. Der Rettungsdienst wurde hinzugerufen, eine Versorgung vor Ort war ausreichend. Beide PKW waren nicht mehr fahrbereit und mussten abgeschleppt werden. An ihnen entstand wirtschaftlicher Totalschaden in H\u00f6he von insgesamt ca. 17.500 Euro.<\/p>\n\n\n\n<h2 class=\"wp-block-heading\">(Schifferstadt) &#8211; Verkehrs\u00fcberwachung der Polizei<\/h2>\n\n\n\n<p>Am Abend des 09.05.2022 wurden bei Kontrollen am S\u00fcd-Bahnhof in Schifferstadt mehrere Fahrzeuge kontrolliert. Bei sechs Verkehrsteilnehmenden kam es zu kleineren Beanstandungen, wie Gutverst\u00f6\u00dfen.<\/p>\n\n\n\n<h2 class=\"wp-block-heading\">(Altrip) &#8211; Telefonbetrug<\/h2>\n\n\n\n<div class=\"wp-block-image\"><figure class=\"aligncenter size-full\"><img decoding=\"async\" loading=\"lazy\" width=\"578\" height=\"572\" src=\"https:\/\/speyer24news.com\/wp-content\/uploads\/2021\/10\/Telefonbetrug-geschnitten.jpg\" alt=\"\" class=\"wp-image-41297\" srcset=\"https:\/\/speyer24news.com\/wp-content\/uploads\/2021\/10\/Telefonbetrug-geschnitten.jpg 578w, https:\/\/speyer24news.com\/wp-content\/uploads\/2021\/10\/Telefonbetrug-geschnitten-300x297.jpg 300w\" sizes=\"(max-width: 578px) 100vw, 578px\" \/><\/figure><\/div>\n\n\n\n<p>Die 58-j\u00e4hrige Gesch\u00e4digte erhielt eine WhatsApp Nachricht ihrer angeblichen Tochter. Die vermeintliche Tochter gab an, dass ihr Handy besch\u00e4digt sie, weshalb sie eine neue Nummer habe; weiterhin sei der Empfang schlecht und sie k\u00f6nne nicht telefonieren. Aufgrund einer vorgetragenen Notlage \u00fcberwies die Gesch\u00e4digte der Anruferin einen vierstelligen Geldbetrag. Eine weitere Geldforderung am Folgetag konnte die richtige Tochter der Gesch\u00e4digten noch rechtzeitig verhindern.<\/p>\n\n\n\n<h4 class=\"wp-block-heading\">Im Falle solcher Anrufe r\u00e4t die Polizei:<\/h4>\n\n\n\n<ul><li><strong>Lassen Sie sich nicht unter Druck setzen und beenden Sie das Gespr\u00e4ch, sobald Sie Verdacht sch\u00f6pfen.<\/strong><\/li><li><strong>Geben Sie telefonisch niemals pers\u00f6nliche Daten oder Informationen zu finanziellen Verh\u00e4ltnissen preis.<\/strong><\/li><li><strong>\u00dcberweisen Sie  keine Geldbetr\u00e4ge und \u00fcbergeben Sie niemals Bargeld an Ihnen unbekannte Personen.<\/strong><\/li><li><strong>Die Polizei bittet zudem im Verwandten- und Bekanntenkreis \u00fcber diese Betrugsmasche aufzukl\u00e4ren.<\/strong><\/li><\/ul>\n\n\n\n<h2 class=\"wp-block-heading\">(Dudenhofen) &#8211; Einsatz von Videotechnik beim Spiel der Meisterrunde gegen Eintracht Trier<\/h2>\n\n\n\n<div class=\"wp-block-image\"><figure class=\"aligncenter size-full\"><img decoding=\"async\" loading=\"lazy\" width=\"800\" height=\"524\" src=\"https:\/\/speyer24news.com\/wp-content\/uploads\/2019\/09\/Video\u00fcberwachung.jpg\" alt=\"\" class=\"wp-image-18734\" srcset=\"https:\/\/speyer24news.com\/wp-content\/uploads\/2019\/09\/Video\u00fcberwachung.jpg 800w, https:\/\/speyer24news.com\/wp-content\/uploads\/2019\/09\/Video\u00fcberwachung-300x197.jpg 300w, https:\/\/speyer24news.com\/wp-content\/uploads\/2019\/09\/Video\u00fcberwachung-768x503.jpg 768w\" sizes=\"(max-width: 800px) 100vw, 800px\" \/><\/figure><\/div>\n\n\n\n<p>Am Mittwoch, den 11.05.2022, trifft in der Meisterrunde der Fu\u00dfball-Oberliga Rheinland-Pfalz\/Saar der FV Dudenhofen auf die G\u00e4ste aus Trier. Zu der Fu\u00dfballpartie werden etwa 400 Fans erwartet. Ansto\u00df an der Iggelheimer Stra\u00dfe ist um 18:30 Uhr.<\/p>\n\n\n\n<p>Die Partie wurde seitens der Polizei als risikobehaftetes Spiel eingestuft. Sie wird mit ihren Einsatzkr\u00e4ften den reibungslosen und sicheren Verlauf der Veranstaltung gew\u00e4hrleisten und St\u00f6rungen konsequent unterbinden. Hierf\u00fcr ist eine Trennung beider Fan-Lager vorgesehen.<\/p>\n\n\n\n<p>W\u00e4hrend des Einsatzes setzt die Polizei Video\u00fcberwachung zur Verhinderung, aber auch zur beweissicheren Verfolgung von Straftaten ein. Dadurch soll ein st\u00f6rungsfreier Verlauf gew\u00e4hrleistet werden. Vor Ort werden Hinweisschilder aufgestellt. Die Polizei verweist auf die Datenschutzbestimmungen des Landes. Informationen hierzu finden sie unter&nbsp;<a target=\"_blank\" rel=\"noreferrer noopener\" href=\"https:\/\/www.polizei.rlp.de\/de\/Service\/datenschutzinformationen\">https:\/\/www.polizei.rlp.de\/de\/Service\/datenschutzinformationen<\/a>&nbsp;sowie auf einem Infoblatt, welches bei der Polizeiinspektion Speyer eingesehen werden kann.<\/p>\n\n\n\n<h2 class=\"wp-block-heading\">(Hanhofen) &#8211; Erneuter Diebstahlsversuch aus PKW<\/h2>\n\n\n\n<p>Am 09.05.2022 gegen 23:40 Uhr bemerkten Zeugen zwei dunkel gekleidete Personen an einem Cabriolet in der Harthauser Stra\u00dfe. Als die unbekannten T\u00e4ter gewahr wurden, dass sie beobachtet werden, ergriffen sie die Flucht. Eine \u00dcberpr\u00fcfung des betreffenden Cabriolets ergab, dass dessen Stoffverdeck zerschnitten war. Den unbekannten T\u00e4tern gelang es nicht, ins Fahrzeuginnere zu greifen und etwas zu entwenden. Es entstand Sachschaden in H\u00f6he von ca. 500 Euro.<\/p>\n\n\n\n<p>Bereits am vergangenen Wochenende ereigneten sich mehrere Diebst\u00e4hle aus PKW in Harthausen. Ein m\u00f6glicher Tatzusammenhang wird gepr\u00fcft.<\/p>\n\n\n\n<p>Wer hat etwas beobachtet oder kann sachdienliche Hinweise geben? Zeugen werden gebeten, ihre Wahrnehmungen der Polizei Speyer telefonisch oder per E-Mail mitzuteilen (Tel. 06232 \/ 137-0, E-Mail an&nbsp;<a href=\"mailto:pispeyer@polizei.rlp.de\">pispeyer@polizei.rlp.de<\/a>.)<\/p>\n\n\n\n<h2 class=\"wp-block-heading\">(Bellheim) &#8211; Unfall mit schwerstverletztem Fahrradfahrer<\/h2>\n\n\n\n<p>Am Dienstag gegen 08.55 Uhr ereignete sich auf der L509 ein Verkehrsunfall zwischen einem Auto- und Fahrradfahrer, bei dem der Radfahrer lebensgef\u00e4hrlich verletzt wurde. Eine 42-j\u00e4hrige Autofahrerin befuhr die Landstra\u00dfe in Richtung H\u00f6rdt, als ca. 300 Meter nach dem Ortsausgang Bellheim ein 67-j\u00e4hriger Fahrradfahrer die Landstra\u00dfe \u00fcberquerte und von dem PKW erfasst wurde. Der Schwerverletzte wurde zur \u00e4rztlichen Versorgung mit einem Rettungshubschrauber in ein Krankenhaus verbracht. Von Seiten der Staatsanwaltschaft Landau wurde ein Gutachter zur Feststellung des Unfallablaufs hinzugezogen. Zur Unfallaufnahme musste die Landstra\u00dfe voll gesperrt werden.<\/p>\n\n\n\n<h2 class=\"wp-block-heading\">(R\u00fclzheim) &#8211; Einbruch in Einfamilienhaus<\/h2>\n\n\n\n<p>Im Zeitraum von 05.05.2022 bis 09.05.2022 wurde in ein Einfamilienhaus in der Brahmstra\u00dfe in R\u00fclzheim eingebrochen. Der oder die T\u00e4ter gelangten w\u00e4hrend der Abwesenheit der Bewohner durch Aufhebeln der Terrassent\u00fcr in das Haus. Dort wurde Bargeld entwendet. Die Polizeiinspektion Germersheim hat die Ermittlungen aufgenommen und bittet alle Zeugen sich unter der Telefonnummer 07274-9580 oder per Mail an&nbsp;<a href=\"mailto:pigermersheim@polizei.rlp.de\">pigermersheim@polizei.rlp.de<\/a>&nbsp;zu melden.<\/p>\n\n\n\n<h2 class=\"wp-block-heading\">(Landau) &#8211; Zwei Verletze bei Verkehrsunfall<\/h2>\n\n\n\n<p>Zwei Verletzte und 9000 Euro Sachschaden sind die Folge eines Verkehrsunfalls am Montagnachmittag in Landau-Queichheim. Gegen 15.35 Uhr wollte eine 44-j\u00e4hrige Autofahrerin von der Johannes-Kopp-Stra\u00dfe nach links in die Queichheimer Haupstra\u00dfe einbiegen und \u00fcbersah hierbei einen von rechts kommenden, bevorrechtigten Motorradfahrer. Es kam zum Zusammensto\u00df zwischen den beiden Fahrzeugen. Durch den Unfall wurde der 64-j\u00e4hrige Motorradfahrer und seine 43-j\u00e4hrige Beifahrerin verletzt. Beide wurde in ein Krankenhaus gebracht, die beiden Fahrzeuge waren nicht mehr fahrbereit und mussten abgeschleppt werden.<\/p>\n\n\n\n<h2 class=\"wp-block-heading\">(Landau) &#8211; Auto zerkratzt \/ Zeugen gesucht<\/h2>\n\n\n\n<p>In der Zeit zwischen Sonntagnachmittag 16.00 Uhr und Montagmorgen 06.45 Uhr zerkratzten unbekannte T\u00e4ter ein, in der Godramsteiner Stra\u00dfe abgestelltes Auto. Es entstand ein Sachschaden in H\u00f6he von ca. 3000 Euro. Wer hat die Tat beobachtet oder kann Hinweise auf den\/die T\u00e4ter geben? Sachdienliche Hinweise bitte an die Polizeiinspektion Landau, Telefonnummer 06341\/2870 oder per E-Mail&nbsp;<a href=\"mailto:pilandau@polizei.rlp.de\">pilandau@polizei.rlp.de<\/a>.<\/p>\n\n\n\n<h2 class=\"wp-block-heading\">(Edesheim) &#8211; In 50 Minuten 18 Fahrer zu schnell<\/h2>\n\n\n\n<figure class=\"wp-block-image size-full\"><img decoding=\"async\" loading=\"lazy\" width=\"800\" height=\"570\" src=\"https:\/\/speyer24news.com\/wp-content\/uploads\/2022\/05\/003.jpg\" alt=\"\" class=\"wp-image-45871\" srcset=\"https:\/\/speyer24news.com\/wp-content\/uploads\/2022\/05\/003.jpg 800w, https:\/\/speyer24news.com\/wp-content\/uploads\/2022\/05\/003-300x214.jpg 300w, https:\/\/speyer24news.com\/wp-content\/uploads\/2022\/05\/003-768x547.jpg 768w\" sizes=\"(max-width: 800px) 100vw, 800px\" \/><\/figure>\n\n\n\n<p>Am Dienstagnachmittag wurde durch die Polizei Edenkoben die Einhaltung der Geschwindigkeitsbegrenzung im Verlauf der neu angelegten Staatsstra\u00dfe in Edesheim \u00fcberwacht. In gerade mal 50 Minuten mussten 18 Fahrzeugf\u00fchrer beanstandet werden, da sie die erlaubten 30 km\/h \u00fcberschritten. Die zwei unr\u00fchmlichen Spitzenreiter waren mit 52 km\/h unterwegs.<\/p>\n\n\n\n<h2 class=\"wp-block-heading\">(Edenkoben) &#8211; Raser in Edenkoben<\/h2>\n\n\n\n<div class=\"wp-block-image\"><figure class=\"aligncenter size-full\"><img decoding=\"async\" loading=\"lazy\" width=\"800\" height=\"600\" src=\"https:\/\/speyer24news.com\/wp-content\/uploads\/2022\/05\/LasermessungWeinstrasse.jpg\" alt=\"\" class=\"wp-image-45872\" srcset=\"https:\/\/speyer24news.com\/wp-content\/uploads\/2022\/05\/LasermessungWeinstrasse.jpg 800w, https:\/\/speyer24news.com\/wp-content\/uploads\/2022\/05\/LasermessungWeinstrasse-300x225.jpg 300w, https:\/\/speyer24news.com\/wp-content\/uploads\/2022\/05\/LasermessungWeinstrasse-768x576.jpg 768w, https:\/\/speyer24news.com\/wp-content\/uploads\/2022\/05\/LasermessungWeinstrasse-678x509.jpg 678w, https:\/\/speyer24news.com\/wp-content\/uploads\/2022\/05\/LasermessungWeinstrasse-326x245.jpg 326w, https:\/\/speyer24news.com\/wp-content\/uploads\/2022\/05\/LasermessungWeinstrasse-80x60.jpg 80w\" sizes=\"(max-width: 800px) 100vw, 800px\" \/><\/figure><\/div>\n\n\n\n<p>Am 10. Mai (Dienstag) wurden durch Beamte der Polizei Edenkoben von 10:25 Uhr bis 11:30 Uhr Geschwindigkeitsmessungen in der Weinstra\u00dfe in Edenkoben durchgef\u00fchrt. Im dortigen Schulbereich gilt Tempo 30. Insgesamt 15 Autofahrer nahmen es mit dieser Geschwindigkeitsbegrenzung nicht so genau; der Schnellste unter ihnen wurde mit stolzen 52 km\/h gemessen. Auf den Mann kommt nach Toleranzabzug ein Bu\u00dfgeld in H\u00f6he von 70 EUR zu. Weiterhin kam es zu einem Gurtversto\u00df.<\/p>\n\n\n\n<p>Von 12:30 Uhr bis 13:30 Uhr wurden Verkehrskontrollen an der L516 (Edenkoben Richtung Venningen) durchgef\u00fchrt. Hierbei wurden sieben Gurtmuffel verwarnt und sieben Handyverst\u00f6\u00dfe geahndet.<\/p>\n\n\n\n<h2 class=\"wp-block-heading\">(Edenkoben) &#8211; Ein Flirt \u00fcber SnapChat<\/h2>\n\n\n\n<p>\u00dcber SnapChat lernte ein 20 Jahre alter Mann eine vermeintlich weibliche Person kennen. Im Laufe der immer wiederkehrenden und regelm\u00e4\u00dfigen Kontakte mit der Unbekannten baute der junge Mann eine Vertrauensbasis auf, die dazu f\u00fchrte, dass er ihr anz\u00fcgliche Bilder \u00fcbermittelte. Kurz danach erhielt er eine E-Mail, in der er aufgefordert wurde, Zahlungen zu leisten, ansonsten w\u00fcrden die Bilder im Internet ver\u00f6ffentlicht. Wegen Erpressung laufen aktuell die Ermittlungen. <\/p>\n\n\n\n<h4 class=\"wp-block-heading\">Die Polizei warnt: <\/h4>\n\n\n\n<p><strong>Achten Sie auf den Schutz Ihrer Daten und seien Sie vorsichtig, wenn Sie Details zu Ihrer Person bekanntgeben. \u00dcbermitteln Sie keine Fotos oder Videos von sich selbst. Denken Sie daran, dass alles, was Sie vor der Webcam machen, vom Gegen\u00fcber aufgezeichnet werden kann.<\/strong><\/p>\n\n\n\n<h2 class=\"wp-block-heading\">(Ha\u00dfloch) &#8211; Pr\u00e4ventionsangebot f\u00fcr Senioren<\/h2>\n\n\n\n<p>Zusammen mit dem Seniorenbeirat der Gemeindeverwaltung bietet die Polizei am kommenden <strong>Samstag (14. Mai) auf dem Wochenmarkt in Ha\u00dfloch<\/strong> ein Pr\u00e4ventionsangebot f\u00fcr Senioren an. W\u00e4hrend der Beirat \u00fcber den k\u00fcrzlich erschienen Seniorenwegweiser &#8222;Sich im Alter in Ha\u00dfloch wohlf\u00fchlen&#8220; und das darin enthaltene Portfolio an Unterst\u00fctzungen f\u00fcr \u00e4ltere Menschen informiert, ber\u00e4t die Polizei unter anderem, wie man sich vor Betr\u00fcgern sch\u00fctzen kann, die es auf Senioren abgesehen haben. Der Infostand wird von 9-12 Uhr betrieben.<\/p>\n\n\n\n<h2 class=\"wp-block-heading\">(Ha\u00dfloch) &#8211; Beim Wenden mit Mofafahrer kollidiert<\/h2>\n\n\n\n<p>In der Rennbahnstra\u00dfe gewendet und dabei mit einem Mofafahrer kollidiert, ist Montagabend (8. Mai, 20:30 Uhr) die Fahrerin eines Skoda. Der Zweiradfahrer fuhr hinter, sch\u00e4tzte die Situation falsch ein, setzte zum \u00dcberholen an und krachte in das Auto. Der 14-J\u00e4hrige Fahrer des Mofas erlitt leichte Verletzungen, das Mofa war nur noch Schrott. Die Polizei hat ein Ermittlungsverfahren gegen den Jugendlichen eingeleitet, weil sein Gef\u00e4hrt nicht versichert war. Im Besitz einer Pr\u00fcfbescheinigung war er auch nicht. An dem Skoda entstand ein Schaden von etwa 5.000,- EUR.<\/p>\n\n\n\n<h2 class=\"wp-block-heading\">(Bad D\u00fcrkheim) &#8211; Zaun besch\u00e4digt und gefl\u00fcchtet<\/h2>\n\n\n\n<p>Am 09.05.2022 08:00 Uhr wurde ein Doppelstabmattenzaun im Rieslingweg in Bad D\u00fcrkheim besch\u00e4digt. Ein bislang unbekannter Verkehrsteilnehmer besch\u00e4digte vermutlich beim Aus- bzw. Einparken den Zaun und entfernte sich anschlie\u00dfend unerlaubt von der Unfallstelle. Es entstand ein Sachschaden in H\u00f6he von 200EUR. Der genaue Unfallzeitpunkt ist nicht bekannt. Es liegen keinerlei Hinweise auf den Unfallverursacher vor. Die Polizei Bad D\u00fcrkheim bittet um Hinweise unter 06322 963 0 oder per E-Mail an&nbsp;<a href=\"mailto:pibadduerkheim@polizei.rlp.de\">pibadduerkheim@polizei.rlp.de<\/a><\/p>\n\n\n\n<h2 class=\"wp-block-heading\">(Bad D\u00fcrkheim) &#8211; Einbruchsversuch<\/h2>\n\n\n\n<p>Im Zeitraum von 05.05.2022 15:00 Uhr bis 08.05.2022 23:00 Uhr kam es am Stadion in Bad D\u00fcrkheim zu einem Einbruchsversuch in ein Wohnhaus. Vor Ort konnte festgestellt werden, das bislang unbekannte T\u00e4ter mit einem nicht bekannten Gegenstand versucht hatten die Eingangst\u00fcre aufzuhebeln. Ins Geb\u00e4udeinnere konnten sie jedoch nicht gelangen. Es entstand ein Sachschaden von 200 Euro. Die Kriminalpolizei Bad D\u00fcrkheim hat die Ermittlungen aufgenommen und bittet um Hinweise unter 06322 963 0 oder per E-Mail an&nbsp;<a href=\"mailto:pibadduerkheim@polizei.rlp.de\">pibadduerkheim@polizei.rlp.de<\/a><\/p>\n\n\n\n<h2 class=\"wp-block-heading\">(Bad D\u00fcrkheim) &#8211; Roller besch\u00e4digt<\/h2>\n\n\n\n<p>Im Zeitraum von 08.05.2022, 11:00 Uhr bis 16:00 Uhr wurde ein in der Kurbrunnenstra\u00dfe in Bad D\u00fcrkheim abgestellter Peugeot Roller besch\u00e4digt. Am Roller wurde, durch bislang unbekannte T\u00e4ter, die Sitzbank verbogen, die Frontbekleidung besch\u00e4digt und das Z\u00fcndschloss besch\u00e4digt. Es entstand ein Sachschaden von 1000 Euro. Die Polizei Bad D\u00fcrkheim bittet um Hinweise unter 06322 963 0 oder per E-Mail an&nbsp;<a href=\"mailto:pibadduerkheim@polizei.rlp.de\">pibadduerkheim@polizei.rlp.de<\/a><\/p>\n\n\n\n<h2 class=\"wp-block-heading\">(Ebertsheim) &#8211; Unter Drogeneinfluss mit E-Scooter unterwegs<\/h2>\n\n\n\n<p>Am 09.05.22, 10:00 Uhr wurde ein 26-j\u00e4hriger Fahrer eines E-Scooter in Ebertsheim, Wassergasse einer Verkehrskontrolle unterzogen. Hierbei wurden bei dem Fahrer drogentypische Ausfallerscheinungen festgestellt. Dem 26-j\u00e4hrigen wurde eine Blutpobe entnommen. Auf ihn kommt jetzt eine Strafanzeige wegen Versto\u00df gegen das Bet\u00e4ubungsmittelgesetz zu.<\/p>\n\n\n\n<h2 class=\"wp-block-heading\">(Gr\u00fcnstadt) &#8211; Versuchter Einbruch in Gesch\u00e4ftshaus<\/h2>\n\n\n\n<p>In der Nacht vom 09.05.-10.05.22 wurde in der Ferdinand-Porsche-Stra\u00dfe ein Gesch\u00e4ftsanwesen von bisher unbekannten T\u00e4tern angegangen. Durch Mitarbeiter wurde um 08:40 Uhr festgestellt, dass ein Fensterelement eingeschlagen wurde. Der \/ die T\u00e4ter lie\u00dfen jedoch von einer weiteren Tatbegehung ab. Der entstandene Schaden bel\u00e4uft sich nach einer ersten Sch\u00e4tzung auf 1500.- Euro.<\/p>\n\n\n\n<h2 class=\"wp-block-heading\">(Gr\u00fcnstadt) &#8211; Diebstahl von Diesel<\/h2>\n\n\n\n<p>In der Nacht vom 09.05 auf 10.05.22 kam es auf dem Gel\u00e4nde der Stra\u00dfenmeisterei in der Obers\u00fclzer Stra\u00dfe 39 zum Diebstahl von ca. 550 Liter Diesel aus drei Fahrzeugen. Der \/ die T\u00e4ter verschafften sich Zugang indem dem sie den Zaun welcher an einem Wirtschaftsweg verl\u00e4uft aufschnitten. Die Polizeilichen Ermittlungen wurden aufgenommen. Sachdienliche Hinweise richten Sie bitte an die Polizeiinspektion Gr\u00fcnstadt.<\/p>\n\n\n\n<h2 class=\"wp-block-heading\">(Gr\u00fcnstadt) &#8211; Unter Drogeneinfluss Fahrzeug gef\u00fchrt<\/h2>\n\n\n\n<p>Am 09.05.22, 10:50 Uhr wurde der Fahrer eines PKW, auf der Asselheimer Stra\u00dfe einer Fahrzeugkontrolle unterzogen. W\u00e4hrend der Kontrolle konnten bei dem Fahrzeugf\u00fchrer drogentypische Ausfallerscheinungen festgestellt werden. Ein durchgef\u00fchrter Schnelltest verlief positiv auf Amphetamin. Eine Blutprobe wurde entnommen. Der 31-j\u00e4hreiger Fahrer muss nun mit einer Anzeige wegen Verst0\u00df gegen das Bet\u00e4ubungsmittelgesetz rechnen.<\/p>\n\n\n\n<h2 class=\"wp-block-heading\">(Dirmstein) &#8211; Einbruch in Vereinsheim<\/h2>\n\n\n\n<p>Im Zeitraum vom 09.05.22, 17:30 Uhr bis 10.05.22, 14:40 Uhr kam es in Dirmstein, Sportplatzweg 1 zu einem Einbruch in das dortige Vereinsheim. Im Geb\u00e4ude wurden mehrere T\u00fcren aufgebrochen. Als Diebesgut wurde vorl\u00e4ufig festgestellt das ca. 380 Euro Bargeld sowie eine Stange Zigaretten entwendet wurde.<\/p>\n\n\n\n<h2 class=\"wp-block-heading\">(Weisenheim am Sand) &#8211; Brand einer Tuja-Hecke<\/h2>\n\n\n\n<p>Am 10.05.2022 gegen 11:30 Uhr wurde durch die Rettungsleitstelle eine Rauchentwicklung im Lindenweg in Weisenheim am Sand gemeldet. Vor Ort konnte festgestellt werden, dass mehrere Tuja-B\u00e4ume, die als Gartenbegrenzung dienten, abgebrannt waren. Das Feuer war durch den Grundst\u00fcckseigent\u00fcmer bereits eigenst\u00e4ndig gel\u00f6scht worden. Die freiwillige Feuerwehr kam ebenfalls vor Ort. Der Eigent\u00fcmer hatte mit einem Unkrautbrenner den Gehweg vor seinem Anwesen ges\u00e4ubert und dabei versehentlich die B\u00e4ume in Brand gesteckt. Es entstand ein Sachschaden von 200 Euro. Die Polizei Bad D\u00fcrkheim bittet um Hinweise unter 06322 963 0 oder per E-Mail an&nbsp;<a href=\"mailto:pibadduerkheim@polizei.rlp.de\">pibadduerkheim@polizei.rlp.de<\/a><\/p>\n\n\n\n<h2 class=\"wp-block-heading\">(Frankenthal) &#8211; Fahren unter Drogeneinfluss<a href=\"https:\/\/www.facebook.com\/sharer.php?u=https%3A%2F%2Fwww.presseportal.de%2Fblaulicht%2Fpm%2F117688%2F5218831%2F%3Futm_source%3Dfacebook%26utm_medium%3Dsocial\"><\/a><a href=\"https:\/\/twitter.com\/intent\/tweet?text=POL-PDLU%3A%20Frankenthal%20-%20Fahren%20unter%20Drogeneinfluss&amp;url=https%3A%2F%2Fwww.presseportal.de%2Fblaulicht%2Fpm%2F117688%2F5218831%2F%3Futm_source%3Dtwitter%26utm_medium%3Dsocial&amp;hashtags=ots&amp;lang=de\"><\/a><a href=\"https:\/\/web.whatsapp.com\/send?text=POL-PDLU%3A%20Frankenthal%20-%20Fahren%20unter%20Drogeneinfluss%0A%0Ahttps%3A%2F%2Fwww.presseportal.de%2Fblaulicht%2Fpm%2F117688%2F5218831%2F%3Futm_source%3Dwhatsapp%26utm_medium%3Dsocial\"><\/a><a href=\"https:\/\/www.xing.com\/app\/user?op=share;url=https%3A%2F%2Fwww.presseportal.de%2Fblaulicht%2Fpm%2F117688%2F5218831%2F%3Futm_source%3Dxing%26utm_medium%3Dsocial\"><\/a><a href=\"http:\/\/www.linkedin.com\/shareArticle?mini=true&amp;url=https%3A%2F%2Fwww.presseportal.de%2Fblaulicht%2Fpm%2F117688%2F5218831%2F%3Futm_source%3Dlinkedin%26utm_medium%3Dsocial&amp;title=POL-PDLU%3A+Frankenthal+-+Fahren+unter+Drogeneinfluss\"><\/a><a href=\"mailto:?subject=POL-PDLU%3A%20Frankenthal%20-%20Fahren%20unter%20Drogeneinfluss&amp;body=https:\/\/www.presseportal.de\/blaulicht\/pm\/117688\/5218831\"><\/a><\/h2>\n\n\n\n<p>Am 10.05.2022, gegen 19.00 Uhr, kontrollierte eine Streife hiesiger Inspektion in der Wilhelm-Hauff-Stra\u00dfe, einen 14-j\u00e4hrigen Rollerfahrer. Im Rahmen der Kontrolle konnte festgestellt werden, dass der junge Mann keine Pr\u00fcfbescheinigung besitzt, zudem war der Roller nicht zugelassen, weiterhin konnte festgestellt werden, dass der Roller schneller als 25 km\/h fuhr und Vortests deuteten darauf hin, dass er unter Drogeneinfluss stand, weshalb ihm auf der Dienststelle eine Blutprobe entnommen wurde. Gegen ihn wurden mehrere Ermittlungsverfahren eingeleitet.<\/p>\n\n\n\n<h2 class=\"wp-block-heading\">(Bobenheim-Roxheim) &#8211; Sachbesch\u00e4digung an Pkw (Serie)<\/h2>\n\n\n\n<p>In der Nacht vom 08.05.2022 auf 09.05.2022 und 09.05.2022 auf 10.05.2022 kam es im Bereich Ostring und Anton-Bruckner-Stra\u00dfe zu einer Serie von Sachbesch\u00e4digungen an Pkw. Hierbei wurde zumeist ein Au\u00dfenspiegel abgeschlagen. Derzeit sind hiesiger Dienststelle 8 besch\u00e4digte Pkw bekannt. Der Schaden wird auf etwa 3500 Euro gesch\u00e4tzt.<\/p>\n\n\n\n<p>Zeugen werden gebeten sich an die Polizeiinspektion Frankenthal unter der Tel.-Nr.: 06233\/313-0 oder an die Polizeiwache Maxdorf unter der Tel.-Nr.: 06237\/934-1100 zu wenden. Gerne nehmen wir Ihre Hinweise auch per E-Mail unter&nbsp;<a href=\"mailto:pifrankenthal@polizei.rlp.de\">pifrankenthal@polizei.rlp.de<\/a>&nbsp;entgegen.<\/p>\n\n\n\n<h2 class=\"wp-block-heading\">(Pr\u00e4sidialbereich Rheinpfalz) &#8211; Polizeiliche Einsatzma\u00dfnahmen anl\u00e4sslich zwei angemeldeter Versammlungen und erneuten Aufrufen zu sogenannten &#8222;Montagsspazierg\u00e4ngen&#8220;<\/h2>\n\n\n\n<div class=\"wp-block-image\"><figure class=\"aligncenter size-large\"><img decoding=\"async\" loading=\"lazy\" width=\"1024\" height=\"512\" src=\"https:\/\/speyer24news.com\/wp-content\/uploads\/2022\/01\/Demonstration-1024x512.png\" alt=\"\" class=\"wp-image-43221\" srcset=\"https:\/\/speyer24news.com\/wp-content\/uploads\/2022\/01\/Demonstration-1024x512.png 1024w, https:\/\/speyer24news.com\/wp-content\/uploads\/2022\/01\/Demonstration-300x150.png 300w, https:\/\/speyer24news.com\/wp-content\/uploads\/2022\/01\/Demonstration-768x384.png 768w, https:\/\/speyer24news.com\/wp-content\/uploads\/2022\/01\/Demonstration.png 1200w\" sizes=\"(max-width: 1024px) 100vw, 1024px\" \/><\/figure><\/div>\n\n\n\n<p>Am Montagabend (09.05.2022) fanden in Bellheim und Gr\u00fcnstadt angemeldete Versammlungen von Kritikern der Corona-Ma\u00dfnahmen statt. An diesen Versammlungen nahmen rund 90 Personen (ca. 60 Personen in Bellheim und ca. 30 Personen in Gr\u00fcnstadt) teil. Die Versammlungen verliefen friedlich und st\u00f6rungsfrei.<\/p>\n\n\n\n<p>Auf verschiedenen Plattformen wurde erneut dazu aufgerufen \u00f6ffentlich ein Zeichen gegen die Corona-Ma\u00dfnahmen zu setzen. Nach unseren vorbereiteten Einsatzkonzepten waren wir mit Polizeikr\u00e4ften an relevanten Orten pr\u00e4sent. Dabei konnten wir rund 300 Personen als sogenannte &#8222;Spazierg\u00e4nger&#8220; feststellen. Auch die nicht angemeldeten Versammlungen blieben friedlich und verliefen st\u00f6rungsfrei.<\/p>\n\n\n\n<h2 class=\"wp-block-heading\">(Ludwigshafen) &#8211; 1. Nachtrag zu Schultafel mit Beleidigungen beschrieben \/ Urheber ermittelt<\/h2>\n\n\n\n<h3 class=\"wp-block-heading\">Nachtrag zur Pressemeldung vom 09.05.2022&nbsp;<a target=\"_blank\" rel=\"noreferrer noopener\" href=\"https:\/\/www.presseportal.de\/blaulicht\/pm\/117696\/5217230\">https:\/\/www.presseportal.de\/blaulicht\/pm\/117696\/5217230<\/a><\/h3>\n\n\n\n<p>Nach dem der Sachverhalt am Montag (09.05.2022) der Polizei bekannt wurde, hat das Gemeinsame Sachgebiet Jugendkriminalit\u00e4t sofort Ermittlungen aufgenommen.<\/p>\n\n\n\n<p>Nach umfangreichen und intensiven Ermittlungen konnte ein Sch\u00fcler des Carl-Bosch-Gymnasiums als Urheber identifiziert werden. Er ist gest\u00e4ndig. Nach derzeitigem Ermittlungsstand wollte er lediglich Mitsch\u00fclern aufzeigen, welchen Beleidigungen ukrainisch st\u00e4mmige Personen ausgesetzt sind. Da er selbst ukrainische Wurzeln hat, wollte er damit keinesfalls seine Mitsch\u00fcler beleidigen.<\/p>\n\n\n\n<p>Auf Grund der Ermittlungsergebnisse und der Einlassungen des Sch\u00fclers kann definitiv eine Bedrohung ukrainisch st\u00e4mmiger Sch\u00fclerinnen und Sch\u00fcler oder sonstiger Personen ausgeschlossen werden.<\/p>\n\n\n\n<p>Zum Schutz der Pers\u00f6nlichkeitsrechte k\u00f6nnen keine weiteren Angaben zu der Person des Sch\u00fclers gemacht werden.<\/p>\n\n\n\n<p>Es wird im Zuge des Ermittlungsverfahrens gepr\u00fcft, ob ein strafrechtlich relevantes Verhalten des Sch\u00fclers vorliegt.<\/p>\n\n\n\n<h2 class=\"wp-block-heading\">(Ludwigshafen) &#8211; Betrug am Telefon<\/h2>\n\n\n\n<p>Eine 75-J\u00e4hrige aus Ludwigshafen wurde am Montag (09.05.2022) insgesamt dreimal von einem falschen Microsoft-Mitarbeiter telefonisch kontaktiert. Die Seniorin erkannte den Betrug sofort und legt bei allen Gespr\u00e4chen direkt auf.<\/p>\n\n\n\n<h2 class=\"wp-block-heading\">(Ludwigshafen) &#8211; 88-J\u00e4hriger in Stra\u00dfenbahn verletzt<\/h2>\n\n\n\n<p>Am Montag, den 09.05.2022, stieg ein 88-J\u00e4hriger in die Stra\u00dfenbahn der Linie 6 in der Wittelsbachstra\u00dfe. Als diese anfuhr, verlor der Senior das Gleichgewicht, st\u00fcrzte und zog sich eine Kopfverletzung zu. Die hinzugerufenen Polizeibeamten stellten fest, dass der Verletzte zudem von der Pflegeeinrichtung, in welcher er untergebracht ist, als vermisst gemeldet wurde, da er den R\u00fcckweg allein nicht mehr fand. Der 88-J\u00e4hrige wurde in eine Klinik verbracht.<\/p>\n\n\n\n<h2 class=\"wp-block-heading\">(Ludwigshafen) &#8211; 58-J\u00e4hriger auf offener Stra\u00dfe angegriffen<\/h2>\n\n\n\n<p>Ein 58-j\u00e4hriger Mann fuhr am Montag, den 09.05.2022, auf seinem Fahrrad von der Jaegerstra\u00dfe in Richtung Rathausplatz, als er von Passanten darauf aufmerksam gemacht wurde, dass er von einem Mann verfolgt wurde, welcher ihn auch durchweg beleidigte. Der Mann verlangsamte deshalb seine Fahrt. Noch bevor er vom Rad absteigen konnte, wurde er von seinem Verfolger v\u00f6llig unvorbereitet mit einer gr\u00f6\u00dferen Musikbox auf den Hinterkopf geschlagen weshalb er st\u00fcrzte. Hierbei zog er sich Verletzungen zu und verlor sogar einen Zahn. Im anschlie\u00dfenden Streit zwischen den beiden M\u00e4nnern beleidigte der Angreifer, bei welchem es sich um einen 37-J\u00e4hrigen handelt, den Verletzten mehrmals und bedrohte ihn. Der 37-J\u00e4hrige begab sich anschlie\u00dfend auf ein nahegelegenes Plateau und bewarf seinen Widersacher mit einem gro\u00dfen Stein, sowie einem Stock, traf ihn gl\u00fccklicherweise nicht. Die hinzugerufenen Polizeibeamten wurden durch den Aggressor ebenfalls mehrfach beleidigt und bedroht. Der leichtbekleidete 37-J\u00e4hrige wurde aufgrund seines offensichtlichen Ausnahmezustandes in eine Klinik eingeliefert. Eine durchgef\u00fchrte Blutuntersuchung ergab, dass er unter dem Einfluss von verschiedenen Bet\u00e4ubungsmitteln stand.<\/p>\n\n\n\n<h2 class=\"wp-block-heading\">(Ludwigshafen) &#8211; Versuchter Betrug per WhatsApp<\/h2>\n\n\n\n<p>Eine 76-j\u00e4hrige erhielt am Montag, den 09.05.2022 von einer ihr unbekannten Nummer WhatsApp-Nachrichten, in der ihre angebliche Tochter im Verlauf des Gespr\u00e4chs 2972,90 EUR f\u00fcr eine ausstehende Rechnung verlangte. Die 76-J\u00e4hrige erkannte die Betrugsmasche und beendete das Gespr\u00e4ch.<\/p>\n\n\n\n<h4 class=\"wp-block-heading\">Beachten Sie die Tipps Ihrer Polizei, um sich vor Betrug am Telefon zu sch\u00fctzen:<\/h4>\n\n\n\n<ul><li><strong>Wenn Sie von Ihnen bekannten Personen unter einer unbekannten Nummer kontaktiert werden, speichern Sie die Nummer nicht automatisch ab.<\/strong><\/li><li><strong>Fragen Sie bei der Ihnen bekannten Person unter der alten Nummer nach.<\/strong><\/li><li><strong>Geld\u00fcberweisungen \u00fcber WhatsApp und andere Messenger sollten immer misstrauisch machen und \u00fcberpr\u00fcft werden.<\/strong><\/li><li><strong>Achten Sie auf die Sicherheitseinstellungen Ihres verwendeten Nachrichtendienstes.<\/strong><\/li><\/ul>\n\n\n\n<p>Auf der Internet-Seite&nbsp;<a target=\"_blank\" rel=\"noreferrer noopener\" href=\"http:\/\/www.polizei-beratung.de\/\">www.polizei-beratung.de<\/a>&nbsp;finden Sie umfangreiche Informationen zu diesem Thema.<\/p>\n\n\n\n<h2 class=\"wp-block-heading\">(Ludwigshafen) &#8211; Ladendetektiv fasst drei Diebe in Folge<\/h2>\n\n\n\n<p>Alle H\u00e4nde voll zu tun hatte am Montag (09.05.2022) der Ladendetektiv eines Drogeriemarktes in der Rheingalerie. Gegen 14:00 Uhr stellte er einen 24-J\u00e4hrigen zur Rede, welcher den Markt mit f\u00fcnf Parfumflakons in einer Tasche verlassen wollte, ohne diese zu bezahlen. Bereits um 14:40 Uhr versuchte der n\u00e4chste Ladendieb sein Gl\u00fcck, doch auch dieser wurde beim Verlassen des Marktes erwischt. Seine vermeintliche Beute: Ein Parfum, sowie zwei Smartwatches. Der 21-J\u00e4hrige wartete bis zum Eintreffen der Polizei in den B\u00fcror\u00e4umlichkeiten des Gesch\u00e4fts und beleidigte hierbei eine Angestellte. Ihn erwarten mehrere Strafanzeigen. Gegen 17:30 Uhr musste die Polizei noch einmal die \u00d6rtlichkeit anfahren. Ein ebenfalls 21-J\u00e4hriger wurde beim Diebstahl von zwei Parfumflakons vom Detektiv erwischt. Dieser erkannte den Ladendieb au\u00dferdem auf Bildern der \u00dcberwachungskamera und so konnten ihm nach Ermittlungen noch zwei weitere Diebst\u00e4hle in der Vergangenheit nachgewiesen werden. Auch hier erwarten den T\u00e4ter mehrere Strafanzeigen.<\/p>\n\n\n\n<h2 class=\"wp-block-heading\">(Ludwigshafen) &#8211; Leichtverletzte durch Auffahrunfall<\/h2>\n\n\n\n<p>Am Montag, den 09.05.2022, kam es gegen 16:45 Uhr in der Hauptstra\u00dfe zu einem Verkehrsunfall. Ein 26-j\u00e4hriger PKW-Fahrer bremste an einer gr\u00fcnen Ampel aufgrund eines z\u00fcgig herannahenden Radfahrers ab, sodass der hinter ihm fahrende 20-j\u00e4hrige PKW-Fahrer auf dessen Fahrzeug auffuhr. Die Insassen des vorderen Fahrzeuges wurden leicht verletzt, an den Fahrzeugen entstand ein Sachschaden von ungef\u00e4hr 10.000 Euro.<\/p>\n\n\n\n<h2 class=\"wp-block-heading\">(Ludwigshafen) &#8211; Auf LKW aufgefahren \/ LKW gesucht<\/h2>\n\n\n\n<p>Ein 19-j\u00e4hriger Autofahrer fuhr am Montag (09.05.2022) auf einen vorrausfahrenden LKW auf. Der junge Mann war gegen 12.30 Uhr auf der B9, Anschlussstelle L523 in Richtung BASF TOR 15 unterwegs, als er auf das vorausfahrende Fahrzeug auffuhr. Der Fahrer des vorausfahrenden LKWs bekam vermutlich den Unfall nicht mit und fuhr weiter. Am PKW des 19-J\u00e4hrigen entstand Sachschaden. Die Polizei sucht nun den LKW. Sachdienliche Hinweise bitte an die Polizeiinspektion Ludwigshafen 2, Telefonnummer 0621 963-2222 oder per E-Mail&nbsp;<a href=\"mailto:piludwigshafen2@polizei.rlp.de\">piludwigshafen2@polizei.rlp.de<\/a>&nbsp;.<\/p>\n\n\n\n<h2 class=\"wp-block-heading\">(Ludwigshafen) &#8211; Verkehrsunfall mit Krankentransporter<\/h2>\n\n\n\n<p>Am Montag, den 09.05.2022, ereignete sich gegen 11:30 Uhr in der Ludwig-Gutmann-Stra\u00dfe ein Verkehrsunfall zwischen einer 57- j\u00e4hrigen PKW-Fahrerin und einer 62-J\u00e4hrigen, welche einen Krankentransport durchf\u00fchrte. Beim \u00dcberholen stie\u00df die 62-J\u00e4hrige mit dem PKW der 57-J\u00e4hrigen zusammen, welche gerade nach links abbiegen wollte. An beiden Fahrzeugen entstand Sachschaden, die 62-J\u00e4hrige wurde leicht verletzt.<\/p>\n\n\n\n<h2 class=\"wp-block-heading\">(Ludwigshafen) &#8211; Beim Abbiegen \u00fcbersehen<a href=\"https:\/\/www.facebook.com\/sharer.php?u=https%3A%2F%2Fwww.presseportal.de%2Fblaulicht%2Fpm%2F117696%2F5217972%2F%3Futm_source%3Dfacebook%26utm_medium%3Dsocial\"><\/a><a href=\"https:\/\/twitter.com\/intent\/tweet?text=POL-PPRP%3A%20Beim%20Abbiegen%20%C3%BCbersehen&amp;url=https%3A%2F%2Fwww.presseportal.de%2Fblaulicht%2Fpm%2F117696%2F5217972%2F%3Futm_source%3Dtwitter%26utm_medium%3Dsocial&amp;hashtags=ots&amp;lang=de\"><\/a><a href=\"https:\/\/web.whatsapp.com\/send?text=POL-PPRP%3A%20Beim%20Abbiegen%20%C3%BCbersehen%0A%0Ahttps%3A%2F%2Fwww.presseportal.de%2Fblaulicht%2Fpm%2F117696%2F5217972%2F%3Futm_source%3Dwhatsapp%26utm_medium%3Dsocial\"><\/a><a href=\"https:\/\/www.xing.com\/app\/user?op=share;url=https%3A%2F%2Fwww.presseportal.de%2Fblaulicht%2Fpm%2F117696%2F5217972%2F%3Futm_source%3Dxing%26utm_medium%3Dsocial\"><\/a><a href=\"http:\/\/www.linkedin.com\/shareArticle?mini=true&amp;url=https%3A%2F%2Fwww.presseportal.de%2Fblaulicht%2Fpm%2F117696%2F5217972%2F%3Futm_source%3Dlinkedin%26utm_medium%3Dsocial&amp;title=POL-PPRP%3A+Beim+Abbiegen+%C3%BCbersehen\"><\/a><a href=\"mailto:?subject=POL-PPRP%3A%20Beim%20Abbiegen%20%C3%BCbersehen&amp;body=https:\/\/www.presseportal.de\/blaulicht\/pm\/117696\/5217972\"><\/a><\/h2>\n\n\n\n<p>Eine 48-j\u00e4hrige Autofahrerin \u00fcbersah am Montagmorgen (09.05.2022) beim Abbiegen im Bereich der Rheinstra\u00dfe einen entgegenkommenden 59-j\u00e4hrigen Fahrradfahrer und stie\u00df mit diesem zusammen. Durch die Kollision st\u00fcrzte der Radfahrer und zog sich Verletzungen zu. Er kam im Anschluss in ein Krankenhaus, wo er medizinisch versorgt wurde. An PKW und Fahrrad entstand geringer Sachschaden.<\/p>\n\n\n\n<h2 class=\"wp-block-heading\">(Ludwigshafen) &#8211; Ehrlicher Finder<\/h2>\n\n\n\n<p>Ein 66-J\u00e4hriger hat am Montagmorgen (09.05.2022) auf dem Parkplatz eines Baumarktes einen Geldbeutel gefunden und staunte nicht schlecht, als er feststellte, dass darin 1000 EUR Bargeld enthalten waren. Als ehrlicher Finder gab er diesen bei der n\u00e4chsten Polizeiwache ab, wo der rechtm\u00e4\u00dfige Eigent\u00fcmer ihn wenig sp\u00e4ter \u00fcbergl\u00fccklich abholte.<\/p>\n\n\n\n<h2 class=\"wp-block-heading\">(Ludwigshafen) &#8211; Versuchter Einbruch in Jugendclub<\/h2>\n\n\n\n<p>In einen Jugendclub in der Bliesstra\u00dfe wurde zwischen dem 06.05.2022 und dem 09.05.2022 versucht einzubrechen. Unbekannte T\u00e4ter machten sich an verschiedenen Geb\u00e4udeteilen zu schaffen, konnten jedoch nicht hineingelangen, weshalb auch nichts entwendet wurde. An den verschiedenen T\u00fcren entstand ein Sachschaden. Sachdienliche Hinweise bitte an die Polizeiinspektion Ludwigshafen 1, Telefonnummer 0621 963-2122 oder per E-Mail&nbsp;<a href=\"mailto:piludwigshafen1@polizei.rlp.de\">piludwigshafen1@polizei.rlp.de<\/a>&nbsp;.<\/p>\n\n\n\n<h2 class=\"wp-block-heading\">(Ludwigshafen) &#8211; Misslungener Einbruch<\/h2>\n\n\n\n<p>Ein unbekannter T\u00e4ter kletterte am Sonntag, den 08.05.2022, gegen 23:50 Uhr in der Breite Stra\u00dfe \u00fcber eine Mauer eines Anwesens, um so in einen angrenzenden Garten und zum dortigen Gartenhaus zu gelangen. Hierdurch wurde eine \u00dcberwachungskamera aktiviert, was der Einbrecher mitbekommen haben muss, da er umgehend das Grundst\u00fcck sofort wieder verlie\u00df. Bei seinem R\u00fcckzug besch\u00e4digte er jedoch noch einen Gartenzaun, sowie eine Mauer. Sachdienliche Hinweise bitte an die Polizeiinspektion Ludwigshafen 1, Telefonnummer 0621 963-2122 oder per E-Mail&nbsp;<a href=\"mailto:piludwigshafen1@polizei.rlp.de\">piludwigshafen1@polizei.rlp.de<\/a>&nbsp;.<\/p>\n\n\n\n<h2 class=\"wp-block-heading\">(Ludwigshafen) &#8211; Kinderfahrrad gestohlen<\/h2>\n\n\n\n<p>Im Zeitraum vom 03.05.2022-07.05.2022 wurde einem 11-J\u00e4hrigen aus dem Innenhof eines Mehrparteienhauses in der Mundenheimer Stra\u00dfe ein Fahrrad gestohlen. Das Rad der Marke &#8222;IDEAL&#8220; in blauer Farbe stand hier unter eine \u00dcberdachung und war verschlossen. Sachdienliche Hinweise bitte an die Polizeiinspektion Ludwigshafen 1, Telefonnummer 0621 963-2122 oder per E-Mail&nbsp;<a href=\"mailto:piludwigshafen1@polizei.rlp.de\">piludwigshafen1@polizei.rlp.de<\/a>&nbsp;.<\/p>\n\n\n\n<h2 class=\"wp-block-heading\">(Mannheim) &#8211; Todesfall im Zusammenhang mit polizeilichem Einsatz am 10. Mai 2022 in Mannheim<\/h2>\n\n\n\n<h3 class=\"wp-block-heading\">Gemeinsame Pressemitteilung der Staatsanwaltschaft Mannheim und des Landeskriminalamtes Baden-W\u00fcrttemberg<\/h3>\n\n\n\n<div class=\"wp-block-image\"><figure class=\"aligncenter size-full\"><img decoding=\"async\" loading=\"lazy\" width=\"800\" height=\"533\" src=\"https:\/\/speyer24news.com\/wp-content\/uploads\/2021\/02\/candle-2038736_1920.jpg\" alt=\"\" class=\"wp-image-33582\" srcset=\"https:\/\/speyer24news.com\/wp-content\/uploads\/2021\/02\/candle-2038736_1920.jpg 800w, https:\/\/speyer24news.com\/wp-content\/uploads\/2021\/02\/candle-2038736_1920-300x200.jpg 300w, https:\/\/speyer24news.com\/wp-content\/uploads\/2021\/02\/candle-2038736_1920-768x512.jpg 768w\" sizes=\"(max-width: 800px) 100vw, 800px\" \/><\/figure><\/div>\n\n\n\n<p>Am 10. Mai 2022 kam es bei einem polizeilichen Einsatz im Stadtteil Mannheim-Waldhof zu einem Todesfall. Nach dem derzeitigen, fr\u00fchen Ermittlungsstand soll sich das Geschehen wie folgt zugetragen haben:<\/p>\n\n\n\n<p>Eine Nachbarin setzte wegen h\u00e4uslicher Gewalt einen Notruf ab. Ein 31-J\u00e4hriger stritt sich mit seiner 55-j\u00e4hrigen Mutter. Im Zuge der Auseinandersetzung drohte der 31-J\u00e4hrige, sich selbst zu t\u00f6ten, brachte sich selbst Schnitt- und Stichverletzungen bei und hielt sich mehrfach ein K\u00fcchenmesser an den Hals. Danach bat die Mutter eine Hausbewohnerin, die Polizei zu verst\u00e4ndigen. Die eingetroffene Streife des Polizeireviers Mannheim-Sandhofen musste die Wohnung gewaltsam betreten, da aus dieser Schreie zu h\u00f6ren waren. Die Einsatzkr\u00e4fte versuchten den 31-J\u00e4hrigen zu beruhigen und forderten ihn mehrfach auf, das Messer wegzulegen. Da er hierauf nicht reagierte, setzten sie ihr Reizstoffspr\u00fchger\u00e4t ein, um ihn zu \u00fcberw\u00e4ltigen. Dies gelang nicht. In der Folge kam es zu einer gezielten Schussabgabe in das Bein des 31-J\u00e4hrigen. Der Mann befand sich offenbar in einem psychischen Ausnahmezustand und wies mehrere, erhebliche Stich- und Schnittverletzungen auf, die er sich nach den bisherigen Erkenntnissen selbst zugef\u00fcgt hatte. Zwischenzeitlich hinzugekommene, weitere Einsatzkr\u00e4fte leisteten bis zum Eintreffen des Rettungsdienstes und Notarztes Erste-Hilfe- und Reanimationsma\u00dfnahmen. Doch auch die Ma\u00dfnahmen des Rettungsdienstes konnten den Tod des 31-J\u00e4hrigen nicht verhindern.<\/p>\n\n\n\n<p>Zur Kl\u00e4rung der genauen Todesursache wurde durch die Ermittlungsrichterin am Amtsgericht Mannheim eine Obduktion angeordnet, die zeitnah erfolgen soll.<\/p>\n\n\n\n<p>In Abstimmung mit der Staatsanwaltschaft Mannheim \u00fcbernimmt das Landeskriminalamt Baden-W\u00fcrttemberg die weiteren Ermittlungen, insbesondere mit Hinblick auf den polizeilichen Schusswaffengebrauch.<\/p>\n\n\n\n<h2 class=\"wp-block-heading\">(Mannheim) &#8211; Zwei M\u00e4nner im Alter von 26 und 29 Jahren wegen des Verdachts des Diebstahls in drei F\u00e4llen und versuchten Diebstahls jeweils im besonders schweren Fall in Untersuchungshaft<\/h2>\n\n\n\n<h3 class=\"wp-block-heading\">Gemeinsame Pressemitteilung der Staatsanwaltschaft Mannheim und des Polizeipr\u00e4sidiums Mannheim<\/h3>\n\n\n\n<div class=\"wp-block-image\"><figure class=\"aligncenter size-full\"><img decoding=\"async\" loading=\"lazy\" width=\"800\" height=\"533\" src=\"https:\/\/speyer24news.com\/wp-content\/uploads\/2020\/06\/Zelle.jpg\" alt=\"\" class=\"wp-image-28203\" srcset=\"https:\/\/speyer24news.com\/wp-content\/uploads\/2020\/06\/Zelle.jpg 800w, https:\/\/speyer24news.com\/wp-content\/uploads\/2020\/06\/Zelle-300x200.jpg 300w, https:\/\/speyer24news.com\/wp-content\/uploads\/2020\/06\/Zelle-768x512.jpg 768w\" sizes=\"(max-width: 800px) 100vw, 800px\" \/><\/figure><\/div>\n\n\n\n<p>Ein 29 Jahre alter und ein 26 Jahre alter Mann stehen im dringenden Verdacht, am Sonntag, den 08.05.2022, im Zeitraum von 00:50 Uhr bis 06:15 Uhr gemeinschaftlich mehrere Diebst\u00e4hle in Mannheim und Ladenburg begangen zu haben. Dabei sollen sie die Absicht verfolgt haben, das Diebesgut im Anschluss weiterzuverkaufen, um mit dem Erl\u00f6s ihren Lebensunterhalt zu bestreiten.<\/p>\n\n\n\n<p>Zun\u00e4chst sollen sich die beiden Tatverd\u00e4chtigen auf bislang nicht bekannte Weise Zutritt zu einem Wohnhaus in der Dononstra\u00dfe in Mannheim-Friedrichsfeld verschafft und dort nach Wertgegenst\u00e4nden gesucht haben. Nachdem der 29-J\u00e4hrige und der 26-J\u00e4hrige von zwei Hausbewohnern angetroffen wurden, sollen die Tatverd\u00e4chtigen ohne Diebesgut die Flucht ergriffen haben.<\/p>\n\n\n\n<p>Anschlie\u00dfend sollen die beiden M\u00e4nner aus einer Garage im D\u00fcnenrand in Mannheim-Seckenheim einen Motorradhelm sowie aus einem benachbarten Anwesen zwei Kraftr\u00e4der der Marke Yamaha und BMW entwendet haben.<\/p>\n\n\n\n<p>Schlie\u00dflich sollen die beiden M\u00e4nner die Bahnhofstra\u00dfe in Ladenburg aufgesucht und aus einem dort unverschlossenen, geparkten Kraftfahrzeug M\u00fcnzgeld in H\u00f6he von mindestens 30 Euro entwendet sowie im Weiteren das Fenster eines in der Wichernstra\u00dfe geparkten PKWs eingeschlagen und aus diesem zwei Mobiltelefone, ein I-Pad sowie ein Funkmessger\u00e4t entwendet haben.<\/p>\n\n\n\n<p>Im Rahmen der polizeilichen Fahndungsma\u00dfnahmen konnten die beiden Tatverd\u00e4chtigen kurze Zeit sp\u00e4ter in der N\u00e4he der letzten Tat\u00f6rtlichkeit festgenommen werden. Bei der anschlie\u00dfenden Durchsuchung der beiden Festgenommenen und ihrer mitgef\u00fchrten Sachen konnten das mutma\u00dflich zuvor entwendete Diebesgut sowie weitere, bislang noch nicht zugeordnete, Wertgegenst\u00e4nde sichergestellt werden.<\/p>\n\n\n\n<p>Die beiden marokkanischen Tatverd\u00e4chtigen wurden am Sonntag, den 08.05.2022, der Haft- und Ermittlungsrichterin des Amtsgerichts Mannheim vorgef\u00fchrt. Diese erlie\u00df auf Antrag der Staatsanwaltschaft Mannheim Haftbefehle wegen Fluchtgefahr und setzte sie in Vollzug. Im Anschluss wurden die beiden M\u00e4nner in Justizvollzugsanstalten eingeliefert.<\/p>\n\n\n\n<p>Die Ermittlungen der Staatsanwaltschaft Mannheim und der Kriminalinspektion 2 der Kriminalpolizeidirektion Heidelberg dauern an.<\/p>\n\n\n\n<h2 class=\"wp-block-heading\">(Mannheim-Innenstadt) &#8211; Hochwertiges Notebook aus Auto gestohlen \/ Polizei sucht Zeugen<\/h2>\n\n\n\n<p>Am Montagabend brachen unbekannte T\u00e4ter in der Mannheimer Innenstadt in ein geparktes Auto ein. Die Unbekannten \u00f6ffneten mit einem unbekannten Hebelwerkzeug gewaltsam Fahrer- und Beifahrert\u00fcr es im Quadrat U 2 am Herschelplatz abgestellten Fahrzeugs und entwendeten aus dem Kofferraum ein hochwertiges Notebook und einen Tablet-PC im Wert von rund 3.000 Euro. Anschlie\u00dfend fl\u00fcchteten die T\u00e4ter unerkannt vom Tatort.<\/p>\n\n\n\n<p>In der Zeit zwischen Freitag, 06.05.2022 und Montag, 09.05.2022 drangen im Quadrat G 4 unbekannte T\u00e4ter in ein weiteres geparktes Fahrzeug ein und verursachten einen Diebstahlschaden von rund 40 Euro.<\/p>\n\n\n\n<p>Zeugen, die verd\u00e4chtige Wahrnehmungen gemacht haben und sachdienliche Hinweise zu den T\u00e4tern geben k\u00f6nnen, werden gebeten, sich beim Polizeirevier Mannheim-Innenstadt, Tel.: 0621\/1258-0 zu melden.<\/p>\n\n\n\n<h2 class=\"wp-block-heading\">(Mannheim-Oststadt) &#8211; Pkw-Aufbruch; Diebesgut von 6.000 Euro entwendet. Zeugenaufruf<\/h2>\n\n\n\n<p>In der Nacht von Sonntag bis Montag, 18 &#8211; 9 Uhr brachen bisher unbekannte T\u00e4ter einen in der Elisabethenstra\u00dfe abgestellten VW Crafter auf. Dabei wurde die Fahrert\u00fcr besch\u00e4digt. Aus dem Fahrzeuginneren, des zum Camper umgebauten Fahrzeuges, entwendeten die T\u00e4ter einen Rucksack, ein MacBook pro, eine Fotokamera, drei hochwertige Objektive sowie weiteres Kamerazubeh\u00f6r im Gesamtwert von circa 6.000 Euro.<\/p>\n\n\n\n<p>Zeugen werden gebeten, sich mit dem Polizeirevier Mannheim-Oststadt unter der Telefonnummer 0621.174-3310 in Verbindung zu setzen.<\/p>\n\n\n\n<h2 class=\"wp-block-heading\">(Mannheim-Oststadt) &#8211; Unbekannte entwenden mehrere Maschinen von Baustelle \/ Zeugen gesucht!<\/h2>\n\n\n\n<p>Zwischen Samstag, gegen 15:00 Uhr, und Montag, gegen 07:30 Uhr, entwendeten bislang unbekannte T\u00e4ter mehrere Baumaschinen von einer Baustelle in der Augustaanlage. Die T\u00e4ter verschafften sich Zutritt zu einem verschlossenen Lagerraum und erbeuteten Maschinen im Wert von mehr als 6.500 Euro.<\/p>\n\n\n\n<h4 class=\"wp-block-heading\">Entwendet wurde folgendes Diebesgut:<\/h4>\n\n\n\n<ul><li><strong>2 x Werkzeug-Rucks\u00e4cke<\/strong><\/li><li><strong>1 x Akku-Winkelschleifer Metabo<\/strong><\/li><li><strong>1 x Akku-Schrauber Metabo<\/strong><\/li><li><strong>1 x Akku-Bohrmaschine W\u00fcrth<\/strong><\/li><li><strong>1 x Bohrhammer SDS Max W\u00fcrth<\/strong><\/li><li><strong>3 x SDS Max Betonbohrer<\/strong><\/li><li><strong>1 x Metallbohrerset Protec<\/strong><\/li><li><strong>4 x Verl\u00e4ngerungskabeltrommel<\/strong><\/li><li><strong>1 x Kabelpresse<\/strong><\/li><\/ul>\n\n\n\n<p>Das Polizeirevier Mannheim-Oststadt sucht nun Zeugen, die verd\u00e4chtige Wahrnehmungen gemacht haben und bittet diese, sich unter der Telefonnummer 0621\/174-3310 zu melden.<\/p>\n\n\n\n<h2 class=\"wp-block-heading\">(Mannheim-Oststadt) &#8211; Einbruch in Schulgeb\u00e4ude \/ Zeugen gesucht<\/h2>\n\n\n\n<p>Am Wochenende brachen unbekannte T\u00e4ter in eine Schule im Stadtteil Oststadt ein. Die Einbrecher verschafften sich in der Zeit zwischen Freitagabend, 19.00 Uhr und Montagmorgen, 6.00 Uhr auf bislang unklare Art und Weise Zutritt zu dem Schulgeb\u00e4ude in der Otto-Beck-Stra\u00dfe. Im Geb\u00e4ude brachen sie einen Schl\u00fcsselkasten auf und betraten zahlreiche R\u00e4ume.<\/p>\n\n\n\n<p>Eine genaue \u00dcbersicht der entwendeten Gegenst\u00e4nde liegt derzeit noch nicht vor. Der Schaden l\u00e4sst sich noch nicht beziffern.<\/p>\n\n\n\n<p>Zeugen, denen Verd\u00e4chtiges aufgefallen ist und sachdienliche Hinweise geben k\u00f6nnen, werden gebeten, sich mit dem Polizeirevier Mannheim-Oststadt, Tel.: 0621\/174-3310 in Verbindung zu setzen.<\/p>\n\n\n\n<h2 class=\"wp-block-heading\">(Mannheim-Neckarstadt) &#8211; Wohnungseinbrecher klingelten zuvor an der T\u00fcr; Kriminalpolizei ermittelt und sucht weitere Zeugen<\/h2>\n\n\n\n<div class=\"wp-block-image\"><figure class=\"aligncenter size-full\"><img decoding=\"async\" loading=\"lazy\" width=\"801\" height=\"600\" src=\"https:\/\/speyer24news.com\/wp-content\/uploads\/2020\/05\/Zeugen-gesucht-Neutral.jpg\" alt=\"\" class=\"wp-image-26598\" srcset=\"https:\/\/speyer24news.com\/wp-content\/uploads\/2020\/05\/Zeugen-gesucht-Neutral.jpg 801w, https:\/\/speyer24news.com\/wp-content\/uploads\/2020\/05\/Zeugen-gesucht-Neutral-300x225.jpg 300w, https:\/\/speyer24news.com\/wp-content\/uploads\/2020\/05\/Zeugen-gesucht-Neutral-768x575.jpg 768w, https:\/\/speyer24news.com\/wp-content\/uploads\/2020\/05\/Zeugen-gesucht-Neutral-678x509.jpg 678w, https:\/\/speyer24news.com\/wp-content\/uploads\/2020\/05\/Zeugen-gesucht-Neutral-326x245.jpg 326w, https:\/\/speyer24news.com\/wp-content\/uploads\/2020\/05\/Zeugen-gesucht-Neutral-80x60.jpg 80w\" sizes=\"(max-width: 801px) 100vw, 801px\" \/><\/figure><\/div>\n\n\n\n<p>Am Montag in der Zeit zwischen 15:45 Uhr und 16:45 Uhr nutzten zwei bislang unbekannte M\u00e4nner die Abwesenheit einer \u00fcber 60-J\u00e4hrigen aus und stiegen in deren im Erdgeschoss befindlichen Wohnung in der Stra\u00dfe &#8222;An den Kasernen&#8220; ein. Hierbei konnte eine aufmerksame Nachbarin beobachten, wie einer der beiden T\u00e4ter \u00fcber ein ge\u00f6ffnetes Fenster in die Wohnr\u00e4ume gelang, w\u00e4hrend dessen Komplize vor dem Geb\u00e4ude Schmiere stand. Ob etwas entwendet wurde, ist bislang nicht bekannt. Wie sich herausstellte, klingelten die Einbrecher offenbar kurz zuvor an der Wohnungst\u00fcr der \u00fcber 60-J\u00e4hrigen und verschafften sich unter einem Vorwand kurzzeitig Zutritt zum Wohnhaus.<\/p>\n\n\n\n<h4 class=\"wp-block-heading\">T\u00e4terbeschreibung:<\/h4>\n\n\n\n<ol><li><strong>Person: m\u00e4nnlich, ca. 25-30 Jahre alt, 175-180 cm gro\u00df, leicht gebr\u00e4unte Haut, schlanke Statur, Dreitagebart, wei\u00dfe Kappe, helle Jeans, hellblaues Hemd mit Muster<\/strong><\/li><li><strong>Person: m\u00e4nnlich, ca. 25-30 Jahre alt, 175-180 cm gro\u00df, leicht gebr\u00e4unte Haut, kr\u00e4ftige Statur, lange schwarze zur\u00fcckgegelte Haare, schwarze Lederjacke<\/strong><\/li><\/ol>\n\n\n\n<p>Zeugen, de sachdienliche Angaben zu den beiden Tatverd\u00e4chtigen sowie deren Fluchtrichtung machen k\u00f6nnen, werden gebeten, sich an das kriminalpolizeiliche Hinweistelefon, Tel.: 0621 174 4444 zu wenden.<\/p>\n\n\n\n<h2 class=\"wp-block-heading\">(Mannheim-Neuostheim) &#8211; Gemeinschaftliche K\u00f6rperversetzung durch drei junge M\u00e4nner; Polizei sucht Zeugen<\/h2>\n\n\n\n<div class=\"wp-block-image\"><figure class=\"aligncenter size-full\"><img decoding=\"async\" loading=\"lazy\" width=\"801\" height=\"600\" src=\"https:\/\/speyer24news.com\/wp-content\/uploads\/2020\/05\/Zeugen-gesucht-Neutral.jpg\" alt=\"\" class=\"wp-image-26598\" srcset=\"https:\/\/speyer24news.com\/wp-content\/uploads\/2020\/05\/Zeugen-gesucht-Neutral.jpg 801w, https:\/\/speyer24news.com\/wp-content\/uploads\/2020\/05\/Zeugen-gesucht-Neutral-300x225.jpg 300w, https:\/\/speyer24news.com\/wp-content\/uploads\/2020\/05\/Zeugen-gesucht-Neutral-768x575.jpg 768w, https:\/\/speyer24news.com\/wp-content\/uploads\/2020\/05\/Zeugen-gesucht-Neutral-678x509.jpg 678w, https:\/\/speyer24news.com\/wp-content\/uploads\/2020\/05\/Zeugen-gesucht-Neutral-326x245.jpg 326w, https:\/\/speyer24news.com\/wp-content\/uploads\/2020\/05\/Zeugen-gesucht-Neutral-80x60.jpg 80w\" sizes=\"(max-width: 801px) 100vw, 801px\" \/><\/figure><\/div>\n\n\n\n<p>Am Montag, zwischen 18 und 19 Uhr hielt sich ein 17-j\u00e4hriger junger Mann an der Bushaltestelle Neuostheim auf. Aus bisher unbekannten Gr\u00fcnden kamen drei junge M\u00e4nner im Alter von 16 &#8211; 18 Jahren zu der Bushaltestelle und schlugen auf das Opfer ein. Anschlie\u00dfend entfernten sie sich wieder.<\/p>\n\n\n\n<p>Das 17-j\u00e4hrige Opfer erstattete anschlie\u00dfend gemeinsam mit seinem Bruder Anzeige beim Polizeirevier. Er erlitt durch die Angriffe mehrere Verletzungen im Kopfbereich, die sp\u00e4ter medizinisch im Krankenhaus ambulant versorgt wurden.<\/p>\n\n\n\n<h4 class=\"wp-block-heading\">Die drei T\u00e4ter werden wie folgt beschrieben:<\/h4>\n\n\n\n<ul><li><strong>M\u00e4nnlich<\/strong><\/li><li><strong>ca. 16 &#8211; 18 Jahre alt<\/strong><\/li><li><strong>180 &#8211; 190 gro\u00df<\/strong><\/li><li><strong>s\u00fcd-\/ s\u00fcdosteurop\u00e4isches Aussehen <\/strong><\/li><li><strong>haben eine sportliche Statur<\/strong><\/li><\/ul>\n\n\n\n<h4 class=\"wp-block-heading\">Erg\u00e4nzend hierzu<\/h4>\n\n\n\n<ol><li><strong>T\u00e4ter: kurze hellbraune Haare, leichter Bart Bekleidung: blaues Sporttrikot der Fu\u00dfballmannschaft Paris (PSG), dunkle Jogginghose, blaue Umh\u00e4ngetasche<\/strong><\/li><li><strong>T\u00e4ter: braune Haare, Bekleidung: Schwarzer Trainingsanzug<\/strong><\/li><li><strong>T\u00e4ter: schwarze Haar, Mittelscheitel, Bart Bekleidung: dunkles T-Shirt, Jeans, silberne Kette<\/strong><\/li><\/ol>\n\n\n\n<p>Die weiteren Ermittlungen f\u00fchrt das &#8222;Haus des Jugendrechts&#8220; (HdJR) des Polizeipr\u00e4sidiums Mannheim. Zeugen werden gebeten, sich mit dem HdJR unter Tel.: 0621.1745860 oder mit dem Polizeirevier Mannheim-Neckarstadt, Tel.: 0621.3301-0, in Verbindung zu setzen.<\/p>\n\n\n\n<h2 class=\"wp-block-heading\">(Mannheim-Neuhermsheim) &#8211; Nach Auffahrunfall eine Person verletzt; kurzzeitige Verkehrssperrung<\/h2>\n\n\n\n<p>Am Montag gegen 14:30 Uhr befuhr eine 41-j\u00e4hrige Mercedes-Fahrerin die Wilhelm-Varnholt-Allee\/ B 37 in Fahrtrichtung Mannheim, als sie in H\u00f6he des Verkehrs\u00fcbungsplatzes aufgrund einer roten Ampel abbremsen musste. Eine hinter ihr fahrende 21-j\u00e4hrige Opel-Fahrerin bemerkte dies offenbar zu sp\u00e4t und konnte einen Zusammensto\u00df nicht mehr rechtzeitig verhindern. Durch den Aufprall verletzte sich die 41-J\u00e4hrige leicht. Sie wurde mit einem hinzugerufenen Rettungswagen in eine Klinik gebracht. An beiden Fahrzeugen entstand ein Gesamtsachschaden in gesch\u00e4tzter H\u00f6he von rund 11.000 Euro. F\u00fcr den Zeitraum der Unfallaufnahme war der rechte beider Fahrstreifen bis ca. 15:15 Uhr gesperrt.<\/p>\n\n\n\n<h2 class=\"wp-block-heading\">(Mannheim-Sch\u00f6nau) &#8211; Kradfahrer nach Verkehrsunfall schwer verletzt; Verkehrsdienst Mannheim ermittelt<\/h2>\n\n\n\n<p>Als eine 18-j\u00e4hrige VW-Fahrerin am Montagnachmittag gegen 15:40 Uhr von einem Parkplatz aus auf die Boehringerstra\u00dfe nach rechts in Richtung Sonderburger Stra\u00dfe abbiegen wollte, \u00fcbersah sie einen von links kommenden 53-j\u00e4hrigen Motorradfahrer, der ebenfalls in Richtung Sonderburger Stra\u00dfe unterwegs war. Ein im dortigen Haltebereich verbotswidrig geparkter LKW hatte der 18-J\u00e4hrigen offenbar die Sicht nach links erschwert. Keiner der beiden Verkehrsteilnehmer konnte einen Zusammensto\u00df in der Folge noch rechtzeitig verhindern. Der 53 Jahre alte Kradfahrer st\u00fcrzte daraufhin zu Boden und verletzte sich schwer. Er wurde mit einem hinzugerufenen Rettungswagen in eine Klinik gebracht. Insgesamt entstand ein gesch\u00e4tzter Sachschaden in H\u00f6he von rund 4500 Euro. Der Verkehrsdienst Mannheim hat die weiteren Ermittlungen aufgenommen.<\/p>\n\n\n\n<h2 class=\"wp-block-heading\">(Heidelberg-Neuenheim) &#8211; Junge Frau gesucht \/ Zeugenaufruf<\/h2>\n\n\n\n<div class=\"wp-block-image\"><figure class=\"aligncenter size-full\"><img decoding=\"async\" loading=\"lazy\" width=\"600\" height=\"400\" src=\"https:\/\/speyer24news.com\/wp-content\/uploads\/2020\/07\/Vermisste-Person-Personensuche-1.jpg\" alt=\"\" class=\"wp-image-29028\" srcset=\"https:\/\/speyer24news.com\/wp-content\/uploads\/2020\/07\/Vermisste-Person-Personensuche-1.jpg 600w, https:\/\/speyer24news.com\/wp-content\/uploads\/2020\/07\/Vermisste-Person-Personensuche-1-300x200.jpg 300w\" sizes=\"(max-width: 600px) 100vw, 600px\" \/><\/figure><\/div>\n\n\n\n<p>Am Sonntag gegen 21.30 Uhr informierten zwei Zeugen die Polizei und berichteten von einer jungen Frau, die sich augenscheinlich in einer hilflosen Lage befand. Die Frau soll auf H\u00f6he des Tiergartenbades in Heidelberg auf einer Treppe unterhalb des Neckarkanal-Fu\u00dfweges gesessen und sich kurz darauf in unbekannte Richtung entfernt haben. Nach derzeitigem Stand der Ermittlungen kann eine Eigengef\u00e4hrdung nicht ausgeschlossen werden.<\/p>\n\n\n\n<h4 class=\"wp-block-heading\">Die Gesuchte soll:<\/h4>\n\n\n\n<ul><li><strong>eine gut gekleidete<\/strong><\/li><li><strong>asiatisch aussehende Frau <\/strong><\/li><li><strong>im Alter zwischen 20 und 30 Jahren sein<\/strong><\/li><li><strong>Sie soll etwa 170 cm gro\u00df, <\/strong><\/li><li><strong>schwarze, glatte und schulterlange Haare haben.<\/strong><\/li><\/ul>\n\n\n\n<p>Da sich die Unbekannte m\u00f6glicherweise in einem psychischen Ausnahmezustand befindet, bittet die Kriminalpolizei Heidelberg Zeugen, die sachdienliche Hinweise zur Identit\u00e4t oder dem Aufenthaltsort der Frau geben k\u00f6nnen, sich unter der Telefonnummer 0621 1745555 zu melden.<\/p>\n\n\n\n<h2 class=\"wp-block-heading\">(Sandhausen \/ Rhein-Neckar-Kreis) &#8211; Brand eines Schuppens \/ Unbekannte Leiche gefunden<\/h2>\n\n\n\n<div class=\"wp-block-image\"><figure class=\"aligncenter size-full\"><img decoding=\"async\" loading=\"lazy\" width=\"800\" height=\"533\" src=\"https:\/\/speyer24news.com\/wp-content\/uploads\/2021\/01\/Ruhe-in-Frieden.jpg\" alt=\"\" class=\"wp-image-32361\" srcset=\"https:\/\/speyer24news.com\/wp-content\/uploads\/2021\/01\/Ruhe-in-Frieden.jpg 800w, https:\/\/speyer24news.com\/wp-content\/uploads\/2021\/01\/Ruhe-in-Frieden-300x200.jpg 300w, https:\/\/speyer24news.com\/wp-content\/uploads\/2021\/01\/Ruhe-in-Frieden-768x512.jpg 768w\" sizes=\"(max-width: 800px) 100vw, 800px\" \/><\/figure><\/div>\n\n\n\n<p>Am Dienstagmorgen gegen 01.20 Uhr wurden Polizei und Feuerwehr zu einem Brand in die Ringstra\u00dfe nach Sandhausen gerufen. Beim Eintreffen der ersten Rettungskr\u00e4fte waren aus einem Schuppen bereits ca. 10m Hohe Flammen feststellbar. Das Feuer droht derzeit auf Fahrzeuge und Wohngeb\u00e4ude \u00fcberzugreifen. Rettungsdienst, Polizei und Feuerwehr sind momentan vor Ort im Einsatz. Es wird nachberichtet.<\/p>\n\n\n\n<h3 class=\"has-text-align-center wp-block-heading\">Pressemeldung Nr. 2<\/h3>\n\n\n\n<p>Der Brand in der Kleinen Ringstra\u00dfe in Sandhausen konnte durch die Feuerwehr mittlerweile unter Kontrolle gebracht werden. Die Brandursache ist noch v\u00f6llig unklar. Beamte des Kriminaldauerdienstes haben vor Ort die ersten Ermittlungen \u00fcbernommen. \u00dcber den entstandenen Sachschaden lassen sich vermutlich erst nach Abschluss der L\u00f6scharbeiten erste Aussagen treffen. Zu einem \u00dcbergreifen der Flammen auf weitere Wohnh\u00e4user oder Fahrzeuge kam es gl\u00fccklicherweise nicht.<\/p>\n\n\n\n<h3 class=\"has-text-align-center wp-block-heading\">Pressemeldung Nr. 3<\/h3>\n\n\n\n<p>Wie bereits berichtet, geriet am fr\u00fchen Dienstagmorgen in Sandhausen ein Schuppen auf einem Anwesen in der Kleinen Ringstra\u00dfe in Brand. Im Zuge der L\u00f6schma\u00dfnahmen stie\u00dfen die Einsatzkr\u00e4fte am Brandort auf die Leiche einer unbekannten Person.<\/p>\n\n\n\n<p>Die weiteren Ermittlungen des Fachdezernats bei der Kriminalpolizeidirektion Heidelberg zur Identit\u00e4t der unbekannten Leiche und der Brandursache dauern an.<\/p>\n\n\n\n<h2 class=\"wp-block-heading\">(A 6 \/ Dielheim \/ Rhein-Neckcar-Kreis) &#8211; Verkehrsunfall A6; Tanklaster beteiligt; geringer Sachschaden; Sattelzugfahrer entfernt sich unerlaubt von der Unfallstelle<\/h2>\n\n\n\n<p>Am Montagabend, gegen 19:40 Uhr fuhr ein Sattelzug, DAF, auf der Autobahn A6, zwischen den Anschlussstellen Wiesloch\/ Rauenberg und Sinsheim. Der 66-j\u00e4hrige Fahrer \u00fcberholte auf dem mittleren Fahrstreifen einen Gefahrguttransporter. W\u00e4hrend des \u00dcberholvorgangs wechselte der Sattelzug wieder auf den rechten Fahrstreifen zur\u00fcck. Ein rechts fahrende Tanklaster wurde dabei abgedr\u00e4ngt und versuchte noch nach rechts auszuweichen. Er konnte jedoch nicht mehr verhindern, dass der Auflieger des \u00fcberholenden Sattelzugs sein F\u00fchrerhaus leicht touchierte. Gleichzeitig streifte der Tanklaster dabei die rechte Leitplanke und es entstand auch dort Sachschaden.<\/p>\n\n\n\n<p>Zwei nachfolgende Fahrzeuge, ein Wohnmobil und ein Pkw Audi, fuhren \u00fcber herumliegende Fahrzeugteile, die auf durch den Unfall auf die Fahrbahn gefallen waren.<\/p>\n\n\n\n<p>Insgesamt entstand durch den Unfall an allen vier beteiligten Fahrzeugen ein Gesamtsachschaden von circa 4.500 Euro. Verletzt wurde niemand. Die herumliegenden Fahrzeugteile konnten durch die Polizei entfernt werden. Die Unfallstelle war gegen 20:30 Uhr wieder ger\u00e4umt und es kam nur zu geringf\u00fcgigen Verkehrsbeeintr\u00e4chtigungen auf der Autobahn.<\/p>\n\n\n\n<p>Der 66-j\u00e4hrige Sattelzugfahrer setzte seine Fahrt fort, ohne anzuhalten. Der 34-j\u00e4hrigen Fahrer des beteiligten Gefahrguttransporters konnte das Teilkennzeichen des Unfallverursachers ablesen.<\/p>\n\n\n\n<p>Im Rahmen der Ermittlungen bei der Halterfirma und der eingeleiteten polizeilichen Fahndung wurde der Unfallverursacher mit seinem Sattelzug gegen 21:45 Uhr im Bereich Heilbronn auf dem Parkplatz eines Supermarktes angetroffen und zum Unfall geh\u00f6rt. Gegen\u00fcber der Polizei wollte er keine Angaben zum Unfallablauf machen.<\/p>\n\n\n\n<h2 class=\"wp-block-heading\">(Dielheim \/ Rhein-Neckcar-Kreis) &#8211; Wohnungseinbruch; hoher Diebstahlsschaden; Zeugen gesucht<\/h2>\n\n\n\n<p>Unbekannte T\u00e4ter nutzten die Abwesenheit der Bewohner aus und brachen zwischen Freitag, 16 Uhr und Montag 12 Uhr in ein Haus in der Stra\u00dfe &#8222;Im Wei\u00dfbaum&#8220; ein. Dort entwendeten Schmuck, M\u00fcnzen, teure Uhren und Bargeld im Gesamtwert von mehreren tausend Euro.<\/p>\n\n\n\n<p>Nach den derzeitigen Erkenntnissen betraten die T\u00e4ter das Grundst\u00fcck \u00fcber einen Gartenweg auf der s\u00fcdlichen Grundst\u00fccksseite. Mit einer Leiter stiegen sie auf zum 1. Obergeschoss und drangen \u00fcber eine aufgebrochene Balkont\u00fcr in das Haus ein.<\/p>\n\n\n\n<p>Im Erdgeschoss des Hauses wurden Rolll\u00e4den ge\u00f6ffnet. M\u00f6glicherweise um sich \u00fcber die Fenster dort einen Fluchtweg zu sichern.<\/p>\n\n\n\n<p>Dar\u00fcber hinaus gibt es Erkenntnisse, dass die T\u00e4ter die Beute mit einer schwarzen ADIDAS-Sporttasche aus dem Haus getragen haben sollen.<\/p>\n\n\n\n<p>Zeugen, die Hinweise zum Einbruch, zu den T\u00e4tern geben k\u00f6nnen, werden gebeten sich zu melden. Dar\u00fcber hinaus k\u00f6nnte das \u00d6ffnen der Rolll\u00e4den zur Fluchtwegsicherung Jemandem aufgefallen sein, da die Bewohner abwesend waren.<\/p>\n\n\n\n<p>Auch verd\u00e4chtige Fahrzeuge im angrenzenden Wohngebiet oder im Bereich der Einm\u00fcndung &#8222;Im Wei\u00dfbaum&#8220;\/Wieslocher Stra\u00dfe sind hierbei zu ber\u00fccksichtigen.<\/p>\n\n\n\n<p>Alle Zeugen melden sich bitte beim Polizeirevier Wiesloch, Tel.: 06222\/5709-0 oder beim Kriminaldauerdienst, Tel.: 0621\/174-4444.<\/p>\n\n\n\n<h2 class=\"wp-block-heading\">(Sinsheim \/ Rhein-Neckcar-Kreis) &#8211; Einbruchsversuch in Fris\u00f6rgesch\u00e4ft; Zeugen gesucht<\/h2>\n\n\n\n<p>Vermutlich in der Nacht zum Samstag versuchten bislang unbekannte T\u00e4ter in ein Fris\u00f6rgesch\u00e4ft in der Bahnhofstra\u00dfe einzudringen. Ob es ihnen gelungen war, in die R\u00e4umlichkeiten einzudringen, steht noch nicht fest. Die Eingangst\u00fcr wurde offenbar versucht, aufzuhebeln. Ob dies gelungen war, steht ebenfalls noch nicht fest. Der Sachschaden betr\u00e4gt mehrere hundert Euro. Die Anzeige wurde erst im Laufe des Montages erstattet. Zeugen werden gebeten, sich beim Polizeirevier Sinsheim, Tel.: 07261\/690-0 zu melden.<\/p>\n\n\n\n<h2 class=\"wp-block-heading\">(Wiesenbach \/ Rhein-Neckcar-Kreis) &#8211; Getuntes Auto gestohlen; Zeugen gesucht<\/h2>\n\n\n\n<p>Zwischen Donnerstag, 23 Uhr und Montag, 20.40 Uhr, wurde auf dem Parkplatz vor der Biddersbachhalle ein wei\u00dfer VW Passat mit dem Kz.: HD-SX 700, gestohlen. Das Fahrzeug ist auff\u00e4llig getunt und mit wei\u00dfen &#8222;Porsche&#8220;-Felgen ausgestattet. Das Fahrzeug hat laut Gutachten einen Wert von rund 60.000.- Euro.<\/p>\n\n\n\n<p>Die Kriminalpolizeidirektion Heidelberg hat die weiteren Ermittlungen \u00fcbernommen.<\/p>\n\n\n\n<p>Hinweise bitte an das Polizeirevier Neckargem\u00fcnd, Tel.: 06223\/9254-0 oder an den Kriminaldauerdienst, Tel.: 0621\/174-4444.<\/p>\n\n\n\n<h2 class=\"wp-block-heading\">(Schriesheim \/ Rhein-Neckar-Kreis) &#8211; Alkoholisierter Autofahrer verursacht Unfall<\/h2>\n\n\n\n<p>Am Montagabend gegen 19:40 Uhr verursachte ein 65-j\u00e4hriger Audi-Fahrer unter Alkoholeinfluss einen Auffahrunfall auf der B3. Der 65-J\u00e4hrige war von Dossenheim kommen in Richtung Schriesheim unterwegs, als er auf H\u00f6he der Robert-Bosch-Stra\u00dfe einem vorausfahrenden 35-j\u00e4hrigen Autofahrer aus noch nicht bekannter Ursache ins Heck fuhr. Die alarmierte Polizeistreife bemerkte w\u00e4hrend der Unfallaufnahme starken Alkoholgeruch bei dem 65-J\u00e4hrigen, weshalb sie einen Atemalkoholtest durchf\u00fchrten. Dieser ergab einen Wert von 1,18 Promille. Er musste zur Entnahme einer Blutprobe mit zum Polizeirevier Weinheim. Den F\u00fchrerschein sowie die Fahrzeugschl\u00fcssel des Mannes stellten die Beamten sicher. Nachdem die Ma\u00dfnahmen auf dem Polizeirevier abgeschlossen waren, durfte er gehen. Durch den Unfall entstand ein Sachschaden in H\u00f6he von mehreren Tausend Euro.<\/p>\n\n\n\n<h2 class=\"wp-block-heading\">(Ladenburg \/ Rhein-Neckar-Kreis) &#8211; Radfahrer schl\u00e4gt Autofahrerin und fl\u00fcchtet \/ Zeugen gesucht<\/h2>\n\n\n\n<div class=\"wp-block-image\"><figure class=\"aligncenter size-full\"><img decoding=\"async\" loading=\"lazy\" width=\"801\" height=\"600\" src=\"https:\/\/speyer24news.com\/wp-content\/uploads\/2020\/05\/Zeugen-gesucht-Neutral.jpg\" alt=\"\" class=\"wp-image-26598\" srcset=\"https:\/\/speyer24news.com\/wp-content\/uploads\/2020\/05\/Zeugen-gesucht-Neutral.jpg 801w, https:\/\/speyer24news.com\/wp-content\/uploads\/2020\/05\/Zeugen-gesucht-Neutral-300x225.jpg 300w, https:\/\/speyer24news.com\/wp-content\/uploads\/2020\/05\/Zeugen-gesucht-Neutral-768x575.jpg 768w, https:\/\/speyer24news.com\/wp-content\/uploads\/2020\/05\/Zeugen-gesucht-Neutral-678x509.jpg 678w, https:\/\/speyer24news.com\/wp-content\/uploads\/2020\/05\/Zeugen-gesucht-Neutral-326x245.jpg 326w, https:\/\/speyer24news.com\/wp-content\/uploads\/2020\/05\/Zeugen-gesucht-Neutral-80x60.jpg 80w\" sizes=\"(max-width: 801px) 100vw, 801px\" \/><\/figure><\/div>\n\n\n\n<p>Am Montagnachmittag kurz vor 15 Uhr \u00fcberholte eine 36-j\u00e4hrige Frau mit ihrem Landrover einen Fahrradfahrer in der Wallstadter Stra\u00dfe. An der Ampelanlage im Bereich der Neckarstra\u00dfe\/Am Seilergraben hielt der Radfahrer neben dem PKW an und schlug mit der Faust gegen das Fahrzeug. Als die 36-J\u00e4hrige den Radfahrer auf sein Verhalten ansprach, beschwerte sich dieser, dass beim vorherigen \u00dcberholvorgang der seitliche Sicherheitsabstand zu ihm nicht eingehalten wurde. Im Verlauf des Streitgespr\u00e4chs schlug der Fahrradfahrer der PKW-Fahrerin mit der flachen Hand kr\u00e4ftig in den Nacken. Danach fuhr der Mann einfach davon<\/p>\n\n\n\n<h4 class=\"wp-block-heading\">Er wird wie folgt beschrieben: <\/h4>\n\n\n\n<ul><li><strong>ca. 45 Jahre alt<\/strong><\/li><li><strong>ca. 180 cm gro\u00df<\/strong><\/li><li><strong>schlank<\/strong><\/li><li><strong>bekleidet mit Radsportkleidung und Helm<\/strong><\/li><\/ul>\n\n\n\n<ul><li><strong>Da der Vorfall nahe der Ladenburger Neckarwiese stattfand, k\u00f6nnte dieser durch eine Vielzahl von Zeugen beobachtet worden sein. <\/strong><\/li><\/ul>\n\n\n\n<p>Das Polizeirevier Ladenburg ermittelt nun wegen K\u00f6rperverletzung und nimmt Hinweise zum fl\u00fcchtigen Radfahrer unter Tel.: 06203\/9305-0 entgegen.<\/p>\n","protected":false},"excerpt":{"rendered":"<div class=\"mh-excerpt\"><p>Polizeimeldungen vom Dienstag (10.05.2022) (Speyer) &#8211; Unmittelbare Beschlagnahme eines F\u00fchrerscheins nach deutlicher \u00dcberschreitung der zul\u00e4ssigen H\u00f6chstgeschwindigkeit Am 09.05.2022 gegen 19 Uhr stellte eine Polizeistreife ein Motorrad in der G\u00f6teborger Stra\u00dfe fest, welches in die Stockholmer <a class=\"mh-excerpt-more\" href=\"https:\/\/speyer24news.com\/?p=45870\" title=\"Polizei\">[&#8230;]<\/a><\/p>\n<\/div>","protected":false},"author":3,"featured_media":26162,"comment_status":"open","ping_status":"open","sticky":false,"template":"","format":"standard","meta":{"_monsterinsights_skip_tracking":false,"_monsterinsights_sitenote_active":false,"_monsterinsights_sitenote_note":"","_monsterinsights_sitenote_category":0,"footnotes":""},"categories":[12],"tags":[702,61,2555,6955,6986,6263,63,105,11150,6987,53,4854,13534,4683,1548,4905,102,213,14325,14324,13541,55,6368,5261,103,106,2803,2423,427,2625,380,62,104,979,1565],"aioseo_notices":[],"amp_enabled":true,"_links":{"self":[{"href":"https:\/\/speyer24news.com\/index.php?rest_route=\/wp\/v2\/posts\/45870"}],"collection":[{"href":"https:\/\/speyer24news.com\/index.php?rest_route=\/wp\/v2\/posts"}],"about":[{"href":"https:\/\/speyer24news.com\/index.php?rest_route=\/wp\/v2\/types\/post"}],"author":[{"embeddable":true,"href":"https:\/\/speyer24news.com\/index.php?rest_route=\/wp\/v2\/users\/3"}],"replies":[{"embeddable":true,"href":"https:\/\/speyer24news.com\/index.php?rest_route=%2Fwp%2Fv2%2Fcomments&post=45870"}],"version-history":[{"count":2,"href":"https:\/\/speyer24news.com\/index.php?rest_route=\/wp\/v2\/posts\/45870\/revisions"}],"predecessor-version":[{"id":45875,"href":"https:\/\/speyer24news.com\/index.php?rest_route=\/wp\/v2\/posts\/45870\/revisions\/45875"}],"wp:featuredmedia":[{"embeddable":true,"href":"https:\/\/speyer24news.com\/index.php?rest_route=\/wp\/v2\/media\/26162"}],"wp:attachment":[{"href":"https:\/\/speyer24news.com\/index.php?rest_route=%2Fwp%2Fv2%2Fmedia&parent=45870"}],"wp:term":[{"taxonomy":"category","embeddable":true,"href":"https:\/\/speyer24news.com\/index.php?rest_route=%2Fwp%2Fv2%2Fcategories&post=45870"},{"taxonomy":"post_tag","embeddable":true,"href":"https:\/\/speyer24news.com\/index.php?rest_route=%2Fwp%2Fv2%2Ftags&post=45870"}],"curies":[{"name":"wp","href":"https:\/\/api.w.org\/{rel}","templated":true}]}}