{"id":45920,"date":"2022-05-11T14:46:32","date_gmt":"2022-05-11T13:46:32","guid":{"rendered":"https:\/\/speyer24news.com\/?p=45920"},"modified":"2022-05-11T14:52:12","modified_gmt":"2022-05-11T13:52:12","slug":"veranstaltung-kultur-2","status":"publish","type":"post","link":"https:\/\/speyer24news.com\/?p=45920","title":{"rendered":"Veranstaltung \/ Kultur"},"content":{"rendered":"<style type=\"text\/css\">\r\n\t.ads_top_disp{}\r\n\t.ads_top_corner_disp{ float:left; margin:0px 10px 10px 0px; }\r\n\t.ads_first_p_disp{}\r\n\t.ads_bottom_disp{}\r\n\t<\/style>\n<h2 class=\"wp-block-heading\">T\u00f6pfer- und Kunsthandwerkermarkt auf der Maximilianstra\u00dfe<\/h2>\n\n\n\n<div class=\"wp-block-image\"><figure class=\"aligncenter size-full\"><img decoding=\"async\" loading=\"lazy\" width=\"640\" height=\"480\" src=\"https:\/\/speyer24news.com\/wp-content\/uploads\/2022\/05\/Kunsthandwerkermarkt-Speyer-2018-2.jpg\" alt=\"\" class=\"wp-image-45922\" srcset=\"https:\/\/speyer24news.com\/wp-content\/uploads\/2022\/05\/Kunsthandwerkermarkt-Speyer-2018-2.jpg 640w, https:\/\/speyer24news.com\/wp-content\/uploads\/2022\/05\/Kunsthandwerkermarkt-Speyer-2018-2-300x225.jpg 300w, https:\/\/speyer24news.com\/wp-content\/uploads\/2022\/05\/Kunsthandwerkermarkt-Speyer-2018-2-326x245.jpg 326w, https:\/\/speyer24news.com\/wp-content\/uploads\/2022\/05\/Kunsthandwerkermarkt-Speyer-2018-2-80x60.jpg 80w\" sizes=\"(max-width: 640px) 100vw, 640px\" \/><\/figure><\/div>\n\n\n\n<p><strong>Speyer &#8211;<\/strong> Am <strong>Samstag,\u00a014. und Sonntag,\u00a015. Mai\u00a02022<\/strong>\u00a0l\u00e4dt die Stadt Speyer zum\u00a0vierten T\u00f6pfer- und\u00a0Kunsthandwerkermarkt in die Speyerer Innenstadt ein.<\/p>\n\n\n\n<div class=\"wp-block-image\"><figure class=\"aligncenter size-full\"><img decoding=\"async\" loading=\"lazy\" width=\"375\" height=\"500\" src=\"https:\/\/speyer24news.com\/wp-content\/uploads\/2022\/05\/Kunsthandwerkermarkt-Speyer-2018-1.jpg\" alt=\"\" class=\"wp-image-45923\" srcset=\"https:\/\/speyer24news.com\/wp-content\/uploads\/2022\/05\/Kunsthandwerkermarkt-Speyer-2018-1.jpg 375w, https:\/\/speyer24news.com\/wp-content\/uploads\/2022\/05\/Kunsthandwerkermarkt-Speyer-2018-1-225x300.jpg 225w\" sizes=\"(max-width: 375px) 100vw, 375px\" \/><\/figure><\/div>\n\n\n\n<p>In der Maximilianstra\u00dfe treffen sich zu diesem Anlass zum&nbsp;vierten&nbsp;Mal rund&nbsp;siebzig T\u00f6pfer*innen, Kunsthandwerker*innen und K\u00fcnstler*innen, die das ganze Spektrum ihres Schaffens zeigen. Traditionelles Handwerk pr\u00e4sentiert sich in modernem Gewand. Der Phantasie sind dabei keine Grenzen gesetzt. Industriell gefertigtes Kunsthandwerk, Handelsware oder auch \u201eglobalisiertes Kunsthandwerk\u201c aus Fernost werden auf diesem Markt nicht zu finden sein. Gezeigt werden Holzarbeiten, T\u00f6pferei, Glasfusing, Lederarbeiten, B\u00fcrstenbinderei, Metallskulpturen, Goldschmiede, Filzen, Kunststricken, Schneiderei, Kunstobjekte und vieles mehr.<\/p>\n\n\n\n<p>Der Markt ist am Samstag von 10 bis 18 Uhr und am Sonntag von 11 bis 18 Uhr ge\u00f6ffnet.<\/p>\n\n\n\n<div class=\"wp-block-image\"><figure class=\"aligncenter size-full\"><img decoding=\"async\" loading=\"lazy\" width=\"375\" height=\"500\" src=\"https:\/\/speyer24news.com\/wp-content\/uploads\/2022\/05\/Kunsthandwerkermarkt-Speyer-2018-3.jpg\" alt=\"\" class=\"wp-image-45924\" srcset=\"https:\/\/speyer24news.com\/wp-content\/uploads\/2022\/05\/Kunsthandwerkermarkt-Speyer-2018-3.jpg 375w, https:\/\/speyer24news.com\/wp-content\/uploads\/2022\/05\/Kunsthandwerkermarkt-Speyer-2018-3-225x300.jpg 225w\" sizes=\"(max-width: 375px) 100vw, 375px\" \/><\/figure><\/div>\n\n\n\n<p>Wegen der Durchf\u00fchrung des Marktes wird die Maximilianstra\u00dfe am Samstag und Sonntag zwischen Domplatz und Schustergasse f\u00fcr jeglichen Fahrzeugverkehr gesperrt. Der Busverkehr der Linien 564, 565 und 568 wird ebenfalls beide Tage umgeleitet. Hierzu sind die Aush\u00e4nge des Busunternehmens zu beachten. Ersatzhaltestellen werden in der Ludwigstra\u00dfe ausgewiesen.<\/p>\n\n\n\n<p>Der Taxenstand in der Maximilianstra\u00dfe auf H\u00f6he Galeria Kaufhof bleibt w\u00e4hrend der Veranstaltung weiterhin nutzbar. Die Anfahrt erfolgt allerdings ausschlie\u00dflich \u00fcber den Postplatz.<\/p>\n\n\n\n<div class=\"wp-block-image\"><figure class=\"aligncenter size-full\"><img decoding=\"async\" loading=\"lazy\" width=\"640\" height=\"480\" src=\"https:\/\/speyer24news.com\/wp-content\/uploads\/2022\/05\/Kunsthandwerkermarkt-Speyer-2018-4.jpg\" alt=\"\" class=\"wp-image-45925\" srcset=\"https:\/\/speyer24news.com\/wp-content\/uploads\/2022\/05\/Kunsthandwerkermarkt-Speyer-2018-4.jpg 640w, https:\/\/speyer24news.com\/wp-content\/uploads\/2022\/05\/Kunsthandwerkermarkt-Speyer-2018-4-300x225.jpg 300w, https:\/\/speyer24news.com\/wp-content\/uploads\/2022\/05\/Kunsthandwerkermarkt-Speyer-2018-4-326x245.jpg 326w, https:\/\/speyer24news.com\/wp-content\/uploads\/2022\/05\/Kunsthandwerkermarkt-Speyer-2018-4-80x60.jpg 80w\" sizes=\"(max-width: 640px) 100vw, 640px\" \/><\/figure><\/div>\n\n\n\n<p><em>Text: Stadtverwaltung Speyer Foto: \u00a9 Speyer 24\/7 News<br>11.05.2022<\/em><\/p>\n","protected":false},"excerpt":{"rendered":"<div class=\"mh-excerpt\"><p>T\u00f6pfer- und Kunsthandwerkermarkt auf der Maximilianstra\u00dfe Speyer &#8211; Am Samstag,\u00a014. und Sonntag,\u00a015. Mai\u00a02022\u00a0l\u00e4dt die Stadt Speyer zum\u00a0vierten T\u00f6pfer- und\u00a0Kunsthandwerkermarkt in die Speyerer Innenstadt ein. In der Maximilianstra\u00dfe treffen sich zu diesem Anlass zum&nbsp;vierten&nbsp;Mal rund&nbsp;siebzig T\u00f6pfer*innen, <a class=\"mh-excerpt-more\" href=\"https:\/\/speyer24news.com\/?p=45920\" title=\"Veranstaltung \/ Kultur\">[&#8230;]<\/a><\/p>\n<\/div>","protected":false},"author":3,"featured_media":25668,"comment_status":"open","ping_status":"open","sticky":false,"template":"","format":"standard","meta":{"_monsterinsights_skip_tracking":false,"_monsterinsights_sitenote_active":false,"_monsterinsights_sitenote_note":"","_monsterinsights_sitenote_category":0,"footnotes":""},"categories":[14,13],"tags":[577,2200,4585,4586,14346,14343,14348,14344,14345,14347,3007,14099,1993,11824],"aioseo_notices":[],"amp_enabled":true,"_links":{"self":[{"href":"https:\/\/speyer24news.com\/index.php?rest_route=\/wp\/v2\/posts\/45920"}],"collection":[{"href":"https:\/\/speyer24news.com\/index.php?rest_route=\/wp\/v2\/posts"}],"about":[{"href":"https:\/\/speyer24news.com\/index.php?rest_route=\/wp\/v2\/types\/post"}],"author":[{"embeddable":true,"href":"https:\/\/speyer24news.com\/index.php?rest_route=\/wp\/v2\/users\/3"}],"replies":[{"embeddable":true,"href":"https:\/\/speyer24news.com\/index.php?rest_route=%2Fwp%2Fv2%2Fcomments&post=45920"}],"version-history":[{"count":2,"href":"https:\/\/speyer24news.com\/index.php?rest_route=\/wp\/v2\/posts\/45920\/revisions"}],"predecessor-version":[{"id":45928,"href":"https:\/\/speyer24news.com\/index.php?rest_route=\/wp\/v2\/posts\/45920\/revisions\/45928"}],"wp:featuredmedia":[{"embeddable":true,"href":"https:\/\/speyer24news.com\/index.php?rest_route=\/wp\/v2\/media\/25668"}],"wp:attachment":[{"href":"https:\/\/speyer24news.com\/index.php?rest_route=%2Fwp%2Fv2%2Fmedia&parent=45920"}],"wp:term":[{"taxonomy":"category","embeddable":true,"href":"https:\/\/speyer24news.com\/index.php?rest_route=%2Fwp%2Fv2%2Fcategories&post=45920"},{"taxonomy":"post_tag","embeddable":true,"href":"https:\/\/speyer24news.com\/index.php?rest_route=%2Fwp%2Fv2%2Ftags&post=45920"}],"curies":[{"name":"wp","href":"https:\/\/api.w.org\/{rel}","templated":true}]}}