{"id":45937,"date":"2022-05-12T06:13:14","date_gmt":"2022-05-12T05:13:14","guid":{"rendered":"https:\/\/speyer24news.com\/?p=45937"},"modified":"2022-05-12T06:13:16","modified_gmt":"2022-05-12T05:13:16","slug":"kultur-43","status":"publish","type":"post","link":"https:\/\/speyer24news.com\/?p=45937","title":{"rendered":"Kultur"},"content":{"rendered":"<style type=\"text\/css\">\r\n\t.ads_top_disp{}\r\n\t.ads_top_corner_disp{ float:left; margin:0px 10px 10px 0px; }\r\n\t.ads_first_p_disp{}\r\n\t.ads_bottom_disp{}\r\n\t<\/style>\n<h2 class=\"wp-block-heading\">Ausstellung &#8222;Stefan Becker: 94 &#8211; 22 unterwegs \u2013 Radierung_Zeichnung_Malerei&#8220; von 20.5. bis 3.7.2022 in der St\u00e4dtischen Galerie im Kulturhof Flachsgasse.<\/h2>\n\n\n\n<div class=\"wp-block-image\"><figure class=\"aligncenter size-full\"><img decoding=\"async\" loading=\"lazy\" width=\"800\" height=\"549\" src=\"https:\/\/speyer24news.com\/wp-content\/uploads\/2022\/05\/Hamburg-\u00a9-Stefan-Becker.jpg\" alt=\"\" class=\"wp-image-45939\" srcset=\"https:\/\/speyer24news.com\/wp-content\/uploads\/2022\/05\/Hamburg-\u00a9-Stefan-Becker.jpg 800w, https:\/\/speyer24news.com\/wp-content\/uploads\/2022\/05\/Hamburg-\u00a9-Stefan-Becker-300x206.jpg 300w, https:\/\/speyer24news.com\/wp-content\/uploads\/2022\/05\/Hamburg-\u00a9-Stefan-Becker-768x527.jpg 768w\" sizes=\"(max-width: 800px) 100vw, 800px\" \/><\/figure><\/div>\n\n\n\n<p><strong>Speyer \/ St\u00e4dtische Galerie &#8211;<\/strong> \u201eSt\u00e4dte pr\u00e4gen uns; durch pers\u00f6nliche Eindr\u00fccke, Erfahrungen und Erinnerungen, oft auch durch historische Ereignisse, literarische Texte, Filme, Bilder und Erz\u00e4hlungen. Diese indirekten \u201eGeschichten\u201c lassen manche Stadt weit \u00fcber ihre Geb\u00e4ude, Pl\u00e4tze und Parks hinaus zum Mythos, zum Sehnsuchtsort werden. Um das zu erleben, ist es unerl\u00e4sslich, die St\u00e4dte zu besuchen, zu durchwandern, ihr jeweils besonderes Flair, die Luft, den Duft und vor allem ihre Menschen zu erleben &#8230;oder sie zu zeichnen, zu radieren oder sich zu malerischen Bildl\u00f6sungen anregen zu lassen&#8230; wie Stefan Becker das tut. Stefan Becker n\u00e4hert sich dem Thema \u201eStadt\u201c seit \u00fcber 40 Jahren, in Reiseskizzen, Aquarellstudien, gro\u00dfformatigen Acryl- und \u00d6lbildern und vor allem in technisch \u00e4u\u00dferst komplexen Radierungen.\u201c<\/p>\n\n\n\n<div class=\"wp-block-image\"><figure class=\"aligncenter size-full\"><img decoding=\"async\" loading=\"lazy\" width=\"800\" height=\"370\" src=\"https:\/\/speyer24news.com\/wp-content\/uploads\/2022\/05\/Hamburg-Hafen-\u00a9-Stefan-Becker.jpg\" alt=\"\" class=\"wp-image-45940\" srcset=\"https:\/\/speyer24news.com\/wp-content\/uploads\/2022\/05\/Hamburg-Hafen-\u00a9-Stefan-Becker.jpg 800w, https:\/\/speyer24news.com\/wp-content\/uploads\/2022\/05\/Hamburg-Hafen-\u00a9-Stefan-Becker-300x139.jpg 300w, https:\/\/speyer24news.com\/wp-content\/uploads\/2022\/05\/Hamburg-Hafen-\u00a9-Stefan-Becker-768x355.jpg 768w\" sizes=\"(max-width: 800px) 100vw, 800px\" \/><\/figure><\/div>\n\n\n\n<p>Die Ausstellung des 1957 in Herxheim geborenen, in Speyer lebenden K\u00fcnstlers umfasst ca. 80 Zeichnungen, Aquarelle, Mischtechniken und Radierungen des K\u00fcnstlers aus den Jahren 1994 bis 2022. Diese sind dem Thema \u201eStadt\u201c gewidmet und umfassen neben ca. 25 Editionsbl\u00e4ttern zu \u201eNew York\u201c auch Ansichten von Berlin, Hamburg, Paris, Rom, M\u00fcnchen, Venedig, Barcelona und Speyer.<\/p>\n\n\n\n<div class=\"wp-block-image\"><figure class=\"aligncenter size-full\"><img decoding=\"async\" loading=\"lazy\" width=\"800\" height=\"292\" src=\"https:\/\/speyer24news.com\/wp-content\/uploads\/2022\/05\/Hamburg-Hafenpanorama-2019-\u00a9-Stefan-Becker.jpg\" alt=\"\" class=\"wp-image-45941\" srcset=\"https:\/\/speyer24news.com\/wp-content\/uploads\/2022\/05\/Hamburg-Hafenpanorama-2019-\u00a9-Stefan-Becker.jpg 800w, https:\/\/speyer24news.com\/wp-content\/uploads\/2022\/05\/Hamburg-Hafenpanorama-2019-\u00a9-Stefan-Becker-300x110.jpg 300w, https:\/\/speyer24news.com\/wp-content\/uploads\/2022\/05\/Hamburg-Hafenpanorama-2019-\u00a9-Stefan-Becker-768x280.jpg 768w\" sizes=\"(max-width: 800px) 100vw, 800px\" \/><\/figure><\/div>\n\n\n\n<p>Daneben pr\u00e4sentiert die Ausstellung auch einige Landschaftsbilder aus der Serie \u201eResidence des Palmiers\u201c und \u201ePhotonoia\u201c (seit 2018), deren Urspr\u00fcnge ebenfalls auf Reiseskizzen beruhen und die in ihrer Thematik eher ironisch und doppeldeutig unser Reiseverhalten beleuchten. Durchaus vergleichbar mit den St\u00e4dtebildern ist Stefan Beckers Kompositionsprinzip, gegenst\u00e4ndlichen Bildzonen freie, abstrakte Elemente gegen\u00fcberzustellen und in besonderer Weise F\u00fclle und Leere im Bild zu kontrastieren. Kennzeichnen feine, grafische Texturen die zeichnerischen Arbeiten und Radierungen, so bestimmt ein fast tachistisch anmutender Pinselduktus mit intensiver Farbigkeit und pastoser Pinselspur die Mehrzahl der \u00d6lbilder.<\/p>\n\n\n\n<div class=\"wp-block-image\"><figure class=\"aligncenter size-full\"><img decoding=\"async\" loading=\"lazy\" width=\"600\" height=\"632\" src=\"https:\/\/speyer24news.com\/wp-content\/uploads\/2022\/05\/Stefan-Becker-94-22.png\" alt=\"\" class=\"wp-image-45942\" srcset=\"https:\/\/speyer24news.com\/wp-content\/uploads\/2022\/05\/Stefan-Becker-94-22.png 600w, https:\/\/speyer24news.com\/wp-content\/uploads\/2022\/05\/Stefan-Becker-94-22-285x300.png 285w\" sizes=\"(max-width: 600px) 100vw, 600px\" \/><\/figure><\/div>\n\n\n\n<p>Zudem sind in der Werkschau auch drei Stillleben artige Acryl Graphit Arbeiten zu sehen, die im weitesten Sinne als \u201eK\u00fcchenst\u00fccke\u201c gattungsm\u00e4\u00dfig bestimmt werden k\u00f6nnen, die allerdings in ihren kritzelartigen Texturen auch als spontan assoziativ situative Notate im Zeichnen gesehen werden k\u00f6nnen.<\/p>\n\n\n\n<p><em>Stadtverwaltung Speyer, Kulturb\u00fcro und St\u00e4dtepartnerschaften<br>11.05.2022<\/em><\/p>\n","protected":false},"excerpt":{"rendered":"<div class=\"mh-excerpt\"><p>Ausstellung &#8222;Stefan Becker: 94 &#8211; 22 unterwegs \u2013 Radierung_Zeichnung_Malerei&#8220; von 20.5. bis 3.7.2022 in der St\u00e4dtischen Galerie im Kulturhof Flachsgasse. Speyer \/ St\u00e4dtische Galerie &#8211; \u201eSt\u00e4dte pr\u00e4gen uns; durch pers\u00f6nliche Eindr\u00fccke, Erfahrungen und Erinnerungen, oft <a class=\"mh-excerpt-more\" href=\"https:\/\/speyer24news.com\/?p=45937\" title=\"Kultur\">[&#8230;]<\/a><\/p>\n<\/div>","protected":false},"author":3,"featured_media":0,"comment_status":"open","ping_status":"open","sticky":false,"template":"","format":"standard","meta":{"_monsterinsights_skip_tracking":false,"_monsterinsights_sitenote_active":false,"_monsterinsights_sitenote_note":"","_monsterinsights_sitenote_category":0,"footnotes":""},"categories":[14],"tags":[14351,14352,936,10530,3631,14349,14350],"aioseo_notices":[],"amp_enabled":true,"_links":{"self":[{"href":"https:\/\/speyer24news.com\/index.php?rest_route=\/wp\/v2\/posts\/45937"}],"collection":[{"href":"https:\/\/speyer24news.com\/index.php?rest_route=\/wp\/v2\/posts"}],"about":[{"href":"https:\/\/speyer24news.com\/index.php?rest_route=\/wp\/v2\/types\/post"}],"author":[{"embeddable":true,"href":"https:\/\/speyer24news.com\/index.php?rest_route=\/wp\/v2\/users\/3"}],"replies":[{"embeddable":true,"href":"https:\/\/speyer24news.com\/index.php?rest_route=%2Fwp%2Fv2%2Fcomments&post=45937"}],"version-history":[{"count":1,"href":"https:\/\/speyer24news.com\/index.php?rest_route=\/wp\/v2\/posts\/45937\/revisions"}],"predecessor-version":[{"id":45943,"href":"https:\/\/speyer24news.com\/index.php?rest_route=\/wp\/v2\/posts\/45937\/revisions\/45943"}],"wp:attachment":[{"href":"https:\/\/speyer24news.com\/index.php?rest_route=%2Fwp%2Fv2%2Fmedia&parent=45937"}],"wp:term":[{"taxonomy":"category","embeddable":true,"href":"https:\/\/speyer24news.com\/index.php?rest_route=%2Fwp%2Fv2%2Fcategories&post=45937"},{"taxonomy":"post_tag","embeddable":true,"href":"https:\/\/speyer24news.com\/index.php?rest_route=%2Fwp%2Fv2%2Ftags&post=45937"}],"curies":[{"name":"wp","href":"https:\/\/api.w.org\/{rel}","templated":true}]}}