{"id":45960,"date":"2022-05-12T10:29:48","date_gmt":"2022-05-12T09:29:48","guid":{"rendered":"https:\/\/speyer24news.com\/?p=45960"},"modified":"2022-05-12T10:29:51","modified_gmt":"2022-05-12T09:29:51","slug":"suedliche-weinstrasse-suew-9","status":"publish","type":"post","link":"https:\/\/speyer24news.com\/?p=45960","title":{"rendered":"S\u00fcdliche Weinstra\u00dfe (S\u00dcW)"},"content":{"rendered":"<style type=\"text\/css\">\r\n\t.ads_top_disp{}\r\n\t.ads_top_corner_disp{ float:left; margin:0px 10px 10px 0px; }\r\n\t.ads_first_p_disp{}\r\n\t.ads_bottom_disp{}\r\n\t<\/style>\n<h2 class=\"wp-block-heading\">Weinprinzessinnen S\u00fcdliche Weinstra\u00dfe 2022\/23 gesucht!<\/h2>\n\n\n\n<div class=\"wp-block-image\"><figure class=\"aligncenter size-full\"><img decoding=\"async\" loading=\"lazy\" width=\"800\" height=\"533\" src=\"https:\/\/speyer24news.com\/wp-content\/uploads\/2022\/04\/Suedliche_Weinstrasse_RS10895_Weinprinzessinnen-2021-22_Volle_Aufloesung-lpr.jpg\" alt=\"\" class=\"wp-image-44145\" srcset=\"https:\/\/speyer24news.com\/wp-content\/uploads\/2022\/04\/Suedliche_Weinstrasse_RS10895_Weinprinzessinnen-2021-22_Volle_Aufloesung-lpr.jpg 800w, https:\/\/speyer24news.com\/wp-content\/uploads\/2022\/04\/Suedliche_Weinstrasse_RS10895_Weinprinzessinnen-2021-22_Volle_Aufloesung-lpr-300x200.jpg 300w, https:\/\/speyer24news.com\/wp-content\/uploads\/2022\/04\/Suedliche_Weinstrasse_RS10895_Weinprinzessinnen-2021-22_Volle_Aufloesung-lpr-768x512.jpg 768w\" sizes=\"(max-width: 800px) 100vw, 800px\" \/><figcaption>Die aktuellen Weinprinzessinnen der S\u00dcW: Maya Bader und Sophie Gr\u00fcnagel<\/figcaption><\/figure><\/div>\n\n\n\n<p><strong>Der Verein S\u00fcdliche Weinstrasse e.V. sucht zwei neue Weinprinzessinnen, die ab September f\u00fcr ein Jahr die Nachfolge von Sophie Gr\u00fcnagel und Maya Bader antreten. \u201eIch freue mich auf Bewerberinnen, die Ausstrahlung haben, etwas von Wein verstehen und sich als Botschafterin der S\u00fcdlichen Weinstra\u00dfe verstehen,\u201c erkl\u00e4rt Landrat Dietmar Seefeldt als Vorsitzender des S\u00fcdliche Weinstrasse e.V.<\/strong><\/p>\n\n\n\n<p>Gesch\u00e4ftsf\u00fchrerin Uta Holz erg\u00e4nzt: \u201eDas Amt einer S\u00dcW-Weinprinzessin ist sehr vielseitig: Auf dem Programm stehen repr\u00e4sentative Veranstaltungen des Landkreises wie der Neujahrs- oder Kreisempfang, sowie Weinfester\u00f6ffnungen an der ganzen S\u00dcW und weintouristische Aktionen in ganz Deutschland.\u201c<\/p>\n\n\n\n<p>Da die Weinprinzessinnen auch Beitr\u00e4ge und kurze Videos f\u00fcr die Social-Media-Kan\u00e4le der S\u00fcdlichen Weinstra\u00dfe erstellen, sollten sie affin f\u00fcr digitale Medien sein. Bewerberinnen m\u00fcssen Begeisterung f\u00fcr das Thema Wein und die Region S\u00fcdliche Weinstra\u00dfe mitbringen, mindestens 18 Jahre alt sein und einen F\u00fchrerschein haben. W\u00fcnschenswert sind Erfahrungen in einem Winzerbetrieb oder eine Ausbildung im Weinbau oder der Gastronomie. Entscheidend ist ein authentisches und kommunikationsfreudiges Auftreten.<\/p>\n\n\n\n<p>Wer Lust auf ein spannendes Jahr mit der S\u00fcdlichen Weinstra\u00dfe hat, schickt seine Bewerbung per E-Mail <strong>bis 15.06.2022<\/strong> an Cristina Witte-Parra, <a href=\"mailto:c.witte-parra@suedlicheweinstrasse.de\">c.witte-parra@suedlicheweinstrasse.de<\/a>.<\/p>\n\n\n\n<p><em>S\u00fcdliche Weinstrasse e.V.<br>05.05.2022<\/em><\/p>\n\n\n\n<h2 class=\"wp-block-heading\">Genussradtour zu Tabak, St\u00f6rchen und Erdbeeren &#8211; Gef\u00fchrte Radtour am Jubil\u00e4umswochenende \u201e50 Jahre S\u00fcdliche Weinstrasse e.V.\u201c<\/h2>\n\n\n\n<p><strong>Quicklebendig, pfiffig, ewig jung und voller Vitalit\u00e4t, dazu verw\u00f6hnt von der Sonne und gepr\u00e4gt vom Wein, das ist die S\u00fcdliche Weinstra\u00dfe. Geliebt wird sie f\u00fcr ihre idyllische Landschaft zwischen Pf\u00e4lzerwald, Weinbergen und Rheinebene, die zum Radfahren und Wandern einl\u00e4dt und f\u00fcr die hervorragende K\u00fcche, in der Produkte aus dem reichen Obst- und Gem\u00fcse-Korb der S\u00fcdpfalz die Hauptrolle spielen.<\/strong><\/p>\n\n\n\n<div class=\"wp-block-image\"><figure class=\"aligncenter size-full\"><img decoding=\"async\" loading=\"lazy\" width=\"800\" height=\"533\" src=\"https:\/\/speyer24news.com\/wp-content\/uploads\/2022\/05\/Erdbeeren.jpg\" alt=\"\" class=\"wp-image-45961\" srcset=\"https:\/\/speyer24news.com\/wp-content\/uploads\/2022\/05\/Erdbeeren.jpg 800w, https:\/\/speyer24news.com\/wp-content\/uploads\/2022\/05\/Erdbeeren-300x200.jpg 300w, https:\/\/speyer24news.com\/wp-content\/uploads\/2022\/05\/Erdbeeren-768x512.jpg 768w\" sizes=\"(max-width: 800px) 100vw, 800px\" \/><\/figure><\/div>\n\n\n\n<p>Zum 50. Jubil\u00e4um des Vereins S\u00fcdliche Weinstrasse e.V. veranstalten die beiden j\u00fcngsten S\u00dcW-Vereine Herxheim und Offenbach am Samstag, den 21. Mai 2022 gemeinsam eine \u201eGenussradtour zu Tabak, St\u00f6rchen und Erdbeeren\u201c. Unter der kompetenten Leitung von Michael Walter von Walter-Touren geht es von Herxheim aus quer durch Gem\u00fcsefelder \u00fcber die Tabaktour und die neue Storchentour nach Bornheim. Gest\u00e4rkt von Kaffee und Kuchen im Caf\u00e9 Inge geht es auf den R\u00fcckweg durch Wiesen und Wald zur\u00fcck nach Herxheim. Dort wartet Frau Zirker vom Herxheimer Obsthof Zirker mit einer Erdbeerverkostung auf die Radler. Die aromatischen und gesunden Pf\u00e4lzer Fr\u00fcchtchen schmecken besonders k\u00f6stlich, weil sie frisch vor Ort geerntet werden.<\/p>\n\n\n\n<div class=\"wp-block-image\"><figure class=\"aligncenter size-full\"><img decoding=\"async\" loading=\"lazy\" width=\"800\" height=\"569\" src=\"https:\/\/speyer24news.com\/wp-content\/uploads\/2022\/05\/Suedliche_Weinstrasse_RS3966_Storch-im-Nest.jpg\" alt=\"\" class=\"wp-image-45549\" srcset=\"https:\/\/speyer24news.com\/wp-content\/uploads\/2022\/05\/Suedliche_Weinstrasse_RS3966_Storch-im-Nest.jpg 800w, https:\/\/speyer24news.com\/wp-content\/uploads\/2022\/05\/Suedliche_Weinstrasse_RS3966_Storch-im-Nest-300x213.jpg 300w, https:\/\/speyer24news.com\/wp-content\/uploads\/2022\/05\/Suedliche_Weinstrasse_RS3966_Storch-im-Nest-768x546.jpg 768w\" sizes=\"(max-width: 800px) 100vw, 800px\" \/><\/figure><\/div>\n\n\n\n<p>Die Radtour beginnt um 14 Uhr an der Ranch Herxe. und dauert etwa 4 Stunden. Im Preis von 20 Euro sind Kaffee und Kuchen sowie die Erdbeerverkostung enthalten. Im Anschluss an die Tour gibt es die M\u00f6glichkeit auf der Ranch zu Abend zu essen. Bei vorhersehbarem Dauerregen wird die Veranstaltung abgesagt.<\/p>\n\n\n\n<p>Tickets gibt es f\u00fcr 20 Euro im S\u00dcW-Shop:&nbsp;<a href=\"https:\/\/suew-shop.de\/p\/genussradtour-zu-tabak-stoerchen-und-erdbeeren\">https:\/\/suew-shop.de\/p\/genussradtour-zu-tabak-stoerchen-und-erdbeeren<\/a><\/p>\n\n\n\n<h4 class=\"wp-block-heading\">Weitere Informationen:\u00a0<\/h4>\n\n\n\n<p>S\u00fcdliche Weinstrasse e.V., An der Kreuzm\u00fchle 2, 76829 Landau, Tel. 06341\/940400<br><a href=\"https:\/\/www.suedlicheweinstrasse.de\/jubilaeum\">www.suedlicheweinstrasse.de\/jubilaeum<\/a><\/p>\n\n\n\n<p><em>S\u00fcdliche Weinstrasse e.V.<br>02.05.2022<\/em><\/p>\n","protected":false},"excerpt":{"rendered":"<div class=\"mh-excerpt\"><p>Weinprinzessinnen S\u00fcdliche Weinstra\u00dfe 2022\/23 gesucht! Der Verein S\u00fcdliche Weinstrasse e.V. sucht zwei neue Weinprinzessinnen, die ab September f\u00fcr ein Jahr die Nachfolge von Sophie Gr\u00fcnagel und Maya Bader antreten. \u201eIch freue mich auf Bewerberinnen, die <a class=\"mh-excerpt-more\" href=\"https:\/\/speyer24news.com\/?p=45960\" title=\"S\u00fcdliche Weinstra\u00dfe (S\u00dcW)\">[&#8230;]<\/a><\/p>\n<\/div>","protected":false},"author":3,"featured_media":33978,"comment_status":"open","ping_status":"open","sticky":false,"template":"","format":"standard","meta":{"_monsterinsights_skip_tracking":false,"_monsterinsights_sitenote_active":false,"_monsterinsights_sitenote_note":"","_monsterinsights_sitenote_category":0,"footnotes":""},"categories":[1622],"tags":[14365,8122,14362,14363,470,14364,14366,2865,11841,359,360,3231,12420,14361],"aioseo_notices":[],"amp_enabled":true,"_links":{"self":[{"href":"https:\/\/speyer24news.com\/index.php?rest_route=\/wp\/v2\/posts\/45960"}],"collection":[{"href":"https:\/\/speyer24news.com\/index.php?rest_route=\/wp\/v2\/posts"}],"about":[{"href":"https:\/\/speyer24news.com\/index.php?rest_route=\/wp\/v2\/types\/post"}],"author":[{"embeddable":true,"href":"https:\/\/speyer24news.com\/index.php?rest_route=\/wp\/v2\/users\/3"}],"replies":[{"embeddable":true,"href":"https:\/\/speyer24news.com\/index.php?rest_route=%2Fwp%2Fv2%2Fcomments&post=45960"}],"version-history":[{"count":1,"href":"https:\/\/speyer24news.com\/index.php?rest_route=\/wp\/v2\/posts\/45960\/revisions"}],"predecessor-version":[{"id":45962,"href":"https:\/\/speyer24news.com\/index.php?rest_route=\/wp\/v2\/posts\/45960\/revisions\/45962"}],"wp:featuredmedia":[{"embeddable":true,"href":"https:\/\/speyer24news.com\/index.php?rest_route=\/wp\/v2\/media\/33978"}],"wp:attachment":[{"href":"https:\/\/speyer24news.com\/index.php?rest_route=%2Fwp%2Fv2%2Fmedia&parent=45960"}],"wp:term":[{"taxonomy":"category","embeddable":true,"href":"https:\/\/speyer24news.com\/index.php?rest_route=%2Fwp%2Fv2%2Fcategories&post=45960"},{"taxonomy":"post_tag","embeddable":true,"href":"https:\/\/speyer24news.com\/index.php?rest_route=%2Fwp%2Fv2%2Ftags&post=45960"}],"curies":[{"name":"wp","href":"https:\/\/api.w.org\/{rel}","templated":true}]}}