{"id":45994,"date":"2022-05-14T09:39:34","date_gmt":"2022-05-14T08:39:34","guid":{"rendered":"https:\/\/speyer24news.com\/?p=45994"},"modified":"2022-05-14T11:37:24","modified_gmt":"2022-05-14T10:37:24","slug":"polizei-807","status":"publish","type":"post","link":"https:\/\/speyer24news.com\/?p=45994","title":{"rendered":"Polizei"},"content":{"rendered":"<style type=\"text\/css\">\r\n\t.ads_top_disp{}\r\n\t.ads_top_corner_disp{ float:left; margin:0px 10px 10px 0px; }\r\n\t.ads_first_p_disp{}\r\n\t.ads_bottom_disp{}\r\n\t<\/style>\n<h2 class=\"wp-block-heading\">Polizeimeldungen vom Freitag (13.05.2022)<\/h2>\n\n\n\n<div class=\"wp-block-image\"><figure class=\"aligncenter size-full\"><img decoding=\"async\" loading=\"lazy\" width=\"375\" height=\"500\" src=\"https:\/\/speyer24news.com\/wp-content\/uploads\/2022\/03\/Aktuelles-Polizeilogo.jpg\" alt=\"\" class=\"wp-image-43591\" srcset=\"https:\/\/speyer24news.com\/wp-content\/uploads\/2022\/03\/Aktuelles-Polizeilogo.jpg 375w, https:\/\/speyer24news.com\/wp-content\/uploads\/2022\/03\/Aktuelles-Polizeilogo-225x300.jpg 225w\" sizes=\"(max-width: 375px) 100vw, 375px\" \/><\/figure><\/div>\n\n\n\n<h2 class=\"wp-block-heading\">(Speyer) &#8211; Not-\u00d6ffnung eines PKW durch die Polizei<\/h2>\n\n\n\n<p>Am 13.05.2022 um 11:59 Uhr rief eine 34-J\u00e4hrige auf dem Parkplatz eines Supermarktes in der Else-Krieg-Stra\u00dfe in Speyer die Polizei zu Hilfe, da sie ihren geparkten PKW versehentlich verriegelt habe. Feuerwehr und Rettungsdienst wurden verst\u00e4ndigt. Die Polizeistreife traf als Erstes am Ereignisort ein und fand einen sechs Wochen alten S\u00e4ugling im PKW vor. Der S\u00e4ugling war der Mittagssonne ausgesetzt, schrie bereits und lief rot an. Aus diesem Grund schlug ein Polizeibeamter die Seitenscheibe des PKW ein und entglaste diese vollst\u00e4ndig. Hierdurch konnte der im Innenraum befindliche Fahrzeugschl\u00fcssel bet\u00e4tigt und der PKW entriegelt werden. Der Polizeibeamte verletzte sich bei der \u00d6ffnung leicht an der Hand, war jedoch weiterhin dienstf\u00e4hig. Das Kleinkind erholte sich augenscheinlich nach wenigen Minuten im Schatten und wurde in das benachbarte Krankenhaus verbracht.<\/p>\n\n\n\n<h2 class=\"wp-block-heading\">(B 9 \/ Speyer) &#8211; Unfall infolge verlorener Ladung auf B9, LKW entfernt sich unerlaubt<\/h2>\n\n\n\n<p>Am 13.05.2022 um 11:45 Uhr fuhr ein Baustellenfahrzeug von der L454 aus Schifferstadt kommend die Anschlussstelle Speyer-Nord auf die B9 in Fahrtrichtung Germersheim auf. Beim Auffahren verlor das Fahrzeug aufgrund unzureichend gesicherter Ladung sechs bis sieben Fu\u00dfplatten auf der B9, die zum Aufstellen von Bauz\u00e4unen oder Verkehrszeichen dienen. Eine 50-j\u00e4hrige PKW-Fahrerin fuhr direkt hinter dem Baustellenfahrzeug, konnte nicht mehr ausweichen und \u00fcberfuhr eine Fu\u00dfplatte. Infolgedessen wurde ein Reifen stark besch\u00e4digt und verlor Luft. Die Schadensh\u00f6he betr\u00e4gt ca. 100 Euro. Zuf\u00e4llig befuhr hinter der 50-J\u00e4hrigen eine Polizeistreife die B9 und reagierte unmittelbar durch Abbremsen des nachfolgenden Verkehrs sowie Warnung mittels Blaulicht und dem Lichtsignal &#8222;Gefahr&#8220;. Es ist jedoch nicht auszuschlie\u00dfen, dass noch ein weiterer PKW Sch\u00e4den durch das \u00dcberfahren der Fu\u00dfplatten davontrug. Da die Polizeistreife das Baustellenfahrzeug bereits passiert hatte und sich um die Absicherung des Fahrzeugs der 50-J\u00e4hrigen k\u00fcmmerte, wurde eine weitere Polizeistreife angefordert, um die Unfalldaten des Baustellenfahrzeugs zu erfassen. Dieses hatte sich jedoch zwischenzeitlich unerlaubt von der Unfallstelle entfernt. Es handelt sich bei diesem um einen LKW mit mehreren Insassen.<\/p>\n\n\n\n<p>M\u00f6glicherweise weitere Gesch\u00e4digte sowie der Fahrer des Baustellenfahrzeugs werden aufgerufen, sich bei der Polizei Speyer telefonisch oder per E-Mail (Tel. 06232 \/ 137-0, E-Mail an&nbsp;<a href=\"mailto:pispeyer@polizei.rlp.de\">pispeyer@polizei.rlp.de<\/a>) zu melden. Zeugen werden gebeten, sachdienliche Hinweise zum Baustellenfahrzeug oder zur Person des Fahrers auf dem gleichen Wege mitzuteilen.<\/p>\n\n\n\n<h2 class=\"wp-block-heading\">(Speyer) &#8211; Schwerverletzter Motorradfahrer nach Verkehrsunfall beim \u00dcberholen<\/h2>\n\n\n\n<p>Am 12.05.2022 um 17 Uhr befuhr ein 55-j\u00e4hriger Motorradfahrer die Industriestra\u00dfe in Richtung Innenstadt und \u00fcberholte hierbei mehrere Verkehrsteilnehmer. Auf H\u00f6he der Tankstelle \u00fcberholte der Motorradfahrer den PKW eines 60-J\u00e4hrigen, der in diesem Moment nach links auf ein Firmengel\u00e4nde abbog. Die Fahrstreifenbegrenzung (Zeichen 295 StVO) \u00fcberfuhr sowohl der Motorradfahrer beim \u00dcberholen, als auch der PKW-Fahrer beim Abbiegen, in beiden F\u00e4llen verbotswidrig. Der Motorradfahrer versuchte nach links auszuweichen, konnte den Zusammensto\u00df mit dem PKW des 60-J\u00e4hrigen aber nicht mehr verhindern. Infolge der Kollision st\u00fcrzte der 55-J\u00e4hrige und kugelte sich eine Schulter aus. Er wurde durch den Notarzt und den Rettungsdienst in ein Krankenhaus verbracht. An beiden Fahrzeugen entstand erheblicher Sachschaden von insgesamt ca. 11.000 Euro. Beide Fahrzeuge waren nicht mehr fahrbereit, das Motorrad wurde abgeschleppt. Die polizeilichen Ma\u00dfnahmen sorgten f\u00fcr tempor\u00e4re Beeintr\u00e4chtigungen des Durchgangsverkehrs.<\/p>\n\n\n\n<h2 class=\"wp-block-heading\">(Speyer) &#8211; Diebstahl von 16 Meerschweinchenbabies<\/h2>\n\n\n\n<p>Im Zeitraum vom 11.05.2022, 23 Uhr, bis zum 12.05.2022, 9 Uhr, betraten unbekannte T\u00e4ter das Hofgel\u00e4nde eines Pferdehofes im Anton-Nickel-Weg und \u00f6ffneten mittels Werkzeugeinsatz das B\u00fcgelschloss eines Meerschweinchengeheges. Hieraus entwendete die unbekannte T\u00e4terschaft sechzehn Meerschweinchen im Alter von zwei bis drei Wochen. Es entstand ein Diebstahlsschaden in H\u00f6he von ca. 300 Euro, aber kein Sachschaden.<\/p>\n\n\n\n<p>Wer hat etwas beobachtet oder kann sachdienliche Hinweise geben? Zeugen werden gebeten, ihre Wahrnehmungen der Polizei Speyer telefonisch oder per E-Mail mitzuteilen (Tel. 06232 \/ 137-0, E-Mail an&nbsp;<a href=\"mailto:pispeyer@polizei.rlp.de\">pispeyer@polizei.rlp.de<\/a>.<\/p>\n\n\n\n<h2 class=\"wp-block-heading\">(Speyer) &#8211; Reifen plattgestochen<\/h2>\n\n\n\n<div class=\"wp-block-image\"><figure class=\"aligncenter size-full\"><img decoding=\"async\" loading=\"lazy\" width=\"800\" height=\"586\" src=\"https:\/\/speyer24news.com\/wp-content\/uploads\/2022\/04\/Autoreifen-platt-zerstochen.jpg\" alt=\"\" class=\"wp-image-45239\" srcset=\"https:\/\/speyer24news.com\/wp-content\/uploads\/2022\/04\/Autoreifen-platt-zerstochen.jpg 800w, https:\/\/speyer24news.com\/wp-content\/uploads\/2022\/04\/Autoreifen-platt-zerstochen-300x220.jpg 300w, https:\/\/speyer24news.com\/wp-content\/uploads\/2022\/04\/Autoreifen-platt-zerstochen-768x563.jpg 768w, https:\/\/speyer24news.com\/wp-content\/uploads\/2022\/04\/Autoreifen-platt-zerstochen-80x60.jpg 80w\" sizes=\"(max-width: 800px) 100vw, 800px\" \/><\/figure><\/div>\n\n\n\n<p>Im Zeitraum vom 11.05.2022, 14 Uhr, bis zum 12.05.2022, 07:20 Uhr, stachen unbekannte T\u00e4ter alle vier Reifen eines PKW Renault Clio in der Kardinal-Wendel-Stra\u00dfe platt. Weitere PKW wurden nicht besch\u00e4digt. Es entstand Sachschaden in H\u00f6he von ca. 400 Euro. Wer hat etwas beobachtet oder kann sachdienliche Hinweise geben? Zeugen werden gebeten, ihre Wahrnehmungen der Polizei Speyer telefonisch oder per E-Mail mitzuteilen (Tel. 06232 \/ 137-0, E-Mail an&nbsp;<a href=\"mailto:pispeyer@polizei.rlp.de\">pispeyer@polizei.rlp.de<\/a>. )<\/p>\n\n\n\n<h2 class=\"wp-block-heading\">(Schifferstadt) &#8211; Verkehrs\u00fcberwachung der Polizei<\/h2>\n\n\n\n<p>Am 12.05.2022, um 09:00 Uhr, wurde auf der Kreisstra\u00dfe 30 eine Geschwindigkeitskontrolle durchgef\u00fchrt. Dabei kam es zu f\u00fcnf Verst\u00f6\u00dfen. Die Spitzengeschwindigkeit betrug 87 km\/h bei erlaubten 70 km\/h.<\/p>\n\n\n\n<h2 class=\"wp-block-heading\">(Limburgerhof) &#8211; Verkehrsunfall zwischen Radfahrenden<\/h2>\n\n\n\n<p>Auf dem Fahrradweg parallel zur Landstra\u00dfe 533 begegneten sich am 12.05.2022, gegen 13:30 Uhr, ein 14-j\u00e4hriger und ein 24-j\u00e4hriger Radfahrer. Der 14-j\u00e4hrige, welcher w\u00e4hrend der Fahrt sein Smartphone nutzte, geriet auf die Gegenspur. Der 24-j\u00e4hrige stie\u00df trotz Bremsen mit diesem zusammen. Beide st\u00fcrzten auf den Gr\u00fcnstreifen. Der 14-j\u00e4hrige zog sich leichte Verletzungen an der Hand zu. Zeugen, die Angaben zu dem Unfallhergang machen k\u00f6nnen, werden gebeten, sich mit der Polizeiinspektion Schifferstadt unter 06235 495-0 oder&nbsp;<a href=\"mailto:pischifferstadt@polizei.rlp.de\">pischifferstadt@polizei.rlp.de<\/a>&nbsp;in Verbindung zu setzen.<\/p>\n\n\n\n<h2 class=\"wp-block-heading\">(Neuhofen) &#8211; Zeugen gesucht nach versuchtem Einbruchsdiebstahl<\/h2>\n\n\n\n<p>Am 12.05.2022, zwischen 19:40 Uhr und 23:00 Uhr, wurde in ein Einfamilienhaus in der Jahnstra\u00dfe, durch Aufhebeln der Terrassent\u00fcr, eingebrochen. Alle Zimmer wurden durchsucht. Es wurde Bargeld und Schmuck im Wert von mehreren hundert Euro entwendet. Zeugen, die Angaben zu dem Tatgeschehen oder verd\u00e4chtigen Wahrnehmungen diesbez\u00fcglich machen k\u00f6nnen, werden gebeten, sich mit der Polizeiinspektion Schifferstadt unter 06235 495-0 oder&nbsp;<a href=\"mailto:pischifferstadt@polizei.rlp.de\">pischifferstadt@polizei.rlp.de<\/a>&nbsp;in Verbindung zu setzen.<\/p>\n\n\n\n<h2 class=\"wp-block-heading\">(Harthausen) &#8211; Ohne F\u00fchrerschein und unter Drogeneinfluss in Polizeikontrolle geraten<\/h2>\n\n\n\n<p>Am 13.05.2022 um 4 Uhr kontrollierte eine Polizeistreife den 19-j\u00e4hrigen Fahrer eines PKW in der Speyerer Stra\u00dfe in Harthausen. Dieser gab an, nicht im Besitz einer g\u00fcltigen Fahrerlaubnis zu sein und zeigte dar\u00fcber hinaus Anzeichen f\u00fcr einen k\u00fcrzlich zur\u00fcckliegenden Bet\u00e4ubungsmittelkonsum. Ein freiwillig durchgef\u00fchrter Urintest reagierte positiv auf den Cannabis-Wirkstoff THC. Dem Fahrer wurde eine Blutprobe entnommen. Gegen ihn wurde ein Strafverfahren wegen Fahrens ohne Fahrerlaubnis sowie ein Ordnungswidrigkeitsverfahren wegen der Fahrt unter dem Einfluss berauschender Mittel eingeleitet.<\/p>\n\n\n\n<h2 class=\"wp-block-heading\">(Germersheim) &#8211; Schulwegkontrolle mit perfektem Ergebnis<\/h2>\n\n\n\n<p>Am 12.05.2022 f\u00fchrte der Bezirksbeamte der Stadt Germersheim an der Eduard-Orth-Schule in Germersheim eine Schulwegkontrolle durch. Dabei kam es erfreulicherweise zu keinerlei Verst\u00f6\u00dfen oder Beanstandungen.<\/p>\n\n\n\n<h2 class=\"wp-block-heading\">(Germersheim) &#8211; Betrug \u00fcber WhatsApp<\/h2>\n\n\n\n<div class=\"wp-block-image\"><figure class=\"aligncenter size-full\"><img decoding=\"async\" loading=\"lazy\" width=\"800\" height=\"588\" src=\"https:\/\/speyer24news.com\/wp-content\/uploads\/2021\/01\/Telefonbetrug.jpg\" alt=\"\" class=\"wp-image-32080\" srcset=\"https:\/\/speyer24news.com\/wp-content\/uploads\/2021\/01\/Telefonbetrug.jpg 800w, https:\/\/speyer24news.com\/wp-content\/uploads\/2021\/01\/Telefonbetrug-300x221.jpg 300w, https:\/\/speyer24news.com\/wp-content\/uploads\/2021\/01\/Telefonbetrug-768x564.jpg 768w, https:\/\/speyer24news.com\/wp-content\/uploads\/2021\/01\/Telefonbetrug-80x60.jpg 80w\" sizes=\"(max-width: 800px) 100vw, 800px\" \/><figcaption>Symbolbild Telefonbetrug<\/figcaption><\/figure><\/div>\n\n\n\n<p>Erst am Mittwoch haben wir eine Warnung bez\u00fcglich aktueller Betrugsversuche unter Nutzung von Messenger Diensten ver\u00f6ffentlicht. Die vermeintlichen Opfer erhalten per WhatsApp eine Nachricht von einer unbekannten Nummer, in der sich Betr\u00fcger als Sohn\/Tochter oder Enkel ausgeben und aufgrund einer vorget\u00e4uschten finanziellen Notlage um Geld bitten. Gestern waren die Betr\u00fcger in Germersheim erneut erfolgreich. Ein 59-j\u00e4hriges Opfer fiel auf die Masche rein und \u00fcberwies einen vierstelligen Geldbetrag an die Betr\u00fcger. Die Polizei hat die entsprechenden Ermittlungen aufgenommen. Werden Sie immer misstrauisch, wenn jemand von einer unbekannten Nummer schreibt, sich als Verwandter ausgibt und Geld fordert.<\/p>\n\n\n\n<h2 class=\"wp-block-heading\">(Annweiler) &#8211; Verkehrskontrollen im Wellbachtal<\/h2>\n\n\n\n<p>Aufgrund der anhaltend guten Wetterlage lockt das Wellbachtal weiterhin insbesondere Motorradfahrer an, weshalb die Polizei Annweiler trotz der erst am vorangegangenen Tag durchgef\u00fchrten Verkehrskontrolle auch am gestrigen Tag die Biker ins Visier nahm. Bei einer Kontrolle in H\u00f6he des Parkplatzes &#8222;Langenb\u00e4chel&#8220; wurden 26 Kradfahrer und deren Motorr\u00e4der kontrolliert. Hierbei ergaben sich 5 M\u00e4ngelberichte aufgrund technischer Ursachen oder Fristen\u00fcberschreitungen sowie eine Anzeige nach Ordnungswidrigkeitenrecht, da der T\u00dcV-Termin entsprechend \u00fcberf\u00e4llig war. Die Polizei Annweiler appelliert an alle Motorradfahrer, durch entsprechend verkehrsgerechtes Verhalten die Verkehrssicherheit zu gew\u00e4hrleisten.<\/p>\n\n\n\n<h2 class=\"wp-block-heading\">(B 10 \/ Birkweiler) &#8211; Dreister Autofahrer gesucht<\/h2>\n\n\n\n<p>Die Polizei Edenkoben sucht Zeugen, die Hinweise zu einem Verkehrsunfall geben k\u00f6nnen, der sich gestern Morgen (12.05.2022) gegen 07.30 Uhr auf der B10 bei Birkweiler ereignete. Eine 57 Jahre alte Autofahrerin war einem Rettungswagen ausgewichen, der ihr aus Richtung Landau mit Blaulicht entgegenkam. Ein bislang unbekannter Autofahrer erkannte die Situation zu sp\u00e4t und fuhr auf das Fahrzeug der Frau auf. Vor Ort gab der Unbekannte an, dass er die Polizei verst\u00e4ndigen werde. Stattdessen setzte er sich in sein Fahrzeug und machte sich aus dem Staub. <\/p>\n\n\n\n<h4 class=\"wp-block-heading\">Der Fahrer hatte:<\/h4>\n\n\n\n<ul><li><strong>kurze braune Haare<\/strong><\/li><li><strong>kurzer Bart<\/strong><\/li><li><strong>trug eine Brille <\/strong><\/li><li><strong>hatte ein schlankes Gesicht<\/strong><\/li><li><strong>Mehr ist zu dem Unfallfl\u00fcchtigen nicht bekannt. <\/strong><\/li><\/ul>\n\n\n\n<p>Hinweise zum Fahrzeug oder Unfallfl\u00fcchtigen erbittet die Polizei unter 06323 9550.<\/p>\n\n\n\n<h2 class=\"wp-block-heading\">(Neustadt) &#8211; Betrunken zur Arbeit<a href=\"https:\/\/www.facebook.com\/sharer.php?u=https%3A%2F%2Fwww.presseportal.de%2Fblaulicht%2Fpm%2F117687%2F5221931%2F%3Futm_source%3Dfacebook%26utm_medium%3Dsocial\"><\/a><a href=\"https:\/\/twitter.com\/intent\/tweet?text=POL-PDNW%3A%20Betrunken%20zur%20Arbeit&amp;url=https%3A%2F%2Fwww.presseportal.de%2Fblaulicht%2Fpm%2F117687%2F5221931%2F%3Futm_source%3Dtwitter%26utm_medium%3Dsocial&amp;hashtags=ots&amp;lang=de\"><\/a><a href=\"https:\/\/web.whatsapp.com\/send?text=POL-PDNW%3A%20Betrunken%20zur%20Arbeit%0A%0Ahttps%3A%2F%2Fwww.presseportal.de%2Fblaulicht%2Fpm%2F117687%2F5221931%2F%3Futm_source%3Dwhatsapp%26utm_medium%3Dsocial\"><\/a><a href=\"https:\/\/www.xing.com\/app\/user?op=share;url=https%3A%2F%2Fwww.presseportal.de%2Fblaulicht%2Fpm%2F117687%2F5221931%2F%3Futm_source%3Dxing%26utm_medium%3Dsocial\"><\/a><a href=\"http:\/\/www.linkedin.com\/shareArticle?mini=true&amp;url=https%3A%2F%2Fwww.presseportal.de%2Fblaulicht%2Fpm%2F117687%2F5221931%2F%3Futm_source%3Dlinkedin%26utm_medium%3Dsocial&amp;title=POL-PDNW%3A+Betrunken+zur+Arbeit\"><\/a><a href=\"mailto:?subject=POL-PDNW%3A%20Betrunken%20zur%20Arbeit&amp;body=https:\/\/www.presseportal.de\/blaulicht\/pm\/117687\/5221931\"><\/a><\/h2>\n\n\n\n<p>Am 13.05.2022 um 15:15 Uhr wurde ein 71-j\u00e4hriger Mann aus Neustadt, welcher sich zu diesem Zeitpunkt auf dem Weg zu seiner Arbeitsstelle befand, mit seinem fahrerlaubnisfreien Kleinkraftrad in der Spitalbachstra\u00dfe in 67433 Neustadt\/W. durch Beamte einer anlassunabh\u00e4ngigen Verkehrskontrolle unterzogen. Im Rahmen dieser Kontrolle konnte bei dem Neustadter Atemalkoholgeruch festgestellt werden. Ein vor Ort durchgef\u00fchrter Atemalkoholtest ergab letztlich einen Wert von 1,33 Promille. Der Mann musste sein Fahrzeug vor Ort stehen lassen und in der hiesigen Dienststelle eine Blutprobe abgeben. Dessen Fahrzeugschl\u00fcssel wurde zudem sichergestellt. Nun kommt auf den Fahrzeugf\u00fchrer ein Strafverfahren wegen Trunkenheit im Verkehr zu. Des Weiteren wird die zust\u00e4ndige F\u00fchrerscheinstelle \u00fcber den Sachverhalt in Kenntnis gesetzt.<\/p>\n\n\n\n<h2 class=\"wp-block-heading\">(Ha\u00dfloch) &#8211; Betrugsversuche<\/h2>\n\n\n\n<p>Eine SMS mit einer Zahlungsaufforderung erhalten, hat am Donnerstagnachmittag (12. Mai, 15 Uhr) eine 55-J\u00e4hrige aus Ha\u00dfloch. Sollte sie nicht bezahlen, k\u00e4me es zu einer Pf\u00e4ndung durch den Gerichtsvollzieher, hie\u00df es weiter. Sie erkannte den Betrug und meldete diesen beider Polizei. Einer 80-J\u00e4hrigen Ha\u00dflocherin sollte am gleichen Tag gegen 13 Uhr am weisgemacht werden, dass die Verkehrspolizei Ha\u00dfloch gerade anruft. Als der vermeintliche Polizeibeamte erz\u00e4hlte, dass ihr Sohn einen Unfall hatte, legte die Seniorin auf. Sie hat gar keinen Sohn.<\/p>\n\n\n\n<h2 class=\"wp-block-heading\">(Ha\u00dfloch) &#8211; Kontrolle verloren und zwei Autos gerammt<\/h2>\n\n\n\n<p>\u00dcberh\u00f6hte Geschwindigkeit d\u00fcrfte die Ursache f\u00fcr einen Unfall am Donnerstagmittag (12. Mai, 12:30 Uhr) in der B\u00f6hler Stra\u00dfe gewesen sein, bei dem zwei Personen ins Krankenhaus eingeliefert wurden. Mit einem Smart fuhr en 82-J\u00e4hriger von der B\u00f6hler Stra\u00dfe in den Kreisverkehr und verlor die Kontrolle \u00fcber sein Fahrzeug. Mit zwei Autos, die von der Pfaffengasse in den Kreisel einfahren wollten, stie\u00df er zusammen. Der Unfallverursacher und seine Beifahrerin unterzogen sich vorsorglich einer \u00e4rztlichen Behandlung. Der Smart war nicht mehr fahrbereit und musste abgeschleppte werden.<\/p>\n\n\n\n<h2 class=\"wp-block-heading\">(Bad D\u00fcrkheim) &#8211; Grober Unfug<\/h2>\n\n\n\n<p>Im Zeitraum von 12.05.2022, 01:00 Uhr bis 08:00 Uhr wurde durch bislang unbekannte T\u00e4ter, das Eingangstor zum Gel\u00e4nde eines Tennisclubs in der Kanalstra\u00dfe in Bad D\u00fcrkheim ausgeh\u00e4ngt. Aufgrund des Gewichts des Tores und der Befestigungen ist davon auszugehen, dass sich mindestens zwei Personen an dem Tor zu schaffen machten. Ein Schaden entstand nicht. Die Hintergr\u00fcnde sind ebenfalls nicht bekannt. Die Polizei Bad D\u00fcrkheim bittet um Hinweise unter 06322 963 0 oder per E-Mail an\u00a0<a href=\"mailto:pibadduerkheim@polizei.rlp.de\">pibadduerkheim@polizei.rlp.de<\/a><\/p>\n\n\n\n<h2 class=\"wp-block-heading\">(Gr\u00fcnstadt-Quirnheim) &#8211; Verkehrsunfall mit verletztem Fahrer zwischen PKW und Linienbus<\/h2>\n\n\n\n<p>Am fr\u00fchen Freitag Nachmittag kam es gegen 14 Uhr im Einm\u00fcndungsbereich der K26 und der Einfahrt zum Quirnheimer Flugplatz zu einem Verkehrsunfall zwischen einem 74-j\u00e4hrigen PKW-Fahrer aus der Verbandsgemeinde Leininger Land und einem Linienbus. Der mit wenigen Fahrg\u00e4sten besetzte Linienbus fuhr von Quirnheim in Richtung Kindenheim. Der PKW kam aus Richtung Flugplatzgel\u00e4nde und wollte an der Einm\u00fcndung nach links abbiegen. Hierbei missachtete der Fahrer die Vorfahrt des Busses und stie\u00df beim Abbiegen nahezu frontal gegen den Bus. Am PKW l\u00f6sten die Airbags aus. Der PKW-Fahrer wurde durch den Zusammensto\u00df leicht verletzt und nach Erstversorgung durch den Rettungsdienst ins Krankenhaus verbracht. Da nach ersten Mitteilungen bei der Rettungsleitstelle die aktuelle Schadenslage und die Anzahl der Verletzten vor Ort noch unklar waren, wurde ebenfalls die Feuerwehr alarmiert. Diese k\u00fcmmerte sich vor Ort mit insgesamt 6 Fahrzeugen und 25 Mann um die Absicherung der Unfallstelle und Verkehrsregelung. W\u00e4hrend Unfallaufnahme und Bergung des PKW durch den Abschleppdienst kam es zu leichten Verkehrsbehinderungen.<\/p>\n\n\n\n<p>Im Bus kam nach Zeugenangaben durch den Aufprall eine Frau zu Fall, die bei Unfallaufnahme aber bereits nicht mehr vor Ort war. Ob sie hierbei verletzt wurde ist nicht gekl\u00e4rt. Die Dame wird gebeten, sich mit der Polizeiinspektion Gr\u00fcnstadt in Verbindung zu setzen.<\/p>\n\n\n\n<h2 class=\"wp-block-heading\">(Kirchheim a.d.Weinstra\u00dfe) &#8211; Verkehrskontrollen<a href=\"https:\/\/www.facebook.com\/sharer.php?u=https%3A%2F%2Fwww.presseportal.de%2Fblaulicht%2Fpm%2F117687%2F5221079%2F%3Futm_source%3Dfacebook%26utm_medium%3Dsocial\"><\/a><a href=\"https:\/\/twitter.com\/intent\/tweet?text=POL-PDNW%3A%20Verkehrskontrollen&amp;url=https%3A%2F%2Fwww.presseportal.de%2Fblaulicht%2Fpm%2F117687%2F5221079%2F%3Futm_source%3Dtwitter%26utm_medium%3Dsocial&amp;hashtags=ots&amp;lang=de\"><\/a><a href=\"https:\/\/web.whatsapp.com\/send?text=POL-PDNW%3A%20Verkehrskontrollen%0A%0Ahttps%3A%2F%2Fwww.presseportal.de%2Fblaulicht%2Fpm%2F117687%2F5221079%2F%3Futm_source%3Dwhatsapp%26utm_medium%3Dsocial\"><\/a><a href=\"https:\/\/www.xing.com\/app\/user?op=share;url=https%3A%2F%2Fwww.presseportal.de%2Fblaulicht%2Fpm%2F117687%2F5221079%2F%3Futm_source%3Dxing%26utm_medium%3Dsocial\"><\/a><a href=\"http:\/\/www.linkedin.com\/shareArticle?mini=true&amp;url=https%3A%2F%2Fwww.presseportal.de%2Fblaulicht%2Fpm%2F117687%2F5221079%2F%3Futm_source%3Dlinkedin%26utm_medium%3Dsocial&amp;title=POL-PDNW%3A+Verkehrskontrollen\"><\/a><a href=\"mailto:?subject=POL-PDNW%3A%20Verkehrskontrollen&amp;body=https:\/\/www.presseportal.de\/blaulicht\/pm\/117687\/5221079\"><\/a><\/h2>\n\n\n\n<p>Am 12.05.2022 wurden in Kirchheim a.d.Weinstra\u00dfe von 19:00-20:15 Uhr Verkehrskontrollen durchgef\u00fchrt. Im Ergebnis wurde festgestellt, dass ein Fahrzeugf\u00fchrer nicht angeschnallt war. Es mussten 5 M\u00e4ngelberichte ausgestellt werden weil der Verbandskasten oder der F\u00fchrerschein nicht mitgef\u00fchrt wurde.<\/p>\n\n\n\n<h2 class=\"wp-block-heading\">(L 520 \/ Gro\u00dfkarlbach) &#8211; Verkehrsunfallflucht<\/h2>\n\n\n\n<p>Am 12.05.2022, 22:37 Uhr befuhr der Fahrer eines VW Passat die L 520 aus Gro\u00dfkarlbach in Richtung Gerolsheim. Am dortigen Kreisverkehr fuhr der PKW geradeaus \u00fcber den Mittelpunkt des Kreisel. Das Fahrzeug hob ab und kam auf der gegen\u00fcberliegenden Seite des Kreisverkehr in Richtung Gerolsheim, nach mehreren hundert Metern, am rechten Fahrbahnrand zum stehen. Nach dem Stillstand des Fahrzeugs stiegen vier, bisher unbekannte Personen, aus dem Fahrzeug und rannten weg. Die Suche nach den Personen verlief bisher ohne Erfolg. Das Fahrzeug wurde schwer besch\u00e4digt. Es wurde abgeschleppt. Da das verunfallte Fahrzeug \u00d6l verloren hat wurde die freiwillige Feuerwehr hinzugezogen um das \u00d6l abzubinden. Die Polizeiinspektion Gr\u00fcnstadt hat die Ermittlungen aufgenommen.<\/p>\n\n\n\n<h2 class=\"wp-block-heading\">(A 650 \/ Ludwigshafen) &#8211; Vollsperrung nach Verkehrsunfall<\/h2>\n\n\n\n<p>Aufgrund eines Verkehrsunfalls ist aktuell (13.05.2022 \u2013 15:22) die A650 zwischen Anschlussstelle Ruchheim und Autobahnkreuz Oggersheim in Fahrtrichtung Ludwigshafen voll gesperrt. Um 13.25 Uhr befuhr eine 41-J\u00e4hrige mit ihrem VW Transporter den rechten Fahrstreifen der A650. Wegen eines sich von hinten n\u00e4hernden Rettungswagens, der die A650 mit Blaulicht und Martinshorn befuhr, wollte die Frau vom rechten auf den linken Fahrstreifen wechseln. Hierbei kam es zur Kollision mit einem 24-j\u00e4hrigen Motorradfahrer, der den linken Fahrstreifen befahren hatte. Der Mann wurde vom Motorrad ca. 30m nach rechts in die B\u00f6schung geschleudert. Er wurde hierbei schwer verletzt und vom Rettungsdienst ins Krankenhaus verbracht.<\/p>\n\n\n\n<p>An den Fahrzeugen entstand Sachschaden in H\u00f6he von 15.000 EUR. Auf Anordnung der Staatsanwaltschaft Frankenthal wurde ein Gutachter zur Kl\u00e4rung der Unfallursache an die Unfallstelle hinzugezogen. Beide Fahrzeuge wurden sichergestellt.<\/p>\n\n\n\n<p>Bis zur Bergung der Unfallfahrzeuge bleibt die A650 noch gesperrt.<\/p>\n\n\n\n<h2 class=\"wp-block-heading\">(Ludwigshafen) &#8211; Einbruch in Einfamilienhaus<\/h2>\n\n\n\n<p>Unbekannte haben am Donnerstag, den 12.05.2022, in der Zeit zwischen 19:30 Uhr und 23:00 Uhr zun\u00e4chst versucht, bei einem Einfamilienhaus in der Jahnstra\u00dfe die Terassent\u00fcr aufzuhebeln. Da dies misslang, wurde sie daraufhin kurzerhand eingeschlagen. Im Haus wurden s\u00e4mtliche Wohnr\u00e4ume durchsucht und diverse Schmuckst\u00fccke gestohlen. Der genaue Schaden ist noch nicht bekannt.<\/p>\n\n\n\n<p>Sachdienliche Hinweise nimmt die Kriminalpolizei Ludwigshafen unter der Telefonnummer 0621\/963-2773 oder per E-Mail&nbsp;<a href=\"mailto:kiludwigshafen.k1.kdd@polizei.rlp.de\">kiludwigshafen.k1.kdd@polizei.rlp.de<\/a>&nbsp;entgegen.<\/p>\n\n\n\n<h2 class=\"wp-block-heading\">(Ludwigshafen) &#8211; Taschendiebstahl am Goerdelerplatz<\/h2>\n\n\n\n<div class=\"wp-block-image\"><figure class=\"aligncenter size-full\"><img decoding=\"async\" loading=\"lazy\" width=\"640\" height=\"426\" src=\"https:\/\/speyer24news.com\/wp-content\/uploads\/2020\/12\/Taschendiebstahl.jpg\" alt=\"\" class=\"wp-image-31455\" srcset=\"https:\/\/speyer24news.com\/wp-content\/uploads\/2020\/12\/Taschendiebstahl.jpg 640w, https:\/\/speyer24news.com\/wp-content\/uploads\/2020\/12\/Taschendiebstahl-300x200.jpg 300w\" sizes=\"(max-width: 640px) 100vw, 640px\" \/><\/figure><\/div>\n\n\n\n<p>Einem 69-j\u00e4hrigen Mann wurde am Donnerstag (12.05.2022) gegen 13:50 Uhr im Bereich des Goerdelerplatzes der Geldbeutel gestohlen. Im Vorbeigehen zog ein M\u00e4dchen diesen aus der Ges\u00e4\u00dftasche des Mannes und rannte anschlie\u00dfend davon. Kurze Zeit sp\u00e4ter entdeckte der Bestohlene die T\u00e4terin zuf\u00e4llig in einem Kiosk, woraufhin sich diese jedoch auch wieder fluchtartig entfernte. Im Kiosk konnte der gestohlene Geldbeutel aufgefunden werden, es fehlte lediglich das Bargeld darin. <\/p>\n\n\n\n<h4 class=\"wp-block-heading\">Das M\u00e4dchen wird wie folgt beschrieben: <\/h4>\n\n\n\n<ul><li><strong>ca. 15 Jahre alt<\/strong><\/li><li><strong>ca. 1,60m gro\u00df<\/strong><\/li><li><strong>kr\u00e4ftige Statur<\/strong><\/li><li><strong>schulterlange lockige schwarze Haare<\/strong><\/li><li><strong>bekleidet mit einem gelben T-Shirt und einer grauen Weste, wobei sie letztere im Kiosk verloren hat.<\/strong><\/li><\/ul>\n\n\n\n<p>Sachdienliche Hinweise bitte an die Polizeiinspektion Ludwigshafen 2, Telefonnummer 0621 963-2222 oder per E-Mail\u00a0<a href=\"mailto:piludwigshafen2@polizei.rlp.de\">piludwigshafen2@polizei.rlp.de<\/a>\u00a0.<\/p>\n\n\n\n<h2 class=\"wp-block-heading\">(Ludwigshafen) &#8211; Unfall zwischen Radfahrenden<\/h2>\n\n\n\n<p>Am Donnerstag, den 12.05.2022, kam es in der Saarlandstra\u00dfe zu einem Verkehrsunfall zwischen zwei Radfahrerinnen. Hierbei ber\u00fchrten sich die Lenker einer 45-J\u00e4hrigen und einer 47- J\u00e4hrigen im Vorbeifahren, die 45-J\u00e4hrige st\u00fcrzet hieraufhin und wurde leicht verletzt.<\/p>\n\n\n\n<h2 class=\"wp-block-heading\">(Ludwigshafen) &#8211; Vermisste 56-J\u00e4hrige \/ \u00d6ffentlichkeitsfahndung<\/h2>\n\n\n\n<div class=\"wp-block-image\"><figure class=\"aligncenter size-full\"><img decoding=\"async\" src=\"https:\/\/speyer24news.com\/wp-content\/uploads\/2022\/05\/csm_Karin_Else_Reber_Vermisste_5f59987a46.jpeg\" alt=\"\" class=\"wp-image-45997\"\/><\/figure><\/div>\n\n\n\n<p>Seit Mittwoch, den 11.05.2022, wird die 56-j\u00e4hrige Karin Else Reber vermisst. Zuletzt wurde sie im Stadtteil Hemshof in Ludwigshafen gesichtet. M\u00f6gliche Anlaufstellen k\u00f6nnten im Raum Ludwigshafen oder in Beindersheim bei Frankenthal sein.<\/p>\n\n\n\n<h4 class=\"wp-block-heading\">Beschreibung von Karin Else Reber:<\/h4>\n\n\n\n<ul><li><strong>ca. 175 cm gro\u00df<\/strong><\/li><li><strong>ca. 72 kg schwer<\/strong><\/li><li><strong>wei\u00df\/ pinkfarbene Sportschuhe<\/strong><\/li><li><strong>blaues T-Shirt<\/strong><\/li><li><strong>blaue Jeans<\/strong><\/li><li><strong>Goldkette (3 Herzen)<\/strong><\/li><li><strong>Ring mit Gravur &#8222;Klaus&#8220;<\/strong><\/li><\/ul>\n\n\n\n<ul><li><strong>Wer hat Frau Reber seit Mittwoch gesehen?<\/strong><\/li><li><strong>Wer kann Hinweise zum derzeitigen Aufenthaltsort von Frau Reber geben?<\/strong><\/li><\/ul>\n\n\n\n<p>Sachdienliche Hinweise nimmt die Kriminalpolizei Ludwigshafen unter der Telefonnummer 0621 963-2773 oder per E-Mail\u00a0<a href=\"mailto:kiludwigshafen.k1.kdd@polizei.rlp.de\">kiludwigshafen.k1.kdd@polizei.rlp.de<\/a>\u00a0entgegen.<\/p>\n\n\n\n<h2 class=\"wp-block-heading\">(Mannheim) &#8211; K\u00e4fertaler via WhatsApp um mehrere tausend Euro betrogen; Vorsicht vor WhatsApp-Nachrichten von angeblichen Familienangeh\u00f6rigen<\/h2>\n\n\n\n<div class=\"wp-block-image\"><figure class=\"aligncenter size-full\"><img decoding=\"async\" loading=\"lazy\" width=\"800\" height=\"533\" src=\"https:\/\/speyer24news.com\/wp-content\/uploads\/2020\/12\/WhatsApp.jpg\" alt=\"\" class=\"wp-image-31843\" srcset=\"https:\/\/speyer24news.com\/wp-content\/uploads\/2020\/12\/WhatsApp.jpg 800w, https:\/\/speyer24news.com\/wp-content\/uploads\/2020\/12\/WhatsApp-300x200.jpg 300w, https:\/\/speyer24news.com\/wp-content\/uploads\/2020\/12\/WhatsApp-768x512.jpg 768w\" sizes=\"(max-width: 800px) 100vw, 800px\" \/><\/figure><\/div>\n\n\n\n<p>Ein 61-j\u00e4hriger K\u00e4fertaler wurde im Laufe des vergangenen Mittwochs (11. Mai) Opfer der WhatsApp-Betrugsmasche.<\/p>\n\n\n\n<p>Er erhielt kurz nach 13 Uhr eine Nachricht via WhatsApp, die angeblich dessen Tochter geschickt haben soll. Diese angebliche Tochter bat ihn, unter Vorspiegelung falscher Tatsachen und einer &#8222;neuen Handynummer&#8220;, um \u00dcberweisung offener Rechnungen auf eine zugesandte Kontoverbindung, was der Mann auch tat.<\/p>\n\n\n\n<p>Schlie\u00dflich bekam der 61-J\u00e4hrige Zweifel und erstattet Anzeige bei der Polizei. Der Gesamtschaden bel\u00e4uft sich auf \u00fcber 3.000.- Euro.<\/p>\n\n\n\n<p>Das Betrugsdezernat der Kriminalpolizeidirektion Heidelberg hat die weiteren Ermittlungen \u00fcbernommen.<\/p>\n\n\n\n<ul><li><strong>Die Ermittler bitten wiederholt eindringlich um Vorsicht und raten zu Misstrauen, wenn WhatsApp-Nachrichten von angeblichen Familienangeh\u00f6rigen eintreffen und auf diese Art und Weise um Geld bitten.<\/strong><\/li><li><strong>Angeschriebene sollten sich davon nicht unter Druck setzen lassen und nicht antworten.<\/strong><\/li><li><strong>Zun\u00e4chst sollte unbedingt pers\u00f6nlich oder \u00fcber die bekannten Telefonnummern gekl\u00e4rt werden, ob es sich bei dem Absender wirklich um Familienangeh\u00f6rige handelt.<\/strong><\/li><li><strong>Niemals sollte man sich verleitet f\u00fchlen, vorschnell Geld auf ein unbekanntes Konto zu \u00fcberweisen.<\/strong><\/li><li><strong>Ein vollendeter Betrug, aber auch bereits ein Betrugsversuch sollte unverz\u00fcglich bei der \u00f6rtlichen Polizeidienststelle       angezeigt werden.<\/strong><\/li><\/ul>\n\n\n\n<h2 class=\"wp-block-heading\">(A 656 \/ Mannheim) &#8211; R\u00fccksichtsloser Taxifahrer n\u00f6tigt 23-j\u00e4hrige Autofahrerin \/ Polizei sucht Zeugen<\/h2>\n\n\n\n<div class=\"wp-block-image\"><figure class=\"aligncenter size-full\"><img decoding=\"async\" loading=\"lazy\" width=\"801\" height=\"600\" src=\"https:\/\/speyer24news.com\/wp-content\/uploads\/2020\/05\/Zeugen-gesucht-Neutral.jpg\" alt=\"\" class=\"wp-image-26598\" srcset=\"https:\/\/speyer24news.com\/wp-content\/uploads\/2020\/05\/Zeugen-gesucht-Neutral.jpg 801w, https:\/\/speyer24news.com\/wp-content\/uploads\/2020\/05\/Zeugen-gesucht-Neutral-300x225.jpg 300w, https:\/\/speyer24news.com\/wp-content\/uploads\/2020\/05\/Zeugen-gesucht-Neutral-768x575.jpg 768w, https:\/\/speyer24news.com\/wp-content\/uploads\/2020\/05\/Zeugen-gesucht-Neutral-678x509.jpg 678w, https:\/\/speyer24news.com\/wp-content\/uploads\/2020\/05\/Zeugen-gesucht-Neutral-326x245.jpg 326w, https:\/\/speyer24news.com\/wp-content\/uploads\/2020\/05\/Zeugen-gesucht-Neutral-80x60.jpg 80w\" sizes=\"(max-width: 801px) 100vw, 801px\" \/><\/figure><\/div>\n\n\n\n<p>Bereits am Montagnachmittag n\u00f6tigte ein unbekannter Taxi-Fahrer auf der BAB 656 bei Mannheim eine 23-j\u00e4hrige Autofahrerin. Die 23-J\u00e4hrige war gegen 17.30 Uhr mit ihrem Peugeot auf der rechten Fahrspur der A 656 in Richtung Mannheim unterwegs. In H\u00f6he der Anschlussstelle Mannheim-Seckenheim wurde sie zun\u00e4chst von einem Taxi \u00fcberholt. Der Fahrer dieses Taxis wechselte anschlie\u00dfend mit so geringem Abstand vor der 23-J\u00e4hrigen auf die rechte Fahrspur, dass die Frau eine Gefahrenbremsung durchf\u00fchren und auf den Verz\u00f6gerungsstreifen der Ausfahrt ausweichen musste, um eine Kollision zu vermeiden. Der Taxi-Fahrer wechselte unmittelbar weiter in die Ausfahrt der Anschlussstelle. Hier wechselte er mehrfach die Fahrspur, um schlie\u00dflich links in Richtung Seckenheim abzubiegen. Die Frau hupte dem Taxi-Fahrer noch hinterher, dieser fuhr jedoch unbeeindruckt weiter.<\/p>\n\n\n\n<ul><li><strong>Bei dem Taxi soll es sich um einen Mercedes mit HD-Kennzeichen gehandelt haben.<\/strong> <\/li><\/ul>\n\n\n\n<h4 class=\"wp-block-heading\">Der Fahrer wird wie folgt beschrieben:<\/h4>\n\n\n\n<ul><li><strong>Ca. 50 Jahre alt<\/strong><\/li><li><strong>S\u00fcd- bis s\u00fcdosteurop\u00e4isches Erscheinungsbild<\/strong><\/li><li><strong>Dunkle, kurze Haare, gegelt<\/strong><\/li><li><strong>Normale Statur<\/strong><\/li><li><strong>War bekleidet mit einem rot gemusterten Kurzarmhemd<\/strong><\/li><li><strong>Trug eine Fliegersonnenbrille<\/strong><\/li><\/ul>\n\n\n\n<p>Durch das Fahrman\u00f6ver des unbekannten Taxi-Fahrers mussten mehrere weitere Verkehrsteilnehmer hinter dem Peugeot der 23-J\u00e4hrigen abbremsen und ausweichen. Weitere Gesch\u00e4digte sowie Zeugen, die auf die Situation aufmerksam geworden sind, werden gebeten, sich bei der Autobahnpolizei Mannheim, Tel.: 0621\/47093-0 zu melden.<\/p>\n\n\n\n<h2 class=\"wp-block-heading\">(Mannheim-Oststadt) &#8211; R\u00fccksichtsloser Autofahrer in Mannheim unterwegs<\/h2>\n\n\n\n<p>Ein 22-j\u00e4hriger Mann fiel am Donnerstagabend im Mannheimer Stadtteil Oststadt durch seine r\u00fccksichtslose und verkehrswidrige Fahrweise auf. Eine Polizeistreife bemerkte den 22-J\u00e4hrigen als er mit seinem Mercedes CLS 500 den Friedrichsplatz stadtausw\u00e4rts befuhr. Dabei war er mit einer Geschwindigkeit von fast 90 km\/h, anstatt der hier erlauben 30 bzw. 50 km\/h unterwegs. Im weiteren Verlauf fuhr er die Augustaanlage mit Geschwindigkeiten bis zu \u00fcber 120 km\/h entlang. Dabei fuhr er voranfahrenden Verkehrsteilnehmer stark auf, um diese zum Spurwechsel zu bewegen. Er bremste nur ab, um andere Verkehrsteilnehmer rechts oder links \u00fcberholen zu k\u00f6nnen und anschlie\u00dfend, unter der Ausnutzung der vollen Leistung seines Fahrzeugs, wieder stark zu beschleunigen und die h\u00f6chstm\u00f6gliche Geschwindigkeit zu erreichen. Erst nachdem das Fahrzeug das Planetarium passiert hatte, gelang es den Beamten, die dem Fahrzeug gefolgt waren, den 22-J\u00e4hrigen zu stoppen.<\/p>\n\n\n\n<p>Gegen den jungen Mann wird nun wegen Stra\u00dfenverkehrsgef\u00e4hrdung sowie Teilnahme an einem verbotenen Kraftfahrzeugrennen ermittelt. Sein Fahrzeug muss er jetzt wohl zun\u00e4chst in der Garage stehen lassen, da sein F\u00fchrerschein einbehalten wurde.<\/p>\n\n\n\n<h2 class=\"wp-block-heading\">(Mannheim-Neckarstadt) &#8211; Hantelscheiben auf vorbeifahrende Autos geworfen \/ Zeugen gesucht!<\/h2>\n\n\n\n<p>Am Freitagmorgen um kurz nach 05:30 Uhr bewarfen in der Unterm\u00fchlaustra\u00dfe ein oder mehrere bislang unbekannte T\u00e4ter zwei vorbeifahrende Autos mit Hantelscheiben und fl\u00fcchteten anschlie\u00dfend.<\/p>\n\n\n\n<p>Gegen 05:30 Uhr ereignete sich der erste Vorfall. Hierbei trafen der oder die T\u00e4ter mit einer Hantelscheibe die Scheibe der Beifahrerseite eines Opels. Dies geschah mit so einer Wucht, dass die 2Kg-Scheibe den Kopf des 27-j\u00e4hrigen Fahrers nur knapp verfehlte und in der Fahrert\u00fcr einschlug. Durch umherfliegende Glassplitter verletzte sich der 27-J\u00e4hrige leicht.<\/p>\n\n\n\n<p>Wenige Minuten sp\u00e4ter schlugen der oder die T\u00e4ter auf H\u00f6he der Jungbuschbr\u00fccke erneut zu. Hier traf eine weitere Hantelscheibe die rechte hintere Scheibe eines VWs. Die 36-j\u00e4hrige Fahrerin blieb gl\u00fccklicherweise unverletzt. Die Scheibe jedoch wurde zerst\u00f6rt. Insgesamt entstand ein Sachschaden in H\u00f6he von mehreren Tausend Euro. Das Polizeirevier Mannheim-Neckarstadt sucht nun Zeugen, die die Taten beobachtet haben oder Hinweise zu den T\u00e4tern geben k\u00f6nnen und bittet diese, sich unter der Telefonnummer 0621\/3301-0 zu melden.<\/p>\n\n\n\n<h2 class=\"wp-block-heading\">(Mannheim-Neckarstadt) &#8211; Brennendes Fahrzeug l\u00f6st Polizei-und Feuerwehreinsatz aus; Kriminalpolizei ermittelt und sucht Zeugen<\/h2>\n\n\n\n<div class=\"wp-block-image\"><figure class=\"aligncenter size-full\"><img decoding=\"async\" loading=\"lazy\" width=\"800\" height=\"600\" src=\"https:\/\/speyer24news.com\/wp-content\/uploads\/2019\/09\/Feuerwehr-Speyer-II@Nina-Ebert.jpg\" alt=\"\" class=\"wp-image-19060\" srcset=\"https:\/\/speyer24news.com\/wp-content\/uploads\/2019\/09\/Feuerwehr-Speyer-II@Nina-Ebert.jpg 800w, https:\/\/speyer24news.com\/wp-content\/uploads\/2019\/09\/Feuerwehr-Speyer-II@Nina-Ebert-300x225.jpg 300w, https:\/\/speyer24news.com\/wp-content\/uploads\/2019\/09\/Feuerwehr-Speyer-II@Nina-Ebert-768x576.jpg 768w, https:\/\/speyer24news.com\/wp-content\/uploads\/2019\/09\/Feuerwehr-Speyer-II@Nina-Ebert-678x509.jpg 678w, https:\/\/speyer24news.com\/wp-content\/uploads\/2019\/09\/Feuerwehr-Speyer-II@Nina-Ebert-326x245.jpg 326w, https:\/\/speyer24news.com\/wp-content\/uploads\/2019\/09\/Feuerwehr-Speyer-II@Nina-Ebert-80x60.jpg 80w\" sizes=\"(max-width: 800px) 100vw, 800px\" \/><figcaption>Symbolbild Feuerwehreinsatz<\/figcaption><\/figure><\/div>\n\n\n\n<p>Am Freitag gegen 00:30 Uhr verst\u00e4ndigten aufmerksame Anwohner die Polizei, nachdem ein in der Spelzenstra\u00dfe, H\u00f6he Hausnummer 19, geparkter Volvo in Flammen aufging. Beim Eintreffen der Einsatzkr\u00e4fte von Feuerwehr und Polizei war das Feuer bereits auf einen davor geparkten BMW \u00fcbergegangen. Zus\u00e4tzlich drohte der Brand auf mehrere in der N\u00e4he befindliche B\u00e4ume \u00fcberzugreifen. Sofort f\u00fchrte die eingesetzte Feuerwehr L\u00f6schma\u00dfnahmen durch und verhinderte in der Folge ein weiteres Ausbreiten des Feuers. Durch die Hitzeentwicklung wurde neben einem auf der gegen\u00fcberliegenden Stra\u00dfenseite geparkter VW Transporter auch eine Fensterscheibe im Erdgeschoss des angrenzenden Wohngeb\u00e4udes besch\u00e4digt. Die gesch\u00e4tzte Gesamtschadensh\u00f6he bel\u00e4uft sich auf rund 60.000 Euro. Die Brandursache ist derzeit noch unklar und Gegenstand der weiteren Ermittlungen des Kriminalkommissariats Mannheim.<\/p>\n\n\n\n<p>Zeugen, die verd\u00e4chtige Wahrnehmungen gemacht haben und\/oder dar\u00fcber hinaus sachdienliche Hinweise geben k\u00f6nnen, werden gebeten, sich an das kriminalpolizeiliche Hinweistelefon, Tel.: 0621 174 4444 zu wenden.<\/p>\n\n\n\n<h2 class=\"wp-block-heading\">(Mannheim-Neckarstadt) &#8211; Katalysator von Auto entwendet \/ Zeugen gesucht!<\/h2>\n\n\n\n<p>Zwischen Mittwoch, gegen 19:00 Uhr, und Donnerstag, gegen 06:15 Uhr, entwendeten bislang unbekannte T\u00e4ter den Katalysator eines in der Kleestra\u00dfe abgestellten Toyotas. Die T\u00e4ter demontierten das Bauteil unter dem Auto und konnten unerkannt fl\u00fcchten. Das Polizeirevier Mannheim-Neckarstadt sucht nun Zeugen, die verd\u00e4chtige Wahrnehmungen gemacht haben und bittet diese, sich unter der Telefonnummer 0621\/3301-0 zu melden.<\/p>\n\n\n\n<h2 class=\"wp-block-heading\">(Mannheim-Neckarau) &#8211; Unfall verursacht und abgehauen \/ Polizei sucht Zeugen<\/h2>\n\n\n\n<p>Einen Verkehrsunfall verursachte ein unbekannter Autofahrer am Mittwochnachmittag im Stadtteil Neckarau. Der Unbekannte befuhr kurz vor 15 Uhr die linke Fahrspur der Casterfeldstra\u00dfe stadteinw\u00e4rts. Als er kurz nach der Stra\u00dfenbahnhaltestelle &#8222;Isarweg&#8220; auf die rechte Fahrspur wechselte, \u00fcbersah der eine rechts neben ihm fahrende 62-j\u00e4hrige Mercedes-Fahrerin und dr\u00e4ngte diese nach rechts ab. Die 62-J\u00e4hrige wich nach rechts aus und stie\u00df dabei gegen einen am Fahrbahnrand geparkten Lastwagen. Dabei entstand Sachschaden von rund 7.000 Euro. Der unbekannte Unfallverursacher fuhr, ohne anzuhalten, einfach weiter. Zu einem Zusammensto\u00df zwischen dem Unbekannten und dem Mercedes der 62-J\u00e4hrigen war es nicht gekommen.<\/p>\n\n\n\n<p>Bei dem unfallverursachenden Fahrzeug soll es sich um einen wei\u00dfen Sprinter mit HD-Kennzeichen gehandelt haben. Eine Beschreibung des Fahrers konnte nicht erlangt werden.<\/p>\n\n\n\n<p>Zeugen, die den Unfall beobachtet haben und sachdienliche Hinweise zum unfallverursachenden Fahrzeug und dessen Fahrers geben k\u00f6nnen, werden gebeten, sich bei der Verkehrspolizei Mannheim, Tel.: 0621\/174-4222 zu melden.<\/p>\n\n\n\n<h2 class=\"wp-block-heading\">(Mannheim-K\u00e4fertal) &#8211; Radfahrer bei Unfall schwer verletzt<\/h2>\n\n\n\n<p>Am Donnerstag gegen 22:45 Uhr verletzte sich ein 35-j\u00e4hriger Radfahrer in der Waldstra\u00dfe schwer, nachdem ein 30-j\u00e4hriger Autofahrer unachtsam die Autot\u00fcr \u00f6ffnete. Der 30-J\u00e4hrige parkte sein Auto am Stra\u00dfenrand neben dem Radweg und \u00f6ffnete die Fahrert\u00fcr, ohne auf den nachfolgenden Verkehr zu achten. Der herannahende Radfahrer, welcher auf dem Radweg in Fahrtrichtung Vogelstang unterwegs war, versuchte, der T\u00fcr auszuweichen und st\u00fcrzte hierbei. Durch den Sturz verletzte sich der Mann schwer und musste mit einem Rettungswagen in ein nahegelegenes Krankenhaus gebracht werden.<\/p>\n\n\n\n<h2 class=\"wp-block-heading\">(Heidelberg-Altstadt) &#8211; Verkehrsunfall mit Unfallflucht \/ Polizei sucht Zeugen<\/h2>\n\n\n\n<p>Zu einem Verkehrsunfall kam es am Donnerstag zwischen 17:30 Uhr und 19:40 in der Stra\u00dfe &#8222;Schlo\u00dfberg&#8220;. Ein bislang unbekannter Autofahrer besch\u00e4digte einen auf H\u00f6he der Hausnummer 7 geparkten Audi und entfernte sich anschlie\u00dfend einfach vom Unfallort, ohne seinen Feststellungspflichten nachzukommen. Der Sachschaden betr\u00e4gt \u00fcber 1.500 Euro.<\/p>\n\n\n\n<p>Der Unfallverursacher fuhr vermutlich ein wei\u00dfes Fahrzeug.<\/p>\n\n\n\n<p>Zeugen, die sachdienliche Hinweise geben k\u00f6nnen, werden gebeten sich beim Polizeirevier Heidelberg-Mitte, unter der Telefonnummer 06221-991700, zu melden.<\/p>\n\n\n\n<h2 class=\"wp-block-heading\">(Heidelberg-Weststadt) &#8211; Rote Ampel missachtet und Unfall verursacht \/ Zeugen gesucht!<\/h2>\n\n\n\n<p>Zu einem Verkehrsunfall kam es am Donnerstag gegen 09:50 Uhr an der Kreuzung Lessingstra\u00dfe\/R\u00f6merstra\u00dfe. Ein 57-J\u00e4hriger BMW-Fahrer befuhr die R\u00f6merstra\u00dfe \u00fcber die Hermann-Maas-Br\u00fccke in Fahrtrichtung Lessingstra\u00dfe, als er an der Kreuzung vermutlich eine rote Ampel \u00fcbersah und in der Kreuzung mit einem 49-J\u00e4hrigen VW-Fahrer kollidierte, welcher auf der Lessingstra\u00dfe in Richtung Franz-Knauff-Stra\u00dfe unterwegs war. Verletzt wurde gl\u00fccklicherweise niemand, der Sachschaden betr\u00e4gt \u00fcber 1.000 Euro.<\/p>\n\n\n\n<p>Zeugen, die Hinweise zum Unfallhergang geben k\u00f6nnen, werden gebeten sich beim Polizeirevier Heidelberg-Mitte, unter der Telefonnummer 06221-991700, zu melden.<\/p>\n\n\n\n<h2 class=\"wp-block-heading\">(Heidelberg-Rohrbach) &#8211; Gemeinsame Kontrollaktion von Polizei und Rhein-Neckar-Verkehr GmbH (rnv)<\/h2>\n\n\n\n<p>Die Verkehrspolizei Heidelberg f\u00fchrte am Donnerstag gemeinsam mit der Rhein-Neckar-Verkehr GmbH (rnv) eine gro\u00dfangelegte Kontrollaktion zur Steigerung der Sicherheit in \u00f6ffentlichen Verkehrsmitteln im Heidelberger Stadtteils Rohrbach durch.<\/p>\n\n\n\n<p>In der Zeit zwischen 15.30 Uhr und 20.00 Uhr \u00fcberpr\u00fcften 11 Beamtinnen und Beamte der Verkehrspolizei Mannheim zusammen mit rund 30 Mitarbeiterinnen und Mitarbeitern der rnv an einer station\u00e4ren Kontrollstelle an der Stra\u00dfenbahnhaltestelle &#8222;Rohrbach-S\u00fcd&#8220; Fahrg\u00e4ste der Stra\u00dfenbahnen in beiden Fahrtrichtungen.<\/p>\n\n\n\n<h4 class=\"wp-block-heading\">Im Rahmen der nach ganzheitlichen Gesichtspunkten angelegten Kontrollen wurden nachfolgende Feststellungen gemacht:<\/h4>\n\n\n\n<ul><li>220 Fahrg\u00e4ste wurden ohne g\u00fcltigen Fahrschein angetroffen, gegen diese wird nun wegen Erschleichens von Leistungen ermittelt.<\/li><li>Eine Person gab bei der \u00dcberpr\u00fcfung einen falschen Namen an und sieht nun einem Bu\u00dfgeld wegen falscher Namensangabe entgegen<\/li><li>Drei Personen verstie\u00dfen gegen ausl\u00e4nderrechtliche Bestimmungen, da sie sich au\u00dferhalb ihres Duldungsbereichs aufhielten<\/li><li>Gegen zwei Personen wird wegen des Verdachts des Drogenbesitzes ermittelt. Es wurden rund zwei Gramm Marihuana sichergestellt<\/li><li>Gegen eine Person wird wegen des Versto\u00dfes gegen das Pflichtversicherungsgesetz ermittelt.<\/li><\/ul>\n\n\n\n<p>Solche gemeinsamen Kontrollaktionen haben sich bew\u00e4hrt und tragen zur Steigerung des subjektiven Sicherheitsempfindens der Bev\u00f6lkerung und der Fahrg\u00e4ste in \u00f6ffentlichen Verkehrsmitteln bei. Weitere gleichgelagerte Aktionen sind bereits in der Planung und werden in regelm\u00e4\u00dfigen Zyklen fortgef\u00fchrt.<\/p>\n\n\n\n<h2 class=\"wp-block-heading\">(Heidelberg-Handschuhsheim) &#8211; Jugendliche entwenden Fahrr\u00e4der \/ Zeugen und Eigent\u00fcmer gesucht<\/h2>\n\n\n\n<div class=\"wp-block-image\"><figure class=\"aligncenter size-full\"><img decoding=\"async\" loading=\"lazy\" width=\"500\" height=\"701\" src=\"https:\/\/speyer24news.com\/wp-content\/uploads\/2022\/05\/FahrraederHDNord.jpg\" alt=\"\" class=\"wp-image-45998\" srcset=\"https:\/\/speyer24news.com\/wp-content\/uploads\/2022\/05\/FahrraederHDNord.jpg 500w, https:\/\/speyer24news.com\/wp-content\/uploads\/2022\/05\/FahrraederHDNord-214x300.jpg 214w\" sizes=\"(max-width: 500px) 100vw, 500px\" \/><\/figure><\/div>\n\n\n\n<p>In der Nacht von Donnerstag auf Freitag entwendete eine Gruppe Jugendlicher mehrere Fahrr\u00e4der. Eine aufmerksame Zeugin hatte die Jugendlichen im Bereich des Hans-Thoma-Platzes beobachtet und bemerkt, dass ein Fahrrad getragen wurde, weshalb sie von einem Diebstahl ausging und die Polizei verst\u00e4ndigte. Im Rahmen der Fahndung stellten Beamtinnen und Beamte des Polizeireviers Heidelberg Nord die 6-k\u00f6pfige Jugendgruppe in der Stra\u00dfenbahn an der Haltestelle &#8222;Br\u00fcckenstra\u00dfe&#8220; fest. Eines der Fahrr\u00e4der war noch abgeschlossen, wodurch sich der Verdacht eines Diebstahls weiter erh\u00e4rtete. Bei der Nachfrage nach der Herkunft der anderen Fahrr\u00e4der konnten die Jugendlichen keinen plausiblen Grund nennen, weshalb die Fahrr\u00e4der sichergestellt wurden. Erste \u00dcberpr\u00fcfungen in den polizeilichen Fahndungssystemen erh\u00e4rteten die ersten Vermutungen, da ein weiteres Fahrrad aus einem Diebstahl stammen k\u00f6nnte. In allen F\u00e4llen ermittelt die Polizei nun wegen des Verdachts des Diebstahls. Die abgebildeten Fahrr\u00e4der konnten bisher nicht zugeordnet werden. <\/p>\n\n\n\n<h4 class=\"wp-block-heading\">Es handelt sich im Einzelnen um folgende Fahrr\u00e4der:<\/h4>\n\n\n\n<ul><li><strong>Ein silbernes Herrenrad der Marke &#8222;K\u00e4stle&#8220;<\/strong><\/li><li><strong>ein schwarzes Herrenrad des Herstellers &#8222;Ortler&#8220;<\/strong><\/li><li><strong>ein gelb\/wei\u00df\/rotes Mountainbike von &#8222;alpinestars&#8220;<\/strong><\/li><li><strong>ein schwarz\/blaues &#8222;BTWIN&#8220; Mountainbike<\/strong><\/li><li><strong>ein violettes Herrenrad der Marke &#8222;Colorado&#8220;<\/strong><\/li><li><strong>sowie ein wei\u00df\/pinkes &#8222;KTM&#8220;-Fahrrad<\/strong><\/li><\/ul>\n\n\n\n<p>Sollten Sie ihr Rad auf den beigef\u00fcgten Bildern erkennen oder Hinweise zur Tat haben, ist das Polizeirevier Heidelberg Nord unter Tel.: 06221\/4569-0 zu erreichen. Eine Herausgabe eines Fahrrades kann nur durch Vorlage eines eindeutigen Eigentumsnachweises erfolgen.<\/p>\n\n\n\n<h2 class=\"wp-block-heading\">(Oftersheim \/ Rhein-Neckar-Kreis) &#8211; Verkehrsunfall mit Sachschaden und zwei Beteiligten<\/h2>\n\n\n\n<p>Am gestrigen Donnerstagabend, gegen 21:40 Uhr fuhr eine 19-j\u00e4hrige Fahrerin eines Audi TT auf der Lessingstra\u00dfe in Richtung B291. Beim Links-Abbiegen auf die Bundesstra\u00dfe missachtet sie die Vorfahrt eines 56-j\u00e4hrigen Daimler-Benz-Fahrers, der von der B291 kommend in die Lessingstra\u00dfe abbiegen wollte.<\/p>\n\n\n\n<p>Durch den Zusammensto\u00df waren beide Fahrzeuge nicht mehr fahrbereit und mussten durch eine Abschleppfirma abtransportiert werden. Der Sachschaden wird auf insgesamt 11.000 Euro beziffert. Verletzt wurde niemand.<\/p>\n\n\n\n<h2 class=\"wp-block-heading\">(Sandhausen \/ Rhein-Neckar-Kreis) &#8211; Fahren ohne Fahrerlaubnis; Verkehrsteilnahme unter Drogeneinfluss; Auffinden von 5 Gramm Marihuana<\/h2>\n\n\n\n<p>Am Donnerstag, gegen 16:20 Uhr f\u00fchrten Beamte des Verkehrsdienstes Heidelberg in der Hauptstra\u00dfe eine allgemeine Verkehrskontrolle bei einem Kleinwagen mit niederl\u00e4ndischen Kennzeichen durch. Das Auto war mit zwei Personen besetzt und fuhr in Richtung Sandhausen.<\/p>\n\n\n\n<p>Bereits beim Herantreten an das Auto stellten die Beamten starken Marihuanageruch aus dem Fahrzeuginneren fest.<\/p>\n\n\n\n<p>Der 26-j\u00e4hrige Fahrer r\u00e4umte ein, ohne Fahrerlaubnis zu fahren, da ihm die niederl\u00e4ndische Fahrerlaubnis erzogen worden ist. Als Beifahrerin befand sich seine 20-j\u00e4hrige Freundin in dem Auto.<\/p>\n\n\n\n<p>In der Beifahrert\u00fcr, im Aschenbecher der Mittelkonsole und im hinteren Fu\u00dfraum fanden die kontrollierenden Beamten insgesamt 5 Gramm Marihuana.<\/p>\n\n\n\n<p>Ein bei dem Fahrer durchgef\u00fchrter Urinschnelltest reagierte auf die Wirksubstanz von Cannabis-Pflanzen (Tetrahydrocannabinol). Bei dem Autofahrer, der in Deutschland keinen Wohnsitz hat, wurde anschlie\u00dfend durch einen Polizeivertragsarzt eine Blutentnahme durchgef\u00fchrt.<\/p>\n\n\n\n<p>Der Beschuldigte benannte einen Zustellungsbevollm\u00e4chtigten und musste eine hohe Sicherheitsleistung hinterlegen. Seine Freundin und Beifahrerin fuhr mit dem Auto weiter.<\/p>\n\n\n\n<h2 class=\"wp-block-heading\">(Sandhausen \/ Rhein-Neckar-Kreis) &#8211; Brand eines Schuppens \/ Unbekannte Leiche gefunden<\/h2>\n\n\n\n<h3 class=\"has-text-align-center wp-block-heading\">Pressemeldung Nr. 4<\/h3>\n\n\n\n<p>Wie bereits berichtet, geriet am fr\u00fchen Dienstagmorgen, 10.05.2022 in Sandhausen ein Schuppen auf einem Anwesen in der Kleinen Ringstra\u00dfe in Brand. Im Zuge der L\u00f6schma\u00dfnahmen stie\u00dfen die Einsatzkr\u00e4fte am Brandort auf die Leiche einer unbekannten Person.<\/p>\n\n\n\n<p>Die Ermittlungen zur Person der Leiche sind zwischenzeitlich abgeschlossen, es handelt sich unzweifelhaft um den 57-j\u00e4hrigen Eigent\u00fcmer des Anwesens.<\/p>\n\n\n\n<p>Die Untersuchungen zur Brandursache ergaben, dass der 57-J\u00e4hrige, der sich offenbar in einer psychischen Ausnahmesituation befand, das Feuer selbst gelegt hatte. Dabei war Sachschaden in H\u00f6he von fast 400.000 Euro entstanden.<\/p>\n\n\n\n<p><\/p>\n\n\n\n<h2 class=\"wp-block-heading\">(Meckesheim \/ Rhein-Neckar-Kreis) &#8211; Holzbr\u00fccke in Brand gesteckt; drei Jugendliche gefl\u00fcchtet; weitere Zeugen gesucht<\/h2>\n\n\n\n<div class=\"wp-block-image\"><figure class=\"aligncenter size-full\"><img decoding=\"async\" loading=\"lazy\" width=\"801\" height=\"600\" src=\"https:\/\/speyer24news.com\/wp-content\/uploads\/2020\/05\/Zeugen-gesucht-Neutral.jpg\" alt=\"\" class=\"wp-image-26598\" srcset=\"https:\/\/speyer24news.com\/wp-content\/uploads\/2020\/05\/Zeugen-gesucht-Neutral.jpg 801w, https:\/\/speyer24news.com\/wp-content\/uploads\/2020\/05\/Zeugen-gesucht-Neutral-300x225.jpg 300w, https:\/\/speyer24news.com\/wp-content\/uploads\/2020\/05\/Zeugen-gesucht-Neutral-768x575.jpg 768w, https:\/\/speyer24news.com\/wp-content\/uploads\/2020\/05\/Zeugen-gesucht-Neutral-678x509.jpg 678w, https:\/\/speyer24news.com\/wp-content\/uploads\/2020\/05\/Zeugen-gesucht-Neutral-326x245.jpg 326w, https:\/\/speyer24news.com\/wp-content\/uploads\/2020\/05\/Zeugen-gesucht-Neutral-80x60.jpg 80w\" sizes=\"(max-width: 801px) 100vw, 801px\" \/><\/figure><\/div>\n\n\n\n<p>Bislang unbekannte T\u00e4ter steckten am fr\u00fchen Freitagmorgen eine Holzbr\u00fccke in Brand, die im Bereich der Schulstra\u00dfe\/Lagerhausstra\u00dfe \u00fcber die Elsenz f\u00fchrt.<\/p>\n\n\n\n<p>Ein Zeuge hatte kurz vor 2 Uhr drei Jugendliche am Brandort beobachtet, die auf sein rufen hin in Richtung Bauhof fl\u00fcchteten.<\/p>\n\n\n\n<p>Die Freiwillige Feuerwehr Meckesheim, die mit zehn Einsatzkr\u00e4ften vor Ort war, l\u00f6schten das Feuer schnell. Dennoch entstand nach ersten Sch\u00e4tzungen ein Sachschaden von mehreren hundert Euro. Die Br\u00fccke ist dennoch begehbar.<\/p>\n\n\n\n<p>Ob die drei Jugendlichen f\u00fcr die Brandlegung verantwortlich sind, ist Gegenstand der Ermittlungen. Einer von ihnen wird wie folgt beschrieben: m\u00e4nnlich; ca. 180 cm; sportlich, hellgraue Jacke.<\/p>\n\n\n\n<p>Zeugen, die Hinweise geben k\u00f6nnen, werden gebeten, sich beim Polizeiposten Meckesheim, Tel.: 06226\/1336 oder beim Polizeirevier Neckargem\u00fcnd, Tel.: 06223\/9254-0<\/p>\n\n\n\n<h2 class=\"wp-block-heading\">(Ilvesheim \/ Rhein-Neckar-Kreis) &#8211; Vorfahrtsverletzung f\u00fchrt zu Verkehrsunfall<\/h2>\n\n\n\n<p>Erheblicher Sachschaden entstand bei einem Verkehrsunfall am Donnerstagabend in Ilvesheim. Ein 56-j\u00e4hriger Mann war gegen 18.30 Uhr mit seinem VW Caddy auf der Wachenheimer Stra\u00dfe in Richtung Heddesheimer Stra\u00dfe unterwegs. An der Kreuzung zum Brunnenweg missachtete er die Vorfahrt einer von rechts kommenden 33-j\u00e4hrigen Hyundai-Fahrerin und stie\u00df mit ihr zusammen. Beide Beteiligten kamen mit dem Schrecken davon und blieben unverletzt. Der Sachschaden wird auf rund 15.000 Euro gesch\u00e4tzt.<\/p>\n\n\n\n<h2 class=\"wp-block-heading\">(Hockenheim \/ Rhein-Neckar-Kreis) &#8211; Verkehrsunfall zwischen Motorrad- und Fahrradfahrer<\/h2>\n\n\n\n<p>Am Freitag kurz nach 18.00 Uhr kam es auf der Talhausstra\u00dfe in Hockenheim zu einem Verkehrsunfall bei welchem ein Motorrad- und ein Fahrradfahrer beteiligt waren. Momentan befinden sich Polizei und Rettungsdienst vor Ort. Ein Rettungshubschrauber ist auf Anflug. Der genaue Unfallhergang muss noch gekl\u00e4rt werden. Nach derzeitigem Stand wurden zwei Personen verletzt. Die Unfallaufnahme l\u00e4uft bereits.<\/p>\n\n\n\n<h2 class=\"wp-block-heading\">(Wiesloch \/ Rhein-Neckar-Kreis) &#8211; &#8222;Kommissar Zufall&#8220; f\u00fchrte zu einer Marihuana-Aufzucht im Keller<\/h2>\n\n\n\n<div class=\"wp-block-image\"><figure class=\"aligncenter size-full\"><img decoding=\"async\" loading=\"lazy\" width=\"640\" height=\"559\" src=\"https:\/\/speyer24news.com\/wp-content\/uploads\/2021\/02\/Cannabis-Beispielbild.jpg\" alt=\"\" class=\"wp-image-32792\" srcset=\"https:\/\/speyer24news.com\/wp-content\/uploads\/2021\/02\/Cannabis-Beispielbild.jpg 640w, https:\/\/speyer24news.com\/wp-content\/uploads\/2021\/02\/Cannabis-Beispielbild-300x262.jpg 300w\" sizes=\"(max-width: 640px) 100vw, 640px\" \/><figcaption>Beispielfoto einer Cannabis Indoor Zuchtanlage<\/figcaption><\/figure><\/div>\n\n\n\n<p>Ein Anwohner in der Schillerstra\u00dfe machte sich zun\u00e4chst um seine Nachbarin Sorgen. Die 71-j\u00e4hrige Frau hatte am Donnerstag, \u00fcber einen l\u00e4ngeren Zeitraum ihren Wohnungsschl\u00fcssel von au\u00dfen an der T\u00fcr stecken lassen, ohne dass sie gesehen wurde. Sp\u00e4ter konnte sie im Haus durch die Polizei gesund und wohlauf angetroffen werden.<\/p>\n\n\n\n<p>Aber die Beamten des Polizeireviers Wiesloch staunten nicht schlecht, als sie auf der Suche nach der Frau im Keller des Mehrfamilienhauses eine Marihuana-Aufzucht mit 14 eingepflanzten Marihuana-Pflanzen (H\u00f6he von 23 bis 66 cm) und drei Setzlinge fanden. Die Pflanzen wuchsen in einer sogenannten &#8222;Grow-Anlage&#8220; (Wachstumsanlage) pr\u00e4chtig und gediehen. Au\u00dferdem fanden sie in dem Keller auf einer Eckbank geringe Mengen eines wei\u00dfen Pulvers. Wie sich sp\u00e4ter herausstellte, handelte es sich hierbei um Kokain.<\/p>\n\n\n\n<p>Im weiteren Verlauf ermittelten die Beamten, dass ein 42-j\u00e4hriger Bewohner des Mehrfamilienhauses die Pflanzen in seinem Keller aufzog und wohl auf die Ernte wartete. \u00dcberdies wird ihm das aufgefundene Kokain zugeordnet.<\/p>\n\n\n\n<p>Mit Unterst\u00fctzung eines Rauschgiftsp\u00fcrhundes f\u00fchrten die Beamten anschlie\u00dfend noch eine Durchsuchung in seiner Wohnung durch. In einer mitgef\u00fchrten Umh\u00e4ngetasche wurde bei ihm dabei eine Dose mit einer Marihuana-Bl\u00fcte aufgefunden.<\/p>\n\n\n\n<p>Bei dem 42-j\u00e4hrigen Bewohner stellten die Beamten zudem deutliche Anzeichen einer Bet\u00e4ubungsmittelbeeinflussung statt. Vorsorglich wurde von den Polizeibeamten ein Rettungswagen angefordert, da der Gesundheitszustand des Mannes kurzfristig, m\u00f6glicherweise aufgrund seines Drogenkonsums, instabil wurde.<\/p>\n\n\n\n<p>Die aufgefundenen Drogen wurden beschlagnahmt und gegen den 42-j\u00e4hrigen Beschuldigten wird nach Abschluss der Ermittlungen Anzeige an die Staatsanwaltschaft vorgelegt.<\/p>\n\n\n\n<h2 class=\"wp-block-heading\">(Wiesloch \/ Rhein-Neckar-Kreis) &#8211; Unfallflucht; Zeugen gesucht<\/h2>\n\n\n\n<p>Bereits zwischen Dienstag, dem 10. Mai, 06.20 Uhr und Mittwoch, dem 11. Mai, 13 Uhr, wurde ein Kia Picanto, der in der Gerbersruhstra\u00dfe, H\u00f6he Haus-Nr. 26, Fahrtrichtung Parkstra\u00dfe, abgestellt war, von einem unbekannten Autofahrer beim Vorbeifahren besch\u00e4digt. Der Sachschaden bel\u00e4uft sich auf rund 2.000.- Euro. Zeugen wenden sich bitte an das Polizeirevier Wiesloch, Tel.: 06222\/5709-0.<\/p>\n\n\n\n<h2 class=\"wp-block-heading\">(A 6 \/ Sinsheim \/ Rhein-Neckar-Kreis) &#8211; Schwerpunktkontrollen zur Bek\u00e4mpfung der Hauptunfallursache Alkohol und Drogen im Stra\u00dfenverkehr<\/h2>\n\n\n\n<div class=\"wp-block-image\"><figure class=\"aligncenter size-full\"><img decoding=\"async\" loading=\"lazy\" width=\"800\" height=\"599\" src=\"https:\/\/speyer24news.com\/wp-content\/uploads\/2020\/06\/Polizeikontrolle.jpg\" alt=\"\" class=\"wp-image-28255\" srcset=\"https:\/\/speyer24news.com\/wp-content\/uploads\/2020\/06\/Polizeikontrolle.jpg 800w, https:\/\/speyer24news.com\/wp-content\/uploads\/2020\/06\/Polizeikontrolle-300x225.jpg 300w, https:\/\/speyer24news.com\/wp-content\/uploads\/2020\/06\/Polizeikontrolle-768x575.jpg 768w, https:\/\/speyer24news.com\/wp-content\/uploads\/2020\/06\/Polizeikontrolle-678x509.jpg 678w, https:\/\/speyer24news.com\/wp-content\/uploads\/2020\/06\/Polizeikontrolle-326x245.jpg 326w, https:\/\/speyer24news.com\/wp-content\/uploads\/2020\/06\/Polizeikontrolle-80x60.jpg 80w\" sizes=\"(max-width: 800px) 100vw, 800px\" \/><\/figure><\/div>\n\n\n\n<p>Die Autobahnpolizei Walldorf des Polizeipr\u00e4sidiums Mannheim f\u00fchrte am Donnerstag, 12.05.2022, in der Zeit zwischen 09.30 Uhr und 16.00 Uhr, in Zusammenarbeit mit dem Kompetenzteam &#8222;Drogen im Stra\u00dfenverkehr&#8220; (KoDiS) auf der Tank- und Rastanlage Sinsheim-S\u00fcd an der A 6 in Fahrtrichtung Heilbronn eine Schwerpunktkontrollaktion mit der Zielrichtung Bek\u00e4mpfung der Hauptunfallursache Drogen und Alkohol im Stra\u00dfenverkehr durch.<\/p>\n\n\n\n<p>Dabei wurden bei der Kontrolle insgesamt 56 Fahrzeuge und 90 Personen kontrolliert. Insgesamt wurden 4 Fahrer, die unter Drogeneinfluss am Stra\u00dfenverkehr teilnahmen, festgestellt. All diesen Fahrzeugf\u00fchrern wurden an der Kontrollstelle durch einen Arzt Blutproben entnommen. Die vier Autofahrer unter Drogeneinfluss m\u00fcssen sich zudem wegen des Verdachts des Drogenbesitzes verantworten.<\/p>\n\n\n\n<h4 class=\"wp-block-heading\">Weiterhin konnten nachfolgende Feststellungen getroffen werden:<\/h4>\n\n\n\n<ul><li><strong>Vier weitere Personen gelangen wegen Drogendelikten zur Anzeige, es wurden 17 Gramm Cannabis und ein fertiger Joint sichergestellt<\/strong><\/li><li><strong>Zwei Personen gelangen wegen Versto\u00df gegen das Arzneimittelgesetz zur Anzeige<\/strong><\/li><li><strong>Vier Fahrzeuge verf\u00fcgten nicht \u00fcber den vorgeschriebenen Versicherungsschutz. Ermittlungen wegen Versto\u00dfes gegen das Pflichtversicherungsgesetz wurden eingeleitet<\/strong><\/li><li><strong>Gegen drei Personen wird wegen Verst\u00f6\u00dfen gegen das Waffengesetz ermittelt<\/strong><\/li><\/ul>\n\n\n\n<p>An der Kontrollstelle waren insgesamt 18 Beamte der Polizeireviere und der Verkehrspolizei sowie das Kompetenzteam KoDIS des Polizeipr\u00e4sidiums Mannheim eingesetzt. Zudem unterst\u00fctzte ein Einsatzzug mit der Bereitschaftspolizei Bruchsal mit 22 Einsatzkr\u00e4ften die Kontrollma\u00dfnahmen.<\/p>\n\n\n\n<p>Die intensive Fortbildung aller Verkehrspolizisten und immer mehr Beamten\/-innen der Streifendienste der Polizeireviere hat in den letzten Jahren zu einer deutlichen Qualit\u00e4tssteigerung und Intensivierung bei der Bek\u00e4mpfung der Hauptunfallursache Drogen im Stra\u00dfenverkehr gef\u00fchrt. Verkehrsteilnehmer, die sich unter Drogeneinfluss ans Steuer setzen, m\u00fcssen k\u00fcnftig zu jeder Zeit an jeder beliebigen Stelle damit rechnen, in eine Drogenkontrolle zu geraten. Die Schulungen und Kontrollen werden weiter intensiv fortgesetzt.<\/p>\n\n\n\n<h2 class=\"wp-block-heading\">(Eberbach \/ Rhein-Neckar-Kreis) &#8211; Eberbacherin via WhatsApp um mehrere tausend Euro betrogen; Vorsicht vor WhatsApp-Nachrichten von angeblichen Familienangeh\u00f6rigen<\/h2>\n\n\n\n<div class=\"wp-block-image\"><figure class=\"aligncenter size-large\"><img decoding=\"async\" loading=\"lazy\" width=\"1024\" height=\"649\" src=\"https:\/\/speyer24news.com\/wp-content\/uploads\/2022\/04\/Geld-Betrug-Schockanruf-Rentner-1024x649.jpg\" alt=\"\" class=\"wp-image-44260\" srcset=\"https:\/\/speyer24news.com\/wp-content\/uploads\/2022\/04\/Geld-Betrug-Schockanruf-Rentner-1024x649.jpg 1024w, https:\/\/speyer24news.com\/wp-content\/uploads\/2022\/04\/Geld-Betrug-Schockanruf-Rentner-300x190.jpg 300w, https:\/\/speyer24news.com\/wp-content\/uploads\/2022\/04\/Geld-Betrug-Schockanruf-Rentner-768x487.jpg 768w, https:\/\/speyer24news.com\/wp-content\/uploads\/2022\/04\/Geld-Betrug-Schockanruf-Rentner.jpg 1280w\" sizes=\"(max-width: 1024px) 100vw, 1024px\" \/><\/figure><\/div>\n\n\n\n<p>Eine 62-j\u00e4hrige Eberbacherin wurde im Laufe der vergangenen Tage mehrfach Opfer einer Betrugsmasche, die in den letzten Wochen in der Region immer weiter Verbreitung findet.<\/p>\n\n\n\n<p>Am Montagnachmittag, gegen 15.45 Uhr erhielt die Frau eine Nachricht via WhatsApp, die angeblich deren Sohn geschickt haben soll. Dieser angebliche Sohn bat sie, unter Vorspiegelung falscher Tatsachen und einer &#8222;neuen Handynummer&#8220;, um \u00dcberweisung von zun\u00e4chst rund 2.000.- Euro, was die Frau auch tat.<\/p>\n\n\n\n<p>In den folgenden Tagen erhielt sie weitere Nachrichten mit der Bitte, weiteres Geld zu \u00fcberweisen. Bis zum Donnerstag, den 12. Mai summierten sich die Betr\u00e4ge auf insgesamt \u00fcber 8.000.- Euro.<\/p>\n\n\n\n<p>Als am Abend des 12. Mai der Sohn der 62-J\u00e4hrigen zuf\u00e4llig zu Besuch bei seiner Mutter erschien, stellten beide den Betrug fest und informierten die Polizei.<\/p>\n\n\n\n<p>Das Betrugsdezernat der Kriminalpolizeidirektion Heidelberg hat die weiteren Ermittlungen \u00fcbernommen.<\/p>\n\n\n\n<p>Die Ermittler bitten wiederholt eindringlich um Vorsicht und raten zu Misstrauen, wenn WhatsApp-Nachrichten von angeblichen Familienangeh\u00f6rigen eintreffen und auf diese Art und Weise um Geld bitten. Angeschriebene sollten sich davon nicht unter Druck setzen lassen und nicht antworten. Zun\u00e4chst sollte unbedingt pers\u00f6nlich oder \u00fcber die bekannten Telefonnummern gekl\u00e4rt werden, ob es sich bei dem Absender wirklich um Familienangeh\u00f6rige handelt. Niemals sollte man sich verleitet f\u00fchlen, vorschnell Geld auf ein unbekanntes Konto zu \u00fcberweisen. Ein vollendeter Betrug, aber auch bereits ein Betrugsversuch sollte unverz\u00fcglich bei der \u00f6rtlichen Polizeidienststelle angezeigt werden.<\/p>\n\n\n\n<h2 class=\"wp-block-heading\">(Neckargm\u00fcnd \/ Rhein-Neckar-Kreis) &#8211; Unfallflucht; hoher Schaden; Zeugen gesucht<\/h2>\n\n\n\n<p>Bereits zwischen Dienstag, dem 03. Mai, 14 Uhr und Donnerstag, dem 05. Mai, 09.30 Uhr, besch\u00e4digte ein unbekannter Autofahrer beim Vorbeifahren einen Porsche Cayenne, der Fahrbahnrand in der Michael-Gerber-Stra\u00dfe geparkt war. Dabei hinterlie\u00df er einen Schaden von \u00fcber 3.000.- Euro. Aufgrund des Schadensbildes d\u00fcrfte das Fahrzeug des Verursachers auch sichtbare Sch\u00e4den ausweisen. Zeugen wenden sich bitte an das Polizeirevier Neckargem\u00fcnd, Tel.: 06223\/9254-0.<\/p>\n\n\n\n<h2 class=\"wp-block-heading\">(Heddesheim \/ Rhein-Neckar-Kreis) &#8211; Verkehrsunfall in der Ringstra\u00dfe \/ Zeugen gesucht<\/h2>\n\n\n\n<p>Am sp\u00e4ten Donnerstagnachmittag gegen 17:30 Uhr kam es im Bereich der Kreuzung Ringstra\u00dfe\/Ahornstra\u00dfe zu einem Verkehrsunfall zwischen einem Opel und einem Skoda. Bei dem Skoda handelt es sich um einen Notarztfahrzeug des Rettungsdienstes. Nach derzeitigem Ermittlungsstand fuhr das Fahrzeug des Rettungsdienstes im Rahmen einer Einsatzfahrt mit Blaulicht und Sondersignal von der Gro\u00dfsachsener Stra\u00dfe in Richtung der Muckensturmer Stra\u00dfe. Kurz vor der Ahornstra\u00dfe \u00fcberholte das Notarzteinsatzfahrzeug den Opel. Der Opel bog w\u00e4hrend des \u00dcberholvorgangs von der Ringstra\u00dfe in die Ahornstra\u00dfe ab, wodurch es zum Zusammensto\u00df beider Fahrzeuge kam. Durch die Kollision wurde die 86-j\u00e4hrige Opel-Fahrerin leicht verletzt und in ein nahegelegenes Krankenhaus gebracht. Insgesamt entstand ein Sachschaden von 10.000 Euro. Zur weiteren Aufhellung des Unfallhergangs werden Zeugen des Unfalls gebeten, sich mit dem Verkehrsdienst Mannheim unter 0621\/174-4222 in Verbindung zu setzen.<\/p>\n\n\n\n<h2 class=\"wp-block-heading\">(A 659 \/ Viernheim \/ Weinheim \/ Rhein-Neckar-Kreis) &#8211;   A 659 aktuell wegen eines schweren Verkehrsunfalls voll gesperrt; Zwei Schwerverletzte und ein Schaden von \u00fcber 100.000.- bei Unfall auf A 659<\/h2>\n\n\n\n<p>Die A 659 ist aktuell (13.05.2022 \u2013 12:04) zwischen Weinheim und Viernheim-Ost wegen eines schweren Verkehrsunfalls in Richtung Mannheim voll gesperrt.<\/p>\n\n\n\n<p>Die Rettungsdienste sind im Einsatz.<\/p>\n\n\n\n<h3 class=\"has-text-align-center wp-block-heading\">Pressemitteilung Nr. 2<\/h3>\n\n\n\n<p>Entgegen der ersten Unfallmeldung ereignete sich der Verkehrsunfall auf der A 659 zwischen Mannheim und Weinheim, kurz nach der Anschlussstelle Viernheim-Ost in Richtung Weinheim.<\/p>\n\n\n\n<p>Ein 76-j\u00e4hriger Mercedes-Fahrer war am sp\u00e4ten Freitagvormittag auf der A 659 von Mannheim in Richtung Weinheim unterwegs. Kurz nach Passieren der Anschlussstelle Viernheim-Ost setzte er gegen 11.30 Uhr zum \u00dcberholen an und wechselte vom rechten auf den linken Fahrstreifen. Dabei \u00fcbersah er einen 22-j\u00e4hrigen Porsche-Fahrer, der seinerseits auf der linken Spur in Richtung Weinheim unterwegs war.<\/p>\n\n\n\n<p>Durch die Kollision beider Fahrzeuge wurden diese total besch\u00e4digt und beide Fahrer schwer verletzt. Sie wurden mit zwei Rettungswagen in Heidelberger und Mannheimer Kliniken gebracht.<\/p>\n\n\n\n<p>Beide Fahrzeuge wurden abgeschleppt. Der Sachschaden bel\u00e4uft sich nach ersten Sch\u00e4tzungen auf weit \u00fcber 100.000.- Euro.<\/p>\n\n\n\n<p>Die Fahrbahn in Richtung Weinheim ist seit 12.45 Uhr wieder komplett frei.<\/p>\n\n\n\n<h2 class=\"wp-block-heading\">(Weinheim \/ Rhein-Neckar-Kreis) &#8211; Fahrzeug geht in Flammen auf \/ Zeugen gesucht<\/h2>\n\n\n\n<div class=\"wp-block-image\"><figure class=\"aligncenter size-full\"><img decoding=\"async\" loading=\"lazy\" width=\"800\" height=\"600\" src=\"https:\/\/speyer24news.com\/wp-content\/uploads\/2019\/09\/Feuerwehr-Speyer-II@Nina-Ebert.jpg\" alt=\"\" class=\"wp-image-19060\" srcset=\"https:\/\/speyer24news.com\/wp-content\/uploads\/2019\/09\/Feuerwehr-Speyer-II@Nina-Ebert.jpg 800w, https:\/\/speyer24news.com\/wp-content\/uploads\/2019\/09\/Feuerwehr-Speyer-II@Nina-Ebert-300x225.jpg 300w, https:\/\/speyer24news.com\/wp-content\/uploads\/2019\/09\/Feuerwehr-Speyer-II@Nina-Ebert-768x576.jpg 768w, https:\/\/speyer24news.com\/wp-content\/uploads\/2019\/09\/Feuerwehr-Speyer-II@Nina-Ebert-678x509.jpg 678w, https:\/\/speyer24news.com\/wp-content\/uploads\/2019\/09\/Feuerwehr-Speyer-II@Nina-Ebert-326x245.jpg 326w, https:\/\/speyer24news.com\/wp-content\/uploads\/2019\/09\/Feuerwehr-Speyer-II@Nina-Ebert-80x60.jpg 80w\" sizes=\"(max-width: 800px) 100vw, 800px\" \/><figcaption>Symbolbild Feuerwehreinsatz<\/figcaption><\/figure><\/div>\n\n\n\n<p>Am sp\u00e4ten Donnerstagabend kurz nach 23 Uhr meldeten Zeugen den Brand eines Fahrzeuges in der H\u00e4ndelstra\u00dfe auf dem Gel\u00e4nde eines Autohauses. Beim Eintreffen der Einsatzkr\u00e4fte stand der BMW bereits in Vollbrand und die Flammen hatten auf einen weiteren BMW, welcher sich daneben befand, bereits \u00fcbergegriffen. Der Sachschaden liegt bei mindestens 15.000 Euro. Das Polizeirevier Weinheim hat die Brandermittlungen \u00fcbernommen. M\u00f6glicherweise ist ein technischer Defekt brandurs\u00e4chlich. Da zum jetzigen Zeitpunkt eine vors\u00e4tzlich herbeigef\u00fchrte Brandursache nicht g\u00e4nzlich ausgeschlossen werden kann, werden Zeugen gebeten, welche zur Tatzeit etwas Verd\u00e4chtiges im Bereich des Autohauses beobachtet haben, sich unter Tel.: 06201\/1003-0 zu melden.<\/p>\n","protected":false},"excerpt":{"rendered":"<div class=\"mh-excerpt\"><p>Polizeimeldungen vom Freitag (13.05.2022) (Speyer) &#8211; Not-\u00d6ffnung eines PKW durch die Polizei Am 13.05.2022 um 11:59 Uhr rief eine 34-J\u00e4hrige auf dem Parkplatz eines Supermarktes in der Else-Krieg-Stra\u00dfe in Speyer die Polizei zu Hilfe, da <a class=\"mh-excerpt-more\" href=\"https:\/\/speyer24news.com\/?p=45994\" title=\"Polizei\">[&#8230;]<\/a><\/p>\n<\/div>","protected":false},"author":3,"featured_media":26162,"comment_status":"open","ping_status":"open","sticky":false,"template":"","format":"standard","meta":{"_monsterinsights_skip_tracking":false,"_monsterinsights_sitenote_active":false,"_monsterinsights_sitenote_note":"","_monsterinsights_sitenote_category":0,"footnotes":""},"categories":[12],"tags":[7243,7244,3614,702,61,2555,6955,6986,6263,63,105,11150,6987,53,4854,13534,4683,1548,4905,11592,102,13626,213,14325,14324,13553,13541,55,8277,6368,5261,103,106,2803,2423,427,2625,380,62,104,979,1565],"aioseo_notices":[],"amp_enabled":true,"_links":{"self":[{"href":"https:\/\/speyer24news.com\/index.php?rest_route=\/wp\/v2\/posts\/45994"}],"collection":[{"href":"https:\/\/speyer24news.com\/index.php?rest_route=\/wp\/v2\/posts"}],"about":[{"href":"https:\/\/speyer24news.com\/index.php?rest_route=\/wp\/v2\/types\/post"}],"author":[{"embeddable":true,"href":"https:\/\/speyer24news.com\/index.php?rest_route=\/wp\/v2\/users\/3"}],"replies":[{"embeddable":true,"href":"https:\/\/speyer24news.com\/index.php?rest_route=%2Fwp%2Fv2%2Fcomments&post=45994"}],"version-history":[{"count":2,"href":"https:\/\/speyer24news.com\/index.php?rest_route=\/wp\/v2\/posts\/45994\/revisions"}],"predecessor-version":[{"id":45999,"href":"https:\/\/speyer24news.com\/index.php?rest_route=\/wp\/v2\/posts\/45994\/revisions\/45999"}],"wp:featuredmedia":[{"embeddable":true,"href":"https:\/\/speyer24news.com\/index.php?rest_route=\/wp\/v2\/media\/26162"}],"wp:attachment":[{"href":"https:\/\/speyer24news.com\/index.php?rest_route=%2Fwp%2Fv2%2Fmedia&parent=45994"}],"wp:term":[{"taxonomy":"category","embeddable":true,"href":"https:\/\/speyer24news.com\/index.php?rest_route=%2Fwp%2Fv2%2Fcategories&post=45994"},{"taxonomy":"post_tag","embeddable":true,"href":"https:\/\/speyer24news.com\/index.php?rest_route=%2Fwp%2Fv2%2Ftags&post=45994"}],"curies":[{"name":"wp","href":"https:\/\/api.w.org\/{rel}","templated":true}]}}