{"id":46009,"date":"2022-05-15T06:15:50","date_gmt":"2022-05-15T05:15:50","guid":{"rendered":"https:\/\/speyer24news.com\/?p=46009"},"modified":"2022-05-15T06:21:02","modified_gmt":"2022-05-15T05:21:02","slug":"polizei-808","status":"publish","type":"post","link":"https:\/\/speyer24news.com\/?p=46009","title":{"rendered":"Polizei"},"content":{"rendered":"<style type=\"text\/css\">\r\n\t.ads_top_disp{}\r\n\t.ads_top_corner_disp{ float:left; margin:0px 10px 10px 0px; }\r\n\t.ads_first_p_disp{}\r\n\t.ads_bottom_disp{}\r\n\t<\/style>\n<h2 class=\"wp-block-heading\">Polizeimeldungen vom Samstag (14.05.2022) <\/h2>\n\n\n\n<div class=\"wp-block-image\"><figure class=\"aligncenter size-full\"><img decoding=\"async\" loading=\"lazy\" width=\"375\" height=\"500\" src=\"https:\/\/speyer24news.com\/wp-content\/uploads\/2022\/03\/Aktuelles-Polizeilogo.jpg\" alt=\"\" class=\"wp-image-43591\" srcset=\"https:\/\/speyer24news.com\/wp-content\/uploads\/2022\/03\/Aktuelles-Polizeilogo.jpg 375w, https:\/\/speyer24news.com\/wp-content\/uploads\/2022\/03\/Aktuelles-Polizeilogo-225x300.jpg 225w\" sizes=\"(max-width: 375px) 100vw, 375px\" \/><\/figure><\/div>\n\n\n\n<h2 class=\"wp-block-heading\">(Speyer) &#8211; Sachbesch\u00e4digungen an PKW in der Innenstadt von Speyer<\/h2>\n\n\n\n<p>In der Nacht von Freitag auf Samstag wurden mehrere Fahrzeuge in der Innenstadt von Speyer besch\u00e4digt. Die T\u00e4ter traten im Bereich der Hasenpfuhlstra\u00dfe gegen die Au\u00dfenspiegel von geparkten Autos, mindestens zwei Fahrzeuge wurden dabei besch\u00e4digt. Ein Zeuge konnte das Aussehen und die Fluchtrichtung der T\u00e4ter benennen, wodurch zwei Personen festgestellt werden konnten. Diese versuchten sich im Uferbereich des Woogbaches zu verstecken und anschlie\u00dfend vor den Polizeibeamten zu fl\u00fcchten. Bei der Festnahme der in Speyer wohnhaften Personen mussten die Polizeibeamten Pfefferspray einsetzen.<\/p>\n\n\n\n<p>Da beide Personen bereits wenige Stunden zuvor in der St.-German-Stra\u00dfe in Speyer der Begehung von Sachbesch\u00e4digungen an Fahrzeugen verd\u00e4chtigt wurden, wurde der 16-j\u00e4hrige T\u00e4ter im weiteren Verlauf seinen Eltern \u00fcberstellt, der 19-j\u00e4hrige T\u00e4ter in Gewahrsam genommen. Die entstandene Schadensh\u00f6he ist noch nicht bekannt.<\/p>\n\n\n\n<h2 class=\"wp-block-heading\">(Neupotz) &#8211; Unter Drogeneinfluss Auto gefahren<\/h2>\n\n\n\n<p>Ein 21-j\u00e4hriger Mann aus Neupotz wurde durch Polizeibeamte der Polizei W\u00f6rth mit seinem Auto einer Verkehrskontrolle unterzogen. Ein Drogenvortest verlief positiv auf mehrere Stoffgruppen. Der F\u00fchrerschein wurde einbehalten und dem jungen Mann eine Blutprobe entnommen.<\/p>\n\n\n\n<h2 class=\"wp-block-heading\">(W\u00f6rth am Rhein) &#8211; Einbruch in Wohnung<\/h2>\n\n\n\n<p>W\u00e4hrend das gesch\u00e4digte Ehepaar schlief, brachen unbekannte T\u00e4ter in die gemeinsame Wohnung der Gesch\u00e4digten in W\u00f6rth ein. Hierbei wurde Bargeld im niedrigen vierstelligen Bereich entwendet.<\/p>\n\n\n\n<h2 class=\"wp-block-heading\">(Hagenbach) &#8211; Fehlendes Licht f\u00fchrt zur Strafanzeige<\/h2>\n\n\n\n<p>Polizeibeamte aus W\u00f6rth wollten am 14.05.2022 kurz nach Mitternacht einen entgegenkommenden Fahrradfahrer darauf aufmerksam machen, dass er ohne Licht f\u00e4hrt. Hierbei wurde festgestellt, dass der 47-j\u00e4hrige Mann aus Hagenbach merklich alkoholisiert war. Nachdem ein Atemalkoholtest einen Wert von 1,80 Promille ergab, musste dem Mann im Anschluss eine Blutprobe entnommen werden.<\/p>\n\n\n\n<h2 class=\"wp-block-heading\">(Kandel) &#8211; Geschwindigkeits\u00fcberwachung<\/h2>\n\n\n\n<p>Am Morgen des 13.05.2022 wurden im Bereich der Landauer Stra\u00dfe in Kandel Geschwindigkeitskontrollen durchgef\u00fchrt. 25 der 105 gemessenen Fahrzeuge fuhren hierbei zu schnell. Mit 104 gemessenen Stundenkilometern entging ein Autofahrer knapp einem Fahrverbot.<\/p>\n\n\n\n<h2 class=\"wp-block-heading\">(B 38 \/ Niederhorbach) &#8211; Beinahezusammensto\u00df mit Gegenverkehr <\/h2>\n\n\n\n<p>Bei Niederhorbach kam es am Freitag dem 13.05.22, gegen 10:30 Uhr, fast zu einem Verkehrsunfall mit Frontalzusammensto\u00df. Eine 70-J\u00e4hrige PKW-Fahrerin aus der VG Bad Bergzabern \u00fcberholte auf der B38, zwischen Billigheim-Ingenheim und Niederhorbach an einer Steigung einen Pannen-LKW. Nach dem Einscheren bemerkte die Fahrerin, dass sie ebenfalls von einem Fahrzeug \u00fcberholt wurde, obwohl dessen Fahrzeugf\u00fchrer oder Fahrzeugf\u00fchrerin den PKW im Gegenverkehr vermutlich nicht sehen konnte. Die 70-j\u00e4hrige Frau musste eine Gefahrbremsung und ausweichende Lenkbewegungen durchf\u00fchren um dem \u00fcberholenden PKW das unfallfreie Einscheren zu erm\u00f6glichen. Sowohl die 70 j\u00e4hrige Fahrzeugf\u00fchrerin als auch ihr 83-j\u00e4hriger Beifahrer sind der \u00dcberzeugung, dass es ohne ihr Fahrman\u00f6ver zu einem Frontalzusammensto\u00df zwischen dem \u00fcberholenden PKW und dem Gegenverkehr gekommen w\u00e4re. Aus diesem Grund wurde bei der PI Bad Bergzabern eine Strafanzeige wegen Gef\u00e4hrdung des Stra\u00dfenverkehrs aufgenommen. Die Polizei Bad Bergzabern nimmt in diesem Zusammenhang Zeugenhinweise unter 06343\/93340 oder&nbsp;<a href=\"mailto:pibadbergzabern@polizei.rlp.de\">pibadbergzabern@polizei.rlp.de<\/a>&nbsp;entgegen und bittet insbesondere die gef\u00e4hrdete Fahrzeugf\u00fchrerin oder den Fahrzeugf\u00fchrer des Gegenverkehrs sich bei der Polizei zu melden.<\/p>\n\n\n\n<h2 class=\"wp-block-heading\">(Edenkoben) &#8211; Trunkenheitsfahrt verhindert<a href=\"https:\/\/www.facebook.com\/sharer.php?u=https%3A%2F%2Fwww.presseportal.de%2Fblaulicht%2Fpm%2F117686%2F5222036%2F%3Futm_source%3Dfacebook%26utm_medium%3Dsocial\"><\/a><a href=\"https:\/\/twitter.com\/intent\/tweet?text=POL-PDLD%3A%20Trunkenheitsfahrt%20verhindert&amp;url=https%3A%2F%2Fwww.presseportal.de%2Fblaulicht%2Fpm%2F117686%2F5222036%2F%3Futm_source%3Dtwitter%26utm_medium%3Dsocial&amp;hashtags=ots&amp;lang=de\"><\/a><a href=\"https:\/\/web.whatsapp.com\/send?text=POL-PDLD%3A%20Trunkenheitsfahrt%20verhindert%0A%0Ahttps%3A%2F%2Fwww.presseportal.de%2Fblaulicht%2Fpm%2F117686%2F5222036%2F%3Futm_source%3Dwhatsapp%26utm_medium%3Dsocial\"><\/a><a href=\"https:\/\/www.xing.com\/app\/user?op=share;url=https%3A%2F%2Fwww.presseportal.de%2Fblaulicht%2Fpm%2F117686%2F5222036%2F%3Futm_source%3Dxing%26utm_medium%3Dsocial\"><\/a><a href=\"http:\/\/www.linkedin.com\/shareArticle?mini=true&amp;url=https%3A%2F%2Fwww.presseportal.de%2Fblaulicht%2Fpm%2F117686%2F5222036%2F%3Futm_source%3Dlinkedin%26utm_medium%3Dsocial&amp;title=POL-PDLD%3A+Trunkenheitsfahrt+verhindert\"><\/a><a href=\"mailto:?subject=POL-PDLD%3A%20Trunkenheitsfahrt%20verhindert&amp;body=https:\/\/www.presseportal.de\/blaulicht\/pm\/117686\/5222036\"><\/a><\/h2>\n\n\n\n<p>Im Rahmen der Streifent\u00e4tigkeit konnten Beamte der PI Edenkoben in den fr\u00fchen Abendstunden des 13.05.2022 einen Herrn dabei beobachten, wie dieser auf dem Fahrersitz seines PKW sa\u00df und Bier trank. Im Innenraum des Fahrzeugs wurden weiter diverse leere Beh\u00e4ltnisse alkoholischer Getr\u00e4nke festgestellt. Einem freiwilligen Atemalkoholtest stimmte der Verantwortliche zu. Da dieser einen Promillewert von 1,03 ergab, wurde die Weiterfahrt untersagt und Fahrzeugschl\u00fcssel sowie F\u00fchrerschein pr\u00e4ventiv sichergestellt. Strafrechtliche Konsequenzen drohen dem Herrn nicht.<\/p>\n\n\n\n<h2 class=\"wp-block-heading\">(Edenkoben) &#8211; Mit dem Schrecken davongekommen<\/h2>\n\n\n\n<p>Am Mittag des 13.05.2022 sagte ein 41-j\u00e4hriger B\u00fcrger in Edenkoben ungeliebtem Unkraut den Kampf an. Beim Versuch, den unerw\u00fcnschten Pflanzen mittels Unkrautbrenner den Garaus zu machen, geriet versehentlich das Hoftor seines Nachbarn in Brand. Gl\u00fccklicherweise konnte er das Feuer noch vor Eintreffen der Rettungskr\u00e4fte selbst l\u00f6schen, sodass letztlich kein Schaden entstand.<\/p>\n\n\n\n<h2 class=\"wp-block-heading\">(Ha\u00dfloch &amp; Meckenheim) &#8211; Geschwindigkeitskontrollen<\/h2>\n\n\n\n<p>Die Einhaltung der Geschwindigkeitsbegrenzungen hat die Polizei am Freitag (12. Mai) zwischen 9 und 13 Uhr in den Gemeinden Ha\u00dfloch und Meckenheim \u00fcberwacht. In der Ruppertsberger Stra\u00dfe (Meckenheim) standen die Beamten um 9:45 Uhr f\u00fcr eine Dreiviertelstunde. Gegen 11 Uhr waren sie bereits in der Gottlieb-Duttenh\u00f6fer-Stra\u00dfe (Ha\u00dfloch). An Bei den Kontrollstellen kam es zu keinen \u00dcbertretungen. Um die Mittagszeit verlagerten die Polizei in die Westrandstra\u00dfe (Ha\u00dfloch). Dort waren zwei Autofahrer zu schnell. Au\u00dferdem erhoben die Beamten zwei Verwarnungen wegen fehlender Dokumente und stellten zwei M\u00e4ngelberichte aus. -die Polizei Ha\u00dfloch k\u00fcndigte weitere Geschwindigkeitsmessungen an.<\/p>\n\n\n\n<h2 class=\"wp-block-heading\">(Wachenheim) &#8211; Einbruch in Baustellengel\u00e4nde<\/h2>\n\n\n\n<p>Am Samstag, den 14.05.2022 gegen 01:30 Uhr, kam es im Baustellenbereich der Bundesstra\u00dfe 271, zur Landesstra\u00dfe 525, in Wachenheim a.d. Weinstra\u00dfe zum Einbruchsdiebstahl. Bislang unbekannte T\u00e4ter verschafften sich durch Aufbrechen eines Schlosses Zutritt zum Baustellengel\u00e4nde und durchforsteten dieses. Durch ein Sicherheitsunternehmen konnte die zust\u00e4ndige Polizeidienststelle informiert werden. Im Rahmen von Fahndungsma\u00dfnahmen konnten keine T\u00e4ter aufgegriffen werden. Die genaue Schadenssumme ist derzeit ungekl\u00e4rt, die polizeilichen Ermittlungen dauern an.<\/p>\n\n\n\n<p>Die Polizei bittet um Mitteilung potentieller Zeugen, hinsichtlich verd\u00e4chtiger Wahrnehmungen im Bereich der Bundesstra\u00dfe.<\/p>\n\n\n\n<h2 class=\"wp-block-heading\">(Friedelsheim) &#8211; Trunkenheitsfahrt und Fahren ohne Fahrerlaubnis<\/h2>\n\n\n\n<p>Am Freitag, den 13.05.2022 kam es gegen 19:45 Uhr zu einer Trunkenheitsfahrt, in Verbindung mit einem Fahren ohne F\u00fchrerschein in Friedelsheim. Durch den aufmerksamen 20-j\u00e4hrigen Zeugen wurde der Polizeiinspektion Bad D\u00fcrkheim ein schlangenlinienfahrender PKW der Marke BMW gemeldet. Dieser befuhr zun\u00e4chst die A650 von Ludwigshafen a.R. kommend in Fahrtrichtung Bad D\u00fcrkheim. An der Autobahnabfahrt Friedelsheim fuhr der 33-j\u00e4hrige BMW Fahrer aus dem Landkreis Bad D\u00fcrkheim auf diese Abfahrt und blieb dort unvermittelt stehen. Der Zeuge hielt ebenfalls an und versuchte den BMW Fahrer anzusprechen. Dieser reagierte jedoch nicht und setzte seine Fahrt in Richtung Friedelsheim fort. In der Von-Wieser-Stra\u00dfe in Friedelsheim angekommen, konnte der BMW durch den Zeugen am Weiterfahren gehindert werden. Er konnte nun durch die hinzugezogene Streifenwagenbesatzung einer Verkehrskontrolle unterzogen werden. Bei dem BMW Fahrer konnten sofort alkoholtypische Ausfallerscheinungen festgestellt werden. Ein freiwillig durchgef\u00fchrter Atemalkoholtest ergab einen stolzen Wert von 3,51 Promille. Zus\u00e4tzlich gab der 33-j\u00e4hrige an, keinen F\u00fchrerschein mehr zu besitzen da ihm dieser bereits in der Vergangenheit entzogen wurde. Auf hiesiger Dienststelle wurde ihm eine Blutprobe entnommen. Seine Fahrzeugschl\u00fcssel wurden ebenfalls sichergestellt. Der Fahrer muss sich nun auf mehrere Strafanzeigen gefasst machen.<\/p>\n\n\n\n<p>Durch das beherzte Eingreifen des Zeugen konnte Schlimmeres verhindert werden.<\/p>\n\n\n\n<h2 class=\"wp-block-heading\">(Bad D\u00fcrkheim) &#8211; Fahren unter Cannabiseinfluss<\/h2>\n\n\n\n<p>Ein PKW der Marke VW Jetta wurde am Samstag, den 14.05.2022 gegen 00:50 Uhr in der Kanalstra\u00dfe in Bad D\u00fcrkheim einer allgemeinen Verkehrskontrolle unterzogen. Bei dem 20-j\u00e4hrigen Fahrer konnten drogentypische Ausfallerscheinungen festgestellt werden. Ein auf der Dienststelle freiwillig durchgef\u00fchrter Urintest verlief positiv auf THC. Der Fahrer r\u00e4umte ein vor Fahrtantritt Cannabis konsumiert zu haben. Der F\u00fchrerschein, sowieso die Fahrzeugschl\u00fcssel des VW wurden sichergestellt. Eine Blutprobe wurde dementsprechend entnommen.<\/p>\n\n\n\n<p>Der Fahrer muss sich nun auf ein Bu\u00dfgeld und ein Fahrverbot gefasst machen. Zudem wird eine separate Strafanzeige wegen des Besitzes von Bet\u00e4ubungsmitteln erstattet.<\/p>\n\n\n\n<h2 class=\"wp-block-heading\">(Lambsheim) &#8211; Sachbesch\u00e4digung an PKW<\/h2>\n\n\n\n<p>Der Gesch\u00e4digte hatte sein Fahrzeug, einen Jeep Renegade am 13.05.2022 im Zeitraum zwischen 14:00 Uhr &#8211; 20:30 Uhr in der Konrad-Adenauer-Stra\u00dfe in Lambsheim am Fahrbahnrand geparkt abgestellt. Bei der R\u00fcckkunft zu seinem Fahrzeug musste er zwei gro\u00dfe Kratzer auf der Motorhaube feststellen.<\/p>\n\n\n\n<p>Zeugen werden gebeten sich an die Polizeiinspektion Frankenthal unter der Tel.-Nr.: 06233\/313-0 oder an die Polizeiwache Maxdorf unter der Tel.-Nr.: 06237\/934-1100 zu wenden. Gerne nehmen wir Ihre Hinweise auch per E-Mail unter&nbsp;<a href=\"mailto:pifrankenthal@polizei.rlp.de\">pifrankenthal@polizei.rlp.de<\/a>&nbsp;entgegen.<\/p>\n\n\n\n<h2 class=\"wp-block-heading\">(Bobenheim-Roxheim) &#8211; Streit um Hundefutterkosten eskaliert<\/h2>\n\n\n\n<div class=\"wp-block-image\"><figure class=\"aligncenter size-full\"><img decoding=\"async\" loading=\"lazy\" width=\"800\" height=\"533\" src=\"https:\/\/speyer24news.com\/wp-content\/uploads\/2022\/04\/Mann-Wuetend-Streit.jpg\" alt=\"\" class=\"wp-image-45247\" srcset=\"https:\/\/speyer24news.com\/wp-content\/uploads\/2022\/04\/Mann-Wuetend-Streit.jpg 800w, https:\/\/speyer24news.com\/wp-content\/uploads\/2022\/04\/Mann-Wuetend-Streit-300x200.jpg 300w, https:\/\/speyer24news.com\/wp-content\/uploads\/2022\/04\/Mann-Wuetend-Streit-768x512.jpg 768w\" sizes=\"(max-width: 800px) 100vw, 800px\" \/><figcaption>Symbolfoto &#8222;Streit&#8220;<\/figcaption><\/figure><\/div>\n\n\n\n<p>Nachdem eine 55-j\u00e4hrige Frau in der vergangenen Woche auf den Hund ihrer 61-j\u00e4hrigen Nachbarin aufgepasst hatte, kam es am 13.05.2022 gegen 15:30 Uhr in Bobenheim-Roxheim zwischen den beiden Frauen zum Streit. Grund des Streites seien Unstimmigkeiten \u00fcber die Hundefutterkosten gewesen. Das Streitgespr\u00e4ch m\u00fcndete in eine Rangelei zwischen den beiden Frauen, bei welcher die 61-j\u00e4hrige Frau ihrer 55-j\u00e4hrigen Nachbarin an den Haaren zog und diese wiederum ihre Kontrahentin derart fest am Oberarm packte, dass diese mehrere H\u00e4matome erlitt. Bereits vor dem Streit soll es zu Beleidigungen via eines Messengerdienstes gekommen sein. Gegen beide Frauen wurden entsprechende Strafverfahren eingeleitet.<\/p>\n\n\n\n<h2 class=\"wp-block-heading\">(Ludwigshafen) &#8211; 24-J\u00e4hriger Pkw-Fahrer mit 1,88 Promille unterwegs<\/h2>\n\n\n\n<p>Am fr\u00fchen Samstagmorgen, dem 14.05.2022, gegen 02:45 Uhr, wurde ein 24-j\u00e4hriger Pkw-Fahrer in der Rheinallee in Ludwigshafen am Rhein einer Verkehrskontrolle unterzogen. Dieser war den Polizisten zuvor durch seine auff\u00e4llige Fahrweise aufgefallen. Der 24-J\u00e4hrige befuhr die Rheinallee mit stark \u00fcberh\u00f6hter Geschwindigkeit und touchierte im dortigen Baustellenbereich mehrfach beinahe die Baustellenbegrenzung. Aufgrund seiner unsicheren Fahrweise wurde ihm im Rahmen der Verkehrskontrolle ein freiwilliger Atemalkoholtest angeboten. Dieser ergab einen Wert von 1,88 Promille. Zwecks Blutprobenentnahme wurde der junge Mann auf hiesige Dienststelle verbracht. Sein F\u00fchrerschein wurde durch die Polizei einbehalten.<\/p>\n\n\n\n<p>Ein Strafverfahren wegen der Trunkenheit im Stra\u00dfenverkehr wurde eingeleitet.<\/p>\n\n\n\n<h2 class=\"wp-block-heading\">(Ludwigshafen) &#8211; Unter Alkoholeinfluss Verkehrsunfall verursacht<\/h2>\n\n\n\n<p>In der Nacht von Freitag auf Samstag, den 14.05.2022, gegen 01:45 Uhr, befuhr ein 21-J\u00e4hriger mit seinem Ford die Von-Weber-Stra\u00dfe in Ludwigshafen am Rhein. Im Kreuzungsbereich zur Marschnerstra\u00dfe kollidierte der 21-J\u00e4hrige am rechten Fahrbahnrand mit einem Verkehrsschild, welches in der Folge aus der Verankerung gerissen wurde und sich in den Motorraum des Ford dr\u00fcckte. Bei dem am Pkw entstandenen Sachschaden d\u00fcrfte es sich um einen wirtschaftlichen Totalschaden handeln. W\u00e4hrend der Aufnahme des Verkehrsunfalls konnten die Polizisten beim 21-J\u00e4hrigen Atemalkoholgeruch feststellen. Ein durchgef\u00fchrter Alkoholtest ergab einen Wert von 2,31 Promille, weshalb ihm anschlie\u00dfend auf der Polizeidienststelle eine Blutprobe entnommen wurde. Er muss sich nun wegen Gef\u00e4hrdung des Stra\u00dfenverkehrs verantworten.<\/p>\n\n\n\n<h2 class=\"wp-block-heading\">(Ludwigshafen) &#8211; Unter Drogeneinfluss Verkehrsunfall verursacht<\/h2>\n\n\n\n<p>Am fr\u00fchen Freitagabend, dem 13.05.2022, gegen 18:15 Uhr, kam es am Paul-Kleefoot-Platz in Ludwigshafen am Rhein zu einem Verkehrsunfall. Hierbei kollidierte ein 20-j\u00e4hriger Fahrer eines Golf mit den Begrenzungssteinen einer Verkehrsinsel und fl\u00fcchtete im Anschluss mit seinem Fahrzeug von der Unfall\u00f6rtlichkeit. Der Unfall konnte durch eine Zeugin beobachtet werden, welche letztlich die Polizei verst\u00e4ndigte. Durch Polizeikr\u00e4fte konnten sowohl der Golf als auch der 20-j\u00e4hrige Fahrer auf einem nahegelegenen Parkplatz festgestellt werden. Im Rahmen der Verkehrsunfallaufnahme wies der 20-J\u00e4hrige drogentypische Ausfallerscheinungen auf, weshalb ihm im Anschluss auf der Polizeidienststelle eine Blutprobe entnommen wurde. Er muss sich nun wegen des Unerlaubten Entfernens vom Unfallort sowie der Gef\u00e4hrdung des Stra\u00dfenverkehrs verantworten.<\/p>\n\n\n\n<h2 class=\"wp-block-heading\">(Ludwigshafen) &#8211; Rollerfahrer nach Unfall leichtverletzt<a href=\"https:\/\/www.facebook.com\/sharer.php?u=https%3A%2F%2Fwww.presseportal.de%2Fblaulicht%2Fpm%2F117696%2F5222068%2F%3Futm_source%3Dfacebook%26utm_medium%3Dsocial\"><\/a><a href=\"https:\/\/twitter.com\/intent\/tweet?text=POL-PPRP%3A%20Rollerfahrer%20nach%20Unfall%20leichtverletzt&amp;url=https%3A%2F%2Fwww.presseportal.de%2Fblaulicht%2Fpm%2F117696%2F5222068%2F%3Futm_source%3Dtwitter%26utm_medium%3Dsocial&amp;hashtags=ots&amp;lang=de\"><\/a><a href=\"https:\/\/web.whatsapp.com\/send?text=POL-PPRP%3A%20Rollerfahrer%20nach%20Unfall%20leichtverletzt%0A%0Ahttps%3A%2F%2Fwww.presseportal.de%2Fblaulicht%2Fpm%2F117696%2F5222068%2F%3Futm_source%3Dwhatsapp%26utm_medium%3Dsocial\"><\/a><a href=\"https:\/\/www.xing.com\/app\/user?op=share;url=https%3A%2F%2Fwww.presseportal.de%2Fblaulicht%2Fpm%2F117696%2F5222068%2F%3Futm_source%3Dxing%26utm_medium%3Dsocial\"><\/a><a href=\"http:\/\/www.linkedin.com\/shareArticle?mini=true&amp;url=https%3A%2F%2Fwww.presseportal.de%2Fblaulicht%2Fpm%2F117696%2F5222068%2F%3Futm_source%3Dlinkedin%26utm_medium%3Dsocial&amp;title=POL-PPRP%3A+Rollerfahrer+nach+Unfall+leichtverletzt\"><\/a><a href=\"mailto:?subject=POL-PPRP%3A%20Rollerfahrer%20nach%20Unfall%20leichtverletzt&amp;body=https:\/\/www.presseportal.de\/blaulicht\/pm\/117696\/5222068\"><\/a><\/h2>\n\n\n\n<p>Am Freitagvormittag, dem 13.05.2022, gegen 11 Uhr, befuhr ein 35-j\u00e4hriger Rollerfahrer die Bahnhofstra\u00dfe in Ludwigshafen am Rhein. Zur gleichen Zeit befuhr ein 40-j\u00e4hriger Pkw-Fahrer die Bahnhofstra\u00dfe kurzzeitig in entgegengesetzter Richtung um nach links in ein dortiges Parkhaus einzubiegen. Beim Abbiegevorgang \u00fcbersah der 40-J\u00e4hrige den entgegenkommenden Rollerfahrer. Um einen Zusammensto\u00df verhindern zu k\u00f6nnen, mussten sowohl der Pkw- als auch der Rollerfahrer eine Gefahrenbremsung durchf\u00fchren. In der Folge verlor der 35-J\u00e4hrige die Kontrolle \u00fcber sein Fahrzeug und st\u00fcrzte zu Boden. Durch den Sturz zog er sich leichte Verletzungen an Armen und Beinen sowie Schmerzen am Nacken zu. Durch verst\u00e4ndigte Rettungskr\u00e4fte wurde er in ein nahegelegenes Krankenhaus verbracht wurde. Auch am Roller entstand leichter Sachschaden. Dieser wird auf etwa 200,- EUR beziffert.<\/p>\n\n\n\n<h2 class=\"wp-block-heading\">(Mannheim) &#8211; Verkehrsunfall mit Stra\u00dfenbahn<\/h2>\n\n\n\n<p>Am Freitagnachmittag wendete ein 44-j\u00e4hrige Mini-Fahrer verkehrswidrig auf den Gleisen der Konrad-Adenauer-Br\u00fccke und \u00fcbersah die von hinten kommende Stra\u00dfenbahn. Hierdurch kam es zum Zusammensto\u00df, wobei zun\u00e4chst der Verdacht bestand, dass der Pkw-Fahrer in seinem Fahrzeug eingeklemmt worden sei. Aufgrund dessen waren Polizei, Feuerwehr, Rettungsdienst und auch ein Rettungshubschrauber im Einsatz. Der Mini-Fahrer wurde zur medizinischen Behandlung ins Krankenhaus verbracht und konnte kurze Zeit sp\u00e4ter unverletzt entlassen werden. Es entstand Sachschaden in H\u00f6he von ungef\u00e4hr 21.000EUR an dem Pkw und der Stra\u00dfenbahn. Die Konrad-Adenauer-Br\u00fccke blieb bis zum Ende der Unfallaufnahme f\u00fcr die Dauer von 1,5 Stunden gesperrt. Der Unfall wurde durch die Verkehrspolizei Mannheim aufgenommen.<\/p>\n\n\n\n<h2 class=\"wp-block-heading\">(Mannheim-Oststadt) &#8211; R\u00fccksichtsloser Autofahrer in Mannheim unterwegs \/ Zeugenaufruf!<\/h2>\n\n\n\n<div class=\"wp-block-image\"><figure class=\"aligncenter size-full\"><img decoding=\"async\" loading=\"lazy\" width=\"801\" height=\"600\" src=\"https:\/\/speyer24news.com\/wp-content\/uploads\/2020\/05\/Zeugen-gesucht-Neutral.jpg\" alt=\"\" class=\"wp-image-26598\" srcset=\"https:\/\/speyer24news.com\/wp-content\/uploads\/2020\/05\/Zeugen-gesucht-Neutral.jpg 801w, https:\/\/speyer24news.com\/wp-content\/uploads\/2020\/05\/Zeugen-gesucht-Neutral-300x225.jpg 300w, https:\/\/speyer24news.com\/wp-content\/uploads\/2020\/05\/Zeugen-gesucht-Neutral-768x575.jpg 768w, https:\/\/speyer24news.com\/wp-content\/uploads\/2020\/05\/Zeugen-gesucht-Neutral-678x509.jpg 678w, https:\/\/speyer24news.com\/wp-content\/uploads\/2020\/05\/Zeugen-gesucht-Neutral-326x245.jpg 326w, https:\/\/speyer24news.com\/wp-content\/uploads\/2020\/05\/Zeugen-gesucht-Neutral-80x60.jpg 80w\" sizes=\"(max-width: 801px) 100vw, 801px\" \/><\/figure><\/div>\n\n\n\n<p>Ein 22-j\u00e4hriger Mann fiel am Donnerstagabend im Mannheimer Stadtteil Oststadt durch seine r\u00fccksichtslose und verkehrswidrige Fahrweise auf. Eine Polizeistreife bemerkte den 22-J\u00e4hrigen als er mit seinem Mercedes CLS 500 den Friedrichsplatz stadtausw\u00e4rts befuhr. Dabei war er mit einer Geschwindigkeit von fast 90 km\/h, anstatt der hier erlauben 30 bzw. 50 km\/h unterwegs. Im weiteren Verlauf fuhr er die Augustaanlage mit Geschwindigkeiten bis zu \u00fcber 120 km\/h entlang. Dabei fuhr er voranfahrenden Verkehrsteilnehmer stark auf, um diese zum Spurwechsel zu bewegen. Er bremste nur ab, um andere Verkehrsteilnehmer rechts oder links \u00fcberholen zu k\u00f6nnen und anschlie\u00dfend, unter der Ausnutzung der vollen Leistung seines Fahrzeugs, wieder stark zu beschleunigen und die h\u00f6chstm\u00f6gliche Geschwindigkeit zu erreichen. Erst nachdem das Fahrzeug das Planetarium passiert hatte, gelang es den Beamten, die dem Fahrzeug gefolgt waren, den 22-J\u00e4hrigen zu stoppen.<\/p>\n\n\n\n<p>Gegen den jungen Mann wird nun wegen Stra\u00dfenverkehrsgef\u00e4hrdung sowie Teilnahme an einem verbotenen Kraftfahrzeugrennen ermittelt. Sein Fahrzeug muss er jetzt wohl zun\u00e4chst in der Garage stehen lassen, da sein F\u00fchrerschein einbehalten wurde.<\/p>\n\n\n\n<p>Zeugen oder Gef\u00e4hrdete des r\u00fccksichtslosen Fahrverhaltens des 22-J\u00e4hrigen werden gebeten sich beim Verkehrsdienst Mannheim unter 0621\/174-4222 zu melden.<\/p>\n\n\n\n<h2 class=\"wp-block-heading\">(Mannheim-Feudenheim) &#8211; Haltestelle Adolf-Damaschke-Ring \/ Verkehrsunfall zwischen Pkw und Stra\u00dfenbahn &#8211; Rettungskr\u00e4fte auf Anfahrt<\/h2>\n\n\n\n<p>Am Samstag um kurz vor 22 Uhr wurde dem F\u00fchrungs- und Lagezentrum des Polizeipr\u00e4sidiums Mannheim in Kenntnis gesetzt, dass es in H\u00f6he der Haltestelle Adolf-Damaschke-Ring zu einem Unfall zwischen einer Stra\u00dfenbahn und einem Pkw gekommen ist. Aufgrund der erstem Mitteilungen sind Rettungskr\u00e4fte der Feuerwehr, des Rettungsdienstes und der Polizei alarmiert und vor Ort im Einsatz. Es wird nachberichtet.<\/p>\n\n\n\n<h3 class=\"has-text-align-center wp-block-heading\">Pressemeldung Nr. 2<\/h3>\n\n\n\n<p>Wie am sp\u00e4ten Samstagabend berichtet, kam es gegen 22 Uhr zu einem Verkehrsunfall in H\u00f6he der Haltestelle Adolf-Damaschke-Ring. Hierbei befuhr eine 74-J\u00e4hrige mit ihrem VW Golf die Stra\u00dfe am Aubuckel in Richtung Feudenheimer Stra\u00dfe. In H\u00f6he der Einm\u00fcndung Andreas-Hofer-Stra\u00dfe wollte sie den Gleisbereich der Stra\u00dfenbahn \u00fcberqueren, um in die Andreas-Hofer-Stra\u00dfe abzubiegen. Hierbei \u00fcbersah die 74-J\u00e4hrige die in gleicher Richtung fahrende Stra\u00dfenbahn und kollidierte mit dieser im Einm\u00fcndungsbereich. Hierbei wurde der VW Golf auf der Fahrerseite durch die Stra\u00dfenbahn getroffen, dass die Gesch\u00e4digte durch die Feuerwehr \u00fcber die Beifahrerseite aus dem Pkw gerettet werden musste. Anschlie\u00dfend wurde die Gesch\u00e4digte in ein umliegendes Krankenhaus zur weiteren Behandlung gebracht. Dieses konnte sie aber nach kurzer ambulanten Behandlung wieder verlassen, da sie sich nur leichte Verletzungen zuzog. Am VW Golf entstand Sachschaden in H\u00f6he von 8.000 EUR. An der Stra\u00dfenbahn bel\u00e4uft sich der Schaden auf 10.000 EUR. Der VW Golf war nicht mehr fahrbereit und musste abgeschleppt werden. Die Stra\u00dfenbahn wurde zum Depot zur\u00fcckgefahren und zun\u00e4chst au\u00dfer Dienst gestellt. Durch die Bergungsma\u00dfnahmen war die Stra\u00dfenbahnverbindung zwischen 21:49 Uhr &#8211; 23:20 Uhr gest\u00f6rt.<\/p>\n\n\n\n<h2 class=\"wp-block-heading\">(Plankstadt \/ Rhein-Neckar-Kreis) &#8211; Nach Verkehrsunfall unerlaubt von der Unfallstelle entfernt \/ Zeugenaufruf!<\/h2>\n\n\n\n<p>In der Zeit von Donnerstagabend, 19:00 Uhr, bis Freitagmorgen, 07:30 Uhr, stie\u00df ein bislang unbekannter Fahrzeugf\u00fchrer mit seinem Fahrzeug im Antoniusweg gegen das Heck des parkend abgestellten Dacia Logan des Gesch\u00e4digten. Anschlie\u00dfend verfasste der Verursacher zwar einen Zettel und brachte diesen am gesch\u00e4digten Pkw an. Anschlie\u00dfend entfernte er sich von der Unfallstelle. Am Fahrzeug des Gesch\u00e4digten entstand Sachschaden in noch nicht bekannter H\u00f6he.<\/p>\n\n\n\n<p>Die hinterlassenen Informationen des Verursachers auf dem Zettel f\u00fchrten bislang jedoch nicht zum Feststellen des Unfallverursachers. Daher bittet die Polizei Zeugen, die den Verkehrsunfall beobachtet haben und Hinweise auf den Verursacher oder das Fahrzeug geben k\u00f6nnen, sich mit dem Polizeirevier in Schwetzingen unter 06202\/288-0 in Verbindung zu setzen.<\/p>\n\n\n\n<h2 class=\"wp-block-heading\">(Hockenheim \/ Rhein-Neckar-Kreis) &#8211; Verkehrsunfall zwischen Motorradfahrerin und Fahrradfahrer \/ Motorradfahrerin schwer verletzt &#8211; Einsatz Rettungshubschrauber<\/h2>\n\n\n\n<div class=\"wp-block-image\"><figure class=\"aligncenter size-full\"><img decoding=\"async\" loading=\"lazy\" width=\"640\" height=\"472\" src=\"https:\/\/speyer24news.com\/wp-content\/uploads\/2020\/07\/ADAC-Rettungshubschrauber.jpg\" alt=\"\" class=\"wp-image-29359\" srcset=\"https:\/\/speyer24news.com\/wp-content\/uploads\/2020\/07\/ADAC-Rettungshubschrauber.jpg 640w, https:\/\/speyer24news.com\/wp-content\/uploads\/2020\/07\/ADAC-Rettungshubschrauber-300x221.jpg 300w, https:\/\/speyer24news.com\/wp-content\/uploads\/2020\/07\/ADAC-Rettungshubschrauber-80x60.jpg 80w\" sizes=\"(max-width: 640px) 100vw, 640px\" \/><\/figure><\/div>\n\n\n\n<p>Am 13.05.2022 kam es gegen kurz nach 18:00 Uhr in der Talhausstra\u00dfe in Hockenheim zu einem schweren Verkehrsunfall, bei dem eine 26-j\u00e4hrige Motorradfahrerin lebensgef\u00e4hrlich verletzt wurde.<\/p>\n\n\n\n<p>Die Motorradfahrerin befuhr mit ihrer Yamaha die Talhausstra\u00dfe in Richtung Stadtmitte. In H\u00f6he des Globus-Marktes wechselte ein 51-j\u00e4hriger Rennradfahrer, welche die Talhausstra\u00dfe in gleicher Richtung befuhr, vom rechten auf den linken Fahrstreifen und \u00fcbersah hierbei die von hinten auf dem linken Fahrstreifen herannahende Yamaha-Fahrerin. In Folge des Zusammensto\u00dfes der beiden Zweir\u00e4der, kamen beide Personen zu Sturz, wodurch der Rennradfahrer leicht und die Motorradfahrerin schwer verletzt wurde. Eine Lebensgefahr der 26-J\u00e4hrigen kann zum aktuellen Zeitpunkt nicht ausgeschlossen werden. Sie wurde durch Rettungskr\u00e4fte vor Ort erstversorgt und anschlie\u00dfend mittels eines Rettungshubschraubers in eine nahegelegene Klinik eingeliefert. An den beiden Fahrzeugen entstand ein Gesamtschaden von ca. 13.000 Euro. Die Ermittlungen zum Unfallhergang wurden durch die Verkehrspolizei des Polizeipr\u00e4sidiums Mannheim \u00fcbernommen.<\/p>\n\n\n\n<h2 class=\"wp-block-heading\">(Weinheim \/ Rhein-Neckar-Kreis) &#8211; Verkehrsunfall mit einer verletzten Person<\/h2>\n\n\n\n<p>Gegen 06:30 Uhr wurde das F\u00fchrungs- und Lagezentrum des Polizeipr\u00e4sidiums Mannheim dar\u00fcber informiert, dass es im Bereich der Kreuzung der Bundesstra\u00dfe 38 und der Mannheimer Stra\u00dfe zu einem Verkehrsunfall gekommen ist. Ersten Erkenntnissen nach kam ein Pkw alleinbeteiligt von der Fahrbahn ab und prallte gegen einen Mast der dortigen Lichtzeichenanlage. Zurzeit sind die Feuerwehr, die Polizei und der Rettungsdienst zur Rettung der Person im Einsatz.<\/p>\n\n\n\n<h3 class=\"has-text-align-center wp-block-heading\">Pressemeldung Nr. 2<\/h3>\n\n\n\n<p>Wie bereits berichtet, kam am fr\u00fchen Samstag morgen ein 52-j\u00e4hriger AUDI Fahrer mit seinem Pkw auf der B 38 in Fahrtrichtung Weinheim aus noch unbekannter Ursache von der Fahrbahn ab und kollidierte mit einer Lichtzeichenanlage. Der Fahrer erlitt durch den Aufprall leichte Verletzungen und wurde in ein nahe gelegenes Krankenhaus gebracht. Der entstandene Sachschaden wird auf ca. 2.000 Euro gesch\u00e4tzt. Zeugen die den Vorfall beobachtet haben werden gebeten sich beim Verkehrsdienst Heidelberg unter der Telefonnr. 0621-174-4110 zu melden.<\/p>\n","protected":false},"excerpt":{"rendered":"<div class=\"mh-excerpt\"><p>Polizeimeldungen vom Samstag (14.05.2022) (Speyer) &#8211; Sachbesch\u00e4digungen an PKW in der Innenstadt von Speyer In der Nacht von Freitag auf Samstag wurden mehrere Fahrzeuge in der Innenstadt von Speyer besch\u00e4digt. Die T\u00e4ter traten im Bereich <a class=\"mh-excerpt-more\" href=\"https:\/\/speyer24news.com\/?p=46009\" title=\"Polizei\">[&#8230;]<\/a><\/p>\n<\/div>","protected":false},"author":3,"featured_media":26162,"comment_status":"open","ping_status":"open","sticky":false,"template":"","format":"standard","meta":{"_monsterinsights_skip_tracking":false,"_monsterinsights_sitenote_active":false,"_monsterinsights_sitenote_note":"","_monsterinsights_sitenote_category":0,"footnotes":""},"categories":[12],"tags":[7243,7244,3614,702,61,2555,6955,6986,6263,63,105,11150,6987,53,4854,13534,4683,1548,4905,11592,102,13626,213,14325,14324,13553,13541,55,8277,6368,5261,103,106,2803,2423,427,2625,380,62,104,979,1565],"aioseo_notices":[],"amp_enabled":true,"_links":{"self":[{"href":"https:\/\/speyer24news.com\/index.php?rest_route=\/wp\/v2\/posts\/46009"}],"collection":[{"href":"https:\/\/speyer24news.com\/index.php?rest_route=\/wp\/v2\/posts"}],"about":[{"href":"https:\/\/speyer24news.com\/index.php?rest_route=\/wp\/v2\/types\/post"}],"author":[{"embeddable":true,"href":"https:\/\/speyer24news.com\/index.php?rest_route=\/wp\/v2\/users\/3"}],"replies":[{"embeddable":true,"href":"https:\/\/speyer24news.com\/index.php?rest_route=%2Fwp%2Fv2%2Fcomments&post=46009"}],"version-history":[{"count":4,"href":"https:\/\/speyer24news.com\/index.php?rest_route=\/wp\/v2\/posts\/46009\/revisions"}],"predecessor-version":[{"id":46038,"href":"https:\/\/speyer24news.com\/index.php?rest_route=\/wp\/v2\/posts\/46009\/revisions\/46038"}],"wp:featuredmedia":[{"embeddable":true,"href":"https:\/\/speyer24news.com\/index.php?rest_route=\/wp\/v2\/media\/26162"}],"wp:attachment":[{"href":"https:\/\/speyer24news.com\/index.php?rest_route=%2Fwp%2Fv2%2Fmedia&parent=46009"}],"wp:term":[{"taxonomy":"category","embeddable":true,"href":"https:\/\/speyer24news.com\/index.php?rest_route=%2Fwp%2Fv2%2Fcategories&post=46009"},{"taxonomy":"post_tag","embeddable":true,"href":"https:\/\/speyer24news.com\/index.php?rest_route=%2Fwp%2Fv2%2Ftags&post=46009"}],"curies":[{"name":"wp","href":"https:\/\/api.w.org\/{rel}","templated":true}]}}