{"id":46016,"date":"2022-05-14T14:38:52","date_gmt":"2022-05-14T13:38:52","guid":{"rendered":"https:\/\/speyer24news.com\/?p=46016"},"modified":"2022-05-14T14:38:55","modified_gmt":"2022-05-14T13:38:55","slug":"hassloch-114","status":"publish","type":"post","link":"https:\/\/speyer24news.com\/?p=46016","title":{"rendered":"Ha\u00dfloch"},"content":{"rendered":"<style type=\"text\/css\">\r\n\t.ads_top_disp{}\r\n\t.ads_top_corner_disp{ float:left; margin:0px 10px 10px 0px; }\r\n\t.ads_first_p_disp{}\r\n\t.ads_bottom_disp{}\r\n\t<\/style>\n<h2 class=\"wp-block-heading\">Wochenmarktfest am 28. Mai 2022<\/h2>\n\n\n\n<div class=\"wp-block-image\"><figure class=\"aligncenter size-full\"><img decoding=\"async\" loading=\"lazy\" width=\"375\" height=\"500\" src=\"https:\/\/speyer24news.com\/wp-content\/uploads\/2021\/03\/Wochenmarkt.jpg\" alt=\"\" class=\"wp-image-34433\" srcset=\"https:\/\/speyer24news.com\/wp-content\/uploads\/2021\/03\/Wochenmarkt.jpg 375w, https:\/\/speyer24news.com\/wp-content\/uploads\/2021\/03\/Wochenmarkt-225x300.jpg 225w\" sizes=\"(max-width: 375px) 100vw, 375px\" \/><\/figure><\/div>\n\n\n\n<p>Der Ha\u00dflocher Wochenmarkt ist seit 35 Jahren eine feste Konstante im Dorfleben. Was 1986 als einmalige Aktion aus Anlass des Verschwisterungsjubil\u00e4ums mit Viroflay begann, ist heute nicht mehr wegzudenken. Da die damalige Aktion zahlreiche Besucher anlockte und entsprechend positiv aufgenommen wurde, entschloss man sich, daraus etwas Regelm\u00e4\u00dfiges zu machen. Kurz darauf wurde der Wochenmarkt geboren.\u00a0 Seit dem 11. April 1987 findet jeden Samstag ein Wochenmarkt statt.<\/p>\n\n\n\n<p>Eine \u00e4hnlich feste Konstante ist auch das Wochenmarktfest, wenngleich es in den vergangenen zwei Jahren durch die Corona-Pandemie ausfallen musste. Nun soll es am 28. Mai 2022 wiederbelebt werden. Sitzgelegenheiten werden zum Verweilen einladen und das Akkordeonorchester der Musikschule sorgt f\u00fcr die musikalische Umrahmung. Das Orchester unter der Leitung von Alexander Dietrich freut sich nach zwei Jahren Corona-Pause wieder vor Publikum spielen zu k\u00f6nnen. Dass das Orchester in den zwei Jahren nichts verlernt hat, haben die jungen Musikerinnen und Musiker beim Fr\u00fchlingskonzert im Hannah-Arendt-Gymnasium am 07. Mai bewiesen. Nun blicken sie voller Vorfreude auf das Wochenmarktfest.<\/p>\n\n\n\n<p>Dar\u00fcber hinaus ist der Ha\u00dflocher Zauberer Stefan B\u00e4hr im Einsatz und wird ganz im Sinne des Titels seines B\u00fchnenprogramms \u201eWunder(n) erlaubt\u201c die Wochenmarktbesucher mit kleinen Tricks und Illusionen verzaubern. Es sind die kleinen Dinge, die begeistern \u2013 mit Tischzauberei und Taschenspielertricks wird der unter dem Namen Stefanus bekannte K\u00fcnstler auf dem Wochenmarkt unterwegs sein.<\/p>\n\n\n\n<p>Auch einzelne Beschicker haben angek\u00fcndigt, sich f\u00fcr das Wochenmarktfest kleine \u00dcberraschungen bzw. Aktionen einfallen zu lassen. Ohnehin lohnt sich der samst\u00e4gliche Besuch des Ortskerns zum Bummeln und Plausch mit Bekannten. Der Wochenmarkt findet zwischen 07:00 und 12:00 Uhr statt, das Festprogramm mit Musikschule und Zauberer startet ab 09:00 Uhr. Das Wochenmarktfest wird allerdings nur bei gutem Wetter durchgef\u00fchrt.<\/p>\n\n\n\n<p><em>Gemeindeverwaltung Ha\u00dfloch<br>13.05.2022<\/em><\/p>\n\n\n\n<h2 class=\"wp-block-heading\">\u201eUnvergesslich \u2013 Lieder meines Lebens\u201c<\/h2>\n\n\n\n<h3 class=\"wp-block-heading\">Neues Kurzzeitangebot an der Musikschule<\/h3>\n\n\n\n<div class=\"wp-block-image\"><figure class=\"alignleft size-full\"><img decoding=\"async\" loading=\"lazy\" width=\"400\" height=\"242\" src=\"https:\/\/speyer24news.com\/wp-content\/uploads\/2019\/12\/Hassloch-Musikschule.png\" alt=\"\" class=\"wp-image-23475\" srcset=\"https:\/\/speyer24news.com\/wp-content\/uploads\/2019\/12\/Hassloch-Musikschule.png 400w, https:\/\/speyer24news.com\/wp-content\/uploads\/2019\/12\/Hassloch-Musikschule-300x182.png 300w\" sizes=\"(max-width: 400px) 100vw, 400px\" \/><\/figure><\/div>\n\n\n\n<p>Musikschulleiterin Tatjana Geiger ist ausgebildete Musikgeragogin und m\u00f6chte an der Ha\u00dflocher Musikschule ein neues Kurzzeitangebot etablieren, das Menschen mit und ohne Demenz gemeinsame Erlebnisse erm\u00f6glicht. Unter dem Titel \u201eUnvergesslich \u2013 Lieder meines Lebens\u201c m\u00f6chte die Musikschule eine m\u00f6glichst breite Zielgruppe ansprechen. Pflegende Angeh\u00f6rige, Bekannte und Freunde, aber auch Menschen, die nicht in einer Pflegebeziehung stehen, aber miteinander singen und musizieren m\u00f6chten, sind herzlich willkommen. \u201eEventuell gibt es ja auch Menschen, die bei regul\u00e4ren Ch\u00f6ren einen zu hohen Anspruch f\u00fcrchten, dem sie sich nicht mehr gewachsen f\u00fchlen. Mit dem neuen Angebot m\u00f6chte wir diese Hemmschwelle nehmen\u201c, so Tatjana Geiger. Eine musikalische Vorbildung ist daher nicht erforderlich, lediglich Freude am Singen und an gegenseitiger Unterst\u00fctzung.<\/p>\n\n\n\n<p>Das erste Zusammenkommen ist f\u00fcr Montag, 13. Juni 2022, geplant. Insgesamt sind sechs Treffen vorgesehen, die jeweils zwischen 14:30 und 16:00 Uhr stattfinden. Die Zusammenk\u00fcnfte bestehen aus zwei Gesangseinheiten, bei denen bekannte und weniger bekannte Lieder \u201eerarbeitet\u201c und gesungen werden. Fester Bestandteil ist au\u00dferdem eine gemeinsame Pause, die zum ungezwungenen Austausch und gegenseitigem Kennenlernen animieren soll. \u201eUnd das geschieht durch das verbindende Element des Singens und Musizierens am besten\u201c, so Musikschulleiterin Tatjana Geiger, die bei dem neuen Angebot von Peter Zwally unterst\u00fctzt wird. Er ist Mitarbeiter im Theodor-Friedrich-Haus und wird dort ebenfalls in Zusammenarbeit mit Tatjana Geiger ein internes Angebot f\u00fcr die Bewohnerinnen und Bewohner des Hauses mit fortgeschrittener Demenz auf die Beine stellen, das aber v\u00f6llig unabh\u00e4ngig von \u201eUnvergesslich \u2013 Lieder meines Lebens\u201c zu sehen ist.<\/p>\n\n\n\n<p>Das neue Kurzzeitangebot wird ab dem 13.06.2022 im Schulungsraum \u201eApfel\u201c in den Systembauten der Schillerschule stattfinden. Anmeldungen sind ab sofort m\u00f6glich. Es reicht eine formlose Mail mit den Kontaktdaten an <a href=\"mailto:musikschule@hassloch.de\">musikschule@hassloch.de<\/a> oder ein Anruf im Musikschulb\u00fcro unter 06324-935191. Die Kosten f\u00fcr die insgesamt sechs Termine belaufen sich auf 55 Euro pro Teilnehmerpaar. Bei entsprechender Resonanz soll das Angebot keine Eintagsfliege bleiben, sondern mehrmals pro Jahr durchgef\u00fchrt werden. Bei Fragen sowie f\u00fcr weitere Informationen steht Musikschulleiterin Tatjana Geiger gerne zur Verf\u00fcgung (06324-935190).<\/p>\n\n\n\n<p><em>Gemeindeverwaltung Ha\u00dfloch<br>12.05.2022<\/em><\/p>\n\n\n\n<h2 class=\"wp-block-heading\">Gespinstmotten h\u00fcllen derzeit Wildgeh\u00f6lze und Str\u00e4ucher ein<\/h2>\n\n\n\n<h3 class=\"wp-block-heading\">Nicht zu verwechseln mit dem Eichenprozessionsspinner<\/h3>\n\n\n\n<div class=\"wp-block-image\"><figure class=\"aligncenter size-full\"><img decoding=\"async\" loading=\"lazy\" width=\"800\" height=\"649\" src=\"https:\/\/speyer24news.com\/wp-content\/uploads\/2022\/05\/Bild-Gespinnstmotte-im-Bereich-der-Kita-Mullewapp.jpg\" alt=\"\" class=\"wp-image-46018\" srcset=\"https:\/\/speyer24news.com\/wp-content\/uploads\/2022\/05\/Bild-Gespinnstmotte-im-Bereich-der-Kita-Mullewapp.jpg 800w, https:\/\/speyer24news.com\/wp-content\/uploads\/2022\/05\/Bild-Gespinnstmotte-im-Bereich-der-Kita-Mullewapp-300x243.jpg 300w, https:\/\/speyer24news.com\/wp-content\/uploads\/2022\/05\/Bild-Gespinnstmotte-im-Bereich-der-Kita-Mullewapp-768x623.jpg 768w\" sizes=\"(max-width: 800px) 100vw, 800px\" \/><figcaption>Gespinnstmotten, wie hier im Bereich der Kita Mullewapp, sehen nur &#8222;komisch&#8220; aus, sind aber ungef\u00e4hrlich.<\/figcaption><\/figure><\/div>\n\n\n\n<p>Derzeit sind in vielen Gr\u00fcnfl\u00e4chen von Ha\u00dfloch \u201egespenstisch\u201c anzuschauende Geh\u00f6lze und B\u00e4ume zu sehen. Besorgte B\u00fcrger melden diese zahlreichen Gespinste und fragen bei der Umweltabteilung der Verwaltung nach, was es damit auf sich hat. \u201eHier sind Gespinstmotten aktiv, die vor allem Wildgeh\u00f6lze wie Schlehe, Wei\u00dfdorn, Pfaffenh\u00fctchen etc. befallen\u201c, informiert Hans-J\u00fcrgen Bub, Dipl. Ing. der Landespflege, Mitarbeiter der Abteilung Bauen und Umwelt. Auch Obstgeh\u00f6lze werden von den Faltern befallen.<\/p>\n\n\n\n<p>Die Falter legen ihre Eier bereits im Herbst an den Geh\u00f6lzen ab, die Raupen fressen dann im Fr\u00fchjahr das frisch ausgetriebene Laub. Um sich dabei vor ihren Fra\u00dffeinden und V\u00f6geln zu sch\u00fctzen, bilden die Raupen ein dichtes Gespinst um sich herum aus. Dieses Ph\u00e4nomen kann man jetzt beobachten. Da die Pflanzen auch meist komplett kahl gefressen werden, wird mit dem Befall ein Absterben der Geh\u00f6lze vermutet. Das massenhafte Auftreten dieser Falter ist ein zyklisches Ph\u00e4nomen und wiederholt sich in diesem Ausma\u00df alle paar Jahre.<\/p>\n\n\n\n<p>Es ist allerdings oft nur ein optisches Problem. In der Regel erholen sich die Pflanzen vom Befall der Raupen der Gespinstmotten, da diese bis Ende Juni ihre Entwicklung als Raupe abgeschlossen haben und sich dann verpuppen. Die Pflanzen k\u00f6nnen den Blattfra\u00df mit einem zweiten Austrieb kompensieren, dem sogenannten Johannistrieb. Eine Bek\u00e4mpfung ist daher in der freien Natur nicht erforderlich. Werden Pflanzen in einem Hausgarten befallen, empfiehlt sich beim ersten Auftreten eine mechanische Bek\u00e4mpfung durch Ablesen oder Abspritzen mit einem Wasserstrahl. Nicht selten werden die Gespinstmotten f\u00fcr den Eichenprozessionsspinner gehalten. Anders wie beim Eichenprozessionsspinner sind heftige allergische Reaktionen auf die Gespinstmotten nicht bekannt.<\/p>\n\n\n\n<div class=\"wp-block-image\"><figure class=\"aligncenter size-full\"><img decoding=\"async\" loading=\"lazy\" width=\"800\" height=\"534\" src=\"https:\/\/speyer24news.com\/wp-content\/uploads\/2022\/05\/2022-05-06-Verwaltung_Eichenprozessionsspinner.jpg\" alt=\"\" class=\"wp-image-45686\" srcset=\"https:\/\/speyer24news.com\/wp-content\/uploads\/2022\/05\/2022-05-06-Verwaltung_Eichenprozessionsspinner.jpg 800w, https:\/\/speyer24news.com\/wp-content\/uploads\/2022\/05\/2022-05-06-Verwaltung_Eichenprozessionsspinner-300x200.jpg 300w, https:\/\/speyer24news.com\/wp-content\/uploads\/2022\/05\/2022-05-06-Verwaltung_Eichenprozessionsspinner-768x513.jpg 768w\" sizes=\"(max-width: 800px) 100vw, 800px\" \/><figcaption>Die Raupen des eichen-Prozessionsspinners sollte man meiden. Sie k\u00f6nnen, teils starke, allergische Reaktionen hervorrufen.<\/figcaption><\/figure><\/div>\n\n\n\n<p>Die Raupen des Eichen-Prozessionsspinners finden sich, wie der Name sagt, haupts\u00e4chlich an Eichen, gelegentlich \u2013 insbesondere in starken Befallsjahren \u2013 aber auch an einigen anderen Baumarten, insbesondere an der Hainbuche. Befallen werden vor allem einzeln stehende B\u00e4ume oder solche am Waldrand (besonders an der w\u00e4rmebeg\u00fcnstigten S\u00fcdseite). Bei entsprechenden Hinweisen pr\u00fcfen die Mitarbeiter der Umweltabteilung bzw. des Forstes die befallenen Geh\u00f6lze. Liegt tats\u00e4chlich ein Befall vor, werden einzelfallbezogene Schutzma\u00dfnahmen getroffen.<\/p>\n\n\n\n<p><em>Gemeindeverwaltung Ha\u00dfloch<br>11.05.2022<\/em><\/p>\n\n\n\n<h2 class=\"wp-block-heading\">Startschuss f\u00fcr das Kartoffelprojekt 2022<\/h2>\n\n\n\n<div class=\"wp-block-image\"><figure class=\"aligncenter size-full\"><img decoding=\"async\" loading=\"lazy\" width=\"800\" height=\"555\" src=\"https:\/\/speyer24news.com\/wp-content\/uploads\/2022\/05\/Bild-Klasse-2.1-der-Schillerschule-im-Schulgarten.jpeg\" alt=\"\" class=\"wp-image-46017\" srcset=\"https:\/\/speyer24news.com\/wp-content\/uploads\/2022\/05\/Bild-Klasse-2.1-der-Schillerschule-im-Schulgarten.jpeg 800w, https:\/\/speyer24news.com\/wp-content\/uploads\/2022\/05\/Bild-Klasse-2.1-der-Schillerschule-im-Schulgarten-300x208.jpeg 300w, https:\/\/speyer24news.com\/wp-content\/uploads\/2022\/05\/Bild-Klasse-2.1-der-Schillerschule-im-Schulgarten-768x533.jpeg 768w\" sizes=\"(max-width: 800px) 100vw, 800px\" \/><figcaption>Die Klasse 2.1 der Schillerschule im Schulgarten beim Kartoffelprojekt 2022.<\/figcaption><\/figure><\/div>\n\n\n\n<p>Bei den Sch\u00fcler*innen der zweiten Klassen an der Schillerschule steht derzeit wieder praxisnahes Lernen auf dem Stundenplan. Im Schulgarten hinterm Kulturviereck haben die Kinder jetzt unter Anleitung der Umweltbeauftragten Hannah Bolz Kartoffeln gesetzt. Tatkr\u00e4ftige Unterst\u00fctzung erhielten die Kids von den Bauhofg\u00e4rtnerinnen Katharina Warga und Christina Zintl.<\/p>\n\n\n\n<p>Im Schulgarten hat jede Klasse ihren eigenen Pflanzabschnitt, um den es sich zu k\u00fcmmern gilt. Angefangen beim Auspflanzen der Setzlinge \u00fcber die Pflege und Ernte bis hin zur Verarbeitung ist die Kartoffel bis ins n\u00e4chste Schuljahr hinein immer wieder Teil des Unterrichts. Ziel ist die Vermittlung von Basiswissen rund um die Themen Lebensmittel und gesunde Ern\u00e4hrung. \u201eGerade dadurch, dass die Kinder ihre im Fr\u00fchjahr selbst gesetzten Kartoffeln \u00fcber Wochen hinweg begleiten und im Sp\u00e4tsommer ernten, entsteht ein ganz neues Bewusstsein in Bezug auf Lebensmittel\u201c, so Schulleiterin Gila Serr.<\/p>\n\n\n\n<p>Die Aktion hat an der Schillerschule inzwischen Tradition und steht jedes Jahr auf dem Stundenplan der Zweitkl\u00e4ssler, die erneut mit Spa\u00df und Freude dabei waren. Davon konnte sich auch Umweltdezernent Carsten Borck \u00fcberzeugen, der das Kartoffelprojekt in diesem Jahr zum ersten Mal begleitete. \u201eDer Einsatz im Schulgarten sowie am Ende die Verarbeitung der geernteten Kartoffeln sind praxisnahe Bestandteile, die einen nachhaltigen Eindruck hinterlassen\u201c, zeigt sich Carsten Borck \u00fcberzeugt. Die im Schulgarten gepflanzten Kartoffelsetzlinge werden \u00fcber das landesweite Schulgartenprojekt \u201eKids an die Knolle\u201c bezogen und der Schule kostenlos zur Verf\u00fcgung gestellt.<\/p>\n\n\n\n<p><em>Gemeindeverwaltung Ha\u00dfloch<br>04.05.2022<\/em><\/p>\n\n\n\n<h2 class=\"wp-block-heading\">Sportlerehrung der Gemeinde Ha\u00dfloch<\/h2>\n\n\n\n<p>Nachdem eine Sportlerehrung in Pr\u00e4senz in den vergangenen beiden Jahren nicht m\u00f6glich war und die zu ehrenden Sportlerinnen und Sportler ihre Medaillen und Urkunden lediglich auf dem Postweg erhalten haben, konnte die Ehrung in diesem Jahr wieder pers\u00f6nlich vorgenommen werden. \u00dcber 30 Sportlerinnen und Sportler wurden f\u00fcr ihre Leistungen, die sie im vergangenen Jahr erbracht haben, ausgezeichnet. \u201eIhr seid nicht nur Sieger und w\u00fcrdige Vertreter eures Vereins, sondern auch Repr\u00e4sentanten f\u00fcr unser sportliches Gro\u00dfdorf\u201c, sagte B\u00fcrgermeister Tobias Meyer bei der feierlichen Veranstaltung im Kulturviereck, die durch Helmut Alexander moderiert und vom Trio \u201eTreibsand\u201c musikalisch begleitet wurde. Gemeinsam mit dem Vereinsdezernenten Claus Wolfer nahm er die Ehrungen vor.<\/p>\n\n\n\n<p>Die Auszeichnung \u201eSportlerin des Jahres\u201c erhielt Janoah M\u00fcller. Sie ist Mitglied im Perspektivkader 2021+2022 des Deutschen Turnerbundes und bereitet sich dort in einem monatlichen Trainingslager auf die Teilnahme an den Olympischen Spielen 2024 vor. Die Ha\u00dflocher Turnerin startete 2021 in der 1. Bundesliga \u201eGer\u00e4teturnen weiblich\u201c f\u00fcr die TG Mannheim und war dort beste Punktesammlerin und St\u00fctze f\u00fcr ihre Mannschaft. Dar\u00fcber hinaus ist sie Deutsche Vizemeisterin im Mehrkampf und darf durch ihre Leistungen eine stattliche Sammlung an Ha\u00dflocher Sportm\u00fcnzen ihr Eigen nennen. Nun tr\u00e4gt sie auch den Titel \u201eSportlerin des Jahres\u201c der Gemeinde Ha\u00dfloch.<\/p>\n\n\n\n<p>Als \u201eSportler des Jahres\u201c wurde Johannes Steinel ausgezeichnet. Er holte im vergangenen Jahr den Vizeweltmeistertitel Vintage auf dem Motorrad bei der Mannschaftsweltmeisterschaft in Elba. Hier traten 409 Teilnehmer aus 17 Nationen an. Dar\u00fcber hinaus holte er sich ebenfalls im vergangenen Jahr den Europameistertitel Vintage im Motorrad. Bei insgesamt sechs Wertungsl\u00e4ufen in Italien, Frankreich, Deutschland und Spanien fuhr er vier Mal den Sieg ein. Johannes Steiner ist bereits seit Jahrzehnten im Motorsport aktiv und erzielte bereits 1990 gro\u00dfe Erfolge, indem er damals Vizeweltmeister in der Junioren-Nationalmannschaft wurde.<\/p>\n\n\n\n<p>Dar\u00fcber hinaus wurde die Sportehrennadel f\u00fcr Vorstandsmitglieder, Vereins- und Verbandsfunktion\u00e4re, \u00dcbungsleiter, Kampfrichter und Schiedsrichter, die in ihrer Funktion mehr als 20 Jahre in au\u00dfergew\u00f6hnlicher Weise ehrenamtlich aktiv sind, verliehen. Die Sportehrennadel in Gold erhielten Ursula Kokes (TSG Ha\u00dfloch) und Hans-J\u00fcrgen Armbrust (TSG Ha\u00dfloch).<\/p>\n\n\n\n<p>Ursula Kokes ist seit 1995 im Vorstand der TSG f\u00fcr die Buchhaltung zust\u00e4ndig. Im Jahr 2015 \u00fcbernahm sie die Mitgliederverwaltung im Vorstand. Dar\u00fcber hinaus war sie fast 30 Jahre Kassenw\u00e4rtin in der Abteilung Tischtennis, die sie 1997 und 1998 vor\u00fcbergehend leitete. Bereits in 2007 erhielt sie die Sportehrennadel in Silber, nun folgte die Auszeichnung in Gold. Auch Hans-J\u00fcrgen Armbrust wurde f\u00fcr sein langj\u00e4hriges au\u00dfergew\u00f6hnliches ehrenamtliches Engagement mit der Ehrennadel in Gold geehrt. Bereits seit 1983 ist er \u00dcbungsleiter. Drei Jahre lang war er Vorsitzender der Kegler-Vereinigung Ha\u00dfloch. Seite 1993 hat er den Vorsitz der Abteilung Kegeln bei der TSG Ha\u00dfloch. Seit 2021 ist Herr Armbrust dar\u00fcber hinaus Erster Vorsitzender des Landesverbandes Deutsche Classic Union Rheinhessen Pfalz im Kegeln.<\/p>\n\n\n\n<p>B\u00fcrgermeister Tobias Meyer und Vereinsdezernent Claus Wolfer gratulierten allen Geehrten und bedankten sich bei allen Mitwirkenden f\u00fcr den gelungenen Abend. Ein Dank ging dar\u00fcber hinaus auch an die Volksbank Kur- und Rheinpfalz, Sparkasse Rhein-Haardt und Sport Corner Neustadt, die als Sponsoren und Unterst\u00fctzer dazu beigetragen haben, einen solchen Abend zur W\u00fcrdigung verdienter Sportlerinnen und Sportler zu realisieren.<\/p>\n\n\n\n<h3 class=\"wp-block-heading\"><strong><u>Alle Geehrten im \u00dcberblick:<\/u><\/strong><\/h3>\n\n\n\n<ul><li><strong>Sportm\u00fcnze in Bronze:<\/strong><\/li><li>Samuel Linus Kettenbach, Elisa Frey, Noah M\u00fcller, Philipp Bereswill, Knuth Henneke<\/li><\/ul>\n\n\n\n<ul><li><strong>Gro\u00dfe Sportm\u00fcnze in Bronze:<\/strong><\/li><li>Elisa Schlegel, Liana M\u00fcller, Viktoria Sa\u00df, Milena Kropp, Klara Walter, Marielle Korbmacher, Duygu Aydin, Alisia Pappon, Stefan Gehrum<\/li><\/ul>\n\n\n\n<ul><li><strong>Sportm\u00fcnze in Silber:<\/strong><\/li><li>Omar Alqawati, Christian Romberg, Daniel Gregor<\/li><\/ul>\n\n\n\n<ul><li><strong>Gro\u00dfe Sportm\u00fcnze in Silber:<\/strong><\/li><li>Camilla Eberle<\/li><\/ul>\n\n\n\n<ul><li><strong>Sportm\u00fcnze in Gold:<\/strong><\/li><li>Stefan M\u00fcnch, Yanik Braun, Marcel Scheurer, Luca Kelly, Sebastian Romberg, Lisa Kiefer, Johannes Steinel, Dirk Peter, Danny M\u00e4rtz, Stephanie Laier<\/li><\/ul>\n\n\n\n<ul><li><strong>Gro\u00dfe Sportm\u00fcnze in Gold:<\/strong><\/li><li>Janoah M\u00fcller, Am\u00e9lie F\u00f6llinger<\/li><\/ul>\n\n\n\n<ul><li><strong>Sportehrennadel in Gold:<\/strong><\/li><li>Ursula Kokes (TSG Ha\u00dfloch)<\/li><li>Hans-J\u00fcrgen Armbrust (TSG Ha\u00dfloch)<\/li><\/ul>\n\n\n\n<ul><li><strong>Sportlerin des Jahres:<\/strong><\/li><li>Janoah M\u00fcller<\/li><\/ul>\n\n\n\n<ul><li><strong>Sportler des Jahres:<\/strong><\/li><li>Johannes Steinel<\/li><\/ul>\n\n\n\n<p><em>Gemeindeverwaltung Ha\u00dfloch<br>02.05.2022<\/em><\/p>\n","protected":false},"excerpt":{"rendered":"<div class=\"mh-excerpt\"><p>Wochenmarktfest am 28. Mai 2022 Der Ha\u00dflocher Wochenmarkt ist seit 35 Jahren eine feste Konstante im Dorfleben. Was 1986 als einmalige Aktion aus Anlass des Verschwisterungsjubil\u00e4ums mit Viroflay begann, ist heute nicht mehr wegzudenken. Da <a class=\"mh-excerpt-more\" href=\"https:\/\/speyer24news.com\/?p=46016\" title=\"Ha\u00dfloch\">[&#8230;]<\/a><\/p>\n<\/div>","protected":false},"author":3,"featured_media":25888,"comment_status":"open","ping_status":"open","sticky":false,"template":"","format":"standard","meta":{"_monsterinsights_skip_tracking":false,"_monsterinsights_sitenote_active":false,"_monsterinsights_sitenote_note":"","_monsterinsights_sitenote_category":0,"footnotes":""},"categories":[235],"tags":[14380,14382,14383,14381,6946,180,1513,7057,1515,14384,14379,3184,4257,3963,14385,6519,44,6306,14378],"aioseo_notices":[],"amp_enabled":true,"_links":{"self":[{"href":"https:\/\/speyer24news.com\/index.php?rest_route=\/wp\/v2\/posts\/46016"}],"collection":[{"href":"https:\/\/speyer24news.com\/index.php?rest_route=\/wp\/v2\/posts"}],"about":[{"href":"https:\/\/speyer24news.com\/index.php?rest_route=\/wp\/v2\/types\/post"}],"author":[{"embeddable":true,"href":"https:\/\/speyer24news.com\/index.php?rest_route=\/wp\/v2\/users\/3"}],"replies":[{"embeddable":true,"href":"https:\/\/speyer24news.com\/index.php?rest_route=%2Fwp%2Fv2%2Fcomments&post=46016"}],"version-history":[{"count":1,"href":"https:\/\/speyer24news.com\/index.php?rest_route=\/wp\/v2\/posts\/46016\/revisions"}],"predecessor-version":[{"id":46019,"href":"https:\/\/speyer24news.com\/index.php?rest_route=\/wp\/v2\/posts\/46016\/revisions\/46019"}],"wp:featuredmedia":[{"embeddable":true,"href":"https:\/\/speyer24news.com\/index.php?rest_route=\/wp\/v2\/media\/25888"}],"wp:attachment":[{"href":"https:\/\/speyer24news.com\/index.php?rest_route=%2Fwp%2Fv2%2Fmedia&parent=46016"}],"wp:term":[{"taxonomy":"category","embeddable":true,"href":"https:\/\/speyer24news.com\/index.php?rest_route=%2Fwp%2Fv2%2Fcategories&post=46016"},{"taxonomy":"post_tag","embeddable":true,"href":"https:\/\/speyer24news.com\/index.php?rest_route=%2Fwp%2Fv2%2Ftags&post=46016"}],"curies":[{"name":"wp","href":"https:\/\/api.w.org\/{rel}","templated":true}]}}