{"id":46128,"date":"2022-05-16T08:48:41","date_gmt":"2022-05-16T07:48:41","guid":{"rendered":"https:\/\/speyer24news.com\/?p=46128"},"modified":"2022-05-16T08:48:44","modified_gmt":"2022-05-16T07:48:44","slug":"schwetzingen-67","status":"publish","type":"post","link":"https:\/\/speyer24news.com\/?p=46128","title":{"rendered":"Schwetzingen"},"content":{"rendered":"<style type=\"text\/css\">\r\n\t.ads_top_disp{}\r\n\t.ads_top_corner_disp{ float:left; margin:0px 10px 10px 0px; }\r\n\t.ads_first_p_disp{}\r\n\t.ads_bottom_disp{}\r\n\t<\/style>\n<h2 class=\"wp-block-heading\">Themenf\u00fchrung \u201eSpargel an der Wand\u201c<\/h2>\n\n\n\n<h3 class=\"wp-block-heading\">Do., 19.05.2022, 18.00 Uhr, Do., 26.05.2022, 18.00 Uhr<\/h3>\n\n\n\n<div class=\"wp-block-image\"><figure class=\"aligncenter size-full\"><img decoding=\"async\" loading=\"lazy\" width=\"600\" height=\"638\" src=\"https:\/\/speyer24news.com\/wp-content\/uploads\/2022\/05\/Bananenspargel-komprimiert.jpg\" alt=\"\" class=\"wp-image-46134\" srcset=\"https:\/\/speyer24news.com\/wp-content\/uploads\/2022\/05\/Bananenspargel-komprimiert.jpg 600w, https:\/\/speyer24news.com\/wp-content\/uploads\/2022\/05\/Bananenspargel-komprimiert-282x300.jpg 282w\" sizes=\"(max-width: 600px) 100vw, 600px\" \/><\/figure><\/div>\n\n\n\n<p>Mit Thomas Baumg\u00e4rtels (Bananensprayer) \u201cOhne Spargel ist alles Banane\u201c und Hendrik Beikirchs \u201eLebenswerk\u201c lie\u00dfen renommierte Streetartk\u00fcnstler Wandmalereien zum touristischen Hotspot Spargel entstehen. Der Rundgang streift weitere \u201eMurals\u201c von Heinz Friedrich, Otto Mindhoff und dem K\u00fcnstlerduo \u201eSourati\u201c.<\/p>\n\n\n\n<ul><li>Startpunkt: \u00a0\u00a0\u00a0\u00a0\u00a0\u00a0 \u00a0\u00a0\u00a0\u00a0\u00a0\u00a0\u00a0\u00a0\u00a0\u00a0\u00a0\u00a0\u00a0gegen\u00fcber Touristinformation<\/li><li>Preis: \u00a0\u00a0\u00a0\u00a0\u00a0\u00a0\u00a0\u00a0\u00a0\u00a0\u00a0\u00a0\u00a0\u00a0\u00a0\u00a0\u00a0 \u00a0 \u00a0\u00a0\u00a0\u00a0\u00a0\u00a0\u00a0\u00a0\u00a0Erwachsene \u20ac 6,-, Erm\u00e4\u00dfigt \u20ac 4,-<\/li><li>Gruppenpreis: \u00a0\u00a0\u00a0\u00a0\u00a0\u00a0\u00a0\u00a0\u00a0\u00a0\u00a0\u00a0\u00a0\u00a0 \u20ac 90,-, max. 25 Personen, Dauer: 1,5 Std.<\/li><li>Die F\u00fchrungen sind auf Anfrage auch f\u00fcr Gruppen buchbar.<\/li><\/ul>\n\n\n\n<h4 class=\"wp-block-heading\">Anmeldung und weitere Infos unter:<\/h4>\n\n\n\n<ul><li>Touristinformation Schwetzingen<\/li><li>Dreik\u00f6nigstr. 3<\/li><li>68723 Schwetzingen<\/li><li>T + 49 (0) 62 02 \/ 87 &#8211; 400<\/li><li><a href=\"mailto:touristinfo@schwetzingen.de\" target=\"_blank\" rel=\"noreferrer noopener\">touristinfo@schwetzingen.de<\/a><\/li><li><a href=\"https:\/\/deref-web.de\/mail\/client\/UdtdqAN3TN8\/dereferrer\/?redirectUrl=http%3A%2F%2Fwww.visit-schwetzingen.de\" target=\"_blank\" rel=\"noreferrer noopener\">www.visit-schwetzingen.de<\/a><\/li><\/ul>\n\n\n\n<p><em>Text: Stadtverwaltung Schwetzingen Foto: Stadt Schwetzingen \/ Tobias Schwerdt<br>12.05.2022<\/em><\/p>\n\n\n\n<h2 class=\"wp-block-heading\">Tag der offenen T\u00fcr: Jugendzentrum GoIn \u00f6ffnet am 20. Mai f\u00fcr alle Interessierten<\/h2>\n\n\n\n<div class=\"wp-block-image\"><figure class=\"aligncenter size-full\"><img decoding=\"async\" loading=\"lazy\" width=\"500\" height=\"700\" src=\"https:\/\/speyer24news.com\/wp-content\/uploads\/2022\/05\/Tag-der-offenen-Tuer-Schwetzingen.png\" alt=\"\" class=\"wp-image-46132\" srcset=\"https:\/\/speyer24news.com\/wp-content\/uploads\/2022\/05\/Tag-der-offenen-Tuer-Schwetzingen.png 500w, https:\/\/speyer24news.com\/wp-content\/uploads\/2022\/05\/Tag-der-offenen-Tuer-Schwetzingen-214x300.png 214w\" sizes=\"(max-width: 500px) 100vw, 500px\" \/><\/figure><\/div>\n\n\n\n<p>Am Freitag, 20. Mai, \u00f6ffnet das Jugendzentrum (Juz) in der Kolpingstra\u00dfe 2 zwischen 15 und 20 Uhr seine T\u00fcren. Alle Interessierten \u2013 ob Jugendliche, Eltern oder Gro\u00dfeltern &#8211; sind herzlich zu einem Besuch eingeladen. Eine gute Gelegenheit das Juz und deren Mitarbeiter*innen kennenzulernen, mit Jugendlichen ins Gespr\u00e4ch zu kommen und sich \u00fcber die Angebote zu informieren. <\/p>\n\n\n\n<div class=\"wp-block-image\"><figure class=\"aligncenter size-full\"><img decoding=\"async\" loading=\"lazy\" width=\"600\" height=\"613\" src=\"https:\/\/speyer24news.com\/wp-content\/uploads\/2022\/05\/rz_Logo_JAS_rgb_positiv.jpg\" alt=\"\" class=\"wp-image-46133\" srcset=\"https:\/\/speyer24news.com\/wp-content\/uploads\/2022\/05\/rz_Logo_JAS_rgb_positiv.jpg 600w, https:\/\/speyer24news.com\/wp-content\/uploads\/2022\/05\/rz_Logo_JAS_rgb_positiv-294x300.jpg 294w\" sizes=\"(max-width: 600px) 100vw, 600px\" \/><\/figure><\/div>\n\n\n\n<p>Um 16 Uhr findet die offizielle Er\u00f6ffnung des neu gestalteten \u201eJugend-Chill-Platzes\u201c im Hof des Juz statt. F\u00fcr das leibliche Wohl ist mit ukrainischen Spezialit\u00e4ten gesorgt. Das Juz Team freut sich auf viele Besucher*innen.<\/p>\n\n\n\n<p><em>Stadtverwaltung Schwetzingen \/ Jugendarbeit Schwetzingen<br>11.05.2022<\/em><\/p>\n\n\n\n<h2 class=\"wp-block-heading\">Generationenb\u00fcro bittet bei Anliegen zu Kinderbetreuungsangelegenheiten um vorherige Terminreservierung<\/h2>\n\n\n\n<p>Im B\u00fcrgerb\u00fcro und im Standesamt hat sich die vorherige Terminvereinbarung f\u00fcr B\u00fcrger*innen und Mitarbeiter*innen gleicherma\u00dfen bew\u00e4hrt. Der vereinbarte Termin kann ohne Wartezeiten wahrgenommen werden, ausreichend Zeit f\u00fcr das Beratungsgespr\u00e4ch und die Bearbeitung ist eingeplant und so k\u00f6nnen die B\u00fcrger*innen auch gleich die notwendigen Unterlagen zum Termin mitbringen und m\u00fcssen nicht ein zweites Mal im Rathaus erscheinen. Da auch im Generationenb\u00fcro im Bereich der Kinderbetreuungsangelegenheiten oftmals ein ausf\u00fchrlicher Beratungsbedarf besteht, passt auch das Generationenb\u00fcro am Schlossplatz ab sofort je nach Sachgebiet seine \u00d6ffnungs- und Sprechzeiten an.<\/p>\n\n\n\n<p><strong>F\u00fcr die Bereiche Kinderkrippen, Kindergarten, Tagespflege sowie Kernzeit- und Hortbetreuung an den Grundschulen m\u00fcssen aufgrund der l\u00e4ngeren Beratungszeit vorab Termine vereinbart werden.&nbsp;<\/strong>Die Sprechzeiten sind Montag, Dienstag und Donnerstag von 8-12 Uhr und Donnerstag von 14-18 Uhr.<\/p>\n\n\n\n<p>F\u00fcr die&nbsp;<strong>Bereiche Senioren, Menschen mit Behinderungen und soziale Fragen<\/strong>&nbsp;sind die \u00d6ffnungszeiten Montag, Dienstag und Donnerstag von 8-12 Uhr.&nbsp;<strong>In diesem Bereich ist eine vorherige<\/strong>&nbsp;<strong>Terminvereinbarung nicht zwingend notwendig<\/strong>.<\/p>\n\n\n\n<p>Mittwoch und Freitag ist das Generationenb\u00fcro geschlossen.<\/p>\n\n\n\n<p>Termine k\u00f6nnen unter den Telefonnummern 06202\/ 87-491 \/ -492\/ -493 oder online auf der Internetseite der Stadt Schwetzingen unter\u00a0<a href=\"https:\/\/deref-web.de\/mail\/client\/69usd-vhnf8\/dereferrer\/?redirectUrl=http%3A%2F%2Fwww.schwetzingen.de\" target=\"_blank\" rel=\"noreferrer noopener\">www.schwetzingen.de<\/a>\u00a0vereinbart werden.<\/p>\n\n\n\n<p><em>Stadtverwaltung Schwetzingen<br>10.05.2022<\/em><\/p>\n\n\n\n<h2 class=\"wp-block-heading\">Wer macht mit beim \u201aUrban Gardening\u2018?<\/h2>\n\n\n\n<h3 class=\"wp-block-heading\">Stadt l\u00e4dt zur Infoveranstaltung am 17. Mai ins Palais Hirsch<\/h3>\n\n\n\n<div class=\"wp-block-image\"><figure class=\"aligncenter size-full\"><img decoding=\"async\" loading=\"lazy\" width=\"800\" height=\"600\" src=\"https:\/\/speyer24news.com\/wp-content\/uploads\/2022\/05\/20220504_163327.jpg\" alt=\"\" class=\"wp-image-46129\" srcset=\"https:\/\/speyer24news.com\/wp-content\/uploads\/2022\/05\/20220504_163327.jpg 800w, https:\/\/speyer24news.com\/wp-content\/uploads\/2022\/05\/20220504_163327-300x225.jpg 300w, https:\/\/speyer24news.com\/wp-content\/uploads\/2022\/05\/20220504_163327-768x576.jpg 768w, https:\/\/speyer24news.com\/wp-content\/uploads\/2022\/05\/20220504_163327-678x509.jpg 678w, https:\/\/speyer24news.com\/wp-content\/uploads\/2022\/05\/20220504_163327-326x245.jpg 326w, https:\/\/speyer24news.com\/wp-content\/uploads\/2022\/05\/20220504_163327-80x60.jpg 80w\" sizes=\"(max-width: 800px) 100vw, 800px\" \/><figcaption>Im Marstallinnenhof hat die Stadtg\u00e4rtnerei bereits die Beete f\u00fcr die k\u00fcnftigen G\u00e4rtner*innen und ein gro\u00dfes Kr\u00e4uterbeet f\u00fcr die Bev\u00f6lkerung angelegt.<\/figcaption><\/figure><\/div>\n\n\n\n<p>Sie wohnen in einer Etagenwohnung und haben daher keinen eigenen Garten? Sie m\u00f6chten sich aber gerne g\u00e4rtnerisch bet\u00e4tigen? Einen Kleingarten pachten ist Ihnen aber zu viel Arbeit und zu zeitaufw\u00e4ndig? Sie tr\u00e4umen trotzdem schon l\u00e4nger von der M\u00f6glichkeit das eigene Gem\u00fcse anzubauen und zu ernten? Sie wohnen in Schwetzingen?<\/p>\n\n\n\n<p>Wenn Sie alle diese Fragen klar mit Ja beantworten k\u00f6nnen, dann ist das Projekt \u201aUrban Gardening\u2018 vielleicht das Richtige f\u00fcr Sie! Urban Gardening hei\u00dft \u00fcbersetzt G\u00e4rtnern in der Stadt. Auf einer kleinen Anbaufl\u00e4che k\u00f6nnen Privatpersonen Gem\u00fcse, Kr\u00e4uter und geeignete Obstsorten f\u00fcr den Eigenverbrauch anbauen und ernten. Bei dieser nachhaltigen Form des G\u00e4rtnerns liegt der Schwerpunkt auf umweltschonender Produktion ohne Pestizide und Kunstd\u00fcnger und auf dem bewusstem Konsum landwirtschaftlicher Erzeugnisse. Zudem hat gemeinschaftliches G\u00e4rtnern immer auch einen sozialen Aspekt, bietet die M\u00f6glichkeit zur Kommunikation und f\u00fcr gesellschaftliches Miteinander. Auch die Umweltbildung ist ein Thema, wenn etwa Eltern mit ihren Kindern gemeinsam pflanzen und ernten.<\/p>\n\n\n\n<div class=\"wp-block-image\"><figure class=\"aligncenter size-full\"><img decoding=\"async\" loading=\"lazy\" width=\"800\" height=\"600\" src=\"https:\/\/speyer24news.com\/wp-content\/uploads\/2022\/05\/20220504_163305.jpg\" alt=\"\" class=\"wp-image-46130\" srcset=\"https:\/\/speyer24news.com\/wp-content\/uploads\/2022\/05\/20220504_163305.jpg 800w, https:\/\/speyer24news.com\/wp-content\/uploads\/2022\/05\/20220504_163305-300x225.jpg 300w, https:\/\/speyer24news.com\/wp-content\/uploads\/2022\/05\/20220504_163305-768x576.jpg 768w, https:\/\/speyer24news.com\/wp-content\/uploads\/2022\/05\/20220504_163305-678x509.jpg 678w, https:\/\/speyer24news.com\/wp-content\/uploads\/2022\/05\/20220504_163305-326x245.jpg 326w, https:\/\/speyer24news.com\/wp-content\/uploads\/2022\/05\/20220504_163305-80x60.jpg 80w\" sizes=\"(max-width: 800px) 100vw, 800px\" \/><\/figure><\/div>\n\n\n\n<p>Die Stadt Schwetzingen hat zu diesem Zweck eine Fl\u00e4che im Marstallinnenhof umgestaltet und Beete angelegt. Diese warten nun auf Hobbyg\u00e4rtner*innen, die Lust und Zeit haben, eine ca. 4 \u2013 6 m\u00b2 gro\u00dfe Beet-Parzelle zu bewirtschaften. Die Stadt hat dazu schon alle Vorbereitungen getroffen. Die Beete sind parzelliert, mit Pflanzerde gef\u00fcllt und ein Wasseranschluss und Gie\u00dfkannen stehen bereit. Und das Beste: Die Parzellen werden kostenlos an die G\u00e4rtner*innen vergeben, wobei wegen des zu erwartenden Interesses nur eine Parzelle je Haushalt vergeben wird. Die Stadtg\u00e4rtnerei hat bereits ein gro\u00dfes Kr\u00e4uterbeet angelegt, auf dem das Ernten durch die B\u00fcrger*innen ausdr\u00fccklich erlaubt ist.<\/p>\n\n\n\n<div class=\"wp-block-image\"><figure class=\"aligncenter size-full\"><img decoding=\"async\" loading=\"lazy\" width=\"500\" height=\"738\" src=\"https:\/\/speyer24news.com\/wp-content\/uploads\/2022\/05\/20220504_163842.jpg\" alt=\"\" class=\"wp-image-46131\" srcset=\"https:\/\/speyer24news.com\/wp-content\/uploads\/2022\/05\/20220504_163842.jpg 500w, https:\/\/speyer24news.com\/wp-content\/uploads\/2022\/05\/20220504_163842-203x300.jpg 203w\" sizes=\"(max-width: 500px) 100vw, 500px\" \/><figcaption>Im Marstallinnenhof hat die Stadtg\u00e4rtnerei bereits ein gro\u00dfes Kr\u00e4uterbeet f\u00fcr die Bev\u00f6lkerung angelegt.<\/figcaption><\/figure><\/div>\n\n\n\n<p><strong>Um das Projekt vorzustellen, sind alle Interessierten daher herzlich zu einem Infoabend zum Thema \u201aUrban Gardening\u201c am Dienstag, 17. Mai, um 17 Uhr ins Palais Hirsch eingeladen<\/strong>. Der Leiter der Stadtg\u00e4rtnerei Bernd Kolb und der stellvertretende Bauamtsleiter Kai Schemenauer werden das Projekt erl\u00e4utern und weitere Infos zu den Bewerbungsmodalit\u00e4ten, zu einer angedachten Vereinsgr\u00fcndung und praktische Tipps zur Umsetzung der Gartentr\u00e4ume geben. Ab 18 Uhr gibt es dann noch eine gemeinsame Begehung des Marstallinnenhofs, bei der die Interessenten die Beete in Augenschein nehmen k\u00f6nnen und weitere Informationen zur praktischen Umsetzung erhalten. Die Stadt freut sich auf zahlreiche Interessierte an diesem Infoabend. Die Teilnahme ist ohne Anmeldung m\u00f6glich.<\/p>\n\n\n\n<p><em>Stadtverwaltung Schwetzingen<br>05.05.2022<\/em><\/p>\n\n\n\n<h1 class=\"has-text-align-center wp-block-heading\">Verkehrsnotiz<\/h1>\n\n\n\n<div class=\"wp-block-image\"><figure class=\"aligncenter size-full\"><img decoding=\"async\" loading=\"lazy\" width=\"800\" height=\"565\" src=\"https:\/\/speyer24news.com\/wp-content\/uploads\/2020\/01\/Baustelle-2.jpg\" alt=\"\" class=\"wp-image-23900\" srcset=\"https:\/\/speyer24news.com\/wp-content\/uploads\/2020\/01\/Baustelle-2.jpg 800w, https:\/\/speyer24news.com\/wp-content\/uploads\/2020\/01\/Baustelle-2-300x212.jpg 300w, https:\/\/speyer24news.com\/wp-content\/uploads\/2020\/01\/Baustelle-2-768x542.jpg 768w\" sizes=\"(max-width: 800px) 100vw, 800px\" \/><\/figure><\/div>\n\n\n\n<h2 class=\"wp-block-heading\">Fahrbahnsanierung Bruchh\u00e4user Stra\u00dfe beginnt am 7. Juni<\/h2>\n\n\n\n<h3 class=\"wp-block-heading\">Arbeiten finden w\u00e4hrend der Pfingstferien statt \u2013 Umleitungsstrecken sind ausgeschildert<\/h3>\n\n\n\n<p>Ab Dienstag, 7. Juni, beginnen die Arbeiten zur Sanierung der Bruchh\u00e4user Stra\u00dfe. Die Sanierung erfolgt im Bereich zwischen der Kreuzung Kurf\u00fcrstenstra\u00dfe und der Kreuzung Odenwaldring. Die Fahrbahnsanierung wird im so genannten D\u00fcnnbettverfahren ausgef\u00fchrt. Dazu wird der Asphalt zuerst abgefr\u00e4st und anschlie\u00dfend der Deckasphalt wieder aufgebracht. Im Anschluss finden noch Markierungsarbeiten statt. Die gesamte Ma\u00dfnahme dauert voraussichtlich bis einschlie\u00dflich Montag, 20. Juni. Die \u00fcber\u00f6rtliche Umleitung erfolgt \u00fcber die B535. Die inner\u00f6rtlichen Umleitungsstrecken sind ausgeschildert. Auch der Busverkehr ist betroffen. Dazu wird es noch eine gesonderte Meldung geben. Radfahrer*innen und Fu\u00dfg\u00e4nger*innen k\u00f6nnen den Geh- und Radweg auch w\u00e4hrend der Bauphase nutzen. Die Anwohner*innen der Bruchh\u00e4userstra\u00dfe werden \u00fcber die Bauma\u00dfnahme und die Erreichbarkeit ihrer Grundst\u00fccke und die M\u00fcllabholung separat von der Stadt informiert.<\/p>\n\n\n\n<h4 class=\"wp-block-heading\">Parallel zur Vollsperrung wird die Ampelanlage an der Kreuzung zum Odenwaldring (bellamar) erneuert. <\/h4>\n\n\n\n<p>In dieser Zeit ist die Ampelanlage au\u00dfer Betrieb. Nach Beendigung der Vollsperrung regelt eine provisorische Ampel den Verkehr. Da die Arbeiten zur Erneuerung der Ampel umfangreich sind, wird es dort auch nach Ende der Sanierung Bruchh\u00e4user Stra\u00dfe zu Einschr\u00e4nkungen f\u00fcr die Verkehrsteilnehmer kommen. Der Verkehr von der Bruchh\u00e4user Stra\u00dfe in Richtung S\u00fcdtangente und Heidelberg wird dann gemeinsam \u00fcber die Geradeausspur abgewickelt, die Rechtsabbiegespur in den Odenwaldring wird gesperrt. Die Fu\u00dfg\u00e4ngerfurt \u00fcber den Odenwaldring wird w\u00e4hrend der Vollsperrung der Bruchh\u00e4user Stra\u00dfe und der Bauma\u00dfnahme an der Ampelanlage gesperrt, die Fu\u00dfg\u00e4ngerfurt vor dem Eingang bellamar bleibt in Betrieb.<\/p>\n\n\n\n<p>Die Stadt bittet die Verkehrsteilnehmer um Beachtung und Verst\u00e4ndnis f\u00fcr die Bauma\u00dfnahme.<\/p>\n\n\n\n<p><em>Stadtverwaltung Schwetzingen<br>11.05.2022<\/em><\/p>\n","protected":false},"excerpt":{"rendered":"<div class=\"mh-excerpt\"><p>Themenf\u00fchrung \u201eSpargel an der Wand\u201c Do., 19.05.2022, 18.00 Uhr, Do., 26.05.2022, 18.00 Uhr Mit Thomas Baumg\u00e4rtels (Bananensprayer) \u201cOhne Spargel ist alles Banane\u201c und Hendrik Beikirchs \u201eLebenswerk\u201c lie\u00dfen renommierte Streetartk\u00fcnstler Wandmalereien zum touristischen Hotspot Spargel entstehen. <a class=\"mh-excerpt-more\" href=\"https:\/\/speyer24news.com\/?p=46128\" title=\"Schwetzingen\">[&#8230;]<\/a><\/p>\n<\/div>","protected":false},"author":3,"featured_media":26914,"comment_status":"open","ping_status":"open","sticky":false,"template":"","format":"standard","meta":{"_monsterinsights_skip_tracking":false,"_monsterinsights_sitenote_active":false,"_monsterinsights_sitenote_note":"","_monsterinsights_sitenote_category":0,"footnotes":""},"categories":[477],"tags":[14482,5441,14478,154,14479,14476,14477,930,14481,14480,9911],"aioseo_notices":[],"amp_enabled":true,"_links":{"self":[{"href":"https:\/\/speyer24news.com\/index.php?rest_route=\/wp\/v2\/posts\/46128"}],"collection":[{"href":"https:\/\/speyer24news.com\/index.php?rest_route=\/wp\/v2\/posts"}],"about":[{"href":"https:\/\/speyer24news.com\/index.php?rest_route=\/wp\/v2\/types\/post"}],"author":[{"embeddable":true,"href":"https:\/\/speyer24news.com\/index.php?rest_route=\/wp\/v2\/users\/3"}],"replies":[{"embeddable":true,"href":"https:\/\/speyer24news.com\/index.php?rest_route=%2Fwp%2Fv2%2Fcomments&post=46128"}],"version-history":[{"count":1,"href":"https:\/\/speyer24news.com\/index.php?rest_route=\/wp\/v2\/posts\/46128\/revisions"}],"predecessor-version":[{"id":46135,"href":"https:\/\/speyer24news.com\/index.php?rest_route=\/wp\/v2\/posts\/46128\/revisions\/46135"}],"wp:featuredmedia":[{"embeddable":true,"href":"https:\/\/speyer24news.com\/index.php?rest_route=\/wp\/v2\/media\/26914"}],"wp:attachment":[{"href":"https:\/\/speyer24news.com\/index.php?rest_route=%2Fwp%2Fv2%2Fmedia&parent=46128"}],"wp:term":[{"taxonomy":"category","embeddable":true,"href":"https:\/\/speyer24news.com\/index.php?rest_route=%2Fwp%2Fv2%2Fcategories&post=46128"},{"taxonomy":"post_tag","embeddable":true,"href":"https:\/\/speyer24news.com\/index.php?rest_route=%2Fwp%2Fv2%2Ftags&post=46128"}],"curies":[{"name":"wp","href":"https:\/\/api.w.org\/{rel}","templated":true}]}}