{"id":46157,"date":"2022-05-16T14:00:06","date_gmt":"2022-05-16T13:00:06","guid":{"rendered":"https:\/\/speyer24news.com\/?p=46157"},"modified":"2022-05-16T14:00:08","modified_gmt":"2022-05-16T13:00:08","slug":"hassloch-115","status":"publish","type":"post","link":"https:\/\/speyer24news.com\/?p=46157","title":{"rendered":"Ha\u00dfloch"},"content":{"rendered":"<style type=\"text\/css\">\r\n\t.ads_top_disp{}\r\n\t.ads_top_corner_disp{ float:left; margin:0px 10px 10px 0px; }\r\n\t.ads_first_p_disp{}\r\n\t.ads_bottom_disp{}\r\n\t<\/style>\n<h2 class=\"wp-block-heading\">Noch Pl\u00e4tze frei: Eltern-Kind-Kurse an der Musikschule Ha\u00dfloch<\/h2>\n\n\n\n<div class=\"wp-block-image\"><figure class=\"alignleft size-full\"><img decoding=\"async\" loading=\"lazy\" width=\"400\" height=\"242\" src=\"https:\/\/speyer24news.com\/wp-content\/uploads\/2019\/12\/Hassloch-Musikschule.png\" alt=\"\" class=\"wp-image-23475\" srcset=\"https:\/\/speyer24news.com\/wp-content\/uploads\/2019\/12\/Hassloch-Musikschule.png 400w, https:\/\/speyer24news.com\/wp-content\/uploads\/2019\/12\/Hassloch-Musikschule-300x182.png 300w\" sizes=\"(max-width: 400px) 100vw, 400px\" \/><\/figure><\/div>\n\n\n\n<p>Am 23.05.2022 starten an der Ha\u00dflocher Musikschule zwei neue Eltern-Kind-Kurse, f\u00fcr die noch Pl\u00e4tze zur Verf\u00fcgung stehen:<\/p>\n\n\n\n<h4 class=\"wp-block-heading\">Musikschulm\u00e4use<\/h4>\n\n\n\n<p>Bereits 18 Wochen nach der Geburt ist das Ohr vollst\u00e4ndig ausgebildet. Darum m\u00f6chte die Musikschule auch den ganz Kleinen schon von Anfang an viel Musik mitgeben. Durch das gemeinsame Singen und Musizieren in verschiedenen Tonalit\u00e4ten, im Spiel mit T\u00fcchern und Rasseln und beim Lauschen in der Geborgenheit der Eltern werden alle Sinne der Musikschulm\u00e4use angeregt. Der Kurs startet am 23.05.2022 um 14:15 Uhr. Das Angebot der Musikschulm\u00e4use richtet sich an Kinder ab sechs Monaten bis eineinhalb Jahren (gemeinsam mit einer Bezugsperson). Der Kurs findet im Raum \u201eRitter\u201c in den Systembauten auf dem ehemaligen Verkehrs\u00fcbungsplatz der Schillerschule statt. Die Kosten f\u00fcr die insgesamt acht Unterrichtseinheiten liegen pro Eltern-Kind-Paar bei 55 Euro.<\/p>\n\n\n\n<h4 class=\"wp-block-heading\">Musikschulzwerge<\/h4>\n\n\n\n<p>Das Konzept und die Zielsetzung f\u00fcr die Musikschulzwerge ist identisch zu den Musikschulm\u00e4usen: Die Kinder sollen durch altersgerechte Spiele und \u00dcbungen f\u00fcr Musik\u00a0 sensibilisiert werden. Das Kursangebot der Musikschulzwerge richtet sich an Kinder ab eineinhalb bis zwei Jahren. Der Kurs startet ebenfalls am 23.05.2022 und beginnt um 11:45 Uhr. Auch dieser Kurs findet in den Systembauten auf dem ehemaligen Verkehrs\u00fcbungsplatz der Schillerschule statt. Die Kosten f\u00fcr die insgesamt acht Unterrichtseinheiten liegen pro Eltern-Kind-Paar bei 55 Euro. Anmeldungen sind formlos per E-Mail an <a href=\"mailto:musikschule@hassloch.de\">musikschule@hassloch.de<\/a> m\u00f6glich. Ben\u00f6tigt werden Name, Adresse sowie eine Telefonnummer. Das Musikschul-Team setzt sich dann\u00a0 mit den Interessenten in Verbindung. Bei Fragen rund um die Angebote steht das Team der Musikschule auch telefonisch unter 06324\/935-190 zur Verf\u00fcgung.<\/p>\n\n\n\n<p><em>Gemeindeverwaltung Ha\u00dfloch \/ Musikschule Ha\u00dfloch<br>16.05.2022<\/em><\/p>\n\n\n\n<h2 class=\"wp-block-heading\">Wechsel an der Spitze des Seniorenbeirats<\/h2>\n\n\n\n<h3 class=\"wp-block-heading\">Siegfried Klein \u00fcbergibt an Magda L\u00f6wer<\/h3>\n\n\n\n<div class=\"wp-block-image\"><figure class=\"aligncenter size-full\"><img decoding=\"async\" loading=\"lazy\" width=\"800\" height=\"607\" src=\"https:\/\/speyer24news.com\/wp-content\/uploads\/2022\/05\/Bild.jpeg\" alt=\"\" class=\"wp-image-46158\" srcset=\"https:\/\/speyer24news.com\/wp-content\/uploads\/2022\/05\/Bild.jpeg 800w, https:\/\/speyer24news.com\/wp-content\/uploads\/2022\/05\/Bild-300x228.jpeg 300w, https:\/\/speyer24news.com\/wp-content\/uploads\/2022\/05\/Bild-768x583.jpeg 768w, https:\/\/speyer24news.com\/wp-content\/uploads\/2022\/05\/Bild-80x60.jpeg 80w\" sizes=\"(max-width: 800px) 100vw, 800px\" \/><figcaption>Edgar R\u00f6melt (1. Stellvertreter), Magda L\u00f6wer (Vorsitzende), Siegfried Klein (ehemalige Vorsitzende), Karlheinz Reuter (2. Stellvertreter), Beate Gebhard-Diehl aus dem Seniorenb\u00fcro und der Beigeordnete Claus Wolfer (v.l.) bei Seniorenbeiratssitzung am 12. Mai.<\/figcaption><\/figure><\/div>\n\n\n\n<p>Nach \u00fcber 12 Jahren als Vorsitzender des Ha\u00dflocher Seniorenbeirats hat Siegfried Klein bei der Sitzung am 12. Mai aus Alters- und Gesundheitsgr\u00fcnden den Vorsitz abgegeben und somit den Weg f\u00fcr Neuwahlen freigemacht. Er selbst hat seine bisherige Stellvertreterin Magda L\u00f6wer f\u00fcr den Vorsitz vorgeschlagen. Sie wurde einstimmig durch die Mitglieder des Beirats gew\u00e4hlt.<\/p>\n\n\n\n<p>Siegfried Klein verabschiedet sich zwar aus dem Vorstand, bleibt dem Seniorenbeirat aber als Mitglied erhalten. Auch im Kreisseniorenbeirat wird der 78-J\u00e4hrige nach eigenen Angaben weiterhin mitwirken. Im Oktober 2009 hatte Siegfried Klein erstmals den Ha\u00dflocher Seniorenbeirat besucht, wurde Mitglied und als Neuling prompt zum Vorsitzenden gew\u00e4hlt. \u201eDas war wie ein Sprung ins kalte Wasser\u201c, erinnert sich Klein an seine Anf\u00e4nge im Ha\u00dflocher Seniorenbeirat. Er bedankte sich f\u00fcr die Unterst\u00fctzung und die stets gute Zusammenarbeit mit seinen Beiratskolleginnen und -kollegen sowie mit der Verwaltung.<\/p>\n\n\n\n<p>Mit der Wahl von Magda L\u00f6wer zur neuen Vorsitzenden wurden auch die Stellvertreter neu gew\u00e4hlt. Die Wahl fiel einstimmig aus: Edgar R\u00f6melt ist 1. stellvertretender Vorsitzender und Karlheinz Reuter \u00fcbernimmt die Aufgaben des 2. stellvertretenden Vorsitzenden. Der zust\u00e4ndige Dezernent Claus Wolfer gratulierte den Neugew\u00e4hlten und freut sich auf eine weiterhin gute und konstruktive Zusammenarbeit. Au\u00dferdem dankte er Siegfried Klein f\u00fcr seinen jahrelangen Einsatz in der Seniorenarbeit.<\/p>\n\n\n\n<p>Der Seniorenbeirat ist die Interessenvertretung \u00e4lterer Menschen in Ha\u00dfloch, unabh\u00e4ngig von Konfession, Partei, Vereine und Verb\u00e4nde. Der Beirat nimmt die Interessen der Seniorinnen und Senioren auf und entwickelt daraus Ideen zur Verbesserungen der Lebensqualit\u00e4t \u00e4lterer Menschen. Der Seniorenbeirat hat dar\u00fcber hinaus ein Antragsrecht und kann Antr\u00e4ge zu aus Beiratssicht wichtigen Themen formulieren und diese dem jeweiligen Ausschuss zur Beratung und\/oder Bearbeitung vorlegen. Ferner nimmt der Vorsitzende des Seniorenbeirats an der Beratung und Beschlussfassung des Sozialausschusses mit beratender Stimme teil. Gleiches gilt f\u00fcr den Feld-, Wald- und Umweltschutzausschuss, wenn es um Friedhofsangelegenheiten geht. Die Amtszeit des Seniorenbeirats ist an die Amtszeit des Gemeinderates gekoppelt und betr\u00e4gt somit 5 Jahre.<\/p>\n\n\n\n<p><em>Gemeindeverwaltung Ha\u00dfloch \/ Ha\u00dflocher Seniorenbeirat<br>16.05.2022<\/em><\/p>\n","protected":false},"excerpt":{"rendered":"<div class=\"mh-excerpt\"><p>Noch Pl\u00e4tze frei: Eltern-Kind-Kurse an der Musikschule Ha\u00dfloch Am 23.05.2022 starten an der Ha\u00dflocher Musikschule zwei neue Eltern-Kind-Kurse, f\u00fcr die noch Pl\u00e4tze zur Verf\u00fcgung stehen: Musikschulm\u00e4use Bereits 18 Wochen nach der Geburt ist das Ohr <a class=\"mh-excerpt-more\" href=\"https:\/\/speyer24news.com\/?p=46157\" title=\"Ha\u00dfloch\">[&#8230;]<\/a><\/p>\n<\/div>","protected":false},"author":3,"featured_media":25888,"comment_status":"open","ping_status":"open","sticky":false,"template":"","format":"standard","meta":{"_monsterinsights_skip_tracking":false,"_monsterinsights_sitenote_active":false,"_monsterinsights_sitenote_note":"","_monsterinsights_sitenote_category":0,"footnotes":""},"categories":[235],"tags":[14500,180,14503,291,3184,14501,14502],"aioseo_notices":[],"amp_enabled":true,"_links":{"self":[{"href":"https:\/\/speyer24news.com\/index.php?rest_route=\/wp\/v2\/posts\/46157"}],"collection":[{"href":"https:\/\/speyer24news.com\/index.php?rest_route=\/wp\/v2\/posts"}],"about":[{"href":"https:\/\/speyer24news.com\/index.php?rest_route=\/wp\/v2\/types\/post"}],"author":[{"embeddable":true,"href":"https:\/\/speyer24news.com\/index.php?rest_route=\/wp\/v2\/users\/3"}],"replies":[{"embeddable":true,"href":"https:\/\/speyer24news.com\/index.php?rest_route=%2Fwp%2Fv2%2Fcomments&post=46157"}],"version-history":[{"count":1,"href":"https:\/\/speyer24news.com\/index.php?rest_route=\/wp\/v2\/posts\/46157\/revisions"}],"predecessor-version":[{"id":46159,"href":"https:\/\/speyer24news.com\/index.php?rest_route=\/wp\/v2\/posts\/46157\/revisions\/46159"}],"wp:featuredmedia":[{"embeddable":true,"href":"https:\/\/speyer24news.com\/index.php?rest_route=\/wp\/v2\/media\/25888"}],"wp:attachment":[{"href":"https:\/\/speyer24news.com\/index.php?rest_route=%2Fwp%2Fv2%2Fmedia&parent=46157"}],"wp:term":[{"taxonomy":"category","embeddable":true,"href":"https:\/\/speyer24news.com\/index.php?rest_route=%2Fwp%2Fv2%2Fcategories&post=46157"},{"taxonomy":"post_tag","embeddable":true,"href":"https:\/\/speyer24news.com\/index.php?rest_route=%2Fwp%2Fv2%2Ftags&post=46157"}],"curies":[{"name":"wp","href":"https:\/\/api.w.org\/{rel}","templated":true}]}}