{"id":46179,"date":"2022-05-16T15:57:43","date_gmt":"2022-05-16T14:57:43","guid":{"rendered":"https:\/\/speyer24news.com\/?p=46179"},"modified":"2022-05-16T19:16:07","modified_gmt":"2022-05-16T18:16:07","slug":"vermisstensuche-oeffentlichkeitsfahndung-11","status":"publish","type":"post","link":"https:\/\/speyer24news.com\/?p=46179","title":{"rendered":"Vermisstensuche \/ \u00d6ffentlichkeitsfahndung"},"content":{"rendered":"<style type=\"text\/css\">\r\n\t.ads_top_disp{}\r\n\t.ads_top_corner_disp{ float:left; margin:0px 10px 10px 0px; }\r\n\t.ads_first_p_disp{}\r\n\t.ads_bottom_disp{}\r\n\t<\/style>\n<h2 class=\"wp-block-heading\">Fahndung erledigt<\/h2>\n\n\n\n<h3 class=\"wp-block-heading\">Pressemeldung Nr. 2<\/h3>\n\n\n\n<p><strong>(Viernheim \/ S\u00fcdhessen) \u2013<\/strong> Die Suche nach einem 80 Jahre alten Mann aus Viernheim kann eingestellt werden. Der Mann war seit Freitagmorgen (13.05.) vermisst und wurde am Montag (16.05.) von Passanten auf einem Feldweg, unweit der Landesstra\u00dfe 3111, gefunden. Zur Abkl\u00e4rung seines gesundheitlichen Zustandes wurde er in ein Krankenhaus gebracht.<\/p>\n\n\n\n<p>Die Polizei bedankt sich bei der Bev\u00f6lkerung f\u00fcr die Unterst\u00fctzung und bittet um L\u00f6schung des ver\u00f6ffentlichen Bildes von Herrn K.<\/p>\n\n\n\n<p><em>Polizeipr\u00e4sidium S\u00fcdhessen<br>16.05.2022<\/em><\/p>\n\n\n\n<h2 class=\"wp-block-heading\">80-j\u00e4hriger vermisst \/ Polizei S\u00fcdhessen bittet um Hinweise<\/h2>\n\n\n\n<p>Seit Freitagmorgen (13.05.) gg. 10:00 Uhr wird aus Viernheim der 80- j\u00e4hrige Herr Walter Kamuff vermisst.<\/p>\n\n\n\n<h3 class=\"wp-block-heading\">Herr Kamuff ist:<\/h3>\n\n\n\n<ul><li><strong>172 cm gro\u00df<\/strong><\/li><li><strong>wiegt ca. 70 kg<\/strong><\/li><li><strong>hat wei\u00dfe kurze Haare<\/strong><\/li><li><strong>Er ist bekleidet mit einer braunen Basecap mit einem Shell-Logo, einer blauen Blouson-Jacke, einer braunen Cord-Hose mit schwarzen Hosentr\u00e4gern, einem braun\/wei\u00dfen Kurzarmhemd der Marke Eterna und braunen Lederschuhen.<\/strong><\/li><li><strong>Unterwegs ist er mit einem blauen Herrenfahrrad mit schwarzem Gep\u00e4cktr\u00e4ger.<\/strong><\/li><li><strong>Zudem m\u00fcsste er eine schwarze Stofftasche mit sich f\u00fchren.<\/strong><\/li><li><strong>Nach Angaben der Angeh\u00f6rigen ist zu bef\u00fcrchten, dass er sich gegebenenfalls in einer hilflosen Lage befindet.<\/strong><\/li><\/ul>\n\n\n\n<p>Zeugen, die Hinweise zum Aufenthaltsort des Herrn Kamuff geben k\u00f6nnen, werden gebeten, sich bei der Polizeistation Lampertheim-Viernheim unter der 0620694400 zu melden.<\/p>\n\n\n\n<p><em>Polizeipr\u00e4sidium S\u00fcdhessen<br>16.05.2022<\/em><\/p>\n","protected":false},"excerpt":{"rendered":"<div class=\"mh-excerpt\"><p>Fahndung erledigt Pressemeldung Nr. 2 (Viernheim \/ S\u00fcdhessen) \u2013 Die Suche nach einem 80 Jahre alten Mann aus Viernheim kann eingestellt werden. Der Mann war seit Freitagmorgen (13.05.) vermisst und wurde am Montag (16.05.) von <a class=\"mh-excerpt-more\" href=\"https:\/\/speyer24news.com\/?p=46179\" title=\"Vermisstensuche \/ \u00d6ffentlichkeitsfahndung\">[&#8230;]<\/a><\/p>\n<\/div>","protected":false},"author":3,"featured_media":29028,"comment_status":"open","ping_status":"open","sticky":false,"template":"","format":"standard","meta":{"_monsterinsights_skip_tracking":false,"_monsterinsights_sitenote_active":false,"_monsterinsights_sitenote_note":"","_monsterinsights_sitenote_category":0,"footnotes":""},"categories":[12],"tags":[2388,8199,14114,14518,14517,1117,13264,14521,14520,619,14371,14515,14514,618,12344,14513,14512,14519],"aioseo_notices":[],"amp_enabled":true,"_links":{"self":[{"href":"https:\/\/speyer24news.com\/index.php?rest_route=\/wp\/v2\/posts\/46179"}],"collection":[{"href":"https:\/\/speyer24news.com\/index.php?rest_route=\/wp\/v2\/posts"}],"about":[{"href":"https:\/\/speyer24news.com\/index.php?rest_route=\/wp\/v2\/types\/post"}],"author":[{"embeddable":true,"href":"https:\/\/speyer24news.com\/index.php?rest_route=\/wp\/v2\/users\/3"}],"replies":[{"embeddable":true,"href":"https:\/\/speyer24news.com\/index.php?rest_route=%2Fwp%2Fv2%2Fcomments&post=46179"}],"version-history":[{"count":2,"href":"https:\/\/speyer24news.com\/index.php?rest_route=\/wp\/v2\/posts\/46179\/revisions"}],"predecessor-version":[{"id":46184,"href":"https:\/\/speyer24news.com\/index.php?rest_route=\/wp\/v2\/posts\/46179\/revisions\/46184"}],"wp:featuredmedia":[{"embeddable":true,"href":"https:\/\/speyer24news.com\/index.php?rest_route=\/wp\/v2\/media\/29028"}],"wp:attachment":[{"href":"https:\/\/speyer24news.com\/index.php?rest_route=%2Fwp%2Fv2%2Fmedia&parent=46179"}],"wp:term":[{"taxonomy":"category","embeddable":true,"href":"https:\/\/speyer24news.com\/index.php?rest_route=%2Fwp%2Fv2%2Fcategories&post=46179"},{"taxonomy":"post_tag","embeddable":true,"href":"https:\/\/speyer24news.com\/index.php?rest_route=%2Fwp%2Fv2%2Ftags&post=46179"}],"curies":[{"name":"wp","href":"https:\/\/api.w.org\/{rel}","templated":true}]}}