{"id":46232,"date":"2022-05-19T05:46:13","date_gmt":"2022-05-19T04:46:13","guid":{"rendered":"https:\/\/speyer24news.com\/?p=46232"},"modified":"2022-05-19T05:46:54","modified_gmt":"2022-05-19T04:46:54","slug":"veranstaltungen-45","status":"publish","type":"post","link":"https:\/\/speyer24news.com\/?p=46232","title":{"rendered":"Veranstaltungen \/ Speyer"},"content":{"rendered":"<style type=\"text\/css\">\r\n\t.ads_top_disp{}\r\n\t.ads_top_corner_disp{ float:left; margin:0px 10px 10px 0px; }\r\n\t.ads_first_p_disp{}\r\n\t.ads_bottom_disp{}\r\n\t<\/style>\n<h2 class=\"wp-block-heading\">Speyerer Altstadtfest 2022: Aufruf an Vereine und Anwohner*innen<\/h2>\n\n\n\n<figure class=\"wp-block-image size-full\"><img decoding=\"async\" loading=\"lazy\" width=\"800\" height=\"667\" src=\"https:\/\/speyer24news.com\/wp-content\/uploads\/2022\/05\/Altstadtfest-2019-1.jpg\" alt=\"\" class=\"wp-image-46233\" srcset=\"https:\/\/speyer24news.com\/wp-content\/uploads\/2022\/05\/Altstadtfest-2019-1.jpg 800w, https:\/\/speyer24news.com\/wp-content\/uploads\/2022\/05\/Altstadtfest-2019-1-300x250.jpg 300w, https:\/\/speyer24news.com\/wp-content\/uploads\/2022\/05\/Altstadtfest-2019-1-768x640.jpg 768w\" sizes=\"(max-width: 800px) 100vw, 800px\" \/><\/figure>\n\n\n\n<p>Nach zweij\u00e4hriger pandemiebedingter Pause soll <strong>am 9. und 10. September 2022<\/strong> das 45. Altstadtfest in Speyer stattfinden.<\/p>\n\n\n\n<p>Das Fest hat seinen Ursprung als Fest von und f\u00fcr Speyerer Vereine und Anwohner*innen der Altstadt. Das verleiht ihm seinen besonderen Charakter, der j\u00e4hrlich eine Vielzahl an Besucher*innen von Nah und Fern anlockt.&nbsp;&nbsp;&nbsp;&nbsp;&nbsp;&nbsp;&nbsp;&nbsp;&nbsp;&nbsp;&nbsp;&nbsp;&nbsp;&nbsp;&nbsp;&nbsp;&nbsp;&nbsp;&nbsp;&nbsp;&nbsp;&nbsp;&nbsp;<\/p>\n\n\n\n<p>Die Er\u00f6ffnung des Altstadtfestes 2022 ist f\u00fcr Freitag, 9. September um 18.30 Uhr geplant.<\/p>\n\n\n\n<div class=\"wp-block-image\"><figure class=\"aligncenter size-full\"><img decoding=\"async\" loading=\"lazy\" width=\"800\" height=\"600\" src=\"https:\/\/speyer24news.com\/wp-content\/uploads\/2022\/05\/Altstadtfest-2019-2.jpg\" alt=\"\" class=\"wp-image-46234\" srcset=\"https:\/\/speyer24news.com\/wp-content\/uploads\/2022\/05\/Altstadtfest-2019-2.jpg 800w, https:\/\/speyer24news.com\/wp-content\/uploads\/2022\/05\/Altstadtfest-2019-2-300x225.jpg 300w, https:\/\/speyer24news.com\/wp-content\/uploads\/2022\/05\/Altstadtfest-2019-2-768x576.jpg 768w, https:\/\/speyer24news.com\/wp-content\/uploads\/2022\/05\/Altstadtfest-2019-2-678x509.jpg 678w, https:\/\/speyer24news.com\/wp-content\/uploads\/2022\/05\/Altstadtfest-2019-2-326x245.jpg 326w, https:\/\/speyer24news.com\/wp-content\/uploads\/2022\/05\/Altstadtfest-2019-2-80x60.jpg 80w\" sizes=\"(max-width: 800px) 100vw, 800px\" \/><\/figure><\/div>\n\n\n\n<p>Vereine und Anwohner*innen werden gebeten, der Stadtverwaltung mitzuteilen, ob sie sich am diesj\u00e4hrigen Altstadtfest beteiligen m\u00f6chten, was verkauft oder aufgestellt werden soll, ob Fl\u00e4chen wie Innenh\u00f6fe vorhanden sind und ob dar\u00fcber hinaus unverbindliche W\u00fcnsche bestehen.<\/p>\n\n\n\n<p>Hierzu kann sich <strong>bis zum 31. Mai 2022<\/strong> formlos per E-Mail an&nbsp;<a href=\"mailto:heidi.jester@stadt-speyer.de\" target=\"_blank\" rel=\"noreferrer noopener\">heidi.jester@stadt-speyer.de<\/a>&nbsp;(Heidi Jester, Abteilung Wirtschaftsf\u00f6rderung) gewandt oder das Formular auf der st\u00e4dtischen Homepage heruntergeladen und ausgef\u00fcllt ebenfalls per E-Mail versendet werden:&nbsp;<a href=\"https:\/\/deref-web.de\/mail\/client\/8cuvV5DV4LQ\/dereferrer\/?redirectUrl=http%3A%2F%2Fwww.speyer.de%2Fde%2Ftourismus%2Fspeyer-erleben%2Fveranstaltungen-und-kultur%2Ffeste-und-highlights\" target=\"_blank\" rel=\"noreferrer noopener\">www.speyer.de\/de\/tourismus\/speyer-erleben\/veranstaltungen-und-kultur\/feste-und-highlights<\/a>.<\/p>\n\n\n\n<p>Weitere Informationen kommen den beteiligten Personen im Laufe der Planungen zu.<\/p>\n\n\n\n<p><em>Stadtverwaltung Speyer<br>18.05.2022<\/em><\/p>\n","protected":false},"excerpt":{"rendered":"<div class=\"mh-excerpt\"><p>Speyerer Altstadtfest 2022: Aufruf an Vereine und Anwohner*innen Nach zweij\u00e4hriger pandemiebedingter Pause soll am 9. und 10. September 2022 das 45. Altstadtfest in Speyer stattfinden. Das Fest hat seinen Ursprung als Fest von und f\u00fcr <a class=\"mh-excerpt-more\" href=\"https:\/\/speyer24news.com\/?p=46232\" title=\"Veranstaltungen \/ Speyer\">[&#8230;]<\/a><\/p>\n<\/div>","protected":false},"author":3,"featured_media":23902,"comment_status":"open","ping_status":"open","sticky":false,"template":"","format":"standard","meta":{"_monsterinsights_skip_tracking":false,"_monsterinsights_sitenote_active":false,"_monsterinsights_sitenote_note":"","_monsterinsights_sitenote_category":0,"footnotes":""},"categories":[9,13],"tags":[14540,2912,14539,6],"aioseo_notices":[],"amp_enabled":true,"_links":{"self":[{"href":"https:\/\/speyer24news.com\/index.php?rest_route=\/wp\/v2\/posts\/46232"}],"collection":[{"href":"https:\/\/speyer24news.com\/index.php?rest_route=\/wp\/v2\/posts"}],"about":[{"href":"https:\/\/speyer24news.com\/index.php?rest_route=\/wp\/v2\/types\/post"}],"author":[{"embeddable":true,"href":"https:\/\/speyer24news.com\/index.php?rest_route=\/wp\/v2\/users\/3"}],"replies":[{"embeddable":true,"href":"https:\/\/speyer24news.com\/index.php?rest_route=%2Fwp%2Fv2%2Fcomments&post=46232"}],"version-history":[{"count":2,"href":"https:\/\/speyer24news.com\/index.php?rest_route=\/wp\/v2\/posts\/46232\/revisions"}],"predecessor-version":[{"id":46236,"href":"https:\/\/speyer24news.com\/index.php?rest_route=\/wp\/v2\/posts\/46232\/revisions\/46236"}],"wp:featuredmedia":[{"embeddable":true,"href":"https:\/\/speyer24news.com\/index.php?rest_route=\/wp\/v2\/media\/23902"}],"wp:attachment":[{"href":"https:\/\/speyer24news.com\/index.php?rest_route=%2Fwp%2Fv2%2Fmedia&parent=46232"}],"wp:term":[{"taxonomy":"category","embeddable":true,"href":"https:\/\/speyer24news.com\/index.php?rest_route=%2Fwp%2Fv2%2Fcategories&post=46232"},{"taxonomy":"post_tag","embeddable":true,"href":"https:\/\/speyer24news.com\/index.php?rest_route=%2Fwp%2Fv2%2Ftags&post=46232"}],"curies":[{"name":"wp","href":"https:\/\/api.w.org\/{rel}","templated":true}]}}