{"id":46256,"date":"2022-05-21T16:50:42","date_gmt":"2022-05-21T15:50:42","guid":{"rendered":"https:\/\/speyer24news.com\/?p=46256"},"modified":"2022-05-21T16:50:47","modified_gmt":"2022-05-21T15:50:47","slug":"polizei-814","status":"publish","type":"post","link":"https:\/\/speyer24news.com\/?p=46256","title":{"rendered":"Polizei"},"content":{"rendered":"<style type=\"text\/css\">\r\n\t.ads_top_disp{}\r\n\t.ads_top_corner_disp{ float:left; margin:0px 10px 10px 0px; }\r\n\t.ads_first_p_disp{}\r\n\t.ads_bottom_disp{}\r\n\t<\/style>\n<h2 class=\"wp-block-heading\">Polizeimeldungen vom Freitag &amp; Samstag (20.05. &amp; 21.05.2022)<\/h2>\n\n\n\n<div class=\"wp-block-image\"><figure class=\"aligncenter size-full\"><img decoding=\"async\" loading=\"lazy\" width=\"375\" height=\"500\" src=\"https:\/\/speyer24news.com\/wp-content\/uploads\/2022\/03\/Aktuelles-Polizeilogo.jpg\" alt=\"\" class=\"wp-image-43591\" srcset=\"https:\/\/speyer24news.com\/wp-content\/uploads\/2022\/03\/Aktuelles-Polizeilogo.jpg 375w, https:\/\/speyer24news.com\/wp-content\/uploads\/2022\/03\/Aktuelles-Polizeilogo-225x300.jpg 225w\" sizes=\"(max-width: 375px) 100vw, 375px\" \/><\/figure><\/div>\n\n\n\n<h2 class=\"wp-block-heading\">(Speyer) &#8211; Versuchter PKW Aufbruch<\/h2>\n\n\n\n<p>Am 21.05. um 03:39 Uhr wurde an einem geparkten BMW, im Rotkehlchenweg in Speyer, die Alarmanlage ausgel\u00f6st. Der Fahrzeughalter konnte vor Ort lediglich noch die eingeschlagene Seitenscheibe feststellen. Die Scheibe wurde zuvor mit mehreren Streifen Klebeband abgeklebt, was einige Zeit in Anspruch genommen haben m\u00fcsste. Der\/die T\u00e4ter konnten nicht beobachtet werden, der Schaden wurde auf 200 EUR gesch\u00e4tzt. Zeugen werden gebeten, sich telefonisch oder per E-Mail bei der Polizei Speyer zu melden (Tel. 06232 \/ 137-0, E-Mail an\u00a0<a href=\"mailto:pispeyer@polizei.rlp.de\">pispeyer@polizei.rlp.de<\/a>)<\/p>\n\n\n\n<h2 class=\"wp-block-heading\">(Speyer) &#8211; Unfall auf dem Domplatz<\/h2>\n\n\n\n<p>Am 20.05.2022 um 12:25 Uhr kam es zu einem Unfall auf der Domplatte in Speyer. Beim Einfahren in die Gro\u00dfe Himmelgasse stie\u00df ein LKW mit einem der Poller, mit einer solchen Wucht zusammen, dass der Lkw aufgrund der erheblichen Besch\u00e4digung am Rad nicht mehr fahrbereit war. Der Aufprall war als lauter Knall wahrnehmbar und sorgte f\u00fcr erh\u00f6hte Aufmerksamkeit der Passanten. Verletzt wurde hierbei niemand. Der Schaden wurde auf ca. 1500EUR gesch\u00e4tzt.<\/p>\n\n\n\n<h2 class=\"wp-block-heading\">(Speyer) &#8211; Diebstahl an PKW<\/h2>\n\n\n\n<p>Im Zeitraum 19.05., 22 Uhr bis 20.05., 8 Uhr wurde auf dem Festplatz in Speyer an einem hochwertigen Mercedes alle vier Reifen, samt Felgen entwendet. Die unbekannten T\u00e4ter bockten hierzu das Fahrzeug auf Backsteine auf. Der Schaden wurde auf etwa 6000 EUR gesch\u00e4tzt.<\/p>\n\n\n\n<p>Wer hat im genannten Zeitraum verd\u00e4chtige Personen oder Fahrzeuge im Bereich des Tatortes beobachtet oder kann in sonstiger Weise sachdienliche Hinweise zum Tatgeschehen machen? Zeugen werden gebeten, sich telefonisch oder per E-Mail bei der Polizei Speyer zu melden (Tel. 06232 \/ 137-0, E-Mail an&nbsp;<a href=\"mailto:pispeyer@polizei.rlp.de\">pispeyer@polizei.rlp.de<\/a>)<\/p>\n\n\n\n<h2 class=\"wp-block-heading\">(Speyer) &#8211; Versuchter Gef\u00e4hrlicher Eingriff in den Stra\u00dfenverkehr mit Laserpointer<\/h2>\n\n\n\n<div class=\"wp-block-image\"><figure class=\"aligncenter size-full\"><img decoding=\"async\" loading=\"lazy\" width=\"800\" height=\"600\" src=\"https:\/\/speyer24news.com\/wp-content\/uploads\/2019\/06\/Ausn\u00fcchterungszelle.jpg\" alt=\"\" class=\"wp-image-15212\" srcset=\"https:\/\/speyer24news.com\/wp-content\/uploads\/2019\/06\/Ausn\u00fcchterungszelle.jpg 800w, https:\/\/speyer24news.com\/wp-content\/uploads\/2019\/06\/Ausn\u00fcchterungszelle-300x225.jpg 300w, https:\/\/speyer24news.com\/wp-content\/uploads\/2019\/06\/Ausn\u00fcchterungszelle-768x576.jpg 768w, https:\/\/speyer24news.com\/wp-content\/uploads\/2019\/06\/Ausn\u00fcchterungszelle-678x509.jpg 678w, https:\/\/speyer24news.com\/wp-content\/uploads\/2019\/06\/Ausn\u00fcchterungszelle-326x245.jpg 326w, https:\/\/speyer24news.com\/wp-content\/uploads\/2019\/06\/Ausn\u00fcchterungszelle-80x60.jpg 80w\" sizes=\"(max-width: 800px) 100vw, 800px\" \/><\/figure><\/div>\n\n\n\n<p>Am 19.05.2022 um 22:16 Uhr leuchtete ein 59-J\u00e4hriger in der Spaldinger Stra\u00dfe mit einem Laserpointer in den fahrenden PKW eines 23-J\u00e4hrigen, ohne hierbei die Augenpartie gezielt anzuleuchten. Der 23-J\u00e4hrige wurde gl\u00fccklicherweise nicht geblendet. Die hinzugerufene Polizeistreife stellte den alkoholisierten, torkelnden 59-J\u00e4hrigen vor Ort fest und stellte bei der Durchsuchung seiner Person den mutma\u00dflich genutzten Laserpointer sicher. Der 59-J\u00e4hrige war nicht zur Durchf\u00fchrung eines Atemalkoholtests im Stande. Da er infolge seiner Alkoholisierung nicht mehr wegef\u00e4hig war, wurde er in Gewahrsam genommen. Gegen ihn wurde ein Strafverfahren eingeleitet.<\/p>\n\n\n\n<h2 class=\"wp-block-heading\">(Speyer) &#8211; Versuchte Einbruchsdiebst\u00e4hle im Stadtgebiet<\/h2>\n\n\n\n<p>Im Zeitraum vom 17.05.2022, 21 Uhr, bis zum 19.05.2022, 15 Uhr, setzten unbekannte T\u00e4ter ein Hebelwerkzeug am Fenster des Mehrgenerationenhauses im Wei\u00dfdornweg an und versuchten, auf diese Weise ins Geb\u00e4udeinnere einzudringen. Die \u00d6ffnung des Fensters misslang jedoch. Es entstand Schaden am Fenster in H\u00f6he von ca. 100 Euro.<\/p>\n\n\n\n<p>Im Zeitraum vom 18.05.2022, 21 Uhr, bis zum 19.05.2022, 10 Uhr, setzten unbekannte T\u00e4ter mehrfach ein Hebelwerkzeug an der Seitent\u00fcr eines Fahrradgesch\u00e4fts in der Tullastra\u00dfe an und hebelten daran. Auch hier gelang es der T\u00e4terschaft nicht, ins Geb\u00e4udeinnere vorzudringen. Die H\u00f6he des Sachschadens steht noch nicht fest.<\/p>\n\n\n\n<h2 class=\"wp-block-heading\">(Speyer) &#8211; Randalierer in Tankstelle beleidigt Polizei<\/h2>\n\n\n\n<p>Am 19.05.2022 um 11:35 Uhr verhielt sich ein alkoholisierter 48-J\u00e4hriger in einer Tankstelle in der Lindenstra\u00dfe provokativ und st\u00f6rend gegen\u00fcber den Besch\u00e4ftigten und Kunden und machte Anstalten, auf seinem Fahrrad alkoholisiert wegzufahren. Bevor er wegfuhr, traf die Polizeistreife ein und stellte das Fahrrad des Mannes zur Verhinderung einer Trunkenheitsfahrt und aufgrund bestehender Eigentumszweifel sicher. Der 48-J\u00e4hrige reagierte sehr aggressiv und beleidigte die Beamten auf unterstem Niveau. Au\u00dferdem bedrohte er sie mit dem Tode, ballte seine F\u00e4uste und forderte sie zum Kampf auf. Auch einem Platzverweis kam er nicht nach. Die Polizeibeamten nahmen den 48-J\u00e4hrigen zur Verhinderung von Straftaten in Gewahrsam. Dabei leistete er keinen Widerstand. Ein freiwilliger Atemalkoholtest ergab bei ihm einen Wert von 2,63 Promille.<\/p>\n\n\n\n<h2 class=\"wp-block-heading\">(Speyer) &#8211; Verkehrskontrollen am Donnerstag<\/h2>\n\n\n\n<p>Am 19.05.2022 um 07:10 Uhr stellte eine Polizeistreife einen 31-J\u00e4hrigen in der Wormser Landstra\u00dfe fest, der auf einem sogenannten &#8222;OneWheel&#8220; oder &#8222;Monowheel&#8220; fuhr. Dabei handelt es sich um ein Skateboard mit Elektromotor. An dem kuriosen Gef\u00e4hrt war kein Versicherungskennzeichen angebracht &#8211; mangels Betriebserlaubnis k\u00f6nnen solche Gef\u00e4hrte in rechtlicher Hinsicht nicht im \u00f6ffentlichen Verkehrsraum betrieben werden. Das Gef\u00e4hrt erreichte eine Geschwindigkeit von ca. 20 km\/h. Die Polizeibeamten stellten es sicher, um die Weiterfahrt zu unterbinden. Gegen den 31-J\u00e4hrigen wurde ein Strafverfahren wegen Versto\u00dfes gegen das Pflichtversicherungsgesetz eingeleitet.<\/p>\n\n\n\n<p>Um 10 Uhr kontrollierte eine Polizeistreife den 27-j\u00e4hrigen Fahrer eines Mofas an der Ged\u00e4chtniskirche. Er verf\u00fcgte lediglich \u00fcber eine Pr\u00fcfbescheinigung f\u00fcr Mofas bis 25 km\/h. Da sein Gef\u00e4hrt allerdings eine H\u00f6chstgeschwindigkeit von ca. 35 km\/h erreichte, stellten die Beamten seinen Fahrzeugschl\u00fcssel sicher und untersagten die Weiterfahrt. Ein Strafverfahren wegen Fahrens ohne Fahrerlaubnis wurde eingeleitet.<\/p>\n\n\n\n<h2 class=\"wp-block-heading\">(Schifferstadt) &#8211; Verkehrsunfall mit verletzter Radfahrerin<\/h2>\n\n\n\n<p>Am 19.05.2022, gegen 14:00 Uhr, kam es auf der K30 im Bereich der Einfahrt zur dortigen Bauschuttdeponie zu einem Unfall zwischen einem 64-j\u00e4hrigen PKW Fahrer mit Anh\u00e4nger und einer 75-j\u00e4hrigen Radfahrerin. Die Radfahrerin \u00fcberquerte die K30 in dem sie ihr Fahrrad schob. Der PKW-Fahrer, welcher aus Richtung Waldsee kam, stie\u00df trotz sofortigem Brems- und Ausweichman\u00f6vers mit der Radfahrerin zusammen. Der Anh\u00e4nger des PKW-Fahrers geriet ins Schlingern und kippte um. Die Radfahrerin erlitt Verletzungen und musste durch den Notarzt vor Ort erstversorgt werden. Anschlie\u00dfend wurde sie durch einen Rettungswagen in ein Krankenhaus nach Ludwigshafen verbracht. An dem Fahrrad und am PKW entstand Sachschaden. Ebenfalls wurde der Stra\u00dfenbelag durch den umgekippten Anh\u00e4nger besch\u00e4digt. Die K30 an der Unfall\u00f6rtlichkeit wurde w\u00e4hrend der Unfallaufnahme komplett gesperrt.<\/p>\n\n\n\n<p>Zeugen, die Angaben zu dem Unfallhergang machen k\u00f6nnen, werden gebeten, sich mit der Polizeiinspektion Schifferstadt unter 06235 495-0 oder\u00a0<a href=\"mailto:pischifferstadt@polizei.rlp.de\">pischifferstadt@polizei.rlp.de<\/a>\u00a0in Verbindung zu setzen.<\/p>\n\n\n\n<h2 class=\"wp-block-heading\">(Dannstadt-Schauernheim) &#8211; Verkehrsunfall mit Flucht durch Trike<\/h2>\n\n\n\n<p>Am 19.05.2022, um 10:30 Uhr, befuhr der 83-j\u00e4hrige die Stra\u00dfe Am Rathausplatz. Er wollte nach links auf den dortigen Parkplatz abbiegen. Von der Hauptstra\u00dfe kommend bog ein Trike in die Stra\u00dfe Am Rathausplatz ein und stie\u00df mit dem 83-j\u00e4hrigen PKW Fahrer zusammen. Anschlie\u00dfend fl\u00fcchtete der Trike-Fahrer von der Unfallstelle. Zeugen, die Angaben zu dem Unfallhergang machen k\u00f6nnen, werden gebeten, sich mit der Polizeiinspektion Schifferstadt unter 06235 495-0 oder&nbsp;<a href=\"mailto:pischifferstadt@polizei.rlp.de\">pischifferstadt@polizei.rlp.de<\/a>&nbsp;in Verbindung zu setzen.<\/p>\n\n\n\n<h2 class=\"wp-block-heading\">(Dudenhofen) &#8211; Aufbruch eines Zigarettenautomaten<\/h2>\n\n\n\n<p>Am 20.05.2022 um 02:52 Uhr hebelten mehrere unbekannte T\u00e4ter einen Zigarettenautomaten in der Iggelheimer Stra\u00dfe in Dudenhofen auf und entwendeten die Geldkassette. Der Sach- und Diebstahlsschaden l\u00e4sst sich noch nicht beziffern. Zeugen beobachteten eine Person mit rotem Kapuzenpullover, die sich zu Fu\u00df in Richtung Jahnstra\u00dfe entfernte. Eine weitere Person mit schwarzem Kapuzenpullover fl\u00fcchtete zu Fu\u00df in Richtung Albrecht-D\u00fcrer-Stra\u00dfe. Sofort eingeleitete Fahndungsma\u00dfnahmen f\u00fchrten nicht mehr zur Ergreifung der T\u00e4ter.<\/p>\n\n\n\n<p>Wer hat im genannten Zeitraum verd\u00e4chtige Personen oder Fahrzeuge im Bereich des Tatortes beobachtet oder kann in sonstiger Weise sachdienliche Hinweise zum Tatgeschehen machen? Zeugen werden gebeten, sich telefonisch oder per E-Mail bei der Polizei Speyer zu melden (Tel. 06232 \/ 137-0, E-Mail an\u00a0<a href=\"mailto:pispeyer@polizei.rlp.de\">pispeyer@polizei.rlp.de<\/a>)<\/p>\n\n\n\n<h2 class=\"wp-block-heading\">(Lingenfeld) &#8211; Dieseldiebstahl<\/h2>\n\n\n\n<p>In der Zeit von Dienstag bis Donnerstag entwendeten bislang unbekannte T\u00e4ter insgesamt ca. 200 Liter Dieselkraftstoff aus abgestellten LKW im Bereich der Schwegenheimer Stra\u00dfe in Lingenfeld. Die Polizeiinspektion Germersheim hat die Ermittlungen aufgenommen und bittet Zeugen sich unter der Telefonnummer 07274\/958-0 oder per Mail an\u00a0<a href=\"mailto:pigermersheim@polizei.rlp.de\">pigermersheim@polizei.rlp.de<\/a>\u00a0zu melden.<\/p>\n\n\n\n<h2 class=\"wp-block-heading\">(Zeiskam) &#8211; Diebstahl aus Lagerhalle<\/h2>\n\n\n\n<p>Von Donnerstag auf Freitag stemmten bislang unbekannte T\u00e4ter eine Hallent\u00fcr im Bereich Gewann &#8222;Im Storchennest&#8220; in Zeiskam auf und entwendeten dort zwei Notstromaggregate im Wert von \u00fcber 3.000 Euro. Hinweise nimmt die Polizeiinspektion Germersheim unter der Telefonnummer 07274\/958-0 oder per Mail an\u00a0<a href=\"mailto:pigermersheim@polizei.rlp.de\">pigermersheim@polizei.rlp.de<\/a>\u00a0entgegen.<\/p>\n\n\n\n<h2 class=\"wp-block-heading\">(Germersheim) &#8211; Wechsel in der Leitung der Polizeiinspektion Germersheim zum 01.06.2022<\/h2>\n\n\n\n<div class=\"wp-block-image\"><figure class=\"aligncenter size-full\"><img decoding=\"async\" loading=\"lazy\" width=\"800\" height=\"600\" src=\"https:\/\/speyer24news.com\/wp-content\/uploads\/2022\/05\/Pressebild.jpg\" alt=\"\" class=\"wp-image-46257\" srcset=\"https:\/\/speyer24news.com\/wp-content\/uploads\/2022\/05\/Pressebild.jpg 800w, https:\/\/speyer24news.com\/wp-content\/uploads\/2022\/05\/Pressebild-300x225.jpg 300w, https:\/\/speyer24news.com\/wp-content\/uploads\/2022\/05\/Pressebild-768x576.jpg 768w, https:\/\/speyer24news.com\/wp-content\/uploads\/2022\/05\/Pressebild-678x509.jpg 678w, https:\/\/speyer24news.com\/wp-content\/uploads\/2022\/05\/Pressebild-326x245.jpg 326w, https:\/\/speyer24news.com\/wp-content\/uploads\/2022\/05\/Pressebild-80x60.jpg 80w\" sizes=\"(max-width: 800px) 100vw, 800px\" \/><\/figure><\/div>\n\n\n\n<p>Am 20.05.22 wurde der bisherige Leiter der Polizeiinspektion Germersheim, Erster Polizeihauptkommissar Uwe Becker, nach fast 44 Jahren Polizeidienst von Polizeipr\u00e4sident Georg Litz in den Ruhestand verabschiedet.<\/p>\n\n\n\n<p>Der 62-J\u00e4hrige wurde 1978 beim damaligen Bundesgrenzschutz in Alsfeld eingestellt. 1991 wechselte Uwe Becker zur rheinland-pf\u00e4lzischen Polizei. Nach Stationen bei der Bereitschaftspolizei erfolgte 1999 der Aufstieg in den gehobenen Polizeidienst und ab 2000 die anschlie\u00dfende Verwendung bei der Polizeiinspektion Germersheim als Sachbearbeiter Einsatz. 2013 wechselte er nach Ludwigshafen, wo er bei der Pressestelle und anschlie\u00dfend als pers\u00f6nlicher Mitarbeiter des damaligen Polizeipr\u00e4sidenten J\u00fcrgen Schmitt eingesetzt wurde. 2015 \u00fcbertrug man ihm zun\u00e4chst die stellvertretende Leitung und im August 2020 die Leitung der Polizeiinspektion Germersheim. Mit Ablauf des 31.05.2022 wird er nun in den wohlverdienten Ruhestand versetzt. Hierf\u00fcr w\u00fcnschen wir Uwe Becker alles Gute.<\/p>\n\n\n\n<p>Gleichzeitig wurde der neue Leiter der Polizeiinspektion Germersheim, Erster Polizeihauptkommissar Stefan M\u00fcller, von Polizeipr\u00e4sident Georg Litz offiziell in sein Amt eingef\u00fchrt. Die Funktion \u00fcbernimmt der 56-J\u00e4hrige, der bisher stellvertretender Leiter der Polizeiinspektion Speyer war, offiziell zum 01.06.2022.<\/p>\n\n\n\n<p>Stefan M\u00fcller, der im Landkreis S\u00fcdliche Weinstra\u00dfe wohnt, wurde 1983 bei der Polizei des Landes Rheinland-Pfalz eingestellt. Nach dem Abschluss des Studiums und dem damit verbundenen Aufstieg in den gehobenen Dienst im Jahre 1998 verrichtete Stefan M\u00fcller seinen Dienst zun\u00e4chst als Dienstgruppenleiter bei der Polizeiinspektion Edenkoben und ab 2012 mit gleichem Aufgabenbereich bei der Polizeiinspektion W\u00f6rth. 2014 wechselte er als Sachbearbeiter Einsatz nach Germersheim zur dortigen Polizeidienststelle, wodurch ihm die Polizeidirektion Landau und der Kreis Germersheim bestens bekannt sind.<\/p>\n\n\n\n<p>2018 und 2019 absolvierte Stefan M\u00fcller Stationen einer F\u00f6rderverwendung in der F\u00fchrungsgruppe der Polizeidirektion Ludwigshafen und in der Leitung der Polizeiinspektion Speyer, bei der er anschlie\u00dfend 2019 die stellvertretende Leitung der Dienststelle \u00fcbernahm.<\/p>\n\n\n\n<p>Pandemiebedingt fand der Amtswechsel in kleinem Kreis statt. Polizeipr\u00e4sident Georg Litz bedankte sich bei Uwe Becker f\u00fcr die geleistete Arbeit. Gleichzeitig w\u00fcnschte er Stefan M\u00fcller viel Erfolg in seiner neuen Funktion.<\/p>\n\n\n\n<p>Die Polizeiinspektion Germersheim ist neben der Stadt Germersheim f\u00fcr die Verbandsgemeinden Bellheim, Lingenfeld und R\u00fclzheim zust\u00e4ndig.<\/p>\n\n\n\n<h2 class=\"wp-block-heading\">(L 554 \/ W\u00f6rth) &#8211; Schwerer Verkehrsunfall auf der L 554 mit anschlie\u00dfender Waldbrandgefahr im Bereich W\u00f6rth<\/h2>\n\n\n\n<div class=\"wp-block-image\"><figure class=\"aligncenter size-full\"><img decoding=\"async\" loading=\"lazy\" width=\"800\" height=\"580\" src=\"https:\/\/speyer24news.com\/wp-content\/uploads\/2022\/05\/VUBrennenderPKW.jpg\" alt=\"\" class=\"wp-image-46258\" srcset=\"https:\/\/speyer24news.com\/wp-content\/uploads\/2022\/05\/VUBrennenderPKW.jpg 800w, https:\/\/speyer24news.com\/wp-content\/uploads\/2022\/05\/VUBrennenderPKW-300x218.jpg 300w, https:\/\/speyer24news.com\/wp-content\/uploads\/2022\/05\/VUBrennenderPKW-768x557.jpg 768w\" sizes=\"(max-width: 800px) 100vw, 800px\" \/><\/figure><\/div>\n\n\n\n<p>Am 20.05.2022 meldet um 22:26 Uhr eine zuf\u00e4llig vorbeifahrende Streife der Bundespolizei ein brennendes Fahrzeug und 3 teils schwer verletzte Personen im Wald. Nach der Infoweitergabe an die ILS S\u00fcdpfalz zwecks Verst\u00e4ndigung von Rettungskr\u00e4ften und Feuerwehr wurde sofort die Einsatz\u00f6rtlichkeit durch Streifen der PI W\u00f6rth aufgesucht. Vor Ort konnte ein in Vollbrand stehender PKW festgestellt werden, 3 j\u00fcngere M\u00e4nner wurden teils schwer verletzt vor Ort behandelt. <\/p>\n\n\n\n<p>Nach derzeitigem Ermittlungsstand fuhr der PKW VW Golf einer deutschen Mitwagenfirma mit \u00fcberh\u00f6hter Geschwindigkeit auf der L554 in Richtung Einm\u00fcndung Bienwald B9. Das Fahrzeug kam in einer Linkskurve von der Fahrbahn ab und fuhr in den angrenzenden Wald, wo es total besch\u00e4digt zu brennen begann. Die drei Insassen, alles franz. Staatsangeh\u00f6rige, konnten sich noch aus dem brennenden PKW befreien. <\/p>\n\n\n\n<div class=\"wp-block-image\"><figure class=\"aligncenter size-full\"><img decoding=\"async\" loading=\"lazy\" width=\"800\" height=\"568\" src=\"https:\/\/speyer24news.com\/wp-content\/uploads\/2022\/05\/VUBrennenderPKW2.jpg\" alt=\"\" class=\"wp-image-46259\" srcset=\"https:\/\/speyer24news.com\/wp-content\/uploads\/2022\/05\/VUBrennenderPKW2.jpg 800w, https:\/\/speyer24news.com\/wp-content\/uploads\/2022\/05\/VUBrennenderPKW2-300x213.jpg 300w, https:\/\/speyer24news.com\/wp-content\/uploads\/2022\/05\/VUBrennenderPKW2-768x545.jpg 768w\" sizes=\"(max-width: 800px) 100vw, 800px\" \/><\/figure><\/div>\n\n\n\n<p>Das Auto brannte total aus, die Personen wurden in die umliegenden Krankenh\u00e4user verbracht Die Feuerwehr aus W\u00f6rth l\u00f6schte das Auto und den umliegenden Wald ab. Es entstand ein Sachschaden in H\u00f6he von mehreren Tausend Euro. Beim 26 j\u00e4hrigen Fahrer, gegen den ein Verfahren eingeleitet wurde, ist eine Blutprobe angeordnet und im Krankenhaus entnommen worden.<\/p>\n\n\n\n<h2 class=\"wp-block-heading\">(W\u00f6rth) &#8211; Trunkenheitsfahrt verhindert<\/h2>\n\n\n\n<p>Zwei M\u00e4nner, 27 und 42 Jahre alt, wurden am Donnerstag, dem 19.05.2022, um 23.55 Uhr, Bier trinkend neben ihren Autos auf dem Gel\u00e4nde einer Tankstelle in der Bahnhofstra\u00dfe festgestellt. Bei beiden wurde ein Alkoholtest durchgef\u00fchrt, der im Fall des j\u00fcngeren Mannes 0,57 Promille und im Fall des \u00e4lteren Mannes 0,25 Promille ergaben. Zur Verhinderung einer Trunkenheitsfahrt wurden die Fahrzeugschl\u00fcssel des 27-J\u00e4hrigen sichergestellt.<\/p>\n\n\n\n<h2 class=\"wp-block-heading\">(W\u00f6rth) &#8211; Drogen am Steuer<\/h2>\n\n\n\n<p>Am Donnerstag, dem 19.05.2022, um 02.30 Uhr, wurde in der Richard-Wagner-Stra\u00dfe eine 23-j\u00e4hrige Autofahrerin kontrolliert, die offenbar unter Drogeneinwirkung stand. Ein Test ergab den Hinweis auf den Konsum von Cannabisprodukten, woraufhin die junge Frau zugab einen Joint geraucht zu haben. Zu Beweiszwecken wurde ihr eine Blutprobe entnommen und ihr F\u00fchrerschein vor\u00fcbergehend sichergestellt.<\/p>\n\n\n\n<h2 class=\"wp-block-heading\">(B 9 \/ Kandel) &#8211; Bienwald B 9 nach Lkw-Unfall gesperrt<\/h2>\n\n\n\n<p>Am 20.05.22 um 07.30 Uhr kam der 46-j\u00e4hrige Fahrer eines Sattelzugs auf der Bundesstra\u00dfe 9 im Bienwald in Fahrtrichtung Frankreich beim Langenberg nach links auf die Gegenfahrbahn und streifte das F\u00fchrerhaus eines entgegenkommenden Sattelzugs, dessen 40-j\u00e4hriger Fahrer einen Zusammensto\u00df nicht mehr verhindern konnte. Die beiden Lastkraftwagen waren nicht mehr fahrbereit und mussten abgeschleppt werden. Die Fahrer selbst wurden, ebenso wie die 44-j\u00e4hrige Fahrerin eines Autos, das dem Unfallverursacher begegnete und durch umher- fliegende Fahrzeugteile besch\u00e4digt wurde, leicht verletzt. Der Gesamtsachschaden wird auf etwa 30 000 Euro gesch\u00e4tzt. Die Unfallstelle ist wegen auslaufender Betriebsstoffe und der Bergungsarbeiten bis etwa 13.00 Uhr voll gesperrt. Der Verkehrswarnfunk gibt die Aufhebung der Sperrung bekannt. Die Umleitungsstrecke wurde durch Stra\u00dfenmeisterei Kandel und die Autobahn AG beschildert.<\/p>\n\n\n\n<h2 class=\"wp-block-heading\">(Bad Bergzabern) &#8211; Aggressor beleidigt Frau und Polizeibeamten<\/h2>\n\n\n\n<p>Am Donnerstag, 19.05.2022, kam es gegen 10:30 Uhr, in der Herzog-Wolfgang-Stra\u00dfe, zu einem Polizeieinsatz. Ein 28-j\u00e4hriger Mann hatte im Bereich einer Arztpraxis herumgeschrien und eine 50-j\u00e4hrige Frau beleidigt. Die verst\u00e4ndigten Polizeibeamten erteilten dem Mann einen Platzverweis, dem er nur unter verbalem Protest nachkam. Im Gespr\u00e4ch wurde ein 46-j\u00e4hriger Polizeibeamter von dem Aggressor auch als Hampelmann betitelt. Gegen den 28-J\u00e4hrigen wird wegen Beleidigung in zwei F\u00e4llen ermittelt.<\/p>\n\n\n\n<h2 class=\"wp-block-heading\">(Annweiler) &#8211; Mountainbike aufgefunden<\/h2>\n\n\n\n<p>In Annweiler, An den B\u00e4chen wurde ein gelbes Herren Mountainbike, Marke Trek, aufgefunden. Der Eigent\u00fcmer m\u00f6chte sich bei der Polizeiwache Annweiler unter 06346-964619 melden.<\/p>\n\n\n\n<h2 class=\"wp-block-heading\">(Landau) &#8211; Schl\u00e4gerei vor Landauer Diskothek<\/h2>\n\n\n\n<div class=\"wp-block-image\"><figure class=\"aligncenter size-full\"><img decoding=\"async\" loading=\"lazy\" width=\"800\" height=\"533\" src=\"https:\/\/speyer24news.com\/wp-content\/uploads\/2021\/11\/Schlaegerei.jpg\" alt=\"\" class=\"wp-image-42366\" srcset=\"https:\/\/speyer24news.com\/wp-content\/uploads\/2021\/11\/Schlaegerei.jpg 800w, https:\/\/speyer24news.com\/wp-content\/uploads\/2021\/11\/Schlaegerei-300x200.jpg 300w, https:\/\/speyer24news.com\/wp-content\/uploads\/2021\/11\/Schlaegerei-768x512.jpg 768w\" sizes=\"(max-width: 800px) 100vw, 800px\" \/><\/figure><\/div>\n\n\n\n<p>Zu einer Schl\u00e4gerei vor einer Landauer Diskothek in der Albert-Einstein-Stra\u00dfe mussten am fr\u00fchen Samstagmorgen, den 21.05.2022, gegen 05:03 Uhr, gleich mehrere Streifenwagen ausr\u00fccken. Zwischen dem 21 Jahre alten Beschuldigten sowie dessen Freunden und dem 22-j\u00e4hrigen Kontrahenten kam es auf dem Parkplatz zu einer k\u00f6rperlichen Auseinandersetzung. Der Gesch\u00e4digte trug Verletzungen im Gesichtsbereich davon. Der genaue Tathergang ist Gegenstand der polizeilichen Ermittlungen.<\/p>\n\n\n\n<p>Zeugen der Auseinandersetzung werden gebeten sich telefonisch unter 06341\/2870 oder per Email an&nbsp;<a href=\"mailto:pilandau@polizei.rlp.de\">pilandau@polizei.rlp.de<\/a>&nbsp;bei der Polizeiinspektion Landau zu melden.<\/p>\n\n\n\n<h2 class=\"wp-block-heading\">(Landau) &#8211; Verkehrsunfall mit leichtverletzter Rollerfahrerin<\/h2>\n\n\n\n<p>Am Freitag, den 20.05.2022, kam es gegen 14:26 Uhr zu einem Verkehrsunfall im Kreuzungsbereich Neustadter Stra\u00dfe \/ Zeppelinstra\u00dfe. Die aus Richtung Horststra\u00dfe kommende, 32-j\u00e4hrige PKW-Fahrerin wollte bei gr\u00fcnzeigender Lichtzeichenanlage nach links in die Neustadter Stra\u00dfe abbiegen. Dabei \u00fcbersah sie die entgegenkommende und damit bevorrechtigte Rollerfahrerin, die ihre Fahrt geradeaus fortsetzen wollte. Bei dem Zusammensto\u00df der beiden Kraftfahrzeuge verletzte sich die 22-j\u00e4hrige Rollerfahrerin leicht. Zudem entstand Sachschaden an beiden Fahrzeugen.<\/p>\n\n\n\n<h2 class=\"wp-block-heading\">(Edenkoben) &#8211; Anzeige wegen Erpressung<\/h2>\n\n\n\n<div class=\"wp-block-image\"><figure class=\"aligncenter size-full\"><img decoding=\"async\" loading=\"lazy\" width=\"640\" height=\"427\" src=\"https:\/\/speyer24news.com\/wp-content\/uploads\/2021\/03\/Cybercrime.jpg\" alt=\"\" class=\"wp-image-33792\" srcset=\"https:\/\/speyer24news.com\/wp-content\/uploads\/2021\/03\/Cybercrime.jpg 640w, https:\/\/speyer24news.com\/wp-content\/uploads\/2021\/03\/Cybercrime-300x200.jpg 300w\" sizes=\"(max-width: 640px) 100vw, 640px\" \/><\/figure><\/div>\n\n\n\n<p>Seine sexuellen Handlungen vor dem PC will ein Unbekannter im Netz sowie in seinen sozialen Kontakten ver\u00f6ffentlichen, wenn der 62 Jahre alte Anzeigenerstatter keine 1.700 Euro auf eine Bitcoin-Adresse \u00fcberweist. Der Mann hatte zwei E-Mails erhalten, in der er zur Zahlung aufgefordert wurde. Vermutlich ist der Mann einem Hacker zum Opfer gefallen, der ihm einen Trojaner auf den Rechner spielte. Nun laufen die Ermittlungen wegen Erpressung. Die Polizei warnt: Achten Sie auf den Schutz Ihrer Daten und seien Sie vorsichtig, wenn Sie Details zu Ihrer Person bekanntgeben. \u00dcbermitteln Sie keine Fotos oder Videos von sich selbst. Denken Sie daran, dass alles, was Sie vor der Webcam machen, vom Gegen\u00fcber aufgezeichnet werden kann.<\/p>\n\n\n\n<h2 class=\"wp-block-heading\">(Edenkoben) &#8211; Relegationseuphorie<\/h2>\n\n\n\n<p>Vorsicht bei K\u00e4ufen im Internet. Ein 21 Jahre alter Mann hatte vier Karten auf einer Internetplattform f\u00fcr das Relegationsspiel FCK gegen Dynamo Dresden erworben. Voller Euphorie \u00fcberwies er den Geldbetrag. Bis heute hat er keine Karten erhalten. Nun muss er das Spiel im Fernsehen ansehen. <\/p>\n\n\n\n<h4 class=\"wp-block-heading\">Die Polizei appelliert: <\/h4>\n\n\n\n<ul><li><strong>Sch\u00fctzen Sie sich und verwenden Sie ausschlie\u00dflich sichere Zahlungsmethoden!<\/strong><\/li><li><strong>Wenn Sie Opfer eines solchen Betruges geworden sind, sollten Sie umgehend Ihre Bank auffordern, die erfolgte Zahlung r\u00fcckg\u00e4ngig zu machen. Wenige Stunden nach einer Onlinebestellung ist dies meist noch m\u00f6glich. Bei anderen Zahlungsarten, wie dem Lastschriftverfahren, bis zu acht Wochen nach Einzug. <\/strong><\/li><li><strong>Erstatten Sie in jedem Fall Strafanzeige!<\/strong><\/li><\/ul>\n\n\n\n<h2 class=\"wp-block-heading\">(Maikammer) &#8211; \u00dcberladung<\/h2>\n\n\n\n<p>Einen Bu\u00dfgeldbescheid von 60.- Euro sowie einen Punkt in der Flensburger Verkehrss\u00fcnderkartei handelte sich am Mittwoch (18.05.2022, 13.40 Uhr) ein 57- Jahre alter LKW-Fahrer auf der L 516 ein, weil seine Ladung mit Sch\u00fcttgut \u00fcber die Bordw\u00e4nde ragte und diese zudem nicht ausreichend mit der vorhandenen Sicherheitsfolie abgesichert war. Er durfte erst weiterfahren, nachdem er seine Ladung entsprechend nachgesichert hatte.<\/p>\n\n\n\n<h2 class=\"wp-block-heading\">(Neustadt) &#8211; Mann sticht mit Schere auf Jungen ein<\/h2>\n\n\n\n<h3 class=\"wp-block-heading\">Gemeinsames Pressemitteilung der StA Frankenthal und der Polizei Neustadt<\/h3>\n\n\n\n<p>Am Freitagnachmittag kam es in der Martin-Luther-Stra\u00dfe zu einer gef\u00e4hrlichen K\u00f6rperverletzung. Nach derzeitigem Ermittlungsstand stach ein 50-j\u00e4hriger Mann auf dem Parkplatz eines Einkaufsmarktes ohne ersichtlichen Grund mit einer Nagelschere auf einen siebenj\u00e4hrigen Jungen ein, welcher im Begriff war einen Einkaufswagen zu holen. Nach der Tat fl\u00fcchtete der Mann zu Fu\u00df. Er konnte jedoch aufgrund von Zeugenhinweisen unweit des Tatortes von der Polizei festgenommen werden. Der Mann ist ohne festen Wohnsitz, war alkoholisiert und psychisch krank. Sein Motiv ist bislang unklar. Nach Abschluss der polizeilichen Ma\u00dfnahmen wurde er in eine Fachklinik eingewiesen. Der Junge erlitt oberfl\u00e4chliche Verletzungen am Kopf und wurde zur Behandlung in ein umliegendes Krankenhaus gebracht. Die Staatsanwaltschaft Frankenthal hat ein Ermittlungsverfahren wegen gef\u00e4hrlicher K\u00f6rperverletzung eingeleitet.<\/p>\n\n\n\n<h2 class=\"wp-block-heading\">(Bad D\u00fcrkheim) &#8211; Brand in Wingertszeile<\/h2>\n\n\n\n<p>Am 19.05.2022 gegen 18:40 Uhr wurde ein Brand in einer Wingertszeile im Nussriegel in Bad D\u00fcrkheim gemeldet. Es handelte es sich um eine Fl\u00e4che von ca. 1-2qm. Der Brand wurde durch die freiwillige Feuerwehr gel\u00f6scht. Der Gesch\u00e4digte Eigent\u00fcmer konnte ermittelt werden und kam vor Ort. Wie der Brand ausgel\u00f6st wurde, ist noch nicht bekannt. Die Polizei Bad D\u00fcrkheim bittet um Hinweise unter 06322 963 0 oder per E-Mail an\u00a0<a href=\"mailto:pibadduerkheim@polizei.rlp.de\">pibadduerkheim@polizei.rlp.de<\/a><\/p>\n\n\n\n<h2 class=\"wp-block-heading\">(Bad D\u00fcrkheim) &#8211; Fahrt unter Alkoholeinwirkung<\/h2>\n\n\n\n<p>Am 19.05.2022 gegen 03:00 Uhr konnte durch eine Streifenbesatzung, auf dem Gr\u00fcnstreifen neben der B37 in Bad D\u00fcrkheim, ein abgestellter BMW festgestellt werden. Bei der \u00dcberpr\u00fcfung stellte sich heraus, dass der Fahrer noch hinter dem Steuer sa\u00df und in aller Ruhe schlief. Der Motor und das Autoradio liefen noch. Nachdem er von den Polizeibeamten geweckt wurde, konnten die Polizeibeamten w\u00e4hrend der Kontrolle des 41-J\u00e4hrigen, Atemalkoholgeruch feststellen. Ein freiwillig durchgef\u00fchrter Atemalkoholtest ergab einen Wert von 1,84 Promille. Ihm wurde eine Blutprobe entnommen und sein F\u00fchrerschein sichergestellt. Gegen den Fahrer wird nun wegen F\u00fchren eines Kraftfahrzeuges unter Alkoholeinwirkung ermittelt.<\/p>\n\n\n\n<h2 class=\"wp-block-heading\">(Bad D\u00fcrkheim) &#8211; Spiegel abgefahren und gefl\u00fcchtet<\/h2>\n\n\n\n<p>Im Zeitraum von 18.05.2022 19:00 Uhr bis 21:00 Uhr wurde ein in der Weinstra\u00dfe S\u00fcd in Bad D\u00fcrkheim abgestellter Mercedes besch\u00e4digt. Ein bislang unbekannter Verkehrsteilnehmer besch\u00e4digte vermutlich beim Vorbeifahren aufgrund ungen\u00fcgenden Abstandes den Mercedes und entfernte sich anschlie\u00dfend unerlaubt von der Unfallstelle. Durch den abgerissenen Au\u00dfenspiegel entstand ein Sachschaden in H\u00f6he von 300 Euro. Es liegen keinerlei Hinweise auf den Unfallverursacher vor. Die Polizei Bad D\u00fcrkheim bittet um Hinweise unter 06322 963 0 oder per E-Mail an\u00a0<a href=\"mailto:pibadduerkheim@polizei.rlp.de\">pibadduerkheim@polizei.rlp.de<\/a><\/p>\n\n\n\n<h2 class=\"wp-block-heading\">(Bad D\u00fcrkheim) &#8211; Hecke besch\u00e4digt und gefl\u00fcchtet<\/h2>\n\n\n\n<p>Im Zeitraum von 17.05.2022 18:30 Uhr bis 18.05.2022, 07:00 Uhr wurde eine auf dem Parkplatz eines Mehrfamilienhauses am Eichenplatz in Bad D\u00fcrkheim befindliche Hecke besch\u00e4digt. Ein bislang unbekannter Verkehrsteilnehmer besch\u00e4digte vermutlich beim Aus- bzw. Einparken die Hecke und entfernte sich anschlie\u00dfend unerlaubt von der Unfallstelle. Es entstand ein Sachschaden in H\u00f6he von 200EUR. Es liegen keinerlei Hinweise auf den Unfallverursacher vor. Die Polizei Bad D\u00fcrkheim bittet um Hinweise unter 06322 963 0 oder per E-Mail an&nbsp;<a href=\"mailto:pibadduerkheim@polizei.rlp.de\">pibadduerkheim@polizei.rlp.de<\/a><\/p>\n\n\n\n<h2 class=\"wp-block-heading\">(Bad D\u00fcrkheim) &#8211; Sittlichkeitsdelikt am Bad D\u00fcrkheimer Busbahnhof \/ Kriminalpolizei sucht Zeugen<\/h2>\n\n\n\n<div class=\"wp-block-image\"><figure class=\"aligncenter size-full\"><img decoding=\"async\" loading=\"lazy\" width=\"801\" height=\"600\" src=\"https:\/\/speyer24news.com\/wp-content\/uploads\/2020\/05\/Zeugen-gesucht-Neutral.jpg\" alt=\"\" class=\"wp-image-26598\" srcset=\"https:\/\/speyer24news.com\/wp-content\/uploads\/2020\/05\/Zeugen-gesucht-Neutral.jpg 801w, https:\/\/speyer24news.com\/wp-content\/uploads\/2020\/05\/Zeugen-gesucht-Neutral-300x225.jpg 300w, https:\/\/speyer24news.com\/wp-content\/uploads\/2020\/05\/Zeugen-gesucht-Neutral-768x575.jpg 768w, https:\/\/speyer24news.com\/wp-content\/uploads\/2020\/05\/Zeugen-gesucht-Neutral-678x509.jpg 678w, https:\/\/speyer24news.com\/wp-content\/uploads\/2020\/05\/Zeugen-gesucht-Neutral-326x245.jpg 326w, https:\/\/speyer24news.com\/wp-content\/uploads\/2020\/05\/Zeugen-gesucht-Neutral-80x60.jpg 80w\" sizes=\"(max-width: 801px) 100vw, 801px\" \/><\/figure><\/div>\n\n\n\n<p>Ein 13-j\u00e4hriges M\u00e4dchen wurde am Dienstag, 17. Mai 2022, gegen 09:15 Uhr, von einem unbekannten Mann am Busbahnhof in Bad D\u00fcrkheim angesprochen und nach Name und Alter gefragt. Der Mann, der in Begleitung eines Bekannten war, zeigte dem M\u00e4dchen einen Kartentrick, streichelte sie danach im Bauchbereich unterhalb ihres Crop-Tops und anschlie\u00dfend an H\u00fcfte, Oberschenkel und im Schambereich. Eine ca. 13 bis 15 Jahre alte Zeugin, die den Vorfall beobachtete und die vor Schockstarre handlungsunf\u00e4hige junge Dame konstatierte, zog die 13-J\u00e4hrige weg und begleitete sie in den Bus Richtung Schule. Da die Zeugin jedoch in Richtung Gr\u00fcnstadt wollte, verlie\u00df sie den Bus wieder. Der Mann stieg ebenfalls in den Bus Richtung Schulzentrum, worauf hin die Gesch\u00e4digte an der n\u00e4chsten Haltestelle den Bus verlassen hat.<\/p>\n\n\n\n<h4 class=\"wp-block-heading\">Der T\u00e4ter wurde als<\/h4>\n\n\n\n<ul><li><strong>ca. 20-50 Jahre alt<\/strong><\/li><li><strong>bekleidet mit schwarzem T-Shirt, schwarzer Lederjacke und grauer Hose<\/strong><\/li><li><strong>sprach kein deutsch sondern franz\u00f6sisch<\/strong><\/li><li><strong>trug einen grauen, spitz zulaufenden Bart<\/strong><\/li><\/ul>\n\n\n\n<p>beschrieben<\/p>\n\n\n\n<p>Die Polizei Neustadt\/Wstr. nimmt sachdienliche Hinweise unter 06321\/854-0 entgegen. Die namentlich unbekannte Zeugin, die die Gesch\u00e4digte aus der Situation rettete, wird ebenfalls gebeten, sich mit dem Fachkommissariat 2 der Kripo NW in Verbindung zu setzen.<\/p>\n\n\n\n<h2 class=\"wp-block-heading\">(Friedelsheim) &#8211; Durchfahrtskontrollen<\/h2>\n\n\n\n<p>Am 18.05.2022 zwischen 15:00 Uhr und 16:00 Uhr wurde in Friedelsheim, aufgrund der aktuellen Sperrung der Hauptstra\u00dfe in Richtung G\u00f6nnheim, in der Verl\u00e4ngerung der Waltersh\u00f6he, das dortige Durchfahrtsverbot \u00fcberwacht. Insgesamt 4 Fahrzeugf\u00fchrer befuhren verbotswidrig den Weg und m\u00fcssen nun mit einem Verwarnungsgeld von 50 Euro rechnen. Die Polizei bittet hier die Verkehrsteilnehmer sich an die geltenden Verkehrsregeln zu halten, da es ansonsten zu Gefahrensituationen f\u00fcr Fu\u00dfg\u00e4nger und Radfahrer kommen kann.<\/p>\n\n\n\n<h2 class=\"wp-block-heading\">(Ellerstadt) &#8211; Mountainbike gestohlen<\/h2>\n\n\n\n<p>Im Zeitraum von 12.05.2022 06:00 Uhr 17:00 Uhr wurde ein, an der Bahnhaltestelle Ellerstadt Ost, abgestelltes Mountainbike entwendet. Die bislang unbekannten T\u00e4ter durchtrennten mit einem bislang nicht bekannten Werkzeug das Spiral-Kabelschlo\u00df. Bei dem Mountainbike handelte sich um ein Rad der Marke Carver, Modell Strict. Es entstand Sachschaden in H\u00f6he von 470 Euro. Die Polizei Bad D\u00fcrkheim bittet um Hinweise unter 06322 963 0 oder per E-Mail an\u00a0<a href=\"mailto:pibadduerkheim@polizei.rlp.de\">pibadduerkheim@polizei.rlp.de<\/a><\/p>\n\n\n\n<h2 class=\"wp-block-heading\">(Freinsheim) &#8211; Hochwertiges Mountainbike gestohlen<\/h2>\n\n\n\n<p>Im Zeitraum von 14.05.2022 00:00 Uhr 08:00 Uhr wurde ein, auf einem Privatgrundst\u00fcck in der Denkmalstra\u00dfe in Freinsheim, abgestelltes hochwertiges Mountainbike entwendet. Die bislang unbekannten T\u00e4ter durchtrennten mit einem bislang nicht bekannten Werkzeug das Schlo\u00df. Bei dem Mountainbike handelte sich um ein Rad der Marke Ghost, Modell Hibride SL AMR. Es entstand Sachschaden in H\u00f6he von 6200 Euro. Die Polizei Bad D\u00fcrkheim bittet um Hinweise unter 06322 963 0 oder per E-Mail an\u00a0<a href=\"mailto:pibadduerkheim@polizei.rlp.de\">pibadduerkheim@polizei.rlp.de<\/a><\/p>\n\n\n\n<h2 class=\"wp-block-heading\">(Gr\u00fcnstadt) &#8211; Ohne F\u00fchrerschein Fahrzeug gef\u00fchrt<\/h2>\n\n\n\n<p>Am 20.05.2022, 03:00 Uhr wurde am Mittfahrerparkplatz in Gr\u00fcnstadt eine Verkehrskontrolle durchgef\u00fchrt. Der Fahrer eines PKW konnte keinen F\u00fchrerschein vorzeigen. Die Ermittlungen ergaben, dass die Fahrerlaubnis seit 2016 von der Fahrerlaubnisbeh\u00f6rde entzogen wurde. Das Fahrzeug wurde auf dem Mitfahrerparkplatz abgestellt und der Fahrzeugschl\u00fcssel sichergestellt. Den Fahrer erwartet nun eine Anzeige wegen Fahren ohne Fahrerlaubnis.<\/p>\n\n\n\n<h2 class=\"wp-block-heading\">(Gr\u00fcnstadt-Sausenheim) &#8211; Verkehrsunfall durch wegrollendes Fahrzeug<a href=\"https:\/\/www.facebook.com\/sharer.php?u=https%3A%2F%2Fwww.presseportal.de%2Fblaulicht%2Fpm%2F117687%2F5227309%2F%3Futm_source%3Dfacebook%26utm_medium%3Dsocial\"><\/a><a href=\"https:\/\/twitter.com\/intent\/tweet?text=POL-PDNW%3A%20Verkehrsunfall%20durch%20wegrollendes%20Fahrzeug&amp;url=https%3A%2F%2Fwww.presseportal.de%2Fblaulicht%2Fpm%2F117687%2F5227309%2F%3Futm_source%3Dtwitter%26utm_medium%3Dsocial&amp;hashtags=ots&amp;lang=de\"><\/a><a href=\"https:\/\/web.whatsapp.com\/send?text=POL-PDNW%3A%20Verkehrsunfall%20durch%20wegrollendes%20Fahrzeug%0A%0Ahttps%3A%2F%2Fwww.presseportal.de%2Fblaulicht%2Fpm%2F117687%2F5227309%2F%3Futm_source%3Dwhatsapp%26utm_medium%3Dsocial\"><\/a><a href=\"https:\/\/www.xing.com\/app\/user?op=share;url=https%3A%2F%2Fwww.presseportal.de%2Fblaulicht%2Fpm%2F117687%2F5227309%2F%3Futm_source%3Dxing%26utm_medium%3Dsocial\"><\/a><a href=\"http:\/\/www.linkedin.com\/shareArticle?mini=true&amp;url=https%3A%2F%2Fwww.presseportal.de%2Fblaulicht%2Fpm%2F117687%2F5227309%2F%3Futm_source%3Dlinkedin%26utm_medium%3Dsocial&amp;title=POL-PDNW%3A+Verkehrsunfall+durch+wegrollendes+Fahrzeug\"><\/a><a href=\"mailto:?subject=POL-PDNW%3A%20Verkehrsunfall%20durch%20wegrollendes%20Fahrzeug&amp;body=https:\/\/www.presseportal.de\/blaulicht\/pm\/117687\/5227309\"><\/a><\/h2>\n\n\n\n<p>Am 19.05.2022, 11:00 Uhr kam es zu einem Verkehrsunfall durch einen wegrollenden PKW. Der 57-j\u00e4hrige Fahrzeugf\u00fchrer parkte seinen PKW in der Weinbietstra\u00dfe in Sausenheim. Offensichtlich war keine Gang eingelegt und die Feststellbremse nicht bet\u00e4tigt. Der PKW rollte infolgedessen \u00fcber die leicht absch\u00fcssige Stra\u00dfe gegen ein geparktes Fahrzeug. Es entstand an beiden Fahrzeugen Sachschaden.<\/p>\n\n\n\n<h2 class=\"wp-block-heading\">(Frankenthal) &#8211; Aufsteigende Rauchwolke<\/h2>\n\n\n\n<p>Durch einen vorbeifahrenden Verkehrsteilnehmer wurde am Freitagmorgen den 20.05.2022 im Bereich der Wormser Stra\u00dfe in 67227 Frankenthal Gasgeruch und eine aufsteigende Rauchwolke mitgeteilt. Er vermutete, dass irgendwo Gas ausstr\u00f6men w\u00fcrde. Aufgrund zun\u00e4chst unklarer Sachlage wurde der Bereich weitr\u00e4umig abgesperrt. Im Rahmen von \u00dcberpr\u00fcfungsma\u00dfnahmen konnte vor Ort ein ausgel\u00f6ster Feuerl\u00f6scher festgestellt werden, welcher f\u00fcr die Rauchwolke verantwortlich gewesen sein d\u00fcrfte.<\/p>\n\n\n\n<h2 class=\"wp-block-heading\">(Frankenthal) &#8211; Zur Mittagszeit schlafendes Kind im Auto gelassen<\/h2>\n\n\n\n<div class=\"wp-block-image\"><figure class=\"aligncenter size-full\"><img decoding=\"async\" loading=\"lazy\" width=\"500\" height=\"525\" src=\"https:\/\/speyer24news.com\/wp-content\/uploads\/2019\/06\/Hitze-@liliput-lounge.de_.png\" alt=\"\" class=\"wp-image-15372\" srcset=\"https:\/\/speyer24news.com\/wp-content\/uploads\/2019\/06\/Hitze-@liliput-lounge.de_.png 500w, https:\/\/speyer24news.com\/wp-content\/uploads\/2019\/06\/Hitze-@liliput-lounge.de_-286x300.png 286w\" sizes=\"(max-width: 500px) 100vw, 500px\" \/><\/figure><\/div>\n\n\n\n<p>Bei der Hitze am Donnerstag lie\u00df eine 30-j\u00e4hrige Frau ihr einj\u00e4hriges Kind w\u00e4hrend ihres Einkaufs im PKW. Eine aufmerksame Passantin bemerkte das im PKW schlafende Kind zur Mittagszeit auf einem Parkplatz in der Wormser Stra\u00dfe. Da kein Elternteil in Sicht war, verst\u00e4ndigte die Passantin die Polizei. Durch die Beamten wurde sofort mithilfe eines Glasbrechers eine Scheibe ge\u00f6ffnet. Kurze Zeit sp\u00e4ter erschien die Mutter des Kindes an dem PKW. Gegen\u00fcber den Beamten erkl\u00e4rte sie, dass sie nur schnell Eink\u00e4ufe erledigten wollte. Die Frau wurde \u00fcber die Gefahren der schnell ansteigenden Temperaturen im Fahrzeuginnenraum belehrt und sensibilisiert.<\/p>\n\n\n\n<p>Die Polizei weist nochmals darauf hin, dass sich die Temperaturen im Fahrzeuginneren, insbesondere bei direkter Sonneneinstrahlung, rasant erh\u00f6hen. Die hohen Temperaturen k\u00f6nnen zu Sonnenstich, Ohnmacht und Kreislaufkollaps f\u00fchren. In Extremf\u00e4llen kann sogar der Hitzetod drohen.<\/p>\n\n\n\n<p>Wir wollen, dass Sie sicher Leben &#8211; ihre Polizei Frankenthal.<\/p>\n\n\n\n<h2 class=\"wp-block-heading\">(Frankenthal) &#8211; Ladendieb wiedererkannt<\/h2>\n\n\n\n<p>Nachdem ein 37-j\u00e4hriger Frankenthaler bereits die Diebstahlssicherung eines Parf\u00fcms entfernt hat, \u00fcberdachte er seine Tat wohl nochmals. Wie die Mitarbeiter eines Drogeriemarktes in der Wormser Stra\u00dfe der Polizei mitteilten, erkannten sie den Beschuldigten wegen eines vorangegangenen Diebstahls wieder und sprachen ihn daher an. Daraufhin legte der 37-J\u00e4hrige das Parf\u00fcm wieder in die Auslage. Aufgrund der zur\u00fcckliegenden Tat wurde dem Beschuldigten bereits damals ein Hausverbot ausgesprochen. Durch die Polizei wurden daher Anzeigen wegen des Verdachts des Diebstahls und des Hausfriedensbruchs aufgenommen.<\/p>\n\n\n\n<h2 class=\"wp-block-heading\">(Bobenheim-Roxheim) &#8211; Betrunken zu Supermarkt gefahren und dort eingeschlafen<\/h2>\n\n\n\n<p>Stark alkoholisiert mit dem Auto zu einem Supermarkt gefahren und sich dann auf eine Bank schlafen gelegt hat sich ein 61-j\u00e4hriger Bobenheim-Roxheimer. Aufmerksame Zeugen meldeten den Sachverhalt der Polizei. Bei der anschlie\u00dfenden Kontrolle im S\u00fcdring f\u00fchrte ein Atemalkoholtest des 61-J\u00e4hrigen zu einem Wert von 2,88 Promille. Dem Beschuldigten wurde daher eine Blutprobe entnommen und sein Fahrzeugschl\u00fcssel sichergestellt. Da er ebenfalls \u00fcber keine Fahrerlaubnis verf\u00fcgt und der PKW nicht \u00fcber den erforderlichen Versicherungsschutz verf\u00fcgte, erwarten ihn weitere Anzeigen.<\/p>\n\n\n\n<p>Der Einfluss von Alkohol oder anderen berauschenden Mitteln stellt eine Hauptunfallursache dar. Wer berauscht f\u00e4hrt, gef\u00e4hrdet nicht nur sich, sondern auch Andere.<\/p>\n\n\n\n<h2 class=\"wp-block-heading\">(Ludwigshafen) &#8211; Streit in Bus eskaliert<\/h2>\n\n\n\n<p>Am Freitag, 20.05.2022 gegen 12:00 Uhr gerieten drei Jugendliche in einem Bus der Buslinie 75 miteinander in Streit. Eine 49-j\u00e4hrige sowie eine weitere, bislang unbekannte Begleitperson mischten sich in diesen ein und begannen die Jugendlichen zu beleidigen. Hierbei kam es im weiteren Verlauf zu einem Handgemenge, bei dem zwei Jugendliche durch die bislang unbekannte Person getreten und geschubst wurden. Die Person entfernte sich dann von der \u00d6rtlichkeit.<\/p>\n\n\n\n<p>Sofern Sie sich zum genannten Zeitpunkt in besagtem Bus befunden haben und Angaben zur Sache machen k\u00f6nnen, melden Sie sich bitte unter der Telefonnummer 0621 963-2222 oder per Mail unter\u00a0<a href=\"mailto:piludwigshafen2@polizei.rlp.de\">piludwigshafen2@polizei.rlp.de<\/a>.<\/p>\n\n\n\n<h2 class=\"wp-block-heading\">(Ludwigshafen) &#8211; Wohnungseinbruch in Sauterstra\u00dfe<\/h2>\n\n\n\n<p>Eine aufmerksame Ludwigshafenerin vernahm am Donnerstag, den 19.05.2022, gegen 23 Uhr verd\u00e4chtige Ger\u00e4usche im Treppenhaus eines Mehrfamilienhauses in der Sauterstra\u00dfe. Sie verst\u00e4ndigte ihren Sohn, welcher an der ge\u00f6ffneten T\u00fcr der Wohnung nebenan Aufbruchspuren feststellen konnte. Ob etwas aus der Wohnung verwendet worden ist, steht derzeit noch nicht fest. Damit Sie im oder nach dem Urlaub keine b\u00f6se \u00dcberraschung erleben, treffen Sie geeignete Vorsorgema\u00dfnahmen. Informieren Sie Ihren Nachbarn, Ihre Freunde oder Ihre Bekannten, dass Ihr Haus oder Ihre Wohnung in der Zeit leer steht. Vermeiden Sie eindeutige Zeichen, an denen ein Einbrecher erkennt, dass ein Haus oder eine Wohnung unbewohnt ist. <\/p>\n\n\n\n<h4 class=\"wp-block-heading\">Hier einige Tipps:<\/h4>\n\n\n\n<ul><li><strong>Lassen Sie den Briefkasten leeren<\/strong><\/li><li><strong>Sorgen Sie tempor\u00e4r f\u00fcr Beleuchtung<\/strong><\/li><li><strong>Lassen Sie Rolll\u00e4den nicht permanent geschlossen<\/strong><\/li><li><strong>Sprechen Sie ihre Abwesenheit nicht auf den Anrufbeantworter<\/strong><\/li><li><strong>Posten Sie keine aktuellen Urlaubsbilder Facebook, Twitter und Co.<\/strong><\/li><li><strong>Verwahren Sie besonders wertvolle Gegenst\u00e4nde in einem Bankschlie\u00dffach<\/strong><\/li><\/ul>\n\n\n\n<p>Weitere Informationen im Internet:\u00a0<a target=\"_blank\" rel=\"noreferrer noopener\" href=\"https:\/\/www.polizei-beratung.de\/\">www.polizei-beratung.de<\/a>\u00a0oder\u00a0<a target=\"_blank\" rel=\"noreferrer noopener\" href=\"https:\/\/www.k-einbruch.de\/\">www.k-einbruch.de<\/a><\/p>\n\n\n\n<h2 class=\"wp-block-heading\">(Ludwigshafen) &#8211; Unfallflucht von Radfahrer \/ Zeugen gesucht<\/h2>\n\n\n\n<p>Am Donnerstagabend (19.05.2022), gegen 19:50 Uhr, wollte ein 57-j\u00e4hriger Autofahrer von einer Tankstelle auf die Brunckstra\u00dfe auffahren und kollidierte mit einem kreuzenden Radfahrer. Der Radfahrer st\u00fcrzte dabei auf die Motorhaube des 57-J\u00e4hrigen. Anschlie\u00dfend stieg der Radfahrer wieder auf sein Fahrrad und setzte seine Fahrt fort, ohne eine Personalienfeststellung zu erm\u00f6glichen. Ob der Radfahrer durch den Unfall verletzt wurde, ist bislang unklar. An dem Auto des 57-J\u00e4hrigen entstand ein Sachschaden in H\u00f6he von ca. 3000,- Euro.<\/p>\n\n\n\n<p>Zeugen, die Angaben zu dem Unfallhergang oder dem fl\u00fcchtigen Radfahrer machen k\u00f6nnen, werden gebeten, sich mit der der Polizeiinspektion Ludwigshafen 2, unter der Telefonnummer 0621 963-2222 oder per E-Mail\u00a0<a href=\"mailto:piludwigshafen2@polizei.rlp.de\">piludwigshafen2@polizei.rlp.de<\/a>\u00a0in Verbindung zu setzten.<\/p>\n\n\n\n<h2 class=\"wp-block-heading\">(Ludwigshafen) &#8211; 22-J\u00e4hrige sexuell bel\u00e4stigt<\/h2>\n\n\n\n<div class=\"wp-block-image\"><figure class=\"aligncenter size-full\"><img decoding=\"async\" loading=\"lazy\" width=\"801\" height=\"600\" src=\"https:\/\/speyer24news.com\/wp-content\/uploads\/2020\/05\/Zeugen-gesucht-Neutral.jpg\" alt=\"\" class=\"wp-image-26598\" srcset=\"https:\/\/speyer24news.com\/wp-content\/uploads\/2020\/05\/Zeugen-gesucht-Neutral.jpg 801w, https:\/\/speyer24news.com\/wp-content\/uploads\/2020\/05\/Zeugen-gesucht-Neutral-300x225.jpg 300w, https:\/\/speyer24news.com\/wp-content\/uploads\/2020\/05\/Zeugen-gesucht-Neutral-768x575.jpg 768w, https:\/\/speyer24news.com\/wp-content\/uploads\/2020\/05\/Zeugen-gesucht-Neutral-678x509.jpg 678w, https:\/\/speyer24news.com\/wp-content\/uploads\/2020\/05\/Zeugen-gesucht-Neutral-326x245.jpg 326w, https:\/\/speyer24news.com\/wp-content\/uploads\/2020\/05\/Zeugen-gesucht-Neutral-80x60.jpg 80w\" sizes=\"(max-width: 801px) 100vw, 801px\" \/><\/figure><\/div>\n\n\n\n<p>Eine 22-j\u00e4hrige Ludwigshafenerin wurde Donnerstagnacht gegen 01:30 Uhr In der Rottstra\u00dfe von einem Unbekannten angesprochen und unsittlich ber\u00fchrt. Die junge Frau konnte den Mann abwehren, dieser fl\u00fcchtete in Richtung Sch\u00fctzenstra\u00dfe. <\/p>\n\n\n\n<h4 class=\"wp-block-heading\">Der Mann wird wie folgt beschrieben: <\/h4>\n\n\n\n<ul><li><strong>ca. 20-30 Jahre alt<\/strong><\/li><li><strong>ca. 1,65 -1,70m gro\u00df<\/strong><\/li><li><strong>dunkle kurze Haare<\/strong><\/li><li><strong>langer Bart<\/strong><\/li><li><strong>schmale Statur<\/strong><\/li><li><strong>trug ein wei\u00dfes T-Shirt mit schwarzer Aufschrift, eine schwarze kurze Hose und dunkle Slipper (Adiletten)<\/strong><\/li><\/ul>\n\n\n\n<p>Wer hat die Tat beobachtet oder kann Hinweise zu dem T\u00e4ter geben?<\/p>\n\n\n\n<p>Sachdienliche Hinweise nimmt die Kriminalpolizei Ludwigshafen unter der Telefonnummer 0621\/963-2773 oder per E-Mail&nbsp;<a href=\"mailto:kiludwigshafen.k1.kdd@polizei.rlp.de\">kiludwigshafen.k1.kdd@polizei.rlp.de<\/a>&nbsp;entgegen.<\/p>\n\n\n\n<h2 class=\"wp-block-heading\">(Ludwigshafen) &#8211; Keine reiche Beute f\u00fcr Diebe \/ Polizei fasst mehrere gewerbsm\u00e4\u00dfige Ladendiebe in gemeinsamen Einsatz<\/h2>\n\n\n\n<div class=\"wp-block-image\"><figure class=\"aligncenter size-full\"><img decoding=\"async\" loading=\"lazy\" width=\"800\" height=\"450\" src=\"https:\/\/speyer24news.com\/wp-content\/uploads\/2022\/05\/Diebesgut.jpg\" alt=\"\" class=\"wp-image-46260\" srcset=\"https:\/\/speyer24news.com\/wp-content\/uploads\/2022\/05\/Diebesgut.jpg 800w, https:\/\/speyer24news.com\/wp-content\/uploads\/2022\/05\/Diebesgut-300x169.jpg 300w, https:\/\/speyer24news.com\/wp-content\/uploads\/2022\/05\/Diebesgut-768x432.jpg 768w, https:\/\/speyer24news.com\/wp-content\/uploads\/2022\/05\/Diebesgut-678x381.jpg 678w\" sizes=\"(max-width: 800px) 100vw, 800px\" \/><\/figure><\/div>\n\n\n\n<p>24 Kilogramm feinste Rib-Eye-, Rump- und Filetsteaks, 54 Flaschen Spirituosen, 2,5 Kilo italienischer Hartk\u00e4se&#8230; Was klingt wie die Einkaufsliste zu einem gro\u00dfen Grillfest war das Diebesgut eines 34-j\u00e4hrigen Ludwigshafeners, der den Nachmittag des 19.05.2022 genutzt hatte, um auf Diebestour zu gehen. Die Beamten der Zentralen Verkehrsdienste der Polizeidirektion Neustadt, die sich gemeinsam mit Beamtinnen und Beamten der Kriminaldirektion Ludwigshafen in einem Einsatz zu einem Aktionstag zur internationalen Bek\u00e4mpfung mobiler T\u00e4tergruppierungen befanden, stellten neben den Lebensmitteln auch Angebotswaren eines Discounters in Form von Akkuschraubern und Sporthosen fest. Insgesamt konnten Waren in einem Gesamtwert von 1.940 EUR aus dem Fahrzeug des Tatverd\u00e4chtigen sichergestellt werden. Da es nicht das erste Mal war, dass der Tatverd\u00e4chtige mit seinem Fahrzeug zu Diebeszwecken unterwegs war, wurde das Fahrzeug mit dem Zweck der Einziehung sichergestellt.<\/p>\n\n\n\n<div class=\"wp-block-image\"><figure class=\"aligncenter size-full\"><img decoding=\"async\" loading=\"lazy\" width=\"800\" height=\"519\" src=\"https:\/\/speyer24news.com\/wp-content\/uploads\/2022\/05\/KontrolleBAB.jpg\" alt=\"\" class=\"wp-image-46261\" srcset=\"https:\/\/speyer24news.com\/wp-content\/uploads\/2022\/05\/KontrolleBAB.jpg 800w, https:\/\/speyer24news.com\/wp-content\/uploads\/2022\/05\/KontrolleBAB-300x195.jpg 300w, https:\/\/speyer24news.com\/wp-content\/uploads\/2022\/05\/KontrolleBAB-768x498.jpg 768w\" sizes=\"(max-width: 800px) 100vw, 800px\" \/><\/figure><\/div>\n\n\n\n<p>Doch das war nicht der einzige Treffer, den die Zivilfahnder an diesem Tag verbuchen konnten. Auf der A61 bemerkten sie einen mit zwei M\u00e4nnern besetzten VW Golf, dessen Kennzeichen eigentlich an einem Ford angebracht sein m\u00fcssten. Die anschlie\u00dfende Kontrolle zeigte, dass die Kennzeichen gestohlen waren. Der VW Golf war nicht zugelassen, nicht betriebssicher und der Fahrer hatte zudem keinen F\u00fchrerschein. Im Fahrzeug fanden die Fahnder ein Dutzend originalverpackter Elektrorasierer sowie unz\u00e4hlige Rasierklingen und Zahnb\u00fcrstenaufs\u00e4tze. Auch diese beiden M\u00e4nner waren bei der Polizei keine Unbekannten. Sie hatten Waren im Wert von 960 Euro erbeutet. Auch sie schienen im Auftrag zu stehlen und auch bei ihnen wurde das Fahrzeug durch die Polizei sichergestellt. Die Tatverd\u00e4chtigen verloren sowohl Beute, als auch ihr Auto und werden sich nun wegen gewerbsm\u00e4\u00dfigen Ladendiebstahls verantworten m\u00fcssen. Eine spezialisierte Ermittlungsgruppe nimmt sich der weiteren Ermittlungen an.<\/p>\n\n\n\n<h2 class=\"wp-block-heading\">(Ludwigshafen) &#8211; 72-J\u00e4hrige erh\u00e4lt Schockanruf<\/h2>\n\n\n\n<p>Am Donnerstag, den 19.05.2022, erhielt eine 72-J\u00e4hrige einen Anruf von einem angeblichen Oberkommissar, welcher ihr mitteilte, dass ihr Sohn in einen Verkehrsunfall verwickelt sei, bei dem es Tote und Schwerverletzte gegeben habe. Um eine Untersuchungshaft f\u00fcr den Sohn abzuwenden, m\u00fcsse die Dame 56.000EUR Kaution hinterlegen. Die Seniorin hielt R\u00fccksprache mit ihrer Schwiegertochter und ihrem Sohn, welche ihr versicherten, dass es sich hierbei um eine Betrugsmasche handeln m\u00fcsse. Die 72-J\u00e4hrige erstattete daraufhin Strafanzeige.&nbsp;<\/p>\n\n\n\n<h2 class=\"wp-block-heading\">(Ludwigshafen) &#8211; Betrugsversuch mittels Bandansage<\/h2>\n\n\n\n<p>Ein 39-j\u00e4hriger Ludwigshafener erhielt am 19.05.2022 gleich drei Anrufe mittels Bandansage auf sein Handy. Die weibliche Stimme der Bandansagen gab sich jeweils als Mitarbeiterin von &#8222;Europol&#8220; aus. Der 39-J\u00e4hrige erkannte die Betrugsversuche und beendete die Gespr\u00e4che vorzeitig. <\/p>\n\n\n\n<h4 class=\"wp-block-heading\">Beachten Sie die Tipps Ihrer Polizei, um sich vor Betrug am Telefon zu sch\u00fctzen:<\/h4>\n\n\n\n<ul><li><strong>Legen Sie den H\u00f6rer auf! Das ist nicht unh\u00f6flich.<\/strong><\/li><li><strong>Die Polizei ruft Sie niemals unter der Polizeinotrufnummer 110 an.<\/strong><\/li><li><strong>\u00dcbergeben Sie nie Geld oder Wertsachen an Unbekannte!<\/strong><\/li><li><strong>Die Polizei wird Sie niemals dazu auffordern, Geld oder Wertsachen herauszugeben.<\/strong><\/li><li><strong>Seien Sie misstrauisch, wenn sich jemand am Telefon mit den Worten &#8222;Rate mal, wer hier spricht!&#8220; oder \u00e4hnlichen       Formulierungen meldet, ohne sich selbst namentlich vorzustellen.<\/strong><\/li><li><strong>Nutzen Sie nicht die R\u00fcckwahltaste! Geben Sie bei R\u00fcckfragen an die Polizei die Telefonnummer der \u00f6rtlichen Dienststelle selbst \u00fcber die Tasten ein.<\/strong><\/li><li><strong>Erstatten Sie Anzeige, falls Sie Opfer geworden sind!<\/strong><\/li><li><strong>Im Notfall w\u00e4hlen Sie die 110, Notruf Polizei!<\/strong><\/li><\/ul>\n\n\n\n<p>Auf der Internet-Seite\u00a0<a target=\"_blank\" rel=\"noreferrer noopener\" href=\"https:\/\/www.polizei-beratung.de\/\">www.polizei-beratung.de<\/a>\u00a0finden Sie umfangreiche Informationen zu diesem Thema.<\/p>\n\n\n\n<h2 class=\"wp-block-heading\">(Ludwigshafen) &#8211; Unfall mit leichtverletzter Kraftradfahrerin<\/h2>\n\n\n\n<p>Am Morgen des 19.05.2022, gegen 7:00 Uhr, befuhr eine 20-j\u00e4hrige Kraftradfahrerin die B44 aus Mannheim kommend in Richtung Ludwigshafen. Bei dem Versuch, ein vor ihr fahrendes Auto zu \u00fcberholen, scherte dieses ebenfalls zum \u00dcberholen aus. Als die 20-j\u00e4hrige versuchte dem Auto auszuweichen touchierte sie einen erh\u00f6hten Bordstein und st\u00fcrzte dadurch von ihrem Kraftrad. Sie wurde durch den Unfall leichtverletzt und durch den Rettungsdienst in ein Krankenhaus verbracht.<\/p>\n\n\n\n<h2 class=\"wp-block-heading\">(Mannheim) &#8211; Informiere dich \u00fcber deine Karriere bei der Polizei Rheinland-Pfalz<\/h2>\n\n\n\n<div class=\"wp-block-image\"><figure class=\"aligncenter size-full\"><img decoding=\"async\" loading=\"lazy\" width=\"600\" height=\"600\" src=\"https:\/\/speyer24news.com\/wp-content\/uploads\/2022\/05\/RheinNeckarPfalz_vocatium-Messen_2022_insta_wirsinddabei.jpg\" alt=\"\" class=\"wp-image-46262\" srcset=\"https:\/\/speyer24news.com\/wp-content\/uploads\/2022\/05\/RheinNeckarPfalz_vocatium-Messen_2022_insta_wirsinddabei.jpg 600w, https:\/\/speyer24news.com\/wp-content\/uploads\/2022\/05\/RheinNeckarPfalz_vocatium-Messen_2022_insta_wirsinddabei-300x300.jpg 300w, https:\/\/speyer24news.com\/wp-content\/uploads\/2022\/05\/RheinNeckarPfalz_vocatium-Messen_2022_insta_wirsinddabei-150x150.jpg 150w\" sizes=\"(max-width: 600px) 100vw, 600px\" \/><\/figure><\/div>\n\n\n\n<p>Berufsmesse vocatium Rhein-Neckar-Pfalz am 24.05.2022 und 25.05.2022 in der SAP-Arena<\/p>\n\n\n\n<p>Du suchst einen krisensicheren, vielf\u00e4ltigen und spannenden Beruf? Du kannst gut auf Menschen zugehen? Du bist motiviert und leistungsbereit? Du arbeitest gerne im Team? Du bist ein cooler Kopf?<\/p>\n\n\n\n<p>Du bist motiviert, leistungsbereit und bewahrst auch in brenzligen Situationen einen coolen Kopf? Du hast Abitur, Fachabitur oder einen vergleichbaren Bildungsabschluss, der dich zum Studieren berechtigt? Perfekt, dann hast du jetzt die Chance auf den krisensichersten, vielf\u00e4ltigsten und spannendsten Beruf aller Zeiten: Komm zur Polizei Rheinland-Pfalz!<\/p>\n\n\n\n<p>Starte ein dreij\u00e4hriges Polizei-Studium und lerne alle Facetten des Polizeiberufes kennen. Nach deinem Abschluss &#8222;Bachelor of Arts&#8220; hast du unz\u00e4hlige M\u00f6glichkeiten: Ob Kriminalpolizei, Schutzpolizei, Wasserschutzpolizei oder Bereitschaftspolizei, es gibt viele M\u00f6glichkeiten &#8211; du entscheidest. Dabei kannst du Dir sicher sein: Polizei ist mehr als nur ein Job!<\/p>\n\n\n\n<p>Deine Herkunft spielt keine Rolle. Als Voraussetzung solltest du gute Sprachkenntnisse haben, offen im Umgang mit anderen Menschen und ein echter Sportie sein. Kein Abi? Kein Problem! Du kannst dich auch f\u00fcr den Bildungsgang &#8222;Polizeidienst und Verwaltung&#8220; bewerben und danach mit deinem Studium loslegen!<\/p>\n\n\n\n<p>Neugierig geworden?<\/p>\n\n\n\n<p>Informiere dich auf der diesj\u00e4hrigen vocatium am 24.05. und 25.05.2022 in der SAP-Arena in Mannheim. Hier stehen dir mehrere Berufsberater des Polizeipr\u00e4sidiums Rheinpfalz zur Verf\u00fcgung, um deine Fragen zur Karriere bei der Polizei Rheinland-Pfalz zu beantworten.<\/p>\n\n\n\n<p>Wir freuen uns auf dich!<\/p>\n\n\n\n<p>Hast du vorab noch Fragen oder kannst zu dem Termin nicht kommen? Gerne beantworten wir deine Fragen auch telefonisch oder per E-Mail. Au\u00dferdem hast du die M\u00f6glichkeit dich an unsere Ausbildungsberater der jeweiligen Polizeiinspektionen zu wenden. Ruf einfach an oder schreib&#8216; uns eine Mail!<\/p>\n\n\n\n<p>Telefonisch unter: 0621 963-1699 von Montag bis Donnerstag von 08:00 bis 16:00 Uhr und Freitag von 08:00 bis 13:00 Uhr<\/p>\n\n\n\n<p>Per E-Mail unter: PAD(at)polizei.rlp.de<\/p>\n\n\n\n<p>Weitere Informationen zur Karriere bei der Polizei RLP findest du auch unter&nbsp;<a target=\"_blank\" rel=\"noreferrer noopener\" href=\"https:\/\/www.polizei.rlp.de\/de\/karriere\">www.polizei.rlp.de\/de\/karriere<\/a><\/p>\n\n\n\n<p>Weitere Informationen zur Messe findest du unter\u00a0<a target=\"_blank\" rel=\"noreferrer noopener\" href=\"https:\/\/www.vocatium.de\/fachmessen\/vocatium-rhein-neckar-pfalz-2022\">www.vocatium.de\/fachmessen\/vocatium-rhein-neckar-pfalz-2022<\/a><\/p>\n\n\n\n<h2 class=\"wp-block-heading\">(Mannheim-Innenstadt) &#8211; Betrunken und unter Drogeneinfluss am Steuer<\/h2>\n\n\n\n<p>Am fr\u00fchen Samstagmorgen, gegen 00.05 Uhr, kontrollierten Beamte des Polizeirevier MA-Innenstadt einen 37-j\u00e4hrigen der durch seine unsichere Fahrweise im Bereich des Luisenrings aufgefallen war. Ein durchgef\u00fchrter Atemalkoholtest ergab einen Wert von fast 1,9 Promille. Nachdem im Fahrzeug Bet\u00e4ubungsmittel gefunden wurden, r\u00e4umte der Fahrer ein vor Fahrtantritt Amphetamin konsumiert zu haben. Ihm wurde eine Blutprobe entnommen und sein F\u00fchrerschein und Fahrzeugschl\u00fcssel wurden einbehalten. Ein Strafverfahren wurde eingeleitet.<\/p>\n\n\n\n<h2 class=\"wp-block-heading\">(Mannheim-Neckarstadt) &#8211; Verkehrsunfall mit Personenschaden, Fahrbahnsperrung<\/h2>\n\n\n\n<p>Derzeit (21.05.2022 \u2013 10:01) ist die Feudenheimerstra\u00dfe in Fahrtrichtung Feudenheim in H\u00f6he der Dudenstra\u00dfe aufgrund eines Verkehrsunfall gesperrt. Nach bisherigem Kenntnisstand wurde eine Fahrradfahrerin von einem Pkw erfasst. Polizei und Rettungskr\u00e4fte sind vor Ort.<\/p>\n\n\n\n<h2 class=\"wp-block-heading\">(Mannheim-Schwetzingerstadt) &#8211; In der Nacht Baum gef\u00e4llt \/ Polizei schreitet ein<\/h2>\n\n\n\n<div class=\"wp-block-image\"><figure class=\"aligncenter size-full\"><img decoding=\"async\" loading=\"lazy\" width=\"800\" height=\"533\" src=\"https:\/\/speyer24news.com\/wp-content\/uploads\/2020\/07\/Blaulicht.jpg\" alt=\"\" class=\"wp-image-29164\" srcset=\"https:\/\/speyer24news.com\/wp-content\/uploads\/2020\/07\/Blaulicht.jpg 800w, https:\/\/speyer24news.com\/wp-content\/uploads\/2020\/07\/Blaulicht-300x200.jpg 300w, https:\/\/speyer24news.com\/wp-content\/uploads\/2020\/07\/Blaulicht-768x512.jpg 768w\" sizes=\"(max-width: 800px) 100vw, 800px\" \/><\/figure><\/div>\n\n\n\n<p>Gleich mehrere Anwohner wurden in der Nacht von Donnerstag auf Freitag auf Kettens\u00e4geger\u00e4usche in der Kleinfeldstra\u00dfe aufmerksam und alarmierten um 1.15 Uhr die Polizei. Ein 45-J\u00e4hriger f\u00e4llte auf dem Parkplatz eines ans\u00e4ssigen Supermarkts mit einer Kettens\u00e4ge einen Baum und zers\u00e4gte diesen noch, als die Beamten des Polizeireviers Mannheim-Oststadt einschritten. Der Mann, der sein Handeln auf Ansprache der Beamte umgehend stoppte, war mit mehr als 1,6 Promille Alkohol in der Atemluft deutlich alkoholisiert und konnte sein Handeln nicht erkl\u00e4ren. Die Kettens\u00e4ge wurde in Verwahrung genommen. Da sich Hinweise auf eine psychische Erkrankung ergaben, wurde der 45-J\u00e4hrige noch in der Nacht einer Psychiatrischen Klinik \u00fcberstellt. Der durch die Sachbesch\u00e4digung entstandene Schaden kann bislang nicht beziffert werden.<\/p>\n\n\n\n<h2 class=\"wp-block-heading\">(Mannheim-Almenhof) &#8211; Nach Vorfahrtsverletzung Radfahrerin leicht verletzt<\/h2>\n\n\n\n<p>Am Freitagmittag, gegen 13.45 Uhr, befuhr eine 22-j\u00e4hrige Radfahrerin die Rottfeldstra\u00dfe. An der Kreuzung zur M\u00f6nchw\u00f6rthstra\u00dfe missachtete sie die Vorfahrt eines von rechts kommenden 22-j\u00e4hrigen Ford-Fahrers und st\u00f6\u00dft mit diesem zusammen. Durch den Zusammensto\u00df st\u00fcrzte die 22-J\u00e4hrige auf die Fahrbahn und zog sich zum Gl\u00fcck nur Sch\u00fcrfwunden zu. Eine weitere medizinische Behandlung war nicht erforderlich. W\u00e4hrend an ihrem Rad augenscheinlich kein Schaden festzustellen war entstand am Ford ein Schaden in H\u00f6he von 200,- Euro.<\/p>\n\n\n\n<h2 class=\"wp-block-heading\">(Mannheim-Sch\u00f6nau) &#8211; Rollerfahrer fl\u00fcchtet vor Polizeikontrolle<\/h2>\n\n\n\n<p>Am Donnerstagabend wurden Beamte des Polizeireviers Mannheim-Sandhofen auf einen jungen Rollerfahrer in der Marienburger Stra\u00dfe aufmerksam &#8211; als sie diesen einer Verkehrskontrollen unterziehen wollten, fl\u00fcchtete er. Die anschlie\u00dfende Hinterherfahrt endete nur wenig entfernt in der Kattowitzer Zeile, wo der 16-J\u00e4hrige um 18.30 Uhr festgesetzt werden konnte. Grund seiner Flucht, bei der er mit der H\u00f6chstgeschwindigkeit des Rollers von 50 Km\/h fuhr, d\u00fcrfte wohl die nicht vorweisbare Fahrerlaubnis und der Konsum von Bet\u00e4ubungsmitteln vor Fahrantritt gewesen sein. Auch waren an dem Motorroller keine Kennzeichen angebracht. Ob dieser m\u00f6glicherweise gar nicht dem jungen Mann geh\u00f6rt, ist derzeit Ermittlungssache. Der 16-J\u00e4hrige muss sich nun unter anderem wegen Fahrens ohne F\u00fchrerschein, Fahrens unter Einfluss von Bet\u00e4ubungsmitteln und wegen verbotenem Kraftfahrzeugrennen strafrechtlich verantworten.<\/p>\n\n\n\n<h2 class=\"wp-block-heading\">(Heidelberg) &#8211; Glimmende Zigarette l\u00f6st Wohnungsbrand aus; 69-j\u00e4hriger Bewohner lebensgef\u00e4hrlich verletzt; Kripo ermittelt<\/h2>\n\n\n\n<h3 class=\"has-text-align-center wp-block-heading\">Pressemitteilung Nr. 2<\/h3>\n\n\n\n<p>Ersten Erkenntnissen der Brandexperten der Kriminalpolizeidirektion Heidelberg zufolge d\u00fcrfte eine glimmende Zigarette, mit der der 69-j\u00e4hrige Bewohner eingeschlafen ist, das Feuer am Donnerstagabend, gegen 21.20 Uhr, in einer Wohnung in der Bl\u00fccherstra\u00dfe im Stadtteil Bergheim ausgel\u00f6st haben.<\/p>\n\n\n\n<p>Nach seiner not\u00e4rztlichen Behandlung vor Ort kam der Mann mit dem Verdacht, schwere Brandverletzungen und eine Rauchgasvergiftung erlitten zu haben, mit einem Rettungswagen in eine Klinik, wo er intensivmedizinisch behandelt wird.<\/p>\n\n\n\n<p>Die Berufsfeuerwehr Heidelberg und die Freiwilligen Feuerwehren der Stadtteile Neuenheim, Altstadt und Kirchheim waren mit rund 40 Mann im Einsatz und konnten das Feuer schnell l\u00f6schen.<\/p>\n\n\n\n<p>Kurz nach Bekanntwerden des Brandes wurden die anwesenden Bewohner des Mehrfamilienhauses evakuiert und vor Ort von der \u00fcber die Integrierten Leitstelle verst\u00e4ndigten &#8222;Schnelle Einsatzgruppe&#8220; mit 20 Kr\u00e4ften betreut. Die RNV stellte zur Unterbringung der Menschen einen Linienbus zu Verf\u00fcgung.<\/p>\n\n\n\n<p>Die etwas mehr als 50 Evakuierten konnten gegen 23 Uhr wieder in ihre Wohnungen zur\u00fcckkehren.<\/p>\n\n\n\n<p>Zwei Not\u00e4rzte und f\u00fcnf Rettungswagenteams waren vor Ort, um m\u00f6gliche Verletzte zu versorgen.<\/p>\n\n\n\n<p>Es entstand ein Sachschaden von sch\u00e4tzungsweise 10.000.- Euro, weitere Verletzte gab es nicht.<\/p>\n\n\n\n<p>Gemeinsam mit der Zentralen Kriminaltechnik werden die Brandexperten der Kripo im Laufe des Freitages die Ermittlungen in der Brandwohnung fortsetzen.<\/p>\n\n\n\n<h2 class=\"wp-block-heading\">(Heidelberg) &#8211; 69-j\u00e4hriger Bewohner nach Brand in seiner Wohnung verstorben<\/h2>\n\n\n\n<h3 class=\"has-text-align-center wp-block-heading\">Pressemitteilung Nr. 3<\/h3>\n\n\n\n<div class=\"wp-block-image\"><figure class=\"aligncenter size-full\"><img decoding=\"async\" loading=\"lazy\" width=\"800\" height=\"533\" src=\"https:\/\/speyer24news.com\/wp-content\/uploads\/2021\/01\/Ruhe-in-Frieden.jpg\" alt=\"\" class=\"wp-image-32361\" srcset=\"https:\/\/speyer24news.com\/wp-content\/uploads\/2021\/01\/Ruhe-in-Frieden.jpg 800w, https:\/\/speyer24news.com\/wp-content\/uploads\/2021\/01\/Ruhe-in-Frieden-300x200.jpg 300w, https:\/\/speyer24news.com\/wp-content\/uploads\/2021\/01\/Ruhe-in-Frieden-768x512.jpg 768w\" sizes=\"(max-width: 800px) 100vw, 800px\" \/><\/figure><\/div>\n\n\n\n<p>Der 69-j\u00e4hrige Mann, der am Donnerstagabend durch den Brand in seiner Wohnung in der Bl\u00fccherstra\u00dfe lebensgef\u00e4hrliche Verletzungen erlitten hatte, ist am Freitagmorgen in einer Klinik verstorben.<\/p>\n\n\n\n<h2 class=\"wp-block-heading\">(Heidelberg-Bahnstadt) &#8211; Heidelberg-Bahnstadt: Feuerwehr und Polizei nach Brandausbruch in Geb\u00e4ude im Einsatz \/ Fahrbahnsperrungen und Verkehrsbehinderungen<\/h2>\n\n\n\n<div class=\"wp-block-image\"><figure class=\"aligncenter size-full\"><img decoding=\"async\" loading=\"lazy\" width=\"800\" height=\"600\" src=\"https:\/\/speyer24news.com\/wp-content\/uploads\/2019\/09\/Feuerwehr-Speyer-II@Nina-Ebert.jpg\" alt=\"\" class=\"wp-image-19060\" srcset=\"https:\/\/speyer24news.com\/wp-content\/uploads\/2019\/09\/Feuerwehr-Speyer-II@Nina-Ebert.jpg 800w, https:\/\/speyer24news.com\/wp-content\/uploads\/2019\/09\/Feuerwehr-Speyer-II@Nina-Ebert-300x225.jpg 300w, https:\/\/speyer24news.com\/wp-content\/uploads\/2019\/09\/Feuerwehr-Speyer-II@Nina-Ebert-768x576.jpg 768w, https:\/\/speyer24news.com\/wp-content\/uploads\/2019\/09\/Feuerwehr-Speyer-II@Nina-Ebert-678x509.jpg 678w, https:\/\/speyer24news.com\/wp-content\/uploads\/2019\/09\/Feuerwehr-Speyer-II@Nina-Ebert-326x245.jpg 326w, https:\/\/speyer24news.com\/wp-content\/uploads\/2019\/09\/Feuerwehr-Speyer-II@Nina-Ebert-80x60.jpg 80w\" sizes=\"(max-width: 800px) 100vw, 800px\" \/><figcaption>Symbolbild Feuerwehreinsatz<\/figcaption><\/figure><\/div>\n\n\n\n<p>Aktuell (20.05.2022 \u2013 13:48) sind Polizei und Rettungskr\u00e4fte im Bereich der Speyerer Stra\u00dfe, H\u00f6he Hausnummer 14, im Einsatz, nachdem es in einem Geb\u00e4udekomplex zu einem Brandausbrauch gekommen sein soll. Der Verkehr wird, soweit m\u00f6glich, umgeleitet. Die Speyerer Stra\u00dfe in Richtung stadtausw\u00e4rts ist derzeit voll gesperrt. Auch die Stra\u00dfe &#8222;Langer Anger&#8220; in Richtung Speyerer Stra\u00dfe ist aktuell von den Sperrungen betroffen. Derzeit kommt es zu R\u00fcckstau bis zur Montpellierbr\u00fccke. Es muss mit weiteren Fahrbahnsperrungen und erheblichen Verkehrsbehinderungen gerechnet werden.<\/p>\n\n\n\n<p>Wichtiger Hinweis: Aufgrund der derzeit anhaltenden starken Rauchentwicklung, werden Anwohner gebeten, Fenster geschlossen zu halten.<\/p>\n\n\n\n<h3 class=\"has-text-align-center wp-block-heading\">Pressemeldung Nr.2<\/h3>\n\n\n\n<p>Am Freitagmittag gegen 13:15 Uhr brach aus bislang unbekannter Ursache ein Feuer in einem mehrst\u00f6ckigen Geb\u00e4udekomplex in der Speyerer Stra\u00dfe\/ Ecke Lange Anger aus. Die 30 Personen, die sich zum Zeitpunkt des Brandausbruchs noch im Geb\u00e4ude befanden, verlie\u00dfen dieses selbstst\u00e4ndig. Verletzt wurde nach derzeitigem Kenntnisstand niemand. Derzeit ist ein Gro\u00dfaufgebot an Polizei &#8211; und Rettungskr\u00e4fte vor Ort im Einsatz. Anwohner werden weiterhin gebeten, Fenster und T\u00fcren geschlossen zu halten. Ein Vertreter der Stabsstelle \u00d6ffentlichkeitsarbeit ist vor Ort und unter der Tel.: 0152 57721026 erreichbar.<\/p>\n\n\n\n<p>Rund um die Speyerer Stra\u00dfe werden derzeit umfangreiche Ma\u00dfnahmen zur Verkehrsregelung durchgef\u00fchrt sowie Stra\u00dfensperrungen umgesetzt:<\/p>\n\n\n\n<h4 class=\"wp-block-heading\">Aktuelle Vollsperrungen:<\/h4>\n\n\n\n<ul><li><strong>Hauptbahnhof Heidelberg in Richtung Montpellierbr\u00fccke<\/strong><\/li><li><strong>Montpellierbr\u00fccke<\/strong><\/li><li><strong>Speyerer Stra\u00dfe in Richtung stadtausw\u00e4rts<\/strong><\/li><li><strong>Speyerer Stra\u00dfe in Richtung stadteinw\u00e4rts (Verkehr wird \u00fcber den Baumschulweg umgeleitet)<\/strong><\/li><li><strong>Langer Anger in Richtung Speyerer Stra\u00dfe<\/strong><\/li><\/ul>\n\n\n\n<h3 class=\"has-text-align-center wp-block-heading\">Pressemeldung Nr. 3<\/h3>\n\n\n\n<p>Nachdem am Freitagnachmittag gegen 13:15 Uhr in einem mehrst\u00f6ckigen Geb\u00e4udekomplex in der Speyerer Stra\u00dfe\/ Ecke Langer Anger ein Feuer ausgebrochen war, haben die Brandexperten der Kriminalpolizeidirektion Heidelberg die weiteren Ermittlungen, insbesondere zur Brandursache, aufgenommen.<\/p>\n\n\n\n<p>Nach derzeitigem Ermittlungsstand d\u00fcrfte das Feuer im Erdgeschoss des B\u00fcrogeb\u00e4udes ausgebrochen sein und sich anschlie\u00dfend weiter in die oberen Stockwerke ausgebreitet haben. Durch die Hitzeentwicklung kam es vereinzelt zu kleineren Detonationen von im Geb\u00e4ude befindlichen Propangasflaschen. Ein Bauger\u00fcst, welches den Komplex vollst\u00e4ndig umgibt, wurde durch die Hitzeentwicklung stark in Mitleidenschaft gezogen. Ein Sachverst\u00e4ndiger ist vor Ort und pr\u00fcft derzeit die Statik der Konstruktion.<\/p>\n\n\n\n<p>Die Nachl\u00f6scharbeiten einzelner Glutnester dauern derzeit weiter an. Auch die umfangreichen Verkehrssperrungen rund um die Speyerer Stra\u00dfe werden bis auf Weiteres aufrechterhalten. Zur besseren \u00dcbersicht wurde zeitweise ein Polizeihubschrauber eingesetzt.<\/p>\n\n\n\n<p>Das Geb\u00e4ude wurde beschlagnahmt. Eine Begehung des Komplexes ist f\u00fcr die kommenden Tage geplant. Der Gesamtsachschaden d\u00fcrfte sich nach derzeitigem Kenntnisstand auf mehrere Millionen Euro belaufen.<\/p>\n\n\n\n<p>Neben rund 60 Polizeikr\u00e4ften waren rund 150 Feuerwehrleute, bestehend aus der Berufsfeuerwehr Heidelberg, allen Freiwilligen Feuerwehren Heidelberg sowie Wiesloch, Walldorf, Schwetzingen und Leimen im Einsatz.<\/p>\n\n\n\n<p>Ortskundige Verkehrsteilnehmer werden gebeten, das Gebiet weitr\u00e4umig zu umfahren. Anwohner werden weiterhin angehalten, Fenster und T\u00fcren geschlossen zu halten.<\/p>\n\n\n\n<h2 class=\"wp-block-heading\">(Heidelberg-Bahnstadt) &#8211; Feuerwehr und Polizei nach Brandausbruch in Geb\u00e4ude nach wie vor im Einsatz; Aufhebung der Warnmeldung<\/h2>\n\n\n\n<p>Die Warnmeldung, wonach Anwohner ihre Fenster und T\u00fcren geschlossen halten sollten, ist aufgehoben. (20.05.2022 \u2013 16:37)<\/p>\n\n\n\n<h2 class=\"wp-block-heading\">(Heidelberg-Bergheim) &#8211; Zeugenaufruf<\/h2>\n\n\n\n<h3 class=\"wp-block-heading\">Gemeinsame Presseerkl\u00e4rung der Staatsanwaltschaft Heidelberg und des Polizeipr\u00e4sidiums Mannheim<\/h3>\n\n\n\n<div class=\"wp-block-image\"><figure class=\"aligncenter size-full\"><img decoding=\"async\" loading=\"lazy\" width=\"800\" height=\"533\" src=\"https:\/\/speyer24news.com\/wp-content\/uploads\/2020\/06\/Zelle.jpg\" alt=\"\" class=\"wp-image-28203\" srcset=\"https:\/\/speyer24news.com\/wp-content\/uploads\/2020\/06\/Zelle.jpg 800w, https:\/\/speyer24news.com\/wp-content\/uploads\/2020\/06\/Zelle-300x200.jpg 300w, https:\/\/speyer24news.com\/wp-content\/uploads\/2020\/06\/Zelle-768x512.jpg 768w\" sizes=\"(max-width: 800px) 100vw, 800px\" \/><\/figure><\/div>\n\n\n\n<p>19-j\u00e4hriger Heranwachsender wegen Verdachts der gef\u00e4hrlichen K\u00f6rperverletzung eines 23-j\u00e4hrigen Mannes in Untersuchungshaft<\/p>\n\n\n\n<p>Auf Antrag der Staatsanwaltschaft Heidelberg wurde durch das Amtsgericht Heidelberg ein Haftbefehl gegen einen 19-j\u00e4hrigen albanischen Staatsangeh\u00f6rigen erlassen.<\/p>\n\n\n\n<p>Der Beschuldigte steht im dringenden Verdacht, am Nachmittag des Donnerstags, des 18.05.2022, gegen 17 Uhr in Heidelberg-Bergheim in der N\u00e4he der Stadtb\u00fccherei in der Poststra\u00dfe einen faustgro\u00dfen Stein aufgehoben und gegen den Kopf eines 23-j\u00e4hrigen Mannes geworfen zu haben. Dieser wurde dadurch erheblich am Kopf verletzt und musste in ein Heidelberger Krankenhaus eingeliefert werden. Von dort konnte er zwischenzeitlich wieder entlassen werden. Lebensgefahr bestand zu keinem Zeitpunkt.<\/p>\n\n\n\n<p>Dem Vorfall ging nach derzeitigem Ermittlungsstand unmittelbar zuvor eine Auseinandersetzung im Bereich der Stra\u00dfenbahnhaltestelle &#8222;Stadtb\u00fccherei&#8220; in der Kurf\u00fcrsten-Anlage voraus. Dort soll der Verd\u00e4chtige mit mehreren Personen aus der Gruppe des sp\u00e4ter mit dem Stein Verletzten in Streit geraten sein und einem 20-J\u00e4hrigen einen Schlag mit der Faust gegen die linke Gesichtsh\u00e4lfte versetzt haben. Noch am selben Tag wurde der 19-j\u00e4hrige Tatverd\u00e4chtige der Ermittlungsrichterin beim Amtsgericht Heidelberg vorgef\u00fchrt, die auf Antrag der Staatsanwaltschaft Heidelberg Haftbefehl wegen des dringenden Verdachts der gef\u00e4hrlichen K\u00f6rperverletzung (mittels des Steins), der weiteren vors\u00e4tzlichen K\u00f6rperverletzung (durch den Faustschlag) und der Beleidigung, auf Grund bestehender Fluchtgefahr erlie\u00df. Anschlie\u00dfend wurde der Beschuldigte in eine Justizvollzugsanstalt eingeliefert.<\/p>\n\n\n\n<p>Die weiteren Ermittlungen der Staatsanwaltschaft Heidelberg und des zust\u00e4ndigen Fachdezernats der Kriminalpolizeidirektion Heidelberg dauern an.<\/p>\n\n\n\n<p>Die Polizei sucht insbesondere eine Zeugin, die zu Beginn der Auseinandersetzungen an der Stra\u00dfenbahnhaltestelle &#8222;Stadtb\u00fccherei&#8220; versucht haben soll, zwischen den Kontrahenten zu vermitteln.<\/p>\n\n\n\n<p>Zeugen werden gebeten, sich mit der Kriminalpolizeidirektion Heidelberg unter der Telefonnummer 0621\/174-4444 in Verbindung zu setzen.<\/p>\n\n\n\n<h2 class=\"wp-block-heading\">(Heidelberg-Handschuhsheim) &#8211; Unbekannte besch\u00e4digten Zaun und Blumenbeet auf Schulgel\u00e4nde; Polizei ermittelt und sucht Zeugen<\/h2>\n\n\n\n<p>Am Mittwochabend gegen 18:45 Uhr r\u00fcckten Polizei und Feuerwehr aus, nachdem ein oder mehrere bislang unbekannte Personen ein Zaunelement auf einem Schulgel\u00e4nde in der Berliner Stra\u00dfe in Brand gesetzt hatten. Das Feuer griff in der Folge auf einen Blumenk\u00fcbel und ein angrenzendes Blumenbeet \u00fcber. W\u00e4hrend des Einsatzes wies eine aufmerksame Zeugin die Polizeikr\u00e4fte auf eine m\u00f6gliche zweite Brandausbruchsstelle im Bereich eines Gartenh\u00e4uschens hin. Dort stellten die Einsatzkr\u00e4fte dann tats\u00e4chlich einen Brandfleck am Geb\u00e4ude fest sowie eine besch\u00e4digte Spraydose. Ob diese im Zusammenhang mit dem Brandausbruch steht, ist bislang noch unklar. Die Dose wurde als Beweismittel sichergestellt. Die Ermittlungen des Polizeireviers Heidelberg-Nord und der Zentralen Kriminaltechnik der Kriminalpolizeidirektion Heidelberg dauern an. Insgesamt entstand ein gesch\u00e4tzter Sachschaden in H\u00f6he von rund 4000 Euro.<\/p>\n\n\n\n<p>Zeugen, die verd\u00e4chtige Personen oder Wahrnehmungen in diesem Zusammenhang gemacht haben, werden gebeten, sich unter der Tel.: 06221 45690 zu melden.<\/p>\n\n\n\n<h2 class=\"wp-block-heading\">(Oftersheim \/ Rhein-Neckar-Kreis) &#8211; Radfahrer kollidieren \/ Zwei Personen verletzt<\/h2>\n\n\n\n<p>Am Freitagmorgen, gegen 08.45 Uhr, kollidieren zwei Fahrradfahrer in der Mannheimer Stra\u00dfe an der Einbiegung zur Hockenheimer Stra\u00dfe. Durch den Zusammensto\u00df wurde ein 51-j\u00e4hriger schwer und ein 60-j\u00e4hriger leicht verletzt. Beide kamen in ein nahe gelegenes Krankenhaus und wurden medizinisch versorgt. Zeugen die den Unfallhergang beobachtet haben werden gebeten sich mit dem Polizeirevier Schwetzingen unter der Telefonnummer 06202-2880 in Verbindung zu setzen.<\/p>\n\n\n\n<h2 class=\"wp-block-heading\">(Ketsch \/ Rhein-Neckar-Kreis) &#8211; Via WhatsApp betrogen \/ Vorsicht bei Chatnachrichten!<\/h2>\n\n\n\n<div class=\"wp-block-image\"><figure class=\"aligncenter size-full\"><img decoding=\"async\" loading=\"lazy\" width=\"800\" height=\"533\" src=\"https:\/\/speyer24news.com\/wp-content\/uploads\/2020\/12\/WhatsApp.jpg\" alt=\"\" class=\"wp-image-31843\" srcset=\"https:\/\/speyer24news.com\/wp-content\/uploads\/2020\/12\/WhatsApp.jpg 800w, https:\/\/speyer24news.com\/wp-content\/uploads\/2020\/12\/WhatsApp-300x200.jpg 300w, https:\/\/speyer24news.com\/wp-content\/uploads\/2020\/12\/WhatsApp-768x512.jpg 768w\" sizes=\"(max-width: 800px) 100vw, 800px\" \/><\/figure><\/div>\n\n\n\n<p>Am Donnerstagnachmittag erhielt eine 63-J\u00e4hrige via WhatsApp eine Nachricht die angeblich ihre Tochter unter einer &#8222;neuen Handynummer&#8220; verschickt haben soll. Letztlich gelang es den Betr\u00fcgern die f\u00fcrsorgliche Mutter derart zu t\u00e4uschen, sodass diese annahm mit ihrer Tochter zu chatten. Im Glauben dieser zu helfen, \u00fcberwies sie schlie\u00dflich mehr als 1.200 Euro. Als die Frau kurz darauf misstrauisch wurde, kontaktierte sie ihre Tochter unter der gewohnten Rufnummer wonach der Betrug schnell erkannt wurde. Die Kriminalpolizeidirektion hat die weiteren Ermittlungen aufgenommen.<\/p>\n\n\n\n<p>In j\u00fcngster Vergangenheit kommt es vermehrt zu solchen Betrugsstraftaten \u00fcber Messengerdiensten, wobei die T\u00e4ter den Betroffenen suggerieren Angeh\u00f6rige oder Verwandte zu sein, deren Mobiltelefon nicht mehr funktioniere und diese sich deshalb unter einer &#8222;neuen&#8220; Rufnummer melden.<\/p>\n\n\n\n<p>Angeschriebene sollten sich davon nicht unter Druck setzen lassen und nicht antworten. Zun\u00e4chst sollte unbedingt pers\u00f6nlich oder \u00fcber die bekannten Telefonnummern gekl\u00e4rt werden, ob es sich bei dem Absender wirklich um Familienangeh\u00f6rige handelt. Niemals sollte man sich verleitet f\u00fchlen, vorschnell Geld auf ein unbekanntes Konto zu \u00fcberweisen. Ein vollendeter Betrug, aber auch bereits ein Betrugsversuch sollte unverz\u00fcglich bei der \u00f6rtlichen Polizeidienststelle angezeigt werden.<\/p>\n\n\n\n<h2 class=\"wp-block-heading\">(Hockenheim \/ Rhein-Neckar-Kreis) &#8211; IPad aus Pkw gestohlen \/ Zeugen gesucht<\/h2>\n\n\n\n<p>Am 20.05.2022 stellte eine 20-j\u00e4hrige Fahrerin eines Renault Clio ihren Pkw am Hockenheimer Bahnhof ordnungsgem\u00e4\u00df zum Parken ab. Als Sie und ihre 2 Begleiterin gegen Mitternacht zu dem Fahrzeug zur\u00fcckkamen mussten sie feststellen, dass ein oder mehrere Unbekannte dieses auf bislang nicht gekl\u00e4rter Art und Weise ge\u00f6ffnet hatten. Bei der Durchsicht der im Pkw befindlichen Gegenst\u00e4nde musste die 21-J\u00e4hrige feststellen, dass ihr IPad 10.2 fehlte. Der Diebstahlsschaden bel\u00e4uft sich auf ca. 800 Euro, w\u00e4hrend an ihrem Fahrzeug keine Sch\u00e4den festzustellen waren. Zeugen und\/oder Anwohner, die zur fraglichen Zeit verd\u00e4chtige Wahrnehmungen gemacht haben, werden gebeten, Kontakt mit dem Polizeirevier Hockenheim, Tel.: 06205\/2860-0, aufzunehmen.<\/p>\n\n\n\n<h2 class=\"wp-block-heading\">(Wiesloch) &#8211; 23-j\u00e4hriger Verd\u00e4chtiger einer gef\u00e4hrlichen K\u00f6rperverletzung einstweilig in psychiatrischem Krankenhaus untergebracht; Staatsanwaltschaft Heidelberg und Kriminalpolizeidirektion Heidelberg ermitteln<\/h2>\n\n\n\n<h3 class=\"wp-block-heading\">Gemeinsame Pressemitteilung der Staatsanwaltschaft Heidelberg und des Polizeipr\u00e4sidiums Mannheim<\/h3>\n\n\n\n<p>Auf Antrag der Staatsanwaltschaft Heidelberg ordnete die zust\u00e4ndige Ermittlungsrichterin des Amtsgerichts Heidelberg die einstweilige Unterbringung eines 23-j\u00e4hrigen Mannes in einem psychiatrischen Krankenhaus an.<\/p>\n\n\n\n<p>Der Mann steht im dringenden Verdacht, am Mittwoch, den 18.05.2022, gegen 19:45 Uhr in Wiesloch einen 32-j\u00e4hrigen Mann aus noch ungekl\u00e4rten Gr\u00fcnden von dessen Fahrrad gezogen und zu Boden geworfen zu haben. Als der 32-J\u00e4hrige aufstehen und vor dem Angreifer fl\u00fcchten wollte, schlug ihm dieser mit einer Glasflasche gegen den Kopf. Anschlie\u00dfend versetzte der Tatverd\u00e4chtige dem Gesch\u00e4digten mehrere Schl\u00e4ge mit der Faust. Der Gesch\u00e4digte erlitt erhebliche Verletzungen, welche \u00e4rztlich versorgt werden mussten.<\/p>\n\n\n\n<p>Aufgrund der psychischen Verfassung des Tatverd\u00e4chtigen sprechen dringende Gr\u00fcnde f\u00fcr die Annahme, dass er die Tat im Zustand der Schuldunf\u00e4higkeit oder der verminderten Schuldf\u00e4higkeit begangen hat. Zumal der Tatverd\u00e4chtige bereits mehrfach wegen erheblicher rechtswidriger Taten auff\u00e4llig geworden war, ordnete der Ermittlungsrichter die einstweilige Unterbringung an. Anschlie\u00dfend wurde der Beschuldigte in ein psychiatrisches Krankenhaus eingeliefert.<\/p>\n\n\n\n<p>Die Ermittlungen der Staatsanwaltschaft Heidelberg und der Kriminalpolizeidirektion Heidelberg dauern an.<\/p>\n\n\n\n<h2 class=\"wp-block-heading\">(Rauenberg \/ Rhein-Neckar-Kreis) &#8211; Schwerer Verkehrsunfall; Rettungshubschrauber im Einsatz; K4169 gesperrt<\/h2>\n\n\n\n<h3 class=\"has-text-align-center wp-block-heading\">Pressemeldung Nr. 2<\/h3>\n\n\n\n<p>Am Donnerstagnachmittag gegen kurz nach 16.00 Uhr kam es im Einm\u00fcndungsbereich der beiden Kreisstra\u00dfen 4166 und 4169, kurz nach dem Ortsausgang von Malschenberg zu einem Verkehrsunfall, bei welchem zwei Personen leicht verletzt wurden. Die 35-j\u00e4hrige Fahrzeugf\u00fchrerin befuhr mit ihrem Hyundai zun\u00e4chst die K4166 von Malschenberg kommend in Richtung der B3. Im Einm\u00fcndungsbereich zur K4169 wollte sich nach rechts abbiegen. Hierbei geriet sie in der Rechtskurve, vermutlich aufgrund mangelnder Fahrpraxis, mit ihrer gesamten Fahrzeugbreite auf die Gegenfahrbahn. Dies hatte zur Folge, dass sie mit einem aus Richtung Rauenberg kommenden, 52-j\u00e4hrigen Motorradfahrer, frontal zusammenstie\u00df. Der 52-J\u00e4hrige wurde zun\u00e4chst auf die Motorhaube und das Dach aufgeladen und durch die Bremswirkung des Pkw in der Folge nach vorne abgeladen. Letztlich kam er neben der Fahrbahn in einem angrenzenden Gr\u00fcnstreifen zur Endlage. Gl\u00fccklicherweise zog sich der Motorradfahrer hierbei nur Verletzungen leichterer Art zu. Er wurde im Anschluss mit einem Rettungshubschrauber in ein umliegendes Krankenhaus verbracht. Die 35-j\u00e4hrige Pkw-Lenkerin wurde ebenfalls nur leicht verletzt. Beide Fahrzeuge waren kollisionsbedingt nicht mehr fahrbereit und mussten im Anschluss an die Unfallaufnahme abgeschleppt werden. Der Schaden am Pkw betr\u00e4gt ca. 6.000 Euro. An der BMW R1100 GS entstand ein Sachschaden von ca. 10.000 Euro. Die beiden Kreisstra\u00dfen waren von ca. 16.30 Uhr bis 18.30 Uhr gesperrt. Die Unfallaufnahme erfolgte durch den Verkehrsdienst Heidelberg.<\/p>\n\n\n\n<h2 class=\"wp-block-heading\">(St. Leon-Rot \/ Rhein-Neckar-Kreis) &#8211; Glasscherben auf Kinderspielpl\u00e4tzen; Ermittlungen wegen des Verdachts der versuchten gef\u00e4hrlichen K\u00f6rperverletzungen eingeleitet; Zeugen dringend gesucht<\/h2>\n\n\n\n<div class=\"wp-block-image\"><figure class=\"aligncenter size-full\"><img decoding=\"async\" loading=\"lazy\" width=\"800\" height=\"539\" src=\"https:\/\/speyer24news.com\/wp-content\/uploads\/2020\/02\/important-1702878_1280.png\" alt=\"\" class=\"wp-image-25020\" srcset=\"https:\/\/speyer24news.com\/wp-content\/uploads\/2020\/02\/important-1702878_1280.png 800w, https:\/\/speyer24news.com\/wp-content\/uploads\/2020\/02\/important-1702878_1280-300x202.png 300w, https:\/\/speyer24news.com\/wp-content\/uploads\/2020\/02\/important-1702878_1280-768x517.png 768w\" sizes=\"(max-width: 800px) 100vw, 800px\" \/><\/figure><\/div>\n\n\n\n<p>Wegen des Verdachts der versuchten gef\u00e4hrlichen K\u00f6rperverletzung ermittelt der Polizeiposten St. Leon-Rot gegen einen bislang unbekannten T\u00e4ter.<\/p>\n\n\n\n<p>Der oder die Unbekannte soll beginnend mit Montag, dem 16. Mai in bislang vier F\u00e4llen, letztmals in der Nacht auf Donnerstag, den 19. Mai, auf den Kinderspielpl\u00e4tzen im Veilchenweg, im Parkring und in der Rosenstra\u00dfe im Ortsteil Rot Glasscherben absichtlich an einer Rutsche, an einem Kletterger\u00fcst und auf dem Sitz eines Kleinkindertisches so deponiert haben, dass sich insbesondere Kleinkinder Schnittverletzungen zuf\u00fcgen k\u00f6nnen.<\/p>\n\n\n\n<p>Derzeit werden in Abstimmung mit der Gemeinde St. Leon-Rot morgendliche Kontrollen der Bauhofmitarbeiter durchgef\u00fchrt.<\/p>\n\n\n\n<p>Begleitend hierzu wurden alle Kinderg\u00e4rten hinsichtlich der Problematik sensibilisiert. Ein Elternbrief soll noch im Laufe des Freitages verfasst und verteilt werden.<\/p>\n\n\n\n<p>Das Polizeirevier Wiesloch wird dar\u00fcber hinaus im Rahmen ihrer Streifent\u00e4tigkeit alle Kinderspielpl\u00e4tze mit Beginn der D\u00e4mmerung und in den Nachtstunden regelm\u00e4\u00dfig \u00fcberwachen.<\/p>\n\n\n\n<p>Zeugen, die Hinweise zu dem\/der Unbekannten geben k\u00f6nnen, bzw. denen verd\u00e4chtige Personen in den Abend- und Nachtstunden an den betroffenen Kinderspielpl\u00e4tzen auffielen, werden gebeten, sich mit dem Polizeiposten St. Leon-Rot, Tel.: 06227\/88160-0 oder mit dem Polizeirevier Wiesloch, Tel.: 06222\/5709-0 in Verbindung zu setzen.<\/p>\n\n\n\n<h2 class=\"wp-block-heading\">(Sinsheim \/ Rhein-Neckar-Kreis) &#8211; Einbruch in Lebensmittelgesch\u00e4ft, drei tatverd\u00e4chtige Jugendliche ermittelt<\/h2>\n\n\n\n<p>In er Nacht von Donnerstag auf Freitag brachen zun\u00e4chst unbekannte T\u00e4ter in ein Lebensmittelgesch\u00e4ft in der Friedrichstra\u00dfe ein. Sie hatten es offenbar auf Bargeld abgesehen; lediglich eine geringe Summe Wechselgeld fiel ihnen in die H\u00e4nde.<\/p>\n\n\n\n<p>Bereits in der Nacht richteten sich die ersten Ermittlungen gegen ein jugendliches Trio im Alter von 14, 15 und 17 Jahren. Ein Teilgest\u00e4ndnis einer der Verd\u00e4chtigen liegt den Ermittlern bereits vor.<\/p>\n\n\n\n<p>Die Ermittlungen werden von den Jugendsachbearbeitern des Polizeireviers Sinsheim fortgef\u00fchrt.<\/p>\n\n\n\n<h2 class=\"wp-block-heading\">(Eberbach \/ Rhein-Neckar-Kreis) &#8211; Verkehrsunfallflucht \/ Zeugen gesucht<\/h2>\n\n\n\n<p>Am Donnerstag den 19.05.2022 wurde im Zeitraum zwischen 07.25 bis 12.15 Uhr in einer Tiefgarage einer Pflegeeinrichtung in der Itterstra\u00dfe ein geparkter BMW durch einen bislang unbekannten Fahrzeugf\u00fchrer besch\u00e4digt. Zeugen die den Unfall beobachtet haben oder Hinweise auf den Verursacher geben k\u00f6nnen werden gebeten sich unter der Telefonnummer 06271-92100 mit dem Polizeirevier Eberbach in Verbindung zu setzen.<\/p>\n\n\n\n<h2 class=\"wp-block-heading\">(Edingen-Neckarhausen \/ Rhein-Neckar-Kreis) &#8211; Unfallverursacher gefl\u00fcchtet; Polizei ermittelt und sucht Zeugen<\/h2>\n\n\n\n<p>Am Donnerstag, im Zeitraum zwischen 12:00 Uhr und 17:00 Uhr, besch\u00e4digte ein bislang unbekannter Verkehrsteilnehmer einen in der Fl\u00f6\u00dferstra\u00dfe, H\u00f6he Hausnummer 3, geparkten schwarzen Kia und entfernte sich im Anschluss, ohne seine Pflichten als Unfallverursacher nachzukommen. Als der Kia-Fahrer am Nachmittag zu seinem Fahrzeug zur\u00fcckkehrte, entdeckte er die Besch\u00e4digungen am hinteren linken Kotfl\u00fcgel und an der Sto\u00dfstange. Er verst\u00e4ndigte sofort die Polizei. Der entstandene Gesamtsachschaden wird derzeit auf rund 3000 Euro gesch\u00e4tzt.<\/p>\n\n\n\n<p>Der Polizeiposten Mannheim-Schwetzingerstadt hat die weiteren Ermittlungen aufgenommen und bittet Zeugen, die sachdienliche Hinweise zu dem Unfallhergang und\/oder dem Unfallverursacher geben k\u00f6nnen, sich unter der Tel.: 0621 441125 zu melden.<\/p>\n\n\n\n<h2 class=\"wp-block-heading\">(A 659 \/ Weinheim \/ Rhein-Neckar-Kreis) &#8211; Aktuell Unfallaufnahme auf der BAB 659, H\u00f6he Ausfahrt Viernheim-Ost \/ Verz\u00f6gerungsstreifen teilweise blockiert<\/h2>\n\n\n\n<p>Nach einer Unfallaufnahme auf der BAB 659 in Fahrtrichtung Weinheim, H\u00f6he Ausfahrt Viernheim-Ost, ist derzeit (20.05.2022 \u2013 11:47) der Verz\u00f6gerungsstreifen nur teilweise befahrbar. Polizei- und Rettungskr\u00e4fte sind vor Ort im Einsatz. Die Hauptfahrbahn ist nach aktuellem Kenntnisstand frei.<\/p>\n\n\n\n<h3 class=\"has-text-align-center wp-block-heading\">Pressemeldung Nr. 2<\/h3>\n\n\n\n<p>Am Freitag gegen 11:30 Uhr befuhr ein 69-j\u00e4hriger Ford-Fahrer die BAB 659 in Fahrtrichtung Weinheim, als er in H\u00f6he der Ausfahrt Viernheim-Ost von der Fahrbahn abkam. Nach derzeitigem Kenntnisstand k\u00f6nnte ein medizinischer Notfall urs\u00e4chlich gewesen sein. Der PKW kam nach rund 700 Metern an einer dortigen B\u00f6schung zum Stehen. Der verletzte Fahrer wurde mit einem hinzugerufenen Rettungswagen in eine Klinik gebracht. Die H\u00f6he des entstandenen Sachschadens ist derzeit noch nicht bekannt. F\u00fcr den Zeitraum der Unfallaufnahme war der Verz\u00f6gerungsfahrstreifen zum Teil blockiert. Dieser konnte nach Beendigung der Ma\u00dfnahmen vor Ort, gegen 13:45 Uhr, wieder freigegeben werden.<\/p>\n\n\n\n<h2 class=\"wp-block-heading\">(Weinheim \/ Rhein-Neckar-Kreis) &#8211; Trickbetr\u00fcger kontaktierten ihr Opfer gleich mehrmals und erbeuteten rund 8000 Euro<\/h2>\n\n\n\n<div class=\"wp-block-image\"><figure class=\"aligncenter size-large\"><img decoding=\"async\" loading=\"lazy\" width=\"1024\" height=\"649\" src=\"https:\/\/speyer24news.com\/wp-content\/uploads\/2022\/04\/Geld-Betrug-Schockanruf-Rentner-1024x649.jpg\" alt=\"\" class=\"wp-image-44260\" srcset=\"https:\/\/speyer24news.com\/wp-content\/uploads\/2022\/04\/Geld-Betrug-Schockanruf-Rentner-1024x649.jpg 1024w, https:\/\/speyer24news.com\/wp-content\/uploads\/2022\/04\/Geld-Betrug-Schockanruf-Rentner-300x190.jpg 300w, https:\/\/speyer24news.com\/wp-content\/uploads\/2022\/04\/Geld-Betrug-Schockanruf-Rentner-768x487.jpg 768w, https:\/\/speyer24news.com\/wp-content\/uploads\/2022\/04\/Geld-Betrug-Schockanruf-Rentner.jpg 1280w\" sizes=\"(max-width: 1024px) 100vw, 1024px\" \/><\/figure><\/div>\n\n\n\n<p>Gleich mehrmals wurde eine \u00fcber 65 Jahre alte Frau diese Woche von bislang unbekannten Trickbetr\u00fcgern kontaktiert. Die T\u00e4ter nutzten f\u00fcr die Kontaktaufnahme einen Messenger-Dienst und t\u00e4uschten durch das Versenden von betr\u00fcgerischen Nachrichten die nichtsahnende Mobilfunknutzerin.<\/p>\n\n\n\n<p>Am Montag, den 16.05.2022 erhielt die Frau die erste dieser verd\u00e4chtigen Mitteilungen. Mit &#8222;Hallo Mama&#8220; und der Bitte um Unterst\u00fctzung bei einer Geld\u00fcberweisung forderten die Trickbetr\u00fcger ihr Opfer dazu auf, rund 4000 Euro zu transferieren. Fest im Glauben tats\u00e4chlich einem Familienmitglied zu helfen, kam die \u00fcber 65-J\u00e4hrige der Aufforderung nach. Auch nachdem die Trickbetr\u00fcger sich rund zwei Tage sp\u00e4ter erneut meldeten, ahnte die Frau noch nichts B\u00f6ses. Erneut forderten die Unbekannten einen vierstelligen Geldbetrag. Auch dieser Aufforderung kam die Frau nach. Erst nachdem die T\u00e4ter sich am Donnerstag, den 19.05.2022 erneut meldeten und wieder Geld verlangten, wurde die \u00fcber 65-J\u00e4hrige misstrauisch. Sie verweigerte daraufhin weitere \u00dcberweisungen und kontaktierte stattdessen die \u00f6rtliche Polizeidienststelle. Dort wurde sie schlie\u00dflich \u00fcber den dreisten Betrug aufgekl\u00e4rt.<\/p>\n","protected":false},"excerpt":{"rendered":"<div class=\"mh-excerpt\"><p>Polizeimeldungen vom Freitag &amp; Samstag (20.05. &amp; 21.05.2022) (Speyer) &#8211; Versuchter PKW Aufbruch Am 21.05. um 03:39 Uhr wurde an einem geparkten BMW, im Rotkehlchenweg in Speyer, die Alarmanlage ausgel\u00f6st. Der Fahrzeughalter konnte vor Ort <a class=\"mh-excerpt-more\" href=\"https:\/\/speyer24news.com\/?p=46256\" title=\"Polizei\">[&#8230;]<\/a><\/p>\n<\/div>","protected":false},"author":3,"featured_media":26162,"comment_status":"open","ping_status":"open","sticky":false,"template":"","format":"standard","meta":{"_monsterinsights_skip_tracking":false,"_monsterinsights_sitenote_active":false,"_monsterinsights_sitenote_note":"","_monsterinsights_sitenote_category":0,"footnotes":""},"categories":[12],"tags":[7243,7244,3614,702,61,2555,6955,6986,6263,63,105,11150,6987,53,4854,13534,4683,1548,4905,11592,102,13626,213,14325,14324,13553,13541,55,8277,6368,5261,103,106,2803,2423,427,2625,380,62,104,979,1565],"aioseo_notices":[],"amp_enabled":true,"_links":{"self":[{"href":"https:\/\/speyer24news.com\/index.php?rest_route=\/wp\/v2\/posts\/46256"}],"collection":[{"href":"https:\/\/speyer24news.com\/index.php?rest_route=\/wp\/v2\/posts"}],"about":[{"href":"https:\/\/speyer24news.com\/index.php?rest_route=\/wp\/v2\/types\/post"}],"author":[{"embeddable":true,"href":"https:\/\/speyer24news.com\/index.php?rest_route=\/wp\/v2\/users\/3"}],"replies":[{"embeddable":true,"href":"https:\/\/speyer24news.com\/index.php?rest_route=%2Fwp%2Fv2%2Fcomments&post=46256"}],"version-history":[{"count":1,"href":"https:\/\/speyer24news.com\/index.php?rest_route=\/wp\/v2\/posts\/46256\/revisions"}],"predecessor-version":[{"id":46263,"href":"https:\/\/speyer24news.com\/index.php?rest_route=\/wp\/v2\/posts\/46256\/revisions\/46263"}],"wp:featuredmedia":[{"embeddable":true,"href":"https:\/\/speyer24news.com\/index.php?rest_route=\/wp\/v2\/media\/26162"}],"wp:attachment":[{"href":"https:\/\/speyer24news.com\/index.php?rest_route=%2Fwp%2Fv2%2Fmedia&parent=46256"}],"wp:term":[{"taxonomy":"category","embeddable":true,"href":"https:\/\/speyer24news.com\/index.php?rest_route=%2Fwp%2Fv2%2Fcategories&post=46256"},{"taxonomy":"post_tag","embeddable":true,"href":"https:\/\/speyer24news.com\/index.php?rest_route=%2Fwp%2Fv2%2Ftags&post=46256"}],"curies":[{"name":"wp","href":"https:\/\/api.w.org\/{rel}","templated":true}]}}