{"id":46272,"date":"2022-05-22T06:37:57","date_gmt":"2022-05-22T05:37:57","guid":{"rendered":"https:\/\/speyer24news.com\/?p=46272"},"modified":"2022-05-22T06:37:59","modified_gmt":"2022-05-22T05:37:59","slug":"stadtnotizen-verkehrsnotizen-aus-speyer-66","status":"publish","type":"post","link":"https:\/\/speyer24news.com\/?p=46272","title":{"rendered":"Stadtnotizen &#038; Verkehrsnotizen aus Speyer"},"content":{"rendered":"<style type=\"text\/css\">\r\n\t.ads_top_disp{}\r\n\t.ads_top_corner_disp{ float:left; margin:0px 10px 10px 0px; }\r\n\t.ads_first_p_disp{}\r\n\t.ads_bottom_disp{}\r\n\t<\/style>\n<h1 class=\"has-text-align-center wp-block-heading\">Stadtnotizen<\/h1>\n\n\n\n<div class=\"wp-block-image\"><figure class=\"aligncenter\"><img decoding=\"async\" loading=\"lazy\" width=\"800\" height=\"600\" src=\"https:\/\/speyer24news.com\/wp-content\/uploads\/2020\/01\/Speyer-Stadtnachrichten-2.jpg\" alt=\"\" class=\"wp-image-23901\" srcset=\"https:\/\/speyer24news.com\/wp-content\/uploads\/2020\/01\/Speyer-Stadtnachrichten-2.jpg 800w, https:\/\/speyer24news.com\/wp-content\/uploads\/2020\/01\/Speyer-Stadtnachrichten-2-300x225.jpg 300w, https:\/\/speyer24news.com\/wp-content\/uploads\/2020\/01\/Speyer-Stadtnachrichten-2-768x576.jpg 768w, https:\/\/speyer24news.com\/wp-content\/uploads\/2020\/01\/Speyer-Stadtnachrichten-2-678x509.jpg 678w, https:\/\/speyer24news.com\/wp-content\/uploads\/2020\/01\/Speyer-Stadtnachrichten-2-326x245.jpg 326w, https:\/\/speyer24news.com\/wp-content\/uploads\/2020\/01\/Speyer-Stadtnachrichten-2-80x60.jpg 80w\" sizes=\"(max-width: 800px) 100vw, 800px\" \/><\/figure><\/div>\n\n\n\n<h2 class=\"wp-block-heading\">B\u00fccher frei Haus: Stadtbibliothek bietet Medien-Lieferservice an<\/h2>\n\n\n\n<div class=\"wp-block-image\"><figure class=\"aligncenter size-full\"><img decoding=\"async\" loading=\"lazy\" width=\"800\" height=\"597\" src=\"https:\/\/speyer24news.com\/wp-content\/uploads\/2022\/05\/Fahrrad.jpg\" alt=\"\" class=\"wp-image-46273\" srcset=\"https:\/\/speyer24news.com\/wp-content\/uploads\/2022\/05\/Fahrrad.jpg 800w, https:\/\/speyer24news.com\/wp-content\/uploads\/2022\/05\/Fahrrad-300x224.jpg 300w, https:\/\/speyer24news.com\/wp-content\/uploads\/2022\/05\/Fahrrad-768x573.jpg 768w, https:\/\/speyer24news.com\/wp-content\/uploads\/2022\/05\/Fahrrad-80x60.jpg 80w\" sizes=\"(max-width: 800px) 100vw, 800px\" \/><\/figure><\/div>\n\n\n\n<p>Ab sofort bietet die Stadtbibliothek Speyer f\u00fcr Menschen, die im Stadtgebiet Speyer wohnen und aufgrund von Alter, k\u00f6rperlicher Einschr\u00e4nkung oder aus medizinischen Gr\u00fcnden (Unfall, Operation, etc.) nicht selbst in die Villa&nbsp;Ecarius&nbsp;kommen k\u00f6nnen, einen Medien-Lieferservice an. Dieser wird von ehrenamtlichen Boten \u00fcbernommen und ist kostenlos.<\/p>\n\n\n\n<p>Alles, was ben\u00f6tigt wird, ist ein Bibliotheksausweis\u00a0(Jahresgeb\u00fchr 15 Euro). Zudem sind Vormerkungen von Medien, die zum Zeitpunkt der Bestellung entliehen sind, geb\u00fchrenpflichtig (pro Medium 1 Euro). Ausleihbar sind Medien aus dem kompletten Bestand, mit Ausnahme der aktuellen Zeitschriftenexemplare.<\/p>\n\n\n\n<p>Medienbestellungen nimmt die Stadtbibliothek Speyer w\u00e4hrend der \u00d6ffnungszeiten telefonisch unter 0 62 32 \u2013 14 13 80 oder per E-Mail an&nbsp;<a href=\"mailto:stadtbibliothek@stadt-speyer.de\" target=\"_blank\" rel=\"noreferrer noopener\">stadtbibliothek@stadt-speyer.de<\/a>&nbsp;entgegen. Anschlie\u00dfend wird ein Liefertermin vereinbart. Ehrenamtliche Bot*innen bringen dann die gew\u00fcnschten Medien und nehmen die nicht mehr ben\u00f6tigten mit.<\/p>\n\n\n\n<p><em>Stadtverwaltung Speyer \/ Stadtbibliothek Speyer<br>19.05.2022<\/em><\/p>\n\n\n\n<h2 class=\"wp-block-heading\">Mittwochabend im Stadtarchiv: \u201eHeinrich\u00a0Hilgard\u00a0Villard \u2013 a Man\u00a0of\u00a0Resiliance\u201d<\/h2>\n\n\n\n<p>Im Rahmen der Vortragsreihe \u201eMittwochabend im Stadtarchiv\u201c referiert Karl Erhard Schuhmacher ausnahmsweise am&nbsp;<strong>Dienstag<\/strong>, 24. Mai 2022, 18.30 Uhr im Stadtratssitzungssaal zum Leben und Wirken von Heinrich&nbsp;Hilgard&nbsp;Villard.&nbsp;&nbsp;Unter dem Titel \u201eA Man&nbsp;of&nbsp;Resiliance\u201c erfahren die Zuh\u00f6renden in zeitraffender Weise von den ihn pr\u00e4genden Stationen seines Lebens, in dem der tatkr\u00e4ftige und rastlose 1835 in Speyer geborene Pf\u00e4lzer sowohl in den USA als auch in Deutschland Enormes geleistet hat. Sein Leben war beileibe kein ruhig dahingehender Fluss. Er erlebte Niederlagen und Triumphe, Existenzkampf und Reichtum, Lebenskrisen und Familiengl\u00fcck. Er geh\u00f6rt ohne Zweifel geh\u00f6rt zu den bemerkenswertesten Pers\u00f6nlichkeiten der zweiten H\u00e4lfte des 19. Jahrhunderts \u2013sowohl in der Pfalz als auch in den USA.<\/p>\n\n\n\n<p>Der Vortrag ist eine Kooperation der Interessengemeinschaft der G\u00e4stef\u00fchrer mit dem Kulturellen Erbe \u2013 Stadtarchiv Speyer.<\/p>\n\n\n\n<p><em>Stadtverwaltung Speyer<br>19.05.2022<\/em><\/p>\n\n\n\n<h1 class=\"has-text-align-center wp-block-heading\">Verkehrsnotizen<\/h1>\n\n\n\n<figure class=\"wp-block-image\"><img decoding=\"async\" loading=\"lazy\" width=\"800\" height=\"565\" src=\"https:\/\/speyer24news.com\/wp-content\/uploads\/2020\/01\/Baustelle-2.jpg\" alt=\"\" class=\"wp-image-23900\" srcset=\"https:\/\/speyer24news.com\/wp-content\/uploads\/2020\/01\/Baustelle-2.jpg 800w, https:\/\/speyer24news.com\/wp-content\/uploads\/2020\/01\/Baustelle-2-300x212.jpg 300w, https:\/\/speyer24news.com\/wp-content\/uploads\/2020\/01\/Baustelle-2-768x542.jpg 768w\" sizes=\"(max-width: 800px) 100vw, 800px\" \/><\/figure>\n\n\n\n<h2 class=\"wp-block-heading\">Paul-Egell-Stra\u00dfe gesperrt<\/h2>\n\n\n\n<p>Aufgrund von Stra\u00dfenbau- und Markierungsarbeiten wird die Paul-Egell-Stra\u00dfe zwischen Jahnstra\u00dfe und Closweg in der Zeit <strong>vom 7. bis 8. Juni 2022<\/strong> f\u00fcr den Verkehr komplett gesperrt.<\/p>\n\n\n\n<p>Eine Umleitung \u00fcber die Matthias-Gr\u00fcnewald-Stra\u00dfe wird eingerichtet.<\/p>\n\n\n\n<p>Fragen beantwortet die Stra\u00dfenverkehrsbeh\u00f6rde unter der Telefonnummer 14-2938.<\/p>\n\n\n\n<p><em>Stadtverwaltung Speyer<br>20.05.2022<\/em><\/p>\n\n\n\n<h2 class=\"wp-block-heading\">Steinmetzergasse gesperrt<\/h2>\n\n\n\n<p>Wegen der Anlieferung eines Ger\u00fcsts wird die Steinmetzergasse auf H\u00f6he der Hausnummer 2a am 30. Mai 2022 in der Zeit von 7.30 bis 11 Uhr f\u00fcr den Individualverkehr komplett gesperrt.<\/p>\n\n\n\n<p>Die Einbahnregelung wird aufgehoben und die Gasse beidseitig als Sackgasse ausgewiesen.<\/p>\n\n\n\n<p>F\u00fcr R\u00fcckfragen steht die Stra\u00dfenverkehrsbeh\u00f6rde unter der Telefonnummer 14-2938 zur Verf\u00fcgung.<\/p>\n\n\n\n<p><em>Stadtverwaltung Speyer<br>19.05.2022<\/em><\/p>\n\n\n\n<h2 class=\"wp-block-heading\">Fahrbahneinengung Kreuzung Iggelheimer Stra\u00dfe<\/h2>\n\n\n\n<p>Aufgrund von Fugenvergussarbeiten im Auftrag der Stadt Speyer werden an der Kreuzung Iggelheimer Stra\u00dfe&nbsp;<strong>am Sonntag, 22. Mai 2022 zwischen 7:30 Uhr und 16:30 Uhr<\/strong>&nbsp;abschnittsweise die Fahrstreifen verengt sein.<\/p>\n\n\n\n<p>F\u00fcr R\u00fcckfragen steht die Stra\u00dfenverkehrsbeh\u00f6rde unter der Telefonnummer 14-2938 zur Verf\u00fcgung.<\/p>\n\n\n\n<p><em>Stadtverwaltung Speyer<br>19.05.2022<\/em><\/p>\n\n\n\n<h2 class=\"wp-block-heading\">Termin\u00e4nderung der Sperrung im Buchenweg<\/h2>\n\n\n\n<p>Die Stadtverwaltung informiert, dass die bereits angek\u00fcndigte Stra\u00dfensperrung aufgrund privater Bauarbeiten im Buchenweg auf H\u00f6he der Hausnummer 28 auf&nbsp;<strong>Montag, 30. Mai 2022<\/strong>&nbsp;vorgezogen wird. Die Stra\u00dfe wird an diesem Tag zwischen 11 und 18 Uhr f\u00fcr den Durchgangsverkehr gesperrt sein. F\u00fcr die Dauer der Ma\u00dfnahme wird der Buchenweg beidseitig als Sackgasse ausgewiesen.<\/p>\n\n\n\n<p>F\u00fcr R\u00fcckfragen steht die Stra\u00dfenverkehrsbeh\u00f6rde unter der Rufnummer 14-2938 zur Verf\u00fcgung.<\/p>\n\n\n\n<p><em>Stadtverwaltung Speyer<br>19.05.2022<\/em><\/p>\n\n\n\n<h2 class=\"wp-block-heading\">Vollsperrung St. Georgen-Gasse<\/h2>\n\n\n\n<p>Aufgrund von Arbeiten im Auftrag der EBS Speyer wird die Kreuzung St.Georgen-Gasse<strong>\/Fischmarkt ab dem Dienstag, 24. Mai bis voraussichtlich Freitag, 24. Juni 2022<\/strong>&nbsp;f\u00fcr den flie\u00dfenden Verkehr komplett gesperrt.<\/p>\n\n\n\n<p>F\u00fcr R\u00fcckfragen steht die Stra\u00dfenverkehrsbeh\u00f6rde unter der Telefonnummer 14-2938 zur Verf\u00fcgung.<\/p>\n\n\n\n<p><em>Stadtverwaltung Speyer<br>19.05.2022<\/em><\/p>\n\n\n\n<h2 class=\"wp-block-heading\">Am Mondsee gesperrt<\/h2>\n\n\n\n<p>Aufgrund privater Bauarbeiten wird die Stra\u00dfe Am Mondsee auf H\u00f6he der Hausnummer 7&nbsp;<strong>ab Dienstag, 17. Mai bis voraussichtlich Montag, 20. Juni 2022 jeweils zwischen 7 und 18 Uhr<\/strong>&nbsp;f\u00fcr den Durchgangsverkehr gesperrt. In dieser Zeit wird die Stra\u00dfe Am Mondsee beidseitig als Sackgasse ausgewiesen und die Einbahnstra\u00dfenregelung im Wildentenweg aufgehoben. Au\u00dferhalb der genannten Zeiten ist die Stra\u00dfe wie gewohnt befahrbar.<\/p>\n\n\n\n<p>F\u00fcr R\u00fcckfragen steht die Stra\u00dfenverkehrsbeh\u00f6rde unter der Rufnummer 14-2938 zur Verf\u00fcgung.<\/p>\n\n\n\n<p><em>Stadtverwaltung Speyer<br>11.05.2022<\/em><\/p>\n\n\n\n<h2 class=\"wp-block-heading\">Brudergasse gesperrt<\/h2>\n\n\n\n<p>Aufgrund von Renovierungsarbeiten und Containerstellung wird die Brudergasse auf H\u00f6he der Hausnummer 3<strong>&nbsp;ab Mittwoch, 11. Mai bis voraussichtlich Mittwoch, 10. August 2022<\/strong>&nbsp;f\u00fcr den flie\u00dfenden Verkehr komplett gesperrt. Die Brudergasse wird beidseitig als Sackgasse ausgewiesen.<\/p>\n\n\n\n<p>F\u00fcr R\u00fcckfragen steht die Stra\u00dfenverkehrsbeh\u00f6rde unter der Telefonnummer 14-2938 zur Verf\u00fcgung.<\/p>\n\n\n\n<p><em>Stadtverwaltung Speyer<br>10.05.2022<\/em><\/p>\n\n\n\n<h2 class=\"wp-block-heading\">Hagedornsgasse gesperrt<\/h2>\n\n\n\n<p>Aufgrund von Arbeiten im Auftrag der Stadtwerke Speyer wird die Hagedornsgasse auf H\u00f6he der Hausnummer 5&nbsp;<strong>ab Montag, 16. Mai bis voraussichtlich Mittwoch, 15. Juni 2022<\/strong>&nbsp;f\u00fcr den Verkehr komplett gesperrt.<\/p>\n\n\n\n<p>Die Hagedornsgasse wird zwischen Armbruststra\u00dfe und Kleine Greifengasse beidseitig als Sackgasse ausgewiesen. Eine Umleitung wird eingerichtet.<\/p>\n\n\n\n<p>F\u00fcr R\u00fcckfragen steht die Stra\u00dfenverkehrsbeh\u00f6rde unter der Telefonnummer 14-2938 zur Verf\u00fcgung.<\/p>\n\n\n\n<p><em>Stadtverwaltung Speyer<br>06.05.2022<\/em><\/p>\n\n\n\n<h2 class=\"wp-block-heading\">Eichenweg gesperrt<\/h2>\n\n\n\n<div class=\"wp-block-image\"><figure class=\"aligncenter\"><img decoding=\"async\" loading=\"lazy\" width=\"600\" height=\"600\" src=\"https:\/\/speyer24news.com\/wp-content\/uploads\/2022\/05\/Sackgasse.png\" alt=\"\" class=\"wp-image-45626\" srcset=\"https:\/\/speyer24news.com\/wp-content\/uploads\/2022\/05\/Sackgasse.png 600w, https:\/\/speyer24news.com\/wp-content\/uploads\/2022\/05\/Sackgasse-300x300.png 300w, https:\/\/speyer24news.com\/wp-content\/uploads\/2022\/05\/Sackgasse-150x150.png 150w\" sizes=\"(max-width: 600px) 100vw, 600px\" \/><\/figure><\/div>\n\n\n\n<p>Aufgrund privater Bauarbeiten wird der Eichenweg auf H\u00f6he der Hausnummer 4A&nbsp;<strong>am 30. Mai 2022 zwischen 8.00 Uhr und voraussichtlich 16.00 Uhr&nbsp;<\/strong>f\u00fcr den Durchgangsverkehr gesperrt. &nbsp;&nbsp;&nbsp;&nbsp;&nbsp;&nbsp;&nbsp;&nbsp;&nbsp;&nbsp;<br>F\u00fcr die Dauer der Ma\u00dfnahme wird der Eichenweg beidseitig als Sackgasse ausgewiesen und die Einbahnstra\u00dfenregelung aufgehoben.<\/p>\n\n\n\n<p>F\u00fcr R\u00fcckfragen steht die Stra\u00dfenverkehrsbeh\u00f6rde unter der Rufnummer 14-2938 zur Verf\u00fcgung.<\/p>\n\n\n\n<p><em>Stadtverwaltung Speyer<br>05.05.2022<\/em><\/p>\n\n\n\n<h2 class=\"wp-block-heading\">Halbseitige Sperrung der Landwehrstra\u00dfe<\/h2>\n\n\n\n<p>Aufgrund von Leitungsarbeiten wird die Landwehrstra\u00dfe zwischen der Kreuzung Brunckstra\u00dfe und der Einfahrt der Firma Thor GmbH&nbsp;<strong>von Montag, 16. Mai bis voraussichtlich Sonntag, 3. Juli 2022<\/strong>&nbsp;f\u00fcr den Durchgangsverkehr halbseitig gesperrt. Die Stra\u00dfe wird als Einbahnstra\u00dfe in Richtung Speyer Nord ausgewiesen. W\u00e4hrend der Arbeiten entfallen folgende Haltestellen der Buslinie 562: Armens\u00fcnderweg, Alter Postweg, Friedhofshalle, Brucknerstra\u00dfe, Siemensstra\u00dfe\/Nord-West und der Buslinie 565: Siemensstra\u00dfe\/Nord-West, Felkenweg\/Nord-West, Iggelheimer Stra\u00dfe, Baumwollspinnerei.<\/p>\n\n\n\n<p>F\u00fcr R\u00fcckfragen steht die Stra\u00dfenverkehrsbeh\u00f6rde unter der Telefonnummer 14-2938 zur Verf\u00fcgung.<\/p>\n\n\n\n<p><em>Stadtverwaltung Speyer<br>05.05.2022<\/em><\/p>\n\n\n\n<h2 class=\"wp-block-heading\">Baustellen\u00fcbersicht der Stadt Speyer<\/h2>\n\n\n\n<div class=\"wp-block-image\"><figure class=\"aligncenter\"><img decoding=\"async\" loading=\"lazy\" width=\"800\" height=\"384\" src=\"https:\/\/speyer24news.com\/wp-content\/uploads\/2022\/03\/Baustelle-Speyer-Facebook.jpg\" alt=\"\" class=\"wp-image-43610\" srcset=\"https:\/\/speyer24news.com\/wp-content\/uploads\/2022\/03\/Baustelle-Speyer-Facebook.jpg 800w, https:\/\/speyer24news.com\/wp-content\/uploads\/2022\/03\/Baustelle-Speyer-Facebook-300x144.jpg 300w, https:\/\/speyer24news.com\/wp-content\/uploads\/2022\/03\/Baustelle-Speyer-Facebook-768x369.jpg 768w\" sizes=\"(max-width: 800px) 100vw, 800px\" \/><\/figure><\/div>\n\n\n\n<p>Ab sofort stellt die Stadt Speyer eine neue Baustellenliste zur Verf\u00fcgung, die die bisherige Kommunikation von laufenden und kommenden Baustellen erweitert und b\u00fcrgerfreundlicher gestaltet.<\/p>\n\n\n\n<p>Die bisher zur Verf\u00fcgung gestellte Liste \u201eAlle Baustellen\u201c f\u00fchrt alle Baustellen, die sich innerhalb des Speyerer Stadtgebiets befinden, stichpunktartig auf. Diese technische Liste gibt auch einen \u00dcberblick \u00fcber die betroffenen Sparten wie Strom, Gas, oder Wasser.<\/p>\n\n\n\n<p>Die nun neu hinzugekommene Liste \u201eWichtigste Baustellen\u201c beinhaltet Baustellen, von denen ein bedeutender Teil der Verkehrsteilnehmenden in Speyer signifikant betroffen ist, beispielsweise wegen ihrer lange Dauer und\/oder weil wichtige Stra\u00dfen im Netz betroffen sind. Es werden zus\u00e4tzlich zu den Baustellen im Speyerer Stadtgebiet auch wichtige Baustellen in der n\u00e4heren Umgebung aufgef\u00fchrt, beispielsweise auf der B9 und B39. Dar\u00fcber hinaus soll auch der in den Jahren 2023 und 2024 geplante Verkehrsversuch zum Postplatz Eingang in diese Auflistung finden. Neben dem voraussichtlichen Zeitraum und der Ursache werden auch die Umleitungen f\u00fcr die verschiedenen Verkehrsarten und bei Bedarf erg\u00e4nzende Informationen dargestellt. Am Ende der Liste findet sich ferner eine \u00dcbersicht zu m\u00f6glichen Ansprechpartner*innen.<\/p>\n\n\n\n<p>Die neue Baustellenliste ist chronologisch sortiert, sodass die B\u00fcrger*innen auf den ersten Blick neu hinzukommende Baustellen erkennen und f\u00fcr ihre n\u00e4chste Fahrt ber\u00fccksichtigen k\u00f6nnen \u2013 ohne frustriert erst an der Baustellenabsperrung wenden m\u00fcssen. Zeit- und nervenschonend f\u00fcr die B\u00fcrgerschaft \u2013 aber auch gut f\u00fcr die Umwelt, da unn\u00f6tiger Verkehr vermieden wird. Eine neu in Kalenderwoche 12 hinzukommende Vollsperrung befindet sich in der Alten Schwegenheimer Stra\u00dfe.<\/p>\n\n\n\n<p>Die \u00dcbersicht \u00fcber die Baustellensituation wird immer freitags aktualisiert und ist unter&nbsp;<a href=\"http:\/\/www.speyer.de\/baustellen\">www.speyer.de\/baustellen<\/a>&nbsp;im NEWS-TICKER zu finden.<br>Des Weiteren gibt es auf der Baustellenseite der Stadt Speyer wie gewohnt detaillierte Informationen zu laufenden und kommenden Gro\u00dfbaustellen.<\/p>\n\n\n\n<p><em>Stadtverwaltung Speyer<br>18.03.2022<\/em><\/p>\n","protected":false},"excerpt":{"rendered":"<div class=\"mh-excerpt\"><p>Stadtnotizen B\u00fccher frei Haus: Stadtbibliothek bietet Medien-Lieferservice an Ab sofort bietet die Stadtbibliothek Speyer f\u00fcr Menschen, die im Stadtgebiet Speyer wohnen und aufgrund von Alter, k\u00f6rperlicher Einschr\u00e4nkung oder aus medizinischen Gr\u00fcnden (Unfall, Operation, etc.) nicht <a class=\"mh-excerpt-more\" href=\"https:\/\/speyer24news.com\/?p=46272\" title=\"Stadtnotizen &#038; Verkehrsnotizen aus Speyer\">[&#8230;]<\/a><\/p>\n<\/div>","protected":false},"author":3,"featured_media":23902,"comment_status":"open","ping_status":"open","sticky":false,"template":"","format":"standard","meta":{"_monsterinsights_skip_tracking":false,"_monsterinsights_sitenote_active":false,"_monsterinsights_sitenote_note":"","_monsterinsights_sitenote_category":0,"footnotes":""},"categories":[47],"tags":[14341,14555,13640,14342,14286,12806,12715,14552,7439,8197,14550,14551,8377,14553,6,14545,2674,1434,657,14546,1296,14554,658,1114],"aioseo_notices":[],"amp_enabled":true,"_links":{"self":[{"href":"https:\/\/speyer24news.com\/index.php?rest_route=\/wp\/v2\/posts\/46272"}],"collection":[{"href":"https:\/\/speyer24news.com\/index.php?rest_route=\/wp\/v2\/posts"}],"about":[{"href":"https:\/\/speyer24news.com\/index.php?rest_route=\/wp\/v2\/types\/post"}],"author":[{"embeddable":true,"href":"https:\/\/speyer24news.com\/index.php?rest_route=\/wp\/v2\/users\/3"}],"replies":[{"embeddable":true,"href":"https:\/\/speyer24news.com\/index.php?rest_route=%2Fwp%2Fv2%2Fcomments&post=46272"}],"version-history":[{"count":1,"href":"https:\/\/speyer24news.com\/index.php?rest_route=\/wp\/v2\/posts\/46272\/revisions"}],"predecessor-version":[{"id":46274,"href":"https:\/\/speyer24news.com\/index.php?rest_route=\/wp\/v2\/posts\/46272\/revisions\/46274"}],"wp:featuredmedia":[{"embeddable":true,"href":"https:\/\/speyer24news.com\/index.php?rest_route=\/wp\/v2\/media\/23902"}],"wp:attachment":[{"href":"https:\/\/speyer24news.com\/index.php?rest_route=%2Fwp%2Fv2%2Fmedia&parent=46272"}],"wp:term":[{"taxonomy":"category","embeddable":true,"href":"https:\/\/speyer24news.com\/index.php?rest_route=%2Fwp%2Fv2%2Fcategories&post=46272"},{"taxonomy":"post_tag","embeddable":true,"href":"https:\/\/speyer24news.com\/index.php?rest_route=%2Fwp%2Fv2%2Ftags&post=46272"}],"curies":[{"name":"wp","href":"https:\/\/api.w.org\/{rel}","templated":true}]}}