{"id":46284,"date":"2022-05-22T07:09:30","date_gmt":"2022-05-22T06:09:30","guid":{"rendered":"https:\/\/speyer24news.com\/?p=46284"},"modified":"2022-05-22T07:09:33","modified_gmt":"2022-05-22T06:09:33","slug":"geschwindigkeitskontrollen-blitzer-kw-21-23-05-29-05-22","status":"publish","type":"post","link":"https:\/\/speyer24news.com\/?p=46284","title":{"rendered":"Geschwindigkeitskontrollen \/ Blitzer KW 21 (23.05. \u2013 29.05.22)"},"content":{"rendered":"<style type=\"text\/css\">\r\n\t.ads_top_disp{}\r\n\t.ads_top_corner_disp{ float:left; margin:0px 10px 10px 0px; }\r\n\t.ads_first_p_disp{}\r\n\t.ads_bottom_disp{}\r\n\t<\/style>\n<h2 class=\"wp-block-heading\">Geschwindigkeitskontrollen f\u00fcr die Woche vom 23. bis 27. Mai 2022<\/h2>\n\n\n\n<div class=\"wp-block-image\"><figure class=\"aligncenter\"><img decoding=\"async\" loading=\"lazy\" width=\"640\" height=\"497\" src=\"https:\/\/speyer24news.com\/wp-content\/uploads\/2020\/12\/Blitzer-2.jpg\" alt=\"\" class=\"wp-image-31937\" srcset=\"https:\/\/speyer24news.com\/wp-content\/uploads\/2020\/12\/Blitzer-2.jpg 640w, https:\/\/speyer24news.com\/wp-content\/uploads\/2020\/12\/Blitzer-2-300x233.jpg 300w\" sizes=\"(max-width: 640px) 100vw, 640px\" \/><\/figure><\/div>\n\n\n\n<p><strong>(Mannheim) \u2013<\/strong>\u00a0Die Stadt Mannheim f\u00fchrt vom 23. bis 27. Mai in folgenden Stra\u00dfen mobile Geschwindigkeitskontrollen durch:<\/p>\n\n\n\n<ul><li><strong>Alphornstra\u00dfe (Neckarschule)<\/strong><\/li><li><strong>Belfortstra\u00dfe (Wilhelm-Wundt-Schule)<\/strong><\/li><li><strong>Dammstra\u00dfe<\/strong><\/li><li><strong>Ernst-Barlach-Allee (Johann-Peter-Hebel-Schule)<\/strong><\/li><li><strong>Feldbergstra\u00dfe<\/strong><\/li><li><strong>Gartenfeldstra\u00dfe (Humboldt Schule)<\/strong><\/li><li><strong>Gl\u00fccksteinallee<\/strong><\/li><li><strong>Hans-Thoma-Stra\u00dfe<\/strong><\/li><li><strong>Kleestra\u00dfe<\/strong><\/li><li><strong>Langstra\u00dfe<\/strong><\/li><li><strong>Luisenstra\u00dfe (Schiller Schule)<\/strong><\/li><li><strong>Lutherstra\u00dfe (verkehrsberuhigter Bereich)<\/strong><\/li><li><strong>Mallaustra\u00dfe<\/strong><\/li><li><strong>Rheingoldstra\u00dfe<\/strong><\/li><li><strong>R\u00fcdesheimer Stra\u00dfe<\/strong><\/li><li><strong>Sophienstra\u00dfe<\/strong><\/li><\/ul>\n\n\n\n<p>Kurzfristige \u00c4nderungen oder zus\u00e4tzliche Messstellen sind aus aktuellem Anlass m\u00f6glich.<\/p>\n\n\n\n<p><em>Stadt Mannheim<br>19.05.2022<\/em><\/p>\n\n\n\n<h2 class=\"wp-block-heading\">Radarkontrollen f\u00fcr die Woche vom vom 23. Mai bis 29. Mai 2022<\/h2>\n\n\n\n<div class=\"wp-block-image\"><figure class=\"aligncenter\"><img decoding=\"async\" loading=\"lazy\" width=\"800\" height=\"600\" src=\"https:\/\/speyer24news.com\/wp-content\/uploads\/2020\/03\/Blitzer-1.jpg\" alt=\"\" class=\"wp-image-25724\" srcset=\"https:\/\/speyer24news.com\/wp-content\/uploads\/2020\/03\/Blitzer-1.jpg 800w, https:\/\/speyer24news.com\/wp-content\/uploads\/2020\/03\/Blitzer-1-300x225.jpg 300w, https:\/\/speyer24news.com\/wp-content\/uploads\/2020\/03\/Blitzer-1-768x576.jpg 768w, https:\/\/speyer24news.com\/wp-content\/uploads\/2020\/03\/Blitzer-1-678x509.jpg 678w, https:\/\/speyer24news.com\/wp-content\/uploads\/2020\/03\/Blitzer-1-326x245.jpg 326w, https:\/\/speyer24news.com\/wp-content\/uploads\/2020\/03\/Blitzer-1-80x60.jpg 80w\" sizes=\"(max-width: 800px) 100vw, 800px\" \/><\/figure><\/div>\n\n\n\n<p><strong>(Ludwigshafen) \u2013<\/strong>\u00a0Die Stadt Ludwigshafen nimmt in folgenden Stadtteilen Radarkontrollen vor.<\/p>\n\n\n\n<p>Montag, 23. Mai: Pfingsweide, Oppau und Oggersheim<br>Dienstag, 24. Mai: Rheing\u00f6nheim, Ruchheim und S\u00fcd<br>Mittwoch, 25. Mai: Mundenheim, Mitte und Nord<br>Donnerstag, 26. Mai: Feiertag<br>Freitag, 27. Mai: Friesenheim, Gartenstadt und Maudach<br>Samstag, 28. Mai: Oggersheim, Edigheim und Oppau<\/p>\n\n\n\n<p>Kurzfristige \u00c4nderungen beh\u00e4lt sich der Bereich Stra\u00dfenverkehr vor. Kontrollen k\u00f6nnen auch kurzfristig an anderen Stellen stattfinden.<\/p>\n\n\n\n<p><em>Stadt Ludwigshafen<br>19.05.2022<\/em><\/p>\n\n\n\n<h2 class=\"wp-block-heading\">(Pr\u00e4sidialbereich Rheinpfalz) \u2013 Geschwindigkeitskontrollen des Polizeipr\u00e4sidiums Rheinpfalz im Mai 2022<\/h2>\n\n\n\n<div class=\"wp-block-image\"><figure class=\"aligncenter\"><img decoding=\"async\" loading=\"lazy\" width=\"800\" height=\"450\" src=\"https:\/\/speyer24news.com\/wp-content\/uploads\/2020\/12\/Blitzer-Logo.jpg\" alt=\"\" class=\"wp-image-31938\" srcset=\"https:\/\/speyer24news.com\/wp-content\/uploads\/2020\/12\/Blitzer-Logo.jpg 800w, https:\/\/speyer24news.com\/wp-content\/uploads\/2020\/12\/Blitzer-Logo-300x169.jpg 300w, https:\/\/speyer24news.com\/wp-content\/uploads\/2020\/12\/Blitzer-Logo-768x432.jpg 768w, https:\/\/speyer24news.com\/wp-content\/uploads\/2020\/12\/Blitzer-Logo-678x381.jpg 678w\" sizes=\"(max-width: 800px) 100vw, 800px\" \/><\/figure><\/div>\n\n\n\n<h4 class=\"wp-block-heading\">Im Bereich der<strong>&nbsp;Polizeidirektion Ludwigshafen&nbsp;<\/strong>finden wie folgt Kontrollen statt:<\/h4>\n\n\n\n<ul><li><strong>Dienstag, den 24.05.2022, im Bereich Lambsheim<\/strong><\/li><\/ul>\n\n\n\n<h4 class=\"wp-block-heading\">Im Bereich der<strong>&nbsp;Polizeidirektion Landau<\/strong>&nbsp;finden wie folgt Kontrollen statt:<\/h4>\n\n\n\n<ul><li><strong>Freitag, den 27.05.2022, im Bereich Bad Bergzabern<\/strong><\/li><\/ul>\n\n\n\n<h4 class=\"wp-block-heading\">Im Bereich der&nbsp;<strong>Polizeidirektion Neustadt<\/strong>&nbsp;finden wie folgt Kontrollen statt:<\/h4>\n\n\n\n<ul><li><strong>Dienstag, den 24.05.2022, im Bereich Weisenheim am Berg<\/strong><\/li><\/ul>\n\n\n\n<p>Die Polizei weist ausdr\u00fccklich darauf hin, dass Geschwindigkeitskontrollen auch au\u00dferhalb der genannten Zeiten und \u00d6rtlichkeiten stattfinden.<\/p>\n\n\n\n<p><em>Polizeipr\u00e4sidium Rheinpfalz<br>27.04.2022<\/em><\/p>\n","protected":false},"excerpt":{"rendered":"<div class=\"mh-excerpt\"><p>Geschwindigkeitskontrollen f\u00fcr die Woche vom 23. bis 27. Mai 2022 (Mannheim) \u2013\u00a0Die Stadt Mannheim f\u00fchrt vom 23. bis 27. Mai in folgenden Stra\u00dfen mobile Geschwindigkeitskontrollen durch: Alphornstra\u00dfe (Neckarschule) Belfortstra\u00dfe (Wilhelm-Wundt-Schule) Dammstra\u00dfe Ernst-Barlach-Allee (Johann-Peter-Hebel-Schule) Feldbergstra\u00dfe Gartenfeldstra\u00dfe <a class=\"mh-excerpt-more\" href=\"https:\/\/speyer24news.com\/?p=46284\" title=\"Geschwindigkeitskontrollen \/ Blitzer KW 21 (23.05. \u2013 29.05.22)\">[&#8230;]<\/a><\/p>\n<\/div>","protected":false},"author":3,"featured_media":33649,"comment_status":"open","ping_status":"open","sticky":false,"template":"","format":"standard","meta":{"_monsterinsights_skip_tracking":false,"_monsterinsights_sitenote_active":false,"_monsterinsights_sitenote_note":"","_monsterinsights_sitenote_category":0,"footnotes":""},"categories":[64],"tags":[18,8940,8905,7702,4819,4814,7703,5987,19,8920,5148,4822,4817,5149,6285,4228,947,8924,5146,4820,4815,5147,5984,28,779,5152,4821,4816,5153,5985,227,17,7699,7068,7004,7700,7701,949,8928,5150,4818,4813,5151,5986,1310,948,8932,10894,10893],"aioseo_notices":[],"amp_enabled":true,"_links":{"self":[{"href":"https:\/\/speyer24news.com\/index.php?rest_route=\/wp\/v2\/posts\/46284"}],"collection":[{"href":"https:\/\/speyer24news.com\/index.php?rest_route=\/wp\/v2\/posts"}],"about":[{"href":"https:\/\/speyer24news.com\/index.php?rest_route=\/wp\/v2\/types\/post"}],"author":[{"embeddable":true,"href":"https:\/\/speyer24news.com\/index.php?rest_route=\/wp\/v2\/users\/3"}],"replies":[{"embeddable":true,"href":"https:\/\/speyer24news.com\/index.php?rest_route=%2Fwp%2Fv2%2Fcomments&post=46284"}],"version-history":[{"count":1,"href":"https:\/\/speyer24news.com\/index.php?rest_route=\/wp\/v2\/posts\/46284\/revisions"}],"predecessor-version":[{"id":46285,"href":"https:\/\/speyer24news.com\/index.php?rest_route=\/wp\/v2\/posts\/46284\/revisions\/46285"}],"wp:featuredmedia":[{"embeddable":true,"href":"https:\/\/speyer24news.com\/index.php?rest_route=\/wp\/v2\/media\/33649"}],"wp:attachment":[{"href":"https:\/\/speyer24news.com\/index.php?rest_route=%2Fwp%2Fv2%2Fmedia&parent=46284"}],"wp:term":[{"taxonomy":"category","embeddable":true,"href":"https:\/\/speyer24news.com\/index.php?rest_route=%2Fwp%2Fv2%2Fcategories&post=46284"},{"taxonomy":"post_tag","embeddable":true,"href":"https:\/\/speyer24news.com\/index.php?rest_route=%2Fwp%2Fv2%2Ftags&post=46284"}],"curies":[{"name":"wp","href":"https:\/\/api.w.org\/{rel}","templated":true}]}}