{"id":46352,"date":"2022-05-23T07:19:04","date_gmt":"2022-05-23T06:19:04","guid":{"rendered":"https:\/\/speyer24news.com\/?p=46352"},"modified":"2022-05-23T07:19:06","modified_gmt":"2022-05-23T06:19:06","slug":"boehl-iggelheim-8","status":"publish","type":"post","link":"https:\/\/speyer24news.com\/?p=46352","title":{"rendered":"B\u00f6hl-Iggelheim"},"content":{"rendered":"<style type=\"text\/css\">\r\n\t.ads_top_disp{}\r\n\t.ads_top_corner_disp{ float:left; margin:0px 10px 10px 0px; }\r\n\t.ads_first_p_disp{}\r\n\t.ads_bottom_disp{}\r\n\t<\/style>\n<h2 class=\"wp-block-heading\">Vernissage im Rathaus der Gemeinde B\u00f6hl-Iggelheim<\/h2>\n\n\n\n<div class=\"wp-block-image\"><figure class=\"aligncenter size-full\"><img decoding=\"async\" loading=\"lazy\" width=\"800\" height=\"573\" src=\"https:\/\/speyer24news.com\/wp-content\/uploads\/2021\/06\/Pixel-Projekt-Vorder.png\" alt=\"\" class=\"wp-image-37663\" srcset=\"https:\/\/speyer24news.com\/wp-content\/uploads\/2021\/06\/Pixel-Projekt-Vorder.png 800w, https:\/\/speyer24news.com\/wp-content\/uploads\/2021\/06\/Pixel-Projekt-Vorder-300x215.png 300w, https:\/\/speyer24news.com\/wp-content\/uploads\/2021\/06\/Pixel-Projekt-Vorder-768x550.png 768w\" sizes=\"(max-width: 800px) 100vw, 800px\" \/><\/figure><\/div>\n\n\n\n<p>Von 1. Juni bis 13. August 2021 konnten sowohl Profis als auch Amateure am Fotowettbewerb \u201ePixelprojekt_B\u00f6hl-iggelheim\u201c teilnehmen und ihre kreativen Schnappsch\u00fcsse von Motiven aus B\u00f6hl-Iggelheim bei der Gemeindeverwaltung einreichen.<\/p>\n\n\n\n<p>Insgesamt 25 Teilnehmer hatten am Wettbewerb teilgenommen. Aus dreizehn der von einer Jury ausgew\u00e4hlten Fotos, wurde ein Wandkalender f\u00fcr das Jahr 2022 erstellt und einige wurden sogar in der neuen B\u00fcrger-Informationsbrosch\u00fcre abgedruckt.<\/p>\n\n\n\n<p>Den runden Abschluss des Pixelprojektes, soll nun eine dauerhafte Fotoausstellung im Rathaus bilden. Die Werke der Fotografen k\u00f6nnen dann dauerhaft, zu den \u00d6ffnungszeiten des B\u00fcrgerb\u00fcros, besichtigt werden.<\/p>\n\n\n\n<p>Zur Vernissage am Dienstag, den 24. Mai 2022 um 16.30 Uhr im Rathaus, Am Schwarzweiher 7, 67459 B\u00f6hl-Iggelheim l\u00e4dt die Gemeindeverwaltung sowohl die Fotografen mit ihren Familien und Freunden, als auch die B\u00fcrgerinnen und B\u00fcrger herzlich ein.<\/p>\n\n\n\n<p>\u201eEs wurden tolle Ergebnisse eingereicht, die wir nun t\u00e4glich in den R\u00e4umlichkeiten unseres Rathauses bewundern d\u00fcrfen.\u201c so B\u00fcrgermeister Peter Christ.<\/p>\n\n\n\n<p>Die Er\u00f6ffnungsbesichtigung wird musikalisch begleitet von der Musikschule Leicht. B\u00fcrgermeister Christ freut sich auf einen entspannten Austausch bei einem Gl\u00e4schen Sekt.<\/p>\n\n\n\n<p><em>Gemeindeverwaltung B\u00f6hl-Iggelheim<br>20.05.2022<\/em><\/p>\n","protected":false},"excerpt":{"rendered":"<div class=\"mh-excerpt\"><p>Vernissage im Rathaus der Gemeinde B\u00f6hl-Iggelheim Von 1. Juni bis 13. August 2021 konnten sowohl Profis als auch Amateure am Fotowettbewerb \u201ePixelprojekt_B\u00f6hl-iggelheim\u201c teilnehmen und ihre kreativen Schnappsch\u00fcsse von Motiven aus B\u00f6hl-Iggelheim bei der Gemeindeverwaltung einreichen. <a class=\"mh-excerpt-more\" href=\"https:\/\/speyer24news.com\/?p=46352\" title=\"B\u00f6hl-Iggelheim\">[&#8230;]<\/a><\/p>\n<\/div>","protected":false},"author":3,"featured_media":25640,"comment_status":"open","ping_status":"open","sticky":false,"template":"","format":"standard","meta":{"_monsterinsights_skip_tracking":false,"_monsterinsights_sitenote_active":false,"_monsterinsights_sitenote_note":"","_monsterinsights_sitenote_category":0,"footnotes":""},"categories":[10],"tags":[6330,220,6331,12066,12065,14610],"aioseo_notices":[],"amp_enabled":true,"_links":{"self":[{"href":"https:\/\/speyer24news.com\/index.php?rest_route=\/wp\/v2\/posts\/46352"}],"collection":[{"href":"https:\/\/speyer24news.com\/index.php?rest_route=\/wp\/v2\/posts"}],"about":[{"href":"https:\/\/speyer24news.com\/index.php?rest_route=\/wp\/v2\/types\/post"}],"author":[{"embeddable":true,"href":"https:\/\/speyer24news.com\/index.php?rest_route=\/wp\/v2\/users\/3"}],"replies":[{"embeddable":true,"href":"https:\/\/speyer24news.com\/index.php?rest_route=%2Fwp%2Fv2%2Fcomments&post=46352"}],"version-history":[{"count":1,"href":"https:\/\/speyer24news.com\/index.php?rest_route=\/wp\/v2\/posts\/46352\/revisions"}],"predecessor-version":[{"id":46353,"href":"https:\/\/speyer24news.com\/index.php?rest_route=\/wp\/v2\/posts\/46352\/revisions\/46353"}],"wp:featuredmedia":[{"embeddable":true,"href":"https:\/\/speyer24news.com\/index.php?rest_route=\/wp\/v2\/media\/25640"}],"wp:attachment":[{"href":"https:\/\/speyer24news.com\/index.php?rest_route=%2Fwp%2Fv2%2Fmedia&parent=46352"}],"wp:term":[{"taxonomy":"category","embeddable":true,"href":"https:\/\/speyer24news.com\/index.php?rest_route=%2Fwp%2Fv2%2Fcategories&post=46352"},{"taxonomy":"post_tag","embeddable":true,"href":"https:\/\/speyer24news.com\/index.php?rest_route=%2Fwp%2Fv2%2Ftags&post=46352"}],"curies":[{"name":"wp","href":"https:\/\/api.w.org\/{rel}","templated":true}]}}