{"id":46356,"date":"2022-05-23T08:08:24","date_gmt":"2022-05-23T07:08:24","guid":{"rendered":"https:\/\/speyer24news.com\/?p=46356"},"modified":"2022-05-23T08:08:25","modified_gmt":"2022-05-23T07:08:25","slug":"stadt-germersheim-und-landkreis-ger-3","status":"publish","type":"post","link":"https:\/\/speyer24news.com\/?p=46356","title":{"rendered":"Stadt Germersheim und Landkreis GER"},"content":{"rendered":"<style type=\"text\/css\">\r\n\t.ads_top_disp{}\r\n\t.ads_top_corner_disp{ float:left; margin:0px 10px 10px 0px; }\r\n\t.ads_first_p_disp{}\r\n\t.ads_bottom_disp{}\r\n\t<\/style>\n<h2 class=\"wp-block-heading\">Gro\u00dfes Interesse an Netzwerktagung Integration<\/h2>\n\n\n\n<div class=\"wp-block-image\"><figure class=\"aligncenter size-full\"><img decoding=\"async\" loading=\"lazy\" width=\"800\" height=\"535\" src=\"https:\/\/speyer24news.com\/wp-content\/uploads\/2022\/05\/220511_Netzwerktagung_Integration_Foto_mda_043.jpg\" alt=\"\" class=\"wp-image-46369\" srcset=\"https:\/\/speyer24news.com\/wp-content\/uploads\/2022\/05\/220511_Netzwerktagung_Integration_Foto_mda_043.jpg 800w, https:\/\/speyer24news.com\/wp-content\/uploads\/2022\/05\/220511_Netzwerktagung_Integration_Foto_mda_043-300x201.jpg 300w, https:\/\/speyer24news.com\/wp-content\/uploads\/2022\/05\/220511_Netzwerktagung_Integration_Foto_mda_043-768x514.jpg 768w\" sizes=\"(max-width: 800px) 100vw, 800px\" \/><\/figure><\/div>\n\n\n\n<p>84 Interessierte folgten am Donnerstag, 05.05.2022 der Einladung des B\u00fcros f\u00fcr Migration und Integration der Kreisverwaltung Germersheim zur Netzwerktagung Integration in die Bienwaldhalle Kandel.<\/p>\n\n\n\n<p>\u201eDas Interesse war gro\u00df und nach der langen Zeit der rein virtuellen Veranstaltungen nutzten viele ehrenamtliche und hauptamtliche G\u00e4ste die Gelegenheit, sich einen Tag lang auszutauschen, neue Projekte kennenzulernen und unterschiedlichen Vortr\u00e4gen zu lauschen\u201c, so der Erste Kreisbeigeordnete und zust\u00e4ndige Dezernent Christoph Buttweiler.<\/p>\n\n\n\n<p>Das Programm der Netzwerktagung war \u00fcberaus vielf\u00e4ltig und gespickt mit vielen interessanten und informativen Vortr\u00e4gen und Pr\u00e4sentationen. Vorgestellt wurde u.a. die Integreat-App, der aktuelle Stand der Fortschreibung des Integrationskonzeptes, das Dolmetscher Projekt DOOR, die Arbeit der Interkulturellen Assistenzen und die Schnittstellen zu den Familienb\u00fcros, die Arbeit des Vereins Interkultur, das Angebot interkultureller Pflege, Sprachkursangebote und vieles mehr.<\/p>\n\n\n\n<p>Neben der vielf\u00e4ltigen Informationen war ein wichtiger Veranstaltungsaspekt die M\u00f6glichkeit zum Austausch und Kennenlernen, besonders auch der neuen Akteure und deren Angebote. Dazu hatten die Teilnehmenden reichlich Gelegenheit, nicht zuletzt auch w\u00e4hrend der Mittagspause in ungezwungener Atmosph\u00e4re bei Fingerfood aus Pakistan und bereichert durch musikalische Kl\u00e4nge zwischen Orient und Okzident, dargeboten von Sami Alhalabi und Begleitung.<\/p>\n\n\n\n<p>\u201eHerzlichen Dank an alle Teilnehmenden, Ehrenamtliche und Fachkr\u00e4fte, sowohl Vortagende als auch G\u00e4ste, f\u00fcr den \u00fcberaus konstruktiven Austausch. Ein gro\u00dfes Dankesch\u00f6n au\u00dferdem an die zahlreichen Helferinnen und Helfer, die rund um die Veranstaltung aktiv waren und zu deren Gelingen beigetragen haben, sowie an die Stadt Kandel f\u00fcr die freundliche Bereitstellung der Bienwaldhalle und der Unterst\u00fctzung durch die Techniker vor Ort\u201c, so Christoph Buttweiler und die Mitarbeitenden des B\u00fcros f\u00fcr Migration und Integration.<\/p>\n\n\n\n<figure class=\"wp-block-gallery columns-2 is-cropped wp-block-gallery-1 is-layout-flex wp-block-gallery-is-layout-flex\"><ul class=\"blocks-gallery-grid\"><li class=\"blocks-gallery-item\"><figure><img decoding=\"async\" loading=\"lazy\" width=\"800\" height=\"597\" src=\"https:\/\/speyer24news.com\/wp-content\/uploads\/2022\/05\/220511_Netzwerktagung_Integration_Foto_mda_001_bea.jpg\" alt=\"\" data-id=\"46362\" data-full-url=\"https:\/\/speyer24news.com\/wp-content\/uploads\/2022\/05\/220511_Netzwerktagung_Integration_Foto_mda_001_bea.jpg\" data-link=\"https:\/\/speyer24news.com\/?attachment_id=46362\" class=\"wp-image-46362\" srcset=\"https:\/\/speyer24news.com\/wp-content\/uploads\/2022\/05\/220511_Netzwerktagung_Integration_Foto_mda_001_bea.jpg 800w, https:\/\/speyer24news.com\/wp-content\/uploads\/2022\/05\/220511_Netzwerktagung_Integration_Foto_mda_001_bea-300x224.jpg 300w, https:\/\/speyer24news.com\/wp-content\/uploads\/2022\/05\/220511_Netzwerktagung_Integration_Foto_mda_001_bea-768x573.jpg 768w, https:\/\/speyer24news.com\/wp-content\/uploads\/2022\/05\/220511_Netzwerktagung_Integration_Foto_mda_001_bea-80x60.jpg 80w\" sizes=\"(max-width: 800px) 100vw, 800px\" \/><\/figure><\/li><li class=\"blocks-gallery-item\"><figure><img decoding=\"async\" loading=\"lazy\" width=\"800\" height=\"535\" src=\"https:\/\/speyer24news.com\/wp-content\/uploads\/2022\/05\/220511_Netzwerktagung_Integration_Foto_mda_019.jpg\" alt=\"\" data-id=\"46363\" data-full-url=\"https:\/\/speyer24news.com\/wp-content\/uploads\/2022\/05\/220511_Netzwerktagung_Integration_Foto_mda_019.jpg\" data-link=\"https:\/\/speyer24news.com\/?attachment_id=46363\" class=\"wp-image-46363\" srcset=\"https:\/\/speyer24news.com\/wp-content\/uploads\/2022\/05\/220511_Netzwerktagung_Integration_Foto_mda_019.jpg 800w, https:\/\/speyer24news.com\/wp-content\/uploads\/2022\/05\/220511_Netzwerktagung_Integration_Foto_mda_019-300x201.jpg 300w, https:\/\/speyer24news.com\/wp-content\/uploads\/2022\/05\/220511_Netzwerktagung_Integration_Foto_mda_019-768x514.jpg 768w\" sizes=\"(max-width: 800px) 100vw, 800px\" \/><\/figure><\/li><li class=\"blocks-gallery-item\"><figure><img decoding=\"async\" loading=\"lazy\" width=\"800\" height=\"535\" src=\"https:\/\/speyer24news.com\/wp-content\/uploads\/2022\/05\/220511_Netzwerktagung_Integration_Foto_mda_022.jpg\" alt=\"\" data-id=\"46364\" data-full-url=\"https:\/\/speyer24news.com\/wp-content\/uploads\/2022\/05\/220511_Netzwerktagung_Integration_Foto_mda_022.jpg\" data-link=\"https:\/\/speyer24news.com\/?attachment_id=46364\" class=\"wp-image-46364\" srcset=\"https:\/\/speyer24news.com\/wp-content\/uploads\/2022\/05\/220511_Netzwerktagung_Integration_Foto_mda_022.jpg 800w, https:\/\/speyer24news.com\/wp-content\/uploads\/2022\/05\/220511_Netzwerktagung_Integration_Foto_mda_022-300x201.jpg 300w, https:\/\/speyer24news.com\/wp-content\/uploads\/2022\/05\/220511_Netzwerktagung_Integration_Foto_mda_022-768x514.jpg 768w\" sizes=\"(max-width: 800px) 100vw, 800px\" \/><\/figure><\/li><li class=\"blocks-gallery-item\"><figure><img decoding=\"async\" loading=\"lazy\" width=\"800\" height=\"535\" src=\"https:\/\/speyer24news.com\/wp-content\/uploads\/2022\/05\/220511_Netzwerktagung_Integration_Foto_mda_025.jpg\" alt=\"\" data-id=\"46365\" data-full-url=\"https:\/\/speyer24news.com\/wp-content\/uploads\/2022\/05\/220511_Netzwerktagung_Integration_Foto_mda_025.jpg\" data-link=\"https:\/\/speyer24news.com\/?attachment_id=46365\" class=\"wp-image-46365\" srcset=\"https:\/\/speyer24news.com\/wp-content\/uploads\/2022\/05\/220511_Netzwerktagung_Integration_Foto_mda_025.jpg 800w, https:\/\/speyer24news.com\/wp-content\/uploads\/2022\/05\/220511_Netzwerktagung_Integration_Foto_mda_025-300x201.jpg 300w, https:\/\/speyer24news.com\/wp-content\/uploads\/2022\/05\/220511_Netzwerktagung_Integration_Foto_mda_025-768x514.jpg 768w\" sizes=\"(max-width: 800px) 100vw, 800px\" \/><\/figure><\/li><li class=\"blocks-gallery-item\"><figure><img decoding=\"async\" loading=\"lazy\" width=\"800\" height=\"535\" src=\"https:\/\/speyer24news.com\/wp-content\/uploads\/2022\/05\/220511_Netzwerktagung_Integration_Foto_mda_028.jpg\" alt=\"\" data-id=\"46366\" data-full-url=\"https:\/\/speyer24news.com\/wp-content\/uploads\/2022\/05\/220511_Netzwerktagung_Integration_Foto_mda_028.jpg\" data-link=\"https:\/\/speyer24news.com\/?attachment_id=46366\" class=\"wp-image-46366\" srcset=\"https:\/\/speyer24news.com\/wp-content\/uploads\/2022\/05\/220511_Netzwerktagung_Integration_Foto_mda_028.jpg 800w, https:\/\/speyer24news.com\/wp-content\/uploads\/2022\/05\/220511_Netzwerktagung_Integration_Foto_mda_028-300x201.jpg 300w, https:\/\/speyer24news.com\/wp-content\/uploads\/2022\/05\/220511_Netzwerktagung_Integration_Foto_mda_028-768x514.jpg 768w\" sizes=\"(max-width: 800px) 100vw, 800px\" \/><\/figure><\/li><li class=\"blocks-gallery-item\"><figure><img decoding=\"async\" loading=\"lazy\" width=\"800\" height=\"535\" src=\"https:\/\/speyer24news.com\/wp-content\/uploads\/2022\/05\/220511_Netzwerktagung_Integration_Foto_mda_034.jpg\" alt=\"\" data-id=\"46367\" data-full-url=\"https:\/\/speyer24news.com\/wp-content\/uploads\/2022\/05\/220511_Netzwerktagung_Integration_Foto_mda_034.jpg\" data-link=\"https:\/\/speyer24news.com\/?attachment_id=46367\" class=\"wp-image-46367\" srcset=\"https:\/\/speyer24news.com\/wp-content\/uploads\/2022\/05\/220511_Netzwerktagung_Integration_Foto_mda_034.jpg 800w, https:\/\/speyer24news.com\/wp-content\/uploads\/2022\/05\/220511_Netzwerktagung_Integration_Foto_mda_034-300x201.jpg 300w, https:\/\/speyer24news.com\/wp-content\/uploads\/2022\/05\/220511_Netzwerktagung_Integration_Foto_mda_034-768x514.jpg 768w\" sizes=\"(max-width: 800px) 100vw, 800px\" \/><\/figure><\/li><li class=\"blocks-gallery-item\"><figure><img decoding=\"async\" loading=\"lazy\" width=\"800\" height=\"535\" src=\"https:\/\/speyer24news.com\/wp-content\/uploads\/2022\/05\/220511_Netzwerktagung_Integration_Foto_mda_040.jpg\" alt=\"\" data-id=\"46368\" data-full-url=\"https:\/\/speyer24news.com\/wp-content\/uploads\/2022\/05\/220511_Netzwerktagung_Integration_Foto_mda_040.jpg\" data-link=\"https:\/\/speyer24news.com\/?attachment_id=46368\" class=\"wp-image-46368\" srcset=\"https:\/\/speyer24news.com\/wp-content\/uploads\/2022\/05\/220511_Netzwerktagung_Integration_Foto_mda_040.jpg 800w, https:\/\/speyer24news.com\/wp-content\/uploads\/2022\/05\/220511_Netzwerktagung_Integration_Foto_mda_040-300x201.jpg 300w, https:\/\/speyer24news.com\/wp-content\/uploads\/2022\/05\/220511_Netzwerktagung_Integration_Foto_mda_040-768x514.jpg 768w\" sizes=\"(max-width: 800px) 100vw, 800px\" \/><\/figure><\/li><li class=\"blocks-gallery-item\"><figure><img decoding=\"async\" loading=\"lazy\" width=\"800\" height=\"535\" src=\"https:\/\/speyer24news.com\/wp-content\/uploads\/2022\/05\/220511_Netzwerktagung_Integration_Foto_mda_043.jpg\" alt=\"\" data-id=\"46369\" data-full-url=\"https:\/\/speyer24news.com\/wp-content\/uploads\/2022\/05\/220511_Netzwerktagung_Integration_Foto_mda_043.jpg\" data-link=\"https:\/\/speyer24news.com\/?attachment_id=46369\" class=\"wp-image-46369\" srcset=\"https:\/\/speyer24news.com\/wp-content\/uploads\/2022\/05\/220511_Netzwerktagung_Integration_Foto_mda_043.jpg 800w, https:\/\/speyer24news.com\/wp-content\/uploads\/2022\/05\/220511_Netzwerktagung_Integration_Foto_mda_043-300x201.jpg 300w, https:\/\/speyer24news.com\/wp-content\/uploads\/2022\/05\/220511_Netzwerktagung_Integration_Foto_mda_043-768x514.jpg 768w\" sizes=\"(max-width: 800px) 100vw, 800px\" \/><\/figure><\/li><\/ul><\/figure>\n\n\n\n<p><em>Text: Kreisverwaltung Germersheim Foto: Kreisverwaltung Germersheim \/ Michael d\u2019Aguiar<br>20.05.2022<\/em><\/p>\n\n\n\n<h2 class=\"wp-block-heading\">Weitere Interviewer f\u00fcr den Zensus 2022 gesucht<\/h2>\n\n\n\n<p>Die Kreisverwaltung Germersheim sucht aktuell noch weitere Interviewerinnen und Interviewer, die Daten f\u00fcr den Zensus 2022 erheben und zuf\u00e4llig ausgew\u00e4hlten Haushalte befragen. Der Erhebungszeitraum erstreckt sich ab jetzt bis August. Die Befragung besteht zum einen aus einem kurzen pers\u00f6nlichen Interview und zum anderen aus einem Online-Fragebogen, den die Befragten selbst online ausf\u00fcllen. Wer sich f\u00fcr diese Aufgabe interessiert, muss u.a. vollj\u00e4hrig, zuverl\u00e4ssig und verantwortungsbewusst, kontaktfreudig und redegewandt sein. Da es bei den Befragungen um vertrauliche Inforationen geht, ist Verschwiegenheit eine Grundvoraussetzung. Die Arbeitszeiten k\u00f6nnen sich die Erhebungsbeauftragten flexibel einteilen. F\u00fcr die ehrenamtliche T\u00e4tigkeit wird eine steuerfreie Aufwandsentsch\u00e4digung in H\u00f6he von 600 bis 800 Euro (nach Anzahl der Befragungen) gew\u00e4hrt.<\/p>\n\n\n\n<p>Bevor die Erhebungsbeauftragten loslegen k\u00f6nnen, werden sie geschult. Dabei werden sie bestens auf die Befragungen vorbereitet und lernen die Abl\u00e4ufe und T\u00e4tigkeiten besser kennen.<\/p>\n\n\n\n<p>Alle zehn Jahre wird in Deutschland der Zensus durchgef\u00fchrt. Dabei wird erfasst, wie Menschen wohnen, leben und arbeiten. Daf\u00fcr werden vorhandene Daten aus verschiedensten Verwaltungsregistern genutzt. Erg\u00e4nzt werden m\u00fcssen diese jedoch durch eine individuelle Befragung auf Stichprobenbasis.&nbsp;<\/p>\n\n\n\n<p>Interessierte melden sich bitte bei den Mitarbeitenden der Zensusstelle in Germersheim unter Tel. 07274\/53-4649 oder per E-Mail: <a href=\"mailto:zensus.info@kreis-germersheim.de\">zensus.info@kreis-germersheim.de<\/a>.<\/p>\n\n\n\n<p><em>Kreisverwaltung Germersheim<br>19.05.2022<\/em><\/p>\n\n\n\n<h2 class=\"wp-block-heading\">Fr\u00fche Hilfen &#8211; Aufholen nach Corona<\/h2>\n\n\n\n<h3 class=\"wp-block-heading\">Niederschwellig unterst\u00fctzen mit Hilfe von Gutscheinen, Babybewegungsanh\u00e4nger und bew\u00e4hrten Angeboten<\/h3>\n\n\n\n<p>Um die negativen Auswirkungen der Coronapandemie insbesondere f\u00fcr Familien, die sich bereits vor der Pandemie in belasteten Lebenssituationen befunden haben, zeitnah gezielte abzumildern, stehen dem Landkreis Germersheim f\u00fcr den Bereich `Fr\u00fche Hilfen\u00b4 &nbsp;f\u00fcr die Jahre 2021 und 2022 rund 61.000 Euro aus dem Bundesprogramm `Aufholen nach Corona\u00b4 im Rahmen der Bundesstiftung Fr\u00fche Hilfen zur Verf\u00fcgung. \u201eDie Kreisverwaltung hat sich entschieden, u.a. auf bestehende Hilfestrukturen zur\u00fcckzugreifen und diese auszubauen. Dazu geh\u00f6ren der Einsatz von Familien-, Gesundheits- und Kinderkrankenpflegern und -pflegerinnen sowie Familienhebammen&#8220;, so der Kinder- und Jugenddezernent Christoph Buttweiler. Durch diese Vorgehensweise konnte unmittelbar im Jahr 2021 mit der Umsetzung der Ma\u00dfnahme begonnen und die zur Verf\u00fcgung stehenden Gelder vollst\u00e4ndig abgerufen werden.<\/p>\n\n\n\n<p>Dar\u00fcber hinaus wurde von den Mitarbeitenden im Kreisjugendamt ein besonderes Augenmerk auf die niederschwellige Erreichbarkeit von Familien gelegt. Dazu die Jugendamtsleiterin Denise Hartmann-Mohr: \u201eWir f\u00f6rdern die soziale Teilhabe dieser Familien, indem sie Gutscheinen beispielsweise f\u00fcr Zoos, Erlebnisparks und Schwimmb\u00e4der in der n\u00e4heren Umgebung erhalten. Kinder und ihre Eltern sollen rauskommen, etwas erleben und damit motiviert werden, die Perspektive zu ver\u00e4ndern und Schwierigkeiten wenigsten zeitweise zu vergessen.\u201c Hartmann-Mohr und Buttweiler wiesen nicht ohne Stolz in der Sitzung des Jugendhilfeausschusses im Mai auf ein weiteres Projekt hin, das mit diesen Geldern realisiert werden konnte: \u201eWir beschaffen aktuell einen Baby-Bewegungsanh\u00e4nger. F\u00fcr dieses innovative Konzept haben wir als einziger Landkreis in Rheinland-Pfalz von der Bundesstiftung Fr\u00fche Hilfen den Zuschlag erhalten. Der Anh\u00e4nger soll k\u00fcnftig an verschiedenen Orten und vor allem zusammen mit verschiedenen Kooperationspartnern im Landkreis zum Einsatz kommen und gezielt Familien mit S\u00e4uglingen und Kleinkinder ansprechen, z. B. \u00fcber ein Angebot passender Besch\u00e4ftigungs- und Spielm\u00f6glichkeiten und Anleitungen.\u201c Sobald die Idee realisiert ist, wird der Anh\u00e4nger in Detail vorgestellt.<\/p>\n\n\n\n<p><em>Kreisverwaltung Germersheim<br>18.05.2022<\/em><\/p>\n\n\n\n<h2 class=\"wp-block-heading\">Jugendhilfe \u2013 Aufholen nach Corona<\/h2>\n\n\n\n<h3 class=\"wp-block-heading\">Negative Folgen der Pandemie abmildern &#8211; Auf bew\u00e4hrte Strukturen zur\u00fcckgegriffen und ausgebaut<\/h3>\n\n\n\n<p>Etwa 374.000 Euro aus dem Aktionsprogramm \u201eAufholen nach Corona f\u00fcr Kinder und Jugendliche\u201c stehen dem Landkreis Germersheim f\u00fcr den Bereich Jugendhilfe f\u00fcr die Jahre 2020 und 2021 zur Verf\u00fcgung. \u201eUm die Mittel im vollen Umfang beantragen zu k\u00f6nnen, haben wir uns dazu entschlossen, insbesondere bew\u00e4hrte Jugendhilfema\u00dfnahmen an Schulen mit bereits eingebundenen Fachkr\u00e4ften aufzustocken und dort weitere Gruppenangebote zu installieren\u201c, berichtete der Erste Kreisbeigeordnete und Jugenddezernent Christoph Buttweiler in der Sitzung des Jugendhilfeausschusses im Mai. Einbezogen wurden u.a. Schulsozialarbeitende, Fachkr\u00e4fte der Familienorientierten Sch\u00fclerarbeit und des Programms 4+1 sowie Interkulturelle Assistenzen. Zus\u00e4tzlich wurden Angebote der Jugendpflege und eine Kooperation zwischen Schulsozialarbeit und dem Haus der Familie\/Familienb\u00fcro der Verbandsgemeinde Jockgrim gef\u00f6rdert. \u201eDa das Personal sofort verf\u00fcgbar war und Projekte l\u00e4ngst etabliert sind, konnte wir unmittelbar mit der Durchf\u00fchrung der Projekte beginnen und Einarbeitungszeiten vermeiden\u201c, erg\u00e4nzte Denise Hartmann-Mohr, Leiterin des Jugendamtes im Landkreis Germersheim. \u201eZudem war uns eine bedarfsgerechte Verteilung der Gelder wichtig und keine Anwendung eines Gie\u00dfkannenprinzips, weshalb auch weitere Kriterien zur Installation und Ausweitung von Ma\u00dfnahmen Ber\u00fccksichtigung fanden.\u201c<\/p>\n\n\n\n<p>Ein Teil des Geldes wird zudem in das Projekt \u201eSchulbegleitung\u201c investiert. Hierbei werden Sch\u00fclerinnen und Sch\u00fcler im Landkreis Germersheim unterst\u00fctzt, denen es aus unterschiedlichen Gr\u00fcnden schwer f\u00e4llt, regelm\u00e4\u00dfig die Schule zu besuchen. Christoph Buttweiler erl\u00e4utert: \u201eF\u00fcr jedes Kind bzw. f\u00fcr jeden Jugendlichen und dem dazugeh\u00f6rigen Helfersystem wird eine Strategie erarbeitet, um einen regelm\u00e4\u00dfigen Schulbesuch zu gew\u00e4hrleisten. Dies k\u00f6nnen zum Beispiel eine Begleitung auf dem Schulweg, besondere Absprachen mit der Klasse bzw. der Klassenleitung oder eine Anbindung an Mitsch\u00fclerinnen und Mitsch\u00fclern sein. Wir d\u00fcrfen diese Kinder nicht `verlieren\u00b4 und m\u00fcssen Schulabbr\u00fcche vermeiden. Daher ist auch an der Stelle das Geld zielgerichtet eingebracht.\u201c<\/p>\n\n\n\n<p><a><\/a>Die Coronapandemie hat aufgrund der erforderlichen Schutzma\u00dfnahmen in allen Bereichen des gesellschaftlichen Lebens zu Einschr\u00e4nkungen gef\u00fchrt, die insbesondere Kinder, Jugendliche und Familien belasten. Um negativen Auswirkungen der Pandemie f\u00fcr junge Menschen zu begegnen und abzumildern stehen dem Landkreis Germersheim f\u00fcr den Bereich Jugendhilfe rund 226.000 Euro f\u00fcr sozialp\u00e4dagogische Angebote, ca. 131.000 Euro f\u00fcr au\u00dferschulische Lernangebote und etwa 17.000 Euro f\u00fcr zus\u00e4tzliche Ferienbetreuung zur Verf\u00fcgung.<\/p>\n\n\n\n<p><em>Kreisverwaltung Germersheim<br>18.05.2022<\/em><\/p>\n\n\n\n<h2 class=\"wp-block-heading\">Neuer Netzwerkpartner in der Jugendhilfe<\/h2>\n\n\n\n<h3 class=\"wp-block-heading\">Naturkindergarten Bienwald als freier Tr\u00e4ger anerkannt<\/h3>\n\n\n\n<p>Der Naturkindergarten Bienwald e. V ist jetzt anerkannter Tr\u00e4ger der freien Jugendhilfe. Daf\u00fcr haben sich die Mitglieder des Jugendhilfeausschusses Mitte Mai ausgesprochen. <a><\/a><\/p>\n\n\n\n<p>Auf Grundlage dieser Anerkennung hat der Verein u.a. die M\u00f6glichkeit, finanzielle F\u00f6rderungen im Rahmen der Richtlinien zur F\u00f6rderung der Jugendarbeit im Landkreis Germersheim zu erhalten. Neben finanziellen Zusch\u00fcssen zu Freizeiten und Ferienbetreuungen werden auch Partizipationsprojekte und inklusive Projekte gef\u00f6rdert.<\/p>\n\n\n\n<p>\u201eDie Mitglieder des Vereins haben sehr engagiert gearbeitet und ein tolles Konzept umgesetzt. F\u00fcr den Landkreis ist das eine wirklich Bereicherung. Die Anerkennung hat f\u00fcr den Verein nun zus\u00e4tzlich den Mehrwert, dass intensiver partnerschaftlich und fachlich mit anderen Tr\u00e4gern der Jugendhilfe und dem Jugendamt zusammengearbeitet werden kann\u201c, so der Erste Kreisbeigeordnete Christoph Buttweiler. Auch die Leiterin des Jugendamtes im Landkreis Germersheim betont: \u201eDer Verein ist dem Jugendamt zwischenzeitlich gut bekannt. Der Naturkindergarten ist geeignet, die Aufgaben der Jugendhilfe zu leisten. Wir freuen uns \u00fcber einen weiteren Netzwerkpartner und Akteur in der Jugendhilfe mit besonderem Angebot!\u201c<\/p>\n\n\n\n<p>Um als Tr\u00e4ger der freien Jugendhilfe anerkannt zu werden muss die Einrichtung u.a. gemeinn\u00fctzige Ziele verfolgen und die geeigneten fachlichen und personellen Voraussetzungen mitbringen. Die Voraussetzungen sind alle erf\u00fcllt, weshalb das Jugendamt vorgeschlagen hat, den Naturkindergarten Bienwald e.V. als Tr\u00e4ger der freien Jugendhilfe anzuerkennen.<\/p>\n\n\n\n<p><em>Kreisverwaltung Germersheim<br>18.05.2022<\/em><\/p>\n\n\n\n<h2 class=\"wp-block-heading\">Jugendhilfeausschuss fordert Fortf\u00fchrung der Interkulturellen Assistenzen<\/h2>\n\n\n\n<h3 class=\"wp-block-heading\">Buttweiler: \u201eWichtiger Beitrag zur Integration insbesondere auch in Schulen\u201c<\/h3>\n\n\n\n<p>Interkulturelle Assistenzen (IKA) sollen auch ab 2023 f\u00fcr zwei weitere Jahre Kinder und Jugendliche und deren Familien mit Fluchterfahrungen oder Migrationshintergrund im Schulleben begleiten und bei der Integration unterst\u00fctzen. Das w\u00fcnschen die Mitglieder des Jugendhilfeausschusses und fordern den Kreisausschuss zu einer positiven Entscheidung auf. Au\u00dferdem soll sich das B\u00fcro f\u00fcr Migration und Integration der Kreisverwaltung Germersheim um eine weitere Finanzierung der Interkulturellen Assistenzen aus dem Asyl-, Migrations- und Integrationsfonds bem\u00fchen.<\/p>\n\n\n\n<p>\u201eInterkulturelle Assistenzen leisten einen wichtigen Beitrag zur Integration\u201c, so der Erste Kreisbeigeordnete Christoph Buttweiler. Er erl\u00e4utert: \u201eDer Zuzug von Familien aus anderen L\u00e4ndern insbesondere auch aus der Ukraine bedeutet eine hohe Zahl an Sch\u00fclerinnen und Sch\u00fclern aus anderen L\u00e4ndern. Die Assistenzkr\u00e4fte k\u00f6nnen ihnen das Ankommen ab dem ersten Tag in den Schulen und im Umfeld erleichtern.\u201c<\/p>\n\n\n\n<p>Die Schulleitungen und Kooperationspartner haben dem Jugendamt positive R\u00fcckmeldungen zu dieser Form der Unterst\u00fctzung im Schulleben und f\u00fcr die Schulgemeinschaft gegeben. \u201eDa Interkulturelle Assistenzen den Personen mit ihrem eigenen Migrationshintergrund und damit auf Augenh\u00f6he begegnen, ist es eine gute Chance, auch schwer zug\u00e4ngliche Familien zu erreichen\u201c, f\u00fchrt Denise Hartmann-Mohr, Leiterin des Jugendamtes im Landkreis Germersheim, aus. Grunds\u00e4tzlich unterst\u00fctzen IKA zus\u00e4tzlich bei der Korrespondenz mit Beh\u00f6rden, begleiten zu weiteren Hilfs- und Unterst\u00fctzungsangeboten und kl\u00e4ren die Eltern \u00fcber die entsprechenden Arbeitsweisen auf.<\/p>\n\n\n\n<p>Der Einsatz der IKA ist bis Ende des Jahres befristet. Die Aufwendungen des Landkreises Germersheim f\u00fcr die Interkulturellen Assistenzen betrugen im Jahr 2021 rund 462.000 Euro. Aufgrund von Tariferh\u00f6hungen wird von j\u00e4hrlichen Kosten von ca. 520.000 Euro ausgegangen. F\u00fcr eine weitere Finanzierung wurde bereits eine Projektskizze beim Bundesamt f\u00fcr Migration und Fl\u00fcchtlinge zur Finanzierung aus dem Asyl-, Migrations- und Integrationsfonds (AMIF) eingereicht. Das Konzept der Interkulturellen Assistenzen wurde grunds\u00e4tzlich als f\u00f6rderungsf\u00e4hig angesehen, jedoch erfolgte bis heute kein F\u00f6rderaufruf, sodass keine Gelder beantragt werden k\u00f6nnen.<\/p>\n\n\n\n<p><em>Kreisverwaltung Germersheim<br>18.05.2022<\/em><\/p>\n\n\n\n<h2 class=\"wp-block-heading\">Weniger Teilnehmende, intensivere Diskussionen<\/h2>\n\n\n\n<h3 class=\"wp-block-heading\">Zweites Netzwerktreffen Klimaschutz im Landkreis Germersheim \u2013 Thema Mobilit\u00e4t<\/h3>\n\n\n\n<p>\u201eDie Zusammenarbeit nimmt Fahrt auf\u201c, sagte die f\u00fcr Klimaschutz zust\u00e4ndige Kreisbeigeordnete, Jutta Wegmann, im Rahmend es Netzwerktreffens Klimaschutz. Obwohl zum zweiten Treffen Ende April weniger Vertreter der Verbandsgemeinden gekommen waren, wurde engagiert diskutiert. Vor allem der Impulsvortrag von Clemens Gr\u00f6ger (Verband Region Rhein-Neckar, VRRN) zum Thema \u201eRadverkehr und Carsharing im Landkreis Germersheim\u201c f\u00fchrte zu intensiven Gespr\u00e4chen im Teilnehmerkreis. Denn der VRRN strebt an, die Landkreise in der Region noch st\u00e4rker zu vernetzen. \u201eDas ist schlie\u00dflich f\u00fcr alle Kommunen interessant\u201c, so Dr. Annika Weiss, Klimaschutzmanagerin des Landkreises. Zudem wurden erste Ideen gesammelt, welchen Mobilit\u00e4tsthemen die Kommunen verst\u00e4rkt mit dem Landkreis umgesetzt werden k\u00f6nnten. Ein Dauerthema dabei ist der fortlaufende Ausbau des Radwegenetzes und der Ladeinfrastruktur f\u00fcr Elektro-Fahrzeuge. \u201eWas bereits in diesem Jahr erfolgreich landkreis\u00fcbergreifend umgesetzt wird\u201c, darauf weist die Klimaschutzmanagerin hin, \u201eist die Aktion Stadtradeln im Juni. Alle Verbandsgemeinden nehmen geschlossen daran teil.\u201c<\/p>\n\n\n\n<p>Die Vertretenden der teilnehmenden Verbandsgemeinden nannten au\u00dferdem Beispiele f\u00fcr geplante und bereits durchgef\u00fchrte Ma\u00dfnahmen im Bereich Mobilit\u00e4t. \u201eSo beschloss die Verbandsgemeinde Kandel die Einf\u00fchrung eines Ruftaxis oder B\u00fcrgerbusses, die Stadt Germersheim f\u00fchrte den neu eingesetzten Stadtbus und die Verbandsgemeinde Hagenbach ihr Elektro-Kfz in ihrer kommunalen Flotte auf. All das kann als Anregungen f\u00fcr andere dienen\u201c, so Jutta Wegmann. Angeregt wurde zudem, dass das Bewusstsein der Mitarbeitenden in den Verwaltungen gesch\u00e4rft werden sollte. Die ebenfalls am Netzwerktreffen vertretene Energieagentur Rheinland-Pfalz bot an, bei Bedarf gezielt Fortbildungen auszurichten.<\/p>\n\n\n\n<p><em>Kreisverwaltung Germersheim<br>18.05.2022<\/em><\/p>\n\n\n\n<h2 class=\"wp-block-heading\">Kita-Gesetz: Erster Kreisbeigeordneter Christoph Buttweiler fordert Ma\u00dfnahmen gegen den Fachkr\u00e4ftemangel<\/h2>\n\n\n\n<h3 class=\"wp-block-heading\">Katalog mit ersten Vorschl\u00e4gen dem Landkreistag vorgelegt<\/h3>\n\n\n\n<p>\u201eWenn wir wollen, dass unsere Kinder in den Kindertagesst\u00e4tten in Zukunft weiter gut betreut sind, unsere Fachkr\u00e4fte nicht vollends ausbrennen und dabei die hohen Anforderungen des Landes-Kita-Gesetzes erf\u00fcllt werden, m\u00fcssen dringend landesweit grundlegende Ma\u00dfnahmen ergriffen werden\u201c, zeigt sich der f\u00fcr Kitas zust\u00e4ndige Erste Kreisbeigeordnete, Christoph Buttweiler, besorgt. Derzeit besucht der Sozialdezernent nach und nach die Kindertagesst\u00e4tten im Landkreis. \u201e\u00dcberall kommen die Themen Personalmangel, r\u00e4umliche Situation und Anforderungen des Kitagesetztes zur Sprache. Ob Tr\u00e4ger oder Fachkraft \u2013 die Sorgen sind \u00fcberall riesig\u201c, so Buttweiler und erkl\u00e4rt: \u201eDer F\u00f6rderauftrag in der Kindertagesbetreuung wird immer anspruchsvoller und damit die Arbeit der p\u00e4dagogischen Kita-Fachkr\u00e4fte. Zur Umsetzung der gesetzlichen Vorgaben brauchen die Kitas mehr Personal. Gleichzeitig stehen wir bundesweit vor einem steigenden Fachkr\u00e4ftemangel. Das ist ein Dilemma, das uns alarmieren muss! Selbst im Landkreis Germersheim kommt es immer h\u00e4ufiger zu Meldungen aus den Kitas, dass die personelle Besetzung mit Fachkr\u00e4ften, auch mit evtl. Vertretungskr\u00e4ften, nicht sichergestellt werden k\u00f6nne. Die Corona-Pandemie verst\u00e4rkt diese Probleme zus\u00e4tzlich. Dabei haben wir im Landkreis Germersheim schon einen der besten Personalschl\u00fcssel landesweit.\u201c Buttweiler f\u00fcrchtet, dass der vorgegebene und teilweise notwendige Kita-Ausbau sowie die Sicherstellung der Kita-Qualit\u00e4t ohne rechtzeitig eingeleitete gegensteuernde und abmildernde Ma\u00dfnahmen mittelfristig an fehlenden Fachkr\u00e4ften scheitern werden.<\/p>\n\n\n\n<p>Christoph Buttweiler schl\u00e4gt gegen\u00fcber dem Landkreistag daher erste Ideen vorher, die mittel- bzw. langfristig die immer gr\u00f6\u00dfer werdende L\u00fccke zwischen Fachkr\u00e4ftebedarf und verf\u00fcgbaren Fachkr\u00e4ften abmildern k\u00f6nnten. \u201eDie Vorschl\u00e4ge sind als eine erste Ideensammlung zu sehen. Vieles davon habe ich aus den Gespr\u00e4chen mit den Fachkr\u00e4ften in den Kitas im Landkreis Germersheim sowie durch die Expertise meiner Mitarbeitenden im Kita-Team des Jugendamtes mitgenommen. Sie und die Kinder sind die, die die Auswirkungen des Landes-Kitagesetztes am direktesten zu sp\u00fcren bekommen. Ihre Anregung d\u00fcrfen wir daher nicht \u00fcberh\u00f6ren, sondern m\u00fcssen sie in eine ernsthafte und konstruktive Diskussion einbringen\u201c, so der Erste Kreisbeigeordnete. Um \u00fcber die Umsetzung von Ma\u00dfnahmen m\u00f6glichst einen landesweiten Konsens zu erzielen, erhofft sich Christoph Buttweiler, dass der Landkreistag darin eine federf\u00fchrende und koordinierende Rolle einnimmt: \u201eSchlie\u00dflich betrifft es landesweit alle Kommunen gleicherma\u00dfen!\u201c<\/p>\n\n\n\n<p>Die Liste aus dem Landkreis Germersheim mit denkbaren Gegensteuerungsma\u00dfnahmen umfasst beispielsweise die Aufstockung bzw. den Ausbau der Ausbildungskapazit\u00e4ten der Fachschulen im Land, \u00c4nderungen in der Regelausbildung, den Ausbau berufsbegleitender Formen der Ausbildung, bessere Arbeitsbedingungen und Verdienstm\u00f6glichkeiten und unbefristete Vertr\u00e4ge f\u00fcr Fachkr\u00e4fte. In Puncto Personalverantwortung sieht Buttweiler zudem gr\u00f6\u00dfere Gestaltungsm\u00f6glichkeiten, wenn neue Tr\u00e4germodelle erm\u00f6glicht w\u00fcrden: \u201eWarum soll zum Beispiel nicht ein Zweckverband oder eine Verbandsgemeinde Tr\u00e4ger sein? Wir d\u00fcrfen keinen Aspekt ausschlie\u00dfen, um f\u00fcr unsere Kinder und die Gemeinschaft in den Kitas gute Bedingungen und ein gutes Klima zu schaffen!\u201c<\/p>\n\n\n\n<p><em>Kreisverwaltung Germersheim<br>18.05.2022<\/em><\/p>\n\n\n\n<h2 class=\"wp-block-heading\">\u201eIhre Hilfe ist im Partnerlandkreis Krotoszyn angekommen\u201c<\/h2>\n\n\n\n<h3 class=\"wp-block-heading\">Landrat Brechtel dankt Spenderinnen und Spendern sowie allen Helferinnen und Helfern \u2013 Einweihung des Klinikneubaus in Krotoszyn<\/h3>\n\n\n\n<div class=\"wp-block-image\"><figure class=\"aligncenter size-full\"><img decoding=\"async\" loading=\"lazy\" width=\"800\" height=\"572\" src=\"https:\/\/speyer24news.com\/wp-content\/uploads\/2022\/05\/220513_LR_Krotoszyn_Spenden_030-bea.jpg\" alt=\"\" class=\"wp-image-46357\" srcset=\"https:\/\/speyer24news.com\/wp-content\/uploads\/2022\/05\/220513_LR_Krotoszyn_Spenden_030-bea.jpg 800w, https:\/\/speyer24news.com\/wp-content\/uploads\/2022\/05\/220513_LR_Krotoszyn_Spenden_030-bea-300x215.jpg 300w, https:\/\/speyer24news.com\/wp-content\/uploads\/2022\/05\/220513_LR_Krotoszyn_Spenden_030-bea-768x549.jpg 768w\" sizes=\"(max-width: 800px) 100vw, 800px\" \/><\/figure><\/div>\n\n\n\n<p>\u201eEs hat alles gepasst: Der Transport verlief reibungslos, die Spenden zur Unterst\u00fctzung der Gefl\u00fcchteten aus der Ukraine sind angekommen und der Kontakt zu unserem polnischen Partnerlandkreis hat neuen Schwung bekommen\u201c, fasst Landrat Dr. Fritz Brechtel die Eindr\u00fccke zusammen. Gemeinsam mit den Helfern begleitet er den Hilfstransport, der die Spenden von B\u00fcrgerinnen und B\u00fcrger sowie von Firmen in den Landkreis Krotoszyn brachten. Mehr als vier Tonnen Hilfsg\u00fcter haben ihr Ziel erreicht und wurden dankbar entgegengenommen, darunter eine halbe Tonne mit Fr\u00fchlings- und Sommerkleidung, mehr als drei Tonnen haltbare Lebensmittel, Kisten voller Schul- und Bastelsachen sowie Reinigungs- und Hygieneartikel.<\/p>\n\n\n\n<div class=\"wp-block-image\"><figure class=\"aligncenter size-full\"><img decoding=\"async\" loading=\"lazy\" width=\"800\" height=\"655\" src=\"https:\/\/speyer24news.com\/wp-content\/uploads\/2022\/05\/220513_vlnr_Mathias_Deubig_Berthold_Simon_Stanislav_Szczotk_Christian_Hillenbrand_Dr_Fritz_Brechtel.jpg\" alt=\"\" class=\"wp-image-46358\" srcset=\"https:\/\/speyer24news.com\/wp-content\/uploads\/2022\/05\/220513_vlnr_Mathias_Deubig_Berthold_Simon_Stanislav_Szczotk_Christian_Hillenbrand_Dr_Fritz_Brechtel.jpg 800w, https:\/\/speyer24news.com\/wp-content\/uploads\/2022\/05\/220513_vlnr_Mathias_Deubig_Berthold_Simon_Stanislav_Szczotk_Christian_Hillenbrand_Dr_Fritz_Brechtel-300x246.jpg 300w, https:\/\/speyer24news.com\/wp-content\/uploads\/2022\/05\/220513_vlnr_Mathias_Deubig_Berthold_Simon_Stanislav_Szczotk_Christian_Hillenbrand_Dr_Fritz_Brechtel-768x629.jpg 768w\" sizes=\"(max-width: 800px) 100vw, 800px\" \/><\/figure><\/div>\n\n\n\n<p>Gemeinsam mit seinem polnischen Amtskollegen Stanislaw Szczotka besuchte Brechtel auch die Fl\u00fcchtlingsunterkunft, in der u.a. Betten stehen, die der Landkreis Germersheim bereits nach einem ersten Hilferuf bereitgestellt hatte. Aktuell sind im Landkreis Krotoszyn ca. 1.500 Personen aus der Ukraine offiziell registriert. Die Verwaltung geht davon aus, dass sich im Kreis nochmals mindestens genauso viele Gefl\u00fcchtete unangemeldet aufhalten. Zudem leben dort bereits zu Beginn des Krieges ca. 2.000 ukrainische Arbeiter. \u201eDas bedeutet, dass die Bev\u00f6lkerung in unserem Landkreis um etwa zehn Prozent gewachsen ist\u201c, machte Landrat Szczotka deutlich und betonte: \u201eJede Hilfe in dieser Situation ist Goldwert. Ihre Spende war f\u00fcr uns von gro\u00dfer Bedeutung. Material, das vor Ort nicht verwendet wird, \u00fcbergeben wir an karitative und religi\u00f6se Organisationen, die es direkt in ukrainische St\u00e4dte bringt. Es geht also nichts verloren.\u201c Landrat Brechtel zieht den Vergleich: \u201eBezogen auf die Bev\u00f6lkerungszahl sind im Landkreis Krotoszyn einer groben Sch\u00e4tzung zufolge derzeit etwa zehnmal mehr Ukrainerinnen und Ukrainer untergebracht als im Landkreis Germersheim. Im Landkreis Germersheim leben aktuell etwa 900 Gefl\u00fcchtete. Das bedeutet einen Bev\u00f6lkerungszuwachs von etwa 0,7 Prozent.\u201c<\/p>\n\n\n\n<div class=\"wp-block-image\"><figure class=\"aligncenter size-full\"><img decoding=\"async\" loading=\"lazy\" width=\"800\" height=\"600\" src=\"https:\/\/speyer24news.com\/wp-content\/uploads\/2022\/05\/220513_LR_Krotoszyn_Spenden_017-bea.jpg\" alt=\"\" class=\"wp-image-46359\" srcset=\"https:\/\/speyer24news.com\/wp-content\/uploads\/2022\/05\/220513_LR_Krotoszyn_Spenden_017-bea.jpg 800w, https:\/\/speyer24news.com\/wp-content\/uploads\/2022\/05\/220513_LR_Krotoszyn_Spenden_017-bea-300x225.jpg 300w, https:\/\/speyer24news.com\/wp-content\/uploads\/2022\/05\/220513_LR_Krotoszyn_Spenden_017-bea-768x576.jpg 768w, https:\/\/speyer24news.com\/wp-content\/uploads\/2022\/05\/220513_LR_Krotoszyn_Spenden_017-bea-678x509.jpg 678w, https:\/\/speyer24news.com\/wp-content\/uploads\/2022\/05\/220513_LR_Krotoszyn_Spenden_017-bea-326x245.jpg 326w, https:\/\/speyer24news.com\/wp-content\/uploads\/2022\/05\/220513_LR_Krotoszyn_Spenden_017-bea-80x60.jpg 80w\" sizes=\"(max-width: 800px) 100vw, 800px\" \/><\/figure><\/div>\n\n\n\n<p>Landrat Brechtel nutzt den Besuch, um die Beziehung zum Partnerlandkreis nach der Coronapandemie wieder neu aufleben zu lassen: \u201eEs war ein sch\u00f6nes Wiedersehen. Die Pandemie hat der Freundschaft und der Partnerschaft nicht viel anhaben k\u00f6nnen. Das war \u00fcberall zu sp\u00fcren\u201c, sagte Landrat Brechtel nach seiner Kurzreise, die auch die Einweihung des Klinikanbaus umfasste. In dem Krankenhaus sind die Bedingungen jetzt f\u00fcr alle besser, vor allem f\u00fcr (werdende) M\u00fctter. Bisher gab zum Beispiel nur einen gro\u00dfen Geburtsraum, jetzt sind es drei, die auch eine Geburten gemeinsam mit V\u00e4tern erm\u00f6glichen. \u201eUnser Partnerlandkreis ist ein moderner und engagierter Landkreis. Unsere Beziehung werden wir schrittweise wieder mit Themen und Begegnungen f\u00fcllen\u201c, so Brechtel.<\/p>\n\n\n\n<div class=\"wp-block-image\"><figure class=\"aligncenter size-full\"><img decoding=\"async\" loading=\"lazy\" width=\"800\" height=\"600\" src=\"https:\/\/speyer24news.com\/wp-content\/uploads\/2022\/05\/220513_LR_Krotoszyn_Spenden_019-bea.jpg\" alt=\"\" class=\"wp-image-46360\" srcset=\"https:\/\/speyer24news.com\/wp-content\/uploads\/2022\/05\/220513_LR_Krotoszyn_Spenden_019-bea.jpg 800w, https:\/\/speyer24news.com\/wp-content\/uploads\/2022\/05\/220513_LR_Krotoszyn_Spenden_019-bea-300x225.jpg 300w, https:\/\/speyer24news.com\/wp-content\/uploads\/2022\/05\/220513_LR_Krotoszyn_Spenden_019-bea-768x576.jpg 768w, https:\/\/speyer24news.com\/wp-content\/uploads\/2022\/05\/220513_LR_Krotoszyn_Spenden_019-bea-678x509.jpg 678w, https:\/\/speyer24news.com\/wp-content\/uploads\/2022\/05\/220513_LR_Krotoszyn_Spenden_019-bea-326x245.jpg 326w, https:\/\/speyer24news.com\/wp-content\/uploads\/2022\/05\/220513_LR_Krotoszyn_Spenden_019-bea-80x60.jpg 80w\" sizes=\"(max-width: 800px) 100vw, 800px\" \/><\/figure><\/div>\n\n\n\n<p>Die letzte Woche \u00fcbergebenen Hilfsg\u00fcter wurden im Landkreis Germersheim in einer Spendenaktion entsprechend einer Bedarfsliste aus dem Partnerlandkreis gesammelt. \u201eDiese Hilfe ist im Partnerlandkreis Krotoszyn angekommen und kommt jetzt gezielt bei den Menschen an, die ihre Heimat wegen Putins grausamen Angriffskriegs verlassen mussten. Allen Spenderinnen und Spendern nochmals mein herzliches Dankesch\u00f6n\u201c, so Landrat Brechtel. Unterst\u00fctzt haben die Aktion zudem die Unternehmen Hornbach AG kartonweise Stirn-\/Taschenlampen samt Batterien und die EuroPack GmbH mit 240 Packkartons, um die Spenden sicher zu verstauen. Die Spendenaktion organisiert und koordiniert haben in Zusammenarbeit mit Mitarbeitenden der Kreisverwaltung insbesondere Berthold Simon, ehemaliger Kreisfeuerwehrinspekteur, und Alfred Gadinger, ehemaliger B\u00fcroleiter der Kreisverwaltung Germersheim. Tatkr\u00e4ftige Unterst\u00fctzung erfuhren sie von den Freiwilligen Feuerwehren W\u00f6rth, Bellheim und Germersheim, dem Deutschen Roten Kreuz, dem Malteser Hilfsdienstes Hatzenb\u00fchl sowie den beiden Bellheimer Vereinen \u201eHelferkreis e.V.\u201c und der \u201eFreundschaftskreis Bellheim-Kozmin e.V.\u201c. Dem Kreischef ist auch dies wichtig: \u201eIch danke genauso allen Helferinnen und Helfern, insbesondere auch den beiden Fahrern der Freiwilligen Feuerwehr Germersheim, Till Mattes und Christan Hillenbrand, die ehrenamtlich den Wechsellader sicher nach Polen und zur\u00fcck gesteuert haben. Danke auch an Mathias Deubig von der Kreisverwaltung, der mit Berthold Simon das zweite Fahrzeug voller Spendeng\u00fcter ans Ziel brachte.\u201c Die mehr als vier Tonnen Hilfsg\u00fcter waren auf den Wechsellader der Freiwilligen Feuerwehr Germersheim mit einem Abrollbeh\u00e4lter der Freiwilligen Feuerwehr R\u00fclzheim und einen Sprinter des Katastrophenschutzes des Landkreises verteilt.<\/p>\n\n\n\n<div class=\"wp-block-image\"><figure class=\"aligncenter size-large\"><img decoding=\"async\" loading=\"lazy\" width=\"1024\" height=\"457\" src=\"https:\/\/speyer24news.com\/wp-content\/uploads\/2022\/05\/220513_LR_Krotoszyn_Spenden_034-bea-1024x457.jpg\" alt=\"\" class=\"wp-image-46361\" srcset=\"https:\/\/speyer24news.com\/wp-content\/uploads\/2022\/05\/220513_LR_Krotoszyn_Spenden_034-bea-1024x457.jpg 1024w, https:\/\/speyer24news.com\/wp-content\/uploads\/2022\/05\/220513_LR_Krotoszyn_Spenden_034-bea-300x134.jpg 300w, https:\/\/speyer24news.com\/wp-content\/uploads\/2022\/05\/220513_LR_Krotoszyn_Spenden_034-bea-768x343.jpg 768w, https:\/\/speyer24news.com\/wp-content\/uploads\/2022\/05\/220513_LR_Krotoszyn_Spenden_034-bea.jpg 1200w\" sizes=\"(max-width: 1024px) 100vw, 1024px\" \/><\/figure><\/div>\n\n\n\n<p><em>Kreisverwaltung Germersheim<br>17.05.2022<\/em><\/p>\n\n\n\n<h2 class=\"wp-block-heading\">Von 01.06.2022 bis 29.06.2022 f\u00fcr Schulbuchausleihe anmelden<\/h2>\n\n\n\n<h3 class=\"wp-block-heading\">Schulen verteilen Briefe mit Zugangsdaten<\/h3>\n\n\n\n<p>Kinder, die ab dem kommenden Schuljahr 2022\/2023 die Klassen 5 bis 13 einer allgemeinbildenden Schule oder in den Berufsbildenden Schule (die Berufsfachschule I und II, die H\u00f6here Berufsfachschule, das Wirtschaftsgymnasium) besuchen, k\u00f6nnen an der entgeltlichen Ausleihe teilnehmen. \u201eUm sich daf\u00fcr online im Internet anzumelden, erhalten alle Eltern \u00fcber die Schulen einen Brief mit den notwendigen Zugangsdaten\u201c, so Schuldezernent Christoph Buttweiler.<\/p>\n\n\n\n<p>Das Internetportal ist ab dem <strong>01.06.2022 bis einschlie\u00dflich 29.06.2022<\/strong> ge\u00f6ffnet. Mit den entsprechenden Zugangsdaten k\u00f6nnen sich alle, die an der Schulbuchausleihe teilnehmen wollen, dort registrieren. Die Teilnahme ist freiwillig. Es wird um unbedingte Einhaltung dieses Anmeldezeitraums gebeten, da das Online-Portal versp\u00e4tete Anmeldungen absolut nicht mehr zul\u00e4sst und nachtr\u00e4gliche Freischaltungen ausgeschlossen sind.<\/p>\n\n\n\n<p>Ebenso wird empfohlen die Anmeldung im Internet-Portal durchzuf\u00fchren, auch wenn noch keine eindeutige Entscheidung \u00fcber einen eventuellen Schulwechsel bzw. eine Versetzung des Kindes getroffen werden kann, da eine nachtr\u00e4gliche Freischaltung in diesem Fall ausgeschlossen ist.<\/p>\n\n\n\n<p>In dem Portal hinterlegen die Eltern ihre Kontodaten. Von dem hinterlegten Bankkonto wird dann die Leihgeb\u00fchr am 01.11.2022 abgebucht.<\/p>\n\n\n\n<p>\u201eF\u00fcr die Eltern bedeutet das nicht nur weniger Aufwand in der Beschaffung der Schulb\u00fccher, sondern auch eine deutliche finanzielle Entlastung\u201c, so Landrat Dr. Fritz Brechtel.<\/p>\n\n\n\n<p>\u201eDa nicht jeder Haushalt \u00fcber einen Internetzugang und PC verf\u00fcgt, haben wir an den Schulen Servicestellen eingerichtet, die die Eltern gerne bei der Anmeldung unterst\u00fctzen. Wann diese zu erreichen sind, entnehmen die Eltern den Informationen, die von den Schulen versandt und verteilt wurden. Bei Vorsprache in der Servicestelle bitten wir darum, insbesondere die Bankverbindung (mit IBAN und BIC) bereit zu halten, um den Bestellvorgang reibungslos unter Beachtung des neuen SEPA-Verfahrens durchf\u00fchren zu k\u00f6nnen\u201c, erkl\u00e4rt Christoph Buttweiler, Erster Kreisbeigeordneter und Schuldezernent.<\/p>\n\n\n\n<h4 class=\"wp-block-heading\">Die Servicestellen sind wie folgt ge\u00f6ffnet:<\/h4>\n\n\n\n<ul><li><strong>Realschule plus Geschwister-Scholl Germersheim<\/strong>:<\/li><li>vom 07.06.2022 bis 10.06.2022 und 13.06.2022 bis 15.06.2022 jeweils von 08:00 Uhr bis 12:00 Uhr<\/li><\/ul>\n\n\n\n<ul><li><strong>Realschule plus Richard-von-Weizs\u00e4cker Germersheim<\/strong>:<\/li><li>am 01.06.2022, 15.06.2022, 22.06.2022 und 29.06.2022 jeweils 11:00 Uhr bis 13:00 Uhr\u00a0 \u00a0<\/li><\/ul>\n\n\n\n<ul><li><strong>Realschule plus Kandel<\/strong>:<\/li><li>vom 27.06.2022 bis 29.06.2022 jeweils von 07:30 Uhr bis 15:30 Uhr<\/li><\/ul>\n\n\n\n<ul><li><strong>Realschule plus Bellheim<\/strong>:<\/li><li>vom 01.06.2022 bis 29.06.2022 (nur nach telefonischer Anmeldung)<\/li><\/ul>\n\n\n\n<ul><li><strong>Realschule plus Lingenfeld<\/strong>:<\/li><li>vom 07.06.2022 bis 09.06.2022 und 27.06.2022 bis 29.06.2022 jeweils von 09:00 Uhr bis 11:30 Uhr<\/li><\/ul>\n\n\n\n<ul><li><strong>Goethe Gymnasium Germersheim<\/strong>:<\/li><li>vom 07.06.2022 bis 09.06.2022, 14.06.2022 bis 15.06.2022, 21.06.2022 bis 23.06.2022, 28.06.2022 bis 29.06.2022 jeweils von 14:00 Uhr bis 16:00 Uhr<\/li><\/ul>\n\n\n\n<ul><li><strong>Europa-Gymnasium W\u00f6rth<\/strong>:<br>am 13.06.2022, 20.06.2022 und 27.06.2022 jeweils von 14:00 Uhr bis 16:00 Uhr<\/li><li>oder nach telefonischer Anmeldung<\/li><\/ul>\n\n\n\n<ul><li><strong>Integrierte Gesamtschule Kandel<\/strong>:<\/li><li>vom 01.06.2022 bis 29.06.2022 (nur nach telefonischer Anmeldung)<\/li><\/ul>\n\n\n\n<ul><li><strong>Integrierte Gesamtschule Rheinzabern<\/strong>:<\/li><li>vom 01.06.2022 bis 02.06.2022, 07.06.2022 bis 09.06.2022, 13.06.2022 bis 15.06.2022, 20.06.2022 bis 23.06.2022 und 27.06.2022 bis 29.06.2022 jeweils von 10:00 Uhr bis 15:00 Uhr<\/li><\/ul>\n\n\n\n<ul><li><strong>Integrierte Gesamtschule R\u00fclzheim<\/strong>:<\/li><li>vom 03.06.2022 bis 29.06.2022 jeweils von 08:00 Uhr bis 12:00 Uhr, am 13.06.2022, 20.06.2022 und 27.06.2022 zus\u00e4tzlich von 14:00 Uhr bis 16:00 Uhr<\/li><\/ul>\n\n\n\n<ul><li><strong>Carl-Benz-Gesamtschule W\u00f6rth<\/strong>:<\/li><li>vom 01.06.2022 bis 02.06.2022, 07.06.2022 bis 09.06.2022, 13.06.2022 bis 15.06.2022, 20.06.2022 bis 23.06.2022, 27.06.2022 bis 29.06.2022 jeweils von 08:00 Uhr bis 15:30 Uhr und am 03.06.2022, 10.06.2022, 17.06.2022 und 24.06.2022 jeweils von 08:00 Uhr bis 12:00 Uhr<\/li><\/ul>\n\n\n\n<ul><li><strong>Berufsbildende Schule Germersheim<\/strong>:<\/li><li>vom 01.06.2022 bis 29.06.2022 (nur nach telefonischer Anmeldung)<\/li><\/ul>\n\n\n\n<ul><li><strong>Berufsbildende Schule W\u00f6rth<\/strong>:<\/li><li>am 13.06.2022, 15.06.2022, 21.06.2022 und 23.06.2022 jeweils von 07:30 Uhr bis 15:30 Uhr<\/li><\/ul>\n\n\n\n<p>Sofern ein Antrag auf Gew\u00e4hrung von Lernmittelfreiheit (unentgeltliche Schulbuchausleihe) bewilligt wurde, ist eine Anmeldung im Online-Portal nicht erforderlich, da die Kreisverwaltung diesen Schritt bereits durchgef\u00fchrt hat.<\/p>\n\n\n\n<p>Die Bestellung der B\u00fccher erfolgt \u00fcber die Schulen in Zusammenarbeit mit der Kreisverwaltung als Schultr\u00e4ger.<\/p>\n\n\n\n<p>Bez\u00fcglich des Ablaufes der R\u00fccknahme der Schulb\u00fccher vom Schuljahr 2021\/2022 und der Ausgabe der neuen Schulb\u00fccher f\u00fcr das Schuljahr 2022\/2023 erhalten alle Eltern noch n\u00e4here Informationen.<\/p>\n\n\n\n<p>Weitere Informationen rund um das Thema Schulbuchausleihe gibt es im Internet unter <a href=\"http:\/\/www.LMF-online.rlp.de\">www.LMF-online.rlp.de<\/a>.<\/p>\n\n\n\n<p><em>Kreisverwaltung Germersheim<br>17.05.2022<\/em><\/p>\n\n\n\n<h2 class=\"wp-block-heading\">Verlegungen bei der Abfallentsorgung wegen Feiertagen im Mai und Juni<\/h2>\n\n\n\n<p>Die Kreisverwaltung Germersheim informiert, dass es im Mai und Juni durch die Feiertage am 26. Mai (Christi Himmelfahrt) sowie am 6. Juni (Pfingstmontag) und am 16. Juni (Fronleichnam) zu Verschiebungen bei den M\u00fcllabfuhrterminen kommen kann. Es ist durchaus m\u00f6glich, dass Abfuhrtermine vorgezogen oder auch nachgefahren werden. Deshalb sollte man sich unbedingt am Abfallkalender orientieren. Dort sind die \u00c4nderungen bereits vermerkt.<\/p>\n\n\n\n<p>In diesem Zusammenhang gibt die Kreisverwaltung den Tipp, den Terminservice \u201eDenkdran\u201c der Abfallwirtschaft zu nutzen. Hier erh\u00e4lt man seine pers\u00f6nlichen Abfuhrtermine (inkl. Verlegungen) ganz einfach per Mail zugeschickt. Daneben k\u00f6nnen die Abfuhrtermine auch als ICS Export (iCal) in die elektronischen Kalender integriert werden.<\/p>\n\n\n\n<p>Beide Service-Angebote sind auf der Homepage der Abfallwirtschaft des Landkreises Germersheim abrufbar unter <a href=\"http:\/\/www.abfallwirtschaft-germersheim.de\/online-service\/abfall-kalender.html\">www.abfallwirtschaft-germersheim.de\/online-service\/abfall-kalender.html<\/a><\/p>\n\n\n\n<p><em>Kreisverwaltung Germersheim<br>17.05.2022<\/em><\/p>\n\n\n\n<h1 class=\"has-text-align-center wp-block-heading\">Kurse &amp; Angebote der Kreisvolkshochschule (KVHS) Germersheim<\/h1>\n\n\n\n<div class=\"wp-block-image\"><figure class=\"aligncenter size-full\"><img decoding=\"async\" src=\"https:\/\/speyer24news.com\/wp-content\/uploads\/2019\/09\/KVHS-GER-Logo.png\" alt=\"\" class=\"wp-image-19415\"\/><\/figure><\/div>\n\n\n\n<ul><li><strong>\u201eLeben mit Demenz &#8211; Vortragsreihe &#8211; Ursache und Behandlung\u201c \u2013 <\/strong>Kurs-Nr.: <strong>C3033001KV<\/strong><\/li><li>Vortrag mit <strong>Fabian Fu\u00dfer, <\/strong>Germersheim, Ritter-von-Schmau\u00df-Stra\u00dfe\/Ecke Paradeplatz 8, Seiteneingang der Berufsbildenden Schule (BBS), EG, Saal E.06, Termin: Mittwoch, 08.06.2022,<\/li><li>19:00 &#8211; 20:30 Uhr \u2013 <strong>kostenfrei<\/strong>.<\/li><\/ul>\n\n\n\n<ul><li><strong>\u201eSmall Talk &#8211; Netzwerken im Beruf wie Privat\u201c \u2013 <\/strong>Kurs-Nr.: <strong>C5073601KV<\/strong><\/li><li>Kurs mit <strong>Ulrike-Ebba von Sparr, <\/strong>Germersheim, August-Keiler-Stra\u00dfe 34, Goethe-Gymnasium, Ostbau, EG, Saal 081, Termin: Donnerstag, 09.06.2022, 18:15 &#8211; 21:15 Uhr, Kosten: 25,00 Euro\/Person. <\/li><\/ul>\n\n\n\n<ul><li><strong>\u201eEinb\u00fcrgerungstest, Termin 13 &#8211; am Vormittag\u201c \u2013 <\/strong>Kurs-Nr.: <strong>D1021013KV<\/strong><\/li><li>Test mit <strong>Karin Tr\u00e4ber, <\/strong>Germersheim, Ritter-von-Schmau\u00df-Stra\u00dfe\/Ecke Paradeplatz 8, Seitenein-gang der Berufsbildenden Schule (BBS), EG, Saal E.01, Termin: Montag, 11.07.2022, 10:00 &#8211; 11:00 Uhr, Kursdauer: 60 Minuten, Kosten: 25,00 Euro\/Person, Anmeldeschluss, Freitag, 10.06.2022.<\/li><\/ul>\n\n\n\n<ul><li><strong>\u201eEinb\u00fcrgerungstest, Termin 14\u201c \u2013 <\/strong>Kurs-Nr.: <strong>D1021014KV<\/strong><\/li><li>Test mit <strong>Karin Tr\u00e4ber, <\/strong>Germersheim, Ritter-von-Schmau\u00df-Stra\u00dfe\/Ecke Paradeplatz 8, Seitenein-gang der Berufsbildenden Schule (BBS), EG, Saal E.01, Termin: Montag, 11.07.2022, 15:00 &#8211; 16:00 Uhr, Kursdauer: 60 Minuten, Kosten: 25,00 Euro\/Person. Anmeldeschluss, Freitag, 10.06.2022.<\/li><\/ul>\n\n\n\n<ul><li><strong>\u201eFeldenkraismethode\u00ae &#8211; Kurs B\u201c \u2013 <\/strong>Kurs-Nr.: <strong>C3029014KV<\/strong><\/li><li>Kurs mit <strong>Katharina Gayer, <\/strong>Germersheim, Ritter-von-Schmau\u00df-Stra\u00dfe\/Ecke Paradeplatz 8, Seiteneingang der Berufsbildenden Schule (BBS), EG, Saal E.06, Termin: Samstag, 11.06.2022, 10:00 &#8211; 16:30 Uhr, Kosten: 48,00 Euro\/Person.<\/li><\/ul>\n\n\n\n<p>Eine<strong> Anmeldung<\/strong> ist zu allen Veranstaltungen der Kreisvolkshochschule Germersheim zwingend erforderlich, telefonisch unter 07274-53334 oder -53382, per E-Mail an <a href=\"mailto:vhs@kreis-germersheim.de\">vhs@kreis-germersheim.de<\/a>.<\/p>\n\n\n\n<p><em>Kreisverwaltung Germersheim \/ Kreisvolkshochschule Germersheim<br>20.05.2022<\/em><\/p>\n","protected":false},"excerpt":{"rendered":"<div class=\"mh-excerpt\"><p>Gro\u00dfes Interesse an Netzwerktagung Integration 84 Interessierte folgten am Donnerstag, 05.05.2022 der Einladung des B\u00fcros f\u00fcr Migration und Integration der Kreisverwaltung Germersheim zur Netzwerktagung Integration in die Bienwaldhalle Kandel. \u201eDas Interesse war gro\u00df und nach <a class=\"mh-excerpt-more\" href=\"https:\/\/speyer24news.com\/?p=46356\" title=\"Stadt Germersheim und Landkreis GER\">[&#8230;]<\/a><\/p>\n<\/div>","protected":false},"author":3,"featured_media":30954,"comment_status":"open","ping_status":"open","sticky":false,"template":"","format":"standard","meta":{"_monsterinsights_skip_tracking":false,"_monsterinsights_sitenote_active":false,"_monsterinsights_sitenote_note":"","_monsterinsights_sitenote_category":0,"footnotes":""},"categories":[449],"tags":[5378,14615,14616,210,14613,14620,14617,14618,10980,1664,1665,14415,5057,5569,14619,14611,14612,14621,14622,1210,9741,14404,13792,14201,13561,14614,14417,14418],"aioseo_notices":[],"amp_enabled":true,"_links":{"self":[{"href":"https:\/\/speyer24news.com\/index.php?rest_route=\/wp\/v2\/posts\/46356"}],"collection":[{"href":"https:\/\/speyer24news.com\/index.php?rest_route=\/wp\/v2\/posts"}],"about":[{"href":"https:\/\/speyer24news.com\/index.php?rest_route=\/wp\/v2\/types\/post"}],"author":[{"embeddable":true,"href":"https:\/\/speyer24news.com\/index.php?rest_route=\/wp\/v2\/users\/3"}],"replies":[{"embeddable":true,"href":"https:\/\/speyer24news.com\/index.php?rest_route=%2Fwp%2Fv2%2Fcomments&post=46356"}],"version-history":[{"count":1,"href":"https:\/\/speyer24news.com\/index.php?rest_route=\/wp\/v2\/posts\/46356\/revisions"}],"predecessor-version":[{"id":46370,"href":"https:\/\/speyer24news.com\/index.php?rest_route=\/wp\/v2\/posts\/46356\/revisions\/46370"}],"wp:featuredmedia":[{"embeddable":true,"href":"https:\/\/speyer24news.com\/index.php?rest_route=\/wp\/v2\/media\/30954"}],"wp:attachment":[{"href":"https:\/\/speyer24news.com\/index.php?rest_route=%2Fwp%2Fv2%2Fmedia&parent=46356"}],"wp:term":[{"taxonomy":"category","embeddable":true,"href":"https:\/\/speyer24news.com\/index.php?rest_route=%2Fwp%2Fv2%2Fcategories&post=46356"},{"taxonomy":"post_tag","embeddable":true,"href":"https:\/\/speyer24news.com\/index.php?rest_route=%2Fwp%2Fv2%2Ftags&post=46356"}],"curies":[{"name":"wp","href":"https:\/\/api.w.org\/{rel}","templated":true}]}}