{"id":46413,"date":"2022-05-24T06:18:06","date_gmt":"2022-05-24T05:18:06","guid":{"rendered":"https:\/\/speyer24news.com\/?p=46413"},"modified":"2022-05-24T06:18:08","modified_gmt":"2022-05-24T05:18:08","slug":"speyer-kultur-7","status":"publish","type":"post","link":"https:\/\/speyer24news.com\/?p=46413","title":{"rendered":"Speyer \/ Kultur"},"content":{"rendered":"<style type=\"text\/css\">\r\n\t.ads_top_disp{}\r\n\t.ads_top_corner_disp{ float:left; margin:0px 10px 10px 0px; }\r\n\t.ads_first_p_disp{}\r\n\t.ads_bottom_disp{}\r\n\t<\/style>\n<h2 class=\"wp-block-heading\">UNESCO-Welterbetag in Speyer &#8211; F\u00fchrungen durch die Welterbest\u00e4tten Dom und Judenhof<\/h2>\n\n\n\n<div class=\"wp-block-image\"><figure class=\"aligncenter size-full\"><img decoding=\"async\" loading=\"lazy\" width=\"800\" height=\"533\" src=\"https:\/\/speyer24news.com\/wp-content\/uploads\/2022\/05\/Dom-zu-Speyer-Nachtaufnahme-c-Domkapitel-Speyer_Foto_-Klaus-Landry.jpg\" alt=\"\" class=\"wp-image-46414\" srcset=\"https:\/\/speyer24news.com\/wp-content\/uploads\/2022\/05\/Dom-zu-Speyer-Nachtaufnahme-c-Domkapitel-Speyer_Foto_-Klaus-Landry.jpg 800w, https:\/\/speyer24news.com\/wp-content\/uploads\/2022\/05\/Dom-zu-Speyer-Nachtaufnahme-c-Domkapitel-Speyer_Foto_-Klaus-Landry-300x200.jpg 300w, https:\/\/speyer24news.com\/wp-content\/uploads\/2022\/05\/Dom-zu-Speyer-Nachtaufnahme-c-Domkapitel-Speyer_Foto_-Klaus-Landry-768x512.jpg 768w\" sizes=\"(max-width: 800px) 100vw, 800px\" \/><figcaption>Dom zu Speyer, Nachtaufnahme.<br><em>Foto: Domkapitel Speyer \/ Klaus Landry<\/em><\/figcaption><\/figure><\/div>\n\n\n\n<p>Seit Juli 2021 besitzt Speyer nicht nur ein, sondern sogar zwei UNESCO-Welterbest\u00e4tten: den Dom zu Speyer und den Judenhof als Teil des gemeinsamen j\u00fcdischen Erbes der SchUM-St\u00e4dte. Nachdem in den vergangenen beiden Jahren das Programm zum UNESCO-Welterbetag in Speyer pandemiebedingt ausschlie\u00dflich aus digitalen Angeboten bestand, k\u00f6nnen 2022 wieder F\u00fchrungen vor Ort stattfinden.<\/p>\n\n\n\n<p>Am Sonntag, 5. Juni 2022, werden um 13 Uhr und um 14:30 Uhr besondere Rundg\u00e4nge um und durch den Dom angeboten, die sich mit Fragestellungen rund um den Welterbetitel f\u00fcr den Dom besch\u00e4ftigen: Wie kam der Dom 1981 auf die Liste des UNESCO-Welterbes? Was ist das besondere, universelle Erbe? Was bedeutet der Welterbetitel f\u00fcr den Dom heute? Tickets sind am selben Tag f\u00fcr 8,50 Euro in der Dom-Info erh\u00e4ltlich.<\/p>\n\n\n\n<div class=\"wp-block-image\"><figure class=\"aligncenter size-full\"><img decoding=\"async\" loading=\"lazy\" width=\"800\" height=\"559\" src=\"https:\/\/speyer24news.com\/wp-content\/uploads\/2022\/05\/Mikwe-SpeyercKlaus-Venus.jpg\" alt=\"\" class=\"wp-image-46415\" srcset=\"https:\/\/speyer24news.com\/wp-content\/uploads\/2022\/05\/Mikwe-SpeyercKlaus-Venus.jpg 800w, https:\/\/speyer24news.com\/wp-content\/uploads\/2022\/05\/Mikwe-SpeyercKlaus-Venus-300x210.jpg 300w, https:\/\/speyer24news.com\/wp-content\/uploads\/2022\/05\/Mikwe-SpeyercKlaus-Venus-768x537.jpg 768w\" sizes=\"(max-width: 800px) 100vw, 800px\" \/><figcaption>Die Mikwe Speyer<br><em>Foto: Klaus Venus<\/em><\/figcaption><\/figure><\/div>\n\n\n\n<p>Die Stadt Speyer l\u00e4dt um 11 Uhr und um 16 Uhr unter dem Titel \u201eSchUM in Speyer\u201c zu einer F\u00fchrung durch den mittelalterlichen Judenhof ein. Dieser wurde, zusammen mit j\u00fcdischen St\u00e4tten des Mittelalters in Worms und Mainz, am 27. Juli 2021 Teil des UNESCO-Welterbes. Die Teilnahme an den F\u00fchrungen ist kostenfrei. Die Dauerausstellung zur j\u00fcdischen Geschichte der Stadt Speyer ist ebendort im Museum SchPIRA zwischen 10 und 17 Uhr zug\u00e4nglich.<\/p>\n\n\n\n<p>In Worms werden am 5. Juni jeweils um 10.30 Uhr und um 14 Uhr F\u00fchrungen mit dem Titel \u201eDie j\u00fcdischen St\u00e4tten in Worms\u201c angeboten (ohne Anmeldung, Treffpunkt am Synagogenplatz, f\u00fcr den Besuch der Synagoge ben\u00f6tigen M\u00e4nner eine Kopfbedeckung). Wegen des j\u00fcdischen Feiertags\u00a0<em>Schawuot<\/em>\u00a0ist an diesem Tag der Besuch des Friedhofs Heiliger Sand nicht Teil der F\u00fchrung. Zudem ist das Museum im Raschihaus zwischen 10 und 19 Uhr mit der Ausstellung \u201eSchUM am Rhein. Vom Mittelalter in die Moderne\u201c ge\u00f6ffnet.\u00a0<\/p>\n\n\n\n<div class=\"wp-block-image\"><figure class=\"aligncenter size-full\"><img decoding=\"async\" loading=\"lazy\" width=\"800\" height=\"600\" src=\"https:\/\/speyer24news.com\/wp-content\/uploads\/2022\/05\/Alter-Juedischer-Friedhof-Mainz_cCarsten_Costard.jpg\" alt=\"\" class=\"wp-image-46416\" srcset=\"https:\/\/speyer24news.com\/wp-content\/uploads\/2022\/05\/Alter-Juedischer-Friedhof-Mainz_cCarsten_Costard.jpg 800w, https:\/\/speyer24news.com\/wp-content\/uploads\/2022\/05\/Alter-Juedischer-Friedhof-Mainz_cCarsten_Costard-300x225.jpg 300w, https:\/\/speyer24news.com\/wp-content\/uploads\/2022\/05\/Alter-Juedischer-Friedhof-Mainz_cCarsten_Costard-768x576.jpg 768w, https:\/\/speyer24news.com\/wp-content\/uploads\/2022\/05\/Alter-Juedischer-Friedhof-Mainz_cCarsten_Costard-678x509.jpg 678w, https:\/\/speyer24news.com\/wp-content\/uploads\/2022\/05\/Alter-Juedischer-Friedhof-Mainz_cCarsten_Costard-326x245.jpg 326w, https:\/\/speyer24news.com\/wp-content\/uploads\/2022\/05\/Alter-Juedischer-Friedhof-Mainz_cCarsten_Costard-80x60.jpg 80w\" sizes=\"(max-width: 800px) 100vw, 800px\" \/><figcaption>Der alte j\u00fcdische Friedhof in Mainz.<br><em>Foto: Carsten Costard<\/em><\/figcaption><\/figure><\/div>\n\n\n\n<p>Mainz vertagt sein Angebot mit einer F\u00fchrung am Alten j\u00fcdischen Friedhof \u201eJudensand\u201c auf Sonntag, den 12. Juni 2022, 15 Uhr wegen des j\u00fcdischen Feiertags, an dem der Friedhof nicht betreten werden darf. Treffpunkt f\u00fcr die F\u00fchrung ist der Haupteingang des Friedhofs an der Mombacher Stra\u00dfe. Wegen begrenzter G\u00e4stezahl ist in Mainz eine Anmeldung erforderlich unter&nbsp;<a href=\"mailto:anke.sprenger@stadt.mainz.de\" target=\"_blank\" rel=\"noreferrer noopener\">anke.sprenger@stadt.mainz.de<\/a>. M\u00e4nner werden gebeten, eine Kopfbedeckung zu tragen.&nbsp;<\/p>\n\n\n\n<p>Wer eine der Welterbest\u00e4tten besucht oder besucht hat, kann an einem Fotowettbewerb der deutschen UNESCO-Kommission teilnehmen und eine \u201eGoodie-Bag\u201c mit Artikeln verschiedener deutscher Welterbest\u00e4tten gewinnen. Informationen und Teilnahme unter\u00a0\u00a0<a href=\"https:\/\/deref-web.de\/mail\/client\/yYDn6xyd0RQ\/dereferrer\/?redirectUrl=http%3A%2F%2Fwww.unesco-welterbetag.de%2Ffotoaktion\" target=\"_blank\" rel=\"noreferrer noopener\">www.unesco-welterbetag.de\/fotoaktion<\/a><\/p>\n\n\n\n<div class=\"wp-block-image\"><figure class=\"aligncenter size-full\"><img decoding=\"async\" loading=\"lazy\" width=\"800\" height=\"600\" src=\"https:\/\/speyer24news.com\/wp-content\/uploads\/2022\/05\/Synagoge-Worms_cSchUM-Staedte-eV.jpg\" alt=\"\" class=\"wp-image-46417\" srcset=\"https:\/\/speyer24news.com\/wp-content\/uploads\/2022\/05\/Synagoge-Worms_cSchUM-Staedte-eV.jpg 800w, https:\/\/speyer24news.com\/wp-content\/uploads\/2022\/05\/Synagoge-Worms_cSchUM-Staedte-eV-300x225.jpg 300w, https:\/\/speyer24news.com\/wp-content\/uploads\/2022\/05\/Synagoge-Worms_cSchUM-Staedte-eV-768x576.jpg 768w, https:\/\/speyer24news.com\/wp-content\/uploads\/2022\/05\/Synagoge-Worms_cSchUM-Staedte-eV-678x509.jpg 678w, https:\/\/speyer24news.com\/wp-content\/uploads\/2022\/05\/Synagoge-Worms_cSchUM-Staedte-eV-326x245.jpg 326w, https:\/\/speyer24news.com\/wp-content\/uploads\/2022\/05\/Synagoge-Worms_cSchUM-Staedte-eV-80x60.jpg 80w\" sizes=\"(max-width: 800px) 100vw, 800px\" \/><figcaption>Die Synagoge in Worms. <br><em>Foto: SchUM-St\u00e4dte e.V.<\/em><\/figcaption><\/figure><\/div>\n\n\n\n<h4 class=\"wp-block-heading\">Zum Hintergrund: UNESCO-Welterbetag 2022<\/h4>\n\n\n\n<p>Am 5. Juni 2022, dem UNESCO-Welterbetag, l\u00e4dt die Deutsche UNESCO-Kommission gemeinsam mit dem Verein UNESCO-Welterbest\u00e4tten Deutschland e.V. und allen Welterbest\u00e4tten in Deutschland zu Streifz\u00fcgen durch das Erbe der Menschheit ein<\/p>\n\n\n\n<p>Unter dem Motto \u201e50 Jahre Welterbekonvention: Erbe erhalten \u2013 Zukunft gestalten\u201c r\u00fccken die Veranstaltenden am 5. Juni 2022 gemeinsam mit verschiedensten Akteuren in den 51 Welterbest\u00e4tten in Deutschland die Bedeutung und die Wirkungen des weltweit bekanntesten Schutzinstruments f\u00fcr das Kultur- und Naturerbe in den Mittelpunkt.<\/p>\n\n\n\n<p>Den UNESCO-Welterbetag hat die Deutschen UNESCO-Kommission 2005 gemeinsam mit dem UNESCO-Welterbest\u00e4tten Deutschland e.V. ins Leben gerufen. Seither wird er allj\u00e4hrlich am ersten Sonntag im Juni deutschlandweit begangen. F\u00fchrungen und Vortr\u00e4ge, Musik und Aktionen gew\u00e4hren Blicke hinter die Kulissen des Welterbes und laden zum Erkunden und Entdecken des Kultur- und Naturerbes ein.<\/p>\n\n\n\n<p>Weitere Informationen und einen zentralen Veranstaltungskalender gibt es unter:\u00a0<a href=\"https:\/\/deref-web.de\/mail\/client\/CTZUaeNpiPg\/dereferrer\/?redirectUrl=https%3A%2F%2Fwww.unesco-welterbetag.de\" target=\"_blank\" rel=\"noreferrer noopener\">https:\/\/www.unesco-welterbetag.de<\/a><\/p>\n\n\n\n<p><em>Text: Stadtverwaltung Speyer Foto: (1) Domkapitel Speyer \/ Klaus Landry; (2) Klaus Venus; (3) Carsten Costard; (4) SchUM-St\u00e4dte e.V.<br>23.05.2022<\/em><\/p>\n","protected":false},"excerpt":{"rendered":"<div class=\"mh-excerpt\"><p>UNESCO-Welterbetag in Speyer &#8211; F\u00fchrungen durch die Welterbest\u00e4tten Dom und Judenhof Seit Juli 2021 besitzt Speyer nicht nur ein, sondern sogar zwei UNESCO-Welterbest\u00e4tten: den Dom zu Speyer und den Judenhof als Teil des gemeinsamen j\u00fcdischen <a class=\"mh-excerpt-more\" href=\"https:\/\/speyer24news.com\/?p=46413\" title=\"Speyer \/ Kultur\">[&#8230;]<\/a><\/p>\n<\/div>","protected":false},"author":3,"featured_media":23902,"comment_status":"open","ping_status":"open","sticky":false,"template":"","format":"standard","meta":{"_monsterinsights_skip_tracking":false,"_monsterinsights_sitenote_active":false,"_monsterinsights_sitenote_note":"","_monsterinsights_sitenote_category":0,"footnotes":""},"categories":[14,9],"tags":[275,3370,14660,577,3369,6,1432,14661,14656,14657,14658,14655,14654],"aioseo_notices":[],"amp_enabled":true,"_links":{"self":[{"href":"https:\/\/speyer24news.com\/index.php?rest_route=\/wp\/v2\/posts\/46413"}],"collection":[{"href":"https:\/\/speyer24news.com\/index.php?rest_route=\/wp\/v2\/posts"}],"about":[{"href":"https:\/\/speyer24news.com\/index.php?rest_route=\/wp\/v2\/types\/post"}],"author":[{"embeddable":true,"href":"https:\/\/speyer24news.com\/index.php?rest_route=\/wp\/v2\/users\/3"}],"replies":[{"embeddable":true,"href":"https:\/\/speyer24news.com\/index.php?rest_route=%2Fwp%2Fv2%2Fcomments&post=46413"}],"version-history":[{"count":1,"href":"https:\/\/speyer24news.com\/index.php?rest_route=\/wp\/v2\/posts\/46413\/revisions"}],"predecessor-version":[{"id":46418,"href":"https:\/\/speyer24news.com\/index.php?rest_route=\/wp\/v2\/posts\/46413\/revisions\/46418"}],"wp:featuredmedia":[{"embeddable":true,"href":"https:\/\/speyer24news.com\/index.php?rest_route=\/wp\/v2\/media\/23902"}],"wp:attachment":[{"href":"https:\/\/speyer24news.com\/index.php?rest_route=%2Fwp%2Fv2%2Fmedia&parent=46413"}],"wp:term":[{"taxonomy":"category","embeddable":true,"href":"https:\/\/speyer24news.com\/index.php?rest_route=%2Fwp%2Fv2%2Fcategories&post=46413"},{"taxonomy":"post_tag","embeddable":true,"href":"https:\/\/speyer24news.com\/index.php?rest_route=%2Fwp%2Fv2%2Ftags&post=46413"}],"curies":[{"name":"wp","href":"https:\/\/api.w.org\/{rel}","templated":true}]}}