{"id":46437,"date":"2022-05-25T07:36:29","date_gmt":"2022-05-25T06:36:29","guid":{"rendered":"https:\/\/speyer24news.com\/?p=46437"},"modified":"2022-05-25T07:36:34","modified_gmt":"2022-05-25T06:36:34","slug":"polizei-817","status":"publish","type":"post","link":"https:\/\/speyer24news.com\/?p=46437","title":{"rendered":"Polizei"},"content":{"rendered":"<style type=\"text\/css\">\r\n\t.ads_top_disp{}\r\n\t.ads_top_corner_disp{ float:left; margin:0px 10px 10px 0px; }\r\n\t.ads_first_p_disp{}\r\n\t.ads_bottom_disp{}\r\n\t<\/style>\n<h2 class=\"wp-block-heading\">Polizeimeldungen vom Dienstag (24.05.2022)<\/h2>\n\n\n\n<div class=\"wp-block-image\"><figure class=\"aligncenter size-full\"><img decoding=\"async\" loading=\"lazy\" width=\"375\" height=\"500\" src=\"https:\/\/speyer24news.com\/wp-content\/uploads\/2022\/03\/Aktuelles-Polizeilogo.jpg\" alt=\"\" class=\"wp-image-43591\" srcset=\"https:\/\/speyer24news.com\/wp-content\/uploads\/2022\/03\/Aktuelles-Polizeilogo.jpg 375w, https:\/\/speyer24news.com\/wp-content\/uploads\/2022\/03\/Aktuelles-Polizeilogo-225x300.jpg 225w\" sizes=\"(max-width: 375px) 100vw, 375px\" \/><\/figure><\/div>\n\n\n\n<h2 class=\"wp-block-heading\">(Speyer) &#8211; Zwei Trunkenheitsfahrten auf dem Fahrrad<\/h2>\n\n\n\n<p>Am 23.05.2022 gegen 18:45 Uhr befuhr eine 37-J\u00e4hrige die Paul-Egell-Stra\u00dfe auf ihrem Fahrrad in starken Schlangenlinien. Eine Polizeistreife wurde auf sie aufmerksam und f\u00fchrte eine Verkehrskontrolle durch. Ein freiwilliger Atemalkoholtest ergab bei ihr einen Wert von 3,02 Promille. Gegen 19 Uhr passierte ein 52-J\u00e4hriger die Kontrollstelle mit seinem Fahrrad und fiel denselben Beamten ebenfalls durch seine unsichere Fahrweise auf. Ein Atemalkoholtest bei ihm ergab einen Wert von 1,94 Promille.<\/p>\n\n\n\n<p>Die Beamten untersagten beiden Fahrradfahrenden die Weiterfahrt und verbrachten diese zur Dienststelle. Dort entnahm eine \u00c4rztin Blutproben zur beweissicheren Feststellung des Blutalkoholwertes. Die 37-J\u00e4hrige und den 52-J\u00e4hrigen erwarten Strafverfahren wegen Trunkenheit im Verkehr.<\/p>\n\n\n\n<h2 class=\"wp-block-heading\">(B\u00f6hl-Iggelheim) &#8211; Liebesspiel mit Folgen<\/h2>\n\n\n\n<p>Am 22.05.2022 um 18:30 Uhr wurde die Funkstreife zu einem Gartengrundst\u00fcck gerufen, auf dem Verd\u00e4chtige eingedrungen waren. Vor Ort wurde ein 22-J\u00e4hriger und eine 23-J\u00e4hrige festgestellt welche sich dort im \u00dcberschwang der Gef\u00fchle ihrem Liebesspiel hingaben. Da jedoch der Grundst\u00fccksinhaber zwar das Liebesspiel als nicht verwerflich im Gegensatz aber zum unbefugten Eindringen auf sein Grundst\u00fcck ansah, wird das Stelldichein noch Folgen haben.<\/p>\n\n\n\n<h2 class=\"wp-block-heading\">(Schifferstadt) &#8211; Hilfe von Passanten f\u00fcr verletzte Radfahrerin<\/h2>\n\n\n\n<p>Am 23.05.2022 um 09:30 Uhr st\u00fcrzte eine 82-j\u00e4hrige Radfahrerin beim Absteigen und zog sich dabei eine Platzwunde am Kopf zu. Zwei Passantinnen k\u00fcmmerten sich direkt um die Verletzte. Zur weiteren Versorgung wurde sie vom Rettungsdienst in ein Krankenhaus gebracht.<\/p>\n\n\n\n<h2 class=\"wp-block-heading\">(Mutterstadt) &#8211; Verkehrsunfall mit leichtverletzter Person<\/h2>\n\n\n\n<p>Am 23.05.2022, gegen 16:50 Uhr, kam es im Ortszentrum von Mutterstadt zu einem Verkehrsunfall zwischen zwei PKW. Ein 44-j\u00e4hriger PKW-Fahrer befuhr die Ludwigshafener Stra\u00dfe aus Richtung Ludwigshafen kommend. Ein 53-j\u00e4hriger PKW-Fahrer befuhr die Oggersheimer Stra\u00dfe von Oggersheim kommend. An der Kreuzung zu o.g. Stra\u00dfen kam es durch die Missachtung von &#8222;rechts vor links&#8220; zum Zusammensto\u00df, wodurch Betriebsstoffe ausliefen und die Fahrbahn gereinigt werden musste. Beide Fahrzeuge waren nicht mehr fahrbereit und mussten abgeschleppt werden. Der 53-j\u00e4hrige zog sich leichte Verletzungen am Kopf zu. Die Sperrung bzw. Reinigung der Unfallstelle dauerte ca. zwei Stunden.<\/p>\n\n\n\n<h2 class=\"wp-block-heading\">(Mutterstadt) &#8211; Dieseldiebstahl aus Bagger<\/h2>\n\n\n\n<p>Zwischen dem 20.05.2022 und dem 23.05.2022 wurde der Tankdeckel eines Baggers, welcher auf einem Feldweg in der N\u00e4he des Triebgrabens abgestellt war, aufgebrochen und ca. 300 Liter Diesel-Kraftstoff entnommen. Es entstand ein Schaden in H\u00f6he von ca. 650 Euro. Zeugen, die Angaben zu dem Tatgeschehen oder den T\u00e4tern machen k\u00f6nnen, werden gebeten, sich mit der Polizeiinspektion Schifferstadt unter 06235 495-0 oder\u00a0<a href=\"mailto:pischifferstadt@polizei.rlp.de\">pischifferstadt@polizei.rlp.de<\/a>\u00a0in Verbindung zu setzen.<\/p>\n\n\n\n<h2 class=\"wp-block-heading\">(R\u00f6merberg-Mechtersheim) &#8211; Einsatz von Videotechnik beim Spiel der Meisterrunde gegen Eintracht Trier<a href=\"https:\/\/www.facebook.com\/sharer.php?u=https%3A%2F%2Fwww.presseportal.de%2Fblaulicht%2Fpm%2F117688%2F5230656%2F%3Futm_source%3Dfacebook%26utm_medium%3Dsocial\"><\/a><a href=\"https:\/\/twitter.com\/intent\/tweet?text=POL-PDLU%3A%20R%C3%B6merberg-Mechtersheim%20-%20Einsatz%20von%20Videotechnik%20beim%20Spiel%20der%20Meisterrunde%20gegen%20Eintracht%20Trier&amp;url=https%3A%2F%2Fwww.presseportal.de%2Fblaulicht%2Fpm%2F117688%2F5230656%2F%3Futm_source%3Dtwitter%26utm_medium%3Dsocial&amp;hashtags=ots&amp;lang=de\"><\/a><a href=\"https:\/\/web.whatsapp.com\/send?text=POL-PDLU%3A%20R%C3%B6merberg-Mechtersheim%20-%20Einsatz%20von%20Videotechnik%20beim%20Spiel%20der%20Meisterrunde%20gegen%20Eintracht%20Trier%0A%0Ahttps%3A%2F%2Fwww.presseportal.de%2Fblaulicht%2Fpm%2F117688%2F5230656%2F%3Futm_source%3Dwhatsapp%26utm_medium%3Dsocial\"><\/a><a href=\"https:\/\/www.xing.com\/app\/user?op=share;url=https%3A%2F%2Fwww.presseportal.de%2Fblaulicht%2Fpm%2F117688%2F5230656%2F%3Futm_source%3Dxing%26utm_medium%3Dsocial\"><\/a><a href=\"http:\/\/www.linkedin.com\/shareArticle?mini=true&amp;url=https%3A%2F%2Fwww.presseportal.de%2Fblaulicht%2Fpm%2F117688%2F5230656%2F%3Futm_source%3Dlinkedin%26utm_medium%3Dsocial&amp;title=POL-PDLU%3A+R%C3%B6merberg-Mechtersheim+-+Einsatz+von+Videotechnik+beim+Spiel+der+Meisterrunde+gegen+Eintracht+Trier\"><\/a><a href=\"mailto:?subject=POL-PDLU%3A%20R%C3%B6merberg-Mechtersheim%20-%20Einsatz%20von%20Videotechnik%20beim%20Spiel%20der%20Meisterrunde%20gegen%20Eintracht%20Trier&amp;body=https:\/\/www.presseportal.de\/blaulicht\/pm\/117688\/5230656\"><\/a><\/h2>\n\n\n\n<div class=\"wp-block-image\"><figure class=\"aligncenter size-full\"><img decoding=\"async\" loading=\"lazy\" width=\"800\" height=\"524\" src=\"https:\/\/speyer24news.com\/wp-content\/uploads\/2019\/09\/Video\u00fcberwachung.jpg\" alt=\"\" class=\"wp-image-18734\" srcset=\"https:\/\/speyer24news.com\/wp-content\/uploads\/2019\/09\/Video\u00fcberwachung.jpg 800w, https:\/\/speyer24news.com\/wp-content\/uploads\/2019\/09\/Video\u00fcberwachung-300x197.jpg 300w, https:\/\/speyer24news.com\/wp-content\/uploads\/2019\/09\/Video\u00fcberwachung-768x503.jpg 768w\" sizes=\"(max-width: 800px) 100vw, 800px\" \/><\/figure><\/div>\n\n\n\n<p>Am kommenden Donnerstag, den 26.05.2022, trifft in der Meisterrunde der Fu\u00dfball-Oberliga Rheinland-Pfalz\/Saar die TuS Mechtersheim auf die G\u00e4ste aus Trier. Zu der Fu\u00dfballpartie werden etwa 600 Fans erwartet. Ansto\u00df an der Philippsburger Stra\u00dfe ist um 15:00 Uhr.<\/p>\n\n\n\n<p>Die Partie wurde seitens der Polizei als risikobehaftetes Spiel eingestuft. Sie wird mit ihren Einsatzkr\u00e4ften den reibungslosen und sicheren Verlauf der Veranstaltung gew\u00e4hrleisten und St\u00f6rungen konsequent unterbinden. Hierf\u00fcr ist eine Trennung beider Fan-Lager vorgesehen.<\/p>\n\n\n\n<p>W\u00e4hrend des Einsatzes setzt die Polizei Video\u00fcberwachung zur Verhinderung, aber auch zur beweissicheren Verfolgung von Straftaten ein. Dadurch soll ein st\u00f6rungsfreier Verlauf gew\u00e4hrleistet werden. Vor Ort werden Hinweisschilder aufgestellt. Die Polizei verweist auf die Datenschutzbestimmungen des Landes. Informationen hierzu finden sie unter\u00a0<a target=\"_blank\" rel=\"noreferrer noopener\" href=\"https:\/\/www.polizei.rlp.de\/de\/Service\/datenschutzinformationen\">https:\/\/www.polizei.rlp.de\/de\/Service\/datenschutzinformationen<\/a>\u00a0sowie auf einem Infoblatt, welches bei der Polizeiinspektion Speyer eingesehen werden kann.<\/p>\n\n\n\n<h2 class=\"wp-block-heading\">(Kandel) &#8211; Verkehrsunfall mit verletztem Fahrradfahrer<\/h2>\n\n\n\n<p>Ein 68-j\u00e4hriger Fahrradfahrer aus Neupotz befuhr den parallel zur B427 verlaufenden Radweg von Kandel kommend in Richtung Rheinzabern. Der 26-j\u00e4hrige Fahrzeugf\u00fchrer aus Karlsruhe befuhr die A65-Abfahrt &#8222;Kandel-Mitte&#8220; und querte die B427, um in die Stra\u00dfe &#8222;Am Holderb\u00fchl&#8220; einzufahren. Hierbei \u00fcbersah er den vorfahrtsberechtigten Radfahrer. Es kam zum Zusammensto\u00df, wobei der Fahrradfahrer \u00fcber den Pkw geschleudert wurde und im Stra\u00dfengraben zu Fall kam. Er wurde schwer verletzt in ein Krankenhaus verbracht. Laut Rettungsdienste besteht keine Lebensgefahr. Am Fahrrad sowie am Pkw entstand leichter Sachschaden. Gegen den Fahrzeugf\u00fchrer wurde ein Strafverfahren wegen fahrl\u00e4ssiger K\u00f6rperverletzung eingeleitet.<\/p>\n\n\n\n<h2 class=\"wp-block-heading\">(Offenbach &amp; Herxheim) &#8211; Baustellenfahrzeuge besch\u00e4digt<\/h2>\n\n\n\n<p>Zwischen dem 20.5. und 23.5.2022 wurden mehrere Baustellenfahrzeuge, welche im Bereich der Landstra\u00dfe 542, zwischen Offenbach und Herxheim abgestellt waren, besch\u00e4digt. Die Fahrzeuge wurden u.a. mit Markierfarbe bespr\u00fcht. Zudem wurde an einem Radlader eine Scheibe eingeschlagen. Der Gesamtschaden bel\u00e4uft sich auf zirka 1500 EUR. Die Polizei hat die Ermittlungen wegen Sachbesch\u00e4digung aufgenommen. T\u00e4terhinweise werden telefonisch unter 06341\/2870 oder per Mail an&nbsp;<a href=\"mailto:pilandau@polizei.rlp.de\">pilandau@polizei.rlp.de<\/a>&nbsp;entgegengenommen.<\/p>\n\n\n\n<h2 class=\"wp-block-heading\">(Landau) &#8211; N\u00e4chtlicher Dieb in die Flucht geschlagen<\/h2>\n\n\n\n<p>Durch eine Zeugin konnte der Diebstahl aus einem unverschlossenen Auto im Bereich der Haydnstra\u00dfe am Dienstagmorgen gegen 4 Uhr verhindert werden. Die Landauerin hatte beobachtet wie eine bislang unbekannte m\u00e4nnliche Person die Autot\u00fcr eines fremden Fahrzeugs \u00f6ffnete und sich in den Innenraum beugte. Der Tatverd\u00e4chtige wurde auf die Zeugin aufmerksam und fl\u00fcchtete im Anschluss von der \u00d6rtlichkeit. Nach ersten Erkenntnissen wurde nichts entwendet. Der Tatverd\u00e4chtige trug zum Tatzeitpunkt eine dunkle Jogginghose sowie ein wei\u00dfes T &#8211; Shirt. Ein Schaden ist nicht entstanden.<\/p>\n\n\n\n<p>Hinweise zur Tat nimmt die Polizei Landau telefonisch unter 06341\/2870 oder per Mail an\u00a0<a href=\"mailto:pilandau@polizei.rlp.de\">pilandau@polizei.rlp.de<\/a>\u00a0entgegen.<\/p>\n\n\n\n<h2 class=\"wp-block-heading\">(Edesheim) &#8211; Geschwindigkeitsmessungen in Edesheim<\/h2>\n\n\n\n<p>Am Dienstag (24.05.2022) wurde durch die Polizei Edenkoben die Einhaltung der Geschwindigkeitsbegrenzungen von 30 km\/h in Edesheim \u00fcberwacht. In der Staatsstra\u00dfe mussten zwischen 10:35 und 11:40 Uhr 17 Fahrzeugf\u00fchrer beanstandet werden, da sie die erlaubte H\u00f6chstgeschwindigkeit \u00fcberschritten. Der &#8222;Spitzenreiter&#8220; wurde mit 56 km\/h gemessen. Ihn erwartet ein Bu\u00dfgeld in H\u00f6he von 115 Euro und einen Punkt im Fahreignungsregister.<\/p>\n\n\n\n<p>Bei einer weiteren Geschwindigkeitsmessung in der Jahnstra\u00dfe ergaben sich um die Mittagszeit innerhalb von 15 Minuten erfreulicherweise keine Verst\u00f6\u00dfe. In diesem Bereich erfolgen in der n\u00e4chsten Zeit weitere Kontrollen.<\/p>\n\n\n\n<h2 class=\"wp-block-heading\">(Edesheim) &#8211; Einbruch in Grundschule<\/h2>\n\n\n\n<p>In der Ruprechtstra\u00dfe sind Unbekannte in den zur\u00fcckliegenden Tagen in die Grundschule eingebrochen. Der Sachverhalt wurde der Polizei erst Montag (23.05.2022) bekannt. Zun\u00e4chst wurden durch die T\u00e4ter zwei Bewegungsmelder abgeschlagen, bevor sie ein Fenster aufhebelten und in das Geb\u00e4ude einstiegen. Was genau entwendet wurde, steht derzeit noch nicht fest. Die Gesamtschadensh\u00f6he liegt bei 1.500 Euro. Hinweise nimmt die Polizei Edenkoben unter der Telefonnummer 06323 9550 entgegen.<\/p>\n\n\n\n<h2 class=\"wp-block-heading\">(Edenkoben) &#8211; Zahlreiche Verkehrsverst\u00f6\u00dfe in der Luitpoldstra\u00dfe<\/h2>\n\n\n\n<p>Am Dienstagnachmittag (24.05.2022) wurden zwischen 13:35 und 14:50 Uhr in der Luitpoldstra\u00dfe in Edenkoben in H\u00f6he der Feuerwehr mehrere Verkehrskontrollen durchgef\u00fchrt. Hierbei wurden f\u00fcnf Fahrzeugf\u00fchrer festgestellt, die w\u00e4hrend der Fahrt ihr Mobiltelefon verbotswidrig nutzten. Auf sie kommt jeweils ein Bu\u00dfgeld in H\u00f6he von 100 Euro und einen Punkt im Fahreignungsregister zu. Einem 41-j\u00e4hrigen &#8222;Handys\u00fcnder&#8220; droht sogar der Verlust des F\u00fchrerscheins, da er eigenen Angaben nach bereits etliche Punkte gesammelt hat. Weiterhin wurden neun Fahrzeugf\u00fchrer festgestellt, die keinen Sicherheitsgurt angelegt hatten. Ein Transporter fiel den Beamten auf, da die vorderen Seitenscheiben sehr dunkel waren. Bei der Kontrolle stellte sich heraus, dass auf den genannten Scheiben eine T\u00f6nungsfolie angebracht war. Da dies nicht erlaubt sind, erlischt hierdurch die Betriebserlaubnis des Fahrzeugs. Neben dem f\u00e4lligen Verwarngeld muss der 57-j\u00e4hrige Fahrzeugf\u00fchrer auch die Folie wieder entfernen.<\/p>\n\n\n\n<h2 class=\"wp-block-heading\">(Edenkoben) &#8211; Fahrzeug in Flammen<\/h2>\n\n\n\n<div class=\"wp-block-image\"><figure class=\"aligncenter size-full\"><img decoding=\"async\" loading=\"lazy\" width=\"800\" height=\"600\" src=\"https:\/\/speyer24news.com\/wp-content\/uploads\/2022\/05\/Brand.jpg\" alt=\"\" class=\"wp-image-46438\" srcset=\"https:\/\/speyer24news.com\/wp-content\/uploads\/2022\/05\/Brand.jpg 800w, https:\/\/speyer24news.com\/wp-content\/uploads\/2022\/05\/Brand-300x225.jpg 300w, https:\/\/speyer24news.com\/wp-content\/uploads\/2022\/05\/Brand-768x576.jpg 768w, https:\/\/speyer24news.com\/wp-content\/uploads\/2022\/05\/Brand-678x509.jpg 678w, https:\/\/speyer24news.com\/wp-content\/uploads\/2022\/05\/Brand-326x245.jpg 326w, https:\/\/speyer24news.com\/wp-content\/uploads\/2022\/05\/Brand-80x60.jpg 80w\" sizes=\"(max-width: 800px) 100vw, 800px\" \/><\/figure><\/div>\n\n\n\n<p>Am Morgen des 24.05.2022 geriet auf der A65 zwischen der Anschlussstelle Landau Nord und der Rastst\u00e4tte Pf\u00e4lzer Weinstra\u00dfe S\u00fcd ein PKW in Brand. W\u00e4hrend der L\u00f6scharbeiten musste die A65 kurzzeitig vollgesperrt werden. Durch das Feuer entstand Totalschaden am Fahrzeug. Alle Beteiligten blieben unverletzt.<\/p>\n\n\n\n<h2 class=\"wp-block-heading\">(Edenkoben) &#8211; Und dann war da noch&#8230;<\/h2>\n\n\n\n<p>&#8230;der &#8222;gestrandete&#8220; 39-J\u00e4hrige, der in der Nacht vom 23. auf den 24.05.22 gegen 01:15 Uhr bei der Polizeiinspektion Edenkoben erschien. Der Mann gab in gebrochenem Englisch an, zuvor mit dem Bus aus Polen hergefahren zu sein. Nun erreiche er seinen hier wohnhaften Bruder nicht, mittlerweile w\u00e4re der Akku seines Mobiltelefons leer und er wisse einfach nicht mehr weiter. Der Herr konnte beruhigt werden und nahm erst einmal im Eingangsbereich der Dienststelle Platz. Sein Handy stellten die Polizisten kurzerhand zum Aufladen sicher und telefonierten w\u00e4hrenddessen s\u00e4mtliche Hotels im Ort ab. Nach mehreren fehlgeschlagenen Versuchen konnte doch noch eine Unterkunft in der N\u00e4he organisiert werden. Mit dem nun zumindest teilweise aufgeladenen Smartphone sowie einer ausgedruckten Wegbeschreibung machte sich der 39-J\u00e4hrige anschlie\u00dfend dankbar auf den Weg zu &#8222;seinem&#8220; Hotel, wo er bereits erwartet und f\u00fcr die restliche Nacht freundlich aufgenommen wurde.<\/p>\n\n\n\n<h2 class=\"wp-block-heading\">(Edenkoben) &#8211; Handy aus Einkaufswagen gestohlen<\/h2>\n\n\n\n<p>Eine 35 Jahre alte Frau war am vergangenen Samstag in einem Lebensmitteldiscounter in der Luitpoldstra\u00dfe, als ihr Unbekannte das Handy aus ihrer Tasche entwendeten, die im Einkaufswagen deponiert war. Erst als sie bezahlen wollte, bemerkte sie den Diebstahl. Von den T\u00e4tern fehlt jede Spur. Die Polizei bittet nochmals darum, insbesondere \u00e4ltere Mitmenschen dahingehend zu sensibilisieren, dass Wertgegenst\u00e4nde zwingend nah am K\u00f6rper getragen werden sollten. Niemals sollten Handtaschen oder Geldb\u00f6rsen in Einkaufswagen oder -k\u00f6rben transportiert werden. Professionell agierende Diebe halten bewusst Ausschau nach diesen Gelegenheiten und haben dann leichtes Spiel.<\/p>\n\n\n\n<h2 class=\"wp-block-heading\">(St. Martin) &#8211; Radfahrer \u00fcbersehen<\/h2>\n\n\n\n<p>Ein 68 Jahre alter Autofahrer missachtete Montagabend (23.05.2022, 18 Uhr) in der Maikammerer Stra\u00dfe die Vorfahrt eines 23-j\u00e4hrigen Radfahrers, weshalb es im Kreuzungsbereich zum Unfall kam, bei dem sich der Radfahrer an der Schulter verletzte. Nachdem ihn der Rettungsdienst erstversorgt hatte, wurde er in ein Krankenhaus transportiert.<\/p>\n\n\n\n<h2 class=\"wp-block-heading\">(Maikammer) &#8211; Seien Sie achtsam!<\/h2>\n\n\n\n<p>Erneut meldete sich ein vermeintlicher Polizeibeamter bei einem Mann und t\u00e4uschte diesem vor, dass unweit seiner Wohnanschrift in Maikammer eine Frau \u00fcberfallen und ausgeraubt worden w\u00e4re. Nachdem der Unbekannte nach Wertgegenst\u00e4nde fragte, bemerkte der Mann, dass da was nicht stimmt, weshalb er das Gespr\u00e4ch beendete und die richtige Polizei in Kenntnis setzte. Immer wieder sind Betr\u00fcger unterwegs, die sich als Polizisten ausgeben, um in den Besitz von Geld und anderen Wertgegenst\u00e4nden ihrer Opfer zu gelangen. Die Polizei wird niemanden um Geldbetr\u00e4ge oder Wertgegenst\u00e4nden bitten. Am Telefon sollten keine Details zu finanziellen Verh\u00e4ltnissen preisgegeben werden. Zudem sollte niemals Geld an Unbekannte ausgeh\u00e4ndigt werden. Man sollte sich am Telefon keineswegs unter Druck setzen lassen. Besser: Einfach auflegen und die Polizei informieren.<\/p>\n\n\n\n<h2 class=\"wp-block-heading\">(Neustadt) &#8211; Warnmeldung der Polizei \/ Telefonbetr\u00fcger in Neustadt sehr aktiv<\/h2>\n\n\n\n<figure class=\"wp-block-image size-full\"><img decoding=\"async\" loading=\"lazy\" width=\"800\" height=\"539\" src=\"https:\/\/speyer24news.com\/wp-content\/uploads\/2020\/02\/important-1702878_1280.png\" alt=\"\" class=\"wp-image-25020\" srcset=\"https:\/\/speyer24news.com\/wp-content\/uploads\/2020\/02\/important-1702878_1280.png 800w, https:\/\/speyer24news.com\/wp-content\/uploads\/2020\/02\/important-1702878_1280-300x202.png 300w, https:\/\/speyer24news.com\/wp-content\/uploads\/2020\/02\/important-1702878_1280-768x517.png 768w\" sizes=\"(max-width: 800px) 100vw, 800px\" \/><\/figure>\n\n\n\n<p>Zahlreiche Strafanzeigen wurden seit Dienstagfr\u00fch durch die Kripo Neustadt entgegengenommen und ein Ende ist nicht in Sicht. Betr\u00fcger, die sich am Telefon als Polizeibeamte, Mitarbeiter der Staatsanwaltschaft, Angeh\u00f6rige von Europol usw. ausgeben, versuchen im gesamten Stadtgebiet von Neustadt per Telefon die B\u00fcrgerinnen und B\u00fcrger zu betr\u00fcgen. Sie schildern Straftaten wie Einbr\u00fcche oder \u00dcberf\u00e4lle in der Nachbarschaft der Angerufenen und sorgen sich um deren Bargeld und Wertsachen zu Hause. Bislang kam es nur zu Versuchen, da die aufmerksamen, vermeintlichen Opfer die Telefonate beendeten und danach die Polizei verst\u00e4ndigten. Lassen Sie sich bitte auch nicht aufs Kreuz legen!<\/p>\n\n\n\n<h2 class=\"wp-block-heading\">(Wachenheim) &#8211; Brand eines M\u00fclleimers<\/h2>\n\n\n\n<p>Am 22.05.2022 gegen 22:30 Uhr wurde ein brennender M\u00fclleimer im Buchenweg in Wachenheim gemeldet. Die freiwillige Feuerwehr kam vor Ort und konnte den Brand l\u00f6schen. Brandurs\u00e4chlich war Grillkohle vom Vortag, welche sich in der M\u00fclltonne entz\u00fcndet habe. Am M\u00fclleimer und an der Hauswand entstand ein Sachschaden von 200 Euro. Verletzt wurde niemand.<\/p>\n\n\n\n<h2 class=\"wp-block-heading\">(Friedelsheim) &#8211; Durchfahrtskontrollen<\/h2>\n\n\n\n<p>Am 23.05.2022 zwischen 10:00 Uhr und 11:00 Uhr wurde, aufgrund der aktuellen Sperrung der Hauptstra\u00dfe in Richtung G\u00f6nnheim, in der Verl\u00e4ngerung der Waltersh\u00f6he, das dortige Durchfahrtsverbot \u00fcberwacht. Nur 1 Fahrzeugf\u00fchrer befuhr verbotswidrig den Weg und muss nun mit einem Verwarnungsgeld von 50 Euro rechnen. Die Polizei bittet hier die Verkehrsteilnehmer sich an die geltenden Verkehrsregeln zu halten, da es ansonsten zu Gefahrensituationen f\u00fcr Fu\u00dfg\u00e4nger und Radfahrer kommen kann.<\/p>\n\n\n\n<h2 class=\"wp-block-heading\">(Ellerstadt) &#8211; Verkehrsunfall mit verletzter Person<\/h2>\n\n\n\n<p>Am 22.05.2022 gegen 22:00 Uhr wurde ein 67-J\u00e4hriger Motorradfahrer bei einem Verkehrsunfall auf der L527 in Ellerstadt verletzt. Er befuhr mit seiner Suzuki die L527 von Bad D\u00fcrkheim kommend in Fahrtrichtung Maxdorf. Ein 18-J\u00e4hriger wollte mit seinem Mercedes von einem Feldweg aus nach links auf die L527, in Fahrtrichtung Bad D\u00fcrkheim, einfahren. Er missachtete an der Einm\u00fcndung die Vorfahrt des bevorrechtigten Motorradfahrers und es kam zum Zusammensto\u00df. Beide Fahrzeuge waren nicht mehr fahrbereit. Der 67-J\u00e4hrige erlitt durch den Zusammensto\u00df einen Bruch des Schien- und Schl\u00fcsselbeins. Er wurde vor Ort durch DRK versorgt und musste in ein Krankenhaus verbracht werden. Die L527 wurde f\u00fcr die Zeit der Unfallaufnahme und die anschlie\u00dfende Bergung der Fahrzeuge f\u00fcr ca. 2 Stunden in beide Richtungen gesperrt. Es herrschte kein gro\u00dfes Verkehrsaufkommen. Die Feuerwehr war vor Ort zwecks Ausleuchten der Unfallstelle und Abbinden der Betriebsstoffe des Motorrades.<\/p>\n\n\n\n<h2 class=\"wp-block-heading\">(Lambsheim) &#8211; Stromausfall in der Region<\/h2>\n\n\n\n<div class=\"wp-block-image\"><figure class=\"aligncenter size-full\"><img decoding=\"async\" loading=\"lazy\" width=\"800\" height=\"600\" src=\"https:\/\/speyer24news.com\/wp-content\/uploads\/2022\/05\/Feuerwehr.jpeg\" alt=\"\" class=\"wp-image-46439\" srcset=\"https:\/\/speyer24news.com\/wp-content\/uploads\/2022\/05\/Feuerwehr.jpeg 800w, https:\/\/speyer24news.com\/wp-content\/uploads\/2022\/05\/Feuerwehr-300x225.jpeg 300w, https:\/\/speyer24news.com\/wp-content\/uploads\/2022\/05\/Feuerwehr-768x576.jpeg 768w, https:\/\/speyer24news.com\/wp-content\/uploads\/2022\/05\/Feuerwehr-678x509.jpeg 678w, https:\/\/speyer24news.com\/wp-content\/uploads\/2022\/05\/Feuerwehr-326x245.jpeg 326w, https:\/\/speyer24news.com\/wp-content\/uploads\/2022\/05\/Feuerwehr-80x60.jpeg 80w\" sizes=\"(max-width: 800px) 100vw, 800px\" \/><\/figure><\/div>\n\n\n\n<p>Am 24.05.2022 kam es gegen 08:10 Uhr zu einem Erdschluss in einem Stromverteilerh\u00e4uschen in Lambsheim. Durch den Kurzschluss kam es zu einem Schmorbrand, der durch die Selbstl\u00f6schanlage gel\u00f6scht wurde. Grund war ein technischer Defekt. Eine Gefahr f\u00fcr die Bev\u00f6lkerung bestand nicht.<\/p>\n\n\n\n<p>Es kam zu teilweise Stromausf\u00e4llen in den Ortschaften Lambsheim, Ellerstadt, Maxdorf, Fu\u00dfg\u00f6nheim, Frankenthal und Ludwigshafen.<\/p>\n\n\n\n<p>Durch die Stadtwerke Gr\u00fcnstadt wurde der Strom umgeleitet, so dass die betroffenen Ortschaften nach etwa eineinhalb Stunden wieder versorgt wurden.<\/p>\n\n\n\n<p>Nach den Instandsetzungsarbeiten wird der Stromverteiler wieder ins Netz eingespeist. Hierbei soll es zu keiner Unterbrechung der Stromversorgung kommen.<\/p>\n\n\n\n<h2 class=\"wp-block-heading\">(Bad D\u00fcrkheim) &#8211; Mehrere Lampen besch\u00e4digt<\/h2>\n\n\n\n<p>Am 23.05.2022 gegen 09:00 Uhr konnte durch den Platzwart des Campingplatzes in den Almen in Bad D\u00fcrkheim festgestellt werden, dass insgesamt 4 fest installierte Lampen durch bislang unbekannte T\u00e4ter aus der Verankerung gerissen wurden. Eine Lampe wurde entwendet. Es entstand ein Sachschaden von 400 Euro. Der genaue Tatzeitraum kann nicht n\u00e4her eingegrenzt werden. Die Polizei Bad D\u00fcrkheim bittet um Hinweise unter 06322 963 0 oder per E-Mail an&nbsp;<a href=\"mailto:pibadduerkheim@polizei.rlp.de\">pibadduerkheim@polizei.rlp.de<\/a><\/p>\n\n\n\n<h2 class=\"wp-block-heading\">(Bad D\u00fcrkheim) &#8211; Diebstahl aus Fahrzeug<\/h2>\n\n\n\n<p>Im Zeitraum von 23.05.22 07:00 Uhr 07:15 wurde aus einem auf einen Parkplatz in der Bruchstra\u00dfe in Bad D\u00fcrkheim abgestellten PKW ein Geldbeutel entwendet. Die bislang unbekannten T\u00e4ter gelangten durch die nicht verschlossene Fahrzeugt\u00fcre ins Fahrzeuginnere und entwendeten den Geldbeutel, der in einer Tasche auf dem Beifahrersitz gelegen hatte. Der Geldbeutel wurde zwischenzeitlich durch eine bislang unbekannte Person in den Briefkasten der 57-J\u00e4hrigen eingeworfen. Es fehlte lediglich das Bargeld in H\u00f6he von 150 Euro. Die Kriminalpolizei Bad D\u00fcrkheim hat die Ermittlungen aufgenommen und bittet um Hinweise unter 06322 963 0 oder per E-Mail an\u00a0<a href=\"mailto:pibadduerkheim@polizei.rlp.de\">pibadduerkheim@polizei.rlp.de<\/a>\u00a0Die Polizei r\u00e4t hier, lassen sie keine Wertgegenst\u00e4nde in ihrem Fahrzeug und verschlie\u00dfen sie es grunds\u00e4tzlich, auch bei nur kurzer Abwesenheit. Weitere n\u00fctzliche Informationen erhalten Sie unter\u00a0<a target=\"_blank\" rel=\"noreferrer noopener\" href=\"https:\/\/www.polizei-beratung.de\/\">www.polizei-beratung.de<\/a>\u00a0oder auf ihrer n\u00e4chstgelegenen Polizeidienststelle.<\/p>\n\n\n\n<h2 class=\"wp-block-heading\">(Bad D\u00fcrkheim) &#8211; Einbruch in Werkstatt<\/h2>\n\n\n\n<p>Im Zeitraum vom 20.05.2022, 15:00 Uhr, bis 23.05.2022, 07:00 Uhr, kam es zu einem Einbruch in eine Werkstatt der Lebenshilfe in der Bruchstra\u00dfe in Bad D\u00fcrkheim. Bislang unbekannte T\u00e4ter gelangten \u00fcber das Rolltor in den Werkstatt- und Lagerbereich des Geb\u00e4udes. Nach bisherigem Stand der Ermittlungen wurde Kupfer im Gesamtwert von 40 000 Euro entwendet. Dazu m\u00fcssen die unbekannten T\u00e4ter vermutlich ein gr\u00f6\u00dferes Fahrzeug f\u00fcr den Abtransport benutzt haben. Zeugen, welche im genannten Zeitraum verd\u00e4chtigte Personen oder Fahrzeuge wahrgenommen haben, werden gebeten sich mit der Polizeiinspektion Bad D\u00fcrkheim unter der Tel. 06322\/963-0 oder per E-Mail&nbsp;<a href=\"mailto:pibadduerkheim@polizei.rlp.de\">pibadduerkheim@polizei.rlp.de<\/a>&nbsp;in Verbindung zu setzen.<\/p>\n\n\n\n<h2 class=\"wp-block-heading\">(Bad D\u00fcrkheim) &#8211; Einbruch in Getr\u00e4nkelager<\/h2>\n\n\n\n<p>Im Zeitraum vom 20.05.2022, 18:00 Uhr, bis 22.05.2022, 18:00 Uhr, kam es zu einem Einbruch in einen Getr\u00e4nkecontainer in den Almen in Bad D\u00fcrkheim. Bislang unbekannte T\u00e4ter brachen ein massives Vorh\u00e4ngeschloss auf und gelangten so in das Innere des Containers, der f\u00fcr die dortige Strandbar als Getr\u00e4nkelager dient. Konkrete Angaben \u00fcber das Stehlgut liegen noch nicht vor. Es ist lediglich bekannt, dass eine noch unbekannte Anzahl an Getr\u00e4nken entwendet wurden. Zeugen, welche im genannten Zeitraum verd\u00e4chtigte Personen oder Fahrzeuge wahrgenommen haben, werden gebeten sich mit der Polizeiinspektion Bad D\u00fcrkheim unter der Tel. 06322\/963-0 oder per E-Mail&nbsp;<a href=\"mailto:pibadduerkheim@polizei.rlp.de\">pibadduerkheim@polizei.rlp.de<\/a>&nbsp;in Verbindung zu setzen.<\/p>\n\n\n\n<h2 class=\"wp-block-heading\">(Bad D\u00fcrkheim) &#8211; Berauscht und ohne Fahrerlaubnis unterwegs<\/h2>\n\n\n\n<p>Am 22.05.2022 gegen 16:00 Uhr konnte der Fahrer eines Rollers in der Wasserhohl in Bad D\u00fcrkheim einer Verkehrskontrolle unterzogen werden. Dieser war der Streifenwagenbesatzung zuvor in Weinstra\u00dfe S\u00fcd aufgefallen, als er mit \u00fcberh\u00f6hter Geschwindigkeit entgegen der vorgeschriebenen Fahrtrichtung in die Einbahnstra\u00dfe Doktor-Hugo-Bischoff Stra\u00dfe einbog. Auf die Anhaltezeichen reagierte er nicht und versuchte sich der Kontrolle durch Flucht zu entziehen. Ermittlungen ergaben schlie\u00dflich, dass es sich um einen Roller mit bauartbedingter H\u00f6chstgeschwindigkeit von 45 km\/h handelte. Der 15-J\u00e4hrige war nicht im Besitz einer entsprechenden Fahrerlaubnis. W\u00e4hrend der Kontrolle konnten die Polizeibeamten drogentypische Ausfallerscheinungen feststellen. Ein freiwilliger Drogenvortest, sowie die angeordnete Blutprobe wurden abgelehnt. Erst nach R\u00fccksprache mit seinem Rechtsanwalt willigte er in die Ma\u00dfnahmen ein. Ein anschlie\u00dfend durchgef\u00fchrter Drogenvortest reagierte positiv auf Opiate. Ihm wurde eine Blutprobe entnommen. Gegen den Fahrer wird nun Versto\u00df gegen das Bet\u00e4ubungsmittelgesetz, F\u00fchren eines Fahrzeuges unter Drogeneinwirkung und Fahren ohne Fahrerlaubnis ermittelt.<\/p>\n\n\n\n<h2 class=\"wp-block-heading\">(Neuleiningen) &#8211; Diebstahl eines PKW<\/h2>\n\n\n\n<p>Im Zeitraum vom 14.05.-23.05.2022 wurde in Neuleiningen, Berghohl ein wei\u00dfer Mercedes Benz, E-Klasse, E350 CDI, Baujahr 2012 entwendet. Hinweise nimmt die Polizeiinspektion Gr\u00fcnstadt unter Telefon: 06359\/93120 oder E-Mail:&nbsp;<a href=\"mailto:pigruenstadt@polizei.rlp.de\">pigruenstadt@polizei.rlp.de<\/a>&nbsp;entgegen.<\/p>\n\n\n\n<h2 class=\"wp-block-heading\">(Frankenthal) &#8211; Einsatzvorbereitungen f\u00fcr das Strohhutfest 2022<\/h2>\n\n\n\n<p>In der Zeit von Donnerstag, 26.05.2022, bis einschlie\u00dflich Sonntag, 29.05.2022, findet in Frankenthal das 47. Strohhutfest statt. Um ein m\u00f6glichst sicheres Fest zu gew\u00e4hrleisten, setzt die Polizei auch in diesem Jahr, neben anderen Ma\u00dfnahmen, auf den offenen Einsatz von Videotechnik. Die Video\u00fcberwachung erstreckt sich \u00fcber Teile der Kanalstra\u00dfe sowie die Carl-Theodor-Stra\u00dfe, die Willy-Brandt-Anlage, die Wormser Stra\u00dfe und den Rathausplatz. Viele der Einsatzkr\u00e4fte tragen Bodycams. Eine Videoaufzeichnung erfolgt am Er\u00f6ffnungstag von 13:00 Uhr bis 04:00 Uhr, freitags und samstags von 16:00 Uhr bis 04:00 Uhr sowie sonntags von 10:00 Uhr bis 04:00 Uhr. Eine Beschilderung wird die Bereiche ausweisen. Ziel der Ma\u00dfnahmen ist die Bek\u00e4mpfung und Aufkl\u00e4rung von Straftaten sowie bestenfalls eine deeskalierende Wirkung zur Verhinderung von Straftaten. Die Polizei Frankenthal steht in engem st\u00e4ndigen Austausch mit allen verantwortlichen Beh\u00f6rden und Organisationen mit Sicherheitsaufgaben und wird f\u00fcr die B\u00fcrgerinnen und B\u00fcrger vor Ort ansprechbar sein. Die Polizei wird konsequent gegen Personen vorgehen, die einen friedlichen Festverlauf st\u00f6ren. Unfriedlichen Besuchern kann die Polizei einen Platzverweis f\u00fcr den Innenstadtbereich der Stadt Frankenthal aussprechen. In hartn\u00e4ckigen F\u00e4llen kann die Polizei gewaltbereite Personen und Randalierer in Gewahrsam nehmen, um Schl\u00e4gereien und andere Straftaten zu verhindern. Zudem wird die Polizei den An- und Abreiseverkehr bez\u00fcglich des Fahrens unter dem Einfluss von Alkohol und anderen berauschenden Mitteln kontrollieren.<\/p>\n\n\n\n<h2 class=\"wp-block-heading\">(Frankenthal) &#8211; Junger Steinewerfer auf der Autobahn besch\u00e4digt mehrere Fahrzeuge \/ Zeugenaufruf<\/h2>\n\n\n\n<p>Am Dienstag, den 24.05.2022, gingen bei umliegenden Polizeiinspektionen mehrere Notrufe \u00fcber einen Steinewerfer auf einer Autobahnbr\u00fccke der A6 ein. Alle Zeugen berichteten einvernehmlich, dass gegen 21:30 Uhr ein ca. 6-8 Jahre alter Junge auf der Autobahnbr\u00fccke der L453, welche die Ortschaften He\u00dfheim und Heuchelheim bei Frankenthal verbindet, stand und von dort aus Steine auf vorbeifahrende Fahrzeuge auf der darunter verlaufenden A6 warf. Die Br\u00fccke \u00fcberquert die A6 zwischen den Anschlussstellen Gr\u00fcnstadt und dem Autobahnkreuz Frankenthal, wenige Meter vor dem Autobahnkreuz. Der junge Steinewerfer soll ein wei\u00df-rotes T-Shirt getragen haben und mit dem Fahrrad unterwegs gewesen sein. Weiter konnte der Junge durch einen Zeugen mittels Dashcam gefilmt werden. Trotz sofort eingeleiteter Fahndungsma\u00dfnahmen durch Streifen der Polizeiinspektion Frankenthal und der Polizeiautobahnstation Ruchheim konnte der junge Mann nicht mehr aufgefunden werden. Nach aktuellem Stand der Ermittlungen traf das Kind mit den Steinen drei Fahrzeuge, an zwei von diesen entstand ein Sachschaden von ca. 4000 Euro. Gl\u00fccklicherweise wurden durch die Aktion keine Personen verletzt. Die Polizeiautobahnstation Ruchheim hat Ermittlungen wegen des gef\u00e4hrlichen Eingriffs in den Stra\u00dfenverkehr aufgenommen. Personen, welche sachdienliche Hinweise zu dem Vorfall geben k\u00f6nnen oder selbst von einem Stein getroffen worden sind, werden gebeten sich bei der Polizeiautobahnstation Ruchheim unter 06237-9330 oder per Mail (<a href=\"mailto:pastruchheim@polizei.rlp.de\">pastruchheim@polizei.rlp.de<\/a>) zu melden.<\/p>\n\n\n\n<h2 class=\"wp-block-heading\">(Frankenthal) &#8211; Diebstahl von Katalysatoren<\/h2>\n\n\n\n<p>Im Zeitraum vom 20.05.2022 bis zum 22.05.2022 wurden insgesamt drei Katalysatoren an abgestellten Pkw in der Johann-Klein-Stra\u00dfe in Frankenthal entwendet. Hierbei wurden diese von den Pkw abges\u00e4gt. Es entstand ein Schaden von ca. 500 EUR.<\/p>\n\n\n\n<p>Zeugen werden gebeten sich an die Polizeiinspektion Frankenthal unter der Tel.-Nr.: 06233\/313-0 oder an die Polizeiwache Maxdorf unter der Tel.-Nr.: 06237\/934-1100 zu wenden. Gerne nehmen wir Ihre Hinweise auch per E-Mail unter\u00a0<a href=\"mailto:pifrankenthal@polizei.rlp.de\">pifrankenthal@polizei.rlp.de<\/a>\u00a0entgegen.<\/p>\n\n\n\n<h2 class=\"wp-block-heading\">(Pr\u00e4sidialbereich Rheinpfalz) &#8211; Polizeiliche Einsatzma\u00dfnahmen anl\u00e4sslich zwei angemeldeter Versammlungen und erneuten Aufrufen zu sogenannten &#8222;Montagsspazierg\u00e4ngen&#8220;<\/h2>\n\n\n\n<div class=\"wp-block-image\"><figure class=\"aligncenter size-large\"><img decoding=\"async\" loading=\"lazy\" width=\"1024\" height=\"512\" src=\"https:\/\/speyer24news.com\/wp-content\/uploads\/2022\/01\/Demonstration-1024x512.png\" alt=\"\" class=\"wp-image-43221\" srcset=\"https:\/\/speyer24news.com\/wp-content\/uploads\/2022\/01\/Demonstration-1024x512.png 1024w, https:\/\/speyer24news.com\/wp-content\/uploads\/2022\/01\/Demonstration-300x150.png 300w, https:\/\/speyer24news.com\/wp-content\/uploads\/2022\/01\/Demonstration-768x384.png 768w, https:\/\/speyer24news.com\/wp-content\/uploads\/2022\/01\/Demonstration.png 1200w\" sizes=\"(max-width: 1024px) 100vw, 1024px\" \/><\/figure><\/div>\n\n\n\n<p>Am Montagabend (23.05.2022) fanden in Bellheim und Bad D\u00fcrkheim angemeldete Versammlungen von Kritikern der Corona-Ma\u00dfnahmen statt. An diesen Versammlungen nahmen rund 130 Personen (ca. 50 Personen in Bellheim und ca. 80 Personen in Bad D\u00fcrkheim) teil. Die Versammlungen verliefen friedlich und st\u00f6rungsfrei.<\/p>\n\n\n\n<p>Auf verschiedenen Plattformen wurde erneut dazu aufgerufen \u00f6ffentlich ein Zeichen gegen die Corona-Ma\u00dfnahmen zu setzen. Nach unseren vorbereiteten Einsatzkonzepten waren wir mit Polizeikr\u00e4ften an relevanten Orten pr\u00e4sent. Dabei konnten wir rund 150 Personen als sogenannte &#8222;Spazierg\u00e4nger&#8220; feststellen. Auch die nicht angemeldeten Versammlungen blieben friedlich und verliefen st\u00f6rungsfrei.<\/p>\n\n\n\n<h2 class=\"wp-block-heading\">(Ludwigshafen) &#8211; Erst Auto besch\u00e4digt dann Mann geschlagen, Zeugen gesucht<\/h2>\n\n\n\n<div class=\"wp-block-image\"><figure class=\"aligncenter size-full\"><img decoding=\"async\" loading=\"lazy\" width=\"801\" height=\"600\" src=\"https:\/\/speyer24news.com\/wp-content\/uploads\/2020\/05\/Zeugen-gesucht-Neutral.jpg\" alt=\"\" class=\"wp-image-26598\" srcset=\"https:\/\/speyer24news.com\/wp-content\/uploads\/2020\/05\/Zeugen-gesucht-Neutral.jpg 801w, https:\/\/speyer24news.com\/wp-content\/uploads\/2020\/05\/Zeugen-gesucht-Neutral-300x225.jpg 300w, https:\/\/speyer24news.com\/wp-content\/uploads\/2020\/05\/Zeugen-gesucht-Neutral-768x575.jpg 768w, https:\/\/speyer24news.com\/wp-content\/uploads\/2020\/05\/Zeugen-gesucht-Neutral-678x509.jpg 678w, https:\/\/speyer24news.com\/wp-content\/uploads\/2020\/05\/Zeugen-gesucht-Neutral-326x245.jpg 326w, https:\/\/speyer24news.com\/wp-content\/uploads\/2020\/05\/Zeugen-gesucht-Neutral-80x60.jpg 80w\" sizes=\"(max-width: 801px) 100vw, 801px\" \/><\/figure><\/div>\n\n\n\n<p>In der Nacht von Montag auf Dienstag (23. &#8211; 24.05.2022) beobachtete ein 60-J\u00e4hriger in der Seydlitzstra\u00dfe gegen 01:00 Uhr wie ein unbekannter T\u00e4ter im Vorbeigehen an einem parkenden Auto den Au\u00dfenspiegel abschlug. Der Augenzeuge sprach den Unbekannten an und wurde daraufhin umgehend von diesem angegriffen. Der 60-J\u00e4hrige erlitt hierdurch leichte Verletzungen.<\/p>\n\n\n\n<h4 class=\"wp-block-heading\">Der T\u00e4ter wird wie folgt beschrieben: <\/h4>\n\n\n\n<ul><li><strong>ca. 30 Jahre alt <\/strong><\/li><li><strong>1,75-1,80 m gro\u00df <\/strong><\/li><li><strong>Er trug ein dunkles T-Shirt mit heller Aufschrift und hatte ein Fahrrad dabei.<\/strong><\/li><\/ul>\n\n\n\n<p>Sachdienliche Hinweise bitte an die Polizeiinspektion Ludwigshafen 1, Telefonnummer 0621 963-2122 oder per E-Mail&nbsp;<a href=\"mailto:piludwigshafen1@polizei.rlp.de\">piludwigshafen1@polizei.rlp.de<\/a>&nbsp;.<\/p>\n\n\n\n<h2 class=\"wp-block-heading\">(Ludwigshafen) &#8211; Zwei M\u00e4dchen sexuell bel\u00e4stigt<\/h2>\n\n\n\n<div class=\"wp-block-image\"><figure class=\"aligncenter size-full\"><img decoding=\"async\" loading=\"lazy\" width=\"801\" height=\"600\" src=\"https:\/\/speyer24news.com\/wp-content\/uploads\/2020\/05\/Zeugen-gesucht-Neutral.jpg\" alt=\"\" class=\"wp-image-26598\" srcset=\"https:\/\/speyer24news.com\/wp-content\/uploads\/2020\/05\/Zeugen-gesucht-Neutral.jpg 801w, https:\/\/speyer24news.com\/wp-content\/uploads\/2020\/05\/Zeugen-gesucht-Neutral-300x225.jpg 300w, https:\/\/speyer24news.com\/wp-content\/uploads\/2020\/05\/Zeugen-gesucht-Neutral-768x575.jpg 768w, https:\/\/speyer24news.com\/wp-content\/uploads\/2020\/05\/Zeugen-gesucht-Neutral-678x509.jpg 678w, https:\/\/speyer24news.com\/wp-content\/uploads\/2020\/05\/Zeugen-gesucht-Neutral-326x245.jpg 326w, https:\/\/speyer24news.com\/wp-content\/uploads\/2020\/05\/Zeugen-gesucht-Neutral-80x60.jpg 80w\" sizes=\"(max-width: 801px) 100vw, 801px\" \/><\/figure><\/div>\n\n\n\n<p>Am Montag, den 23.05.2022, gegen 19:30 Uhr, gingen ein 13- und ein 16-j\u00e4hriges M\u00e4dchen zu Fu\u00df auf der Bruchwiesenstra\u00dfe. Als sie an einer Sitzbank vorbei kamen konnten sie den darauf sitzenden Mann beobachten, wie er offensichtlich mit seiner Hand an seinem Glied in der Hose manipulierte. Beide M\u00e4dchen fl\u00fcchteten umgehend nach Hause. <\/p>\n\n\n\n<h4 class=\"wp-block-heading\">Der Mann wird wie folgt beschrieben: <\/h4>\n\n\n\n<ul><li><strong>ca. 20-30 Jahre alt<\/strong><\/li><li><strong>blau-wei\u00df gestreiftes T-Shirt<\/strong><\/li><li><strong>kurze graue Hose<\/strong><\/li><\/ul>\n\n\n\n<p>Sachdienliche Hinweise nimmt die Kriminalpolizei Ludwigshafen unter der Telefonnummer 0621\/963-2773 oder per E-Mail\u00a0<a href=\"mailto:kiludwigshafen.k1.kdd@polizei.rlp.de\">kiludwigshafen.k1.kdd@polizei.rlp.de<\/a>\u00a0entgegen.<\/p>\n\n\n\n<h2 class=\"wp-block-heading\">(Ludwigshafen) &#8211; Fahrradfahrer nach Sturz verletzt<\/h2>\n\n\n\n<p>Am Montag, den 23.05.2022, gegen 16:30 Uhr, fuhr ein Fahrradfahrer auf der Kurt-Schumacher-Br\u00fccke in Richtung BASF. Im Kurvenbereich st\u00fcrzte er vermutlich aufgrund seiner hohen Geschwindigkeit. Hierdurch wurde er leicht verletzt und anschlie\u00dfend in ein Krankenhaus gebracht.<\/p>\n\n\n\n<h2 class=\"wp-block-heading\">(Ludwigshafen) &#8211; Verkehrsunfall mit angefahrenem Hund \/ Autofahrer gesucht<\/h2>\n\n\n\n<div class=\"wp-block-image\"><figure class=\"aligncenter size-full\"><img decoding=\"async\" loading=\"lazy\" width=\"801\" height=\"600\" src=\"https:\/\/speyer24news.com\/wp-content\/uploads\/2020\/05\/Zeugen-gesucht-Neutral.jpg\" alt=\"\" class=\"wp-image-26598\" srcset=\"https:\/\/speyer24news.com\/wp-content\/uploads\/2020\/05\/Zeugen-gesucht-Neutral.jpg 801w, https:\/\/speyer24news.com\/wp-content\/uploads\/2020\/05\/Zeugen-gesucht-Neutral-300x225.jpg 300w, https:\/\/speyer24news.com\/wp-content\/uploads\/2020\/05\/Zeugen-gesucht-Neutral-768x575.jpg 768w, https:\/\/speyer24news.com\/wp-content\/uploads\/2020\/05\/Zeugen-gesucht-Neutral-678x509.jpg 678w, https:\/\/speyer24news.com\/wp-content\/uploads\/2020\/05\/Zeugen-gesucht-Neutral-326x245.jpg 326w, https:\/\/speyer24news.com\/wp-content\/uploads\/2020\/05\/Zeugen-gesucht-Neutral-80x60.jpg 80w\" sizes=\"(max-width: 801px) 100vw, 801px\" \/><\/figure><\/div>\n\n\n\n<p>Am Dienstagnachmittag (23.05.2022), gegen 15:00 Uhr, ging eine 34-j\u00e4hrige Ludwigshafenerin mit ihrem Hund nahe der Mannheimer Stra\u00dfe spazieren. Dabei riss sich ihr Hund unvermittelt von der Leine, lief auf die Fahrbahn in der Mannheimer Stra\u00dfe und wurde dort von einem Auto erfasst. Der Autofahrer stieg noch aus und erhob die Daten der Hundehalterin. Diese war nach eigenen Angaben jedoch auf Grund ihres verletzten Hundes zu geschockt, um selbst die Daten des Autofahrers zu erheben. Bei Eintreffen der Beamten, war der Autofahrer bereits nicht mehr vor Ort.<\/p>\n\n\n\n<p>Er wird durch Zeugen wie folgt beschrieben:<\/p>\n\n\n\n<ul><li><strong>ca. 55 Jahre alt<\/strong><\/li><li><strong>graue &#8222;Igelfrisur&#8220;<\/strong><\/li><li><strong>Schnurrbart<\/strong><\/li><li><strong>1,70m &#8211; 1,80m gro\u00df<\/strong><\/li><li><strong>d\u00fcnne Statur<\/strong><\/li><li><strong>hinkender Gang<\/strong><\/li><li><strong>fuhr einen grauen Skoda.<\/strong><\/li><\/ul>\n\n\n\n<p>Wer kann Angaben zu dem unbekannten Autofahrer machen? Hinweise werden an die Polizeiwache Oggersheim unter Tel. 0621 963 &#8211; 2403 oder per Mail&nbsp;<a href=\"mailto:pwoggersheim@polizei.rlp.de\">pwoggersheim@polizei.rlp.de<\/a>&nbsp;erbeten.<\/p>\n\n\n\n<h2 class=\"wp-block-heading\">(Ludwigshafen) &#8211; Exhibitionist in der Stra\u00dfenbahn<\/h2>\n\n\n\n<div class=\"wp-block-image\"><figure class=\"aligncenter size-full\"><img decoding=\"async\" loading=\"lazy\" width=\"801\" height=\"600\" src=\"https:\/\/speyer24news.com\/wp-content\/uploads\/2020\/05\/Zeugen-gesucht-Neutral.jpg\" alt=\"\" class=\"wp-image-26598\" srcset=\"https:\/\/speyer24news.com\/wp-content\/uploads\/2020\/05\/Zeugen-gesucht-Neutral.jpg 801w, https:\/\/speyer24news.com\/wp-content\/uploads\/2020\/05\/Zeugen-gesucht-Neutral-300x225.jpg 300w, https:\/\/speyer24news.com\/wp-content\/uploads\/2020\/05\/Zeugen-gesucht-Neutral-768x575.jpg 768w, https:\/\/speyer24news.com\/wp-content\/uploads\/2020\/05\/Zeugen-gesucht-Neutral-678x509.jpg 678w, https:\/\/speyer24news.com\/wp-content\/uploads\/2020\/05\/Zeugen-gesucht-Neutral-326x245.jpg 326w, https:\/\/speyer24news.com\/wp-content\/uploads\/2020\/05\/Zeugen-gesucht-Neutral-80x60.jpg 80w\" sizes=\"(max-width: 801px) 100vw, 801px\" \/><\/figure><\/div>\n\n\n\n<p>Eine 16-j\u00e4hrige Ludwigshafnerin fuhr am Dienstag (23.05.2022), gegen 11:45 Uhr, mit der Stra\u00dfenbahn vom Berliner Platz kommend in Richtung der Haltestelle Oppau Endstelle. Im vorderen Bereich der Bahn erblickte die 16-J\u00e4hrige einen Mann, der sich vor ihr auszog und anfing, in schamverletzender Weise exhibitionistische Handlungen an sich durchzuf\u00fchren. Die 16-J\u00e4hrige schrie den Mann an, was zur Beendigung seiner Handlungen f\u00fchrte. An der Haltestelle Oppau Endstelle stieg der Mann schlie\u00dflich aus der Bahn aus.<\/p>\n\n\n\n<h4 class=\"wp-block-heading\">Der T\u00e4ter kann wie folgt beschrieben werden: <\/h4>\n\n\n\n<ul><li><strong>M\u00e4nnlich<\/strong><\/li><li><strong>ca. 1,70m gro\u00df<\/strong><\/li><li><strong>l\u00e4ngerer Bart<\/strong><\/li><li><strong>dunkle Haare<\/strong><\/li><\/ul>\n\n\n\n<p>Wer kann Hinweise zu dem unbekannten T\u00e4ter geben? Sachdienliche Hinweise bitte an die Polizeiinspektion Ludwigshafen 2, Telefonnummer 0621 963-2222 oder per E-Mail\u00a0<a href=\"mailto:piludwigshafen2@polizei.rlp.de\">piludwigshafen2@polizei.rlp.de<\/a>\u00a0.<\/p>\n\n\n\n<h2 class=\"wp-block-heading\">(Ludwigshafen) &#8211; Einbruch in Gartenparzellen<\/h2>\n\n\n\n<p>Im Zeitraum zwischen Montag dem 22.05.2022, um ca. 10:00 Uhr und Dienstag dem 23.05.2022, um ca. 8:30 Uhr, drangen Unbekannte in zwei Gartenparzellen in der Stra\u00dfe &#8222;An der Radrennbahn&#8220; ein. Entwendet wurde nach derzeitigem Stand der Ermittlungen lediglich ein Schl\u00fcssel. Die T\u00e4ter besch\u00e4digten beim Einbruch jedoch die T\u00fcren und Fenster eines Gartenh\u00e4uschens. Dadurch entstand ein Sachschaden von ca. 2000EUR.<\/p>\n\n\n\n<p>K\u00f6nnen sie Angaben zu der Tat machen? Ist ihnen eine verd\u00e4chtige Person oder ein verd\u00e4chtiges Fahrzeug in der N\u00e4he des Tatorts aufgefallen? Sachdienliche Hinweise bitte an die Polizeiinspektion Ludwigshafen 2, Telefonnummer 0621 963-2222 oder per E-Mail&nbsp;<a href=\"mailto:piludwigshafen2@polizei.rlp.de\">piludwigshafen2@polizei.rlp.de<\/a>&nbsp;.<\/p>\n\n\n\n<h2 class=\"wp-block-heading\">(Ludwigshafen) &#8211; Kontrollstelle \/ Verbot der Einfahrt<\/h2>\n\n\n\n<p>Durch Beamte der Polizei Ludwigshafen wurden am Dienstagmorgen (23.05.2022), gegen 6:10 Uhr, im Rahmen einer Kontrollstelle, Verkehrskontrollen in der B\u00fcrgermeister-Trupp-Stra\u00dfe durchgef\u00fchrt. Ein Fokus lag dabei auf der Kontrolle des dort bestehenden Einfahrtsverbotes zur L523. Innerhalb von ca. 50 Minuten konnten insgesamt 13 Verst\u00f6\u00dfe festgestellt werden. Die Fahrer der jeweiligen Fahrzeuge erwartet ein Ordnungswidrigkeitenverfahren. Die Polizei Ludwigshafen wird auch k\u00fcnftig die Einhaltung der Verkehrsregeln \u00fcberwachen.<\/p>\n\n\n\n<h2 class=\"wp-block-heading\">(Ludwigshafen) &#8211; Einbruch in Corona-Teststation<\/h2>\n\n\n\n<p>Unbekannte drangen in der Nacht von Sonntag (22.05.2022), 23:00 Uhr, auf Montag (23.05.2022), 6:15 Uhr, in eine Corona-Teststation am Carl-Wurster-Platz ein. Aus der Teststation entwendeten die T\u00e4ter ein Starkstromkabel und eine Kamera.<\/p>\n\n\n\n<p>Die Polizei sucht Zeugen die Angaben zur Tat oder dem T\u00e4ter\/den T\u00e4tern machen k\u00f6nnen. Sachdienliche Hinweise nimmt die Kriminalpolizei Ludwigshafen unter der Telefonnummer 0621\/963-2773 oder per E-Mail\u00a0<a href=\"mailto:kiludwigshafen.k1.kdd@polizei.rlp.de\">kiludwigshafen.k1.kdd@polizei.rlp.de<\/a>\u00a0entgegen.<\/p>\n\n\n\n<h2 class=\"wp-block-heading\">(A 6 \/ Mannheim \/ St. Leon-Rot \/ Rhein-Neckar-Kreis) &#8211; 21-J\u00e4hriger wegen Verdachts der Einfuhr von Bet\u00e4ubungsmitteln in nicht geringer Menge und anderer Delikte in Untersuchungshaft<\/h2>\n\n\n\n<h3 class=\"wp-block-heading\">Gemeinsame Pressemitteilung der Staatsanwaltschaft Heidelberg und des Polizeipr\u00e4sidiums Mannheim<\/h3>\n\n\n\n<div class=\"wp-block-image\"><figure class=\"aligncenter size-full\"><img decoding=\"async\" loading=\"lazy\" width=\"800\" height=\"600\" src=\"https:\/\/speyer24news.com\/wp-content\/uploads\/2019\/06\/Ausn\u00fcchterungszelle.jpg\" alt=\"\" class=\"wp-image-15212\" srcset=\"https:\/\/speyer24news.com\/wp-content\/uploads\/2019\/06\/Ausn\u00fcchterungszelle.jpg 800w, https:\/\/speyer24news.com\/wp-content\/uploads\/2019\/06\/Ausn\u00fcchterungszelle-300x225.jpg 300w, https:\/\/speyer24news.com\/wp-content\/uploads\/2019\/06\/Ausn\u00fcchterungszelle-768x576.jpg 768w, https:\/\/speyer24news.com\/wp-content\/uploads\/2019\/06\/Ausn\u00fcchterungszelle-678x509.jpg 678w, https:\/\/speyer24news.com\/wp-content\/uploads\/2019\/06\/Ausn\u00fcchterungszelle-326x245.jpg 326w, https:\/\/speyer24news.com\/wp-content\/uploads\/2019\/06\/Ausn\u00fcchterungszelle-80x60.jpg 80w\" sizes=\"(max-width: 800px) 100vw, 800px\" \/><\/figure><\/div>\n\n\n\n<p>Am Sonntagmittag gegen 12 Uhr sollte auf der BAB 6, Fahrtrichtung Heilbronn, durch eine zivile Streifenbesatzung der Autobahnpolizei Walldorf der Fahrer eines Pkws unmittelbar nach dem Autobahnkreuz Walldorf einer Verkehrskontrolle unterzogen werden. Dies wurde ihm durch das Leuchtzeichen &#8222;Bitte folgen!&#8220; des zivilen Streifenfahrzeugs signalisiert. Der Aufforderung soll der Mann zun\u00e4chst auch nachgekommen und dem Polizeifahrzeug auf die Spur zur Abfahrt auf die BAB 5 gefolgt sein. Als das Polizeifahrzeug den Fahrbahnteiler zu der Abfahrt passiert hatte, soll der Pkw-Fahrer sein Fahrzeug pl\u00f6tzlich wieder zur\u00fcck auf die Hauptfahrbahn der BAB 6 in Fahrtrichtung Heilbronn gesteuert und sodann einen Beutel in den Bereich zwischen der Standspur der BAB 6 und der Parallelfahrbahn des Autobahnkreuzes Walldorf aus dem Beifahrerfenster geworfen haben.<\/p>\n\n\n\n<p>Wenig sp\u00e4ter konnten sich die Polizeibeamten mit ihrem Fahrzeug wieder vor den verd\u00e4chtigen Pkw setzen. Diesmal leistete der Fahrer den Anhaltezeichen der Beamten Folge. Auf einem Parkplatz unmittelbar nach dem Walldorfer Kreuz wurde er nunmehr einer Kontrolle unterzogen. Nach seinen Angaben war der 21-J\u00e4hrige aus den Niederlanden nach Deutschland eingereist und auf dem Weg Richtung Basel.<\/p>\n\n\n\n<p>Eine weitere Streifenwagenbesatzung konnte den Beutel, welchen der Mann aus dem Beifahrerfenster geworfen haben soll, auffinden. Darin befanden sich mehrere kleine Plomben mit wei\u00dfem Pulver. Bei diesem handelt es sich nach derzeitigen Erkenntnissen mutma\u00dflich um Kokain. Insgesamt befanden sich etwa 500 Gramm der Substanz in dem Beutel.<\/p>\n\n\n\n<p>Der Mann wurde daraufhin vorl\u00e4ufig festgenommen und eine Blutprobe veranlasst, da zus\u00e4tzlich zum Verdacht der unerlaubten Einfuhr von Bet\u00e4ubungsmitteln zum Zwecke des Handeltreibens auch der Verdacht bestand, dass der Fahrer sein Fahrzeug unter dem Einfluss von Bet\u00e4ubungsmitteln gef\u00fchrt hatte.<\/p>\n\n\n\n<p>Auf Antrag der Staatsanwaltschaft Heidelberg erlie\u00df die Ermittlungsrichterin des Amtsgerichts Heidelberg einen Haftbefehl wegen des dringenden Verdachts der Einfuhr von Bet\u00e4ubungsmitteln in nicht geringer Menge in Tateinheit mit unerlaubtem Handeltreiben mit Bet\u00e4ubungsmitteln in nicht geringer Menge gegen den 21-J\u00e4hrigen. Sie sah Flucht- und Verdunklungsgefahr als gegeben an. Der Haftbefehl wurde in Vollzug gesetzt. Anschlie\u00dfend wurde der Beschuldigte in eine Justizvollzugsanstalt gebracht.<\/p>\n\n\n\n<p>Die Ermittlungen der Staatsanwaltschaft Heidelberg und des Rauschgiftdezernats der Kriminalpolizeidirektion Heidelberg dauern an.<\/p>\n\n\n\n<h2 class=\"wp-block-heading\">(Mannheim-Jungbusch) &#8211; Zwei M\u00e4nner im Alter von 22 Jahren und ein Mann im Alter von 29 Jahren wegen des Verdachts des versuchten Totschlags in Tateinheit mit gef\u00e4hrlicher K\u00f6rperverletzung in Untersuchungshaft<\/h2>\n\n\n\n<h3 class=\"wp-block-heading\">Gemeinsame Pressemitteilung der Staatsanwaltschaft Mannheim und des Polizeipr\u00e4sidiums Mannheim<\/h3>\n\n\n\n<div class=\"wp-block-image\"><figure class=\"aligncenter size-full\"><img decoding=\"async\" loading=\"lazy\" width=\"800\" height=\"533\" src=\"https:\/\/speyer24news.com\/wp-content\/uploads\/2020\/06\/Zelle.jpg\" alt=\"\" class=\"wp-image-28203\" srcset=\"https:\/\/speyer24news.com\/wp-content\/uploads\/2020\/06\/Zelle.jpg 800w, https:\/\/speyer24news.com\/wp-content\/uploads\/2020\/06\/Zelle-300x200.jpg 300w, https:\/\/speyer24news.com\/wp-content\/uploads\/2020\/06\/Zelle-768x512.jpg 768w\" sizes=\"(max-width: 800px) 100vw, 800px\" \/><\/figure><\/div>\n\n\n\n<p>Drei M\u00e4nner im Alter von 22 und 29 Jahren stehen im dringenden Verdacht, am Samstag, den 08.05.2022 gegen 02:40 Uhr in einer Gastst\u00e4tte in I 7 gemeinsam einen 23 Jahre alten Mann k\u00f6rperlich angegriffen und mit mindestens f\u00fcnf Messerstichen lebensgef\u00e4hrlich verletzt zu haben.<\/p>\n\n\n\n<p>Eine Notoperation in einer Mannheimer Klinik rettete dem Opfer das Leben. Der Mann befindet sich mittlerweile au\u00dfer Lebensgefahr.<\/p>\n\n\n\n<p>Wie die bisherigen Ermittlungen ergaben, gerieten das sp\u00e4tere Opfer und die beiden 22 Jahre alten Tatverd\u00e4chtigen in der Gastst\u00e4tte aus nichtigen Gr\u00fcnden in Streit. Die zun\u00e4chst verbal gef\u00fchrte Auseinandersetzung sollen die M\u00e4nner noch im Gastraum und anschlie\u00dfend auf der Stra\u00dfe, in H\u00f6he I 7 \/ Luisenring ausgetragen haben. Hierbei soll der 29 Jahre alte Mitt\u00e4ter den M\u00e4nnern aus dem Lokal gefolgt sein und den bereits verletzten 23-J\u00e4hrigen mit einem mitgef\u00fchrten Messer angegriffen und so lebensgef\u00e4hrlich verletzt haben. Erst durch das Eingreifen von Passanten sollen die drei M\u00e4nner von ihrem Opfer abgelassen haben und gemeinsam in Richtung H 6 fl\u00fcchtig gegangen sein.<\/p>\n\n\n\n<p>Im Rahmen der Ermittlungen konnten die Tatverd\u00e4chtigen identifiziert werden. Durch die Staatsanwaltschaft Mannheim wurden daraufhin beim Amtsgericht Mannheim Haftbefehle gegen die drei M\u00e4nner erwirkt.<\/p>\n\n\n\n<p>Am Montagnachmittag, den 23.05.2022 konnten die beiden 22 Jahre alten M\u00e4nner und deren 29 Jahre alter Mitt\u00e4ter in Stuttgart, Br\u00fchl und Ludwigshafen lokalisiert und durch Fahndungskr\u00e4fte der Polizei widerstandslos festgenommen werden.<\/p>\n\n\n\n<p>Die drei Beschuldigten wurden daraufhin am Dienstag, den 24.05.2022 dem Haft- und Ermittlungsrichter des Amtsgerichts Mannheim vorgef\u00fchrt. Dieser sah die Haftgr\u00fcnde der Flucht- und Verdunkelungsgefahr bei allen drei Beschuldigten als erf\u00fcllt an. Er setzte die Haftbefehle in Vollzug. Im Anschluss wurden die M\u00e4nner in verschiedene Justizvollzugsanstalten eingeliefert.<\/p>\n\n\n\n<p>Die Ermittlungen der Staatsanwaltschaft Mannheim und des Kriminalkommissariats Mannheim dauern an.<\/p>\n\n\n\n<p><strong>Link zur Pressemeldung Nr. 1:\u00a0<a target=\"_blank\" rel=\"noreferrer noopener\" href=\"http:\/\/presseportal.de\/blaulicht\/pm\/14915\/5217115\">http:\/\/presseportal.de\/blaulicht\/pm\/14915\/5217115<\/a><\/strong><\/p>\n\n\n\n<h2 class=\"wp-block-heading\">(Mannheim-Sandhofen) &#8211; Einbruch in Schule \/ Zeugen gesucht<\/h2>\n\n\n\n<p>Im Zeitraum von Freitagnachmittag, 15:00 Uhr, bis Montagmorgen, 05:00 Uhr, wurden durch einen oder mehrere unbekannte T\u00e4ter sieben Dachfenster der Turnhalle einer Schule in der Karlstra\u00dfe eingeschlagen. Anschlie\u00dfend wurden die Umkleider\u00e4ume der Turnhalle durchw\u00fchlt. Nach derzeitigem Stand der Ermittlungen wurde nichts entwendet. Der entstandene Sachschaden l\u00e4sst sich aktuell noch nicht beziffern.<\/p>\n\n\n\n<p>Das Polizeirevier Mannheim-Sandhofen bittet Zeugen, die im genannten Zeitraum verd\u00e4chtige Personen auf dem Gel\u00e4nde der Schule gesehen haben, sich unter der Rufnummer 0621 77769-0 zu melden.<\/p>\n\n\n\n<h2 class=\"wp-block-heading\">(Heidelberg-Wieblingen) &#8211; Einbruchdiebstahl; Vandalismus an Julius-Springer-Schule, Zeugenaufruf.<\/h2>\n\n\n\n<p>Am gestrigen Montag, morgens zum Schulbeginn, stellte ein Verantwortlicher der Julius-Springer-Schule in der Mark-Twain-Stra\u00dfe zun\u00e4chst zahlreiche sinnlose Besch\u00e4digungen am Hintereingang der Schule fest.<\/p>\n\n\n\n<p>Nach bisherigen polizeilichen Ermittlungen zerschlugen in der Zeit von Freitag, 16 Uhr, bis Montag, 7:20 Uhr, bislang unbekannte T\u00e4ter zahlreiche Glasflaschen und rissen den Blitzableiter aus der Hauswand. Der fest verankerte Fahrradst\u00e4nder wurde ebenfalls auf purer Zerst\u00f6rungswut aus dem Boden gerissen und unbrauchbar gemacht.<\/p>\n\n\n\n<p>\u00dcber die H\u00f6he des Sachschadens k\u00f6nnen noch keine Angaben gemacht werden.<\/p>\n\n\n\n<p>Au\u00dfer dem Vandalismus im Au\u00dfenbereich verschafften sich die T\u00e4ter noch \u00fcber ein Stahl-Fenstergitter, das sie aus der Wand gerissen hatten, Zutritt zu dem Baustellenbereich. Aus dem Geb\u00e4udeinneren entwendeten sie dann noch zwei Stemmh\u00e4mmer.<\/p>\n\n\n\n<p>Zeugen werden gebeten, sich mit dem Polizeirevier Heidelberg-S\u00fcd, Telefonnummer 06221.34180 in Verbindung zu setzen.<\/p>\n\n\n\n<h2 class=\"wp-block-heading\">(Heidelberg-Ziegelhausen) &#8211; Porsche mutwillig besch\u00e4digt \/ Zeugen gesucht!<\/h2>\n\n\n\n<p>Am Montag zwischen 11 Uhr und 13 Uhr besch\u00e4digte ein bislang unbekannter T\u00e4ter einen Porsche, der im Sitzbuchweg abgestellt war. Der Unbekannte zerkratzte die komplette rechte Seite des Autos und fl\u00fcchtete anschlie\u00dfend. Der Sachschaden bel\u00e4uft sich auf mehrere Tausend Euro.<\/p>\n\n\n\n<p>Zeugen, die den Vorfall beobachtet haben oder verd\u00e4chtige Wahrnehmungen gemacht haben, werden gebeten, sich unter der Telefonnummer 06221\/4569-0 beim Polizeirevier Heidelberg-Nord zu melden.<\/p>\n\n\n\n<h2 class=\"wp-block-heading\">(Schwetzingen \/ Rhein-Neckar-Kreis) &#8211; Drei Verkehrsunfallfluchten im Stadtgebiet mit insgesamt 9.000 Euro Schaden festgestellt. Polizei fahndet nach Unfallverursachern<\/h2>\n\n\n\n<p>Am vergangenen Montag mussten gleich drei Gesch\u00e4digte im Stadtgebiet Schwetzingen feststellen, dass bislang unbekannte Unfallverursacher ihre zum Parken abgestellte Fahrzeuge besch\u00e4digt hatten und sich anschlie\u00dfend ohne ihren Feststellungspflichten als Unfallbeteiligte nachgekommen zu sein von der Unfallstelle entfernten.<\/p>\n\n\n\n<ol><li>Bereits am Donnerstag, 19.05.2022, gegen 12 Uhr hatte eine Fahrerin eines Opel Crossland ihr Auto in der Stra\u00dfe &#8222;Sch\u00e4lzigweg&#8220; geparkt. Als sie am vergangenen Montag, 9:30 Uhr zu ihrem Fahrzeug kam, stellte sie fest, dass ein unbekanntes Fahrzeug ihr Auto vermutlich beim Ein- oder Ausparken besch\u00e4digt hatte. Es entstand Sachschaden in H\u00f6he von circa 3.000 EUR<\/li><li>Am Montag, in der Zeit von 13 bis 17 Uhr hatte ein Fahrer eines Peugeot Kombi sein Auto in der Helmholtzstra\u00dfe rechts am Fahrbahnrand geparkt. Ebenfalls beim Ein- oder Ausparkten besch\u00e4digte ein bislang unbekannter Fahrzeugfahrer den geparkten Pkw. Es entstand Sachschaden in H\u00f6he von circa 3.000 EUR.<\/li><li>Ein Autofahrer hatte am Montag, zwischen 9:30 und 10:20 Uhr seinen Pkw Mazda in der Bodelschwinghstra\u00dfe auf dem Parkplatz des GRN Krankenhaus geparkt. Vermutlich besch\u00e4digten ein bislang unbekannter Fahrzeugfahrer beim Ein- oder Ausparken den ordnungsgem\u00e4\u00df geparkten Pkw. Es entstand Sachschaden in H\u00f6he von circa 3.000 EUR.<\/li><\/ol>\n\n\n\n<h2 class=\"wp-block-heading\">(Neulu\u00dfheim \/ Rhein-Neckar-Kreis) &#8211; T\u00e4ter bei Autoaufbruch beobachtet \/ Weitere Zeugen gesucht!<\/h2>\n\n\n\n<p>Am fr\u00fchen Dienstagmorgen wurde ein Anwohner der Carl-Benz-Stra\u00dfe auf Ger\u00e4usche vor seinem Haus aufmerksam, worauf er gegen 4.30 Uhr aus dem Fenster schaute. Dabei beobachtete er zwei M\u00e4nner, die sich gerade an seinem Pkw zu schaffen machten. Einer der Unbekannten sa\u00df dabei auf dem Fahrersitz des aufgebrochenen BMW. Als die beiden den Zeugen bemerkten, ergriffen diese sofort die Flucht und fuhren anschlie\u00dfend mit einem wei\u00dfen Kleinwagen in Richtung Birkenallee. Trotz der sofortigen Alarmierung des Polizeireviers Hockenheim und der eingeleiteten Fahndung gelang den T\u00e4tern die Flucht.<\/p>\n\n\n\n<p>Offenbar hatten die beiden T\u00e4ter es auf die fest eingebaute Elektronik des BMW abgesehen. Daf\u00fcr schnitten sie ein Loch in die T\u00fcr des PKW um diesen zu entriegeln und anschlie\u00dfend den Tacho auszubauen.<\/p>\n\n\n\n<p>Die Kriminalpolizeidirektion Heidelberg hat die weiteren Ermittlungen aufgenommen und sucht in diesem Zusammenhang nach weiteren Zeugen, die Verd\u00e4chtiges beobachtet haben oder Hinweise zum Fluchtfahrzeug geben k\u00f6nnen. Diese werden gebeten sich unter 0621 174-4444 zu melden.<\/p>\n\n\n\n<h2 class=\"wp-block-heading\">(A 61 \/ Hockenheim \/ Rhein-Neckar-Kreis) &#8211; 44-J\u00e4hriger wegen Verdachts des Handels mit Bet\u00e4ubungsmitteln in nicht geringer Menge in Untersuchungshaft<\/h2>\n\n\n\n<h3 class=\"wp-block-heading\">Gemeinsame Pressemitteilung der Staatsanwaltschaft Mannheim und des Polizeipr\u00e4sidiums Mannheim<\/h3>\n\n\n\n<div class=\"wp-block-image\"><figure class=\"aligncenter size-full\"><img decoding=\"async\" loading=\"lazy\" width=\"800\" height=\"600\" src=\"https:\/\/speyer24news.com\/wp-content\/uploads\/2019\/06\/Ausn\u00fcchterungszelle.jpg\" alt=\"\" class=\"wp-image-15212\" srcset=\"https:\/\/speyer24news.com\/wp-content\/uploads\/2019\/06\/Ausn\u00fcchterungszelle.jpg 800w, https:\/\/speyer24news.com\/wp-content\/uploads\/2019\/06\/Ausn\u00fcchterungszelle-300x225.jpg 300w, https:\/\/speyer24news.com\/wp-content\/uploads\/2019\/06\/Ausn\u00fcchterungszelle-768x576.jpg 768w, https:\/\/speyer24news.com\/wp-content\/uploads\/2019\/06\/Ausn\u00fcchterungszelle-678x509.jpg 678w, https:\/\/speyer24news.com\/wp-content\/uploads\/2019\/06\/Ausn\u00fcchterungszelle-326x245.jpg 326w, https:\/\/speyer24news.com\/wp-content\/uploads\/2019\/06\/Ausn\u00fcchterungszelle-80x60.jpg 80w\" sizes=\"(max-width: 800px) 100vw, 800px\" \/><\/figure><\/div>\n\n\n\n<p>Am fr\u00fchen Montagmittag wurden ein 38-j\u00e4hriger Hyundai-Fahrer und sein 44-j\u00e4hriger Beifahrer durch eine Streife der Autobahnpolizei auf einem Parkplatz der BAB 61, unmittelbar vor dem Autobahndreieck Hockenheim einer Verkehrskontrolle unterzogen. Die Beamtinnen und Beamten stellten w\u00e4hrend der Kontrolle des Fahrzeuges und der Insassen zwei T\u00fcten mit darin befindlichem Kokain von insgesamt \u00fcber 300 Gramm fest. Diese waren im Fu\u00dfraum des Beifahrers sowie dessen Umh\u00e4ngetasche verstaut. Das Kokain konnte eindeutig dem 44-j\u00e4hrigen Beifahrer zugeordnet werden. Zudem hatte dieser noch eine kleine Menge Marihuana und Haschisch in seiner Hosentasche.<\/p>\n\n\n\n<p>Die Staatsanwaltschaft Mannheim beantragte gegen ihn beim zust\u00e4ndigen Amtsgericht Mannheim einen Haftbefehl wegen Verdachts des Handels mit Bet\u00e4ubungsmitteln in nicht geringer Menge. Dieses sah Flucht- und Verdunkelungsgefahr als gegeben an und setzten den Haftbefehl in Vollzug. Der Beschuldigte wurde daraufhin in eine Justizvollzugsanstalt eingeliefert.<\/p>\n\n\n\n<p>Die Ermittlungen der Staatsanwaltschaft Mannheim und des Rauschgiftdezernats der Kriminalpolizeidirektion Heidelberg dauern an.<\/p>\n\n\n\n<h2 class=\"wp-block-heading\">(Wiesloch \/ Rhein-Neckar-Kreis) &#8211; Zwei Fahrraddiebe vorl\u00e4ufig festgenommen, drei Fahrr\u00e4der sichergestellt \/ Eigent\u00fcmer gesucht<\/h2>\n\n\n\n<div class=\"wp-block-image\"><figure class=\"aligncenter size-full\"><img decoding=\"async\" loading=\"lazy\" width=\"800\" height=\"594\" src=\"https:\/\/speyer24news.com\/wp-content\/uploads\/2022\/05\/KTM.jpg\" alt=\"\" class=\"wp-image-46440\" srcset=\"https:\/\/speyer24news.com\/wp-content\/uploads\/2022\/05\/KTM.jpg 800w, https:\/\/speyer24news.com\/wp-content\/uploads\/2022\/05\/KTM-300x223.jpg 300w, https:\/\/speyer24news.com\/wp-content\/uploads\/2022\/05\/KTM-768x570.jpg 768w, https:\/\/speyer24news.com\/wp-content\/uploads\/2022\/05\/KTM-80x60.jpg 80w\" sizes=\"(max-width: 800px) 100vw, 800px\" \/><\/figure><\/div>\n\n\n\n<p>Bereits am sp\u00e4ten Donnerstagabend (19. Mai) wurden zwei Fahrraddiebe im Alter von 15 und 19 Jahren unweit des Tatortes vorl\u00e4ufig festgenommen. Drei Fahrr\u00e4der wurden sichergestellt. Aufmerksame Zeugen hatten kurz nach 22 Uhr mehrere Personen an den Fahrr\u00e4dern am Fahrradst\u00e4nder in der Staatsbahnhofstra\u00dfe zu schaffen machten. Zwei der Tatverd\u00e4chtigen konnten noch an Ort und Stelle festgenommen werden, den anderen gelang die Flucht. Die beiden Tatverd\u00e4chtigen wurde eine Astschere sichergestellt, mit der sie offenbar die Fahrradschl\u00f6sser durchschnitten. Nach ihren erkennungsdienstlichen Behandlungen wurde das Duo wieder auf freien Fu\u00df gesetzt. Die Ermittlungen dauern an.<\/p>\n\n\n\n<div class=\"wp-block-image\"><figure class=\"aligncenter size-full\"><img decoding=\"async\" loading=\"lazy\" width=\"800\" height=\"594\" src=\"https:\/\/speyer24news.com\/wp-content\/uploads\/2022\/05\/Merida.jpg\" alt=\"\" class=\"wp-image-46441\" srcset=\"https:\/\/speyer24news.com\/wp-content\/uploads\/2022\/05\/Merida.jpg 800w, https:\/\/speyer24news.com\/wp-content\/uploads\/2022\/05\/Merida-300x223.jpg 300w, https:\/\/speyer24news.com\/wp-content\/uploads\/2022\/05\/Merida-768x570.jpg 768w, https:\/\/speyer24news.com\/wp-content\/uploads\/2022\/05\/Merida-80x60.jpg 80w\" sizes=\"(max-width: 800px) 100vw, 800px\" \/><\/figure><\/div>\n\n\n\n<p>Die Eigent\u00fcmer der drei Fahrr\u00e4der,<\/p>\n\n\n\n<ul><li><strong>KTM Veneto Cross wei\u00df<\/strong><\/li><li><strong>Merida Yankees rot<\/strong><\/li><li><strong>Wheeler Mountain-Pro Line, schwarz-lila<\/strong><\/li><\/ul>\n\n\n\n<p>sind noch nicht ermittelt.<\/p>\n\n\n\n<p>Diese werden gebeten, sich beim Polizeirevier Wiesloch, Tel.: 06222\/5709-0 zu melden.<\/p>\n\n\n\n<div class=\"wp-block-image\"><figure class=\"aligncenter size-full\"><img decoding=\"async\" loading=\"lazy\" width=\"800\" height=\"519\" src=\"https:\/\/speyer24news.com\/wp-content\/uploads\/2022\/05\/Wheeler.jpg\" alt=\"\" class=\"wp-image-46442\" srcset=\"https:\/\/speyer24news.com\/wp-content\/uploads\/2022\/05\/Wheeler.jpg 800w, https:\/\/speyer24news.com\/wp-content\/uploads\/2022\/05\/Wheeler-300x195.jpg 300w, https:\/\/speyer24news.com\/wp-content\/uploads\/2022\/05\/Wheeler-768x498.jpg 768w\" sizes=\"(max-width: 800px) 100vw, 800px\" \/><\/figure><\/div>\n\n\n\n<h2 class=\"wp-block-heading\">(A 6 \/ Reilingen \/ Rhein-Neckar-Kreis) &#8211; Sieben Frauen und M\u00e4nner mit falschen Ausweisen kontrolliert<\/h2>\n\n\n\n<p>Der Fahndungsdienst der Autobahnpolizei Walldorf gingen am Montagnachmittag auf der A 6 bei Reilingen insgesamt sieben Personen ins Netz, die sich unerlaubt im Bundesgebiet aufhielten, unerlaubt einer Erwerbst\u00e4gigkeit nachgingen und sich zudem mit gef\u00e4lschten Ausweispapieren auswiesen. Den Polizeibeamten fiel das Fahrzeug eines Personaldienstleistungs-Unternehmens, das mit mehreren Personen besetzt war, auf der A6 zwischen dem Autobahndreieck Hockenheim und dem Autobahnkreuz Walldorf auf. Bei der anschlie\u00dfenden Kontrolle wurden die sieben Mitfahrer, die allesamt Arbeitskleidung trugen, \u00fcberpr\u00fcft. Sie wiesen sich zun\u00e4chst mit rum\u00e4nischen Ausweisen aus. Bei intensiver \u00dcberpr\u00fcfung der Ausweise konnten eindeutige F\u00e4lschungsmerkmale festgestellt werden. Weitere \u00dcberpr\u00fcfungen ergaben, dass es sich bei den Personen tats\u00e4chlich um Staatsb\u00fcrger der Republik Moldau handelte. Diese ben\u00f6tigen f\u00fcr die Arbeitsaufnahme in Deutschland eine Arbeitserlaubnis. Eine solche konnte jedoch keiner der Sieben vorweisen.<\/p>\n\n\n\n<p>Gegen die Personen wird nun wegen unerlaubten Aufenthalt, unerlaubter Arbeitsaufnahme sowie wegen Urkundenf\u00e4lschung und Verschaffen von falschen amtlichen Ausweisen ermittelt.<\/p>\n\n\n\n<h2 class=\"wp-block-heading\">(Reilingen \/ Rhein-Neckar-Kreis) &#8211; 36-J\u00e4hriger wegen versuchten Privatwohnungseinbruchdiebstahls in Untersuchungshaft.<\/h2>\n\n\n\n<h3 class=\"wp-block-heading\">Gemeinsame Presseerkl\u00e4rung Staatsanwaltschaft Mannheim und Polizeipr\u00e4sidiums Mannheim<\/h3>\n\n\n\n<div class=\"wp-block-image\"><figure class=\"aligncenter size-full\"><img decoding=\"async\" loading=\"lazy\" width=\"800\" height=\"533\" src=\"https:\/\/speyer24news.com\/wp-content\/uploads\/2020\/06\/Zelle.jpg\" alt=\"\" class=\"wp-image-28203\" srcset=\"https:\/\/speyer24news.com\/wp-content\/uploads\/2020\/06\/Zelle.jpg 800w, https:\/\/speyer24news.com\/wp-content\/uploads\/2020\/06\/Zelle-300x200.jpg 300w, https:\/\/speyer24news.com\/wp-content\/uploads\/2020\/06\/Zelle-768x512.jpg 768w\" sizes=\"(max-width: 800px) 100vw, 800px\" \/><\/figure><\/div>\n\n\n\n<p>Auf Antrag der Staatsanwaltschaft Mannheim wurde durch das Amtsgericht Mannheim ein Haftbefehl gegen einen 36-j\u00e4hrigen Mann erlassen. Diesem wird versuchter Privatwohnungseinbruchdiebstahl und Sachbesch\u00e4digung zur Last gelegt.<\/p>\n\n\n\n<p>Der Mann soll am 18.05.2022, gegen 21:45 Uhr in Reilingen bei einem Anwesen zun\u00e4chst an mehrere Wohnungst\u00fcren geklopft haben, um zu \u00fcberpr\u00fcfen, ob die Bewohner jeweils zu Hause waren. Als sich nach dem Klopfen an die Wohnungst\u00fcr eines 67-j\u00e4hrigen Mannes zun\u00e4chst niemand meldete, soll der Tatverd\u00e4chtige versucht haben, mit einem Schraubendreher die \u00dcberwachungskamera vor der Wohnung zu manipulieren. Der Wohnungsinhaber machte dann doch auf sich aufmerksam und der Tatverd\u00e4chtige lie\u00df von der Kamera ab.<\/p>\n\n\n\n<p>Anschlie\u00dfend soll er sich in dem Anwesen zu der Wohnung eines weiteren 41-j\u00e4hrigen Gesch\u00e4digten begeben haben. Da dieser schlief und auf das Klopfen nicht reagierte, nahm der 36-J\u00e4hrige wiederum seinen Schraubendreher und zerst\u00f6rte die \u00dcberwachungskamera. Beim Versuch, die Wohnungst\u00fcr aufzuhebeln, erwachte der 41-J\u00e4hrige in der Wohnung und begab sich mit seiner Tierabwehrpistole zur Wohnungst\u00fcr. Er riss sie von innen auf und entdeckte den 36-J\u00e4hrigen. Im Rahmen einer verbalen Auseinandersetzung spr\u00fchte der Gesch\u00e4digte dem Tatverd\u00e4chtigen dann mit der Tierabwehrpistole in das Gesicht. Der 36-j\u00e4hrige Tatverd\u00e4chtige wurde hierbei im Gesicht getroffen und ergriff die Flucht.<\/p>\n\n\n\n<p>Der gambische Tatverd\u00e4chtige wurde beim Haft- und Ermittlungsrichter des Amtsgerichts Mannheim vorgef\u00fchrt und nach Erlass eines Haftbefehls wegen Fluchtgefahr anschlie\u00dfend in eine Justizvollzugsanstalt eingeliefert.<\/p>\n\n\n\n<p>Die Ermittlungen &#8211; auch gegen den 41-j\u00e4hrigen Wohnungsinhaber, inwieweit der Einsatz des Tierabwehrsprays rechtm\u00e4\u00dfig war &#8211; dauern an.<\/p>\n\n\n\n<h2 class=\"wp-block-heading\">(Sankt Leon-Rot \/ Rhein-Neckar-Kreis) &#8211; Brand einer Gartenh\u00fctte; Innenraum brennt v\u00f6llig aus; Feuerwehr l\u00f6scht den Brand<\/h2>\n\n\n\n<p>Am Montagnachmittag, gegen 15:30 Uhr geriet im Felchenweg eine frei stehende Gartenh\u00fctte aus bislang unbekannter Ursache in Brand.<\/p>\n\n\n\n<p>Ein Gro\u00dfteil des Innenraums verbrannten hierbei. Die Flammen griffen gl\u00fccklicherweise kaum auf die Au\u00dfenseite der H\u00fctte \u00fcber. Dennoch entstand Sachschaden in H\u00f6he von circa 5.000 Euro.<\/p>\n\n\n\n<p>Die Feuerwehr Sankt Leon-Rot r\u00fcckte an und l\u00f6schte den Brand.<\/p>\n\n\n\n<p>Die Brandursache konnte bislang nicht festgestellt werden und polizeilichen Ermittlungen sind noch im Gange.<\/p>\n\n\n\n<h2 class=\"wp-block-heading\">(Waibstadt \/ Rhein-Neckar-Kreis) &#8211; Holztisch im Waldkindergarten gestohlen \/ Wer wei\u00df was?<\/h2>\n\n\n\n<div class=\"wp-block-image\"><figure class=\"aligncenter size-full\"><img decoding=\"async\" loading=\"lazy\" width=\"800\" height=\"560\" src=\"https:\/\/speyer24news.com\/wp-content\/uploads\/2022\/05\/IMG-20220524-WA0001-1.jpg\" alt=\"\" class=\"wp-image-46443\" srcset=\"https:\/\/speyer24news.com\/wp-content\/uploads\/2022\/05\/IMG-20220524-WA0001-1.jpg 800w, https:\/\/speyer24news.com\/wp-content\/uploads\/2022\/05\/IMG-20220524-WA0001-1-300x210.jpg 300w, https:\/\/speyer24news.com\/wp-content\/uploads\/2022\/05\/IMG-20220524-WA0001-1-768x538.jpg 768w\" sizes=\"(max-width: 800px) 100vw, 800px\" \/><\/figure><\/div>\n\n\n\n<p>In der Nacht von Montag auf Dienstag wurde vom Gel\u00e4nde des Waldkindergartens in der Adersbacher Stra\u00dfe ein Holztisch entwendet. Obwohl der Tisch mit einem Wert von lediglich wenigen Hundert Euro zu beziffern ist, stellt er f\u00fcr die Kindergruppen im Waldkindergarten eine besondere Bedeutung dar. Auf ihm wird nicht nur gegessen, sondern auch gespielt, gemalt und gebastelt. Somit ist die Funktion des Kindergartens in besonderer Weise beeintr\u00e4chtigt. Zeugen, die Hinweise \u00fcber den Verbleib des Tisches geben k\u00f6nnen, werden gebeten, sich mit dem Polizeiposten Waibstadt, Tel.: 07263\/5807 oder dem Polizeirevier Sinsheim, Tel.: 07261\/690-0 in Verbindung zu setzen.<\/p>\n\n\n\n<h2 class=\"wp-block-heading\">(Weinheim \/ Rhein-Neckar-Kreis) &#8211; Verkehrsunfall mit leicht verletzter Frau, Polizei sucht Zeugen<\/h2>\n\n\n\n<p>Bereits am vergangenen Sonntag, gegen 18:30 Uhr fuhr ein 63-j\u00e4hriger Fahrer eines Pkw VW Passat auf der Birkenauer Talstra\u00dfe in Fahrtrichtung Birkenau. Auf H\u00f6he der Stadthalle ordnete sich der Fahrer links in Richtung Parkplatz &#8222;Stadthalle&#8220; ein.<\/p>\n\n\n\n<p>Ein entgegenkommender bislang unbekannter Pkw-Fahrer hielt an, um dem Passat-Fahrer ein Einfahren den Parkplatz zu erm\u00f6glichen.<\/p>\n\n\n\n<p>W\u00e4hrend des Abbiegevorgangs, fuhr ein 26-j\u00e4hriger Ford-Fahrer, der ebenfalls aus Richtung Birkenau kam, rechts an dem wartenden Pkw vorbei und stie\u00df mit dem Linksabbieger zusammen.<\/p>\n\n\n\n<p>Der Fahrer des wartenden Pkw ist nach dem Unfall weitergefahren ohne seine Personaldaten anzugeben. Die Polizei bittet, dass er sich mit der Polizei in Verbindung setzt.<\/p>\n\n\n\n<p>Der Passat wurde vorne rechts und der Ford vorne links besch\u00e4digt. Insgesamt entstand Sachschaden von 2.000 Euro.<\/p>\n\n\n\n<p>Die 57-j\u00e4hrige Beifahrerin des Passats wurde leicht verletzt und wollte selbstst\u00e4ndig \u00e4rztliche Hilfe in Anspruch nehmen.<\/p>\n\n\n\n<p>Im Zusammenhang mit dem Unfall kam es zu Verkehrsbehinderungen in beide Fahrrichtungen.<\/p>\n\n\n\n<p>Zeugen werden gebeten, sich mit dem Polizeirevier Weinheim unter der Telefonnummer 06201.10030 in Verbindung zu setzen.<\/p>\n","protected":false},"excerpt":{"rendered":"<div class=\"mh-excerpt\"><p>Polizeimeldungen vom Dienstag (24.05.2022) (Speyer) &#8211; Zwei Trunkenheitsfahrten auf dem Fahrrad Am 23.05.2022 gegen 18:45 Uhr befuhr eine 37-J\u00e4hrige die Paul-Egell-Stra\u00dfe auf ihrem Fahrrad in starken Schlangenlinien. Eine Polizeistreife wurde auf sie aufmerksam und f\u00fchrte <a class=\"mh-excerpt-more\" href=\"https:\/\/speyer24news.com\/?p=46437\" title=\"Polizei\">[&#8230;]<\/a><\/p>\n<\/div>","protected":false},"author":3,"featured_media":26162,"comment_status":"open","ping_status":"open","sticky":false,"template":"","format":"standard","meta":{"_monsterinsights_skip_tracking":false,"_monsterinsights_sitenote_active":false,"_monsterinsights_sitenote_note":"","_monsterinsights_sitenote_category":0,"footnotes":""},"categories":[12],"tags":[7243,7244,3614,702,61,2555,6955,6986,6263,63,105,11150,6987,53,4854,13534,4683,1548,4905,11592,102,13626,213,14325,14324,13553,13541,55,8277,6368,5261,103,106,2803,2423,427,2625,380,62,104,979,1565],"aioseo_notices":[],"amp_enabled":true,"_links":{"self":[{"href":"https:\/\/speyer24news.com\/index.php?rest_route=\/wp\/v2\/posts\/46437"}],"collection":[{"href":"https:\/\/speyer24news.com\/index.php?rest_route=\/wp\/v2\/posts"}],"about":[{"href":"https:\/\/speyer24news.com\/index.php?rest_route=\/wp\/v2\/types\/post"}],"author":[{"embeddable":true,"href":"https:\/\/speyer24news.com\/index.php?rest_route=\/wp\/v2\/users\/3"}],"replies":[{"embeddable":true,"href":"https:\/\/speyer24news.com\/index.php?rest_route=%2Fwp%2Fv2%2Fcomments&post=46437"}],"version-history":[{"count":1,"href":"https:\/\/speyer24news.com\/index.php?rest_route=\/wp\/v2\/posts\/46437\/revisions"}],"predecessor-version":[{"id":46444,"href":"https:\/\/speyer24news.com\/index.php?rest_route=\/wp\/v2\/posts\/46437\/revisions\/46444"}],"wp:featuredmedia":[{"embeddable":true,"href":"https:\/\/speyer24news.com\/index.php?rest_route=\/wp\/v2\/media\/26162"}],"wp:attachment":[{"href":"https:\/\/speyer24news.com\/index.php?rest_route=%2Fwp%2Fv2%2Fmedia&parent=46437"}],"wp:term":[{"taxonomy":"category","embeddable":true,"href":"https:\/\/speyer24news.com\/index.php?rest_route=%2Fwp%2Fv2%2Fcategories&post=46437"},{"taxonomy":"post_tag","embeddable":true,"href":"https:\/\/speyer24news.com\/index.php?rest_route=%2Fwp%2Fv2%2Ftags&post=46437"}],"curies":[{"name":"wp","href":"https:\/\/api.w.org\/{rel}","templated":true}]}}