{"id":46461,"date":"2022-05-27T06:06:14","date_gmt":"2022-05-27T05:06:14","guid":{"rendered":"https:\/\/speyer24news.com\/?p=46461"},"modified":"2022-05-27T06:06:19","modified_gmt":"2022-05-27T05:06:19","slug":"polizei-819","status":"publish","type":"post","link":"https:\/\/speyer24news.com\/?p=46461","title":{"rendered":"Polizei"},"content":{"rendered":"<style type=\"text\/css\">\r\n\t.ads_top_disp{}\r\n\t.ads_top_corner_disp{ float:left; margin:0px 10px 10px 0px; }\r\n\t.ads_first_p_disp{}\r\n\t.ads_bottom_disp{}\r\n\t<\/style>\n<h2 class=\"wp-block-heading\">Polizeimeldungen vom Donnerstag (26.05.2022)<\/h2>\n\n\n\n<div class=\"wp-block-image\"><figure class=\"aligncenter size-full\"><img decoding=\"async\" loading=\"lazy\" width=\"375\" height=\"500\" src=\"https:\/\/speyer24news.com\/wp-content\/uploads\/2022\/03\/Aktuelles-Polizeilogo.jpg\" alt=\"\" class=\"wp-image-43591\" srcset=\"https:\/\/speyer24news.com\/wp-content\/uploads\/2022\/03\/Aktuelles-Polizeilogo.jpg 375w, https:\/\/speyer24news.com\/wp-content\/uploads\/2022\/03\/Aktuelles-Polizeilogo-225x300.jpg 225w\" sizes=\"(max-width: 375px) 100vw, 375px\" \/><\/figure><\/div>\n\n\n\n<p><\/p>\n\n\n\n<h2 class=\"wp-block-heading\">(Speyer) &#8211; Fl\u00fcchten lohnt sich nicht \/ Strafanzeige wegen Fahren ohne Fahrerlaubnis<\/h2>\n\n\n\n<p>In der Nacht von Mittwoch auf Donnerstag sollte ein PKW in der Bahnhofstra\u00dfe in Speyer einer Verkehrskontrolle unterzogen werden. Trotz angeschaltetem Anhaltezeichen und Blaulicht fl\u00fcchtete der PKW Fahrer von der Bahnhofstra\u00dfe in Richtung Postplatz. Nach einer kurzen Verfolgung stellte der Fahrer des fl\u00fcchtenden PKW diesen in der M\u00fchlturmstra\u00dfe ab und fl\u00fcchtete gemeinsam mit dem Beifahrer zu Fu\u00df. Der 17-j\u00e4hrige Fahrer konnte bei der anschlie\u00dfenden Fahndung durch die Polizei unter einem PKW liegend festgestellt werden. Gegen ihn wurde ein Strafverfahren wegen Fahren ohne Fahrerlaubnis eingeleitet.<\/p>\n\n\n\n<h2 class=\"wp-block-heading\">(Speyer) &#8211; Vorfahrt missachtet f\u00fchrt zu hohem Sachschaden<\/h2>\n\n\n\n<p>Am 25.05.2022 kam es gegen 16:18 Uhr zu einem Verkehrsunfall in Speyer-Nord. Die 83-j\u00e4hrige Fahrerin eines PKW&#8217;s missachtete in der Einm\u00fcndung Holunderweg\/Spaldinger Stra\u00dfe das f\u00fcr Sie geltende Verkehrszeichen &#8222;Vorfahrt gew\u00e4hren&#8220; und fuhr vom Holunderweg in die Spaldinger Stra\u00dfe ein. Hier kam es zum Zusammensto\u00df mit einem auf der Spaldinger Stra\u00dfe fahrendem 48-j\u00e4hrigen Fahrer aus Speyer. Beide PKW&#8217;s waren derart besch\u00e4digt, dass sie abgeschleppt werden mussten. Der Gesamtschaden bel\u00e4uft sich auf ca. 9000EUR. Verletzt wurde niemand.<\/p>\n\n\n\n<h2 class=\"wp-block-heading\">(Speyer) &#8211; Versuchter Einbruch in einen PKW<\/h2>\n\n\n\n<p>Am Mittwoch, den 25.05.2022, versuchten unbekannte T\u00e4ter im Tatzeitraum von 01:00 Uhr bis 13:00 Uhr in der Dudenhofer Stra\u00dfe in Speyer erfolglos eine Beifahrert\u00fcr eines PKW&#8217;s aufzubrechen. Es entstand jedoch Sachschaden in H\u00f6he von ca. 300EUR. Die Polizei r\u00e4t Ihnen, keine Wertsachen \u00fcber einen l\u00e4ngeren Zeitraum sichtbar in Ihrem PKW unbeaufsichtigt zu lassen.<\/p>\n\n\n\n<h2 class=\"wp-block-heading\">(Speyer) &#8211; Betrug durch falsche Polizeibeamte<\/h2>\n\n\n\n<div class=\"wp-block-image\"><figure class=\"aligncenter size-full\"><img decoding=\"async\" loading=\"lazy\" width=\"800\" height=\"396\" src=\"https:\/\/speyer24news.com\/wp-content\/uploads\/2020\/01\/Falscher-Polizeibeamter.jpg\" alt=\"\" class=\"wp-image-24247\" srcset=\"https:\/\/speyer24news.com\/wp-content\/uploads\/2020\/01\/Falscher-Polizeibeamter.jpg 800w, https:\/\/speyer24news.com\/wp-content\/uploads\/2020\/01\/Falscher-Polizeibeamter-300x149.jpg 300w, https:\/\/speyer24news.com\/wp-content\/uploads\/2020\/01\/Falscher-Polizeibeamter-768x380.jpg 768w\" sizes=\"(max-width: 800px) 100vw, 800px\" \/><\/figure><\/div>\n\n\n\n<p>Am vergangenen Dienstag kam es zu einem betr\u00fcgerischen Anruf von falschen Polizeibeamten. In diesem Fall forderten die Betr\u00fcger die Gesch\u00e4digte auf, mehrere Google-Play-Gutscheine zu kaufen und anschlie\u00dfend die Codes zu \u00fcbermitteln, was Ihnen letztlich gelang. Seien Sie stets wachsam und vorsichtig. Vor allem tags\u00fcber versuchen die Betr\u00fcger es mit vielf\u00e4ltigen Methoden.<\/p>\n\n\n\n<p>In vielen F\u00e4llen rufen die Betr\u00fcger zuhause an. Sie geben sich beispielsweise als Polizeibeamte aus und fragen zuerst danach, ob man in der Vergangenheit etwas \u00fcber Einbr\u00fcche mitbekommen habe oder werfen Ihnen vor, dass sie in kriminelle Gesch\u00e4fte verwickelt sind. Unabh\u00e4ngig von der Antwort lenken sie das Gespr\u00e4ch dahingehend, dass die Betr\u00fcger Wissen \u00fcber die finanzielle Situation der vermeintlichen Opfer bekommen wollen. Sie fragen nach Tresoren, Schmuck und Bargeld.<\/p>\n\n\n\n<h4 class=\"wp-block-heading\">Die Polizei warnt ausdr\u00fccklich vor solchen Betrugsmaschen und r\u00e4t:<\/h4>\n\n\n\n<ul><li><strong>Die Geschichten sind vielf\u00e4ltig und k\u00f6nnen variieren. Ziel ist es immer, unter Vorspiegelung falscher Tatsachen oder Notlagen an Bargeld oder Wertgegenst\u00e4nde zu gelangen.<\/strong><\/li><li><strong>Seien Sie misstrauisch, wenn sich Personen am Telefon als  Verwandte oder Bekannte ausgeben, die Sie als solche nicht erkennen. Raten sie nicht wer anruft, sondern fordern Sie den Anrufer auf, den Namen selbst zu nennen. Erfragen Sie Dinge, die nur der richtige Verwandte\/ Bekannte wissen kann.<\/strong><\/li><li><strong>Geben Sie keine Details zu Ihren famili\u00e4ren oder finanziellen Verh\u00e4ltnissen bei einem unerwarteten bzw. nicht selbst veranlassten Telefonanruf preis.<\/strong><\/li><li><strong>Die Polizei fragt niemals danach, ob sie Bargeld oder Schmuck zuhause haben. Und niemals fordert die Polizei Sie auf, dies auszuh\u00e4ndigen. Sollten Sie in solchen F\u00e4llen Anrufe erhalten, in denen sich jemand als Polizei ausgibt, beenden Sie das Gespr\u00e4ch und rufen Sie nach M\u00f6glichkeit von einem anderen Ger\u00e4t oder Handy aus bei der f\u00fcr Sie zust\u00e4ndigen Polizeidienststelle zur\u00fcck.<\/strong><\/li><li><strong>Gehen Sie nie auf finanzielle Forderungen ein.<\/strong><\/li><li><strong>\u00dcberpr\u00fcfen Sie auch bei Nachrichten, ob es sich wirklich um die Person handelt, die er oder sie vorgibt zu sein. Veranlassen Sie m\u00f6glicherweise Videoanrufe oder kontaktieren Sie selbst weitere Bekannte auf Ihnen bekannten Rufnummern.<\/strong><\/li><\/ul>\n\n\n\n<h2 class=\"wp-block-heading\">(Schifferstadt) &#8211; Pkw-Fahrer fl\u00fcchtet nach Verkehrsunfall<\/h2>\n\n\n\n<p>Im Zeitraum, Dienstag, 24.05.2022, 18:00 Uhr auf Mittwoch, 05:30 Uhr ereignete sich in der Speyerer Stra\u00dfe ein Verkehrsunfall. Hierbei stie\u00df vermutlich ein blauer Passat beim Ausparken gegen ein geparktes Fahrzeug und entfernte sich anschlie\u00dfend von der Unfallstelle. Zeugen, die Angaben zu dem Unfallhergang machen k\u00f6nnen, werden gebeten, sich mit der Polizeiinspektion Schifferstadt unter 06235 495-0 oder\u00a0<a href=\"mailto:pischifferstadt@polizei.rlp.de\">pischifferstadt@polizei.rlp.de<\/a>\u00a0in Verbindung zu setzen.<\/p>\n\n\n\n<h2 class=\"wp-block-heading\">(R\u00f6dersheim-Gronau) &#8211; Fl\u00fcchtiger Pkw-Fahrer gesucht<\/h2>\n\n\n\n<p>Am Mittwoch, 25.05.2022, zwischen 13:10-15:00 Uhr, touchierte in der Kirchenstra\u00dfe in Gronau ein bislang unbekannter Pkw-Fahrer beim Vorbeifahren einen geparkten Pkw und entfernte sich anschlie\u00dfend von der Unfallstelle. Zeugen, die Angaben zu dem Unfallhergang machen k\u00f6nnen, werden gebeten, sich mit der Polizeiinspektion Schifferstadt unter 06235 495-0 oder\u00a0<a href=\"mailto:pischifferstadt@polizei.rlp.de\">pischifferstadt@polizei.rlp.de<\/a>\u00a0in Verbindung zu setzen.<\/p>\n\n\n\n<h2 class=\"wp-block-heading\">(R\u00fclzheim) &#8211; Verfolgungsfahrt endet in Sackgasse<\/h2>\n\n\n\n<p>Gewendet und mit hoher Geschwindigkeit durch R\u00fclzheim gerast, ist ein 38-j\u00e4hriger Autofahrer, der durch die Polizei am Samstag, gegen 01:35 Uhr in der Bahnhofstra\u00dfe kontrolliert werden sollte. Der Mann fuhr sich nach kurzer Verfolgungsfahrt in einer Sackgasse fest und konnte dort kontrolliert werden. Einen F\u00fchrerschein hatte der Mann nicht, daf\u00fcr aber 1,7 Promille.<\/p>\n\n\n\n<h2 class=\"wp-block-heading\">(Knittelsheim) &#8211; Teurer Kennzeichentausch<\/h2>\n\n\n\n<p>Dass er das Kennzeichen eines zugelassenen Autos an einem nicht zugelassenen anbrachte, d\u00fcrfte einen 70-j\u00e4hrigen Mann teuer zu stehen kommen. Am Mittwochnachmittag stellten Beamte fest, dass die falschen Kennzeichen an einem geparkten Fahrzeug angebracht waren. Der Mann gab an, dass er lediglich die Kennzeichen angebracht habe, um das Fahrzeug im \u00f6ffentlichen Verkehrsraum abstellen zu k\u00f6nnen. Gegen den Rentner wird wegen Urkundenf\u00e4lschung ermittelt.<\/p>\n\n\n\n<h2 class=\"wp-block-heading\">(Landau-M\u00f6rlheim) &#8211; Schwerer Verkehrsunfall zwischen PKW und Radfahrerin<\/h2>\n\n\n\n<div class=\"wp-block-image\"><figure class=\"aligncenter size-full\"><img decoding=\"async\" loading=\"lazy\" width=\"800\" height=\"600\" src=\"https:\/\/speyer24news.com\/wp-content\/uploads\/2022\/05\/vumoerlheim.jpg\" alt=\"\" class=\"wp-image-46462\" srcset=\"https:\/\/speyer24news.com\/wp-content\/uploads\/2022\/05\/vumoerlheim.jpg 800w, https:\/\/speyer24news.com\/wp-content\/uploads\/2022\/05\/vumoerlheim-300x225.jpg 300w, https:\/\/speyer24news.com\/wp-content\/uploads\/2022\/05\/vumoerlheim-768x576.jpg 768w, https:\/\/speyer24news.com\/wp-content\/uploads\/2022\/05\/vumoerlheim-678x509.jpg 678w, https:\/\/speyer24news.com\/wp-content\/uploads\/2022\/05\/vumoerlheim-326x245.jpg 326w, https:\/\/speyer24news.com\/wp-content\/uploads\/2022\/05\/vumoerlheim-80x60.jpg 80w\" sizes=\"(max-width: 800px) 100vw, 800px\" \/><\/figure><\/div>\n\n\n\n<p>Am 26.05.2022 gegen 18:32 Uhr befuhr eine 47-j\u00e4hrige Landauerin die K 2 von Offenbach\/Queich kommend in Richtung Insheim. An der Einm\u00fcndung zur K1 wollte eine 76-j\u00e4hrige Radfahrerin aus dem Kreis S\u00dcW die Stra\u00dfe \u00fcberqueren und wurde durch den PKW erfasst. Die Frau wurde ca. 10m weit in den angrenzenden Gr\u00fcnstreifen geschleudert. Sie erlitt schwere Verletzungen und wurde mit einem Rettungshubschrauber in eine Spezialklinik geflogen. F\u00fcr die Dauer der Unfallaufnahme wurde die K 2 in beiden Richtungen voll gesperrt. Von Seiten der Staatsanwaltschaft Landau wurde ein Gutachter zur Feststellung der Unfallursache hinzugezogen. Die Ermittlungen dauern an.<\/p>\n\n\n\n<h2 class=\"wp-block-heading\">(Landau) &#8211; Trunkenheit im Verkehr, Versto\u00df gegen das Bet\u00e4ubungsmittelgesetz und das Pflichtversicherungsgesetz<\/h2>\n\n\n\n<p>Gleich mehrere Straftaten beging ein 20-j\u00e4hriger junger Mann aus dem Raum S\u00fcdliche Weinstra\u00dfe, der am Mittwochabend gegen 20:00 Uhr durch Polizeibeamte lediglich auf das abgelaufene Versicherungskennzeichen seines E-Scooters hingewiesen werden sollte. Denn w\u00e4hrend der Verkehrskontrolle gab der junge Mann zu, morgens Cannabis konsumiert zu haben. Ihm wurde eine Blutprobe entnommen und die Weiterfahrt untersagt. Letztlich muss er mit Ermittlungsverfahren wegen Trunkenheit im Verkehr und jeweils einem Versto\u00df gegen das Bet\u00e4ubungsmittel- \/ und Pflichtversicherungsgesetz rechnen.<\/p>\n\n\n\n<h2 class=\"wp-block-heading\">(Landau) &#8211; Verkehrsunfall mit verletztem Radfahrer<\/h2>\n\n\n\n<p>Gl\u00fcck im Ungl\u00fcck hatte am Mittwochmorgen gegen 07:00 Uhr ein 29 Jahre alter Fahrradfahrer, der von der B\u00fcrgerstra\u00dfe in Landau in Richtung der Wirth-Alle fahren wollte. Der Zweiradfahrer kollidierte dort mit einem bevorrechtigten PKW-Fahrer und st\u00fcrzte \u00fcber die Motorhaube zu Boden. Gl\u00fccklichen Umst\u00e4nden geschuldet verletzte sich der Fahrradfahrer nur leicht. Es entstand ein Gesamtschaden von etwa 700 Euro.<\/p>\n\n\n\n<h2 class=\"wp-block-heading\">(Burrweiler) &#8211; Sperrung nach Wasserrohrbruch<\/h2>\n\n\n\n<p>Zu einem gr\u00f6\u00dferen Einsatz von Polizei und Feuerwehr kam es in der vergangenen Nacht wegen eines Wasserrohrbruchs im Verlauf der Hauptstra\u00dfe in Burrweiler, der zur Folge hatte, dass mehrere Keller massiv vollliefen. Aktuell besteht dort eine Vollsperrung wegen des Verdachts der Untersp\u00fclung der Stra\u00dfe im Bereich der Hausnummern 51-58.<\/p>\n\n\n\n<h2 class=\"wp-block-heading\">(Edesheim) &#8211; Geschwindigkeitskontrollen<\/h2>\n\n\n\n<p>Am Mittwoch, d. 25. Mai 2022 wurde durch die Polizei Edenkoben an zwei Stellen in Edesheim die Einhaltung der erlaubten H\u00f6chstgeschwindigkeit \u00fcberwacht. In der Staatsstra\u00dfe mussten zehn Verkehrsteilnehmer festgestellt werden, die die erlaubten 30 km\/h \u00fcberschritten. In der Jahnstra\u00dfe ergaben sich sogar 13 Verst\u00f6\u00dfe gegen die auch hier auf 30 km\/h festgesetzte H\u00f6chstgrenze der gefahrenen Geschwindigkeit. An beiden Stellen waren die beiden unr\u00fchmlichen Spitzenreiter mit gemessenen 55 km\/h unterwegs.<\/p>\n\n\n\n<h2 class=\"wp-block-heading\">(Kirrweiler) &#8211; PKW-Aufbruch<\/h2>\n\n\n\n<p>Im Zeitraum vom 23. Mai, 18 Uhr bis 25. Mai, 16:30 Uhr wurde an einem PKW Dacia mit RP-Kennzeichen, der im Bereich des Mitfahrerparkplatzes am Bordm\u00fchlweg abgestellt war, die Beifahrerscheibe eingeschlagen. Wer Hinweise zum bisher unbekannten T\u00e4ter geben kann, wird gebeten, sich mit der Polizei in Edenkoben (06323-9550) in Verbindung zu setzen.<\/p>\n\n\n\n<h2 class=\"wp-block-heading\">(Lambrecht) &#8211; Wohnungsbrand<\/h2>\n\n\n\n<div class=\"wp-block-image\"><figure class=\"aligncenter size-full\"><img decoding=\"async\" loading=\"lazy\" width=\"800\" height=\"533\" src=\"https:\/\/speyer24news.com\/wp-content\/uploads\/2021\/01\/Ruhe-in-Frieden.jpg\" alt=\"\" class=\"wp-image-32361\" srcset=\"https:\/\/speyer24news.com\/wp-content\/uploads\/2021\/01\/Ruhe-in-Frieden.jpg 800w, https:\/\/speyer24news.com\/wp-content\/uploads\/2021\/01\/Ruhe-in-Frieden-300x200.jpg 300w, https:\/\/speyer24news.com\/wp-content\/uploads\/2021\/01\/Ruhe-in-Frieden-768x512.jpg 768w\" sizes=\"(max-width: 800px) 100vw, 800px\" \/><\/figure><\/div>\n\n\n\n<p>Aus bislang ungekl\u00e4rter Ursache kam es am Abend des 25.05.2022 zu einem Vollbrand eines Zimmers innerhalb einer Etagenwohnung in Lambrecht. Der Brand konnte durch die Feuerwehr gel\u00f6scht werden. Aufgrund von Rauchgasbeeintr\u00e4chtigungen mussten vor\u00fcbergehend alle Bewohner der Mehrparteienhauses evakuiert werden. Die Schadensh\u00f6he d\u00fcrfte sich grob gesch\u00e4tzt auf 50.000 EUR &#8211; 100.000 EUR belaufen, da der Brand nicht auf die angrenzenden Wohnungen \u00fcbergriff. Die weiteren Ermittlungen erfolgen durch das zust\u00e4ndige Fachkommissariat der Kriminalinspektion Neustadt<\/p>\n\n\n\n<h3 class=\"has-text-align-center wp-block-heading\">Gemeinsame erg\u00e4nzende Presseerkl\u00e4rung von Staatsanwaltschaft Frankenthal und Polizei<\/h3>\n\n\n\n<p>Aus bislang ungekl\u00e4rter Ursache kam es am Abend des 25.05.2022 zu einem Vollbrand eines Zimmers innerhalb einer Etagenwohnung in Lambrecht. Der Brand konnte durch die Feuerwehr gel\u00f6scht werden. Aufgrund von Rauchgasbeeintr\u00e4chtigungen mussten vor\u00fcbergehend alle Bewohner des Mehrparteienhauses evakuiert werden. Die Schadensh\u00f6he d\u00fcrfte sich grob gesch\u00e4tzt auf 50.000 EUR &#8211; 100.000 EUR belaufen, da der Brand nicht auf die angrenzenden Wohnungen \u00fcbergriff.<\/p>\n\n\n\n<p>Nachdem die L\u00f6scharbeiten beendet waren, konnte das Brandobjekt durch die Kriminalpolizei und die Feuerwehr betreten werden. Dabei konnte ein verbrannter Leichnam vorgefunden werden.<\/p>\n\n\n\n<p>Hinsichtlich der genauen Todesursache und der Identit\u00e4t sind weitere Ermittlungen durch die Kriminalpolizei Neustadt erforderlich.<\/p>\n\n\n\n<h2 class=\"wp-block-heading\">(Ha\u00dfloch) &#8211; Unerlaubt von der Unfallstelle gefl\u00fcchtet<\/h2>\n\n\n\n<p>In Ha\u00dfloch, Langgasse Ecke Im Opra, ereignete sich am 25.05.2022 gegen 21:00 Uhr eine Unfallflucht. Eine aufmerksame Zeugin beobachtete, wie ein schwarzer Mercedes Kombi beim R\u00fcckw\u00e4rtsfahren ein Verkehrsschild besch\u00e4digte. Es entstand ein Fremdschaden von ca. 300 EUR. Ohne sich um die Schadensregulierung zu k\u00fcmmern, entfernte sich der Unfallverursacher sehr z\u00fcgig von der Unfallstelle, in Richtung Dorfmitte. Zeugen werden gebeten, sachdienliche Hinweise zum Unfallgeschehen der Polizei Ha\u00dfloch mitzuteilen.<\/p>\n\n\n\n<h2 class=\"wp-block-heading\">(A 65 \/ Deidesheim) &#8211; Verkehrsunfall mit Personenschaden<\/h2>\n\n\n\n<div class=\"wp-block-image\"><figure class=\"aligncenter size-full\"><img decoding=\"async\" loading=\"lazy\" width=\"800\" height=\"600\" src=\"https:\/\/speyer24news.com\/wp-content\/uploads\/2022\/05\/VUA65_.jpg\" alt=\"\" class=\"wp-image-46463\" srcset=\"https:\/\/speyer24news.com\/wp-content\/uploads\/2022\/05\/VUA65_.jpg 800w, https:\/\/speyer24news.com\/wp-content\/uploads\/2022\/05\/VUA65_-300x225.jpg 300w, https:\/\/speyer24news.com\/wp-content\/uploads\/2022\/05\/VUA65_-768x576.jpg 768w, https:\/\/speyer24news.com\/wp-content\/uploads\/2022\/05\/VUA65_-678x509.jpg 678w, https:\/\/speyer24news.com\/wp-content\/uploads\/2022\/05\/VUA65_-326x245.jpg 326w, https:\/\/speyer24news.com\/wp-content\/uploads\/2022\/05\/VUA65_-80x60.jpg 80w\" sizes=\"(max-width: 800px) 100vw, 800px\" \/><\/figure><\/div>\n\n\n\n<p>Am 25.10.2022 kam es gegen 15:00 Uhr auf der A65 in Fahrtrichtung Ludwigshafen, kurz vor der Anschlussstelle Deidesheim, zu einem Verkehrsunfall, bei dem ein Fahrzeug aus bislang ungekl\u00e4rter Ursache mit der Mittelleitplanke kollidierte. Der betroffene Fahrzeugf\u00fchrer wurde durch den Aufprall leicht verletzt und musste zur weiteren Behandlung in ein Krankenhaus verbracht werden. Zur Unfallaufnahme und der Bergung des verunfallten Fahrzeugs musste ein Fahrstreifen f\u00fcr ca. zwei Stunden gesperrt werden.<\/p>\n\n\n\n<h2 class=\"wp-block-heading\">(Friedelsheim) &#8211; Pferde entlaufen, Besitzer gesucht<\/h2>\n\n\n\n<p>Am 25.05.2022 gegen 23:30 Uhr wurden f\u00fcnf freilaufende Pferde auf der L525 zwischen Wachenheim an der Weinstra\u00dfe und Friedelsheim, H\u00f6he Ortseingang Friedelsheim, gemeldet. Gemeinsam mit den Mitteilern konnten die Pferde eingefangen werden. Da der Besitzer nicht ermittelt werden konnte, wurden die Pferde zun\u00e4chst auf einer freien Koppel untergebracht.<\/p>\n\n\n\n<p>Der Besitzer wird gebeten sich mit der Polizei Bad D\u00fcrkheim in Verbindung zu setzen!<\/p>\n\n\n\n<h2 class=\"wp-block-heading\">(Bad D\u00fcrkheim) &#8211; Stadtfest Bad D\u00fcrkheim<\/h2>\n\n\n\n<p>Am 25.05.2022 startete der Auftakt zum Stadtfest der Stadt Bad D\u00fcrkheim. Die Polizei Bad D\u00fcrkheim war zusammen mit dem Ordnungsamt der Stadt Bad D\u00fcrkheim auf dem Fest unterwegs. Es fanden gemeinsame Kontrollen statt. Das Res\u00fcmee des ersten Tages des Festes war sehr positiv. Es kam lediglich zu einer K\u00f6rperverletzung, die aber nicht direkt auf dem Fest stattfand, sondern in einer nahegelegenen Gastst\u00e4tte.<\/p>\n\n\n\n<h2 class=\"wp-block-heading\">(Bad D\u00fcrkheim) &#8211; Alleinbeteiligter Pkw kommt von der Fahrbahn ab<\/h2>\n\n\n\n<div class=\"wp-block-image\"><figure class=\"aligncenter size-full\"><img decoding=\"async\" loading=\"lazy\" width=\"800\" height=\"600\" src=\"https:\/\/speyer24news.com\/wp-content\/uploads\/2022\/05\/1-1.jpg\" alt=\"\" class=\"wp-image-46464\" srcset=\"https:\/\/speyer24news.com\/wp-content\/uploads\/2022\/05\/1-1.jpg 800w, https:\/\/speyer24news.com\/wp-content\/uploads\/2022\/05\/1-1-300x225.jpg 300w, https:\/\/speyer24news.com\/wp-content\/uploads\/2022\/05\/1-1-768x576.jpg 768w, https:\/\/speyer24news.com\/wp-content\/uploads\/2022\/05\/1-1-678x509.jpg 678w, https:\/\/speyer24news.com\/wp-content\/uploads\/2022\/05\/1-1-326x245.jpg 326w, https:\/\/speyer24news.com\/wp-content\/uploads\/2022\/05\/1-1-80x60.jpg 80w\" sizes=\"(max-width: 800px) 100vw, 800px\" \/><\/figure><\/div>\n\n\n\n<p>Am 25.05.2022, um 12.00 Uhr befuhr der Fahrer eines VW Touareg die Landesstra\u00dfe 517 aus Richtung Leistadt kommend in Fahrtrichtung Bad D\u00fcrkheim. In der dortigen Linkskurve in H\u00f6he des Wohnmobilstellplatzes in Bad D\u00fcrkheim kam der Pkw vermutlich aufgrund Ablenkung und nicht angepasster Geschwindigkeit nach rechts von der Fahrbahn ab und stie\u00df frontal mit einem Baum zusammen. Von dem Baum brachen durch den Aufprall \u00c4ste ab. Die Airbags des Pkw l\u00f6sten aus. Der Fahrer, ein 21-j\u00e4hriger aus dem Landkreis Bad D\u00fcrkheim, der nicht angegurtet war, zeigte zun\u00e4chst keine \u00e4u\u00dferlichen Verletzungen, wurde aber zur Untersuchung in ein Krankenhaus verbracht. Der Pkw war nicht mehr fahrbereit und musste abgeschleppt werden. F\u00fcr die Dauer der Unfallaufnahme wurde der Verkehr einspurig an der Unfallstelle vorbeigeleitet. Die Feuerwehr Bad D\u00fcrkheim war im Einsatz und streute die auslaufenden Betriebsstoffe ab. Der Bauhof der Stadt Bad D\u00fcrkheim kam vor Ort und entsorgte die \u00c4ste des besch\u00e4digten Baumes. Es entstand Totalschaden an dem Pkw. Der Schaden wird auf ca. 20.000 EUR gesch\u00e4tzt.<\/p>\n\n\n\n<h2 class=\"wp-block-heading\">(Kallstadt) &#8211; Unter Alkoholeinfluss Pkw gef\u00fchrt und vor Ort Widerstand geleistet<\/h2>\n\n\n\n<p>Am 25.05.2022 gegen 23:15 Uhr meldeten Verkehrsteilnehmer ein in Schlangenlinien fahrenden Pkw VW Polo. Der Pkw konnte durch die Streife an einer Gastst\u00e4tte festgestellt werden. Die Fahrerin, eine 31-j\u00e4hrige aus dem Raum Gr\u00fcnstadt, konnte durch die Zeugen der unsicheren Fahrweise mitgeteilt und kontrolliert werden. Bei der Fahrerin konnten Alkohol bedingte Ausfallerscheinungen festgestellt werden. Der Frau wurde vor Ort die Mitnahme zur Dienststelle erkl\u00e4rt. Da diese der Aufforderung nicht Folge leisten wollte, musste diese gefesselt werden. Bei der Verbringung zum Streifenwagen leistete die Frau Widerstand gegen die eingesetzten Polizeibeamten, indem sie nach den Beamten, schlug, trat und biss. Durch die Widerstandhandlung wurde eine Polizeibeamtin leicht verletzt. Auf der Dienst-stelle wurde eine Blutprobe entnommen. Die Frau erwartet nun mehrere Strafanzeigen.<\/p>\n\n\n\n<h2 class=\"wp-block-heading\">(Wattenheim) &#8211; Trunkenheit im Verkehr<\/h2>\n\n\n\n<p>Nach einem Zeugenhinweis hinsichtlich einer unsicheren Fahrweise konnte der Fahrer eines Toyotas am Dienstag, 24.05.2022 gegen 20:00 Uhr in Wattenheim durch Beamte der Polizeiinspektion Gr\u00fcnstadt einer Kontrolle unterzogen werden. Bei dem 63-j\u00e4hrigen konnten die Beamten Atemalkoholgeruch feststellen. Ein anschlie\u00dfender Test best\u00e4tigte eine deutliche Alkoholisierung, weshalb der Mann die Beamten zwecks Blutentnahme zur Dienststelle begleiten musste. Neben der Einleitung eines Strafverfahrens wegen Trunkenheit im Verkehr wurde auch der F\u00fchrerschein des Mannes einbehalten.<\/p>\n\n\n\n<h2 class=\"wp-block-heading\">(Gr\u00fcnstadt) &#8211; Sachbesch\u00e4digung durch Feuer<\/h2>\n\n\n\n<p>Wie der Polizei Gr\u00fcnstadt erst jetzt bekannt wurde besch\u00e4digten bislang Unbekannte zwischen 24.04.2022 und 29.04.2022 durch in Brand setzen den Tisch einer Sitzgruppe am Grillplatz im Stadtpark in Gr\u00fcnstadt. M\u00f6gliche Hinweisgeber wenden sich bitte an die Polizei Gr\u00fcnstadt.<\/p>\n\n\n\n<h2 class=\"wp-block-heading\">(Dirmstein) &#8211; Verkehrsunfall und unerlaubtes Entfernen vom Unfallort unter Alkoholeinwirkung<\/h2>\n\n\n\n<p>Am Mittwoch, 25.05.2022 gegen 18:30 Uhr stie\u00df der Fahrer eines BMW in der Hauptstra\u00dfe in Dirmstein gegen einen geparkten Lkw und entfernte sich anschlie\u00dfend unerlaubt von der Unfallstelle. Durch Unfallzeugen konnte das amtliche Kennzeichen des Fl\u00fcchtigen abgelesen werden. Der Fahrer konnte schlie\u00dflich an seiner Wohnanschrift angetroffen werden und der Grund seiner Flucht war schnell ermittelt. Ein Atemalkoholtest ergab \u00fcber 2 Promille. Dem Mann wurde eine Blutprobe entnommen und der F\u00fchrerschein des 78-j\u00e4hrigen wurde beschlagnahmt. Der Gesamtschaden bel\u00e4uft sich auf etwa 1600EUR.<\/p>\n\n\n\n<h2 class=\"wp-block-heading\">(Frankenthal) &#8211; Erster Strohhutfesttag<\/h2>\n\n\n\n<p>Aus Sicht der Polizei verlief der erste Strohhutfesttag \u00fcberwiegend friedlich, wobei es insbesondere in den Abendstunden vermehrt zu polizeilichen Eins\u00e4tzen kam.<\/p>\n\n\n\n<p>Insgesamt wurden bisher 10 K\u00f6rperverletzungsdelikte bekannt. Es mussten 12 Platzverweise ausgesprochen werden. Zudem ereignete sich ein Verkehrsunfall, bei welchem die Verursacherin unter dem Einfluss von Alkohol stand.<\/p>\n\n\n\n<h2 class=\"wp-block-heading\">(Frankenthal) &#8211; Mit Fahrrad gegen geparkten PKW gefahren<\/h2>\n\n\n\n<p>Ein 20-j\u00e4hriger Radfahrer ist am fr\u00fchen Donnerstagmorgen im sichtlich alkoholisierten Zustand gegen einen geparkten PKW gefahren und verletzte sich hierbei. Ein Anwohner wurde gegen 04:30 Uhr infolge des Zusammensto\u00dfes von Fahrrad und PKW wach, fand den leichtverletzten 20-J\u00e4hrigen auf dem Boden liegend und verst\u00e4ndigte die Polizei. W\u00e4hrend der Unfallaufnahme klagte der Radfahrer \u00fcber Schmerzen im linken Bein sowie am Mund. Durch den Rettungsdienst wurde er daher in polizeilicher Begleitung in ein nahegelegenes Krankenhaus gebracht. Da anzunehmen ist, dass der 20-J\u00e4hrige im alkoholisierten Zustand den Unfall verursacht hat, wurde ein Strafverfahren gegen ihn eingeleitet. In dem Krankenhaus wurde ihm daher noch eine Blutprobe entnommen. An dem geparkten KIA entstanden Dellen und Kratzer. Die Schadensh\u00f6he d\u00fcrfte sich auf etwa 3000 Euro belaufen.<\/p>\n\n\n\n<h2 class=\"wp-block-heading\">(Frankenthal) &#8211; Auf Heimweg verunfallt<\/h2>\n\n\n\n<p>Anstatt 400 Meter nach Hause zu laufen, w\u00e4hlte eine alkoholisierte Frankenthalerin am Mittwochabend ihr Fahrrad als Transportmittel der Wahl &#8211; und verunfallte dabei. Ein aufmerksamer Zeuge konnte beobachten, wie die Frankenthalerin gegen 22:45 Uhr mit ihrem Fahrrad gegen einen geparkten PKW in der Friedrich-Ebert-Stra\u00dfe fuhr. Hierdurch st\u00fcrzte sie und erlitt leichte Sch\u00fcrfwunden. An dem geparkten Golf entstanden Streifsch\u00e4den und Kratzer in einer H\u00f6he von ca. 700 Euro. Da im Rahmen der Unfallaufnahme von der Unfallverursacherin ausgehend starker Alkoholgeruch wahrgenommen werden konnte, wurde mit dieser ein Atemalkoholtest durchgef\u00fchrt. Dieser ergab einen Wert von 2,16 Promille. Den Beamten erkl\u00e4rte sie, dass sie in einer nahegelegenen Bar &#8222;drei Schorle&#8220; getrunken habe.<\/p>\n\n\n\n<p>Der Einfluss von Alkohol oder anderen berauschenden Mitteln stellt eine Hauptunfallursache dar. Wer berauscht f\u00e4hrt, gef\u00e4hrdet nicht nur sich, sondern auch Andere. Gegen die unter Alkoholeinfluss stehende Fahrzeugf\u00fchrerin wurde ein Ermittlungsverfahren eingeleitet und ihr wurde eine Blutprobe entnommen.<\/p>\n\n\n\n<p>Zeugen werden gebeten sich an die Polizeiinspektion Frankenthal unter der Tel.-Nr.: 06233\/313-0 oder an die Polizeiwache Maxdorf unter der Tel.-Nr.: 06237\/934-1100 zu wenden. Gerne nehmen wir Ihre Hinweise auch per E-Mail unter\u00a0<a href=\"mailto:pifrankenthal@polizei.rlp.de\">pifrankenthal@polizei.rlp.de<\/a>\u00a0entgegen.<\/p>\n\n\n\n<h2 class=\"wp-block-heading\">(Bobenheim-Roxheim) &#8211; Brand von Glaswolle und Farbeimern \/ Hoher Schaden<\/h2>\n\n\n\n<p>Mehrere Paletten mit Glaswolle sowie Farbeimern sind in der vergangenen Nacht einer Brandstiftung in Bobenheim-Roxheim zum Opfer gefallen. Zum aktuellen Zeitpunkt der Ermittlungen ist davon auszugehen, dass bislang unbekannte T\u00e4ter gegen 23:20 Uhr die Baustoffe einer Firma in den Fuchsl\u00f6chern zielgerichtet angez\u00fcndet haben. Durch die Feuerwehr konnte der Brand schlie\u00dflich gel\u00f6scht werden. Die volle Schadensh\u00f6he kann zum jetzigen Zeitpunkt noch nicht beziffert werden. Ein Schaden bis zu 50.000 Euro kann allerdings angenommen werden. Die Polizei hat die Ermittlungen aufgenommen.<\/p>\n\n\n\n<p>Zeugen werden gebeten sich an die Polizeiinspektion Frankenthal unter der Tel.-Nr.: 06233\/313-0 oder an die Polizeiwache Maxdorf unter der Tel.-Nr.: 06237\/934-1100 zu wenden. Gerne nehmen wir Ihre Hinweise auch per E-Mail unter\u00a0<a href=\"mailto:pifrankenthal@polizei.rlp.de\">pifrankenthal@polizei.rlp.de<\/a>\u00a0entgegen.<\/p>\n\n\n\n<h2 class=\"wp-block-heading\">(Ludwigshafen) &#8211; Nach Einsatz von Reizgas leichtverletzt<\/h2>\n\n\n\n<p>In der Nacht von Mittwoch auf Donnerstag, den 26.05.2022, gegen 00:00 Uhr, kam es in einem D\u00f6nerladen im s\u00fcdlichen Innenstadtbereich zu einer Auseinandersetzung zwischen zwei jungen M\u00e4nnern. Diese begann zun\u00e4chst mit einem verbalen Streit und gipfelte bereits nach kurzer Zeit mit dem Einsatz von Reizgas durch einen der Beteiligten. Hierdurch erlitt der 21-J\u00e4hrige starke Reizungen der Bindeh\u00e4ute und wurde umgehend durch eine hinzugezogene Rettungsdienstbesatzung erstversorgt. Der T\u00e4ter war jedoch bereits vor Eintreffen der Polizei zu Fu\u00df gefl\u00fcchtet und konnte auch im Rahmen von Fahndungsma\u00dfnahmen nicht mehr festgestellt werden. <\/p>\n\n\n\n<h4 class=\"wp-block-heading\">Er wird wie folgt beschrieben: <\/h4>\n\n\n\n<ul><li><strong>m\u00e4nnlich<\/strong><\/li><li><strong>20-23 Jahre alt<\/strong><\/li><li><strong>ca. 175cm gro\u00df<\/strong><\/li><li><strong>dunkle kurze Haare<\/strong><\/li><li><strong>dunkles T-Shirt<\/strong><\/li><\/ul>\n\n\n\n<p>Wenn Sie sachdienliche Hinweise zur Tat oder weitere Angaben zum T\u00e4ter machen k\u00f6nnen, werden Sie gebeten, sich mit der Polizeiinspektion Ludwighafen 1 in Verbindung zu setzen: Polizeiinspektion Ludwigshafen 1 Beethovenstra\u00dfe 36 67061 Ludwigshafen am Rhein 0621\/963-2122\u00a0<a href=\"mailto:piludwigshafen1@polizei.rlp.de\">piludwigshafen1@polizei.rlp.de<\/a><\/p>\n\n\n\n<h2 class=\"wp-block-heading\">(Ludwigshafen) &#8211; Private Fahrstunden mit Folgen<\/h2>\n\n\n\n<p>Ein strafrechtliches Ermittlungsverfahren aufgrund Fahren ohne Fahrerlaubnis erwartet eine 23-j\u00e4hrige Frau aus Ludwigshafen, die am Mittwochabend als Fahrerin eines PKW kontrolliert wurde. Die 23-j\u00e4hrige ist noch nicht im Besitz einer Fahrerlaubnis. Aktuell befindet sie sich noch in der Fahrschule. Sie wurde im Rahmen von Fahr\u00fcbungen auf einem \u00f6ffentlichen Parkplatz angetroffen. Der Besitzer des PKW befand sich ebenfalls im Fahrzeug. Gegen ihn wird ebenso aufgrund des \u00dcberlassens des Fahrzeuges ermittelt.<\/p>\n\n\n\n<p>Die Polizei teilt hierzu mit, dass private Fahr\u00fcbungen auf \u00f6ffentlichem Wegen und Pl\u00e4tzen verboten sind.<\/p>\n\n\n\n<h2 class=\"wp-block-heading\">(Ludwigshafen) &#8211; Handys im Wert von mehreren Tausend Euro entwendet<\/h2>\n\n\n\n<p>Am Mittwochabend, dem 25.05.2022, gegen 19:00 Uhr, konnte der Ladendetektiv der Saturn-Filiale der Rhein-Galerie in Ludwigshafen am Rhein zwei 20 und 44 Jahre alte M\u00e4nner dabei beobachten, wie diese im Begriff waren, Mobiltelefone im Wert von mehreren Tausend Euro zu entwenden. Durch ein rechtzeitiges Einschreiten des Ladendetektivs konnte der Diebstahl jedoch unterbunden und die Polizei hinzugezogen werden. Beide M\u00e4nner wurden zwecks Durchf\u00fchrung weiterer polizeilicher Ma\u00dfnahmen auf die Polizeidienststelle verbracht. Gegen beide M\u00e4nner wurden Strafverfahren wegen besonders schweren Fall des Diebstahls eingeleitet.<\/p>\n\n\n\n<h2 class=\"wp-block-heading\">(Ludwigshafen) &#8211; Kneipenbesuch endet in Polizeigewahrsam<\/h2>\n\n\n\n<div class=\"wp-block-image\"><figure class=\"aligncenter size-full\"><img decoding=\"async\" loading=\"lazy\" width=\"800\" height=\"600\" src=\"https:\/\/speyer24news.com\/wp-content\/uploads\/2019\/06\/Ausn\u00fcchterungszelle.jpg\" alt=\"\" class=\"wp-image-15212\" srcset=\"https:\/\/speyer24news.com\/wp-content\/uploads\/2019\/06\/Ausn\u00fcchterungszelle.jpg 800w, https:\/\/speyer24news.com\/wp-content\/uploads\/2019\/06\/Ausn\u00fcchterungszelle-300x225.jpg 300w, https:\/\/speyer24news.com\/wp-content\/uploads\/2019\/06\/Ausn\u00fcchterungszelle-768x576.jpg 768w, https:\/\/speyer24news.com\/wp-content\/uploads\/2019\/06\/Ausn\u00fcchterungszelle-678x509.jpg 678w, https:\/\/speyer24news.com\/wp-content\/uploads\/2019\/06\/Ausn\u00fcchterungszelle-326x245.jpg 326w, https:\/\/speyer24news.com\/wp-content\/uploads\/2019\/06\/Ausn\u00fcchterungszelle-80x60.jpg 80w\" sizes=\"(max-width: 800px) 100vw, 800px\" \/><\/figure><\/div>\n\n\n\n<p>Am Mittwochabend, dem 25.05.2022, gegen 19:00 Uhr, verst\u00e4ndigte der Wirt einer Kneipe in der Stifterstra\u00dfe die Polizei. Grund seines Anrufs war ein 39-j\u00e4hriger Gast, der laut herumgr\u00f6lte und sich gegen\u00fcber den anderen Kneipeng\u00e4sten aggressiv und aufbrausend verhielt. Durch die Polizeibeamten wurde dem 39-J\u00e4hrigen zun\u00e4chst ein Platzverweis erteilt, welchem er auch nachkam. Da der 39-J\u00e4hrige jedoch nach einer halbe Stunde erneut an der \u00d6rtlichkeit erschien und gegen\u00fcber den Beamten angab, sich auch weiterhin den polizeilichen Ma\u00dfnahmen widersetzen zu wollen, wurde er dem Polizeigewahrsam zugef\u00fchrt.<\/p>\n\n\n\n<h2 class=\"wp-block-heading\">(Ludwigshafen) &#8211; Nach Verkehrsunfall leichtverletzt<\/h2>\n\n\n\n<p>Am Mittwoch, dem 25.05.2022, gegen 09:30 Uhr, kam es in der Wredestra\u00dfe zu einem Verkehrsunfall unter Beteiligung von drei Fahrzeugen. Der 31-j\u00e4hrige Fahrer eines Opels, eine 29-j\u00e4hrige Nissan-Fahrerin und ein 55-j\u00e4hriger Audi-Fahrer befuhren die Wredestra\u00dfe in Fahrtrichtung Heinigstra\u00dfe. W\u00e4hrend der Opel und der Nissan an der Kreuzung zur Bismarckstra\u00dfe verkehrsbedingt bis zum Stillstand abbremsen mussten, war dem Audi ein rechtzeitiges Abbremsen nicht mehr m\u00f6glich. Er fuhr auf den Nissan auf, welcher durch den Aufprall wiederum auf den Opel aufgeschoben wurde. Durch den Zusammensto\u00df trug die 29-J\u00e4hrige leichte Kopf- und R\u00fcckenschmerzen davon. Eine medizinische Erstversorgung durch Rettungskr\u00e4fte lehnte sie jedoch ab. Der entstandene Sachschaden an allen drei Fahrzeugen wird auf etwa 9.000EUR beziffert.<\/p>\n\n\n\n<h2 class=\"wp-block-heading\">(Mannheim-Neckarstadt) &#8211; Brand auf Schrottgel\u00e4nde<\/h2>\n\n\n\n<h3 class=\"has-text-align-center wp-block-heading\">Pressemeldung Nr. 2<\/h3>\n\n\n\n<p>Am 25.05. um 21.17 Uhr wurden durch Anwohner im Bereich der Diffenestra\u00dfe meterhohe Flammen und Rauchs\u00e4ulen auf dem Grundst\u00fcck einer Altfahrzeugverwertungsfirma gemeldet. Der Brand breitete sich auf dem Firmengel\u00e4nde schnell aus und die Feuerwehr musste mit zeitweise bis zu 151 Einsatzkr\u00e4ften gegen das Feuer vorgehen. Die Feuerwehr konnte den Brand durch den Einsatz von L\u00f6schfahrzeugen und einem Feuerwehrboot auf einer Fl\u00e4che von ca. 50qm eind\u00e4mmen. Gegen 02.00 Uhr wurden alle offenen Flammen gel\u00f6scht und im Anschluss noch diverse Glutnester ausgehoben und bew\u00e4ssert. Die Brandursache ist bislang noch unklar. Aufgrund der Vielzahl an Einsatzfahrzeugen vor Ort und starker Rauchentwicklung wurde die Diffenestra\u00dfe f\u00fcr die Dauer der L\u00f6scharbeiten zwischen der Friesenheimer Stra\u00dfe und der Industriestra\u00dfe gesperrt. Da sich zum Zeitpunkt des Brandausbruchs keinen Personen auf dem Gel\u00e4nde befanden wurde niemand verletzt. Der entstandene Sachschaden kann bislang noch nicht beziffert werden.<\/p>\n\n\n\n<h2 class=\"wp-block-heading\">(Heidelberg-Altstadt) &#8211; Mehrere Fahrzeuge durch unbekannte T\u00e4ter besch\u00e4digt \/ Zeugen gesucht<\/h2>\n\n\n\n<p>Am Donnerstagmorgen, gegen 05.30 Uhr, besch\u00e4digte eine f\u00fcnfk\u00f6pfige Personengruppe in der Bienenstra\u00dfe vier geparkte Fahrzeuge jeweils im Bereich der Au\u00dfenspiegel. Die Gruppe bestand aus einer blonden und einer dunkelhaarigen Frau und drei M\u00e4nnern von denen einer auff\u00e4llig gro\u00df war. Zwei der M\u00e4nner trugen dunkle Oberbekleidung beziehungsweise in einem Fall ein gr\u00fcnes Oberteil.<\/p>\n\n\n\n<p>Zeugen die den Sachverhalt beobachtet haben oder Hinweise zu den T\u00e4ter geben k\u00f6nnen werden gebeten sich unter der Telefonnummer 06221-991700 bei dem Polizeirevier HD-Mitte zu melden.<\/p>\n\n\n\n<h2 class=\"wp-block-heading\">(Heidelberg-Weststadt) &#8211; K\u00f6rperliche Auseinandersetzung am Hauptbahnhof \/ Zeugen und Beteiligte gesucht<\/h2>\n\n\n\n<div class=\"wp-block-image\"><figure class=\"aligncenter size-full\"><img decoding=\"async\" loading=\"lazy\" width=\"801\" height=\"600\" src=\"https:\/\/speyer24news.com\/wp-content\/uploads\/2020\/05\/Zeugen-gesucht-Neutral.jpg\" alt=\"\" class=\"wp-image-26598\" srcset=\"https:\/\/speyer24news.com\/wp-content\/uploads\/2020\/05\/Zeugen-gesucht-Neutral.jpg 801w, https:\/\/speyer24news.com\/wp-content\/uploads\/2020\/05\/Zeugen-gesucht-Neutral-300x225.jpg 300w, https:\/\/speyer24news.com\/wp-content\/uploads\/2020\/05\/Zeugen-gesucht-Neutral-768x575.jpg 768w, https:\/\/speyer24news.com\/wp-content\/uploads\/2020\/05\/Zeugen-gesucht-Neutral-678x509.jpg 678w, https:\/\/speyer24news.com\/wp-content\/uploads\/2020\/05\/Zeugen-gesucht-Neutral-326x245.jpg 326w, https:\/\/speyer24news.com\/wp-content\/uploads\/2020\/05\/Zeugen-gesucht-Neutral-80x60.jpg 80w\" sizes=\"(max-width: 801px) 100vw, 801px\" \/><\/figure><\/div>\n\n\n\n<p>Am fr\u00fchen Donnerstagmorgen, gegen 02.05 Uhr, kam es am Taxistand zu einer k\u00f6rperlichen Auseinandersetzung zwischen zwei Personen. Einer der Beteiligten, der m\u00f6glicherweise bei dem Vorfall gesch\u00e4digt wurde entfernte sich noch vor dem Eintreffen der Beamten vom Ort und konnte nicht mehr angetroffen werden. Das Polizeirevier HD-Mitte bittet unter der Telefonnummer 06221-991700 um Hinweise zur Identit\u00e4t dieses m\u00f6glicherweise Gesch\u00e4digten.<\/p>\n\n\n\n<h2 class=\"wp-block-heading\">(Walldorf \/ Rhein-Neckar-Kreis) &#8211; Verkehrsunfall im Einm\u00fcndungsbereich \/ Zeugen gesucht<\/h2>\n\n\n\n<p>Am Donnerstagabend, gegen 19.40 Uhr, kollidierten ein Skoda und ein Iveco Wohnmobil im Einm\u00fcdungsbereich der L723 zur B291. Der 57-j\u00e4hrige Skoda Fahrer kam von der Anschlussstelle Walldorf \/ Wiesloch der BAB 5 und fuhr nach eigenen Angaben bei Gr\u00fcnlicht in den Einm\u00fcdungsbereich ein. Dort kam es zum Zusammensto\u00df mit dem Iveco eines 46-j\u00e4hrigen, der die L723 in Fahrtrichtung Walldorf befuhr. Auch der Iveco Fahrer gab an, dass er bei Gr\u00fcnlicht eingefahren w\u00e4re.<\/p>\n\n\n\n<p>Zeugen die Angaben zum Unfallhergang machen k\u00f6nnen werden gebeten sich bei dem Autobahnpolizeirevier Walldorf unter der Telefonnummer 06227-358260 zu melden.<\/p>\n\n\n\n<h2 class=\"wp-block-heading\">(A 6 \/ Reilingen \/ Rhein-Neckar-Kreis) &#8211; Verkehrsunfall mit drei beteiligten Fahrzeugen und drei verletzten Personen<\/h2>\n\n\n\n<p>Am Mittwochnachmittag, gegen 17.45 Uhr, fuhr ein 54-j\u00e4hriger Ford Fahrer ungebremst auf das Stauende bei Autobahnkilometer 584 zwischen dem Autobahndreieck Hockenheim und dem Autobahnkreuz Walldorf auf. Der Ford kollidierte mit dem Suzuki eines 69-j\u00e4hrigen, wodurch dieser in die Leitplanke geschoben wurde. Durch den Aufprall wurde das Fahrzeug des Unfallverursachers abgewiesen und kollidierte mit einem BMW. Der Fahrer des Suzuki wurde schwer verletzt und wurde in ein Krankenhaus nach Heidelberg verbracht. Die beiden Insassen des BMW wurden jeweils leicht verletzt und kamen vorsorglich in ein nahe gelegenes Krankenhaus. Der Unfallverursacher und sein Beifahrer wurden nicht verletzt. Es entstand ein Sachschaden von insgesamt ca. 15.000 Euro. Nachdem anf\u00e4nglich alle drei Fahrstreifen gesperrt werden musste und der Verkehr \u00fcber den Standstreifen an der Unfallstelle vorbeigef\u00fchrt wurde konnte mit voranschreiten der Abschleppma\u00dfnahmen sukzessive die Fahrstreifen f\u00fcr den Verkehr freigegeben werden. Um 20.45 Uhr waren alle Ma\u00dfnahmen abgeschlossen und die Fahrbahn war wieder uneingeschr\u00e4nkt befahrbar. Durch die Absperrma\u00dfnahmen kam es zeitweise zu einer Staubildung von bis zu 4 Km.<\/p>\n","protected":false},"excerpt":{"rendered":"<div class=\"mh-excerpt\"><p>Polizeimeldungen vom Donnerstag (26.05.2022) (Speyer) &#8211; Fl\u00fcchten lohnt sich nicht \/ Strafanzeige wegen Fahren ohne Fahrerlaubnis In der Nacht von Mittwoch auf Donnerstag sollte ein PKW in der Bahnhofstra\u00dfe in Speyer einer Verkehrskontrolle unterzogen werden. <a class=\"mh-excerpt-more\" href=\"https:\/\/speyer24news.com\/?p=46461\" title=\"Polizei\">[&#8230;]<\/a><\/p>\n<\/div>","protected":false},"author":3,"featured_media":26162,"comment_status":"open","ping_status":"open","sticky":false,"template":"","format":"standard","meta":{"_monsterinsights_skip_tracking":false,"_monsterinsights_sitenote_active":false,"_monsterinsights_sitenote_note":"","_monsterinsights_sitenote_category":0,"footnotes":""},"categories":[12],"tags":[7243,7244,3614,702,61,2555,6955,6986,6263,63,105,11150,6987,53,4854,13534,4683,1548,4905,11592,102,13626,213,14325,14324,13553,13541,55,8277,6368,5261,103,106,2803,2423,427,2625,380,62,104,979,1565],"aioseo_notices":[],"amp_enabled":true,"_links":{"self":[{"href":"https:\/\/speyer24news.com\/index.php?rest_route=\/wp\/v2\/posts\/46461"}],"collection":[{"href":"https:\/\/speyer24news.com\/index.php?rest_route=\/wp\/v2\/posts"}],"about":[{"href":"https:\/\/speyer24news.com\/index.php?rest_route=\/wp\/v2\/types\/post"}],"author":[{"embeddable":true,"href":"https:\/\/speyer24news.com\/index.php?rest_route=\/wp\/v2\/users\/3"}],"replies":[{"embeddable":true,"href":"https:\/\/speyer24news.com\/index.php?rest_route=%2Fwp%2Fv2%2Fcomments&post=46461"}],"version-history":[{"count":1,"href":"https:\/\/speyer24news.com\/index.php?rest_route=\/wp\/v2\/posts\/46461\/revisions"}],"predecessor-version":[{"id":46465,"href":"https:\/\/speyer24news.com\/index.php?rest_route=\/wp\/v2\/posts\/46461\/revisions\/46465"}],"wp:featuredmedia":[{"embeddable":true,"href":"https:\/\/speyer24news.com\/index.php?rest_route=\/wp\/v2\/media\/26162"}],"wp:attachment":[{"href":"https:\/\/speyer24news.com\/index.php?rest_route=%2Fwp%2Fv2%2Fmedia&parent=46461"}],"wp:term":[{"taxonomy":"category","embeddable":true,"href":"https:\/\/speyer24news.com\/index.php?rest_route=%2Fwp%2Fv2%2Fcategories&post=46461"},{"taxonomy":"post_tag","embeddable":true,"href":"https:\/\/speyer24news.com\/index.php?rest_route=%2Fwp%2Fv2%2Ftags&post=46461"}],"curies":[{"name":"wp","href":"https:\/\/api.w.org\/{rel}","templated":true}]}}