{"id":46471,"date":"2022-05-27T08:03:42","date_gmt":"2022-05-27T07:03:42","guid":{"rendered":"https:\/\/speyer24news.com\/?p=46471"},"modified":"2022-05-27T08:11:00","modified_gmt":"2022-05-27T07:11:00","slug":"speyer-143","status":"publish","type":"post","link":"https:\/\/speyer24news.com\/?p=46471","title":{"rendered":"Speyer"},"content":{"rendered":"<style type=\"text\/css\">\r\n\t.ads_top_disp{}\r\n\t.ads_top_corner_disp{ float:left; margin:0px 10px 10px 0px; }\r\n\t.ads_first_p_disp{}\r\n\t.ads_bottom_disp{}\r\n\t<\/style>\n<h2 class=\"wp-block-heading\">Neuer Kontrabass f\u00fcr die Musikschule dank F\u00f6rderung durch Kulturstiftung<\/h2>\n\n\n\n<div class=\"wp-block-image\"><figure class=\"aligncenter size-full\"><img decoding=\"async\" loading=\"lazy\" width=\"800\" height=\"601\" src=\"https:\/\/speyer24news.com\/wp-content\/uploads\/2022\/05\/IMG_3150.jpg\" alt=\"\" class=\"wp-image-46472\" srcset=\"https:\/\/speyer24news.com\/wp-content\/uploads\/2022\/05\/IMG_3150.jpg 800w, https:\/\/speyer24news.com\/wp-content\/uploads\/2022\/05\/IMG_3150-300x225.jpg 300w, https:\/\/speyer24news.com\/wp-content\/uploads\/2022\/05\/IMG_3150-768x577.jpg 768w, https:\/\/speyer24news.com\/wp-content\/uploads\/2022\/05\/IMG_3150-678x509.jpg 678w, https:\/\/speyer24news.com\/wp-content\/uploads\/2022\/05\/IMG_3150-326x245.jpg 326w, https:\/\/speyer24news.com\/wp-content\/uploads\/2022\/05\/IMG_3150-80x60.jpg 80w\" sizes=\"(max-width: 800px) 100vw, 800px\" \/><figcaption>(v.l.) Musikschulleiter Bernhard Sperrfechter, B\u00fcrgermeisterin Monika Kabs, Jochen Klemke, Lukas Seib, Peter Eichhorn).<br><em>Foto: \u00a9 Kulturstiftung Speyer<\/em><\/figcaption><\/figure><\/div>\n\n\n\n<p>Die St\u00e4dtische Musikschule erwirbt f\u00fcr den Musikunterricht einen weiteren Kinderkontrabass, welcher von der Kulturstiftung Speyer mit 2.000 Euro bezuschusst wurde.<\/p>\n\n\n\n<p>\u201eKindgerechte Instrumente und eine musikalische Ausbildung sind f\u00fcr Kinder von gro\u00dfer Bedeutung und werden daher durch den gro\u00dfartigen Unterricht sowie die Vielzahl an Veranstaltungen und Ensembles der Musikschule optimal gef\u00f6rdert\u201c, erkl\u00e4rt Oberb\u00fcrgermeisterin und Vorsitzende des Kuratoriums f\u00fcr die Kulturstiftung Stefanie Seiler.<\/p>\n\n\n\n<p>\u201eMit der gro\u00dfz\u00fcgigen Spende der Kulturstiftung kann somit ein weiteres sinnstiftendes Projekt unterst\u00fctzt werden\u201c, so B\u00fcrgermeisterin und Kulturdezernentin Monika Kabs und lobt die Zusammenarbeit der kulturf\u00f6rdernden Institutionen.&nbsp; &nbsp;&nbsp;&nbsp;&nbsp;<br>Auch Bernhard Sperrfechter, Leiter der Musikschule, sprach bei der Spenden\u00fcbergabe dem Vorstand Peter Eichhorn und Jochen Klemke seinen Dank aus.<\/p>\n\n\n\n<p>Im laufenden Jahr 2022 wurden mit jeweils 1.500 Euro die St\u00e4dtische Galerie f\u00fcr die Anfertigung von Videoclips f\u00fcr geplante Kunstausstellungen und die Stadt Speyer f\u00fcr das Konzert mit dem Ensemble Lucidarium im Judenhof gef\u00f6rdert.&nbsp;<\/p>\n\n\n\n<p>Unterst\u00fctzen konnte die Kulturstiftung Speyer auch das Stadtarchiv bei der Digitalisierung der Akten der j\u00fcdischen Geschichte in den SchUM-St\u00e4dten in den Jahren 2019 und 2017 mit jeweils 1.000 Euro sowie die Stadt Speyer im Jahr 2019 beim Ankauf eines Speyerer Richtschwertes mit 2.000 Euro&nbsp;f\u00fcr das Historische Museum der Pfalz.<\/p>\n\n\n\n<p>Mit den Zinsertr\u00e4gen und Spenden f\u00f6rderten die Kulturstiftung Speyer und ihre 21 Treuhandstiftungen im Jahr 2021 \u00fcber 30 Projekte mit rund 30.000 Euro haupts\u00e4chlich f\u00fcr Kunstausstellungen, Kataloge und neue B\u00fccher, Konzertveranstaltungen und Theaterauff\u00fchrungen in Speyer und der Pfalz.<\/p>\n\n\n\n<p>Seit Januar 2022 konnten bereits Zusch\u00fcsse in H\u00f6he von 20.000 Euro f\u00fcr 15 Vorhaben ausbezahlt werden.<\/p>\n\n\n\n<p><em>Text: Stadtverwaltung Speyer Foto: \u00a9 Kulturstiftung Speyer<br>25.05.2022<\/em><\/p>\n\n\n\n<h2 class=\"wp-block-heading\">Dank Stiftungsgeldern Finanzierung eines neuen Schulbusses m\u00f6glich<\/h2>\n\n\n\n<div class=\"wp-block-image\"><figure class=\"aligncenter size-full\"><img decoding=\"async\" loading=\"lazy\" width=\"800\" height=\"585\" src=\"https:\/\/speyer24news.com\/wp-content\/uploads\/2022\/05\/Bus-Schulbus-Kleinbus-PersonenimBus.png\" alt=\"\" class=\"wp-image-46473\" srcset=\"https:\/\/speyer24news.com\/wp-content\/uploads\/2022\/05\/Bus-Schulbus-Kleinbus-PersonenimBus.png 800w, https:\/\/speyer24news.com\/wp-content\/uploads\/2022\/05\/Bus-Schulbus-Kleinbus-PersonenimBus-300x219.png 300w, https:\/\/speyer24news.com\/wp-content\/uploads\/2022\/05\/Bus-Schulbus-Kleinbus-PersonenimBus-768x562.png 768w, https:\/\/speyer24news.com\/wp-content\/uploads\/2022\/05\/Bus-Schulbus-Kleinbus-PersonenimBus-80x60.png 80w\" sizes=\"(max-width: 800px) 100vw, 800px\" \/><\/figure><\/div>\n\n\n\n<p>Aus dem Jahres\u00fcberschuss 2021 kann die Heinz-Schott-Stiftung den F\u00f6rderkreis der Schule im Erlich mit Stiftungsgeldern in H\u00f6he von 8.720 Euro unterst\u00fctzen.<\/p>\n\n\n\n<p>Die Ertr\u00e4ge flie\u00dfen zweckgebunden in die Beschaffung eines neuen Schulbusses.<\/p>\n\n\n\n<p>\u201eEs freut mich besonders, dass mit den Spendengeldern der F\u00f6rderkreis der Schule im Erlich unterst\u00fctzt werden kann. Der Verein engagiert sich vorbildlich f\u00fcr Sch\u00fclerinnen und Sch\u00fcler mit k\u00f6rperlicher oder geistiger Behinderung und geht sehr auf die Bed\u00fcrfnisse der Kinder ein\u201c, lobt Oberb\u00fcrgermeisterin und Stiftungsvorsitzende Stefanie Seiler, auf deren Initiative hin der betreffende Zweck bestimmt wurde.<\/p>\n\n\n\n<p>Mit dem neuen Schulbus k\u00f6nnen kleine Klassen mit ihren Lehrkr\u00e4ften auch weiterhin zu verschiedenen Ausflugszielen gebracht werden.<\/p>\n\n\n\n<p>\u201eEin Besuch auf dem Reiterhof oder eine Fahrt mit dem Kanu bewirken zum Teil Unglaubliches bei den Kindern, wie auch der F\u00f6rderkreis betont\u201c, so B\u00fcrgermeisterin und Sozialdezernentin Monika Kabs.<\/p>\n\n\n\n<p>\u201eIn der Gemeinschaft k\u00f6nnen die Kinder bei solchen Ausfl\u00fcgen die Scheu vor Unbekanntem oder Herausforderndem ablegen und \u00fcber sich hinauswachsen. Erlebnisse in der Gruppe auch au\u00dferhalb des Schulortes sind daher sehr wichtig und sollten unbedingt gef\u00f6rdert werden.\u201c<\/p>\n\n\n\n<p>Die Heinz-Schott-Stiftung, deren Verwaltung bei der Stadt Speyer liegt, hat es sich zur Aufgabe gemacht,&nbsp;Menschen mit k\u00f6rperlicher oder geistiger Behinderung zweckentsprechende Unterst\u00fctzung zukommen zu lassen.<\/p>\n\n\n\n<p><em>Stadtverwaltung Speyer<br>24.05.2022<\/em><\/p>\n","protected":false},"excerpt":{"rendered":"<div class=\"mh-excerpt\"><p>Neuer Kontrabass f\u00fcr die Musikschule dank F\u00f6rderung durch Kulturstiftung Die St\u00e4dtische Musikschule erwirbt f\u00fcr den Musikunterricht einen weiteren Kinderkontrabass, welcher von der Kulturstiftung Speyer mit 2.000 Euro bezuschusst wurde. \u201eKindgerechte Instrumente und eine musikalische Ausbildung <a class=\"mh-excerpt-more\" href=\"https:\/\/speyer24news.com\/?p=46471\" title=\"Speyer\">[&#8230;]<\/a><\/p>\n<\/div>","protected":false},"author":3,"featured_media":46477,"comment_status":"open","ping_status":"open","sticky":false,"template":"","format":"standard","meta":{"_monsterinsights_skip_tracking":false,"_monsterinsights_sitenote_active":false,"_monsterinsights_sitenote_note":"","_monsterinsights_sitenote_category":0,"footnotes":""},"categories":[9],"tags":[14670,14667,14668,14672,14669,6,14671],"aioseo_notices":[],"amp_enabled":true,"_links":{"self":[{"href":"https:\/\/speyer24news.com\/index.php?rest_route=\/wp\/v2\/posts\/46471"}],"collection":[{"href":"https:\/\/speyer24news.com\/index.php?rest_route=\/wp\/v2\/posts"}],"about":[{"href":"https:\/\/speyer24news.com\/index.php?rest_route=\/wp\/v2\/types\/post"}],"author":[{"embeddable":true,"href":"https:\/\/speyer24news.com\/index.php?rest_route=\/wp\/v2\/users\/3"}],"replies":[{"embeddable":true,"href":"https:\/\/speyer24news.com\/index.php?rest_route=%2Fwp%2Fv2%2Fcomments&post=46471"}],"version-history":[{"count":2,"href":"https:\/\/speyer24news.com\/index.php?rest_route=\/wp\/v2\/posts\/46471\/revisions"}],"predecessor-version":[{"id":46478,"href":"https:\/\/speyer24news.com\/index.php?rest_route=\/wp\/v2\/posts\/46471\/revisions\/46478"}],"wp:featuredmedia":[{"embeddable":true,"href":"https:\/\/speyer24news.com\/index.php?rest_route=\/wp\/v2\/media\/46477"}],"wp:attachment":[{"href":"https:\/\/speyer24news.com\/index.php?rest_route=%2Fwp%2Fv2%2Fmedia&parent=46471"}],"wp:term":[{"taxonomy":"category","embeddable":true,"href":"https:\/\/speyer24news.com\/index.php?rest_route=%2Fwp%2Fv2%2Fcategories&post=46471"},{"taxonomy":"post_tag","embeddable":true,"href":"https:\/\/speyer24news.com\/index.php?rest_route=%2Fwp%2Fv2%2Ftags&post=46471"}],"curies":[{"name":"wp","href":"https:\/\/api.w.org\/{rel}","templated":true}]}}