{"id":46497,"date":"2022-05-29T06:08:12","date_gmt":"2022-05-29T05:08:12","guid":{"rendered":"https:\/\/speyer24news.com\/?p=46497"},"modified":"2022-05-29T06:08:14","modified_gmt":"2022-05-29T05:08:14","slug":"polizeimeldungen-vom-samstag-28-05-2022","status":"publish","type":"post","link":"https:\/\/speyer24news.com\/?p=46497","title":{"rendered":"Polizeimeldungen vom Samstag (28.05.2022)"},"content":{"rendered":"<style type=\"text\/css\">\r\n\t.ads_top_disp{}\r\n\t.ads_top_corner_disp{ float:left; margin:0px 10px 10px 0px; }\r\n\t.ads_first_p_disp{}\r\n\t.ads_bottom_disp{}\r\n\t<\/style>\n<div class=\"wp-block-image\"><figure class=\"aligncenter size-full\"><img decoding=\"async\" loading=\"lazy\" width=\"375\" height=\"500\" src=\"https:\/\/speyer24news.com\/wp-content\/uploads\/2022\/03\/Aktuelles-Polizeilogo.jpg\" alt=\"\" class=\"wp-image-43591\" srcset=\"https:\/\/speyer24news.com\/wp-content\/uploads\/2022\/03\/Aktuelles-Polizeilogo.jpg 375w, https:\/\/speyer24news.com\/wp-content\/uploads\/2022\/03\/Aktuelles-Polizeilogo-225x300.jpg 225w\" sizes=\"(max-width: 375px) 100vw, 375px\" \/><\/figure><\/div>\n\n\n\n<h2 class=\"wp-block-heading\">(Speyer) &#8211; Unfallflucht an E-Lades\u00e4ule<\/h2>\n\n\n\n<p>Am 27.05.2022 kam es zu einer Verkehrsunfallflucht an einer E- Lades\u00e4ule am St. Guido-Stifts Platz in Speyer. F\u00fcr den Ladevorgang  parkte der Fahrer eines Teslas r\u00fcckw\u00e4rtig in der Parkl\u00fccke ein. Im  Zeitraum von ca. 12:10 Uhr bis 14:50 Uhr verursachte ein bislang unbekannte\/r Verkehrsteilnehmer\/in entweder beim Vorbeifahren- oder Ein\/Ausparken einen Sachschaden in H\u00f6he von ca. 2000EUR an der Front des Teslas. Der\/ Die Verursacher\/in entfernte sich anschlie\u00dfend unerlaubt von der Unfall\u00f6rtlichkeit. <\/p>\n\n\n\n<p>Zeugen, die Hinweise geben k\u00f6nnen, werden gebeten sich unter der Tel. 06232\/137-0 oder per Email (pis<a href=\"mailto:peyer@polizei.rlp.de\">peyer@polizei.rlp.de<\/a>) bei der Polizei Speyer zu melden.<\/p>\n\n\n\n<h2 class=\"wp-block-heading\">(Speyer) &#8211; Auf Diebestour durch die Innenstadt unterwegs<\/h2>\n\n\n\n<p>Am 27.05.2022 entwendeten 2 Jugendliche aus einer Parf\u00fcmerie in der Innenstadt zun\u00e4chst Schmuck im Wert von ca. 50 Euro. Bei der anschlie\u00dfenden Durchsuchung der Jugendlichen konnten weitere Kosmetikartikel aufgefunden werden. Im Rahmen der Ermittlungen stellte sich heraus, dass diese Artikel zuvor ebenfalls in einem Speyerer Drogeriemarkt entwendet wurden. Die Jugendlichen wurden anschlie\u00dfend ihren Erziehungsberechtigten \u00fcbergeben.<\/p>\n\n\n\n<h2 class=\"wp-block-heading\">(Schwegenheim) &#8211; Einbruch in Rohbau<\/h2>\n\n\n\n<p>Unbekannte hebelten, im Zeitraum Mittwoch, 25.05.2022, 19.00 Uhr bis Freitag, 27.05.2022, um 7.00 Uhr, die sog. &#8222;Rohbaut\u00fcr&#8220; aus Metall auf und verschafften sich Zutritt zu dem Neubau. Aus dem Geb\u00e4ude wurde letztendlich nur eine &#8222;Poliermaschine&#8220; entwendet.<\/p>\n\n\n\n<h2 class=\"wp-block-heading\">(Lingenfeld) &#8211; Verkehrsunfall<\/h2>\n\n\n\n<p>Durch eine Polizeistreife wurden Samstagmorgen in einem Kiesbett neben der Germersheimer Stra\u00dfe in Lingenfeld diverse Fahrzeugteile festgestellt. Die dort aufgestellte Laterne wies am Pfosten leichte Kratzspuren auf. Der dazugeh\u00f6rige Lampenschirm wurde einige Meter weiter aufgefunden. Der unbekannte Pkw-F\u00fchrer kam vermutlich von der Fahrbahn ab und besch\u00e4digte die Laterne. Anschlie\u00dfend setzte er seine Fahrt fort, ohne den Schaden zu melden. Hinweise nimmt die Polizeiinspektion Germersheim unter Telefon: 07274-9580 oder Email:\u00a0<a href=\"mailto:pigermersheim@polizei.rlp.de\">pigermersheim@polizei.rlp.de<\/a>\u00a0entgegen.<\/p>\n\n\n\n<h2 class=\"wp-block-heading\">(Germersheim) &#8211; Sachbesch\u00e4digung an Stromkasten<\/h2>\n\n\n\n<p>In der Schlo\u00dfstra\u00dfe in Germersheim wurde Freitagabend die ge\u00f6ffnete T\u00fcr an einem Stromkasten festgestellt. Bei genauer Ansicht konnten die Polizeibeamten vereinzelt gel\u00f6ste und abgerissene Kabelverbindungen entdecken. Der Stromversorger wurde kontaktiert und reparierte die Besch\u00e4digungen.<\/p>\n\n\n\n<h2 class=\"wp-block-heading\">(Germersheim &amp; Lingenfeld) &#8211; Versuchte Diebst\u00e4hle aus Pkw<\/h2>\n\n\n\n<p>Ein bislang unbekannter T\u00e4ter konnte am Freitagmittag in zwei F\u00e4llen in Germersheim und in Lingenfeld beobachtet werden, wie er geparkte Pkw ausbaldowerte und versuchte durch Ziehen der T\u00fcrgriffe zu \u00f6ffnen. Sofort eingeleitete Suchen nach der Person f\u00fchrten nicht zum Erfolg. Sollte jemand weitere Beobachtungen gemacht haben und kann Hinweise zu der Person geben, ist die Polizeiinspektion Germersheim unter Telefon 07274-9580 oder Email:\u00a0<a href=\"mailto:pigermersheim@polizei.rlp.de\">pigermersheim@polizei.rlp.de<\/a>\u00a0erreichbar.<\/p>\n\n\n\n<h2 class=\"wp-block-heading\">(Landau-Bornheim) &#8211; Unfallflucht auf Hornbach-Parkplatz<\/h2>\n\n\n\n<p>Gegen 14:50h wurde am Freitag auf dem Hornbach-Parkplatz ein VW Amarok durch ein anderes, derzeit noch unbekanntes Fahrzeug besch\u00e4digt. M\u00f6gliche Zeugen sollen sich bei der Polizei Landau melden<\/p>\n\n\n\n<h2 class=\"wp-block-heading\">(Ranschbach) &#8211; Drogen ja, Party nein<\/h2>\n\n\n\n<p>Ein 17-J\u00e4hriger hatte in Mannheim unbefugt den Pkw eines Freundes in Gebrauch genommen und wollte damit zu einer Party nach Ranschbach. Feiernde konnte er scheinbar nicht antreffen, daf\u00fcr gegen halb 3 am heutigen Morgen eine Streife der Polizei Landau. Die Polizisten konnten feststellen, dass der junge Mann unter Cannabis-Einfluss stand und noch keinen F\u00fchrerschein hatte. Eine Blutprobe wurde genommen und entsprechende Anzeigen erfasst.<\/p>\n\n\n\n<h2 class=\"wp-block-heading\">(Ramberg) &#8211; Unfallflucht auf Waldparkplatz &#8222;Drei Buchen&#8220;<\/h2>\n\n\n\n<p>Ein schwarzer Skoda Superb wurde am Freitag zwischen 16:15h und 17 Uhr auf dem Waldparkplatz &#8222;Drei Buchen&#8220; durch einen unbekannten Fahrzeugf\u00fchrer besch\u00e4digt. Hinweise erbittet die Polizeiwache Annweiler.<\/p>\n\n\n\n<h2 class=\"wp-block-heading\">(Kirrweiler) &#8211; Tiere freigelassen und Gehege besch\u00e4digt<\/h2>\n\n\n\n<div class=\"wp-block-image\"><figure class=\"aligncenter size-full\"><img decoding=\"async\" loading=\"lazy\" width=\"800\" height=\"600\" src=\"https:\/\/speyer24news.com\/wp-content\/uploads\/2022\/05\/Gehege.jpg\" alt=\"\" class=\"wp-image-46498\" srcset=\"https:\/\/speyer24news.com\/wp-content\/uploads\/2022\/05\/Gehege.jpg 800w, https:\/\/speyer24news.com\/wp-content\/uploads\/2022\/05\/Gehege-300x225.jpg 300w, https:\/\/speyer24news.com\/wp-content\/uploads\/2022\/05\/Gehege-768x576.jpg 768w, https:\/\/speyer24news.com\/wp-content\/uploads\/2022\/05\/Gehege-678x509.jpg 678w, https:\/\/speyer24news.com\/wp-content\/uploads\/2022\/05\/Gehege-326x245.jpg 326w, https:\/\/speyer24news.com\/wp-content\/uploads\/2022\/05\/Gehege-80x60.jpg 80w\" sizes=\"(max-width: 800px) 100vw, 800px\" \/><\/figure><\/div>\n\n\n\n<p>Unbekannter T\u00e4ter drang am Mittag des 27.05.2022 in ein Gartengel\u00e4nde in Kirrweiler ein. Dort besch\u00e4digte er diverse Tiergehege und lies mehrere Schafe und H\u00fchner frei. Der Sachschaden bel\u00e4uft sich nach ersten Sch\u00e4tzungen auf etwa 1000 Euro. Gl\u00fccklicherweise konnte der Halter alle Tiere wieder einfangen, sodass keines zu Schaden kam. Hinweise oder Beobachtungen zum Sachverhalt werden telefonisch unter 06323-9550 oder per Email unter&nbsp;<a href=\"mailto:piedenkoben@polizei.rlp.de\">piedenkoben@polizei.rlp.de<\/a>&nbsp;entgegengenommen.<\/p>\n\n\n\n<h2 class=\"wp-block-heading\">(Kirrweiler) &#8211; PKW besch\u00e4digt und weitergefahren<\/h2>\n\n\n\n<p>Am Freitagvormittag zwischen 11:15 Uhr und 11:50 Uhr besch\u00e4digte ein unbekannter Fahrzeugf\u00fchrer im Vorbeifahren einen in der Marktstra\u00dfe in Kirrweiler geparkten PKW und fuhr anschlie\u00dfend davon, ohne sich um den entstandenen Schaden zu k\u00fcmmern. Durch die Ber\u00fchrung wurde der linke Au\u00dfenspiegel des geparkten Fahrzeugs besch\u00e4digt. Ein Strafverfahren wegen Verkehrsunfallflucht wurde eingeleitet. Zeugen, die Hinweise zum Verursacher geben k\u00f6nnen, werden gebeten, sich telefonisch unter 06323-9550 oder per Email\u00a0<a href=\"mailto:piedenkoben@polizei.rlp.de\">piedenkoben@polizei.rlp.de<\/a>\u00a0zu melden.<\/p>\n\n\n\n<h2 class=\"wp-block-heading\">(Neustadt) &#8211; Demokratiefest in Neustadt<\/h2>\n\n\n\n<h3 class=\"wp-block-heading\">Gemeinsame Pressemitteilung der Stadtverwaltung Neustadt und des Polizeipr\u00e4sidiums Rheinpfalz<\/h3>\n\n\n\n<div class=\"wp-block-image\"><figure class=\"aligncenter size-full\"><img decoding=\"async\" loading=\"lazy\" width=\"800\" height=\"400\" src=\"https:\/\/speyer24news.com\/wp-content\/uploads\/2022\/05\/Demokratiefest-Neustadt.jpg\" alt=\"\" class=\"wp-image-46499\" srcset=\"https:\/\/speyer24news.com\/wp-content\/uploads\/2022\/05\/Demokratiefest-Neustadt.jpg 800w, https:\/\/speyer24news.com\/wp-content\/uploads\/2022\/05\/Demokratiefest-Neustadt-300x150.jpg 300w, https:\/\/speyer24news.com\/wp-content\/uploads\/2022\/05\/Demokratiefest-Neustadt-768x384.jpg 768w\" sizes=\"(max-width: 800px) 100vw, 800px\" \/><\/figure><\/div>\n\n\n\n<p>An diesem Wochenende (27. &#8211; 29.05.) veranstaltet die Stadt Neustadt anl\u00e4sslich des 190. Jahrestages des Hambacher Festes erstmals ein Demokratiefest.<\/p>\n\n\n\n<p>F\u00fcr Samstag (28.05.2021) lagen der Polizei Hinweise auf nicht angemeldete Versammlungen vor.<\/p>\n\n\n\n<p>Nach dem vorbereiteten Einsatzkonzept waren Polizeikr\u00e4fte vor Ort pr\u00e4sent, um zusammen mit der Stadt Neustadt einen st\u00f6rungsfreien Ablauf der Veranstaltung &#8222;1832. Das Fest der Demokratie&#8220; zu gew\u00e4hrleisten.<\/p>\n\n\n\n<p>Insgesamt nahmen rund 3000 Personen an Aufz\u00fcgen von der Innenstadt in Richtung Hambacher Schloss teil. Im Sinne einer gelebten Demokratie entschied die Versammlungsbeh\u00f6rde der Stadt Neustadt diese als Versammlung zuzulassen.<\/p>\n\n\n\n<p>Das Demokratiefest und auch die Versammlung verliefen friedlich. Die Stadt Neustadt und das Polizeipr\u00e4sidium ziehen somit insgesamt eine positive Bilanz. Bis auf Beeintr\u00e4chtigungen f\u00fcr den Stra\u00dfenverkehr kam es zu keinen besonderen Vorkommnissen.<\/p>\n\n\n\n<h2 class=\"wp-block-heading\">(Ha\u00dfloch) &#8211; Parkendes Fahrzeug besch\u00e4digt und gefl\u00fcchtet<\/h2>\n\n\n\n<p>Auf dem Parkplatz eines Einkaufsmarktes in der Hans-B\u00f6ckler-Stra\u00dfe 20 besch\u00e4digte ein noch unbekannter Fahrzeugf\u00fchrer am 27.05.2022, in der Zeit von 17:00 Uhr bis 17:30 Uhr, einen dort geparkten PKW (Toyota, schwarz). Der entstandene Schaden im Heckbereich des gesch\u00e4digten Fahrzeugs wird auf ca. 800,- Euro gesch\u00e4tzt. Der Verursacher entfernte sich unerlaubt von der Unfallstelle. Eventuelle Zeugen\/-innen werden gebeten, sich mit der Polizeiinspektion Ha\u00dfloch in Verbindung zu setzen!<\/p>\n\n\n\n<h2 class=\"wp-block-heading\">(Ha\u00dfloch) &#8211; Kupfer-Diebstahl<\/h2>\n\n\n\n<p>Vom Gel\u00e4nde einer Firma in der Daimlerstra\u00dfe wurden in der Zeit von 25.05.22, 20:00 Uhr bis 27.05.22, 15:00 Uhr mehrere Kisten mit ca. 500 kg Kupfer und Kupferkabelresten entwendet. Um auf das Firmengel\u00e4nde zu gelangen, wurde von dem\/den T\u00e4ter(n) zuvor ein Zaun aufgeschnitten. Der entstandene Schaden wird auf ca. 2000,- Euro gesch\u00e4tzt. Zeugen\/-innen werden gebeten, sich mit der Polizeiinspektion Ha\u00dfloch in Verbindung zu setzen!<\/p>\n\n\n\n<h2 class=\"wp-block-heading\">(Deidesheim) &#8211; Schadenstr\u00e4chtiger Auffahrunfall mit Personenschaden<\/h2>\n\n\n\n<p>Am Freitag, 27.05.2022, gegen 12:00 Uhr, kam es auf der L 516 zwischen Deidesheim und Neustadt\/Weinstra\u00dfe zu einem schadenstr\u00e4chtigen Auffahrunfall. Ein in Richtung Neustadt fahrender PKW bog kurz nach dem Bahn\u00fcbergang nach links in einen Wirtschaftsweg ab, was auch rechtzeitig und ordnungsgem\u00e4\u00df mittels Fahrtrichtungsanzeiger angezeigt worden war. Von den drei hinterherfahrenden Fahrzeugf\u00fchrer*innen bremsten die ersten beiden ihre Fahrzeuge hierauf entsprechend ab. Die 32-j\u00e4hrige Fahrerin des dritten Fahrzeugs fuhr aufgrund nicht ausreichenden Sicherheitsabstands auf das vor ihr abbremsende Fahrzeug auf, so dass es zu einem heftigen Zusammensto\u00df kam. An den beiden PKW entstand hierdurch ein Sachschaden in H\u00f6he von ca. 20.000,- Euro. Beide Fahrzeuge waren nicht mehr fahrbereit und mussten abgeschleppt werden. Die Unfallverursacherin erlitt einen Schock und klagte \u00fcber Kopfschmerzen. Sie wurde durch einen Rettungswagen zur weiteren Behandlung in ein Krankenhaus verbracht.<\/p>\n\n\n\n<h2 class=\"wp-block-heading\">(Obrigheim) &#8211; Durch Schw\u00e4cheanfall Verkehrsunfall verursacht<\/h2>\n\n\n\n<p>Am 28.05.2022, gegen 11:38 Uhr, wird der PI Gr\u00fcnstadt ein Verkehrsunfall in der Albsheimer Hauptstra\u00dfe in Obrigheim (OT M\u00fchlheim) gemeldet. Vor Ort stellte sich heraus, dass eine 62-j\u00e4hrige Verkehrsteilnehmerin aus dem Kreis Bad D\u00fcrkheim offenbar aufgrund eines Schw\u00e4cheanfalls die Kontrolle \u00fcber ihr Fahrzeug verlor und ungebremst mit mehreren, ordnungsgem\u00e4\u00df am Fahrbahnrand geparkten Fahrzeugen kollidierte. Durch den Verkehrsunfall wurden insgesamt vier Fahrzeuge erheblich besch\u00e4digt. Es entstand ein Schaden von sch\u00e4tzungsweise 40.500EUR. Die Unfallverursacherin erlitt lediglich leichte Verletzungen. F\u00fcr den Zeitraum der Bergungsarbeiten musste die Albsheimer Hauptstra\u00dfe f\u00fcr ca. 45 Minuten vollgesperrt werden.<\/p>\n\n\n\n<h2 class=\"wp-block-heading\">(Frankenthal) &#8211; Dritter Strohhutfesttag<\/h2>\n\n\n\n<p>Insgesamt wurden neun Strafanzeigen aufgenommen. Darunter sechs K\u00f6rperverletzungen und zwei Diebst\u00e4hle. Dar\u00fcber hinaus kam es zu einem Widerstand gegen Vollstreckungsbeamte. Hierbei wurde ein Polizeibeamter leicht verletzt, konnte aber seinen Dienst fortsetzen. Am heutigen Einsatztag mussten drei Platzverweise ausgesprochen werden, wobei einer mit einer Ingewahrsamnahme durchgesetzt werden musste.<\/p>\n\n\n\n<h2 class=\"wp-block-heading\">(Frankenthal) &#8211; Einbruchsdiebstahl<\/h2>\n\n\n\n<p>Zwischen dem 26.05.2022 und dem 27.05.2022 gelangten bisher unbekannte T\u00e4ter durch ein aufgehebeltes Fenster in die R\u00e4umlichkeiten einer Firma in der Gottlieb-Daimler-Stra\u00dfe in Frankenthal. Mehrere B\u00fcros wurden durchw\u00fchlt und Schr\u00e4nke aufgebrochen. Entwendet wurde lediglich eine geringe Menge Bargeld. Durch die Besch\u00e4digungen entstand jedoch ein Schaden von ca. 2500EUR.<\/p>\n\n\n\n<p>Zeugen werden gebeten sich an die Polizeiinspektion Frankenthal unter der Tel.-Nr.: 06233\/313-0 oder an die Polizeiwache Maxdorf unter der Tel.-Nr.: 06237\/934-1100 zu wenden. Gerne nehmen wir Ihre Hinweise auch per E-Mail unter\u00a0<a href=\"mailto:pifrankenthal@polizei.rlp.de\">pifrankenthal@polizei.rlp.de<\/a>\u00a0entgegen.<\/p>\n\n\n\n<h2 class=\"wp-block-heading\">(Bobenheim-Roxheim) &#8211; Betrunkener und ungehaltener Verkehrsteilnehmer<\/h2>\n\n\n\n<p>Am 27.05.2022 kam es gegen 17 Uhr zwischen einem 68-j\u00e4hrigen und einem 30-j\u00e4hrigen Pkw-Fahrer an der Kreuzung Konrad-Adenauer-Ring \/ Frankenthaler Stra\u00dfe in Bobenheim-Roxheim zu einer Auseinandersetzung. Der 68-J\u00e4hrige aus dem Rhein-Pfalz-Kreis nahm dem anderen Verkehrsteilnehmer zun\u00e4chst die Vorfahrt. Um einen Zusammensto\u00df zu verhindern, mussten beide Fahrzeugf\u00fchrer stark abbremsen. In dem darauffolgenden Streitgespr\u00e4ch versuchte der 68-j\u00e4hrige Pkw-Fahrer den 30-J\u00e4rhigen zu schlagen und beleidigte diesen. Anschlie\u00dfend entfernte er sich von der \u00d6rtlichkeit. Wenig sp\u00e4ter wurde der 68-J\u00e4hrige durch die Polizei an seiner Wohnanschrift angetroffen. Da bei ihm Atemalkoholgeruch wahrgenommen werden konnte, wurde ihm eine Blutprobe entnommen. Gegen den 68-j\u00e4hrigen Verkehrsteilnehmer wurde ein Strafverfahren wegen Trunkenheit im Verkehr, versuchter K\u00f6rperverletzung und Beleidigung eingeleitet. Weiterhin wurde sein F\u00fchrerschein sichergestellt.<\/p>\n\n\n\n<p>Zeugen werden gebeten sich an die Polizeiinspektion Frankenthal unter der Tel.-Nr.: 06233\/313-0 oder an die Polizeiwache Maxdorf unter der Tel.-Nr.: 06237\/934-1100 zu wenden. Gerne nehmen wir Ihre Hinweise auch per E-Mail unter\u00a0<a href=\"mailto:pifrankenthal@polizei.rlp.de\">pifrankenthal@polizei.rlp.de<\/a>\u00a0entgegen.<\/p>\n\n\n\n<h2 class=\"wp-block-heading\">(Bobenheim-Roxheim) &#8211; Dieseldiebstahl<\/h2>\n\n\n\n<p>Vom 26.05.2022 auf den 27.05.2022 verschafften sich bisher unbekannte T\u00e4ter Zutritt zu einem Firmengel\u00e4nde in der Industriestra\u00dfe in Bobenheim-Roxheim. Anschlie\u00dfend wurden ca. 400 Liter Diesel aus mehreren Fahrzeugen entwendet.<\/p>\n\n\n\n<p>Zeugen werden gebeten sich an die Polizeiinspektion Frankenthal unter der Tel.-Nr.: 06233\/313-0 oder an die Polizeiwache Maxdorf unter der Tel.-Nr.: 06237\/934-1100 zu wenden. Gerne nehmen wir Ihre Hinweise auch per E-Mail unter\u00a0<a href=\"mailto:pifrankenthal@polizei.rlp.de\">pifrankenthal@polizei.rlp.de<\/a>\u00a0entgegen.<\/p>\n\n\n\n<h2 class=\"wp-block-heading\">(Ludwigshafen) &#8211; 23j\u00e4hriger f\u00e4hrt mit gef\u00e4lschten F\u00fchrerschein<\/h2>\n\n\n\n<p>Am fr\u00fchen Samstagnachmittag f\u00fchrten Beamte der Polizeiautobahnstation Ruchheim auf der A650 im Bereich Oggersheim bei einem VW Caddy eine routinem\u00e4\u00dfige Verkehrskontrolle durch.<\/p>\n\n\n\n<p>Bei der Kontrolle h\u00e4ndigte der Fahrer, ein 23j\u00e4hriger Mann aus dem Raum Frankfurt, den Polizeibeamten einen polnischen F\u00fchrerschein aus. Bei der \u00dcberpr\u00fcfung des F\u00fchrerscheines fielen mehrere F\u00e4lschungsmerkmale auf. Eine genaue \u00dcberpr\u00fcfung des Dokumentes auf der Polizeidienststelle best\u00e4tigte, dass es sich bei dem F\u00fchrerschein um eine F\u00e4lschung handelt.<\/p>\n\n\n\n<p>Den 23j\u00e4hrigen erwartet nun ein Strafverfahren wegen Urkundenf\u00e4lschung und Fahrens ohne Fahrerlaubnis. Au\u00dferdem wurde der gef\u00e4lschte F\u00fchrerschein eingezogen.<\/p>\n\n\n\n<h2 class=\"wp-block-heading\">(Ludwigshafen) &#8211; Verkehrsunfall mit verletzter Person<\/h2>\n\n\n\n<p>Am Freitag, 27.05.2022 gegen 20:30 Uhr befuhr ein 29-j\u00e4hriger Mann mit seinem Roller die Mannheimer Stra\u00dfe in Fahrtrichtung Frankenthaler Stra\u00dfe. Als der vor ihm fahrende Ford Fiessta bis zum Stillstand abbremste, um nach links in eine Einfahrt einzufahren, \u00fcberholte der Mann selbiges Fahrzeug linksseitig, wobei es zur Kollision kam. An beiden Fahrzeugen entstand Sachschaden in noch unbekannter H\u00f6he. Der 29-j\u00e4hrige Fahrer verletzte sich bei dem Unfall leicht.<\/p>\n\n\n\n<h2 class=\"wp-block-heading\">(Ludwigshafen) &#8211; Kabeldiebstahl<\/h2>\n\n\n\n<p>Im Zeitraum zwischen Mittwoch, 25.05.2022, ca. 17:00 Uhr, und Freitag, 27.05.2022, ca. 10:00 Uhr, wurden von einer Baustelle in der Industriestra\u00dfe ca. 50 Meter Starkstromkabel entwendet. Die Tat\u00f6rtlichkeit ist umz\u00e4unt und liegt auf H\u00f6he der TWL.<\/p>\n\n\n\n<p>Zeugen, welche Angaben zum Sachverhalt machen k\u00f6nnen, werden gebeten sich mit der Polizeiinspektion Ludwigshafen 2 unter der 0621 963-2222 in Verbindung zu setzen.<\/p>\n\n\n\n<h2 class=\"wp-block-heading\">(Ludwigshafen) &#8211; Brand eines Kleinkraftrades<\/h2>\n\n\n\n<p>Am Freitag, 27.05.2022 gegen 04:00 Uhr wurde ein Brand am Muldenweg gemeldet. Bei der \u00dcberpr\u00fcfung vor Ort konnte festgestellt werden, dass dort ein Kleinkraftrad in Flammen aufgegangen war. Der Brand wurde durch die Feuerwehr gel\u00f6scht und das Fahrzeug sichergestellt. Die Ursache ist derzeit noch Gegenstand der Erimttlungen.<\/p>\n\n\n\n<p>Zeugen, welche Angaben zum Sachverhalt t\u00e4tigen k\u00f6nnen, werden gebeten sich mit der Polizeiinspektion Ludwigshafen 2 unter der 0621 963-2222 in Verbindung zu setzen.<\/p>\n\n\n\n<h2 class=\"wp-block-heading\">(Mannheim) &#8211; Brand in einem Lederwaren-Gesch\u00e4ft in Q3<\/h2>\n\n\n\n<p>Am Abend des 28.05.2022 um ca. 19:00 Uhr kam es in einem Lederwarengesch\u00e4ft in Q3 aus bisher ungekl\u00e4rter Ursache zu einem Brandausbruch. Durch das Feuer wurden gro\u00dfe Teile des Gesch\u00e4ftes besch\u00e4digt, sodass dieses zum jetzigen Zeitpunkt nicht mehr betriebsf\u00e4hig ist. Durch die Feuerwehr Mannheim konnte der Brand gl\u00fccklicherweise schnell gel\u00f6scht werden, sodass die \u00fcber dem Ladengesch\u00e4ft befindlichen Wohnungen nicht betroffen waren und weiterhin bewohnbar sind. F\u00fcr die Dauer der L\u00f6scharbeiten musste die Fressgasse bis ca. 20:45 Uhr gesperrt werden. Der Verkehr wurde \u00f6rtlich umgeleitet. In Folge der erheblichen Rauchentwicklung wurden drei Personen leicht verletzt. Die Schadensh\u00f6he kann bislang noch nicht beziffert werden.<\/p>\n\n\n\n<p>Der Kriminaldauerdienst des Polizeipr\u00e4sidiums Mannheim hat die Ermittlungen zur Brandursache aufgenommen.<\/p>\n\n\n\n<h2 class=\"wp-block-heading\">(Heidelberg) &#8211; Verkehrsunfall zwischen PKW und Stra\u00dfenbahn<\/h2>\n\n\n\n<p>Am Freitagabend gegen 19:36 Uhr kam es in der Bergheimer Stra\u00dfe zur Kollision zwischen einem PKW und einer Stra\u00dfenbahn der Linie 26. Die 24-j\u00e4hrige Fahrerin des PKW wollte in die Thibautstra\u00dfe einbiegen. Hierbei \u00fcbersah sie die zun\u00e4chst parallel fahrendende Stra\u00dfenbahn und kollidierte mit dieser. Der PKW wurde durch den Zusammensto\u00df mehrere Meter zur Seite geschoben und gedreht, bis er schlie\u00dflich zum Stillstand kam. Die Fahrerin des PKW klagte \u00fcber Schmerzen im Bereich des Hals- und Nackenbereiches und stand, ebenso wie der Stra\u00dfenbahnfahrer, unter Schock. Beide wurden vor Ort durch Rettungskr\u00e4fte versorgt. Eine Verbringung in ein Krankenhaus war jedoch gl\u00fccklicherweise nicht erforderlich. Es entstand ein Sachschaden von ca. 16.000 Euro. Die Bergheimer Stra\u00dfe wurde in Fahrtrichtung Bismarckplatz f\u00fcr die Dauer der Unfallaufnahme kurzzeitig gesperrt.<\/p>\n\n\n\n<h2 class=\"wp-block-heading\">(Nu\u00dfloch \/ Rhein-Neckar-Kreis) &#8211; Heckscheibe eines PKW eingeschlagen \/ Zeugen gesucht<\/h2>\n\n\n\n<p>Am fr\u00fchen Samstagmorgen gegen 01.45 Uhr wurde durch bislang unbekannte T\u00e4ter in der Massengasse die Heckscheibe eines Fahrzeuges eingeschlagen. Eine Zeugin beobachtete eine Personengruppe von ca. 5-10 Jugendlichen, welche sich zur Tatzeit unmittelbar in Tatortn\u00e4he aufhielten und Flaschen auf die Stra\u00dfe warfen. Eine Personenbeschreibung ist nicht bekannt. Ob ein Zusammenhang zwischen der Personengruppe und der eingeschlagenen Scheibe besteht, ist aktuell Gegenstand der Ermittlungen. Das Polizeirevier Wiesloch sucht in diesem Zusammenhang nach weiteren Zeugen, die sachdienliche Angaben zum Sachverhalt machen k\u00f6nnen. Diese werden gebeten, sich unter der Tel.-Nr. 06222-57090 beim Polizeirevier Wiesloch zu melden.<\/p>\n\n\n\n<h2 class=\"wp-block-heading\">(Wiesloch \/ Rhein-Neckar-Kreis) &#8211; Zimmerbrand im Psychiatrischen Zentrum Nordbaden \/ Eine Person leicht verletzt<\/h2>\n\n\n\n<p>Am fr\u00fchen Sonntagmorgen, um 01.15 Uhr, kam es in einem Zimmer des Psychiatrischen Zentrums Nordbaden zu einem Brand, bei dem eine Person leicht verletzt wurde. Der Brand konnte durch das Personal schnell bemerkt und gel\u00f6scht werden. Die Ermittlungen zur noch unklaren Brandursache wurden von der Kriminalpolizei Heidelberg aufgenommen.<\/p>\n\n\n\n<h2 class=\"wp-block-heading\">(A 6 \/ Wiesloch \/ Rauenberg \/ Rhein-Neckar-Kreis) &#8211; Verkehrsunfall mit mehreren verletzten Personen \/ Polizei sucht Zeugen<\/h2>\n\n\n\n<h3 class=\"has-text-align-center wp-block-heading\">Pressemeldung Nr. 4<\/h3>\n\n\n\n<p>Am 27.05.2022 kam es auf der BAB A6 zwischen der AS Wiesloch \/ Rauenberg und der AS Sinsheim in Fahrtrichtung Heilbronn zu einem Verkehrsunfall zwischen insgesamt vier beteiligten Fahrzeugen. Nach aktuellem Ermittlungsstand befuhr eine 28-j\u00e4hrige Fahrzeugf\u00fchrerin mit ihrem Audi A1 die BAB A6 in Fahrtrichtung Heilbronn und wechselte hierbei aus noch unbekannter Ursache den Fahrstreifen. Im weiteren Verlauf kam es zum Zusammensto\u00df mit einem auf dem linken Fahrstreifen befindlichen Audi A5 eines 26-J\u00e4hrigen, woraufhin beide PKW ins Schleudern gerieten. Der Audi A1 prallte dabei mit einem auf dem rechten Fahrstreifen fahrenden 3,5-Tonner zusammen, welcher ebenfalls in Schleudern geriet und daraufhin auf die Seite kippte. Durch umherfliegende Tr\u00fcmmerteile wurde zudem ein weiterer PKW besch\u00e4digt. Durch den Unfall wurden die 28-J\u00e4hrige Audi A1-Fahrerin, sowie der ebenfalls 28-j\u00e4hrige Beifahrer des Audi A5 leicht verletzt. Der Fahrer des Audi A5 wurde schwer verletzt. Die Personen wurden zur medizinischen Versorgung in umliegende Krankenh\u00e4user eingeliefert. Zur Schadensh\u00f6he liegen zum aktuellen Zeitpunkt noch keine Informationen vor.<\/p>\n\n\n\n<p>Die Ermittlungen zum Unfallhergang wurden durch die Autobahnpolizei Walldorf aufgenommen und dauern an. Zeugen, die den Unfall beobachtet haben und sachdienliche Angaben hierzu machen k\u00f6nnen, werden gebeten, sich unter der Telefonnummer 06227-358260 mit der Autobahnpolizei Walldorf in Verbindung zu setzen.<\/p>\n\n\n\n<h2 class=\"wp-block-heading\">(Sinsheim \/ Rhein-Neckar-Kreis) &#8211; 18-j\u00e4hriger Fahrzeugf\u00fchrer fl\u00fcchtet vor der Polizei und verunfallt<\/h2>\n\n\n\n<div class=\"wp-block-image\"><figure class=\"aligncenter size-full\"><img decoding=\"async\" loading=\"lazy\" width=\"800\" height=\"600\" src=\"https:\/\/speyer24news.com\/wp-content\/uploads\/2021\/06\/Unfall-Polizei.jpg\" alt=\"\" class=\"wp-image-38279\" srcset=\"https:\/\/speyer24news.com\/wp-content\/uploads\/2021\/06\/Unfall-Polizei.jpg 800w, https:\/\/speyer24news.com\/wp-content\/uploads\/2021\/06\/Unfall-Polizei-300x225.jpg 300w, https:\/\/speyer24news.com\/wp-content\/uploads\/2021\/06\/Unfall-Polizei-768x576.jpg 768w, https:\/\/speyer24news.com\/wp-content\/uploads\/2021\/06\/Unfall-Polizei-678x509.jpg 678w, https:\/\/speyer24news.com\/wp-content\/uploads\/2021\/06\/Unfall-Polizei-326x245.jpg 326w, https:\/\/speyer24news.com\/wp-content\/uploads\/2021\/06\/Unfall-Polizei-80x60.jpg 80w\" sizes=\"(max-width: 800px) 100vw, 800px\" \/><\/figure><\/div>\n\n\n\n<p>Am fr\u00fchen Samstagmorgen, gegen 05 Uhr, fiel ein 18-J\u00e4hriger mit seinem CLK-Mercedes einer Polizeistreife beim Verlassen eines Parkplatzes in der Neulandstra\u00dfe auf, als er mit \u00fcberh\u00f6hter Geschwindigkeit teilweise die falsche Fahrbahnseite benutzte. Bei der anschlie\u00dfenden Nachfahrt durch die Polizeistreife beschleunigte der 18-J\u00e4hrige sein Fahrzeug weiter und versuchte sich weiter \u00fcber die Stra\u00dfe &#8222;In der Au&#8220; zu entfernen. Am Kreisverkehr an der Kreuzung &#8222;In der Au&#8220; \/ &#8222;Danziger Stra\u00dfe&#8220; verlor er schlussendlich die Kontrolle \u00fcber sein Fahrzeug und verunfallte mit dem Zaun eines angrenzenden Automobilhandels. Hierbei wurden au\u00dfer dem Zaun auch noch drei hochwertige Gebrauchtfahrzeuge besch\u00e4digt.<\/p>\n\n\n\n<p>Der 18-J\u00e4hrige versuchte dann weiter zu Fu\u00df von der \u00d6rtlichkeit zu fl\u00fcchten. Dies konnten die Polizeibeamten verhindern und ihn festnehmen. Ein durchgef\u00fchrter Alkoholtest ergab einen Wert von \u00fcber 0,7 Promille.<\/p>\n\n\n\n<p>An den Gebrauchtwagen entstand Gesamtschaden in H\u00f6he von 65.000 EUR. Am Fahrzeug des 18-J\u00e4hrigen entstand Totalschaden in H\u00f6he von 5.000 EUR. Dieses musste durch einen Abschleppdienst geborgen und abgeschleppt werden.<\/p>\n\n\n\n<p>Nach einer Blutentnahme auf dem Revier wurde auch sein F\u00fchrerschein zu den Akten genommen. Der 18-J\u00e4hrige sieht nun einer Anzeige wegen Gef\u00e4hrdung des Stra\u00dfenverkehrs, Unerlaubten Entfernens von der Unfallstelle und Teilnahme an einem illegalen Stra\u00dfenrennen entgegen. Das Polizeirevier Sinsheim hat die weiteren Ermittlungen \u00fcbernommen.<\/p>\n\n\n\n<h2 class=\"wp-block-heading\">(Eberbach \/ Rhein-Neckar-Kreis) &#8211; Drei geparkte Fahrzeuge durch unbekannte Unfallverursacher besch\u00e4digt \/ Zeugen gesucht<\/h2>\n\n\n\n<p>In der Nacht zum Samstag befuhr ein bislang unbekannter Fahrzeugf\u00fchrer die Beckstra\u00dfe stadtausw\u00e4rts und streifte beim Vorbeifahren zwei in der Beckstra\u00dfe geparkte Fahrzeuge der Marken Mercedes Benz und BMW. Anschlie\u00dfend fl\u00fcchtete der Verursacher unerkannt. Im selben Zeitraum wurde auch in der in unmittelbarer N\u00e4he zur Beckstra\u00dfe befindlichen Dr. Wei\u00df-Stra\u00dfe ein geparkter PKW durch einen unbekannten Unfallverursacher besch\u00e4digt. Ob ein Zusammenhang zwischen beiden Taten besteht, ist aktuell Gegenstand der Ermittlungen des Polizeireviers Eberbach. Insgesamt entstand ein Sachschaden von ca. 7.500 Euro.<\/p>\n\n\n\n<p>Zeugen, die den Unfall beobachtet haben und sachdienliche Angaben zum Unfallhergang und -verursacher machen k\u00f6nnen, werden gebeten, sich unter der Telefonnummer 06271\/9210-0 mit dem Polizeirevier Eberbach in Verbindung zu setzen.<\/p>\n\n\n\n<h2 class=\"wp-block-heading\">(Weinheim \/ Rhein-Neckar-Kreis) &#8211; PKW-Fahrer f\u00e4hrt mit \u00fcber 1,4 Promille entgegen der Fahrtrichtung durch Kreisverkehr<\/h2>\n\n\n\n<p>Ein aufmerksamer Zeuge beobachtete am fr\u00fchen Samstagmorgen gegen 01:20 Uhr, wie der Fahrer eines wei\u00dfen Seat einen Kreisverkehr in der Gundelbachstra\u00dfe entgegen der Fahrtrichtung befuhr und diesen anschlie\u00dfend in Richtung Peterskirche verlie\u00df. Als der 21-j\u00e4hrige daraufhin am Fahrbahnrand anhielt, wurde er durch mehrere Zeugen auf sein Verhalten angesprochen. W\u00e4hrend des Gespr\u00e4ches fiel auf, dass der Fahrer eine deutlich verwaschene Aussprache aufwies, woraufhin die Zeugen die Polizei verst\u00e4ndigten. Im Rahmen der anschlie\u00dfenden Kontrolle des Fahrers durch Beamte des Polizeireviers Weinheim wurde ein Alkoholwert von \u00fcber 1,4 Promille festgestellt. Der Fahrer musste die Beamten daraufhin zum Polizeirevier begleiten, wo eine Blutentnahme durchgef\u00fchrt wurde. Er muss sich nun einer Strafanzeige wegen Trunkenheit im Verkehr, sowie fahrerlaubnisrechtlicher Ma\u00dfnahmen stellen. Sein F\u00fchrerschein wurde durch die Beamten einbehalten.<\/p>\n","protected":false},"excerpt":{"rendered":"<div class=\"mh-excerpt\"><p>(Speyer) &#8211; Unfallflucht an E-Lades\u00e4ule Am 27.05.2022 kam es zu einer Verkehrsunfallflucht an einer E- Lades\u00e4ule am St. Guido-Stifts Platz in Speyer. F\u00fcr den Ladevorgang parkte der Fahrer eines Teslas r\u00fcckw\u00e4rtig in der Parkl\u00fccke ein. <a class=\"mh-excerpt-more\" href=\"https:\/\/speyer24news.com\/?p=46497\" title=\"Polizeimeldungen vom Samstag (28.05.2022)\">[&#8230;]<\/a><\/p>\n<\/div>","protected":false},"author":3,"featured_media":26162,"comment_status":"open","ping_status":"open","sticky":false,"template":"","format":"standard","meta":{"_monsterinsights_skip_tracking":false,"_monsterinsights_sitenote_active":false,"_monsterinsights_sitenote_note":"","_monsterinsights_sitenote_category":0,"footnotes":""},"categories":[12],"tags":[7243,7244,3614,61,2555,6955,6986,6263,63,105,11150,6987,53,4854,13534,4683,1548,4905,11592,102,13626,213,14325,14324,13553,13541,55,8277,6368,5261,103,106,2803,2423,427,2625,380,62,104,979,1565],"aioseo_notices":[],"amp_enabled":true,"_links":{"self":[{"href":"https:\/\/speyer24news.com\/index.php?rest_route=\/wp\/v2\/posts\/46497"}],"collection":[{"href":"https:\/\/speyer24news.com\/index.php?rest_route=\/wp\/v2\/posts"}],"about":[{"href":"https:\/\/speyer24news.com\/index.php?rest_route=\/wp\/v2\/types\/post"}],"author":[{"embeddable":true,"href":"https:\/\/speyer24news.com\/index.php?rest_route=\/wp\/v2\/users\/3"}],"replies":[{"embeddable":true,"href":"https:\/\/speyer24news.com\/index.php?rest_route=%2Fwp%2Fv2%2Fcomments&post=46497"}],"version-history":[{"count":1,"href":"https:\/\/speyer24news.com\/index.php?rest_route=\/wp\/v2\/posts\/46497\/revisions"}],"predecessor-version":[{"id":46501,"href":"https:\/\/speyer24news.com\/index.php?rest_route=\/wp\/v2\/posts\/46497\/revisions\/46501"}],"wp:featuredmedia":[{"embeddable":true,"href":"https:\/\/speyer24news.com\/index.php?rest_route=\/wp\/v2\/media\/26162"}],"wp:attachment":[{"href":"https:\/\/speyer24news.com\/index.php?rest_route=%2Fwp%2Fv2%2Fmedia&parent=46497"}],"wp:term":[{"taxonomy":"category","embeddable":true,"href":"https:\/\/speyer24news.com\/index.php?rest_route=%2Fwp%2Fv2%2Fcategories&post=46497"},{"taxonomy":"post_tag","embeddable":true,"href":"https:\/\/speyer24news.com\/index.php?rest_route=%2Fwp%2Fv2%2Ftags&post=46497"}],"curies":[{"name":"wp","href":"https:\/\/api.w.org\/{rel}","templated":true}]}}