{"id":46512,"date":"2022-05-29T07:02:10","date_gmt":"2022-05-29T06:02:10","guid":{"rendered":"https:\/\/speyer24news.com\/?p=46512"},"modified":"2022-05-29T07:02:12","modified_gmt":"2022-05-29T06:02:12","slug":"stadtradeln-speyer-2","status":"publish","type":"post","link":"https:\/\/speyer24news.com\/?p=46512","title":{"rendered":"Stadtradeln Speyer"},"content":{"rendered":"<style type=\"text\/css\">\r\n\t.ads_top_disp{}\r\n\t.ads_top_corner_disp{ float:left; margin:0px 10px 10px 0px; }\r\n\t.ads_first_p_disp{}\r\n\t.ads_bottom_disp{}\r\n\t<\/style>\n<h2 class=\"wp-block-heading\">STADTRADELN 2022 vom 11. Juni bis 1. Juli in Speyer<\/h2>\n\n\n\n<div class=\"wp-block-image\"><figure class=\"aligncenter size-full\"><img decoding=\"async\" loading=\"lazy\" width=\"630\" height=\"167\" src=\"https:\/\/speyer24news.com\/wp-content\/uploads\/2020\/06\/Stadtradeln-Logo.png\" alt=\"\" class=\"wp-image-28496\" srcset=\"https:\/\/speyer24news.com\/wp-content\/uploads\/2020\/06\/Stadtradeln-Logo.png 630w, https:\/\/speyer24news.com\/wp-content\/uploads\/2020\/06\/Stadtradeln-Logo-300x80.png 300w\" sizes=\"(max-width: 630px) 100vw, 630px\" \/><\/figure><\/div>\n\n\n\n<p>\u201eIn die Pedale, fertig, los\u201c, hei\u00dft es wieder zwischen dem 11. Juni und 1. Juli. Denn Speyer beteiligt sich auch im Jahr 2022 an der Kampagne STADTRADELN, in diesem Jahr organisiert durch Klimaschutzmanagerin Katrin Berlinghoff.<\/p>\n\n\n\n<p id=\"E-4262\">Alle, die in Speyer leben oder arbeiten, sind in diesem Zeitraum aufgerufen, den Weg zur Arbeit, zur Schule, zur Freizeiteinrichtung sowie alle sonstigen Wege mit dem Fahrrad zur\u00fcckzulegen und bei der deutschlandweiten Aktion des Klimab\u00fcndnisses m\u00f6glichst viele Fahrradkilometer f\u00fcr den Klimaschutz zu sammeln.<br>Im Anschluss an die drei Wochen werden die radaktivsten Teilnehmenden und Teams sowie Schulen und Kitas pr\u00e4miert.<\/p>\n\n\n\n<div class=\"wp-block-image\"><figure class=\"aligncenter size-full\"><img decoding=\"async\" loading=\"lazy\" width=\"800\" height=\"559\" src=\"https:\/\/speyer24news.com\/wp-content\/uploads\/2021\/09\/Stadtradeln_1.jpg\" alt=\"\" class=\"wp-image-40335\" srcset=\"https:\/\/speyer24news.com\/wp-content\/uploads\/2021\/09\/Stadtradeln_1.jpg 800w, https:\/\/speyer24news.com\/wp-content\/uploads\/2021\/09\/Stadtradeln_1-300x210.jpg 300w, https:\/\/speyer24news.com\/wp-content\/uploads\/2021\/09\/Stadtradeln_1-768x537.jpg 768w\" sizes=\"(max-width: 800px) 100vw, 800px\" \/><\/figure><\/div>\n\n\n\n<p id=\"E393\">\u00a0\u201eRadfahren ist nicht nur gut f\u00fcr die Gesundheit, sondern auch ein aktiver Beitrag zum Klima- und Ressourcen-Schutz\u201c wirbt Oberb\u00fcrgermeisterin Stefanie Seiler. \u201eIm letzten Jahr haben wir es auf Platz eins der Kommunen ab 50.000 Einwohnenden in Rheinland-Pfalz geschafft und damit gezeigt, dass wir uns in Speyer aktiv f\u00fcr klimafreundliche Mobilit\u00e4t stark machen. Das ist ein toller Ansporn, auch in diesem Jahr wieder motiviert in die Pedale zu treten.&#8220;<\/p>\n\n\n\n<p id=\"E-906\">\u00a0\u201eIn Speyer ist das Fahrrad ein super Verkehrsmittel und eine echte Alternative zum Auto. Bei der Kampagne geht es darum, einfach mal aufs Rad umzusteigen und sich im Alltag klimafreundlich fortzubewegen. Ich lade Sie herzlich dazu ein, gemeinsam mit uns f\u00fcr Speyer zu radeln\u201c f\u00fchrt Umweltdezernentin Irmgard M\u00fcnch-Weinmann weiter aus.<\/p>\n\n\n\n<div class=\"wp-block-image\"><figure class=\"aligncenter size-full\"><img decoding=\"async\" loading=\"lazy\" width=\"600\" height=\"560\" src=\"https:\/\/speyer24news.com\/wp-content\/uploads\/2022\/05\/c-Stadt-Speyer_Staffeluebergabe.jpg\" alt=\"\" class=\"wp-image-46513\" srcset=\"https:\/\/speyer24news.com\/wp-content\/uploads\/2022\/05\/c-Stadt-Speyer_Staffeluebergabe.jpg 600w, https:\/\/speyer24news.com\/wp-content\/uploads\/2022\/05\/c-Stadt-Speyer_Staffeluebergabe-300x280.jpg 300w\" sizes=\"(max-width: 600px) 100vw, 600px\" \/><\/figure><\/div>\n\n\n\n<h4 class=\"wp-block-heading\">Die Anmeldung zum STADTRADELN erfolgt \u00fcber die Homepage\u00a0<a href=\"https:\/\/deref-web.de\/mail\/client\/7XfXyU4hnL8\/dereferrer\/?redirectUrl=http%3A%2F%2Fwww.stadtradeln.de%2Fspeyer\" target=\"_blank\" rel=\"noreferrer noopener\">www.stadtradeln.de\/speyer<\/a>.<\/h4>\n\n\n\n<ul><li>Den\u00a0<strong>Auftakt<\/strong>\u00a0am\u00a0<strong>Freitag, 11. Juni 2022<\/strong>\u00a0bildet eine gem\u00fctliche Radtour mit anschlie\u00dfendem Picknick, organisiert durch den ADFC. Treffpunkt ist um 14 Uhr am Domplatz.<\/li><li>Die\u00a0<strong>Pr\u00e4mierung<\/strong>\u00a0am\u00a0<strong>Freitag, 22. Juli 2022<\/strong>\u00a0um 15 Uhr wird von einer Fundradversteigerung begleitet. \u00a0\u00a0\u00a0\u00a0\u00a0\u00a0\u00a0\u00a0\u00a0\u00a0\u00a0<\/li><\/ul>\n\n\n\n<p>Die Kleinen werden in diesem Jahr besonders angesprochen: F\u00fcr Kitas und Grundschulen gibt es die gr\u00fcne&nbsp;<strong>Kindermeilen-Woche<\/strong>&nbsp;in der letzten Aktionswoche vom 27. Juni bis 1. Juli 2022.&nbsp;&nbsp;&nbsp;&nbsp;<br>Dabei werden in Sammelhefte alle Wege eingetragen, die Kindergarten- und Schulkinder in ihrem Alltag klimafreundlich, also beispielsweise zu Fu\u00df, mit dem Roller oder dem Fahrrad zur\u00fccklegen.<\/p>\n\n\n\n<div class=\"wp-block-image\"><figure class=\"aligncenter size-full\"><img decoding=\"async\" loading=\"lazy\" width=\"800\" height=\"569\" src=\"https:\/\/speyer24news.com\/wp-content\/uploads\/2021\/09\/Stadtradeln_5.jpg\" alt=\"\" class=\"wp-image-40337\" srcset=\"https:\/\/speyer24news.com\/wp-content\/uploads\/2021\/09\/Stadtradeln_5.jpg 800w, https:\/\/speyer24news.com\/wp-content\/uploads\/2021\/09\/Stadtradeln_5-300x213.jpg 300w, https:\/\/speyer24news.com\/wp-content\/uploads\/2021\/09\/Stadtradeln_5-768x546.jpg 768w\" sizes=\"(max-width: 800px) 100vw, 800px\" \/><figcaption>Die Nachhaltigkeitsmanagerin der Stadt Sandra Gehrlein und die Klimaschutzmanagerin Katrin Berlinghoff, lange Haare<\/figcaption><\/figure><\/div>\n\n\n\n<p id=\"E-2313\">Anmelden k\u00f6nnen sich Kitas und Grundschulen f\u00fcr die Sammelwoche per E-Mail an&nbsp;<a href=\"mailto:kindermeilen@stadt-speyer.de\" target=\"_blank\" rel=\"noreferrer noopener\">kindermeilen@stadt-speyer.de<\/a>&nbsp;oder telefonisch unter 06232 14-2596. Ansprechpartnerin ist Klimaschutzmanagerin Katrin Berlinghoff. &nbsp;&nbsp;&nbsp;&nbsp;&nbsp;&nbsp;&nbsp;<\/p>\n\n\n\n<p>Einen besonderen Ansporn f\u00fcr Speyerer Schulen bietet in diesem Jahr erstmalig die Sonderkategorie \u201e<strong>Schulradeln<\/strong>\u201c, mit der die Schulen gesondert in den Wettbewerb treten.<br>Die Anmeldung zur Teilnahme am Wettbewerb erfolgt automatisch bei der Registrierung \u00fcber\u00a0<a href=\"https:\/\/deref-web.de\/mail\/client\/7XfXyU4hnL8\/dereferrer\/?redirectUrl=http%3A%2F%2Fwww.stadtradeln.de%2Fspeyer\" target=\"_blank\" rel=\"noreferrer noopener\">www.stadtradeln.de\/speyer<\/a>.<\/p>\n\n\n\n<div class=\"wp-block-image\"><figure class=\"aligncenter size-full\"><img decoding=\"async\" loading=\"lazy\" width=\"500\" height=\"667\" src=\"https:\/\/speyer24news.com\/wp-content\/uploads\/2022\/05\/Frank-Bug.jpg\" alt=\"\" class=\"wp-image-46514\" srcset=\"https:\/\/speyer24news.com\/wp-content\/uploads\/2022\/05\/Frank-Bug.jpg 500w, https:\/\/speyer24news.com\/wp-content\/uploads\/2022\/05\/Frank-Bug-225x300.jpg 225w\" sizes=\"(max-width: 500px) 100vw, 500px\" \/><\/figure><\/div>\n\n\n\n<p>Als diesj\u00e4hriger&nbsp;<strong>STADTRADELN-Star<\/strong>&nbsp;wird Frank Bug im Aktionszeitraum komplett auf das Fahrrad umsteigen und das Auto weder als Fahrer noch als Beifahrer nutzen. &nbsp;&nbsp;&nbsp;&nbsp;&nbsp;<br>Der 54-J\u00e4hrige arbeitet bei der Vereinigten VR Bank Kur- und Rheinpfalz eG und ist Mitglied des Betriebsrates sowie Arbeitnehmervertreter im Aufsichtsrat der Bank. Der STADTRADELN-Star ist \u00fcberzeugter Fahrradfahrer und will mit gutem Beispiel vorangehen, um auch andere dazu zu animieren, auf das Auto zu verzichten. \u00dcber seine Erfahrungen berichtet Frank Bug in einem STADTRADELN-Blog.<\/p>\n\n\n\n<p>Dank der F\u00f6rderung durch das Land Rheinland-Pfalz ist die Aktion auch in diesem Jahr f\u00fcr die Kommune kostenfrei.<\/p>\n\n\n\n<h4 class=\"wp-block-heading\" id=\"E472\"><em>STADTRADELN ist eine deutschlandweite Aktion des Klima-B\u00fcndnisses und wird in Speyer von lokalen Partnern unterst\u00fctzt. Der ADFC Speyer e.V., Edeka Stiegler, Engel &amp; V\u00f6lkers, Neptune Energy und Palatina GeoCon, die Sparkasse Vorderpfalz, REWE Familie Appel, das Hotel Am Wartturm, die Stadtwerke Speyer GmbH, die Vereinigte VR Bank Kur- und Rheinpfalz, die PSD Bank Karlsruhe-Neustadt eG und der VRN unterst\u00fctzen vor Ort.<\/em><\/h4>\n\n\n\n<p><em>Text: Stadtverwaltung Speyer Foto: \u00a9 Klaus Venus<br>27.05.2022<\/em><\/p>\n","protected":false},"excerpt":{"rendered":"<div class=\"mh-excerpt\"><p>STADTRADELN 2022 vom 11. Juni bis 1. Juli in Speyer \u201eIn die Pedale, fertig, los\u201c, hei\u00dft es wieder zwischen dem 11. Juni und 1. Juli. Denn Speyer beteiligt sich auch im Jahr 2022 an der <a class=\"mh-excerpt-more\" href=\"https:\/\/speyer24news.com\/?p=46512\" title=\"Stadtradeln Speyer\">[&#8230;]<\/a><\/p>\n<\/div>","protected":false},"author":3,"featured_media":46477,"comment_status":"open","ping_status":"open","sticky":false,"template":"","format":"standard","meta":{"_monsterinsights_skip_tracking":false,"_monsterinsights_sitenote_active":false,"_monsterinsights_sitenote_note":"","_monsterinsights_sitenote_category":0,"footnotes":""},"categories":[9,13],"tags":[14677,6,1221,13809,14678,2198,14676,14426],"aioseo_notices":[],"amp_enabled":true,"_links":{"self":[{"href":"https:\/\/speyer24news.com\/index.php?rest_route=\/wp\/v2\/posts\/46512"}],"collection":[{"href":"https:\/\/speyer24news.com\/index.php?rest_route=\/wp\/v2\/posts"}],"about":[{"href":"https:\/\/speyer24news.com\/index.php?rest_route=\/wp\/v2\/types\/post"}],"author":[{"embeddable":true,"href":"https:\/\/speyer24news.com\/index.php?rest_route=\/wp\/v2\/users\/3"}],"replies":[{"embeddable":true,"href":"https:\/\/speyer24news.com\/index.php?rest_route=%2Fwp%2Fv2%2Fcomments&post=46512"}],"version-history":[{"count":1,"href":"https:\/\/speyer24news.com\/index.php?rest_route=\/wp\/v2\/posts\/46512\/revisions"}],"predecessor-version":[{"id":46515,"href":"https:\/\/speyer24news.com\/index.php?rest_route=\/wp\/v2\/posts\/46512\/revisions\/46515"}],"wp:featuredmedia":[{"embeddable":true,"href":"https:\/\/speyer24news.com\/index.php?rest_route=\/wp\/v2\/media\/46477"}],"wp:attachment":[{"href":"https:\/\/speyer24news.com\/index.php?rest_route=%2Fwp%2Fv2%2Fmedia&parent=46512"}],"wp:term":[{"taxonomy":"category","embeddable":true,"href":"https:\/\/speyer24news.com\/index.php?rest_route=%2Fwp%2Fv2%2Fcategories&post=46512"},{"taxonomy":"post_tag","embeddable":true,"href":"https:\/\/speyer24news.com\/index.php?rest_route=%2Fwp%2Fv2%2Ftags&post=46512"}],"curies":[{"name":"wp","href":"https:\/\/api.w.org\/{rel}","templated":true}]}}