{"id":46520,"date":"2022-05-29T07:30:46","date_gmt":"2022-05-29T06:30:46","guid":{"rendered":"https:\/\/speyer24news.com\/?p=46520"},"modified":"2022-05-29T07:30:49","modified_gmt":"2022-05-29T06:30:49","slug":"coronavirus-speyer-rheinland-pfalz-23","status":"publish","type":"post","link":"https:\/\/speyer24news.com\/?p=46520","title":{"rendered":"Coronavirus Speyer \/ Rheinland-Pfalz"},"content":{"rendered":"<style type=\"text\/css\">\r\n\t.ads_top_disp{}\r\n\t.ads_top_corner_disp{ float:left; margin:0px 10px 10px 0px; }\r\n\t.ads_first_p_disp{}\r\n\t.ads_bottom_disp{}\r\n\t<\/style>\n<h2 class=\"wp-block-heading\">Tagesaktuelle Fallzahlen f\u00fcr die Stadt Speyer<\/h2>\n\n\n\n<h4 class=\"wp-block-heading\">(<em>Quelle: Landesuntersuchungsamt Rheinland-Pfalz<\/em>,<em>\u00a0Stand: 27.05.2022<\/em>)<\/h4>\n\n\n\n<div class=\"wp-block-image\"><figure class=\"aligncenter\"><img decoding=\"async\" loading=\"lazy\" width=\"800\" height=\"400\" src=\"https:\/\/speyer24news.com\/wp-content\/uploads\/2020\/05\/virus-1812092_1920.jpg\" alt=\"\" class=\"wp-image-26778\" srcset=\"https:\/\/speyer24news.com\/wp-content\/uploads\/2020\/05\/virus-1812092_1920.jpg 800w, https:\/\/speyer24news.com\/wp-content\/uploads\/2020\/05\/virus-1812092_1920-300x150.jpg 300w, https:\/\/speyer24news.com\/wp-content\/uploads\/2020\/05\/virus-1812092_1920-768x384.jpg 768w\" sizes=\"(max-width: 800px) 100vw, 800px\" \/><\/figure><\/div>\n\n\n\n<p>Anzahl best\u00e4tigter F\u00e4lle von Coronavirus (SARS-CoV-2)-Infektionen in der Stadt Speyer:\u00a016.454 (+ 70)<br>Davon bereits genesen:\u00a015.806<br>Todesf\u00e4lle: 116 (unver\u00e4ndert)<br><strong>Sieben-Tage-Inzidenz<\/strong>\u00a0(Gemeldete F\u00e4lle der letzten sieben Tage pro 100.000 Einwohner*innen in Speyer):<strong>\u00a0<strong>138,0<br>Sieben-Tage-Hospitalisierungs-Inzidenz<\/strong>\u00a0(Anzahl der neu aufgenommenen Hospitalisierungsf\u00e4lle pro 100.000 Einwohner*innen der letzten sieben Tagen in Rheinland-Pfalz):<strong>\u00a01,84<\/strong><\/strong><\/p>\n\n\n\n<p>Die Stadtverwaltung&nbsp;entnimmt die tagesaktuellen Meldedaten der Internetseite des Landesuntersuchungsamtes (LUA) Rheinland-Pfalz:&nbsp;<a href=\"http:\/\/www.lua.rlp.de\/\">www.lua.rlp.de<\/a>.<\/p>\n\n\n\n<p><em>Stadt Speyer \/ LUA Rheinland-Pfalz<br>27.05.2022<\/em><\/p>\n\n\n\n<h2 class=\"wp-block-heading\">Coronavirus \u2013 Fallzahlen im Landkreis Germersheim<\/h2>\n\n\n\n<div class=\"wp-block-image\"><figure class=\"aligncenter\"><img decoding=\"async\" loading=\"lazy\" width=\"800\" height=\"575\" src=\"https:\/\/speyer24news.com\/wp-content\/uploads\/2020\/04\/AdobeStock_320368431.jpeg\" alt=\"\" class=\"wp-image-26313\" srcset=\"https:\/\/speyer24news.com\/wp-content\/uploads\/2020\/04\/AdobeStock_320368431.jpeg 800w, https:\/\/speyer24news.com\/wp-content\/uploads\/2020\/04\/AdobeStock_320368431-300x216.jpeg 300w, https:\/\/speyer24news.com\/wp-content\/uploads\/2020\/04\/AdobeStock_320368431-768x552.jpeg 768w\" sizes=\"(max-width: 800px) 100vw, 800px\" \/><\/figure><\/div>\n\n\n\n<h3 class=\"wp-block-heading\">(Stand 27. Mai 2022, 11.30 Uhr)<\/h3>\n\n\n\n<p>Aktuell gibt es im Landkreis Germersheim 1.294 best\u00e4tigte positive F\u00e4lle, die Gesamtzahl bel\u00e4uft sich auf 43.164 Corona-Infektionen seit Beginn der Pandemie. Seit der Meldung am Mittwoch wurden 71 neue F\u00e4lle registriert. Die Gesamtzahl der Todesf\u00e4lle betr\u00e4gt 207 seit Beginn der Pandemie.<\/p>\n\n\n\n<figure class=\"wp-block-table\"><table><tbody><tr><td><strong><u>VG \/ Stadt<\/u><\/strong><\/td><td><strong><u>Ort<\/u><\/strong><\/td><td><strong><u>Infizierte seit Beginn der Pandemie<\/u><\/strong><\/td><td><strong><u>Aktuell infizierte Personen<\/u><\/strong><\/td><td><strong><u>Gesundete bzw. nicht mehr<br>infizierte Personen<\/u><\/strong><\/td><td><strong><u>Leider an<br>oder mit Covid-19 verstorbene Personen<\/u><\/strong><\/td><\/tr><tr><td><strong>&nbsp;<\/strong><\/td><td>&nbsp;<\/td><td>&nbsp;<\/td><td>&nbsp;<\/td><td>&nbsp;<\/td><td>&nbsp;<\/td><\/tr><tr><td>VG Hagenbach<\/td><td>Berg<\/td><td>548<\/td><td>37<\/td><td>511<\/td><td>0<\/td><\/tr><tr><td>&nbsp;<\/td><td>Hagenbach<\/td><td>1763<\/td><td>61<\/td><td>1685<\/td><td>17<\/td><\/tr><tr><td>&nbsp;<\/td><td>Neuburg<\/td><td>767<\/td><td>37<\/td><td>722<\/td><td>8<\/td><\/tr><tr><td>&nbsp;<\/td><td>Scheibenhardt<\/td><td>120<\/td><td>1<\/td><td>119<\/td><td>0<\/td><\/tr><tr><td><strong>&nbsp;<\/strong><\/td><td><strong>Summen<\/strong><strong><\/strong><\/td><td><strong>3198<\/strong><strong><\/strong><\/td><td><strong>136<\/strong><strong><\/strong><\/td><td><strong>3037<\/strong><strong><\/strong><\/td><td><strong>25<\/strong><strong><\/strong><\/td><\/tr><tr><td>W\u00f6rth<\/td><td>Maximiliansau<\/td><td>1982<\/td><td>86<\/td><td>1891<\/td><td>5<\/td><\/tr><tr><td>&nbsp;<\/td><td>Schaidt<\/td><td>522<\/td><td>29<\/td><td>493<\/td><td>0<\/td><\/tr><tr><td>&nbsp;<\/td><td>W\u00f6rth, Stadt<\/td><td>3434<\/td><td>111<\/td><td>3314<\/td><td>9<\/td><\/tr><tr><td>&nbsp;<\/td><td>B\u00fcchelberg<\/td><td>230<\/td><td>10<\/td><td>219<\/td><td>1<\/td><\/tr><tr><td><strong>&nbsp;<\/strong><\/td><td><strong>Summen<\/strong><strong><\/strong><\/td><td><strong>6168<\/strong><strong><\/strong><\/td><td><strong>236<\/strong><strong><\/strong><\/td><td><strong>5917<\/strong><strong><\/strong><\/td><td><strong>15<\/strong><strong><\/strong><\/td><\/tr><tr><td>VG Kandel<\/td><td>Erlenbach<\/td><td>160<\/td><td>2<\/td><td>158<\/td><td>0<\/td><\/tr><tr><td>&nbsp;<\/td><td>Freckenfeld<\/td><td>487<\/td><td>11<\/td><td>475<\/td><td>1<\/td><\/tr><tr><td>&nbsp;<\/td><td>Kandel<\/td><td>2697<\/td><td>84<\/td><td>2599<\/td><td>14<\/td><\/tr><tr><td>&nbsp;<\/td><td>Minfeld<\/td><td>426<\/td><td>17<\/td><td>409<\/td><td>0<\/td><\/tr><tr><td>&nbsp;<\/td><td>Steinweiler<\/td><td>605<\/td><td>18<\/td><td>585<\/td><td>2<\/td><\/tr><tr><td>&nbsp;<\/td><td>Vollmersweiler<\/td><td>54<\/td><td>3<\/td><td>51<\/td><td>0<\/td><\/tr><tr><td>&nbsp;<\/td><td>Winden<\/td><td>335<\/td><td>7<\/td><td>327<\/td><td>1<\/td><\/tr><tr><td>&nbsp;<\/td><td><strong>Summen<\/strong><strong><\/strong><\/td><td><strong>4764<\/strong><strong><\/strong><\/td><td><strong>142<\/strong><strong><\/strong><\/td><td><strong>4604<\/strong><strong><\/strong><\/td><td><strong>18<\/strong><strong><\/strong><\/td><\/tr><tr><td>VG Jockgrim<\/td><td>Hatzenb\u00fchl<\/td><td>1093<\/td><td>44<\/td><td>1046<\/td><td>3<\/td><\/tr><tr><td>&nbsp;<\/td><td>Jockgrim<\/td><td>2442<\/td><td>75<\/td><td>2344<\/td><td>23<\/td><\/tr><tr><td>&nbsp;<\/td><td>Neupotz<\/td><td>635<\/td><td>25<\/td><td>607<\/td><td>3<\/td><\/tr><tr><td>&nbsp;<\/td><td>Rheinzabern<\/td><td>1649<\/td><td>44<\/td><td>1601<\/td><td>4<\/td><\/tr><tr><td>&nbsp;<\/td><td><strong>Summen<\/strong><strong><\/strong><\/td><td><strong>5819<\/strong><strong><\/strong><\/td><td><strong>188<\/strong><strong><\/strong><\/td><td><strong>5598<\/strong><strong><\/strong><\/td><td><strong>33<\/strong><strong><\/strong><\/td><\/tr><tr><td>VG R\u00fclzheim<\/td><td>H\u00f6rdt<\/td><td>891<\/td><td>21<\/td><td>868<\/td><td>2<\/td><\/tr><tr><td>&nbsp;<\/td><td>Kuhardt<\/td><td>657<\/td><td>18<\/td><td>638<\/td><td>1<\/td><\/tr><tr><td>&nbsp;<\/td><td>Leimersheim<\/td><td>760<\/td><td>23<\/td><td>735<\/td><td>2<\/td><\/tr><tr><td>&nbsp;<\/td><td>R\u00fclzheim<\/td><td>2897<\/td><td>84<\/td><td>2799<\/td><td>14<\/td><\/tr><tr><td>&nbsp;<\/td><td><strong>Summen<\/strong><strong><\/strong><\/td><td><strong>5205<\/strong><strong><\/strong><\/td><td><strong>146<\/strong><strong><\/strong><\/td><td><strong>5040<\/strong><strong><\/strong><\/td><td><strong>19<\/strong><strong><\/strong><\/td><\/tr><tr><td>VG Bellheim<\/td><td>Bellheim<\/td><td>2884<\/td><td>66<\/td><td>2784<\/td><td>34<\/td><\/tr><tr><td>&nbsp;<\/td><td>Knittelsheim<\/td><td>328<\/td><td>15<\/td><td>313<\/td><td>0<\/td><\/tr><tr><td>&nbsp;<\/td><td>Ottersheim<\/td><td>603<\/td><td>16<\/td><td>587<\/td><td>0<\/td><\/tr><tr><td>&nbsp;<\/td><td>Zeiskam<\/td><td>836<\/td><td>28<\/td><td>805<\/td><td>3<\/td><\/tr><tr><td>&nbsp;<\/td><td><strong>Summen<\/strong><strong><\/strong><\/td><td><strong>4651<\/strong><strong><\/strong><\/td><td><strong>125<\/strong><strong><\/strong><\/td><td><strong>4489<\/strong><strong><\/strong><\/td><td><strong>37<\/strong><strong><\/strong><\/td><\/tr><tr><td>Germersheim + So<\/td><td>&nbsp;<\/td><td>7804<\/td><td>170<\/td><td>7606<\/td><td>28<\/td><\/tr><tr><td>&nbsp;<\/td><td><strong>Summen<\/strong><strong><\/strong><\/td><td><strong>7804<\/strong><strong><\/strong><\/td><td><strong>170<\/strong><strong><\/strong><\/td><td><strong>7606<\/strong><strong><\/strong><\/td><td><strong>28<\/strong><strong><\/strong><\/td><\/tr><tr><td>VG Lingenfeld<\/td><td>Freisbach<\/td><td>368<\/td><td>5<\/td><td>362<\/td><td>1<\/td><\/tr><tr><td>&nbsp;<\/td><td>Lingenfeld<\/td><td>1903<\/td><td>51<\/td><td>1840<\/td><td>12<\/td><\/tr><tr><td>&nbsp;<\/td><td>Lustadt<\/td><td>1020<\/td><td>20<\/td><td>993<\/td><td>7<\/td><\/tr><tr><td>&nbsp;<\/td><td>Schwegenheim<\/td><td>1033<\/td><td>25<\/td><td>1006<\/td><td>2<\/td><\/tr><tr><td>&nbsp;<\/td><td>Weingarten<\/td><td>610<\/td><td>27<\/td><td>582<\/td><td>1<\/td><\/tr><tr><td>&nbsp;<\/td><td>Westheim<\/td><td>621<\/td><td>23<\/td><td>589<\/td><td>9<\/td><\/tr><tr><td>&nbsp;<\/td><td><strong>Summen<\/strong><strong><\/strong><\/td><td><strong>5555<\/strong><strong><\/strong><\/td><td><strong>151<\/strong><strong><\/strong><\/td><td><strong>5372<\/strong><strong><\/strong><\/td><td><strong>32<\/strong><strong><\/strong><\/td><\/tr><tr><td>&nbsp;<\/td><td>&nbsp;<\/td><td>&nbsp;<\/td><td>&nbsp;<\/td><td>&nbsp;<\/td><td>&nbsp;<\/td><\/tr><tr><td>&nbsp;<\/td><td><strong>Endsummen<\/strong><strong><\/strong><\/td><td><strong>43164<\/strong><strong><\/strong><\/td><td><strong>1294<\/strong><strong><\/strong><\/td><td><strong>41663<\/strong><strong><\/strong><\/td><td><strong>207<\/strong><strong><\/strong><\/td><\/tr><\/tbody><\/table><\/figure>\n\n\n\n<p><em>Kreisverwaltung Germersheim<br>27.05.2022<\/em><\/p>\n\n\n\n<h2 class=\"wp-block-heading\">Fallzahlen im Landkreis S\u00fcdliche Weinstra\u00dfe und der Stadt Landau<\/h2>\n\n\n\n<div class=\"wp-block-image\"><figure class=\"aligncenter\"><img decoding=\"async\" src=\"https:\/\/speyer24news.com\/wp-content\/uploads\/2021\/02\/S%C3%9CW-Landau-Logo.png\" alt=\"\" class=\"wp-image-33151\"\/><\/figure><\/div>\n\n\n\n<p>Nach aktuellem Stand (27.05.2022, 10:17 Uhr) haben sich seit der letzten Meldung am Mittwoch, 25. Mai 2022, <strong>65 <\/strong>weitere F\u00e4lle des Coronavirus (SARS-CoV-2) im Landkreis S\u00fcdliche Weinstra\u00dfe und in der Stadt Landau best\u00e4tigt. Insgesamt wurden <strong>44.154 <\/strong>F\u00e4lle im Zust\u00e4ndigkeitsbereich des Gesundheitsamts S\u00fcdliche Weinstra\u00dfe bekannt. <strong>43.264 <\/strong>Personen sind gesundet. Insgesamt sind <strong>247<\/strong> Personen verstorben. Den Angeh\u00f6rigen und Hinterbliebenen sprechen Landrat Dietmar Seefeldt und Oberb\u00fcrgermeister Thomas Hirsch ihr herzliches Beileid aus.<\/p>\n\n\n\n<h4 class=\"wp-block-heading\">Aktuell haben sich in zahlreichen Einrichtungen im Landkreis S\u00fcdliche Weinstra\u00dfe und in der Stadt Landau neue F\u00e4lle des Coronavirus best\u00e4tigt.<\/h4>\n\n\n\n<ul><li><strong>Verbandsgemeinde Annweiler:<\/strong> 4.473 Personen (4.348 davon gesundet, 21 verstorben)<\/li><li><strong>Verbandsgemeinde Bad Bergzabern<\/strong>: 6.504 Personen (6.375 davon gesundet, 39 verstorben)<\/li><li><strong>Verbandsgemeinde Edenkoben<\/strong>: 5.230 Personen (5.132 davon gesundet, 30 verstorben)<\/li><li><strong>Verbandsgemeinde Herxheim:<\/strong> 4.553 Personen (4.477 davon gesundet, 31 verstorben)<\/li><li><strong>Verbandsgemeinde Landau-Land<\/strong>: 3.645 Personen (3.571 davon gesundet, 20 verstorben)<\/li><li><strong>Verbandsgemeinde Maikammer<\/strong>: 2.044 Personen (2.003 davon gesundet, 3 verstorben)<\/li><li><strong>Verbandsgemeinde Offenbach<\/strong>: 3.857 Personen (3.775 davon gesundet, 31 verstorben)<\/li><\/ul>\n\n\n\n<p><strong>Stadt Landau<\/strong>: 13.848 Personen (13.583 davon gesundet, 72 verstorben) Informationen zum Thema Coronavirus finden Sie auf der Homepage des Landkreises: <a href=\"http:\/\/www.suedliche-weinstrasse.de\">www.suedliche-weinstrasse.de<\/a>. Die aktuellen Fallzahlen f\u00fcr ganz Rheinland-Pfalz sind beim Landesuntersuchungsamt unter <a href=\"https:\/\/lua.rlp.de\/de\/presse\/detail\/news\/News\/detail\/coronavirus-sars-cov-2-aktuelle-fallzahlen-fuer-rheinland-pfalz\/\">https:\/\/lua.rlp.de\/de\/presse\/detail\/news\/News\/detail\/coronavirus-sars-cov-2-aktuelle-fallzahlen-fuer-rheinland-pfalz\/<\/a> zu finden.<\/p>\n\n\n\n<p><em>Gemeinsame Pressemitteilung der Kreisverwaltung S\u00fcdliche Weinstra\u00dfe und der Stadtverwaltung Landau<br>27.05.2022<\/em><\/p>\n\n\n\n<h2 class=\"wp-block-heading\">Coronavirus SARS-CoV-2: Fallzahlen f\u00fcr Rheinland-Pfalz<\/h2>\n\n\n\n<div class=\"wp-block-image\"><figure class=\"aligncenter\"><img decoding=\"async\" loading=\"lazy\" width=\"800\" height=\"533\" src=\"https:\/\/speyer24news.com\/wp-content\/uploads\/2020\/02\/coronavirus-4810201_1920.jpg\" alt=\"\" class=\"wp-image-25125\" srcset=\"https:\/\/speyer24news.com\/wp-content\/uploads\/2020\/02\/coronavirus-4810201_1920.jpg 800w, https:\/\/speyer24news.com\/wp-content\/uploads\/2020\/02\/coronavirus-4810201_1920-300x200.jpg 300w, https:\/\/speyer24news.com\/wp-content\/uploads\/2020\/02\/coronavirus-4810201_1920-768x512.jpg 768w\" sizes=\"(max-width: 800px) 100vw, 800px\" \/><\/figure><\/div>\n\n\n\n<h3 class=\"wp-block-heading\">(Datenstand vom 27.05.2022, 14:10 Uhr)<\/h3>\n\n\n\n<p>Die Fallzahlen zum Coronavirus in Rheinland-Pfalz: Seit dem letzten Berichtstag gibt es 2.379 neue best\u00e4tigte Corona-F\u00e4lle, 2 weitere Personen sind im Zusammenhang mit einer Infektion gestorben. Die landesweite 7-Tages-Inzidenz betr\u00e4gt 185,0 pro 100.000 Einwohner (vor einer Woche: 312,9). Die landesweite 7-Tages-Hospitalisierungsinzidenz betr\u00e4gt 1,84 pro 100.000 Einwohner (vor einer Woche: 3,77).<\/p>\n\n\n\n<figure class=\"wp-block-table\"><table><tbody><tr><td><strong>Kreis, Stand 27.5.2022<\/strong><\/td><td><strong>Laborbest\u00e4tigt, seit Beginn der Pandemie<\/strong><\/td><td><strong>Neue Meldef\u00e4lle<\/strong><\/td><td><strong>Inzidenz der letzten 7-Tage pro 100.000<sup>C<\/sup><\/strong><\/td><td><strong>Landkreis<\/strong><\/td><td><\/td><\/tr><tr><td><strong>Gesamt<\/strong><\/td><td><strong>Differenz zum<br>vorherigen Berichtstag<\/strong><\/td><td><strong>Hospitali-siert<\/strong><\/td><td><strong>Verstor-ben<\/strong><\/td><td><strong>Genesen<sup>A<\/sup><\/strong><\/td><td><strong>aktuelle F\u00e4lle<sup>B<\/sup><\/strong><\/td><td><strong>Letzte<br>7 Tage<\/strong><\/td><td><strong>Gleicher Zeitraum Vorwoche<\/strong><\/td><td><strong>Rheinland-Pfalz<\/strong><\/td><td><strong>+USAF<sup>D<\/sup><\/strong><\/td><td><strong>&lt;20 Jahre<\/strong><\/td><td><strong>20-59 Jahre<sup>E<\/sup><\/strong><\/td><td><strong>\u2265 60 Jahre<\/strong><\/td><td><strong>Hospitali-sierung<sup>F<\/sup>&nbsp;in RLP+USAF<sup>D<\/sup><\/strong><\/td><td><\/td><\/tr><tr><td><\/td><\/tr><tr><td>Ahrweiler<\/td><td>31611<\/td><td>62<\/td><td>569<\/td><td>97<\/td><td>30204<\/td><td>1310<\/td><td>269<\/td><td>342<\/td><td>206,2<\/td><td>206,2<\/td><td>246,0<\/td><td>266,6<\/td><td>93,4<\/td><td>1,84<\/td><td>Ahrweiler<\/td><td><\/td><\/tr><tr><td>Altenkirchen<\/td><td>33754<\/td><td>66<\/td><td>858<\/td><td>141<\/td><td>31975<\/td><td>1638<\/td><td>279<\/td><td>459<\/td><td>216,1<\/td><td>216,1<\/td><td>253,9<\/td><td>249,7<\/td><td>137,1<\/td><td>1,84<\/td><td>Altenkirchen<\/td><td><\/td><\/tr><tr><td>Alzey-Worms<\/td><td>37041<\/td><td>31<\/td><td>887<\/td><td>194<\/td><td>35256<\/td><td>1591<\/td><td>187<\/td><td>525<\/td><td>143,1<\/td><td>143,0<\/td><td>166,4<\/td><td>179,9<\/td><td>61,0<\/td><td>1,84<\/td><td>Alzey-Worms<\/td><td><\/td><\/tr><tr><td>Bad D\u00fcrkheim<\/td><td>33912<\/td><td>56<\/td><td>794<\/td><td>220<\/td><td>32660<\/td><td>1032<\/td><td>271<\/td><td>424<\/td><td>203,8<\/td><td>203,7<\/td><td>125,3<\/td><td>246,8<\/td><td>180,3<\/td><td>1,84<\/td><td>Bad D\u00fcrkheim<\/td><td><\/td><\/tr><tr><td>Bad Kreuznach<\/td><td>48281<\/td><td>122<\/td><td>573<\/td><td>195<\/td><td>46217<\/td><td>1869<\/td><td>337<\/td><td>479<\/td><td>212,3<\/td><td>212,3<\/td><td>213,3<\/td><td>248,8<\/td><td>153,7<\/td><td>1,84<\/td><td>Bad Kreuznach<\/td><td><\/td><\/tr><tr><td>Bernkastel-Wittlich<\/td><td>27976<\/td><td>36<\/td><td>677<\/td><td>114<\/td><td>26861<\/td><td>1001<\/td><td>135<\/td><td>205<\/td><td>119,8<\/td><td>118,1<\/td><td>53,8<\/td><td>156,1<\/td><td>99,3<\/td><td>1,84<\/td><td>Bernkastel-Wittlich<\/td><td><\/td><\/tr><tr><td>Birkenfeld<\/td><td>23252<\/td><td>31<\/td><td>538<\/td><td>152<\/td><td>22230<\/td><td>870<\/td><td>117<\/td><td>197<\/td><td>144,7<\/td><td>140,5<\/td><td>55,3<\/td><td>209,0<\/td><td>97,6<\/td><td>1,84<\/td><td>Birkenfeld<\/td><td><\/td><\/tr><tr><td>Bitburg-Pr\u00fcm<\/td><td>24230<\/td><td>81<\/td><td>418<\/td><td>50<\/td><td>23267<\/td><td>913<\/td><td>143<\/td><td>269<\/td><td>142,9<\/td><td>138,4<\/td><td>143,5<\/td><td>163,9<\/td><td>104,2<\/td><td>1,84<\/td><td>Bitburg-Pr\u00fcm<\/td><td><\/td><\/tr><tr><td>Cochem-Zell<\/td><td>17078<\/td><td>33<\/td><td>244<\/td><td>94<\/td><td>16167<\/td><td>817<\/td><td>144<\/td><td>233<\/td><td>233,8<\/td><td>233,7<\/td><td>219,3<\/td><td>297,0<\/td><td>146,7<\/td><td>1,84<\/td><td>Cochem-Zell<\/td><td><\/td><\/tr><tr><td>Donnersbergkreis<\/td><td>21694<\/td><td>55<\/td><td>395<\/td><td>116<\/td><td>20784<\/td><td>794<\/td><td>144<\/td><td>235<\/td><td>190,6<\/td><td>188,8<\/td><td>149,3<\/td><td>246,3<\/td><td>124,4<\/td><td>1,84<\/td><td>Donnersbergkreis<\/td><td><\/td><\/tr><tr><td>Germersheim<\/td><td>43164<\/td><td>71<\/td><td>981<\/td><td>207<\/td><td>42155<\/td><td>802<\/td><td>222<\/td><td>362<\/td><td>172,1<\/td><td>172,1<\/td><td>178,4<\/td><td>198,5<\/td><td>118,4<\/td><td>1,84<\/td><td>Germersheim<\/td><td><\/td><\/tr><tr><td>Kaiserslautern<\/td><td>37143<\/td><td>49<\/td><td>588<\/td><td>153<\/td><td>34908<\/td><td>2082<\/td><td>228<\/td><td>492<\/td><td>214,4<\/td><td>184,3<\/td><td>174,4<\/td><td>285,8<\/td><td>124,0<\/td><td>1,84<\/td><td>Kaiserslautern<\/td><td><\/td><\/tr><tr><td>Kusel<\/td><td>18834<\/td><td>22<\/td><td>378<\/td><td>107<\/td><td>17719<\/td><td>1008<\/td><td>123<\/td><td>203<\/td><td>175,5<\/td><td>166,5<\/td><td>138,4<\/td><td>227,1<\/td><td>119,3<\/td><td>1,84<\/td><td>Kusel<\/td><td><\/td><\/tr><tr><td>Mainz-Bingen<\/td><td>60161<\/td><td>101<\/td><td>1074<\/td><td>294<\/td><td>57194<\/td><td>2673<\/td><td>531<\/td><td>734<\/td><td>251,0<\/td><td>250,9<\/td><td>256,1<\/td><td>298,7<\/td><td>162,9<\/td><td>1,84<\/td><td>Mainz-Bingen<\/td><td><\/td><\/tr><tr><td>Mayen-Koblenz<\/td><td>60719<\/td><td>170<\/td><td>821<\/td><td>231<\/td><td>57919<\/td><td>2569<\/td><td>445<\/td><td>589<\/td><td>207,2<\/td><td>207,2<\/td><td>181,6<\/td><td>275,3<\/td><td>106,7<\/td><td>1,84<\/td><td>Mayen-Koblenz<\/td><td><\/td><\/tr><tr><td>Neuwied<\/td><td>46021<\/td><td>68<\/td><td>681<\/td><td>259<\/td><td>44063<\/td><td>1699<\/td><td>273<\/td><td>431<\/td><td>149,1<\/td><td>149,1<\/td><td>145,4<\/td><td>190,1<\/td><td>82,9<\/td><td>1,84<\/td><td>Neuwied<\/td><td><\/td><\/tr><tr><td>Rhein-Hunsr\u00fcck<\/td><td>30268<\/td><td>57<\/td><td>581<\/td><td>130<\/td><td>24691<\/td><td>5447<\/td><td>223<\/td><td>398<\/td><td>215,7<\/td><td>215,7<\/td><td>191,2<\/td><td>290,1<\/td><td>110,7<\/td><td>1,84<\/td><td>Rhein-Hunsr\u00fcck<\/td><td><\/td><\/tr><tr><td>Rhein-Lahn-Kreis<\/td><td>31728<\/td><td>47<\/td><td>710<\/td><td>121<\/td><td>29830<\/td><td>1777<\/td><td>226<\/td><td>468<\/td><td>184,4<\/td><td>184,4<\/td><td>168,3<\/td><td>232,9<\/td><td>116,1<\/td><td>1,84<\/td><td>Rhein-Lahn-Kreis<\/td><td><\/td><\/tr><tr><td>Rhein-Pfalz-Kreis<\/td><td>43106<\/td><td>101<\/td><td>728<\/td><td>285<\/td><td>41120<\/td><td>1701<\/td><td>198<\/td><td>375<\/td><td>127,9<\/td><td>127,9<\/td><td>103,1<\/td><td>167,6<\/td><td>78,0<\/td><td>1,84<\/td><td>Rhein-Pfalz-Kreis<\/td><td><\/td><\/tr><tr><td>S\u00fcdliche Weinstr.<\/td><td>25528<\/td><td>160<\/td><td>830<\/td><td>174<\/td><td>24297<\/td><td>1057<\/td><td>170<\/td><td>426<\/td><td>153,5<\/td><td>153,5<\/td><td>168,4<\/td><td>188,1<\/td><td>90,5<\/td><td>1,84<\/td><td>S\u00fcdliche Weinstr.<\/td><td><\/td><\/tr><tr><td>S\u00fcdwestpfalz<\/td><td>23691<\/td><td>48<\/td><td>589<\/td><td>139<\/td><td>22071<\/td><td>1481<\/td><td>175<\/td><td>383<\/td><td>184,4<\/td><td>182,1<\/td><td>221,7<\/td><td>224,9<\/td><td>109,4<\/td><td>1,84<\/td><td>S\u00fcdwestpfalz<\/td><td><\/td><\/tr><tr><td>Trier-Saarburg<\/td><td>39397<\/td><td>75<\/td><td>577<\/td><td>134<\/td><td>37724<\/td><td>1539<\/td><td>213<\/td><td>376<\/td><td>141,5<\/td><td>141,4<\/td><td>143,6<\/td><td>171,7<\/td><td>85,3<\/td><td>1,84<\/td><td>Trier-Saarburg<\/td><td><\/td><\/tr><tr><td>Vulkaneifel<\/td><td>19170<\/td><td>43<\/td><td>282<\/td><td>88<\/td><td>17934<\/td><td>1148<\/td><td>167<\/td><td>312<\/td><td>276,1<\/td><td>276,0<\/td><td>243,0<\/td><td>327,0<\/td><td>217,5<\/td><td>1,84<\/td><td>Vulkaneifel<\/td><td><\/td><\/tr><tr><td>Westerwaldkreis<\/td><td>57010<\/td><td>118<\/td><td>1287<\/td><td>237<\/td><td>55078<\/td><td>1695<\/td><td>419<\/td><td>739<\/td><td>206,6<\/td><td>206,6<\/td><td>214,1<\/td><td>247,8<\/td><td>128,4<\/td><td>1,84<\/td><td>Westerwaldkreis<\/td><td><\/td><\/tr><tr><td>KS Frankenthal<\/td><td>14254<\/td><td>16<\/td><td>234<\/td><td>88<\/td><td>13659<\/td><td>507<\/td><td>44<\/td><td>113<\/td><td>90,3<\/td><td>90,3<\/td><td>96,9<\/td><td>100,5<\/td><td>68,5<\/td><td>1,84<\/td><td>KS Frankenthal<\/td><td><\/td><\/tr><tr><td>KS Kaiserslautern<\/td><td>30629<\/td><td>77<\/td><td>715<\/td><td>221<\/td><td>28954<\/td><td>1454<\/td><td>214<\/td><td>321<\/td><td>214,7<\/td><td>201,6<\/td><td>188,2<\/td><td>261,5<\/td><td>135,9<\/td><td>1,84<\/td><td>KS Kaiserslautern<\/td><td><\/td><\/tr><tr><td>KS Koblenz<\/td><td>32789<\/td><td>69<\/td><td>392<\/td><td>185<\/td><td>31285<\/td><td>1319<\/td><td>212<\/td><td>294<\/td><td>187,0<\/td><td>187,0<\/td><td>126,7<\/td><td>238,5<\/td><td>122,0<\/td><td>1,84<\/td><td>KS Koblenz<\/td><td><\/td><\/tr><tr><td>KS Landau i.d.Pf.<\/td><td>11366<\/td><td>92<\/td><td>426<\/td><td>65<\/td><td>10875<\/td><td>426<\/td><td>80<\/td><td>161<\/td><td>171,4<\/td><td>171,4<\/td><td>136,1<\/td><td>216,8<\/td><td>97,4<\/td><td>1,84<\/td><td>KS Landau i.d.Pf.<\/td><td><\/td><\/tr><tr><td>KS Ludwigshafen<\/td><td>52026<\/td><td>82<\/td><td>1100<\/td><td>422<\/td><td>50207<\/td><td>1397<\/td><td>212<\/td><td>343<\/td><td>122,9<\/td><td>122,9<\/td><td>76,1<\/td><td>158,4<\/td><td>83,8<\/td><td>1,84<\/td><td>KS Ludwigshafen<\/td><td><\/td><\/tr><tr><td>KS Mainz<\/td><td>65922<\/td><td>151<\/td><td>1310<\/td><td>258<\/td><td>62837<\/td><td>2827<\/td><td>614<\/td><td>808<\/td><td>282,8<\/td><td>282,6<\/td><td>228,8<\/td><td>349,8<\/td><td>148,6<\/td><td>1,84<\/td><td>KS Mainz<\/td><td><\/td><\/tr><tr><td>KS Neustadt a.d.W.<\/td><td>15050<\/td><td>20<\/td><td>387<\/td><td>63<\/td><td>14609<\/td><td>378<\/td><td>98<\/td><td>143<\/td><td>183,8<\/td><td>183,8<\/td><td>219,7<\/td><td>216,8<\/td><td>114,5<\/td><td>1,84<\/td><td>KS Neustadt a.d.W.<\/td><td><\/td><\/tr><tr><td>KS Pirmasens<\/td><td>10382<\/td><td>4<\/td><td>354<\/td><td>96<\/td><td>9686<\/td><td>600<\/td><td>44<\/td><td>152<\/td><td>109,5<\/td><td>109,5<\/td><td>72,1<\/td><td>111,9<\/td><td>125,2<\/td><td>1,84<\/td><td>KS Pirmasens<\/td><td><\/td><\/tr><tr><td>KS Speyer<\/td><td>16454<\/td><td>70<\/td><td>316<\/td><td>116<\/td><td>15806<\/td><td>532<\/td><td>70<\/td><td>114<\/td><td>138,0<\/td><td>137,9<\/td><td>164,5<\/td><td>179,5<\/td><td>51,8<\/td><td>1,84<\/td><td>KS Speyer<\/td><td><\/td><\/tr><tr><td>KS Trier<\/td><td>28857<\/td><td>52<\/td><td>362<\/td><td>60<\/td><td>27728<\/td><td>1069<\/td><td>180<\/td><td>278<\/td><td>162,6<\/td><td>162,6<\/td><td>169,0<\/td><td>173,6<\/td><td>131,3<\/td><td>1,84<\/td><td>KS Trier<\/td><td><\/td><\/tr><tr><td>KS Worms<\/td><td>26402<\/td><td>29<\/td><td>775<\/td><td>144<\/td><td>25276<\/td><td>982<\/td><td>113<\/td><td>316<\/td><td>135,4<\/td><td>135,4<\/td><td>147,9<\/td><td>166,0<\/td><td>68,8<\/td><td>1,84<\/td><td>KS Worms<\/td><td><\/td><\/tr><tr><td>KS Zweibr\u00fccken<\/td><td>8854<\/td><td>14<\/td><td>223<\/td><td>27<\/td><td>8340<\/td><td>487<\/td><td>62<\/td><td>123<\/td><td>182,3<\/td><td>182,2<\/td><td>100,2<\/td><td>265,7<\/td><td>93,5<\/td><td>1,84<\/td><td>KS Zweibr\u00fccken<\/td><td><\/td><\/tr><tr><td><strong>Rheinland-Pfalz<\/strong><\/td><td><strong>1147754<\/strong><\/td><td><strong>2379<\/strong><\/td><td><strong>22654<\/strong><\/td><td><strong>5677<\/strong><\/td><td><strong>1091586 #<\/strong><\/td><td><strong>50491<\/strong><\/td><td><strong>7582<\/strong><\/td><td><strong>12822<\/strong><\/td><td><strong>185,0<\/strong><\/td><td><strong>183,3<\/strong><\/td><td><strong>169,7<\/strong><\/td><td><strong>230,1<\/strong><\/td><td><strong>115,5<\/strong><\/td><td><strong>1,84<\/strong><\/td><td><strong>Rheinland-Pfalz<\/strong><\/td><td><\/td><\/tr><\/tbody><\/table><\/figure>\n\n\n\n<h4 class=\"wp-block-heading\">Anmerkungen zur Tabelle<\/h4>\n\n\n\n<p>Dargestellt sind ausschlie\u00dflich mittels PCR laborbest\u00e4tigte Meldef\u00e4lle.<\/p>\n\n\n\n<p><sup>A<\/sup>&nbsp;Genesen wurde wie folgt definiert:<\/p>\n\n\n\n<p>a) nicht-verstorben, nicht-hospitalisiert und vor mehr als 21 Tagen ab Datenstichtag erkrankt<\/p>\n\n\n\n<p>b) nicht-verstorben, hospitalisiert gemeldet und vor mehr als 28 Tagen ab Datenstichtag erkrankt<\/p>\n\n\n\n<p>c) nicht-verstorben, Hospitalisierung unbekannt und vor mehr als 28 ab Datenstichtag Tagen erkrankt<\/p>\n\n\n\n<p>Sofern kein Erkrankungsdatum vorliegt, wird das gesch\u00e4tzte Erkrankungsdatum aus Meldedatum minus mittlerem Meldeverzug von derzeit 5 Tagen verwendet.<\/p>\n\n\n\n<p><sup>B<\/sup>&nbsp;Errechnet als Differenz aus Gesamtzahl der laborbest\u00e4tigten F\u00e4lle, Verstorbenen und Genesenen.<\/p>\n\n\n\n<p><sup>C<\/sup>&nbsp;COVID-19 Erkrankungen mit Meldedatum der letzten 7 Tage ab Datenstichtag, pro 100.000 Einwohner. Bitte beachten Sie, dass die Gesamtinzidenz der Meldungen in den letzten 7 Tagen f\u00fcr Rheinland-Pfalz \/100.000 Einwohner das mit der Bev\u00f6lkerungszahl der Gebietseinheit gewichtete Mittel und&nbsp;nicht&nbsp;deren arithmetisches Mittel ist.<\/p>\n\n\n\n<p><sup>D<\/sup>&nbsp;USAF = U.S. Armed Forces; Berechnung der Inzidenz \/100.000 unter Ber\u00fccksichtigung der mit Stand vom 18.10.2021 in der Gebietseinheit stationierten U.S. Streitkr\u00e4fte<\/p>\n\n\n\n<p><sup>E<\/sup>&nbsp;beinhaltet &lt;1% F\u00e4lle ohne Altersangabe<\/p>\n\n\n\n<p><sup>F<\/sup>&nbsp;F\u00fcr die 7-Tage-Hospitalisierungsinzidenz (Schutzwert) wird ein landesweiter Wert berichtet. Die 7-Tages-Hospitalisierungsinzidenz bestimmt sich nach der Zahl der Hospitalisierungen unter den SARS-CoV-2-F\u00e4llen mit Meldedatum innerhalb der letzten 7 Tage je 100.000 Einwohnerinnen und Einwohner im Land Rheinland-Pfalz. Eine Hospitalisierung ist die station\u00e4re Aufnahme in ein Akutkrankenhaus aufgrund von COVID-19, unbekannter oder anderer bekannter Ursache.<\/p>\n\n\n\n<p># Die Summe der in Rheinland-Pfalz bereits von COVID-19 Genesenen kann aufgrund eines unterschiedlichen Datenstandes und Bewertungsalgorithmus von der auf dem RKI-Dashboard abweichen.<\/p>\n\n\n\n<p>KS = kreisfreie Stadt<\/p>\n\n\n\n<h4 class=\"wp-block-heading\">Effektivit\u00e4t der Impfung<\/h4>\n\n\n\n<p>Mit Hinblick auf die Absch\u00e4tzung der Impfeffektivit\u00e4t gegen COVID-19-Erkrankungen verweisen wir auf unseren&nbsp;<a href=\"https:\/\/deref-web.de\/mail\/client\/Pmx_XaPsk74\/dereferrer\/?redirectUrl=https%3A%2F%2Flua.rlp.de%2Fde%2Funsere-themen%2Finfektionsschutz%2Fmeldedaten-coronavirus%2Fcovid-19-wochenberichte%2F\">Wochenbericht<\/a>.<\/p>\n\n\n\n<h4 class=\"wp-block-heading\">SARS-CoV-2-Varianten<\/h4>\n\n\n\n<p>Vor dem Hintergrund einer nunmehr vollst\u00e4ndigen bundesweiten Dominanz der SARS-CoV-2-Variante \u201eOmikron\u201c stellen wir die landeseigene Berichterstattung zu den sogenannten \u201eVariants of Concern\u201c ein. Falls weiter Interesse an den Varianten besteht, verweisen wir auf die bundesweiten Informationen dazu im&nbsp;<a href=\"https:\/\/deref-web.de\/mail\/client\/QF3X2jIxwus\/dereferrer\/?redirectUrl=https%3A%2F%2Fwww.rki.de%2FDE%2FContent%2FInfAZ%2FN%2FNeuartiges_Coronavirus%2FSituationsberichte%2FGesamt.html\">Wochenbericht<\/a>&nbsp;des Robert Koch-Instituts.<\/p>\n\n\n\n<h4 class=\"wp-block-heading\">Corona-Lage in Rheinland-Pfalz<\/h4>\n\n\n\n<p>Weitere Informationen und Rechtsgrundlagen finden Sie auf der zentralen Info-Plattform der rheinland-pf\u00e4lzischen Landesregierung unter&nbsp;<a href=\"https:\/\/deref-web.de\/mail\/client\/mYcRR1-0G30\/dereferrer\/?redirectUrl=http%3A%2F%2Fwww.corona.rlp.de\">www.corona.rlp.de<\/a>.<\/p>\n\n\n\n<h4 class=\"wp-block-heading\">Weitere Meldedaten zur Corona-Pandemie<\/h4>\n\n\n\n<p>Weitere rheinland-pf\u00e4lzische Meldedaten zum Coronavirus finden Sie auf&nbsp;<a href=\"https:\/\/deref-web.de\/mail\/client\/xwlTu4OJbc0\/dereferrer\/?redirectUrl=http%3A%2F%2Fwww.lua.rlp.de\">www.lua.rlp.de<\/a>.<\/p>\n\n\n\n<p><em>Landesuntersuchungsamt (LUA) Rheinland-Pfalz<br>27.05.2022<\/em><\/p>\n\n\n\n<h2 class=\"wp-block-heading\">Aktueller COVID-19-Wochenbericht f\u00fcr Rheinland-Pfalz jetzt online<\/h2>\n\n\n\n<div class=\"wp-block-image\"><figure class=\"aligncenter\"><img decoding=\"async\" loading=\"lazy\" width=\"800\" height=\"450\" src=\"https:\/\/speyer24news.com\/wp-content\/uploads\/2020\/06\/Statistik4.jpg\" alt=\"\" class=\"wp-image-27703\" srcset=\"https:\/\/speyer24news.com\/wp-content\/uploads\/2020\/06\/Statistik4.jpg 800w, https:\/\/speyer24news.com\/wp-content\/uploads\/2020\/06\/Statistik4-300x169.jpg 300w, https:\/\/speyer24news.com\/wp-content\/uploads\/2020\/06\/Statistik4-768x432.jpg 768w, https:\/\/speyer24news.com\/wp-content\/uploads\/2020\/06\/Statistik4-678x381.jpg 678w\" sizes=\"(max-width: 800px) 100vw, 800px\" \/><\/figure><\/div>\n\n\n\n<p>Der neue COVID-19-Wochenbericht des Landesuntersuchungsamtes (LUA) f\u00fcr die 21. Kalenderwoche des Jahres 2022 ist online. Der Bericht soll dazu beitragen, die Corona-Lage in Rheinland-Pfalz differenziert bewerten zu k\u00f6nnen. Er schl\u00fcsselt die von den rheinland-pf\u00e4lzischen Gesundheits\u00e4mtern erfassten und \u00fcbermittelten Corona-F\u00e4lle beispielsweise nach Altersgruppen auf; au\u00dferdem unterscheidet er die F\u00e4lle danach, ob Personen \u201emit\u201c oder \u201eaufgrund von\u201c Corona ins Krankenhaus eingeliefert wurden oder verstorben sind.<\/p>\n\n\n\n<p>Die COVID-19-Wochenberichte f\u00fcr Rheinland-Pfalz&nbsp;<strong><a href=\"https:\/\/deref-web.de\/mail\/client\/Pmx_XaPsk74\/dereferrer\/?redirectUrl=https%3A%2F%2Flua.rlp.de%2Fde%2Funsere-themen%2Finfektionsschutz%2Fmeldedaten-coronavirus%2Fcovid-19-wochenberichte%2F\" target=\"_blank\" rel=\"noreferrer noopener\">finden Sie hier auf der Homepage<\/a><\/strong>.<\/p>\n\n\n\n<p><em>Landesuntersuchungsamt (LUA) Rheinland-Pfalz<br>27.05.2022<\/em><\/p>\n","protected":false},"excerpt":{"rendered":"<div class=\"mh-excerpt\"><p>Tagesaktuelle Fallzahlen f\u00fcr die Stadt Speyer (Quelle: Landesuntersuchungsamt Rheinland-Pfalz,\u00a0Stand: 27.05.2022) Anzahl best\u00e4tigter F\u00e4lle von Coronavirus (SARS-CoV-2)-Infektionen in der Stadt Speyer:\u00a016.454 (+ 70)Davon bereits genesen:\u00a015.806Todesf\u00e4lle: 116 (unver\u00e4ndert)Sieben-Tage-Inzidenz\u00a0(Gemeldete F\u00e4lle der letzten sieben Tage pro 100.000 Einwohner*innen in <a class=\"mh-excerpt-more\" href=\"https:\/\/speyer24news.com\/?p=46520\" title=\"Coronavirus Speyer \/ Rheinland-Pfalz\">[&#8230;]<\/a><\/p>\n<\/div>","protected":false},"author":3,"featured_media":25126,"comment_status":"open","ping_status":"open","sticky":false,"template":"","format":"standard","meta":{"_monsterinsights_skip_tracking":false,"_monsterinsights_sitenote_active":false,"_monsterinsights_sitenote_note":"","_monsterinsights_sitenote_category":0,"footnotes":""},"categories":[11613],"tags":[6401,8140,9951,10405,10288,8404,10039,6902,6648,6367,8600,11658,6940,6913,9887,7076,7400,8739,6370,5904,6323,6358,9746,9634,9545,7003,9889,5801,9616,6903,9745,7252,7251,6634,6342,7399,6836,6837,13428,13612,13448,6832,8139,6681,9379,9394,210,58,5569,2962,2865,2625,380,6424,6,359],"aioseo_notices":[],"amp_enabled":true,"_links":{"self":[{"href":"https:\/\/speyer24news.com\/index.php?rest_route=\/wp\/v2\/posts\/46520"}],"collection":[{"href":"https:\/\/speyer24news.com\/index.php?rest_route=\/wp\/v2\/posts"}],"about":[{"href":"https:\/\/speyer24news.com\/index.php?rest_route=\/wp\/v2\/types\/post"}],"author":[{"embeddable":true,"href":"https:\/\/speyer24news.com\/index.php?rest_route=\/wp\/v2\/users\/3"}],"replies":[{"embeddable":true,"href":"https:\/\/speyer24news.com\/index.php?rest_route=%2Fwp%2Fv2%2Fcomments&post=46520"}],"version-history":[{"count":1,"href":"https:\/\/speyer24news.com\/index.php?rest_route=\/wp\/v2\/posts\/46520\/revisions"}],"predecessor-version":[{"id":46521,"href":"https:\/\/speyer24news.com\/index.php?rest_route=\/wp\/v2\/posts\/46520\/revisions\/46521"}],"wp:featuredmedia":[{"embeddable":true,"href":"https:\/\/speyer24news.com\/index.php?rest_route=\/wp\/v2\/media\/25126"}],"wp:attachment":[{"href":"https:\/\/speyer24news.com\/index.php?rest_route=%2Fwp%2Fv2%2Fmedia&parent=46520"}],"wp:term":[{"taxonomy":"category","embeddable":true,"href":"https:\/\/speyer24news.com\/index.php?rest_route=%2Fwp%2Fv2%2Fcategories&post=46520"},{"taxonomy":"post_tag","embeddable":true,"href":"https:\/\/speyer24news.com\/index.php?rest_route=%2Fwp%2Fv2%2Ftags&post=46520"}],"curies":[{"name":"wp","href":"https:\/\/api.w.org\/{rel}","templated":true}]}}