{"id":46544,"date":"2022-06-01T06:41:33","date_gmt":"2022-06-01T05:41:33","guid":{"rendered":"https:\/\/speyer24news.com\/?p=46544"},"modified":"2022-06-01T06:41:33","modified_gmt":"2022-06-01T05:41:33","slug":"polizei-823","status":"publish","type":"post","link":"https:\/\/speyer24news.com\/?p=46544","title":{"rendered":"Polizei"},"content":{"rendered":"<style type=\"text\/css\">\r\n\t.ads_top_disp{}\r\n\t.ads_top_corner_disp{ float:left; margin:0px 10px 10px 0px; }\r\n\t.ads_first_p_disp{}\r\n\t.ads_bottom_disp{}\r\n\t<\/style>\n<h2 class=\"wp-block-heading\">Polizeimeldungen vom Dienstag (31.05.2022)<\/h2>\n\n\n\n<div class=\"wp-block-image\"><figure class=\"aligncenter size-full\"><img decoding=\"async\" loading=\"lazy\" width=\"375\" height=\"500\" src=\"https:\/\/speyer24news.com\/wp-content\/uploads\/2022\/03\/Aktuelles-Polizeilogo.jpg\" alt=\"\" class=\"wp-image-43591\" srcset=\"https:\/\/speyer24news.com\/wp-content\/uploads\/2022\/03\/Aktuelles-Polizeilogo.jpg 375w, https:\/\/speyer24news.com\/wp-content\/uploads\/2022\/03\/Aktuelles-Polizeilogo-225x300.jpg 225w\" sizes=\"(max-width: 375px) 100vw, 375px\" \/><\/figure><\/div>\n\n\n\n<h2 class=\"wp-block-heading\">(Speyer) &#8211; K\u00f6rperverletzung durch Pfefferspray<\/h2>\n\n\n\n<p>Mit Pfefferspray gespr\u00fcht hat am Montag zwischen 22:30 Uhr und 22:45 Uhr am Hauptbahnhof in Speyer ein 25-J\u00e4hriger. Bereits auf der Zugfahrt nach Speyer geriet eine Gruppe von vier Personen im Alter von 19 bis 30 Jahren mit einem weiteren 25-j\u00e4hrigen Fahrgast in Streitigkeiten. Am Bahnhof angekommen spr\u00fchte dieser dem 30-J\u00e4hrigen aus der Gruppe unvermittelt Pfefferspray ins Gesicht und beleidigte den 27-J\u00e4hrigen. Bei seiner Flucht auf dem Fahrrad spr\u00fchte er nochmals in das Gesicht des 27-J\u00e4hrigen. Beide erlitten durch das Pfefferspray leichte Verletzungen. Aufgrund der guten Personenbeschreibung gelang es zwei eingesetzten Polizeistreifen den Mann zu kontrollieren. Ihn erwartet ein Strafverfahren wegen K\u00f6rperverletzung und Beleidigung.<\/p>\n\n\n\n<h2 class=\"wp-block-heading\">(Speyer) &#8211; Kind beleidigt Busfahrer<\/h2>\n\n\n\n<p>Weil eine 11-J\u00e4hrige ihr MAXX-Ticket einer Freundin auslieh, um ihr eine kostenlose Fahrt zu erschleichen, kam es am Montag gegen 16:00 Uhr in der Hauptstra\u00dfe zu einer Auseinandersetzung mit einem Busfahrer. Da der 48-j\u00e4hrige Busfahrer zudem von der 11-J\u00e4hrigen beleidigt wurde, behielt er kurzerhand das Ticket ein. Durch die Polizei wurde der Vorfall aufgenommen und die Fahrkarte wieder der Mutter des M\u00e4dchens \u00fcbergeben.<\/p>\n\n\n\n<h2 class=\"wp-block-heading\">(Speyer) &#8211; Ladendieb gestellt<\/h2>\n\n\n\n<p>In einem Supermarkt in der Iggelheimer Stra\u00dfe Lebensmittel entwendet hat am Montag gegen 14:45 Uhr ein 28-J\u00e4hriger. Der Mann verstaute mehrere Nahrungsmittel im Wert von 23 Euro in seinem Rucksack ohne die Rechnung zu begleichen. Als die Kassiererin den Diebstahl bemerkte, verst\u00e4ndigte sie die Polizei. Bei der Durchsuchung fanden die Beamten im Rucksack des Ladendiebs zwei Taschenmesser, welche sichergestellt wurden. Da er auf die beiden Messer jederzeit Zugriff hatte, leiteten die Polizisten ein Strafverfahren wegen Diebstahls mit Waffen ein.<\/p>\n\n\n\n<h2 class=\"wp-block-heading\">(Speyer) &#8211; 57-J\u00e4hriger wird Opfer von falschen Handwerkern<\/h2>\n\n\n\n<div class=\"wp-block-image\"><figure class=\"aligncenter size-full\"><img decoding=\"async\" loading=\"lazy\" width=\"800\" height=\"580\" src=\"https:\/\/speyer24news.com\/wp-content\/uploads\/2021\/11\/Abzocke-Betrug-Wucher-hohe-Rechnung.jpg\" alt=\"\" class=\"wp-image-42488\" srcset=\"https:\/\/speyer24news.com\/wp-content\/uploads\/2021\/11\/Abzocke-Betrug-Wucher-hohe-Rechnung.jpg 800w, https:\/\/speyer24news.com\/wp-content\/uploads\/2021\/11\/Abzocke-Betrug-Wucher-hohe-Rechnung-300x218.jpg 300w, https:\/\/speyer24news.com\/wp-content\/uploads\/2021\/11\/Abzocke-Betrug-Wucher-hohe-Rechnung-768x557.jpg 768w\" sizes=\"(max-width: 800px) 100vw, 800px\" \/><\/figure><\/div>\n\n\n\n<p>Wie jetzt bekannt wurde, fiel am 28.05.2022 ein 57-J\u00e4hriger Betr\u00fcgern zum Opfer. Der Mann erkundigte sich mit Hilfe einer Suchmaschine im Internet nach einem Sanit\u00e4r-Notdienst und wurde f\u00fcndig. Wenig sp\u00e4ter erschienen zwei angeblicher Mitarbeiter der unbekannten Firma. Nachdem sie den Preis f\u00fcr die Reparatur nannten und zudem Anfahrtskosten in H\u00f6he von 190 Euro verlangten, lehnte er aufgrund der hohen Gesamtsumme die Reparatur ab. Als die Mitarbeiter verschwanden stellte der Gesch\u00e4digte auf seinem Konto eine Abbuchung eines vierstelligen Betrages fest. Diese wurde von einer iZ-Haustechnik aus M\u00f6nchengladbach in Auftrag gegeben, obwohl der Gesch\u00e4digte zuvor keine Kontodaten preisgegeben hatte.<\/p>\n\n\n\n<h2 class=\"wp-block-heading\">(Schifferstadt) &#8211; Verkehrs\u00fcberwachung<\/h2>\n\n\n\n<p>Am Morgen des 30.05.2022 wurden an mehreren Orten im Dienstgebiet der Polizeiinspektion Schifferstadt Geschwindigkeitskontrollen durchgef\u00fchrt. Insbesondere bei der Kontrolle auf der K13 bei Waldsee wurden mehrere Verst\u00f6\u00dfe geahndet. Sie Spitzengeschwindigkeit betrug 74 km\/ bei erlaubten 50 km\/h.<\/p>\n\n\n\n<h2 class=\"wp-block-heading\">(Schifferstadt) &#8211; Einbruchsversuch in Einfamilienhaus<\/h2>\n\n\n\n<p>Im Zeitraum von 29.05.2022 bis 30.05.2022 wurde versucht in der Edith-Stein-Stra\u00dfe in ein Einfamilienhaus einzubrechen. Unbekannte T\u00e4ter drangen durch \u00dcbersteigen des Hoftors auf das Gel\u00e4nde des Anwesens und versuchten im r\u00fcckw\u00e4rtigen Bereich den elektrischen Rollladen aufzuhebeln. Aus bislang unbekannten Gr\u00fcnden lie\u00dfen die T\u00e4ter von der weiteren Tatbegehung ab. Zeugen, die Angaben zu dem Tatgeschehen oder den T\u00e4tern machen k\u00f6nnen, werden gebeten, sich mit der Polizeiinspektion Schifferstadt unter 06235 495-0 oder\u00a0<a href=\"mailto:pischifferstadt@polizei.rlp.de\">pischifferstadt@polizei.rlp.de<\/a>\u00a0in Verbindung zu setzen.<\/p>\n\n\n\n<h2 class=\"wp-block-heading\">(Schifferstadt) &#8211; Auffahrunfall mit drei Fahrzeugen und einer Verletzten<\/h2>\n\n\n\n<p>Am 25.05.2022, um 13:55 Uhr, kam es in der Rehhofstra\u00dfe mit drei in gleicher Richtung fahrenden PKW zu einem Auffahrunfall. Die zuvorderst fahrende 60-j\u00e4hrige PKW-Fahrerin musste verkehrsbedingt ihr Fahrzeug verlangsamen. Der 70-j\u00e4hrige PKW-Fahrer dahinter konnte ebenfalls rechtzeitig seine Geschwindigkeit reduzieren. Der 38-j\u00e4hrige PKW-Fahrer am Ende konnte nicht mehr rechtzeitig abbremsen, stie\u00df gegen den PKW vor ihm und schob diesen wiederum auf den PKW der 60-j\u00e4hrigen. An allen drei PKW entstand Sachschaden in einer H\u00f6he von jeweils ca. 3000 Euro. Die 60-j\u00e4hrige wurde leicht verletzt und wurde mit dem Rettungswagen in ein Krankenhaus nach Speyer verbracht. Der PKW des 48-j\u00e4hrigen war nicht mehr fahrbereit und musste abgeschleppt werden. Zeugen, die Angaben zu dem Unfallgeschehen machen k\u00f6nnen, werden gebeten, sich mit der Polizeiinspektion Schifferstadt unter 06235 495-0 oder\u00a0<a href=\"mailto:pischifferstadt@polizei.rlp.de\">pischifferstadt@polizei.rlp.de<\/a>\u00a0in Verbindung zu setzen.<\/p>\n\n\n\n<h2 class=\"wp-block-heading\">(Dannstadt-Schauernheim) &#8211; Kabeldiebstahl von Baustelle<\/h2>\n\n\n\n<p>Im Zeitraum von Mittwoch, 18.05.2022 bis Montag, 30.05.2022 wurde von einer Baustelle in der Riedstra\u00dfe eine gro\u00dfe Anzahl von Kabel entwendet. Kupfer- und Aluminiumkabel wurde auf dem Baustellengel\u00e4nde vermutlich mit einem Trennschleifer durchschnitten und abtransportiert. Teilweise wurde das Beutegut, bereits zum Abtransport zurechtgelegt, zur\u00fcckgelassen. Die Schadensh\u00f6he konnte bislang nicht beziffert werden. Zeugen, die Angaben zu dem Tatgeschehen oder T\u00e4tern machen k\u00f6nnen, werden gebeten, sich mit der Polizeiinspektion Schifferstadt unter 06235 495-0 oder\u00a0<a href=\"mailto:pischifferstadt@polizei.rlp.de\">pischifferstadt@polizei.rlp.de<\/a>\u00a0in Verbindung zu setzen.<\/p>\n\n\n\n<h2 class=\"wp-block-heading\">(Schwegenheim) &#8211; Verkehrsunfall bei Einsatzfahrt<\/h2>\n\n\n\n<p>Am Montag den 30.05.2022 um 18:35 Uhr, kam es im Rahmen einer polizeilichen Einsatzfahrt zu einem schweren Verkehrsunfall auf der L537 bei Schwegenheim. Der Streifenwagen verlie\u00df mit Blaulicht und Martinshorn die B9 an der Anschlussstelle Schwegenheim und bog am Ende der Ausfahrt links ab. Beim Abbiegen kam es zum Zusammensto\u00df mit dem von links kommenden PKW einer 38-J\u00e4hrigen, die in Richtung Lingenfeld unterwegs war. Hierbei wurde ihr 11-j\u00e4hriges Kind, welches angeschnallt in einem Kindersitz im Fondsbereich sa\u00df, nach ersten Erkenntnissen leicht verletzt. Beide Fahrzeuge wurden massiv besch\u00e4digt. Der Gesamtschaden d\u00fcrfte mehrere 10.000 Euro betragen. Der Verkehrsunfall wurde von einer neutralen Polizeidienststelle aufgenommen. Die Ermittlungen zur Unfallursache dauern an.<\/p>\n\n\n\n<h2 class=\"wp-block-heading\">(Lingenfeld \/ Germersheim \/ Speyer) &#8211; Vermisster wieder aufgefunden<\/h2>\n\n\n\n<p>Nach intensiven Suchma\u00dfnahmen durch Feuerwehr, DLRG und Polizei konnte der vermisste 80-J\u00e4hrige am Dienstag gegen 22 Uhr in Speyer wieder aufgefunden werden. Neben zahlreichen fu\u00dfl\u00e4ufigen Kr\u00e4ften kamen auch Drohne, Hubschrauber und Boote zum Einsatz. Die Polizei bedankt sich bei allen Hinweisgebern und den ehrenamtlichen Einsatzkr\u00e4ften!<\/p>\n\n\n\n<h2 class=\"wp-block-heading\">(Kandel) &#8211; Verkehrsunfall mit Personenschaden<\/h2>\n\n\n\n<p>Am Montag, 30.05.2022 kam es gegen 06:30 Uhr zu einem Verkehrsunfall auf der L548 zwischen Winden und Kandel. Ein 57-j\u00e4hriger Pkw-Fahrer befuhr die genannte Strecke von Winden kommend und \u00fcberholte ein vor ihm fahrendes Fahrzeug, obwohl er die Verkehrslage vor sich nicht genau einsch\u00e4tzen und \u00fcberblicken konnte. Aus diesem Grund musste ein entgegenkommendes Fahrzeug stark nach rechts in den Gr\u00fcnstreifen ausweichen, um einen Zusammensto\u00df zu vermeiden. Jedoch geriet der 34-j\u00e4hrige Fahrzeugf\u00fchrer durch das Ausweichman\u00f6ver ins Schleudern und es kam zum Frontalzusammensto\u00df mit einem weiteren entgegenkommenden Fahrzeug, besetzt mit einem 36-j\u00e4hrigen Fahrer. Gl\u00fccklicherweise wurden die beiden Fahrer offensichtlich nur leicht verletzt und konnten selbstst\u00e4ndig aus ihren Fahrzeugen aussteigen. Zur weiteren Untersuchung erfolgte dennoch die Einlieferung ins Krankenhaus. Die beiden Fahrzeuge wurden durch den Unfall erheblich besch\u00e4digt. Seitens der Polizei wird ein Schaden von gesamt etwa 18.000 Euro angenommen.<\/p>\n\n\n\n<h2 class=\"wp-block-heading\">(Annweiler) &#8211; Hausmauer besch\u00e4digt und weggefahren<\/h2>\n\n\n\n<p>Im Zeitraum vom 24.05.22 bis zum 31.05.22 besch\u00e4digte ein bislang unbekanntes Fahrzeug offensichtlich beim Rangieren eine Hauswand in dem Nordring in Annweiler. Der Ansto\u00df an die Mauer verursachte einen l\u00e4ngeren Riss, wodurch ein Sachschaden von mehreren hundert Euro entstand. Wer Hinweise auf den Verursacher geben kann, wird gebeten, sich mit der Polizeiwache Annweiler unter 06346\/964619 in Verbindung zu setzen.<\/p>\n\n\n\n<h2 class=\"wp-block-heading\">(Maikammer) &#8211; Zeugen nach Schlag ins Gesicht gesucht<\/h2>\n\n\n\n<div class=\"wp-block-image\"><figure class=\"aligncenter size-full\"><img decoding=\"async\" loading=\"lazy\" width=\"801\" height=\"600\" src=\"https:\/\/speyer24news.com\/wp-content\/uploads\/2020\/05\/Zeugen-gesucht-Neutral.jpg\" alt=\"\" class=\"wp-image-26598\" srcset=\"https:\/\/speyer24news.com\/wp-content\/uploads\/2020\/05\/Zeugen-gesucht-Neutral.jpg 801w, https:\/\/speyer24news.com\/wp-content\/uploads\/2020\/05\/Zeugen-gesucht-Neutral-300x225.jpg 300w, https:\/\/speyer24news.com\/wp-content\/uploads\/2020\/05\/Zeugen-gesucht-Neutral-768x575.jpg 768w, https:\/\/speyer24news.com\/wp-content\/uploads\/2020\/05\/Zeugen-gesucht-Neutral-678x509.jpg 678w, https:\/\/speyer24news.com\/wp-content\/uploads\/2020\/05\/Zeugen-gesucht-Neutral-326x245.jpg 326w, https:\/\/speyer24news.com\/wp-content\/uploads\/2020\/05\/Zeugen-gesucht-Neutral-80x60.jpg 80w\" sizes=\"(max-width: 801px) 100vw, 801px\" \/><\/figure><\/div>\n\n\n\n<p>Ein 15-j\u00e4hriger Junge befand sich am Donnerstag, 26.05.2022, gegen 22.50 Uhr, mit seinem Freund auf dem Weinfest in Maikammer, als er an der Ecke Immengarten Stra\u00dfe\/Weinstra\u00dfe S\u00fcd, von einer unbekannten Person von hinten angefasst wurde. Als er sich umdrehte, schlug ihm der Mann unvermittelt mit der Faust ins Gesicht, so dass er zu Boden fiel. Einen Grund f\u00fcr den Schlag h\u00e4tte es nicht gegeben. Der Angreifer entfernte sich danach von der \u00d6rtlichkeit und konnte nicht mehr angetroffen werden. <\/p>\n\n\n\n<h4 class=\"wp-block-heading\">Er war:<\/h4>\n\n\n\n<ul><li><strong>ca. 185-190cm gro\u00df<\/strong><\/li><li><strong>muskul\u00f6se Statur<\/strong><\/li><li><strong>schwarzer, langer Vollbart<\/strong><\/li><li><strong>Glatze <\/strong><\/li><li><strong>trug einen schwarz-wei\u00dfen Adidas-Pulli und eine kurze Hose.<\/strong><\/li><\/ul>\n\n\n\n<p>Wer Hinweise zu dem Mann, bzw. zu der Tat geben kann, m\u00f6ge sich bitte bei der Polizei Edenkoben melden.<\/p>\n\n\n\n<p><strong>Polizeiinspektion Edenkoben<\/strong><\/p>\n\n\n\n<p>Telefon: 06323 955 0<br><a target=\"_blank\" rel=\"noreferrer noopener\" href=\"https:\/\/www.polizei.rlp.de\/pd.landau\">www.polizei.rlp.de\/pd.landau<\/a><\/p>\n\n\n\n<h2 class=\"wp-block-heading\">(Neustadt) &#8211; Ohne Fahrerlaubnis und mit Drogen unterwegs<\/h2>\n\n\n\n<p>Am 31.05.2022 um 19:35 Uhr sollte ein Ford Transporter in der Karlsbader Stra\u00dfe einer Verkehrskontrolle unterzogen werden. Nachdem der m\u00e4nnliche Fahrzeugf\u00fchrer sein Fahrzeug abgestellt hatte, konnte erkannt werden wie dieser ausstieg und fu\u00dfl\u00e4ufig fl\u00fcchtete. Der den eingesetzten Beamten bestens bekannte 22-J\u00e4hrige Mann aus Neustadt konnte nicht mehr eingeholt werden. Der Grund f\u00fcr die Flucht des Neustadters war schnell gefunden. Dieser ist n\u00e4mlich nicht im Besitz einer Fahrerlaubnis und im Fahrzeug konnte eine geringe Menge Cannabis aufgefunden und beschlagnahmt werden. Da der junge Mann schon mehrmals wegen des Fahrens ohne Fahrerlaubnis in Erscheinung getreten ist, wurde das Fahrzeug ebenfalls beschlagnahmt. Nun muss sich der Mann wegen des Fahrens ohne Fahrerlaubnis, sowie wegen des Versto\u00dfes gegen das Bet\u00e4ubungsmittelgesetz verantworten. Zudem wird die zust\u00e4ndige F\u00fchrerscheinstelle \u00fcber den Vorfall in Kenntnis gesetzt.<\/p>\n\n\n\n<h2 class=\"wp-block-heading\">(Bad D\u00fcrkheim) &#8211; Mehrere Hof-Garagentore mutwillig besch\u00e4digt<\/h2>\n\n\n\n<p>Am 29.05.2022 gegen 03:00 Uhr wurde in der Vigilienstra\u00dfe in Bad D\u00fcrkheim ein Garagentor besch\u00e4digt. Die bislang unbekannten T\u00e4ter warfen eine Glasflasche auf das Garagentor. Es entstand ein Sachschaden in H\u00f6he von 150 Euro. Durch Nachbarn wurden gegen 03:00 Uhr Ger\u00e4usche auf der Stra\u00dfe wahrgenommen, die sie aber nicht zuordnen konnten. Bereits um 01:00 Uhr konnte ein Hausbesitzer in der Hinterbergstra\u00dfe in Bad D\u00fcrkheim einen lauten Knall wahrnehmen. Am Morgen konnte er dann mehrere Besch\u00e4digungen an seinem Hoftor feststellen. Die bislang unbekannten T\u00e4ter warfen ein Trinkglas an das Hoftor. Glassplitter konnten auf dem Gehweg verstreut festgestellt werden. Falls weitere Anwohner Opfer einer Sachbesch\u00e4digung geworden sind oder Hinweise auf den\/die T\u00e4ter vorliegen, dann wenden sie sich bitte an die Polizei Bad D\u00fcrkheim unter 06322 963 0 oder per E-Mail an&nbsp;<a href=\"mailto:pibadduerkheim@polizei.rlp.de\">pibadduerkheim@polizei.rlp.de<\/a>.<\/p>\n\n\n\n<h2 class=\"wp-block-heading\">(Bad D\u00fcrkheim) &#8211; Elektrorollstuhl besch\u00e4digt<\/h2>\n\n\n\n<p>Am 28.05.2022 zwischen 15:00 Uhr und 16:00 Uhr wurde in der Mannheimer Stra\u00dfe in Bad D\u00fcrkheim ein Elektrorollstuhl besch\u00e4digt. Die bislang unbekannten T\u00e4ter verbogen dabei den Lenker des Rollstuhles. Es entstand ein Sachschaden in H\u00f6he von 2000 Euro. Der Rollstuhl war ordnungsgem\u00e4\u00df vor der Hauseingangst\u00fcre abgestellt. Die Polizei Bad D\u00fcrkheim bittet um Hinweise unter 06322 963 0 oder per E-Mail an\u00a0<a href=\"mailto:pibadduerkheim@polizei.rlp.de\">pibadduerkheim@polizei.rlp.de<\/a><\/p>\n\n\n\n<h2 class=\"wp-block-heading\">(Bad D\u00fcrkheim) &#8211; Mountainbike gestohlen<\/h2>\n\n\n\n<p>Bereits im Zeitraum von 16.05.2022, 09:00 Uhr bis 18:00 Uhr wurde ein, am Bahnhof in Bad D\u00fcrkheim, abgestelltes Damen-Mountainbike entwendet. Die bislang unbekannten T\u00e4ter durchtrennten mit einem bislang nicht bekannten Werkzeug das Schloss. Bei dem Damenrad handelte sich um ein Mountainbike der Marke Decathlon. Es entstand Sachschaden in H\u00f6he von 600 Euro. Die Polizei Bad D\u00fcrkheim bittet um Hinweise unter 06322 963 0 oder per E-Mail an\u00a0<a href=\"mailto:pibadduerkheim@polizei.rlp.de\">pibadduerkheim@polizei.rlp.de<\/a><\/p>\n\n\n\n<h2 class=\"wp-block-heading\">(Ellerstadt) &#8211; Weidezaunger\u00e4t gestohlen<\/h2>\n\n\n\n<p>Im Zeitraum von 29.05.2022 20:00 Uhr bis 30.05.2022 10:00 Uhr, wurde aus einem Grundst\u00fcck auf einem Feld in der verl\u00e4ngerten Lambsheimer Stra\u00dfe in Ellerstadt, ein Weidezaunger\u00e4t entwendet. Die bislang unbekannten T\u00e4ter gelangten auf das von einem Weidezaun umz\u00e4unte Gel\u00e4nde und entwendeten das ca. 70 Kg schwere Ger\u00e4te, bei dem es sich um eine Kombination aus einer Art Generator mit Solarpanel, Powerbank, W-Lan Router und Autobatterie handelte. Es entstand Sachschaden in H\u00f6he von 3500 Euro. Zeugen, welche im genannten Zeitraum verd\u00e4chtigte Personen oder Fahrzeuge wahrgenommen haben, werden gebeten sich mit der Polizeiinspektion Bad D\u00fcrkheim unter der Tel. 06322\/963-0 oder per E-Mail\u00a0<a href=\"mailto:pibadduerkheim@polizei.rlp.de\">pibadduerkheim@polizei.rlp.de<\/a>\u00a0in Verbindung zu setzen.<\/p>\n\n\n\n<h2 class=\"wp-block-heading\">(Erpolzheim) &#8211; \u00c4lterer Herr Opfer von Telefonbetr\u00fcgern<\/h2>\n\n\n\n<div class=\"wp-block-image\"><figure class=\"aligncenter size-full\"><img decoding=\"async\" loading=\"lazy\" width=\"800\" height=\"588\" src=\"https:\/\/speyer24news.com\/wp-content\/uploads\/2021\/01\/Telefonbetrug.jpg\" alt=\"\" class=\"wp-image-32080\" srcset=\"https:\/\/speyer24news.com\/wp-content\/uploads\/2021\/01\/Telefonbetrug.jpg 800w, https:\/\/speyer24news.com\/wp-content\/uploads\/2021\/01\/Telefonbetrug-300x221.jpg 300w, https:\/\/speyer24news.com\/wp-content\/uploads\/2021\/01\/Telefonbetrug-768x564.jpg 768w, https:\/\/speyer24news.com\/wp-content\/uploads\/2021\/01\/Telefonbetrug-80x60.jpg 80w\" sizes=\"(max-width: 800px) 100vw, 800px\" \/><figcaption>Symbolbild Telefonbetrug<\/figcaption><\/figure><\/div>\n\n\n\n<p>Am 30.05.2022 gegen 10:30 Uhr wurde ein \u00e4lterer Herr aus Erpolzheim Opfer eines Trickbetr\u00fcgers. Der bislang unbekannte m\u00e4nnliche Betr\u00fcger gab sich am Telefon als angeblicher Mitarbeiter der Volksbank Rhein-Neckar aus und erkl\u00e4rte dem \u00e4lteren Mann, dass er aufgrund eines nicht gek\u00fcndigtem Lotterie-Abonnements Kosten in H\u00f6he von etwa 7000 EUR zu bezahlen h\u00e4tte. Sollte er die Kosten nicht bezahlen w\u00fcrde sein Konto gesperrt werden. Er wurde angewiesen einen Rechtsanwalt &#8222;Herr Franke&#8220; zu kontaktieren um ein Gerichtsverfahren abzuwenden und eine au\u00dfergerichtliche Einigung zu erzielen. Unmittelbar danach w\u00e4re er von dem vermeintlichen Anwalt Herrn &#8222;Franke&#8220; angerufen worden. Dieser w\u00e4re bereits von der Bank informiert worden. Im Laufe des Gespr\u00e4chs erwarb er geschickt das Vertrauen des \u00e4lteren Mannes. Dieser \u00fcberwies schlie\u00dflich einen h\u00f6heren Geldbetrag an den angeblichen Rechtsanwalt. Nach R\u00fccksprache mit seinem &#8222;echten&#8220; Bankberater konnte er schlie\u00dflich feststellen, Opfer eines Betruges geworden zu sein. Ob eine R\u00fcck\u00fcberweisung erfolgreich war, ist bislang nicht bekannt. Die Kriminalpolizei in Bad D\u00fcrkheim hat die Ermittlungen aufgenommen. Wurden sie auch Opfer eines solchen Betrugsversuches dann wenden sie sich bitte an die Polizei Bad D\u00fcrkheim unter 06322 963 0 oder per E-Mail an\u00a0<a href=\"mailto:pibadduerk-heim@polizei.rlp.de\">pibadduerk-heim@polizei.rlp.de<\/a>.<\/p>\n\n\n\n<h2 class=\"wp-block-heading\">(Gr\u00fcnstadt) &#8211; Fahren ohne Fahrerlaubnis \/ Auto sichergestellt<\/h2>\n\n\n\n<p>Am 30.05.22 um 21:00 Uhr kontrollierten Beamte der Polizeiinspektion Gr\u00fcnstadt in der Industriestra\u00dfe einen 26 Jahre alten Autofahrer. Hierbei stellten sie fest, dass der Mann zuvor bereits mehrfach wegen Fahrens ohne Fahrerlaubnis aufgefallen war. Um weitere Fahrten des 26-j\u00e4hrigen zu verhindern wurde das von ihm genutzte Fahrzeug sichergestellt.<\/p>\n\n\n\n<h2 class=\"wp-block-heading\">(Gr\u00fcnstadt) &#8211; Fahrraddiebstahl vor Anzeigeerstattung gekl\u00e4rt<\/h2>\n\n\n\n<p>Bereits am 07.02.22 stellten Beamte der PI Gr\u00fcnstadt im Rahmen einer Verkehrsunfallaufnahme das von einem 36-j\u00e4hrigen genutzte Fahrrad sicher, weil die Eigentumsverh\u00e4ltnisse unklar waren. Die Ermittlungen hinsichtlich des Eigent\u00fcmers gestalteten sich langwierig. Schlie\u00dflich konnte nun Ende Mai bei einem Fahrradh\u00e4ndler \u00fcber die Rahmennummer des Fahrrades der K\u00e4ufer und somit der Eigent\u00fcmer ausfindig gemacht werden. Dieser gab den Beamten gegen\u00fcber an, dass er den Fahrraddiebstahl vom 02. auf den 03. Februar 2022 zwar bemerkt, jedoch nicht zur Anzeige gebracht habe.<\/p>\n\n\n\n<h2 class=\"wp-block-heading\">(Frankenthal) &#8211; Verkehrsunfallflucht mit leicht verletztem Kind<\/h2>\n\n\n\n<div class=\"wp-block-image\"><figure class=\"aligncenter size-full\"><img decoding=\"async\" loading=\"lazy\" width=\"801\" height=\"600\" src=\"https:\/\/speyer24news.com\/wp-content\/uploads\/2020\/05\/Zeugen-gesucht-Neutral.jpg\" alt=\"\" class=\"wp-image-26598\" srcset=\"https:\/\/speyer24news.com\/wp-content\/uploads\/2020\/05\/Zeugen-gesucht-Neutral.jpg 801w, https:\/\/speyer24news.com\/wp-content\/uploads\/2020\/05\/Zeugen-gesucht-Neutral-300x225.jpg 300w, https:\/\/speyer24news.com\/wp-content\/uploads\/2020\/05\/Zeugen-gesucht-Neutral-768x575.jpg 768w, https:\/\/speyer24news.com\/wp-content\/uploads\/2020\/05\/Zeugen-gesucht-Neutral-678x509.jpg 678w, https:\/\/speyer24news.com\/wp-content\/uploads\/2020\/05\/Zeugen-gesucht-Neutral-326x245.jpg 326w, https:\/\/speyer24news.com\/wp-content\/uploads\/2020\/05\/Zeugen-gesucht-Neutral-80x60.jpg 80w\" sizes=\"(max-width: 801px) 100vw, 801px\" \/><\/figure><\/div>\n\n\n\n<p>Am 30.05.2022, gegen 13.15 Uhr, befuhr ein 12-j\u00e4hriges M\u00e4dchen mit ihrem Fahrrad die Albertstra\u00dfe in Richtung Flomersheimer Stra\u00dfe. In H\u00f6he der Friedrich-Hebbel-Stra\u00dfe wollte ein bislang unbekannter Fahrzeugf\u00fchrer nach rechts in diese einbiegen und \u00fcbersah hierbei die Radfahrerin. Diese kam hierbei zu Fall ohne dass es zu einer Kollision mit dem Pkw kam und verletzte sich leicht an den Armen und Beinen. <\/p>\n\n\n\n<ul><li><strong>Bei dem fl\u00fcchtigen Pkw soll es sich um einen schwarzen Kleinwagen gehandelt haben, welcher von einer weiblichen Person, etwa 40 bis 50 Jahre alt, gefahren wurde. <\/strong><\/li><\/ul>\n\n\n\n<p>Zeugen werden gebeten sich mit der Polizei in Frankenthal in Verbindung zu setzen, Tel: 06233-3130 oder Email\u00a0<a href=\"mailto:pifrankenthal@polizei.rlp.de\">pifrankenthal@polizei.rlp.de<\/a><\/p>\n\n\n\n<h2 class=\"wp-block-heading\">(Pr\u00e4sidialbereich Rheinpfalz) &#8211; Polizeiliche Einsatzma\u00dfnahmen anl\u00e4sslich einer angemeldeten Versammlung und erneuten Aufrufen zu sogenannten &#8222;Montagsspazierg\u00e4ngen&#8220;<\/h2>\n\n\n\n<div class=\"wp-block-image\"><figure class=\"aligncenter size-large\"><img decoding=\"async\" loading=\"lazy\" width=\"1024\" height=\"512\" src=\"https:\/\/speyer24news.com\/wp-content\/uploads\/2022\/01\/Demonstration-1024x512.png\" alt=\"\" class=\"wp-image-43221\" srcset=\"https:\/\/speyer24news.com\/wp-content\/uploads\/2022\/01\/Demonstration-1024x512.png 1024w, https:\/\/speyer24news.com\/wp-content\/uploads\/2022\/01\/Demonstration-300x150.png 300w, https:\/\/speyer24news.com\/wp-content\/uploads\/2022\/01\/Demonstration-768x384.png 768w, https:\/\/speyer24news.com\/wp-content\/uploads\/2022\/01\/Demonstration.png 1200w\" sizes=\"(max-width: 1024px) 100vw, 1024px\" \/><\/figure><\/div>\n\n\n\n<p>Am Montagabend (30.05.2022) fand in Neustadt an der Weinstra\u00dfe eine angemeldete Versammlung von Kritikern der Corona-Ma\u00dfnahmen statt. An dieser Versammlung nahmen rund 70 Personen teil. Die Versammlung verlief friedlich und st\u00f6rungsfrei.<\/p>\n\n\n\n<p>Auf verschiedenen Plattformen wurde erneut dazu aufgerufen \u00f6ffentlich ein Zeichen gegen die Corona-Ma\u00dfnahmen zu setzen. Nach unseren vorbereiteten Einsatzkonzepten waren wir mit Polizeikr\u00e4ften an relevanten Orten pr\u00e4sent. Dabei konnten wir rund 250 Personen als sogenannte &#8222;Spazierg\u00e4nger&#8220; feststellen. Auch die nicht angemeldeten Versammlungen blieben friedlich und verliefen st\u00f6rungsfrei.<\/p>\n\n\n\n<h2 class=\"wp-block-heading\">(Ludwigshafen) &#8211; Unfall verursacht und gefl\u00fcchtet \/ Zeugen gesucht<\/h2>\n\n\n\n<p>Am Dienstag, den 31.05.2022, wurde in der Rheinstra\u00dfe, Ecke Einsteinstra\u00dfe, zwischen 10 Uhr und 14:30 Uhr ein geparktes Auto besch\u00e4digt. Der Versucher besch\u00e4digte den grauen BMW der 5er-Reihe (Schaden: 1000EUR) vermutlich im Vorbeifahren am linken Kotfl\u00fcgel und verlie\u00df die Unfallstelle, ohne seinen Pflichten nachzukommen. Dem Schadensbild nach muss es sich beim Tatfahrzeug um ein gr\u00f6\u00dferes Fahrzeug wie beispielsweise einen LKW handeln.<\/p>\n\n\n\n<p>Wer hat im oben genannten Zeitraum etwas beobachten k\u00f6nnen?<\/p>\n\n\n\n<p>Sachdienliche Hinweise bitte an die Polizeiinspektion Ludwigshafen 2, Telefonnummer 0621 963-2222 oder per E-Mail&nbsp;<a href=\"mailto:piludwigshafen2@polizei.rlp.de\">piludwigshafen2@polizei.rlp.de<\/a>&nbsp;.<\/p>\n\n\n\n<h2 class=\"wp-block-heading\">(Ludwigshafen) &#8211; Taschendiebstahl in Rheingalerie<\/h2>\n\n\n\n<p>Eine 20-j\u00e4hrige Ludwigshafenerin war am Montag, den 30.05.2022 gegen 19 Uhr in einem Drogeriemarkt in der Rheingalerie einkaufen. Ihre Geldb\u00f6rse verstaute sie anschlie\u00dfend in ihrer Handtasche, welche sie die gesamte Zeit \u00fcber der Schulter trug. Kurze Zeit sp\u00e4ter stellte sie fest, dass der Rei\u00dfverschluss der Tasche teilweise ge\u00f6ffnet war und die Geldb\u00f6rse mitsamt diverser Karten und 220EUR Bargeld gestohlen wurde.<\/p>\n\n\n\n<h2 class=\"wp-block-heading\">(Ludwigshafen) &#8211; Unfall zwischen Pedelec und Fahrrad<\/h2>\n\n\n\n<p>Im verkehrsberuhigten Bereich der B\u00fcrgermeister-Gr\u00fcnzweig-Stra\u00dfe kam es am Montag, den 30.05.2022 gegen 19:00 Uhr zu einem Zusammensto\u00df zwischen einem 19-j\u00e4hrigen Pedelec-Fahrer und einem 9-j\u00e4hrigen Kind auf einem Fahrrad. Beide Beteiligten st\u00fcrzten, verletzten sich jedoch nur leicht.<\/p>\n\n\n\n<h2 class=\"wp-block-heading\">(Ludwigshafen) &#8211; Mann von Unbekannten geohrfeigt \/ Zeugen gesucht<\/h2>\n\n\n\n<p>Als ein 36-j\u00e4hriger Autofahrer am Montag, den 30.05.2022, gegen 17 Uhr zwei Fu\u00dfg\u00e4nger auf der Fahrbahn des Erfurter Rings im Stadtteil Ruchheim feststellte die dort ihres Weges gingen, hupte er um sie dazu zu bewegen den Fu\u00dfg\u00e4ngerweg zu benutzen. Kurze Zeit sp\u00e4ter traf der 36-J\u00e4hrigen beim Entladen seines Autos nochmals auf die Fu\u00dfg\u00e4nger, welche auf ihn zukamen und einer von beiden ihn unvermittelt ohrfeigte und anschlie\u00dfend fl\u00fcchtete. <\/p>\n\n\n\n<h4 class=\"wp-block-heading\">Der unbekannte T\u00e4ter wird wie folgt beschrieben: <\/h4>\n\n\n\n<ul><li><strong>ca. 20 Jahre alt<\/strong><\/li><li><strong>schwarzes Haar<\/strong><\/li><li><strong>rote Oberbekleidung<\/strong><\/li><\/ul>\n\n\n\n<ul><li><strong>Sein Begleiter w\u00e4re ungef\u00e4hr in demselben Alter gewesen, hatte auch schwarzes Haar und trug schwarze Oberbekleidung.<\/strong><\/li><\/ul>\n\n\n\n<p>Wer kann Hinweise zu den T\u00e4tern geben? Diese richten Sie bitte an die Polizeiinspektion Ludwigshafen 2, Telefonnummer 0621 963-2222 oder per E-Mail\u00a0<a href=\"mailto:piludwigshafen2@polizei.rlp.de\">piludwigshafen2@polizei.rlp.de<\/a>\u00a0.<\/p>\n\n\n\n<h2 class=\"wp-block-heading\">(Ludwigshafen) &#8211; Einbruch in Apotheke<\/h2>\n\n\n\n<p>Im Zeitraum vom 27.05. &#8211; 30.05.2022 wurde in eine Apotheke in der Sydlitzstra\u00dfe eingebrochen. Unbekannte T\u00e4ter gelangten \u00fcber die Eingangst\u00fcr ins Innere und durchw\u00fchlten Schr\u00e4nke und Schubladen. Neben Bargeld wurden verschreibungspflichtige Medikamente entwendet, der Schaden bel\u00e4uft sich insgesamt auf rund 3000 EUR. Die Ermittlungen dauern an.<\/p>\n\n\n\n<p>Sachdienliche Hinweise nimmt die Kriminalpolizei Ludwigshafen unter der Telefonnummer 0621\/963-2773 oder per E-Mail\u00a0<a href=\"mailto:kiludwigshafen.k1.kdd@polizei.rlp.de\">kiludwigshafen.k1.kdd@polizei.rlp.de<\/a>\u00a0entgegen.<\/p>\n\n\n\n<h2 class=\"wp-block-heading\">(Mannheim) &#8211; Bombenfund am Hans-Reschke-Ufer<\/h2>\n\n\n\n<div class=\"wp-block-image\"><figure class=\"aligncenter size-full\"><img decoding=\"async\" loading=\"lazy\" width=\"800\" height=\"586\" src=\"https:\/\/speyer24news.com\/wp-content\/uploads\/2022\/06\/EvakuierungszoneundKampfmittelradius.jpg\" alt=\"\" class=\"wp-image-46545\" srcset=\"https:\/\/speyer24news.com\/wp-content\/uploads\/2022\/06\/EvakuierungszoneundKampfmittelradius.jpg 800w, https:\/\/speyer24news.com\/wp-content\/uploads\/2022\/06\/EvakuierungszoneundKampfmittelradius-300x220.jpg 300w, https:\/\/speyer24news.com\/wp-content\/uploads\/2022\/06\/EvakuierungszoneundKampfmittelradius-768x563.jpg 768w, https:\/\/speyer24news.com\/wp-content\/uploads\/2022\/06\/EvakuierungszoneundKampfmittelradius-80x60.jpg 80w\" sizes=\"(max-width: 800px) 100vw, 800px\" \/><\/figure><\/div>\n\n\n\n<p>Bei Bauarbeiten am Hans-Reschke-Ufer in der N\u00e4he der Riedbahn-Br\u00fccke wurde eine 250 Kilogramm schwere Fliegerbombe aus dem Zweiten Weltkrieg gefunden. Nach einer \u00dcberpr\u00fcfung durch den Kampfmittelbeseitigungsdienst fiel die Entscheidung, die Bombe noch im Verlauf des Nachmittags zu entsch\u00e4rfen. Anwohnerinnen und Anwohner in einem Umkreis von 500 Metern um die Fundstelle werden gebeten, ihre H\u00e4user und Wohnungen zu verlassen. <\/p>\n\n\n\n<h4 class=\"wp-block-heading\">Betroffen sind:<\/h4>\n\n\n\n<ul><li><strong>Karl-Ladenburg-Stra\u00dfe komplett<\/strong><\/li><li><strong>Paul-Martin-Ufer von Karl-Ladenburg-Stra\u00dfe bis Holbeinstra\u00dfe komplett<\/strong><\/li><li><strong>Holbeinstra\u00dfe von Paul-Martin-Ufer bis B\u00f6cklinstra\u00dfe (Westseite)<\/strong><\/li><li><strong>B\u00f6cklinstra\u00dfe zwischen Karl-Ladenburg-Stra\u00dfe und Gr\u00fcnewaldstra\u00dfe komplett<\/strong><\/li><li><strong>B\u00f6cklinstra\u00dfe zwischen Gr\u00fcnewaldstra\u00dfe und Holbeinstra\u00dfe (Nordseite)<\/strong><\/li><li><strong>Menzelstra\u00dfe komplett <\/strong><\/li><li><strong>Gr\u00fcnewaldstra\u00dfe zwischen B\u00f6cklinstra\u00dfe und Feuerbachstra\u00dfe<\/strong><\/li><li><strong>Luisenpark (vollst\u00e4ndig)<\/strong><\/li><li><strong>Carl-Benz-Stadion<\/strong><\/li><li><strong>Maulbeerinsel<\/strong><\/li><li><strong>N\u00f6rdlich des Neckars: Olympia-St\u00fctzpunkt<\/strong><\/li><li><strong>Im Pfeiffensw\u00f6rth<\/strong><\/li><li><strong>Neckarschleuse<\/strong><\/li><\/ul>\n\n\n\n<p>Die Polizei macht aktuell vor Ort Lautsprecherdurchsagen, um die Menschen zu bitten, die betroffenen Bereiche zu verlassen. Sobald die Evakuierung abgeschlossen ist, wird mit der Entsch\u00e4rfung begonnen. Wie lang diese dauern wird, l\u00e4sst sich aktuell noch nicht absch\u00e4tzen. Es wird informiert, sobald alle Bereiche wieder freigegeben sind. F\u00fcr die Dauer der Entsch\u00e4rfung ist in der Johann-Peter-Hebel-Schule in der Lucas-Cranach-Stra\u00dfe in Neuostheim ein Betreuungsraum f\u00fcr Personen eingerichtet, die die Zeit der Evakuierung nicht bei Verwandten, Freunden oder andernorts verbringen k\u00f6nnen. Bettl\u00e4gerige B\u00fcrgerinnen und B\u00fcrger, die ihre Wohnung nicht ohne fremde Hilfe verlassen k\u00f6nnen, erhalten unter der Telefonnummer 0621 293-6370 einen f\u00fcr sie kostenfreien Krankentransport. Auch wer aus Alters- oder anderen Gr\u00fcnden nicht in der Lage ist, das Evakuierungsgebiet zu Fu\u00df oder mit dem Fahrzeug zu verlassen, kann sich an die o. g. Rufnummer wenden. \u00dcber das Infotelefon 0621 \/ 293-6370 werden B\u00fcrgerinnen und B\u00fcrgern allgemeine Ausk\u00fcnfte zur Evakuierung und zur Entsch\u00e4rfung erteilt.<\/p>\n\n\n\n<p>Hinweis: Bitte nutzen Sie f\u00fcr Ausk\u00fcnfte und Anfragen bzgl. Transportm\u00f6glichkeiten nicht die Notrufnummer 112, um diese f\u00fcr Notf\u00e4lle freizuhalten.<\/p>\n\n\n\n<h2 class=\"wp-block-heading\">(Mannheim) &#8211; International gesuchter Straft\u00e4ter festgenommen<\/h2>\n\n\n\n<div class=\"wp-block-image\"><figure class=\"aligncenter size-full\"><img decoding=\"async\" loading=\"lazy\" width=\"800\" height=\"533\" src=\"https:\/\/speyer24news.com\/wp-content\/uploads\/2020\/06\/Zelle.jpg\" alt=\"\" class=\"wp-image-28203\" srcset=\"https:\/\/speyer24news.com\/wp-content\/uploads\/2020\/06\/Zelle.jpg 800w, https:\/\/speyer24news.com\/wp-content\/uploads\/2020\/06\/Zelle-300x200.jpg 300w, https:\/\/speyer24news.com\/wp-content\/uploads\/2020\/06\/Zelle-768x512.jpg 768w\" sizes=\"(max-width: 800px) 100vw, 800px\" \/><\/figure><\/div>\n\n\n\n<p>Ein international gesuchter Mann wurde am Montagnachmittag in der Innenstadt festgenommen.<\/p>\n\n\n\n<p>Der 49-J\u00e4hrige wurde am Montag gegen 13.40 Uhr in den H-Quadraten von einer Streife kontrolliert. Da er sich zun\u00e4chst nicht ausweisen konnte, wurde er zur H4-Wache mitgenommen. Dort stellte sich schnell heraus, dass wegen eines T\u00f6tungsdelikts international nach dem Mann gefahndet wird. Zur Verb\u00fc\u00dfung einer mehrj\u00e4hrigen Haftstrafe ist er zur Festnahme und Auslieferung in ein europ\u00e4isches Land ausgeschrieben.<\/p>\n\n\n\n<p>Er wurde in eine Justizvollzugsanstalt eingeliefert.<\/p>\n\n\n\n<h2 class=\"wp-block-heading\">(Mannheim-Neckarstadt) &#8211; Verkehrsunfall zwischen Pkw und Stra\u00dfenbahn; Zwei Verletzte; Gesamtschaden 13.000 Euro<\/h2>\n\n\n\n<div class=\"wp-block-image\"><figure class=\"aligncenter size-full\"><img decoding=\"async\" loading=\"lazy\" width=\"800\" height=\"579\" src=\"https:\/\/speyer24news.com\/wp-content\/uploads\/2022\/06\/Strab-1.jpeg\" alt=\"\" class=\"wp-image-46546\" srcset=\"https:\/\/speyer24news.com\/wp-content\/uploads\/2022\/06\/Strab-1.jpeg 800w, https:\/\/speyer24news.com\/wp-content\/uploads\/2022\/06\/Strab-1-300x217.jpeg 300w, https:\/\/speyer24news.com\/wp-content\/uploads\/2022\/06\/Strab-1-768x556.jpeg 768w\" sizes=\"(max-width: 800px) 100vw, 800px\" \/><\/figure><\/div>\n\n\n\n<p>Montagfr\u00fch, kurz nach 9 Uhr, bog eine 56-j\u00e4hrige Seat-Fahrerin bei Rotlicht von der K\u00e4fertaler Stra\u00dfe in die Stra\u00dfe &#8222;Schafweide&#8220; ab. Dabei missachtet sie die Vorfahrt einer Stra\u00dfenbahn, die aus Richtung &#8222;Alte Feuerwache&#8220; fuhr. Der 30-j\u00e4hrige Stra\u00dfenbahnfahrer leitete zwar noch eine Notbremsung ein, stie\u00df aber mit dem entgegenkommenden Fahrzeug zusammen.<\/p>\n\n\n\n<p>Durch die Wucht des Aufpralls wurde der Seat auf den gegen\u00fcberliegenden Fahrstreifen der Stra\u00dfe &#8222;Schafweide&#8220; geschleudert.<\/p>\n\n\n\n<p>Die 56-j\u00e4hrige Fahrerin wurde in ihrem Pkw eingeklemmt und musste durch die Feuerwehr mit der Rettungsschere herausgeschnitten werden.<\/p>\n\n\n\n<div class=\"wp-block-image\"><figure class=\"aligncenter size-full\"><img decoding=\"async\" loading=\"lazy\" width=\"800\" height=\"641\" src=\"https:\/\/speyer24news.com\/wp-content\/uploads\/2022\/06\/Strab-2.jpeg\" alt=\"\" class=\"wp-image-46547\" srcset=\"https:\/\/speyer24news.com\/wp-content\/uploads\/2022\/06\/Strab-2.jpeg 800w, https:\/\/speyer24news.com\/wp-content\/uploads\/2022\/06\/Strab-2-300x240.jpeg 300w, https:\/\/speyer24news.com\/wp-content\/uploads\/2022\/06\/Strab-2-768x615.jpeg 768w\" sizes=\"(max-width: 800px) 100vw, 800px\" \/><\/figure><\/div>\n\n\n\n<p>Die verletzte Fahrerin kam anschlie\u00dfend mit einem Rettungsdienst in ein Mannheimer Krankenhaus und wurde dort station\u00e4r aufgenommen. Lebensgefahr besteht nicht.<\/p>\n\n\n\n<p>Die Stra\u00dfenbahn war auf Betriebsfahrt und es wurden keine Fahrg\u00e4ste bef\u00f6rdert. Der 30-Stra\u00dfenbahnfahrer wurde durch den Unfall leicht verletzt und kam vorsorglich zur ambulanten Behandlung ebenfalls in ein Mannheimer Krankenhaus. Ein Ersatzfahrer verbrachte die Stra\u00dfenbahn zum Betriebshof.<\/p>\n\n\n\n<p>W\u00e4hrend der Ma\u00dfnahmen der Rettungskr\u00e4fte und der Unfallaufnahme war die Fahrbahn in Richtung Friedrich-Ebert-Stra\u00dfe voll gesperrt und es kam zu massiven Verkehrsbeeintr\u00e4chtigungen. Der Schienenverkehr wurde umgeleitet.<\/p>\n\n\n\n<p>Der Pkw der Unfallverursacherin wurde durch eine Abschleppfirma abtransportiert.<\/p>\n\n\n\n<p>Insgesamt entstand ein Sachschaden von 13.000 Euro.<\/p>\n\n\n\n<h2 class=\"wp-block-heading\">(Mannheim-Waldhof) &#8211; Mann bei Auseinandersetzung mit Messer verletzt \/ Zeugen gesucht<\/h2>\n\n\n\n<div class=\"wp-block-image\"><figure class=\"aligncenter size-full\"><img decoding=\"async\" loading=\"lazy\" width=\"800\" height=\"621\" src=\"https:\/\/speyer24news.com\/wp-content\/uploads\/2021\/07\/Messer-Angriff-Bedrohung-2.jpg\" alt=\"\" class=\"wp-image-38504\" srcset=\"https:\/\/speyer24news.com\/wp-content\/uploads\/2021\/07\/Messer-Angriff-Bedrohung-2.jpg 800w, https:\/\/speyer24news.com\/wp-content\/uploads\/2021\/07\/Messer-Angriff-Bedrohung-2-300x233.jpg 300w, https:\/\/speyer24news.com\/wp-content\/uploads\/2021\/07\/Messer-Angriff-Bedrohung-2-768x596.jpg 768w\" sizes=\"(max-width: 800px) 100vw, 800px\" \/><\/figure><\/div>\n\n\n\n<p>Am Montagabend kam es auf dem Roggenplatz zu einer Auseinandersetzung zwischen einem 24-J\u00e4hrigen und bislang unbekannten T\u00e4tern &#8211; diese fl\u00fcchteten. Bei der Auseinandersetzung, die sich gegen 20 Uhr ereignete, wurde der junge Mann vermutlich mit einem Messer verletzt. Die T\u00e4ter, zwei bis drei M\u00e4nner, fl\u00fcchteten anschlie\u00dfend. Der Verletzte und sein Begleiter fuhren anschlie\u00dfend in Richtung Krankenhaus, verst\u00e4ndigten dann aber doch einen Krankenwagen, der den 24-J\u00e4hrigen in eine Klinik brachte. Weshalb es zur Auseinandersetzung kam, ist derzeit Ermittlungssache des Polizeiposten Waldhof. Die Ermittler suchen in diesem Zusammenhang nach weiteren Zeugen des Geschehens. Diese werden gebeten, sich unter 0621 762540 zu melden.<\/p>\n\n\n\n<h2 class=\"wp-block-heading\">(Mannheim-Sandhofen) &#8211; Unfall mit hohen Sachschaden von 20.000 Euro<\/h2>\n\n\n\n<p>Am Montagabend, gegen 19:30 Uhr fuhr eine 77-j\u00e4hrige Pkw-Fahrerin mit ihrem Suzuki Ignes die Kalthorststra\u00dfe in Richtung Turn und Sportverein Sanhofen. An der Kreuzung zur Ziegelgasse missachtet sie die Vorfahrt eines von rechts kommenden 28-j\u00e4hrigen Jaguar-Fahrers und es kam zum Unfall.<\/p>\n\n\n\n<p>An dem Kleinwagen Suzuki entstand Sachschaden von circa 8.000 Euro und der Schaden an dem Jaguar wird auf etwa 12.000 Euro beziffert. Verletzt wurde niemand.<\/p>\n\n\n\n<p>Beide Fahrzeuge waren nicht mehr fahrbereit und mussten mit Abschleppfirmen abtransportiert werden.<\/p>\n\n\n\n<h2 class=\"wp-block-heading\">(Mannheim \/ Heidelberg \/ Rhein-Neckar-Kreis) &#8211; Falsche Microsoft-Mitarbeiter treiben weiter ihr Unwesen in der Region<\/h2>\n\n\n\n<div class=\"wp-block-image\"><figure class=\"aligncenter size-full\"><img decoding=\"async\" loading=\"lazy\" width=\"640\" height=\"427\" src=\"https:\/\/speyer24news.com\/wp-content\/uploads\/2021\/03\/Cybercrime.jpg\" alt=\"\" class=\"wp-image-33792\" srcset=\"https:\/\/speyer24news.com\/wp-content\/uploads\/2021\/03\/Cybercrime.jpg 640w, https:\/\/speyer24news.com\/wp-content\/uploads\/2021\/03\/Cybercrime-300x200.jpg 300w\" sizes=\"(max-width: 640px) 100vw, 640px\" \/><\/figure><\/div>\n\n\n\n<p>Die sogenannten &#8222;Microsoft-Support-Calls&#8220; sind seit Jahren ein deutschlandweites Betrugsph\u00e4nomen. Auch in der Metropolregion treten &#8222;falsche&#8220; Microsoft-Mitarbeiter regelm\u00e4\u00dfig in Erscheinung.<\/p>\n\n\n\n<p>Die Masche ist dabei immer die gleiche: Unbekannte rufen von Callcentern, meist aus dem asiatischen Raum bei h\u00e4ufig \u00e4lteren Menschen an und \u00fcberreden sie, in englischer, aber auch in guter deutscher Sprache, durch geschickte Gespr\u00e4chsf\u00fchrung, diverse Aktionen am Computer durchzuf\u00fchren.<\/p>\n\n\n\n<p>Hierdurch erlangen die T\u00e4ter Fernzugriffe auf die PC-Systeme der Opfer. Durch nachfolgende Finanztransaktionen von Opferkonten auf die Konten der T\u00e4ter oder deren Hinterm\u00e4nner entstehen hohe finanzielle Sch\u00e4den.<\/p>\n\n\n\n<p>So erging es in den letzten Wochen, letztmals am Mittwoch vergangener Woche (25. Mai), 20 Personen im Alter zwischen 41 und 90 Jahren, die die Taten bei der Polizei anzeigten.<\/p>\n\n\n\n<p>Alle Gesch\u00e4digte wurden veranlasst, Schritt f\u00fcr Schritt die Teamviewer-Software zu installieren. In einem n\u00e4chsten Schritt veranlassten die T\u00e4ter am &#8222;anderen Ende der Leitung&#8220; Finanztransaktionen f\u00fcr angebliche Serviceleistungen, die nie erfolgten.<\/p>\n\n\n\n<p>Dadurch entstand den Opfern, die \u00fcberwiegend in Mannheim (10) und angrenzenden Gemeinden Hockenheim (2), Ketsch (2), Schriesheim (2), Weinheim, Heddesheim, Schwetzingen und Edingen-Neckarhausen wohnen, einen Schaden von mehreren Zehntausend Euro.<\/p>\n\n\n\n<p>Das Dezernat &#8222;Cybercrime&#8220; der Kriminalpolizeidirektion Heidelberg hat die weiteren Ermittlungen \u00fcbernommen.<\/p>\n\n\n\n<p>Im Jahr 2021 registrierte das Polizeipr\u00e4sidium Mannheim im gesamten Zust\u00e4ndigkeitsbereich insgesamt 129 vollendete Taten mit einem Verm\u00f6gensschaden von rund 650.000.- Euro.<\/p>\n\n\n\n<h4 class=\"wp-block-heading\">Mit weiteren Auftreten falscher Microsoft-Mitarbeiter muss auch zuk\u00fcnftig gerechnet werden. Die Polizei r\u00e4t deshalb in solchen F\u00e4llen:<\/h4>\n\n\n\n<ul><li><strong>Die Firma Microsoft f\u00fchrt keine Anrufe durch (Hinweise hierzu auch auf der Microsoft-Homepage).<\/strong><\/li><li><strong>Nicht auf Anrufe von angeblichen Microsoft-Mitarbeitern eingehen und sofort auflegen. Auch nicht auf die Frage, &#8222;Do you speak English&#8220; mit &#8222;Yes!&#8220; antworten.<\/strong><\/li><li><strong>Auf keinen Fall pers\u00f6nliche Daten, Bankkonto- oder Kreditkartendaten oder Zahlungsdaten wie PINs oder TANs an die Anrufer herausgeben.<\/strong><\/li><li><strong>Keine Software installieren oder installieren lassen.<\/strong><\/li><\/ul>\n\n\n\n<h4 class=\"wp-block-heading\">Wurde man bereits Opfer?<\/h4>\n\n\n\n<ul><li><strong>Rechner vom Internet trennen und runterfahren. \u00dcber einen anderen nicht infizierten Rechner unverz\u00fcglich betroffene Passw\u00f6rter \u00e4ndern.<\/strong><\/li><li><strong>Rechner \u00fcberpr\u00fcfen lassen und evtl. Fernwartungsprogramm auf dem Rechner l\u00f6schen.<\/strong><\/li><li><strong>Kontakt zu den Zahlungsdiensten und Unternehmen aufnehmen, deren Zugangsdaten in den Besitz der T\u00e4ter gelangt sind.<\/strong><\/li><li><strong>Vom Geldinstitut beraten lassen, ob bereits get\u00e4tigte Zahlungen zur\u00fcckgeholt werden k\u00f6nnen.<\/strong><\/li><li><strong>Anzeige bei der Polizei erstatten!<\/strong><\/li><\/ul>\n\n\n\n<p>Ggf. Betrugsversuch zus\u00e4tzlich bei Microsoft melden:\u00a0<a target=\"_blank\" rel=\"noreferrer noopener\" href=\"https:\/\/www.microsoft.com\/de-DE\/concern\/scam\">www.microsoft.com\/de-DE\/concern\/scam<\/a><\/p>\n\n\n\n<p>Alle Infos zum Betrugsph\u00e4nomen gibt es auch hier:\u00a0<a target=\"_blank\" rel=\"noreferrer noopener\" href=\"https:\/\/www.polizei-beratung.de\/themen-und-tipps\/betrug\/falsche-microsoft-mitarbeiter\/\">www.polizei-beratung.de\/themen-und-tipps\/betrug\/falsche-microsoft-mitarbeiter\/<\/a><\/p>\n\n\n\n<h2 class=\"wp-block-heading\">(B 37 \/ Heidelberg) &#8211; Schwerer Verkehrsunfall auf B 37 H\u00f6he Stadthalle; Vollsperrung; Verkehr wird umgeleitet; N\u00e4heres noch nicht bekannt<\/h2>\n\n\n\n<h3 class=\"has-text-align-center wp-block-heading\">Pressemitteilung Nr. 1<\/h3>\n\n\n\n<p>Wegen eines schweren Verkehrsunfalls in H\u00f6he der Stadthalle ist die B 37 derzeit (31.05.2022 \u2013 16:32) voll gesperrt. Der Verkehr wird am Karlstor und am Vincentius-Krankenhaus abgeleitet. N\u00e4here Informationen zum Ausma\u00df des Unfalls sowie die Anzahl der Verletzten liegen noch nicht vor.<\/p>\n\n\n\n<h3 class=\"has-text-align-center wp-block-heading\">Sperrung der B 37 aufgehoben; Unfall aufgenommen &#8211; Pressemitteilung Nr. 2<\/h3>\n\n\n\n<p>Nach dem schweren Verkehrsunfall in H\u00f6he der Stadthalle ist die B 37 nach rund einst\u00fcndiger Sperrung seit 17 Uhr wieder frei. Wie die bisherigen Ermittlungen der Verkehrspolizei Heidelberg ergaben, war kurz nach 16 Uhr, ein 55-j\u00e4hriger Audi-Fahrer auf der B 37 in Richtung Alte Br\u00fccke unterwegs. In H\u00f6he der Stadthalle kam er aus bislang unbekannten Gr\u00fcnden auf die Gegenfahrbahn und kollidierte mit einer 21-j\u00e4hrigen Audi-Fahrerin. Beide wurden schwer verletzt mit zwei Rettungswagen in eine Klinik gebracht. Ihre Fahrzeuge wurden so stark besch\u00e4digt, dass sie abgeschleppt werden mussten. Der Sachschaden betr\u00e4gt nach ersten Sch\u00e4tzungen rund 20.000.- Euro. Im Feierabendverkehr kam es zu erheblichen Behinderungen entlang der B 37 in beide Richtungen. Der Verkehr wurde \u00f6rtlich umgeleitet.<\/p>\n\n\n\n<h2 class=\"wp-block-heading\">(Ketsch \/ Rhein-Neckar-Kreis) &#8211; Verkehrsunfall, Verursacher h\u00e4lt kurz an und fl\u00fcchtet anschlie\u00dfend von der Unfallstelle, Zeugenaufruf<\/h2>\n\n\n\n<p>Am Montagmittag, kurz nach 12 Uhr sa\u00df eine 21-j\u00e4hrige Fiat-Fahrerin in der Bahnhofanlage bereits in ihrem Auto, um aus einer Parkl\u00fccke auszuparken. Den R\u00fcckw\u00e4rtsgang hatte sie bereits eingelegt.<\/p>\n\n\n\n<p>Pl\u00f6tzlich fuhr ein anderer Pkw an dem geparkten Auto vorbei und streift das Heck, des immer noch wartenden Autos. Dadurch einstand an dem Fiat ein Schaden von circa 1.500 Euro.<\/p>\n\n\n\n<p>Nach circa 100 Meter h\u00e4lt das Fahrzeug des Unfallverursachers zun\u00e4chst kurz an, f\u00e4hrt dann aber ohne, dass der Fahrer seiner Feststellungspflicht nachgekommen ist, weiter.<\/p>\n\n\n\n<p>Bei dem fl\u00fcchtigen Auto handelt es sich um einen SUV Toyota oder Mitsubishi. Das Auto wurde an seiner rechten Fahrzeugseite besch\u00e4digt. Zu der Person, die den SUV gefahren hat, kann derzeit noch keine Beschreibung abgegeben werden.<\/p>\n\n\n\n<p>Zeugen werden gebeten, sich mit dem Polizeirevier Schwetzingen, Telefonnummer 06202 288-0, in Verbindung zu setzen.<\/p>\n\n\n\n<h2 class=\"wp-block-heading\">(Ketsch \/ Rhein-Neckar-Kreis) &#8211; Erneut Sachbesch\u00e4digung an Neurottschule; Schulfassade wird zum f\u00fcnften Mal besch\u00e4digt; Sachschaden insgesamt 25.000 Euro; Polizei sucht Zeugen<\/h2>\n\n\n\n<div class=\"wp-block-image\"><figure class=\"aligncenter size-full\"><img decoding=\"async\" loading=\"lazy\" width=\"800\" height=\"577\" src=\"https:\/\/speyer24news.com\/wp-content\/uploads\/2022\/06\/Neurottschule-1.jpg\" alt=\"\" class=\"wp-image-46548\" srcset=\"https:\/\/speyer24news.com\/wp-content\/uploads\/2022\/06\/Neurottschule-1.jpg 800w, https:\/\/speyer24news.com\/wp-content\/uploads\/2022\/06\/Neurottschule-1-300x216.jpg 300w, https:\/\/speyer24news.com\/wp-content\/uploads\/2022\/06\/Neurottschule-1-768x554.jpg 768w\" sizes=\"(max-width: 800px) 100vw, 800px\" \/><\/figure><\/div>\n\n\n\n<p>Wieder nutzten bislang unbekannte T\u00e4ter das Wochenende und besch\u00e4digten an der Neurottschule die Fassade und mehrere Fenster, dieses Mal, vermutlich mit wei\u00dfer Dispersionsfarbe.<\/p>\n\n\n\n<p>In der Zeit von Freitag bis Montagfr\u00fch, 7:30 Uhr gelangten die T\u00e4ter auf das circa drei Meter hohe Dach und verspritzten Farbe \u00fcber die Geb\u00e4udeteile. Au\u00dferdem wurden auf dem Gel\u00e4nde mehrere Container besch\u00e4digt.<\/p>\n\n\n\n<p>Die Kosten f\u00fcr die Reinigung der Fassade, der Fenster sowie der Container mit den Rolll\u00e4den wird die Gemeinde voraussichtlich wieder zwischen 5.000 und 10.000 Euro kosten. Zu bef\u00fcrchten ist, dass die Farbe teilweise in den Verputz eingezogen ist und die Fassade neu gestrichen werden muss.<\/p>\n\n\n\n<div class=\"wp-block-image\"><figure class=\"aligncenter size-full\"><img decoding=\"async\" loading=\"lazy\" width=\"800\" height=\"516\" src=\"https:\/\/speyer24news.com\/wp-content\/uploads\/2022\/06\/Container.jpg\" alt=\"\" class=\"wp-image-46549\" srcset=\"https:\/\/speyer24news.com\/wp-content\/uploads\/2022\/06\/Container.jpg 800w, https:\/\/speyer24news.com\/wp-content\/uploads\/2022\/06\/Container-300x194.jpg 300w, https:\/\/speyer24news.com\/wp-content\/uploads\/2022\/06\/Container-768x495.jpg 768w\" sizes=\"(max-width: 800px) 100vw, 800px\" \/><\/figure><\/div>\n\n\n\n<p>Seit Februar 2022 ist dies nun der f\u00fcnfte Vorfall, bei dem das Schulgeb\u00e4ude besch\u00e4digt wurde. Dadurch entstand bisher ein Schaden von insgesamt fast 25.000 Euro.<\/p>\n\n\n\n<p>Der Polizeiposten Ketsch steht in engem Kontakt mit der Staatsanwaltschaft und wertet derzeit die gesicherten Spuren aus und geht ersten Hinweisen nach.<\/p>\n\n\n\n<p>Zeugen werden gebeten, sich mit dem Polizeirevier Schwetzingen, Telefonnummer 06202 288-0, oder w\u00e4hrend der \u00fcblichen B\u00fcrozeiten mit dem Polizeiposten Ketsch unter der Telefonnummer 06202 61696 in Verbindung zu setzen.<\/p>\n\n\n\n<h2 class=\"wp-block-heading\">(M\u00fchlhausen \/ Rhein-Neckar-Kreis) &#8211; Einbruch in Kraichgauschule; Zeugen gesucht<\/h2>\n\n\n\n<p>Bislang unbekannte T\u00e4ter brachen \u00fcber das vergangene Wochenende in die Kraichgauschule in der Schulstra\u00dfe ein, durchw\u00fchlten Schreibtische und versuchten Schubl\u00e4den zu \u00f6ffnen.<\/p>\n\n\n\n<p>Ob etwas gestohlen wurde, ist noch nicht bekannt.<\/p>\n\n\n\n<p>Zeugen werden gebeten, sich an den Polizeiposten M\u00fchlhausen, Tel.: 06222\/66285-0 oder das Polizeirevier Wiesloch, Tel.: 06222\/5709-0 zu wenden.<\/p>\n\n\n\n<h2 class=\"wp-block-heading\">(Meckesheim \/ Rhein-Neckar-Kreis) &#8211; Jugendlicher mit Drogen erwischt; S-Bahn kurzfristig angehalten<\/h2>\n\n\n\n<div class=\"wp-block-image\"><figure class=\"aligncenter size-full\"><img decoding=\"async\" loading=\"lazy\" width=\"800\" height=\"597\" src=\"https:\/\/speyer24news.com\/wp-content\/uploads\/2021\/03\/Marihuana.jpg\" alt=\"\" class=\"wp-image-33798\" srcset=\"https:\/\/speyer24news.com\/wp-content\/uploads\/2021\/03\/Marihuana.jpg 800w, https:\/\/speyer24news.com\/wp-content\/uploads\/2021\/03\/Marihuana-300x224.jpg 300w, https:\/\/speyer24news.com\/wp-content\/uploads\/2021\/03\/Marihuana-768x573.jpg 768w, https:\/\/speyer24news.com\/wp-content\/uploads\/2021\/03\/Marihuana-80x60.jpg 80w\" sizes=\"(max-width: 800px) 100vw, 800px\" \/><figcaption>Symbolbild von Marihuana<\/figcaption><\/figure><\/div>\n\n\n\n<p>Wegen des Verdachts, mit Drogen zu handeln, wird gegen einen 16-J\u00e4hrigen ermittelt.<\/p>\n\n\n\n<p>Mehrere Jugendliche waren am Montagnachmittag einer Streife des Polizeireviers Neckargem\u00fcnd auf Bahnsteig am Gleis 3 des Meckesheimer Bahnhofs in verd\u00e4chtiger Weise aufgefallen. Einer aus der Gruppe telefonierte pl\u00f6tzlich hastig und als die Beamten aus dem Streifenwagen ausgestiegen waren, um die Jugendlichen auf dem Bahnsteig zu kontrollieren, rannten zwei von ihnen in den haltenden Zug der Linie S5.<\/p>\n\n\n\n<p>Nachdem der Zugf\u00fchrer angewiesen worden war, seine weitere Fahrt in Richtung Sinsheim kurz zu unterbrechen, wurde der Zug durchsucht.<\/p>\n\n\n\n<p>Mehrere Passagiere deutete den Beamten an, dass einer der Gefl\u00fcchteten sich in einer Zugtoilette eingeschlossen h\u00e4tte. Da der Eingeschlossene nicht freiwillig \u00f6ffnete, wurde eine Zugbegleiterin zur \u00d6ffnung herangezogen. Den Beamten schlug nach \u00d6ffnung der T\u00fcr eine extreme Marihuana-Duftwolke entgegen. Im Abfalleimer der Toilette fanden sie \u00fcber 70 Gramm Marihuana, die zum Verkauf bereits portioniert waren. Die Durchsuchung des 16-J\u00e4hrigen und seiner Umh\u00e4ngetasche, die dann au\u00dferhalb der S-Bahn erfolgte -die S5 konnten nach wenigen Minuten ihres &#8222;Zwangshalts&#8220; wieder weiterfahren- f\u00f6rderte drei Handys, eine Smartwatch und mehrere Hundert Euro vermeintliches Dealgeld zutage.<\/p>\n\n\n\n<p>Bei der Durchsuchung seines Zimmers in der elterlichen Wohnung, wurde ein weiteres Handy und ein MacBook sowie Deal-Utensilien zur Portionierung sichergestellt.<\/p>\n\n\n\n<p>Nach seiner erkennungsdienstlichen Behandlung wurde der 16-J\u00e4hrige wieder auf freien Fu\u00df gesetzt und von einem Angeh\u00f6rigen beim Polizeirevier Neckargem\u00fcnd abgeholt.<\/p>\n\n\n\n<p>Die Personalien seiner f\u00fcnf Begleiter im Alter zwischen 15 und 17 Jahren wurden erhoben. Sie sind als Zeugen im Verfahren gef\u00fchrt.<\/p>\n\n\n\n<p>Die Ermittlungen dauern noch an.<\/p>\n","protected":false},"excerpt":{"rendered":"<div class=\"mh-excerpt\"><p>Polizeimeldungen vom Dienstag (31.05.2022) (Speyer) &#8211; K\u00f6rperverletzung durch Pfefferspray Mit Pfefferspray gespr\u00fcht hat am Montag zwischen 22:30 Uhr und 22:45 Uhr am Hauptbahnhof in Speyer ein 25-J\u00e4hriger. Bereits auf der Zugfahrt nach Speyer geriet eine <a class=\"mh-excerpt-more\" href=\"https:\/\/speyer24news.com\/?p=46544\" title=\"Polizei\">[&#8230;]<\/a><\/p>\n<\/div>","protected":false},"author":3,"featured_media":26162,"comment_status":"open","ping_status":"open","sticky":false,"template":"","format":"standard","meta":{"_monsterinsights_skip_tracking":false,"_monsterinsights_sitenote_active":false,"_monsterinsights_sitenote_note":"","_monsterinsights_sitenote_category":0,"footnotes":""},"categories":[12],"tags":[7243,7244,3614,702,61,2555,6955,6986,6263,63,105,11150,6987,53,4854,13534,4683,1548,4905,11592,102,13626,213,14325,14324,13553,13541,55,8277,6368,5261,103,106,2803,2423,427,2625,380,62,104,979,1565],"aioseo_notices":[],"amp_enabled":true,"_links":{"self":[{"href":"https:\/\/speyer24news.com\/index.php?rest_route=\/wp\/v2\/posts\/46544"}],"collection":[{"href":"https:\/\/speyer24news.com\/index.php?rest_route=\/wp\/v2\/posts"}],"about":[{"href":"https:\/\/speyer24news.com\/index.php?rest_route=\/wp\/v2\/types\/post"}],"author":[{"embeddable":true,"href":"https:\/\/speyer24news.com\/index.php?rest_route=\/wp\/v2\/users\/3"}],"replies":[{"embeddable":true,"href":"https:\/\/speyer24news.com\/index.php?rest_route=%2Fwp%2Fv2%2Fcomments&post=46544"}],"version-history":[{"count":1,"href":"https:\/\/speyer24news.com\/index.php?rest_route=\/wp\/v2\/posts\/46544\/revisions"}],"predecessor-version":[{"id":46550,"href":"https:\/\/speyer24news.com\/index.php?rest_route=\/wp\/v2\/posts\/46544\/revisions\/46550"}],"wp:featuredmedia":[{"embeddable":true,"href":"https:\/\/speyer24news.com\/index.php?rest_route=\/wp\/v2\/media\/26162"}],"wp:attachment":[{"href":"https:\/\/speyer24news.com\/index.php?rest_route=%2Fwp%2Fv2%2Fmedia&parent=46544"}],"wp:term":[{"taxonomy":"category","embeddable":true,"href":"https:\/\/speyer24news.com\/index.php?rest_route=%2Fwp%2Fv2%2Fcategories&post=46544"},{"taxonomy":"post_tag","embeddable":true,"href":"https:\/\/speyer24news.com\/index.php?rest_route=%2Fwp%2Fv2%2Ftags&post=46544"}],"curies":[{"name":"wp","href":"https:\/\/api.w.org\/{rel}","templated":true}]}}