{"id":46627,"date":"2022-06-06T08:18:21","date_gmt":"2022-06-06T07:18:21","guid":{"rendered":"https:\/\/speyer24news.com\/?p=46627"},"modified":"2022-06-06T08:18:26","modified_gmt":"2022-06-06T07:18:26","slug":"polizei-828","status":"publish","type":"post","link":"https:\/\/speyer24news.com\/?p=46627","title":{"rendered":"Polizei"},"content":{"rendered":"<style type=\"text\/css\">\r\n\t.ads_top_disp{}\r\n\t.ads_top_corner_disp{ float:left; margin:0px 10px 10px 0px; }\r\n\t.ads_first_p_disp{}\r\n\t.ads_bottom_disp{}\r\n\t<\/style>\n<h2 class=\"wp-block-heading\">Polizeimeldungen vom Sonntag (05.06.2022)<\/h2>\n\n\n\n<div class=\"wp-block-image\"><figure class=\"aligncenter size-full\"><img decoding=\"async\" loading=\"lazy\" width=\"375\" height=\"500\" src=\"https:\/\/speyer24news.com\/wp-content\/uploads\/2022\/03\/Aktuelles-Polizeilogo.jpg\" alt=\"\" class=\"wp-image-43591\" srcset=\"https:\/\/speyer24news.com\/wp-content\/uploads\/2022\/03\/Aktuelles-Polizeilogo.jpg 375w, https:\/\/speyer24news.com\/wp-content\/uploads\/2022\/03\/Aktuelles-Polizeilogo-225x300.jpg 225w\" sizes=\"(max-width: 375px) 100vw, 375px\" \/><\/figure><\/div>\n\n\n\n<h2 class=\"wp-block-heading\">(Speyer) &#8211; In die Haare bekommen \/ K\u00f6rperverletzung in der Halle 101<\/h2>\n\n\n\n<p>Am 04.06.2022 kam es w\u00e4hrend einer Party in der Halle 101 zu einer K\u00f6rperverletzung zwischen zwei Frauen. Eine 22-j\u00e4hrige und eine 23-j\u00e4hrige gerieten in Streit. Dieser artete dann derart aus, dass die beiden Frauen sich gegenseitig an den Haaren gezogen haben. Der Grund des Streites konnte bisher nicht endg\u00fcltig gekl\u00e4rt werden. Das Resultat des Streits waren mehrere rausgerissene Haarb\u00fcschel und zwei eingeleitete Strafverfahren wegen K\u00f6rperverletzung.<\/p>\n\n\n\n<h2 class=\"wp-block-heading\">(Speyer) &#8211; Vollsperrung, hoher Sachschaden und zwei Verletzte nach einem Verkehrsunfall<\/h2>\n\n\n\n<div class=\"wp-block-image\"><figure class=\"aligncenter size-full\"><img decoding=\"async\" loading=\"lazy\" width=\"800\" height=\"526\" src=\"https:\/\/speyer24news.com\/wp-content\/uploads\/2022\/06\/Verkehrsunfall-05.06.22-Speyer.jpg\" alt=\"\" class=\"wp-image-46628\" srcset=\"https:\/\/speyer24news.com\/wp-content\/uploads\/2022\/06\/Verkehrsunfall-05.06.22-Speyer.jpg 800w, https:\/\/speyer24news.com\/wp-content\/uploads\/2022\/06\/Verkehrsunfall-05.06.22-Speyer-300x197.jpg 300w, https:\/\/speyer24news.com\/wp-content\/uploads\/2022\/06\/Verkehrsunfall-05.06.22-Speyer-768x505.jpg 768w\" sizes=\"(max-width: 800px) 100vw, 800px\" \/><\/figure><\/div>\n\n\n\n<p>Am 04.06.2022 kam es gegen 20:57 Uhr in Speyer-Nord zu einem Verkehrsunfall. Der 21-j\u00e4hrige Fahrer eines Seat Leon fuhr von der B9 in Speyer-Nord ab und wollte auf die Schifferstadter Stra\u00dfe einbiegen. Hier missachtete der Fahrer das Verkehrszeichen &#8222;Vorfahrt achten&#8220; und kollidierte zun\u00e4chst mit einer von der L454 aus Richtung Schifferstadt kommenden 22-j\u00e4hrigen Speyrerin und anschlie\u00dfend mit einem aus Richtung Speyer kommenden 47-j\u00e4hrigen Ludwigshafener. Durch den Unfall wurden zwei Personen schwer verletzt und durch den Rettungsdienst an nahegelegene Krankenh\u00e4user verbracht. Nach aktuellem Stand der Ermittlungen besteht keine Lebensgefahr f\u00fcr die Verletzten. Zwei der drei Fahrzeuge waren nicht mehr fahrbereit. Hier kam es jeweils zum Totalschaden. Es entstand ein Sachschaden von ca. 50.000EUR. Die Unfallstelle musste bis um 23:30 Uhr voll gesperrt werden.<\/p>\n\n\n\n<h2 class=\"wp-block-heading\">(Speyer) &#8211; Verkehrsunfall mit hohem Sachschaden<\/h2>\n\n\n\n<p>Am 04.06.2022 kam es gegen 10:48 Uhr zu einem Verkehrsunfall mit hohem Sachschaden in Speyer. Die 46-j\u00e4hrige Fahrerin eines PKW&#8217;s verlor in der Kurve der Abfahrt der B9 auf die Dudenhofer Stra\u00dfe in Speyer die Kontrolle \u00fcber ihren Skoda Fabia und fuhr \u00fcber die dortige Gr\u00fcnfl\u00e4che. Auf der Gr\u00fcnfl\u00e4che stie\u00df sie gegen ein Verkehrsschild und krachte anschlie\u00dfend frontal gegen ein entgegenkommenden Peugeot. Es entstand ein Sachschaden von ca. 20.000EUR. Alle Insassen sind wohlauf und blieben unverletzt. Die Zufahrt der B9 musste zur Unfallaufnahme und anschlie\u00dfender R\u00e4umung der Fahrzeugteile gesperrt werden.<\/p>\n\n\n\n<h2 class=\"wp-block-heading\">(Speyer) &#8211; Zwei Einbr\u00fcche in einer Nacht<\/h2>\n\n\n\n<ol><li>Am fr\u00fchen Samstagmorgen zwischen 02:00 Uhr und 07:10 Uhr verschafften sich unbekannte T\u00e4ter Zutritt zu einem Tanz-Treff in der Raiffeisenstra\u00dfe. Hierzu kletterten die T\u00e4ter \u00fcber einen Zaun und verschafften sich im Anschluss durch das Einschlagen eines Fensters Zutritt zum Innern. Ersten Ermittlungen zufolge verlie\u00dfen die T\u00e4ter das Objekt ohne Beute.<\/li><li>Ebenfalls am Samstagmorgen, zwischen 04:15 Uhr und 07:45 Uhr, verschafften sich unbekannte T\u00e4ter durch Aufhebeln einer T\u00fcr Zutritt ins Innere eines Vereins in der Seekatzstra\u00dfe, Ecke Gayerstra\u00dfe. Hier durchw\u00fchlten die T\u00e4ter mehrere R\u00e4ume und konnten einen niedrigen dreistelligen Betrag erbeuten.<\/li><\/ol>\n\n\n\n<p>Wer hat im genannten Zeitraum verd\u00e4chtige Personen oder Fahrzeuge im Bereich des Tatortes beobachtet oder kann in sonstiger Weise sachdienliche Hinweise zum Tatgeschehen machen? Zeugenhinweise nimmt die Polizei Speyer unter der Tel. 06232-1370 oder per E-Mail an\u00a0<a href=\"mailto:pispeyer@polizei.rlp.de\">pispeyer@polizei.rlp.de<\/a>\u00a0entgegen.<\/p>\n\n\n\n<h2 class=\"wp-block-heading\">(Schifferstadt) &#8211; Betrugsversuch durch Gewinnversprechen<\/h2>\n\n\n\n<p>Am Freitag den 03.06.2022, gegen 10:00 Uhr, erhielt eine 74-j\u00e4hrige Schifferst\u00e4dterin einen Anruf, in welchem ihr mitgeteilt wurde, dass sie angeblich 38.000EUR gewonnen h\u00e4tte. Vor Auszahlung des Betrages m\u00fcsse sie aber noch 900EUR Geb\u00fchr bezahlen, um sp\u00e4ter den Gewinn zu erhalten. Die 74-j\u00e4hrige erkannte den Betrugsversuch und verst\u00e4ndigte die Polizei.<\/p>\n\n\n\n<h2 class=\"wp-block-heading\">(Limburgerhof) &#8211; Betrugsversuch durch falsche Polizeibeamte<\/h2>\n\n\n\n<p>Eine 67-J\u00e4hrige erhielt am Donnerstag den 02.06.2022, gegen 12:00 Uhr, einen Anruf einer angeblichen Polizeibeamtin der &#8222;Federal Police&#8220; in Berlin. Die weibliche Anruferin forderte Informationen \u00fcber Bank- und Kontodaten von der 67-J\u00e4hrigen. Diese erkannte den Betrugsversuch gl\u00fccklicherweise und beendete das Gespr\u00e4ch. <\/p>\n\n\n\n<h4 class=\"wp-block-heading\">Beachten Sie die Tipps Ihrer Polizei, um sich vor Betrug am Telefon zu sch\u00fctzen:<\/h4>\n\n\n\n<ul><li><strong>Legen Sie den H\u00f6rer auf! Das ist nicht unh\u00f6flich.<\/strong><\/li><li><strong>Die Polizei ruft Sie niemals unter der Polizeinotrufnummer 110 an.<\/strong><\/li><li><strong>\u00dcbergeben Sie nie Geld oder Wertsachen an Unbekannte!<\/strong><\/li><li><strong>Die Polizei wird Sie niemals dazu auffordern, Geld oder Wertsachen herauszugeben.<\/strong><\/li><li><strong>Seien Sie misstrauisch, wenn sich jemand am Telefon mit den Worten &#8222;Rate mal, wer hier spricht!&#8220; oder \u00e4hnlichen       Formulierungen meldet, ohne sich selbst namentlich vorzustellen.<\/strong><\/li><li><strong>Nutzen Sie nicht die R\u00fcckwahltaste! Geben Sie bei R\u00fcckfragen an die Polizei die Telefonnummer der \u00f6rtlichen Dienststelle selbst \u00fcber die Tasten ein.<\/strong><\/li><li><strong>Erstatten Sie Anzeige, falls Sie Opfer geworden sind!<\/strong><\/li><li><strong>Im Notfall w\u00e4hlen Sie die 110, Notruf Polizei!<\/strong><\/li><\/ul>\n\n\n\n<p>Auf der Internet-Seite\u00a0<a target=\"_blank\" rel=\"noreferrer noopener\" href=\"https:\/\/www.polizei-beratung.de\/\">www.polizei-beratung.de<\/a>\u00a0finden Sie umfangreiche Informationen zu diesem Thema.<\/p>\n\n\n\n<h2 class=\"wp-block-heading\">(Neuhofen) &#8211; K\u00f6rperverletzung vor Gastst\u00e4tte<\/h2>\n\n\n\n<p>Ein 52-j\u00e4hriger Neuhofener wurde am Samstagabend (04.06.2022), gegen 23:00 Uhr, vor einer Gastst\u00e4tte in der Woogstra\u00dfe durch einen ebenfalls 52-J\u00e4hrigen mit einem Faustschlag attackiert. Zuvor war dem T\u00e4ter und einem unbekannten Begleiter der Einlass zur Gastst\u00e4tte verwehrt worden. Den T\u00e4ter erwartet nun ein Strafverfahren wegen K\u00f6rperverletzung. Der 52-j\u00e4hrige Neuhofener musste auf Grund des Angriffs zur Behandlung in ein Krankenhaus verbracht werden.<\/p>\n\n\n\n<p>Zeugen die Angaben zu der oben genannten Auseinandersetzung machen k\u00f6nnen werden gebeten, sich mit der Polizeiinspektion Schifferstadt unter 06235 &#8211; 4950 oder via E-Mail unter\u00a0<a href=\"mailto:pischifferstadt@polizei.rlp.de\">pischifferstadt@polizei.rlp.de<\/a>\u00a0in Verbindung zu setzen.<\/p>\n\n\n\n<h2 class=\"wp-block-heading\">(Lustadt) &#8211; Mit 1,4 Promille Poller umgefahren und Hauswand besch\u00e4digt<\/h2>\n\n\n\n<p>Gefl\u00fcchtet ist ein 39-j\u00e4hriger Mann, nachdem er am Samstag, gegen 7 Uhr mit seinem Auto mehrere Poller und eine Hauswand besch\u00e4digt hatte. Das Ermitteln des Verursacherfahrzeugs fiel den Beamten leicht. Dessen Kennzeichen konnte an der Unfallstelle aufgefunden werden. Bei dem Fahrer konnte Alkoholgeruch festgestellt werden. Ein Test ergab einen Wert von 1,4 Promille. Die Polizei entnahm ihm eine Blutprobe und stellte den F\u00fchrerschein sicher.<\/p>\n\n\n\n<h2 class=\"wp-block-heading\">(Germersheim) &#8211; Fahrchips entwendet<\/h2>\n\n\n\n<p>Mehrere hundert Fahrchips eines Karussells entwendete ein unbekannter m\u00e4nnlicher T\u00e4ter am Samstag, gegen 21:15 Uhr auf dem Germersheimer Pfingstmarkt. Wer kann sachdienliche Hinweise geben? Wo werden entsprechende Chips au\u00dferhalb der Fahrgesch\u00e4fte zum Kauf angeboten? Hinweise an die Polizei Germersheim 07274\/9580<\/p>\n\n\n\n<h2 class=\"wp-block-heading\">(W\u00f6rth am Rhein \/ Maximiliansau) &#8211; Zustellrad der Post entwendet<\/h2>\n\n\n\n<p>Eine aufmerksame Nachbarin nahm in den fr\u00fchen Morgenstunden, gegen 04:00 Uhr des 05.06.2022, L\u00e4rm von mehreren Personen auf der Stra\u00dfe wahr. Bei Helligkeit am Morgen stellte sie sodann ein gelbes Zustellrad der Deutschen Post in der Nachbarseinfahrt fest. Bei dem Rad handelt es sich um ein sogenanntes &#8222;E-Trike&#8220; mit Elektroantrieb und zwei Hinterreifen. In der Getr\u00e4nkehalterung des Rades konnte durch die Polizeibeamten eine fast leere Whiskeyflasche sichergestellt werden, welche nun untersucht wird. Wo das Fahrrad entwendet wurde, muss nun ermittelt werden. Der Tatzeitraum bel\u00e4uft sich vermutlich auf die Nacht vom 04.06.2022 auf den 05.06.2022. M\u00f6gliche Zeugen des Vorfalls werden gebeten, sich mit der Polizeiinspektion W\u00f6rth unter der Telefonnummer: 07271\/9221-0 oder per E-Mail:\u00a0<a href=\"mailto:piwoerth@polizei.rlp.de\">piwoerth@polizei.rlp.de<\/a>\u00a0in Verbindung zu setzten.<\/p>\n\n\n\n<h2 class=\"wp-block-heading\">(B 9 \/ W\u00f6rth) &#8211; Mit 3 Promille mit dem Fahrrad auf der B9<\/h2>\n\n\n\n<p>Im Rahmen der Streife fiel Beamten der Polizeiinspektion W\u00f6rth in der Nacht von Samstag auf Sonntag, den 05.06.2022 gegen 00:30 Uhr, ein schlangenlinienfahrender Fahrradfahrer auf der B9 zwischen Langenberg und Kandel-S\u00fcd auf. Mit dem 49-j\u00e4hrigen Fahrradfahrer wurde ein Alkoholtest durchgef\u00fchrt. Dieser ergab einen Wert von 3 Promille. Gegen den 49-J\u00e4hrigen wurde ein Strafverfahren eingeleitet.<\/p>\n\n\n\n<h2 class=\"wp-block-heading\">(Billigheim-Ingenheim) &#8211; Beim Wenden Hauswand besch\u00e4digt und gefl\u00fcchtet<\/h2>\n\n\n\n<p>Ein bislang unbekannter Fahrzeugf\u00fchrer befuhr am Freitagnachmittag (03.06.2022) zwischen 16:30 Uhr und 20:00 Uhr die Pf\u00fctzgasse in Billigheim-Ingenheim. Beim Wenden in einer kleinen Seitengasse stie\u00df der Fahrer gegen die Hauswand des dortigen Anwesens. Hierbei wurden der Putz und das Fallrohr der Dachrinne besch\u00e4digt. Anschlie\u00dfend setzte der Fahrer seine Fahrt fort, ohne sich um den entstandenen Sachschaden zu k\u00fcmmern. Die Schadensh\u00f6he bel\u00e4uft sich auf ca. 1000 Euro. Zeugen werden gebeten, sich bei der Polizeiinspektion Landau unter 06341\/287-0 oder&nbsp;<a href=\"mailto:pilandau@polizei.rlp.de\">pilandau@polizei.rlp.de<\/a>&nbsp;zu melden.<\/p>\n\n\n\n<h2 class=\"wp-block-heading\">(Offenbach an der Queich) &#8211; Mit Alkohol und Drogen in Verkehrskontrolle<\/h2>\n\n\n\n<p>Bei der Verkehrskontrolle eines Audi-Fahrers am Samstagabend (04.06.2022) in Offenbach kam heraus, dass dieser ohne g\u00fcltige Fahrerlaubnis unterwegs war. Zudem konnten Atemalkoholgeruch und drogentypische Auff\u00e4lligkeiten durch die Polizeibeamt*innen festgestellt werden. Als Beschuldigter wegen des Verdachts einer Trunkenheit im Verkehr wollte der 38-j\u00e4hrige Fahrer keine Angaben machen und verweigerte einen freiwilligen Atemalkohol- und Drogenschnelltest. Deshalb wurde ihm auf der Polizeidienststelle eine Blutprobe entnommen. Der Fahrzeugschl\u00fcssel wurde pr\u00e4ventiv sichergestellt und eine Weiterfahrt untersagt.<\/p>\n\n\n\n<h2 class=\"wp-block-heading\">(Landau) &#8211; Schwerverletzt nach alkoholisierter E-Scooter-Fahrt<\/h2>\n\n\n\n<p>Zeugen fanden am Samstagabend (04.06.2022) gegen 23:00 Uhr die bewusstlose 43-j\u00e4hrige Frau neben ihrem E-Scooter im Nu\u00dfdorfer Weg in Landau auf der Stra\u00dfe liegend. Aufgrund der Gegebenheiten an der Unfallstelle konnte davon ausgegangen werden, dass es ohne Fremdeinwirkung und aufgrund der Alkoholisierung der E-Scooter-Fahrerin zum Sturz kam. Sie war ohne Schutzhelm unterwegs und kam mit erheblichen Kopfverletzungen ins Krankenhaus nach Karlsruhe. Eine Blutprobenentnahme wegen des Verdachts auf Trunkenheit im Verkehr wurde veranlasst und eine entsprechende Mitteilung an die F\u00fchrerscheinstelle gesteuert.<\/p>\n\n\n\n<h2 class=\"wp-block-heading\">(A 65 \/ AS Landau-Nord) &#8211; Falschfahrer auf der A65<\/h2>\n\n\n\n<p>Am Samstag, den 04.06.2022 gegen 22:00 Uhr, kam es auf der A65 auf H\u00f6he der Anschlussstelle Landau-Nord zu einer Verkehrsgef\u00e4hrdung durch einen Falschfahrer. Die 22-j\u00e4hrige Gesch\u00e4digte befuhr mit ihrem Pkw die A65 in Fahrtrichtung Karlsruhe. Auf H\u00f6he der Anschlussstelle Landau-Nord fuhr vor ihr ein weiterer Pkw, welcher pl\u00f6tzlich eine 180-Grad-Wende vornahm und in entgegengesetzter Fahrtrichtung auf der \u00dcberholspur in Richtung Neustadt fuhr. Einen Zusammensto\u00df mit dem Falschfahrer konnte die 22-j\u00e4hrige verhindern. Bei dem Pkw soll es sich um einen schwarzen Kombi, m\u00f6glicherweise von der Marke &#8222;Ford&#8220; gehandelt haben. Der Fahrer wurde wie folgt beschrieben: ca. 30-40 Jahre alt, gro\u00df, schlank und kurze schwarze Haare. Zeugenhinweise nimmt die Polizeiinspektion Edenkoben unter der Tel.: 06323 955-0 oder per Mail\u00a0<a href=\"mailto:piedenkoben@polizei.rlp.de\">piedenkoben@polizei.rlp.de<\/a>\u00a0entgegen.<\/p>\n\n\n\n<h2 class=\"wp-block-heading\">(Landau-M\u00f6rzheim) &#8211; Brand von Brotbackofen<\/h2>\n\n\n\n<p>In der Br\u00fchlstra\u00dfe in M\u00f6rzheim geriet am Samstagnachmittag (04.06.2022) aus ungekl\u00e4rten Gr\u00fcnden ein gemauerter Brotbackofen in einer Garage in Brand. Beim Bedienen des Ofens schlugen kleine Flammen aus diesem hervor, die jedoch vom 34-j\u00e4hrigen Benutzer selbst gel\u00f6scht werden konnten. Es entstand kein Geb\u00e4ude- oder Personenschaden. Die Feuerwehr war mit vier Fahrzeugen und 25 Einsatzkr\u00e4ften vor Ort.<\/p>\n\n\n\n<h2 class=\"wp-block-heading\">(Landau-Godramstein) &#8211; Streit \u00fcber Sauberkeit in der WG endet in K\u00f6rperverletzung<\/h2>\n\n\n\n<p>Am Samstagnachmittag (04.06.2022) gerieten zwei M\u00e4nner \u00fcber die Sauberkeit in ihrer WG in Streit. Der 48-j\u00e4hrige Beschuldigte hatte keine Lust, der Aufforderung seines 35-j\u00e4hrigen Mitbewohners zu folgen und das WC richtig zu reinigen. Es kam zu Handgreiflichkeiten bei denen der Beschuldigte seinen Mitbewohner mit der Hand ins Gesicht schlug wodurch dieser leichte R\u00f6tungen und Kratzer davontrug. Der Schmutzfink muss sich nun wegen K\u00f6rperverletzung verantworten.<\/p>\n\n\n\n<h2 class=\"wp-block-heading\">(Landau) &#8211; Rollerfahrt mit Versto\u00df gegen jede Regel<\/h2>\n\n\n\n<p>Am Freitag (03.06.2022) gegen 13:00 Uhr fiel einer Polizeistreife eine Rollerfahrerin auf, die ohne Helm auf dem Ostring in Landau fuhr. Bei der anschlie\u00dfenden Verkehrskontrolle fiel auf, dass die 24-j\u00e4hrige Rollerfahrerin nicht im Besitz der erforderlichen Fahrerlaubnis war und zudem an dem Roller lediglich ein Versicherungskennzeichen aus dem Jahr 2019 angebracht war. Da die Rollerfahrerin dazu noch drogentypische Auffallerscheinungen zeigte und zugab, einen Tag vorher einen Joint geraucht zu haben, wurde eine Blutprobenentnahme veranlasst. Die 24-J\u00e4hrige muss sich nun wegen des Fahrens ohne Fahrerlaubnis, eines Versto\u00dfes gegen das Pflichtversicherungsgesetz sowie wegen des Verdachts wegen Trunkenheit im Verkehr verantworten. Die Weiterfahrt wurde ihr untersagt und der Fahrzeugschl\u00fcssel sowie das Versicherungskennzeichen sichergestellt.<\/p>\n\n\n\n<h2 class=\"wp-block-heading\">(Rhodt unter Rietburg) &#8211; Verletzter Turmfalke aufgefunden<a href=\"https:\/\/www.facebook.com\/sharer.php?u=https%3A%2F%2Fwww.presseportal.de%2Fblaulicht%2Fpm%2F117686%2F5240127%2F%3Futm_source%3Dfacebook%26utm_medium%3Dsocial\"><\/a><a href=\"https:\/\/twitter.com\/intent\/tweet?text=POL-PDLD%3A%20Verletzter%20Turmfalke%20aufgefunden&amp;url=https%3A%2F%2Fwww.presseportal.de%2Fblaulicht%2Fpm%2F117686%2F5240127%2F%3Futm_source%3Dtwitter%26utm_medium%3Dsocial&amp;hashtags=ots&amp;lang=de\"><\/a><a href=\"https:\/\/web.whatsapp.com\/send?text=POL-PDLD%3A%20Verletzter%20Turmfalke%20aufgefunden%0A%0Ahttps%3A%2F%2Fwww.presseportal.de%2Fblaulicht%2Fpm%2F117686%2F5240127%2F%3Futm_source%3Dwhatsapp%26utm_medium%3Dsocial\"><\/a><a href=\"https:\/\/www.xing.com\/app\/user?op=share;url=https%3A%2F%2Fwww.presseportal.de%2Fblaulicht%2Fpm%2F117686%2F5240127%2F%3Futm_source%3Dxing%26utm_medium%3Dsocial\"><\/a><a href=\"http:\/\/www.linkedin.com\/shareArticle?mini=true&amp;url=https%3A%2F%2Fwww.presseportal.de%2Fblaulicht%2Fpm%2F117686%2F5240127%2F%3Futm_source%3Dlinkedin%26utm_medium%3Dsocial&amp;title=POL-PDLD%3A+Verletzter+Turmfalke+aufgefunden\"><\/a><a href=\"mailto:?subject=POL-PDLD%3A%20Verletzter%20Turmfalke%20aufgefunden&amp;body=https:\/\/www.presseportal.de\/blaulicht\/pm\/117686\/5240127\"><\/a><\/h2>\n\n\n\n<div class=\"wp-block-image\"><figure class=\"aligncenter size-full\"><img decoding=\"async\" loading=\"lazy\" width=\"800\" height=\"585\" src=\"https:\/\/speyer24news.com\/wp-content\/uploads\/2022\/06\/Turmfalke.jpeg\" alt=\"\" class=\"wp-image-46629\" srcset=\"https:\/\/speyer24news.com\/wp-content\/uploads\/2022\/06\/Turmfalke.jpeg 800w, https:\/\/speyer24news.com\/wp-content\/uploads\/2022\/06\/Turmfalke-300x219.jpeg 300w, https:\/\/speyer24news.com\/wp-content\/uploads\/2022\/06\/Turmfalke-768x562.jpeg 768w, https:\/\/speyer24news.com\/wp-content\/uploads\/2022\/06\/Turmfalke-80x60.jpeg 80w\" sizes=\"(max-width: 800px) 100vw, 800px\" \/><\/figure><\/div>\n\n\n\n<p>Durch eine Hotelangestellte wurde am Samstagmittag ein verletzter Greifvogel vor einem Hotel gemeldet. Der Greifvogel k\u00f6nne nicht mehr fliegen und w\u00fcrde vergeblich nach Futter suchen. Der Greifvogel wurde daraufhin durch die Beamten behutsam eingefangen und in einem luftdurchl\u00e4ssigen Karton zur Greifvogelstation in Ha\u00dfloch verbracht. Dort stellte sich heraus, dass es sich um einen jungen Turmfalken handelt. Der Turmfalke wird nun durch die Greifvogelstation wieder aufgep\u00e4ppelt.<\/p>\n\n\n\n<h2 class=\"wp-block-heading\">(Edenkoben) &#8211; Schritttempo?<\/h2>\n\n\n\n<div class=\"wp-block-image\"><figure class=\"aligncenter size-full\"><img decoding=\"async\" loading=\"lazy\" width=\"800\" height=\"527\" src=\"https:\/\/speyer24news.com\/wp-content\/uploads\/2022\/06\/Spielstrasse-Schild-Schritttempo.jpg\" alt=\"\" class=\"wp-image-46630\" srcset=\"https:\/\/speyer24news.com\/wp-content\/uploads\/2022\/06\/Spielstrasse-Schild-Schritttempo.jpg 800w, https:\/\/speyer24news.com\/wp-content\/uploads\/2022\/06\/Spielstrasse-Schild-Schritttempo-300x198.jpg 300w, https:\/\/speyer24news.com\/wp-content\/uploads\/2022\/06\/Spielstrasse-Schild-Schritttempo-768x506.jpg 768w\" sizes=\"(max-width: 800px) 100vw, 800px\" \/><\/figure><\/div>\n\n\n\n<p>Am fr\u00fchen Sonntagabend wurde durch die Polizei Edenkoben die Einhaltung der Schrittgeschwindigkeit im verkehrsberuhigten Bereich der Rhodter Stra\u00dfe in Edenkoben \u00fcberwacht. In wenig mehr als einer Stunde mussten 12 Fahrzeugf\u00fchrer beanstandet werden, da sie schneller als mit Schritttempo unterwegs waren.<\/p>\n\n\n\n<h2 class=\"wp-block-heading\">(Edenkoben) &#8211; M\u00fcll auf Feldweg verbrannt<\/h2>\n\n\n\n<div class=\"wp-block-image\"><figure class=\"aligncenter size-full\"><img decoding=\"async\" loading=\"lazy\" width=\"800\" height=\"541\" src=\"https:\/\/speyer24news.com\/wp-content\/uploads\/2022\/06\/Brandstelle.jpeg\" alt=\"\" class=\"wp-image-46631\" srcset=\"https:\/\/speyer24news.com\/wp-content\/uploads\/2022\/06\/Brandstelle.jpeg 800w, https:\/\/speyer24news.com\/wp-content\/uploads\/2022\/06\/Brandstelle-300x203.jpeg 300w, https:\/\/speyer24news.com\/wp-content\/uploads\/2022\/06\/Brandstelle-768x519.jpeg 768w\" sizes=\"(max-width: 800px) 100vw, 800px\" \/><\/figure><\/div>\n\n\n\n<p>Am Samstagmorgen, den 05.06.2022 gegen 08:40 Uhr, teilte ein Spazierg\u00e4nger eine noch qualmende Brandstelle auf einem Feldweg zwischen Edenkoben und Rhodt unter Rietburg der Polizei Edenkoben mit. Offensichtlich wurde dort M\u00fcll verbrannt. Vor Ort konnten die Beamten einen gr\u00f6\u00dferen und noch qualmenden Aschehaufen feststellen. Offensichtlich wurde durch die unbekannten T\u00e4ter Farbdosen, Kleidung sowie Gummischl\u00e4uche und weiteres auf dem Feldweg verbrannt. Durch die Feuerwehr Edenkoben konnte der Kleinbrand gel\u00f6scht werden. Zu einem Fremdschaden kam es nicht. T\u00e4terhinweise liegen bisher keine vor. Zeugenhinweise nimmt die Polizei Edenkoben unter der Tel.: 06323 955-0 oder per Mail:\u00a0<a href=\"mailto:piedenkoben@polizei.rlp.de\">piedenkoben@polizei.rlp.de<\/a>\u00a0entgegen.<\/p>\n\n\n\n<h2 class=\"wp-block-heading\">(Maxdorf) &#8211; Verkehrsunfall durch stark alkoholisierten Fahrradfahrer<\/h2>\n\n\n\n<p>Am sp\u00e4ten Samstagnachmittag kam es in der Bahnhofstra\u00dfe in Maxdorf zu einem Verkehrsunfall zwischen einem Fahrradfahrer und einem geparkten Pkw. Der 60-j\u00e4hrige Fahrradfahrer kollidierte aufgrund seiner starken Alkoholisierung mit dem am Stra\u00dfenrand abgestellten Pkw und st\u00fcrzte zu Boden. Der Fahrradfahrer aus Dannstadt-Schauernheim verletzte sich dabei leicht. Am Pkw entstand Sachschaden in H\u00f6he von ca.500Euro. Gegen den 60-J\u00e4hrigen wurde ein Ermittlungsverfahren wegen Gef\u00e4hrdung des Stra\u00dfenverkehrs gem\u00e4\u00df \u00a7 315c StGB eingeleitet und eine Blutprobe entnommen.<\/p>\n\n\n\n<p>In den letzten Tagen und Wochen fallen immer wieder Fahrradfahrer mit hohen Alkoholwerten auf, welche sich der Folgen nicht bewusst sind. Nach derzeitig geltender Rechtsprechung gilt ein Fahrradfahrer ab einem Alkoholwert von 1,6 Promille als absolut fahrunt\u00fcchtig und macht sich nach \u00a7 316 StGB einer Trunkenheitsfahrt strafbar. Bereits mit einem Alkoholwert zwischen 0,3 Promille und 1,59 Promille ist eine Strafbarkeit nach \u00a7 316 StGB m\u00f6glich, wenn eine &#8222;relative Fahrunt\u00fcchtigkeit&#8220; vorliegt. Ein Fahrzeugf\u00fchrer ist, im Gegensatz zu der &#8222;absoluten Fahrunt\u00fcchtigkeit&#8220; ab 1,6 Promille &#8222;relativ fahrunt\u00fcchtig&#8220; wenn zu der Alkoholisierung eine sogenannte Ausfallerscheinung, wie z.B. das Fahren in Schlangenlinien hinzukommt.<\/p>\n\n\n\n<p>Eine Entziehung der Fahrerlaubnis durch die Fahrerlaubnisbeh\u00f6rde ist auch dann m\u00f6glich, wenn ein F\u00fchrerscheininhaber alkoholisiert mit einem nicht f\u00fchrerscheinpflichtigen Fahrzeug, z.B. einem Fahrrad, am \u00f6ffentlichen Stra\u00dfenverkehr teilnimmt und sich hieraus Hinweise auf eine Nichteignung zum F\u00fchren von Kraftfahrzeugen ergeben.<\/p>\n\n\n\n<h2 class=\"wp-block-heading\">(Frankenthal) &#8211; T\u00e4ter nach mehreren Fahrraddiebst\u00e4hlen aufgegriffen \/ Eigent\u00fcmer und Zeugen gesucht<\/h2>\n\n\n\n<p>In der Nacht zum Pfingstsonntag kam es im Stadtgebiet Frankenthal zu mehreren versuchten und vollendeten Fahrraddiebst\u00e4hlen. In einem Fall wurden mehrere m\u00e4nnliche Personen in der He\u00dfheimer Stra\u00dfe von Anwohnern auf frischer Tat ertappt und sind daraufhin gefl\u00fcchtet. In einem anderen Fall wurde ein an einem Schnellrestaurant in der Wormser Stra\u00dfe angeschlossenes Rennrad entwendet.<\/p>\n\n\n\n<p>In den darauffolgenden Morgenstunden des Pfingstsonntags wurde das in Frankenthal entwendeten Rennrad im Rahmen eines polizeilichen Einsatzes in Gr\u00fcnstadt bei einer vierk\u00f6pfigen Personengruppe festgestellt. Die zwischen 18 und 23 Jahren alten M\u00e4nner f\u00fchrten neben dem Rennrad noch zwei weitere Fahrr\u00e4der mit sich. Die M\u00e4nner gaben zu, alle drei Fahrr\u00e4der zuvor in Frankenthal entwendet zu haben. Alle Fahrr\u00e4der wurden sichergestellt. Das Rennrad konnte bereits seinem rechtm\u00e4\u00dfigen Eigent\u00fcmer wieder ausgeh\u00e4ndigt werden. Die zwei anderen Fahrr\u00e4der konnten noch nicht zugeordnet werden.<\/p>\n\n\n\n<p>Es handelt sich um ein silbernes Damenrad des Herstellers Pegasus und ein braun-gr\u00fcnes Jugendrad des Herstellers Ruhrwerk. Die Eigent\u00fcmer der Fahrr\u00e4der werden gebeten sich bei der Polizei Frankenthal zu melden. Zur Aush\u00e4ndigung der Fahrr\u00e4der ist ein geeigneter Eigentumsnachweise n\u00f6tig.<\/p>\n\n\n\n<p>Gegen die M\u00e4nner wurden Strafverfahren wegen Diebstahls eingeleitet.<\/p>\n\n\n\n<p>Zeugen werden gebeten sich an die Polizeiinspektion Frankenthal unter der Tel.-Nr.: 06233\/313-0 oder an die Polizeiwache Maxdorf unter der Tel.-Nr.: 06237\/934-1100 zu wenden. Gerne nehmen wir Ihre Hinweise auch per E-Mail unter\u00a0<a href=\"mailto:pifrankenthal@polizei.rlp.de\">pifrankenthal@polizei.rlp.de<\/a>\u00a0entgegen.<\/p>\n\n\n\n<h2 class=\"wp-block-heading\">(Mannheim-Luzenberg) &#8211; Zwei Schwerverletzte nach Unfall in der Sandhofener Stra\u00dfe<\/h2>\n\n\n\n<h3 class=\"has-text-align-center wp-block-heading\">Pressemeldung Nr. 2<\/h3>\n\n\n\n<p>Am fr\u00fchen Sonntagmorgen gegen 08.00 Uhr geriet die 59-j\u00e4hrige Fahrerin eines Ford KA bei regennasser Fahrbahn vermutlich aufgrund nicht angepasster Geschwindigkeit in der Sandhofener Stra\u00dfe ins Schleudern und prallte, nachdem sie einen geparkten Opel Astra touchiert hatte, zun\u00e4chst gegen einen Hochspannungsmast. Im weiteren Verlauf touchierte sie einen ebenfalls geparkten Seat bevor ihr Wagen zum Stehen kam. Sowohl die Unfallverursacherin, als auch ihre 18-j\u00e4hrige Beifahrerin wurden bei dem Unfall schwer verletzt und zur Behandlung in Mannheimer Krankenh\u00e4user eingeliefert. Der Sachschaden d\u00fcrfte sich auf ca. 11.000 Euro belaufen. Der Stra\u00dfenbahnverkehr war w\u00e4hrend der Unfallaufnahme f\u00fcr knapp 1,5 Stunden unterbrochen, weshalb die RNV f\u00fcr den Zeitraum einen Schienenersatzverkehr einrichtete.<\/p>\n\n\n\n<h2 class=\"wp-block-heading\">(A 6 \/ Hockenheim \/ Rhein-Neckar-Kreis) &#8211; Sperrung der A 6 in Fahrtrichtung S\u00fcden nach Unfall von Motorradfahrer<\/h2>\n\n\n\n<p>Nach einem Unfall eines Motorradfahrers auf der A 6 auf H\u00f6he des Autobahndreiecks Hockenheim musste die Richtungsfahrbahn nach S\u00fcden um 15.30 Uhr f\u00fcr die Zeit der Unfallaufnahme gesperrt werden. Es kommt auch ein Rettungshubschrauber zum Einsatz.<\/p>\n\n\n\n<h3 class=\"has-text-align-center wp-block-heading\">Pressemeldung Nr. 2<\/h3>\n\n\n\n<p>Am Sonntagnachmittag, gg. 15:15 Uhr, kam es auf der BAB 6 in Fahrtrichtung Heilbronn, kurz vor dem Autobahndreieck Hockenheim, zu einem schweren Verkehrsunfall mit einem Motorradfahrer. Nach derzeitigem Ermittlungsstand fuhr ein 57-J\u00e4hriger, welcher in Begleitung von mehreren weiteren Motorradfahrern unterwegs gewesen war, mit seiner Harley-Davidson aufgrund von Unachtsamkeit ungebremst auf einen vor ihm fahrenden Opel auf. Der Motorradfahrer wurde hierbei von seinem Fahrzeug geschleudert und kam auf dem linken Fahrstreifen zum Liegen. Er zog sich schwere, jedoch nicht lebensgef\u00e4hrliche, Verletzungen zu und wurde mit einem Rettungshubschrauber in ein umliegendes Krankenhaus geflogen. Die 24-j\u00e4hrige Opelfahrerin blieb unverletzt. Die Ermittlungen zum genauen Unfallhergang hat der Verkehrsdienst Walldorf \u00fcbernommen.<\/p>\n\n\n\n<p>Der entstandene Sachschaden wird auf ca. 16.200 Euro gesch\u00e4tzt. Das Motorrad war nicht mehr fahrbereit und musste abgeschleppt werden.<\/p>\n\n\n\n<p>F\u00fcr die Dauer der Unfallaufnahme mussten teilweise beide Fahrstreifen gesperrt werden. Es bildete sich ein R\u00fcckstau von ca. 4 km.<\/p>\n\n\n\n<h2 class=\"wp-block-heading\">(A 6 \/ St. Leon-Rot \/ Rhein-Neckar-Kreis) &#8211; Sieben leicht verletzte Personen nach Auffahren auf Unfallstelle<\/h2>\n\n\n\n<p>Am fr\u00fchen Sonntagmorgen, gegen 01.40 Uhr, fuhr ein 37-J\u00e4hriger mit seinem Mercedes Sprinter, auf der BAB 6 in Fahrtrichtung Mannheim kurz vor dem Autobahnkreuz Walldorf, in eine abgesicherte Unfallstelle. Vor Ort waren bereits ein Streifenwagen sowie ein Krankentransportwagen und sicherten einen verunfallten Mercedes ab. Der Sprinter-Fahrer erkannte die Situation zu sp\u00e4t und kollidierte mit dem Streifenwagen. Durch den Aufprall wurde der Streifenwagen in den Krankentransportwagen geschleudert. Bei dem Unfall wurden die beiden Insassen des Sprinters, die Besatzung des Streifenwagens, die Besatzung des Krankentransportwagens und eine darin befindliche 21-J\u00e4hrige, die nach dem Wildunfall behandelt wurde, leicht verletzt. W\u00e4hrend der Unfallaufnahme und zur anschlie\u00dfenden Fahrbahnreinigung wurden zwei der insgesamt drei Fahrspuren gesperrt. Alle beteiligten Fahrzeuge waren nicht mehr fahrbereit und mussten abgeschleppt werden. Um 07.20 Uhr waren die Reinigungsma\u00dfnahmen beendet und alle Fahrstreifen konnten wieder frei befahren werden. Aufgrund der geringen Verkehrsdichte kam es zu keinem nennenswerten R\u00fcckstau.<\/p>\n","protected":false},"excerpt":{"rendered":"<div class=\"mh-excerpt\"><p>Polizeimeldungen vom Sonntag (05.06.2022) (Speyer) &#8211; In die Haare bekommen \/ K\u00f6rperverletzung in der Halle 101 Am 04.06.2022 kam es w\u00e4hrend einer Party in der Halle 101 zu einer K\u00f6rperverletzung zwischen zwei Frauen. Eine 22-j\u00e4hrige <a class=\"mh-excerpt-more\" href=\"https:\/\/speyer24news.com\/?p=46627\" title=\"Polizei\">[&#8230;]<\/a><\/p>\n<\/div>","protected":false},"author":3,"featured_media":26162,"comment_status":"open","ping_status":"open","sticky":false,"template":"","format":"standard","meta":{"_monsterinsights_skip_tracking":false,"_monsterinsights_sitenote_active":false,"_monsterinsights_sitenote_note":"","_monsterinsights_sitenote_category":0,"footnotes":""},"categories":[12],"tags":[7243,7244,3614,702,61,2555,6955,6986,6263,63,105,11150,6987,53,4854,13534,4683,1548,4905,11592,102,13626,213,14325,14324,13553,13541,55,8277,6368,5261,103,106,2803,2423,427,2625,380,62,104,979,1565],"aioseo_notices":[],"amp_enabled":true,"_links":{"self":[{"href":"https:\/\/speyer24news.com\/index.php?rest_route=\/wp\/v2\/posts\/46627"}],"collection":[{"href":"https:\/\/speyer24news.com\/index.php?rest_route=\/wp\/v2\/posts"}],"about":[{"href":"https:\/\/speyer24news.com\/index.php?rest_route=\/wp\/v2\/types\/post"}],"author":[{"embeddable":true,"href":"https:\/\/speyer24news.com\/index.php?rest_route=\/wp\/v2\/users\/3"}],"replies":[{"embeddable":true,"href":"https:\/\/speyer24news.com\/index.php?rest_route=%2Fwp%2Fv2%2Fcomments&post=46627"}],"version-history":[{"count":1,"href":"https:\/\/speyer24news.com\/index.php?rest_route=\/wp\/v2\/posts\/46627\/revisions"}],"predecessor-version":[{"id":46632,"href":"https:\/\/speyer24news.com\/index.php?rest_route=\/wp\/v2\/posts\/46627\/revisions\/46632"}],"wp:featuredmedia":[{"embeddable":true,"href":"https:\/\/speyer24news.com\/index.php?rest_route=\/wp\/v2\/media\/26162"}],"wp:attachment":[{"href":"https:\/\/speyer24news.com\/index.php?rest_route=%2Fwp%2Fv2%2Fmedia&parent=46627"}],"wp:term":[{"taxonomy":"category","embeddable":true,"href":"https:\/\/speyer24news.com\/index.php?rest_route=%2Fwp%2Fv2%2Fcategories&post=46627"},{"taxonomy":"post_tag","embeddable":true,"href":"https:\/\/speyer24news.com\/index.php?rest_route=%2Fwp%2Fv2%2Ftags&post=46627"}],"curies":[{"name":"wp","href":"https:\/\/api.w.org\/{rel}","templated":true}]}}