{"id":46648,"date":"2022-06-08T06:58:44","date_gmt":"2022-06-08T05:58:44","guid":{"rendered":"https:\/\/speyer24news.com\/?p=46648"},"modified":"2022-06-08T07:03:22","modified_gmt":"2022-06-08T06:03:22","slug":"polizei-830","status":"publish","type":"post","link":"https:\/\/speyer24news.com\/?p=46648","title":{"rendered":"Polizei"},"content":{"rendered":"<style type=\"text\/css\">\r\n\t.ads_top_disp{}\r\n\t.ads_top_corner_disp{ float:left; margin:0px 10px 10px 0px; }\r\n\t.ads_first_p_disp{}\r\n\t.ads_bottom_disp{}\r\n\t<\/style>\n<h2 class=\"wp-block-heading\">Polizeimeldungen vom Dienstag (07.06.2022)<\/h2>\n\n\n\n<div class=\"wp-block-image\"><figure class=\"aligncenter size-full\"><img decoding=\"async\" loading=\"lazy\" width=\"375\" height=\"500\" src=\"https:\/\/speyer24news.com\/wp-content\/uploads\/2022\/03\/Aktuelles-Polizeilogo.jpg\" alt=\"\" class=\"wp-image-43591\" srcset=\"https:\/\/speyer24news.com\/wp-content\/uploads\/2022\/03\/Aktuelles-Polizeilogo.jpg 375w, https:\/\/speyer24news.com\/wp-content\/uploads\/2022\/03\/Aktuelles-Polizeilogo-225x300.jpg 225w\" sizes=\"(max-width: 375px) 100vw, 375px\" \/><\/figure><\/div>\n\n\n\n<h2 class=\"wp-block-heading\">(Speyer) &#8211; Ohne Fahrerlaubnis und Versicherungsschutz unterwegs<\/h2>\n\n\n\n<p>Bei einer Streifenfahrt am Montag kurz nach 18:00 Uhr auf dem Mitfahrerparkplatz in Speyer Nord, fiel zwei Polizisten ein Motorradfahrer auf. Bei Erblicken des Streifenwagens sprang der Mann von seinem Motorrad und stellte sich daneben. Schnell war der Grund f\u00fcr sein pl\u00f6tzliches Absteigen klar: Der 21-J\u00e4hrige war nicht in Besitz einer Fahrerlaubnis. Zudem verf\u00fcgte das Motorrad \u00fcber keinen Versicherungsschutz. Der jungen Mann aus Speyer erwartet nun ein Strafverfahren<\/p>\n\n\n\n<h2 class=\"wp-block-heading\">(Speyer) &#8211; Verkehrs\u00fcberwachung im Stadtgebiet<\/h2>\n\n\n\n<p>Insgesamt 18 Verkehrskontrollen wurden am Montag zwischen 09:30 Uhr und 11:30 Uhr in der Wormser Landstra\u00dfe durchgef\u00fchrt. Bei 14 Verkehrsteilnehmen kam es zu keinerlei Beanstandungen. In drei F\u00e4llen stellten die Beamten aufgrund fehlender Warnwesten\/Verbandskasten oder nicht mit gef\u00fchrtem F\u00fchrerschein einen M\u00e4ngelbericht aus. Einen Radfahrer erwartet ein Ordnungswidrigkeitenverfahren, da er w\u00e4hrend der Fahrt ein Mobiltelefon nutzte.<\/p>\n\n\n\n<h2 class=\"wp-block-heading\">(Waldsee) &#8211; Rollerfahrer ohne F\u00fchrerschein unterwegs<\/h2>\n\n\n\n<p>Am 07.06.2022 kurz nach Mitternacht, wurde in der Schlichtstra\u00dfe ein 32-j\u00e4hriger Fahrer eines Motorrollers aufgrund seines auff\u00e4lligen Fahrverhaltens kontrolliert. Nachdem der Rollerfahrer urspr\u00fcnglich einem Funkstreifenwagen entgegenfuhr, wendete er bei Erblicken des Polizeifahrzeugs direkt und fuhr in die entgegengesetzte Richtung. Bei der anschlie\u00dfenden Kontrolle \u00e4rgerte sich der Rollerfahrer \u00fcber das Anhalten und die Frage nach seinem F\u00fchrerschein. Er gab an, die Fahrerlaubnis zu Hause vergessen zu haben. Dies konnte durch eine \u00dcberpr\u00fcfung so nicht best\u00e4tigt werden. Dem Rollerfahrer wurde die Fahrerlaubnis bereits vor zehn Jahren entzogen. Die Weiterfahrt wurde daraufhin untersagt, der Schl\u00fcssel des Motorrollers entzogen und weitere strafrechtliche Ermittlungen werden folgen.<\/p>\n\n\n\n<h2 class=\"wp-block-heading\">(B\u00f6hl-Iggelheim) &#8211; Trunkenheitsfahrt<\/h2>\n\n\n\n<p>Durch eine aufmerksame Verkehrsteilnehmerin wurde am 06.06.2022, kurz nach 06:00 Uhr mitgeteilt, dass ein PKW-Fahrer von der Autobahn A61 kommend in Schlangenlinien in Richtung B\u00f6hl-Iggelheim unterwegs war. Bei dem 20-j\u00e4hrigen Fahrer des betreffenden PKW, welcher seine Fahrereigenschaft anfangs bestritt sich dann aber in Widerspr\u00fcche verstrickte, konnte Alkohol in der Atemluft festgestellt werden. Ein durchgef\u00fchrter Test ergab einen Wert von 1,82 Promille. Im Weiteren erfolgte bei dem Verantwortlichen eine Blutentnahme, die Beschlagnahme des F\u00fchrerscheins und eine Strafanzeige.<\/p>\n\n\n\n<h2 class=\"wp-block-heading\">(Dudenhofen) &#8211; Versuchter Einbruch in Werkstatt<\/h2>\n\n\n\n<p>Wie am Montagmorgen festgestellt wurde, versuchten Unbekannte in die R\u00e4umlichkeiten einer Werkstatt in der Speyerer Stra\u00dfe einzudringen. Nach ersten Erkenntnissen wurde nichts entwendet.<\/p>\n\n\n\n<p>Zeugen, die insbesondere \u00fcber das Pfingstwochenende verd\u00e4chtige Personen oder Fahrzeuge im Bereich der Speyerer Stra\u00dfe festgestellt haben, werden gebeten, sich unter der Rufnummer 06232\/137-0 oder per Email (<a href=\"mailto:pispeyer@polizei.rlp.de\">pispeyer@polizei.rlp.de<\/a>) bei der Polizei in Speyer zu melden.<\/p>\n\n\n\n<h2 class=\"wp-block-heading\">(Germersheim) &#8211; Auto landet im Gr\u00fcnstreifen<\/h2>\n\n\n\n<p>In der Nacht von Montag auf Dienstag befuhr ein 26-j\u00e4hriger Autofahrer die Landstra\u00dfe zwischen H\u00f6rdt und Sondernheim. Dort kam er in einer Rechtskurve von der Fahrbahn ab und blieb im Stra\u00dfengraben stehen. W\u00e4hrend der Unfallaufnahme stellten die Beamtem fest, dass er offenbar unter dem Einfluss von Bet\u00e4ubungsmitteln stand. Daher wurde ihm auf der Dienststelle eine Blutprobe entnommen und ein entsprechendes Strafverfahren eingeleitet. Der Sachschaden bel\u00e4uft sich auf etwa 2000 EUR.<\/p>\n\n\n\n<h2 class=\"wp-block-heading\">(Germersheim \/ Verbandsgemeinde Bad Bergzabern) &#8211; Aktuelle Warnmeldung der Polizeidirektion Landau<\/h2>\n\n\n\n<div class=\"wp-block-image\"><figure class=\"aligncenter size-full\"><img decoding=\"async\" loading=\"lazy\" width=\"578\" height=\"572\" src=\"https:\/\/speyer24news.com\/wp-content\/uploads\/2021\/10\/Telefonbetrug-geschnitten.jpg\" alt=\"\" class=\"wp-image-41297\" srcset=\"https:\/\/speyer24news.com\/wp-content\/uploads\/2021\/10\/Telefonbetrug-geschnitten.jpg 578w, https:\/\/speyer24news.com\/wp-content\/uploads\/2021\/10\/Telefonbetrug-geschnitten-300x297.jpg 300w\" sizes=\"(max-width: 578px) 100vw, 578px\" \/><\/figure><\/div>\n\n\n\n<p>Die Polizeidirektion Landau m\u00f6chte Sie darauf hinweisen, dass es aktuell (07.06.2022 \u2013 12:49) in den Bereichen Germersheim und Verbandsgemeinde Bad Bergzabern vermehrt zu Anrufen bei \u00e4lteren Menschen kommt, bei denen es sich um Betrugsversuche im Bereich falscher Polizeibeamter (&#8222;Europol&#8220;) und Schock-Anrufe (angebliche Beteiligung eines Angeh\u00f6rigen an einem t\u00f6dlichen Verkehrsunfall) handeln k\u00f6nnte.<\/p>\n\n\n\n<ul><li><strong>Geben Sie am Telefon keine Auskunft \u00fcber Ihre pers\u00f6nlichen und finanziellen Verh\u00e4ltnisse oder andere sensible Daten.<\/strong><\/li><li><strong>\u00d6ffnen Sie unbekannten Personen nicht die T\u00fcr. Ziehen Sie gegebenenfalls eine Vertrauensperson hinzu, z. B. Nachbarn oder nahe Verwandte.<\/strong><\/li><li><strong>\u00dcbergeben Sie unbekannten Personen kein Geld oder Wertsachen.<\/strong><\/li><\/ul>\n\n\n\n<p>Wenden Sie sich an das \u00f6rtliche Polizeirevier. Erz\u00e4hlen Sie der Polizei von den Anrufen. Die Polizeidirektion Landau ist f\u00fcr Sie da! Telefonnummer: 06341-287-0.<\/p>\n\n\n\n<h2 class=\"wp-block-heading\">(Rheinzabern) &#8211; Verkehrsunfallflucht mit hohem Sachschaden<\/h2>\n\n\n\n<p>Als der Fahrer eines BMW am Pfingstsonntag an sein in Rheinzabern in der Janusstra\u00dfe geparktes Fahrzeug zur\u00fcckkam, stellte er einen frischen Unfallschaden fest. Die Schadensh\u00f6he wird mit ca. 4000 Euro beziffert. Der verantwortliche Fahrzeugf\u00fchrer des Unfallfahrzeugs ist derzeit noch unbekannt, die Polizei ermittelt. Zeugen des Unfalls werden gebeten, sich an die Polizeiinspektion W\u00f6rth am Rhein zu wenden.<\/p>\n\n\n\n<h2 class=\"wp-block-heading\">(Jockgrim) &#8211; Betrunken, bekifft, ohne Helm und ohne Versicherungsschutz auf Roller unterwegs<\/h2>\n\n\n\n<p>Der 35-j\u00e4hrige Beschuldigte befuhr gemeinsam mit seiner 44-j\u00e4hrigen Sozia auf einem Kleinkraftrad die L540 von W\u00f6rth kommend in Richtung Jockgrim. Die zuf\u00e4llig entgegenkommenden Streifenbeamten erkannten im Vorbeifahren, dass beide keinen Schutzhelm trugen. Daraufhin wendete die Streifenwagenbesatzung und konnte die Beteiligten schlie\u00dflich an der Einfahrt zu den Wasserwerken Jockgrim feststellen, wo das Kleinkraftrad an einem Geb\u00fcsch abgestellt war und die Beteiligten sich offenbar vor den Beamten verstecken wollten. Im Rahmen der darauffolgenden Verkehrskontrolle stellte sich heraus, dass das Kleinkraftrad \u00fcber keinen g\u00fcltigen Versicherungsschutz verf\u00fcgte. Zudem konnte beim Fahrer Atemalkoholgeruch wahrgenommen werden. Ein durchgef\u00fchrter Atemalkoholtest ergab einen Wert von 2,32 Promille. Weiter gab der Beschuldigte an, vor wenigen Tagen Cannabis konsumiert zu haben. Da er jedoch einen Urintest zur Verifizierung seiner Drogenbeeinflussung verweigerte, wurde er direkt zur Durchf\u00fchrung einer Blutentnahme auf die Polizeidienststelle verbracht. Auch bez\u00fcglich der Eigentumsverh\u00e4ltnisse machte der beschuldigte Kleinkraftradfahrer widerspr\u00fcchliche Angaben. Da das Fahrzeug trotz eingehender \u00dcberpr\u00fcfung nicht identifiziert werden konnte, wurde es durch die Polizisten sichergestellt und die Abschleppung veranlasst.<\/p>\n\n\n\n<h2 class=\"wp-block-heading\">(W\u00f6rth) &#8211; 69-J\u00e4hriger badet im Rhein<\/h2>\n\n\n\n<p>Durch die Wasserschutzpolizei Karlsruhe wurde der Polizei in W\u00f6rth ein im Rhein schwimmender Mann gemeldet. Zwei Polizeistreifen, die innerhalb weniger Minuten am Einsatzort eintrafen, konnten den nackten Mann am Uferbereich feststellen, als er gerade dabei war, sich eine Jacke anzuziehen. Der 69-J\u00e4hrige Hesse gab gegen\u00fcber den Polizeibeamten an, dass er t\u00e4glich in unterschiedlichen Gew\u00e4ssern schwimmen w\u00fcrde und seine Wahl heute auf den Rhein gefallen w\u00e4re. Die Schiffe w\u00fcrden ihn dabei nicht st\u00f6ren. Aufgrund dieser und weiterer Aussagen des Mannes konnte eine Eigengef\u00e4hrdung nicht ausgeschlossen werden, weshalb er mittels angefordertem Krankentransportwagen zun\u00e4chst zur medizinischen Abkl\u00e4rung ins Krankenhaus und von dort aus weiter in die Psychiatrie verbracht wurde.<\/p>\n\n\n\n<h2 class=\"wp-block-heading\">(W\u00f6rth) &#8211; Fahrt auf neuem E-Scooter endet f\u00fcr drei Freundinnen in Polizeikontrolle<\/h2>\n\n\n\n<p>Die Fahrt auf einem E-Scooter endete f\u00fcr eine 14-J\u00e4hrige und ihre zwei Freundinnen in einer Polizeikontrolle. Die drei M\u00e4dchen, die sich zu dritt den neu erworbenen Roller der 14-J\u00e4hrigen teilten, konnten im Rahmen der Streife zuf\u00e4llig durch zwei Polizeibeamte festgestellt werden. Im Rahmen der Kontrolle fiel auf, dass am E-Scooter keine f\u00fcr das Fahrzeug erforderliche Versicherungsplakette angebracht war. Folglich war davon auszugehen, dass kein Versicherungsschutz f\u00fcr das Fahrzeug vorhanden ist. Dieser ist jedoch zwingend f\u00fcr die Nutzung im \u00f6ffentlichen Verkehrsraum erforderlich. Auf die Fahrerin kommt eine Strafanzeige wegen Versto\u00dfes gegen das Pflichtversicherungsgesetztes zu. Ihre beiden Mitfahrerinnen wurden aufgrund der verbotenen Nutzung des Rollers mit mehr als einer Person als Betroffene einer Ordnungswidrigkeit belehrt.<\/p>\n\n\n\n<h2 class=\"wp-block-heading\">(Billigheim) &#8211; Seniorin verletzt sich beim Zigaretten holen<\/h2>\n\n\n\n<p>Eine 74 &#8211; J\u00e4hrige verletzte sich am Pfingstmontag gegen 18.45 Uhr beim Zigaretten holen in der Marktstra\u00dfe. Der Automat l\u00f6ste sich aus noch ungekl\u00e4rter Ursache aus der Halterung und fiel zu Boden, ebenso die Frau. Sie erlitt hierdurch Sch\u00fcrfwunden sowie ein H\u00e4matom am Kopf. Ein Rettungswagen war im Einsatz und brachte die Seniorin zur weiteren Untersuchung in ein Krankenhaus. Die Polizei hat die Ermittlungen aufgenommen.<\/p>\n\n\n\n<h2 class=\"wp-block-heading\">(Freimersheim) &#8211; 16-j\u00e4hrige Motorradfahrerin (125 ccm) verletzt<\/h2>\n\n\n\n<div class=\"wp-block-image\"><figure class=\"aligncenter size-full\"><img decoding=\"async\" loading=\"lazy\" width=\"800\" height=\"566\" src=\"https:\/\/speyer24news.com\/wp-content\/uploads\/2022\/06\/Motorrad125ccm.jpg\" alt=\"\" class=\"wp-image-46650\" srcset=\"https:\/\/speyer24news.com\/wp-content\/uploads\/2022\/06\/Motorrad125ccm.jpg 800w, https:\/\/speyer24news.com\/wp-content\/uploads\/2022\/06\/Motorrad125ccm-300x212.jpg 300w, https:\/\/speyer24news.com\/wp-content\/uploads\/2022\/06\/Motorrad125ccm-768x543.jpg 768w\" sizes=\"(max-width: 800px) 100vw, 800px\" \/><\/figure><\/div>\n\n\n\n<p>Eine 16 Jahre alte Motorradfahrerin wurde Montagabend (06.06.2022, 19.30 Uhr) auf der L 540 zwischen Hochstadt und Freimersheim bei einem Verkehrsunfall verletzt und kam in ein Krankenhaus. Sie war aus Richtung Hochstadt unterwegs und musste in einem Kurvenbereich einem unbekannten PKW-Fahrer ausweichen, weil dieser die Kurve schnitt. Hierbei verlor sie die Kontrolle \u00fcber ihr Zweirad, st\u00fcrzte und zog sich Sch\u00fcrfwunden zu. Der PKW-Fahrer machte sich aus dem Staub, ohne sich um die verletzte Kradfahrerin zu k\u00fcmmern. An ihrem Kraftrad entstand Sachschaden von \u00fcber 1.000 Euro. Die Polizei Edenkoben sucht in dem Zusammenhang Zeugen, die Hinweise auf den unbekannten Autofahrer geben k\u00f6nnen. Diese sollen sich bitte unter der Telefonnummer 06323 9550 melden.<\/p>\n\n\n\n<h2 class=\"wp-block-heading\">(B 37 \/ Hettenleidelheim &#8211; Tiefenthal) &#8211; Vollsperrung der B 47 zwischen Abfahrt Tiefenthal und Gewerbegebiet Hettenleidelheim nach schwerem Verkehrsunfall<\/h2>\n\n\n\n<div class=\"wp-block-image\"><figure class=\"aligncenter size-full\"><img decoding=\"async\" loading=\"lazy\" width=\"800\" height=\"533\" src=\"https:\/\/speyer24news.com\/wp-content\/uploads\/2021\/01\/Ruhe-in-Frieden.jpg\" alt=\"\" class=\"wp-image-32361\" srcset=\"https:\/\/speyer24news.com\/wp-content\/uploads\/2021\/01\/Ruhe-in-Frieden.jpg 800w, https:\/\/speyer24news.com\/wp-content\/uploads\/2021\/01\/Ruhe-in-Frieden-300x200.jpg 300w, https:\/\/speyer24news.com\/wp-content\/uploads\/2021\/01\/Ruhe-in-Frieden-768x512.jpg 768w\" sizes=\"(max-width: 800px) 100vw, 800px\" \/><\/figure><\/div>\n\n\n\n<h3 class=\"has-text-align-center wp-block-heading\">Erstmeldung<\/h3>\n\n\n\n<p>Aufgrund eines schweren Verkehrsunfalls auf der B 47 bei Hettenleidelheim zwischen Abfahrt Tiefenthal und Abfahrt Gewerbegebiet Hettenleidelheim ist die Fahrbahn in beiden Richtungen voll gesperrt. Verkehrsteilnehmer werden gebeten, die \u00d6rtlichkeit weitr\u00e4umig zu umfahren.<\/p>\n\n\n\n<h3 class=\"has-text-align-center wp-block-heading\">Pressemeldung Nr. 2<\/h3>\n\n\n\n<h3 class=\"wp-block-heading\">Gemeinsame Presseerkl\u00e4rung der Staatsanwaltschaft Frankenthal und des Polizeipr\u00e4sidium Rheinpfalz &#8211; Polizeiinspektion Gr\u00fcnstadt<\/h3>\n\n\n\n<p>Am Dienstag, 07.06.2022, gegen 03:35 Uhr, kam es auf der Bundesstra\u00dfe 47, zwischen der Abfahrt Tiefenthal und der Abfahrt Hettenleidelheim Gewerbegebiet zu einem t\u00f6dlichen Verkehrsunfall. Nach bisherigen Ermittlungen befuhr ein 44-j\u00e4hriger Lkw-Fahrer die Bundesstra\u00dfe 47 von der BAB 6 in Richtung Eisenberg und kollidierte im Verlauf der Strecke mit einem 31-j\u00e4hrigen Fu\u00dfg\u00e4nger. Der Fu\u00dfg\u00e4nger verstarb noch an der Unfallstelle. Ein Gutachter wurde von der Staatsanwaltschaft beauftragt. Die Ermittlungen zur Unfallursache dauern an.<\/p>\n\n\n\n<h2 class=\"wp-block-heading\">(Pr\u00e4sidialbereich Rheinpfalz) &#8211; Polizeiliche Einsatzma\u00dfnahmen anl\u00e4sslich zwei angemeldeter Versammlungen und erneuten Aufrufen zu sogenannten &#8222;Montagsspazierg\u00e4ngen&#8220;<\/h2>\n\n\n\n<div class=\"wp-block-image\"><figure class=\"aligncenter size-large\"><img decoding=\"async\" loading=\"lazy\" width=\"1024\" height=\"512\" src=\"https:\/\/speyer24news.com\/wp-content\/uploads\/2022\/01\/Demonstration-1024x512.png\" alt=\"\" class=\"wp-image-43221\" srcset=\"https:\/\/speyer24news.com\/wp-content\/uploads\/2022\/01\/Demonstration-1024x512.png 1024w, https:\/\/speyer24news.com\/wp-content\/uploads\/2022\/01\/Demonstration-300x150.png 300w, https:\/\/speyer24news.com\/wp-content\/uploads\/2022\/01\/Demonstration-768x384.png 768w, https:\/\/speyer24news.com\/wp-content\/uploads\/2022\/01\/Demonstration.png 1200w\" sizes=\"(max-width: 1024px) 100vw, 1024px\" \/><\/figure><\/div>\n\n\n\n<p>Am Montagabend (06.06.2022) fanden in Bellheim und Bad D\u00fcrkheim angemeldete Versammlungen von Kritikern der Corona-Ma\u00dfnahmen statt. An diesen Versammlungen nahmen rund 150 Personen (ca. 60 Personen in Bellheim und ca. 90 Personen in Bad D\u00fcrkheim) teil. Die Versammlungen verliefen friedlich und st\u00f6rungsfrei.<\/p>\n\n\n\n<p>Auf verschiedenen Plattformen wurde erneut dazu aufgerufen \u00f6ffentlich ein Zeichen gegen die Corona-Ma\u00dfnahmen zu setzen. Nach unseren vorbereiteten Einsatzkonzepten waren wir mit Polizeikr\u00e4ften an relevanten Orten pr\u00e4sent. Dabei konnten wir rund 60 Personen als sogenannte &#8222;Spazierg\u00e4nger&#8220; feststellen. Auch die nicht angemeldeten Versammlungen blieben friedlich und verliefen st\u00f6rungsfrei.<\/p>\n\n\n\n<h2 class=\"wp-block-heading\">(Ludwigshafen) &#8211; Versuchter Betrug<\/h2>\n\n\n\n<p>In Ludwigshafen-Oggersheim kam es am Dienstag, 07.06.2022, gegen 12:00 Uhr, zu mehreren Betrugsversuchen. Aus einem Fahrzeug heraus sprachen zwei m\u00e4nnliche Personen gezielt Senioren an. Im weiteren Verlauf wurden zun\u00e4chst wertlose Geschenke gemacht und ein Gespr\u00e4ch aufgebaut. Letztlich wurde Geld f\u00fcr ausstehende Reparaturen an dem Fahrzeug gefordert. In einem Fall gelangten die Tatverd\u00e4chtigen in die Wohnr\u00e4umlichkeiten des Gesch\u00e4digten.<\/p>\n\n\n\n<p>Zeugen werden gebeten sich bei der Polizeiwache Oggersheim unter der Tel: 0621 963-2403 oder per Mail:&nbsp;<a href=\"mailto:pwoggersheim@polizei.rlp.de\">pwoggersheim@polizei.rlp.de<\/a>&nbsp;zu melden.<\/p>\n\n\n\n<h2 class=\"wp-block-heading\">(Ludwigshafen) &#8211; Mann von Gruppe Jugendlicher angegriffen<\/h2>\n\n\n\n<div class=\"wp-block-image\"><figure class=\"aligncenter size-full\"><img decoding=\"async\" loading=\"lazy\" width=\"801\" height=\"600\" src=\"https:\/\/speyer24news.com\/wp-content\/uploads\/2020\/05\/Zeugen-gesucht-Neutral.jpg\" alt=\"\" class=\"wp-image-26598\" srcset=\"https:\/\/speyer24news.com\/wp-content\/uploads\/2020\/05\/Zeugen-gesucht-Neutral.jpg 801w, https:\/\/speyer24news.com\/wp-content\/uploads\/2020\/05\/Zeugen-gesucht-Neutral-300x225.jpg 300w, https:\/\/speyer24news.com\/wp-content\/uploads\/2020\/05\/Zeugen-gesucht-Neutral-768x575.jpg 768w, https:\/\/speyer24news.com\/wp-content\/uploads\/2020\/05\/Zeugen-gesucht-Neutral-678x509.jpg 678w, https:\/\/speyer24news.com\/wp-content\/uploads\/2020\/05\/Zeugen-gesucht-Neutral-326x245.jpg 326w, https:\/\/speyer24news.com\/wp-content\/uploads\/2020\/05\/Zeugen-gesucht-Neutral-80x60.jpg 80w\" sizes=\"(max-width: 801px) 100vw, 801px\" \/><\/figure><\/div>\n\n\n\n<p>Am Montag, den 06.06.2022, wurde ein 33-J\u00e4hriger gegen 22:30 Uhr in der Kalmitstra\u00dfe in Richtung Mundenheim von einer Gruppe Jugendlicher angegriffen. Die ca. 9 Personen waren unvermittelt auf ihn zugekommen, haben sein Handy zu Boden geworfen, die Reifen seines Fahrrades zerstochen, ihn mit einem Messer bedroht und ihn an der Hand leicht verletzt. Anschlie\u00dfend sei die Gruppe in Richtung Kropsburg- bzw. Flurstra\u00dfe geflohen. Der 33-J\u00e4hrige sch\u00e4tzt das Alter der Jugendlichen zwischen 16 und 19 Jahren, eine Person hatte eine sehr kr\u00e4ftige Figur und trug ein rot-wei\u00dfes T-Shirt.<\/p>\n\n\n\n<p>Sachdienliche Hinweise bitte an die Polizeiinspektion Ludwigshafen 1, Telefonnummer 0621 963-2122 oder per E-Mail&nbsp;<a href=\"mailto:piludwigshafen1@polizei.rlp.de\">piludwigshafen1@polizei.rlp.de<\/a>&nbsp;.<\/p>\n\n\n\n<h2 class=\"wp-block-heading\">(Ludwigshafen) &#8211; Einbruch in Kellerraum \/ Zeugen gesucht<\/h2>\n\n\n\n<p>In der Lutherstra\u00dfe stellte eine Bewohnerin eines Mehrfamilienhauses am Morgen des 06.06.2022 fest, dass in ihr Kellerabteil eingebrochen wurde. Unbekannte T\u00e4ter gelangten \u00fcber eine Notausgangst\u00fcr, welche aufgehebelt wurde, in das Geb\u00e4ude und verschafften sich dann Zugang zu besagtem Abteil. Gestohlen wurden mehrere Getr\u00e4nkekisten im Wert von etwa 60 EUR.<\/p>\n\n\n\n<p>Wer hat etwas beobachtet? Sachdienliche Hinweise bitte an die Polizeiinspektion Ludwigshafen 1, Telefonnummer 0621 963-2122 oder per E-Mail&nbsp;<a href=\"mailto:piludwigshafen1@polizei.rlp.de\">piludwigshafen1@polizei.rlp.de<\/a>&nbsp;.<\/p>\n\n\n\n<h2 class=\"wp-block-heading\">(Ludwigshafen) &#8211; Einbruch in Firmengeb\u00e4ude<\/h2>\n\n\n\n<p>Am Montag, den 06.06.2022 meldete sich gegen 06:30 Uhr der Gesch\u00e4ftsf\u00fchrer einer Firma mit Sitz im Hedwig-Laudien-Ring bei der Polizei. Mittels Video\u00fcberwachung konnte er in den Gesch\u00e4ftsr\u00e4umen eine m\u00e4nnliche Person feststellen, welche sich dort unberechtigt aufhielt. Vor Ort wurde durch die eingesetzten Beamten ein halb offenes Rolltor, sowie eine eingeschlagene Fensterscheibe festgestellt. Der Einbrecher war zu diesem Zeitpunkt bereits geflohen. Die B\u00fcror\u00e4ume waren durchw\u00fchlt worden, der T\u00e4ter hat jedoch nur eine Kaffeekasse mit rund 60EUR M\u00fcnzgeld entwenden k\u00f6nnen. Sachdienliche Hinweise bitte an die Polizeiinspektion Ludwigshafen 2, Telefonnummer 0621 963-2222 oder per E-Mail&nbsp;<a href=\"mailto:piludwigshafen2@polizei.rlp.de\">piludwigshafen2@polizei.rlp.de<\/a>&nbsp;.<\/p>\n\n\n\n<h2 class=\"wp-block-heading\">(Ludwigshafen) &#8211; Einbruch in Fitnessstudio<\/h2>\n\n\n\n<p>In der Nacht von Sonntag auf Montag (05.-06.06.2022) wurde in ein Fitnessstudio in der Rosenw\u00f6rthstra\u00dfe eingebrochen. Unbekannte gelangten durch ein aufgehebeltes Fenster in das Geb\u00e4ude, brachen einen Tresor auf und stahlen rund 300EUR Bargeld.<\/p>\n\n\n\n<p>Sachdienliche Hinweise bitte an die Polizeiinspektion Ludwigshafen 2, Telefonnummer 0621 963-2222 oder per E-Mail&nbsp;<a href=\"mailto:piludwigshafen2@polizei.rlp.de\">piludwigshafen2@polizei.rlp.de<\/a>&nbsp;.<\/p>\n\n\n\n<h2 class=\"wp-block-heading\">(Mannheim-Innenstadt) &#8211; Zeuge nimmt Exhibitionisten fest und \u00fcbergibt diesen der Polizei<\/h2>\n\n\n\n<p>Ein aufmerksamer Zeuge hinderte am Montagabend gegen 18:30 Uhr im Friedrichspark einen Exhibitionisten an der Flucht und \u00fcbergab diesen der Polizei. Der 72-j\u00e4hrige Mann entbl\u00f6\u00dfte in einem Geb\u00fcsch sein Geschlechtsteil und fing an, sich selbst zu befriedigen, als er durch den Zeugen auf die Tat angesprochen wurde. Umgehend versuchte der 72-J\u00e4hrige mit seinem Fahrrad die Flucht zu ergreifen, woran er durch den Zeugen gehindert wurde. Der 72-J\u00e4hrige zog daraufhin ein Pfefferspray aus seiner Tasche und spr\u00fchte dem Zeugen damit ins Gesicht. Dennoch konnte der T\u00e4ter an der Flucht gehindert und den alarmierten Polizeibeamten \u00fcbergeben werden. Nachdem die strafprozessualen Ma\u00dfnahmen auf dem Polizeirevier abgeschlossen waren, durfte der Tatverd\u00e4chtige gehen. Das Kriminalkommissariat Mannheim hat die weiteren Ermittlungen \u00fcbernommen.<\/p>\n\n\n\n<h2 class=\"wp-block-heading\">(Mannheim-Friesenheimer Insel) &#8211; Einbruch auf Firmengel\u00e4nde \/ Zeugen gesucht<\/h2>\n\n\n\n<p>Eingebrochen wurde zwischen Samstag, 12:30 Uhr, und Sonntag, 12:20 Uhr, auf einem Firmengel\u00e4nde in der Rudolf-Diesel-Stra\u00dfe. Bislang unbekannte T\u00e4ter drangen gewaltsam in das auf dem Firmengel\u00e4nde befindliche B\u00fcrogeb\u00e4ude ein, durchsuchten einen der R\u00e4ume und entwendeten aus einem Aktenschrank eine Geldkassette. Wie hoch der Sach-, sowie der Diebstahlschaden ist, ist derzeit noch Gegenstand der Ermittlungen.<\/p>\n\n\n\n<p>Zeugen, die sachdienliche Hinweise geben k\u00f6nnen, werden gebeten sich beim Polizeirevier Mannheim-Neckarstadt, unter der Telefonnummer 0621-33010, zu melden.<\/p>\n\n\n\n<h2 class=\"wp-block-heading\">(Mannheim-Lindenhof) &#8211; Am vergangenen Wochenende mehrere PKW zerkratzt \/ Zeugen sowie weitere Gesch\u00e4digte gesucht<\/h2>\n\n\n\n<p>Am vergangenen Wochenende kam es im Bereich Lindenhof zu diversen Sachbesch\u00e4digungen an geparkten PKW:<\/p>\n\n\n\n<ol><li>In der Nacht von Freitag auf Samstag wurden durch einen oder mehrere unbekannte T\u00e4ter mindestens zwei in der Rheinparkstra\u00dfe abgestellte PKW mit einem unbekannten Gegenstand zerkratzt. Der Sachschaden an dem Volkswagen sowie dem BMW wird auf ca. 8.000 Euro gesch\u00e4tzt.<\/li><li>In der Zeit von Samstag, 18:00 Uhr, bis Sonntag, 10:00 Uhr, wurden zumindest acht am Stephanienufer geparkte PKW mittels eines unbekannten Gegenstandes an unterschiedlichen Stellen zerkratzt. Der entstandene Sachschaden wird auf etwa 9.000 Euro gesch\u00e4tzt.<\/li><li>Ebenfalls in der Nacht von Samstag, 23:30 Uhr, auf Sonntag, 18:00 Uhr, wurde wiederum ein in der Rheinaustra\u00dfe, H\u00f6he Hausnummer 15, abgestellter Ford mittels unbekannten Gegenstandes in H\u00f6he der Beifahrert\u00fcr zerkratzt.<\/li><\/ol>\n\n\n\n<p>Das Polizeirevier Mannheim-Neckarau hat die Ermittlungen zum Verursacher aufgenommen. Ob ein Zusammenhang zwischen den Taten besteht, ist ebenfalls Gegenstand der Ermittlungen. Weitere Gesch\u00e4digte, sowie Zeugen, die Hinweise auf den oder die Verursacher geben k\u00f6nnen werden gebeten, sich unter der Rufnummer 0621 83397-0 zu melden.<\/p>\n\n\n\n<h2 class=\"wp-block-heading\">(Mannheim-Waldhof) &#8211; Unfallverursacher ohne Fahrerlaubnis; Fahndung nach Fahrer; Auto ohne Versicherungsschutz; beide beteiligten Autos Totalschaden mit insgesamt 20.000 Euro; Zeugen gesucht<\/h2>\n\n\n\n<div class=\"wp-block-image\"><figure class=\"aligncenter size-full\"><img decoding=\"async\" loading=\"lazy\" width=\"801\" height=\"600\" src=\"https:\/\/speyer24news.com\/wp-content\/uploads\/2020\/05\/Zeugen-gesucht-Neutral.jpg\" alt=\"\" class=\"wp-image-26598\" srcset=\"https:\/\/speyer24news.com\/wp-content\/uploads\/2020\/05\/Zeugen-gesucht-Neutral.jpg 801w, https:\/\/speyer24news.com\/wp-content\/uploads\/2020\/05\/Zeugen-gesucht-Neutral-300x225.jpg 300w, https:\/\/speyer24news.com\/wp-content\/uploads\/2020\/05\/Zeugen-gesucht-Neutral-768x575.jpg 768w, https:\/\/speyer24news.com\/wp-content\/uploads\/2020\/05\/Zeugen-gesucht-Neutral-678x509.jpg 678w, https:\/\/speyer24news.com\/wp-content\/uploads\/2020\/05\/Zeugen-gesucht-Neutral-326x245.jpg 326w, https:\/\/speyer24news.com\/wp-content\/uploads\/2020\/05\/Zeugen-gesucht-Neutral-80x60.jpg 80w\" sizes=\"(max-width: 801px) 100vw, 801px\" \/><\/figure><\/div>\n\n\n\n<p>Am Sonntagmorgen, kurz nach 7 Uhr, fuhr der Fahrer eines Daimler-Benz auf der Karl-Feuerstein-Stra\u00dfe vom Kreisel Speckweg kommend. In der Rechtskurve kam er m\u00f6glicherweise aufgrund von nicht angepasster Geschwindigkeit nach links von seiner Fahrspur ab und stie\u00df mit einem entgegenkommenden BMW Countryman One zusammen. Der entgegenkommende 46-j\u00e4hrige Fahrer wurde durch den Unfall leicht verletzt und kam sp\u00e4ter mit einem Rettungswagen in ein Mannheimer Krankenhaus.<\/p>\n\n\n\n<p>Beim Gespr\u00e4ch noch an der Unfallstelle, zwischen den beiden Unfallbeteiligten, gab der Unfallverursacher vor Eintreffen der Polizei an, dass er keine Fahrerlaubnis hat. Er verlie\u00df daraufhin zu Fu\u00df die Unfallstelle, um angeblich seine &#8222;Ehefrau, die Halterin des Autos ist, zu verst\u00e4ndigen&#8220;. Er kam nicht mehr zur\u00fcck. Zuvor hatte er sich mit einem Passanten in t\u00fcrkischer Sprache unterhalten.<\/p>\n\n\n\n<p>Die anschlie\u00dfenden Fahndungsma\u00dfnahmen durch die Polizei f\u00fchrten bis heute nicht zu dem fl\u00fcchtigen Fahrer. Nach bisherigen Ermittlungen ist auch die Halterin &#8222;nach unbekannt verzogen&#8220; und derzeit auch noch nicht polizeilich greifbar.<\/p>\n\n\n\n<p>Da f\u00fcr den Mercedes-Benz seit mehreren Monaten kein Versicherungsschutz mehr besteht, ist nicht auszuschlie\u00dfen, dass der BMW-Fahrer auf seinem Schaden mit etwa 10.000 Euro und seinen sonstigen Forderungen &#8222;sitzen bleibt&#8220;.<\/p>\n\n\n\n<p>Der Daimler-Benz wurde polizeilich sichergestellt und wird auf Spuren, die zu dem fl\u00fcchtigen Fahrer f\u00fchren k\u00f6nnen, untersucht.<\/p>\n\n\n\n<h4 class=\"wp-block-heading\">Der Fahrer wird wie folgt beschrieben:<\/h4>\n\n\n\n<ul><li><strong>Mann<\/strong><\/li><li><strong>35 bis 40 Jahre alt<\/strong><\/li><li><strong>s\u00fcdl\u00e4ndisches Aussehen<\/strong><\/li><li><strong>sprach in t\u00fcrkischer Sprache<\/strong><\/li><li><strong>circa 175 cm gro\u00df<\/strong><\/li><li><strong>Vollbart<\/strong><\/li><li><strong>helle Augen<\/strong><\/li><\/ul>\n\n\n\n<ul><li><strong>Bei dem Fahrzeug mit zuletzt Mannheimer-Kennzeichen handelt es sich um einen Pkw Daimler-Benz, C 220, BlueTec, silberfarben.<\/strong><\/li><\/ul>\n\n\n\n<p>Zeugen, die Hinweise auf den Fahrer geben k\u00f6nnen, werden gebeten, sich mit dem Verkehrsdienst Mannheim (Verkehrsunfallflucht-Ermittler) unter der Telefonnummer 0621 174 4222 in Verbindung zu setzen.<\/p>\n\n\n\n<h2 class=\"wp-block-heading\">(Mannheim-Waldhof) &#8211; Einbruch in Baumarkt \/ Polizei sucht Zeugen!<\/h2>\n\n\n\n<p>Eingebrochen wurde in der Nacht von Samstag auf Sonntag gegen 02:45 Uhr in einen Baumarkt in der Waldstra\u00dfe. Bislang unbekannte T\u00e4ter \u00f6ffneten gewaltsam eine T\u00fcr des Geb\u00e4udes. Ob die T\u00e4ter das Geb\u00e4ude betraten und etwas entwendeten oder ob sie durch die Alarmausl\u00f6sung von ihrem Vorhaben absahen, ist derzeit noch Gegenstand der Ermittlungen. Bei der Durchsuchung des Baumarktes konnten keine Personen festgestellt werden.<\/p>\n\n\n\n<p>Zeugen, die verd\u00e4chtige Wahrnehmungen gemacht haben, werden gebeten sich beim Polizeirevier Mannheim-Sandhofen, unter der Telefonnummer 0621-777690, zu melden.<\/p>\n\n\n\n<h2 class=\"wp-block-heading\">(Mannheim-Waldhof) &#8211; 19-J\u00e4hriger ohne F\u00fchrerschein auf gestohlenem Roller unterwegs<\/h2>\n\n\n\n<p>Eine Streife des Polizeireviers Mannheim-Sandhofen kontrollierte am Freitagnachmittag gegen 15:00 Uhr den Fahrer eines Rollers in der Altrheinstra\u00dfe. Der 19-J\u00e4hrige konnte weder eine g\u00fcltige Fahrerlaubnis, noch Fahrzeugpapiere f\u00fcr den laut eigenen Angaben k\u00fcrzlich erworbenen Roller vorweisen. Eine \u00dcberpr\u00fcfung des Rollers ergab, dass dieser als gestohlen gemeldet worden war. Ebenso bestand der Verdacht, dass der Mann unter dem Einfluss von Bet\u00e4ubungsmitteln stand, weshalb ihm eine Blutprobe entnommen wurde.<\/p>\n\n\n\n<p>Das Polizeirevier Mannheim-Sandhofen ermittelt nun wegen Fahrens ohne Fahrerlaubnis, Fahrens unter Einfluss von Bet\u00e4ubungsmitteln sowie Hehlerei gegen den 19-J\u00e4hrigen.<\/p>\n\n\n\n<h2 class=\"wp-block-heading\">(Mannheim-Neckarau) &#8211; Vermisste 44-j\u00e4hrige wohlbehalten in ihr Pflegeheim zur\u00fcckgekehrt<\/h2>\n\n\n\n<p>Die in den Nachmittagsstunden des 07.06.2022 aus einem Pflegeheim in Mannheim-Neckarau abg\u00e4ngige 44-J\u00e4hrige ist wohlbehalten in ihr Pflegeheim zur\u00fcckgekehrt. Zum Hintergrund des Verschwindens der Frau k\u00f6nnen zum aktuellen Zeitpunkt noch keine Angaben gemacht werden. Die umfangreichen Suchma\u00dfnahmen von Polizei und Rettungskr\u00e4ften konnten um 22:00 Uhr eingestellt werden.<\/p>\n\n\n\n<h2 class=\"wp-block-heading\">(Mannheim \/ Heidelberg) &#8211; Schwerpunktkontrollen Autoposing<\/h2>\n\n\n\n<div class=\"wp-block-image\"><figure class=\"aligncenter size-full\"><img decoding=\"async\" src=\"https:\/\/speyer24news.com\/wp-content\/uploads\/2021\/03\/Kontrolle-2.jpg\" alt=\"\" class=\"wp-image-34584\"\/><\/figure><\/div>\n\n\n\n<p>\u00dcber die Pfingsttage f\u00fchrten die Spezialisten der Verkehrspolizei beim Polizeipr\u00e4sidium Mannheim in den Stadtgebieten von Mannheim und Heidelberg schwerpunktm\u00e4\u00dfige Kontrollma\u00dfnahmen hinsichtlich des sogenannten Autoposings durch. Im Zeitraum von Samstag, 04.06.2022 bis Pfingstmontag, 06.06.2022 kontrollierten die Beamten der Ermittlungsgruppe &#8222;Poser&#8220; jeweils bis in die fr\u00fchen Morgenstunden insgesamt 67 Fahrzeuge und 97 Personen. W\u00e4hrend der Kontrollma\u00dfnahmen waren erneut zahlreiche Fahrzeugf\u00fchrer mit ihren PS-starken Fahrzeugen unterwegs und verursachten damit in den dicht bebauten Innenst\u00e4dten ohrenbet\u00e4ubenden L\u00e4rm.<\/p>\n\n\n\n<p>Die Besamten stellten 20 Fahrzeuge fest, bei denen aufgrund technischer Ver\u00e4nderungen die Betriebserlaubnis erloschen war. Bei neun Fahrzeugen waren die Ver\u00e4nderungen derart gravierend, dass sie sichergestellt und zur Erstellung eines Gutachtens einem Sachverst\u00e4ndigen vorgef\u00fchrt werden mussten. Bei den Ver\u00e4nderungen handelte es sich zum \u00fcberwiegenden Teil um Modifizierungen an der Abgasanlage, \u00c4nderungen an Fahrwerk und Bereifung sowie Ver\u00e4nderungen von Beleuchtungseinrichtungen.<\/p>\n\n\n\n<h4 class=\"wp-block-heading\">Die Kontrollen wurden nach ganzheitlichen Gesichtspunkten durchgef\u00fchrt. Nachfolgende weitere Feststellungen wurden dabei getroffen:<\/h4>\n\n\n\n<ul><li><strong>Ein Fahrzeugf\u00fchrer war mit dem Auto unterwegs, ohne im Besitz der erforderlichen Fahrerlaubnis zu sein<\/strong><\/li><li><strong>2 Verst\u00f6\u00dfe wegen Geschwindigkeits\u00fcberschreitungen<\/strong><\/li><li><strong>4 F\u00e4lle Verursachens unzul\u00e4ssigen L\u00e4rms<\/strong><\/li><li><strong>5 Autofahrer benutzten ihr Mobiltelefon w\u00e4hrend der Fahrt<\/strong><\/li><li><strong>1 Fahrer hatte den vorgeschriebenen Sicherheitsgurt nicht angelegt<\/strong><\/li><li><strong>4 Verst\u00f6\u00dfe wegen Falschparkens<\/strong><\/li><li><strong>12 M\u00e4ngelberichte wegen geringf\u00fcgiger M\u00e4ngel am Fahrzeug<\/strong><\/li><\/ul>\n\n\n\n<p>Die Ma\u00dfnahmen sind ein wichtiger Beitrag der Polizei zur nachhaltigen Steigerung der Verkehrssicherheit und werden insbesondere w\u00e4hrend der Sommermonate intensiv fortgef\u00fchrt.<\/p>\n\n\n\n<h2 class=\"wp-block-heading\">(Heidelberg) &#8211; Einbrecher leisten Widerstand gegen Festnahme<\/h2>\n\n\n\n<div class=\"wp-block-image\"><figure class=\"aligncenter size-full\"><img decoding=\"async\" loading=\"lazy\" width=\"800\" height=\"533\" src=\"https:\/\/speyer24news.com\/wp-content\/uploads\/2021\/10\/Festnahme-Handschellen.jpg\" alt=\"\" class=\"wp-image-41224\" srcset=\"https:\/\/speyer24news.com\/wp-content\/uploads\/2021\/10\/Festnahme-Handschellen.jpg 800w, https:\/\/speyer24news.com\/wp-content\/uploads\/2021\/10\/Festnahme-Handschellen-300x200.jpg 300w, https:\/\/speyer24news.com\/wp-content\/uploads\/2021\/10\/Festnahme-Handschellen-768x512.jpg 768w\" sizes=\"(max-width: 800px) 100vw, 800px\" \/><\/figure><\/div>\n\n\n\n<p>Am fr\u00fchen Sonntagmorgen um kurz nach 01 Uhr leisteten zwei Einbrecher im Alter von 17 und 22 Jahren Widerstand bei derer Festnahmen, nachdem sie in eine Gastst\u00e4tte in der Kleinschmidtstra\u00dfe eingebrochen waren.<\/p>\n\n\n\n<p>Ein aufmerksamer Zeuge beobachtete die beiden vermummten M\u00e4nner und verst\u00e4ndigte die Polizei, als sie ihm durch deren verd\u00e4chtiges Verhalten auffielen. Nachdem eine Polizeistreife an der \u00d6rtlichkeit eintraf, ergriffen die Beiden umgehend die Flucht. Nach einer kurzen Verfolgung konnten sie jedoch eingeholt und einer Personenkontrolle unterzogen werden.<\/p>\n\n\n\n<p>W\u00e4hrend der Flucht versuchten sich die Beiden von ihren Handschuhen sowie einer &#8222;Sturmhaube&#8220; zu entledigen, was von den Beamten aber nicht unbemerkt blieb.<\/p>\n\n\n\n<p>Im Laufe der Kontrolle wurden die zwei Tatverd\u00e4chtigen immer aggressiver, weshalb ihnen Handschlie\u00dfen angelegt werden sollten. Hierbei kam es zu Beleidigungen und Widerstandshandlungen unter anderem in Form von Tritten gegen die Polizisten.<\/p>\n\n\n\n<p>Bei der k\u00f6rperlichen Durchsuchung fanden die Beamten schlie\u00dflich eine geringe Menge Marihuana sowie ein Handy auf, welches ersten Ermittlungen zufolge aus einem Diebstahl stammt.<\/p>\n\n\n\n<p>Nachdem die strafprozessualen Ma\u00dfnahmen auf der Dienststelle abgeschlossen waren, durften die Beiden gehen.<\/p>\n\n\n\n<p>Weitere Ermittlungen ergaben, dass die zwei M\u00e4nner in der Kleinschmidtstra\u00dfe das Fenster einer Gastst\u00e4tte aufhebelten und hieraus Bargeld entwendeten. Sie gelangen nun zur Anzeige wegen des besonders schweren Falls des Diebstahls, dem unerlaubten Besitz von Bet\u00e4ubungsmitteln sowie dem t\u00e4tlichen Angriff auf Vollstreckungsbeamte.<\/p>\n\n\n\n<h2 class=\"wp-block-heading\">(Heidelberg) &#8211; Staatsanwaltschaft Heidelberg erwirkt Haftbefehl gegen einen 26-j\u00e4hrigen Mann wegen des Verdachts des Wohnungseinbruchdiebstahls u.a.<\/h2>\n\n\n\n<h3 class=\"wp-block-heading\">Gemeinsame Presseerkl\u00e4rung der Staatsanwaltschaft Heidelberg und des Polizeipr\u00e4sidiums Mannheim:<\/h3>\n\n\n\n<div class=\"wp-block-image\"><figure class=\"aligncenter size-full\"><img decoding=\"async\" loading=\"lazy\" width=\"800\" height=\"533\" src=\"https:\/\/speyer24news.com\/wp-content\/uploads\/2020\/06\/Zelle.jpg\" alt=\"\" class=\"wp-image-28203\" srcset=\"https:\/\/speyer24news.com\/wp-content\/uploads\/2020\/06\/Zelle.jpg 800w, https:\/\/speyer24news.com\/wp-content\/uploads\/2020\/06\/Zelle-300x200.jpg 300w, https:\/\/speyer24news.com\/wp-content\/uploads\/2020\/06\/Zelle-768x512.jpg 768w\" sizes=\"(max-width: 800px) 100vw, 800px\" \/><\/figure><\/div>\n\n\n\n<p>Die Staatsanwaltschaft Heidelberg hat beim Amtsgericht Heidelberg einen Haftbefehl gegen einen 26-j\u00e4hrigen Tatverd\u00e4chtigen erwirkt. Dieser steht im dringenden Verdacht, am fr\u00fchen Samstagmorgen Diebst\u00e4hle aus zwei Geb\u00e4uden in Eppelheim begangen zu haben. Zudem soll er im Besitz einer kleinen Menge Rauschgifts gewesen sein.<\/p>\n\n\n\n<p>Der Tatverd\u00e4chtige soll sich am 04.06.2022 zwischen 00.30 Uhr und 04.00 Uhr zun\u00e4chst unerlaubt Zugang zu einem Wohngrundst\u00fcck in Eppelheim verschafft und aus der dortigen Garage ein Fahrrad, Gartenger\u00e4te und Werkzeuge entwendet haben. Im Anschluss soll er im Erdgeschoss eines nahegelegenen Doppelhauses gewaltsam die Terrassent\u00fcr aufgedr\u00fcckt haben und anschlie\u00dfend in die Wohnr\u00e4ume eingedrungen sein. Nachdem er im Wohnzimmer und im Flur mehrere Schr\u00e4nke durchw\u00fchlt hatte, wurden die Bewohner des Anwesens auf den Eindringling aufmerksam und entdeckten diesen in ihrem Wohnzimmer. Der Tatverd\u00e4chtige fl\u00fcchtete anschlie\u00dfend in unbekannte Richtung.<\/p>\n\n\n\n<p>Durch eine Polizeistreife konnte der 26-J\u00e4hrige kurz darauf im Rahmen einer sofortigen Fahndung in der Hauptstra\u00dfe in Eppelheim erkannt und vorl\u00e4ufig festgenommen werden. Dabei trug der Tatverd\u00e4chtige die Basecap, die er in dem Doppelhaus entwendet hatte, auf dem Kopf. Zudem f\u00fchrte er das Fahrrad, die Gartenger\u00e4te sowie die Werkzeuge, welche er s\u00e4mtlich aus der Garage entwendet hatte, mit sich. Eine Durchsuchung des alkoholisierten Mannes f\u00f6rderte schlie\u00dflich noch drei Gramm Marihuana zutage.<\/p>\n\n\n\n<p>Durch die Staatsanwaltschaft Heidelberg wurde beim Amtsgericht Heidelberg ein Haftbefehl gegen den Beschuldigten erwirkt. Dieser wurde am Sonntag, dem 05.06.2022, dem Ermittlungsrichter vorgef\u00fchrt. Nach Erlass, Er\u00f6ffnung und Invollzugsetzung des Haftbefehls wurde der Beschuldigte in eine Justizvollzugsanstalt eingeliefert.<\/p>\n\n\n\n<p>Die Ermittlungen von Staatsanwaltschaft Heidelberg und der Ermittlungsgruppe Eigentum der Kriminalpolizeidirektion Heidelberg dauern an.<\/p>\n\n\n\n<h2 class=\"wp-block-heading\">(Heidelberg-Altstadt) &#8211; Unbekannte greifen alkoholisierten 30-J\u00e4hrigen an und rauben diesen aus; Kriminalpolizei ermittelt und sucht Zeugen<\/h2>\n\n\n\n<p>In der Nacht von Freitag auf Samstag hielt sich ein 30-j\u00e4hriger Mann in der Hauptstra\u00dfe in Heidelberg auf und konsumierte in der Fu\u00dfg\u00e4ngerzone alkoholische Getr\u00e4nke. Zwischen 02:00 Uhr und 03:00 Uhr gesellten sich zwei unbekannte M\u00e4nner zu ihm. Kurz darauf suchten diese gemeinsam mit dem 30 Jahre alten Mann eine bislang nicht bekannte Seitenstra\u00dfe auf. Dort griffen die beiden Unbekannten den alkoholisierten 30-J\u00e4hrigen offenbar unvermittelt an und brachten diesen mit Faustschl\u00e4gen zu Boden. Schlie\u00dflich kamen weitere M\u00e4nner dazu, welche die beiden Unbekannten bei dem k\u00f6rperlichen Angriff auf den 30-J\u00e4hrigen unterst\u00fctzt haben sollen. Nachdem die Unbekannten mehrere Wertgegenst\u00e4nde, unter anderem das Mobiltelefon, an sich genommen hatten, fl\u00fcchtete die Gruppe in unbekannte Richtung. Die H\u00f6he des entstandenen Stehlgutschadens ist bislang nicht bekannt. Das Raubdezernat der Kriminalpolizeidirektion Heidelberg hat die weiteren Ermittlungen aufgenommen. Der leicht verletzte 30-J\u00e4hrige konnte lediglich von den beiden M\u00e4nnern, die sich anf\u00e4nglich zu ihm setzten, eine Personenbeschreibung abgeben:<\/p>\n\n\n\n<ul><li><strong>Beide m\u00e4nnlich<\/strong><\/li><li><strong>ca. 20-25 Jahre alt<\/strong><\/li><li><strong>normale K\u00f6rperstatur<\/strong><\/li><li><strong>ohne Bart<\/strong><\/li><li><strong>Einer der M\u00e4nner soll krauses Haare gehabt haben<\/strong><\/li><li><strong>Vermutlich trugen die Tatverd\u00e4chtigen schwarze und\/oder rote Bekleidung.<\/strong><\/li><\/ul>\n\n\n\n<p>Zeugen, die sachdienliche Hinweise zu den Tatverd\u00e4chtigen oder der genauen Tat\u00f6rtlichkeit geben k\u00f6nnen, werden gebeten, sich an das kriminalpolizeiliche Hinweistelefon, Tel.: 0621 174 4444 zu wenden.<\/p>\n\n\n\n<h2 class=\"wp-block-heading\">(Heidelberg-S\u00fcdstadt) &#8211; Roller entwendet \/ Polizei sucht Zeugen!<\/h2>\n\n\n\n<p>Zwischen Samstag, 22:30 Uhr, und Sonntag, 09:00 Uhr, wurde in der Carl-Schurz-Stra\u00dfe ein Roller geklaut. Ein bislang unbekannter T\u00e4ter entwendete den rot-schwarz-silbernen Roller der Marke Baotian, sowie einen schwarzen Helm, welcher sich im Sitzfach befand. Der Diebstahlschaden liegt bei \u00fcber 1.000 Euro.<\/p>\n\n\n\n<p>Zeugen, die sachdienliche Hinweise geben k\u00f6nnen, werden gebeten sich beim Polizeirevier Heidelberg-S\u00fcd, unter der Telefonnummer 06221-34180, zu melden.<\/p>\n\n\n\n<h2 class=\"wp-block-heading\">(Heidelberg-Pfaffengrund) &#8211; Unbekannter bel\u00e4stigt 23-J\u00e4hrige in der Regionalbahn \/ Polizei sucht Zeugen<\/h2>\n\n\n\n<div class=\"wp-block-image\"><figure class=\"aligncenter size-full\"><img decoding=\"async\" loading=\"lazy\" width=\"801\" height=\"600\" src=\"https:\/\/speyer24news.com\/wp-content\/uploads\/2020\/05\/Zeugen-gesucht-Neutral.jpg\" alt=\"\" class=\"wp-image-26598\" srcset=\"https:\/\/speyer24news.com\/wp-content\/uploads\/2020\/05\/Zeugen-gesucht-Neutral.jpg 801w, https:\/\/speyer24news.com\/wp-content\/uploads\/2020\/05\/Zeugen-gesucht-Neutral-300x225.jpg 300w, https:\/\/speyer24news.com\/wp-content\/uploads\/2020\/05\/Zeugen-gesucht-Neutral-768x575.jpg 768w, https:\/\/speyer24news.com\/wp-content\/uploads\/2020\/05\/Zeugen-gesucht-Neutral-678x509.jpg 678w, https:\/\/speyer24news.com\/wp-content\/uploads\/2020\/05\/Zeugen-gesucht-Neutral-326x245.jpg 326w, https:\/\/speyer24news.com\/wp-content\/uploads\/2020\/05\/Zeugen-gesucht-Neutral-80x60.jpg 80w\" sizes=\"(max-width: 801px) 100vw, 801px\" \/><\/figure><\/div>\n\n\n\n<p>Ein unbekannter T\u00e4ter bel\u00e4stigte am Montagnachmittag in der Regionalbahn zwischen Heidelberg und Edingen eine 23-j\u00e4hrige Frau. Die junge Frau befand sich gegen 16.30 Uhr der Regionalbahn 68 von Heidelberg in Richtung Frankfurt. Zwischen den Haltestellen Heidelberg-Pfaffengrund und Edingen ber\u00fchrte ein unbekannter Mann, der sich in der Bahn neben die Frau gesetzt hatte, die 23-J\u00e4hrige zun\u00e4chst am Oberschenkel. Die junge Frau drehte sich daraufhin von dem Unbekannten weg und r\u00fcckte weiter in Richtung Fenster. Wenig sp\u00e4ter ber\u00fchrte der Mann erneut den Oberschenkel der Frau und schob anschlie\u00dfend seine Hand mit kr\u00e4ftigem Druck in Richtung deren Intimbereich. Dabei hatte er seine Jacke \u00fcber die Hand gelegt, um die Tat zu verbergen. Als die 23-J\u00e4hrige ihre Abneigung hiergegen zum Ausdruck gebracht hatte, stand der Unbekannte auf, entschuldigte sich und verlie\u00df an der Haltestelle Neu-Edingen die Bahn.<\/p>\n\n\n\n<h4 class=\"wp-block-heading\">Der unbekannte Mann wird wie folgt beschrieben:<\/h4>\n\n\n\n<ul><li><strong>Ca. 35 Jahre alt<\/strong><\/li><li><strong>Ca. 170 cm gro\u00df<\/strong><\/li><li><strong>Schwarzafrikanisches Erscheinungsbild<\/strong><\/li><li><strong>Schwarze, bis zu den Schultern reichende Rasta-Locken<\/strong><\/li><li><strong>Trug ein wei\u00dfes Tuch \u00fcber den Locken<\/strong><\/li><li><strong>War bekleidet mit wei\u00dfem T-Shirt und blauer Jacke<\/strong><\/li><\/ul>\n\n\n\n<p>Zeugen, die den Vorfall beobachtet haben und sachdienliche Hinweise zu dem unbekannten T\u00e4ter geben k\u00f6nnen, werden gebeten, sich beim Kriminaldauerdienst der Kriminalpolizeidirektion Heidelberg, Tel.: 0621\/174-4444 zu melden.<\/p>\n\n\n\n<h2 class=\"wp-block-heading\">(A 6 \/ Schwetzingen \/ Rhein-Neckar-Kreis) &#8211; Unfall auf der A6; Unfallverursacher fl\u00fcchtet; Polizei sucht Zeugen<\/h2>\n\n\n\n<p>Am Donnerstagmittag, gegen 14:30 Uhr fuhr ein bislang unbekannter Fahrer mit seinem Fahrzeug auf der A 6 zwischen dem Autobahndreieck Hockenheim und der Anschlussstelle Schwetzingen\/ Hockenheim. Etwa drei Kilometer nach der Rastanlage &#8222;Hockenheim-Ring&#8220; kam er nach links von der Fahrbahn ab und stie\u00df gegen die Schutzplanke.<\/p>\n\n\n\n<p>Durch den Unfall wurden vier Elemente der Schutzplanke besch\u00e4digt.<\/p>\n\n\n\n<p>Der Unfallverursacher bremste nach dem Aufprall stark ab und hielt im Bereich der Unfallstelle an. Anschlie\u00dfend fuhr er, ohne seiner Feststellungspflicht nachgekommen zu sein, weiter.<\/p>\n\n\n\n<p>Aufgrund der bisherigen Ermittlungen geht die Polizei bei dem Fluchtfahrzeug von einem Pkw oder Lkw (&#8222;Sprinterklasse&#8220;) aus.<\/p>\n\n\n\n<p>Zeugen werden gebeten, sich mit dem Verkehrsdienst Heidelberg unter der Telefonnummer 06227 35826-0 in Verbindung zu setzen.<\/p>\n\n\n\n<h2 class=\"wp-block-heading\">(Leimen \/ Rhein-Neckar-Kreis) &#8211; Jugendlicher wegen Verdachts der r\u00e4uberischen Erpressung auf Antrag der Staatsanwaltschaft Heidelberg in Untersuchungshaft<\/h2>\n\n\n\n<h3 class=\"wp-block-heading\">Gemeinsame Pressemitteilung der Staatsanwaltschaft Heidelberg und des Polizeipr\u00e4sidiums Mannheim<\/h3>\n\n\n\n<div class=\"wp-block-image\"><figure class=\"aligncenter size-full\"><img decoding=\"async\" loading=\"lazy\" width=\"800\" height=\"600\" src=\"https:\/\/speyer24news.com\/wp-content\/uploads\/2019\/06\/Ausn\u00fcchterungszelle.jpg\" alt=\"\" class=\"wp-image-15212\" srcset=\"https:\/\/speyer24news.com\/wp-content\/uploads\/2019\/06\/Ausn\u00fcchterungszelle.jpg 800w, https:\/\/speyer24news.com\/wp-content\/uploads\/2019\/06\/Ausn\u00fcchterungszelle-300x225.jpg 300w, https:\/\/speyer24news.com\/wp-content\/uploads\/2019\/06\/Ausn\u00fcchterungszelle-768x576.jpg 768w, https:\/\/speyer24news.com\/wp-content\/uploads\/2019\/06\/Ausn\u00fcchterungszelle-678x509.jpg 678w, https:\/\/speyer24news.com\/wp-content\/uploads\/2019\/06\/Ausn\u00fcchterungszelle-326x245.jpg 326w, https:\/\/speyer24news.com\/wp-content\/uploads\/2019\/06\/Ausn\u00fcchterungszelle-80x60.jpg 80w\" sizes=\"(max-width: 800px) 100vw, 800px\" \/><\/figure><\/div>\n\n\n\n<p>Auf Antrag der Staatsanwaltschaft Heidelberg wurde Haftbefehl gegen einen 16-j\u00e4hrigen Jugendlichen erlassen.<\/p>\n\n\n\n<p>Der Tatverd\u00e4chtige soll sich auf einer Dating-Plattform als Frau ausgegeben haben und so in Kontakt mit einem 22-J\u00e4hrigen getreten sein und diesen unter dem Vorwand eines Dates am Montagabend zu seiner Wohnanschrift gelockt haben.<\/p>\n\n\n\n<p>Als der 22-J\u00e4hrige gegen 20:50 Uhr im Glauben, nun seine Dating-Partnerin zu treffen, die Wohnung des tatverd\u00e4chtigen 16-J\u00e4hrigen betrat, soll dieser ihm mit der Faust ins Gesicht geschlagen haben. Der Gesch\u00e4digte soll dadurch zu Boden gegangen sein. Anschlie\u00dfend soll ihn der Tatverd\u00e4chtige aufgefordert haben, ihm Geld zu \u00fcbergeben.<\/p>\n\n\n\n<p>Aus Angst vor weiterer Gewalteinwirkung soll der 22-J\u00e4hrige seine Geldb\u00f6rse ausgeh\u00e4ndigt und der Tatverd\u00e4chtige daraus 20 Euro Bargeld entnommen haben. Anschlie\u00dfend soll der Gesch\u00e4digte die Geldb\u00f6rse wieder zur\u00fcckerhalten haben. Umgehend verlie\u00df der Leichtverletzte die Wohnung und alarmierte die Polizei.<\/p>\n\n\n\n<p>Die Beamten des Polizeireviers Wiesloch nahmen den 16-J\u00e4hrigen kurz darauf an seiner Wohnanschrift fest und \u00fcberstellten ihn der Kriminalpolizeidirektion Heidelberg.<\/p>\n\n\n\n<p>Am Dienstag wurde der Jugendliche der Ermittlungsrichterin des Amtsgericht Heidelberg vorgef\u00fchrt. Diese erlie\u00df auf Antrag der Staatsanwaltschaft Heidelberg Haftbefehl, er\u00f6ffnete diesen und setzte ihn in Vollzug. Anschlie\u00dfend wurde der Beschuldigte in eine Justizvollzugsanstalt eingeliefert.<\/p>\n\n\n\n<h2 class=\"wp-block-heading\">(Walldorf \/ Rhein-Neckar-Kreis) &#8211; Kleinstunfall mit 32.000 Euro Schaden; Unfallverursacher setzt seinen hochmotorisierten Firmenwagen in die Leitplanke<\/h2>\n\n\n\n<p>Am Pfingstmontag, gegen 20:30 Uhr, fuhr ein 22-j\u00e4hriger Pkw-Fahrer mit seinem Mercedes-Benz AMG C63 auf der Kopernikusstra\u00dfe. Beim Rechtsabbiegen auf die L 723 in Richtung Rauenberg verlor er die Kontrolle \u00fcber seinen hochmotorisierten Firmenwagen und prallte gegen die Leitplanke.<\/p>\n\n\n\n<p>Der Schaden an seinem AMG C63 wird auf circa 30.000 Euro beziffert. An der Leitplanke entstand ein Schaden von etwa 2.000 Euro.<\/p>\n\n\n\n<h2 class=\"wp-block-heading\">(Walldorf \/ Rhein-Neckar-Kreis) &#8211; Unfallflucht auf Kinoparkplatz; Zeugen gesucht<\/h2>\n\n\n\n<p>Am Pfingstmontag wurde ein Opel Adam von einem unbekannten Autofahrer, vermutlich beim Ein- oder Ausparken, besch\u00e4digt, der zwischen 16.40 Uhr und 19.30 Uhr auf dem Parkplatz des Luxor-Filmpalasts in der Impexstra\u00dfe abgestellt war. Dabei entstand ein Sachschaden von rund 3.000.- Euro. Zeugen, die Hinweise zum Unfall bzw. zum Verursacher geben k\u00f6nnen, werden gebeten, sich beim Polizeirevier Wiesloch, Tel.: 06222\/5709-0 zu melden.<\/p>\n\n\n\n<h2 class=\"wp-block-heading\">(Hockenheim \/ Rhein-Neckar-Kreis) &#8211; Diesel aus geparkten Lastwagen gestohlen \/ Polizei sucht Zeugen<\/h2>\n\n\n\n<div class=\"wp-block-image\"><figure class=\"aligncenter size-full\"><img decoding=\"async\" loading=\"lazy\" width=\"800\" height=\"578\" src=\"https:\/\/speyer24news.com\/wp-content\/uploads\/2022\/03\/diesel-g59e827b3c_1920.jpg\" alt=\"\" class=\"wp-image-43466\" srcset=\"https:\/\/speyer24news.com\/wp-content\/uploads\/2022\/03\/diesel-g59e827b3c_1920.jpg 800w, https:\/\/speyer24news.com\/wp-content\/uploads\/2022\/03\/diesel-g59e827b3c_1920-300x217.jpg 300w, https:\/\/speyer24news.com\/wp-content\/uploads\/2022\/03\/diesel-g59e827b3c_1920-768x555.jpg 768w\" sizes=\"(max-width: 800px) 100vw, 800px\" \/><\/figure><\/div>\n\n\n\n<p>In der Zeit zwischen Freitagabend und Montagmorgen entwendeten unbekannte T\u00e4ter in Hockenheim aus zwei geparkten Lastwagen eine gr\u00f6\u00dfere Menge Dieselkraftstoff. Unbekannten hebelten an den zwei Lkw, die auf einem Abstellplatz in der Stra\u00dfe &#8222;Im Auchtergrund&#8220; abgestellt waren, die Tankdeckel auf und entwendeten daraus 1.400 Liter Diesel. Der entstandene Schaden wird auf \u00fcber 2.800 Euro gesch\u00e4tzt.<\/p>\n\n\n\n<p>Zeugen, die verd\u00e4chtige Wahrnehmungen gemacht haben und sachdienliche Hinweise zu den T\u00e4tern geben k\u00f6nnen, werden gebeten, sich beim Polizeirevier Hockenheim, Tel.: 06205\/2860-0 zu melden.<\/p>\n\n\n\n<h2 class=\"wp-block-heading\">(Wiesloch \/ Rhein-Neckar-Kreis) &#8211; Einbruch in Werksgel\u00e4nde \/ Wer kann Hinweise geben?<\/h2>\n\n\n\n<p>In der Nacht von Sonntag auf Montag verschafften sich mehrere Unbekannte Zutritt auf ein Werksgel\u00e4nde in der Lempenseite. Der Sicherheitsdienst wurde dabei um 1:35 Uhr auf Verd\u00e4chtiges aufmerksam und alarmierte das Polizeireviers Wiesloch. Eine sofortige Absuche des Gel\u00e4ndes nach den Einbrechern verlief allerdings ohne Erfolg &#8211; diese waren bereits gefl\u00fcchtet. Offenbar hatten die Unbekannten es auf mehrere Kabeltrommeln auf dem Gel\u00e4nde abgesehen, deren Diebstahl dank der schnelleren Alarmierung aber scheiterte. In diesem Zusammenhang suchen die Ermittler nun nach Zeugen, die weitere Hinweise geben oder Beobachtungen gemacht haben. Diese werden gebeten, sich unter 06222 57090 an das Polizeirevier Wiesloch zu wenden.<\/p>\n\n\n\n<h2 class=\"wp-block-heading\">(Wiesloch \/ Rhein-Neckar-Kreis) &#8211; Unfallflucht auf Baumarktparkplatz; Zeugen gesucht<\/h2>\n\n\n\n<p>Am Pfingstsamstag wurde ein Ford S-Max von einem unbekannten Autofahrer, vermutlich beim Ein- oder Ausparken besch\u00e4digt, der zwischen 11 Uhr und 11.30 Uhr auf dem TOOM-Parkplatz &#8222;Am Schwimmbad&#8220; abgestellt war. Dabei entstand ein Sachschaden von \u00fcber 2.000.- Euro. Am Samstagvormittag war auf dem Parkplatz des Baumarktes &#8222;viel los&#8220; weshalb der Unfall von Zeugen beobachtet worden sein k\u00f6nnte. Diese Zeugen werden gebeten, sich beim Polizeirevier Wiesloch, Tel.: 06222\/5709-0 zu melden.<\/p>\n\n\n\n<h2 class=\"wp-block-heading\">(St. Leon-Rot \/ Rhein-Neckar-Kreis) &#8211; Sachbesch\u00e4digung an Schule<\/h2>\n\n\n\n<p>Zwischen Sonntag und Montag randalierten ein oder mehrere bislang unbekannte T\u00e4ter auf dem Gel\u00e4nde einer Schule in der Stra\u00dfe &#8222;Im Schiff&#8220; und zerst\u00f6rten mehrere Bienenk\u00e4sten, einen Stuhl und rissen Blumen aus den Beeten. Die genaue H\u00f6he des Schadens ist noch nicht bekannt. Das Polizeirevier Wiesloch sucht nun Zeugen, die verd\u00e4chtige Wahrnehmungen gemacht haben und bittet diese, sich unter der Telefonnummer 06222\/5709-0 zu melden.<\/p>\n\n\n\n<h2 class=\"wp-block-heading\">(Dielheim \/ Rhein-Neckar-Kreis) &#8211; Eingangst\u00fcr mit Backstein eingeworfen; Zeugen gesucht<\/h2>\n\n\n\n<p>Am helllichten Montagnachmittag warf ein bislang unbekannter T\u00e4ter einen Backstein gegen die Glasscheibe der Eingangst\u00fcr eines Parkettbetriebes in der Rudolf-Diesel-Stra\u00dfe und fl\u00fcchtete anschlie\u00dfend.<\/p>\n\n\n\n<p>Ob es sich bei dem Backsteinwurf um einen Einbruchsversuch oder lediglich um eine Sachbesch\u00e4digung handelte, ist Gegenstand der Ermittlungen.<\/p>\n\n\n\n<p>Ersten Erkenntnissen zufolge soll sich ein vermummter Mann zwischen 15.45-16.30 Uhr in verd\u00e4chtiger Weise in der N\u00e4he des Anwesens &#8222;herumgetrieben&#8220; haben.<\/p>\n\n\n\n<p>Zeugen, die etwas \u00fcber den unbekannten Mann wissen, oder die Hinweise zur Tat geben k\u00f6nnen, werden gebeten, sich beim Polizeirevier Wiesloch, Tel.: 06222\/5709-0 zu melden.<\/p>\n\n\n\n<h2 class=\"wp-block-heading\">(Dielheim-Balzfeld \/ Rhein-Neckar-Kreis) &#8211; Auto zerkratzt; hoher Schaden; Zeugen gesucht<\/h2>\n\n\n\n<p>Einen Sachschaden von mehreren Tausend Euro hinterlie\u00df ein bislang unbekannter T\u00e4ter an einem grau-blau-metallic-farbenen Ford Fiesta, der zwischen Sonntag, 15 Uhr und Montag, 13.30 Uhr in der Stra\u00dfe &#8222;Im Brennthaus&#8220;, in H\u00f6he des Anwesens Nr. 26 im Ortsteil Balzfeld abgestellt war.<\/p>\n\n\n\n<p>Die gesamte Beifahrerseite des Fahrzeuges war von vorne bis hinten mit einem unbekannten Gegenstand zerkratzt.<\/p>\n\n\n\n<p>Zeugen setzen sich bitte mit dem Polizeirevier Wiesloch, Tel.: 06222\/5709-0 in Verbindung.<\/p>\n\n\n\n<h2 class=\"wp-block-heading\">(Zuzenhausen \/ Meckesheim \/ Rhein-Neckar-Kreis) &#8211; Unter Drogen und ohne F\u00fchrerschein unterwegs; Auto nicht zugelassen<\/h2>\n\n\n\n<p>Auf dem Weg zum Nachtdienst am Montagabend hatte ein Polizeibeamter seinen Blick bereits so gesch\u00e4rft, das ihm gegen 18.40 Uhr in der Hoffenheimer Stra\u00dfe bei einem entgegenkommenden Auto mit Pforzheimer Kennzeichen auffiel, dass das Kennzeichen entstempelt war.<\/p>\n\n\n\n<p>Nachdem er das Lagezentrum des Polizeipr\u00e4sidiums Mannheim verst\u00e4ndigt hatte, dieeine Streife zur Unterst\u00fctzung schickten, fuhr der Beamte, der sich nun eigens daf\u00fcr in den Dienst versetzte, dem verd\u00e4chtigen Fahrzeug hinterher. Offenbar schwante dem Autofahrer, wie sich sp\u00e4ter herausstellte, ein 30-J\u00e4hriger aus Meckesheim, nichts Gutes, sodass er versuchte, dem &#8222;zivilen Polizeibeamten&#8220; davonzufahren. Allerdings kam nur bis zum Parkplatz der Freiwilligen Feuerwehr Meckesheim &#8222;Im Br\u00fchl&#8220;, wo er sein Auto abstellte und sich hinter einem Lkw versteckte. Der Mann hatte jedoch die Rechnung ohne den Wirt, bzw. den Polizeibeamten gemacht, der ihn in seinem Versteck aufsp\u00fcrte und bis zum Eintreffen einer Unterst\u00fctzungsstreife des Polizeireviers Neckargem\u00fcnd festhielt.<\/p>\n\n\n\n<p>Wie sich nun herausstellte, hatte der Polizeibeamte den richtigen Riecher. Bei der \u00dcberpr\u00fcfung wurde festgestellt, dass die entstempelten Kennzeichen falsch waren und nicht zu dem Fahrzeug des 30-J\u00e4hrigen geh\u00f6rten. Woher die Kennzeichen stammen, bedarf noch weiterer Ermittlungen.<\/p>\n\n\n\n<p>Zudem stand der Mann unter Drogen. Ein erster Test best\u00e4tigte den Verdacht auf Cannabis- und Kokain-Beeinflussung, was eine Blutentnahme zur Folge hatte.<\/p>\n\n\n\n<p>Zu guter Letzt muss sich der 30-J\u00e4hrige auch noch wegen Fahrens ohne Fahrerlaubnis verantworten, die ihm bereits seit geraumer Zeit dauerhaft entzogen ist.<\/p>\n\n\n\n<p>Die Ermittlungen des Polizeirevier Sinsheim dauern an.<\/p>\n\n\n\n<h2 class=\"wp-block-heading\">(Sinsheim \/ Helmstadt \/ Reichartshausen \/ Rhein-Neckar-Kreis) &#8211; Selbstbedienungsmentalit\u00e4t &#8222;krimineller Kunden&#8220; nimmt zu; Selbstvermarkter und Hofladenbesitzer immer h\u00e4ufiger bestohlen und betrogen<\/h2>\n\n\n\n<p>Spargel, Erdbeeren oder Blumen &#8211; Selbstvermarkter und Hofladenbesitzer klagen zunehmend \u00fcber die Selbstbedienungsmentalit\u00e4t ihrer &#8222;Kunden&#8220; und erstatteten Anzeige bei der Polizei.<\/p>\n\n\n\n<p>Dabei haben sie ihre Verkaufsstrategie so konzipiert, dass der Kunde die landwirtschaftlichen Erzeugnisse h\u00e4ufig selbst pfl\u00fccken oder im Hofl\u00e4den kaufen kann. Der Kaufpreis soll anschlie\u00dfend auf Treu und Glauben der Betreiber in einer aufgestellten Kasse entrichtet werden.<\/p>\n\n\n\n<p>Am Pfingstsamstag wurde der Besitzer eines Hofladens in der Hauptsta\u00dfe in Sinsheim Opfer dreister Betr\u00fcger. Der Mann beobachtete \u00fcber eine installierte Kamera eine \u00e4ltere Frau dabei, wie sie Waren an sich nahm und nicht oder nicht ordnungsgem\u00e4\u00df bezahlte. Als er ihr zu deren Fahrzeuge folgte, erkannte er einen &#8222;alten Bekannten&#8220; wieder, der gemeinsam mit einer weiteren Frau im Auto sa\u00df und offenbar auf die &#8222;einkaufende&#8220; Frau wartete. Der Mann war dem Hofladenbesitzer in der Vergangenheit bereits wegen \u00e4hnlicher Vorf\u00e4lle aufgefallen und hatte ihm ein Hausverbot erteilt. Das Paar fuhr anschlie\u00dfend davon, die Ermittlungen wegen des Verdachts des Diebstahls\/Betrugs sind gegen die drei Personen aus dem Landkreis Heilbronn aufgenommen.<\/p>\n\n\n\n<p>Wenige Tage zuvor hatte ein Erdbeerbauer aus Helmstadt ebenfalls Gl\u00fcck, als er von einem Zeugen darauf aufmerksam gemacht wurde, dass Erdbeeren von seinem Feld im Friedhofweg illegal gepfl\u00fcckt werden.<\/p>\n\n\n\n<p>Rund zw\u00f6lf Kilo Erdbeeren hatten die f\u00fcnf Personen bereits gepfl\u00fcckt, als der Erdbeerbauer hinzukam und die Polizei verst\u00e4ndigte. Die Ermittlungen wegen des Verdachts des versuchten Diebstahls gegen zwei Frauen und einen Mann aus dem Neckar-Odenwald-Kreis sowie gegen zwei Sinsheimerinnen sind eingeleitet.<\/p>\n\n\n\n<p>Weniger Gl\u00fcck hatte in den vergangenen zw\u00f6lf Monaten zweimal die Betreiberin eines Hofladens in Reichartshausen (PM vom 10.01.22 und 07.05.21), deren bereitgestellte Geldkassette aufgebrochen und jeweils ein nicht bekannter Geldbetrag gestohlen wurde. Der oder die T\u00e4ter konnten bislang nicht ermittelt werden.<\/p>\n\n\n\n<p>Auch wenn es sich in dem meisten F\u00e4llen lediglich um geringe Geldbetr\u00e4ge handelt, so ergibt sich in der Summe, \u00fcber eine gesamte Erntesaison hinweg, eine stattliche Schadenssumme f\u00fcr die jeweiligen Erzeuger, die dadurch nicht nur um den Lohn der Arbeit gebracht werden, sondern auch Existenz bedrohlich f\u00fcr sie werden kann.<\/p>\n\n\n\n<p>Das Polizeirevier Sinsheim wird aufgrund ihrer Erfahrungen in den n\u00e4chsten Monaten, bis zum Ende der Erntezeit im Herbst, im Rahmen ihrer Streifent\u00e4tigkeit auch Feldgebiete bestreifen und mit den jeweiligen Erzeugern Kontakt aufnehmen.<\/p>\n\n\n\n<p>Dar\u00fcber hinaus sind die Beamtinnen und Beamten auch auf die Aufmerksamkeit von Zeugen angewiesen, um der illegalen Selbstbedienung Grenzen zu setzen.<\/p>\n\n\n\n<p>Hinweise bitte an das Polizeirevier Sinsheim, Tel.: 072621\/690-0.<\/p>\n\n\n\n<h2 class=\"wp-block-heading\">(Edingen-Neckarhausen \/ Rhein-Neckar-Kreis) &#8211; Unfall, Pkw kommt von der Fahrbahn ab; drei Verletzte; keine Lebensgefahr<\/h2>\n\n\n\n<p>Am Sonntagmorgen, kurz vor 8 Uhr, fuhr eine 28-j\u00e4hrige Fahrerin eines Pkw VW auf der Seckenheimer Stra\u00dfe (K 4138) von Neckarhausen kommend in Richtung Mannheim-Seckenheim.<\/p>\n\n\n\n<p>Kurz nach dem Ortsausgang Neckarhausen kam die Autofahrerin nach rechts von der Fahrbahn ab, fuhr \u00fcber eine B\u00f6schung und kam im angrenzenden Feld zum Stehen. Hierbei befand sich das Auto kurzzeitig in der Luft, bevor es auf dem Feldboden aufschlug.<\/p>\n\n\n\n<p>Nach polizeilichen Ermittlungen k\u00f6nnen bei der 28-j\u00e4hrigen Fahrerin Alkohol-\/ Drogenbeeinflussung oder sonstige Beeinflussungen als Unfallursache ausgeschlossen werden. Vermutlich war die Fahrerin kurzzeitig abgelenkt.<\/p>\n\n\n\n<p>Im Fahrzeug befanden sich auf dem Beifahrersitz und auf der R\u00fcckbank noch zwei weitere Insassen. Die 28-j\u00e4hrige Fahrerin sowie ihre 53-j\u00e4hrige Mitfahrerin, die sich auf der R\u00fcckbank befand, wurden verletzt. Ein Notarzt f\u00fchrte an der Unfallstelle die Erstversorgung durch. Die beiden Frauen kamen anschlie\u00dfend mit Rettungswagen in ein Mannheimer Krankenhaus. Der 58-j\u00e4hrige Beifahrer verletzte sich ebenfalls leicht, eine \u00e4rztliche Versorgung an der Unfallstelle war nicht erforderlich. Lebensgefahr bestand bei keinem der Insassen.<\/p>\n\n\n\n<p>Die Feuerwehr Ilvesheim sperrte f\u00fcr die Dauer von einer Stunde die Fahrbahn in beide Richtungen.<\/p>\n\n\n\n<p>An dem allein beteiligten Pkw entstand wirtschaftlicher Totalschaden mit einem Schaden von circa 10.000 Euro. Das Auto wurde durch eine Abschleppfirma aus dem Feld gezogen und abtransportiert.<\/p>\n\n\n\n<h2 class=\"wp-block-heading\">(B 38 \/ Weinheim \/ Rhein-Neckar-Kreis) &#8211; Fahrzeugbrand auf Westtangente \/B38 &#8211; Fahrbahn gesperrt<\/h2>\n\n\n\n<p>Wegen eines brennenden Lkw-Anh\u00e4nger auf der Westtangente ist der Streckenabschnitt im Kreuzungsbereich der B 38 teilweise gesperrt. Der Verkehr wird \u00f6rtlich umgeleitet. Die Feuerwehr sowie das Polizeirevier Weinheim sind im Einsatz.<\/p>\n\n\n\n<h3 class=\"has-text-align-center wp-block-heading\">Fahrbahnsperrung aufgehoben, Brand gel\u00f6scht; Pressemitteilung Nr. 2<\/h3>\n\n\n\n<p>Am Dienstag gegen 10 Uhr wurde in Mitten der Kreuzung Westtangenete \/ B38 ein brennender LKW gemeldet. Nach ersten Erkenntnissen platzte w\u00e4hrend der Fahrt ein Reifen des Anh\u00e4ngers, der letztlich in Flammen aufging. Die alarmierte Feuerwehr konnte den Brand schnell l\u00f6schen, der Fahrer des LKW blieb unverletzt. Am Anh\u00e4nger, der abgeschleppt werden musste, entstand ein Schaden von mindestens 15.000 Euro. W\u00e4hrend der Einsatzma\u00dfnahmen musste der Streckenabschnitt rund um den Einsatzort zeitweise komplett gesperrt werden. Der Verkehr wurde \u00f6rtlich umgeleitet. Der betroffene Anh\u00e4nger wurde mittlerweile beseitigt und die Fahrbahn gereinigt.<\/p>\n","protected":false},"excerpt":{"rendered":"<div class=\"mh-excerpt\"><p>Polizeimeldungen vom Dienstag (07.06.2022) (Speyer) &#8211; Ohne Fahrerlaubnis und Versicherungsschutz unterwegs Bei einer Streifenfahrt am Montag kurz nach 18:00 Uhr auf dem Mitfahrerparkplatz in Speyer Nord, fiel zwei Polizisten ein Motorradfahrer auf. Bei Erblicken des <a class=\"mh-excerpt-more\" href=\"https:\/\/speyer24news.com\/?p=46648\" title=\"Polizei\">[&#8230;]<\/a><\/p>\n<\/div>","protected":false},"author":3,"featured_media":26162,"comment_status":"open","ping_status":"open","sticky":false,"template":"","format":"standard","meta":{"_monsterinsights_skip_tracking":false,"_monsterinsights_sitenote_active":false,"_monsterinsights_sitenote_note":"","_monsterinsights_sitenote_category":0,"footnotes":""},"categories":[12],"tags":[7243,7244,3614,702,61,2555,6955,6986,6263,63,105,11150,6987,53,4854,13534,4683,1548,4905,11592,102,13626,213,14325,14324,13553,13541,55,8277,6368,5261,103,106,2803,2423,427,2625,380,62,104,979,1565],"aioseo_notices":[],"amp_enabled":true,"_links":{"self":[{"href":"https:\/\/speyer24news.com\/index.php?rest_route=\/wp\/v2\/posts\/46648"}],"collection":[{"href":"https:\/\/speyer24news.com\/index.php?rest_route=\/wp\/v2\/posts"}],"about":[{"href":"https:\/\/speyer24news.com\/index.php?rest_route=\/wp\/v2\/types\/post"}],"author":[{"embeddable":true,"href":"https:\/\/speyer24news.com\/index.php?rest_route=\/wp\/v2\/users\/3"}],"replies":[{"embeddable":true,"href":"https:\/\/speyer24news.com\/index.php?rest_route=%2Fwp%2Fv2%2Fcomments&post=46648"}],"version-history":[{"count":2,"href":"https:\/\/speyer24news.com\/index.php?rest_route=\/wp\/v2\/posts\/46648\/revisions"}],"predecessor-version":[{"id":46653,"href":"https:\/\/speyer24news.com\/index.php?rest_route=\/wp\/v2\/posts\/46648\/revisions\/46653"}],"wp:featuredmedia":[{"embeddable":true,"href":"https:\/\/speyer24news.com\/index.php?rest_route=\/wp\/v2\/media\/26162"}],"wp:attachment":[{"href":"https:\/\/speyer24news.com\/index.php?rest_route=%2Fwp%2Fv2%2Fmedia&parent=46648"}],"wp:term":[{"taxonomy":"category","embeddable":true,"href":"https:\/\/speyer24news.com\/index.php?rest_route=%2Fwp%2Fv2%2Fcategories&post=46648"},{"taxonomy":"post_tag","embeddable":true,"href":"https:\/\/speyer24news.com\/index.php?rest_route=%2Fwp%2Fv2%2Ftags&post=46648"}],"curies":[{"name":"wp","href":"https:\/\/api.w.org\/{rel}","templated":true}]}}