{"id":46682,"date":"2022-06-10T10:44:44","date_gmt":"2022-06-10T09:44:44","guid":{"rendered":"https:\/\/speyer24news.com\/?p=46682"},"modified":"2022-06-10T11:15:04","modified_gmt":"2022-06-10T10:15:04","slug":"stadtnotizen-verkehrsnotizen-aus-speyer-70","status":"publish","type":"post","link":"https:\/\/speyer24news.com\/?p=46682","title":{"rendered":"Stadtnotizen &#038; Verkehrsnotizen aus Speyer"},"content":{"rendered":"<style type=\"text\/css\">\r\n\t.ads_top_disp{}\r\n\t.ads_top_corner_disp{ float:left; margin:0px 10px 10px 0px; }\r\n\t.ads_first_p_disp{}\r\n\t.ads_bottom_disp{}\r\n\t<\/style>\n<h1 class=\"has-text-align-center wp-block-heading\">Stadtnotizen<\/h1>\n\n\n\n<div class=\"wp-block-image\"><figure class=\"aligncenter\"><img decoding=\"async\" loading=\"lazy\" width=\"800\" height=\"600\" src=\"https:\/\/speyer24news.com\/wp-content\/uploads\/2020\/01\/Speyer-Stadtnachrichten-2.jpg\" alt=\"\" class=\"wp-image-23901\" srcset=\"https:\/\/speyer24news.com\/wp-content\/uploads\/2020\/01\/Speyer-Stadtnachrichten-2.jpg 800w, https:\/\/speyer24news.com\/wp-content\/uploads\/2020\/01\/Speyer-Stadtnachrichten-2-300x225.jpg 300w, https:\/\/speyer24news.com\/wp-content\/uploads\/2020\/01\/Speyer-Stadtnachrichten-2-768x576.jpg 768w, https:\/\/speyer24news.com\/wp-content\/uploads\/2020\/01\/Speyer-Stadtnachrichten-2-678x509.jpg 678w, https:\/\/speyer24news.com\/wp-content\/uploads\/2020\/01\/Speyer-Stadtnachrichten-2-326x245.jpg 326w, https:\/\/speyer24news.com\/wp-content\/uploads\/2020\/01\/Speyer-Stadtnachrichten-2-80x60.jpg 80w\" sizes=\"(max-width: 800px) 100vw, 800px\" \/><\/figure><\/div>\n\n\n\n<h2 class=\"wp-block-heading\">Arbeiten am Spielplatz Eselsdamm<\/h2>\n\n\n\n<p>Die Abteilung Stadtgr\u00fcn <strong>beginnt am Montag, 13. Juni 2022<\/strong> am Spielplatz Eselsdamm (Spielbereich gegen\u00fcber der Marie-Wolf-Stra\u00dfe) die Fallschutz- bzw. Sandfl\u00e4che zu erneuern. Hierzu wird der alte, nicht mehr spielf\u00e4hige Sand ausgetauscht. Parallel wird der Aufstieg zur dortigen Rutsche instandgesetzt. Die Arbeiten werden <strong>voraussichtlich zwei Tage<\/strong> dauern. In dieser Zeit m\u00fcssen der Sandspielbereich und der Bereich um die gro\u00dfe Rutsche gesperrt bleiben.<\/p>\n\n\n\n<p>Die Stadtverwaltung bittet die B\u00fcrgerschaft und vor allem die Kinder hierf\u00fcr um Verst\u00e4ndnis.<\/p>\n\n\n\n<p><em>Stadtverwaltung Speyer<br>10.06.2022<\/em><\/p>\n\n\n\n<h2 class=\"wp-block-heading\">Kommunale Impfstelle nach Fronleichnam geschlossen<\/h2>\n\n\n\n<div class=\"wp-block-image\"><figure class=\"aligncenter size-full\"><img decoding=\"async\" loading=\"lazy\" width=\"800\" height=\"501\" src=\"https:\/\/speyer24news.com\/wp-content\/uploads\/2020\/12\/Closed.jpg\" alt=\"\" class=\"wp-image-31838\" srcset=\"https:\/\/speyer24news.com\/wp-content\/uploads\/2020\/12\/Closed.jpg 800w, https:\/\/speyer24news.com\/wp-content\/uploads\/2020\/12\/Closed-300x188.jpg 300w, https:\/\/speyer24news.com\/wp-content\/uploads\/2020\/12\/Closed-768x481.jpg 768w\" sizes=\"(max-width: 800px) 100vw, 800px\" \/><\/figure><\/div>\n\n\n\n<p>Die Stadtverwaltung informiert, dass die kommunale Impfstelle im ehemaligen Stiftungskrankenhaus nach Fronleichnam am Freitag, 17. Juni und Samstag 18. Juni 2022 geschlossen bleibt. Ab Dienstag, 21. Juni 2022 wird wieder zu den gewohnten \u00d6ffnungszeiten geimpft.<\/p>\n\n\n\n<p><em>Stadtverwaltung Speyer<br>10.06.2022<\/em><\/p>\n\n\n\n<h2 class=\"wp-block-heading\">Bauarbeiten in der Nacht \/ Autokran(e) im Einsatz<\/h2>\n\n\n\n<div class=\"wp-block-image\"><figure class=\"aligncenter size-full\"><img decoding=\"async\" loading=\"lazy\" width=\"800\" height=\"477\" src=\"https:\/\/speyer24news.com\/wp-content\/uploads\/2022\/06\/Bauarbeiten-in-der-Nacht.png\" alt=\"\" class=\"wp-image-46683\" srcset=\"https:\/\/speyer24news.com\/wp-content\/uploads\/2022\/06\/Bauarbeiten-in-der-Nacht.png 800w, https:\/\/speyer24news.com\/wp-content\/uploads\/2022\/06\/Bauarbeiten-in-der-Nacht-300x179.png 300w, https:\/\/speyer24news.com\/wp-content\/uploads\/2022\/06\/Bauarbeiten-in-der-Nacht-768x458.png 768w\" sizes=\"(max-width: 800px) 100vw, 800px\" \/><\/figure><\/div>\n\n\n\n<p>In den N\u00e4chten vom 20. Juni bis einschl. 23. Juni 2022, in der Zeit von ca. 21:00 Uhr bis jeweils ca. 03:00 Uhr finden im Auftrag der deutschen Bahn l\u00e4rmintensive Arbeiten im Bereich Hauptbahnhof Speyer statt.<\/p>\n\n\n\n<p>Die unmittelbar betroffenen Nachbarschaften sind die Wohnh\u00e4user in Burg-, Wald-, Bahnhof-, Josef-Schmitt- und St.-Guido-Stra\u00dfe.<\/p>\n\n\n\n<p>Die Bauarbeiten sind dringend notwendig und dienen der betriebssicheren Erhaltung der Schienenwege. Damit der Zugverkehr so wenig wie m\u00f6glich beeintr\u00e4chtigt wird, m\u00fcssen diese Arbeiten auf Anordnung der DB nachts ausgef\u00fchrt werden.<\/p>\n\n\n\n<p>Durch die Arbeiten kann es unter Umst\u00e4nden zu L\u00e4rmbel\u00e4stigungen kommen. Wir sind allerdings bem\u00fcht, diese auf ein Minimum zu reduzieren. Sollten Sie berechtigte Beeintr\u00e4chtigungen gem\u00e4\u00df AVV Baul\u00e4rm haben, stehen Ihnen der unten genannte Ansprechpartner zur Verf\u00fcgung.<\/p>\n\n\n\n<p>Die erforderlichen Ausnahmegenehmigungen liegen vor, und Polizei und Beh\u00f6rden sind informiert.<\/p>\n\n\n\n<div class=\"wp-block-image\"><figure class=\"aligncenter size-full is-resized\"><img decoding=\"async\" src=\"https:\/\/speyer24news.com\/wp-content\/uploads\/2022\/06\/Salcef-Bau-GmbH.png\" alt=\"\" class=\"wp-image-46684\" width=\"-423\" height=\"-232\" srcset=\"https:\/\/speyer24news.com\/wp-content\/uploads\/2022\/06\/Salcef-Bau-GmbH.png 800w, https:\/\/speyer24news.com\/wp-content\/uploads\/2022\/06\/Salcef-Bau-GmbH-300x165.png 300w, https:\/\/speyer24news.com\/wp-content\/uploads\/2022\/06\/Salcef-Bau-GmbH-768x421.png 768w\" sizes=\"(max-width: 800px) 100vw, 800px\" \/><\/figure><\/div>\n\n\n\n<p><strong>Ansprechpartner f\u00fcr die Bauma\u00dfnahme ist f\u00fcr Sie:<\/strong> Bauleitung: Salcef Bau GmbH J. Hegemann +49 15203337503<\/p>\n\n\n\n<p><em>Salcef Bau GmbH<br>08.06.2022<\/em><\/p>\n\n\n\n<h2 class=\"wp-block-heading\">Literaturfreunde des Seniorenb\u00fcros wieder aktiv<\/h2>\n\n\n\n<div class=\"wp-block-image\"><figure class=\"aligncenter size-full\"><img decoding=\"async\" loading=\"lazy\" width=\"800\" height=\"594\" src=\"https:\/\/speyer24news.com\/wp-content\/uploads\/2021\/03\/B\u00fccher.jpg\" alt=\"\" class=\"wp-image-33731\" srcset=\"https:\/\/speyer24news.com\/wp-content\/uploads\/2021\/03\/B\u00fccher.jpg 800w, https:\/\/speyer24news.com\/wp-content\/uploads\/2021\/03\/B\u00fccher-300x223.jpg 300w, https:\/\/speyer24news.com\/wp-content\/uploads\/2021\/03\/B\u00fccher-768x570.jpg 768w, https:\/\/speyer24news.com\/wp-content\/uploads\/2021\/03\/B\u00fccher-80x60.jpg 80w\" sizes=\"(max-width: 800px) 100vw, 800px\" \/><\/figure><\/div>\n\n\n\n<p>Der Lesekreis zeitgen\u00f6ssischer Literatur des Seniorenb\u00fcros kommt wieder jeden zweiten und vierten Freitag im Monat um 16 Uhr zusammen.<\/p>\n\n\n\n<p>Beim <strong>n\u00e4chsten Treffen am Freitag, 10. Juni 2022<\/strong> stellt der Speyerer Buchh\u00e4ndler Joachim Ro\u00dfhirt den Autor Uwe Wittstock mit seinem Buch \u201eFebruar 33 \u2013 Der Winter der Literatur\u201c vor, einer Chronologie des Untergangs der deutschen Literaturszene in dieser Zeit.<\/p>\n\n\n\n<p>F\u00fcr R\u00fcckfragen ist das Seniorenb\u00fcro telefonisch erreichbar unter 06232 14-2661.<\/p>\n\n\n\n<p>Die Treffen des Lesekreises finden im Veranstaltungsraum des Seniorenb\u00fcros (Maulbronner Hof 1 A) statt.<\/p>\n\n\n\n<p><em>Stadtverwaltung Speyer \/ Seniorenb\u00fcro<br>08.06.2022<\/em><\/p>\n\n\n\n<h2 class=\"wp-block-heading\">Bestseller-Autorin Sabine Bohlmann liest aus \u201eFrau Honig\u201c<\/h2>\n\n\n\n<div class=\"wp-block-image\"><figure class=\"aligncenter size-full\"><img decoding=\"async\" loading=\"lazy\" width=\"800\" height=\"566\" src=\"https:\/\/speyer24news.com\/wp-content\/uploads\/2022\/06\/Bohlmann.png\" alt=\"\" class=\"wp-image-46687\" srcset=\"https:\/\/speyer24news.com\/wp-content\/uploads\/2022\/06\/Bohlmann.png 800w, https:\/\/speyer24news.com\/wp-content\/uploads\/2022\/06\/Bohlmann-300x212.png 300w, https:\/\/speyer24news.com\/wp-content\/uploads\/2022\/06\/Bohlmann-768x543.png 768w\" sizes=\"(max-width: 800px) 100vw, 800px\" \/><figcaption>Sabine Bohlmann, am 19. Juni 2022 zu Gast in der Stadtbibliothek Speyer.<br><em>Foto: \u00a9 Christian Hartmann<\/em><\/figcaption><\/figure><\/div>\n\n\n\n<p>Am Sonntag, 19. Juni 2022 veranstaltet die Stadtbibliothek Speyer von 15 bis 16.30 Uhr einen bunten Nachmittag mit Sabine Bohlmann. \u00a0\u00a0\u00a0\u00a0\u00a0\u00a0<br>Die aus M\u00fcnchen stammende Bestseller-Autorin, Schauspielerin und Synchronsprecherin (u.a. \u201eLisa\u201c aus der Fernsehserie \u201eDie Simpsons\u201c) liest aus ihrer Buchreihe\u00a0<em>Frau Honig<\/em>, erz\u00e4hlt kurzweilig vom Schreiben und beantwortet selbstverst\u00e4ndlich Fragen der Zuh\u00f6rerinnen und Zuh\u00f6rer.<\/p>\n\n\n\n<p>Imkerin Doris Hoffmann von der Bieneninitiative Speyer rundet die Veranstaltung mit allerlei Wissenswertem \u00fcber Bienen und Honig ab.<\/p>\n\n\n\n<p>Die Veranstaltung in Kooperation mit der Bieneninitiative Speyer und dem F\u00f6rderverein Freunde der Stadtbibliothek e.V. findet auf der Terrasse des Weiterbildungszentrums (Obere Langgasse 33 in Speyer) statt. \u00a0\u00a0\u00a0\u00a0\u00a0<br>Tickets sind im Vorverkauf f\u00fcr 5 Euro \u00fcber die Stadtbibliothek Speyer erh\u00e4ltlich.<\/p>\n\n\n\n<p><em>Text: Stadtverwaltung Speyer \/  Stadtbibliothek Foto: \u00a9 Christian Hartmann<br>03.06.2022<\/em><\/p>\n\n\n\n<h2 class=\"wp-block-heading\">Digitaler B\u00fcrgerservice: Neue Darstellung der Online-Services<\/h2>\n\n\n\n<div class=\"wp-block-image\"><figure class=\"aligncenter size-full\"><img decoding=\"async\" loading=\"lazy\" width=\"600\" height=\"600\" src=\"https:\/\/speyer24news.com\/wp-content\/uploads\/2022\/06\/QRcode.png\" alt=\"\" class=\"wp-image-46688\" srcset=\"https:\/\/speyer24news.com\/wp-content\/uploads\/2022\/06\/QRcode.png 600w, https:\/\/speyer24news.com\/wp-content\/uploads\/2022\/06\/QRcode-300x300.png 300w, https:\/\/speyer24news.com\/wp-content\/uploads\/2022\/06\/QRcode-150x150.png 150w\" sizes=\"(max-width: 600px) 100vw, 600px\" \/><\/figure><\/div>\n\n\n\n<p>Um der B\u00fcrgerschaft den Zugang zu den Serviceleistungen auf der Homepage der Stadt Speyer zu erleichtern, hat die Stadtverwaltung eine \u00fcbersichtlichere Darstellung der Services vorgenommen. Der digitale B\u00fcrgerservice ist ein wichtiger Baustein f\u00fcr die zukunftsorientierte Verwaltung und wird daher stetig weiterentwickelt. Denn B\u00fcrger*innen sind vor allem dort auf Verwaltungsdienstleistungen angewiesen, wo das Leben stattfindet.<\/p>\n\n\n\n<p>Bislang k\u00f6nnen in Speyer daher st\u00e4dtische Dienste wie der Behindertenfahrdienst, die An- und Abmeldung von Hunden, aber auch die e-Services der Arbeitsagentur oder der Stadtwerke bequem von zu Hause aus oder unterwegs mit einem \u201eKlick\u201c erledigt und das Angebot fortw\u00e4hrend erweitert werden.<\/p>\n\n\n\n<p>Die neue Gliederung und Darstellung in Themenfeldern wie \u201eFamilie und Kind\u201c, \u201eSteuern und Zoll\u201c oder \u201eGesundheit\u201c entspricht den Anforderungen, die nach dem Onlinezugangsgesetz (OZG) von den Kommunen&nbsp;umzusetzen sind. &nbsp;&nbsp;&nbsp;&nbsp;&nbsp;&nbsp;&nbsp;&nbsp;<br>F\u00fcr die Stadt Speyer haben Maike Threin und Moritz H\u00fcbner aus der Abteilung \u201edigitale Verwaltung\u201c die Modifizierung dieses Bereiches f\u00fcr eine intuitive Nutzung der Inhalte bereits jetzt realisiert.<\/p>\n\n\n\n<p>Die Online-Services sind \u00fcber den QR-Code sowie unter folgendem Link einzusehen:\u00a0<a href=\"https:\/\/deref-web.de\/mail\/client\/o-kWAQBwZNI\/dereferrer\/?redirectUrl=http%3A%2F%2Fwww.speyer.de%2Fde%2Frathaus%2Fbuergerservice%2Fonline-services\" target=\"_blank\" rel=\"noreferrer noopener\">www.speyer.de\/ online-services<\/a>.<\/p>\n\n\n\n<p><em>Stadtverwaltung Speyer<br>02.06.2022<\/em><\/p>\n\n\n\n<h1 class=\"has-text-align-center wp-block-heading\">Verkehrsnotizen<\/h1>\n\n\n\n<div class=\"wp-block-image\"><figure class=\"aligncenter\"><img decoding=\"async\" loading=\"lazy\" width=\"800\" height=\"565\" src=\"https:\/\/speyer24news.com\/wp-content\/uploads\/2020\/01\/Baustelle-2.jpg\" alt=\"\" class=\"wp-image-23900\" srcset=\"https:\/\/speyer24news.com\/wp-content\/uploads\/2020\/01\/Baustelle-2.jpg 800w, https:\/\/speyer24news.com\/wp-content\/uploads\/2020\/01\/Baustelle-2-300x212.jpg 300w, https:\/\/speyer24news.com\/wp-content\/uploads\/2020\/01\/Baustelle-2-768x542.jpg 768w\" sizes=\"(max-width: 800px) 100vw, 800px\" \/><\/figure><\/div>\n\n\n\n<h2 class=\"wp-block-heading\">Neubau der B39-Br\u00fccke am Priesterseminar: Umbau der Verkehrssicherung<\/h2>\n\n\n\n<p>Umbauarbeiten an der Verkehrssicherung zur im Bau befindlichen Fu\u00df- und Radverkehrsbr\u00fccke am Priesterseminar erfordern am <strong>Freitag, 10. Juni 2022 im Zeitraum von 8 bis 16 Uhr<\/strong> eine halbseitige Sperrung der B39. Der Verkehr in Fahrtrichtung B9 wird an der Anschlussstelle SP-Vogelgesang ausgeleitet, \u00fcber die Paul-Egell-Stra\u00dfe und die Landauer Stra\u00dfe gef\u00fchrt und an der Anschlussstelle SP-S\u00fcd wieder zur\u00fcck auf die B39 geleitet. In der Paul-Egell-Stra\u00dfe wird entlang der Umleitungsstrecke Haltverbot angeordnet. In Fahrtrichtung Salierbr\u00fccke besteht keine Sperrung. Auf der B39 vor der Ausleitung SP-Vogelgesang und auf der Umleitungsstrecke ist mit Stau zu rechnen.<\/p>\n\n\n\n<p>Weitere Informationen und Updates zum Neubau der Fu\u00df- und Radverkehrsbr\u00fccke \u00fcber die B39 beim Priesterseminar sind unter&nbsp;<a href=\"https:\/\/deref-web.de\/mail\/client\/pedZkgrARyE\/dereferrer\/?redirectUrl=http%3A%2F%2Fwww.speyer.de%2Fbruecke-priesterseminar\" target=\"_blank\" rel=\"noreferrer noopener\">www.speyer.de\/bruecke-priesterseminar<\/a>&nbsp;abrufbar. Zudem erfolgen w\u00f6chentlich aktualisierte Informationen zu den Baustellen in und um Speyer im News-Ticker auf&nbsp;<a href=\"https:\/\/deref-web.de\/mail\/client\/3ijpjqX5a1s\/dereferrer\/?redirectUrl=http%3A%2F%2Fwww.speyer.de%2Fbaustellen\" target=\"_blank\" rel=\"noreferrer noopener\">www.speyer.de\/baustellen<\/a>.<\/p>\n\n\n\n<p>Die Stadt Speyer bittet die Verkehrsteilnehmenden und Anwohnenden um Verst\u00e4ndnis f\u00fcr die Beeintr\u00e4chtigungen.<\/p>\n\n\n\n<p><em>Stadtverwaltung Speyer<br>07.06.2022<\/em><\/p>\n\n\n\n<h2 class=\"wp-block-heading\">Karmeliterstra\u00dfe gesperrt<\/h2>\n\n\n\n<p>Aufgrund privater Bauarbeiten wird die Karmeliterstra\u00dfe auf H\u00f6he der Hausnummer 1 <strong>seit Dienstag, 7. Juni bis voraussichtlich 28. Juni 2022<\/strong> voll gesperrt.<\/p>\n\n\n\n<p>Eine Umleitung wird ausgewiesen und die Einbahnstra\u00dfenregelung in der Karmeliterstra\u00dfe zwischen Baustelle und Schulpl\u00e4tzel aufgehoben.<\/p>\n\n\n\n<p>F\u00fcr R\u00fcckfragen steht die Stra\u00dfenverkehrsbeh\u00f6rde unter der Telefonnummer 14-2938 zur Verf\u00fcgung.<\/p>\n\n\n\n<p><em>Stadtverwaltung Speyer<br>01.06.2022<\/em><\/p>\n\n\n\n<h2 class=\"wp-block-heading\">Vollsperrung St. Georgen-Gasse<\/h2>\n\n\n\n<p>Aufgrund von Arbeiten im Auftrag der EBS Speyer wird die Kreuzung St.Georgen-Gasse<strong>\/Fischmarkt ab dem Dienstag, 24. Mai bis voraussichtlich Freitag, 24. Juni 2022<\/strong>&nbsp;f\u00fcr den flie\u00dfenden Verkehr komplett gesperrt.<\/p>\n\n\n\n<p>F\u00fcr R\u00fcckfragen steht die Stra\u00dfenverkehrsbeh\u00f6rde unter der Telefonnummer 14-2938 zur Verf\u00fcgung.<\/p>\n\n\n\n<p><em>Stadtverwaltung Speyer<br>19.05.2022<\/em><\/p>\n\n\n\n<h2 class=\"wp-block-heading\">Am Mondsee gesperrt<\/h2>\n\n\n\n<p>Aufgrund privater Bauarbeiten wird die Stra\u00dfe Am Mondsee auf H\u00f6he der Hausnummer 7&nbsp;<strong>ab Dienstag, 17. Mai bis voraussichtlich Montag, 20. Juni 2022 jeweils zwischen 7 und 18 Uhr<\/strong>&nbsp;f\u00fcr den Durchgangsverkehr gesperrt. In dieser Zeit wird die Stra\u00dfe Am Mondsee beidseitig als Sackgasse ausgewiesen und die Einbahnstra\u00dfenregelung im Wildentenweg aufgehoben. Au\u00dferhalb der genannten Zeiten ist die Stra\u00dfe wie gewohnt befahrbar.<\/p>\n\n\n\n<p>F\u00fcr R\u00fcckfragen steht die Stra\u00dfenverkehrsbeh\u00f6rde unter der Rufnummer 14-2938 zur Verf\u00fcgung.<\/p>\n\n\n\n<p><em>Stadtverwaltung Speyer<br>11.05.2022<\/em><\/p>\n\n\n\n<h2 class=\"wp-block-heading\">Brudergasse gesperrt<\/h2>\n\n\n\n<p>Aufgrund von Renovierungsarbeiten und Containerstellung wird die Brudergasse auf H\u00f6he der Hausnummer 3<strong>&nbsp;ab Mittwoch, 11. Mai bis voraussichtlich Mittwoch, 10. August 2022<\/strong>&nbsp;f\u00fcr den flie\u00dfenden Verkehr komplett gesperrt. Die Brudergasse wird beidseitig als Sackgasse ausgewiesen.<\/p>\n\n\n\n<p>F\u00fcr R\u00fcckfragen steht die Stra\u00dfenverkehrsbeh\u00f6rde unter der Telefonnummer 14-2938 zur Verf\u00fcgung.<\/p>\n\n\n\n<p><em>Stadtverwaltung Speyer<br>10.05.2022<\/em><\/p>\n\n\n\n<h2 class=\"wp-block-heading\">Hagedornsgasse gesperrt<\/h2>\n\n\n\n<p>Aufgrund von Arbeiten im Auftrag der Stadtwerke Speyer wird die Hagedornsgasse auf H\u00f6he der Hausnummer 5&nbsp;<strong>ab Montag, 16. Mai bis voraussichtlich Mittwoch, 15. Juni 2022<\/strong>&nbsp;f\u00fcr den Verkehr komplett gesperrt.<\/p>\n\n\n\n<p>Die Hagedornsgasse wird zwischen Armbruststra\u00dfe und Kleine Greifengasse beidseitig als Sackgasse ausgewiesen. Eine Umleitung wird eingerichtet.<\/p>\n\n\n\n<p>F\u00fcr R\u00fcckfragen steht die Stra\u00dfenverkehrsbeh\u00f6rde unter der Telefonnummer 14-2938 zur Verf\u00fcgung.<\/p>\n\n\n\n<p><em>Stadtverwaltung Speyer<br>06.05.2022<\/em><\/p>\n\n\n\n<h2 class=\"wp-block-heading\">Halbseitige Sperrung der Landwehrstra\u00dfe<\/h2>\n\n\n\n<p>Aufgrund von Leitungsarbeiten wird die Landwehrstra\u00dfe zwischen der Kreuzung Brunckstra\u00dfe und der Einfahrt der Firma Thor GmbH&nbsp;<strong>von Montag, 16. Mai bis voraussichtlich Sonntag, 3. Juli 2022<\/strong>&nbsp;f\u00fcr den Durchgangsverkehr halbseitig gesperrt. Die Stra\u00dfe wird als Einbahnstra\u00dfe in Richtung Speyer Nord ausgewiesen. W\u00e4hrend der Arbeiten entfallen folgende Haltestellen der Buslinie 562: Armens\u00fcnderweg, Alter Postweg, Friedhofshalle, Brucknerstra\u00dfe, Siemensstra\u00dfe\/Nord-West und der Buslinie 565: Siemensstra\u00dfe\/Nord-West, Felkenweg\/Nord-West, Iggelheimer Stra\u00dfe, Baumwollspinnerei.<\/p>\n\n\n\n<p>F\u00fcr R\u00fcckfragen steht die Stra\u00dfenverkehrsbeh\u00f6rde unter der Telefonnummer 14-2938 zur Verf\u00fcgung.<\/p>\n\n\n\n<p><em>Stadtverwaltung Speyer<br>05.05.2022<\/em><\/p>\n\n\n\n<h2 class=\"wp-block-heading\">Baustellen\u00fcbersicht der Stadt Speyer<\/h2>\n\n\n\n<div class=\"wp-block-image\"><figure class=\"aligncenter\"><img decoding=\"async\" loading=\"lazy\" width=\"800\" height=\"384\" src=\"https:\/\/speyer24news.com\/wp-content\/uploads\/2022\/03\/Baustelle-Speyer-Facebook.jpg\" alt=\"\" class=\"wp-image-43610\" srcset=\"https:\/\/speyer24news.com\/wp-content\/uploads\/2022\/03\/Baustelle-Speyer-Facebook.jpg 800w, https:\/\/speyer24news.com\/wp-content\/uploads\/2022\/03\/Baustelle-Speyer-Facebook-300x144.jpg 300w, https:\/\/speyer24news.com\/wp-content\/uploads\/2022\/03\/Baustelle-Speyer-Facebook-768x369.jpg 768w\" sizes=\"(max-width: 800px) 100vw, 800px\" \/><\/figure><\/div>\n\n\n\n<p>Ab sofort stellt die Stadt Speyer eine neue Baustellenliste zur Verf\u00fcgung, die die bisherige Kommunikation von laufenden und kommenden Baustellen erweitert und b\u00fcrgerfreundlicher gestaltet.<\/p>\n\n\n\n<p>Die bisher zur Verf\u00fcgung gestellte Liste \u201eAlle Baustellen\u201c f\u00fchrt alle Baustellen, die sich innerhalb des Speyerer Stadtgebiets befinden, stichpunktartig auf. Diese technische Liste gibt auch einen \u00dcberblick \u00fcber die betroffenen Sparten wie Strom, Gas, oder Wasser.<\/p>\n\n\n\n<p>Die nun neu hinzugekommene Liste \u201eWichtigste Baustellen\u201c beinhaltet Baustellen, von denen ein bedeutender Teil der Verkehrsteilnehmenden in Speyer signifikant betroffen ist, beispielsweise wegen ihrer lange Dauer und\/oder weil wichtige Stra\u00dfen im Netz betroffen sind. Es werden zus\u00e4tzlich zu den Baustellen im Speyerer Stadtgebiet auch wichtige Baustellen in der n\u00e4heren Umgebung aufgef\u00fchrt, beispielsweise auf der B9 und B39. Dar\u00fcber hinaus soll auch der in den Jahren 2023 und 2024 geplante Verkehrsversuch zum Postplatz Eingang in diese Auflistung finden. Neben dem voraussichtlichen Zeitraum und der Ursache werden auch die Umleitungen f\u00fcr die verschiedenen Verkehrsarten und bei Bedarf erg\u00e4nzende Informationen dargestellt. Am Ende der Liste findet sich ferner eine \u00dcbersicht zu m\u00f6glichen Ansprechpartner*innen.<\/p>\n\n\n\n<p>Die neue Baustellenliste ist chronologisch sortiert, sodass die B\u00fcrger*innen auf den ersten Blick neu hinzukommende Baustellen erkennen und f\u00fcr ihre n\u00e4chste Fahrt ber\u00fccksichtigen k\u00f6nnen \u2013 ohne frustriert erst an der Baustellenabsperrung wenden m\u00fcssen. Zeit- und nervenschonend f\u00fcr die B\u00fcrgerschaft \u2013 aber auch gut f\u00fcr die Umwelt, da unn\u00f6tiger Verkehr vermieden wird. Eine neu in Kalenderwoche 12 hinzukommende Vollsperrung befindet sich in der Alten Schwegenheimer Stra\u00dfe.<\/p>\n\n\n\n<p>Die \u00dcbersicht \u00fcber die Baustellensituation wird immer freitags aktualisiert und ist unter&nbsp;<a href=\"http:\/\/www.speyer.de\/baustellen\">www.speyer.de\/baustellen<\/a>&nbsp;im NEWS-TICKER zu finden.<br>Des Weiteren gibt es auf der Baustellenseite der Stadt Speyer wie gewohnt detaillierte Informationen zu laufenden und kommenden Gro\u00dfbaustellen.<\/p>\n\n\n\n<p><em>Stadtverwaltung Speyer<br>18.03.2022<\/em><\/p>\n","protected":false},"excerpt":{"rendered":"<div class=\"mh-excerpt\"><p>Stadtnotizen Arbeiten am Spielplatz Eselsdamm Die Abteilung Stadtgr\u00fcn beginnt am Montag, 13. Juni 2022 am Spielplatz Eselsdamm (Spielbereich gegen\u00fcber der Marie-Wolf-Stra\u00dfe) die Fallschutz- bzw. Sandfl\u00e4che zu erneuern. Hierzu wird der alte, nicht mehr spielf\u00e4hige Sand <a class=\"mh-excerpt-more\" href=\"https:\/\/speyer24news.com\/?p=46682\" title=\"Stadtnotizen &#038; Verkehrsnotizen aus Speyer\">[&#8230;]<\/a><\/p>\n<\/div>","protected":false},"author":3,"featured_media":46477,"comment_status":"open","ping_status":"open","sticky":false,"template":"","format":"standard","meta":{"_monsterinsights_skip_tracking":false,"_monsterinsights_sitenote_active":false,"_monsterinsights_sitenote_note":"","_monsterinsights_sitenote_category":0,"footnotes":""},"categories":[47],"tags":[14341,14110,8712,13640,14342,14701,14702,12715,14703,14698,8197,14699,11616,14700,7737,6,14697,14545,1434,657,1296,658,1114],"aioseo_notices":[],"amp_enabled":true,"_links":{"self":[{"href":"https:\/\/speyer24news.com\/index.php?rest_route=\/wp\/v2\/posts\/46682"}],"collection":[{"href":"https:\/\/speyer24news.com\/index.php?rest_route=\/wp\/v2\/posts"}],"about":[{"href":"https:\/\/speyer24news.com\/index.php?rest_route=\/wp\/v2\/types\/post"}],"author":[{"embeddable":true,"href":"https:\/\/speyer24news.com\/index.php?rest_route=\/wp\/v2\/users\/3"}],"replies":[{"embeddable":true,"href":"https:\/\/speyer24news.com\/index.php?rest_route=%2Fwp%2Fv2%2Fcomments&post=46682"}],"version-history":[{"count":2,"href":"https:\/\/speyer24news.com\/index.php?rest_route=\/wp\/v2\/posts\/46682\/revisions"}],"predecessor-version":[{"id":46689,"href":"https:\/\/speyer24news.com\/index.php?rest_route=\/wp\/v2\/posts\/46682\/revisions\/46689"}],"wp:featuredmedia":[{"embeddable":true,"href":"https:\/\/speyer24news.com\/index.php?rest_route=\/wp\/v2\/media\/46477"}],"wp:attachment":[{"href":"https:\/\/speyer24news.com\/index.php?rest_route=%2Fwp%2Fv2%2Fmedia&parent=46682"}],"wp:term":[{"taxonomy":"category","embeddable":true,"href":"https:\/\/speyer24news.com\/index.php?rest_route=%2Fwp%2Fv2%2Fcategories&post=46682"},{"taxonomy":"post_tag","embeddable":true,"href":"https:\/\/speyer24news.com\/index.php?rest_route=%2Fwp%2Fv2%2Ftags&post=46682"}],"curies":[{"name":"wp","href":"https:\/\/api.w.org\/{rel}","templated":true}]}}