{"id":46699,"date":"2022-06-13T06:13:53","date_gmt":"2022-06-13T05:13:53","guid":{"rendered":"https:\/\/speyer24news.com\/?p=46699"},"modified":"2022-06-19T19:42:10","modified_gmt":"2022-06-19T18:42:10","slug":"polizei-eilmeldung-7","status":"publish","type":"post","link":"https:\/\/speyer24news.com\/?p=46699","title":{"rendered":"Polizei \/ Eilmeldung"},"content":{"rendered":"<style type=\"text\/css\">\r\n\t.ads_top_disp{}\r\n\t.ads_top_corner_disp{ float:left; margin:0px 10px 10px 0px; }\r\n\t.ads_first_p_disp{}\r\n\t.ads_bottom_disp{}\r\n\t<\/style>\n<div class=\"wp-block-image\"><figure class=\"aligncenter size-full\"><img decoding=\"async\" src=\"https:\/\/speyer24news.com\/wp-content\/uploads\/2021\/04\/Eilmeldung.jpg\" alt=\"\" class=\"wp-image-34990\"\/><\/figure><\/div>\n\n\n\n<h2 class=\"wp-block-heading\">T\u00f6tungsdelikt in Ellerstadt<\/h2>\n\n\n\n<h3 class=\"wp-block-heading\">PKW-Fahrer verletzt anschlie\u00dfend vier Personen in Mannheim<\/h3>\n\n\n\n<h4 class=\"wp-block-heading\">Gemeinsame Pressemitteilung der Staatsanwaltschaft Frankenthal, des Polizeipr\u00e4sidiums Rheinpfalz, der Staatsanwaltschaft Mannheim und des Polizeipr\u00e4sidiums Mannheim<\/h4>\n\n\n\n<div class=\"wp-block-image\"><figure class=\"aligncenter size-full\"><img decoding=\"async\" loading=\"lazy\" width=\"800\" height=\"533\" src=\"https:\/\/speyer24news.com\/wp-content\/uploads\/2021\/01\/Ruhe-in-Frieden.jpg\" alt=\"\" class=\"wp-image-32361\" srcset=\"https:\/\/speyer24news.com\/wp-content\/uploads\/2021\/01\/Ruhe-in-Frieden.jpg 800w, https:\/\/speyer24news.com\/wp-content\/uploads\/2021\/01\/Ruhe-in-Frieden-300x200.jpg 300w, https:\/\/speyer24news.com\/wp-content\/uploads\/2021\/01\/Ruhe-in-Frieden-768x512.jpg 768w\" sizes=\"(max-width: 800px) 100vw, 800px\" \/><\/figure><\/div>\n\n\n\n<p><strong>(Ellerstadt \/  Mannheim) &#8211; <\/strong>Am Sonntag (12.06.2022), kam es kurz nach 18 Uhr in Ellerstadt\/Rheinland-Pfalz zu einem T\u00f6tungsdelikt. Nach derzeitigem Ermittlungsstand soll ein 36-J\u00e4hriger seinen 69-j\u00e4hrigen Vater get\u00f6tet haben. Anschlie\u00dfend fl\u00fcchtete der T\u00e4ter noch vor Eintreffen der Polizeikr\u00e4fte mit einem Pkw.<\/p>\n\n\n\n<p>In der Folge kollidierte der 36-J\u00e4hrige im Verlauf der Rhenaniastra\u00dfe in Mannheim mit insgesamt vier Fahrradfahrern. Hierbei erlitt eine 71-j\u00e4hrige Fahrradfahrerin t\u00f6dliche Verletzungen. Drei weitere Fahrradfahrer wurden durch den Rettungsdienst mit schweren Verletzungen in umliegende Krankenh\u00e4user eingeliefert. Im Anschluss fl\u00fcchtete der 36-j\u00e4hrige Fahrer fu\u00dfl\u00e4ufig aus seinem stark besch\u00e4digten Fahrzeug und sprang w\u00e4hrend seiner Flucht in den angrenzenden Rhein. Durch Polizeikr\u00e4fte konnte der Mann, welcher sich vermutlich in einem psychischen Ausnahmezustand befand, schlie\u00dflich festgenommen werden. Zu Fahndungszwecken waren hierbei auch ein Polizeihubschrauber sowie die Wasserschutzpolizei im Einsatz. <\/p>\n\n\n\n<p>Die weiteren Ermittlungen werden durch die Staatsanwaltschaft Mannheim, das Polizeipr\u00e4sidium Mannheim, die Staatsanwaltschaft Frankenthal sowie das Polizeipr\u00e4sidium Rheinpfalz gef\u00fchrt. Zeugen, welche sachdienliche Hinweise zum Geschehen geben k\u00f6nnen, werden gebeten, sich beim kriminalpolizeilichen Hinweistelefon unter 0621\/174-4444 zu melden. Die Rhenaniastra\u00dfe ist derzeit (12.06.2022 \u2013 23:07) zwischen der alten Seilerei und der Gra\u00dfmannstra\u00dfe gesperrt. Ortskundige Verkehrsteilnehmer werden gebeten, das Gebiet weitr\u00e4umig zu umfahren.<\/p>\n\n\n\n<p><em>Polizeipr\u00e4sidium Rheinpfalz<br>12.06.2022<\/em><\/p>\n","protected":false},"excerpt":{"rendered":"<div class=\"mh-excerpt\"><p>T\u00f6tungsdelikt in Ellerstadt PKW-Fahrer verletzt anschlie\u00dfend vier Personen in Mannheim Gemeinsame Pressemitteilung der Staatsanwaltschaft Frankenthal, des Polizeipr\u00e4sidiums Rheinpfalz, der Staatsanwaltschaft Mannheim und des Polizeipr\u00e4sidiums Mannheim (Ellerstadt \/ Mannheim) &#8211; Am Sonntag (12.06.2022), kam es kurz <a class=\"mh-excerpt-more\" href=\"https:\/\/speyer24news.com\/?p=46699\" title=\"Polizei \/ Eilmeldung\">[&#8230;]<\/a><\/p>\n<\/div>","protected":false},"author":3,"featured_media":26162,"comment_status":"open","ping_status":"open","sticky":false,"template":"","format":"standard","meta":{"_monsterinsights_skip_tracking":false,"_monsterinsights_sitenote_active":false,"_monsterinsights_sitenote_note":"","_monsterinsights_sitenote_category":0,"footnotes":""},"categories":[12],"tags":[14706,14708,7954,56,53,14705,102,213,8277,979,14709,10547,14707],"aioseo_notices":[],"amp_enabled":true,"_links":{"self":[{"href":"https:\/\/speyer24news.com\/index.php?rest_route=\/wp\/v2\/posts\/46699"}],"collection":[{"href":"https:\/\/speyer24news.com\/index.php?rest_route=\/wp\/v2\/posts"}],"about":[{"href":"https:\/\/speyer24news.com\/index.php?rest_route=\/wp\/v2\/types\/post"}],"author":[{"embeddable":true,"href":"https:\/\/speyer24news.com\/index.php?rest_route=\/wp\/v2\/users\/3"}],"replies":[{"embeddable":true,"href":"https:\/\/speyer24news.com\/index.php?rest_route=%2Fwp%2Fv2%2Fcomments&post=46699"}],"version-history":[{"count":2,"href":"https:\/\/speyer24news.com\/index.php?rest_route=\/wp\/v2\/posts\/46699\/revisions"}],"predecessor-version":[{"id":46702,"href":"https:\/\/speyer24news.com\/index.php?rest_route=\/wp\/v2\/posts\/46699\/revisions\/46702"}],"wp:featuredmedia":[{"embeddable":true,"href":"https:\/\/speyer24news.com\/index.php?rest_route=\/wp\/v2\/media\/26162"}],"wp:attachment":[{"href":"https:\/\/speyer24news.com\/index.php?rest_route=%2Fwp%2Fv2%2Fmedia&parent=46699"}],"wp:term":[{"taxonomy":"category","embeddable":true,"href":"https:\/\/speyer24news.com\/index.php?rest_route=%2Fwp%2Fv2%2Fcategories&post=46699"},{"taxonomy":"post_tag","embeddable":true,"href":"https:\/\/speyer24news.com\/index.php?rest_route=%2Fwp%2Fv2%2Ftags&post=46699"}],"curies":[{"name":"wp","href":"https:\/\/api.w.org\/{rel}","templated":true}]}}