{"id":46768,"date":"2022-06-21T18:35:05","date_gmt":"2022-06-21T17:35:05","guid":{"rendered":"https:\/\/speyer24news.com\/?p=46768"},"modified":"2022-06-21T18:35:14","modified_gmt":"2022-06-21T17:35:14","slug":"polizei-839","status":"publish","type":"post","link":"https:\/\/speyer24news.com\/?p=46768","title":{"rendered":"Polizei"},"content":{"rendered":"<style type=\"text\/css\">\r\n\t.ads_top_disp{}\r\n\t.ads_top_corner_disp{ float:left; margin:0px 10px 10px 0px; }\r\n\t.ads_first_p_disp{}\r\n\t.ads_bottom_disp{}\r\n\t<\/style>\n<h2 class=\"wp-block-heading\">Polizeimeldungen vom Montag und Dienstag (20.06. &amp; 21.06.2022)<\/h2>\n\n\n<div class=\"wp-block-image\">\n<figure class=\"aligncenter size-full\"><img decoding=\"async\" loading=\"lazy\" width=\"375\" height=\"500\" src=\"https:\/\/speyer24news.com\/wp-content\/uploads\/2022\/03\/Aktuelles-Polizeilogo.jpg\" alt=\"\" class=\"wp-image-43591\" srcset=\"https:\/\/speyer24news.com\/wp-content\/uploads\/2022\/03\/Aktuelles-Polizeilogo.jpg 375w, https:\/\/speyer24news.com\/wp-content\/uploads\/2022\/03\/Aktuelles-Polizeilogo-225x300.jpg 225w\" sizes=\"(max-width: 375px) 100vw, 375px\" \/><\/figure><\/div>\n\n\n<h2 class=\"wp-block-heading\">(Speyer) &#8211; Gefahrstoffaustritt am Hauptbahnhof Speyer<\/h2>\n\n\n<div class=\"wp-block-image\">\n<figure class=\"aligncenter size-full\"><img decoding=\"async\" loading=\"lazy\" width=\"800\" height=\"600\" src=\"https:\/\/speyer24news.com\/wp-content\/uploads\/2022\/06\/287647653_3236363809968388_6179409333299606444_n.jpg\" alt=\"\" class=\"wp-image-46776\" srcset=\"https:\/\/speyer24news.com\/wp-content\/uploads\/2022\/06\/287647653_3236363809968388_6179409333299606444_n.jpg 800w, https:\/\/speyer24news.com\/wp-content\/uploads\/2022\/06\/287647653_3236363809968388_6179409333299606444_n-300x225.jpg 300w, https:\/\/speyer24news.com\/wp-content\/uploads\/2022\/06\/287647653_3236363809968388_6179409333299606444_n-768x576.jpg 768w, https:\/\/speyer24news.com\/wp-content\/uploads\/2022\/06\/287647653_3236363809968388_6179409333299606444_n-678x509.jpg 678w, https:\/\/speyer24news.com\/wp-content\/uploads\/2022\/06\/287647653_3236363809968388_6179409333299606444_n-326x245.jpg 326w, https:\/\/speyer24news.com\/wp-content\/uploads\/2022\/06\/287647653_3236363809968388_6179409333299606444_n-80x60.jpg 80w\" sizes=\"(max-width: 800px) 100vw, 800px\" \/><\/figure><\/div>\n\n\n<p>An einem Bahnkesselwagen war ein Zischen aus dem Domdeckel wahrnehmbar.<br>Der Kesselwagen stand in einem Ganzzug gekuppelt mit mehreren Waggons zum Abtransport auf einem Gleis im Bereich des Hauptbahnhofes bereit.<br>Das Produkt, das der Wagen geladen hatte, war Ottokraftstoff.<br>Es lief kein Produkt aus, die Messungen im Bereich des schadhaften Kesselwagens waren allesamt kleiner der Nachweisgrenze.<br>Durch den Notfallmanager der Bahn wurden die Gleise im kompletten Bahnhof gesperrt und die Erdung der Oberleitung veranlasst.<br>Die Bundespolizei r\u00e4umte vorsichtshalber die Bahnsteige.<br>Nach erfolgreicher Erdung des Fahrdrahtes wurde der schadhafte Domdeckel inspiziert und durch fachkundige Feuerwehrm\u00e4nner und Bedienstete der Verladerfirma dichtgesetzt.<br>Zur Absicherung der Einsatzkr\u00e4fte war die SEG Stadt Speyer ebenfalls im Einsatz.<br>Es gab keine Verletzten.<\/p>\n\n\n\n<h3 class=\"wp-block-heading\">Beteiligte Einsatzfahrzeuge:<\/h3>\n\n\n\n<p>HLF2, GW-Mess, WLF mit AB-G, LF-KatS, TLF1, TLF2, ELW1, GW-A\/S, KdoW; SEG-MTW, SEG-RTW<\/p>\n\n\n\n<figure class=\"wp-block-gallery has-nested-images columns-2 is-cropped wp-block-gallery-1 is-layout-flex wp-block-gallery-is-layout-flex\">\n<figure class=\"wp-block-image size-full\"><img decoding=\"async\" loading=\"lazy\" width=\"800\" height=\"600\" data-id=\"46779\" src=\"https:\/\/speyer24news.com\/wp-content\/uploads\/2022\/06\/288226013_3236363623301740_8050039733710338158_n-1.jpg\" alt=\"\" class=\"wp-image-46779\" srcset=\"https:\/\/speyer24news.com\/wp-content\/uploads\/2022\/06\/288226013_3236363623301740_8050039733710338158_n-1.jpg 800w, https:\/\/speyer24news.com\/wp-content\/uploads\/2022\/06\/288226013_3236363623301740_8050039733710338158_n-1-300x225.jpg 300w, https:\/\/speyer24news.com\/wp-content\/uploads\/2022\/06\/288226013_3236363623301740_8050039733710338158_n-1-768x576.jpg 768w, https:\/\/speyer24news.com\/wp-content\/uploads\/2022\/06\/288226013_3236363623301740_8050039733710338158_n-1-678x509.jpg 678w, https:\/\/speyer24news.com\/wp-content\/uploads\/2022\/06\/288226013_3236363623301740_8050039733710338158_n-1-326x245.jpg 326w, https:\/\/speyer24news.com\/wp-content\/uploads\/2022\/06\/288226013_3236363623301740_8050039733710338158_n-1-80x60.jpg 80w\" sizes=\"(max-width: 800px) 100vw, 800px\" \/><\/figure>\n\n\n\n<figure class=\"wp-block-image size-full\"><img decoding=\"async\" loading=\"lazy\" width=\"800\" height=\"600\" data-id=\"46778\" src=\"https:\/\/speyer24news.com\/wp-content\/uploads\/2022\/06\/287497659_3236363619968407_854308126063246729_n.jpg\" alt=\"\" class=\"wp-image-46778\" srcset=\"https:\/\/speyer24news.com\/wp-content\/uploads\/2022\/06\/287497659_3236363619968407_854308126063246729_n.jpg 800w, https:\/\/speyer24news.com\/wp-content\/uploads\/2022\/06\/287497659_3236363619968407_854308126063246729_n-300x225.jpg 300w, https:\/\/speyer24news.com\/wp-content\/uploads\/2022\/06\/287497659_3236363619968407_854308126063246729_n-768x576.jpg 768w, https:\/\/speyer24news.com\/wp-content\/uploads\/2022\/06\/287497659_3236363619968407_854308126063246729_n-678x509.jpg 678w, https:\/\/speyer24news.com\/wp-content\/uploads\/2022\/06\/287497659_3236363619968407_854308126063246729_n-326x245.jpg 326w, https:\/\/speyer24news.com\/wp-content\/uploads\/2022\/06\/287497659_3236363619968407_854308126063246729_n-80x60.jpg 80w\" sizes=\"(max-width: 800px) 100vw, 800px\" \/><\/figure>\n\n\n\n<figure class=\"wp-block-image size-full\"><img decoding=\"async\" loading=\"lazy\" width=\"800\" height=\"597\" data-id=\"46777\" src=\"https:\/\/speyer24news.com\/wp-content\/uploads\/2022\/06\/288183646_3236363586635077_8738170832078526274_n.jpg\" alt=\"\" class=\"wp-image-46777\" srcset=\"https:\/\/speyer24news.com\/wp-content\/uploads\/2022\/06\/288183646_3236363586635077_8738170832078526274_n.jpg 800w, https:\/\/speyer24news.com\/wp-content\/uploads\/2022\/06\/288183646_3236363586635077_8738170832078526274_n-300x224.jpg 300w, https:\/\/speyer24news.com\/wp-content\/uploads\/2022\/06\/288183646_3236363586635077_8738170832078526274_n-768x573.jpg 768w, https:\/\/speyer24news.com\/wp-content\/uploads\/2022\/06\/288183646_3236363586635077_8738170832078526274_n-80x60.jpg 80w\" sizes=\"(max-width: 800px) 100vw, 800px\" \/><\/figure>\n\n\n\n<figure class=\"wp-block-image size-full\"><img decoding=\"async\" loading=\"lazy\" width=\"800\" height=\"600\" data-id=\"46780\" src=\"https:\/\/speyer24news.com\/wp-content\/uploads\/2022\/06\/287580421_3236363589968410_5724840929541691297_n.jpg\" alt=\"\" class=\"wp-image-46780\" srcset=\"https:\/\/speyer24news.com\/wp-content\/uploads\/2022\/06\/287580421_3236363589968410_5724840929541691297_n.jpg 800w, https:\/\/speyer24news.com\/wp-content\/uploads\/2022\/06\/287580421_3236363589968410_5724840929541691297_n-300x225.jpg 300w, https:\/\/speyer24news.com\/wp-content\/uploads\/2022\/06\/287580421_3236363589968410_5724840929541691297_n-768x576.jpg 768w, https:\/\/speyer24news.com\/wp-content\/uploads\/2022\/06\/287580421_3236363589968410_5724840929541691297_n-678x509.jpg 678w, https:\/\/speyer24news.com\/wp-content\/uploads\/2022\/06\/287580421_3236363589968410_5724840929541691297_n-326x245.jpg 326w, https:\/\/speyer24news.com\/wp-content\/uploads\/2022\/06\/287580421_3236363589968410_5724840929541691297_n-80x60.jpg 80w\" sizes=\"(max-width: 800px) 100vw, 800px\" \/><\/figure>\n\n\n\n<figure class=\"wp-block-image size-full\"><img decoding=\"async\" loading=\"lazy\" width=\"800\" height=\"600\" data-id=\"46775\" src=\"https:\/\/speyer24news.com\/wp-content\/uploads\/2022\/06\/287519357_3236363799968389_165951836017372789_n.jpg\" alt=\"\" class=\"wp-image-46775\" srcset=\"https:\/\/speyer24news.com\/wp-content\/uploads\/2022\/06\/287519357_3236363799968389_165951836017372789_n.jpg 800w, https:\/\/speyer24news.com\/wp-content\/uploads\/2022\/06\/287519357_3236363799968389_165951836017372789_n-300x225.jpg 300w, https:\/\/speyer24news.com\/wp-content\/uploads\/2022\/06\/287519357_3236363799968389_165951836017372789_n-768x576.jpg 768w, https:\/\/speyer24news.com\/wp-content\/uploads\/2022\/06\/287519357_3236363799968389_165951836017372789_n-678x509.jpg 678w, https:\/\/speyer24news.com\/wp-content\/uploads\/2022\/06\/287519357_3236363799968389_165951836017372789_n-326x245.jpg 326w, https:\/\/speyer24news.com\/wp-content\/uploads\/2022\/06\/287519357_3236363799968389_165951836017372789_n-80x60.jpg 80w\" sizes=\"(max-width: 800px) 100vw, 800px\" \/><\/figure>\n\n\n\n<figure class=\"wp-block-image size-full\"><img decoding=\"async\" loading=\"lazy\" width=\"800\" height=\"600\" data-id=\"46776\" src=\"https:\/\/speyer24news.com\/wp-content\/uploads\/2022\/06\/287647653_3236363809968388_6179409333299606444_n.jpg\" alt=\"\" class=\"wp-image-46776\" srcset=\"https:\/\/speyer24news.com\/wp-content\/uploads\/2022\/06\/287647653_3236363809968388_6179409333299606444_n.jpg 800w, https:\/\/speyer24news.com\/wp-content\/uploads\/2022\/06\/287647653_3236363809968388_6179409333299606444_n-300x225.jpg 300w, https:\/\/speyer24news.com\/wp-content\/uploads\/2022\/06\/287647653_3236363809968388_6179409333299606444_n-768x576.jpg 768w, https:\/\/speyer24news.com\/wp-content\/uploads\/2022\/06\/287647653_3236363809968388_6179409333299606444_n-678x509.jpg 678w, https:\/\/speyer24news.com\/wp-content\/uploads\/2022\/06\/287647653_3236363809968388_6179409333299606444_n-326x245.jpg 326w, https:\/\/speyer24news.com\/wp-content\/uploads\/2022\/06\/287647653_3236363809968388_6179409333299606444_n-80x60.jpg 80w\" sizes=\"(max-width: 800px) 100vw, 800px\" \/><\/figure>\n<\/figure>\n\n\n\n<p><em>Gefahrstoffzug Speyer<br>21.06.2022<\/em><\/p>\n\n\n\n<h2 class=\"wp-block-heading\">(Speyer) &#8211; Marihuana und Fahrzeugschl\u00fcssel sichergestellt<\/h2>\n\n\n\n<p>Am 20.06.2022 gegen 19:30 Uhr f\u00fchrten eine Polizeibeamtin und ein Polizeibeamter eine Fu\u00dfstreife im Woogbachpark in Speyer durch. Hierbei nahmen sie Marihuanageruch wahr und erblickten einen 39-J\u00e4hrigen im Geb\u00fcsch, der gerade einen Joint rauchte. Bei der Durchsuchung seiner Person fanden die Beamten 3,42 Gramm Marihuana sowie einen Fahrzeugschl\u00fcssel auf. Zur Verhinderung einer m\u00f6glichen Fahrt unter dem Einfluss berauschender Mittel wurde auch der Fahrzeugschl\u00fcssel kurzzeitig sichergestellt. Gegen den 39-J\u00e4hrigen wurde ein Strafverfahren wegen Versto\u00dfes gegen das Bet\u00e4ubungsmittelgesetz eingeleitet.<\/p>\n\n\n\n<h2 class=\"wp-block-heading\">(Speyer) &#8211; Einbruch in Kindergarten<\/h2>\n\n\n\n<p>Im Zeitraum vom 15.06.2022, 15 Uhr, bis zum 20.06.2022, 06:30 Uhr, stiegen unbekannte T\u00e4ter \u00fcber eine Treppe auf das Vordach eines Kindergartens in der Winternheimer Stra\u00dfe, wo sie ein Fenster aufdr\u00fcckten und so ins Innere gelangten. Hier brachen sie einen Schrank auf und entwendeten aus diesem eine Geldkassette. Es entstand lediglich geringer Sachschaden am aufgebrochenen Schrank.<\/p>\n\n\n\n<p>Wer kann Hinweise zu verd\u00e4chtigen Personen oder Fahrzeugen geben? Sachdienliche Hinweise nimmt die Polizei Speyer unter der Rufnummer 06232\/137-0 oder per Email (<a href=\"mailto:pispeyer@polizei.rlp.de\">pispeyer@polizei.rlp.de<\/a>) entgegen.<\/p>\n\n\n\n<h2 class=\"wp-block-heading\">(Speyer) &#8211; Hoher Sachschaden nach Verkehrsunfall infolge von Kreislaufproblemen<\/h2>\n\n\n\n<p>Am 19.06.2022 um 12:49 Uhr befuhr ein 19-j\u00e4hriger PKW-Fahrer die Winternheimer Stra\u00dfe in Richtung der Paul-Egell-Stra\u00dfe. Hier kam er beinahe nach rechts von der Fahrbahn ab, lenkte gegen und kollidierte mit einem links von ihm geparkten PKW, wodurch dieser auf den dahinter geparkten PKW geschoben wurde. F\u00fcr den 19-J\u00e4hrigen endete die Fahrt an einem Pfosten am rechten Fahrbahnrand, mit dem er nach der ersten Kollision zusammenstie\u00df. Der 19-J\u00e4hrige verletzte sich leicht am Unterarm und klagte der Polizei gegen\u00fcber \u00fcber Kreislaufprobleme, bei denen es sich mutma\u00dflich um die Unfallursache handelt. Daher wurde gegen ihn ein Strafverfahren wegen Gef\u00e4hrdung des Stra\u00dfenverkehrs eingeleitet und sein F\u00fchrerschein sichergestellt. Er wurde durch den hinzugezogenen Rettungsdienst in ein Krankenhaus verbracht. Das Fahrzeug des 19-J\u00e4hrigen und das Fahrzeug, mit dem er kollidierte, waren nicht mehr fahrbereit und mussten abgeschleppt werden. An den beteiligten PKW sowie dem Pfosten entstand ein Gesamtschaden in H\u00f6he von ca. 14.200 Euro.<\/p>\n\n\n\n<h2 class=\"wp-block-heading\">(Speyer) &#8211; Fahrt unter Drogeneinfluss und mit Cannabis im Gep\u00e4ck<\/h2>\n\n\n\n<p>Am 18.06.2022 gegen 18:50 Uhr befuhr ein 31-j\u00e4hriger PKW-Fahrer die Friedrich-Ebert-Stra\u00dfe in Fahrtrichtung Wormser Landstra\u00dfe. Eine Polizeistreife unterzog ihn einer Verkehrskontrolle und stellte bei ihm Hinweise auf einen zur\u00fcckliegenden Konsum von Bet\u00e4ubungsmitteln fest. Ein freiwilliger Urintest verlief positiv auf Amfetamin und THC. Der 31-J\u00e4hrige f\u00fchrte au\u00dferdem 1,18 Gramm Marihuana in seiner Bauchtasche mit sich, welche die Polizeibeamten bei seiner Durchsuchung sicherstellten. Ihm wurde eine Blutprobe entnommen. Gegen ihn wird ein Strafverfahren wegen Versto\u00dfes gegen das Bet\u00e4ubungsmittelgesetz sowie ein Ordnungswidrigkeitsverfahren wegen der Fahrt unter Drogeneinfluss eingeleitet.<\/p>\n\n\n\n<h2 class=\"wp-block-heading\">(Speyer) &#8211; Einbruch in Kirchengeb\u00e4ude<\/h2>\n\n\n\n<p>Am 18.06.2022 um 12:26 Uhr stellten Zeugen Spuren eines Einbruchs in einer Kirche in der Paul-Egell-Stra\u00dfe fest. Unbekannte T\u00e4ter hatten gewaltsam ein Kellerfenster ge\u00f6ffnet und im Inneren Schr\u00e4nke in mehreren Etagen des Kirchenbaus durchw\u00fchlt. Nach dem bisherigen Stand der Ermittlungen zogen die T\u00e4ter ohne Beute davon und verursachten im Inneren keinen Sachschaden. Der genaue Tatzeitraum ist bislang nicht bekannt.<\/p>\n\n\n\n<p>Wer kann Hinweise zu verd\u00e4chtigen Personen oder Fahrzeugen geben? Sachdienliche Hinweise nimmt die Polizei Speyer unter der Rufnummer 06232\/137-0 oder per Email (<a href=\"mailto:pispeyer@polizei.rlp.de\">pispeyer@polizei.rlp.de<\/a>) entgegen.<\/p>\n\n\n\n<h2 class=\"wp-block-heading\">(Speyer) &#8211; Polizeistreife die Vorfahrt genommen, F\u00fchrerschein aufgrund von Alkoholisierung beschlagnahmt<\/h2>\n\n\n\n<p>Am 18.06.2022 gegen 0:30 Uhr befuhr eine 35-j\u00e4hrige PKW-Fahrerin die Kreuzung Industriestra\u00dfe \/ Am Technikmuseum, von der B 39 kommend in Fahrtrichtung des Festplatzes. Hierbei nahm sie einer bevorrechtigt auf der Industriestra\u00dfe in Richtung des Domplatzes fahrenden Polizeistreife die Vorfahrt, sodass die Polizeibeamten einen Verkehrsunfall nur durch eine Vollbremsung vermeiden konnten. Aus diesem Grund f\u00fchrten die Polizeibeamten eine Verkehrskontrolle mit ihr durch und stellten bei ihr einen Atemalkoholwert von 0,49 Promille fest. In Verbindung mit dem gezeigten Fahrverhalten wurde angesichts des festgestellten Alkoholwertes ein Strafverfahren wegen Gef\u00e4hrdung des Stra\u00dfenverkehrs eingeleitet und die 35-J\u00e4hrige einer Blutentnahme unterzogen. Ihr F\u00fchrerschein wurde beschlagnahmt.<\/p>\n\n\n\n<h2 class=\"wp-block-heading\">(B\u00f6hl-Iggelheim) &#8211; Bordsteinkante wird Fahrradfahrer zum Verh\u00e4ngnis<\/h2>\n\n\n\n<p>Am Sonntag, 19.06.2022, gegen 09:45 Uhr, st\u00fcrzte ein 84-j\u00e4hriger Fahrradfahrer im Ortsteil Iggelheim beim Wechsel von der Fahrbahn auf den Gehweg der Ha\u00dflocher Stra\u00dfe zu Boden. Aufgrund einer auch zugezogenen Kopfverletzung, wurde dieser mit einem Rettungswagen in ein Krankenhaus eingeliefert. Eine Fremdbeteiligung ist ersten Ermittlungen zu Folge auszuschlie\u00dfen. Die Polizei empfiehlt das Tragen eines Fahrradhelmes.<\/p>\n\n\n\n<h2 class=\"wp-block-heading\">(Waldsee) &#8211; Zwangsr\u00e4umung wird zur Geduldsprobe<\/h2>\n\n\n<div class=\"wp-block-image\">\n<figure class=\"aligncenter size-full\"><img decoding=\"async\" loading=\"lazy\" width=\"640\" height=\"428\" src=\"https:\/\/speyer24news.com\/wp-content\/uploads\/2021\/02\/Feuerwehr-Polizei.jpg\" alt=\"\" class=\"wp-image-33096\" srcset=\"https:\/\/speyer24news.com\/wp-content\/uploads\/2021\/02\/Feuerwehr-Polizei.jpg 640w, https:\/\/speyer24news.com\/wp-content\/uploads\/2021\/02\/Feuerwehr-Polizei-300x201.jpg 300w\" sizes=\"(max-width: 640px) 100vw, 640px\" \/><\/figure><\/div>\n\n\n<p>Die Polizei Schifferstadt unterst\u00fctzte am Dienstag, 21.06.2022, eine Obergerichtsvollzieherin bei der Vollstreckung der Zwangsr\u00e4umung der Wohnung einer 53-j\u00e4hrigen Frau. Nach Eintreffen der Beamten kurz vor 11:00 Uhr verweigerte die Frau den Kontakt zu den eingesetzten Kr\u00e4ften und schloss sich in ihrer Wohnung ein. Da sie sich mehrfach mit den F\u00fc\u00dfen nach au\u00dfen und mit zwei Messern in H\u00e4nden auf Fensterb\u00e4nke gesetzt hatte wurden Spezialkr\u00e4fte angefordert, da nicht ausgeschlossen werden konnte, dass sich die Frau selbst etwas antut. Langwierige Verhandlungen durch angeforderte Spezialkr\u00e4fte f\u00fchrten nicht zu einer Aufgabe der Frau, die sich dann \u00fcber l\u00e4ngere Zeit auf der Au\u00dfenseite des Balkongel\u00e4nders aufhielt. Ein Eingreifen h\u00e4tte hierbei die Gefahr des Absturzes mit schwersten Verletzungen beinhaltet. Nach mehreren erfolglosen Versuchen konnte letztlich gegen 16:00 Uhr ein Zugriff in der Wohnung durchgef\u00fchrt werden, nachdem die Frau unter Anwendung einer List in ihre Wohnung gelockt werden konnte. Die Frau wurde hierbei nicht verletzt, klagte lediglich \u00fcber leichte Schmerzen in der Schulter. Sie wurde im Anschluss einer psychiatrischen Begutachtung zugef\u00fchrt. Eine Gef\u00e4hrdung f\u00fcr Dritte bestand zu keinem Zeitpunkt der Ma\u00dfnahmen.<\/p>\n\n\n\n<h2 class=\"wp-block-heading\">(Altrip) &#8211; Mit \u00fcber 2 Promille versucht Unfall zu vertuschen<\/h2>\n\n\n\n<p>Am Sonntag, 19.06.2022, gegen 16:00 Uhr, wendete in der Schillerstra\u00dfe ein PKW und stie\u00df hierbei mit einem anderen Fahrzeug zusammen. Es entstand Sachschaden in Gesamth\u00f6he von circa 3.000 Euro. Der eingetroffenen Polizeistreife kam die angebliche Unfallverursacherin auff\u00e4llig nerv\u00f6s vor. Zudem passte ihre K\u00f6rpergr\u00f6\u00dfe nicht zur Einstellung des Fahrersitzes. Es lie\u00dfen sich Zeugen finden und letztlich konnte der angebliche Beifahrer als Fahrer und damit Unfallverursacher ermittelt werden. Nicht ohne Grund war versucht worden seine Fahrt zu vertuschen: Ein Atemalkoholtest ergab einen Wert von 2,5 Promille. F\u00fcr das Strafverfahren wurde dem 31-j\u00e4hrigen eine Blutprobe entnommen sowie der F\u00fchrerschein beschlagnahmt. Die angebliche Fahrerin erwartet eine Strafanzeige wegen Strafvereitelung.<\/p>\n\n\n\n<h2 class=\"wp-block-heading\">(Dudenhofen) &#8211; Mehrere Diebst\u00e4hle aus PKW<\/h2>\n\n\n\n<p>Vom 19. auf den 20.06.2022 zwischen 20 Uhr und 8 Uhr \u00f6ffneten unbekannte T\u00e4ter in der Stra\u00dfe An der Neum\u00fchle drei laut Halterangaben verschlossene PKW der Marken Skoda und VW, ohne an diesen Besch\u00e4digungen zu hinterlassen. Lediglich aus einem PKW entwendeten sie eine Festplatte und technisches Zubeh\u00f6r im Gesamtwert von ca. 300 Euro.<\/p>\n\n\n\n<p>Im Zeitraum zwischen 4 Uhr und 7 Uhr \u00f6ffneten unbekannte T\u00e4ter einen unverschlossenen PKW einer anderen Marke in der Limburgstra\u00dfe und entwendeten hieraus einen schwarzen Ledergeldbeutel inklusive der enthaltenen Dokumente und EC-Karten sowie 120 Euro Bargeld.<\/p>\n\n\n\n<h2 class=\"wp-block-heading\">(Dudenhofen) &#8211; Versuchter Einbruch auf Baustelle<\/h2>\n\n\n\n<p>Im Zeitraum vom 18.06.2022, 11 Uhr, bis zum 20.06.2022, 07:00 Uhr, brachen unbekannte T\u00e4ter mittels Hebelwerkzeug einen Werkzeugcontainer auf einer Baustelle Am Gewerbering in Dudenhofen auf und besch\u00e4digten die T\u00fcr eines weiteren Containers durch Tritte, gelangten jedoch nur in einen Container hinein. Hieraus entwendeten sie nichts und zogen ohne Beute davon. Es entstand Sachschaden in H\u00f6he von ca. 210 Euro.<\/p>\n\n\n\n<p>Wer kann Hinweise zu verd\u00e4chtigen Personen oder Fahrzeugen geben? Sachdienliche Hinweise nimmt die Polizei Speyer unter der Rufnummer 06232\/137-0 oder per Email (<a href=\"mailto:pispeyer@polizei.rlp.de\">pispeyer@polizei.rlp.de<\/a>) entgegen.<\/p>\n\n\n\n<h2 class=\"wp-block-heading\">(Dudenhofen) &#8211; Versuchter Einbruch in \u00f6ffentliche Vereinsgastst\u00e4tte<\/h2>\n\n\n\n<p>Im Zeitraum vom 17.06.2022, 22 Uhr, bis zum 18.06.2022, 09:30 Uhr, \u00fcberstiegen unbekannte T\u00e4ter den Au\u00dfenzaun einer \u00f6ffentlichen Vereinsgastst\u00e4tte in Waldrandlage in der verl\u00e4ngerten Schillerstra\u00dfe. Auf dem Gel\u00e4nde machten sich die unbekannten T\u00e4ter an einer Metallt\u00fcr zu schaffen, scheiterten aber an deren \u00d6ffnung. Die unbekannte T\u00e4terschaft versuchte ein Fenster durch den Wurf eines Steines zu \u00f6ffnen, was ebenfalls misslang. Allerdings entstand Sachschaden an der Scheibe. Der Sachschaden liegt bei ca. 600 Euro.<\/p>\n\n\n\n<p>Wer kann Hinweise zu verd\u00e4chtigen Personen oder Fahrzeugen geben? Sachdienliche Hinweise nimmt die Polizei Speyer unter der Rufnummer 06232\/137-0 oder per Email (<a href=\"mailto:pispeyer@polizei.rlp.de\">pispeyer@polizei.rlp.de<\/a>) entgegen.<\/p>\n\n\n\n<h2 class=\"wp-block-heading\">(Lustadt) &#8211; Sachbesch\u00e4digung einer Sitzgruppe<\/h2>\n\n\n\n<p>Mit diversen Parolen bespr\u00fchten bislang unbekannte T\u00e4ter in der Zeit zwischen Freitagmorgen und Montagabend eine Sitzgruppe, die sich auf dem Feldweg zwischen Lustadt und Westheim befindet. Es entstand ein Schaden von etwa 200 Euro. Hinweise erhofft sich die Polizei aus der Bev\u00f6lkerung.<\/p>\n\n\n\n<h2 class=\"wp-block-heading\">(Hochstadt) &#8211; Betrunken von der Fahrbahn abgekommen<\/h2>\n\n\n\n<p>Zeugen meldeten am Sonntag gegen 23.30 Uhr ein verunfalltes Fahrzeug auf der K40 zwischen Hochstadt und Offenbach. Als die Polizeibeamten an der Unfallstelle eintrafen, konnten sie ein besch\u00e4digtes Fahrzeug sowie den Fahrer vorfinden.<\/p>\n\n\n\n<p>Der 49 &#8211; j\u00e4hrige Autofahrer hatte es sich auf der R\u00fcckbank gem\u00fctlich gemacht und war eingeschlafen. Da er nach Alkohol roch wurde ihm ein Atemalkoholtest angeboten, welcher mit einem vorl\u00e4ufigen Ergebnis von 1,97 Promille endete. Folglich wurde ihm bei der Polizeidienststelle eine Blutprobe durch einen Arzt genommen.<\/p>\n\n\n\n<p>Nach einer ersten Einsch\u00e4tzung war der Autofahrer in Folge \u00fcberh\u00f6hter Geschwindigkeit und Alkoholkonsum von der Fahrbahn abgekommen und im Stra\u00dfengraben gelandet.<\/p>\n\n\n\n<p>Das Fahrzeug war nicht mehr fahrbereit und musste abgeschleppt werden. Der F\u00fchrerschein wurde einbehalten. Der Schaden wird auf zirka 1000 EUR beziffert. Die Polizei ermittelt nun wegen Trunkenheit im Stra\u00dfenverkehr.<\/p>\n\n\n\n<p>Zeugenhinweise werden telefonisch unter 06341\/2870 oder per Mail an&nbsp;<a href=\"mailto:pilandau@polizei.rlp.de\">pilandau@polizei.rlp.de<\/a>&nbsp;entgegen genommen.<\/p>\n\n\n\n<h2 class=\"wp-block-heading\">(Germersheim) &#8211; Hund alleine unterwegs<\/h2>\n\n\n<div class=\"wp-block-image\">\n<figure class=\"aligncenter size-full\"><img decoding=\"async\" loading=\"lazy\" width=\"800\" height=\"669\" src=\"https:\/\/speyer24news.com\/wp-content\/uploads\/2022\/06\/poMMes_public.image_2022-06-21_12-20-00_1.jpeg\" alt=\"\" class=\"wp-image-46770\" srcset=\"https:\/\/speyer24news.com\/wp-content\/uploads\/2022\/06\/poMMes_public.image_2022-06-21_12-20-00_1.jpeg 800w, https:\/\/speyer24news.com\/wp-content\/uploads\/2022\/06\/poMMes_public.image_2022-06-21_12-20-00_1-300x251.jpeg 300w, https:\/\/speyer24news.com\/wp-content\/uploads\/2022\/06\/poMMes_public.image_2022-06-21_12-20-00_1-768x642.jpeg 768w\" sizes=\"(max-width: 800px) 100vw, 800px\" \/><\/figure><\/div>\n\n\n<p>Alleine Gassi war am Dienstagmorgen ein Rottweiler im Industriegebiet in Germersheim. Passanten meldeten den herrenlosen Hund im Bereich der W\u00f6rthspitze, wo er auch letztlich durch Polizeibeamte eingefangen werden konnte. Der Rottweiler zeigte sich derart zahm, dass er sogar freiwillig in den Streifenwagen sprang und die Dienststelle besichtigen wollte. Hier wurde er durch die Tierauffangstation Terra Mater in Empfang genommen. Leider ist der Hund nicht gechipt, sodass eine Zuordnung aktuell nicht m\u00f6glich ist. Aktuell befindet sich das Tier bei Terra Mater in Lustadt. Der Hund d\u00fcrfte etwa 3-4 Jahre alt sein. Er ist unkastriert und trug eine silberne Halskette.<\/p>\n\n\n\n<h2 class=\"wp-block-heading\">(Germersheim) &#8211; Betrunken, bekifft und mit Messer unterwegs<\/h2>\n\n\n\n<p>Einer Verkehrskontrolle wurde am Montagnacht ein 33 Jahre alter Germersheimer mit seinem Kraftrad unterzogen. Zun\u00e4chst versuchte er sich durch Flucht der Verkehrskontrolle zu entziehen, konnte aber letztlich doch festgehalten werden. W\u00e4hrend der Kontrolle fiel auf, dass der Mann alkoholisiert war. Dem nicht genug gab er an, dass er im Laufe des Abends Cannabis konsumiert hat. Nach einer Durchsuchung der Person konnte zudem noch ein verbotenes Einhandmesser aufgefunden werden. Dem Mann wurde eine Blutprobe entnommen. Ihn erwartet nun ein Ermittlungsverfahren wegen Trunkenheit im Verkehr und wegen des Versto\u00dfes gegen das Waffengesetz.<\/p>\n\n\n\n<h2 class=\"wp-block-heading\">(Bellheim) &#8211; Autospiegel abgetreten und weggerannt<\/h2>\n\n\n\n<p>Einen Schaden von etwa 200 Euro verursachte am Montagabend ein 34 Jahre alter Bellheimer. Dieser lief entlang der Hinteren Stra\u00dfe und trat den Au\u00dfenspiegel eines geparkten PKW ab. Anschlie\u00dfend, so berichteten Zeugen, sei er zusammen mit einem anderen Mann in Richtung der Volksbank weggerannt. Im Rahmen einer Fahndungsma\u00dfnahme konnten die beiden M\u00e4nner festgestellt werden. Der Tatverd\u00e4chtige war alkoholisiert. Ihn erwartet nun ein Ermittlungsverfahren wegen Sachbesch\u00e4digung.<\/p>\n\n\n\n<h2 class=\"wp-block-heading\">(Herxheim) &#8211; Zwei Verletzte nach Verkehrsunfall<\/h2>\n\n\n\n<p>Zwei Verletzte und Sachschaden in H\u00f6he von zirka 500 EUR sind die Folgen eines Verkehrsunfalls am Sonntag um 11:27 Uhr in der Oberen Hauptstra\u00dfe. Es kam zu einem Auffahrunfall nachdem eine 41 &#8211; j\u00e4hrige Autofahrerin ihr Fahrzeug verkehrsbedingt abbremsen musste. Der Unfallverursacher, ein 41 &#8211; J\u00e4hriger aus Landau, erkannte die Situation zu sp\u00e4t und konnte den Zusammensto\u00df nicht mehr verhindern. Sowohl die 41 &#8211; j\u00e4hrige Autofahrerin als auch ihre 32 &#8211; j\u00e4hrige Beifahrerin klagten im Anschluss \u00fcber Kopfschmerzen. Eine medizinische Behandlung vor Ort war nicht erforderlich. Im Rahmen der Verkehrsunfallaufnahme stellte sich heraus, dass der Unfallverursacher nicht im Besitz einer g\u00fcltigen Fahrerlaubnis ist. Ein Ermittlungsverfahren wegen fahrl\u00e4ssiger K\u00f6rperverletzung sowie Fahren ohne Fahrerlaubnis wurde eingeleitet.<\/p>\n\n\n\n<h2 class=\"wp-block-heading\">(Bad Bergzabern) &#8211; Sachbesch\u00e4digung \/ Zeugen gesucht<\/h2>\n\n\n\n<p>In der Nacht auf Dienstag, 21.06.2022, kam es innerhalb eines Zeltes auf dem Sparkassenparkplatz zu einer Sachbesch\u00e4digung. Mehrere gelbe S\u00e4cke mit Verpackungsm\u00fcll wurden in dem Zelt verteilt aufgefunden. Des Weiteren konnten Hinweise auf einen kleineren Brand festgestellt werden. Die Ermittlungen wurden von der Kriminalinspektion Landau aufgenommen. Hinweise nehmen die Polizeiinspektion Bad Bergzabern unter 06343\/93340 oder&nbsp;<a href=\"mailto:pibadbergzabern@polizei.rlp.de\">pibadbergzabern@polizei.rlp.de<\/a>&nbsp;oder die Kriminalinspektion Landau unter 06341\/287-0 entgegen.<\/p>\n\n\n\n<h2 class=\"wp-block-heading\">(Bad Bergzabern) &#8211; Unbekannte richten erheblichen Sachschaden an<\/h2>\n\n\n<div class=\"wp-block-image\">\n<figure class=\"aligncenter size-full\"><img decoding=\"async\" loading=\"lazy\" width=\"800\" height=\"600\" src=\"https:\/\/speyer24news.com\/wp-content\/uploads\/2022\/06\/Strassenlaternen.jpg\" alt=\"\" class=\"wp-image-46771\" srcset=\"https:\/\/speyer24news.com\/wp-content\/uploads\/2022\/06\/Strassenlaternen.jpg 800w, https:\/\/speyer24news.com\/wp-content\/uploads\/2022\/06\/Strassenlaternen-300x225.jpg 300w, https:\/\/speyer24news.com\/wp-content\/uploads\/2022\/06\/Strassenlaternen-768x576.jpg 768w, https:\/\/speyer24news.com\/wp-content\/uploads\/2022\/06\/Strassenlaternen-678x509.jpg 678w, https:\/\/speyer24news.com\/wp-content\/uploads\/2022\/06\/Strassenlaternen-326x245.jpg 326w, https:\/\/speyer24news.com\/wp-content\/uploads\/2022\/06\/Strassenlaternen-80x60.jpg 80w\" sizes=\"(max-width: 800px) 100vw, 800px\" \/><\/figure><\/div>\n\n\n<p>In der Nacht vom 18.\/19.06.2022 wurden auf dem Parkplatz bei der Sparkasse und in der K\u00f6nigstra\u00dfe mehrere Sachbesch\u00e4digungen begangen. Bislang unbekannte T\u00e4ter besch\u00e4digten mutwillig zwei Stra\u00dfenlaternen und ein Verkehrszeichen. Dabei entstand ein Sachschaden in H\u00f6he von 2000.- Euro. Hinweise nimmt die Polizeiinspektion Bad Bergzabern unter 06343\/93340 oder&nbsp;<a href=\"mailto:pibadbergzabern@polizei.rlp.de\">pibadbergzabern@polizei.rlp.de<\/a>&nbsp;entgegen.<\/p>\n\n\n\n<h2 class=\"wp-block-heading\">(Pleisweiler-Oberhofen) &#8211; Unfallflucht<\/h2>\n\n\n\n<p>Am 20.06.2022, zwischen 06:40 Uhr und 16:00 Uhr, wurde an einem Anwesen in der Hauptstra\u00dfe, vermutlich durch einen wendenden Lkw, der Regenrinnenablauf besch\u00e4digt. Hierbei entstand ein Sachschaden in H\u00f6he von 1000.- Euro. Zeugen des Verkehrsunfalls werden gebeten sich unter 06343\/93340 oder\u00a0<a href=\"mailto:pibadbergzabern@polizei.rlp.de\">pibadbergzabern@polizei.rlp.de<\/a>\u00a0mit der Polizeiinspektion Bad Bergzabern in Verbindung zu setzen.<\/p>\n\n\n\n<h2 class=\"wp-block-heading\">(Landau) &#8211; Autofahrer gef\u00e4hrdet Fu\u00dfg\u00e4nger \/ Zeugen gesucht<\/h2>\n\n\n\n<p>Wegen Gef\u00e4hrdung des Stra\u00dfenverkehrs ermittelt die Polizei Landau gegen einen 18 &#8211; J\u00e4hrigen. Der Autofahrer war unberechtigt mit einem silbernen VW Golf gegen 23.42 Uhr vom Rathausplatz durch die Marktstra\u00dfe in Richtung Obertorplatz gefahren. Hierbei war er laut Zeugenangaben mit \u00fcberh\u00f6hter Geschwindigkeit und aufheulendem Motor unterwegs. Eine Personengruppe im Bereich des Stiftsplatzes musste dem Golffahrer ausweichen. Die rasante Fahrt blieb letztlich folgenlos. Der 18 &#8211; J\u00e4hrige konnte kurze Zeit sp\u00e4ter im Stadtgebiet durch eine Polizeistreife kontrolliert werden. Er hatte erst k\u00fcrzlich die F\u00fchrerscheinpr\u00fcfung abgelegt. Die Polizei hat die Ermittlungen aufgenommen. Die Polizei sucht nun nach Zeugen, insbesondere der Personengruppe im Bereich des Stiftsplatzes, welche Angaben zu dem Vorfall machen k\u00f6nnen. Sachdienliche Hinweise werden telefonisch unter 06341\/2870 oder per Mail an\u00a0<a href=\"mailto:pilandau@polizei.rlp.de\">pilandau@polizei.rlp.de<\/a>\u00a0entgegengenommen.<\/p>\n\n\n\n<h2 class=\"wp-block-heading\">(Edenkoben) &#8211; Einparkprobleme<\/h2>\n\n\n<div class=\"wp-block-image\">\n<figure class=\"aligncenter size-full\"><img decoding=\"async\" loading=\"lazy\" width=\"800\" height=\"591\" src=\"https:\/\/speyer24news.com\/wp-content\/uploads\/2022\/06\/VU21062022.jpg\" alt=\"\" class=\"wp-image-46772\" srcset=\"https:\/\/speyer24news.com\/wp-content\/uploads\/2022\/06\/VU21062022.jpg 800w, https:\/\/speyer24news.com\/wp-content\/uploads\/2022\/06\/VU21062022-300x222.jpg 300w, https:\/\/speyer24news.com\/wp-content\/uploads\/2022\/06\/VU21062022-768x567.jpg 768w, https:\/\/speyer24news.com\/wp-content\/uploads\/2022\/06\/VU21062022-80x60.jpg 80w\" sizes=\"(max-width: 800px) 100vw, 800px\" \/><\/figure><\/div>\n\n\n<p>Weil eine 32 Jahre alte Autofahrerin am fr\u00fchen Morgen (Unfallzeit 21.06.2022, 00:05 Uhr) im Gerechweg ihren Parkplatz mit einer Gr\u00fcnanlage verwechselt hatte, wurden Anwohner in ihrer Nachtruhe gest\u00f6rt, weshalb diese wiederum die Polizei alarmierten. Vor Ort konnten die Beamten das abgestellte Fahrzeug der Frau in einer Gr\u00fcnfl\u00e4che feststellen. Bei der Ansprache der Fahrerin war eine deutliche Alkoholfahne feststellbar, weshalb sie zum Schnelltest gebeten wurde. Infolge 1,77 Promille qualifizierte sie sich zur Blutprobe. Ihr F\u00fchrerschein wurde beschlagnahmt. Ein Strafverfahren wurde eingeleitet. Die Gesamtschadensh\u00f6he liegt bei 1000 Euro.<\/p>\n\n\n\n<h2 class=\"wp-block-heading\">(A 65 \/ AS NW-S\u00fcd) &#8211; Fahrzeug \u00fcberschlagen<\/h2>\n\n\n<div class=\"wp-block-image\">\n<figure class=\"aligncenter size-full\"><img decoding=\"async\" loading=\"lazy\" width=\"800\" height=\"598\" src=\"https:\/\/speyer24news.com\/wp-content\/uploads\/2022\/06\/VUA65.jpg\" alt=\"\" class=\"wp-image-46773\" srcset=\"https:\/\/speyer24news.com\/wp-content\/uploads\/2022\/06\/VUA65.jpg 800w, https:\/\/speyer24news.com\/wp-content\/uploads\/2022\/06\/VUA65-300x224.jpg 300w, https:\/\/speyer24news.com\/wp-content\/uploads\/2022\/06\/VUA65-768x574.jpg 768w, https:\/\/speyer24news.com\/wp-content\/uploads\/2022\/06\/VUA65-326x245.jpg 326w, https:\/\/speyer24news.com\/wp-content\/uploads\/2022\/06\/VUA65-80x60.jpg 80w\" sizes=\"(max-width: 800px) 100vw, 800px\" \/><\/figure><\/div>\n\n\n<p>Eine leichtverletzte Autofahrerin und knapp 20.000 Euro Gesamtschaden ist die Bilanz eines Verkehrsunfalls, der sich Montagmorgen (20.06.2022, 08.53 Uhr) auf der A65 bei der Anschlussstelle Neustadt-S\u00fcd in Fahrtrichtung Karlsruhe ereignet hatte. Eine 56 Jahre alte Autofahrerin wollte den Fahrstreifen wechseln und \u00fcbersah dabei ein Auto auf der linken Fahrspur. W\u00e4hrend die 56-J\u00e4hrige erschrak und in die Mittelschutzplanke fuhr, kollidierte der 27 Jahre alte Autofahrer nur leicht mit der Fahrbahnbegrenzung. Die Unfallverursacherin erlitt bei dem Aufprall und anschlie\u00dfenden \u00dcberschlag leichte Verletzungen und musste in ein Krankenhaus. An ihrem Fahrzeug entstand wirtschaftlicher Totalschaden und wurde abgeschleppt. Infolge der Unfallaufnahme und R\u00e4umung der Unfallstelle kam es zu Verkehrsbehinderungen.<\/p>\n\n\n\n<h2 class=\"wp-block-heading\">(Friedelsheim) &#8211; E-Bike gestohlen<\/h2>\n\n\n\n<p>Im Zeitraum von 19.06.2022 21:00 Uhr bis 20.06.2022, 09:00 Uhr wurde ein, neben einem Feldweg in Friedelsheim, abgestelltes E-Bike entwendet. Aufgrund einer Reifenpanne, hatte der Eigent\u00fcmer sein E-Bike unverschlossen neben dem Feldweg abgestellt. Die bislang unbekannten T\u00e4ter hatten so leichtes Spiel, das unverschlossene Rad zu entwenden. Bei dem Mountainbike handelte sich um ein Pedelec der Marke Kayza. Es entstand Sachschaden in H\u00f6he von 3500 Euro. Die Polizei Bad D\u00fcrkheim bittet um Hinweise unter 06322 963 0 oder per E-Mail an&nbsp;<a href=\"mailto:pibadduerkheim@polizei.rlp.de\">pibadduerkheim@polizei.rlp.de<\/a><\/p>\n\n\n\n<h2 class=\"wp-block-heading\">(Bad D\u00fcrkheim) &#8211; Verkehrsunfall mit verletztem Motorradfahrer<\/h2>\n\n\n\n<p>Am 20.06.2022 gegen 15:00 Uhr wurde ein 17-J\u00e4hriger bei einem Verkehrsunfall auf der B37 zwischen Bad D\u00fcrkheim und Frankenstein verletzt. Er befuhr mit seinem Motorrad der Marke Aprilia die B37 in Fahrtrichtung Frankenstein. Vermutlich aufgrund einer der Stra\u00dfenverh\u00e4ltnisse nicht angepassten Geschwindigkeit verlor er die Kontrolle \u00fcber sein Motorrad, kollidierte mit der am rechten Fahrbahnrand befindlichen Leitplanke und st\u00fcrzte in das anliegende Waldst\u00fcck. Das Motorrad kam erst nach ca. 50 Metern nach der Kollisionsstelle an der am linken Fahrbahnrand befindlichen Leitplanke zum Stehen. Er wurde gl\u00fccklicherweise nur leicht verletzt und durch das DRK ins Krankenhaus verbracht. Das Motorrad war nicht mehr fahrbereit und musste abgeschleppt werden. Es entstand ein Gesamtschaden von 10000 Euro.<\/p>\n\n\n\n<h2 class=\"wp-block-heading\">(Bad D\u00fcrkheim) &#8211; Audi besch\u00e4digt und gefl\u00fcchtet<\/h2>\n\n\n\n<p>Am 20.06.2022 gegen 11:30 Uhr wurde auf dem Parkplatz am Obstmarkt in Bad D\u00fcrkheim, an einem abgestellter Audi A3, eine Besch\u00e4digung festgestellt. Ein bislang unbekannter Verkehrsteilnehmer besch\u00e4digte vermutlich beim Aus- bzw. Einparken den Audi und entfernte sich anschlie\u00dfend unerlaubt von der Unfallstelle. Es entstand ein Sachschaden in H\u00f6he von 1000EUR. Es liegen keinerlei Hinweise auf den Unfallverursacher vor. Die Polizei Bad D\u00fcrkheim bittet um Hinweise unter 06322 963 0 oder per E-Mail an\u00a0<a href=\"mailto:pibadduerkheim@polizei.rlp.de\">pibadduerkheim@polizei.rlp.de<\/a><\/p>\n\n\n\n<h2 class=\"wp-block-heading\">(Bad D\u00fcrkheim) &#8211; Unfall mit motorisiertem Dreirad<\/h2>\n\n\n\n<p>Am 19.06.2022, gegen 21:50 Uhr ereignete sich ein Verkehrsunfall mit einem dreir\u00e4drigen Kraftfahrzeug an der B37, auf dem Parkplatz des Ruheforstes Bad D\u00fcrkheim. Die 31-j\u00e4hrige Fahrzeugf\u00fchrerin verwechselte auf Grund mangelnder Fahrpraxis das Gas und die Bremse ihres Fahrzeuges und verlor in der Folge die Kontrolle und fuhr \u00fcber einen H\u00fcgel in den Wald. Durch die Fahrt \u00fcber den H\u00fcgel fiel zuerst der 30-j\u00e4hrige m\u00e4nnliche Mitfahrer aus dem Fahrzeug und anschlie\u00dfend die Fahrerin selbst. Beide Fahrzeuginsassen wurden durch den Unfall verletzt und mussten zur weiteren medizinischen Versorgung durch den Rettungsdienst in ein Krankenhaus verbracht werden.<\/p>\n\n\n\n<h2 class=\"wp-block-heading\">(Bad D\u00fcrkheim) &#8211; \u00c4lterer Dame Geldbeutel entwendet und Geld abgehoben<\/h2>\n\n\n\n<p>Wie erst jetzt bekannt wurde, wurde am 15.06.2022 gegen 17:00 Uhr in einem Einkaufsmarkt in der Bruchstra\u00dfe in Bad D\u00fcrkheim der Geldbeutel einer \u00e4lteren Dame entwendet. Die 81-J\u00e4hirge hatte ihre bordeauxfarbene Ledergeldb\u00f6rse in einer umgeh\u00e4ngten Handtasche deponiert. T\u00e4terhinweise liegen keine vor. Neben dem Personalausweis und diversen Karten befanden sich auch mehr als 100 Euro Bargeld in ihrem Damengeldbeutel. Anschlie\u00dfend wurden in einer benachbarten Bankfiliale das Kartenlimit von 1000 EUR abgehoben. Leider befand sich die PIN im entwendeten Geldbeutel. Die Polizei Bad D\u00fcrkheim hat die Ermittlungen aufgenommen und bittet um Hinweise unter 06322 963 0 oder per E-Mail an\u00a0<a href=\"mailto:pibadduerkheim@polizei.rlp.de\">pibadduerkheim@polizei.rlp.de<\/a>\u00a0Die Polizei r\u00e4t im Umgang mit einer EC-Karte, diese niemals mit der pers\u00f6nlichen PIN-Nummer zusammen aufzubewahren. Die PIN-Nummer sollte besser im Kopf behalten werden. Weitere Hinweise zur Kriminalpr\u00e4vention finden sie unter\u00a0<a href=\"https:\/\/www.polizei-beratung.de\/\" target=\"_blank\" rel=\"noreferrer noopener\">www.polizei-beratung.de<\/a>\u00a0oder auf ihrer n\u00e4chstgelegenen Polizeidienststelle.<\/p>\n\n\n\n<h2 class=\"wp-block-heading\">(Freinsheim) &#8211; Dieseldiebstahl aus Bagger<\/h2>\n\n\n\n<p>Im Zeitraum von 15.06.2022 17:00 Uhr bis 20.06.2022, 07:00 Uhr wurden aus zwei Kettenbaggern Dieselkraftstoff entwendet. Die zwei Kettenbagger waren am Bahnhaltepunkt zwischen Freinsheim und Herxheim am Berg, durch eine dort t\u00e4tige Baufirma, abgestellt worden. Die bislang unbekannten T\u00e4ter s\u00e4gten jeweils das Tankschloss auf und entwendeten 400 Liter Diesel. Es entstand Sachschaden in H\u00f6he von 1300 Euro. Die Kriminalpolizei Bad D\u00fcrkheim hat die Ermittlungen aufgenommen und bittet um Hinweise unter 06322 963 0 oder per E-Mail an\u00a0<a href=\"mailto:pibadduerkheim@polizei.rlp.de\">pibadduerkheim@polizei.rlp.de<\/a><\/p>\n\n\n\n<h2 class=\"wp-block-heading\">(Gr\u00fcnstadt) &#8211; Vorfahrt missachtet<\/h2>\n\n\n\n<p>Am Montag, 20.06.2022, gegen 20:45 Uhr bog ein 24-j\u00e4hriger Pkw-Fahrer vom S\u00fcdring kommend in die Sausenheimer Stra\u00dfe ein. Hierbei missachtete er die Vorfahrt einer von rechts herannahenden 25-j\u00e4hrigen Pkw-Fahrerin. Es kam zum Zusammensto\u00df der Fahrzeuge, wobei Sachschaden in H\u00f6he von ca. 3500 Euro entstand.<\/p>\n\n\n\n<h2 class=\"wp-block-heading\">(Gr\u00fcnstadt) &#8211; Verkehrsunfall mit leichtverletztem Kraftradfahrer<\/h2>\n\n\n\n<p>Beim Zusammensto\u00df zwischen einem Pkw und eines Mofas wurde am Montag, 20.06.22, gegen 18 Uhr der 16-j\u00e4hrige Mofafahrer leicht verletzt. Der 25-j\u00e4hrige Pkw-Fahrer befuhr die Jakobstra\u00dfe in westlicher Fahrtrichtung und musste wegen Gegenverkehrs hinter einem parkenden Fahrzeug warten. Der Mofafahrer fuhr hinter dem Pkw und zog links an diesem vorbei. Just in diesem Moment fuhr der Pkw-Fahrer an und es kam zum Zusammensto\u00df zwischen den sich auf gleicher H\u00f6he befindlichen Fahrzeugen. Die Sachschadensh\u00f6he wird mit 350 Euro angegeben.<\/p>\n\n\n\n<h2 class=\"wp-block-heading\">(Gr\u00fcnstadt) &#8211; Sicherstellung eines Pkw nach wiederholter Trunkenheitsfahrt und Fahrens ohne Fahrerlaubnis<\/h2>\n\n\n\n<p>Am Sonntag, 19.06.2022 gegen 17:00 Uhr wurde der Fahrer eines VW Golf in der Kirchheimer Stra\u00dfe in Gr\u00fcnstadt einer Verkehrskontrolle unterzogen. W\u00e4hrend der Kontrolle stellten die Beamten starken Atemalkoholgeruch bei dem 33-J\u00e4hrigen fest. Ein Atemalkoholtest ergab 2,5 Promille. Zudem ergab eine \u00dcberpr\u00fcfung, dass der Gr\u00fcnstadter nicht im Besitz einer erforderlichen Fahrerlaubnis ist. Der Mann musste die Beamten zwecks Blutprobe zur Dienststelle begleiten, wo entsprechende Strafverfahren wegen Trunkenheit im Verkehr und Fahrens ohne Fahrerlaubnis eingeleitet wurden. Zudem wurde das Fahrzeug des Mannes mit dem Ziel der Einziehung sichergestellt, da er erst vor wenigen Monaten ebenfalls alkoholisiert und ohne F\u00fchrerschein unterwegs war.<\/p>\n\n\n\n<h2 class=\"wp-block-heading\">(Gr\u00fcnstadt) &#8211; Verkehrsunfall mit Totalschaden durch Insekt<\/h2>\n\n\n\n<p>Am Sonntagmittag gegen 14 Uhr meldeten mehrere Verkehrsteilnehmer, dass sich ein PKW neben der B271 zwischen Gr\u00fcnstadt und Asselheim \u00fcberschlagen hat. Rettungsdienst wurde verst\u00e4ndigt und eine Streife entsandt. Bei Eintreffen vor Ort hatte sich der Fahrer bereits selbst aus seinem Fahrzeug befreien k\u00f6nnen. Unfallurs\u00e4chlich war wohl ein nicht n\u00e4her beschriebenes Insekt im Fahrzeug, welches der 20-Fahrer aus Baden W\u00fcrttemberg zu verscheuchen versuchte. Aus Unachtsamkeit verriss er dabei das Lenkrad, verlor die Kontrolle \u00fcber das Fahrzeug und kam nach rechts von der Fahrbahn ab, wo er sich einmal komplett \u00fcberschlug und wieder auf den R\u00e4dern zum Stehen kam. Gl\u00fccklicherweise verletzte sich der Fahrer hierbei nicht. Er wurde vorsorglich vom Rettungsdienst zur Untersuchung ins Krankenhaus verbracht, der PKW wurde abgeschleppt. F\u00fcr die Bergung des PKW durch den Abschleppdienst musste die Fahrbahn kurzfristig gesperrt werden.<\/p>\n\n\n\n<h2 class=\"wp-block-heading\">(Hettenleidelheim) &#8211; Versuchter Einbruch in Schreibwarengesch\u00e4ft<\/h2>\n\n\n\n<p>Am fr\u00fchen Sonntagmorgen gegen 5 Uhr wurde der Polizei Gr\u00fcnstadt ein aktueller Einbruch in ein Schreibwarengesch\u00e4ft in der Hauptstra\u00dfe Hettenleidelheim gemeldet. Eine Anwohnerin h\u00f6rte dort verd\u00e4chte Ger\u00e4usche. Durch die eingesetzten Streifen wurde kurz darauf festgestellt, dass offenbar versucht wurde, mehrere T\u00fcren aufzuhebeln, bzw. aufzubrechen. Das Objektes wurde gemeinsam mit dem Inhaber abgesucht. Ein direkter Zutritt ins Gesch\u00e4ft war offenbar nicht gelungen. Ob etwas entwendet wurde, stand bei der ersten Anzeigenaufnahme noch nicht fest. Bei der Spurensuche wurden entsprechende Spuren gesichert und ein Ermittlungsverfahren eingeleitet.<\/p>\n\n\n\n<h2 class=\"wp-block-heading\">(Lambsheim) &#8211; Verkehrsunfallflucht \/ Zeugen gesucht<\/h2>\n\n\n\n<p>Zwischen dem 18.06.2022, ca. 15:30 Uhr, und dem 19.06.2022, ca. 14:00 Uhr, kam es in der Weisenheimer Stra\u00dfe in Lambsheim zu einer Verkehrsunfallflucht mit bislang unbekanntem Verursacher. Der 36-j\u00e4hrige Gesch\u00e4digte parkte seinen schwarzen Audi A1 in genanntem Zeitraum auf dem Parkplatz des Lidl-Marktes in der Weisenheimer Stra\u00dfe. Als dieser zu seinem Fahrzeug zur\u00fcckkehrte, stellte er einen Schaden am Heck des PKW fest. Aufgrund von Farbanhaftungen am PKW des Gesch\u00e4digten d\u00fcrfte es sich bei dem fl\u00fcchtigen Fahrzeug um ein Fahrzeug in t\u00fcrkisener Farbe handeln.<\/p>\n\n\n\n<p>Zeugen werden gebeten sich an die Polizeiinspektion Frankenthal unter der Tel.-Nr.: 06233\/313-0 oder an die Polizeiwache Maxdorf unter der Tel.-Nr.: 06237\/934-1100 zu wenden. Gerne nehmen wir Ihre Hinweise auch per E-Mail unter&nbsp;<a href=\"mailto:pifrankenthal@polizei.rlp.de\">pifrankenthal@polizei.rlp.de<\/a>&nbsp;entgegen.<\/p>\n\n\n\n<h2 class=\"wp-block-heading\">(Frankenthal) &#8211; Fahren ohne Versicherungsschutz<\/h2>\n\n\n\n<p>In der Nacht vom 20.06.2022 auf den 21.06.2022 wurde ein 22-J\u00e4hriger auf einem E-Scooter in der Friedrich-Ebert-Stra\u00dfe einer allgemeinen Verkehrskontrolle unterzogen. W\u00e4hrend der Kontrolle konnte durch die eingesetzten Polizeibeamten festgestellt werden, dass bei dem genutzten E-Scooter kein Versicherungsschutz bestand. Dem 22-J\u00e4hrigen wurde die Weiterfahrt untersagt und eine Strafanzeige wegen Versto\u00df gegen das Pflichtversicherungsgesetz erfasst.<\/p>\n\n\n\n<h2 class=\"wp-block-heading\">(Frankenthal) &#8211; Verletzte Person mit ungekl\u00e4rter Identit\u00e4t<\/h2>\n\n\n<div class=\"wp-block-image\">\n<figure class=\"aligncenter size-full\"><img decoding=\"async\" loading=\"lazy\" width=\"801\" height=\"600\" src=\"https:\/\/speyer24news.com\/wp-content\/uploads\/2020\/05\/Zeugen-gesucht-Neutral.jpg\" alt=\"\" class=\"wp-image-26598\" srcset=\"https:\/\/speyer24news.com\/wp-content\/uploads\/2020\/05\/Zeugen-gesucht-Neutral.jpg 801w, https:\/\/speyer24news.com\/wp-content\/uploads\/2020\/05\/Zeugen-gesucht-Neutral-300x225.jpg 300w, https:\/\/speyer24news.com\/wp-content\/uploads\/2020\/05\/Zeugen-gesucht-Neutral-768x575.jpg 768w, https:\/\/speyer24news.com\/wp-content\/uploads\/2020\/05\/Zeugen-gesucht-Neutral-678x509.jpg 678w, https:\/\/speyer24news.com\/wp-content\/uploads\/2020\/05\/Zeugen-gesucht-Neutral-326x245.jpg 326w, https:\/\/speyer24news.com\/wp-content\/uploads\/2020\/05\/Zeugen-gesucht-Neutral-80x60.jpg 80w\" sizes=\"(max-width: 801px) 100vw, 801px\" \/><\/figure><\/div>\n\n\n<p>In den Abendstunden des 20.06.2022 wurde die Polizeiinspektion Frankenthal \u00fcber eine verletzte, m\u00e4nnliche Person am Hauptfriedhof in Frankenthal informiert. Der Mann, welcher sich vermutlich durch einen Sturz eine Kopfplatzwunde zuzog, wurde durch den hinzugekommenen Rettungsdienst ins Krankenhaus verbracht. Da dieser keinerlei Ausweispapiere mit sich f\u00fchrte, konnte die Identit\u00e4t des Verletzten bislang nicht gekl\u00e4rt werden. <\/p>\n\n\n\n<h4 class=\"wp-block-heading\">Der Mann wird:<\/h4>\n\n\n\n<ul><li><strong>auf ca. 70 Jahre gesch\u00e4tzt<\/strong><\/li><li><strong>hat wei\u00dfes mittellanges Haar<\/strong><\/li><li><strong>trug eine gr\u00fcne Jacke, sowie eine gelbe Hose<\/strong><\/li><\/ul>\n\n\n\n<p><strong>Wer Hinweise zur Identit\u00e4t des Mannes geben kann, wird gebeten sich bei der Polizei Frankenthal zu melden.<\/strong><\/p>\n\n\n\n<p>Zeugen werden gebeten sich an die Polizeiinspektion Frankenthal unter der Tel.-Nr.: 06233\/313-0 oder an die Polizeiwache Maxdorf unter der Tel.-Nr.: 06237\/934-1100 zu wenden. Gerne nehmen wir Ihre Hinweise auch per E-Mail unter\u00a0<a href=\"mailto:pifrankenthal@polizei.rlp.de\">pifrankenthal@polizei.rlp.de<\/a>\u00a0entgegen.<\/p>\n\n\n\n<h2 class=\"wp-block-heading\">(Ludwigshafen) &#8211; Kind bei Unfall leicht verletzt \/ Fahrradfahrer fl\u00fcchtig \/ Zeugen gesucht<\/h2>\n\n\n<div class=\"wp-block-image\">\n<figure class=\"aligncenter size-full\"><img decoding=\"async\" loading=\"lazy\" width=\"801\" height=\"600\" src=\"https:\/\/speyer24news.com\/wp-content\/uploads\/2020\/05\/Zeugen-gesucht-Neutral.jpg\" alt=\"\" class=\"wp-image-26598\" srcset=\"https:\/\/speyer24news.com\/wp-content\/uploads\/2020\/05\/Zeugen-gesucht-Neutral.jpg 801w, https:\/\/speyer24news.com\/wp-content\/uploads\/2020\/05\/Zeugen-gesucht-Neutral-300x225.jpg 300w, https:\/\/speyer24news.com\/wp-content\/uploads\/2020\/05\/Zeugen-gesucht-Neutral-768x575.jpg 768w, https:\/\/speyer24news.com\/wp-content\/uploads\/2020\/05\/Zeugen-gesucht-Neutral-678x509.jpg 678w, https:\/\/speyer24news.com\/wp-content\/uploads\/2020\/05\/Zeugen-gesucht-Neutral-326x245.jpg 326w, https:\/\/speyer24news.com\/wp-content\/uploads\/2020\/05\/Zeugen-gesucht-Neutral-80x60.jpg 80w\" sizes=\"(max-width: 801px) 100vw, 801px\" \/><\/figure><\/div>\n\n\n<p>Am Montagabend (20.06.2022), gegen 19 Uhr, wurde ein vierj\u00e4hriger Junge in der Pettenkofer Stra\u00dfe bei einem Verkehrsunfall mit einem Fahrradfahrer verletzt. Das Kind ging mit seinen Eltern auf dem Fu\u00dfweg. Auf diesem fuhr unerlaubter weise von hinten ein Radfahrer auf die Familie zu. Auf dem Fahrradlenker sa\u00df eine weitere Person, die dem Radfahrer die Sicht versperrte. Als der Radfahrer den Eltern ausweichen wollte, kam es zum Zusammensto\u00df mit dem Kind. Dieses st\u00fcrzte wie die beiden radfahrenden Personen zu Boden. Der Junge zog sich leichte Verletzungen zu. Die beiden Fahrradfahrer fl\u00fcchteten zu Fu\u00df, als die Eltern die Polizei verst\u00e4ndigen wollten und lie\u00dfen das Fahrrad am Unfallort zur\u00fcck.<\/p>\n\n\n\n<ul><li><strong>Die beiden m\u00e4nnlichen Fl\u00fcchtigen waren ca. 1,70m gro\u00df, 16-18-Jahre alt und trugen schwarze Kleidung. Die Haare wurden von beiden mit l\u00e4ngerem, lockigen Deckhaar und kurzem Seitenhaar getragen.<\/strong><\/li><li><strong>Bei dem Fahrrad handelt es sich um ein gelbes &#8222;Carver&#8220; Mountainbike<\/strong><\/li><\/ul>\n\n\n\n<p>Sachdienliche Hinweise bitte an die Polizeiinspektion Ludwigshafen 1, Telefonnummer 0621 963-2122 oder per E-Mail&nbsp;<a href=\"mailto:piludwigshafen1@polizei.rlp.de\">piludwigshafen1@polizei.rlp.de<\/a>&nbsp;.<\/p>\n\n\n\n<h2 class=\"wp-block-heading\">(Ludwigshafen) &#8211; Motorradfahrer bei Unfall verletzt<\/h2>\n\n\n\n<p>Am Montag (20.06.2022) fuhr ein 31-j\u00e4hriger Autofahrer gegen 16:30 Uhr von einem Parkplatz an der Rheinallee nach rechts in Richtung Lagerhausstra\u00dfe. Dabei stie\u00df er mit einem von links kommenden bevorrechtigten 19-j\u00e4hrigen Motorradfahrer zusammen. Dieser st\u00fcrzte und verletzte sich dabei. Er musste in ein Krankenhaus gebracht werden. Sein Motorrad war nicht mehr fahrbereit und wurde abgeschleppt. Es entstand ein Sachschaden von rund 7.000 Euro<\/p>\n\n\n\n<h2 class=\"wp-block-heading\">(Ludwigshafen) &#8211; 16-j\u00e4hriger Fahrradfahrer schwer verletzt \/ Unfallbeteiligte Person f\u00e4hrt weiter<\/h2>\n\n\n<div class=\"wp-block-image\">\n<figure class=\"aligncenter size-full\"><img decoding=\"async\" loading=\"lazy\" width=\"801\" height=\"600\" src=\"https:\/\/speyer24news.com\/wp-content\/uploads\/2020\/05\/Zeugen-gesucht-Neutral.jpg\" alt=\"\" class=\"wp-image-26598\" srcset=\"https:\/\/speyer24news.com\/wp-content\/uploads\/2020\/05\/Zeugen-gesucht-Neutral.jpg 801w, https:\/\/speyer24news.com\/wp-content\/uploads\/2020\/05\/Zeugen-gesucht-Neutral-300x225.jpg 300w, https:\/\/speyer24news.com\/wp-content\/uploads\/2020\/05\/Zeugen-gesucht-Neutral-768x575.jpg 768w, https:\/\/speyer24news.com\/wp-content\/uploads\/2020\/05\/Zeugen-gesucht-Neutral-678x509.jpg 678w, https:\/\/speyer24news.com\/wp-content\/uploads\/2020\/05\/Zeugen-gesucht-Neutral-326x245.jpg 326w, https:\/\/speyer24news.com\/wp-content\/uploads\/2020\/05\/Zeugen-gesucht-Neutral-80x60.jpg 80w\" sizes=\"(max-width: 801px) 100vw, 801px\" \/><\/figure><\/div>\n\n\n<p>Am Montag (20.06.2022) gegen 7:25 Uhr befuhr ein 16-j\u00e4hriger Radfahrer die Luitpoldstra\u00dfe in Richtung Weiherstra\u00dfe. Von einem Auto wurde er \u00fcberholt, welches nach rechts in Kopernikusstra\u00dfe abbog. Offensichtlich wegen der Baustelle in der Kopernikusstra\u00dfe fuhr das Auto pl\u00f6tzlich wieder r\u00fcckw\u00e4rts in die Luitpoldstra\u00dfe. Um einen Zusammensto\u00df zu verhindern, musste der 16-J\u00e4hrige eine Vollbremsung machen. Dabei st\u00fcrzte er \u00fcber den Lenker und blieb auf der Stra\u00dfe liegen. Er verletzte sich schwer an der Hand. Das Auto fuhr die Luitpoldstra\u00dfe in Richtung Oggersheim (Sternstra\u00dfe) davon. <\/p>\n\n\n\n<ul><li><strong>Es ist lediglich bekannt, dass es sich um ein gelbes oder goldfarbiges Auto gehandelt haben soll.<\/strong><\/li><li><strong>Hinter diesem w\u00e4re noch ein schwarzer Pkw gefahren, dessen Insassen m\u00f6glicherweise den Unfall beobachtet haben.<\/strong><\/li><\/ul>\n\n\n\n<p><strong>Wer kann Hinweise zu dem Fahrer bzw. der Fahrerin des gelben \/ goldfarbigen Autos geben?<\/strong><\/p>\n\n\n\n<p>Sachdienliche Hinweise bitte an die Polizeiinspektion Ludwigshafen 2, Telefonnummer 0621 963-2222 oder per E-Mail\u00a0<a href=\"mailto:piludwigshafen2@polizei.rlp.de\">piludwigshafen2@polizei.rlp.de<\/a>\u00a0.<\/p>\n\n\n\n<h2 class=\"wp-block-heading\">(Ludwigshafen) &#8211; Stolpersteine gestohlen<\/h2>\n\n\n<div class=\"wp-block-image\">\n<figure class=\"aligncenter size-full\"><img decoding=\"async\" loading=\"lazy\" width=\"800\" height=\"533\" src=\"https:\/\/speyer24news.com\/wp-content\/uploads\/2020\/01\/Info-041-Stolpersteine.jpg\" alt=\"\" class=\"wp-image-24668\" srcset=\"https:\/\/speyer24news.com\/wp-content\/uploads\/2020\/01\/Info-041-Stolpersteine.jpg 800w, https:\/\/speyer24news.com\/wp-content\/uploads\/2020\/01\/Info-041-Stolpersteine-300x200.jpg 300w, https:\/\/speyer24news.com\/wp-content\/uploads\/2020\/01\/Info-041-Stolpersteine-768x512.jpg 768w\" sizes=\"(max-width: 800px) 100vw, 800px\" \/><figcaption>Beispielbild eines Stolpersteins aus Landau<\/figcaption><\/figure><\/div>\n\n\n<p>Unbekannten stahlen am Montag (20.06.2022) im Zeitraum zwischen 2 und 8 Uhr insgesamt f\u00fcnf Stolpersteine aus dem Gehweg in der Geibelstra\u00dfe (zwischen Platen- und Arnimstra\u00dfe). Die Stolpersteine hatten einen Gesamtwert von 660 Euro.<\/p>\n\n\n\n<ul><li><strong>Wer hat etwas beobachtet?<\/strong><\/li><li><strong>Wer kann Hinweise zu dem oder den T\u00e4tern geben?<\/strong><\/li><\/ul>\n\n\n\n<p>Sachdienliche Hinweise bitte an die Polizeiinspektion Ludwigshafen 2, Telefonnummer 0621 963-2222 oder per E-Mail&nbsp;<a href=\"mailto:piludwigshafen2@polizei.rlp.de\">piludwigshafen2@polizei.rlp.de<\/a>&nbsp;.<\/p>\n\n\n\n<h2 class=\"wp-block-heading\">(Ludwigshafen) &#8211; Diebstahl von Starkstromkabel<\/h2>\n\n\n\n<p>Am 20.06.2020 stellten Mitarbeiter einer Firma im Hedwig-Laudien-Ring fest, dass \u00fcber das Wochenende unbekannte T\u00e4ter mehrere Rollen Starkstromkabel entwendet haben. Gelagert wurden diese auf dem Firmengel\u00e4nde.<\/p>\n\n\n\n<p>Hinweise werden an die Polizeiwache Oggersheim unter Tel. 0621 963 &#8211; 2403 oder per Mail\u00a0<a href=\"mailto:pwoggersheim@polizei.rlp.de\">pwoggersheim@polizei.rlp.de<\/a>\u00a0erbeten.<\/p>\n\n\n\n<h2 class=\"wp-block-heading\">(Ludwigshafen) &#8211; Bet\u00e4ubungsmittel sichergestellt \/ Widerstand geleistet<\/h2>\n\n\n<div class=\"wp-block-image\">\n<figure class=\"aligncenter size-full\"><img decoding=\"async\" loading=\"lazy\" width=\"678\" height=\"381\" src=\"https:\/\/speyer24news.com\/wp-content\/uploads\/2021\/04\/Polizei-678x381.jpg\" alt=\"\" class=\"wp-image-35265\" srcset=\"https:\/\/speyer24news.com\/wp-content\/uploads\/2021\/04\/Polizei-678x381.jpg 678w, https:\/\/speyer24news.com\/wp-content\/uploads\/2021\/04\/Polizei-678x381-300x169.jpg 300w\" sizes=\"(max-width: 678px) 100vw, 678px\" \/><\/figure><\/div>\n\n\n<p>Schreie aus einer Wohnung l\u00f6sten am Montag (20.06.2022) einen Polizeieinsatz aus, der in einem Widerstand und in der Sicherstellung von Bet\u00e4ubungsmitteln endete.<\/p>\n\n\n\n<p>Gegen 0.55 Uhr meldete ein Zeuge der Polizei laute Hilferufe aus einer Wohnung eines Mehrfamilienhauses in der Dammstra\u00dfe. Als die Polizeibeamten sich der betroffenen Wohnung n\u00e4herten, stellten diese Cannabisgeruch fest. Da nicht ausgeschlossen werden konnte, dass sich eine Person in einer Notlage befindet, betraten die Polizeibeamten die Wohnung. Beim \u00d6ffnen der Wohnungst\u00fcr stellte sich ein 23-J\u00e4hriger den Polizeibeamten in den Weg und hinderte diese daran, die Wohnung zu betreten. Er wurde auf dem Boden fixiert. Dagegen wehrte er sich mit Schl\u00e4gen. Zeitgleich erschienen weitere Personen aus der Wohnung und griffen die Polizeibeamten mittels Schl\u00e4gen und Tritten an. Insgesamt befanden sich 15 Personen zwischen 16 und 47 Jahren in der Wohnung. Mit weiteren polizeilichen Unterst\u00fctzungskr\u00e4ften konnte die Situation schlie\u00dflich unter Kontrolle gebracht werden. In der Wohnung stellten die Polizeikr\u00e4fte eine erhebliche Menge an Marihuana (circa 800g) und Amphetamin (circa 2 kg) sicher. Bei dem Einsatz wurden zwei Polizeibeamte leicht verletzt. Einige der sich in der Wohnung befindlichen Personen waren zuvor am Sonntagabend (19.06.2022) in einen seitens der Stadt Ludwigshafen nicht genehmigten Musikvideodreh ein Rap-Gruppe in unmittelbarer N\u00e4he involviert.<\/p>\n\n\n\n<h2 class=\"wp-block-heading\">(Ludwigshafen) &#8211; Diebstahl aus Transporter<\/h2>\n\n\n\n<p>Unbekannte schlugen im Zeitraum 17.-20.06.2022 eine Scheibe an einem Transporter der Marke Peugeot ein und stahlen Elektrowerkzeuge aus dem Fahrzeuginneren. Der Transporter war auf einem umz\u00e4unten Parkplatz in der Franz-Zang-Stra\u00dfe abgestellt.<\/p>\n\n\n\n<p>Sachdienliche Hinweise nimmt die Kriminalpolizei Ludwigshafen unter der Telefonnummer 0621\/963-2773 oder per E-Mail\u00a0<a href=\"mailto:kiludwigshafen.k1.kdd@polizei.rlp.de\">kiludwigshafen.k1.kdd@polizei.rlp.de<\/a>\u00a0entgegen.<\/p>\n\n\n\n<h2 class=\"wp-block-heading\">(Ludwigshafen) &#8211; Fahrradfahrer gest\u00fcrzt \/ Zeugen gesucht<\/h2>\n\n\n\n<p>Ein 48-j\u00e4hriger Fahrradfahrer st\u00fcrzte am Sonntag (19.06.2022) vom Fahrrad und zog sich leichte Verletzungen zu. Der Mann war gegen 22.45 Uhr mit dem Fahrrad von der Konrad-Adenauer-Br\u00fccke kommend in Richtung Lichtenbergerstra\u00dfe unterwegs, als er unmittelbar vor der Einm\u00fcndung zur Wredestra\u00dfe st\u00fcrzte. Laut Zeugen war zur gleichen Zeit ein schwarzer Audi mit M\u00fcnchner Kennzeichen unterwegs, welcher auch kurz anhielt, aber anschlie\u00dfend weiterfuhr. Die Polizei sucht nun den\/die Fahrer\/in des schwarzen Audis. Sachdienliche Hinweise bitte an die Polizeiinspektion Ludwigshafen 1, Telefonnummer 0621 963-2122 oder per E-Mail\u00a0<a href=\"mailto:piludwigshafen1@polizei.rlp.de\">piludwigshafen1@polizei.rlp.de<\/a>\u00a0.<\/p>\n\n\n\n<h2 class=\"wp-block-heading\">(Ludwigshafen) &#8211; Heckenbrand \/ Autos besch\u00e4digt<\/h2>\n\n\n\n<p>Aus bislang unbekannter Ursache geriet am Sonntag (19.06.2022), gegen 12.45 Uhr, eine Hecke im Bereich der Maudacher Stra\u00dfe in Brand. Durch das Feuer wurden drei Pkw, die auf dem angrenzenden Parkplatz parkten, besch\u00e4digt. Der Sachschaden bel\u00e4uft sich auf circa 10.000 Euro. Sachdienliche Hinweise nimmt die Kriminalpolizei Ludwigshafen unter der Telefonnummer 0621\/963-2773 oder per E-Mail&nbsp;<a href=\"mailto:kiludwigshafen.k1.kdd@polizei.rlp.de\">kiludwigshafen.k1.kdd@polizei.rlp.de<\/a>&nbsp;entgegen.<\/p>\n\n\n\n<h2 class=\"wp-block-heading\">(Ludwigshafen) &#8211; Einbruch in Wohnung<\/h2>\n\n\n\n<p>Unbekannte brachen am Sonntagmorgen (19.06.2022), gegen 5.40 Uhr, in ein bewohntes Anwesen einer Firma im Bereich Unteres Rheinufer ein. Die Wohnungen wurden durchsucht. Ob Gegenst\u00e4nde entwendet wurde, wird derzeit noch ermittelt. Durch den Einbruch entstand Sachschaden in noch unbekannter H\u00f6he. Sachdienliche Hinweise nimmt die Kriminalpolizei Ludwigshafen unter der Telefonnummer 0621\/963-2773 oder per E-Mail&nbsp;<a href=\"mailto:kiludwigshafen.k1.kdd@polizei.rlp.de\">kiludwigshafen.k1.kdd@polizei.rlp.de<\/a>&nbsp;entgegen.<\/p>\n\n\n\n<h2 class=\"wp-block-heading\">(Ludwigshafen) &#8211; Betrug durch falschen Sparkassenmitarbeiter<\/h2>\n\n\n<div class=\"wp-block-image\">\n<figure class=\"aligncenter size-full\"><img decoding=\"async\" loading=\"lazy\" width=\"800\" height=\"580\" src=\"https:\/\/speyer24news.com\/wp-content\/uploads\/2021\/11\/Abzocke-Betrug-Wucher-hohe-Rechnung.jpg\" alt=\"\" class=\"wp-image-42488\" srcset=\"https:\/\/speyer24news.com\/wp-content\/uploads\/2021\/11\/Abzocke-Betrug-Wucher-hohe-Rechnung.jpg 800w, https:\/\/speyer24news.com\/wp-content\/uploads\/2021\/11\/Abzocke-Betrug-Wucher-hohe-Rechnung-300x218.jpg 300w, https:\/\/speyer24news.com\/wp-content\/uploads\/2021\/11\/Abzocke-Betrug-Wucher-hohe-Rechnung-768x557.jpg 768w\" sizes=\"(max-width: 800px) 100vw, 800px\" \/><\/figure><\/div>\n\n\n<p>Am 07.06.2022 versuchte sich eine 55-J\u00e4hrige auf der Internetseite der Stadtsparkasse anzumelden. Dabei wurde ihr angezeigt, dass ihr Konto gesperrt sei. Die Dame rief daraufhin die in der Meldung angezeigte Telefonnummer an. Hier wurde sie von einer m\u00e4nnlichen Stimme, die sich als Sparkassenmitarbeiter ausgab, aufgefordert, eine Probe\u00fcberweisung durchzuf\u00fchren. Der Betrag w\u00fcrde ihr anschlie\u00dfend wieder gutgeschrieben werden. Nachdem das Geld \u00fcberwiesen wurde, legte der Mann auf. Es entstand Sachschaden in H\u00f6he von 100EUR. Eine R\u00fcckbuchung, wie zuvor von dem falschen Mitarbeiter versprochen, erfolgte nicht.<\/p>\n\n\n\n<h4 class=\"wp-block-heading\">Beachten Sie die Tipps Ihrer Polizei um sich vor Betrug zu Sch\u00fctzen:<\/h4>\n\n\n\n<ul><li><strong>Seien Sie wachsam, wenn sie ungew\u00f6hnliche Fehlermeldungen bekommen <\/strong><\/li><li><strong>Setzten Sie sich mit ihrem pers\u00f6nlichen Mitarbeiter der Bank oder der Hauptfiliale in Verbindung<\/strong><\/li><li><strong>\u00dcberweisen Sie kein Geld um Konten zu entsperren<\/strong><\/li><\/ul>\n\n\n\n<p>Auf der Internet-Seite\u00a0<a href=\"https:\/\/www.polizei-beratung.de\/\" target=\"_blank\" rel=\"noreferrer noopener\">www.polizei-beratung.de<\/a>\u00a0finden Sie umfangreiche Informationen zu diesem Thema.<\/p>\n\n\n\n<h2 class=\"wp-block-heading\">(Mannheim-Innenstadt) &#8211; Unbekannter T\u00e4ter \u00fcberf\u00e4llt zwei M\u00e4nner \/ Zeugen und Gesch\u00e4digter gesucht<\/h2>\n\n\n<div class=\"wp-block-image\">\n<figure class=\"aligncenter size-full\"><img decoding=\"async\" loading=\"lazy\" width=\"801\" height=\"600\" src=\"https:\/\/speyer24news.com\/wp-content\/uploads\/2020\/05\/Zeugen-gesucht-Neutral.jpg\" alt=\"\" class=\"wp-image-26598\" srcset=\"https:\/\/speyer24news.com\/wp-content\/uploads\/2020\/05\/Zeugen-gesucht-Neutral.jpg 801w, https:\/\/speyer24news.com\/wp-content\/uploads\/2020\/05\/Zeugen-gesucht-Neutral-300x225.jpg 300w, https:\/\/speyer24news.com\/wp-content\/uploads\/2020\/05\/Zeugen-gesucht-Neutral-768x575.jpg 768w, https:\/\/speyer24news.com\/wp-content\/uploads\/2020\/05\/Zeugen-gesucht-Neutral-678x509.jpg 678w, https:\/\/speyer24news.com\/wp-content\/uploads\/2020\/05\/Zeugen-gesucht-Neutral-326x245.jpg 326w, https:\/\/speyer24news.com\/wp-content\/uploads\/2020\/05\/Zeugen-gesucht-Neutral-80x60.jpg 80w\" sizes=\"(max-width: 801px) 100vw, 801px\" \/><\/figure><\/div>\n\n\n<p>Ein unbekannter T\u00e4ter \u00fcberfiel am fr\u00fchen Dienstagmorgen in der Mannheimer Innenstadt kurz nacheinander zwei M\u00e4nner. Der Unbekannte geriet gegen 1.30 Uhr zun\u00e4chst vor einem Restaurant am Luisenring mit einer Dreiergruppe in Disput. Die Personen fl\u00fcchteten sich daraufhin in ein gegen\u00fcberliegendes Restaurant und beobachteten, wie der Mann seinen Weg in Richtung Quadrate fortsetzte. Nach Verlassen des Lokals sahen sie, wie dieser einen Mann im Schwitzkasten hielt, ihm das Bargeld abnahm und anschlie\u00dfend in die Stra\u00dfe zwischen den Quadraten G und H rannte. Im Quadrat G 5 stie\u00df der T\u00e4ter schlie\u00dflich auf einen 63-j\u00e4hrigen Gastst\u00e4ttenbetreiber, den er um ein Feuerzeug bat und ihn anschlie\u00dfend niederschlug. Er nahm dessen Bargeld an sich und fl\u00fcchtete in unbekannte Richtung. Der 63-J\u00e4hrige hatte durch den Schlag eine blutende Platzwunde am Kopf erlitten.<\/p>\n\n\n\n<p>Zeugen, die die beiden Taten beobachtet haben und sachdienliche Hinweise zum T\u00e4ter geben k\u00f6nnen, sowie der Gesch\u00e4digte der ersten Tat werden gebeten, sich beim Kriminaldauerdienst der Kriminalpolizeidirektion Heidelberg, Tel.: 0621\/174-4444 zu melden.<\/p>\n\n\n\n<h2 class=\"wp-block-heading\">(Mannheim-Innenstadt) &#8211; Rabiate Ladendiebe \/ Polizei sucht Zeugen<\/h2>\n\n\n<div class=\"wp-block-image\">\n<figure class=\"aligncenter size-full\"><img decoding=\"async\" loading=\"lazy\" width=\"801\" height=\"600\" src=\"https:\/\/speyer24news.com\/wp-content\/uploads\/2020\/05\/Zeugen-gesucht-Neutral.jpg\" alt=\"\" class=\"wp-image-26598\" srcset=\"https:\/\/speyer24news.com\/wp-content\/uploads\/2020\/05\/Zeugen-gesucht-Neutral.jpg 801w, https:\/\/speyer24news.com\/wp-content\/uploads\/2020\/05\/Zeugen-gesucht-Neutral-300x225.jpg 300w, https:\/\/speyer24news.com\/wp-content\/uploads\/2020\/05\/Zeugen-gesucht-Neutral-768x575.jpg 768w, https:\/\/speyer24news.com\/wp-content\/uploads\/2020\/05\/Zeugen-gesucht-Neutral-678x509.jpg 678w, https:\/\/speyer24news.com\/wp-content\/uploads\/2020\/05\/Zeugen-gesucht-Neutral-326x245.jpg 326w, https:\/\/speyer24news.com\/wp-content\/uploads\/2020\/05\/Zeugen-gesucht-Neutral-80x60.jpg 80w\" sizes=\"(max-width: 801px) 100vw, 801px\" \/><\/figure><\/div>\n\n\n<p>In der Mannheimer Innenstadt traten zwei Ladendiebe auf, von denen einer rabiat gegen\u00fcber einer Ladendetektivin wurde. Die Detektivin beobachtete am Montag gegen 17.40 Uhr das Duo in einem Bekleidungsfachgesch\u00e4ft im Quadrat D 1 \u00fcber die Video\u00fcberwachungsanlage dabei, wie sie in der Kinderabteilung zahlreichen Bekleidungsst\u00fccke in eine gro\u00dfe Tasche, die sie in einem Kinderwagen mit sich f\u00fchrten, steckten. Nachdem sie das Gesch\u00e4ft verlassen hatte, ohne die Ware zu bezahlen, sprach die Detektivin einen der M\u00e4nner an und hielt den Kinderwagen am Griff fest. Der Mann versuchte, den Kinderwagen einfach weiterzuschieben. Als dies nicht gelang, schlug er der Detektivin mit der Hand ins Gesicht. Als diese den Wagen noch immer nicht loslie\u00df, rannte er in unbekannte Richtung davon. Der zweite T\u00e4ter wollte die Detektivin zun\u00e4chst noch wegen des Kinderwagens zur Rede stellen, fl\u00fcchte dann schlie\u00dflich auch in unbekannte Richtung.<\/p>\n\n\n\n<p>Im Kinderwagen konnte die Detektivin kein Kind, jedoch eine f\u00fcr den Diebstahl pr\u00e4parierte Tasche feststellen, durch die ein Ausl\u00f6sen der Diebstahlsicherung verhindert werden sollte.<\/p>\n\n\n\n<p>Durch eine hinzugerufene Polizeistreife wurde der Kinderwagen sichergestellt. Das Diebesgut, rund 50 verschiedene Kinderkleidungsst\u00fccke, wurde in dem Gesch\u00e4ft belassen.<\/p>\n\n\n\n<h4 class=\"wp-block-heading\">Die beiden T\u00e4ter werden wie folgt beschrieben:<\/h4>\n\n\n\n<ol><li><strong>T\u00e4ter: Ca. 20 bis 30 Jahre alt, Dunkle, kurze Haare, S\u00fcdosteurop\u00e4isches Aussehen, War bekleidet mit wei\u00dfem Poloshirt und blauer Jeans, Schob den Kinderwagen<\/strong><\/li><li><strong>T\u00e4ter 2: Ca. 30 Jahre alt, S\u00fcdosteurop\u00e4isches Aussehen, Vollbart, War bekleidet mit hellem Shirt mit dunkler West dar\u00fcber, Trug eine dunkle Basecap, F\u00fchrte eine Umh\u00e4ngetasche mit sich<\/strong><\/li><\/ol>\n\n\n\n<p>Gegen beide M\u00e4nner wird wegen des Verdacht des gemeinschaftlichen, gewerbsm\u00e4\u00dfigen Ladendiebstahls ermittelt. Gegen den Mann mit dem Kinderwagen wurden zus\u00e4tzlich Ermittlungen wegen r\u00e4uberischen Diebstahls eingeleitet.<\/p>\n\n\n\n<p>Zeugen, die sachdienliche Hinweise zu den beiden T\u00e4tern geben k\u00f6nnen, werden gebeten, sich beim Polizeirevier Mannheim-Innenstadt, Tel.: 0621\/1258-0 zu melden.<\/p>\n\n\n\n<h2 class=\"wp-block-heading\">(Mannheim-Innenstadt) &#8211; Einbruch in Verwaltungsgeb\u00e4ude<\/h2>\n\n\n\n<p>In der Nacht von Sonntag, 20:00 Uhr, auf Montag, 07:30 Uhr, verschafften sich einer oder mehrere unbekannte T\u00e4ter auf bisher nicht bekannte Weise Zutritt in ein Verwaltungsgeb\u00e4ude der Universit\u00e4t Mannheim in den L-Quadraten. Bei dem Versuch, in die einzelnen R\u00e4ume zu gelangen wurden durch den oder die Unbekannten insgesamt 10 T\u00fcren besch\u00e4digt. Es wurde nach bisherigem Kenntnisstand nichts entwendet. Der entstandene Sachschaden wird auf eine f\u00fcnfstellige Summe gesch\u00e4tzt.<\/p>\n\n\n\n<p>Das Polizeirevier Mannheim-Oststadt ermittelt wegen besonders schweren Fall des Diebstahls gegen Unbekannt. Hinweise auf den Verursacher werden unter der Rufnummer 0621 174-3310<\/p>\n\n\n\n<h2 class=\"wp-block-heading\">(Mannheim-Oststadt) &#8211; Smartphone geraubt \/ Zeugen gesucht<\/h2>\n\n\n<div class=\"wp-block-image\">\n<figure class=\"aligncenter size-full\"><img decoding=\"async\" loading=\"lazy\" width=\"801\" height=\"600\" src=\"https:\/\/speyer24news.com\/wp-content\/uploads\/2020\/05\/Zeugen-gesucht-Neutral.jpg\" alt=\"\" class=\"wp-image-26598\" srcset=\"https:\/\/speyer24news.com\/wp-content\/uploads\/2020\/05\/Zeugen-gesucht-Neutral.jpg 801w, https:\/\/speyer24news.com\/wp-content\/uploads\/2020\/05\/Zeugen-gesucht-Neutral-300x225.jpg 300w, https:\/\/speyer24news.com\/wp-content\/uploads\/2020\/05\/Zeugen-gesucht-Neutral-768x575.jpg 768w, https:\/\/speyer24news.com\/wp-content\/uploads\/2020\/05\/Zeugen-gesucht-Neutral-678x509.jpg 678w, https:\/\/speyer24news.com\/wp-content\/uploads\/2020\/05\/Zeugen-gesucht-Neutral-326x245.jpg 326w, https:\/\/speyer24news.com\/wp-content\/uploads\/2020\/05\/Zeugen-gesucht-Neutral-80x60.jpg 80w\" sizes=\"(max-width: 801px) 100vw, 801px\" \/><\/figure><\/div>\n\n\n<p>Am fr\u00fchen Sonntagmorgen kam es auf dem Werderplatz zu einer k\u00f6rperlichen Auseinandersetzung &#8211; der Angreifer fl\u00fcchtete mit einem geraubten Smartphone. Ein 26-J\u00e4hriger telefonierte gegen 7:50 Uhr im Bereich des Werderplatzes als er von einem ihm unbekannten Mann angesprochen wurde. Ohne Vorwarnung holte dieser mit einer Glasflasche in der Hand aus und schlug in Richtung des 26-J\u00e4hrigen. Diesem gelang es den Schlag abzuwehren, wobei der Angreifer dessen Smartphone aus der Hand riss und damit fl\u00fcchtete. Trotz sofortiger Verfolgung gelang dem Unbekannten die Flucht. Die Kriminalpolizei hat die weiteren Ermittlungen aufgenommen und sucht in diesem Zusammenhang nach Zeugen, die Hinweise zum T\u00e4ter geben k\u00f6nnen oder das Geschehen auf dem Werderplatz beobachteten. <\/p>\n\n\n\n<h4 class=\"wp-block-heading\">Der T\u00e4ter kann wie folgt beschrieben werden: <\/h4>\n\n\n\n<ul><li><strong>m\u00e4nnlich<\/strong><\/li><li><strong>ca. 30 Jahre alt<\/strong><\/li><li><strong>etwas gr\u00f6\u00dfer als 1,80 m<\/strong><\/li><li><strong>kr\u00e4ftigere Statur<\/strong><\/li><li><strong>dunkelh\u00e4utig<\/strong><\/li><li><strong>Barttr\u00e4ger<\/strong><\/li><li><strong>bekleidet mit einer engen dunkelblauen Jeans, schwarzem T-Shirt und einer wei\u00dfen Base-Cap.<\/strong><\/li><\/ul>\n\n\n\n<p>Zeugen werden gebeten sich unter 0621 174-4444 bei den Ermittlern zu melden.<\/p>\n\n\n\n<h2 class=\"wp-block-heading\">(Mannheim-Schwetzingerstadt) &#8211; Geparkte Motorr\u00e4der umgeworfen \/ Wer hat etwas beobachtet?<\/h2>\n\n\n\n<p>Vermutlich am vergangenen Wochenende besch\u00e4digte ein oder mehrere Unbekannte zwei geparkte Motorr\u00e4der vor einer Fahrschule in der Seckenheimer Stra\u00dfe &#8211; es entstand ein Schaden von 8.000 Euro. Der oder die T\u00e4ter stie\u00dfen die beiden abgestellten Honda um, sodass diese nicht unerheblich besch\u00e4digt wurden. Das Polizeirevier Mannheim-Oststadt ermittelt nun wegen Sachbesch\u00e4digung. Zeugen, die im Zeitraum von Freitag, 16.30 Uhr bis Montag, 11 Uhr, Verd\u00e4chtiges beobachteten, werden gebeten, sich unter 0621 174-3310 zu melden.<\/p>\n\n\n\n<h2 class=\"wp-block-heading\">(Mannheim-Neckarstadt) &#8211; Mann zerkratzt PKW und fl\u00fcchtet; Polizei ermittelt und sucht Zeugen<\/h2>\n\n\n\n<p>Als ein 48 Jahre alter Mann am Samstag gegen 23:00 Uhr zu seinem in der Dammstra\u00dfe geparkten Land Rover zur\u00fcckkehrte, stellte er eine ihm unbekannte Person an seinem Fahrzeug fest, welche offenbar gerade dabei, seinen PKW zu besch\u00e4digen. Beim Erblicken des 48-J\u00e4hrigen ergriff der Unbekannte sofort die Flucht in Richtung &#8222;Alter Me\u00dfplatz&#8220;. Wie sich herausstellte, zerkratzte der T\u00e4ter vermutlich mit einem Gegenstand den kompletten Heckbereich des Land Rovers und verursachte so einen gesch\u00e4tzten Sachschaden in H\u00f6he von rund 6000 Euro.<\/p>\n\n\n\n<h4 class=\"wp-block-heading\">Personenbeschreibung des Gesuchten:<\/h4>\n\n\n\n<ul><li><strong>m\u00e4nnlich<\/strong><\/li><li><strong>ca. 20 Jahre alt<\/strong><\/li><li><strong>normale K\u00f6rperstatur<\/strong><\/li><li><strong>ca. 160 cm gro\u00df<\/strong><\/li><li><strong>dunkle kurze Haare<\/strong><\/li><li><strong>dunkles T-shirt<\/strong><\/li><li><strong>kurze Hose<\/strong><\/li><\/ul>\n\n\n\n<p>Das Polizeirevier Mannheim-Neckarstadt hat die weiteren Ermittlungen wegen Sachbesch\u00e4digung aufgenommen und bittet Zeugen, die sachdienliche Angaben zu dem Gesuchten sowie dessen weiterer Fluchtrichtung machen k\u00f6nnen, sich unter der Tel.: 0621 33010 zu melden.<\/p>\n\n\n\n<h2 class=\"wp-block-heading\">(Mannheim-Sch\u00f6nau) &#8211; Hoher Sachschaden nach Unfallflucht; Wer kann Hinweise geben?<\/h2>\n\n\n\n<p>Im Zeitraum von Sonntag, 19.06.2022, 15:00 Uhr bis Montag, 20.06.2022, 07:00 Uhr besch\u00e4digte ein bislang unbekannter Verkehrsteilnehmer einen in der Heilsberger Stra\u00dfe geparkten Mercedes und entfernte sich im Anschluss, ohne seine Pflichten als Unfallverursacher nachzukommen. Durch den Zusammensto\u00df wurde die linke Fahrzeugseite derart besch\u00e4digt, dass sich die Autot\u00fcren des Wagens nicht mehr \u00f6ffnen lie\u00dfen. Der entstandene Sachschaden wird auf rund 7500 Euro gesch\u00e4tzt.<\/p>\n\n\n\n<p>Der Polizeiposten Mannheim-Sch\u00f6nau hat die weiteren Ermittlungen aufgenommen und bittet Zeugen, sich unter der Tel.: 0621 773230 zu melden.<\/p>\n\n\n\n<h2 class=\"wp-block-heading\">(Mannheim-Feudenheim) &#8211; Einbruch in Tankstelle \/ Zeugen gesucht<\/h2>\n\n\n\n<p>In der Nacht von Montag auf Dienstag verschafften sich bislang unbekannte T\u00e4ter Zutritt in den Verkaufsraum einer Tankstelle in der Wallstadter Stra\u00dfe und entwendeten dabei mehrere Schachteln Zigaretten. Mit einem zuvor in der Talstra\u00dfe entnommenen Gullydeckel schlugen die beiden Unbekannten gegen 3:30 Uhr die Glasschiebet\u00fcre des Geb\u00e4udes ein und machten sich im Innenraum zu schaffen. Nachdem das \u00dcberwachungssystem Alarm schlug, ergriffen die Einbrecher mit wenigen Schachteln Zigaretten die Flucht. Der entstanden Sach- und Diebstahlsschaden kann bislang nicht beziffert werden. Das Polizeirevier Mannheim-K\u00e4fertal hat die Ermittlungen aufgenommen und sucht in diesem Zusammenhang nach Zeugen, die wom\u00f6glich die Entnahme des Gullydeckels beobachteten oder den Einbruch selbst. Hinweisgeber werden gebeten, sich unter 0621 718490 zu melden.<\/p>\n\n\n\n<h2 class=\"wp-block-heading\">(Mannheim-K\u00e4fertal) &#8211; Verkehrsunfall mit Personenschaden \/ B 38 &#8211; Abfahrt zur Magdeburger Stra\u00dfe &#8211; Rettungskr\u00e4fte vor Ort<\/h2>\n\n\n\n<h3 class=\"has-text-align-center wp-block-heading\">Pressemeldung Nr 1<a href=\"https:\/\/www.facebook.com\/sharer.php?u=https%3A%2F%2Fwww.presseportal.de%2Fblaulicht%2Fpm%2F14915%2F5254112%2F%3Futm_source%3Dfacebook%26utm_medium%3Dsocial\"><\/a><a href=\"https:\/\/twitter.com\/intent\/tweet?text=POL-MA%3A%20Mannheim-K%C3%A4fertal%20-%20Verkehrsunfall%20mit%20Personenschaden%20-%20B%2038%20-%20Abfahrt%20zur%20Magdeburger%20Stra%C3%9Fe%20-%20Rettungskr%C3%A4fte%20vor%20Ort%20-%20PM%20Nr%201&amp;url=https%3A%2F%2Fwww.presseportal.de%2Fblaulicht%2Fpm%2F14915%2F5254112%2F%3Futm_source%3Dtwitter%26utm_medium%3Dsocial&amp;hashtags=ots&amp;lang=de\"><\/a><a href=\"https:\/\/web.whatsapp.com\/send?text=POL-MA%3A%20Mannheim-K%C3%A4fertal%20-%20Verkehrsunfall%20mit%20Personenschaden%20-%20B%2038%20-%20Abfahrt%20zur%20Magdeburger%20Stra%C3%9Fe%20-%20Rettungskr%C3%A4fte%20vor%20Ort%20-%20PM%20Nr%201%0A%0Ahttps%3A%2F%2Fwww.presseportal.de%2Fblaulicht%2Fpm%2F14915%2F5254112%2F%3Futm_source%3Dwhatsapp%26utm_medium%3Dsocial\"><\/a><a href=\"https:\/\/www.xing.com\/app\/user?op=share;url=https%3A%2F%2Fwww.presseportal.de%2Fblaulicht%2Fpm%2F14915%2F5254112%2F%3Futm_source%3Dxing%26utm_medium%3Dsocial\"><\/a><a href=\"http:\/\/www.linkedin.com\/shareArticle?mini=true&amp;url=https%3A%2F%2Fwww.presseportal.de%2Fblaulicht%2Fpm%2F14915%2F5254112%2F%3Futm_source%3Dlinkedin%26utm_medium%3Dsocial&amp;title=POL-MA%3A+Mannheim-K%C3%A4fertal+-+Verkehrsunfall+mit+Personenschaden+-+B+38+-+Abfahrt+zur+Magdeburger+Stra%C3%9Fe+-+Rettungskr%C3%A4fte+vor+Ort+-+PM+Nr+1\"><\/a><a href=\"mailto:?subject=POL-MA%3A%20Mannheim-K%C3%A4fertal%20-%20Verkehrsunfall%20mit%20Personenschaden%20-%20B%2038%20-%20Abfahrt%20zur%20Magdeburger%20Stra%C3%9Fe%20-%20Rettungskr%C3%A4fte%20vor%20Ort%20-%20PM%20Nr%201&amp;body=https:\/\/www.presseportal.de\/blaulicht\/pm\/14915\/5254112\"><\/a><\/h3>\n\n\n\n<p>Nach einem Verkehrsunfall mit einem umgekippten Klein-Lkw ist die Abfahrt der B 38 zur Magdeburger Stra\u00dfe (Fahrtrichtung Weinheim)in Mannheim-K\u00e4fertal aktuell (21.06.2022 \u2013 16:44) gesperrt. Es wird nachberichtet.<\/p>\n\n\n\n<h2 class=\"wp-block-heading\">(Mannheim-Vogelstang) &#8211; Auffahrunfall \/ Verursacher unter Alkoholeinfluss &#8211; Zeugen gesucht<\/h2>\n\n\n\n<p>Einen Verkehrsunfall unter Alkoholeinfluss verursachte am fr\u00fchen Sonntagmorgen im Stadtteil Vogelstang ein 28-j\u00e4hriger Autofahrer, der unter Alkoholeinfluss stand. Ein 21-J\u00e4hriger war kurz nach vier Uhr mit seinem Mercedes auf der linken Fahrspur der Stra\u00dfe &#8222;Hinter dem Wolfsberg&#8220; stadtausw\u00e4rts unterwegs. Wegen eines Bierkastens, der mitten auf seiner Fahrspur lag, musste er nach rechts ausweichen. Dabei fuhr ihm ein 28-J\u00e4hriger mit dessen BMW hinten auf. Es entstand hierbei Sachschaden in H\u00f6he von rund 11.000 Euro. Die beiden Fahrer kamen mit dem Schrecken davon und blieben unverletzt.<\/p>\n\n\n\n<p>Bei der Unfallaufnahme bemerkten die Beamten deutlichen Alkoholgeruch im Atem des BMW-Fahrers. Ein Alkoholtest ergab einen Wert von \u00fcber 1,6 Promille. Ihm wurde eine Blutprobe entnommen, sein F\u00fchrerschein wurde einbehalten.<\/p>\n\n\n\n<p>Bez\u00fcglich des auf der Fahrbahn liegenden Bierkastens wurden weitere Ermittlungen wegen gef\u00e4hrlichen Eingriffs in den Stra\u00dfenverkehr zun\u00e4chst gegen Unbekannt eingeleitet. Ein Verursacher ist derzeit nicht bekannt. Zeugen, die sachdienliche Hinweise diesbez\u00fcglich geben k\u00f6nnen, werden gebeten, sich beim Polizeirevier Mannheim-K\u00e4fertal, Tel.: 0621\/71849-0 zu melden.<\/p>\n\n\n\n<h2 class=\"wp-block-heading\">(Mannheim-Sandhofen) &#8211; Scheibe an PKW eingeschlagen und Gegenst\u00e4nde entwendet \/ Zeugen gesucht<\/h2>\n\n\n\n<p>An einem in der Alten Frankfurter Stra\u00dfe in H\u00f6he Hausnummer 32 geparkten Auto wurde die hintere Dreiecksscheibe auf der Beifahrerseite durch einen unbekannten T\u00e4ter eingeschlagen. Das Auto war dort von Samstag, 20:00 Uhr, bis Montagmorgen, 06:30 Uhr, abgestellt. Aus dem Fahrzeuginneren wurden diverse Habseligkeiten, unter anderem ein Tablet, sowie eine Dash-Cam entwendet. Der Diebstahlsschaden bel\u00e4uft sich auf ca. 1.000 Euro, der Sachschaden auf einige hundert Euro.<\/p>\n\n\n\n<p>Hinweise auf den Verursacher nimmt das Polizeirevier Mannheim-Sandhofen unter der 0621 77769-0 entgegen.<\/p>\n\n\n\n<h2 class=\"wp-block-heading\">(Eppelheim \/ Rhein-Neckar-Kreis) &#8211; Unfall unter Drogeneinfluss verursacht und abgehauen<\/h2>\n\n\n\n<p>Einen Unfall verursachte am Montagnachmittag ein 23-j\u00e4hriger Autofahrer in Eppelheim und stand dabei unter Drogeneinfluss.<\/p>\n\n\n\n<p>Der junge Mann besch\u00e4digte beim Ausparken auf dem Parkplatz einer Freizeitsport-Anlage in der Kirchheimer Stra\u00dfe einen dort ebenfalls abgestellten Nissan und fuhr anschlie\u00dfend einfach davon. Er wurde jedoch bei dem Unfall vom Besitzer des besch\u00e4digten Fahrzeugs beobachtet. Dieser notierte sich das Kennzeichen des verursachenden Fahrzeugs, einem Opel Corsa. Zudem erkannte er den 23-j\u00e4hrigen Fahrer, der ihm pers\u00f6nlich bekannt war.<\/p>\n\n\n\n<p>Im Zuge der Ermittlungen konnte der 23-j\u00e4hrige Fahrer des unfallverursachenden Opel an seinem Wohnort angetroffen werden. Das Fahrzeug konnte ebenfalls dort festgestellt werden. Es wies Unfallbesch\u00e4digungen auf.<\/p>\n\n\n\n<p>Bei den weiteren \u00dcberpr\u00fcfungen bemerkten die Beamten deutliche Anzeichen f\u00fcr vorherigen Drogenkonsum bei dem 23-J\u00e4hrigen. Einen Drogentest konnte er nicht durchf\u00fchren, ein Alkoholtest verlief ohne Befund. Dem jungen Mann wurde eine Blutprobe entnommen. Gegen ihn wird nun wegen Verkehrsteilnahme unter Drogeneinfluss und Unfallflucht ermittelt. Sein F\u00fchrerschein konnte nicht einbehalten werden, da er einen solchen noch gar nicht besa\u00df. Die praktische Fahrpr\u00fcfung sollte erst in der kommenden Woche stattfinden. Weitere Ermittlungen wegen Fahrens ohne Fahrerlaubnis gegen den 23-J\u00e4hrigen dauern an. Die F\u00fchrerscheinstelle wurde hier\u00fcber informiert. Auch der Halter des Opel, der dem jungen Mann das Fahrzeug \u00fcberlassen hatte, sieht einer Anzeige wegen Zulassen zum Fahren ohne Fahrerlaubnis entgegen.<\/p>\n\n\n\n<h2 class=\"wp-block-heading\">(Heidelberg-Altstadt) &#8211; Halskette geraubt und gefl\u00fcchtet \/ Zeugen gesucht<\/h2>\n\n\n<div class=\"wp-block-image\">\n<figure class=\"aligncenter size-full\"><img decoding=\"async\" loading=\"lazy\" width=\"801\" height=\"600\" src=\"https:\/\/speyer24news.com\/wp-content\/uploads\/2020\/05\/Zeugen-gesucht-Neutral.jpg\" alt=\"\" class=\"wp-image-26598\" srcset=\"https:\/\/speyer24news.com\/wp-content\/uploads\/2020\/05\/Zeugen-gesucht-Neutral.jpg 801w, https:\/\/speyer24news.com\/wp-content\/uploads\/2020\/05\/Zeugen-gesucht-Neutral-300x225.jpg 300w, https:\/\/speyer24news.com\/wp-content\/uploads\/2020\/05\/Zeugen-gesucht-Neutral-768x575.jpg 768w, https:\/\/speyer24news.com\/wp-content\/uploads\/2020\/05\/Zeugen-gesucht-Neutral-678x509.jpg 678w, https:\/\/speyer24news.com\/wp-content\/uploads\/2020\/05\/Zeugen-gesucht-Neutral-326x245.jpg 326w, https:\/\/speyer24news.com\/wp-content\/uploads\/2020\/05\/Zeugen-gesucht-Neutral-80x60.jpg 80w\" sizes=\"(max-width: 801px) 100vw, 801px\" \/><\/figure><\/div>\n\n\n<p>Am fr\u00fchen Samstagmorgen wurden einem 19-J\u00e4hrigen in der Neugasse in H\u00f6he eines Schnellrestaurants eine Silberkette, sowie Zigaretten geraubt. Der 19-J\u00e4hrige war gegen 05:30 Uhr zusammen mit seinem 20-j\u00e4hrigen Begleiter auf dem Nachhauseweg, als sie mit einer Gruppe von drei M\u00e4nnern in Streit gerieten. Im Verlauf dieses Streits soll ein Mann aus dieser Gruppe den 19-J\u00e4hrigen mit einem Klappmesser bedroht und den Inhalt dessen Umh\u00e4ngetasche gefordert haben. Hierbei handelte es sich um eine Schachtel Zigaretten. Im Anschluss soll der Unbekannte dann noch die um den Hals getragene Silberkette des Opfers gefordert haben. Anschlie\u00dfend sei die Gruppe in Richtung Bismarckplatz gefl\u00fcchtet. Verletzt wurde der 19-J\u00e4hrige bei der Tat nicht. Die Kette hat einen Wert von etwa 250.- Euro.<\/p>\n\n\n\n<h4 class=\"wp-block-heading\">Die drei M\u00e4nner sollen:<\/h4>\n\n\n\n<ul><li><strong>etwa 20 Jahre alt <\/strong><\/li><li><strong>und von s\u00fcdeurop\u00e4ischem Ph\u00e4notyp gewesen sein. <\/strong><\/li><li><strong>Alle drei sollen einen Drei-Tage-Bart gehabt haben. <\/strong><\/li><li><strong>Der Mann, welcher den 19-J\u00e4hrigen mit dem Messer bedrohte, soll schlank gewesen sein, nach hinten gegelte Haare gehabt haben und mit einem wei\u00dfen T-Shirt bekleidet gewesen sein.<\/strong><\/li><\/ul>\n\n\n\n<p>Das Raubdezernat der Kriminalpolizei Heidelberg hat die Ermittlungen wegen schwerer r\u00e4uberischer Erpressung aufgenommen und bittet Zeugen, die sachdienliche Hinweise zur Tat oder den T\u00e4tern geben k\u00f6nnen, sich unter der Rufnummer 0621 174 &#8211; 4444 an den Kriminaldauerdienst zu wenden.<\/p>\n\n\n\n<h2 class=\"wp-block-heading\">(Heidelberg-Kirchheim) &#8211; Unfallflucht \/ Zeugen gesucht<\/h2>\n\n\n\n<p>Bereits am Dienstag, 14.06.2022, verursachte ein unbekannter Autofahrer im Stadtteil Kirchheim einen Verkehrsunfall und fl\u00fcchtete anschlie\u00dfend von der Unfallstelle. Der Unbekannte war gegen 8.30 Uhr auf der Speyerer Stra\u00dfe stadteinw\u00e4rts unterwegs. Zwischen der Abzweigung zur L 600a und dem Baumschulenweg wechselte er abrupt, ohne auf den nachfolgenden Verkehr zu achten, vom rechten auf den linken Fahrstreifen. Dadurch musste ein nachfolgender 29-j\u00e4hriger Mercedes-Kleinbus-Fahrer nach links ausweichen, um einen Zusammensto\u00df zu verhindert. Dadurch prallte er jedoch in die Leitplanken. Der unbekannte Autofahrer fuhr einfach weiter. Es war Sachschaden in H\u00f6he von mindestens 5.000 Euro entstanden.<\/p>\n\n\n\n<p>Bei dem unfallverursachenden Fahrzeug soll es sich um einen dunkelblauen oder schwarzen Pkw, vermutlich ein Kombi, gehandelt haben. Die Marke ist nicht bekannt. Zum Fahrer des Fahrzeugs konnten noch keine Hinweise erlangt werden.<\/p>\n\n\n\n<p>Zeugen, die den Unfall beobachtet haben und sachdienliche Hinweise zum fl\u00fcchtigen Fahrzeug oder dessen Fahrer geben k\u00f6nnen, werden gebeten, sich beim Polizeirevier Heidelberg-S\u00fcd, Tel.: 06221\/3418-0 zu melden.<\/p>\n\n\n\n<h2 class=\"wp-block-heading\">(Heidelberg-Bergheim) &#8211; Unter Drogeneinfluss und ohne Fahrerlaubnis mit getuntem Auto unterwegs.<\/h2>\n\n\n<div class=\"wp-block-image\">\n<figure class=\"aligncenter size-full\"><img decoding=\"async\" loading=\"lazy\" width=\"800\" height=\"533\" src=\"https:\/\/speyer24news.com\/wp-content\/uploads\/2020\/06\/Zelle.jpg\" alt=\"\" class=\"wp-image-28203\" srcset=\"https:\/\/speyer24news.com\/wp-content\/uploads\/2020\/06\/Zelle.jpg 800w, https:\/\/speyer24news.com\/wp-content\/uploads\/2020\/06\/Zelle-300x200.jpg 300w, https:\/\/speyer24news.com\/wp-content\/uploads\/2020\/06\/Zelle-768x512.jpg 768w\" sizes=\"(max-width: 800px) 100vw, 800px\" \/><\/figure><\/div>\n\n\n<p>Ein 35-j\u00e4hriger Mann war am Freitagabend im Stadtteil Bergheim unter Drogeneinfluss mit einem getunten Auto unterwegs. Der Honda fiel den Spezialisten der Verkehrspolizei (EG Poser Heidelberg) kurz vor 19 Uhr wegen einer optisch ver\u00e4nderten Auspuffanlage in der Kurf\u00fcrsten-Anlage auf. Die Beamten setzten sich mit ihrem Fahrzeug neben den Honda, der auf der linken Fahrspur in Richtung Neckargem\u00fcnd unterwegs war, und forderten den Fahrer mit der Anhaltekelle auf, anzuhalten. Dies ignorierte der Fahrer zun\u00e4chst und fuhr weiter, bog in die Rohrbacher Stra\u00dfe ab und fuhr weiter durch Bahnhofstra\u00dfe, H\u00e4usserstra\u00dfe und konnte schlie\u00dflich in der Goethestra\u00dfe gestoppt werden. In der H\u00e4usserstra\u00dfe beobachteten die Beamten, wie eine Papiert\u00fcte aus dem Fahrzeugfenster geworfen wurde und auf dem Gehweg liegenblieb.<\/p>\n\n\n\n<p>Bei der Kontrolle stellten die Beamten fest, dass der 35-j\u00e4hrige Fahrer unter Drogeneinfluss stand. Ihm wurde eine Blutprobe entnommen. Sein F\u00fchrerschein konnte nicht einbehalten werden, da er nicht mehr im Besitz eines solchen war. Er war ihm aufgrund eines gleichen Delikts entzogen worden.<\/p>\n\n\n\n<p>Bei der weiteren \u00dcberpr\u00fcfung stellte sich heraus, dass das Fahrzeug nicht \u00fcber den vorgeschriebenen Versicherungsschutz verf\u00fcgte und aufgrund dessen zur Zwangsstilllegung ausgeschrieben war. Da die Eigentumsverh\u00e4ltnisse des Fahrzeugs nicht eindeutig gekl\u00e4rt werden konnten, wurde das Fahrzeug sichergestellt. Der 35-J\u00e4hrige nutzte das Fahrzeug mit Wissen der Nutzerin, die jedoch nicht als Halterin eingetragen ist.<\/p>\n\n\n\n<p>Gegen den Fahrer des Honda wird nun wegen Verkehrsteilnahme unter Drogeneinfluss, Fahrens ohne Fahrerlaubnis, Versto\u00df gegen das Pflichtversicherungsgesetz sowie wegen Drogenbesitzes ermittelt. Die Fahrzeugnutzerin sieht einer Anzeige wegen Zulassens zum Fahren ohne Fahrerlaubnis ermittelt. Die weiteren Ermittlungen zu den Eigentumsverh\u00e4ltnissen des Fahrzeugs dauern an.<\/p>\n\n\n\n<p>Durch die Beamten konnte die aus dem Fenster geworfene T\u00fcte aufgefunden und sichergestellt werden. In dieser befanden sich insgesamt 150 Gramm Marihuana. Bei der anschlie\u00dfenden Durchsuchung der Wohnung des Fahrers sowie dessen 39-j\u00e4hrigen Beifahrers konnte in der Wohnung des 39-J\u00e4hrigen eine Hanfaufzuchtanlage sowie zahlreiche erntereife Hanfpflanzen aufgefunden werden. Durch die Staatsanwaltschaft Heidelberg wurde Haftbefehl gegen den Mann beantragt. Die Ermittlungen wegen des Verdachts des Drogenhandels dauern an.<\/p>\n\n\n\n<h2 class=\"wp-block-heading\">(Heidelberg-Pfaffengrund) &#8211; Von unbekanntem Mann geschlagen \/ Polizei sucht Zeugen<\/h2>\n\n\n<div class=\"wp-block-image\">\n<figure class=\"aligncenter size-full\"><img decoding=\"async\" loading=\"lazy\" width=\"800\" height=\"533\" src=\"https:\/\/speyer24news.com\/wp-content\/uploads\/2021\/11\/Schlaegerei.jpg\" alt=\"\" class=\"wp-image-42366\" srcset=\"https:\/\/speyer24news.com\/wp-content\/uploads\/2021\/11\/Schlaegerei.jpg 800w, https:\/\/speyer24news.com\/wp-content\/uploads\/2021\/11\/Schlaegerei-300x200.jpg 300w, https:\/\/speyer24news.com\/wp-content\/uploads\/2021\/11\/Schlaegerei-768x512.jpg 768w\" sizes=\"(max-width: 800px) 100vw, 800px\" \/><\/figure><\/div>\n\n\n<p>Ein 24-j\u00e4hriger Mann wurde am Samstagabend im Stadtteil Pfaffengrund von einem unbekannten T\u00e4ter geschlagen. Der 24-J\u00e4hrige war gegen 23 Uhr mit seinem Fahrrad in der Eppelheimer Stra\u00dfe unterwegs. Dabei wurde er von einem unbekannten Mann mit einem Stock auf den Arm geschlagen, als er gerade an diesem vorbeifuhr. Der Unbekannte entfernte sich anschlie\u00dfend in Richtung Henkel-Teroson-Stra\u00dfe. Der Gesch\u00e4digte folgte dem T\u00e4ter, wollte ihn zur Rede stellen und machte Aufnahmen von ihm. Daraufhin schlug er unbekannte T\u00e4ter dem 24-J\u00e4hrigen das Mobiltelefon aus der Hand, sodass dieses auf den Boden fiel und das Display splitterte. Danach fl\u00fcchtete der T\u00e4ter mit seinem unbekannten Begleiter.<\/p>\n\n\n\n<p>Nachdem der Gesch\u00e4digte die Polizei alarmiert hatte, konnten ihn die Beamten in emotional aufgew\u00fchlter Verfassung am Tatort angetroffen werden. Er wurde vorsorglich in ein Krankenhaus eingeliefert.<\/p>\n\n\n\n<h4 class=\"wp-block-heading\">Der m\u00e4nnliche T\u00e4ter wird wie folgt beschrieben:<\/h4>\n\n\n\n<ul><li><strong>Ca. 40 Jahre alt<\/strong><\/li><li><strong>Sch\u00fctteres, hellbraunes Haar<\/strong><\/li><li><strong>Trug ein wei\u00dfes Hemd der Marke &#8222;Camp David&#8220;, eine dunkle Hose und wei\u00dfe Schuhe<\/strong><\/li><\/ul>\n\n\n\n<p>Zeugen, die auf den Vorfall aufmerksam geworden sind und sachdienliche Hinweise zum T\u00e4ter geben k\u00f6nnen, werden gebeten, sich beim Polizeirevier Heidelberg-S\u00fcd, Tel.: 06221\/3418-0 zu melden.<\/p>\n\n\n\n<h2 class=\"wp-block-heading\">(Schwetzingen \/ Rhein-Neckar-Kreis) &#8211; Sachbesch\u00e4digungen und Farbschmierereien auf Schulgel\u00e4nde; Polizei ermittelt und bittet um Hinweise<\/h2>\n\n\n\n<p>Im Ferienzeitraum, genauer in der Zeit von Dienstag, 07.06.2022, 13:00 Uhr bis Montag, 20.06.2022, 07:30 Uhr, randalierten vermutlich mehrere bislang nicht bekannte Personen auf dem Gel\u00e4nde einer Schule in der Hildastra\u00dfe. Ein Mitarbeiter der Bildungsst\u00e4tte verst\u00e4ndigte am Montagmorgen die Polizei, nachdem er mehrere Sachbesch\u00e4digungen und Farbschmierereien auf dem Gel\u00e4nde festgestellt hatte. Neben einer Glasscheibe wurde auch die \u00dcberdachung eines Fahrradst\u00e4nders scheinbar mutwillig besch\u00e4digt. Der entstandene Sachschaden d\u00fcrfte sch\u00e4tzungsweise im hohen vierstelligen Bereich liegen.<\/p>\n\n\n\n<p>Zeugen, die sachdienliche Hinweise zu den T\u00e4tern geben sowie den Tatzeitraum m\u00f6glicherweise weiter eingrenzen k\u00f6nnen, werden gebeten, sich beim Polizeirevier Schwetzingen, unter der Tel.: 06202 2880 zu melden.<\/p>\n\n\n\n<h2 class=\"wp-block-heading\">(Schwetzingen \/ Rhein-Neckar-Kreis) &#8211; Streife stoppt betrunkenen Autofahrer<\/h2>\n\n\n\n<p>Am fr\u00fchen Sonntagmorgen wurden Beamte des Polizeireviers Schwetzingen auf einen Autofahrer aufmerksam, der mit deutliche erh\u00f6hter Geschwindigkeit in der Z\u00e4hringerstra\u00dfe unterwegs war. Bei der Hinterherfahrt fuhr der auff\u00e4llige Fahrer mit seinem VW wenig sp\u00e4ter entgegen der Fahrtrichtung in die Carl-Theodor-Stra\u00dfe. Bei der anschlie\u00dfenden Kontrolle um 7 Uhr in der Bahnhofsanlage fiel den Uniformierten sofort starker Alkoholgeruch, ausgehend vom 38-j\u00e4hrigen Lenker, auf. Ein freiwilliger Alkoholtest ergab schlie\u00dflich mehr als 1,6 Promille Alkohol in dessen Atemluft, weshalb er von den Beamten zur Blutentnahme in die Dienststelle gebracht wurde. Neben der Sicherstellung seines Fahrzeugschl\u00fcssels und der Beschlagnahme seines F\u00fchrerscheins muss sich der Mann nun wegen Trunkenheit im Stra\u00dfenverkehr verantworten.<\/p>\n\n\n\n<h2 class=\"wp-block-heading\">(Altlu\u00dfheim \/ Rhein-Neckar-Kreis) &#8211; Betrunken gegen Baum gefahren<\/h2>\n\n\n\n<p>Mit knapp 2 Promille Alkohol in seiner Atemluft fuhr am sp\u00e4ten Freitagabend ein 46-J\u00e4hriger mit seinem Mercedes in der Dritten Industriestra\u00dfe &#8211; die Fahrt endete in einem Unfall. Kurz vor 23 Uhr bog der Fahrer im Kreuzungsbereich der Friedensstra\u00dfe nach links ab und stie\u00df dabei frontal mit einem Baum zusammen. Aufgrund des Zusammenpralls l\u00f6ste der Airbag im Mercedes aus; der 46-J\u00e4hrige blieb unverletzt. Bei der anschlie\u00dfenden Unfallaufnahme durch die Beamten des Polizeireviers Hockenheim wurde bei einem freiwilligen Alkoholtest 1,96 Promille im Atem des Fahrers festgestellt. Sein Mercedes wurde abgeschleppt, sein F\u00fchrerschein einbehalten. Der Mann muss sich nun wegen Gef\u00e4hrdung des Stra\u00dfenverkehrs strafrechtlich verantworten.<\/p>\n\n\n\n<h2 class=\"wp-block-heading\">(Wiesloch \/ Rhein-Neckar-Kreis) &#8211; Vermisstensuche nach Juliana N. beendet; 28-J\u00e4hrige wurde in Wiesloch angetroffen \/ R\u00fccknahme der \u00d6ffentlichkeitsfahndung<a href=\"https:\/\/www.facebook.com\/sharer.php?u=https%3A%2F%2Fwww.presseportal.de%2Fblaulicht%2Fpm%2F14915%2F5251997%2F%3Futm_source%3Dfacebook%26utm_medium%3Dsocial\"><\/a><a href=\"https:\/\/twitter.com\/intent\/tweet?text=POL-MA%3A%20Wiesloch%2C%20Rhein-Neckar-Kreis%3A%20Vermisstensuche%20nach%20Juliana%20N.%20beendet%3B%2028-J%C3%A4hrige%20wurde%20in%20Wiesloch%20angetroffen%20-%20R%C3%BCcknahme%20der%20%C3%96ffentlichkeitsfahndung&amp;url=https%3A%2F%2Fwww.presseportal.de%2Fblaulicht%2Fpm%2F14915%2F5251997%2F%3Futm_source%3Dtwitter%26utm_medium%3Dsocial&amp;hashtags=ots&amp;lang=de\"><\/a><a href=\"https:\/\/web.whatsapp.com\/send?text=POL-MA%3A%20Wiesloch%2C%20Rhein-Neckar-Kreis%3A%20Vermisstensuche%20nach%20Juliana%20N.%20beendet%3B%2028-J%C3%A4hrige%20wurde%20in%20Wiesloch%20angetroffen%20-%20R%C3%BCcknahme%20der%20%C3%96ffentlichkeitsfahndung%0A%0Ahttps%3A%2F%2Fwww.presseportal.de%2Fblaulicht%2Fpm%2F14915%2F5251997%2F%3Futm_source%3Dwhatsapp%26utm_medium%3Dsocial\"><\/a><a href=\"https:\/\/www.xing.com\/app\/user?op=share;url=https%3A%2F%2Fwww.presseportal.de%2Fblaulicht%2Fpm%2F14915%2F5251997%2F%3Futm_source%3Dxing%26utm_medium%3Dsocial\"><\/a><a href=\"http:\/\/www.linkedin.com\/shareArticle?mini=true&amp;url=https%3A%2F%2Fwww.presseportal.de%2Fblaulicht%2Fpm%2F14915%2F5251997%2F%3Futm_source%3Dlinkedin%26utm_medium%3Dsocial&amp;title=POL-MA%3A+Wiesloch%2C+Rhein-Neckar-Kreis%3A+Vermisstensuche+nach+Juliana+N.+beendet%3B+28-J%C3%A4hrige+wurde+in+Wiesloch+angetroffen+-+R%C3%BCcknahme+der+%C3%96ffentlichkeitsfahndung\"><\/a><a href=\"mailto:?subject=POL-MA%3A%20Wiesloch%2C%20Rhein-Neckar-Kreis%3A%20Vermisstensuche%20nach%20Juliana%20N.%20beendet%3B%2028-J%C3%A4hrige%20wurde%20in%20Wiesloch%20angetroffen%20-%20R%C3%BCcknahme%20der%20%C3%96ffentlichkeitsfahndung&amp;body=https:\/\/www.presseportal.de\/blaulicht\/pm\/14915\/5251997\"><\/a><\/h2>\n\n\n\n<p>Die seit Montag, den 13.Juni 2022 vermisste Juliana N. aus Wiesloch wurde am Freitagabend, 17.Juni 2022 in Wiesloch angetroffen und im Anschluss in das Psychiatrische Zentrum Nordbaden zur\u00fcckgebracht. Die \u00d6ffentlichkeitsfahndung wird somit zur\u00fcckgenommen. Wo sich die 28-J\u00e4hrige in den letzten Tagen aufgehalten hat sowie die Hintergr\u00fcnde Ihres Verschwindens, sind derzeit noch unklar.<\/p>\n\n\n\n<h2 class=\"wp-block-heading\">(Dielheim \/ Rhein-Neckar-Kreis) &#8211; Traktor in Brand geraten<\/h2>\n\n\n\n<p>Am Samstagabend, gegen 20:00 Uhr, wurden Einsatzkr\u00e4fte der Feuerwehr und Polizei zu einem Traktorbrand auf einem Privatgrundst\u00fcck in die Stra\u00dfe &#8222;Am Hohberg&#8220; gerufen. Vor Ort konnte das Feuer schnell durch die Feuerwehr gel\u00f6scht und ein \u00dcbergreifen auf ein angrenzende Geb\u00e4ude verhindert werden. Urs\u00e4chlich f\u00fcr den Brand war vermutlich getrocknetes Stroh, welches unterhalb des abgestellten Traktors auf dem Boden lag und sich durch die W\u00e4rmeabstrahlung des Motors entz\u00fcndet hatte. Es entstand ein Sachschaden von ca. 40.000 Euro. Die Freiwillige Feuerwehr war mir ihren Einheiten aus Wiesloch, Meckesheim, Horrenberg und Dielheim mit insgesamt 60 Einsatzkr\u00e4ften vor Ort.<\/p>\n\n\n\n<h2 class=\"wp-block-heading\">(Meckesheim \/ Rhein-Neckar-Kreis) &#8211; Bahn\u00fcbergang durch LKW besch\u00e4digt \/ Polizei sucht nach Verursacher<\/h2>\n\n\n\n<p>Am Montagabend gegen 19:40 Uhr soll der Fahrer eines LKWs mit italienischer Zulassung bei roter Ampel zun\u00e4chst am Bahn\u00fcbergang in der Zuzenh\u00e4user Stra\u00dfe angehalten haben. Dann soll sich der Fahrer umgeschaut und anschlie\u00dfend bei noch roter Ampel \u00fcber den Bahn\u00fcbergang gefahren sein. Da die Schranke bereits am Schlie\u00dfen war, fiel diese auf den LKW und wurde hierdurch besch\u00e4digt. Der Schaden wird auf ca. 20.000 Euro beziffert.<\/p>\n\n\n\n<p>Der Verkehrsdienst Heidelberg ermittelt wegen Verkehrsunfallflucht und bittet Zeugen, die Hinweise auf den LKW oder die Identit\u00e4t des Fahrers geben k\u00f6nnen, sich unter der Rufnummer 06221 174-4111 zu melden.<\/p>\n\n\n\n<h2 class=\"wp-block-heading\">(Ladenburg \/ Rhein-Neckar-Kreis) &#8211; Opferstock in Kirche aufgebrochen<\/h2>\n\n\n\n<p>Am Sonntag wurde der Opferstock der St. Galluskirche aufgebrochen und die darin befindlichen Spenden entwendet. Ein Kirchenbesucher wurde auf die Besch\u00e4digung aufmerksam und meldete diese. Demnach schlug der T\u00e4ter vermutlich im Zeitraum von 12 Uhr bis 15 Uhr in der Kirchenstra\u00dfe zu. Der Schaden bel\u00e4uft sich auf ca. 150 Euro.<\/p>\n\n\n\n<p>Zeugen, die Hinweise geben k\u00f6nnen oder Verd\u00e4chtiges beobachteten, werden gebeten, sich unter 06203 93050 an das ermittelnde Polizeirevier Ladenburg zu wenden.<\/p>\n\n\n\n<h2 class=\"wp-block-heading\">(Weinheim \/ Rhein-Neckar-Kreis) &#8211; Trio beim Versuch &#8222;gef\u00e4lschte&#8220; Elektroger\u00e4te zu verkaufen vorl\u00e4ufig festgenommen<\/h2>\n\n\n<div class=\"wp-block-image\">\n<figure class=\"aligncenter size-full\"><img decoding=\"async\" loading=\"lazy\" width=\"800\" height=\"533\" src=\"https:\/\/speyer24news.com\/wp-content\/uploads\/2021\/10\/Festnahme-Handschellen.jpg\" alt=\"\" class=\"wp-image-41224\" srcset=\"https:\/\/speyer24news.com\/wp-content\/uploads\/2021\/10\/Festnahme-Handschellen.jpg 800w, https:\/\/speyer24news.com\/wp-content\/uploads\/2021\/10\/Festnahme-Handschellen-300x200.jpg 300w, https:\/\/speyer24news.com\/wp-content\/uploads\/2021\/10\/Festnahme-Handschellen-768x512.jpg 768w\" sizes=\"(max-width: 800px) 100vw, 800px\" \/><\/figure><\/div>\n\n\n<p>Am Freitagabend gegen 20:00 Uhr r\u00fcckte das Polizeirevier Weinheim aus, nachdem ein 30 Jahre alter Mann im Bereich Hauptstra\u00dfe\/Friedrichstra\u00dfe von zwei M\u00e4nnern und einer Frau angesprochen wurde und Kleinelektroger\u00e4te zum Kauf angeboten bekam. Dieser wurde daraufhin misstrauisch und verst\u00e4ndigte die Polizei. Im Rahmen einer anschlie\u00dfenden \u00dcberpr\u00fcfung der angebotenen Ware ergaben sich dann tats\u00e4chlich Verdachtsmomente, die auf einen m\u00f6glichen Versto\u00df gegen das Markengesetz hindeuteten. Dar\u00fcber hinaus fanden die Einsatzkr\u00e4fte in dem PKW der Drei weitere Elektroger\u00e4te. Woher die Artikel stammen, wollten diese zun\u00e4chst nicht sagen. Die Ware wurde sichergestellt und das Trio zur weiteren Abkl\u00e4rung mit auf das Polizeirevier genommen. Erst nach Abschluss der polizeilichen Ma\u00dfnahmen wurden die Drei wieder aus dem polizeilichen Gewahrsam entlassen.<\/p>\n\n\n\n<p>Die Ermittlungen, insbesondere zur Herkunft der Elektroger\u00e4te, dauern weiter an. Passanten, die ebenfalls von den beiden M\u00e4nnern und der Frau, im Alter von 17 bis 24 Jahren, angesprochen wurden, werden gebeten, sich beim Polizeirevier Weinheim, unter der Tel.: 06201 10030 zu melden.<\/p>\n","protected":false},"excerpt":{"rendered":"<div class=\"mh-excerpt\"><p>Polizeimeldungen vom Montag und Dienstag (20.06. &amp; 21.06.2022) (Speyer) &#8211; Gefahrstoffaustritt am Hauptbahnhof Speyer An einem Bahnkesselwagen war ein Zischen aus dem Domdeckel wahrnehmbar.Der Kesselwagen stand in einem Ganzzug gekuppelt mit mehreren Waggons zum Abtransport <a class=\"mh-excerpt-more\" href=\"https:\/\/speyer24news.com\/?p=46768\" title=\"Polizei\">[&#8230;]<\/a><\/p>\n<\/div>","protected":false},"author":3,"featured_media":26162,"comment_status":"open","ping_status":"open","sticky":false,"template":"","format":"standard","meta":{"_monsterinsights_skip_tracking":false,"_monsterinsights_sitenote_active":false,"_monsterinsights_sitenote_note":"","_monsterinsights_sitenote_category":0,"footnotes":""},"categories":[12],"tags":[7243,7244,3614,702,61,2555,6955,6986,6263,63,105,11150,6987,53,4854,13534,4683,1548,4905,102,213,13541,55,6368,5261,103,106,2803,2423,427,2625,380,62,104,979,1565],"aioseo_notices":[],"amp_enabled":true,"_links":{"self":[{"href":"https:\/\/speyer24news.com\/index.php?rest_route=\/wp\/v2\/posts\/46768"}],"collection":[{"href":"https:\/\/speyer24news.com\/index.php?rest_route=\/wp\/v2\/posts"}],"about":[{"href":"https:\/\/speyer24news.com\/index.php?rest_route=\/wp\/v2\/types\/post"}],"author":[{"embeddable":true,"href":"https:\/\/speyer24news.com\/index.php?rest_route=\/wp\/v2\/users\/3"}],"replies":[{"embeddable":true,"href":"https:\/\/speyer24news.com\/index.php?rest_route=%2Fwp%2Fv2%2Fcomments&post=46768"}],"version-history":[{"count":1,"href":"https:\/\/speyer24news.com\/index.php?rest_route=\/wp\/v2\/posts\/46768\/revisions"}],"predecessor-version":[{"id":46781,"href":"https:\/\/speyer24news.com\/index.php?rest_route=\/wp\/v2\/posts\/46768\/revisions\/46781"}],"wp:featuredmedia":[{"embeddable":true,"href":"https:\/\/speyer24news.com\/index.php?rest_route=\/wp\/v2\/media\/26162"}],"wp:attachment":[{"href":"https:\/\/speyer24news.com\/index.php?rest_route=%2Fwp%2Fv2%2Fmedia&parent=46768"}],"wp:term":[{"taxonomy":"category","embeddable":true,"href":"https:\/\/speyer24news.com\/index.php?rest_route=%2Fwp%2Fv2%2Fcategories&post=46768"},{"taxonomy":"post_tag","embeddable":true,"href":"https:\/\/speyer24news.com\/index.php?rest_route=%2Fwp%2Fv2%2Ftags&post=46768"}],"curies":[{"name":"wp","href":"https:\/\/api.w.org\/{rel}","templated":true}]}}