{"id":46830,"date":"2022-06-26T08:06:11","date_gmt":"2022-06-26T07:06:11","guid":{"rendered":"https:\/\/speyer24news.com\/?p=46830"},"modified":"2022-06-26T08:06:15","modified_gmt":"2022-06-26T07:06:15","slug":"polizei-843","status":"publish","type":"post","link":"https:\/\/speyer24news.com\/?p=46830","title":{"rendered":"Polizei"},"content":{"rendered":"<style type=\"text\/css\">\r\n\t.ads_top_disp{}\r\n\t.ads_top_corner_disp{ float:left; margin:0px 10px 10px 0px; }\r\n\t.ads_first_p_disp{}\r\n\t.ads_bottom_disp{}\r\n\t<\/style>\n<h2 class=\"wp-block-heading\">Polizeimeldungen vom Samstag (25.06.2022)<\/h2>\n\n\n<div class=\"wp-block-image\">\n<figure class=\"aligncenter size-full\"><img decoding=\"async\" loading=\"lazy\" width=\"375\" height=\"500\" src=\"https:\/\/speyer24news.com\/wp-content\/uploads\/2022\/03\/Aktuelles-Polizeilogo.jpg\" alt=\"\" class=\"wp-image-43591\" srcset=\"https:\/\/speyer24news.com\/wp-content\/uploads\/2022\/03\/Aktuelles-Polizeilogo.jpg 375w, https:\/\/speyer24news.com\/wp-content\/uploads\/2022\/03\/Aktuelles-Polizeilogo-225x300.jpg 225w\" sizes=\"(max-width: 375px) 100vw, 375px\" \/><\/figure><\/div>\n\n\n<h2 class=\"wp-block-heading\">(Speyer) &#8211; Diebstahl aus PKW<\/h2>\n\n\n\n<p>Eine 64-j\u00e4hrige Frau aus Dudenhofen parkte am sp\u00e4ten Freitagnachmittag ihren PKW auf einem Parkplatz in der Unteren Langgasse in Speyer. Sie bet\u00e4tigte die Zentralverriegelung mittels Fernbedienung erst nachdem sie sich schon ein St\u00fcck vom PKW entfernt hatte. Als sie wenige Minuten sp\u00e4ter vom Parkautomaten zur\u00fcck an ihr Fahrzeug kam, sa\u00df eine fremde, ca. 30 Jahre alte, m\u00e4nnliche Person auf dem Fahrersitz. Nachdem die Fahrzeugf\u00fchrerin ihn aufgefordert hatte das Fahrzeug zu verlassen, fl\u00fcchtete er in Richtung Sch\u00fctzenstra\u00dfe. Der Eindringling hatte zuvor noch den Fahrzeugschein eingesteckt, der sich im Fahrzeug befand. Auch eine direkt eingeleitete Fahndung f\u00fchrte nicht zum Auffinden des Fl\u00fcchtigen. Bitte verschlie\u00dfen Sie ihr Fahrzeug immer direkt bevor Sie sich vom Fahrzeug entfernen, denn &#8222;Gelegenheit macht Diebe&#8220;.<\/p>\n\n\n\n<h2 class=\"wp-block-heading\">(Speyer) &#8211; Kinder von unbekannten M\u00e4nnern in zwei F\u00e4llen angesprochen<\/h2>\n\n\n<div class=\"wp-block-image\">\n<figure class=\"aligncenter size-full\"><img decoding=\"async\" loading=\"lazy\" width=\"800\" height=\"618\" src=\"https:\/\/speyer24news.com\/wp-content\/uploads\/2022\/06\/Warnschild-Kinderansprecher.png\" alt=\"\" class=\"wp-image-46831\" srcset=\"https:\/\/speyer24news.com\/wp-content\/uploads\/2022\/06\/Warnschild-Kinderansprecher.png 800w, https:\/\/speyer24news.com\/wp-content\/uploads\/2022\/06\/Warnschild-Kinderansprecher-300x232.png 300w, https:\/\/speyer24news.com\/wp-content\/uploads\/2022\/06\/Warnschild-Kinderansprecher-768x593.png 768w\" sizes=\"(max-width: 800px) 100vw, 800px\" \/><\/figure><\/div>\n\n\n<p>In einem Fall wurde eine Sch\u00fclerin der 6. Klasse auf dem Nachhauseweg von der Schule im Bereich der Sportst\u00e4tten in der Butensch\u00f6nstra\u00dfe in Speyer von einem unbekannten Mann aus einer schwarzen PKW-Limousine heraus angesprochen. Die Sch\u00fclerin reagierte richtig und entfernte sich z\u00fcgig von der \u00d6rtlichkeit. Die Person wurde als gro\u00df, muskul\u00f6s mit gebr\u00e4untem Teint beschrieben. Zudem soll die Person ca. 26-30 Jahre alt und mit einem lila-pinkfarbenen T-Shirt bekleidet gewesen sein.<\/p>\n\n\n\n<p>Im zweiten Fall wurde ein 9-j\u00e4hriger ebenfalls auf dem Schulweg in der Zeppelinstra\u00dfe mehrfach von zwei unbekannten M\u00e4nnern angesprochen. Der Junge lie\u00df sich auf das Gespr\u00e4ch nicht ein und lief weiter. Die beiden Personen sprachen mit akzentfreiem Deutsch, waren ca. 20 Jahre alt und recht gro\u00df. Einer der beiden M\u00e4nner hatte braune Shorts und ein braunes T-Shirt an. Der Zweite trug ein wei\u00dfes T-Shirt und eine Basecap.<\/p>\n\n\n\n<p>Sensibilisieren Sie ihre Kinder hinsichtlich des Sprechens mit fremden Menschen und des Einsteigens in fremde Fahrzeuge. Die Polizei r\u00e4t in solchen F\u00e4llen nicht auf die Gespr\u00e4chsversuche einzugehen und im Notfall lautstark um Hilfe zu rufen oder den Notruf &#8222;110&#8220; zu w\u00e4hlen.<\/p>\n\n\n\n<p>Zeugen werden gebeten, sich bei der Polizei Speyer unter der Rufnummer 06232\/137-0 oder per Email (<a href=\"mailto:pispeyer@polizei.rlp.de\">pispeyer@polizei.rlp.de<\/a>) zu melden.<\/p>\n\n\n\n<h2 class=\"wp-block-heading\">(Speyer) &#8211; K\u00f6rperverletzung in der Innenstadt<\/h2>\n\n\n<div class=\"wp-block-image\">\n<figure class=\"aligncenter size-full\"><img decoding=\"async\" loading=\"lazy\" width=\"801\" height=\"600\" src=\"https:\/\/speyer24news.com\/wp-content\/uploads\/2020\/05\/Zeugen-gesucht-Neutral.jpg\" alt=\"\" class=\"wp-image-26598\" srcset=\"https:\/\/speyer24news.com\/wp-content\/uploads\/2020\/05\/Zeugen-gesucht-Neutral.jpg 801w, https:\/\/speyer24news.com\/wp-content\/uploads\/2020\/05\/Zeugen-gesucht-Neutral-300x225.jpg 300w, https:\/\/speyer24news.com\/wp-content\/uploads\/2020\/05\/Zeugen-gesucht-Neutral-768x575.jpg 768w, https:\/\/speyer24news.com\/wp-content\/uploads\/2020\/05\/Zeugen-gesucht-Neutral-678x509.jpg 678w, https:\/\/speyer24news.com\/wp-content\/uploads\/2020\/05\/Zeugen-gesucht-Neutral-326x245.jpg 326w, https:\/\/speyer24news.com\/wp-content\/uploads\/2020\/05\/Zeugen-gesucht-Neutral-80x60.jpg 80w\" sizes=\"(max-width: 801px) 100vw, 801px\" \/><\/figure><\/div>\n\n\n<p>Eine 18-j\u00e4hrige Frau aus Otterstadt war am fr\u00fchen Freitagmorgen alleine fu\u00dfl\u00e4ufig im Bereich der Innenstadt unterwegs. Hierbei wurde sie grundlos von einem unbekannten, ca. 50 Jahre alten Mann niedergeschlagen und beleidigt. Die Frau war f\u00fcr wenige Minuten nicht bei vollem Bewusstsein und wurde von zwei m\u00e4nnlichen Helfern ein St\u00fcck begleitet. Die 18-J\u00e4hrige trug Verletzungen im Gesicht sowie am Arm davon. Die helfenden H\u00e4nde sind derzeit der Polizei namentlich nicht bekannt, k\u00f6nnten jedoch Zeugen des Vorfalls gewesen sein.<\/p>\n\n\n\n<p>Falls Sie Zeuge des Vorfalls wurden und sachdienliche Hinweise geben k\u00f6nnen, melden Sie sich bitte bei der Polizei Speyer unter der Rufnummer 06232\/137-0 oder per Email (<a href=\"mailto:pispeyer@polizei.rlp.de\">pispeyer@polizei.rlp.de<\/a>).<\/p>\n\n\n\n<h2 class=\"wp-block-heading\">(Speyer) &#8211; Mehrere Fahrzeuge besch\u00e4digt<\/h2>\n\n\n\n<p>In der Nacht von Donnerstag auf Freitag wurden in der Prinz-Luitpold-Stra\u00dfe und der angrenzenden Wormser Landstra\u00dfe mehrere PKW besch\u00e4digt. An den Fahrzeugen wurden mutwillig die Au\u00dfenspiegel abgetreten. Anwohner hatten zwischen 01:30 Uhr und 02:00 Uhr laute Ger\u00e4usche auf der Stra\u00dfe wahrnehmen k\u00f6nnen, die m\u00f6glicherweise auf die Tat zur\u00fcckzuf\u00fchren sind.<\/p>\n\n\n\n<p>Falls noch weitere Fahrzeuge besch\u00e4digt wurden, werden die Eigent\u00fcmer gebeten sich bei der Polizei Speyer unter der 06232-1370 oder per E-Mail (<a href=\"mailto:pispeyer@polizei.rlp.de\">pispeyer@polizei.rlp.de<\/a>) zu melden.<\/p>\n\n\n\n<h2 class=\"wp-block-heading\">(Germersheim) &#8211; Erst Unfall gebaut und dann Fahrer getauscht<\/h2>\n\n\n\n<p>Am Freitagnachmittag kam es auf dem Parkplatz eines Baumarktes zu einem Verkehrsunfall, bei dem zun\u00e4chst ein 22-j\u00e4hriger vort\u00e4uschte, gefahren zu sein. Ein Autofahrer hatte die Abmessungen seines PKW falsch eingesch\u00e4tzt und beim Ausparken einen Stein auf dem Gr\u00fcnstreifen gerammt, auf den gegen\u00fcberliegenden Parkplatz geschoben und sein Fahrzeug dort auf dem Stein aufgebockt, sodass ein Totalschaden am Auto entstand. Im Rahmen der Unfallaufnahme gab der 22-j\u00e4hrige sich gegen\u00fcber den Beamten als Fahrzeugf\u00fchrer aus. Mitarbeiter des Baumarktes entdeckten am Abend beim Sichten von Videoaufnahmen, dass eine andere Person gefahren war und verst\u00e4ndigten dar\u00fcber die Polizei. Der eigentliche Fahrer konnte durch die Beamten identifiziert werden. Er ist nicht im Besitz einer Fahrerlaubnis, weshalb gegen ihn nun wegen des Fahrens ohne Fahrerlaubnis ein Strafverfahren eingeleitet wurde. Gegen den 22-j\u00e4hrigen wird dar\u00fcber hinaus wegen Strafvereitelung ermittelt.<\/p>\n\n\n\n<h2 class=\"wp-block-heading\">(Germersheim) &#8211; Ehrlicher Finder eines Rings<\/h2>\n\n\n\n<p>Am Freitagvormittag erschien ein 79-j\u00e4hriger bei der Polizeiinspektion Germersheim und gab einen hochwertigen Ring ab, welchen er auf dem Parkplatz des Fachmarktzentrums gefunden hatte. Ein Eigent\u00fcmer konnte bislang nicht ermittelt werden und wird aktuell noch gesucht. Der Verlierer kann sich bei der Polizei unter 07274 9580 melden.<\/p>\n\n\n\n<h2 class=\"wp-block-heading\">(Steinfeld &amp; Oberhausen) &#8211; Geschwindigkeitskontrollen<\/h2>\n\n\n\n<p>Am Freitagvormittag f\u00fchrten Beamte der Polizeiinspektion Bad Bergzabern auf der L546 bei Steinfeld und der B427 bei Oberhausen Geschwindigkeitskontrollen durch. Insgesamt mussten 23 Fahrzeugf\u00fchrer wegen zu hoher Geschwindigkeit geb\u00fchrenpflichtig verwarnt werden.<\/p>\n\n\n\n<h2 class=\"wp-block-heading\">(Bad Bergzabern) &#8211; Zeugen nach Verkehrsunfallflucht gesucht<\/h2>\n\n\n\n<p>400 Euro Sachschaden sind die Bilanz einer Verkehrsunfallflucht, die sich am Donnerstag zwischen 08:00 und 12:00 Uhr in der Weinstra\u00dfe H\u00f6he Hausnummer 10 zugetragen hat. Der Verursacher streifte beim Vorbeifahren einen am Stra\u00dfenrand parkenden PKW und entfernte sich anschlie\u00dfend unerlaubt von der Unfallstelle. Zeugen des Verkehrsunfalls werden gebeten sich mit der Polizeiinspektion Bad Bergzabern in Verbindung zu setzen.<\/p>\n\n\n\n<h2 class=\"wp-block-heading\">(Landau) &#8211; Beide Unfallbeteiligte wollen &#8222;gr\u00fcn&#8220; gehabt haben \/ Zeugen gesucht<\/h2>\n\n\n\n<p>Ein wei\u00dfer Hyundai i10 fuhr am Samstag gegen 16:15h von der Wei\u00dfenburger Stra\u00dfe kommend in Richtung der Xylanderstra\u00dfe, ein grauer 3er BMW von der Schlo\u00dfstra\u00dfe in Richtung der Zweibr\u00fccker Stra\u00dfe in die Schl\u00f6ssel-Kreuzung ein. Im Kreuzungsbereich kam es zum Zusammensto\u00df. Beide gaben bei der Unfallaufnahme an, die Ampel f\u00fcr ihre Fahrtrichtung habe &#8222;gr\u00fcn&#8220; gezeigt. Gl\u00fccklicherweise entstand lediglich Sachschaden. Die Polizei bittet Augenzeugen, welche Hinweise zum genauen Unfallhergang geben k\u00f6nnen, sich bei der Polizeiinspektion Landau zu melden.<\/p>\n\n\n\n<h2 class=\"wp-block-heading\">(Hochstadt) &#8211; Zeuge gesucht \/ Trunkenheitsunfall am 19.06.22<\/h2>\n\n\n\n<p>Bezugnehmend auf eine Pressemeldung vom 20.06.22 (Nr. 4772025,&#8220;Hochstadt &#8211; Betrunken von der Fahrbahn abgekommen&#8220;) wird nach einem Zeugen gesucht, welcher sich nach dem Befinden des Unfallfahrers erkundigt und hierzu auf der K40 angehalten haben soll. Es soll sich um einen Mann gehandelt haben, welcher aus einem Van ausgestiegen und zu dem verunfallten, dunkelfarbenen Volvo V50 gelaufen sein soll. Der Mann wird gebeten, sich bei der Polizei in Landau zu melden<\/p>\n\n\n\n<h2 class=\"wp-block-heading\">(Edesheim) &#8211; Geschwindigkeits\u00fcberwachung in der Staatsstra\u00dfe<a href=\"https:\/\/www.facebook.com\/sharer.php?u=https%3A%2F%2Fwww.presseportal.de%2Fblaulicht%2Fpm%2F117686%2F5257301%2F%3Futm_source%3Dfacebook%26utm_medium%3Dsocial\"><\/a><a href=\"https:\/\/twitter.com\/intent\/tweet?text=POL-PDLD%3A%20Geschwindigkeits%C3%BCberwachung%20in%20der%20Staatsstra%C3%9Fe&amp;url=https%3A%2F%2Fwww.presseportal.de%2Fblaulicht%2Fpm%2F117686%2F5257301%2F%3Futm_source%3Dtwitter%26utm_medium%3Dsocial&amp;hashtags=ots&amp;lang=de\"><\/a><a href=\"https:\/\/web.whatsapp.com\/send?text=POL-PDLD%3A%20Geschwindigkeits%C3%BCberwachung%20in%20der%20Staatsstra%C3%9Fe%0A%0Ahttps%3A%2F%2Fwww.presseportal.de%2Fblaulicht%2Fpm%2F117686%2F5257301%2F%3Futm_source%3Dwhatsapp%26utm_medium%3Dsocial\"><\/a><a href=\"https:\/\/www.xing.com\/app\/user?op=share;url=https%3A%2F%2Fwww.presseportal.de%2Fblaulicht%2Fpm%2F117686%2F5257301%2F%3Futm_source%3Dxing%26utm_medium%3Dsocial\"><\/a><a href=\"http:\/\/www.linkedin.com\/shareArticle?mini=true&amp;url=https%3A%2F%2Fwww.presseportal.de%2Fblaulicht%2Fpm%2F117686%2F5257301%2F%3Futm_source%3Dlinkedin%26utm_medium%3Dsocial&amp;title=POL-PDLD%3A+Geschwindigkeits%C3%BCberwachung+in+der+Staatsstra%C3%9Fe\"><\/a><a href=\"mailto:?subject=POL-PDLD%3A%20Geschwindigkeits%C3%BCberwachung%20in%20der%20Staatsstra%C3%9Fe&amp;body=https:\/\/www.presseportal.de\/blaulicht\/pm\/117686\/5257301\"><\/a><\/h2>\n\n\n\n<p>Am Mittag des 24.06.2022, in der Zeit von 16:15 Uhr &#8211; 17:45 Uhr, wurden durch Beamte der PI Edenkoben Geschwindigkeitsmessungen in der Staatsstra\u00dfe in Edesheim durchgef\u00fchrt. Hierbei \u00fcberschritten insgesamt 15 Verkehrsteilnehmer die zul\u00e4ssige H\u00f6chstgeschwindigkeit von 30 km\/h. Der &#8222;Spitzenreiter&#8220; fuhr 54 km\/h. Diesen erwartet nun ein Bu\u00dfgeld von 115,- EUR sowie 1 Punkt in Flensburg. Weiter mussten bei den Verkehrsteilnehmern fehlende Verbandsk\u00e4sten, Warndreiecke und Warnwesten sowie ein nicht mitgef\u00fchrter F\u00fchrerschein bem\u00e4ngelt werden.<\/p>\n\n\n\n<h2 class=\"wp-block-heading\">(Friedelsheim) &#8211; Verkehrsunfall mit leicht verletzter Person<\/h2>\n\n\n\n<p>Am Freitag, den 24.06.2022, kam es gegen 10:55 Uhr auf der L 527 zwischen Niederkirchen und Friedelsheim zu einem Verkehrsunfall zwischen einer Mercedes B-Klasse und einem Traktor mit Anh\u00e4nger. Die 58-j\u00e4hrige Mercedes-Fahrerin aus der Verbandsgemeinde Deidesheim befuhr die L 527 von Niederkirchen in Fahrtrichtung Friedelsheim. Vor der 58-J\u00e4hrigen fuhr ein 24-j\u00e4hriger Neustadter mit seinem Traktorgespann. Gerade als der 24-J\u00e4hrige nach links in einen Feldweg abbiegen wollte, setzte die 58-J\u00e4hrige zum \u00dcberholen an. Hierbei kam es zum Zusammensto\u00df beider Fahrzeuge. Der Traktor samt Anh\u00e4nger kippte hierbei um und der Mercedes kam nach links von der Fahrbahn ab. An beiden Fahrzeugen entstand Totalschaden. Der Sachschaden wird auf ca. 50000,-EUR gesch\u00e4tzt. Die Mercedes-Fahrerin wurde bei dem Zusammensto\u00df leicht verletzt und musste in ein nahegelegenes Krankenhaus verbracht werden. Der Traktorfahrer blieb gl\u00fccklicherweise unverletzt. Aufgrund auslaufender Betriebsstoffe und der Bergung der Fahrzeuge, musste die Fahrbahn f\u00fcr die Dauer der Unfallaufnahme voll gesperrt werden.<\/p>\n\n\n\n<h2 class=\"wp-block-heading\">(G\u00f6nnheim) &#8211; Versuchter Einbruchsdiebstahl in Biergarten<\/h2>\n\n\n\n<p>Im Zeitraum vom 23.06.2022, 17:00 Uhr, bis 24.06.2022, 13:00 Uhr, kam es in einem Biergarten im Bereich des Fu\u00dfg\u00f6nheimer Wegs in G\u00f6nnheim zu einem versuchten Einbruchsdiebstahl. Der oder die T\u00e4ter traten hierbei die Holzt\u00fcr zu dem dortigen Getr\u00e4nkelager teilweise ein. In das Getr\u00e4nkelager wurde jedoch nicht gelangt. M\u00f6glicherweise wurde der oder die T\u00e4ter bei der Tatausf\u00fchrung gest\u00f6rt. Im M\u00e4rz dieses Jahres wurde das Getr\u00e4nkelage bereits auf gleiche Art und Weise angegangen.<\/p>\n\n\n\n<p>Zeugen, die in dem besagten Tatzeitraum verd\u00e4chtige Wahrnehmung im Bereich des Fu\u00dfg\u00f6nheimer Wegs in G\u00f6nnheim gemacht haben, werden gebeten sich mit der Polizeiinspektion Bad D\u00fcrkheim unter der Tel. 06322\/963-0 oder per E-Mail:&nbsp;<a href=\"mailto:pibadduerkheim@polizei.rlp.de\">pibadduerkheim@polizei.rlp.de<\/a>&nbsp;in Verbindung zu setzen.<\/p>\n\n\n\n<h2 class=\"wp-block-heading\">(Bad D\u00fcrkheim) &#8211; Hyundai besch\u00e4digt und gefl\u00fcchtet<\/h2>\n\n\n\n<p>Im Zeitraum von 23.06.2022 08:00 Uhr bis 16:00 Uhr wurde ein in den Kappesg\u00e4rten in Bad D\u00fcrkheim abgestellter Hyundai besch\u00e4digt. Ein bislang unbekannter Verkehrsteilnehmer besch\u00e4digte vermutlich beim Vorbeifahren aufgrund ungen\u00fcgenden Abstandes den Hyundai und entfernte sich anschlie\u00dfend unerlaubt von der Unfallstelle. Am Kotfl\u00fcgel entstand ein Sachschaden in H\u00f6he von 500 Euro. Es liegen keinerlei Hinweise auf den Unfallverursacher vor. Die Polizei Bad D\u00fcrkheim bittet um Hinweise unter 06322 963 0 oder per E-Mail an&nbsp;<a href=\"mailto:pibadduerkheim@polizei.rlp.de\">pibadduerkheim@polizei.rlp.de<\/a><\/p>\n\n\n\n<h2 class=\"wp-block-heading\">(Bad D\u00fcrkheim) &#8211; Diebstahl aus Wohnung<\/h2>\n\n\n\n<p>Am Donnerstag, den 23.06.2022, im Zeitraum von 12:00 &#8211; 15:00 Uhr, gelangten bislang unbekannte T\u00e4ter \u00fcber die unverschlossene Terrassent\u00fcr in ein Einfamilienhaus in der Hammelstalstra\u00dfe in Bad D\u00fcrkheim. Die Eigent\u00fcmerin befand sich zu dieser Zeit nicht zu Hause. Das Haus wurde durch die T\u00e4ter durchw\u00fchlt. Nach jetzigem Ermittlungsstand wurde hierbei ein Goldring im Wert von 600,-EUR entwendet.<\/p>\n\n\n\n<p>Zeugen, die in dem genannten Zeitraum verd\u00e4chtige Wahrnehmungen im Bereich der Hammelstalstra\u00dfe gemacht haben, werden gebeten sich mit der Polizeiinspektion Bad D\u00fcrkheim unter der Tel. 06322\/963-0 oder per E-Mail:&nbsp;<a href=\"mailto:pibadduerkheim@polizei.rlp.de\">pibadduerkheim@polizei.rlp.de<\/a>&nbsp;in Verbindung zu setzen.<\/p>\n\n\n\n<h2 class=\"wp-block-heading\">(Hettenleidelheim) &#8211; Verkehrsunfall mit Sachschaden<\/h2>\n\n\n\n<p>Am Freitag, 24.06.22, gegen 16:00 Uhr befuhr eine 69-j\u00e4hrige Smart-Fahrerin die Landesstra\u00dfe 453 aus Richtung Tiefenthal kommend in Fahrtrichtung Hettenleidelheim. An der Einm\u00fcndung zur Bundesstra\u00dfe 47 musste sie verkehrsbedingt halten. Der 20-j\u00e4hrige Fahrer eines nachfolgenden BMW erkannte die Situation nicht rechtzeitig und fuhr auf den Smart auf. Hierdurch entstand Sachschaden, beim Smart wurde die Heckstossstange, beim BMW die Frontstossstange zerkratzt. Beide Fahrzeuge waren weiterhin fahrbereit.<\/p>\n\n\n\n<h2 class=\"wp-block-heading\">(Gr\u00fcnstadt) &#8211; F\u00fchren eines E-Scooters unter Bet\u00e4ubungsmitteleinfluss<\/h2>\n\n\n\n<p>Am Samstag, 25.06.2022 gegen 18:00 Uhr wurde ein 18-j\u00e4hriger Gr\u00fcnstadter im Bereich des Bahnhofs auf einem E-Scooter fahrend festgestellt und anschlie\u00dfend einer Verkehrskontrolle unterzogen. W\u00e4hren der Kontrolle stellten die Beamten drogentypische Auffallerscheinungen fest. Ein anschlie\u00dfender Drogenschnelltest verlief positiv auf THC. Die Weiterfahrt wurde dem jungen Mann untersagt und ihm wurde auf der Dienststelle eine Blutprobe entnommen. Es wurden Ermittlungsverfahren wegen Trunkenheit im Verkehr und Versto\u00dfes gegen das Bet\u00e4ubungsmittelgesetz eingeleitet.<\/p>\n\n\n\n<h2 class=\"wp-block-heading\">(Gr\u00fcnstadt) &#8211; Brand eines Reinigungswagens in der integrierten Gesamtschule<\/h2>\n\n\n\n<p>Zu einem Brand kam es am Freitag den 24.06.2022 gegen 15:30 Uhr in der integrierten Gesamtschule in der Pfortm\u00fcllerstra\u00dfe in Gr\u00fcnstadt. Der Reinigungswagen einer Raumpflegerin, welche im Flur im ersten Obergeschoss ihrer Arbeit nach ging, fing pl\u00f6tzlich Feuer und es kam zu einer starken Rauchentwicklung. Ein Hausmeister der Schule, welcher auf die Situation aufmerksam wurde, konnte den Brand bereits vor dem Eintreffen der Feuerwehr Gr\u00fcnstadt weitestgehend l\u00f6schen. Nachdem das Stockwerk mittels Ventilatoren vom Rauch befreit werden konnte, wurde der Reinigungswagen in Augenschein genommen. Seitens Feuerwehr und Polizei wird derzeit vermutet, dass es im M\u00fcllsack zu einer chemischen Reaktion unterschiedlicher Reinigungsmittel kam. Reinigungsmittelflaschen waren neben nasser Papiert\u00fccher im Sack noch erkenntlich. Es war ein gl\u00fccklicher Umstand, auch hinsichtlich der starken Rauchentwicklung, dass zu dieser Zeit nur noch in der Sporthalle und in einem anderen Fl\u00fcgel der Schule Unterricht stattfand. Verletzt wurde niemand. Lediglich am verlegten Linoleumboden entstand Sachschaden von gesch\u00e4tzt 500 Euro.<\/p>\n\n\n\n<h2 class=\"wp-block-heading\">(Laumersheim) &#8211; Ohne Versicherungsschutz mit E-Scooter unterwegs<\/h2>\n\n\n\n<p>Am Samstag, 25.06.2022 gegen 21:00 Uhr kontrollierten Beamte der Polizeiinspektion Gr\u00fcnstadt einen 16-j\u00e4hrigen Fahrer eines E-Scooter in Laumersheim. F\u00fcr den E-Scooter lag die erforderliche Versicherung nicht vor, weshalb dem Jugendlichen die Weiterfahrt untersagt und ein Strafverfahren wegen Versto\u00dfes gegen das Pflichtversicherungsgesetz eingeleitet wurde. Die Eltern des Verantwortlichen wurden \u00fcber den Vorfall in Kenntnis gesetzt.<\/p>\n\n\n\n<h2 class=\"wp-block-heading\">(Frankenthal) &#8211; Gefahrstoff aus LKW ausgetreten<\/h2>\n\n\n\n<h3 class=\"wp-block-heading\">Gemeinsame Medieninformation der Feuerwehr Frankenthal und der Polizei Frankenthal<\/h3>\n\n\n<div class=\"wp-block-image\">\n<figure class=\"aligncenter size-full\"><img decoding=\"async\" loading=\"lazy\" width=\"640\" height=\"428\" src=\"https:\/\/speyer24news.com\/wp-content\/uploads\/2021\/02\/Feuerwehr-Polizei.jpg\" alt=\"\" class=\"wp-image-33096\" srcset=\"https:\/\/speyer24news.com\/wp-content\/uploads\/2021\/02\/Feuerwehr-Polizei.jpg 640w, https:\/\/speyer24news.com\/wp-content\/uploads\/2021\/02\/Feuerwehr-Polizei-300x201.jpg 300w\" sizes=\"(max-width: 640px) 100vw, 640px\" \/><\/figure><\/div>\n\n\n<p>Am Freitag, 24. Juni 2022, wurde die Feuerwehr Frankenthal gegen 15:30 Uhr zu einem Einsatz in den Nordring, Kreuzung H\u00f6he Wormser Stra\u00dfe gerufen. Bei einem LKW mit Tankcontainer war Fl\u00fcssigkeit ausgetreten und verbreitete sich auf der Stra\u00dfe. Die ersteintreffenden Kr\u00e4fte konnten anhand der Ladepapiere und der Kennzeichnung des Tankcontainers unmittelbar feststellen, dass es sich um Naphtha, einen entz\u00fcndlichen Gefahrstoff, handelte. Der geringe Produktaustritt konnte durch einen Trupp unter spezieller Chemikalienschutzkleidung schnell gestoppt werden. Da es sich um einen entz\u00fcndlichen Stoff handelte und die hohen Au\u00dfentemperaturen das Entz\u00fcndungsrisiko durchaus erh\u00f6hten, wurde ein Schaumteppich rund um den LKW gelegt, um das ausgetretene Produkt entsprechend abzudecken und die Z\u00fcndgefahr zu minimieren. Weiterhin wurden die angrenzenden Kanaleinl\u00e4ufe dichtgesetzt, um ein weiteres Eindringen in die Kanalisation zu verhindern. Die direkt an die Einsatzstelle angrenzenden H\u00e4user wurden vorsorglich ger\u00e4umt. F\u00fcr erg\u00e4nzende Fachexpertise wurde die Fachberatung der TUIS von der BASF in Ludwigshafen in Anspruch genommen. Weiterhin unterst\u00fctzte die Berufsfeuerwehr Ludwigshafen mit einem Messfahrzeug, um in der weiteren Umgebung Messungen durchzuf\u00fchren. Hierbei konnten keine messbaren Feststellungen getroffen werden, sondern nur eine leichte Geruchsbel\u00e4stigung. Auch die Messungen des Frankenthaler Messfahrzeugs unmittelbar an der Einsatzstelle waren negativ. Auch hier war lediglich eine leichte Geruchsbel\u00e4stigung feststellbar. Seitens der Polizei Frankenthal musste die Gefahrenstelle bis ca. 18:15 Uhr weitr\u00e4umig abgesperrt werden, was zu einem erheblichen Verkehrschaos in Frankenthal f\u00fchrte. Danach war lediglich der Nordring zwischen Nordbr\u00fccke und Berliner Stra\u00dfe noch f\u00fcr die Reinigungsarbeiten an Kanal und Stra\u00dfe gesperrt. Gegen 17:30 Uhr konnte der LKW nach entsprechenden \u00dcberpr\u00fcfungen am Fahrzeug und einer Reinigung die Fahrt mit Freigabe der Polizei fortsetzen. Die Feuerwehr Bobenheim-Roxheim stellte in der ersten Einsatzphase den Stadtschutz f\u00fcr m\u00f6gliche Folgeeins\u00e4tze sicher und wurde erg\u00e4nzt durch die Werkfeuerwehr KSB. Die Sanit\u00e4tsbereitschaft des Katastrophenschutzes der Stadt Frankenthal \u00fcbernahm vor Ort vom Regelrettungsdienst die Absicherung der Feuerwehrkr\u00e4fte w\u00e4hrend der Einsatzma\u00dfnahmen. Die zust\u00e4ndige Kl\u00e4ranlage und die untere Wasserbeh\u00f6rde waren ebenfalls in das Einsatzgeschehen eingebunden. Die Reinigung der Fahrbahn durch eine Mannheimer Spezialfirma dauerte derzeit noch an. Insgesamt waren 15 Fahrzeuge und 43 Einsatzkr\u00e4fte der o.g. Feuerwehren vor Ort im Einsatz, sowie 6 Streifenbesatzungen der Polizeiinspektion Frankenthal und umliegender Dienststellen. Die Ermittlungen der Ursache des Gefahrstoffaustritts und der Schadensh\u00f6he werden von der Polizeiinspektion Frankenthal gef\u00fchrt.<\/p>\n\n\n\n<h2 class=\"wp-block-heading\">(Ludwigshafen) &#8211; Kupferdiebstahl<\/h2>\n\n\n\n<p>In der Nacht von Donnerstag, den 23.06.22, auf Freitag, den 24.06.22, wurden von der Au\u00dfenfassade der Protestantischen Kirche in der Luitpoldstra\u00dfe 21, etwa 12 Meter Kupferfallrohr entwendet. Der Sachschaden bel\u00e4uft sich auf etwa 400 EUR.<\/p>\n\n\n\n<h2 class=\"wp-block-heading\">(Mannheim-Innenstadt) &#8211; 24-J\u00e4hrige betrunken mit E-Scooter unterwegs<\/h2>\n\n\n\n<p>Am fr\u00fchen Samstagmorgen, um 02.20 Uhr, fiel einer Streife des Polizeireviers Mannheim-Innenstadt eine E-Scooter Fahrerin auf, die die Jungbuschbr\u00fccke in Richtung Neckarstadt befuhr. Im Verlauf der Kontrolle bemerkten die Beamten bei der 24-j\u00e4hrigen Fahrerin, dass diese nach Alkohol roch. Ein Atemalkoholtest f\u00f6rderte bei der 24-J\u00e4hrigen einen Atemalkoholwert von 2,3 Promille zu Tage. Ihr wurde eine Blutprobe entnommen und sie muss sich nun wegen der Trunkenheit im Verkehr verantworten.<\/p>\n\n\n\n<h2 class=\"wp-block-heading\">(Mannheim-Feudenheim) &#8211; Betrunken gegen einen Baum gefahren<\/h2>\n\n\n\n<p>Am Samstagmorgen, gegen 05.00 Uhr, befuhr ein 19-J\u00e4hriger mit \u00fcberh\u00f6hter Geschwindigkeit die L597 vom Wingertsbuckel kommend in Richtung K\u00e4fertal. Im Kurvenbereich verlor der Fahrer mit seinem VW Golf die Kontrolle, kam nach links von der Fahrbahn ab und kollidierte frontal mit einem Baum. Durch den Aufprall drehte sich der Pkw und kam schlie\u00dflich an einer Warnbake zum Stehen. Der Fahrer wurde nicht verletzt. Bei der Unfallaufnahme konnte die Polizeistreife einen starken Alkoholgeruch beim Fahrer feststellen. Ein Atemalkoholtest ergab einen Wert von 2,02 Promille. Ihm wurde eine Blutprobe entnommen und ein Strafverfahren eingeleitet.<\/p>\n\n\n\n<h2 class=\"wp-block-heading\">(Mannheim-K\u00e4fertal) &#8211; Betrunkener Pkw Lenker verliert beim Abbiegen die Kontrolle und prallt gegen Ampelmast<\/h2>\n\n\n\n<p>Am Freitagabend, gegen 21.40 Uhr, befuhr ein 59-j\u00e4hriger Daimler-Benz Fahrer die Waldstra\u00dfe in Richtung Sandhofen. An der Kreuzung zur Maria-Kirch-Stra\u00dfe verlor der 59-J\u00e4hrige auf regennasser Fahrbahn beim Linksabbiegen die Kontrolle \u00fcber seinen Pkw und prallte gegen einen dortigen Ampelmast. Durch den Aufprall l\u00f6sten s\u00e4mtliche Airbags des Pkw aus, so das der 59-J\u00e4hrige neben einem Schrecken unverletzt blieb. Im Verlauf der polizeilichen Unfallaufnahme war schnell klar warum der 59-J\u00e4hrige die Kontrolle \u00fcber sein Fahrzeug verlor. Bei ihm konnte deutlicher Alkoholgeruch und letztlich eine Atemalkoholkonzentration von 1,46 Promille festgestellt werden. Dem Unfallverursacher wurde eine Blutprobe entnommen und sein F\u00fchrerschein wurde einbehalten. Der Schaden an seinem Pkw wird auf ca. 20 000,- Euro gesch\u00e4tzt. Der Schaden an der Ampel bel\u00e4uft sich auf ca. 2000,- Euro. Der Unfallverursacher muss sich nun wegen Trunkenheit im Verkehr Stra\u00dfenverkehrsgef\u00e4hrdung verantworten.<\/p>\n\n\n\n<h2 class=\"wp-block-heading\">(Mannheim-Sandhofen) &#8211; Verkehrsunfall mit mehreren beteiligten Fahrzeugen<\/h2>\n\n\n\n<h3 class=\"has-text-align-center wp-block-heading\">Pressemeldung Nr. 2<\/h3>\n\n\n\n<p>Am Samstagnachmittag, gegen 13.35 Uhr, befuhr ein 71-j\u00e4hriger Lkw Fahrer die Frankenthaler Stra\u00dfe in Richtung Lampertheim. Auf H\u00f6he der Einm\u00fcndung &#8222;Der Hohe Weg zum Rhein&#8220; \u00fcbersah er die dort verkehrsbedingt an einer roten Ampel wartenden Pkw. Der Lkw schob zwei Pkw auf einen dritten dort befindlichen Pkw auf. Durch den Aufprall wurden zwei Personen leicht verletzt. Es entstand ein Sachschaden von ca. 35.000 Euro. Gegen 15.45 Uhr waren alle beteiligten Fahrzeuge abgeschleppt und die Fahrbahn gereinigt.<\/p>\n\n\n\n<h2 class=\"wp-block-heading\">(Schwetzingen \/ Rhein-Neckar-Kreis) &#8211; Diebstahl eines E-Scooters \/ Zeugen gesucht<\/h2>\n\n\n\n<p>Am Freitag den 24.06.2022, gegen 16.10 Uhr, stellte der Gesch\u00e4digte seinen E-Scooter im Fahrradbereich des Bahnhofs Schwetzingen ab und sicherte diesen mit einem Schloss. Als er gegen 21.30 Uhr zur\u00fcck kam musste er feststellen, dass sein Elektroroller der Marke Ninebot, Modell Max G30DH in der Farbe schwarz gestohlen wurde. Der genannte Bereich am Bahnhof ist Video\u00fcberwacht. Hinweise zum T\u00e4ter oder der Tat nimmt das Polizeirevier Schwetzingen unter der Telefonnummer 06202-2880 entgegen.<\/p>\n\n\n\n<h2 class=\"wp-block-heading\">(Ketsch \/ Rhein-Neckar-Kreis) &#8211; Gr\u00f6\u00dferes Verkehrsunfallgeschehen mit Fahrbahnsperrung<\/h2>\n\n\n\n<p>Derzeit (25.06.2022 \u2013 13:42) befinden sich im Bereich Ketsch, auf der Karlsruher Stra\u00dfe \/ Ecke Schwetzinger Stra\u00dfe mehrere Rettungskr\u00e4fte und die Polizei im Einsatz. Hintergrund hierzu ist ein gr\u00f6\u00dferes Unfallgeschehen mit mehreren beteiligten Fahrzeugen. Die Schwetzinger Stra\u00dfe ist derzeit gesperrt. Es wird nachberichtet.<\/p>\n\n\n\n<h3 class=\"has-text-align-center wp-block-heading\">Verkehrsunfall mit mehreren beteiligten Fahrzeugen und f\u00fcnf verletzten Personen \/ Pressemeldung Nr.2:<\/h3>\n\n\n\n<p>Am Samstagnachmittag, gegen 13.05 Uhr, befuhr ein 26-j\u00e4hriger Mercedes Fahrer die Karlsruher Stra\u00dfe in Richtung Schwetzinger Stra\u00dfe. An der Kreuzung zur Schwetzinger Stra\u00dfe missachtete er das dortige Stopp-Zeichen und wurde beim einfahren in die Stra\u00dfe von einem weiteren Mercedes seitlich erfasst. Durch den Aufprall schleuderte der Unfallverursacher mit seinem Pkw in den Gegenverkehr und kollidierte dort mit einem BMW. Der Unfallverursacher, die Fahrerin und die Beifahrerin des Mercedes und der Fahrer sowie die Beifahrerin des BMW wurden jeweils leicht verletzt. Der entstanden Unfallschaden wird insgesamt auf ca. 50.000 Euro gesch\u00e4tzt. F\u00fcr die Abschleppma\u00dfnahmen und eine anschlie\u00dfende Fahrbahnreinigung musste der betroffenen Stra\u00dfenabschnitt bis etwa 16.40 Uhr gesperrt werden.<\/p>\n\n\n\n<h2 class=\"wp-block-heading\">(A 5 \/ Sandhausen \/ Rhein-Neckar-Kreis) &#8211; Mann schl\u00e4gt Hund bis Passanten eingreifen<\/h2>\n\n\n<div class=\"wp-block-image\">\n<figure class=\"aligncenter size-full\"><img decoding=\"async\" loading=\"lazy\" width=\"800\" height=\"589\" src=\"https:\/\/speyer24news.com\/wp-content\/uploads\/2022\/06\/Hund-traurig-misshandelt-Tierquaeler.jpg\" alt=\"\" class=\"wp-image-46837\" srcset=\"https:\/\/speyer24news.com\/wp-content\/uploads\/2022\/06\/Hund-traurig-misshandelt-Tierquaeler.jpg 800w, https:\/\/speyer24news.com\/wp-content\/uploads\/2022\/06\/Hund-traurig-misshandelt-Tierquaeler-300x221.jpg 300w, https:\/\/speyer24news.com\/wp-content\/uploads\/2022\/06\/Hund-traurig-misshandelt-Tierquaeler-768x565.jpg 768w, https:\/\/speyer24news.com\/wp-content\/uploads\/2022\/06\/Hund-traurig-misshandelt-Tierquaeler-80x60.jpg 80w\" sizes=\"(max-width: 800px) 100vw, 800px\" \/><figcaption>Beispielbild eines traurigen, armen Hundes.<\/figcaption><\/figure><\/div>\n\n\n<p>Am Freitagabend, gegen 23.15 Uhr, wurde \u00fcber die Notrufleitung ein 46-j\u00e4hriger Mann gemeldet der auf dem Rastplatz Hardtwald West seinen Hund mit der Faust schlagen w\u00fcrde. Passanten k\u00f6nnten den Mann davon \u00fcberzeugen vom dem Hund abzulassen und nahmen diesen in ihre Obhut. Durch die hinzugerufene Polizeistreife wurden der apathische vorgefunden Hund und sein Besitzer zu einer Polizeidienststelle gebracht. Um das Wohl des Hundes zu gew\u00e4hrleisten wurde dieser beschlagnahmt und an die Tierrettung \u00fcbergeben. Bei dem Hundebesitzer wurden Anzeichen f\u00fcr eine Bet\u00e4ubungsmittelbeeinflussung festgestellt, weshalb ihm eine Blutprobe entnommen wurde. Gegen den 46-j\u00e4hrigen Hundebesitzer ergehen Anzeigen wegen des Versto\u00df gegen das Tierschutzgesetz und Fahren unter dem Einfluss von Bet\u00e4ubungsmitteln.<\/p>\n\n\n\n<h2 class=\"wp-block-heading\">(B 39 \/ Sinsheim \/ Rhein-Neckar-Kreis) &#8211; Gr\u00f6\u00dferer Verkehrsunfall mit Fahrbahnsperrung<\/h2>\n\n\n\n<p>Aktuell (25.06.2022 \u2013 18:27) befinden sich mehrere Rettungskr\u00e4fte und die Polizei im Bereich Sinsheim\/Rohrbach, bei einem gr\u00f6\u00dferen Verkehrsunfall, im Einsatz. Im Bereich Heilbronner Stra\u00dfe (B 39) wurde eine Fahrbahnsperrung eingerichtet. Zu dem Unfallgeschehen wird nachberichtet.<\/p>\n\n\n\n<h3 class=\"has-text-align-center wp-block-heading\">Fahrzeug \u00fcberschl\u00e4gt sich, eine Person leicht verletzt \/ Pressemeldung Nr.2:<\/h3>\n\n\n\n<p>Am Samstag, gegen 18.10 Uhr, kam ein 81-j\u00e4hriger mit seinem Renault in der Heilbronner Stra\u00dfe nach rechts von der Fahrbahn ab und stie\u00df dort mit einem geparkten Porsche zusammen. Durch die Kollision \u00fcberschlug sich der Renault und kam auf der Fahrzeugseite zum Stillstand. Der Unfallverursacher wurde leicht verletzt. Durch den Unfall entstand ein Sachschaden von insgesamt 40.000 Euro. W\u00e4hrend der Unfallaufnahme wurde festgestellt, dass der Renault Fahrer alkoholisiert war. Ein Vortest ergab einen Wert von 1,5 Promille. Ihm wurde eine Blutprobe entnommen und sein F\u00fchrerschein wurde einbehalten. Der betroffene Stra\u00dfenabschnitt war bis 20.00 Uhr f\u00fcr Abschlepp- und Reinigungsma\u00dfnahmen gesperrt.<\/p>\n\n\n\n<h2 class=\"wp-block-heading\">(A 6 \/ Sinsheim \/ Rhein-Neckar-Kreis) &#8211; Schwerer Unfall auf Autobahn \/ Alle Fahrstreifen wieder frei<\/h2>\n\n\n\n<h3 class=\"has-text-align-center wp-block-heading\">Pressemitteilung Nr. 3<\/h3>\n\n\n\n<p>Nach einem schweren Unfall, am Freitag, auf der A 6 zwischen den Anschlussstellen Wiesloch\/Rauenberg und Sinsheim sind die Ma\u00dfnahmen der Unfallaufnahme sowie die Aufr\u00e4um- und Reinigungsarbeiten zwischenzeitlich abgeschlossen. Seit ca. 18 Uhr sind wieder alle Fahrspuren befahrbar.<\/p>\n\n\n\n<h2 class=\"wp-block-heading\">(Spechbach \/ Rhein-Neckar-Kreis) &#8211; Einsatz eines Polizeihubschraubers zur Personensuche<\/h2>\n\n\n<div class=\"wp-block-image\">\n<figure class=\"aligncenter size-full\"><img decoding=\"async\" loading=\"lazy\" width=\"800\" height=\"600\" src=\"https:\/\/speyer24news.com\/wp-content\/uploads\/2020\/07\/Hubschrauber-bei-Personensuche.jpg\" alt=\"\" class=\"wp-image-29175\" srcset=\"https:\/\/speyer24news.com\/wp-content\/uploads\/2020\/07\/Hubschrauber-bei-Personensuche.jpg 800w, https:\/\/speyer24news.com\/wp-content\/uploads\/2020\/07\/Hubschrauber-bei-Personensuche-300x225.jpg 300w, https:\/\/speyer24news.com\/wp-content\/uploads\/2020\/07\/Hubschrauber-bei-Personensuche-768x576.jpg 768w, https:\/\/speyer24news.com\/wp-content\/uploads\/2020\/07\/Hubschrauber-bei-Personensuche-678x509.jpg 678w, https:\/\/speyer24news.com\/wp-content\/uploads\/2020\/07\/Hubschrauber-bei-Personensuche-326x245.jpg 326w, https:\/\/speyer24news.com\/wp-content\/uploads\/2020\/07\/Hubschrauber-bei-Personensuche-80x60.jpg 80w\" sizes=\"(max-width: 800px) 100vw, 800px\" \/><\/figure><\/div>\n\n\n<p>Aktuell (25.06.2022 \u2013 09:11) befindet sich ein Polizeihubschrauber zur Personensuche im Bereich Spechbach im Einsatz.<\/p>\n\n\n\n<h3 class=\"has-text-align-center wp-block-heading\">Zweij\u00e4hriges Kind in Gartenteich ertrunken &#8211; Pressemeldung Nr.2<\/h3>\n\n\n<div class=\"wp-block-image\">\n<figure class=\"aligncenter size-full\"><img decoding=\"async\" loading=\"lazy\" width=\"800\" height=\"533\" src=\"https:\/\/speyer24news.com\/wp-content\/uploads\/2021\/01\/Ruhe-in-Frieden.jpg\" alt=\"\" class=\"wp-image-32361\" srcset=\"https:\/\/speyer24news.com\/wp-content\/uploads\/2021\/01\/Ruhe-in-Frieden.jpg 800w, https:\/\/speyer24news.com\/wp-content\/uploads\/2021\/01\/Ruhe-in-Frieden-300x200.jpg 300w, https:\/\/speyer24news.com\/wp-content\/uploads\/2021\/01\/Ruhe-in-Frieden-768x512.jpg 768w\" sizes=\"(max-width: 800px) 100vw, 800px\" \/><\/figure><\/div>\n\n\n<p>Das 2-j\u00e4hrige Kind hatte im Laufe des fr\u00fchen Samstagmorgens das Haus unbemerkt verlassen. Als das Fehlen des Kindes bemerkt wurde, wurde zusammen mit der Familie, etlichen Bekannten und weiteren Rettungskr\u00e4ften eine Suche nach dem Kind in die Wege geleitet. Dieses konnte nur noch leblos in einem Gartenteich aufgefunden werden. Ein sofort hinzugeeilter Notarzt konnte lediglich den Tod des Kindes feststellen. Zu den genauen Hintergr\u00fcnden des Ungl\u00fccks hat der Kriminaldauerdienst des Polizeipr\u00e4sidiums Mannheim die Ermittlungen aufgenommen.<\/p>\n","protected":false},"excerpt":{"rendered":"<div class=\"mh-excerpt\"><p>Polizeimeldungen vom Samstag (25.06.2022) (Speyer) &#8211; Diebstahl aus PKW Eine 64-j\u00e4hrige Frau aus Dudenhofen parkte am sp\u00e4ten Freitagnachmittag ihren PKW auf einem Parkplatz in der Unteren Langgasse in Speyer. Sie bet\u00e4tigte die Zentralverriegelung mittels Fernbedienung <a class=\"mh-excerpt-more\" href=\"https:\/\/speyer24news.com\/?p=46830\" title=\"Polizei\">[&#8230;]<\/a><\/p>\n<\/div>","protected":false},"author":3,"featured_media":26162,"comment_status":"open","ping_status":"open","sticky":false,"template":"","format":"standard","meta":{"_monsterinsights_skip_tracking":false,"_monsterinsights_sitenote_active":false,"_monsterinsights_sitenote_note":"","_monsterinsights_sitenote_category":0,"footnotes":""},"categories":[12],"tags":[7243,7244,3614,702,61,2555,6955,6986,6263,63,105,11150,6987,53,4854,13534,4683,1548,4905,102,213,14325,14324,13553,13541,55,6368,5261,103,106,2803,2423,427,2625,380,62,104,979,1565],"aioseo_notices":[],"amp_enabled":true,"_links":{"self":[{"href":"https:\/\/speyer24news.com\/index.php?rest_route=\/wp\/v2\/posts\/46830"}],"collection":[{"href":"https:\/\/speyer24news.com\/index.php?rest_route=\/wp\/v2\/posts"}],"about":[{"href":"https:\/\/speyer24news.com\/index.php?rest_route=\/wp\/v2\/types\/post"}],"author":[{"embeddable":true,"href":"https:\/\/speyer24news.com\/index.php?rest_route=\/wp\/v2\/users\/3"}],"replies":[{"embeddable":true,"href":"https:\/\/speyer24news.com\/index.php?rest_route=%2Fwp%2Fv2%2Fcomments&post=46830"}],"version-history":[{"count":2,"href":"https:\/\/speyer24news.com\/index.php?rest_route=\/wp\/v2\/posts\/46830\/revisions"}],"predecessor-version":[{"id":46838,"href":"https:\/\/speyer24news.com\/index.php?rest_route=\/wp\/v2\/posts\/46830\/revisions\/46838"}],"wp:featuredmedia":[{"embeddable":true,"href":"https:\/\/speyer24news.com\/index.php?rest_route=\/wp\/v2\/media\/26162"}],"wp:attachment":[{"href":"https:\/\/speyer24news.com\/index.php?rest_route=%2Fwp%2Fv2%2Fmedia&parent=46830"}],"wp:term":[{"taxonomy":"category","embeddable":true,"href":"https:\/\/speyer24news.com\/index.php?rest_route=%2Fwp%2Fv2%2Fcategories&post=46830"},{"taxonomy":"post_tag","embeddable":true,"href":"https:\/\/speyer24news.com\/index.php?rest_route=%2Fwp%2Fv2%2Ftags&post=46830"}],"curies":[{"name":"wp","href":"https:\/\/api.w.org\/{rel}","templated":true}]}}